{"id":12917,"date":"2026-03-01T10:22:35","date_gmt":"2026-03-01T13:22:35","guid":{"rendered":"https:\/\/radioclanfm.com\/clanespectaculos\/?p=12917"},"modified":"2026-03-01T10:22:35","modified_gmt":"2026-03-01T13:22:35","slug":"claves-para-elegir-el-perfume-ideal-segun-una-especialista-en-fragancias","status":"publish","type":"post","link":"https:\/\/radioclanfm.com\/clanespectaculos\/claves-para-elegir-el-perfume-ideal-segun-una-especialista-en-fragancias\/","title":{"rendered":"Claves para elegir el perfume ideal seg\u00fan una especialista en fragancias"},"content":{"rendered":"<div class=\"col-content\"><main class=\"col-content\"><\/p>\n<div class=\"default-article-color article__body article__article\">\n<p class=\"paragraph font__body-regular\">Elegir un\u00a0<b>perfume<\/b>\u00a0\u2014ya sea para uno mismo o para regalar\u2014 es mucho m\u00e1s que encontrar un aroma agradable. Una fragancia expresa\u00a0<b>personalidad, estilo de vida y hasta la forma en que nos vinculamos con los dem\u00e1s<\/b>. El perfume correcto no solo acompa\u00f1a:\u00a0<b>comunica qui\u00e9nes somos.<\/b><\/p>\n<div class=\"AV6543bedcd858799fe90b5c47\">\n<div id=\"aniBox\">\n<div id=\"aniplayer_AV6543bedcd858799fe90b5c47-1772371327404\">\n<div id=\"aniplayer_AV6543bedcd858799fe90b5c47-1772371327404gui\">\n<div id=\"av-caption\">\n<div id=\"av-close-btn-overlay\" class=\"av-pos-top-left\"><\/div>\n<\/div>\n<\/div>\n<div id=\"anibid\"><\/div>\n<\/div>\n<\/div>\n<\/div>\n<p class=\"paragraph font__body-regular\">Por eso, antes de elegir al azar, existen algunas claves que ayudan a encontrar un aroma que genere conexi\u00f3n, identidad y memoria.<\/p>\n<h2 class=\"font--primary font__display\">1. Pensar en la persona, no solo en el aroma<\/h2>\n<p class=\"paragraph font__body-regular\">El primer paso es<b>\u00a0mirar m\u00e1s all\u00e1 del frasco<\/b>. \u00bfLa persona es activa o tranquila? \u00bfPrefiere lo cl\u00e1sico o lo moderno? \u00bfBusca pasar desapercibida o dejar huella?<\/p>\n<p class=\"paragraph font__body-regular\">Un perfume bien elegido no se impone: se integra naturalmente a la identidad de quien lo usa.<\/p>\n<h2 class=\"font--primary font__display\">2. Entender las familias olfativas y lo que transmiten<\/h2>\n<p class=\"paragraph font__body-regular\">Las familias olfativas funcionan como un\u00a0<b>mapa emocional\u00a0<\/b>que orienta la elecci\u00f3n:<\/p>\n<p class=\"paragraph font__body-regular\">\u2022\u00a0<b>Florales<\/b>: delicadeza, romanticismo, sensibilidad.<\/p>\n<p class=\"paragraph font__body-regular\">\u2022\u00a0<b>Amaderados<\/b>: elegancia, seguridad, sofisticaci\u00f3n.<\/p>\n<p class=\"paragraph font__body-regular\">\u2022\u00a0<b>Orientales o ambarados:<\/b>\u00a0intensidad, sensualidad, profundidad.<\/p>\n<p class=\"paragraph font__body-regular\">\u2022\u00a0<b>C\u00edtricos:<\/b>\u00a0frescura, energ\u00eda, naturalidad.<\/p>\n<p class=\"paragraph font__body-regular\">\u2022\u00a0<b>Gourmand<\/b>: calidez, cercan\u00eda, notas dulces y reconfortantes.<\/p>\n<p class=\"paragraph font__body-regular\">Conocer estas familias permite elegir con intenci\u00f3n y coherencia.<\/p>\n<figure class=\"\" data-testid=\"figure-testid\">\n<div class=\"aspect_ratio__container\"><picture class=\"responsive-image\"><source srcset=\"https:\/\/tn.com.ar\/resizer\/v2\/conocer-las-familias-olfativas-para-poder-elegir-foto-ninalamaison-MS7EFUTYBFGPRKKSMOBHRY6HCM.jpeg?auth=f05e0adb49195c8ebc639bfedfe6a1d0dbcf6cc53d1d706256eb403c50fa75d2&amp;width=767\" type=\"image\/jpg\" media=\"(max-width: 728px)\" \/><source srcset=\"https:\/\/tn.com.ar\/resizer\/v2\/conocer-las-familias-olfativas-para-poder-elegir-foto-ninalamaison-MS7EFUTYBFGPRKKSMOBHRY6HCM.jpeg?auth=f05e0adb49195c8ebc639bfedfe6a1d0dbcf6cc53d1d706256eb403c50fa75d2&amp;width=1023\" type=\"image\/jpg\" media=\"(max-width: 1023px)\" \/><source srcset=\"https:\/\/tn.com.ar\/resizer\/v2\/conocer-las-familias-olfativas-para-poder-elegir-foto-ninalamaison-MS7EFUTYBFGPRKKSMOBHRY6HCM.jpeg?auth=f05e0adb49195c8ebc639bfedfe6a1d0dbcf6cc53d1d706256eb403c50fa75d2&amp;width=1440\" type=\"image\/jpg\" \/><img loading=\"lazy\" decoding=\"async\" class=\"image content-image image_placeholder\" src=\"https:\/\/tn.com.ar\/resizer\/v2\/conocer-las-familias-olfativas-para-poder-elegir-foto-ninalamaison-MS7EFUTYBFGPRKKSMOBHRY6HCM.jpeg?auth=f05e0adb49195c8ebc639bfedfe6a1d0dbcf6cc53d1d706256eb403c50fa75d2&amp;width=767\" alt=\"Conocer las familias olfativas para poder elegir (Foto: @nina.lamaison)\" width=\"767\" height=\"961\" data-testid=\"loading-testid\" \/><\/picture><\/div><figcaption class=\"caption_image\" data-testid=\"figcaption-testid\">\n<div class=\"image_caption \">Conocer las familias olfativas para poder elegir (Foto: @nina.lamaison)<\/div>\n<\/figcaption><\/figure>\n<h2 class=\"font--primary font__display\">3. Considerar el estilo de vida<\/h2>\n<p class=\"paragraph font__body-regular\">El perfume ideal tambi\u00e9n\u00a0<b>dialoga con la rutina<\/b>. Quienes tienen jornadas largas o entornos laborales formales suelen preferir fragancias equilibradas y vers\u00e1tiles. En cambio, estilos de vida m\u00e1s creativos o sociales permiten aromas m\u00e1s expresivos y con car\u00e1cter.<\/p>\n<h2 class=\"font--primary font__display\">4. Elegir seg\u00fan el momento y el contexto<\/h2>\n<p class=\"paragraph font__body-regular\">No todos los perfumes funcionan igual en todas las situaciones.<\/p>\n<p class=\"paragraph font__body-regular\">Fragancias frescas y luminosas acompa\u00f1an bien el d\u00eda y los climas c\u00e1lidos, mientras que los aromas m\u00e1s envolventes y profundos suelen destacar en la noche o en estaciones fr\u00edas.\u00a0<b>Pensar en el contexto<\/b>\u00a0ayuda a que el perfume potencie la experiencia.<\/p>\n<h2 class=\"font--primary font__display\">5. Buscar una fragancia que construya memoria<\/h2>\n<p class=\"paragraph font__body-regular\">El perfume tiene\u00a0<b>un poder \u00fanico: fijar recuerdos<\/b>. Un aroma puede transportar a un momento, una persona o una etapa de la vida. Por eso, cuando una fragancia est\u00e1 bien elegida, deja de ser un objeto y se transforma en una huella emocional.<\/p>\n<p class=\"paragraph font__body-regular\">Elegir un perfume es, en definitiva,\u00a0<b>elegir una forma de presencia<\/b>. Es una decisi\u00f3n sensorial, pero tambi\u00e9n emocional: una manera invisible \u2014y profundamente humana\u2014 de decir qui\u00e9nes somos.<\/p>\n<p class=\"paragraph font__body-regular\"><i><b>(*) Nina Lamaison es especialista en fragancias.<\/b><\/i><\/p>\n<\/div>\n<p><\/main><\/div>\n<aside class=\"col-right-rail right-rail\">\n<div id=\"parent-ad-slot-caja\" class=\"ad-container caja_ad \">\n<div class=\"ad-content\"><\/div>\n<\/div>\n<\/aside>\n","protected":false},"excerpt":{"rendered":"<p>Elegir un\u00a0perfume\u00a0\u2014ya sea para uno mismo o para regalar\u2014 es mucho m\u00e1s que encontrar un aroma agradable. Una fragancia expresa\u00a0personalidad, estilo de vida y hasta la forma en que nos vinculamos con los dem\u00e1s. El perfume correcto no solo acompa\u00f1a:\u00a0comunica qui\u00e9nes somos. Por eso, antes de elegir al azar, existen algunas claves que ayudan a [&hellip;]<\/p>\n","protected":false},"author":1,"featured_media":12920,"comment_status":"open","ping_status":"open","sticky":false,"template":"","format":"standard","meta":{"rop_custom_images_group":[],"rop_custom_messages_group":[],"rop_publish_now":"initial","rop_publish_now_accounts":[],"rop_publish_now_history":[],"rop_publish_now_status":"pending","footnotes":"","jetpack_publicize_message":"","jetpack_publicize_feature_enabled":true,"jetpack_social_post_already_shared":true,"jetpack_social_options":{"image_generator_settings":{"template":"highway","enabled":false},"version":2}},"categories":[16],"tags":[],"class_list":{"0":"post-12917","1":"post","2":"type-post","3":"status-publish","4":"format-standard","5":"has-post-thumbnail","7":"category-tendencias"},"jetpack_publicize_connections":[],"yoast_head":"<!-- This site is optimized with the Yoast SEO plugin v27.3 - https:\/\/yoast.com\/product\/yoast-seo-wordpress\/ -->\n<title>Claves para elegir el perfume ideal seg\u00fan una especialista en fragancias - CLAN ESPECTACULOS<\/title>\n<meta name=\"robots\" content=\"index, follow, max-snippet:-1, max-image-preview:large, max-video-preview:-1\" \/>\n<link rel=\"canonical\" href=\"https:\/\/radioclanfm.com\/clanespectaculos\/claves-para-elegir-el-perfume-ideal-segun-una-especialista-en-fragancias\/\" \/>\n<meta property=\"og:locale\" content=\"es_ES\" \/>\n<meta property=\"og:type\" content=\"article\" \/>\n<meta property=\"og:title\" content=\"Claves para elegir el perfume ideal seg\u00fan una especialista en fragancias - CLAN ESPECTACULOS\" \/>\n<meta property=\"og:description\" content=\"Elegir un\u00a0perfume\u00a0\u2014ya sea para uno mismo o para regalar\u2014 es mucho m\u00e1s que encontrar un aroma agradable. Una fragancia expresa\u00a0personalidad, estilo de vida y hasta la forma en que nos vinculamos con los dem\u00e1s. El perfume correcto no solo acompa\u00f1a:\u00a0comunica qui\u00e9nes somos. Por eso, antes de elegir al azar, existen algunas claves que ayudan a [&hellip;]\" \/>\n<meta property=\"og:url\" content=\"https:\/\/radioclanfm.com\/clanespectaculos\/claves-para-elegir-el-perfume-ideal-segun-una-especialista-en-fragancias\/\" \/>\n<meta property=\"og:site_name\" content=\"CLAN ESPECTACULOS\" \/>\n<meta property=\"article:publisher\" content=\"https:\/\/www.facebook.com\/clanespectaculos\/\" \/>\n<meta property=\"article:published_time\" content=\"2026-03-01T13:22:35+00:00\" \/>\n<meta property=\"og:image\" content=\"https:\/\/radioclanfm.com\/clanespectaculos\/wp-content\/uploads\/sites\/2\/2026\/03\/5PDPjQm_.jpg\" \/>\n\t<meta property=\"og:image:width\" content=\"900\" \/>\n\t<meta property=\"og:image:height\" content=\"675\" \/>\n\t<meta property=\"og:image:type\" content=\"image\/jpeg\" \/>\n<meta name=\"author\" content=\"E-GRUPOCLAN\" \/>\n<meta name=\"twitter:card\" content=\"summary_large_image\" \/>\n<meta name=\"twitter:creator\" content=\"@clanespectok\" \/>\n<meta name=\"twitter:site\" content=\"@clanespectok\" \/>\n<meta name=\"twitter:label1\" content=\"Escrito por\" \/>\n\t<meta name=\"twitter:data1\" content=\"E-GRUPOCLAN\" \/>\n\t<meta name=\"twitter:label2\" content=\"Tiempo de lectura\" \/>\n\t<meta name=\"twitter:data2\" content=\"2 minutos\" \/>\n<script type=\"application\/ld+json\" class=\"yoast-schema-graph\">{\"@context\":\"https:\\\/\\\/schema.org\",\"@graph\":[{\"@type\":\"Article\",\"@id\":\"https:\\\/\\\/radioclanfm.com\\\/clanespectaculos\\\/claves-para-elegir-el-perfume-ideal-segun-una-especialista-en-fragancias\\\/#article\",\"isPartOf\":{\"@id\":\"https:\\\/\\\/radioclanfm.com\\\/clanespectaculos\\\/claves-para-elegir-el-perfume-ideal-segun-una-especialista-en-fragancias\\\/\"},\"author\":{\"name\":\"E-GRUPOCLAN\",\"@id\":\"https:\\\/\\\/radioclanfm.com\\\/clanespectaculos\\\/#\\\/schema\\\/person\\\/9734813083303230f3ad84d99171b20c\"},\"headline\":\"Claves para elegir el perfume ideal seg\u00fan una especialista en fragancias\",\"datePublished\":\"2026-03-01T13:22:35+00:00\",\"mainEntityOfPage\":{\"@id\":\"https:\\\/\\\/radioclanfm.com\\\/clanespectaculos\\\/claves-para-elegir-el-perfume-ideal-segun-una-especialista-en-fragancias\\\/\"},\"wordCount\":408,\"commentCount\":0,\"publisher\":{\"@id\":\"https:\\\/\\\/radioclanfm.com\\\/clanespectaculos\\\/#organization\"},\"image\":{\"@id\":\"https:\\\/\\\/radioclanfm.com\\\/clanespectaculos\\\/claves-para-elegir-el-perfume-ideal-segun-una-especialista-en-fragancias\\\/#primaryimage\"},\"thumbnailUrl\":\"https:\\\/\\\/radioclanfm.com\\\/clanespectaculos\\\/wp-content\\\/uploads\\\/sites\\\/2\\\/2026\\\/03\\\/5PDPjQm_.jpg\",\"articleSection\":[\"TENDENCIAS\"],\"inLanguage\":\"es-AR\",\"potentialAction\":[{\"@type\":\"CommentAction\",\"name\":\"Comment\",\"target\":[\"https:\\\/\\\/radioclanfm.com\\\/clanespectaculos\\\/claves-para-elegir-el-perfume-ideal-segun-una-especialista-en-fragancias\\\/#respond\"]}]},{\"@type\":\"WebPage\",\"@id\":\"https:\\\/\\\/radioclanfm.com\\\/clanespectaculos\\\/claves-para-elegir-el-perfume-ideal-segun-una-especialista-en-fragancias\\\/\",\"url\":\"https:\\\/\\\/radioclanfm.com\\\/clanespectaculos\\\/claves-para-elegir-el-perfume-ideal-segun-una-especialista-en-fragancias\\\/\",\"name\":\"Claves para elegir el perfume ideal seg\u00fan una especialista en fragancias - CLAN ESPECTACULOS\",\"isPartOf\":{\"@id\":\"https:\\\/\\\/radioclanfm.com\\\/clanespectaculos\\\/#website\"},\"primaryImageOfPage\":{\"@id\":\"https:\\\/\\\/radioclanfm.com\\\/clanespectaculos\\\/claves-para-elegir-el-perfume-ideal-segun-una-especialista-en-fragancias\\\/#primaryimage\"},\"image\":{\"@id\":\"https:\\\/\\\/radioclanfm.com\\\/clanespectaculos\\\/claves-para-elegir-el-perfume-ideal-segun-una-especialista-en-fragancias\\\/#primaryimage\"},\"thumbnailUrl\":\"https:\\\/\\\/radioclanfm.com\\\/clanespectaculos\\\/wp-content\\\/uploads\\\/sites\\\/2\\\/2026\\\/03\\\/5PDPjQm_.jpg\",\"datePublished\":\"2026-03-01T13:22:35+00:00\",\"breadcrumb\":{\"@id\":\"https:\\\/\\\/radioclanfm.com\\\/clanespectaculos\\\/claves-para-elegir-el-perfume-ideal-segun-una-especialista-en-fragancias\\\/#breadcrumb\"},\"inLanguage\":\"es-AR\",\"potentialAction\":[{\"@type\":\"ReadAction\",\"target\":[\"https:\\\/\\\/radioclanfm.com\\\/clanespectaculos\\\/claves-para-elegir-el-perfume-ideal-segun-una-especialista-en-fragancias\\\/\"]}]},{\"@type\":\"ImageObject\",\"inLanguage\":\"es-AR\",\"@id\":\"https:\\\/\\\/radioclanfm.com\\\/clanespectaculos\\\/claves-para-elegir-el-perfume-ideal-segun-una-especialista-en-fragancias\\\/#primaryimage\",\"url\":\"https:\\\/\\\/radioclanfm.com\\\/clanespectaculos\\\/wp-content\\\/uploads\\\/sites\\\/2\\\/2026\\\/03\\\/5PDPjQm_.jpg\",\"contentUrl\":\"https:\\\/\\\/radioclanfm.com\\\/clanespectaculos\\\/wp-content\\\/uploads\\\/sites\\\/2\\\/2026\\\/03\\\/5PDPjQm_.jpg\",\"width\":900,\"height\":675},{\"@type\":\"BreadcrumbList\",\"@id\":\"https:\\\/\\\/radioclanfm.com\\\/clanespectaculos\\\/claves-para-elegir-el-perfume-ideal-segun-una-especialista-en-fragancias\\\/#breadcrumb\",\"itemListElement\":[{\"@type\":\"ListItem\",\"position\":1,\"name\":\"Inicio\",\"item\":\"https:\\\/\\\/radioclanfm.com\\\/clanespectaculos\\\/\"},{\"@type\":\"ListItem\",\"position\":2,\"name\":\"Claves para elegir el perfume ideal seg\u00fan una especialista en fragancias\"}]},{\"@type\":\"WebSite\",\"@id\":\"https:\\\/\\\/radioclanfm.com\\\/clanespectaculos\\\/#website\",\"url\":\"https:\\\/\\\/radioclanfm.com\\\/clanespectaculos\\\/\",\"name\":\"CLAN ESPECTACULOS\",\"description\":\"\",\"publisher\":{\"@id\":\"https:\\\/\\\/radioclanfm.com\\\/clanespectaculos\\\/#organization\"},\"potentialAction\":[{\"@type\":\"SearchAction\",\"target\":{\"@type\":\"EntryPoint\",\"urlTemplate\":\"https:\\\/\\\/radioclanfm.com\\\/clanespectaculos\\\/?s={search_term_string}\"},\"query-input\":{\"@type\":\"PropertyValueSpecification\",\"valueRequired\":true,\"valueName\":\"search_term_string\"}}],\"inLanguage\":\"es-AR\"},{\"@type\":\"Organization\",\"@id\":\"https:\\\/\\\/radioclanfm.com\\\/clanespectaculos\\\/#organization\",\"name\":\"CLAN ESPECTACULOS\",\"url\":\"https:\\\/\\\/radioclanfm.com\\\/clanespectaculos\\\/\",\"logo\":{\"@type\":\"ImageObject\",\"inLanguage\":\"es-AR\",\"@id\":\"https:\\\/\\\/radioclanfm.com\\\/clanespectaculos\\\/#\\\/schema\\\/logo\\\/image\\\/\",\"url\":\"https:\\\/\\\/radioclanfm.com\\\/clanespectaculos\\\/wp-content\\\/uploads\\\/sites\\\/2\\\/2026\\\/04\\\/ChatGPT-Image-23-mar-2026-10_09_00.png\",\"contentUrl\":\"https:\\\/\\\/radioclanfm.com\\\/clanespectaculos\\\/wp-content\\\/uploads\\\/sites\\\/2\\\/2026\\\/04\\\/ChatGPT-Image-23-mar-2026-10_09_00.png\",\"width\":1024,\"height\":1024,\"caption\":\"CLAN ESPECTACULOS\"},\"image\":{\"@id\":\"https:\\\/\\\/radioclanfm.com\\\/clanespectaculos\\\/#\\\/schema\\\/logo\\\/image\\\/\"},\"sameAs\":[\"https:\\\/\\\/www.facebook.com\\\/clanespectaculos\\\/\",\"https:\\\/\\\/x.com\\\/clanespectok\"]},{\"@type\":\"Person\",\"@id\":\"https:\\\/\\\/radioclanfm.com\\\/clanespectaculos\\\/#\\\/schema\\\/person\\\/9734813083303230f3ad84d99171b20c\",\"name\":\"E-GRUPOCLAN\",\"image\":{\"@type\":\"ImageObject\",\"inLanguage\":\"es-AR\",\"@id\":\"https:\\\/\\\/secure.gravatar.com\\\/avatar\\\/af6e19837c3d6a212034a48c7b3818d2ac1826f6025df0155da5a186ad321d79?s=96&d=mm&r=g\",\"url\":\"https:\\\/\\\/secure.gravatar.com\\\/avatar\\\/af6e19837c3d6a212034a48c7b3818d2ac1826f6025df0155da5a186ad321d79?s=96&d=mm&r=g\",\"contentUrl\":\"https:\\\/\\\/secure.gravatar.com\\\/avatar\\\/af6e19837c3d6a212034a48c7b3818d2ac1826f6025df0155da5a186ad321d79?s=96&d=mm&r=g\",\"caption\":\"E-GRUPOCLAN\"},\"sameAs\":[\"https:\\\/\\\/radioclanfm.com\"],\"url\":\"https:\\\/\\\/radioclanfm.com\\\/clanespectaculos\\\/author\\\/admin\\\/\"}]}<\/script>\n<!-- \/ Yoast SEO plugin. -->","yoast_head_json":{"title":"Claves para elegir el perfume ideal seg\u00fan una especialista en fragancias - CLAN ESPECTACULOS","robots":{"index":"index","follow":"follow","max-snippet":"max-snippet:-1","max-image-preview":"max-image-preview:large","max-video-preview":"max-video-preview:-1"},"canonical":"https:\/\/radioclanfm.com\/clanespectaculos\/claves-para-elegir-el-perfume-ideal-segun-una-especialista-en-fragancias\/","og_locale":"es_ES","og_type":"article","og_title":"Claves para elegir el perfume ideal seg\u00fan una especialista en fragancias - CLAN ESPECTACULOS","og_description":"Elegir un\u00a0perfume\u00a0\u2014ya sea para uno mismo o para regalar\u2014 es mucho m\u00e1s que encontrar un aroma agradable. Una fragancia expresa\u00a0personalidad, estilo de vida y hasta la forma en que nos vinculamos con los dem\u00e1s. El perfume correcto no solo acompa\u00f1a:\u00a0comunica qui\u00e9nes somos. Por eso, antes de elegir al azar, existen algunas claves que ayudan a [&hellip;]","og_url":"https:\/\/radioclanfm.com\/clanespectaculos\/claves-para-elegir-el-perfume-ideal-segun-una-especialista-en-fragancias\/","og_site_name":"CLAN ESPECTACULOS","article_publisher":"https:\/\/www.facebook.com\/clanespectaculos\/","article_published_time":"2026-03-01T13:22:35+00:00","og_image":[{"width":900,"height":675,"url":"https:\/\/radioclanfm.com\/clanespectaculos\/wp-content\/uploads\/sites\/2\/2026\/03\/5PDPjQm_.jpg","type":"image\/jpeg"}],"author":"E-GRUPOCLAN","twitter_card":"summary_large_image","twitter_creator":"@clanespectok","twitter_site":"@clanespectok","twitter_misc":{"Escrito por":"E-GRUPOCLAN","Tiempo de lectura":"2 minutos"},"schema":{"@context":"https:\/\/schema.org","@graph":[{"@type":"Article","@id":"https:\/\/radioclanfm.com\/clanespectaculos\/claves-para-elegir-el-perfume-ideal-segun-una-especialista-en-fragancias\/#article","isPartOf":{"@id":"https:\/\/radioclanfm.com\/clanespectaculos\/claves-para-elegir-el-perfume-ideal-segun-una-especialista-en-fragancias\/"},"author":{"name":"E-GRUPOCLAN","@id":"https:\/\/radioclanfm.com\/clanespectaculos\/#\/schema\/person\/9734813083303230f3ad84d99171b20c"},"headline":"Claves para elegir el perfume ideal seg\u00fan una especialista en fragancias","datePublished":"2026-03-01T13:22:35+00:00","mainEntityOfPage":{"@id":"https:\/\/radioclanfm.com\/clanespectaculos\/claves-para-elegir-el-perfume-ideal-segun-una-especialista-en-fragancias\/"},"wordCount":408,"commentCount":0,"publisher":{"@id":"https:\/\/radioclanfm.com\/clanespectaculos\/#organization"},"image":{"@id":"https:\/\/radioclanfm.com\/clanespectaculos\/claves-para-elegir-el-perfume-ideal-segun-una-especialista-en-fragancias\/#primaryimage"},"thumbnailUrl":"https:\/\/radioclanfm.com\/clanespectaculos\/wp-content\/uploads\/sites\/2\/2026\/03\/5PDPjQm_.jpg","articleSection":["TENDENCIAS"],"inLanguage":"es-AR","potentialAction":[{"@type":"CommentAction","name":"Comment","target":["https:\/\/radioclanfm.com\/clanespectaculos\/claves-para-elegir-el-perfume-ideal-segun-una-especialista-en-fragancias\/#respond"]}]},{"@type":"WebPage","@id":"https:\/\/radioclanfm.com\/clanespectaculos\/claves-para-elegir-el-perfume-ideal-segun-una-especialista-en-fragancias\/","url":"https:\/\/radioclanfm.com\/clanespectaculos\/claves-para-elegir-el-perfume-ideal-segun-una-especialista-en-fragancias\/","name":"Claves para elegir el perfume ideal seg\u00fan una especialista en fragancias - CLAN ESPECTACULOS","isPartOf":{"@id":"https:\/\/radioclanfm.com\/clanespectaculos\/#website"},"primaryImageOfPage":{"@id":"https:\/\/radioclanfm.com\/clanespectaculos\/claves-para-elegir-el-perfume-ideal-segun-una-especialista-en-fragancias\/#primaryimage"},"image":{"@id":"https:\/\/radioclanfm.com\/clanespectaculos\/claves-para-elegir-el-perfume-ideal-segun-una-especialista-en-fragancias\/#primaryimage"},"thumbnailUrl":"https:\/\/radioclanfm.com\/clanespectaculos\/wp-content\/uploads\/sites\/2\/2026\/03\/5PDPjQm_.jpg","datePublished":"2026-03-01T13:22:35+00:00","breadcrumb":{"@id":"https:\/\/radioclanfm.com\/clanespectaculos\/claves-para-elegir-el-perfume-ideal-segun-una-especialista-en-fragancias\/#breadcrumb"},"inLanguage":"es-AR","potentialAction":[{"@type":"ReadAction","target":["https:\/\/radioclanfm.com\/clanespectaculos\/claves-para-elegir-el-perfume-ideal-segun-una-especialista-en-fragancias\/"]}]},{"@type":"ImageObject","inLanguage":"es-AR","@id":"https:\/\/radioclanfm.com\/clanespectaculos\/claves-para-elegir-el-perfume-ideal-segun-una-especialista-en-fragancias\/#primaryimage","url":"https:\/\/radioclanfm.com\/clanespectaculos\/wp-content\/uploads\/sites\/2\/2026\/03\/5PDPjQm_.jpg","contentUrl":"https:\/\/radioclanfm.com\/clanespectaculos\/wp-content\/uploads\/sites\/2\/2026\/03\/5PDPjQm_.jpg","width":900,"height":675},{"@type":"BreadcrumbList","@id":"https:\/\/radioclanfm.com\/clanespectaculos\/claves-para-elegir-el-perfume-ideal-segun-una-especialista-en-fragancias\/#breadcrumb","itemListElement":[{"@type":"ListItem","position":1,"name":"Inicio","item":"https:\/\/radioclanfm.com\/clanespectaculos\/"},{"@type":"ListItem","position":2,"name":"Claves para elegir el perfume ideal seg\u00fan una especialista en fragancias"}]},{"@type":"WebSite","@id":"https:\/\/radioclanfm.com\/clanespectaculos\/#website","url":"https:\/\/radioclanfm.com\/clanespectaculos\/","name":"CLAN ESPECTACULOS","description":"","publisher":{"@id":"https:\/\/radioclanfm.com\/clanespectaculos\/#organization"},"potentialAction":[{"@type":"SearchAction","target":{"@type":"EntryPoint","urlTemplate":"https:\/\/radioclanfm.com\/clanespectaculos\/?s={search_term_string}"},"query-input":{"@type":"PropertyValueSpecification","valueRequired":true,"valueName":"search_term_string"}}],"inLanguage":"es-AR"},{"@type":"Organization","@id":"https:\/\/radioclanfm.com\/clanespectaculos\/#organization","name":"CLAN ESPECTACULOS","url":"https:\/\/radioclanfm.com\/clanespectaculos\/","logo":{"@type":"ImageObject","inLanguage":"es-AR","@id":"https:\/\/radioclanfm.com\/clanespectaculos\/#\/schema\/logo\/image\/","url":"https:\/\/radioclanfm.com\/clanespectaculos\/wp-content\/uploads\/sites\/2\/2026\/04\/ChatGPT-Image-23-mar-2026-10_09_00.png","contentUrl":"https:\/\/radioclanfm.com\/clanespectaculos\/wp-content\/uploads\/sites\/2\/2026\/04\/ChatGPT-Image-23-mar-2026-10_09_00.png","width":1024,"height":1024,"caption":"CLAN ESPECTACULOS"},"image":{"@id":"https:\/\/radioclanfm.com\/clanespectaculos\/#\/schema\/logo\/image\/"},"sameAs":["https:\/\/www.facebook.com\/clanespectaculos\/","https:\/\/x.com\/clanespectok"]},{"@type":"Person","@id":"https:\/\/radioclanfm.com\/clanespectaculos\/#\/schema\/person\/9734813083303230f3ad84d99171b20c","name":"E-GRUPOCLAN","image":{"@type":"ImageObject","inLanguage":"es-AR","@id":"https:\/\/secure.gravatar.com\/avatar\/af6e19837c3d6a212034a48c7b3818d2ac1826f6025df0155da5a186ad321d79?s=96&d=mm&r=g","url":"https:\/\/secure.gravatar.com\/avatar\/af6e19837c3d6a212034a48c7b3818d2ac1826f6025df0155da5a186ad321d79?s=96&d=mm&r=g","contentUrl":"https:\/\/secure.gravatar.com\/avatar\/af6e19837c3d6a212034a48c7b3818d2ac1826f6025df0155da5a186ad321d79?s=96&d=mm&r=g","caption":"E-GRUPOCLAN"},"sameAs":["https:\/\/radioclanfm.com"],"url":"https:\/\/radioclanfm.com\/clanespectaculos\/author\/admin\/"}]}},"_links":{"self":[{"href":"https:\/\/radioclanfm.com\/clanespectaculos\/wp-json\/wp\/v2\/posts\/12917","targetHints":{"allow":["GET"]}}],"collection":[{"href":"https:\/\/radioclanfm.com\/clanespectaculos\/wp-json\/wp\/v2\/posts"}],"about":[{"href":"https:\/\/radioclanfm.com\/clanespectaculos\/wp-json\/wp\/v2\/types\/post"}],"author":[{"embeddable":true,"href":"https:\/\/radioclanfm.com\/clanespectaculos\/wp-json\/wp\/v2\/users\/1"}],"replies":[{"embeddable":true,"href":"https:\/\/radioclanfm.com\/clanespectaculos\/wp-json\/wp\/v2\/comments?post=12917"}],"version-history":[{"count":1,"href":"https:\/\/radioclanfm.com\/clanespectaculos\/wp-json\/wp\/v2\/posts\/12917\/revisions"}],"predecessor-version":[{"id":12921,"href":"https:\/\/radioclanfm.com\/clanespectaculos\/wp-json\/wp\/v2\/posts\/12917\/revisions\/12921"}],"wp:featuredmedia":[{"embeddable":true,"href":"https:\/\/radioclanfm.com\/clanespectaculos\/wp-json\/wp\/v2\/media\/12920"}],"wp:attachment":[{"href":"https:\/\/radioclanfm.com\/clanespectaculos\/wp-json\/wp\/v2\/media?parent=12917"}],"wp:term":[{"taxonomy":"category","embeddable":true,"href":"https:\/\/radioclanfm.com\/clanespectaculos\/wp-json\/wp\/v2\/categories?post=12917"},{"taxonomy":"post_tag","embeddable":true,"href":"https:\/\/radioclanfm.com\/clanespectaculos\/wp-json\/wp\/v2\/tags?post=12917"}],"curies":[{"name":"wp","href":"https:\/\/api.w.org\/{rel}","templated":true}]}}