{"id":12896,"date":"2026-03-01T10:14:26","date_gmt":"2026-03-01T13:14:26","guid":{"rendered":"https:\/\/radioclanfm.com\/clanespectaculos\/?p=12896"},"modified":"2026-03-01T10:14:26","modified_gmt":"2026-03-01T13:14:26","slug":"anibal-pachano-cruzo-a-nancy-pazos-en-la-mesa-de-mirtha-legrand-y-discutieron-por-politica","status":"publish","type":"post","link":"https:\/\/radioclanfm.com\/clanespectaculos\/anibal-pachano-cruzo-a-nancy-pazos-en-la-mesa-de-mirtha-legrand-y-discutieron-por-politica\/","title":{"rendered":"An\u00edbal Pachano cruz\u00f3 a Nancy Pazos en la mesa de Mirtha Legrand y discutieron por pol\u00edtica"},"content":{"rendered":"<div class=\"col-content\"><main class=\"col-content\"><\/p>\n<div class=\"default-article-color article__body article__article\">\n<p class=\"paragraph font__body-regular\"><b>An\u00edbal Pachano<\/b><b>\u00a0<\/b>y\u00a0<b>Nancy Pazos<\/b>\u00a0protagonizaron un fuerte cruce este s\u00e1bado mientras debat\u00edan\u00a0<b>sobre pol\u00edtica<\/b>\u00a0al aire de\u00a0<i>La noche de Mirtha (eltrece)<\/i>.<\/p>\n<div class=\"AV6543bedcd858799fe90b5c47\">\n<div id=\"aniBox\">\n<div id=\"aniplayer_AV6543bedcd858799fe90b5c47-1772370826371\">\n<div id=\"aniplayer_AV6543bedcd858799fe90b5c47-1772370826371gui\">\n<div id=\"av-caption\">\n<div id=\"av-close-btn-overlay\" class=\"av-pos-top-left\"><\/div>\n<\/div>\n<\/div>\n<\/div>\n<\/div>\n<\/div>\n<div id=\"ad-slot-infeed\" class=\"infeed-container ad-slot-infeed ad-slot\" data-adtype=\"infeed\" data-lazyload=\"1\" data-google-query-id=\"COyMhuvj_pIDFRFouAQdDpMx7Q\">\n<div id=\"google_ads_iframe_\/113951150\/tn-arc\/nota\/infeed_0__container__\"><\/div>\n<\/div>\n<p class=\"paragraph font__body-regular\">Todo comenz\u00f3 cuando la periodista cuestion\u00f3 la gesti\u00f3n de Javier Milei: \u201cEl gobierno actual es un gobierno que se llena la boca hablando de la libertad, pero\u00a0<b>la libertad de expresi\u00f3n<\/b>\u00a0est\u00e1 muy cuestionada\u201d.<\/p>\n<p class=\"paragraph font__body-regular\">En ese momento, Pachano intervino para aportar su mirada con una situaci\u00f3n personal que vivi\u00f3. \u201cEn los gobiernos anteriores\u00a0<b>tambi\u00e9n ha habido censura<\/b>. Siempre se meten con los artistas, a m\u00ed me mandaron la AFIP\u201d, cont\u00f3.<\/p>\n<figure class=\"\" data-testid=\"figure-testid\">\n<div class=\"aspect_ratio__container\"><picture class=\"responsive-image\"><source srcset=\"https:\/\/tn.com.ar\/resizer\/v2\/anibal-pachano-se-indigno-con-nancy-pazos-foto-captura-eltrece-DBUUQTM3WJHKFL7DXFTI63KFAE.jpg?auth=c8e88ed8bdd33ccd690d07f9585e6ff5ba5ceb2060a470917d722721bfd6fa0f&amp;width=767\" type=\"image\/jpg\" media=\"(max-width: 728px)\" \/><source srcset=\"https:\/\/tn.com.ar\/resizer\/v2\/anibal-pachano-se-indigno-con-nancy-pazos-foto-captura-eltrece-DBUUQTM3WJHKFL7DXFTI63KFAE.jpg?auth=c8e88ed8bdd33ccd690d07f9585e6ff5ba5ceb2060a470917d722721bfd6fa0f&amp;width=1023\" type=\"image\/jpg\" media=\"(max-width: 1023px)\" \/><source srcset=\"https:\/\/tn.com.ar\/resizer\/v2\/anibal-pachano-se-indigno-con-nancy-pazos-foto-captura-eltrece-DBUUQTM3WJHKFL7DXFTI63KFAE.jpg?auth=c8e88ed8bdd33ccd690d07f9585e6ff5ba5ceb2060a470917d722721bfd6fa0f&amp;width=1440\" type=\"image\/jpg\" \/><img loading=\"lazy\" decoding=\"async\" class=\"image content-image image_placeholder\" src=\"https:\/\/tn.com.ar\/resizer\/v2\/anibal-pachano-se-indigno-con-nancy-pazos-foto-captura-eltrece-DBUUQTM3WJHKFL7DXFTI63KFAE.jpg?auth=c8e88ed8bdd33ccd690d07f9585e6ff5ba5ceb2060a470917d722721bfd6fa0f&amp;width=767\" alt=\"An\u00edbal Pachano se indign\u00f3 con Nancy Pazos. (Foto: captura eltrece)\" width=\"767\" height=\"430\" data-testid=\"loading-testid\" \/><\/picture><\/div><figcaption class=\"caption_image\" data-testid=\"figcaption-testid\">\n<div class=\"image_caption \">An\u00edbal Pachano se indign\u00f3 con Nancy Pazos. (Foto: captura eltrece)<\/div>\n<\/figcaption><\/figure>\n<p class=\"paragraph font__body-regular\">El artista profundiz\u00f3 su relato y explic\u00f3 que su enfrentamiento con el gobierno de<b>\u00a0Cristina Fern\u00e1ndez de Kirchner<\/b>\u00a0se origin\u00f3 por un mon\u00f3logo humor\u00edstico en el que comparaba a la exmandataria con una actriz italiana. De acuerdo a su versi\u00f3n, esa comparaci\u00f3n habr\u00eda sido el detonante de una persecuci\u00f3n en su contra.<\/p>\n<p class=\"paragraph font__body-regular\">La tensi\u00f3n escal\u00f3 cuando Pazos intent\u00f3 relativizar la situaci\u00f3n: \u201cCristina es una persona\u00a0<b>lo suficientemente inteligente<\/b>\u00a0como para que si quiere correr a alguien del medio no va a ser a Pachano\u201d.<\/p>\n<p class=\"paragraph font__body-regular\">Visiblemente molesto por el comentario, An\u00edbal la fren\u00f3 en seco: \u201c\u00bfPero qu\u00e9 tiene que ver? \u00bfQu\u00e9 me estas diciendo? Cualquier batata&#8230;\u00a0<b>Me est\u00e1s descalificando<\/b>\u201c.<\/p>\n<p class=\"paragraph font__body-regular\">El intercambio gener\u00f3\u00a0<b>incomodidad en la mesa<\/b>\u00a0y hasta llev\u00f3 a Mirtha Legrand a pedirles que se controlaran y respetaran los tiempos de cada uno para poder hablar.<\/p>\n<h2 class=\"font--primary font__display\">El presente familiar a An\u00edbal Pachano<\/h2>\n<p class=\"paragraph font__body-regular\">Adem\u00e1s de este cruce con Nancy, el artista habl\u00f3 en la mesaza sobre la felicidad que siente por la llegada de\u00a0<b>Vito<\/b>,<b>\u00a0su primer nieto<\/b>.<\/p>\n<p class=\"paragraph font__body-regular\">Hace pocos d\u00edas, su hija\u00a0<b>Sof\u00eda Pachano<\/b>\u00a0mostr\u00f3 en las redes sociales el percance que sufri\u00f3 su pap\u00e1 An\u00edbal cuando le pidi\u00f3 que cuidara al beb\u00e9 por un rato.<\/p>\n<p class=\"paragraph font__body-regular\">Antes de quedarse\u00a0<b>dormido al lado de la criatura<\/b>, lo tuvo varios minutos a upa para que su hija pudiera grabar contenido para las redes sociales.<\/p>\n<figure class=\"\" data-testid=\"figure-testid\">\n<div class=\"aspect_ratio__container\"><picture class=\"responsive-image\"><source srcset=\"https:\/\/tn.com.ar\/resizer\/v2\/a-anibal-pachano-le-pidieron-que-cuidara-a-su-nieto-y-se-quedo-dormido-foto-instagramsofipachano-DSD4VHHZENC23K6QW426C4JNTE.jpg?auth=cfcdeac8dc1c4c3424095144f2ae7fb61943795d7642e5e3e0ce6e450f50b235&amp;width=767\" type=\"image\/jpg\" media=\"(max-width: 728px)\" \/><source srcset=\"https:\/\/tn.com.ar\/resizer\/v2\/a-anibal-pachano-le-pidieron-que-cuidara-a-su-nieto-y-se-quedo-dormido-foto-instagramsofipachano-DSD4VHHZENC23K6QW426C4JNTE.jpg?auth=cfcdeac8dc1c4c3424095144f2ae7fb61943795d7642e5e3e0ce6e450f50b235&amp;width=1023\" type=\"image\/jpg\" media=\"(max-width: 1023px)\" \/><source srcset=\"https:\/\/tn.com.ar\/resizer\/v2\/a-anibal-pachano-le-pidieron-que-cuidara-a-su-nieto-y-se-quedo-dormido-foto-instagramsofipachano-DSD4VHHZENC23K6QW426C4JNTE.jpg?auth=cfcdeac8dc1c4c3424095144f2ae7fb61943795d7642e5e3e0ce6e450f50b235&amp;width=1440\" type=\"image\/jpg\" \/><img loading=\"lazy\" decoding=\"async\" class=\"image content-image image_placeholder\" src=\"https:\/\/tn.com.ar\/resizer\/v2\/a-anibal-pachano-le-pidieron-que-cuidara-a-su-nieto-y-se-quedo-dormido-foto-instagramsofipachano-DSD4VHHZENC23K6QW426C4JNTE.jpg?auth=cfcdeac8dc1c4c3424095144f2ae7fb61943795d7642e5e3e0ce6e450f50b235&amp;width=767\" alt=\"A An\u00edbal Pachano le pidieron que cuidara a su nieto y se qued\u00f3 dormido. (Foto: instagram\/sofipachano)\" width=\"767\" height=\"1185\" data-testid=\"loading-testid\" \/><\/picture><\/div><figcaption class=\"caption_image\" data-testid=\"figcaption-testid\">\n<div class=\"image_caption \">A An\u00edbal Pachano le pidieron que cuidara a su nieto y se qued\u00f3 dormido. (Foto: instagram\/sofipachano)<\/div>\n<\/figcaption><\/figure>\n<p class=\"paragraph font__body-regular\">Lo que ocurri\u00f3 fue que el nene no tard\u00f3 en ensuciar el pa\u00f1al, episodio que hizo re\u00edr al core\u00f3grafo. \u201cEst\u00e1\u00a0<b>tan relajado que creo que se cag&#8230;<\/b>\u201d, se le escuch\u00f3 decir. Sin incomodarse, el medi\u00e1tico reconoci\u00f3 que se quedar\u00eda horas contemplando a su nieto, el m\u00e1s mimado de la familia.<\/p>\n<p class=\"paragraph font__body-regular\">Al aire de\u00a0<i>LAM (Am\u00e9rica)<\/i>, Sof\u00eda detall\u00f3 que su padre est\u00e1 muy cambiado desde que lleg\u00f3 Vito. \u201c<b>An\u00edbal est\u00e1 muy baboso<\/b>. No s\u00e9 cu\u00e1nto le durar\u00e1, pero todos los d\u00edas me manda audios llorando\u201d, dijo.<\/p>\n<\/div>\n<p><\/main><\/div>\n<aside class=\"col-right-rail right-rail\">\n<div id=\"parent-ad-slot-caja\" class=\"ad-container caja_ad \">\n<div class=\"ad-content\"><\/div>\n<\/div>\n<\/aside>\n","protected":false},"excerpt":{"rendered":"<p>An\u00edbal Pachano\u00a0y\u00a0Nancy Pazos\u00a0protagonizaron un fuerte cruce este s\u00e1bado mientras debat\u00edan\u00a0sobre pol\u00edtica\u00a0al aire de\u00a0La noche de Mirtha (eltrece). Todo comenz\u00f3 cuando la periodista cuestion\u00f3 la gesti\u00f3n de Javier Milei: \u201cEl gobierno actual es un gobierno que se llena la boca hablando de la libertad, pero\u00a0la libertad de expresi\u00f3n\u00a0est\u00e1 muy cuestionada\u201d. En ese momento, Pachano intervino para [&hellip;]<\/p>\n","protected":false},"author":1,"featured_media":12899,"comment_status":"open","ping_status":"open","sticky":false,"template":"","format":"standard","meta":{"rop_custom_images_group":[],"rop_custom_messages_group":[],"rop_publish_now":"initial","rop_publish_now_accounts":[],"rop_publish_now_history":[],"rop_publish_now_status":"pending","footnotes":"","jetpack_publicize_message":"","jetpack_publicize_feature_enabled":true,"jetpack_social_post_already_shared":true,"jetpack_social_options":{"image_generator_settings":{"template":"highway","enabled":false},"version":2}},"categories":[12],"tags":[],"class_list":{"0":"post-12896","1":"post","2":"type-post","3":"status-publish","4":"format-standard","5":"has-post-thumbnail","7":"category-espectaculos"},"jetpack_publicize_connections":[],"yoast_head":"<!-- This site is optimized with the Yoast SEO plugin v27.3 - https:\/\/yoast.com\/product\/yoast-seo-wordpress\/ -->\n<title>An\u00edbal Pachano cruz\u00f3 a Nancy Pazos en la mesa de Mirtha Legrand y discutieron por pol\u00edtica - CLAN ESPECTACULOS<\/title>\n<meta name=\"robots\" content=\"index, follow, max-snippet:-1, max-image-preview:large, max-video-preview:-1\" \/>\n<link rel=\"canonical\" href=\"https:\/\/radioclanfm.com\/clanespectaculos\/anibal-pachano-cruzo-a-nancy-pazos-en-la-mesa-de-mirtha-legrand-y-discutieron-por-politica\/\" \/>\n<meta property=\"og:locale\" content=\"es_ES\" \/>\n<meta property=\"og:type\" content=\"article\" \/>\n<meta property=\"og:title\" content=\"An\u00edbal Pachano cruz\u00f3 a Nancy Pazos en la mesa de Mirtha Legrand y discutieron por pol\u00edtica - CLAN ESPECTACULOS\" \/>\n<meta property=\"og:description\" content=\"An\u00edbal Pachano\u00a0y\u00a0Nancy Pazos\u00a0protagonizaron un fuerte cruce este s\u00e1bado mientras debat\u00edan\u00a0sobre pol\u00edtica\u00a0al aire de\u00a0La noche de Mirtha (eltrece). Todo comenz\u00f3 cuando la periodista cuestion\u00f3 la gesti\u00f3n de Javier Milei: \u201cEl gobierno actual es un gobierno que se llena la boca hablando de la libertad, pero\u00a0la libertad de expresi\u00f3n\u00a0est\u00e1 muy cuestionada\u201d. En ese momento, Pachano intervino para [&hellip;]\" \/>\n<meta property=\"og:url\" content=\"https:\/\/radioclanfm.com\/clanespectaculos\/anibal-pachano-cruzo-a-nancy-pazos-en-la-mesa-de-mirtha-legrand-y-discutieron-por-politica\/\" \/>\n<meta property=\"og:site_name\" content=\"CLAN ESPECTACULOS\" \/>\n<meta property=\"article:publisher\" content=\"https:\/\/www.facebook.com\/clanespectaculos\/\" \/>\n<meta property=\"article:published_time\" content=\"2026-03-01T13:14:26+00:00\" \/>\n<meta property=\"og:image\" content=\"https:\/\/radioclanfm.com\/clanespectaculos\/wp-content\/uploads\/sites\/2\/2026\/03\/0_VCzhkW.jpg\" \/>\n\t<meta property=\"og:image:width\" content=\"900\" \/>\n\t<meta property=\"og:image:height\" content=\"504\" \/>\n\t<meta property=\"og:image:type\" content=\"image\/jpeg\" \/>\n<meta name=\"author\" content=\"E-GRUPOCLAN\" \/>\n<meta name=\"twitter:card\" content=\"summary_large_image\" \/>\n<meta name=\"twitter:creator\" content=\"@clanespectok\" \/>\n<meta name=\"twitter:site\" content=\"@clanespectok\" \/>\n<meta name=\"twitter:label1\" content=\"Escrito por\" \/>\n\t<meta name=\"twitter:data1\" content=\"E-GRUPOCLAN\" \/>\n\t<meta name=\"twitter:label2\" content=\"Tiempo de lectura\" \/>\n\t<meta name=\"twitter:data2\" content=\"2 minutos\" \/>\n<script type=\"application\/ld+json\" class=\"yoast-schema-graph\">{\"@context\":\"https:\\\/\\\/schema.org\",\"@graph\":[{\"@type\":\"Article\",\"@id\":\"https:\\\/\\\/radioclanfm.com\\\/clanespectaculos\\\/anibal-pachano-cruzo-a-nancy-pazos-en-la-mesa-de-mirtha-legrand-y-discutieron-por-politica\\\/#article\",\"isPartOf\":{\"@id\":\"https:\\\/\\\/radioclanfm.com\\\/clanespectaculos\\\/anibal-pachano-cruzo-a-nancy-pazos-en-la-mesa-de-mirtha-legrand-y-discutieron-por-politica\\\/\"},\"author\":{\"name\":\"E-GRUPOCLAN\",\"@id\":\"https:\\\/\\\/radioclanfm.com\\\/clanespectaculos\\\/#\\\/schema\\\/person\\\/9734813083303230f3ad84d99171b20c\"},\"headline\":\"An\u00edbal Pachano cruz\u00f3 a Nancy Pazos en la mesa de Mirtha Legrand y discutieron por pol\u00edtica\",\"datePublished\":\"2026-03-01T13:14:26+00:00\",\"mainEntityOfPage\":{\"@id\":\"https:\\\/\\\/radioclanfm.com\\\/clanespectaculos\\\/anibal-pachano-cruzo-a-nancy-pazos-en-la-mesa-de-mirtha-legrand-y-discutieron-por-politica\\\/\"},\"wordCount\":482,\"commentCount\":0,\"publisher\":{\"@id\":\"https:\\\/\\\/radioclanfm.com\\\/clanespectaculos\\\/#organization\"},\"image\":{\"@id\":\"https:\\\/\\\/radioclanfm.com\\\/clanespectaculos\\\/anibal-pachano-cruzo-a-nancy-pazos-en-la-mesa-de-mirtha-legrand-y-discutieron-por-politica\\\/#primaryimage\"},\"thumbnailUrl\":\"https:\\\/\\\/radioclanfm.com\\\/clanespectaculos\\\/wp-content\\\/uploads\\\/sites\\\/2\\\/2026\\\/03\\\/0_VCzhkW.jpg\",\"articleSection\":[\"Espectaculos\"],\"inLanguage\":\"es-AR\",\"potentialAction\":[{\"@type\":\"CommentAction\",\"name\":\"Comment\",\"target\":[\"https:\\\/\\\/radioclanfm.com\\\/clanespectaculos\\\/anibal-pachano-cruzo-a-nancy-pazos-en-la-mesa-de-mirtha-legrand-y-discutieron-por-politica\\\/#respond\"]}]},{\"@type\":\"WebPage\",\"@id\":\"https:\\\/\\\/radioclanfm.com\\\/clanespectaculos\\\/anibal-pachano-cruzo-a-nancy-pazos-en-la-mesa-de-mirtha-legrand-y-discutieron-por-politica\\\/\",\"url\":\"https:\\\/\\\/radioclanfm.com\\\/clanespectaculos\\\/anibal-pachano-cruzo-a-nancy-pazos-en-la-mesa-de-mirtha-legrand-y-discutieron-por-politica\\\/\",\"name\":\"An\u00edbal Pachano cruz\u00f3 a Nancy Pazos en la mesa de Mirtha Legrand y discutieron por pol\u00edtica - CLAN ESPECTACULOS\",\"isPartOf\":{\"@id\":\"https:\\\/\\\/radioclanfm.com\\\/clanespectaculos\\\/#website\"},\"primaryImageOfPage\":{\"@id\":\"https:\\\/\\\/radioclanfm.com\\\/clanespectaculos\\\/anibal-pachano-cruzo-a-nancy-pazos-en-la-mesa-de-mirtha-legrand-y-discutieron-por-politica\\\/#primaryimage\"},\"image\":{\"@id\":\"https:\\\/\\\/radioclanfm.com\\\/clanespectaculos\\\/anibal-pachano-cruzo-a-nancy-pazos-en-la-mesa-de-mirtha-legrand-y-discutieron-por-politica\\\/#primaryimage\"},\"thumbnailUrl\":\"https:\\\/\\\/radioclanfm.com\\\/clanespectaculos\\\/wp-content\\\/uploads\\\/sites\\\/2\\\/2026\\\/03\\\/0_VCzhkW.jpg\",\"datePublished\":\"2026-03-01T13:14:26+00:00\",\"breadcrumb\":{\"@id\":\"https:\\\/\\\/radioclanfm.com\\\/clanespectaculos\\\/anibal-pachano-cruzo-a-nancy-pazos-en-la-mesa-de-mirtha-legrand-y-discutieron-por-politica\\\/#breadcrumb\"},\"inLanguage\":\"es-AR\",\"potentialAction\":[{\"@type\":\"ReadAction\",\"target\":[\"https:\\\/\\\/radioclanfm.com\\\/clanespectaculos\\\/anibal-pachano-cruzo-a-nancy-pazos-en-la-mesa-de-mirtha-legrand-y-discutieron-por-politica\\\/\"]}]},{\"@type\":\"ImageObject\",\"inLanguage\":\"es-AR\",\"@id\":\"https:\\\/\\\/radioclanfm.com\\\/clanespectaculos\\\/anibal-pachano-cruzo-a-nancy-pazos-en-la-mesa-de-mirtha-legrand-y-discutieron-por-politica\\\/#primaryimage\",\"url\":\"https:\\\/\\\/radioclanfm.com\\\/clanespectaculos\\\/wp-content\\\/uploads\\\/sites\\\/2\\\/2026\\\/03\\\/0_VCzhkW.jpg\",\"contentUrl\":\"https:\\\/\\\/radioclanfm.com\\\/clanespectaculos\\\/wp-content\\\/uploads\\\/sites\\\/2\\\/2026\\\/03\\\/0_VCzhkW.jpg\",\"width\":900,\"height\":504},{\"@type\":\"BreadcrumbList\",\"@id\":\"https:\\\/\\\/radioclanfm.com\\\/clanespectaculos\\\/anibal-pachano-cruzo-a-nancy-pazos-en-la-mesa-de-mirtha-legrand-y-discutieron-por-politica\\\/#breadcrumb\",\"itemListElement\":[{\"@type\":\"ListItem\",\"position\":1,\"name\":\"Inicio\",\"item\":\"https:\\\/\\\/radioclanfm.com\\\/clanespectaculos\\\/\"},{\"@type\":\"ListItem\",\"position\":2,\"name\":\"An\u00edbal Pachano cruz\u00f3 a Nancy Pazos en la mesa de Mirtha Legrand y discutieron por pol\u00edtica\"}]},{\"@type\":\"WebSite\",\"@id\":\"https:\\\/\\\/radioclanfm.com\\\/clanespectaculos\\\/#website\",\"url\":\"https:\\\/\\\/radioclanfm.com\\\/clanespectaculos\\\/\",\"name\":\"CLAN ESPECTACULOS\",\"description\":\"\",\"publisher\":{\"@id\":\"https:\\\/\\\/radioclanfm.com\\\/clanespectaculos\\\/#organization\"},\"potentialAction\":[{\"@type\":\"SearchAction\",\"target\":{\"@type\":\"EntryPoint\",\"urlTemplate\":\"https:\\\/\\\/radioclanfm.com\\\/clanespectaculos\\\/?s={search_term_string}\"},\"query-input\":{\"@type\":\"PropertyValueSpecification\",\"valueRequired\":true,\"valueName\":\"search_term_string\"}}],\"inLanguage\":\"es-AR\"},{\"@type\":\"Organization\",\"@id\":\"https:\\\/\\\/radioclanfm.com\\\/clanespectaculos\\\/#organization\",\"name\":\"CLAN ESPECTACULOS\",\"url\":\"https:\\\/\\\/radioclanfm.com\\\/clanespectaculos\\\/\",\"logo\":{\"@type\":\"ImageObject\",\"inLanguage\":\"es-AR\",\"@id\":\"https:\\\/\\\/radioclanfm.com\\\/clanespectaculos\\\/#\\\/schema\\\/logo\\\/image\\\/\",\"url\":\"https:\\\/\\\/radioclanfm.com\\\/clanespectaculos\\\/wp-content\\\/uploads\\\/sites\\\/2\\\/2026\\\/04\\\/ChatGPT-Image-23-mar-2026-10_09_00.png\",\"contentUrl\":\"https:\\\/\\\/radioclanfm.com\\\/clanespectaculos\\\/wp-content\\\/uploads\\\/sites\\\/2\\\/2026\\\/04\\\/ChatGPT-Image-23-mar-2026-10_09_00.png\",\"width\":1024,\"height\":1024,\"caption\":\"CLAN ESPECTACULOS\"},\"image\":{\"@id\":\"https:\\\/\\\/radioclanfm.com\\\/clanespectaculos\\\/#\\\/schema\\\/logo\\\/image\\\/\"},\"sameAs\":[\"https:\\\/\\\/www.facebook.com\\\/clanespectaculos\\\/\",\"https:\\\/\\\/x.com\\\/clanespectok\"]},{\"@type\":\"Person\",\"@id\":\"https:\\\/\\\/radioclanfm.com\\\/clanespectaculos\\\/#\\\/schema\\\/person\\\/9734813083303230f3ad84d99171b20c\",\"name\":\"E-GRUPOCLAN\",\"image\":{\"@type\":\"ImageObject\",\"inLanguage\":\"es-AR\",\"@id\":\"https:\\\/\\\/secure.gravatar.com\\\/avatar\\\/af6e19837c3d6a212034a48c7b3818d2ac1826f6025df0155da5a186ad321d79?s=96&d=mm&r=g\",\"url\":\"https:\\\/\\\/secure.gravatar.com\\\/avatar\\\/af6e19837c3d6a212034a48c7b3818d2ac1826f6025df0155da5a186ad321d79?s=96&d=mm&r=g\",\"contentUrl\":\"https:\\\/\\\/secure.gravatar.com\\\/avatar\\\/af6e19837c3d6a212034a48c7b3818d2ac1826f6025df0155da5a186ad321d79?s=96&d=mm&r=g\",\"caption\":\"E-GRUPOCLAN\"},\"sameAs\":[\"https:\\\/\\\/radioclanfm.com\"],\"url\":\"https:\\\/\\\/radioclanfm.com\\\/clanespectaculos\\\/author\\\/admin\\\/\"}]}<\/script>\n<!-- \/ Yoast SEO plugin. -->","yoast_head_json":{"title":"An\u00edbal Pachano cruz\u00f3 a Nancy Pazos en la mesa de Mirtha Legrand y discutieron por pol\u00edtica - CLAN ESPECTACULOS","robots":{"index":"index","follow":"follow","max-snippet":"max-snippet:-1","max-image-preview":"max-image-preview:large","max-video-preview":"max-video-preview:-1"},"canonical":"https:\/\/radioclanfm.com\/clanespectaculos\/anibal-pachano-cruzo-a-nancy-pazos-en-la-mesa-de-mirtha-legrand-y-discutieron-por-politica\/","og_locale":"es_ES","og_type":"article","og_title":"An\u00edbal Pachano cruz\u00f3 a Nancy Pazos en la mesa de Mirtha Legrand y discutieron por pol\u00edtica - CLAN ESPECTACULOS","og_description":"An\u00edbal Pachano\u00a0y\u00a0Nancy Pazos\u00a0protagonizaron un fuerte cruce este s\u00e1bado mientras debat\u00edan\u00a0sobre pol\u00edtica\u00a0al aire de\u00a0La noche de Mirtha (eltrece). Todo comenz\u00f3 cuando la periodista cuestion\u00f3 la gesti\u00f3n de Javier Milei: \u201cEl gobierno actual es un gobierno que se llena la boca hablando de la libertad, pero\u00a0la libertad de expresi\u00f3n\u00a0est\u00e1 muy cuestionada\u201d. En ese momento, Pachano intervino para [&hellip;]","og_url":"https:\/\/radioclanfm.com\/clanespectaculos\/anibal-pachano-cruzo-a-nancy-pazos-en-la-mesa-de-mirtha-legrand-y-discutieron-por-politica\/","og_site_name":"CLAN ESPECTACULOS","article_publisher":"https:\/\/www.facebook.com\/clanespectaculos\/","article_published_time":"2026-03-01T13:14:26+00:00","og_image":[{"width":900,"height":504,"url":"https:\/\/radioclanfm.com\/clanespectaculos\/wp-content\/uploads\/sites\/2\/2026\/03\/0_VCzhkW.jpg","type":"image\/jpeg"}],"author":"E-GRUPOCLAN","twitter_card":"summary_large_image","twitter_creator":"@clanespectok","twitter_site":"@clanespectok","twitter_misc":{"Escrito por":"E-GRUPOCLAN","Tiempo de lectura":"2 minutos"},"schema":{"@context":"https:\/\/schema.org","@graph":[{"@type":"Article","@id":"https:\/\/radioclanfm.com\/clanespectaculos\/anibal-pachano-cruzo-a-nancy-pazos-en-la-mesa-de-mirtha-legrand-y-discutieron-por-politica\/#article","isPartOf":{"@id":"https:\/\/radioclanfm.com\/clanespectaculos\/anibal-pachano-cruzo-a-nancy-pazos-en-la-mesa-de-mirtha-legrand-y-discutieron-por-politica\/"},"author":{"name":"E-GRUPOCLAN","@id":"https:\/\/radioclanfm.com\/clanespectaculos\/#\/schema\/person\/9734813083303230f3ad84d99171b20c"},"headline":"An\u00edbal Pachano cruz\u00f3 a Nancy Pazos en la mesa de Mirtha Legrand y discutieron por pol\u00edtica","datePublished":"2026-03-01T13:14:26+00:00","mainEntityOfPage":{"@id":"https:\/\/radioclanfm.com\/clanespectaculos\/anibal-pachano-cruzo-a-nancy-pazos-en-la-mesa-de-mirtha-legrand-y-discutieron-por-politica\/"},"wordCount":482,"commentCount":0,"publisher":{"@id":"https:\/\/radioclanfm.com\/clanespectaculos\/#organization"},"image":{"@id":"https:\/\/radioclanfm.com\/clanespectaculos\/anibal-pachano-cruzo-a-nancy-pazos-en-la-mesa-de-mirtha-legrand-y-discutieron-por-politica\/#primaryimage"},"thumbnailUrl":"https:\/\/radioclanfm.com\/clanespectaculos\/wp-content\/uploads\/sites\/2\/2026\/03\/0_VCzhkW.jpg","articleSection":["Espectaculos"],"inLanguage":"es-AR","potentialAction":[{"@type":"CommentAction","name":"Comment","target":["https:\/\/radioclanfm.com\/clanespectaculos\/anibal-pachano-cruzo-a-nancy-pazos-en-la-mesa-de-mirtha-legrand-y-discutieron-por-politica\/#respond"]}]},{"@type":"WebPage","@id":"https:\/\/radioclanfm.com\/clanespectaculos\/anibal-pachano-cruzo-a-nancy-pazos-en-la-mesa-de-mirtha-legrand-y-discutieron-por-politica\/","url":"https:\/\/radioclanfm.com\/clanespectaculos\/anibal-pachano-cruzo-a-nancy-pazos-en-la-mesa-de-mirtha-legrand-y-discutieron-por-politica\/","name":"An\u00edbal Pachano cruz\u00f3 a Nancy Pazos en la mesa de Mirtha Legrand y discutieron por pol\u00edtica - CLAN ESPECTACULOS","isPartOf":{"@id":"https:\/\/radioclanfm.com\/clanespectaculos\/#website"},"primaryImageOfPage":{"@id":"https:\/\/radioclanfm.com\/clanespectaculos\/anibal-pachano-cruzo-a-nancy-pazos-en-la-mesa-de-mirtha-legrand-y-discutieron-por-politica\/#primaryimage"},"image":{"@id":"https:\/\/radioclanfm.com\/clanespectaculos\/anibal-pachano-cruzo-a-nancy-pazos-en-la-mesa-de-mirtha-legrand-y-discutieron-por-politica\/#primaryimage"},"thumbnailUrl":"https:\/\/radioclanfm.com\/clanespectaculos\/wp-content\/uploads\/sites\/2\/2026\/03\/0_VCzhkW.jpg","datePublished":"2026-03-01T13:14:26+00:00","breadcrumb":{"@id":"https:\/\/radioclanfm.com\/clanespectaculos\/anibal-pachano-cruzo-a-nancy-pazos-en-la-mesa-de-mirtha-legrand-y-discutieron-por-politica\/#breadcrumb"},"inLanguage":"es-AR","potentialAction":[{"@type":"ReadAction","target":["https:\/\/radioclanfm.com\/clanespectaculos\/anibal-pachano-cruzo-a-nancy-pazos-en-la-mesa-de-mirtha-legrand-y-discutieron-por-politica\/"]}]},{"@type":"ImageObject","inLanguage":"es-AR","@id":"https:\/\/radioclanfm.com\/clanespectaculos\/anibal-pachano-cruzo-a-nancy-pazos-en-la-mesa-de-mirtha-legrand-y-discutieron-por-politica\/#primaryimage","url":"https:\/\/radioclanfm.com\/clanespectaculos\/wp-content\/uploads\/sites\/2\/2026\/03\/0_VCzhkW.jpg","contentUrl":"https:\/\/radioclanfm.com\/clanespectaculos\/wp-content\/uploads\/sites\/2\/2026\/03\/0_VCzhkW.jpg","width":900,"height":504},{"@type":"BreadcrumbList","@id":"https:\/\/radioclanfm.com\/clanespectaculos\/anibal-pachano-cruzo-a-nancy-pazos-en-la-mesa-de-mirtha-legrand-y-discutieron-por-politica\/#breadcrumb","itemListElement":[{"@type":"ListItem","position":1,"name":"Inicio","item":"https:\/\/radioclanfm.com\/clanespectaculos\/"},{"@type":"ListItem","position":2,"name":"An\u00edbal Pachano cruz\u00f3 a Nancy Pazos en la mesa de Mirtha Legrand y discutieron por pol\u00edtica"}]},{"@type":"WebSite","@id":"https:\/\/radioclanfm.com\/clanespectaculos\/#website","url":"https:\/\/radioclanfm.com\/clanespectaculos\/","name":"CLAN ESPECTACULOS","description":"","publisher":{"@id":"https:\/\/radioclanfm.com\/clanespectaculos\/#organization"},"potentialAction":[{"@type":"SearchAction","target":{"@type":"EntryPoint","urlTemplate":"https:\/\/radioclanfm.com\/clanespectaculos\/?s={search_term_string}"},"query-input":{"@type":"PropertyValueSpecification","valueRequired":true,"valueName":"search_term_string"}}],"inLanguage":"es-AR"},{"@type":"Organization","@id":"https:\/\/radioclanfm.com\/clanespectaculos\/#organization","name":"CLAN ESPECTACULOS","url":"https:\/\/radioclanfm.com\/clanespectaculos\/","logo":{"@type":"ImageObject","inLanguage":"es-AR","@id":"https:\/\/radioclanfm.com\/clanespectaculos\/#\/schema\/logo\/image\/","url":"https:\/\/radioclanfm.com\/clanespectaculos\/wp-content\/uploads\/sites\/2\/2026\/04\/ChatGPT-Image-23-mar-2026-10_09_00.png","contentUrl":"https:\/\/radioclanfm.com\/clanespectaculos\/wp-content\/uploads\/sites\/2\/2026\/04\/ChatGPT-Image-23-mar-2026-10_09_00.png","width":1024,"height":1024,"caption":"CLAN ESPECTACULOS"},"image":{"@id":"https:\/\/radioclanfm.com\/clanespectaculos\/#\/schema\/logo\/image\/"},"sameAs":["https:\/\/www.facebook.com\/clanespectaculos\/","https:\/\/x.com\/clanespectok"]},{"@type":"Person","@id":"https:\/\/radioclanfm.com\/clanespectaculos\/#\/schema\/person\/9734813083303230f3ad84d99171b20c","name":"E-GRUPOCLAN","image":{"@type":"ImageObject","inLanguage":"es-AR","@id":"https:\/\/secure.gravatar.com\/avatar\/af6e19837c3d6a212034a48c7b3818d2ac1826f6025df0155da5a186ad321d79?s=96&d=mm&r=g","url":"https:\/\/secure.gravatar.com\/avatar\/af6e19837c3d6a212034a48c7b3818d2ac1826f6025df0155da5a186ad321d79?s=96&d=mm&r=g","contentUrl":"https:\/\/secure.gravatar.com\/avatar\/af6e19837c3d6a212034a48c7b3818d2ac1826f6025df0155da5a186ad321d79?s=96&d=mm&r=g","caption":"E-GRUPOCLAN"},"sameAs":["https:\/\/radioclanfm.com"],"url":"https:\/\/radioclanfm.com\/clanespectaculos\/author\/admin\/"}]}},"_links":{"self":[{"href":"https:\/\/radioclanfm.com\/clanespectaculos\/wp-json\/wp\/v2\/posts\/12896","targetHints":{"allow":["GET"]}}],"collection":[{"href":"https:\/\/radioclanfm.com\/clanespectaculos\/wp-json\/wp\/v2\/posts"}],"about":[{"href":"https:\/\/radioclanfm.com\/clanespectaculos\/wp-json\/wp\/v2\/types\/post"}],"author":[{"embeddable":true,"href":"https:\/\/radioclanfm.com\/clanespectaculos\/wp-json\/wp\/v2\/users\/1"}],"replies":[{"embeddable":true,"href":"https:\/\/radioclanfm.com\/clanespectaculos\/wp-json\/wp\/v2\/comments?post=12896"}],"version-history":[{"count":1,"href":"https:\/\/radioclanfm.com\/clanespectaculos\/wp-json\/wp\/v2\/posts\/12896\/revisions"}],"predecessor-version":[{"id":12900,"href":"https:\/\/radioclanfm.com\/clanespectaculos\/wp-json\/wp\/v2\/posts\/12896\/revisions\/12900"}],"wp:featuredmedia":[{"embeddable":true,"href":"https:\/\/radioclanfm.com\/clanespectaculos\/wp-json\/wp\/v2\/media\/12899"}],"wp:attachment":[{"href":"https:\/\/radioclanfm.com\/clanespectaculos\/wp-json\/wp\/v2\/media?parent=12896"}],"wp:term":[{"taxonomy":"category","embeddable":true,"href":"https:\/\/radioclanfm.com\/clanespectaculos\/wp-json\/wp\/v2\/categories?post=12896"},{"taxonomy":"post_tag","embeddable":true,"href":"https:\/\/radioclanfm.com\/clanespectaculos\/wp-json\/wp\/v2\/tags?post=12896"}],"curies":[{"name":"wp","href":"https:\/\/api.w.org\/{rel}","templated":true}]}}