{"id":12890,"date":"2026-02-24T22:40:57","date_gmt":"2026-02-25T01:40:57","guid":{"rendered":"https:\/\/radioclanfm.com\/clanespectaculos\/?p=12890"},"modified":"2026-02-24T22:40:57","modified_gmt":"2026-02-25T01:40:57","slug":"que-dijo-ricardo-biasotti-sobre-el-ingreso-de-andrea-del-boca-a-gran-hermano-2026","status":"publish","type":"post","link":"https:\/\/radioclanfm.com\/clanespectaculos\/que-dijo-ricardo-biasotti-sobre-el-ingreso-de-andrea-del-boca-a-gran-hermano-2026\/","title":{"rendered":"Qu\u00e9 dijo Ricardo Biasotti sobre el ingreso de Andrea del Boca a Gran Hermano 2026"},"content":{"rendered":"<p>El empresario y padre de Anna Chiara del Boca habl\u00f3 sobre la entrada de la actriz al reality.<\/p>\n<div class=\"col-content\"><main class=\"col-content\"><\/p>\n<div class=\"default-article-color article__body article__article\">\n<p class=\"paragraph font__body-regular\">La televisi\u00f3n argentina explot\u00f3 con la llegada de\u00a0<b>Andrea del Boca<\/b>\u00a0a la casa de\u00a0<i><b>Gran Hermano: Generaci\u00f3n Dorada (Telefe)<\/b><\/i>. El ingreso de la actriz no solo revolucion\u00f3 el reality, sino que tambi\u00e9n reaviv\u00f3 viejas pol\u00e9micas fuera de la pantalla.<\/p>\n<div class=\"AV6543bedcd858799fe90b5c47\">\n<div id=\"aniBox\">\n<div id=\"aniplayer_AV6543bedcd858799fe90b5c47-1771983616711\">\n<div id=\"aniplayer_AV6543bedcd858799fe90b5c47-1771983616711gui\">\n<div id=\"av-caption\">\n<div id=\"av-close-btn-overlay\" class=\"av-pos-top-left\"><\/div>\n<\/div>\n<\/div>\n<\/div>\n<\/div>\n<\/div>\n<div id=\"ad-slot-infeed\" class=\"infeed-container ad-slot-infeed ad-slot\" data-adtype=\"infeed\" data-lazyload=\"1\" data-google-query-id=\"CMrE9KrB85IDFf0bHgAdx0QOZA\">\n<div id=\"google_ads_iframe_\/113951150\/tn-arc\/nota\/infeed_0__container__\"><\/div>\n<\/div>\n<p class=\"paragraph font__body-regular\">En medio de la repercusi\u00f3n, su exmarido\u00a0<b>Ricardo Biasotti<\/b>\u00a0reapareci\u00f3 en los medios y no esquiv\u00f3 el tema. El padre de\u00a0<b>Anna Chiara del Boca<\/b>\u00a0habl\u00f3 sobre la decisi\u00f3n de la artista y sum\u00f3 un nuevo cap\u00edtulo a una historia familiar marcada por el conflicto.<\/p>\n<p class=\"paragraph font__body-regular\">Durante la \u00faltima emisi\u00f3n de\u00a0<i>El Diario de Mariana (Am\u00e9rica)<\/i>, Guido Zaffora cont\u00f3 c\u00f3mo reaccion\u00f3 el empresario ante la noticia: \u201cHabl\u00f3 porque no tiene ning\u00fan tipo de v\u00ednculo con Anna Chiara\u201d. \u201c<b>\u00c9l hoy perdonar\u00eda a su hija si le pide disculpas, \u00e9l est\u00e1 dispuesto a revincularse con ella<\/b>\u201d, remarc\u00f3 el panelista sobre el distanciamiento y las peleas judiciales que los enfrentaron en los \u00faltimos a\u00f1os.<\/p>\n<figure class=\"\" data-testid=\"figure-testid\">\n<div class=\"aspect_ratio__container\"><picture class=\"responsive-image\"><source srcset=\"https:\/\/tn.com.ar\/resizer\/v2\/andrea-del-boca-con-su-hija-anna-chiara-foto-instagram-annadelboca-7BWVFCOL2NAI5DBIZCLS7XDSMQ.jpg?auth=169c53396b3e1dae9bcff17056e4c6837f8309776ce93fb5205b2efaf65d30d5&amp;width=767\" type=\"image\/jpg\" media=\"(max-width: 728px)\" \/><source srcset=\"https:\/\/tn.com.ar\/resizer\/v2\/andrea-del-boca-con-su-hija-anna-chiara-foto-instagram-annadelboca-7BWVFCOL2NAI5DBIZCLS7XDSMQ.jpg?auth=169c53396b3e1dae9bcff17056e4c6837f8309776ce93fb5205b2efaf65d30d5&amp;width=1023\" type=\"image\/jpg\" media=\"(max-width: 1023px)\" \/><source srcset=\"https:\/\/tn.com.ar\/resizer\/v2\/andrea-del-boca-con-su-hija-anna-chiara-foto-instagram-annadelboca-7BWVFCOL2NAI5DBIZCLS7XDSMQ.jpg?auth=169c53396b3e1dae9bcff17056e4c6837f8309776ce93fb5205b2efaf65d30d5&amp;width=1440\" type=\"image\/jpg\" \/><img loading=\"lazy\" decoding=\"async\" class=\"image content-image image_placeholder\" src=\"https:\/\/tn.com.ar\/resizer\/v2\/andrea-del-boca-con-su-hija-anna-chiara-foto-instagram-annadelboca-7BWVFCOL2NAI5DBIZCLS7XDSMQ.jpg?auth=169c53396b3e1dae9bcff17056e4c6837f8309776ce93fb5205b2efaf65d30d5&amp;width=767\" alt=\"Andrea del Boca con su hija Anna Chiara. (Foto: Instagram \/annadelboca)\" width=\"767\" height=\"707\" data-testid=\"loading-testid\" \/><\/picture><\/div><figcaption class=\"caption_image\" data-testid=\"figcaption-testid\">\n<div class=\"image_caption \">Andrea del Boca con su hija Anna Chiara. (Foto: Instagram \/annadelboca)<\/div>\n<\/figcaption><\/figure>\n<p class=\"paragraph font__body-regular\">El conflicto familiar entre Biasotti y su hija se profundiz\u00f3 tras las denuncias p\u00fablicas y judiciales. Seg\u00fan<b>\u00a0Mart\u00edn Candalaft<\/b>, el hombre fue sobrese\u00eddo en la causa luego de que la Justicia determinara que el testimonio de Anna Chiara habr\u00eda sido influenciado por la actriz. \u201cDesisti\u00f3 de avanzar judicialmente contra Andrea del Boca\u201d, explic\u00f3 el periodista.<\/p>\n<p class=\"paragraph font__body-regular\">Por su parte, Mariana Fabbiani relat\u00f3 su encuentro privado con Biasotti: \u201cMe cont\u00f3 su versi\u00f3n de los hechos y vi una persona realmente quebrada y desesperada. Por supuesto que uno no puede juzgar, pero me perturb\u00f3 ver a un padre con ese dolor\u201d.<\/p>\n<p class=\"paragraph font__body-regular\">En cuanto a la participaci\u00f3n de Andrea del Boca en el reality, Zaffora revel\u00f3: \u201cNo descarto que quiera hablar, pero dijo \u2018<b>s\u00e9 porque me contactan, yo no veo nada, no veo televisi\u00f3n y no veo esos programas<\/b>\u2019\u201d.\u00a0<b>\u201cNo s\u00e9 nada y no me interesa, no voy a hablar\u201d<\/b>, expres\u00f3 tajante.<\/p>\n<figure class=\"\" data-testid=\"figure-testid\">\n<div class=\"aspect_ratio__container\"><picture class=\"responsive-image\"><source srcset=\"https:\/\/tn.com.ar\/resizer\/v2\/andrea-del-boca-de-las-telenovelas-a-gran-hermano-foto-captura-de-telefe-ARNWENDV5ZBBRPI5ZAJXO7NZUM.jpg?auth=24acd6ea670042f0d9373332757ecba40a8f0cb0ef1700ab3975bc641e81ce6a&amp;width=767\" type=\"image\/jpg\" media=\"(max-width: 728px)\" \/><source srcset=\"https:\/\/tn.com.ar\/resizer\/v2\/andrea-del-boca-de-las-telenovelas-a-gran-hermano-foto-captura-de-telefe-ARNWENDV5ZBBRPI5ZAJXO7NZUM.jpg?auth=24acd6ea670042f0d9373332757ecba40a8f0cb0ef1700ab3975bc641e81ce6a&amp;width=1023\" type=\"image\/jpg\" media=\"(max-width: 1023px)\" \/><source srcset=\"https:\/\/tn.com.ar\/resizer\/v2\/andrea-del-boca-de-las-telenovelas-a-gran-hermano-foto-captura-de-telefe-ARNWENDV5ZBBRPI5ZAJXO7NZUM.jpg?auth=24acd6ea670042f0d9373332757ecba40a8f0cb0ef1700ab3975bc641e81ce6a&amp;width=1440\" type=\"image\/jpg\" \/><img loading=\"lazy\" decoding=\"async\" class=\"image content-image image_placeholder\" src=\"https:\/\/tn.com.ar\/resizer\/v2\/andrea-del-boca-de-las-telenovelas-a-gran-hermano-foto-captura-de-telefe-ARNWENDV5ZBBRPI5ZAJXO7NZUM.jpg?auth=24acd6ea670042f0d9373332757ecba40a8f0cb0ef1700ab3975bc641e81ce6a&amp;width=767\" alt=\"Andrea del Boca: de las telenovelas a Gran Hermano. (Foto: captura de Telefe)\" width=\"767\" height=\"430\" data-testid=\"loading-testid\" \/><\/picture><\/div><figcaption class=\"caption_image\" data-testid=\"figcaption-testid\">\n<div class=\"image_caption \">Andrea del Boca: de las telenovelas a Gran Hermano. (Foto: captura de Telefe)<\/div>\n<\/figcaption><\/figure>\n<h2 class=\"font--primary font__display\">Andrea del Boca cont\u00f3 por qu\u00e9 decidi\u00f3 entrar a \u201cGran Hermano 2026\u2033<\/h2>\n<p class=\"paragraph font__body-regular\"><a title=\"https:\/\/tn.com.ar\/show\/television\/2026\/02\/20\/aseguran-que-andrea-del-boca-entrara-a-gran-hermano-generacion-dorada-los-detalles\/\" href=\"https:\/\/tn.com.ar\/show\/television\/2026\/02\/20\/aseguran-que-andrea-del-boca-entrara-a-gran-hermano-generacion-dorada-los-detalles\/\" rel=\"\"><b>Andrea del Boca<\/b><\/a><b>\u00a0<\/b>entr\u00f3 a la casa de\u00a0<i>Gran Hermano 2026 (Telefe)<\/i>\u00a0y sorprendi\u00f3 a todos. En su ingreso al reality, la actriz y explic\u00f3 qu\u00e9 la llev\u00f3 a aceptar el desaf\u00edo.<\/p>\n<p class=\"paragraph font__body-regular\">Con entusiasmo y visiblemente movilizada, la actriz asegur\u00f3 que su principal motivaci\u00f3n es el juego. \u201cLo que m\u00e1s me gusta es jugar. Por eso estoy ac\u00e1, para venir a jugar. Y eso es\u00a0<i>Gran Hermano<\/i>\u00a0para m\u00ed\u201d, expres\u00f3, dejando en claro que<b>\u00a0su participaci\u00f3n no responde a una estrategia medi\u00e1tica<\/b>\u00a0sino al deseo genuino de vivir la experiencia.<\/p>\n<figure class=\"\" data-testid=\"figure-testid\">\n<div class=\"aspect_ratio__container\"><picture class=\"responsive-image\"><source srcset=\"https:\/\/tn.com.ar\/resizer\/v2\/andrea-del-boca-en-gran-hermano-foto-captura-telefe-5G55H5AY7REHPFFNS77VO4CYC4.PNG?auth=30870a2d691fb150716f1460431b38a504fcd96027d46e8802d59177e81f6fb7&amp;width=767\" type=\"image\/jpg\" media=\"(max-width: 728px)\" \/><source srcset=\"https:\/\/tn.com.ar\/resizer\/v2\/andrea-del-boca-en-gran-hermano-foto-captura-telefe-5G55H5AY7REHPFFNS77VO4CYC4.PNG?auth=30870a2d691fb150716f1460431b38a504fcd96027d46e8802d59177e81f6fb7&amp;width=1023\" type=\"image\/jpg\" media=\"(max-width: 1023px)\" \/><source srcset=\"https:\/\/tn.com.ar\/resizer\/v2\/andrea-del-boca-en-gran-hermano-foto-captura-telefe-5G55H5AY7REHPFFNS77VO4CYC4.PNG?auth=30870a2d691fb150716f1460431b38a504fcd96027d46e8802d59177e81f6fb7&amp;width=1440\" type=\"image\/jpg\" \/><img loading=\"lazy\" decoding=\"async\" class=\"image content-image image_placeholder\" src=\"https:\/\/tn.com.ar\/resizer\/v2\/andrea-del-boca-en-gran-hermano-foto-captura-telefe-5G55H5AY7REHPFFNS77VO4CYC4.PNG?auth=30870a2d691fb150716f1460431b38a504fcd96027d46e8802d59177e81f6fb7&amp;width=767\" alt=\"Andrea del Boca en Gran Hermano. (Foto: Captura Telefe)\" width=\"767\" height=\"516\" data-testid=\"loading-testid\" \/><\/picture><\/div><figcaption class=\"caption_image\" data-testid=\"figcaption-testid\">\n<div class=\"image_caption \">Andrea del Boca en Gran Hermano. (Foto: Captura Telefe)<\/div>\n<\/figcaption><\/figure>\n<p class=\"paragraph font__body-regular\">Lejos de tomarlo como un simple reality, Del Boca compar\u00f3 esta etapa con una sensaci\u00f3n muy profunda: \u201cYo creo que esta experiencia para m\u00ed es como volver a enamorarme.\u00a0<b>Estoy con mucha ilusi\u00f3n<\/b>, con mucha ansiedad, con muchos nervios. Como cuando uno va a estrenar y est\u00e1s a punto de salir a escena y sent\u00eds todo eso\u201d.<\/p>\n<\/div>\n<p><\/main><\/div>\n<aside class=\"col-right-rail right-rail\">\n<div id=\"parent-ad-slot-caja\" class=\"ad-container caja_ad \">\n<div class=\"ad-content\"><\/div>\n<\/div>\n<\/aside>\n","protected":false},"excerpt":{"rendered":"<p>El empresario y padre de Anna Chiara del Boca habl\u00f3 sobre la entrada de la actriz al reality. La televisi\u00f3n argentina explot\u00f3 con la llegada de\u00a0Andrea del Boca\u00a0a la casa de\u00a0Gran Hermano: Generaci\u00f3n Dorada (Telefe). El ingreso de la actriz no solo revolucion\u00f3 el reality, sino que tambi\u00e9n reaviv\u00f3 viejas pol\u00e9micas fuera de la pantalla. [&hellip;]<\/p>\n","protected":false},"author":1,"featured_media":12893,"comment_status":"open","ping_status":"open","sticky":false,"template":"","format":"standard","meta":{"rop_custom_images_group":[],"rop_custom_messages_group":[],"rop_publish_now":"initial","rop_publish_now_accounts":[],"rop_publish_now_history":[],"rop_publish_now_status":"pending","footnotes":"","jetpack_publicize_message":"","jetpack_publicize_feature_enabled":true,"jetpack_social_post_already_shared":true,"jetpack_social_options":{"image_generator_settings":{"template":"highway","enabled":false},"version":2}},"categories":[12],"tags":[],"class_list":{"0":"post-12890","1":"post","2":"type-post","3":"status-publish","4":"format-standard","5":"has-post-thumbnail","7":"category-espectaculos"},"jetpack_publicize_connections":[],"yoast_head":"<!-- This site is optimized with the Yoast SEO plugin v27.3 - https:\/\/yoast.com\/product\/yoast-seo-wordpress\/ -->\n<title>Qu\u00e9 dijo Ricardo Biasotti sobre el ingreso de Andrea del Boca a Gran Hermano 2026 - CLAN ESPECTACULOS<\/title>\n<meta name=\"robots\" content=\"index, follow, max-snippet:-1, max-image-preview:large, max-video-preview:-1\" \/>\n<link rel=\"canonical\" href=\"https:\/\/radioclanfm.com\/clanespectaculos\/que-dijo-ricardo-biasotti-sobre-el-ingreso-de-andrea-del-boca-a-gran-hermano-2026\/\" \/>\n<meta property=\"og:locale\" content=\"es_ES\" \/>\n<meta property=\"og:type\" content=\"article\" \/>\n<meta property=\"og:title\" content=\"Qu\u00e9 dijo Ricardo Biasotti sobre el ingreso de Andrea del Boca a Gran Hermano 2026 - CLAN ESPECTACULOS\" \/>\n<meta property=\"og:description\" content=\"El empresario y padre de Anna Chiara del Boca habl\u00f3 sobre la entrada de la actriz al reality. La televisi\u00f3n argentina explot\u00f3 con la llegada de\u00a0Andrea del Boca\u00a0a la casa de\u00a0Gran Hermano: Generaci\u00f3n Dorada (Telefe). El ingreso de la actriz no solo revolucion\u00f3 el reality, sino que tambi\u00e9n reaviv\u00f3 viejas pol\u00e9micas fuera de la pantalla. [&hellip;]\" \/>\n<meta property=\"og:url\" content=\"https:\/\/radioclanfm.com\/clanespectaculos\/que-dijo-ricardo-biasotti-sobre-el-ingreso-de-andrea-del-boca-a-gran-hermano-2026\/\" \/>\n<meta property=\"og:site_name\" content=\"CLAN ESPECTACULOS\" \/>\n<meta property=\"article:publisher\" content=\"https:\/\/www.facebook.com\/clanespectaculos\/\" \/>\n<meta property=\"article:published_time\" content=\"2026-02-25T01:40:57+00:00\" \/>\n<meta property=\"og:image\" content=\"https:\/\/radioclanfm.com\/clanespectaculos\/wp-content\/uploads\/sites\/2\/2026\/02\/gwq46nUJ.jpg\" \/>\n\t<meta property=\"og:image:width\" content=\"900\" \/>\n\t<meta property=\"og:image:height\" content=\"504\" \/>\n\t<meta property=\"og:image:type\" content=\"image\/jpeg\" \/>\n<meta name=\"author\" content=\"E-GRUPOCLAN\" \/>\n<meta name=\"twitter:card\" content=\"summary_large_image\" \/>\n<meta name=\"twitter:creator\" content=\"@clanespectok\" \/>\n<meta name=\"twitter:site\" content=\"@clanespectok\" \/>\n<meta name=\"twitter:label1\" content=\"Escrito por\" \/>\n\t<meta name=\"twitter:data1\" content=\"E-GRUPOCLAN\" \/>\n\t<meta name=\"twitter:label2\" content=\"Tiempo de lectura\" \/>\n\t<meta name=\"twitter:data2\" content=\"3 minutos\" \/>\n<script type=\"application\/ld+json\" class=\"yoast-schema-graph\">{\"@context\":\"https:\\\/\\\/schema.org\",\"@graph\":[{\"@type\":\"Article\",\"@id\":\"https:\\\/\\\/radioclanfm.com\\\/clanespectaculos\\\/que-dijo-ricardo-biasotti-sobre-el-ingreso-de-andrea-del-boca-a-gran-hermano-2026\\\/#article\",\"isPartOf\":{\"@id\":\"https:\\\/\\\/radioclanfm.com\\\/clanespectaculos\\\/que-dijo-ricardo-biasotti-sobre-el-ingreso-de-andrea-del-boca-a-gran-hermano-2026\\\/\"},\"author\":{\"name\":\"E-GRUPOCLAN\",\"@id\":\"https:\\\/\\\/radioclanfm.com\\\/clanespectaculos\\\/#\\\/schema\\\/person\\\/9734813083303230f3ad84d99171b20c\"},\"headline\":\"Qu\u00e9 dijo Ricardo Biasotti sobre el ingreso de Andrea del Boca a Gran Hermano 2026\",\"datePublished\":\"2026-02-25T01:40:57+00:00\",\"mainEntityOfPage\":{\"@id\":\"https:\\\/\\\/radioclanfm.com\\\/clanespectaculos\\\/que-dijo-ricardo-biasotti-sobre-el-ingreso-de-andrea-del-boca-a-gran-hermano-2026\\\/\"},\"wordCount\":551,\"commentCount\":0,\"publisher\":{\"@id\":\"https:\\\/\\\/radioclanfm.com\\\/clanespectaculos\\\/#organization\"},\"image\":{\"@id\":\"https:\\\/\\\/radioclanfm.com\\\/clanespectaculos\\\/que-dijo-ricardo-biasotti-sobre-el-ingreso-de-andrea-del-boca-a-gran-hermano-2026\\\/#primaryimage\"},\"thumbnailUrl\":\"https:\\\/\\\/radioclanfm.com\\\/clanespectaculos\\\/wp-content\\\/uploads\\\/sites\\\/2\\\/2026\\\/02\\\/gwq46nUJ.jpg\",\"articleSection\":[\"Espectaculos\"],\"inLanguage\":\"es-AR\",\"potentialAction\":[{\"@type\":\"CommentAction\",\"name\":\"Comment\",\"target\":[\"https:\\\/\\\/radioclanfm.com\\\/clanespectaculos\\\/que-dijo-ricardo-biasotti-sobre-el-ingreso-de-andrea-del-boca-a-gran-hermano-2026\\\/#respond\"]}]},{\"@type\":\"WebPage\",\"@id\":\"https:\\\/\\\/radioclanfm.com\\\/clanespectaculos\\\/que-dijo-ricardo-biasotti-sobre-el-ingreso-de-andrea-del-boca-a-gran-hermano-2026\\\/\",\"url\":\"https:\\\/\\\/radioclanfm.com\\\/clanespectaculos\\\/que-dijo-ricardo-biasotti-sobre-el-ingreso-de-andrea-del-boca-a-gran-hermano-2026\\\/\",\"name\":\"Qu\u00e9 dijo Ricardo Biasotti sobre el ingreso de Andrea del Boca a Gran Hermano 2026 - CLAN ESPECTACULOS\",\"isPartOf\":{\"@id\":\"https:\\\/\\\/radioclanfm.com\\\/clanespectaculos\\\/#website\"},\"primaryImageOfPage\":{\"@id\":\"https:\\\/\\\/radioclanfm.com\\\/clanespectaculos\\\/que-dijo-ricardo-biasotti-sobre-el-ingreso-de-andrea-del-boca-a-gran-hermano-2026\\\/#primaryimage\"},\"image\":{\"@id\":\"https:\\\/\\\/radioclanfm.com\\\/clanespectaculos\\\/que-dijo-ricardo-biasotti-sobre-el-ingreso-de-andrea-del-boca-a-gran-hermano-2026\\\/#primaryimage\"},\"thumbnailUrl\":\"https:\\\/\\\/radioclanfm.com\\\/clanespectaculos\\\/wp-content\\\/uploads\\\/sites\\\/2\\\/2026\\\/02\\\/gwq46nUJ.jpg\",\"datePublished\":\"2026-02-25T01:40:57+00:00\",\"breadcrumb\":{\"@id\":\"https:\\\/\\\/radioclanfm.com\\\/clanespectaculos\\\/que-dijo-ricardo-biasotti-sobre-el-ingreso-de-andrea-del-boca-a-gran-hermano-2026\\\/#breadcrumb\"},\"inLanguage\":\"es-AR\",\"potentialAction\":[{\"@type\":\"ReadAction\",\"target\":[\"https:\\\/\\\/radioclanfm.com\\\/clanespectaculos\\\/que-dijo-ricardo-biasotti-sobre-el-ingreso-de-andrea-del-boca-a-gran-hermano-2026\\\/\"]}]},{\"@type\":\"ImageObject\",\"inLanguage\":\"es-AR\",\"@id\":\"https:\\\/\\\/radioclanfm.com\\\/clanespectaculos\\\/que-dijo-ricardo-biasotti-sobre-el-ingreso-de-andrea-del-boca-a-gran-hermano-2026\\\/#primaryimage\",\"url\":\"https:\\\/\\\/radioclanfm.com\\\/clanespectaculos\\\/wp-content\\\/uploads\\\/sites\\\/2\\\/2026\\\/02\\\/gwq46nUJ.jpg\",\"contentUrl\":\"https:\\\/\\\/radioclanfm.com\\\/clanespectaculos\\\/wp-content\\\/uploads\\\/sites\\\/2\\\/2026\\\/02\\\/gwq46nUJ.jpg\",\"width\":900,\"height\":504},{\"@type\":\"BreadcrumbList\",\"@id\":\"https:\\\/\\\/radioclanfm.com\\\/clanespectaculos\\\/que-dijo-ricardo-biasotti-sobre-el-ingreso-de-andrea-del-boca-a-gran-hermano-2026\\\/#breadcrumb\",\"itemListElement\":[{\"@type\":\"ListItem\",\"position\":1,\"name\":\"Inicio\",\"item\":\"https:\\\/\\\/radioclanfm.com\\\/clanespectaculos\\\/\"},{\"@type\":\"ListItem\",\"position\":2,\"name\":\"Qu\u00e9 dijo Ricardo Biasotti sobre el ingreso de Andrea del Boca a Gran Hermano 2026\"}]},{\"@type\":\"WebSite\",\"@id\":\"https:\\\/\\\/radioclanfm.com\\\/clanespectaculos\\\/#website\",\"url\":\"https:\\\/\\\/radioclanfm.com\\\/clanespectaculos\\\/\",\"name\":\"CLAN ESPECTACULOS\",\"description\":\"\",\"publisher\":{\"@id\":\"https:\\\/\\\/radioclanfm.com\\\/clanespectaculos\\\/#organization\"},\"potentialAction\":[{\"@type\":\"SearchAction\",\"target\":{\"@type\":\"EntryPoint\",\"urlTemplate\":\"https:\\\/\\\/radioclanfm.com\\\/clanespectaculos\\\/?s={search_term_string}\"},\"query-input\":{\"@type\":\"PropertyValueSpecification\",\"valueRequired\":true,\"valueName\":\"search_term_string\"}}],\"inLanguage\":\"es-AR\"},{\"@type\":\"Organization\",\"@id\":\"https:\\\/\\\/radioclanfm.com\\\/clanespectaculos\\\/#organization\",\"name\":\"CLAN ESPECTACULOS\",\"url\":\"https:\\\/\\\/radioclanfm.com\\\/clanespectaculos\\\/\",\"logo\":{\"@type\":\"ImageObject\",\"inLanguage\":\"es-AR\",\"@id\":\"https:\\\/\\\/radioclanfm.com\\\/clanespectaculos\\\/#\\\/schema\\\/logo\\\/image\\\/\",\"url\":\"https:\\\/\\\/radioclanfm.com\\\/clanespectaculos\\\/wp-content\\\/uploads\\\/sites\\\/2\\\/2026\\\/04\\\/ChatGPT-Image-23-mar-2026-10_09_00.png\",\"contentUrl\":\"https:\\\/\\\/radioclanfm.com\\\/clanespectaculos\\\/wp-content\\\/uploads\\\/sites\\\/2\\\/2026\\\/04\\\/ChatGPT-Image-23-mar-2026-10_09_00.png\",\"width\":1024,\"height\":1024,\"caption\":\"CLAN ESPECTACULOS\"},\"image\":{\"@id\":\"https:\\\/\\\/radioclanfm.com\\\/clanespectaculos\\\/#\\\/schema\\\/logo\\\/image\\\/\"},\"sameAs\":[\"https:\\\/\\\/www.facebook.com\\\/clanespectaculos\\\/\",\"https:\\\/\\\/x.com\\\/clanespectok\"]},{\"@type\":\"Person\",\"@id\":\"https:\\\/\\\/radioclanfm.com\\\/clanespectaculos\\\/#\\\/schema\\\/person\\\/9734813083303230f3ad84d99171b20c\",\"name\":\"E-GRUPOCLAN\",\"image\":{\"@type\":\"ImageObject\",\"inLanguage\":\"es-AR\",\"@id\":\"https:\\\/\\\/secure.gravatar.com\\\/avatar\\\/af6e19837c3d6a212034a48c7b3818d2ac1826f6025df0155da5a186ad321d79?s=96&d=mm&r=g\",\"url\":\"https:\\\/\\\/secure.gravatar.com\\\/avatar\\\/af6e19837c3d6a212034a48c7b3818d2ac1826f6025df0155da5a186ad321d79?s=96&d=mm&r=g\",\"contentUrl\":\"https:\\\/\\\/secure.gravatar.com\\\/avatar\\\/af6e19837c3d6a212034a48c7b3818d2ac1826f6025df0155da5a186ad321d79?s=96&d=mm&r=g\",\"caption\":\"E-GRUPOCLAN\"},\"sameAs\":[\"https:\\\/\\\/radioclanfm.com\"],\"url\":\"https:\\\/\\\/radioclanfm.com\\\/clanespectaculos\\\/author\\\/admin\\\/\"}]}<\/script>\n<!-- \/ Yoast SEO plugin. -->","yoast_head_json":{"title":"Qu\u00e9 dijo Ricardo Biasotti sobre el ingreso de Andrea del Boca a Gran Hermano 2026 - CLAN ESPECTACULOS","robots":{"index":"index","follow":"follow","max-snippet":"max-snippet:-1","max-image-preview":"max-image-preview:large","max-video-preview":"max-video-preview:-1"},"canonical":"https:\/\/radioclanfm.com\/clanespectaculos\/que-dijo-ricardo-biasotti-sobre-el-ingreso-de-andrea-del-boca-a-gran-hermano-2026\/","og_locale":"es_ES","og_type":"article","og_title":"Qu\u00e9 dijo Ricardo Biasotti sobre el ingreso de Andrea del Boca a Gran Hermano 2026 - CLAN ESPECTACULOS","og_description":"El empresario y padre de Anna Chiara del Boca habl\u00f3 sobre la entrada de la actriz al reality. La televisi\u00f3n argentina explot\u00f3 con la llegada de\u00a0Andrea del Boca\u00a0a la casa de\u00a0Gran Hermano: Generaci\u00f3n Dorada (Telefe). El ingreso de la actriz no solo revolucion\u00f3 el reality, sino que tambi\u00e9n reaviv\u00f3 viejas pol\u00e9micas fuera de la pantalla. [&hellip;]","og_url":"https:\/\/radioclanfm.com\/clanespectaculos\/que-dijo-ricardo-biasotti-sobre-el-ingreso-de-andrea-del-boca-a-gran-hermano-2026\/","og_site_name":"CLAN ESPECTACULOS","article_publisher":"https:\/\/www.facebook.com\/clanespectaculos\/","article_published_time":"2026-02-25T01:40:57+00:00","og_image":[{"width":900,"height":504,"url":"https:\/\/radioclanfm.com\/clanespectaculos\/wp-content\/uploads\/sites\/2\/2026\/02\/gwq46nUJ.jpg","type":"image\/jpeg"}],"author":"E-GRUPOCLAN","twitter_card":"summary_large_image","twitter_creator":"@clanespectok","twitter_site":"@clanespectok","twitter_misc":{"Escrito por":"E-GRUPOCLAN","Tiempo de lectura":"3 minutos"},"schema":{"@context":"https:\/\/schema.org","@graph":[{"@type":"Article","@id":"https:\/\/radioclanfm.com\/clanespectaculos\/que-dijo-ricardo-biasotti-sobre-el-ingreso-de-andrea-del-boca-a-gran-hermano-2026\/#article","isPartOf":{"@id":"https:\/\/radioclanfm.com\/clanespectaculos\/que-dijo-ricardo-biasotti-sobre-el-ingreso-de-andrea-del-boca-a-gran-hermano-2026\/"},"author":{"name":"E-GRUPOCLAN","@id":"https:\/\/radioclanfm.com\/clanespectaculos\/#\/schema\/person\/9734813083303230f3ad84d99171b20c"},"headline":"Qu\u00e9 dijo Ricardo Biasotti sobre el ingreso de Andrea del Boca a Gran Hermano 2026","datePublished":"2026-02-25T01:40:57+00:00","mainEntityOfPage":{"@id":"https:\/\/radioclanfm.com\/clanespectaculos\/que-dijo-ricardo-biasotti-sobre-el-ingreso-de-andrea-del-boca-a-gran-hermano-2026\/"},"wordCount":551,"commentCount":0,"publisher":{"@id":"https:\/\/radioclanfm.com\/clanespectaculos\/#organization"},"image":{"@id":"https:\/\/radioclanfm.com\/clanespectaculos\/que-dijo-ricardo-biasotti-sobre-el-ingreso-de-andrea-del-boca-a-gran-hermano-2026\/#primaryimage"},"thumbnailUrl":"https:\/\/radioclanfm.com\/clanespectaculos\/wp-content\/uploads\/sites\/2\/2026\/02\/gwq46nUJ.jpg","articleSection":["Espectaculos"],"inLanguage":"es-AR","potentialAction":[{"@type":"CommentAction","name":"Comment","target":["https:\/\/radioclanfm.com\/clanespectaculos\/que-dijo-ricardo-biasotti-sobre-el-ingreso-de-andrea-del-boca-a-gran-hermano-2026\/#respond"]}]},{"@type":"WebPage","@id":"https:\/\/radioclanfm.com\/clanespectaculos\/que-dijo-ricardo-biasotti-sobre-el-ingreso-de-andrea-del-boca-a-gran-hermano-2026\/","url":"https:\/\/radioclanfm.com\/clanespectaculos\/que-dijo-ricardo-biasotti-sobre-el-ingreso-de-andrea-del-boca-a-gran-hermano-2026\/","name":"Qu\u00e9 dijo Ricardo Biasotti sobre el ingreso de Andrea del Boca a Gran Hermano 2026 - CLAN ESPECTACULOS","isPartOf":{"@id":"https:\/\/radioclanfm.com\/clanespectaculos\/#website"},"primaryImageOfPage":{"@id":"https:\/\/radioclanfm.com\/clanespectaculos\/que-dijo-ricardo-biasotti-sobre-el-ingreso-de-andrea-del-boca-a-gran-hermano-2026\/#primaryimage"},"image":{"@id":"https:\/\/radioclanfm.com\/clanespectaculos\/que-dijo-ricardo-biasotti-sobre-el-ingreso-de-andrea-del-boca-a-gran-hermano-2026\/#primaryimage"},"thumbnailUrl":"https:\/\/radioclanfm.com\/clanespectaculos\/wp-content\/uploads\/sites\/2\/2026\/02\/gwq46nUJ.jpg","datePublished":"2026-02-25T01:40:57+00:00","breadcrumb":{"@id":"https:\/\/radioclanfm.com\/clanespectaculos\/que-dijo-ricardo-biasotti-sobre-el-ingreso-de-andrea-del-boca-a-gran-hermano-2026\/#breadcrumb"},"inLanguage":"es-AR","potentialAction":[{"@type":"ReadAction","target":["https:\/\/radioclanfm.com\/clanespectaculos\/que-dijo-ricardo-biasotti-sobre-el-ingreso-de-andrea-del-boca-a-gran-hermano-2026\/"]}]},{"@type":"ImageObject","inLanguage":"es-AR","@id":"https:\/\/radioclanfm.com\/clanespectaculos\/que-dijo-ricardo-biasotti-sobre-el-ingreso-de-andrea-del-boca-a-gran-hermano-2026\/#primaryimage","url":"https:\/\/radioclanfm.com\/clanespectaculos\/wp-content\/uploads\/sites\/2\/2026\/02\/gwq46nUJ.jpg","contentUrl":"https:\/\/radioclanfm.com\/clanespectaculos\/wp-content\/uploads\/sites\/2\/2026\/02\/gwq46nUJ.jpg","width":900,"height":504},{"@type":"BreadcrumbList","@id":"https:\/\/radioclanfm.com\/clanespectaculos\/que-dijo-ricardo-biasotti-sobre-el-ingreso-de-andrea-del-boca-a-gran-hermano-2026\/#breadcrumb","itemListElement":[{"@type":"ListItem","position":1,"name":"Inicio","item":"https:\/\/radioclanfm.com\/clanespectaculos\/"},{"@type":"ListItem","position":2,"name":"Qu\u00e9 dijo Ricardo Biasotti sobre el ingreso de Andrea del Boca a Gran Hermano 2026"}]},{"@type":"WebSite","@id":"https:\/\/radioclanfm.com\/clanespectaculos\/#website","url":"https:\/\/radioclanfm.com\/clanespectaculos\/","name":"CLAN ESPECTACULOS","description":"","publisher":{"@id":"https:\/\/radioclanfm.com\/clanespectaculos\/#organization"},"potentialAction":[{"@type":"SearchAction","target":{"@type":"EntryPoint","urlTemplate":"https:\/\/radioclanfm.com\/clanespectaculos\/?s={search_term_string}"},"query-input":{"@type":"PropertyValueSpecification","valueRequired":true,"valueName":"search_term_string"}}],"inLanguage":"es-AR"},{"@type":"Organization","@id":"https:\/\/radioclanfm.com\/clanespectaculos\/#organization","name":"CLAN ESPECTACULOS","url":"https:\/\/radioclanfm.com\/clanespectaculos\/","logo":{"@type":"ImageObject","inLanguage":"es-AR","@id":"https:\/\/radioclanfm.com\/clanespectaculos\/#\/schema\/logo\/image\/","url":"https:\/\/radioclanfm.com\/clanespectaculos\/wp-content\/uploads\/sites\/2\/2026\/04\/ChatGPT-Image-23-mar-2026-10_09_00.png","contentUrl":"https:\/\/radioclanfm.com\/clanespectaculos\/wp-content\/uploads\/sites\/2\/2026\/04\/ChatGPT-Image-23-mar-2026-10_09_00.png","width":1024,"height":1024,"caption":"CLAN ESPECTACULOS"},"image":{"@id":"https:\/\/radioclanfm.com\/clanespectaculos\/#\/schema\/logo\/image\/"},"sameAs":["https:\/\/www.facebook.com\/clanespectaculos\/","https:\/\/x.com\/clanespectok"]},{"@type":"Person","@id":"https:\/\/radioclanfm.com\/clanespectaculos\/#\/schema\/person\/9734813083303230f3ad84d99171b20c","name":"E-GRUPOCLAN","image":{"@type":"ImageObject","inLanguage":"es-AR","@id":"https:\/\/secure.gravatar.com\/avatar\/af6e19837c3d6a212034a48c7b3818d2ac1826f6025df0155da5a186ad321d79?s=96&d=mm&r=g","url":"https:\/\/secure.gravatar.com\/avatar\/af6e19837c3d6a212034a48c7b3818d2ac1826f6025df0155da5a186ad321d79?s=96&d=mm&r=g","contentUrl":"https:\/\/secure.gravatar.com\/avatar\/af6e19837c3d6a212034a48c7b3818d2ac1826f6025df0155da5a186ad321d79?s=96&d=mm&r=g","caption":"E-GRUPOCLAN"},"sameAs":["https:\/\/radioclanfm.com"],"url":"https:\/\/radioclanfm.com\/clanespectaculos\/author\/admin\/"}]}},"_links":{"self":[{"href":"https:\/\/radioclanfm.com\/clanespectaculos\/wp-json\/wp\/v2\/posts\/12890","targetHints":{"allow":["GET"]}}],"collection":[{"href":"https:\/\/radioclanfm.com\/clanespectaculos\/wp-json\/wp\/v2\/posts"}],"about":[{"href":"https:\/\/radioclanfm.com\/clanespectaculos\/wp-json\/wp\/v2\/types\/post"}],"author":[{"embeddable":true,"href":"https:\/\/radioclanfm.com\/clanespectaculos\/wp-json\/wp\/v2\/users\/1"}],"replies":[{"embeddable":true,"href":"https:\/\/radioclanfm.com\/clanespectaculos\/wp-json\/wp\/v2\/comments?post=12890"}],"version-history":[{"count":1,"href":"https:\/\/radioclanfm.com\/clanespectaculos\/wp-json\/wp\/v2\/posts\/12890\/revisions"}],"predecessor-version":[{"id":12894,"href":"https:\/\/radioclanfm.com\/clanespectaculos\/wp-json\/wp\/v2\/posts\/12890\/revisions\/12894"}],"wp:featuredmedia":[{"embeddable":true,"href":"https:\/\/radioclanfm.com\/clanespectaculos\/wp-json\/wp\/v2\/media\/12893"}],"wp:attachment":[{"href":"https:\/\/radioclanfm.com\/clanespectaculos\/wp-json\/wp\/v2\/media?parent=12890"}],"wp:term":[{"taxonomy":"category","embeddable":true,"href":"https:\/\/radioclanfm.com\/clanespectaculos\/wp-json\/wp\/v2\/categories?post=12890"},{"taxonomy":"post_tag","embeddable":true,"href":"https:\/\/radioclanfm.com\/clanespectaculos\/wp-json\/wp\/v2\/tags?post=12890"}],"curies":[{"name":"wp","href":"https:\/\/api.w.org\/{rel}","templated":true}]}}