{"id":12885,"date":"2026-02-24T22:38:39","date_gmt":"2026-02-25T01:38:39","guid":{"rendered":"https:\/\/radioclanfm.com\/clanespectaculos\/?p=12885"},"modified":"2026-02-24T22:38:39","modified_gmt":"2026-02-25T01:38:39","slug":"se-supo-donde-se-mudara-mauro-icardi-con-la-china-suarez-cuando-se-retire-del-futbol","status":"publish","type":"post","link":"https:\/\/radioclanfm.com\/clanespectaculos\/se-supo-donde-se-mudara-mauro-icardi-con-la-china-suarez-cuando-se-retire-del-futbol\/","title":{"rendered":"Se supo d\u00f3nde se mudar\u00e1 Mauro Icardi con la China Su\u00e1rez cuando se retire del f\u00fatbol"},"content":{"rendered":"<div class=\"col-content\"><main class=\"col-content\"><\/p>\n<div class=\"default-article-color article__body article__article\">\n<p class=\"paragraph font__body-regular\"><b>Mauro Icardi y la China Su\u00e1rez<\/b>\u00a0quedaron otra vez en boca de todos luego de compartir\u00a0<b>postales desde Italia.<\/b>\u00a0Si bien el viaje fue por un importante partido para el futbolista, comenzaron los rumores de que\u00a0<b>la pareja estar\u00eda planeando su futuro en dicho pa\u00eds.<\/b><\/p>\n<div class=\"AV6543bedcd858799fe90b5c47\">\n<div id=\"aniBox\">\n<div id=\"aniplayer_AV6543bedcd858799fe90b5c47-1771983486162\">\n<div id=\"aniplayer_AV6543bedcd858799fe90b5c47-1771983486162gui\">\n<div id=\"av-caption\">\n<div id=\"av-close-btn-overlay\" class=\"av-pos-top-left\"><\/div>\n<\/div>\n<\/div>\n<\/div>\n<\/div>\n<\/div>\n<div id=\"ad-slot-infeed\" class=\"infeed-container ad-slot-infeed ad-slot\" data-adtype=\"infeed\" data-lazyload=\"1\" data-google-query-id=\"CMji5fDA85IDFYo9HgAdnJMfOw\">\n<div id=\"google_ads_iframe_\/113951150\/tn-arc\/nota\/infeed_0__container__\"><\/div>\n<\/div>\n<p class=\"paragraph font__body-regular\">Seg\u00fan la informaci\u00f3n que dio a conocer el periodista Gustavo M\u00e9ndez, los planes de mudarse ser\u00edan<b>\u00a0una vez que el futbolista le ponga fin a su carrera<\/b>, ya que por el momento tiene sus compromisos laborales en Turqu\u00eda.<\/p>\n<p class=\"paragraph font__body-regular\">El partido del Galatasaray ser\u00e1 el 25 de febrero contra Juventus por la UEFA Champions League en Tur\u00edn, y para esta ocasi\u00f3n\u00a0<b>ambos viajaron solos, sin llevar a sus hijos.<\/b><\/p>\n<figure class=\"\" data-testid=\"figure-testid\">\n<div class=\"aspect_ratio__container\"><picture class=\"responsive-image\"><source srcset=\"https:\/\/tn.com.ar\/resizer\/v2\/mauro-icardi-y-la-china-suarez-en-italia-foto-instagrammauroicardi-X7B57UOIFVE2RMCS6DNDPZCTOQ.PNG?auth=a8abe0850fa21dd61d67dd5097b672dba3a0dc18019defabb162b4a54dec156e&amp;width=767\" type=\"image\/jpg\" media=\"(max-width: 728px)\" \/><source srcset=\"https:\/\/tn.com.ar\/resizer\/v2\/mauro-icardi-y-la-china-suarez-en-italia-foto-instagrammauroicardi-X7B57UOIFVE2RMCS6DNDPZCTOQ.PNG?auth=a8abe0850fa21dd61d67dd5097b672dba3a0dc18019defabb162b4a54dec156e&amp;width=1023\" type=\"image\/jpg\" media=\"(max-width: 1023px)\" \/><source srcset=\"https:\/\/tn.com.ar\/resizer\/v2\/mauro-icardi-y-la-china-suarez-en-italia-foto-instagrammauroicardi-X7B57UOIFVE2RMCS6DNDPZCTOQ.PNG?auth=a8abe0850fa21dd61d67dd5097b672dba3a0dc18019defabb162b4a54dec156e&amp;width=1440\" type=\"image\/jpg\" \/><img loading=\"lazy\" decoding=\"async\" class=\"image content-image image_placeholder\" src=\"https:\/\/tn.com.ar\/resizer\/v2\/mauro-icardi-y-la-china-suarez-en-italia-foto-instagrammauroicardi-X7B57UOIFVE2RMCS6DNDPZCTOQ.PNG?auth=a8abe0850fa21dd61d67dd5097b672dba3a0dc18019defabb162b4a54dec156e&amp;width=767\" alt=\"Mauro Icardi y la China Su\u00e1rez en Italia. (Foto: Instagram\/mauroicardi)\" width=\"767\" height=\"434\" data-testid=\"loading-testid\" \/><\/picture><\/div><figcaption class=\"caption_image\" data-testid=\"figcaption-testid\">\n<div class=\"image_caption \">Mauro Icardi y la China Su\u00e1rez en Italia. (Foto: Instagram\/mauroicardi)<\/div>\n<\/figcaption><\/figure>\n<p class=\"paragraph font__body-regular\">Cabe destacar que en las \u00faltimas semanas tambi\u00e9n hubo fuertes rumores de compromiso, pero el delantero todav\u00eda est\u00e1 a\u00a0<b>la espera de que la Justicia de Italia le d\u00e9 el divorcio con Wanda Nara.<\/b><\/p>\n<p class=\"paragraph font__body-regular\">Seg\u00fan explic\u00f3 la panelista Angie Bailbiani en<i>\u00a0Puro Show (eltrece),\u00a0<\/i>all\u00e1 exigen una separaci\u00f3n de hecho que tiene que durar dos a\u00f1os.<b>\u00a0\u201cEl 11 de marzo se cumplen los dos a\u00f1os y ese d\u00eda los abogados de Mauro Icardi van a presentar el divorcio\u201d<\/b>, asegur\u00f3.<\/p>\n<h2 class=\"font--primary font__display\">La foto de Mauro Icardi y la China Su\u00e1rez que despert\u00f3 rumores de compromiso<\/h2>\n<p class=\"paragraph font__body-regular\"><b>La China Su\u00e1rez y Mauro Icardi<\/b>\u00a0compartieron las fotos del festejo de cumplea\u00f1os del futbolista y\u00a0<b>encendieron rumores de compromiso.<\/b><\/p>\n<p class=\"paragraph font__body-regular\">Para esta ocasi\u00f3n, la pareja decidi\u00f3 celebrar con una rom\u00e1ntica<b>\u00a0cena en un palacio de Estambul\u00a0<\/b>que hoy funciona como un hotel de lujo.<\/p>\n<p class=\"paragraph font__body-regular\">En una de las im\u00e1genes que compartieron, un detalle no pas\u00f3 desapercibido para los seguidores:<b>en la mano de la actriz se distingue un anillo llamativo<\/b>, con una piedra importante, y puesto nada m\u00e1s y nada menos que en el dedo anular.<\/p>\n<figure class=\"\" data-testid=\"figure-testid\">\n<div class=\"aspect_ratio__container\"><picture class=\"responsive-image\"><source srcset=\"https:\/\/tn.com.ar\/resizer\/v2\/la-foto-de-mauro-icardi-y-china-suarez-que-desperto-los-rumores-foto-instagramsangrejaponesa-SNZ23B677RBRTCS6U5SZ5EIULA.jpeg?auth=ea2907630c33645b62c3c1635a4aefc8857b5d76a548422a745e622cc0eba1c5&amp;width=767\" type=\"image\/jpg\" media=\"(max-width: 728px)\" \/><source srcset=\"https:\/\/tn.com.ar\/resizer\/v2\/la-foto-de-mauro-icardi-y-china-suarez-que-desperto-los-rumores-foto-instagramsangrejaponesa-SNZ23B677RBRTCS6U5SZ5EIULA.jpeg?auth=ea2907630c33645b62c3c1635a4aefc8857b5d76a548422a745e622cc0eba1c5&amp;width=1023\" type=\"image\/jpg\" media=\"(max-width: 1023px)\" \/><source srcset=\"https:\/\/tn.com.ar\/resizer\/v2\/la-foto-de-mauro-icardi-y-china-suarez-que-desperto-los-rumores-foto-instagramsangrejaponesa-SNZ23B677RBRTCS6U5SZ5EIULA.jpeg?auth=ea2907630c33645b62c3c1635a4aefc8857b5d76a548422a745e622cc0eba1c5&amp;width=1440\" type=\"image\/jpg\" \/><img loading=\"lazy\" decoding=\"async\" class=\"image content-image image_placeholder\" src=\"https:\/\/tn.com.ar\/resizer\/v2\/la-foto-de-mauro-icardi-y-china-suarez-que-desperto-los-rumores-foto-instagramsangrejaponesa-SNZ23B677RBRTCS6U5SZ5EIULA.jpeg?auth=ea2907630c33645b62c3c1635a4aefc8857b5d76a548422a745e622cc0eba1c5&amp;width=767\" alt=\"La foto de Mauro Icardi y China Su\u00e1rez que despert\u00f3 los rumores. (Foto: Instagram\/sangrejaponesa)\" width=\"767\" height=\"668\" data-testid=\"loading-testid\" \/><\/picture><\/div><figcaption class=\"caption_image\" data-testid=\"figcaption-testid\">\n<div class=\"image_caption \">La foto de Mauro Icardi y China Su\u00e1rez que despert\u00f3 los rumores. (Foto: Instagram\/sangrejaponesa)<\/div>\n<\/figcaption><\/figure>\n<p class=\"paragraph font__body-regular\">En ese sentido, cabe destacar que para San Valent\u00edn sus seguidores especularon con que Mauro habr\u00eda aprovechado la fecha para hacer la<b>\u00a0propuesta de matrimonio.<\/b><\/p>\n<p class=\"paragraph font__body-regular\">Seg\u00fan cont\u00f3 el periodista Santiago Sposato, todo se habr\u00eda dado\u00a0<b>en un paseo en barco lleno de rosas.<\/b>\u00a0All\u00ed contrataron un chef privado que cocin\u00f3 cordero para Mauro y risotto para la China.<\/p>\n<\/div>\n<p><\/main><\/div>\n<aside class=\"col-right-rail right-rail\">\n<div id=\"parent-ad-slot-caja\" class=\"ad-container caja_ad \">\n<div class=\"ad-content\"><\/div>\n<\/div>\n<\/aside>\n","protected":false},"excerpt":{"rendered":"<p>Mauro Icardi y la China Su\u00e1rez\u00a0quedaron otra vez en boca de todos luego de compartir\u00a0postales desde Italia.\u00a0Si bien el viaje fue por un importante partido para el futbolista, comenzaron los rumores de que\u00a0la pareja estar\u00eda planeando su futuro en dicho pa\u00eds. Seg\u00fan la informaci\u00f3n que dio a conocer el periodista Gustavo M\u00e9ndez, los planes de [&hellip;]<\/p>\n","protected":false},"author":1,"featured_media":12888,"comment_status":"open","ping_status":"open","sticky":false,"template":"","format":"standard","meta":{"rop_custom_images_group":[],"rop_custom_messages_group":[],"rop_publish_now":"initial","rop_publish_now_accounts":[],"rop_publish_now_history":[],"rop_publish_now_status":"pending","footnotes":"","jetpack_publicize_message":"","jetpack_publicize_feature_enabled":true,"jetpack_social_post_already_shared":true,"jetpack_social_options":{"image_generator_settings":{"template":"highway","enabled":false},"version":2}},"categories":[12],"tags":[],"class_list":{"0":"post-12885","1":"post","2":"type-post","3":"status-publish","4":"format-standard","5":"has-post-thumbnail","7":"category-espectaculos"},"jetpack_publicize_connections":[],"yoast_head":"<!-- This site is optimized with the Yoast SEO plugin v27.3 - https:\/\/yoast.com\/product\/yoast-seo-wordpress\/ -->\n<title>Se supo d\u00f3nde se mudar\u00e1 Mauro Icardi con la China Su\u00e1rez cuando se retire del f\u00fatbol - CLAN ESPECTACULOS<\/title>\n<meta name=\"robots\" content=\"index, follow, max-snippet:-1, max-image-preview:large, max-video-preview:-1\" \/>\n<link rel=\"canonical\" href=\"https:\/\/radioclanfm.com\/clanespectaculos\/se-supo-donde-se-mudara-mauro-icardi-con-la-china-suarez-cuando-se-retire-del-futbol\/\" \/>\n<meta property=\"og:locale\" content=\"es_ES\" \/>\n<meta property=\"og:type\" content=\"article\" \/>\n<meta property=\"og:title\" content=\"Se supo d\u00f3nde se mudar\u00e1 Mauro Icardi con la China Su\u00e1rez cuando se retire del f\u00fatbol - CLAN ESPECTACULOS\" \/>\n<meta property=\"og:description\" content=\"Mauro Icardi y la China Su\u00e1rez\u00a0quedaron otra vez en boca de todos luego de compartir\u00a0postales desde Italia.\u00a0Si bien el viaje fue por un importante partido para el futbolista, comenzaron los rumores de que\u00a0la pareja estar\u00eda planeando su futuro en dicho pa\u00eds. Seg\u00fan la informaci\u00f3n que dio a conocer el periodista Gustavo M\u00e9ndez, los planes de [&hellip;]\" \/>\n<meta property=\"og:url\" content=\"https:\/\/radioclanfm.com\/clanespectaculos\/se-supo-donde-se-mudara-mauro-icardi-con-la-china-suarez-cuando-se-retire-del-futbol\/\" \/>\n<meta property=\"og:site_name\" content=\"CLAN ESPECTACULOS\" \/>\n<meta property=\"article:publisher\" content=\"https:\/\/www.facebook.com\/clanespectaculos\/\" \/>\n<meta property=\"article:published_time\" content=\"2026-02-25T01:38:39+00:00\" \/>\n<meta property=\"og:image\" content=\"https:\/\/radioclanfm.com\/clanespectaculos\/wp-content\/uploads\/sites\/2\/2026\/02\/bEn1NHVh.jpg\" \/>\n\t<meta property=\"og:image:width\" content=\"900\" \/>\n\t<meta property=\"og:image:height\" content=\"505\" \/>\n\t<meta property=\"og:image:type\" content=\"image\/jpeg\" \/>\n<meta name=\"author\" content=\"E-GRUPOCLAN\" \/>\n<meta name=\"twitter:card\" content=\"summary_large_image\" \/>\n<meta name=\"twitter:creator\" content=\"@clanespectok\" \/>\n<meta name=\"twitter:site\" content=\"@clanespectok\" \/>\n<meta name=\"twitter:label1\" content=\"Escrito por\" \/>\n\t<meta name=\"twitter:data1\" content=\"E-GRUPOCLAN\" \/>\n\t<meta name=\"twitter:label2\" content=\"Tiempo de lectura\" \/>\n\t<meta name=\"twitter:data2\" content=\"2 minutos\" \/>\n<script type=\"application\/ld+json\" class=\"yoast-schema-graph\">{\"@context\":\"https:\\\/\\\/schema.org\",\"@graph\":[{\"@type\":\"Article\",\"@id\":\"https:\\\/\\\/radioclanfm.com\\\/clanespectaculos\\\/se-supo-donde-se-mudara-mauro-icardi-con-la-china-suarez-cuando-se-retire-del-futbol\\\/#article\",\"isPartOf\":{\"@id\":\"https:\\\/\\\/radioclanfm.com\\\/clanespectaculos\\\/se-supo-donde-se-mudara-mauro-icardi-con-la-china-suarez-cuando-se-retire-del-futbol\\\/\"},\"author\":{\"name\":\"E-GRUPOCLAN\",\"@id\":\"https:\\\/\\\/radioclanfm.com\\\/clanespectaculos\\\/#\\\/schema\\\/person\\\/9734813083303230f3ad84d99171b20c\"},\"headline\":\"Se supo d\u00f3nde se mudar\u00e1 Mauro Icardi con la China Su\u00e1rez cuando se retire del f\u00fatbol\",\"datePublished\":\"2026-02-25T01:38:39+00:00\",\"mainEntityOfPage\":{\"@id\":\"https:\\\/\\\/radioclanfm.com\\\/clanespectaculos\\\/se-supo-donde-se-mudara-mauro-icardi-con-la-china-suarez-cuando-se-retire-del-futbol\\\/\"},\"wordCount\":423,\"commentCount\":0,\"publisher\":{\"@id\":\"https:\\\/\\\/radioclanfm.com\\\/clanespectaculos\\\/#organization\"},\"image\":{\"@id\":\"https:\\\/\\\/radioclanfm.com\\\/clanespectaculos\\\/se-supo-donde-se-mudara-mauro-icardi-con-la-china-suarez-cuando-se-retire-del-futbol\\\/#primaryimage\"},\"thumbnailUrl\":\"https:\\\/\\\/radioclanfm.com\\\/clanespectaculos\\\/wp-content\\\/uploads\\\/sites\\\/2\\\/2026\\\/02\\\/bEn1NHVh.jpg\",\"articleSection\":[\"Espectaculos\"],\"inLanguage\":\"es-AR\",\"potentialAction\":[{\"@type\":\"CommentAction\",\"name\":\"Comment\",\"target\":[\"https:\\\/\\\/radioclanfm.com\\\/clanespectaculos\\\/se-supo-donde-se-mudara-mauro-icardi-con-la-china-suarez-cuando-se-retire-del-futbol\\\/#respond\"]}]},{\"@type\":\"WebPage\",\"@id\":\"https:\\\/\\\/radioclanfm.com\\\/clanespectaculos\\\/se-supo-donde-se-mudara-mauro-icardi-con-la-china-suarez-cuando-se-retire-del-futbol\\\/\",\"url\":\"https:\\\/\\\/radioclanfm.com\\\/clanespectaculos\\\/se-supo-donde-se-mudara-mauro-icardi-con-la-china-suarez-cuando-se-retire-del-futbol\\\/\",\"name\":\"Se supo d\u00f3nde se mudar\u00e1 Mauro Icardi con la China Su\u00e1rez cuando se retire del f\u00fatbol - CLAN ESPECTACULOS\",\"isPartOf\":{\"@id\":\"https:\\\/\\\/radioclanfm.com\\\/clanespectaculos\\\/#website\"},\"primaryImageOfPage\":{\"@id\":\"https:\\\/\\\/radioclanfm.com\\\/clanespectaculos\\\/se-supo-donde-se-mudara-mauro-icardi-con-la-china-suarez-cuando-se-retire-del-futbol\\\/#primaryimage\"},\"image\":{\"@id\":\"https:\\\/\\\/radioclanfm.com\\\/clanespectaculos\\\/se-supo-donde-se-mudara-mauro-icardi-con-la-china-suarez-cuando-se-retire-del-futbol\\\/#primaryimage\"},\"thumbnailUrl\":\"https:\\\/\\\/radioclanfm.com\\\/clanespectaculos\\\/wp-content\\\/uploads\\\/sites\\\/2\\\/2026\\\/02\\\/bEn1NHVh.jpg\",\"datePublished\":\"2026-02-25T01:38:39+00:00\",\"breadcrumb\":{\"@id\":\"https:\\\/\\\/radioclanfm.com\\\/clanespectaculos\\\/se-supo-donde-se-mudara-mauro-icardi-con-la-china-suarez-cuando-se-retire-del-futbol\\\/#breadcrumb\"},\"inLanguage\":\"es-AR\",\"potentialAction\":[{\"@type\":\"ReadAction\",\"target\":[\"https:\\\/\\\/radioclanfm.com\\\/clanespectaculos\\\/se-supo-donde-se-mudara-mauro-icardi-con-la-china-suarez-cuando-se-retire-del-futbol\\\/\"]}]},{\"@type\":\"ImageObject\",\"inLanguage\":\"es-AR\",\"@id\":\"https:\\\/\\\/radioclanfm.com\\\/clanespectaculos\\\/se-supo-donde-se-mudara-mauro-icardi-con-la-china-suarez-cuando-se-retire-del-futbol\\\/#primaryimage\",\"url\":\"https:\\\/\\\/radioclanfm.com\\\/clanespectaculos\\\/wp-content\\\/uploads\\\/sites\\\/2\\\/2026\\\/02\\\/bEn1NHVh.jpg\",\"contentUrl\":\"https:\\\/\\\/radioclanfm.com\\\/clanespectaculos\\\/wp-content\\\/uploads\\\/sites\\\/2\\\/2026\\\/02\\\/bEn1NHVh.jpg\",\"width\":900,\"height\":505},{\"@type\":\"BreadcrumbList\",\"@id\":\"https:\\\/\\\/radioclanfm.com\\\/clanespectaculos\\\/se-supo-donde-se-mudara-mauro-icardi-con-la-china-suarez-cuando-se-retire-del-futbol\\\/#breadcrumb\",\"itemListElement\":[{\"@type\":\"ListItem\",\"position\":1,\"name\":\"Inicio\",\"item\":\"https:\\\/\\\/radioclanfm.com\\\/clanespectaculos\\\/\"},{\"@type\":\"ListItem\",\"position\":2,\"name\":\"Se supo d\u00f3nde se mudar\u00e1 Mauro Icardi con la China Su\u00e1rez cuando se retire del f\u00fatbol\"}]},{\"@type\":\"WebSite\",\"@id\":\"https:\\\/\\\/radioclanfm.com\\\/clanespectaculos\\\/#website\",\"url\":\"https:\\\/\\\/radioclanfm.com\\\/clanespectaculos\\\/\",\"name\":\"CLAN ESPECTACULOS\",\"description\":\"\",\"publisher\":{\"@id\":\"https:\\\/\\\/radioclanfm.com\\\/clanespectaculos\\\/#organization\"},\"potentialAction\":[{\"@type\":\"SearchAction\",\"target\":{\"@type\":\"EntryPoint\",\"urlTemplate\":\"https:\\\/\\\/radioclanfm.com\\\/clanespectaculos\\\/?s={search_term_string}\"},\"query-input\":{\"@type\":\"PropertyValueSpecification\",\"valueRequired\":true,\"valueName\":\"search_term_string\"}}],\"inLanguage\":\"es-AR\"},{\"@type\":\"Organization\",\"@id\":\"https:\\\/\\\/radioclanfm.com\\\/clanespectaculos\\\/#organization\",\"name\":\"CLAN ESPECTACULOS\",\"url\":\"https:\\\/\\\/radioclanfm.com\\\/clanespectaculos\\\/\",\"logo\":{\"@type\":\"ImageObject\",\"inLanguage\":\"es-AR\",\"@id\":\"https:\\\/\\\/radioclanfm.com\\\/clanespectaculos\\\/#\\\/schema\\\/logo\\\/image\\\/\",\"url\":\"https:\\\/\\\/radioclanfm.com\\\/clanespectaculos\\\/wp-content\\\/uploads\\\/sites\\\/2\\\/2026\\\/04\\\/ChatGPT-Image-23-mar-2026-10_09_00.png\",\"contentUrl\":\"https:\\\/\\\/radioclanfm.com\\\/clanespectaculos\\\/wp-content\\\/uploads\\\/sites\\\/2\\\/2026\\\/04\\\/ChatGPT-Image-23-mar-2026-10_09_00.png\",\"width\":1024,\"height\":1024,\"caption\":\"CLAN ESPECTACULOS\"},\"image\":{\"@id\":\"https:\\\/\\\/radioclanfm.com\\\/clanespectaculos\\\/#\\\/schema\\\/logo\\\/image\\\/\"},\"sameAs\":[\"https:\\\/\\\/www.facebook.com\\\/clanespectaculos\\\/\",\"https:\\\/\\\/x.com\\\/clanespectok\"]},{\"@type\":\"Person\",\"@id\":\"https:\\\/\\\/radioclanfm.com\\\/clanespectaculos\\\/#\\\/schema\\\/person\\\/9734813083303230f3ad84d99171b20c\",\"name\":\"E-GRUPOCLAN\",\"image\":{\"@type\":\"ImageObject\",\"inLanguage\":\"es-AR\",\"@id\":\"https:\\\/\\\/secure.gravatar.com\\\/avatar\\\/af6e19837c3d6a212034a48c7b3818d2ac1826f6025df0155da5a186ad321d79?s=96&d=mm&r=g\",\"url\":\"https:\\\/\\\/secure.gravatar.com\\\/avatar\\\/af6e19837c3d6a212034a48c7b3818d2ac1826f6025df0155da5a186ad321d79?s=96&d=mm&r=g\",\"contentUrl\":\"https:\\\/\\\/secure.gravatar.com\\\/avatar\\\/af6e19837c3d6a212034a48c7b3818d2ac1826f6025df0155da5a186ad321d79?s=96&d=mm&r=g\",\"caption\":\"E-GRUPOCLAN\"},\"sameAs\":[\"https:\\\/\\\/radioclanfm.com\"],\"url\":\"https:\\\/\\\/radioclanfm.com\\\/clanespectaculos\\\/author\\\/admin\\\/\"}]}<\/script>\n<!-- \/ Yoast SEO plugin. -->","yoast_head_json":{"title":"Se supo d\u00f3nde se mudar\u00e1 Mauro Icardi con la China Su\u00e1rez cuando se retire del f\u00fatbol - CLAN ESPECTACULOS","robots":{"index":"index","follow":"follow","max-snippet":"max-snippet:-1","max-image-preview":"max-image-preview:large","max-video-preview":"max-video-preview:-1"},"canonical":"https:\/\/radioclanfm.com\/clanespectaculos\/se-supo-donde-se-mudara-mauro-icardi-con-la-china-suarez-cuando-se-retire-del-futbol\/","og_locale":"es_ES","og_type":"article","og_title":"Se supo d\u00f3nde se mudar\u00e1 Mauro Icardi con la China Su\u00e1rez cuando se retire del f\u00fatbol - CLAN ESPECTACULOS","og_description":"Mauro Icardi y la China Su\u00e1rez\u00a0quedaron otra vez en boca de todos luego de compartir\u00a0postales desde Italia.\u00a0Si bien el viaje fue por un importante partido para el futbolista, comenzaron los rumores de que\u00a0la pareja estar\u00eda planeando su futuro en dicho pa\u00eds. Seg\u00fan la informaci\u00f3n que dio a conocer el periodista Gustavo M\u00e9ndez, los planes de [&hellip;]","og_url":"https:\/\/radioclanfm.com\/clanespectaculos\/se-supo-donde-se-mudara-mauro-icardi-con-la-china-suarez-cuando-se-retire-del-futbol\/","og_site_name":"CLAN ESPECTACULOS","article_publisher":"https:\/\/www.facebook.com\/clanespectaculos\/","article_published_time":"2026-02-25T01:38:39+00:00","og_image":[{"width":900,"height":505,"url":"https:\/\/radioclanfm.com\/clanespectaculos\/wp-content\/uploads\/sites\/2\/2026\/02\/bEn1NHVh.jpg","type":"image\/jpeg"}],"author":"E-GRUPOCLAN","twitter_card":"summary_large_image","twitter_creator":"@clanespectok","twitter_site":"@clanespectok","twitter_misc":{"Escrito por":"E-GRUPOCLAN","Tiempo de lectura":"2 minutos"},"schema":{"@context":"https:\/\/schema.org","@graph":[{"@type":"Article","@id":"https:\/\/radioclanfm.com\/clanespectaculos\/se-supo-donde-se-mudara-mauro-icardi-con-la-china-suarez-cuando-se-retire-del-futbol\/#article","isPartOf":{"@id":"https:\/\/radioclanfm.com\/clanespectaculos\/se-supo-donde-se-mudara-mauro-icardi-con-la-china-suarez-cuando-se-retire-del-futbol\/"},"author":{"name":"E-GRUPOCLAN","@id":"https:\/\/radioclanfm.com\/clanespectaculos\/#\/schema\/person\/9734813083303230f3ad84d99171b20c"},"headline":"Se supo d\u00f3nde se mudar\u00e1 Mauro Icardi con la China Su\u00e1rez cuando se retire del f\u00fatbol","datePublished":"2026-02-25T01:38:39+00:00","mainEntityOfPage":{"@id":"https:\/\/radioclanfm.com\/clanespectaculos\/se-supo-donde-se-mudara-mauro-icardi-con-la-china-suarez-cuando-se-retire-del-futbol\/"},"wordCount":423,"commentCount":0,"publisher":{"@id":"https:\/\/radioclanfm.com\/clanespectaculos\/#organization"},"image":{"@id":"https:\/\/radioclanfm.com\/clanespectaculos\/se-supo-donde-se-mudara-mauro-icardi-con-la-china-suarez-cuando-se-retire-del-futbol\/#primaryimage"},"thumbnailUrl":"https:\/\/radioclanfm.com\/clanespectaculos\/wp-content\/uploads\/sites\/2\/2026\/02\/bEn1NHVh.jpg","articleSection":["Espectaculos"],"inLanguage":"es-AR","potentialAction":[{"@type":"CommentAction","name":"Comment","target":["https:\/\/radioclanfm.com\/clanespectaculos\/se-supo-donde-se-mudara-mauro-icardi-con-la-china-suarez-cuando-se-retire-del-futbol\/#respond"]}]},{"@type":"WebPage","@id":"https:\/\/radioclanfm.com\/clanespectaculos\/se-supo-donde-se-mudara-mauro-icardi-con-la-china-suarez-cuando-se-retire-del-futbol\/","url":"https:\/\/radioclanfm.com\/clanespectaculos\/se-supo-donde-se-mudara-mauro-icardi-con-la-china-suarez-cuando-se-retire-del-futbol\/","name":"Se supo d\u00f3nde se mudar\u00e1 Mauro Icardi con la China Su\u00e1rez cuando se retire del f\u00fatbol - CLAN ESPECTACULOS","isPartOf":{"@id":"https:\/\/radioclanfm.com\/clanespectaculos\/#website"},"primaryImageOfPage":{"@id":"https:\/\/radioclanfm.com\/clanespectaculos\/se-supo-donde-se-mudara-mauro-icardi-con-la-china-suarez-cuando-se-retire-del-futbol\/#primaryimage"},"image":{"@id":"https:\/\/radioclanfm.com\/clanespectaculos\/se-supo-donde-se-mudara-mauro-icardi-con-la-china-suarez-cuando-se-retire-del-futbol\/#primaryimage"},"thumbnailUrl":"https:\/\/radioclanfm.com\/clanespectaculos\/wp-content\/uploads\/sites\/2\/2026\/02\/bEn1NHVh.jpg","datePublished":"2026-02-25T01:38:39+00:00","breadcrumb":{"@id":"https:\/\/radioclanfm.com\/clanespectaculos\/se-supo-donde-se-mudara-mauro-icardi-con-la-china-suarez-cuando-se-retire-del-futbol\/#breadcrumb"},"inLanguage":"es-AR","potentialAction":[{"@type":"ReadAction","target":["https:\/\/radioclanfm.com\/clanespectaculos\/se-supo-donde-se-mudara-mauro-icardi-con-la-china-suarez-cuando-se-retire-del-futbol\/"]}]},{"@type":"ImageObject","inLanguage":"es-AR","@id":"https:\/\/radioclanfm.com\/clanespectaculos\/se-supo-donde-se-mudara-mauro-icardi-con-la-china-suarez-cuando-se-retire-del-futbol\/#primaryimage","url":"https:\/\/radioclanfm.com\/clanespectaculos\/wp-content\/uploads\/sites\/2\/2026\/02\/bEn1NHVh.jpg","contentUrl":"https:\/\/radioclanfm.com\/clanespectaculos\/wp-content\/uploads\/sites\/2\/2026\/02\/bEn1NHVh.jpg","width":900,"height":505},{"@type":"BreadcrumbList","@id":"https:\/\/radioclanfm.com\/clanespectaculos\/se-supo-donde-se-mudara-mauro-icardi-con-la-china-suarez-cuando-se-retire-del-futbol\/#breadcrumb","itemListElement":[{"@type":"ListItem","position":1,"name":"Inicio","item":"https:\/\/radioclanfm.com\/clanespectaculos\/"},{"@type":"ListItem","position":2,"name":"Se supo d\u00f3nde se mudar\u00e1 Mauro Icardi con la China Su\u00e1rez cuando se retire del f\u00fatbol"}]},{"@type":"WebSite","@id":"https:\/\/radioclanfm.com\/clanespectaculos\/#website","url":"https:\/\/radioclanfm.com\/clanespectaculos\/","name":"CLAN ESPECTACULOS","description":"","publisher":{"@id":"https:\/\/radioclanfm.com\/clanespectaculos\/#organization"},"potentialAction":[{"@type":"SearchAction","target":{"@type":"EntryPoint","urlTemplate":"https:\/\/radioclanfm.com\/clanespectaculos\/?s={search_term_string}"},"query-input":{"@type":"PropertyValueSpecification","valueRequired":true,"valueName":"search_term_string"}}],"inLanguage":"es-AR"},{"@type":"Organization","@id":"https:\/\/radioclanfm.com\/clanespectaculos\/#organization","name":"CLAN ESPECTACULOS","url":"https:\/\/radioclanfm.com\/clanespectaculos\/","logo":{"@type":"ImageObject","inLanguage":"es-AR","@id":"https:\/\/radioclanfm.com\/clanespectaculos\/#\/schema\/logo\/image\/","url":"https:\/\/radioclanfm.com\/clanespectaculos\/wp-content\/uploads\/sites\/2\/2026\/04\/ChatGPT-Image-23-mar-2026-10_09_00.png","contentUrl":"https:\/\/radioclanfm.com\/clanespectaculos\/wp-content\/uploads\/sites\/2\/2026\/04\/ChatGPT-Image-23-mar-2026-10_09_00.png","width":1024,"height":1024,"caption":"CLAN ESPECTACULOS"},"image":{"@id":"https:\/\/radioclanfm.com\/clanespectaculos\/#\/schema\/logo\/image\/"},"sameAs":["https:\/\/www.facebook.com\/clanespectaculos\/","https:\/\/x.com\/clanespectok"]},{"@type":"Person","@id":"https:\/\/radioclanfm.com\/clanespectaculos\/#\/schema\/person\/9734813083303230f3ad84d99171b20c","name":"E-GRUPOCLAN","image":{"@type":"ImageObject","inLanguage":"es-AR","@id":"https:\/\/secure.gravatar.com\/avatar\/af6e19837c3d6a212034a48c7b3818d2ac1826f6025df0155da5a186ad321d79?s=96&d=mm&r=g","url":"https:\/\/secure.gravatar.com\/avatar\/af6e19837c3d6a212034a48c7b3818d2ac1826f6025df0155da5a186ad321d79?s=96&d=mm&r=g","contentUrl":"https:\/\/secure.gravatar.com\/avatar\/af6e19837c3d6a212034a48c7b3818d2ac1826f6025df0155da5a186ad321d79?s=96&d=mm&r=g","caption":"E-GRUPOCLAN"},"sameAs":["https:\/\/radioclanfm.com"],"url":"https:\/\/radioclanfm.com\/clanespectaculos\/author\/admin\/"}]}},"_links":{"self":[{"href":"https:\/\/radioclanfm.com\/clanespectaculos\/wp-json\/wp\/v2\/posts\/12885","targetHints":{"allow":["GET"]}}],"collection":[{"href":"https:\/\/radioclanfm.com\/clanespectaculos\/wp-json\/wp\/v2\/posts"}],"about":[{"href":"https:\/\/radioclanfm.com\/clanespectaculos\/wp-json\/wp\/v2\/types\/post"}],"author":[{"embeddable":true,"href":"https:\/\/radioclanfm.com\/clanespectaculos\/wp-json\/wp\/v2\/users\/1"}],"replies":[{"embeddable":true,"href":"https:\/\/radioclanfm.com\/clanespectaculos\/wp-json\/wp\/v2\/comments?post=12885"}],"version-history":[{"count":1,"href":"https:\/\/radioclanfm.com\/clanespectaculos\/wp-json\/wp\/v2\/posts\/12885\/revisions"}],"predecessor-version":[{"id":12889,"href":"https:\/\/radioclanfm.com\/clanespectaculos\/wp-json\/wp\/v2\/posts\/12885\/revisions\/12889"}],"wp:featuredmedia":[{"embeddable":true,"href":"https:\/\/radioclanfm.com\/clanespectaculos\/wp-json\/wp\/v2\/media\/12888"}],"wp:attachment":[{"href":"https:\/\/radioclanfm.com\/clanespectaculos\/wp-json\/wp\/v2\/media?parent=12885"}],"wp:term":[{"taxonomy":"category","embeddable":true,"href":"https:\/\/radioclanfm.com\/clanespectaculos\/wp-json\/wp\/v2\/categories?post=12885"},{"taxonomy":"post_tag","embeddable":true,"href":"https:\/\/radioclanfm.com\/clanespectaculos\/wp-json\/wp\/v2\/tags?post=12885"}],"curies":[{"name":"wp","href":"https:\/\/api.w.org\/{rel}","templated":true}]}}