{"id":12880,"date":"2026-02-24T22:37:11","date_gmt":"2026-02-25T01:37:11","guid":{"rendered":"https:\/\/radioclanfm.com\/clanespectaculos\/?p=12880"},"modified":"2026-02-24T22:37:11","modified_gmt":"2026-02-25T01:37:11","slug":"felipe-fort-hablo-sobre-sus-experiencias-sexuales-y-dejo-sin-palabras-a-martin-cirio-full-honest","status":"publish","type":"post","link":"https:\/\/radioclanfm.com\/clanespectaculos\/felipe-fort-hablo-sobre-sus-experiencias-sexuales-y-dejo-sin-palabras-a-martin-cirio-full-honest\/","title":{"rendered":"Felipe Fort habl\u00f3 sobre sus experiencias sexuales y dej\u00f3 sin palabras a Mart\u00edn Cirio: \u201cFull honest\u201d"},"content":{"rendered":"<div class=\"col-content\"><main class=\"col-content\"><\/p>\n<div class=\"default-article-color article__body article__article\">\n<p class=\"paragraph font__body-regular\"><b>Marta<\/b>\u00a0y\u00a0<b>Felipe Fort<\/b>\u00a0hablaron de sus experiencias sexuales en un stream con\u00a0<b>Mart\u00edn Cirio<\/b>. El clip no tard\u00f3 en viralizarse en redes sociales, donde los usuarios hicieron todo tipo de comentarios.<\/p>\n<div class=\"AV6543bedcd858799fe90b5c47\">\n<div id=\"aniBox\">\n<div id=\"aniplayer_AV6543bedcd858799fe90b5c47-1771983349651\">\n<div id=\"aniplayer_AV6543bedcd858799fe90b5c47-1771983349651gui\">\n<div id=\"av-caption\">\n<div id=\"av-close-btn-overlay\" class=\"av-pos-top-left\"><\/div>\n<\/div>\n<\/div>\n<\/div>\n<\/div>\n<\/div>\n<div id=\"ad-slot-infeed\" class=\"infeed-container ad-slot-infeed ad-slot\" data-adtype=\"infeed\" data-lazyload=\"1\" data-google-query-id=\"CJ7-wK_A85IDFSeKYQYdYsQkzQ\">\n<div id=\"google_ads_iframe_\/113951150\/tn-arc\/nota\/infeed_0__container__\"><\/div>\n<\/div>\n<p class=\"paragraph font__body-regular\">En un mano a mano con el influencer, los hermanos hablaron de su vida privada, de la exposici\u00f3n y tambi\u00e9n recordaron a su pap\u00e1,\u00a0Ricardo Fort. Sin embargo, uno de los clips que m\u00e1s se viraliz\u00f3 fue cuando se refirieron a su sexualidad.<\/p>\n<p class=\"paragraph font__body-regular\"><b>\u201cSiento que van a lugares gay&#8230; \u00bfSon bi?\u201d<\/b>, quiso saber el conductor. Marta respondi\u00f3:\u00a0<b>\u201cYo lo fui. Yo prob\u00e9 todo. Prob\u00e9 y volv\u00ed\u201d.<\/b><\/p>\n<p class=\"paragraph font__body-regular\">A su turno, Felipe coment\u00f3: \u201cFui bi en un momento que no sab\u00eda ni lo que quer\u00eda\u201d. Marta coincidi\u00f3 con su hermano y explic\u00f3:\u00a0<b>\u201cYo en ese momento no me cerr\u00e9 a nada. Prob\u00e9 lo que prob\u00e9. Y ahora me gustan los hombres\u201d.<\/b><\/p>\n<figure class=\"\" data-testid=\"figure-testid\">\n<div class=\"aspect_ratio__container\"><picture class=\"responsive-image\"><source srcset=\"https:\/\/tn.com.ar\/resizer\/v2\/marta-y-felipe-fort-hablaron-de-su-sexualidad-en-un-stream-con-martin-cirio-y-se-volvieron-virales-foto-captura-youtube-67XVYUCD4BAXFL2GCYUEP2WENM.png?auth=3208fc2b9f119e5e0b3cafaa34359d693243280dc6423341f28521146a35765d&amp;width=767\" type=\"image\/jpg\" media=\"(max-width: 728px)\" \/><source srcset=\"https:\/\/tn.com.ar\/resizer\/v2\/marta-y-felipe-fort-hablaron-de-su-sexualidad-en-un-stream-con-martin-cirio-y-se-volvieron-virales-foto-captura-youtube-67XVYUCD4BAXFL2GCYUEP2WENM.png?auth=3208fc2b9f119e5e0b3cafaa34359d693243280dc6423341f28521146a35765d&amp;width=1023\" type=\"image\/jpg\" media=\"(max-width: 1023px)\" \/><source srcset=\"https:\/\/tn.com.ar\/resizer\/v2\/marta-y-felipe-fort-hablaron-de-su-sexualidad-en-un-stream-con-martin-cirio-y-se-volvieron-virales-foto-captura-youtube-67XVYUCD4BAXFL2GCYUEP2WENM.png?auth=3208fc2b9f119e5e0b3cafaa34359d693243280dc6423341f28521146a35765d&amp;width=1440\" type=\"image\/jpg\" \/><img loading=\"lazy\" decoding=\"async\" class=\"image content-image image_placeholder\" src=\"https:\/\/tn.com.ar\/resizer\/v2\/marta-y-felipe-fort-hablaron-de-su-sexualidad-en-un-stream-con-martin-cirio-y-se-volvieron-virales-foto-captura-youtube-67XVYUCD4BAXFL2GCYUEP2WENM.png?auth=3208fc2b9f119e5e0b3cafaa34359d693243280dc6423341f28521146a35765d&amp;width=767\" alt=\"Marta y Felipe Fort hablaron de su sexualidad en un stream con Mart\u00edn Cirio y se volvieron virales (Foto: Captura Youtube)\" width=\"767\" height=\"561\" data-testid=\"loading-testid\" \/><\/picture><\/div><figcaption class=\"caption_image\" data-testid=\"figcaption-testid\">\n<div class=\"image_caption \">Marta y Felipe Fort hablaron de su sexualidad en un stream con Mart\u00edn Cirio y se volvieron virales (Foto: Captura Youtube)<\/div>\n<\/figcaption><\/figure>\n<p class=\"paragraph font__body-regular\">Consultado por Cirio, Felipe lanz\u00f3<b>: \u201cFull honest, lo \u00fanico que he probado es que me han chupado&#8230; una vez y ya est\u00e1<\/b>\u201d.<\/p>\n<p class=\"paragraph font__body-regular\"><b>\u201cYo me considero una persona hetero<\/b>, pero, qu\u00e9 s\u00e9 yo. O sea, nunca me c&#8230; a un flaco, pero por qu\u00e9 no.\u00a0<b>El p&#8230; a m\u00ed no me gusta. Pero una boca es una boca<\/b>, qu\u00e9 s\u00e9 yo\u201d, lanz\u00f3.<\/p>\n<h2 class=\"font--primary font__display\">Felipe Fort mostr\u00f3 un talento oculto y sorprendi\u00f3 a sus seguidores: \u201c\u00bfAlg\u00fan consejo?\u201d<\/h2>\n<p class=\"paragraph font__body-regular\">A los\u00a0<b>21 a\u00f1os<\/b>,\u00a0<b>Felipe Fort<\/b>\u00a0no deja de reinventarse y de captar la atenci\u00f3n de todos. El hijo de\u00a0<b>Ricardo Fort<\/b>\u00a0se convirti\u00f3 en una figura habitual en las redes sociales, donde comparte desde viajes y proyectos empresariales hasta momentos \u00edntimos de su d\u00eda a d\u00eda. Pero esta vez, fue su costado m\u00e1s art\u00edstico el que dio que hablar:\u00a0<b>se anim\u00f3 a mostrar su habilidad con la guitarra el\u00e9ctrica y sorprendi\u00f3 a sus seguidores<\/b>.<\/p>\n<div class=\"genoa_video raw relative\">\n<div class=\"video_placeholder\">\n<div class=\"aspect_ratio__container\"><picture class=\"responsive-image\"><source srcset=\"https:\/\/tn.com.ar\/resizer\/v2\/https%3A%2F%2Fthumbs.vodgc.net%2F1-14-pisyVC1771782288920-1771782326.jpg?auth=8b677f7e03a74e59e8e6f1aa6987ed4fa8641095ba202bc909bc9e4d8d69a90e&amp;width=767\" type=\"image\/jpg\" media=\"(max-width: 728px)\" \/><source srcset=\"https:\/\/tn.com.ar\/resizer\/v2\/https%3A%2F%2Fthumbs.vodgc.net%2F1-14-pisyVC1771782288920-1771782326.jpg?auth=8b677f7e03a74e59e8e6f1aa6987ed4fa8641095ba202bc909bc9e4d8d69a90e&amp;width=1023\" type=\"image\/jpg\" media=\"(max-width: 1023px)\" \/><source srcset=\"https:\/\/tn.com.ar\/resizer\/v2\/https%3A%2F%2Fthumbs.vodgc.net%2F1-14-pisyVC1771782288920-1771782326.jpg?auth=8b677f7e03a74e59e8e6f1aa6987ed4fa8641095ba202bc909bc9e4d8d69a90e&amp;width=1440\" type=\"image\/jpg\" \/><\/picture><\/div>\n<blockquote class=\"tiktok-embed\" cite=\"https:\/\/www.tiktok.com\/@soyrololopez\/video\/7610522450882858257\" data-video-id=\"7610522450882858257\" data-embed-from=\"oembed\" style=\"max-width:605px; min-width:325px;\">\n<section> <a target=\"_blank\" title=\"@soyrololopez\" href=\"https:\/\/www.tiktok.com\/@soyrololopez?refer=embed\">@soyrololopez<\/a> <\/p>\n<p><a title=\"martincirio\" target=\"_blank\" href=\"https:\/\/www.tiktok.com\/tag\/martincirio?refer=embed\">#MartinCirio<\/a> <a title=\"maradona\" target=\"_blank\" href=\"https:\/\/www.tiktok.com\/tag\/maradona?refer=embed\">#Maradona<\/a><\/p>\n<p> <a target=\"_blank\" title=\"\u266c sonido original - \ud835\udc11\ud835\udc0e\ud835\udc0b\ud835\udc0e \ud835\udc0b\ud835\udc0e\ud835\udc0f\ud835\udc04\ud835\udc19 - \ud835\udc11\ud835\udc0e\ud835\udc0b\ud835\udc0e \ud835\udc0b\ud835\udc0e\ud835\udc0f\ud835\udc04\ud835\udc19\" href=\"https:\/\/www.tiktok.com\/music\/sonido-original-\ud835\udc11\ud835\udc0e\ud835\udc0b\ud835\udc0e-\ud835\udc0b\ud835\udc0e\ud835\udc0f\ud835\udc04\ud835\udc19-7610522912038177554?refer=embed\">\u266c sonido original &#8211; \ud835\udc11\ud835\udc0e\ud835\udc0b\ud835\udc0e \ud835\udc0b\ud835\udc0e\ud835\udc0f\ud835\udc04\ud835\udc19 &#8211; \ud835\udc11\ud835\udc0e\ud835\udc0b\ud835\udc0e \ud835\udc0b\ud835\udc0e\ud835\udc0f\ud835\udc04\ud835\udc19<\/a> <\/section>\n<\/blockquote>\n<p> <script async src=\"https:\/\/www.tiktok.com\/embed.js\"><\/script><\/p>\n<\/div>\n<\/div>\n<div class=\"genoa_description font__body-regular\">Felipe Fort mostr\u00f3 un talento oculto y sorprendi\u00f3 a sus seguidores (Foto: Instagram\/felipe_fort_)<\/div>\n<p class=\"paragraph font__body-regular\">El joven public\u00f3 un video en sus historias de Instagram donde se lo vio tocando la guitarra, concentrado y disfrutando del momento. \u201c<b>\u00bfAlg\u00fan consejo?<\/b>\u201d, escribi\u00f3, invitando a sus seguidores a sumarse a su nueva pasi\u00f3n. La respuesta fue inmediata: miles de usuarios destacaron su destreza y celebraron que se anime a explorar nuevos caminos m\u00e1s all\u00e1 del apellido y el legado familiar.<\/p>\n<p class=\"paragraph font__body-regular\">Al igual que su pap\u00e1, que brillaba con sus presentaciones en Bailando por un sue\u00f1o,\u00a0<b>Felipe demostr\u00f3 ser un apasionado de la m\u00fasica y comparti\u00f3 su talento oculto.<\/b><\/p>\n<\/div>\n<p><\/main><\/div>\n<aside class=\"col-right-rail right-rail\">\n<div id=\"parent-ad-slot-caja\" class=\"ad-container caja_ad \">\n<div class=\"ad-content\">\n<div id=\"ad-slot-caja\" class=\"ad-slot-caja ad-slot\" data-adtype=\"caja\" data-lazyload=\"1\" data-google-query-id=\"CK6swK_A85IDFfqDYQYdEe8DNQ\"><\/div>\n<\/div>\n<\/div>\n<\/aside>\n","protected":false},"excerpt":{"rendered":"<p>Marta\u00a0y\u00a0Felipe Fort\u00a0hablaron de sus experiencias sexuales en un stream con\u00a0Mart\u00edn Cirio. El clip no tard\u00f3 en viralizarse en redes sociales, donde los usuarios hicieron todo tipo de comentarios. En un mano a mano con el influencer, los hermanos hablaron de su vida privada, de la exposici\u00f3n y tambi\u00e9n recordaron a su pap\u00e1,\u00a0Ricardo Fort. Sin embargo, [&hellip;]<\/p>\n","protected":false},"author":1,"featured_media":12883,"comment_status":"open","ping_status":"open","sticky":false,"template":"","format":"standard","meta":{"rop_custom_images_group":[],"rop_custom_messages_group":[],"rop_publish_now":"initial","rop_publish_now_accounts":[],"rop_publish_now_history":[],"rop_publish_now_status":"pending","footnotes":"","jetpack_publicize_message":"","jetpack_publicize_feature_enabled":true,"jetpack_social_post_already_shared":true,"jetpack_social_options":{"image_generator_settings":{"template":"highway","enabled":false},"version":2}},"categories":[12],"tags":[],"class_list":{"0":"post-12880","1":"post","2":"type-post","3":"status-publish","4":"format-standard","5":"has-post-thumbnail","7":"category-espectaculos"},"jetpack_publicize_connections":[],"yoast_head":"<!-- This site is optimized with the Yoast SEO plugin v27.3 - https:\/\/yoast.com\/product\/yoast-seo-wordpress\/ -->\n<title>Felipe Fort habl\u00f3 sobre sus experiencias sexuales y dej\u00f3 sin palabras a Mart\u00edn Cirio: \u201cFull honest\u201d - CLAN ESPECTACULOS<\/title>\n<meta name=\"robots\" content=\"index, follow, max-snippet:-1, max-image-preview:large, max-video-preview:-1\" \/>\n<link rel=\"canonical\" href=\"https:\/\/radioclanfm.com\/clanespectaculos\/felipe-fort-hablo-sobre-sus-experiencias-sexuales-y-dejo-sin-palabras-a-martin-cirio-full-honest\/\" \/>\n<meta property=\"og:locale\" content=\"es_ES\" \/>\n<meta property=\"og:type\" content=\"article\" \/>\n<meta property=\"og:title\" content=\"Felipe Fort habl\u00f3 sobre sus experiencias sexuales y dej\u00f3 sin palabras a Mart\u00edn Cirio: \u201cFull honest\u201d - CLAN ESPECTACULOS\" \/>\n<meta property=\"og:description\" content=\"Marta\u00a0y\u00a0Felipe Fort\u00a0hablaron de sus experiencias sexuales en un stream con\u00a0Mart\u00edn Cirio. El clip no tard\u00f3 en viralizarse en redes sociales, donde los usuarios hicieron todo tipo de comentarios. En un mano a mano con el influencer, los hermanos hablaron de su vida privada, de la exposici\u00f3n y tambi\u00e9n recordaron a su pap\u00e1,\u00a0Ricardo Fort. Sin embargo, [&hellip;]\" \/>\n<meta property=\"og:url\" content=\"https:\/\/radioclanfm.com\/clanespectaculos\/felipe-fort-hablo-sobre-sus-experiencias-sexuales-y-dejo-sin-palabras-a-martin-cirio-full-honest\/\" \/>\n<meta property=\"og:site_name\" content=\"CLAN ESPECTACULOS\" \/>\n<meta property=\"article:publisher\" content=\"https:\/\/www.facebook.com\/clanespectaculos\/\" \/>\n<meta property=\"article:published_time\" content=\"2026-02-25T01:37:11+00:00\" \/>\n<meta property=\"og:image\" content=\"https:\/\/radioclanfm.com\/clanespectaculos\/wp-content\/uploads\/sites\/2\/2026\/02\/S5c8tx0-.jpg\" \/>\n\t<meta property=\"og:image:width\" content=\"900\" \/>\n\t<meta property=\"og:image:height\" content=\"505\" \/>\n\t<meta property=\"og:image:type\" content=\"image\/jpeg\" \/>\n<meta name=\"author\" content=\"E-GRUPOCLAN\" \/>\n<meta name=\"twitter:card\" content=\"summary_large_image\" \/>\n<meta name=\"twitter:creator\" content=\"@clanespectok\" \/>\n<meta name=\"twitter:site\" content=\"@clanespectok\" \/>\n<meta name=\"twitter:label1\" content=\"Escrito por\" \/>\n\t<meta name=\"twitter:data1\" content=\"E-GRUPOCLAN\" \/>\n\t<meta name=\"twitter:label2\" content=\"Tiempo de lectura\" \/>\n\t<meta name=\"twitter:data2\" content=\"2 minutos\" \/>\n<script type=\"application\/ld+json\" class=\"yoast-schema-graph\">{\"@context\":\"https:\\\/\\\/schema.org\",\"@graph\":[{\"@type\":\"Article\",\"@id\":\"https:\\\/\\\/radioclanfm.com\\\/clanespectaculos\\\/felipe-fort-hablo-sobre-sus-experiencias-sexuales-y-dejo-sin-palabras-a-martin-cirio-full-honest\\\/#article\",\"isPartOf\":{\"@id\":\"https:\\\/\\\/radioclanfm.com\\\/clanespectaculos\\\/felipe-fort-hablo-sobre-sus-experiencias-sexuales-y-dejo-sin-palabras-a-martin-cirio-full-honest\\\/\"},\"author\":{\"name\":\"E-GRUPOCLAN\",\"@id\":\"https:\\\/\\\/radioclanfm.com\\\/clanespectaculos\\\/#\\\/schema\\\/person\\\/9734813083303230f3ad84d99171b20c\"},\"headline\":\"Felipe Fort habl\u00f3 sobre sus experiencias sexuales y dej\u00f3 sin palabras a Mart\u00edn Cirio: \u201cFull honest\u201d\",\"datePublished\":\"2026-02-25T01:37:11+00:00\",\"mainEntityOfPage\":{\"@id\":\"https:\\\/\\\/radioclanfm.com\\\/clanespectaculos\\\/felipe-fort-hablo-sobre-sus-experiencias-sexuales-y-dejo-sin-palabras-a-martin-cirio-full-honest\\\/\"},\"wordCount\":468,\"commentCount\":0,\"publisher\":{\"@id\":\"https:\\\/\\\/radioclanfm.com\\\/clanespectaculos\\\/#organization\"},\"image\":{\"@id\":\"https:\\\/\\\/radioclanfm.com\\\/clanespectaculos\\\/felipe-fort-hablo-sobre-sus-experiencias-sexuales-y-dejo-sin-palabras-a-martin-cirio-full-honest\\\/#primaryimage\"},\"thumbnailUrl\":\"https:\\\/\\\/radioclanfm.com\\\/clanespectaculos\\\/wp-content\\\/uploads\\\/sites\\\/2\\\/2026\\\/02\\\/S5c8tx0-.jpg\",\"articleSection\":[\"Espectaculos\"],\"inLanguage\":\"es-AR\",\"potentialAction\":[{\"@type\":\"CommentAction\",\"name\":\"Comment\",\"target\":[\"https:\\\/\\\/radioclanfm.com\\\/clanespectaculos\\\/felipe-fort-hablo-sobre-sus-experiencias-sexuales-y-dejo-sin-palabras-a-martin-cirio-full-honest\\\/#respond\"]}]},{\"@type\":\"WebPage\",\"@id\":\"https:\\\/\\\/radioclanfm.com\\\/clanespectaculos\\\/felipe-fort-hablo-sobre-sus-experiencias-sexuales-y-dejo-sin-palabras-a-martin-cirio-full-honest\\\/\",\"url\":\"https:\\\/\\\/radioclanfm.com\\\/clanespectaculos\\\/felipe-fort-hablo-sobre-sus-experiencias-sexuales-y-dejo-sin-palabras-a-martin-cirio-full-honest\\\/\",\"name\":\"Felipe Fort habl\u00f3 sobre sus experiencias sexuales y dej\u00f3 sin palabras a Mart\u00edn Cirio: \u201cFull honest\u201d - CLAN ESPECTACULOS\",\"isPartOf\":{\"@id\":\"https:\\\/\\\/radioclanfm.com\\\/clanespectaculos\\\/#website\"},\"primaryImageOfPage\":{\"@id\":\"https:\\\/\\\/radioclanfm.com\\\/clanespectaculos\\\/felipe-fort-hablo-sobre-sus-experiencias-sexuales-y-dejo-sin-palabras-a-martin-cirio-full-honest\\\/#primaryimage\"},\"image\":{\"@id\":\"https:\\\/\\\/radioclanfm.com\\\/clanespectaculos\\\/felipe-fort-hablo-sobre-sus-experiencias-sexuales-y-dejo-sin-palabras-a-martin-cirio-full-honest\\\/#primaryimage\"},\"thumbnailUrl\":\"https:\\\/\\\/radioclanfm.com\\\/clanespectaculos\\\/wp-content\\\/uploads\\\/sites\\\/2\\\/2026\\\/02\\\/S5c8tx0-.jpg\",\"datePublished\":\"2026-02-25T01:37:11+00:00\",\"breadcrumb\":{\"@id\":\"https:\\\/\\\/radioclanfm.com\\\/clanespectaculos\\\/felipe-fort-hablo-sobre-sus-experiencias-sexuales-y-dejo-sin-palabras-a-martin-cirio-full-honest\\\/#breadcrumb\"},\"inLanguage\":\"es-AR\",\"potentialAction\":[{\"@type\":\"ReadAction\",\"target\":[\"https:\\\/\\\/radioclanfm.com\\\/clanespectaculos\\\/felipe-fort-hablo-sobre-sus-experiencias-sexuales-y-dejo-sin-palabras-a-martin-cirio-full-honest\\\/\"]}]},{\"@type\":\"ImageObject\",\"inLanguage\":\"es-AR\",\"@id\":\"https:\\\/\\\/radioclanfm.com\\\/clanespectaculos\\\/felipe-fort-hablo-sobre-sus-experiencias-sexuales-y-dejo-sin-palabras-a-martin-cirio-full-honest\\\/#primaryimage\",\"url\":\"https:\\\/\\\/radioclanfm.com\\\/clanespectaculos\\\/wp-content\\\/uploads\\\/sites\\\/2\\\/2026\\\/02\\\/S5c8tx0-.jpg\",\"contentUrl\":\"https:\\\/\\\/radioclanfm.com\\\/clanespectaculos\\\/wp-content\\\/uploads\\\/sites\\\/2\\\/2026\\\/02\\\/S5c8tx0-.jpg\",\"width\":900,\"height\":505},{\"@type\":\"BreadcrumbList\",\"@id\":\"https:\\\/\\\/radioclanfm.com\\\/clanespectaculos\\\/felipe-fort-hablo-sobre-sus-experiencias-sexuales-y-dejo-sin-palabras-a-martin-cirio-full-honest\\\/#breadcrumb\",\"itemListElement\":[{\"@type\":\"ListItem\",\"position\":1,\"name\":\"Inicio\",\"item\":\"https:\\\/\\\/radioclanfm.com\\\/clanespectaculos\\\/\"},{\"@type\":\"ListItem\",\"position\":2,\"name\":\"Felipe Fort habl\u00f3 sobre sus experiencias sexuales y dej\u00f3 sin palabras a Mart\u00edn Cirio: \u201cFull honest\u201d\"}]},{\"@type\":\"WebSite\",\"@id\":\"https:\\\/\\\/radioclanfm.com\\\/clanespectaculos\\\/#website\",\"url\":\"https:\\\/\\\/radioclanfm.com\\\/clanespectaculos\\\/\",\"name\":\"CLAN ESPECTACULOS\",\"description\":\"\",\"publisher\":{\"@id\":\"https:\\\/\\\/radioclanfm.com\\\/clanespectaculos\\\/#organization\"},\"potentialAction\":[{\"@type\":\"SearchAction\",\"target\":{\"@type\":\"EntryPoint\",\"urlTemplate\":\"https:\\\/\\\/radioclanfm.com\\\/clanespectaculos\\\/?s={search_term_string}\"},\"query-input\":{\"@type\":\"PropertyValueSpecification\",\"valueRequired\":true,\"valueName\":\"search_term_string\"}}],\"inLanguage\":\"es-AR\"},{\"@type\":\"Organization\",\"@id\":\"https:\\\/\\\/radioclanfm.com\\\/clanespectaculos\\\/#organization\",\"name\":\"CLAN ESPECTACULOS\",\"url\":\"https:\\\/\\\/radioclanfm.com\\\/clanespectaculos\\\/\",\"logo\":{\"@type\":\"ImageObject\",\"inLanguage\":\"es-AR\",\"@id\":\"https:\\\/\\\/radioclanfm.com\\\/clanespectaculos\\\/#\\\/schema\\\/logo\\\/image\\\/\",\"url\":\"https:\\\/\\\/radioclanfm.com\\\/clanespectaculos\\\/wp-content\\\/uploads\\\/sites\\\/2\\\/2026\\\/04\\\/ChatGPT-Image-23-mar-2026-10_09_00.png\",\"contentUrl\":\"https:\\\/\\\/radioclanfm.com\\\/clanespectaculos\\\/wp-content\\\/uploads\\\/sites\\\/2\\\/2026\\\/04\\\/ChatGPT-Image-23-mar-2026-10_09_00.png\",\"width\":1024,\"height\":1024,\"caption\":\"CLAN ESPECTACULOS\"},\"image\":{\"@id\":\"https:\\\/\\\/radioclanfm.com\\\/clanespectaculos\\\/#\\\/schema\\\/logo\\\/image\\\/\"},\"sameAs\":[\"https:\\\/\\\/www.facebook.com\\\/clanespectaculos\\\/\",\"https:\\\/\\\/x.com\\\/clanespectok\"]},{\"@type\":\"Person\",\"@id\":\"https:\\\/\\\/radioclanfm.com\\\/clanespectaculos\\\/#\\\/schema\\\/person\\\/9734813083303230f3ad84d99171b20c\",\"name\":\"E-GRUPOCLAN\",\"image\":{\"@type\":\"ImageObject\",\"inLanguage\":\"es-AR\",\"@id\":\"https:\\\/\\\/secure.gravatar.com\\\/avatar\\\/af6e19837c3d6a212034a48c7b3818d2ac1826f6025df0155da5a186ad321d79?s=96&d=mm&r=g\",\"url\":\"https:\\\/\\\/secure.gravatar.com\\\/avatar\\\/af6e19837c3d6a212034a48c7b3818d2ac1826f6025df0155da5a186ad321d79?s=96&d=mm&r=g\",\"contentUrl\":\"https:\\\/\\\/secure.gravatar.com\\\/avatar\\\/af6e19837c3d6a212034a48c7b3818d2ac1826f6025df0155da5a186ad321d79?s=96&d=mm&r=g\",\"caption\":\"E-GRUPOCLAN\"},\"sameAs\":[\"https:\\\/\\\/radioclanfm.com\"],\"url\":\"https:\\\/\\\/radioclanfm.com\\\/clanespectaculos\\\/author\\\/admin\\\/\"}]}<\/script>\n<!-- \/ Yoast SEO plugin. -->","yoast_head_json":{"title":"Felipe Fort habl\u00f3 sobre sus experiencias sexuales y dej\u00f3 sin palabras a Mart\u00edn Cirio: \u201cFull honest\u201d - CLAN ESPECTACULOS","robots":{"index":"index","follow":"follow","max-snippet":"max-snippet:-1","max-image-preview":"max-image-preview:large","max-video-preview":"max-video-preview:-1"},"canonical":"https:\/\/radioclanfm.com\/clanespectaculos\/felipe-fort-hablo-sobre-sus-experiencias-sexuales-y-dejo-sin-palabras-a-martin-cirio-full-honest\/","og_locale":"es_ES","og_type":"article","og_title":"Felipe Fort habl\u00f3 sobre sus experiencias sexuales y dej\u00f3 sin palabras a Mart\u00edn Cirio: \u201cFull honest\u201d - CLAN ESPECTACULOS","og_description":"Marta\u00a0y\u00a0Felipe Fort\u00a0hablaron de sus experiencias sexuales en un stream con\u00a0Mart\u00edn Cirio. El clip no tard\u00f3 en viralizarse en redes sociales, donde los usuarios hicieron todo tipo de comentarios. En un mano a mano con el influencer, los hermanos hablaron de su vida privada, de la exposici\u00f3n y tambi\u00e9n recordaron a su pap\u00e1,\u00a0Ricardo Fort. Sin embargo, [&hellip;]","og_url":"https:\/\/radioclanfm.com\/clanespectaculos\/felipe-fort-hablo-sobre-sus-experiencias-sexuales-y-dejo-sin-palabras-a-martin-cirio-full-honest\/","og_site_name":"CLAN ESPECTACULOS","article_publisher":"https:\/\/www.facebook.com\/clanespectaculos\/","article_published_time":"2026-02-25T01:37:11+00:00","og_image":[{"width":900,"height":505,"url":"https:\/\/radioclanfm.com\/clanespectaculos\/wp-content\/uploads\/sites\/2\/2026\/02\/S5c8tx0-.jpg","type":"image\/jpeg"}],"author":"E-GRUPOCLAN","twitter_card":"summary_large_image","twitter_creator":"@clanespectok","twitter_site":"@clanespectok","twitter_misc":{"Escrito por":"E-GRUPOCLAN","Tiempo de lectura":"2 minutos"},"schema":{"@context":"https:\/\/schema.org","@graph":[{"@type":"Article","@id":"https:\/\/radioclanfm.com\/clanespectaculos\/felipe-fort-hablo-sobre-sus-experiencias-sexuales-y-dejo-sin-palabras-a-martin-cirio-full-honest\/#article","isPartOf":{"@id":"https:\/\/radioclanfm.com\/clanespectaculos\/felipe-fort-hablo-sobre-sus-experiencias-sexuales-y-dejo-sin-palabras-a-martin-cirio-full-honest\/"},"author":{"name":"E-GRUPOCLAN","@id":"https:\/\/radioclanfm.com\/clanespectaculos\/#\/schema\/person\/9734813083303230f3ad84d99171b20c"},"headline":"Felipe Fort habl\u00f3 sobre sus experiencias sexuales y dej\u00f3 sin palabras a Mart\u00edn Cirio: \u201cFull honest\u201d","datePublished":"2026-02-25T01:37:11+00:00","mainEntityOfPage":{"@id":"https:\/\/radioclanfm.com\/clanespectaculos\/felipe-fort-hablo-sobre-sus-experiencias-sexuales-y-dejo-sin-palabras-a-martin-cirio-full-honest\/"},"wordCount":468,"commentCount":0,"publisher":{"@id":"https:\/\/radioclanfm.com\/clanespectaculos\/#organization"},"image":{"@id":"https:\/\/radioclanfm.com\/clanespectaculos\/felipe-fort-hablo-sobre-sus-experiencias-sexuales-y-dejo-sin-palabras-a-martin-cirio-full-honest\/#primaryimage"},"thumbnailUrl":"https:\/\/radioclanfm.com\/clanespectaculos\/wp-content\/uploads\/sites\/2\/2026\/02\/S5c8tx0-.jpg","articleSection":["Espectaculos"],"inLanguage":"es-AR","potentialAction":[{"@type":"CommentAction","name":"Comment","target":["https:\/\/radioclanfm.com\/clanespectaculos\/felipe-fort-hablo-sobre-sus-experiencias-sexuales-y-dejo-sin-palabras-a-martin-cirio-full-honest\/#respond"]}]},{"@type":"WebPage","@id":"https:\/\/radioclanfm.com\/clanespectaculos\/felipe-fort-hablo-sobre-sus-experiencias-sexuales-y-dejo-sin-palabras-a-martin-cirio-full-honest\/","url":"https:\/\/radioclanfm.com\/clanespectaculos\/felipe-fort-hablo-sobre-sus-experiencias-sexuales-y-dejo-sin-palabras-a-martin-cirio-full-honest\/","name":"Felipe Fort habl\u00f3 sobre sus experiencias sexuales y dej\u00f3 sin palabras a Mart\u00edn Cirio: \u201cFull honest\u201d - CLAN ESPECTACULOS","isPartOf":{"@id":"https:\/\/radioclanfm.com\/clanespectaculos\/#website"},"primaryImageOfPage":{"@id":"https:\/\/radioclanfm.com\/clanespectaculos\/felipe-fort-hablo-sobre-sus-experiencias-sexuales-y-dejo-sin-palabras-a-martin-cirio-full-honest\/#primaryimage"},"image":{"@id":"https:\/\/radioclanfm.com\/clanespectaculos\/felipe-fort-hablo-sobre-sus-experiencias-sexuales-y-dejo-sin-palabras-a-martin-cirio-full-honest\/#primaryimage"},"thumbnailUrl":"https:\/\/radioclanfm.com\/clanespectaculos\/wp-content\/uploads\/sites\/2\/2026\/02\/S5c8tx0-.jpg","datePublished":"2026-02-25T01:37:11+00:00","breadcrumb":{"@id":"https:\/\/radioclanfm.com\/clanespectaculos\/felipe-fort-hablo-sobre-sus-experiencias-sexuales-y-dejo-sin-palabras-a-martin-cirio-full-honest\/#breadcrumb"},"inLanguage":"es-AR","potentialAction":[{"@type":"ReadAction","target":["https:\/\/radioclanfm.com\/clanespectaculos\/felipe-fort-hablo-sobre-sus-experiencias-sexuales-y-dejo-sin-palabras-a-martin-cirio-full-honest\/"]}]},{"@type":"ImageObject","inLanguage":"es-AR","@id":"https:\/\/radioclanfm.com\/clanespectaculos\/felipe-fort-hablo-sobre-sus-experiencias-sexuales-y-dejo-sin-palabras-a-martin-cirio-full-honest\/#primaryimage","url":"https:\/\/radioclanfm.com\/clanespectaculos\/wp-content\/uploads\/sites\/2\/2026\/02\/S5c8tx0-.jpg","contentUrl":"https:\/\/radioclanfm.com\/clanespectaculos\/wp-content\/uploads\/sites\/2\/2026\/02\/S5c8tx0-.jpg","width":900,"height":505},{"@type":"BreadcrumbList","@id":"https:\/\/radioclanfm.com\/clanespectaculos\/felipe-fort-hablo-sobre-sus-experiencias-sexuales-y-dejo-sin-palabras-a-martin-cirio-full-honest\/#breadcrumb","itemListElement":[{"@type":"ListItem","position":1,"name":"Inicio","item":"https:\/\/radioclanfm.com\/clanespectaculos\/"},{"@type":"ListItem","position":2,"name":"Felipe Fort habl\u00f3 sobre sus experiencias sexuales y dej\u00f3 sin palabras a Mart\u00edn Cirio: \u201cFull honest\u201d"}]},{"@type":"WebSite","@id":"https:\/\/radioclanfm.com\/clanespectaculos\/#website","url":"https:\/\/radioclanfm.com\/clanespectaculos\/","name":"CLAN ESPECTACULOS","description":"","publisher":{"@id":"https:\/\/radioclanfm.com\/clanespectaculos\/#organization"},"potentialAction":[{"@type":"SearchAction","target":{"@type":"EntryPoint","urlTemplate":"https:\/\/radioclanfm.com\/clanespectaculos\/?s={search_term_string}"},"query-input":{"@type":"PropertyValueSpecification","valueRequired":true,"valueName":"search_term_string"}}],"inLanguage":"es-AR"},{"@type":"Organization","@id":"https:\/\/radioclanfm.com\/clanespectaculos\/#organization","name":"CLAN ESPECTACULOS","url":"https:\/\/radioclanfm.com\/clanespectaculos\/","logo":{"@type":"ImageObject","inLanguage":"es-AR","@id":"https:\/\/radioclanfm.com\/clanespectaculos\/#\/schema\/logo\/image\/","url":"https:\/\/radioclanfm.com\/clanespectaculos\/wp-content\/uploads\/sites\/2\/2026\/04\/ChatGPT-Image-23-mar-2026-10_09_00.png","contentUrl":"https:\/\/radioclanfm.com\/clanespectaculos\/wp-content\/uploads\/sites\/2\/2026\/04\/ChatGPT-Image-23-mar-2026-10_09_00.png","width":1024,"height":1024,"caption":"CLAN ESPECTACULOS"},"image":{"@id":"https:\/\/radioclanfm.com\/clanespectaculos\/#\/schema\/logo\/image\/"},"sameAs":["https:\/\/www.facebook.com\/clanespectaculos\/","https:\/\/x.com\/clanespectok"]},{"@type":"Person","@id":"https:\/\/radioclanfm.com\/clanespectaculos\/#\/schema\/person\/9734813083303230f3ad84d99171b20c","name":"E-GRUPOCLAN","image":{"@type":"ImageObject","inLanguage":"es-AR","@id":"https:\/\/secure.gravatar.com\/avatar\/af6e19837c3d6a212034a48c7b3818d2ac1826f6025df0155da5a186ad321d79?s=96&d=mm&r=g","url":"https:\/\/secure.gravatar.com\/avatar\/af6e19837c3d6a212034a48c7b3818d2ac1826f6025df0155da5a186ad321d79?s=96&d=mm&r=g","contentUrl":"https:\/\/secure.gravatar.com\/avatar\/af6e19837c3d6a212034a48c7b3818d2ac1826f6025df0155da5a186ad321d79?s=96&d=mm&r=g","caption":"E-GRUPOCLAN"},"sameAs":["https:\/\/radioclanfm.com"],"url":"https:\/\/radioclanfm.com\/clanespectaculos\/author\/admin\/"}]}},"_links":{"self":[{"href":"https:\/\/radioclanfm.com\/clanespectaculos\/wp-json\/wp\/v2\/posts\/12880","targetHints":{"allow":["GET"]}}],"collection":[{"href":"https:\/\/radioclanfm.com\/clanespectaculos\/wp-json\/wp\/v2\/posts"}],"about":[{"href":"https:\/\/radioclanfm.com\/clanespectaculos\/wp-json\/wp\/v2\/types\/post"}],"author":[{"embeddable":true,"href":"https:\/\/radioclanfm.com\/clanespectaculos\/wp-json\/wp\/v2\/users\/1"}],"replies":[{"embeddable":true,"href":"https:\/\/radioclanfm.com\/clanespectaculos\/wp-json\/wp\/v2\/comments?post=12880"}],"version-history":[{"count":1,"href":"https:\/\/radioclanfm.com\/clanespectaculos\/wp-json\/wp\/v2\/posts\/12880\/revisions"}],"predecessor-version":[{"id":12884,"href":"https:\/\/radioclanfm.com\/clanespectaculos\/wp-json\/wp\/v2\/posts\/12880\/revisions\/12884"}],"wp:featuredmedia":[{"embeddable":true,"href":"https:\/\/radioclanfm.com\/clanespectaculos\/wp-json\/wp\/v2\/media\/12883"}],"wp:attachment":[{"href":"https:\/\/radioclanfm.com\/clanespectaculos\/wp-json\/wp\/v2\/media?parent=12880"}],"wp:term":[{"taxonomy":"category","embeddable":true,"href":"https:\/\/radioclanfm.com\/clanespectaculos\/wp-json\/wp\/v2\/categories?post=12880"},{"taxonomy":"post_tag","embeddable":true,"href":"https:\/\/radioclanfm.com\/clanespectaculos\/wp-json\/wp\/v2\/tags?post=12880"}],"curies":[{"name":"wp","href":"https:\/\/api.w.org\/{rel}","templated":true}]}}