{"id":12875,"date":"2026-02-24T22:34:17","date_gmt":"2026-02-25T01:34:17","guid":{"rendered":"https:\/\/radioclanfm.com\/clanespectaculos\/?p=12875"},"modified":"2026-02-24T22:34:17","modified_gmt":"2026-02-25T01:34:17","slug":"que-paso-entre-pampita-y-cochito-lopez-segun-los-empleados-de-un-hotel-de-punta-del-este","status":"publish","type":"post","link":"https:\/\/radioclanfm.com\/clanespectaculos\/que-paso-entre-pampita-y-cochito-lopez-segun-los-empleados-de-un-hotel-de-punta-del-este\/","title":{"rendered":"Qu\u00e9 pas\u00f3 entre Pampita y Cochito L\u00f3pez, seg\u00fan los empleados de un hotel de Punta del Este"},"content":{"rendered":"<div class=\"col-content\"><main class=\"col-content\"><\/p>\n<div class=\"default-article-color article__body article__article\">\n<p class=\"paragraph font__body-regular\">Este martes, al aire de<i>\u00a0S\u00e1lvese quien pueda (Am\u00e9rica)<\/i>, Mart\u00edn Salwe asegur\u00f3 que\u00a0<b>Pampita<\/b>\u00a0le hab\u00eda sido infiel a Mart\u00edn Pepa en Punta del Este con Juan Manuel \u201cCochito\u201d L\u00f3pez.<\/p>\n<div class=\"AV6543bedcd858799fe90b5c47\">\n<div id=\"aniBox\">\n<div id=\"aniplayer_AV6543bedcd858799fe90b5c47-1771983223594\">\n<div id=\"aniplayer_AV6543bedcd858799fe90b5c47-1771983223594gui\">\n<div id=\"av-caption\">\n<div id=\"av-close-btn-overlay\" class=\"av-pos-top-left\"><\/div>\n<\/div>\n<\/div>\n<\/div>\n<\/div>\n<\/div>\n<div id=\"ad-slot-infeed\" class=\"infeed-container ad-slot-infeed ad-slot\" data-adtype=\"infeed\" data-lazyload=\"1\" data-google-query-id=\"CNaRs_O_85IDFdZU3QIdVOQSww\">\n<div id=\"google_ads_iframe_\/113951150\/tn-arc\/nota\/infeed_0__container__\"><\/div>\n<\/div>\n<p class=\"paragraph font__body-regular\">\u201cEs un hotel exclusivo en Punta del Este. A m\u00ed me acaba de escribir una\u00a0<b>relaciones p\u00fablicas del hotel y me dijo que es verdad.<\/b>\u00a0Que lo que est\u00e1s contando vos es verdad\u201d, dijo Yanina Latorre redoblando la apuesta.<\/p>\n<p class=\"paragraph font__body-regular\">La modelo llam\u00f3 enfurecida y desminti\u00f3 la versi\u00f3n, pero el panelista le asegur\u00f3 que gente de ese hotel le hab\u00eda dado varios detalles del encuentro.<\/p>\n<figure class=\"\" data-testid=\"figure-testid\">\n<div class=\"aspect_ratio__container\"><picture class=\"responsive-image\"><source srcset=\"https:\/\/tn.com.ar\/resizer\/v2\/pampita-rompio-el-silencio-tras-los-rumores-de-infidelidad-foto-movilpress-IJRRL7M2DVGN5MXRCRYJWYZ4QU.jpg?auth=954974811f39e7c7dc8b171a32ac0dda82bcc2b6d9e4dfd6f96d2dfb04645d8c&amp;width=767\" type=\"image\/jpg\" media=\"(max-width: 728px)\" \/><source srcset=\"https:\/\/tn.com.ar\/resizer\/v2\/pampita-rompio-el-silencio-tras-los-rumores-de-infidelidad-foto-movilpress-IJRRL7M2DVGN5MXRCRYJWYZ4QU.jpg?auth=954974811f39e7c7dc8b171a32ac0dda82bcc2b6d9e4dfd6f96d2dfb04645d8c&amp;width=1023\" type=\"image\/jpg\" media=\"(max-width: 1023px)\" \/><source srcset=\"https:\/\/tn.com.ar\/resizer\/v2\/pampita-rompio-el-silencio-tras-los-rumores-de-infidelidad-foto-movilpress-IJRRL7M2DVGN5MXRCRYJWYZ4QU.jpg?auth=954974811f39e7c7dc8b171a32ac0dda82bcc2b6d9e4dfd6f96d2dfb04645d8c&amp;width=1440\" type=\"image\/jpg\" \/><img loading=\"lazy\" decoding=\"async\" class=\"image content-image image_placeholder\" src=\"https:\/\/tn.com.ar\/resizer\/v2\/pampita-rompio-el-silencio-tras-los-rumores-de-infidelidad-foto-movilpress-IJRRL7M2DVGN5MXRCRYJWYZ4QU.jpg?auth=954974811f39e7c7dc8b171a32ac0dda82bcc2b6d9e4dfd6f96d2dfb04645d8c&amp;width=767\" alt=\"Pampita rompi\u00f3 el silencio tras los rumores de infidelidad (Foto: Movilpress)\" width=\"767\" height=\"436\" data-testid=\"loading-testid\" \/><\/picture><\/div><figcaption class=\"caption_image\" data-testid=\"figcaption-testid\">\n<div class=\"image_caption \">Pampita rompi\u00f3 el silencio tras los rumores de infidelidad (Foto: Movilpress)<\/div>\n<\/figcaption><\/figure>\n<h2 class=\"font--primary font__display\">Los detalles del supuesto encuentro entre Pampita y \u201cCochito\u201d L\u00f3pez<\/h2>\n<p class=\"paragraph font__body-regular\">Al aire del ciclo conducido por Yanina Latorre, Mart\u00edn Salwe dio detalles del supuesto encuentro que habr\u00edan mantenido Pampita y Cochito L\u00f3pez.<\/p>\n<p class=\"paragraph font__body-regular\">\u201cPor lo pronto,\u00a0<b>cena intramuros en la habitaci\u00f3n de ese hotel exclusivo en Punta del Este. Ella par\u00f3 dos o tres d\u00edas;<\/b>\u00a0fue el lapso que estaba sola.<b>\u00a0No estaban los hijos, no estaba Mart\u00edn Pepa<\/b>, estaba sola en Punta del Este, hospedada en ese hotel\u201d, dijo el panelista.<\/p>\n<figure class=\"\" data-testid=\"figure-testid\">\n<div class=\"aspect_ratio__container\"><picture class=\"responsive-image\"><source srcset=\"https:\/\/tn.com.ar\/resizer\/v2\/pampita-se-defendio-de-las-acusaciones-y-mostro-las-pruebas-foto-instagram-elejercitodelam-E76GF4HOPBA7RGEWQBTDXMMZ6M.png?auth=e24d8d3e7b0afaca8a20e0cb6f9e833fba175cb29ddfead7e04039f08a563508&amp;width=767\" type=\"image\/jpg\" media=\"(max-width: 728px)\" \/><source srcset=\"https:\/\/tn.com.ar\/resizer\/v2\/pampita-se-defendio-de-las-acusaciones-y-mostro-las-pruebas-foto-instagram-elejercitodelam-E76GF4HOPBA7RGEWQBTDXMMZ6M.png?auth=e24d8d3e7b0afaca8a20e0cb6f9e833fba175cb29ddfead7e04039f08a563508&amp;width=1023\" type=\"image\/jpg\" media=\"(max-width: 1023px)\" \/><source srcset=\"https:\/\/tn.com.ar\/resizer\/v2\/pampita-se-defendio-de-las-acusaciones-y-mostro-las-pruebas-foto-instagram-elejercitodelam-E76GF4HOPBA7RGEWQBTDXMMZ6M.png?auth=e24d8d3e7b0afaca8a20e0cb6f9e833fba175cb29ddfead7e04039f08a563508&amp;width=1440\" type=\"image\/jpg\" \/><img loading=\"lazy\" decoding=\"async\" class=\"image content-image image_placeholder\" src=\"https:\/\/tn.com.ar\/resizer\/v2\/pampita-se-defendio-de-las-acusaciones-y-mostro-las-pruebas-foto-instagram-elejercitodelam-E76GF4HOPBA7RGEWQBTDXMMZ6M.png?auth=e24d8d3e7b0afaca8a20e0cb6f9e833fba175cb29ddfead7e04039f08a563508&amp;width=767\" alt=\"Pampita se defendi\u00f3 de las acusaciones y mostr\u00f3 las pruebas (Foto: Instagram \/elejercitodelam)\" width=\"767\" height=\"573\" data-testid=\"loading-testid\" \/><\/picture><\/div><figcaption class=\"caption_image\" data-testid=\"figcaption-testid\">\n<div class=\"image_caption \">Pampita se defendi\u00f3 de las acusaciones y mostr\u00f3 las pruebas (Foto: Instagram \/elejercitodelam)<\/div>\n<\/figcaption><\/figure>\n<p class=\"paragraph font__body-regular\">Acto seguido, sum\u00f3 m\u00e1s detalles: \u201c<b>Pidi\u00f3 carpaccio y bellini a la habitaci\u00f3n\u201d<\/b>. \u201cPampita<b>\u00a0comparti\u00f3 al menos una noche, por lo menos, de cena, room service en la habitaci\u00f3n con&#8230; Cochito L\u00f3pez\u201d<\/b>.<\/p>\n<p class=\"paragraph font__body-regular\">Salwe remarc\u00f3 que no es la primera vez que se los vincula: \u201cEl a\u00f1o pasado se habl\u00f3 de Cochito cuando se separ\u00f3 de Mart\u00edn Pepa, que ella no pudo entrar al country. Pero hay otro episodio del pasado entre ellos dos&#8230; Cuando Pampita se separ\u00f3 de Benjam\u00edn Vicu\u00f1a, en el 2015, ah\u00ed aparecieron juntos varias veces, compartieron eventos y se encargaron de desmentir el v\u00ednculo. \u201cEn 2015 hubo algo, el a\u00f1o pasado tambi\u00e9n y ahora pas\u00f3 esto\u201d.<\/p>\n<h2 class=\"font--primary font__display\">Qu\u00e9 dijo Pampita tras ser acusada de haber enga\u00f1ado a Mart\u00edn Pepa<\/h2>\n<p class=\"paragraph font__body-regular\">Este martes, al aire de<i>\u00a0S\u00e1lvese quien pueda (Am\u00e9rica)<\/i>,\u00a0<b>Pampita<\/b>\u00a0rompi\u00f3 el silencio despu\u00e9s de que Mart\u00edn Salwe asegurara que la modelo\u00a0<b>le hab\u00eda sido infiel a Mart\u00edn Pepa en Punta del Este con Juan Manuel \u201cCochito\u201d L\u00f3pez<\/b>.<\/p>\n<p class=\"paragraph font__body-regular\">\u201c<b>Cuando hay mentiras, soy la primera en salir a aclarar las cosas. No es verdad. En ese hotel estuve con mi hijo, Benicio, que se qued\u00f3 los dos d\u00edas conmigo todo el tiempo. \u201cSi quieren, llamen al hotel<\/b>\u201d, indic\u00f3 indignada.<\/p>\n<figure class=\"\" data-testid=\"figure-testid\">\n<div class=\"aspect_ratio__container\"><picture class=\"responsive-image\"><source srcset=\"https:\/\/tn.com.ar\/resizer\/v2\/pampita-y-martin-pepa-disfrutaron-de-una-noche-de-fiesta-en-punta-del-este-foto-instagrampampitaoficial-GFOIEW3QDNDQFMLRKXKSGHNJ3U.jpg?auth=132998ce4b4fcdce73aa4e64b9d97300b556db0ac2a048431800fff46cf82375&amp;width=767\" type=\"image\/jpg\" media=\"(max-width: 728px)\" \/><source srcset=\"https:\/\/tn.com.ar\/resizer\/v2\/pampita-y-martin-pepa-disfrutaron-de-una-noche-de-fiesta-en-punta-del-este-foto-instagrampampitaoficial-GFOIEW3QDNDQFMLRKXKSGHNJ3U.jpg?auth=132998ce4b4fcdce73aa4e64b9d97300b556db0ac2a048431800fff46cf82375&amp;width=1023\" type=\"image\/jpg\" media=\"(max-width: 1023px)\" \/><source srcset=\"https:\/\/tn.com.ar\/resizer\/v2\/pampita-y-martin-pepa-disfrutaron-de-una-noche-de-fiesta-en-punta-del-este-foto-instagrampampitaoficial-GFOIEW3QDNDQFMLRKXKSGHNJ3U.jpg?auth=132998ce4b4fcdce73aa4e64b9d97300b556db0ac2a048431800fff46cf82375&amp;width=1440\" type=\"image\/jpg\" \/><img loading=\"lazy\" decoding=\"async\" class=\"image content-image image_placeholder\" src=\"https:\/\/tn.com.ar\/resizer\/v2\/pampita-y-martin-pepa-disfrutaron-de-una-noche-de-fiesta-en-punta-del-este-foto-instagrampampitaoficial-GFOIEW3QDNDQFMLRKXKSGHNJ3U.jpg?auth=132998ce4b4fcdce73aa4e64b9d97300b556db0ac2a048431800fff46cf82375&amp;width=767\" alt=\"Pampita y Mart\u00edn Pepa disfrutaron de una noche de fiesta en Punta del Este. (Foto: Instagram\/pampitaoficial)\" width=\"767\" height=\"430\" data-testid=\"loading-testid\" \/><\/picture><\/div><figcaption class=\"caption_image\" data-testid=\"figcaption-testid\">\n<div class=\"image_caption \">Pampita y Mart\u00edn Pepa disfrutaron de una noche de fiesta en Punta del Este. (Foto: Instagram\/pampitaoficial)<\/div>\n<\/figcaption><\/figure>\n<p class=\"paragraph font__body-regular\">Respecto a su estancia en el hotel La Locanda, indic\u00f3: \u201cEn el hotel saben, hay 80 personas, tengo mil fotos y videos con mi hijo, estuve los dos d\u00edas.\u00a0<b>Dorm\u00ed con mi hijo en una cama de dos plazas. No estoy pensando en nada m\u00e1s que no sea estar con mi familia<\/b>\u201d.<\/p>\n<p class=\"paragraph font__body-regular\">En cuanto a la relaci\u00f3n con su pareja, la top model indic\u00f3: \u201c<b>Estuve todo el verano con Mart\u00edn, alquilamos una casa en Jos\u00e9 Ignacio, con amigos<\/b>\u201d.<\/p>\n<p class=\"paragraph font__body-regular\">\u201c<b>No tengo comunicaci\u00f3n con esa persona. No hablo por tel\u00e9fono, por WhatsApp, por Instagram, por ning\u00fan lado<\/b>, no tengo ning\u00fan v\u00ednculo, no s\u00e9 qu\u00e9 es de su vida, no tengo idea, no es un amigo con el que yo hable, ni que me comunique, ni que me comente cosas. Absolutamente nada\u201d, aclar\u00f3 sobre Cochito L\u00f3pez.<\/p>\n<p class=\"paragraph font__body-regular\">Acto seguido, se volvi\u00f3 a referir al polista: \u201c<b>Estoy muy bien con mi novio<\/b>, estuve todo el verano con mi novio. Estuve dos d\u00edas en Locanda con mi hijo Benicio porque mi novio se volvi\u00f3\u201d.<\/p>\n<\/div>\n<p><\/main><\/div>\n<aside class=\"col-right-rail right-rail\">\n<div id=\"parent-ad-slot-caja\" class=\"ad-container caja_ad \">\n<div class=\"ad-content\"><\/div>\n<\/div>\n<\/aside>\n","protected":false},"excerpt":{"rendered":"<p>Este martes, al aire de\u00a0S\u00e1lvese quien pueda (Am\u00e9rica), Mart\u00edn Salwe asegur\u00f3 que\u00a0Pampita\u00a0le hab\u00eda sido infiel a Mart\u00edn Pepa en Punta del Este con Juan Manuel \u201cCochito\u201d L\u00f3pez. \u201cEs un hotel exclusivo en Punta del Este. A m\u00ed me acaba de escribir una\u00a0relaciones p\u00fablicas del hotel y me dijo que es verdad.\u00a0Que lo que est\u00e1s contando [&hellip;]<\/p>\n","protected":false},"author":1,"featured_media":12878,"comment_status":"open","ping_status":"open","sticky":false,"template":"","format":"standard","meta":{"rop_custom_images_group":[],"rop_custom_messages_group":[],"rop_publish_now":"initial","rop_publish_now_accounts":[],"rop_publish_now_history":[],"rop_publish_now_status":"pending","footnotes":"","jetpack_publicize_message":"","jetpack_publicize_feature_enabled":true,"jetpack_social_post_already_shared":true,"jetpack_social_options":{"image_generator_settings":{"template":"highway","enabled":false},"version":2}},"categories":[12],"tags":[],"class_list":{"0":"post-12875","1":"post","2":"type-post","3":"status-publish","4":"format-standard","5":"has-post-thumbnail","7":"category-espectaculos"},"jetpack_publicize_connections":[],"yoast_head":"<!-- This site is optimized with the Yoast SEO plugin v27.3 - https:\/\/yoast.com\/product\/yoast-seo-wordpress\/ -->\n<title>Qu\u00e9 pas\u00f3 entre Pampita y Cochito L\u00f3pez, seg\u00fan los empleados de un hotel de Punta del Este - CLAN ESPECTACULOS<\/title>\n<meta name=\"robots\" content=\"index, follow, max-snippet:-1, max-image-preview:large, max-video-preview:-1\" \/>\n<link rel=\"canonical\" href=\"https:\/\/radioclanfm.com\/clanespectaculos\/que-paso-entre-pampita-y-cochito-lopez-segun-los-empleados-de-un-hotel-de-punta-del-este\/\" \/>\n<meta property=\"og:locale\" content=\"es_ES\" \/>\n<meta property=\"og:type\" content=\"article\" \/>\n<meta property=\"og:title\" content=\"Qu\u00e9 pas\u00f3 entre Pampita y Cochito L\u00f3pez, seg\u00fan los empleados de un hotel de Punta del Este - CLAN ESPECTACULOS\" \/>\n<meta property=\"og:description\" content=\"Este martes, al aire de\u00a0S\u00e1lvese quien pueda (Am\u00e9rica), Mart\u00edn Salwe asegur\u00f3 que\u00a0Pampita\u00a0le hab\u00eda sido infiel a Mart\u00edn Pepa en Punta del Este con Juan Manuel \u201cCochito\u201d L\u00f3pez. \u201cEs un hotel exclusivo en Punta del Este. A m\u00ed me acaba de escribir una\u00a0relaciones p\u00fablicas del hotel y me dijo que es verdad.\u00a0Que lo que est\u00e1s contando [&hellip;]\" \/>\n<meta property=\"og:url\" content=\"https:\/\/radioclanfm.com\/clanespectaculos\/que-paso-entre-pampita-y-cochito-lopez-segun-los-empleados-de-un-hotel-de-punta-del-este\/\" \/>\n<meta property=\"og:site_name\" content=\"CLAN ESPECTACULOS\" \/>\n<meta property=\"article:publisher\" content=\"https:\/\/www.facebook.com\/clanespectaculos\/\" \/>\n<meta property=\"article:published_time\" content=\"2026-02-25T01:34:17+00:00\" \/>\n<meta property=\"og:image\" content=\"https:\/\/radioclanfm.com\/clanespectaculos\/wp-content\/uploads\/sites\/2\/2026\/02\/hedojRDp.jpg\" \/>\n\t<meta property=\"og:image:width\" content=\"900\" \/>\n\t<meta property=\"og:image:height\" content=\"505\" \/>\n\t<meta property=\"og:image:type\" content=\"image\/jpeg\" \/>\n<meta name=\"author\" content=\"E-GRUPOCLAN\" \/>\n<meta name=\"twitter:card\" content=\"summary_large_image\" \/>\n<meta name=\"twitter:creator\" content=\"@clanespectok\" \/>\n<meta name=\"twitter:site\" content=\"@clanespectok\" \/>\n<meta name=\"twitter:label1\" content=\"Escrito por\" \/>\n\t<meta name=\"twitter:data1\" content=\"E-GRUPOCLAN\" \/>\n\t<meta name=\"twitter:label2\" content=\"Tiempo de lectura\" \/>\n\t<meta name=\"twitter:data2\" content=\"3 minutos\" \/>\n<script type=\"application\/ld+json\" class=\"yoast-schema-graph\">{\"@context\":\"https:\\\/\\\/schema.org\",\"@graph\":[{\"@type\":\"Article\",\"@id\":\"https:\\\/\\\/radioclanfm.com\\\/clanespectaculos\\\/que-paso-entre-pampita-y-cochito-lopez-segun-los-empleados-de-un-hotel-de-punta-del-este\\\/#article\",\"isPartOf\":{\"@id\":\"https:\\\/\\\/radioclanfm.com\\\/clanespectaculos\\\/que-paso-entre-pampita-y-cochito-lopez-segun-los-empleados-de-un-hotel-de-punta-del-este\\\/\"},\"author\":{\"name\":\"E-GRUPOCLAN\",\"@id\":\"https:\\\/\\\/radioclanfm.com\\\/clanespectaculos\\\/#\\\/schema\\\/person\\\/9734813083303230f3ad84d99171b20c\"},\"headline\":\"Qu\u00e9 pas\u00f3 entre Pampita y Cochito L\u00f3pez, seg\u00fan los empleados de un hotel de Punta del Este\",\"datePublished\":\"2026-02-25T01:34:17+00:00\",\"mainEntityOfPage\":{\"@id\":\"https:\\\/\\\/radioclanfm.com\\\/clanespectaculos\\\/que-paso-entre-pampita-y-cochito-lopez-segun-los-empleados-de-un-hotel-de-punta-del-este\\\/\"},\"wordCount\":648,\"commentCount\":0,\"publisher\":{\"@id\":\"https:\\\/\\\/radioclanfm.com\\\/clanespectaculos\\\/#organization\"},\"image\":{\"@id\":\"https:\\\/\\\/radioclanfm.com\\\/clanespectaculos\\\/que-paso-entre-pampita-y-cochito-lopez-segun-los-empleados-de-un-hotel-de-punta-del-este\\\/#primaryimage\"},\"thumbnailUrl\":\"https:\\\/\\\/radioclanfm.com\\\/clanespectaculos\\\/wp-content\\\/uploads\\\/sites\\\/2\\\/2026\\\/02\\\/hedojRDp.jpg\",\"articleSection\":[\"Espectaculos\"],\"inLanguage\":\"es-AR\",\"potentialAction\":[{\"@type\":\"CommentAction\",\"name\":\"Comment\",\"target\":[\"https:\\\/\\\/radioclanfm.com\\\/clanespectaculos\\\/que-paso-entre-pampita-y-cochito-lopez-segun-los-empleados-de-un-hotel-de-punta-del-este\\\/#respond\"]}]},{\"@type\":\"WebPage\",\"@id\":\"https:\\\/\\\/radioclanfm.com\\\/clanespectaculos\\\/que-paso-entre-pampita-y-cochito-lopez-segun-los-empleados-de-un-hotel-de-punta-del-este\\\/\",\"url\":\"https:\\\/\\\/radioclanfm.com\\\/clanespectaculos\\\/que-paso-entre-pampita-y-cochito-lopez-segun-los-empleados-de-un-hotel-de-punta-del-este\\\/\",\"name\":\"Qu\u00e9 pas\u00f3 entre Pampita y Cochito L\u00f3pez, seg\u00fan los empleados de un hotel de Punta del Este - CLAN ESPECTACULOS\",\"isPartOf\":{\"@id\":\"https:\\\/\\\/radioclanfm.com\\\/clanespectaculos\\\/#website\"},\"primaryImageOfPage\":{\"@id\":\"https:\\\/\\\/radioclanfm.com\\\/clanespectaculos\\\/que-paso-entre-pampita-y-cochito-lopez-segun-los-empleados-de-un-hotel-de-punta-del-este\\\/#primaryimage\"},\"image\":{\"@id\":\"https:\\\/\\\/radioclanfm.com\\\/clanespectaculos\\\/que-paso-entre-pampita-y-cochito-lopez-segun-los-empleados-de-un-hotel-de-punta-del-este\\\/#primaryimage\"},\"thumbnailUrl\":\"https:\\\/\\\/radioclanfm.com\\\/clanespectaculos\\\/wp-content\\\/uploads\\\/sites\\\/2\\\/2026\\\/02\\\/hedojRDp.jpg\",\"datePublished\":\"2026-02-25T01:34:17+00:00\",\"breadcrumb\":{\"@id\":\"https:\\\/\\\/radioclanfm.com\\\/clanespectaculos\\\/que-paso-entre-pampita-y-cochito-lopez-segun-los-empleados-de-un-hotel-de-punta-del-este\\\/#breadcrumb\"},\"inLanguage\":\"es-AR\",\"potentialAction\":[{\"@type\":\"ReadAction\",\"target\":[\"https:\\\/\\\/radioclanfm.com\\\/clanespectaculos\\\/que-paso-entre-pampita-y-cochito-lopez-segun-los-empleados-de-un-hotel-de-punta-del-este\\\/\"]}]},{\"@type\":\"ImageObject\",\"inLanguage\":\"es-AR\",\"@id\":\"https:\\\/\\\/radioclanfm.com\\\/clanespectaculos\\\/que-paso-entre-pampita-y-cochito-lopez-segun-los-empleados-de-un-hotel-de-punta-del-este\\\/#primaryimage\",\"url\":\"https:\\\/\\\/radioclanfm.com\\\/clanespectaculos\\\/wp-content\\\/uploads\\\/sites\\\/2\\\/2026\\\/02\\\/hedojRDp.jpg\",\"contentUrl\":\"https:\\\/\\\/radioclanfm.com\\\/clanespectaculos\\\/wp-content\\\/uploads\\\/sites\\\/2\\\/2026\\\/02\\\/hedojRDp.jpg\",\"width\":900,\"height\":505},{\"@type\":\"BreadcrumbList\",\"@id\":\"https:\\\/\\\/radioclanfm.com\\\/clanespectaculos\\\/que-paso-entre-pampita-y-cochito-lopez-segun-los-empleados-de-un-hotel-de-punta-del-este\\\/#breadcrumb\",\"itemListElement\":[{\"@type\":\"ListItem\",\"position\":1,\"name\":\"Inicio\",\"item\":\"https:\\\/\\\/radioclanfm.com\\\/clanespectaculos\\\/\"},{\"@type\":\"ListItem\",\"position\":2,\"name\":\"Qu\u00e9 pas\u00f3 entre Pampita y Cochito L\u00f3pez, seg\u00fan los empleados de un hotel de Punta del Este\"}]},{\"@type\":\"WebSite\",\"@id\":\"https:\\\/\\\/radioclanfm.com\\\/clanespectaculos\\\/#website\",\"url\":\"https:\\\/\\\/radioclanfm.com\\\/clanespectaculos\\\/\",\"name\":\"CLAN ESPECTACULOS\",\"description\":\"\",\"publisher\":{\"@id\":\"https:\\\/\\\/radioclanfm.com\\\/clanespectaculos\\\/#organization\"},\"potentialAction\":[{\"@type\":\"SearchAction\",\"target\":{\"@type\":\"EntryPoint\",\"urlTemplate\":\"https:\\\/\\\/radioclanfm.com\\\/clanespectaculos\\\/?s={search_term_string}\"},\"query-input\":{\"@type\":\"PropertyValueSpecification\",\"valueRequired\":true,\"valueName\":\"search_term_string\"}}],\"inLanguage\":\"es-AR\"},{\"@type\":\"Organization\",\"@id\":\"https:\\\/\\\/radioclanfm.com\\\/clanespectaculos\\\/#organization\",\"name\":\"CLAN ESPECTACULOS\",\"url\":\"https:\\\/\\\/radioclanfm.com\\\/clanespectaculos\\\/\",\"logo\":{\"@type\":\"ImageObject\",\"inLanguage\":\"es-AR\",\"@id\":\"https:\\\/\\\/radioclanfm.com\\\/clanespectaculos\\\/#\\\/schema\\\/logo\\\/image\\\/\",\"url\":\"https:\\\/\\\/radioclanfm.com\\\/clanespectaculos\\\/wp-content\\\/uploads\\\/sites\\\/2\\\/2026\\\/04\\\/ChatGPT-Image-23-mar-2026-10_09_00.png\",\"contentUrl\":\"https:\\\/\\\/radioclanfm.com\\\/clanespectaculos\\\/wp-content\\\/uploads\\\/sites\\\/2\\\/2026\\\/04\\\/ChatGPT-Image-23-mar-2026-10_09_00.png\",\"width\":1024,\"height\":1024,\"caption\":\"CLAN ESPECTACULOS\"},\"image\":{\"@id\":\"https:\\\/\\\/radioclanfm.com\\\/clanespectaculos\\\/#\\\/schema\\\/logo\\\/image\\\/\"},\"sameAs\":[\"https:\\\/\\\/www.facebook.com\\\/clanespectaculos\\\/\",\"https:\\\/\\\/x.com\\\/clanespectok\"]},{\"@type\":\"Person\",\"@id\":\"https:\\\/\\\/radioclanfm.com\\\/clanespectaculos\\\/#\\\/schema\\\/person\\\/9734813083303230f3ad84d99171b20c\",\"name\":\"E-GRUPOCLAN\",\"image\":{\"@type\":\"ImageObject\",\"inLanguage\":\"es-AR\",\"@id\":\"https:\\\/\\\/secure.gravatar.com\\\/avatar\\\/af6e19837c3d6a212034a48c7b3818d2ac1826f6025df0155da5a186ad321d79?s=96&d=mm&r=g\",\"url\":\"https:\\\/\\\/secure.gravatar.com\\\/avatar\\\/af6e19837c3d6a212034a48c7b3818d2ac1826f6025df0155da5a186ad321d79?s=96&d=mm&r=g\",\"contentUrl\":\"https:\\\/\\\/secure.gravatar.com\\\/avatar\\\/af6e19837c3d6a212034a48c7b3818d2ac1826f6025df0155da5a186ad321d79?s=96&d=mm&r=g\",\"caption\":\"E-GRUPOCLAN\"},\"sameAs\":[\"https:\\\/\\\/radioclanfm.com\"],\"url\":\"https:\\\/\\\/radioclanfm.com\\\/clanespectaculos\\\/author\\\/admin\\\/\"}]}<\/script>\n<!-- \/ Yoast SEO plugin. -->","yoast_head_json":{"title":"Qu\u00e9 pas\u00f3 entre Pampita y Cochito L\u00f3pez, seg\u00fan los empleados de un hotel de Punta del Este - CLAN ESPECTACULOS","robots":{"index":"index","follow":"follow","max-snippet":"max-snippet:-1","max-image-preview":"max-image-preview:large","max-video-preview":"max-video-preview:-1"},"canonical":"https:\/\/radioclanfm.com\/clanespectaculos\/que-paso-entre-pampita-y-cochito-lopez-segun-los-empleados-de-un-hotel-de-punta-del-este\/","og_locale":"es_ES","og_type":"article","og_title":"Qu\u00e9 pas\u00f3 entre Pampita y Cochito L\u00f3pez, seg\u00fan los empleados de un hotel de Punta del Este - CLAN ESPECTACULOS","og_description":"Este martes, al aire de\u00a0S\u00e1lvese quien pueda (Am\u00e9rica), Mart\u00edn Salwe asegur\u00f3 que\u00a0Pampita\u00a0le hab\u00eda sido infiel a Mart\u00edn Pepa en Punta del Este con Juan Manuel \u201cCochito\u201d L\u00f3pez. \u201cEs un hotel exclusivo en Punta del Este. A m\u00ed me acaba de escribir una\u00a0relaciones p\u00fablicas del hotel y me dijo que es verdad.\u00a0Que lo que est\u00e1s contando [&hellip;]","og_url":"https:\/\/radioclanfm.com\/clanespectaculos\/que-paso-entre-pampita-y-cochito-lopez-segun-los-empleados-de-un-hotel-de-punta-del-este\/","og_site_name":"CLAN ESPECTACULOS","article_publisher":"https:\/\/www.facebook.com\/clanespectaculos\/","article_published_time":"2026-02-25T01:34:17+00:00","og_image":[{"width":900,"height":505,"url":"https:\/\/radioclanfm.com\/clanespectaculos\/wp-content\/uploads\/sites\/2\/2026\/02\/hedojRDp.jpg","type":"image\/jpeg"}],"author":"E-GRUPOCLAN","twitter_card":"summary_large_image","twitter_creator":"@clanespectok","twitter_site":"@clanespectok","twitter_misc":{"Escrito por":"E-GRUPOCLAN","Tiempo de lectura":"3 minutos"},"schema":{"@context":"https:\/\/schema.org","@graph":[{"@type":"Article","@id":"https:\/\/radioclanfm.com\/clanespectaculos\/que-paso-entre-pampita-y-cochito-lopez-segun-los-empleados-de-un-hotel-de-punta-del-este\/#article","isPartOf":{"@id":"https:\/\/radioclanfm.com\/clanespectaculos\/que-paso-entre-pampita-y-cochito-lopez-segun-los-empleados-de-un-hotel-de-punta-del-este\/"},"author":{"name":"E-GRUPOCLAN","@id":"https:\/\/radioclanfm.com\/clanespectaculos\/#\/schema\/person\/9734813083303230f3ad84d99171b20c"},"headline":"Qu\u00e9 pas\u00f3 entre Pampita y Cochito L\u00f3pez, seg\u00fan los empleados de un hotel de Punta del Este","datePublished":"2026-02-25T01:34:17+00:00","mainEntityOfPage":{"@id":"https:\/\/radioclanfm.com\/clanespectaculos\/que-paso-entre-pampita-y-cochito-lopez-segun-los-empleados-de-un-hotel-de-punta-del-este\/"},"wordCount":648,"commentCount":0,"publisher":{"@id":"https:\/\/radioclanfm.com\/clanespectaculos\/#organization"},"image":{"@id":"https:\/\/radioclanfm.com\/clanespectaculos\/que-paso-entre-pampita-y-cochito-lopez-segun-los-empleados-de-un-hotel-de-punta-del-este\/#primaryimage"},"thumbnailUrl":"https:\/\/radioclanfm.com\/clanespectaculos\/wp-content\/uploads\/sites\/2\/2026\/02\/hedojRDp.jpg","articleSection":["Espectaculos"],"inLanguage":"es-AR","potentialAction":[{"@type":"CommentAction","name":"Comment","target":["https:\/\/radioclanfm.com\/clanespectaculos\/que-paso-entre-pampita-y-cochito-lopez-segun-los-empleados-de-un-hotel-de-punta-del-este\/#respond"]}]},{"@type":"WebPage","@id":"https:\/\/radioclanfm.com\/clanespectaculos\/que-paso-entre-pampita-y-cochito-lopez-segun-los-empleados-de-un-hotel-de-punta-del-este\/","url":"https:\/\/radioclanfm.com\/clanespectaculos\/que-paso-entre-pampita-y-cochito-lopez-segun-los-empleados-de-un-hotel-de-punta-del-este\/","name":"Qu\u00e9 pas\u00f3 entre Pampita y Cochito L\u00f3pez, seg\u00fan los empleados de un hotel de Punta del Este - CLAN ESPECTACULOS","isPartOf":{"@id":"https:\/\/radioclanfm.com\/clanespectaculos\/#website"},"primaryImageOfPage":{"@id":"https:\/\/radioclanfm.com\/clanespectaculos\/que-paso-entre-pampita-y-cochito-lopez-segun-los-empleados-de-un-hotel-de-punta-del-este\/#primaryimage"},"image":{"@id":"https:\/\/radioclanfm.com\/clanespectaculos\/que-paso-entre-pampita-y-cochito-lopez-segun-los-empleados-de-un-hotel-de-punta-del-este\/#primaryimage"},"thumbnailUrl":"https:\/\/radioclanfm.com\/clanespectaculos\/wp-content\/uploads\/sites\/2\/2026\/02\/hedojRDp.jpg","datePublished":"2026-02-25T01:34:17+00:00","breadcrumb":{"@id":"https:\/\/radioclanfm.com\/clanespectaculos\/que-paso-entre-pampita-y-cochito-lopez-segun-los-empleados-de-un-hotel-de-punta-del-este\/#breadcrumb"},"inLanguage":"es-AR","potentialAction":[{"@type":"ReadAction","target":["https:\/\/radioclanfm.com\/clanespectaculos\/que-paso-entre-pampita-y-cochito-lopez-segun-los-empleados-de-un-hotel-de-punta-del-este\/"]}]},{"@type":"ImageObject","inLanguage":"es-AR","@id":"https:\/\/radioclanfm.com\/clanespectaculos\/que-paso-entre-pampita-y-cochito-lopez-segun-los-empleados-de-un-hotel-de-punta-del-este\/#primaryimage","url":"https:\/\/radioclanfm.com\/clanespectaculos\/wp-content\/uploads\/sites\/2\/2026\/02\/hedojRDp.jpg","contentUrl":"https:\/\/radioclanfm.com\/clanespectaculos\/wp-content\/uploads\/sites\/2\/2026\/02\/hedojRDp.jpg","width":900,"height":505},{"@type":"BreadcrumbList","@id":"https:\/\/radioclanfm.com\/clanespectaculos\/que-paso-entre-pampita-y-cochito-lopez-segun-los-empleados-de-un-hotel-de-punta-del-este\/#breadcrumb","itemListElement":[{"@type":"ListItem","position":1,"name":"Inicio","item":"https:\/\/radioclanfm.com\/clanespectaculos\/"},{"@type":"ListItem","position":2,"name":"Qu\u00e9 pas\u00f3 entre Pampita y Cochito L\u00f3pez, seg\u00fan los empleados de un hotel de Punta del Este"}]},{"@type":"WebSite","@id":"https:\/\/radioclanfm.com\/clanespectaculos\/#website","url":"https:\/\/radioclanfm.com\/clanespectaculos\/","name":"CLAN ESPECTACULOS","description":"","publisher":{"@id":"https:\/\/radioclanfm.com\/clanespectaculos\/#organization"},"potentialAction":[{"@type":"SearchAction","target":{"@type":"EntryPoint","urlTemplate":"https:\/\/radioclanfm.com\/clanespectaculos\/?s={search_term_string}"},"query-input":{"@type":"PropertyValueSpecification","valueRequired":true,"valueName":"search_term_string"}}],"inLanguage":"es-AR"},{"@type":"Organization","@id":"https:\/\/radioclanfm.com\/clanespectaculos\/#organization","name":"CLAN ESPECTACULOS","url":"https:\/\/radioclanfm.com\/clanespectaculos\/","logo":{"@type":"ImageObject","inLanguage":"es-AR","@id":"https:\/\/radioclanfm.com\/clanespectaculos\/#\/schema\/logo\/image\/","url":"https:\/\/radioclanfm.com\/clanespectaculos\/wp-content\/uploads\/sites\/2\/2026\/04\/ChatGPT-Image-23-mar-2026-10_09_00.png","contentUrl":"https:\/\/radioclanfm.com\/clanespectaculos\/wp-content\/uploads\/sites\/2\/2026\/04\/ChatGPT-Image-23-mar-2026-10_09_00.png","width":1024,"height":1024,"caption":"CLAN ESPECTACULOS"},"image":{"@id":"https:\/\/radioclanfm.com\/clanespectaculos\/#\/schema\/logo\/image\/"},"sameAs":["https:\/\/www.facebook.com\/clanespectaculos\/","https:\/\/x.com\/clanespectok"]},{"@type":"Person","@id":"https:\/\/radioclanfm.com\/clanespectaculos\/#\/schema\/person\/9734813083303230f3ad84d99171b20c","name":"E-GRUPOCLAN","image":{"@type":"ImageObject","inLanguage":"es-AR","@id":"https:\/\/secure.gravatar.com\/avatar\/af6e19837c3d6a212034a48c7b3818d2ac1826f6025df0155da5a186ad321d79?s=96&d=mm&r=g","url":"https:\/\/secure.gravatar.com\/avatar\/af6e19837c3d6a212034a48c7b3818d2ac1826f6025df0155da5a186ad321d79?s=96&d=mm&r=g","contentUrl":"https:\/\/secure.gravatar.com\/avatar\/af6e19837c3d6a212034a48c7b3818d2ac1826f6025df0155da5a186ad321d79?s=96&d=mm&r=g","caption":"E-GRUPOCLAN"},"sameAs":["https:\/\/radioclanfm.com"],"url":"https:\/\/radioclanfm.com\/clanespectaculos\/author\/admin\/"}]}},"_links":{"self":[{"href":"https:\/\/radioclanfm.com\/clanespectaculos\/wp-json\/wp\/v2\/posts\/12875","targetHints":{"allow":["GET"]}}],"collection":[{"href":"https:\/\/radioclanfm.com\/clanespectaculos\/wp-json\/wp\/v2\/posts"}],"about":[{"href":"https:\/\/radioclanfm.com\/clanespectaculos\/wp-json\/wp\/v2\/types\/post"}],"author":[{"embeddable":true,"href":"https:\/\/radioclanfm.com\/clanespectaculos\/wp-json\/wp\/v2\/users\/1"}],"replies":[{"embeddable":true,"href":"https:\/\/radioclanfm.com\/clanespectaculos\/wp-json\/wp\/v2\/comments?post=12875"}],"version-history":[{"count":1,"href":"https:\/\/radioclanfm.com\/clanespectaculos\/wp-json\/wp\/v2\/posts\/12875\/revisions"}],"predecessor-version":[{"id":12879,"href":"https:\/\/radioclanfm.com\/clanespectaculos\/wp-json\/wp\/v2\/posts\/12875\/revisions\/12879"}],"wp:featuredmedia":[{"embeddable":true,"href":"https:\/\/radioclanfm.com\/clanespectaculos\/wp-json\/wp\/v2\/media\/12878"}],"wp:attachment":[{"href":"https:\/\/radioclanfm.com\/clanespectaculos\/wp-json\/wp\/v2\/media?parent=12875"}],"wp:term":[{"taxonomy":"category","embeddable":true,"href":"https:\/\/radioclanfm.com\/clanespectaculos\/wp-json\/wp\/v2\/categories?post=12875"},{"taxonomy":"post_tag","embeddable":true,"href":"https:\/\/radioclanfm.com\/clanespectaculos\/wp-json\/wp\/v2\/tags?post=12875"}],"curies":[{"name":"wp","href":"https:\/\/api.w.org\/{rel}","templated":true}]}}