{"id":12841,"date":"2026-02-24T22:12:11","date_gmt":"2026-02-25T01:12:11","guid":{"rendered":"https:\/\/radioclanfm.com\/clanespectaculos\/?p=12841"},"modified":"2026-02-24T22:12:11","modified_gmt":"2026-02-25T01:12:11","slug":"adios-a-las-bufandas-xl-la-nueva-tendencia-que-es-furor-para-este-invierno-2026","status":"publish","type":"post","link":"https:\/\/radioclanfm.com\/clanespectaculos\/adios-a-las-bufandas-xl-la-nueva-tendencia-que-es-furor-para-este-invierno-2026\/","title":{"rendered":"Adi\u00f3s a las bufandas XL: la nueva tendencia que es furor para este invierno 2026"},"content":{"rendered":"<p>Los accesorios se renuevan y apuestan por opciones m\u00e1s livianas y vers\u00e1tiles, que abrigan sin sumar volumen y se adaptan mejor a los looks urbanos de la nueva temporada.<\/p>\n<div class=\"col-content\"><main class=\"col-content\"><\/p>\n<div class=\"default-article-color article__body article__article\">\n<p class=\"paragraph font__body-regular\">Este<b>\u00a0invierno 2026<\/b>\u00a0trae una renovaci\u00f3n en las tendencias de moda, especialmente en los accesorios. Una de las grandes sorpresas de esta nueva temporada es el adi\u00f3s a las\u00a0<b>bufandas XL<\/b>.<\/p>\n<div class=\"AV6543bedcd858799fe90b5c47\">\n<div id=\"aniBox\">\n<div id=\"aniplayer_AV6543bedcd858799fe90b5c47-1771981906315\">\n<div id=\"aniplayer_AV6543bedcd858799fe90b5c47-1771981906315gui\">\n<div id=\"av-caption\">\n<div id=\"av-close-btn-overlay\" class=\"av-pos-top-left\"><\/div>\n<\/div>\n<\/div>\n<\/div>\n<\/div>\n<\/div>\n<div id=\"ad-slot-infeed\" class=\"infeed-container ad-slot-infeed ad-slot\" data-adtype=\"infeed\" data-lazyload=\"1\" data-google-query-id=\"COCV_fy685IDFV01uQYd-usarw\">\n<div id=\"google_ads_iframe_\/113951150\/tn-arc\/nota\/infeed_0__container__\"><\/div>\n<\/div>\n<p class=\"paragraph font__body-regular\">Si bien fueron un complemento clave durante varios inviernos, este a\u00f1o ganan protagonismo opciones m\u00e1s livianas y vers\u00e1tiles, como los pa\u00f1uelos tejidos medianos y las bufandas finas envolventes. Son una alternativa moderna y funcional para los d\u00edas fr\u00edos, ya que aportan abrigo sin sumar volumen excesivo.<\/p>\n<figure class=\"\" data-testid=\"figure-testid\">\n<div class=\"aspect_ratio__container\"><picture class=\"responsive-image\"><source srcset=\"https:\/\/tn.com.ar\/resizer\/v2\/por-que-las-bufandas-xl-dejan-de-ser-tendencia-foto-imagen-generada-con-ia-gemini-4W7JLC2LWJAANCKCTWUYFV66IU.jpg?auth=202ba4c4efdad73e520f901df0a9db6a960ee13fc1feddfe80a669ac7acd98d3&amp;width=767\" type=\"image\/jpg\" media=\"(max-width: 728px)\" \/><source srcset=\"https:\/\/tn.com.ar\/resizer\/v2\/por-que-las-bufandas-xl-dejan-de-ser-tendencia-foto-imagen-generada-con-ia-gemini-4W7JLC2LWJAANCKCTWUYFV66IU.jpg?auth=202ba4c4efdad73e520f901df0a9db6a960ee13fc1feddfe80a669ac7acd98d3&amp;width=1023\" type=\"image\/jpg\" media=\"(max-width: 1023px)\" \/><source srcset=\"https:\/\/tn.com.ar\/resizer\/v2\/por-que-las-bufandas-xl-dejan-de-ser-tendencia-foto-imagen-generada-con-ia-gemini-4W7JLC2LWJAANCKCTWUYFV66IU.jpg?auth=202ba4c4efdad73e520f901df0a9db6a960ee13fc1feddfe80a669ac7acd98d3&amp;width=1440\" type=\"image\/jpg\" \/><img loading=\"lazy\" decoding=\"async\" class=\"image content-image image_placeholder\" src=\"https:\/\/tn.com.ar\/resizer\/v2\/por-que-las-bufandas-xl-dejan-de-ser-tendencia-foto-imagen-generada-con-ia-gemini-4W7JLC2LWJAANCKCTWUYFV66IU.jpg?auth=202ba4c4efdad73e520f901df0a9db6a960ee13fc1feddfe80a669ac7acd98d3&amp;width=767\" alt=\"\u00bfPor qu\u00e9 las bufandas XL dejan de ser tendencia? (Foto: Imagen generada con IA-Gemini)\" width=\"767\" height=\"430\" data-testid=\"loading-testid\" \/><\/picture><\/div><figcaption class=\"caption_image\" data-testid=\"figcaption-testid\">\n<div class=\"image_caption \">\u00bfPor qu\u00e9 las bufandas XL dejan de ser tendencia? (Foto: Imagen generada con IA-Gemini)<\/div>\n<\/figcaption><\/figure>\n<p class=\"paragraph font__body-regular\">Estas nuevas opciones se posicionan como un\u00a0<i>\u201cmust-have\u201d\u00a0<\/i>del invierno 2026, ya que permiten armar looks tanto urbanos como m\u00e1s elegantes, adapt\u00e1ndose a distintos estilos y edades.<\/p>\n<p class=\"paragraph font__body-regular\">Adem\u00e1s de ser pr\u00e1cticas, destacan por su capacidad para estilizar la silueta. Al no recargar la parte superior del cuerpo, equilibran las proporciones y funcionan muy bien con tapados rectos, camperas puffer y abrigos oversize, que siguen en tendencia.<\/p>\n<h2 class=\"font--primary font__display\">\u00bfPor qu\u00e9 las bufandas XL dejan de ser tendencia?<\/h2>\n<ul class=\"ul__list list\">\n<li class=\"list__item\"><b>Menos volumen visual<\/b>: los accesorios m\u00e1s finos aportan abrigo sin sobrecargar el look.<\/li>\n<li class=\"list__item\"><b>Mayor versatilidad<\/b>: se adaptan a distintos estilos, desde outfits casuales hasta formales.<\/li>\n<li class=\"list__item\"><b>Comodidad y practicidad<\/b>: son f\u00e1ciles de colocar, transportar y combinar con distintos abrigos.<\/li>\n<\/ul>\n<\/div>\n<p><\/main><\/div>\n<aside class=\"col-right-rail right-rail\">\n<div id=\"parent-ad-slot-caja\" class=\"ad-container caja_ad \">\n<div class=\"ad-content\"><\/div>\n<\/div>\n<\/aside>\n","protected":false},"excerpt":{"rendered":"<p>Los accesorios se renuevan y apuestan por opciones m\u00e1s livianas y vers\u00e1tiles, que abrigan sin sumar volumen y se adaptan mejor a los looks urbanos de la nueva temporada. Este\u00a0invierno 2026\u00a0trae una renovaci\u00f3n en las tendencias de moda, especialmente en los accesorios. Una de las grandes sorpresas de esta nueva temporada es el adi\u00f3s a [&hellip;]<\/p>\n","protected":false},"author":1,"featured_media":12844,"comment_status":"open","ping_status":"open","sticky":false,"template":"","format":"standard","meta":{"rop_custom_images_group":[],"rop_custom_messages_group":[],"rop_publish_now":"initial","rop_publish_now_accounts":[],"rop_publish_now_history":[],"rop_publish_now_status":"pending","footnotes":"","jetpack_publicize_message":"","jetpack_publicize_feature_enabled":true,"jetpack_social_post_already_shared":true,"jetpack_social_options":{"image_generator_settings":{"template":"highway","enabled":false},"version":2}},"categories":[16],"tags":[],"class_list":{"0":"post-12841","1":"post","2":"type-post","3":"status-publish","4":"format-standard","5":"has-post-thumbnail","7":"category-tendencias"},"jetpack_publicize_connections":[],"yoast_head":"<!-- This site is optimized with the Yoast SEO plugin v27.3 - https:\/\/yoast.com\/product\/yoast-seo-wordpress\/ -->\n<title>Adi\u00f3s a las bufandas XL: la nueva tendencia que es furor para este invierno 2026 - CLAN ESPECTACULOS<\/title>\n<meta name=\"robots\" content=\"index, follow, max-snippet:-1, max-image-preview:large, max-video-preview:-1\" \/>\n<link rel=\"canonical\" href=\"https:\/\/radioclanfm.com\/clanespectaculos\/adios-a-las-bufandas-xl-la-nueva-tendencia-que-es-furor-para-este-invierno-2026\/\" \/>\n<meta property=\"og:locale\" content=\"es_ES\" \/>\n<meta property=\"og:type\" content=\"article\" \/>\n<meta property=\"og:title\" content=\"Adi\u00f3s a las bufandas XL: la nueva tendencia que es furor para este invierno 2026 - CLAN ESPECTACULOS\" \/>\n<meta property=\"og:description\" content=\"Los accesorios se renuevan y apuestan por opciones m\u00e1s livianas y vers\u00e1tiles, que abrigan sin sumar volumen y se adaptan mejor a los looks urbanos de la nueva temporada. Este\u00a0invierno 2026\u00a0trae una renovaci\u00f3n en las tendencias de moda, especialmente en los accesorios. Una de las grandes sorpresas de esta nueva temporada es el adi\u00f3s a [&hellip;]\" \/>\n<meta property=\"og:url\" content=\"https:\/\/radioclanfm.com\/clanespectaculos\/adios-a-las-bufandas-xl-la-nueva-tendencia-que-es-furor-para-este-invierno-2026\/\" \/>\n<meta property=\"og:site_name\" content=\"CLAN ESPECTACULOS\" \/>\n<meta property=\"article:publisher\" content=\"https:\/\/www.facebook.com\/clanespectaculos\/\" \/>\n<meta property=\"article:published_time\" content=\"2026-02-25T01:12:11+00:00\" \/>\n<meta property=\"og:image\" content=\"https:\/\/radioclanfm.com\/clanespectaculos\/wp-content\/uploads\/sites\/2\/2026\/02\/DEq9BUGG.jpg\" \/>\n\t<meta property=\"og:image:width\" content=\"900\" \/>\n\t<meta property=\"og:image:height\" content=\"505\" \/>\n\t<meta property=\"og:image:type\" content=\"image\/jpeg\" \/>\n<meta name=\"author\" content=\"E-GRUPOCLAN\" \/>\n<meta name=\"twitter:card\" content=\"summary_large_image\" \/>\n<meta name=\"twitter:creator\" content=\"@clanespectok\" \/>\n<meta name=\"twitter:site\" content=\"@clanespectok\" \/>\n<meta name=\"twitter:label1\" content=\"Escrito por\" \/>\n\t<meta name=\"twitter:data1\" content=\"E-GRUPOCLAN\" \/>\n\t<meta name=\"twitter:label2\" content=\"Tiempo de lectura\" \/>\n\t<meta name=\"twitter:data2\" content=\"1 minuto\" \/>\n<script type=\"application\/ld+json\" class=\"yoast-schema-graph\">{\"@context\":\"https:\\\/\\\/schema.org\",\"@graph\":[{\"@type\":\"Article\",\"@id\":\"https:\\\/\\\/radioclanfm.com\\\/clanespectaculos\\\/adios-a-las-bufandas-xl-la-nueva-tendencia-que-es-furor-para-este-invierno-2026\\\/#article\",\"isPartOf\":{\"@id\":\"https:\\\/\\\/radioclanfm.com\\\/clanespectaculos\\\/adios-a-las-bufandas-xl-la-nueva-tendencia-que-es-furor-para-este-invierno-2026\\\/\"},\"author\":{\"name\":\"E-GRUPOCLAN\",\"@id\":\"https:\\\/\\\/radioclanfm.com\\\/clanespectaculos\\\/#\\\/schema\\\/person\\\/9734813083303230f3ad84d99171b20c\"},\"headline\":\"Adi\u00f3s a las bufandas XL: la nueva tendencia que es furor para este invierno 2026\",\"datePublished\":\"2026-02-25T01:12:11+00:00\",\"mainEntityOfPage\":{\"@id\":\"https:\\\/\\\/radioclanfm.com\\\/clanespectaculos\\\/adios-a-las-bufandas-xl-la-nueva-tendencia-que-es-furor-para-este-invierno-2026\\\/\"},\"wordCount\":262,\"commentCount\":0,\"publisher\":{\"@id\":\"https:\\\/\\\/radioclanfm.com\\\/clanespectaculos\\\/#organization\"},\"image\":{\"@id\":\"https:\\\/\\\/radioclanfm.com\\\/clanespectaculos\\\/adios-a-las-bufandas-xl-la-nueva-tendencia-que-es-furor-para-este-invierno-2026\\\/#primaryimage\"},\"thumbnailUrl\":\"https:\\\/\\\/radioclanfm.com\\\/clanespectaculos\\\/wp-content\\\/uploads\\\/sites\\\/2\\\/2026\\\/02\\\/DEq9BUGG.jpg\",\"articleSection\":[\"TENDENCIAS\"],\"inLanguage\":\"es-AR\",\"potentialAction\":[{\"@type\":\"CommentAction\",\"name\":\"Comment\",\"target\":[\"https:\\\/\\\/radioclanfm.com\\\/clanespectaculos\\\/adios-a-las-bufandas-xl-la-nueva-tendencia-que-es-furor-para-este-invierno-2026\\\/#respond\"]}]},{\"@type\":\"WebPage\",\"@id\":\"https:\\\/\\\/radioclanfm.com\\\/clanespectaculos\\\/adios-a-las-bufandas-xl-la-nueva-tendencia-que-es-furor-para-este-invierno-2026\\\/\",\"url\":\"https:\\\/\\\/radioclanfm.com\\\/clanespectaculos\\\/adios-a-las-bufandas-xl-la-nueva-tendencia-que-es-furor-para-este-invierno-2026\\\/\",\"name\":\"Adi\u00f3s a las bufandas XL: la nueva tendencia que es furor para este invierno 2026 - CLAN ESPECTACULOS\",\"isPartOf\":{\"@id\":\"https:\\\/\\\/radioclanfm.com\\\/clanespectaculos\\\/#website\"},\"primaryImageOfPage\":{\"@id\":\"https:\\\/\\\/radioclanfm.com\\\/clanespectaculos\\\/adios-a-las-bufandas-xl-la-nueva-tendencia-que-es-furor-para-este-invierno-2026\\\/#primaryimage\"},\"image\":{\"@id\":\"https:\\\/\\\/radioclanfm.com\\\/clanespectaculos\\\/adios-a-las-bufandas-xl-la-nueva-tendencia-que-es-furor-para-este-invierno-2026\\\/#primaryimage\"},\"thumbnailUrl\":\"https:\\\/\\\/radioclanfm.com\\\/clanespectaculos\\\/wp-content\\\/uploads\\\/sites\\\/2\\\/2026\\\/02\\\/DEq9BUGG.jpg\",\"datePublished\":\"2026-02-25T01:12:11+00:00\",\"breadcrumb\":{\"@id\":\"https:\\\/\\\/radioclanfm.com\\\/clanespectaculos\\\/adios-a-las-bufandas-xl-la-nueva-tendencia-que-es-furor-para-este-invierno-2026\\\/#breadcrumb\"},\"inLanguage\":\"es-AR\",\"potentialAction\":[{\"@type\":\"ReadAction\",\"target\":[\"https:\\\/\\\/radioclanfm.com\\\/clanespectaculos\\\/adios-a-las-bufandas-xl-la-nueva-tendencia-que-es-furor-para-este-invierno-2026\\\/\"]}]},{\"@type\":\"ImageObject\",\"inLanguage\":\"es-AR\",\"@id\":\"https:\\\/\\\/radioclanfm.com\\\/clanespectaculos\\\/adios-a-las-bufandas-xl-la-nueva-tendencia-que-es-furor-para-este-invierno-2026\\\/#primaryimage\",\"url\":\"https:\\\/\\\/radioclanfm.com\\\/clanespectaculos\\\/wp-content\\\/uploads\\\/sites\\\/2\\\/2026\\\/02\\\/DEq9BUGG.jpg\",\"contentUrl\":\"https:\\\/\\\/radioclanfm.com\\\/clanespectaculos\\\/wp-content\\\/uploads\\\/sites\\\/2\\\/2026\\\/02\\\/DEq9BUGG.jpg\",\"width\":900,\"height\":505},{\"@type\":\"BreadcrumbList\",\"@id\":\"https:\\\/\\\/radioclanfm.com\\\/clanespectaculos\\\/adios-a-las-bufandas-xl-la-nueva-tendencia-que-es-furor-para-este-invierno-2026\\\/#breadcrumb\",\"itemListElement\":[{\"@type\":\"ListItem\",\"position\":1,\"name\":\"Inicio\",\"item\":\"https:\\\/\\\/radioclanfm.com\\\/clanespectaculos\\\/\"},{\"@type\":\"ListItem\",\"position\":2,\"name\":\"Adi\u00f3s a las bufandas XL: la nueva tendencia que es furor para este invierno 2026\"}]},{\"@type\":\"WebSite\",\"@id\":\"https:\\\/\\\/radioclanfm.com\\\/clanespectaculos\\\/#website\",\"url\":\"https:\\\/\\\/radioclanfm.com\\\/clanespectaculos\\\/\",\"name\":\"CLAN ESPECTACULOS\",\"description\":\"\",\"publisher\":{\"@id\":\"https:\\\/\\\/radioclanfm.com\\\/clanespectaculos\\\/#organization\"},\"potentialAction\":[{\"@type\":\"SearchAction\",\"target\":{\"@type\":\"EntryPoint\",\"urlTemplate\":\"https:\\\/\\\/radioclanfm.com\\\/clanespectaculos\\\/?s={search_term_string}\"},\"query-input\":{\"@type\":\"PropertyValueSpecification\",\"valueRequired\":true,\"valueName\":\"search_term_string\"}}],\"inLanguage\":\"es-AR\"},{\"@type\":\"Organization\",\"@id\":\"https:\\\/\\\/radioclanfm.com\\\/clanespectaculos\\\/#organization\",\"name\":\"CLAN ESPECTACULOS\",\"url\":\"https:\\\/\\\/radioclanfm.com\\\/clanespectaculos\\\/\",\"logo\":{\"@type\":\"ImageObject\",\"inLanguage\":\"es-AR\",\"@id\":\"https:\\\/\\\/radioclanfm.com\\\/clanespectaculos\\\/#\\\/schema\\\/logo\\\/image\\\/\",\"url\":\"https:\\\/\\\/radioclanfm.com\\\/clanespectaculos\\\/wp-content\\\/uploads\\\/sites\\\/2\\\/2026\\\/04\\\/ChatGPT-Image-23-mar-2026-10_09_00.png\",\"contentUrl\":\"https:\\\/\\\/radioclanfm.com\\\/clanespectaculos\\\/wp-content\\\/uploads\\\/sites\\\/2\\\/2026\\\/04\\\/ChatGPT-Image-23-mar-2026-10_09_00.png\",\"width\":1024,\"height\":1024,\"caption\":\"CLAN ESPECTACULOS\"},\"image\":{\"@id\":\"https:\\\/\\\/radioclanfm.com\\\/clanespectaculos\\\/#\\\/schema\\\/logo\\\/image\\\/\"},\"sameAs\":[\"https:\\\/\\\/www.facebook.com\\\/clanespectaculos\\\/\",\"https:\\\/\\\/x.com\\\/clanespectok\"]},{\"@type\":\"Person\",\"@id\":\"https:\\\/\\\/radioclanfm.com\\\/clanespectaculos\\\/#\\\/schema\\\/person\\\/9734813083303230f3ad84d99171b20c\",\"name\":\"E-GRUPOCLAN\",\"image\":{\"@type\":\"ImageObject\",\"inLanguage\":\"es-AR\",\"@id\":\"https:\\\/\\\/secure.gravatar.com\\\/avatar\\\/af6e19837c3d6a212034a48c7b3818d2ac1826f6025df0155da5a186ad321d79?s=96&d=mm&r=g\",\"url\":\"https:\\\/\\\/secure.gravatar.com\\\/avatar\\\/af6e19837c3d6a212034a48c7b3818d2ac1826f6025df0155da5a186ad321d79?s=96&d=mm&r=g\",\"contentUrl\":\"https:\\\/\\\/secure.gravatar.com\\\/avatar\\\/af6e19837c3d6a212034a48c7b3818d2ac1826f6025df0155da5a186ad321d79?s=96&d=mm&r=g\",\"caption\":\"E-GRUPOCLAN\"},\"sameAs\":[\"https:\\\/\\\/radioclanfm.com\"],\"url\":\"https:\\\/\\\/radioclanfm.com\\\/clanespectaculos\\\/author\\\/admin\\\/\"}]}<\/script>\n<!-- \/ Yoast SEO plugin. -->","yoast_head_json":{"title":"Adi\u00f3s a las bufandas XL: la nueva tendencia que es furor para este invierno 2026 - CLAN ESPECTACULOS","robots":{"index":"index","follow":"follow","max-snippet":"max-snippet:-1","max-image-preview":"max-image-preview:large","max-video-preview":"max-video-preview:-1"},"canonical":"https:\/\/radioclanfm.com\/clanespectaculos\/adios-a-las-bufandas-xl-la-nueva-tendencia-que-es-furor-para-este-invierno-2026\/","og_locale":"es_ES","og_type":"article","og_title":"Adi\u00f3s a las bufandas XL: la nueva tendencia que es furor para este invierno 2026 - CLAN ESPECTACULOS","og_description":"Los accesorios se renuevan y apuestan por opciones m\u00e1s livianas y vers\u00e1tiles, que abrigan sin sumar volumen y se adaptan mejor a los looks urbanos de la nueva temporada. Este\u00a0invierno 2026\u00a0trae una renovaci\u00f3n en las tendencias de moda, especialmente en los accesorios. Una de las grandes sorpresas de esta nueva temporada es el adi\u00f3s a [&hellip;]","og_url":"https:\/\/radioclanfm.com\/clanespectaculos\/adios-a-las-bufandas-xl-la-nueva-tendencia-que-es-furor-para-este-invierno-2026\/","og_site_name":"CLAN ESPECTACULOS","article_publisher":"https:\/\/www.facebook.com\/clanespectaculos\/","article_published_time":"2026-02-25T01:12:11+00:00","og_image":[{"width":900,"height":505,"url":"https:\/\/radioclanfm.com\/clanespectaculos\/wp-content\/uploads\/sites\/2\/2026\/02\/DEq9BUGG.jpg","type":"image\/jpeg"}],"author":"E-GRUPOCLAN","twitter_card":"summary_large_image","twitter_creator":"@clanespectok","twitter_site":"@clanespectok","twitter_misc":{"Escrito por":"E-GRUPOCLAN","Tiempo de lectura":"1 minuto"},"schema":{"@context":"https:\/\/schema.org","@graph":[{"@type":"Article","@id":"https:\/\/radioclanfm.com\/clanespectaculos\/adios-a-las-bufandas-xl-la-nueva-tendencia-que-es-furor-para-este-invierno-2026\/#article","isPartOf":{"@id":"https:\/\/radioclanfm.com\/clanespectaculos\/adios-a-las-bufandas-xl-la-nueva-tendencia-que-es-furor-para-este-invierno-2026\/"},"author":{"name":"E-GRUPOCLAN","@id":"https:\/\/radioclanfm.com\/clanespectaculos\/#\/schema\/person\/9734813083303230f3ad84d99171b20c"},"headline":"Adi\u00f3s a las bufandas XL: la nueva tendencia que es furor para este invierno 2026","datePublished":"2026-02-25T01:12:11+00:00","mainEntityOfPage":{"@id":"https:\/\/radioclanfm.com\/clanespectaculos\/adios-a-las-bufandas-xl-la-nueva-tendencia-que-es-furor-para-este-invierno-2026\/"},"wordCount":262,"commentCount":0,"publisher":{"@id":"https:\/\/radioclanfm.com\/clanespectaculos\/#organization"},"image":{"@id":"https:\/\/radioclanfm.com\/clanespectaculos\/adios-a-las-bufandas-xl-la-nueva-tendencia-que-es-furor-para-este-invierno-2026\/#primaryimage"},"thumbnailUrl":"https:\/\/radioclanfm.com\/clanespectaculos\/wp-content\/uploads\/sites\/2\/2026\/02\/DEq9BUGG.jpg","articleSection":["TENDENCIAS"],"inLanguage":"es-AR","potentialAction":[{"@type":"CommentAction","name":"Comment","target":["https:\/\/radioclanfm.com\/clanespectaculos\/adios-a-las-bufandas-xl-la-nueva-tendencia-que-es-furor-para-este-invierno-2026\/#respond"]}]},{"@type":"WebPage","@id":"https:\/\/radioclanfm.com\/clanespectaculos\/adios-a-las-bufandas-xl-la-nueva-tendencia-que-es-furor-para-este-invierno-2026\/","url":"https:\/\/radioclanfm.com\/clanespectaculos\/adios-a-las-bufandas-xl-la-nueva-tendencia-que-es-furor-para-este-invierno-2026\/","name":"Adi\u00f3s a las bufandas XL: la nueva tendencia que es furor para este invierno 2026 - CLAN ESPECTACULOS","isPartOf":{"@id":"https:\/\/radioclanfm.com\/clanespectaculos\/#website"},"primaryImageOfPage":{"@id":"https:\/\/radioclanfm.com\/clanespectaculos\/adios-a-las-bufandas-xl-la-nueva-tendencia-que-es-furor-para-este-invierno-2026\/#primaryimage"},"image":{"@id":"https:\/\/radioclanfm.com\/clanespectaculos\/adios-a-las-bufandas-xl-la-nueva-tendencia-que-es-furor-para-este-invierno-2026\/#primaryimage"},"thumbnailUrl":"https:\/\/radioclanfm.com\/clanespectaculos\/wp-content\/uploads\/sites\/2\/2026\/02\/DEq9BUGG.jpg","datePublished":"2026-02-25T01:12:11+00:00","breadcrumb":{"@id":"https:\/\/radioclanfm.com\/clanespectaculos\/adios-a-las-bufandas-xl-la-nueva-tendencia-que-es-furor-para-este-invierno-2026\/#breadcrumb"},"inLanguage":"es-AR","potentialAction":[{"@type":"ReadAction","target":["https:\/\/radioclanfm.com\/clanespectaculos\/adios-a-las-bufandas-xl-la-nueva-tendencia-que-es-furor-para-este-invierno-2026\/"]}]},{"@type":"ImageObject","inLanguage":"es-AR","@id":"https:\/\/radioclanfm.com\/clanespectaculos\/adios-a-las-bufandas-xl-la-nueva-tendencia-que-es-furor-para-este-invierno-2026\/#primaryimage","url":"https:\/\/radioclanfm.com\/clanespectaculos\/wp-content\/uploads\/sites\/2\/2026\/02\/DEq9BUGG.jpg","contentUrl":"https:\/\/radioclanfm.com\/clanespectaculos\/wp-content\/uploads\/sites\/2\/2026\/02\/DEq9BUGG.jpg","width":900,"height":505},{"@type":"BreadcrumbList","@id":"https:\/\/radioclanfm.com\/clanespectaculos\/adios-a-las-bufandas-xl-la-nueva-tendencia-que-es-furor-para-este-invierno-2026\/#breadcrumb","itemListElement":[{"@type":"ListItem","position":1,"name":"Inicio","item":"https:\/\/radioclanfm.com\/clanespectaculos\/"},{"@type":"ListItem","position":2,"name":"Adi\u00f3s a las bufandas XL: la nueva tendencia que es furor para este invierno 2026"}]},{"@type":"WebSite","@id":"https:\/\/radioclanfm.com\/clanespectaculos\/#website","url":"https:\/\/radioclanfm.com\/clanespectaculos\/","name":"CLAN ESPECTACULOS","description":"","publisher":{"@id":"https:\/\/radioclanfm.com\/clanespectaculos\/#organization"},"potentialAction":[{"@type":"SearchAction","target":{"@type":"EntryPoint","urlTemplate":"https:\/\/radioclanfm.com\/clanespectaculos\/?s={search_term_string}"},"query-input":{"@type":"PropertyValueSpecification","valueRequired":true,"valueName":"search_term_string"}}],"inLanguage":"es-AR"},{"@type":"Organization","@id":"https:\/\/radioclanfm.com\/clanespectaculos\/#organization","name":"CLAN ESPECTACULOS","url":"https:\/\/radioclanfm.com\/clanespectaculos\/","logo":{"@type":"ImageObject","inLanguage":"es-AR","@id":"https:\/\/radioclanfm.com\/clanespectaculos\/#\/schema\/logo\/image\/","url":"https:\/\/radioclanfm.com\/clanespectaculos\/wp-content\/uploads\/sites\/2\/2026\/04\/ChatGPT-Image-23-mar-2026-10_09_00.png","contentUrl":"https:\/\/radioclanfm.com\/clanespectaculos\/wp-content\/uploads\/sites\/2\/2026\/04\/ChatGPT-Image-23-mar-2026-10_09_00.png","width":1024,"height":1024,"caption":"CLAN ESPECTACULOS"},"image":{"@id":"https:\/\/radioclanfm.com\/clanespectaculos\/#\/schema\/logo\/image\/"},"sameAs":["https:\/\/www.facebook.com\/clanespectaculos\/","https:\/\/x.com\/clanespectok"]},{"@type":"Person","@id":"https:\/\/radioclanfm.com\/clanespectaculos\/#\/schema\/person\/9734813083303230f3ad84d99171b20c","name":"E-GRUPOCLAN","image":{"@type":"ImageObject","inLanguage":"es-AR","@id":"https:\/\/secure.gravatar.com\/avatar\/af6e19837c3d6a212034a48c7b3818d2ac1826f6025df0155da5a186ad321d79?s=96&d=mm&r=g","url":"https:\/\/secure.gravatar.com\/avatar\/af6e19837c3d6a212034a48c7b3818d2ac1826f6025df0155da5a186ad321d79?s=96&d=mm&r=g","contentUrl":"https:\/\/secure.gravatar.com\/avatar\/af6e19837c3d6a212034a48c7b3818d2ac1826f6025df0155da5a186ad321d79?s=96&d=mm&r=g","caption":"E-GRUPOCLAN"},"sameAs":["https:\/\/radioclanfm.com"],"url":"https:\/\/radioclanfm.com\/clanespectaculos\/author\/admin\/"}]}},"_links":{"self":[{"href":"https:\/\/radioclanfm.com\/clanespectaculos\/wp-json\/wp\/v2\/posts\/12841","targetHints":{"allow":["GET"]}}],"collection":[{"href":"https:\/\/radioclanfm.com\/clanespectaculos\/wp-json\/wp\/v2\/posts"}],"about":[{"href":"https:\/\/radioclanfm.com\/clanespectaculos\/wp-json\/wp\/v2\/types\/post"}],"author":[{"embeddable":true,"href":"https:\/\/radioclanfm.com\/clanespectaculos\/wp-json\/wp\/v2\/users\/1"}],"replies":[{"embeddable":true,"href":"https:\/\/radioclanfm.com\/clanespectaculos\/wp-json\/wp\/v2\/comments?post=12841"}],"version-history":[{"count":1,"href":"https:\/\/radioclanfm.com\/clanespectaculos\/wp-json\/wp\/v2\/posts\/12841\/revisions"}],"predecessor-version":[{"id":12845,"href":"https:\/\/radioclanfm.com\/clanespectaculos\/wp-json\/wp\/v2\/posts\/12841\/revisions\/12845"}],"wp:featuredmedia":[{"embeddable":true,"href":"https:\/\/radioclanfm.com\/clanespectaculos\/wp-json\/wp\/v2\/media\/12844"}],"wp:attachment":[{"href":"https:\/\/radioclanfm.com\/clanespectaculos\/wp-json\/wp\/v2\/media?parent=12841"}],"wp:term":[{"taxonomy":"category","embeddable":true,"href":"https:\/\/radioclanfm.com\/clanespectaculos\/wp-json\/wp\/v2\/categories?post=12841"},{"taxonomy":"post_tag","embeddable":true,"href":"https:\/\/radioclanfm.com\/clanespectaculos\/wp-json\/wp\/v2\/tags?post=12841"}],"curies":[{"name":"wp","href":"https:\/\/api.w.org\/{rel}","templated":true}]}}