{"id":12831,"date":"2026-02-24T22:09:39","date_gmt":"2026-02-25T01:09:39","guid":{"rendered":"https:\/\/radioclanfm.com\/clanespectaculos\/?p=12831"},"modified":"2026-02-24T22:09:39","modified_gmt":"2026-02-25T01:09:39","slug":"la-reaccion-de-zoe-bogach-cuando-su-exnovio-ingreso-a-gran-hermano-generacion-dorada-el-video","status":"publish","type":"post","link":"https:\/\/radioclanfm.com\/clanespectaculos\/la-reaccion-de-zoe-bogach-cuando-su-exnovio-ingreso-a-gran-hermano-generacion-dorada-el-video\/","title":{"rendered":"La reacci\u00f3n de Zoe Bogach cuando su exnovio ingres\u00f3 a Gran Hermano Generaci\u00f3n Dorada: el video"},"content":{"rendered":"<p class=\"paragraph\" data-mrf-recirculation=\"Links inline\">El esperado estreno de\u00a0<i><b>Gran Hermano Generaci\u00f3n Dorada\u00a0<\/b><\/i>(Telefe) no solo marc\u00f3 el regreso del reality m\u00e1s visto del pa\u00eds, sino que tambi\u00e9n trajo consigo caras conocidas y revivi\u00f3 pol\u00e9micas recientes en la vida de los nuevos participantes.\u00a0<b>Uno de los ingresos que m\u00e1s impacto caus\u00f3 fue el de Manuel Ibero, expareja de\u00a0<\/b><b>Zoe Bogach<\/b>, lo que gener\u00f3 tendencia inmediata entre los fan\u00e1ticos del ciclo y desat\u00f3 una ola de reacciones en las redes sociales. Pero la verdadera explosi\u00f3n medi\u00e1tica lleg\u00f3 cuando<b>\u00a0Zoe, sorprendida en vivo, reaccion\u00f3 al ver a su ex cruzar la puerta de la casa<\/b>.<\/p>\n<div class=\"news-module\" data-mrf-recirculation=\"IL_GBLs3HYWRq2RgU4Qz8MM1Q\" data-testid=\"text-html\" data-mrf-experience=\"IL_GBLs3HYWRq2RgU4Qz8MM1Q\">\n<div class=\"recommended-card__image-container\"><\/div>\n<\/div>\n<p class=\"paragraph\" data-mrf-recirculation=\"Links inline\">La influencer fue parte del stream que realiz\u00f3 su excompa\u00f1era de la edici\u00f3n anterior,\u00a0<b>Luc\u00eda Maidana<\/b>. All\u00ed, en una transmisi\u00f3n espont\u00e1nea y cargada de nerviosismo,<b>\u00a0Zoe no ocult\u00f3 su estado de shock ni sus picantes comentarios<\/b>\u00a0al ver a Manuel ingresar al juego. Fiel a su estilo frontal, no se guard\u00f3 nada. \u201c<b>Entr\u00f3 autobronceado. \u00a1Ay! No, no, no, no, \u00a1qu\u00e9 cringe!<\/b>\u201d, lanz\u00f3, visiblemente inc\u00f3moda. Y enseguida, a\u00fan m\u00e1s alterada, agreg\u00f3: \u201c<b>Ponete una remera, bolu&#8230;, no pod\u00e9s ser tan banana&#8230; \u00a1Estoy en shock! \u00a1No lo puedo creer!<\/b>\u201d. El tono directo y la espontaneidad de Zoe generaron que el clip se volviera viral casi al instante, replic\u00e1ndose en las redes con miles de reproducciones y comentarios.<\/p>\n<div class=\"inline ad-wrapper\">\n<div class=\"dfpAd ad-inline\"><\/div>\n<\/div>\n<p class=\"paragraph\" data-mrf-recirculation=\"Links inline\">El episodio abri\u00f3 un nuevo cap\u00edtulo en la historia p\u00fablica entre Zoe y Manuel. Los seguidores no tardaron en tomar partido y las redes sociales se poblaron de mensajes para ambos: \u201cTe vengaremos, Zoe\u201d; \u201c<b>Zoe, dej\u00e1 de ser una nena caprichosa<\/b>\u201d; \u201cA este tipo lo van a sacar la primera semana\u201d; \u201c<b>Me encanta que se le cag\u2026 de risa al tipo\u201d<\/b>, fueron solo algunos de los comentarios que circularon, dejando en claro que la relaci\u00f3n entre los dos sigue generando inter\u00e9s y controversia.<\/p>\n<div class=\"news-module\" data-mrf-recirculation=\"IL_m3kiGo-8SVS6m0U7OqrZLw\" data-testid=\"text-html\" data-mrf-experience=\"IL_m3kiGo-8SVS6m0U7OqrZLw\">\n<div class=\"recommended-card__image-container\"><\/div>\n<\/div>\n<div class=\"visual__image\"><picture><source srcset=\"https:\/\/www.infobae.com\/resizer\/v2\/HSPDRVTLSFF6HH5DLRU3PS3KXI.jpg?auth=657bcbcace9009d0658b69fe0fca6555a7367ab5ac6b1a12b6c31bac51a3beea&amp;smart=true&amp;width=992&amp;height=558&amp;quality=85\" media=\"(min-width: 1000px)\" \/><source srcset=\"https:\/\/www.infobae.com\/resizer\/v2\/HSPDRVTLSFF6HH5DLRU3PS3KXI.jpg?auth=657bcbcace9009d0658b69fe0fca6555a7367ab5ac6b1a12b6c31bac51a3beea&amp;smart=true&amp;width=768&amp;height=432&amp;quality=85\" media=\"(min-width: 768px)\" \/><source srcset=\"https:\/\/www.infobae.com\/resizer\/v2\/HSPDRVTLSFF6HH5DLRU3PS3KXI.jpg?auth=657bcbcace9009d0658b69fe0fca6555a7367ab5ac6b1a12b6c31bac51a3beea&amp;smart=true&amp;width=577&amp;height=324&amp;quality=85\" media=\"(min-width: 580px)\" \/><source srcset=\"https:\/\/www.infobae.com\/resizer\/v2\/HSPDRVTLSFF6HH5DLRU3PS3KXI.jpg?auth=657bcbcace9009d0658b69fe0fca6555a7367ab5ac6b1a12b6c31bac51a3beea&amp;smart=true&amp;width=420&amp;height=236&amp;quality=85\" media=\"(min-width: 350px)\" \/><source srcset=\"https:\/\/www.infobae.com\/resizer\/v2\/HSPDRVTLSFF6HH5DLRU3PS3KXI.jpg?auth=657bcbcace9009d0658b69fe0fca6555a7367ab5ac6b1a12b6c31bac51a3beea&amp;smart=true&amp;width=350&amp;height=197&amp;quality=85\" media=\"(min-width: 80px)\" \/><img loading=\"lazy\" decoding=\"async\" class=\"global-image\" src=\"https:\/\/www.infobae.com\/resizer\/v2\/HSPDRVTLSFF6HH5DLRU3PS3KXI.jpg?auth=657bcbcace9009d0658b69fe0fca6555a7367ab5ac6b1a12b6c31bac51a3beea&amp;smart=true&amp;width=350&amp;height=197&amp;quality=85\" alt=\"En 2024, la entonces pareja\" width=\"2048\" height=\"1151\" \/><\/picture>En 2024, la entonces pareja habl\u00f3 abiertamente sobre su relaci\u00f3n a Infobae (Candela Teicheira)<\/div>\n<p class=\"paragraph\" data-mrf-recirculation=\"Links inline\">Cabe recordar que la historia entre Bogach e Ibero ya era muy comentada fuera de la casa de\u00a0<i>Gran Hermano<\/i>. En 2024, tras la salida de Zoe del reality,\u00a0la pareja fue entrevistada en el ciclo\u00a0<i>Viva el amor\u00a0<\/i>de\u00a0<b>Infobae<\/b>, donde no faltaron los momentos de sinceridad y humor. En esa ocasi\u00f3n, Zoe fue la encargada de dar el primer paso con una pregunta filosa: \u201c<b>\u00bfEn qu\u00e9 momento dijiste que soy el amor de tu vida?<\/b>\u201d. Manu, con honestidad, respondi\u00f3: \u201c<b>Creo que fue la primera vez que te llev\u00e9 a casa a conocer a mi familia<\/b>. Llev\u00e1bamos un mes, poco tiempo, pero bueno, fue ah\u00ed\u201d, y devolvi\u00f3 la pregunta. Zoe admiti\u00f3 que a ella le llev\u00f3 m\u00e1s tiempo: \u201cDespu\u00e9s de salir de la casa (de Gran Hermano)\u201d, dijo sin rodeos, sorprendiendo a su novio, que retruc\u00f3 entre risas: \u201cAh, tardaste un tiempito. Lo vamos a tener que hablar despu\u00e9s\u201d.<\/p>\n<div class=\"jwplayer-ctn\">\n<div>\n<div id=\"EWFXTUVICJGGFABXUMTL7RC5VU-custom_embed6\" class=\"jwplayer jw-reset jw-state-idle jw-stretch-uniform jw-flag-aspect-mode jw-floating-dismissible jw-keep-thumbnail jw-flag-user-inactive jw-flag-cast-available jw-breakpoint-5\" tabindex=\"0\" role=\"application\" aria-label=\"Video Player - El llanto de Zoe Bogach al saber que su exnovio entrar\u00e1 a Gran Hermano\" aria-describedby=\"jw-EWFXTUVICJGGFABXUMTL7RC5VU-custom_embed6-shortcuts-tooltip-explanation\" data-compass-listening=\"true\">\n<div class=\"jw-wrapper jw-reset\">\n<div class=\"jw-title jw-reset-text\" dir=\"auto\">\n<blockquote class=\"tiktok-embed\" cite=\"https:\/\/www.tiktok.com\/@tvpopular1\/video\/7598300201421458709\" data-video-id=\"7598300201421458709\" data-embed-from=\"oembed\" style=\"max-width:605px; min-width:325px;\">\n<section> <a target=\"_blank\" title=\"@tvpopular1\" href=\"https:\/\/www.tiktok.com\/@tvpopular1?refer=embed\">@tvpopular1<\/a> <\/p>\n<p>Zo\u00e9 rompe en llanto al enterarse de que su ex va a entrar a GranHermano: Generaci\u00f3n Dorada \ud83d\ude31\ud83d\udca5<\/p>\n<p> <a target=\"_blank\" title=\"\u266c sonido original - TV Popular\" href=\"https:\/\/www.tiktok.com\/music\/sonido-original-7598300419282995976?refer=embed\">\u266c sonido original &#8211; TV Popular<\/a> <\/section>\n<\/blockquote>\n<p> <script async src=\"https:\/\/www.tiktok.com\/embed.js\"><\/script><\/p>\n<\/div>\n<div class=\"jw-controls jw-reset\">\n<div class=\"jw-controlbar jw-reset\">\n<div class=\"jw-reset jw-button-container\">\n<div class=\"jw-icon jw-icon-inline jw-button-color jw-reset jw-icon-cast\" tabindex=\"0\" role=\"button\" aria-label=\"Chromecast\"><\/div>\n<\/div>\n<\/div>\n<\/div>\n<\/div>\n<\/div>\n<\/div>\n<p>Zoe Bogach comparti\u00f3 su malestar al conocer que su expareja iba a formar parte de la nueva edici\u00f3n del reality (TikTok)<\/p><\/div>\n<div class=\"inline_2_DSK ad-wrapper ad-desktop\">\n<div class=\"dfpAd ad-inline\"><\/div>\n<\/div>\n<p class=\"paragraph\" data-mrf-recirculation=\"Links inline\"><b>Sin embargo, el amor no prosper\u00f3<\/b>. La relaci\u00f3n termin\u00f3 abruptamente despu\u00e9s de varios conflictos lejos de c\u00e1maras, y quedaron heridas expuestas. Semanas antes de que comenzara la nueva edici\u00f3n del reality,\u00a0<b>Zoe expres\u00f3 abiertamente su enojo al enterarse de que Manuel\u00a0<\/b>iba a ingresar como participante. Fue a trav\u00e9s de su cuenta de TikTok donde la<i>\u00a0exGran Hermano<\/i>\u00a0lanz\u00f3 un descargo tan honesto como doloroso. Con l\u00e1grimas en los ojos, comparti\u00f3: \u201c<b>Tengo much\u00edsima bronca y much\u00edsima ansiedad. Me da verg\u00fcenza subir esto<\/b>, pero a la vez tengo mucha bronca, impotencia&#8230; No s\u00e9 por d\u00f3nde empezar. Siento que la gente no sabe hasta el punto que yo sufr\u00ed como para volver a pasar por lo mismo cuando yo estaba dando por finalizado ese ciclo, y ahora enterarme de nuevo que<b>\u00a0quiere entrar para tener lo que yo tuve\u00a0<\/b>cuando durante toda la relaci\u00f3n<b>\u00a0me dijo todo lo contrario<\/b>, como que no le gustaba nada de eso, que no le gustaba la exposici\u00f3n, que no le gustaba ir a programas, que nunca lo hab\u00eda hecho;<b>\u00a0la verdad que no entiendo\u201d<\/b>.<\/p>\n<div class=\"news-module\" data-mrf-recirculation=\"IL_wLyG9sjfRQKb8QO3fSLumw\" data-testid=\"text-html\" data-mrf-experience=\"IL_wLyG9sjfRQKb8QO3fSLumw\">\n<div class=\"recommended-card__image-container\"><img loading=\"lazy\" decoding=\"async\" class=\"recommended-card__image lazyload\" src=\"https:\/\/www.infobae.com\/resizer\/v2\/BRFEIKOTYZDS5NPVL5KWVQQGUM.jpg?auth=dbc7095079bdbf789957494bf3a00b776c0c75caf1c3c863ec46e020ff35a77c&amp;smart=true&amp;width=258&amp;height=140&amp;quality=85\" sizes=\"auto, (min-width: 800px) 50vw, 90vw\" alt=\"La dr\u00e1stica decisi\u00f3n de Sabrina Rojas tras la internaci\u00f3n de Luciano Castro\" width=\"16\" height=\"9\" data-src=\"https:\/\/www.infobae.com\/resizer\/v2\/BRFEIKOTYZDS5NPVL5KWVQQGUM.jpg?auth=dbc7095079bdbf789957494bf3a00b776c0c75caf1c3c863ec46e020ff35a77c&amp;smart=true&amp;width=258&amp;height=140&amp;quality=85\" \/><\/div>\n<div class=\"recommended-card__info\"><span class=\"recommended-card__info-interest-you\">Te puede interesar:<\/span><span class=\"recommended-card__info-title\">La dr\u00e1stica decisi\u00f3n de Sabrina Rojas tras la internaci\u00f3n de Luciano Castro<\/span><\/p>\n<div class=\"recommended-card__info-button recommended-card__info-button--deportes\"><\/div>\n<\/div>\n<\/div>\n<p class=\"paragraph\" data-mrf-recirculation=\"Links inline\">El ingreso de Ibero a la casa ya comenz\u00f3 a generar repercusiones y tensiones, tanto dentro del programa como afuera. La reacci\u00f3n viral de Zoe y su descargo p\u00fablico muestran que el reality no solo se juega puertas adentro, sino que la trama personal de los participantes sigue generando contenido, debate y emociones entre los seguidores. La combinaci\u00f3n de viejos v\u00ednculos, heridas abiertas y c\u00e1maras encendidas promete, una vez m\u00e1s, que\u00a0<i>Gran Hermano Generaci\u00f3n Dorada s<\/i>er\u00e1 mucho m\u00e1s que un simple reality.<\/p>\n<div class=\"second-saved-buttons\">\n<div class=\"body-share-note\"><\/div>\n<\/div>\n","protected":false},"excerpt":{"rendered":"<p>El esperado estreno de\u00a0Gran Hermano Generaci\u00f3n Dorada\u00a0(Telefe) no solo marc\u00f3 el regreso del reality m\u00e1s visto del pa\u00eds, sino que tambi\u00e9n trajo consigo caras conocidas y revivi\u00f3 pol\u00e9micas recientes en la vida de los nuevos participantes.\u00a0Uno de los ingresos que m\u00e1s impacto caus\u00f3 fue el de Manuel Ibero, expareja de\u00a0Zoe Bogach, lo que gener\u00f3 tendencia [&hellip;]<\/p>\n","protected":false},"author":1,"featured_media":12834,"comment_status":"open","ping_status":"open","sticky":false,"template":"","format":"standard","meta":{"rop_custom_images_group":[],"rop_custom_messages_group":[],"rop_publish_now":"initial","rop_publish_now_accounts":[],"rop_publish_now_history":[],"rop_publish_now_status":"pending","footnotes":"","jetpack_publicize_message":"","jetpack_publicize_feature_enabled":true,"jetpack_social_post_already_shared":true,"jetpack_social_options":{"image_generator_settings":{"template":"highway","enabled":false},"version":2}},"categories":[12],"tags":[],"class_list":{"0":"post-12831","1":"post","2":"type-post","3":"status-publish","4":"format-standard","5":"has-post-thumbnail","7":"category-espectaculos"},"jetpack_publicize_connections":[],"yoast_head":"<!-- This site is optimized with the Yoast SEO plugin v27.3 - https:\/\/yoast.com\/product\/yoast-seo-wordpress\/ -->\n<title>La reacci\u00f3n de Zoe Bogach cuando su exnovio ingres\u00f3 a Gran Hermano Generaci\u00f3n Dorada: el video - CLAN ESPECTACULOS<\/title>\n<meta name=\"robots\" content=\"index, follow, max-snippet:-1, max-image-preview:large, max-video-preview:-1\" \/>\n<link rel=\"canonical\" href=\"https:\/\/radioclanfm.com\/clanespectaculos\/la-reaccion-de-zoe-bogach-cuando-su-exnovio-ingreso-a-gran-hermano-generacion-dorada-el-video\/\" \/>\n<meta property=\"og:locale\" content=\"es_ES\" \/>\n<meta property=\"og:type\" content=\"article\" \/>\n<meta property=\"og:title\" content=\"La reacci\u00f3n de Zoe Bogach cuando su exnovio ingres\u00f3 a Gran Hermano Generaci\u00f3n Dorada: el video - CLAN ESPECTACULOS\" \/>\n<meta property=\"og:description\" content=\"El esperado estreno de\u00a0Gran Hermano Generaci\u00f3n Dorada\u00a0(Telefe) no solo marc\u00f3 el regreso del reality m\u00e1s visto del pa\u00eds, sino que tambi\u00e9n trajo consigo caras conocidas y revivi\u00f3 pol\u00e9micas recientes en la vida de los nuevos participantes.\u00a0Uno de los ingresos que m\u00e1s impacto caus\u00f3 fue el de Manuel Ibero, expareja de\u00a0Zoe Bogach, lo que gener\u00f3 tendencia [&hellip;]\" \/>\n<meta property=\"og:url\" content=\"https:\/\/radioclanfm.com\/clanespectaculos\/la-reaccion-de-zoe-bogach-cuando-su-exnovio-ingreso-a-gran-hermano-generacion-dorada-el-video\/\" \/>\n<meta property=\"og:site_name\" content=\"CLAN ESPECTACULOS\" \/>\n<meta property=\"article:publisher\" content=\"https:\/\/www.facebook.com\/clanespectaculos\/\" \/>\n<meta property=\"article:published_time\" content=\"2026-02-25T01:09:39+00:00\" \/>\n<meta property=\"og:image\" content=\"https:\/\/radioclanfm.com\/clanespectaculos\/wp-content\/uploads\/sites\/2\/2026\/02\/sGrbmpCV.jpg\" \/>\n\t<meta property=\"og:image:width\" content=\"900\" \/>\n\t<meta property=\"og:image:height\" content=\"450\" \/>\n\t<meta property=\"og:image:type\" content=\"image\/jpeg\" \/>\n<meta name=\"author\" content=\"E-GRUPOCLAN\" \/>\n<meta name=\"twitter:card\" content=\"summary_large_image\" \/>\n<meta name=\"twitter:creator\" content=\"@clanespectok\" \/>\n<meta name=\"twitter:site\" content=\"@clanespectok\" \/>\n<meta name=\"twitter:label1\" content=\"Escrito por\" \/>\n\t<meta name=\"twitter:data1\" content=\"E-GRUPOCLAN\" \/>\n\t<meta name=\"twitter:label2\" content=\"Tiempo de lectura\" \/>\n\t<meta name=\"twitter:data2\" content=\"4 minutos\" \/>\n<script type=\"application\/ld+json\" class=\"yoast-schema-graph\">{\"@context\":\"https:\\\/\\\/schema.org\",\"@graph\":[{\"@type\":\"Article\",\"@id\":\"https:\\\/\\\/radioclanfm.com\\\/clanespectaculos\\\/la-reaccion-de-zoe-bogach-cuando-su-exnovio-ingreso-a-gran-hermano-generacion-dorada-el-video\\\/#article\",\"isPartOf\":{\"@id\":\"https:\\\/\\\/radioclanfm.com\\\/clanespectaculos\\\/la-reaccion-de-zoe-bogach-cuando-su-exnovio-ingreso-a-gran-hermano-generacion-dorada-el-video\\\/\"},\"author\":{\"name\":\"E-GRUPOCLAN\",\"@id\":\"https:\\\/\\\/radioclanfm.com\\\/clanespectaculos\\\/#\\\/schema\\\/person\\\/9734813083303230f3ad84d99171b20c\"},\"headline\":\"La reacci\u00f3n de Zoe Bogach cuando su exnovio ingres\u00f3 a Gran Hermano Generaci\u00f3n Dorada: el video\",\"datePublished\":\"2026-02-25T01:09:39+00:00\",\"mainEntityOfPage\":{\"@id\":\"https:\\\/\\\/radioclanfm.com\\\/clanespectaculos\\\/la-reaccion-de-zoe-bogach-cuando-su-exnovio-ingreso-a-gran-hermano-generacion-dorada-el-video\\\/\"},\"wordCount\":841,\"commentCount\":0,\"publisher\":{\"@id\":\"https:\\\/\\\/radioclanfm.com\\\/clanespectaculos\\\/#organization\"},\"image\":{\"@id\":\"https:\\\/\\\/radioclanfm.com\\\/clanespectaculos\\\/la-reaccion-de-zoe-bogach-cuando-su-exnovio-ingreso-a-gran-hermano-generacion-dorada-el-video\\\/#primaryimage\"},\"thumbnailUrl\":\"https:\\\/\\\/radioclanfm.com\\\/clanespectaculos\\\/wp-content\\\/uploads\\\/sites\\\/2\\\/2026\\\/02\\\/sGrbmpCV.jpg\",\"articleSection\":[\"Espectaculos\"],\"inLanguage\":\"es-AR\",\"potentialAction\":[{\"@type\":\"CommentAction\",\"name\":\"Comment\",\"target\":[\"https:\\\/\\\/radioclanfm.com\\\/clanespectaculos\\\/la-reaccion-de-zoe-bogach-cuando-su-exnovio-ingreso-a-gran-hermano-generacion-dorada-el-video\\\/#respond\"]}]},{\"@type\":\"WebPage\",\"@id\":\"https:\\\/\\\/radioclanfm.com\\\/clanespectaculos\\\/la-reaccion-de-zoe-bogach-cuando-su-exnovio-ingreso-a-gran-hermano-generacion-dorada-el-video\\\/\",\"url\":\"https:\\\/\\\/radioclanfm.com\\\/clanespectaculos\\\/la-reaccion-de-zoe-bogach-cuando-su-exnovio-ingreso-a-gran-hermano-generacion-dorada-el-video\\\/\",\"name\":\"La reacci\u00f3n de Zoe Bogach cuando su exnovio ingres\u00f3 a Gran Hermano Generaci\u00f3n Dorada: el video - CLAN ESPECTACULOS\",\"isPartOf\":{\"@id\":\"https:\\\/\\\/radioclanfm.com\\\/clanespectaculos\\\/#website\"},\"primaryImageOfPage\":{\"@id\":\"https:\\\/\\\/radioclanfm.com\\\/clanespectaculos\\\/la-reaccion-de-zoe-bogach-cuando-su-exnovio-ingreso-a-gran-hermano-generacion-dorada-el-video\\\/#primaryimage\"},\"image\":{\"@id\":\"https:\\\/\\\/radioclanfm.com\\\/clanespectaculos\\\/la-reaccion-de-zoe-bogach-cuando-su-exnovio-ingreso-a-gran-hermano-generacion-dorada-el-video\\\/#primaryimage\"},\"thumbnailUrl\":\"https:\\\/\\\/radioclanfm.com\\\/clanespectaculos\\\/wp-content\\\/uploads\\\/sites\\\/2\\\/2026\\\/02\\\/sGrbmpCV.jpg\",\"datePublished\":\"2026-02-25T01:09:39+00:00\",\"breadcrumb\":{\"@id\":\"https:\\\/\\\/radioclanfm.com\\\/clanespectaculos\\\/la-reaccion-de-zoe-bogach-cuando-su-exnovio-ingreso-a-gran-hermano-generacion-dorada-el-video\\\/#breadcrumb\"},\"inLanguage\":\"es-AR\",\"potentialAction\":[{\"@type\":\"ReadAction\",\"target\":[\"https:\\\/\\\/radioclanfm.com\\\/clanespectaculos\\\/la-reaccion-de-zoe-bogach-cuando-su-exnovio-ingreso-a-gran-hermano-generacion-dorada-el-video\\\/\"]}]},{\"@type\":\"ImageObject\",\"inLanguage\":\"es-AR\",\"@id\":\"https:\\\/\\\/radioclanfm.com\\\/clanespectaculos\\\/la-reaccion-de-zoe-bogach-cuando-su-exnovio-ingreso-a-gran-hermano-generacion-dorada-el-video\\\/#primaryimage\",\"url\":\"https:\\\/\\\/radioclanfm.com\\\/clanespectaculos\\\/wp-content\\\/uploads\\\/sites\\\/2\\\/2026\\\/02\\\/sGrbmpCV.jpg\",\"contentUrl\":\"https:\\\/\\\/radioclanfm.com\\\/clanespectaculos\\\/wp-content\\\/uploads\\\/sites\\\/2\\\/2026\\\/02\\\/sGrbmpCV.jpg\",\"width\":900,\"height\":450},{\"@type\":\"BreadcrumbList\",\"@id\":\"https:\\\/\\\/radioclanfm.com\\\/clanespectaculos\\\/la-reaccion-de-zoe-bogach-cuando-su-exnovio-ingreso-a-gran-hermano-generacion-dorada-el-video\\\/#breadcrumb\",\"itemListElement\":[{\"@type\":\"ListItem\",\"position\":1,\"name\":\"Inicio\",\"item\":\"https:\\\/\\\/radioclanfm.com\\\/clanespectaculos\\\/\"},{\"@type\":\"ListItem\",\"position\":2,\"name\":\"La reacci\u00f3n de Zoe Bogach cuando su exnovio ingres\u00f3 a Gran Hermano Generaci\u00f3n Dorada: el video\"}]},{\"@type\":\"WebSite\",\"@id\":\"https:\\\/\\\/radioclanfm.com\\\/clanespectaculos\\\/#website\",\"url\":\"https:\\\/\\\/radioclanfm.com\\\/clanespectaculos\\\/\",\"name\":\"CLAN ESPECTACULOS\",\"description\":\"\",\"publisher\":{\"@id\":\"https:\\\/\\\/radioclanfm.com\\\/clanespectaculos\\\/#organization\"},\"potentialAction\":[{\"@type\":\"SearchAction\",\"target\":{\"@type\":\"EntryPoint\",\"urlTemplate\":\"https:\\\/\\\/radioclanfm.com\\\/clanespectaculos\\\/?s={search_term_string}\"},\"query-input\":{\"@type\":\"PropertyValueSpecification\",\"valueRequired\":true,\"valueName\":\"search_term_string\"}}],\"inLanguage\":\"es-AR\"},{\"@type\":\"Organization\",\"@id\":\"https:\\\/\\\/radioclanfm.com\\\/clanespectaculos\\\/#organization\",\"name\":\"CLAN ESPECTACULOS\",\"url\":\"https:\\\/\\\/radioclanfm.com\\\/clanespectaculos\\\/\",\"logo\":{\"@type\":\"ImageObject\",\"inLanguage\":\"es-AR\",\"@id\":\"https:\\\/\\\/radioclanfm.com\\\/clanespectaculos\\\/#\\\/schema\\\/logo\\\/image\\\/\",\"url\":\"https:\\\/\\\/radioclanfm.com\\\/clanespectaculos\\\/wp-content\\\/uploads\\\/sites\\\/2\\\/2026\\\/04\\\/ChatGPT-Image-23-mar-2026-10_09_00.png\",\"contentUrl\":\"https:\\\/\\\/radioclanfm.com\\\/clanespectaculos\\\/wp-content\\\/uploads\\\/sites\\\/2\\\/2026\\\/04\\\/ChatGPT-Image-23-mar-2026-10_09_00.png\",\"width\":1024,\"height\":1024,\"caption\":\"CLAN ESPECTACULOS\"},\"image\":{\"@id\":\"https:\\\/\\\/radioclanfm.com\\\/clanespectaculos\\\/#\\\/schema\\\/logo\\\/image\\\/\"},\"sameAs\":[\"https:\\\/\\\/www.facebook.com\\\/clanespectaculos\\\/\",\"https:\\\/\\\/x.com\\\/clanespectok\"]},{\"@type\":\"Person\",\"@id\":\"https:\\\/\\\/radioclanfm.com\\\/clanespectaculos\\\/#\\\/schema\\\/person\\\/9734813083303230f3ad84d99171b20c\",\"name\":\"E-GRUPOCLAN\",\"image\":{\"@type\":\"ImageObject\",\"inLanguage\":\"es-AR\",\"@id\":\"https:\\\/\\\/secure.gravatar.com\\\/avatar\\\/af6e19837c3d6a212034a48c7b3818d2ac1826f6025df0155da5a186ad321d79?s=96&d=mm&r=g\",\"url\":\"https:\\\/\\\/secure.gravatar.com\\\/avatar\\\/af6e19837c3d6a212034a48c7b3818d2ac1826f6025df0155da5a186ad321d79?s=96&d=mm&r=g\",\"contentUrl\":\"https:\\\/\\\/secure.gravatar.com\\\/avatar\\\/af6e19837c3d6a212034a48c7b3818d2ac1826f6025df0155da5a186ad321d79?s=96&d=mm&r=g\",\"caption\":\"E-GRUPOCLAN\"},\"sameAs\":[\"https:\\\/\\\/radioclanfm.com\"],\"url\":\"https:\\\/\\\/radioclanfm.com\\\/clanespectaculos\\\/author\\\/admin\\\/\"}]}<\/script>\n<!-- \/ Yoast SEO plugin. -->","yoast_head_json":{"title":"La reacci\u00f3n de Zoe Bogach cuando su exnovio ingres\u00f3 a Gran Hermano Generaci\u00f3n Dorada: el video - CLAN ESPECTACULOS","robots":{"index":"index","follow":"follow","max-snippet":"max-snippet:-1","max-image-preview":"max-image-preview:large","max-video-preview":"max-video-preview:-1"},"canonical":"https:\/\/radioclanfm.com\/clanespectaculos\/la-reaccion-de-zoe-bogach-cuando-su-exnovio-ingreso-a-gran-hermano-generacion-dorada-el-video\/","og_locale":"es_ES","og_type":"article","og_title":"La reacci\u00f3n de Zoe Bogach cuando su exnovio ingres\u00f3 a Gran Hermano Generaci\u00f3n Dorada: el video - CLAN ESPECTACULOS","og_description":"El esperado estreno de\u00a0Gran Hermano Generaci\u00f3n Dorada\u00a0(Telefe) no solo marc\u00f3 el regreso del reality m\u00e1s visto del pa\u00eds, sino que tambi\u00e9n trajo consigo caras conocidas y revivi\u00f3 pol\u00e9micas recientes en la vida de los nuevos participantes.\u00a0Uno de los ingresos que m\u00e1s impacto caus\u00f3 fue el de Manuel Ibero, expareja de\u00a0Zoe Bogach, lo que gener\u00f3 tendencia [&hellip;]","og_url":"https:\/\/radioclanfm.com\/clanespectaculos\/la-reaccion-de-zoe-bogach-cuando-su-exnovio-ingreso-a-gran-hermano-generacion-dorada-el-video\/","og_site_name":"CLAN ESPECTACULOS","article_publisher":"https:\/\/www.facebook.com\/clanespectaculos\/","article_published_time":"2026-02-25T01:09:39+00:00","og_image":[{"width":900,"height":450,"url":"https:\/\/radioclanfm.com\/clanespectaculos\/wp-content\/uploads\/sites\/2\/2026\/02\/sGrbmpCV.jpg","type":"image\/jpeg"}],"author":"E-GRUPOCLAN","twitter_card":"summary_large_image","twitter_creator":"@clanespectok","twitter_site":"@clanespectok","twitter_misc":{"Escrito por":"E-GRUPOCLAN","Tiempo de lectura":"4 minutos"},"schema":{"@context":"https:\/\/schema.org","@graph":[{"@type":"Article","@id":"https:\/\/radioclanfm.com\/clanespectaculos\/la-reaccion-de-zoe-bogach-cuando-su-exnovio-ingreso-a-gran-hermano-generacion-dorada-el-video\/#article","isPartOf":{"@id":"https:\/\/radioclanfm.com\/clanespectaculos\/la-reaccion-de-zoe-bogach-cuando-su-exnovio-ingreso-a-gran-hermano-generacion-dorada-el-video\/"},"author":{"name":"E-GRUPOCLAN","@id":"https:\/\/radioclanfm.com\/clanespectaculos\/#\/schema\/person\/9734813083303230f3ad84d99171b20c"},"headline":"La reacci\u00f3n de Zoe Bogach cuando su exnovio ingres\u00f3 a Gran Hermano Generaci\u00f3n Dorada: el video","datePublished":"2026-02-25T01:09:39+00:00","mainEntityOfPage":{"@id":"https:\/\/radioclanfm.com\/clanespectaculos\/la-reaccion-de-zoe-bogach-cuando-su-exnovio-ingreso-a-gran-hermano-generacion-dorada-el-video\/"},"wordCount":841,"commentCount":0,"publisher":{"@id":"https:\/\/radioclanfm.com\/clanespectaculos\/#organization"},"image":{"@id":"https:\/\/radioclanfm.com\/clanespectaculos\/la-reaccion-de-zoe-bogach-cuando-su-exnovio-ingreso-a-gran-hermano-generacion-dorada-el-video\/#primaryimage"},"thumbnailUrl":"https:\/\/radioclanfm.com\/clanespectaculos\/wp-content\/uploads\/sites\/2\/2026\/02\/sGrbmpCV.jpg","articleSection":["Espectaculos"],"inLanguage":"es-AR","potentialAction":[{"@type":"CommentAction","name":"Comment","target":["https:\/\/radioclanfm.com\/clanespectaculos\/la-reaccion-de-zoe-bogach-cuando-su-exnovio-ingreso-a-gran-hermano-generacion-dorada-el-video\/#respond"]}]},{"@type":"WebPage","@id":"https:\/\/radioclanfm.com\/clanespectaculos\/la-reaccion-de-zoe-bogach-cuando-su-exnovio-ingreso-a-gran-hermano-generacion-dorada-el-video\/","url":"https:\/\/radioclanfm.com\/clanespectaculos\/la-reaccion-de-zoe-bogach-cuando-su-exnovio-ingreso-a-gran-hermano-generacion-dorada-el-video\/","name":"La reacci\u00f3n de Zoe Bogach cuando su exnovio ingres\u00f3 a Gran Hermano Generaci\u00f3n Dorada: el video - CLAN ESPECTACULOS","isPartOf":{"@id":"https:\/\/radioclanfm.com\/clanespectaculos\/#website"},"primaryImageOfPage":{"@id":"https:\/\/radioclanfm.com\/clanespectaculos\/la-reaccion-de-zoe-bogach-cuando-su-exnovio-ingreso-a-gran-hermano-generacion-dorada-el-video\/#primaryimage"},"image":{"@id":"https:\/\/radioclanfm.com\/clanespectaculos\/la-reaccion-de-zoe-bogach-cuando-su-exnovio-ingreso-a-gran-hermano-generacion-dorada-el-video\/#primaryimage"},"thumbnailUrl":"https:\/\/radioclanfm.com\/clanespectaculos\/wp-content\/uploads\/sites\/2\/2026\/02\/sGrbmpCV.jpg","datePublished":"2026-02-25T01:09:39+00:00","breadcrumb":{"@id":"https:\/\/radioclanfm.com\/clanespectaculos\/la-reaccion-de-zoe-bogach-cuando-su-exnovio-ingreso-a-gran-hermano-generacion-dorada-el-video\/#breadcrumb"},"inLanguage":"es-AR","potentialAction":[{"@type":"ReadAction","target":["https:\/\/radioclanfm.com\/clanespectaculos\/la-reaccion-de-zoe-bogach-cuando-su-exnovio-ingreso-a-gran-hermano-generacion-dorada-el-video\/"]}]},{"@type":"ImageObject","inLanguage":"es-AR","@id":"https:\/\/radioclanfm.com\/clanespectaculos\/la-reaccion-de-zoe-bogach-cuando-su-exnovio-ingreso-a-gran-hermano-generacion-dorada-el-video\/#primaryimage","url":"https:\/\/radioclanfm.com\/clanespectaculos\/wp-content\/uploads\/sites\/2\/2026\/02\/sGrbmpCV.jpg","contentUrl":"https:\/\/radioclanfm.com\/clanespectaculos\/wp-content\/uploads\/sites\/2\/2026\/02\/sGrbmpCV.jpg","width":900,"height":450},{"@type":"BreadcrumbList","@id":"https:\/\/radioclanfm.com\/clanespectaculos\/la-reaccion-de-zoe-bogach-cuando-su-exnovio-ingreso-a-gran-hermano-generacion-dorada-el-video\/#breadcrumb","itemListElement":[{"@type":"ListItem","position":1,"name":"Inicio","item":"https:\/\/radioclanfm.com\/clanespectaculos\/"},{"@type":"ListItem","position":2,"name":"La reacci\u00f3n de Zoe Bogach cuando su exnovio ingres\u00f3 a Gran Hermano Generaci\u00f3n Dorada: el video"}]},{"@type":"WebSite","@id":"https:\/\/radioclanfm.com\/clanespectaculos\/#website","url":"https:\/\/radioclanfm.com\/clanespectaculos\/","name":"CLAN ESPECTACULOS","description":"","publisher":{"@id":"https:\/\/radioclanfm.com\/clanespectaculos\/#organization"},"potentialAction":[{"@type":"SearchAction","target":{"@type":"EntryPoint","urlTemplate":"https:\/\/radioclanfm.com\/clanespectaculos\/?s={search_term_string}"},"query-input":{"@type":"PropertyValueSpecification","valueRequired":true,"valueName":"search_term_string"}}],"inLanguage":"es-AR"},{"@type":"Organization","@id":"https:\/\/radioclanfm.com\/clanespectaculos\/#organization","name":"CLAN ESPECTACULOS","url":"https:\/\/radioclanfm.com\/clanespectaculos\/","logo":{"@type":"ImageObject","inLanguage":"es-AR","@id":"https:\/\/radioclanfm.com\/clanespectaculos\/#\/schema\/logo\/image\/","url":"https:\/\/radioclanfm.com\/clanespectaculos\/wp-content\/uploads\/sites\/2\/2026\/04\/ChatGPT-Image-23-mar-2026-10_09_00.png","contentUrl":"https:\/\/radioclanfm.com\/clanespectaculos\/wp-content\/uploads\/sites\/2\/2026\/04\/ChatGPT-Image-23-mar-2026-10_09_00.png","width":1024,"height":1024,"caption":"CLAN ESPECTACULOS"},"image":{"@id":"https:\/\/radioclanfm.com\/clanespectaculos\/#\/schema\/logo\/image\/"},"sameAs":["https:\/\/www.facebook.com\/clanespectaculos\/","https:\/\/x.com\/clanespectok"]},{"@type":"Person","@id":"https:\/\/radioclanfm.com\/clanespectaculos\/#\/schema\/person\/9734813083303230f3ad84d99171b20c","name":"E-GRUPOCLAN","image":{"@type":"ImageObject","inLanguage":"es-AR","@id":"https:\/\/secure.gravatar.com\/avatar\/af6e19837c3d6a212034a48c7b3818d2ac1826f6025df0155da5a186ad321d79?s=96&d=mm&r=g","url":"https:\/\/secure.gravatar.com\/avatar\/af6e19837c3d6a212034a48c7b3818d2ac1826f6025df0155da5a186ad321d79?s=96&d=mm&r=g","contentUrl":"https:\/\/secure.gravatar.com\/avatar\/af6e19837c3d6a212034a48c7b3818d2ac1826f6025df0155da5a186ad321d79?s=96&d=mm&r=g","caption":"E-GRUPOCLAN"},"sameAs":["https:\/\/radioclanfm.com"],"url":"https:\/\/radioclanfm.com\/clanespectaculos\/author\/admin\/"}]}},"_links":{"self":[{"href":"https:\/\/radioclanfm.com\/clanespectaculos\/wp-json\/wp\/v2\/posts\/12831","targetHints":{"allow":["GET"]}}],"collection":[{"href":"https:\/\/radioclanfm.com\/clanespectaculos\/wp-json\/wp\/v2\/posts"}],"about":[{"href":"https:\/\/radioclanfm.com\/clanespectaculos\/wp-json\/wp\/v2\/types\/post"}],"author":[{"embeddable":true,"href":"https:\/\/radioclanfm.com\/clanespectaculos\/wp-json\/wp\/v2\/users\/1"}],"replies":[{"embeddable":true,"href":"https:\/\/radioclanfm.com\/clanespectaculos\/wp-json\/wp\/v2\/comments?post=12831"}],"version-history":[{"count":1,"href":"https:\/\/radioclanfm.com\/clanespectaculos\/wp-json\/wp\/v2\/posts\/12831\/revisions"}],"predecessor-version":[{"id":12835,"href":"https:\/\/radioclanfm.com\/clanespectaculos\/wp-json\/wp\/v2\/posts\/12831\/revisions\/12835"}],"wp:featuredmedia":[{"embeddable":true,"href":"https:\/\/radioclanfm.com\/clanespectaculos\/wp-json\/wp\/v2\/media\/12834"}],"wp:attachment":[{"href":"https:\/\/radioclanfm.com\/clanespectaculos\/wp-json\/wp\/v2\/media?parent=12831"}],"wp:term":[{"taxonomy":"category","embeddable":true,"href":"https:\/\/radioclanfm.com\/clanespectaculos\/wp-json\/wp\/v2\/categories?post=12831"},{"taxonomy":"post_tag","embeddable":true,"href":"https:\/\/radioclanfm.com\/clanespectaculos\/wp-json\/wp\/v2\/tags?post=12831"}],"curies":[{"name":"wp","href":"https:\/\/api.w.org\/{rel}","templated":true}]}}