{"id":12821,"date":"2026-02-24T22:02:23","date_gmt":"2026-02-25T01:02:23","guid":{"rendered":"https:\/\/radioclanfm.com\/clanespectaculos\/?p=12821"},"modified":"2026-02-24T22:02:23","modified_gmt":"2026-02-25T01:02:23","slug":"la-reaccion-de-el-polaco-por-la-foto-intima-que-desperto-rumores-de-infidelidad-a-barby-silenzy","status":"publish","type":"post","link":"https:\/\/radioclanfm.com\/clanespectaculos\/la-reaccion-de-el-polaco-por-la-foto-intima-que-desperto-rumores-de-infidelidad-a-barby-silenzy\/","title":{"rendered":"La reacci\u00f3n de El Polaco por la foto \u00edntima que despert\u00f3 rumores de infidelidad a Barby Silenzy"},"content":{"rendered":"<p>El cantante se refiri\u00f3 a la imagen que levant\u00f3 sospechas, mientras aparecieron pruebas que lo vincularon con otra mujer<\/p>\n<p class=\"paragraph\" data-mrf-recirculation=\"Links inline\">La viralizaci\u00f3n de una foto \u00edntima de\u00a0<b>El Polaco<\/b>\u00a0desat\u00f3 un vendaval de rumores y versiones sobre una posible infidelidad a\u00a0<b>Barby Silenzi<\/b>\u00a0La imagen, compartida por el propio cantante, lo muestra posando frente al espejo de un ba\u00f1o de hotel, luciendo el torso desnudo y cadenas doradas. Todo parec\u00eda una postal habitual de su d\u00eda a d\u00eda, hasta que un detalle en el reflejo capt\u00f3 la atenci\u00f3n de miles de usuarios: desde la ba\u00f1era, asoma claramente el pie de una mujer.<\/p>\n<div class=\"news-module\" data-mrf-recirculation=\"IL_GBLs3HYWRq2RgU4Qz8MM1Q\" data-testid=\"text-html\" data-mrf-experience=\"IL_GBLs3HYWRq2RgU4Qz8MM1Q\">\n<div class=\"recommended-card__image-container\"><\/div>\n<\/div>\n<p class=\"paragraph\" data-mrf-recirculation=\"Links inline\">En cuesti\u00f3n de minutos, la foto se propag\u00f3 por redes sociales. La escena, aparentemente casual, encendi\u00f3 las alarmas en plataformas como Instagram y Twitter, donde los seguidores y curiosos de la far\u00e1ndula comenzaron a especular sobre qui\u00e9n era la persona que lo acompa\u00f1aba. La pregunta se instal\u00f3 con fuerza: \u00bfese pie pertenec\u00eda a la madre de su hija menor o se trataba de una tercera en discordia?<\/p>\n<div class=\"inline ad-wrapper\">\n<div class=\"dfpAd ad-inline\"><\/div>\n<\/div>\n<p class=\"paragraph\" data-mrf-recirculation=\"Links inline\">La viralizaci\u00f3n no tard\u00f3 en hacer efecto. Las dudas sobre la fidelidad del cantante circularon con velocidad, alimentadas por un historial de idas y vueltas en su relaci\u00f3n con Barby.\u00a0<b>En el clima tenso de las redes, la imagen se convirti\u00f3 en la pieza central de todo tipo de teor\u00edas<\/b>, desde un simple descuido hasta la posibilidad de una nueva crisis de pareja.<\/p>\n<div class=\"news-module\" data-mrf-recirculation=\"IL_m3kiGo-8SVS6m0U7OqrZLw\" data-testid=\"text-html\" data-mrf-experience=\"IL_m3kiGo-8SVS6m0U7OqrZLw\">\n<div class=\"recommended-card__image-container\"><\/div>\n<\/div>\n<div class=\"visual__image\"><picture><source srcset=\"https:\/\/www.infobae.com\/resizer\/v2\/6CW4TL7UQNCFVOW7NS5MXWF4CE.jpg?auth=97f98db6b4171be5ab80cb18f225d14aad3c117bbfe992172843a9b750b8e464&amp;smart=true&amp;width=992&amp;height=1764&amp;quality=85\" media=\"(min-width: 1000px)\" \/><source srcset=\"https:\/\/www.infobae.com\/resizer\/v2\/6CW4TL7UQNCFVOW7NS5MXWF4CE.jpg?auth=97f98db6b4171be5ab80cb18f225d14aad3c117bbfe992172843a9b750b8e464&amp;smart=true&amp;width=768&amp;height=1365&amp;quality=85\" media=\"(min-width: 768px)\" \/><source srcset=\"https:\/\/www.infobae.com\/resizer\/v2\/6CW4TL7UQNCFVOW7NS5MXWF4CE.jpg?auth=97f98db6b4171be5ab80cb18f225d14aad3c117bbfe992172843a9b750b8e464&amp;smart=true&amp;width=577&amp;height=1026&amp;quality=85\" media=\"(min-width: 580px)\" \/><source srcset=\"https:\/\/www.infobae.com\/resizer\/v2\/6CW4TL7UQNCFVOW7NS5MXWF4CE.jpg?auth=97f98db6b4171be5ab80cb18f225d14aad3c117bbfe992172843a9b750b8e464&amp;smart=true&amp;width=420&amp;height=747&amp;quality=85\" media=\"(min-width: 350px)\" \/><source srcset=\"https:\/\/www.infobae.com\/resizer\/v2\/6CW4TL7UQNCFVOW7NS5MXWF4CE.jpg?auth=97f98db6b4171be5ab80cb18f225d14aad3c117bbfe992172843a9b750b8e464&amp;smart=true&amp;width=350&amp;height=622&amp;quality=85\" media=\"(min-width: 80px)\" \/><img loading=\"lazy\" decoding=\"async\" class=\"global-image\" src=\"https:\/\/www.infobae.com\/resizer\/v2\/6CW4TL7UQNCFVOW7NS5MXWF4CE.jpg?auth=97f98db6b4171be5ab80cb18f225d14aad3c117bbfe992172843a9b750b8e464&amp;smart=true&amp;width=350&amp;height=622&amp;quality=85\" alt=\"El cantante El Polaco se\" width=\"900\" height=\"1600\" \/><\/picture>El cantante El Polaco se toma una selfie en el espejo, mostrando sus tatuajes y cadenas, pero un pie en el fondo, marcado en rojo, aviv\u00f3 rumores de infidelidad en redes sociales.<\/div>\n<p class=\"paragraph\" data-mrf-recirculation=\"Links inline\">En medio del revuelo, la propia Barby fue contactada para aclarar el origen de la fotograf\u00eda. Lejos de esquivar el tema, la bailarina eligi\u00f3 responder con humor y contundencia:\u00a0<b>\u201cJajajaja ese es mi pie. Esa foto es de cuando fuimos a Las Vegas\u201d<\/b>.<\/p>\n<div class=\"inline_2_DSK ad-wrapper ad-desktop\">\n<div class=\"dfpAd ad-inline\"><\/div>\n<\/div>\n<p class=\"paragraph\" data-mrf-recirculation=\"Links inline\">Con esa frase, la medi\u00e1tica desactiv\u00f3 la bomba medi\u00e1tica y ech\u00f3 por tierra cualquier especulaci\u00f3n sobre una infidelidad reciente. Explic\u00f3 que se trataba de un recuerdo de un viaje realizado junto al cantante, desmintiendo as\u00ed cualquier se\u00f1al de crisis presente. Su intervenci\u00f3n fue r\u00e1pida y directa, y sirvi\u00f3 para calmar las aguas en una relaci\u00f3n que, seg\u00fan sus propias palabras, siempre est\u00e1 bajo observaci\u00f3n y suele ser blanco de rumores cada vez que surge una imagen fuera de lo habitual.<\/p>\n<div class=\"news-module\" data-mrf-recirculation=\"IL_wLyG9sjfRQKb8QO3fSLumw\" data-testid=\"text-html\" data-mrf-experience=\"IL_wLyG9sjfRQKb8QO3fSLumw\">\n<div class=\"recommended-card__image-container\"><\/div>\n<\/div>\n<p class=\"paragraph\" data-mrf-recirculation=\"Links inline\">A estas declaraciones, se sum\u00f3 la voz directa del propio cantante. En una historia publicada en sus redes sociales, escribi\u00f3:\u00a0<b>\u201cBuen d\u00eda para todos&#8230; no soy de aclarar giladas pero me tienen los h&#8230; llenos&#8230; El piesito (sic) que se ve en la foto que dicen que supuestamente es mi amante jaajajaja es de @barbysilenzi1 es una foto vieja de cuando viajamos con la familia de vacaciones m\u00e1s que nada para que los b&#8230; dejen de hablar giladas\u201d<\/b>, se\u00f1al\u00f3 en su descargo.<\/p>\n<div class=\"visual__image\"><picture><source srcset=\"https:\/\/www.infobae.com\/resizer\/v2\/RWJKL6FZPVF5DEJ7UP577XPHEQ.jpg?auth=6a8fc9d11b816bc396bfce68f4271a5ea68aaba9999dd2f4aaacfb8fa33f82f4&amp;smart=true&amp;width=992&amp;height=1760&amp;quality=85\" media=\"(min-width: 1000px)\" \/><source srcset=\"https:\/\/www.infobae.com\/resizer\/v2\/RWJKL6FZPVF5DEJ7UP577XPHEQ.jpg?auth=6a8fc9d11b816bc396bfce68f4271a5ea68aaba9999dd2f4aaacfb8fa33f82f4&amp;smart=true&amp;width=768&amp;height=1362&amp;quality=85\" media=\"(min-width: 768px)\" \/><source srcset=\"https:\/\/www.infobae.com\/resizer\/v2\/RWJKL6FZPVF5DEJ7UP577XPHEQ.jpg?auth=6a8fc9d11b816bc396bfce68f4271a5ea68aaba9999dd2f4aaacfb8fa33f82f4&amp;smart=true&amp;width=577&amp;height=1024&amp;quality=85\" media=\"(min-width: 580px)\" \/><source srcset=\"https:\/\/www.infobae.com\/resizer\/v2\/RWJKL6FZPVF5DEJ7UP577XPHEQ.jpg?auth=6a8fc9d11b816bc396bfce68f4271a5ea68aaba9999dd2f4aaacfb8fa33f82f4&amp;smart=true&amp;width=420&amp;height=745&amp;quality=85\" media=\"(min-width: 350px)\" \/><source srcset=\"https:\/\/www.infobae.com\/resizer\/v2\/RWJKL6FZPVF5DEJ7UP577XPHEQ.jpg?auth=6a8fc9d11b816bc396bfce68f4271a5ea68aaba9999dd2f4aaacfb8fa33f82f4&amp;smart=true&amp;width=350&amp;height=621&amp;quality=85\" media=\"(min-width: 80px)\" \/><img loading=\"lazy\" decoding=\"async\" class=\"global-image\" src=\"https:\/\/www.infobae.com\/resizer\/v2\/RWJKL6FZPVF5DEJ7UP577XPHEQ.jpg?auth=6a8fc9d11b816bc396bfce68f4271a5ea68aaba9999dd2f4aaacfb8fa33f82f4&amp;smart=true&amp;width=350&amp;height=621&amp;quality=85\" alt=\"El Polaco desminti\u00f3 los recientes\" width=\"513\" height=\"910\" \/><\/picture>El Polaco desminti\u00f3 los recientes rumores de infidelidad a trav\u00e9s de una historia de Instagram, aclarando que la foto viralizada del pie junto a Barby Silenzi es antigua y familiar.<\/div>\n<p class=\"paragraph\" data-mrf-recirculation=\"Links inline\">Para finalizar, despej\u00f3 todas las dudas y se permiti\u00f3 una iron\u00eda:\u00a0<b>\u201cTan idiota no voy a ser para subir una foto con el fondo de un pie y amantes apenas puedo con una. Que tengan un hermoso martes, siempre con Dios\u201d.<\/b><\/p>\n<p class=\"paragraph\" data-mrf-recirculation=\"Links inline\">El tono de la aclaraci\u00f3n fue tajante, casi exasperado., pero la tensi\u00f3n no se disip\u00f3 del todo. En paralelo a la pol\u00e9mica de la foto del ba\u00f1o, comenzaron a circular en las redes im\u00e1genes de\u00a0<b>El Polaco<\/b>\u00a0junto a una mujer conocida como\u00a0<b>La Polaka<\/b>. La aparici\u00f3n de estas fotograf\u00edas aviv\u00f3 a\u00fan m\u00e1s las especulaciones sobre la vida sentimental del cantante de cumbia.<\/p>\n<p class=\"paragraph\" data-mrf-recirculation=\"Links inline\">En las im\u00e1genes, se puede ver a ambos posando sonrientes. El propio cantante sali\u00f3 al cruce de los rumores y destac\u00f3 de manera expl\u00edcita que\u00a0<b>\u201csolo se trata de una fan\u00e1tica\u201d<\/b>, intentando poner un freno a las interpretaciones malintencionadas. Aun as\u00ed, las fotos no tardaron en circular y sumar un nuevo cap\u00edtulo al debate medi\u00e1tico.<\/p>\n<div class=\"visual__image\"><picture><source srcset=\"https:\/\/www.infobae.com\/resizer\/v2\/LG5CBAEFCREILNRUL4Z4ZWDDGM.jpg?auth=15880067928f131a79b23364889b128a9f01d88ebb4535924e62dd6100c32013&amp;smart=true&amp;width=992&amp;height=1349&amp;quality=85\" media=\"(min-width: 1000px)\" \/><source srcset=\"https:\/\/www.infobae.com\/resizer\/v2\/LG5CBAEFCREILNRUL4Z4ZWDDGM.jpg?auth=15880067928f131a79b23364889b128a9f01d88ebb4535924e62dd6100c32013&amp;smart=true&amp;width=768&amp;height=1044&amp;quality=85\" media=\"(min-width: 768px)\" \/><source srcset=\"https:\/\/www.infobae.com\/resizer\/v2\/LG5CBAEFCREILNRUL4Z4ZWDDGM.jpg?auth=15880067928f131a79b23364889b128a9f01d88ebb4535924e62dd6100c32013&amp;smart=true&amp;width=577&amp;height=785&amp;quality=85\" media=\"(min-width: 580px)\" \/><source srcset=\"https:\/\/www.infobae.com\/resizer\/v2\/LG5CBAEFCREILNRUL4Z4ZWDDGM.jpg?auth=15880067928f131a79b23364889b128a9f01d88ebb4535924e62dd6100c32013&amp;smart=true&amp;width=420&amp;height=571&amp;quality=85\" media=\"(min-width: 350px)\" \/><source srcset=\"https:\/\/www.infobae.com\/resizer\/v2\/LG5CBAEFCREILNRUL4Z4ZWDDGM.jpg?auth=15880067928f131a79b23364889b128a9f01d88ebb4535924e62dd6100c32013&amp;smart=true&amp;width=350&amp;height=476&amp;quality=85\" media=\"(min-width: 80px)\" \/><img loading=\"lazy\" decoding=\"async\" class=\"global-image\" src=\"https:\/\/www.infobae.com\/resizer\/v2\/LG5CBAEFCREILNRUL4Z4ZWDDGM.jpg?auth=15880067928f131a79b23364889b128a9f01d88ebb4535924e62dd6100c32013&amp;smart=true&amp;width=350&amp;height=476&amp;quality=85\" alt=\"El Polaco y La Polaka\" width=\"1289\" height=\"1753\" \/><\/picture>El Polaco y La Polaka posaron juntos en una foto que intensifica los rumores sobre un posible romance entre ellos, compartiendo un momento de cercan\u00eda en un evento nocturno.<\/div>\n<p class=\"paragraph\" data-mrf-recirculation=\"Links inline\">El episodio muestra el modo en que la exposici\u00f3n p\u00fablica de los artistas puede transformar cualquier encuentro casual en el disparador de versiones infundadas. En este caso,<b>\u00a0la aclaraci\u00f3n del propio protagonista busc\u00f3 restituir la calma<\/b>\u00a0y separar la realidad de las especulaciones, aunque el revuelo en redes sociales sigui\u00f3 su curso.<\/p>\n<p class=\"paragraph\" data-mrf-recirculation=\"Links inline\">La circulaci\u00f3n de im\u00e1genes, la inmediatez de las respuestas y el papel activo de los protagonistas en redes sociales generan un caldo de cultivo donde las versiones y los debates se multiplican. En este escenario, las aclaraciones y desmentidas se tornan imprescindibles para frenar la escalada de rumores, como demostr\u00f3 la intervenci\u00f3n de\u00a0<b>Barby Silenzi<\/b>\u00a0y el descargo de\u00a0<b>El Polaco<\/b>\u00a0ante la viralizaci\u00f3n de la foto del ba\u00f1o y la aparici\u00f3n de nuevas im\u00e1genes con\u00a0<b>La Polaka<\/b>.<\/p>\n<p class=\"paragraph\" data-mrf-recirculation=\"Links inline\">La historia de la pareja sigue sumando cap\u00edtulos bajo la atenta mirada del p\u00fablico, en un juego de exposici\u00f3n y resguardo que parece no tener fin.<\/p>\n<div class=\"second-saved-buttons\">\n<div class=\"body-share-note\"><\/div>\n<\/div>\n","protected":false},"excerpt":{"rendered":"<p>El cantante se refiri\u00f3 a la imagen que levant\u00f3 sospechas, mientras aparecieron pruebas que lo vincularon con otra mujer La viralizaci\u00f3n de una foto \u00edntima de\u00a0El Polaco\u00a0desat\u00f3 un vendaval de rumores y versiones sobre una posible infidelidad a\u00a0Barby Silenzi\u00a0La imagen, compartida por el propio cantante, lo muestra posando frente al espejo de un ba\u00f1o de [&hellip;]<\/p>\n","protected":false},"author":1,"featured_media":12824,"comment_status":"open","ping_status":"open","sticky":false,"template":"","format":"standard","meta":{"rop_custom_images_group":[],"rop_custom_messages_group":[],"rop_publish_now":"initial","rop_publish_now_accounts":[],"rop_publish_now_history":[],"rop_publish_now_status":"pending","footnotes":"","jetpack_publicize_message":"","jetpack_publicize_feature_enabled":true,"jetpack_social_post_already_shared":true,"jetpack_social_options":{"image_generator_settings":{"template":"highway","enabled":false},"version":2}},"categories":[12],"tags":[],"class_list":{"0":"post-12821","1":"post","2":"type-post","3":"status-publish","4":"format-standard","5":"has-post-thumbnail","7":"category-espectaculos"},"jetpack_publicize_connections":[],"yoast_head":"<!-- This site is optimized with the Yoast SEO plugin v27.3 - https:\/\/yoast.com\/product\/yoast-seo-wordpress\/ -->\n<title>La reacci\u00f3n de El Polaco por la foto \u00edntima que despert\u00f3 rumores de infidelidad a Barby Silenzy - CLAN ESPECTACULOS<\/title>\n<meta name=\"robots\" content=\"index, follow, max-snippet:-1, max-image-preview:large, max-video-preview:-1\" \/>\n<link rel=\"canonical\" href=\"https:\/\/radioclanfm.com\/clanespectaculos\/la-reaccion-de-el-polaco-por-la-foto-intima-que-desperto-rumores-de-infidelidad-a-barby-silenzy\/\" \/>\n<meta property=\"og:locale\" content=\"es_ES\" \/>\n<meta property=\"og:type\" content=\"article\" \/>\n<meta property=\"og:title\" content=\"La reacci\u00f3n de El Polaco por la foto \u00edntima que despert\u00f3 rumores de infidelidad a Barby Silenzy - CLAN ESPECTACULOS\" \/>\n<meta property=\"og:description\" content=\"El cantante se refiri\u00f3 a la imagen que levant\u00f3 sospechas, mientras aparecieron pruebas que lo vincularon con otra mujer La viralizaci\u00f3n de una foto \u00edntima de\u00a0El Polaco\u00a0desat\u00f3 un vendaval de rumores y versiones sobre una posible infidelidad a\u00a0Barby Silenzi\u00a0La imagen, compartida por el propio cantante, lo muestra posando frente al espejo de un ba\u00f1o de [&hellip;]\" \/>\n<meta property=\"og:url\" content=\"https:\/\/radioclanfm.com\/clanespectaculos\/la-reaccion-de-el-polaco-por-la-foto-intima-que-desperto-rumores-de-infidelidad-a-barby-silenzy\/\" \/>\n<meta property=\"og:site_name\" content=\"CLAN ESPECTACULOS\" \/>\n<meta property=\"article:publisher\" content=\"https:\/\/www.facebook.com\/clanespectaculos\/\" \/>\n<meta property=\"article:published_time\" content=\"2026-02-25T01:02:23+00:00\" \/>\n<meta property=\"og:image\" content=\"https:\/\/radioclanfm.com\/clanespectaculos\/wp-content\/uploads\/sites\/2\/2026\/02\/RdnjA62g.jpg\" \/>\n\t<meta property=\"og:image:width\" content=\"900\" \/>\n\t<meta property=\"og:image:height\" content=\"450\" \/>\n\t<meta property=\"og:image:type\" content=\"image\/jpeg\" \/>\n<meta name=\"author\" content=\"E-GRUPOCLAN\" \/>\n<meta name=\"twitter:card\" content=\"summary_large_image\" \/>\n<meta name=\"twitter:creator\" content=\"@clanespectok\" \/>\n<meta name=\"twitter:site\" content=\"@clanespectok\" \/>\n<meta name=\"twitter:label1\" content=\"Escrito por\" \/>\n\t<meta name=\"twitter:data1\" content=\"E-GRUPOCLAN\" \/>\n\t<meta name=\"twitter:label2\" content=\"Tiempo de lectura\" \/>\n\t<meta name=\"twitter:data2\" content=\"5 minutos\" \/>\n<script type=\"application\/ld+json\" class=\"yoast-schema-graph\">{\"@context\":\"https:\\\/\\\/schema.org\",\"@graph\":[{\"@type\":\"Article\",\"@id\":\"https:\\\/\\\/radioclanfm.com\\\/clanespectaculos\\\/la-reaccion-de-el-polaco-por-la-foto-intima-que-desperto-rumores-de-infidelidad-a-barby-silenzy\\\/#article\",\"isPartOf\":{\"@id\":\"https:\\\/\\\/radioclanfm.com\\\/clanespectaculos\\\/la-reaccion-de-el-polaco-por-la-foto-intima-que-desperto-rumores-de-infidelidad-a-barby-silenzy\\\/\"},\"author\":{\"name\":\"E-GRUPOCLAN\",\"@id\":\"https:\\\/\\\/radioclanfm.com\\\/clanespectaculos\\\/#\\\/schema\\\/person\\\/9734813083303230f3ad84d99171b20c\"},\"headline\":\"La reacci\u00f3n de El Polaco por la foto \u00edntima que despert\u00f3 rumores de infidelidad a Barby Silenzy\",\"datePublished\":\"2026-02-25T01:02:23+00:00\",\"mainEntityOfPage\":{\"@id\":\"https:\\\/\\\/radioclanfm.com\\\/clanespectaculos\\\/la-reaccion-de-el-polaco-por-la-foto-intima-que-desperto-rumores-de-infidelidad-a-barby-silenzy\\\/\"},\"wordCount\":918,\"commentCount\":0,\"publisher\":{\"@id\":\"https:\\\/\\\/radioclanfm.com\\\/clanespectaculos\\\/#organization\"},\"image\":{\"@id\":\"https:\\\/\\\/radioclanfm.com\\\/clanespectaculos\\\/la-reaccion-de-el-polaco-por-la-foto-intima-que-desperto-rumores-de-infidelidad-a-barby-silenzy\\\/#primaryimage\"},\"thumbnailUrl\":\"https:\\\/\\\/radioclanfm.com\\\/clanespectaculos\\\/wp-content\\\/uploads\\\/sites\\\/2\\\/2026\\\/02\\\/RdnjA62g.jpg\",\"articleSection\":[\"Espectaculos\"],\"inLanguage\":\"es-AR\",\"potentialAction\":[{\"@type\":\"CommentAction\",\"name\":\"Comment\",\"target\":[\"https:\\\/\\\/radioclanfm.com\\\/clanespectaculos\\\/la-reaccion-de-el-polaco-por-la-foto-intima-que-desperto-rumores-de-infidelidad-a-barby-silenzy\\\/#respond\"]}]},{\"@type\":\"WebPage\",\"@id\":\"https:\\\/\\\/radioclanfm.com\\\/clanespectaculos\\\/la-reaccion-de-el-polaco-por-la-foto-intima-que-desperto-rumores-de-infidelidad-a-barby-silenzy\\\/\",\"url\":\"https:\\\/\\\/radioclanfm.com\\\/clanespectaculos\\\/la-reaccion-de-el-polaco-por-la-foto-intima-que-desperto-rumores-de-infidelidad-a-barby-silenzy\\\/\",\"name\":\"La reacci\u00f3n de El Polaco por la foto \u00edntima que despert\u00f3 rumores de infidelidad a Barby Silenzy - CLAN ESPECTACULOS\",\"isPartOf\":{\"@id\":\"https:\\\/\\\/radioclanfm.com\\\/clanespectaculos\\\/#website\"},\"primaryImageOfPage\":{\"@id\":\"https:\\\/\\\/radioclanfm.com\\\/clanespectaculos\\\/la-reaccion-de-el-polaco-por-la-foto-intima-que-desperto-rumores-de-infidelidad-a-barby-silenzy\\\/#primaryimage\"},\"image\":{\"@id\":\"https:\\\/\\\/radioclanfm.com\\\/clanespectaculos\\\/la-reaccion-de-el-polaco-por-la-foto-intima-que-desperto-rumores-de-infidelidad-a-barby-silenzy\\\/#primaryimage\"},\"thumbnailUrl\":\"https:\\\/\\\/radioclanfm.com\\\/clanespectaculos\\\/wp-content\\\/uploads\\\/sites\\\/2\\\/2026\\\/02\\\/RdnjA62g.jpg\",\"datePublished\":\"2026-02-25T01:02:23+00:00\",\"breadcrumb\":{\"@id\":\"https:\\\/\\\/radioclanfm.com\\\/clanespectaculos\\\/la-reaccion-de-el-polaco-por-la-foto-intima-que-desperto-rumores-de-infidelidad-a-barby-silenzy\\\/#breadcrumb\"},\"inLanguage\":\"es-AR\",\"potentialAction\":[{\"@type\":\"ReadAction\",\"target\":[\"https:\\\/\\\/radioclanfm.com\\\/clanespectaculos\\\/la-reaccion-de-el-polaco-por-la-foto-intima-que-desperto-rumores-de-infidelidad-a-barby-silenzy\\\/\"]}]},{\"@type\":\"ImageObject\",\"inLanguage\":\"es-AR\",\"@id\":\"https:\\\/\\\/radioclanfm.com\\\/clanespectaculos\\\/la-reaccion-de-el-polaco-por-la-foto-intima-que-desperto-rumores-de-infidelidad-a-barby-silenzy\\\/#primaryimage\",\"url\":\"https:\\\/\\\/radioclanfm.com\\\/clanespectaculos\\\/wp-content\\\/uploads\\\/sites\\\/2\\\/2026\\\/02\\\/RdnjA62g.jpg\",\"contentUrl\":\"https:\\\/\\\/radioclanfm.com\\\/clanespectaculos\\\/wp-content\\\/uploads\\\/sites\\\/2\\\/2026\\\/02\\\/RdnjA62g.jpg\",\"width\":900,\"height\":450},{\"@type\":\"BreadcrumbList\",\"@id\":\"https:\\\/\\\/radioclanfm.com\\\/clanespectaculos\\\/la-reaccion-de-el-polaco-por-la-foto-intima-que-desperto-rumores-de-infidelidad-a-barby-silenzy\\\/#breadcrumb\",\"itemListElement\":[{\"@type\":\"ListItem\",\"position\":1,\"name\":\"Inicio\",\"item\":\"https:\\\/\\\/radioclanfm.com\\\/clanespectaculos\\\/\"},{\"@type\":\"ListItem\",\"position\":2,\"name\":\"La reacci\u00f3n de El Polaco por la foto \u00edntima que despert\u00f3 rumores de infidelidad a Barby Silenzy\"}]},{\"@type\":\"WebSite\",\"@id\":\"https:\\\/\\\/radioclanfm.com\\\/clanespectaculos\\\/#website\",\"url\":\"https:\\\/\\\/radioclanfm.com\\\/clanespectaculos\\\/\",\"name\":\"CLAN ESPECTACULOS\",\"description\":\"\",\"publisher\":{\"@id\":\"https:\\\/\\\/radioclanfm.com\\\/clanespectaculos\\\/#organization\"},\"potentialAction\":[{\"@type\":\"SearchAction\",\"target\":{\"@type\":\"EntryPoint\",\"urlTemplate\":\"https:\\\/\\\/radioclanfm.com\\\/clanespectaculos\\\/?s={search_term_string}\"},\"query-input\":{\"@type\":\"PropertyValueSpecification\",\"valueRequired\":true,\"valueName\":\"search_term_string\"}}],\"inLanguage\":\"es-AR\"},{\"@type\":\"Organization\",\"@id\":\"https:\\\/\\\/radioclanfm.com\\\/clanespectaculos\\\/#organization\",\"name\":\"CLAN ESPECTACULOS\",\"url\":\"https:\\\/\\\/radioclanfm.com\\\/clanespectaculos\\\/\",\"logo\":{\"@type\":\"ImageObject\",\"inLanguage\":\"es-AR\",\"@id\":\"https:\\\/\\\/radioclanfm.com\\\/clanespectaculos\\\/#\\\/schema\\\/logo\\\/image\\\/\",\"url\":\"https:\\\/\\\/radioclanfm.com\\\/clanespectaculos\\\/wp-content\\\/uploads\\\/sites\\\/2\\\/2026\\\/04\\\/ChatGPT-Image-23-mar-2026-10_09_00.png\",\"contentUrl\":\"https:\\\/\\\/radioclanfm.com\\\/clanespectaculos\\\/wp-content\\\/uploads\\\/sites\\\/2\\\/2026\\\/04\\\/ChatGPT-Image-23-mar-2026-10_09_00.png\",\"width\":1024,\"height\":1024,\"caption\":\"CLAN ESPECTACULOS\"},\"image\":{\"@id\":\"https:\\\/\\\/radioclanfm.com\\\/clanespectaculos\\\/#\\\/schema\\\/logo\\\/image\\\/\"},\"sameAs\":[\"https:\\\/\\\/www.facebook.com\\\/clanespectaculos\\\/\",\"https:\\\/\\\/x.com\\\/clanespectok\"]},{\"@type\":\"Person\",\"@id\":\"https:\\\/\\\/radioclanfm.com\\\/clanespectaculos\\\/#\\\/schema\\\/person\\\/9734813083303230f3ad84d99171b20c\",\"name\":\"E-GRUPOCLAN\",\"image\":{\"@type\":\"ImageObject\",\"inLanguage\":\"es-AR\",\"@id\":\"https:\\\/\\\/secure.gravatar.com\\\/avatar\\\/af6e19837c3d6a212034a48c7b3818d2ac1826f6025df0155da5a186ad321d79?s=96&d=mm&r=g\",\"url\":\"https:\\\/\\\/secure.gravatar.com\\\/avatar\\\/af6e19837c3d6a212034a48c7b3818d2ac1826f6025df0155da5a186ad321d79?s=96&d=mm&r=g\",\"contentUrl\":\"https:\\\/\\\/secure.gravatar.com\\\/avatar\\\/af6e19837c3d6a212034a48c7b3818d2ac1826f6025df0155da5a186ad321d79?s=96&d=mm&r=g\",\"caption\":\"E-GRUPOCLAN\"},\"sameAs\":[\"https:\\\/\\\/radioclanfm.com\"],\"url\":\"https:\\\/\\\/radioclanfm.com\\\/clanespectaculos\\\/author\\\/admin\\\/\"}]}<\/script>\n<!-- \/ Yoast SEO plugin. -->","yoast_head_json":{"title":"La reacci\u00f3n de El Polaco por la foto \u00edntima que despert\u00f3 rumores de infidelidad a Barby Silenzy - CLAN ESPECTACULOS","robots":{"index":"index","follow":"follow","max-snippet":"max-snippet:-1","max-image-preview":"max-image-preview:large","max-video-preview":"max-video-preview:-1"},"canonical":"https:\/\/radioclanfm.com\/clanespectaculos\/la-reaccion-de-el-polaco-por-la-foto-intima-que-desperto-rumores-de-infidelidad-a-barby-silenzy\/","og_locale":"es_ES","og_type":"article","og_title":"La reacci\u00f3n de El Polaco por la foto \u00edntima que despert\u00f3 rumores de infidelidad a Barby Silenzy - CLAN ESPECTACULOS","og_description":"El cantante se refiri\u00f3 a la imagen que levant\u00f3 sospechas, mientras aparecieron pruebas que lo vincularon con otra mujer La viralizaci\u00f3n de una foto \u00edntima de\u00a0El Polaco\u00a0desat\u00f3 un vendaval de rumores y versiones sobre una posible infidelidad a\u00a0Barby Silenzi\u00a0La imagen, compartida por el propio cantante, lo muestra posando frente al espejo de un ba\u00f1o de [&hellip;]","og_url":"https:\/\/radioclanfm.com\/clanespectaculos\/la-reaccion-de-el-polaco-por-la-foto-intima-que-desperto-rumores-de-infidelidad-a-barby-silenzy\/","og_site_name":"CLAN ESPECTACULOS","article_publisher":"https:\/\/www.facebook.com\/clanespectaculos\/","article_published_time":"2026-02-25T01:02:23+00:00","og_image":[{"width":900,"height":450,"url":"https:\/\/radioclanfm.com\/clanespectaculos\/wp-content\/uploads\/sites\/2\/2026\/02\/RdnjA62g.jpg","type":"image\/jpeg"}],"author":"E-GRUPOCLAN","twitter_card":"summary_large_image","twitter_creator":"@clanespectok","twitter_site":"@clanespectok","twitter_misc":{"Escrito por":"E-GRUPOCLAN","Tiempo de lectura":"5 minutos"},"schema":{"@context":"https:\/\/schema.org","@graph":[{"@type":"Article","@id":"https:\/\/radioclanfm.com\/clanespectaculos\/la-reaccion-de-el-polaco-por-la-foto-intima-que-desperto-rumores-de-infidelidad-a-barby-silenzy\/#article","isPartOf":{"@id":"https:\/\/radioclanfm.com\/clanespectaculos\/la-reaccion-de-el-polaco-por-la-foto-intima-que-desperto-rumores-de-infidelidad-a-barby-silenzy\/"},"author":{"name":"E-GRUPOCLAN","@id":"https:\/\/radioclanfm.com\/clanespectaculos\/#\/schema\/person\/9734813083303230f3ad84d99171b20c"},"headline":"La reacci\u00f3n de El Polaco por la foto \u00edntima que despert\u00f3 rumores de infidelidad a Barby Silenzy","datePublished":"2026-02-25T01:02:23+00:00","mainEntityOfPage":{"@id":"https:\/\/radioclanfm.com\/clanespectaculos\/la-reaccion-de-el-polaco-por-la-foto-intima-que-desperto-rumores-de-infidelidad-a-barby-silenzy\/"},"wordCount":918,"commentCount":0,"publisher":{"@id":"https:\/\/radioclanfm.com\/clanespectaculos\/#organization"},"image":{"@id":"https:\/\/radioclanfm.com\/clanespectaculos\/la-reaccion-de-el-polaco-por-la-foto-intima-que-desperto-rumores-de-infidelidad-a-barby-silenzy\/#primaryimage"},"thumbnailUrl":"https:\/\/radioclanfm.com\/clanespectaculos\/wp-content\/uploads\/sites\/2\/2026\/02\/RdnjA62g.jpg","articleSection":["Espectaculos"],"inLanguage":"es-AR","potentialAction":[{"@type":"CommentAction","name":"Comment","target":["https:\/\/radioclanfm.com\/clanespectaculos\/la-reaccion-de-el-polaco-por-la-foto-intima-que-desperto-rumores-de-infidelidad-a-barby-silenzy\/#respond"]}]},{"@type":"WebPage","@id":"https:\/\/radioclanfm.com\/clanespectaculos\/la-reaccion-de-el-polaco-por-la-foto-intima-que-desperto-rumores-de-infidelidad-a-barby-silenzy\/","url":"https:\/\/radioclanfm.com\/clanespectaculos\/la-reaccion-de-el-polaco-por-la-foto-intima-que-desperto-rumores-de-infidelidad-a-barby-silenzy\/","name":"La reacci\u00f3n de El Polaco por la foto \u00edntima que despert\u00f3 rumores de infidelidad a Barby Silenzy - CLAN ESPECTACULOS","isPartOf":{"@id":"https:\/\/radioclanfm.com\/clanespectaculos\/#website"},"primaryImageOfPage":{"@id":"https:\/\/radioclanfm.com\/clanespectaculos\/la-reaccion-de-el-polaco-por-la-foto-intima-que-desperto-rumores-de-infidelidad-a-barby-silenzy\/#primaryimage"},"image":{"@id":"https:\/\/radioclanfm.com\/clanespectaculos\/la-reaccion-de-el-polaco-por-la-foto-intima-que-desperto-rumores-de-infidelidad-a-barby-silenzy\/#primaryimage"},"thumbnailUrl":"https:\/\/radioclanfm.com\/clanespectaculos\/wp-content\/uploads\/sites\/2\/2026\/02\/RdnjA62g.jpg","datePublished":"2026-02-25T01:02:23+00:00","breadcrumb":{"@id":"https:\/\/radioclanfm.com\/clanespectaculos\/la-reaccion-de-el-polaco-por-la-foto-intima-que-desperto-rumores-de-infidelidad-a-barby-silenzy\/#breadcrumb"},"inLanguage":"es-AR","potentialAction":[{"@type":"ReadAction","target":["https:\/\/radioclanfm.com\/clanespectaculos\/la-reaccion-de-el-polaco-por-la-foto-intima-que-desperto-rumores-de-infidelidad-a-barby-silenzy\/"]}]},{"@type":"ImageObject","inLanguage":"es-AR","@id":"https:\/\/radioclanfm.com\/clanespectaculos\/la-reaccion-de-el-polaco-por-la-foto-intima-que-desperto-rumores-de-infidelidad-a-barby-silenzy\/#primaryimage","url":"https:\/\/radioclanfm.com\/clanespectaculos\/wp-content\/uploads\/sites\/2\/2026\/02\/RdnjA62g.jpg","contentUrl":"https:\/\/radioclanfm.com\/clanespectaculos\/wp-content\/uploads\/sites\/2\/2026\/02\/RdnjA62g.jpg","width":900,"height":450},{"@type":"BreadcrumbList","@id":"https:\/\/radioclanfm.com\/clanespectaculos\/la-reaccion-de-el-polaco-por-la-foto-intima-que-desperto-rumores-de-infidelidad-a-barby-silenzy\/#breadcrumb","itemListElement":[{"@type":"ListItem","position":1,"name":"Inicio","item":"https:\/\/radioclanfm.com\/clanespectaculos\/"},{"@type":"ListItem","position":2,"name":"La reacci\u00f3n de El Polaco por la foto \u00edntima que despert\u00f3 rumores de infidelidad a Barby Silenzy"}]},{"@type":"WebSite","@id":"https:\/\/radioclanfm.com\/clanespectaculos\/#website","url":"https:\/\/radioclanfm.com\/clanespectaculos\/","name":"CLAN ESPECTACULOS","description":"","publisher":{"@id":"https:\/\/radioclanfm.com\/clanespectaculos\/#organization"},"potentialAction":[{"@type":"SearchAction","target":{"@type":"EntryPoint","urlTemplate":"https:\/\/radioclanfm.com\/clanespectaculos\/?s={search_term_string}"},"query-input":{"@type":"PropertyValueSpecification","valueRequired":true,"valueName":"search_term_string"}}],"inLanguage":"es-AR"},{"@type":"Organization","@id":"https:\/\/radioclanfm.com\/clanespectaculos\/#organization","name":"CLAN ESPECTACULOS","url":"https:\/\/radioclanfm.com\/clanespectaculos\/","logo":{"@type":"ImageObject","inLanguage":"es-AR","@id":"https:\/\/radioclanfm.com\/clanespectaculos\/#\/schema\/logo\/image\/","url":"https:\/\/radioclanfm.com\/clanespectaculos\/wp-content\/uploads\/sites\/2\/2026\/04\/ChatGPT-Image-23-mar-2026-10_09_00.png","contentUrl":"https:\/\/radioclanfm.com\/clanespectaculos\/wp-content\/uploads\/sites\/2\/2026\/04\/ChatGPT-Image-23-mar-2026-10_09_00.png","width":1024,"height":1024,"caption":"CLAN ESPECTACULOS"},"image":{"@id":"https:\/\/radioclanfm.com\/clanespectaculos\/#\/schema\/logo\/image\/"},"sameAs":["https:\/\/www.facebook.com\/clanespectaculos\/","https:\/\/x.com\/clanespectok"]},{"@type":"Person","@id":"https:\/\/radioclanfm.com\/clanespectaculos\/#\/schema\/person\/9734813083303230f3ad84d99171b20c","name":"E-GRUPOCLAN","image":{"@type":"ImageObject","inLanguage":"es-AR","@id":"https:\/\/secure.gravatar.com\/avatar\/af6e19837c3d6a212034a48c7b3818d2ac1826f6025df0155da5a186ad321d79?s=96&d=mm&r=g","url":"https:\/\/secure.gravatar.com\/avatar\/af6e19837c3d6a212034a48c7b3818d2ac1826f6025df0155da5a186ad321d79?s=96&d=mm&r=g","contentUrl":"https:\/\/secure.gravatar.com\/avatar\/af6e19837c3d6a212034a48c7b3818d2ac1826f6025df0155da5a186ad321d79?s=96&d=mm&r=g","caption":"E-GRUPOCLAN"},"sameAs":["https:\/\/radioclanfm.com"],"url":"https:\/\/radioclanfm.com\/clanespectaculos\/author\/admin\/"}]}},"_links":{"self":[{"href":"https:\/\/radioclanfm.com\/clanespectaculos\/wp-json\/wp\/v2\/posts\/12821","targetHints":{"allow":["GET"]}}],"collection":[{"href":"https:\/\/radioclanfm.com\/clanespectaculos\/wp-json\/wp\/v2\/posts"}],"about":[{"href":"https:\/\/radioclanfm.com\/clanespectaculos\/wp-json\/wp\/v2\/types\/post"}],"author":[{"embeddable":true,"href":"https:\/\/radioclanfm.com\/clanespectaculos\/wp-json\/wp\/v2\/users\/1"}],"replies":[{"embeddable":true,"href":"https:\/\/radioclanfm.com\/clanespectaculos\/wp-json\/wp\/v2\/comments?post=12821"}],"version-history":[{"count":1,"href":"https:\/\/radioclanfm.com\/clanespectaculos\/wp-json\/wp\/v2\/posts\/12821\/revisions"}],"predecessor-version":[{"id":12825,"href":"https:\/\/radioclanfm.com\/clanespectaculos\/wp-json\/wp\/v2\/posts\/12821\/revisions\/12825"}],"wp:featuredmedia":[{"embeddable":true,"href":"https:\/\/radioclanfm.com\/clanespectaculos\/wp-json\/wp\/v2\/media\/12824"}],"wp:attachment":[{"href":"https:\/\/radioclanfm.com\/clanespectaculos\/wp-json\/wp\/v2\/media?parent=12821"}],"wp:term":[{"taxonomy":"category","embeddable":true,"href":"https:\/\/radioclanfm.com\/clanespectaculos\/wp-json\/wp\/v2\/categories?post=12821"},{"taxonomy":"post_tag","embeddable":true,"href":"https:\/\/radioclanfm.com\/clanespectaculos\/wp-json\/wp\/v2\/tags?post=12821"}],"curies":[{"name":"wp","href":"https:\/\/api.w.org\/{rel}","templated":true}]}}