{"id":12815,"date":"2026-02-24T21:57:36","date_gmt":"2026-02-25T00:57:36","guid":{"rendered":"https:\/\/radioclanfm.com\/clanespectaculos\/?p=12815"},"modified":"2026-02-24T21:58:45","modified_gmt":"2026-02-25T00:58:45","slug":"la-lluvia-sorprendio-a-los-participantes-de-gran-hermano-goteras-y-humor-en-la-primera-noche","status":"publish","type":"post","link":"https:\/\/radioclanfm.com\/clanespectaculos\/la-lluvia-sorprendio-a-los-participantes-de-gran-hermano-goteras-y-humor-en-la-primera-noche\/","title":{"rendered":"La lluvia sorprendi\u00f3 a los participantes de Gran Hermano: goteras y humor en la primera noche"},"content":{"rendered":"<p>Apenas ingresaron al reality show, los jugadores advirtieron las consecuencias del intenso temporal que se desat\u00f3 en Buenos Aires. Cu\u00e1l fue la reacci\u00f3n de los integrantes de la casa m\u00e1s famosa del pa\u00eds<\/p>\n<p class=\"paragraph\" data-mrf-recirculation=\"Links inline\">Luego de meses de espera,\u00a0<i>Gran Hermano<\/i>\u00a0regres\u00f3 a la pantalla de Telefe con\u00a0la edici\u00f3n especial\u00a0<i>Gran Hermano Generaci\u00f3n Dorad<\/i><i>a<\/i>. El debut comenz\u00f3 a las 21 y, para\u00a0los 18 participantes que ingresaron, la ansiedad y la emoci\u00f3n hicieron que la primera noche se extendiera hasta bien entrada la madrugada del martes. En medio de la convivencia inicial, la lluvia sorprendi\u00f3 a todos y dej\u00f3 en evidencia un problema inesperado: las goteras en la casa m\u00e1s famosa de la televisi\u00f3n argentina.<\/p>\n<blockquote class=\"tiktok-embed\" cite=\"https:\/\/www.tiktok.com\/@bum_news\/video\/7610447720142523666\" data-video-id=\"7610447720142523666\" data-embed-from=\"oembed\" style=\"max-width:605px; min-width:325px;\">\n<section> <a target=\"_blank\" title=\"@bum_news\" href=\"https:\/\/www.tiktok.com\/@bum_news?refer=embed\">@bum_news<\/a> <\/p>\n<p>\u200b\ud83e\uddf9 \u00a1Orden en la casa! Andrea del Boca pone manos a la obra \u200b\u00a1No se le escapa nada! La ic\u00f3nica Andrea del Boca demostr\u00f3 que, adem\u00e1s de talento, tiene una disciplina de hierro. En las \u00faltimas horas, las c\u00e1maras de Gran Hermano captaron a la actriz siendo la primera en levantarse para poner orden en el caos. \u200b\ud83c\udfe0 Ma\u00f1ana de limpieza \u200bMientras el resto de los participantes a\u00fan descansaban, Andrea aprovech\u00f3 la tranquilidad de la ma\u00f1ana para: \u200bAcomodar el living: Estuvo ordenando los almohadones y dejando el sof\u00e1 impecable. \u200bInspeccionar la cocina: Se la vio recorriendo el \u00e1rea del comedor y las sillas, asegur\u00e1ndose de que todo est\u00e9 en su lugar. \u200bUn momento de relax: A pesar del trabajo, se tom\u00f3 un segundo para apreciar la comodidad de los muebles. \u200b&#8221;\u00a1Qu\u00e9 desordenados son estos muchachos!&#8221;, se alcanz\u00f3 a escuchar en un tono c\u00f3mplice mientras recorr\u00eda la casa. \u200bParece que la convivencia va a requerir de la mirada atenta de Andrea para mantener la armon\u00eda (y la limpieza). \u00bfSer\u00e1 ella la encargada de poner los puntos sobre las \u00edes en las tareas del hogar? \u200b\ud83d\udcf2 \u00bfQu\u00e9 te parece la actitud de Andrea? \u200b\u00bfSos de los que se levantan temprano a limpiar o prefer\u00eds dormir hasta tarde como el resto? \u00a1Te leemos en los comentarios! \ud83d\udc47 \u200b<a title=\"granhermano\" target=\"_blank\" href=\"https:\/\/www.tiktok.com\/tag\/granhermano?refer=embed\">#GranHermano<\/a> <a title=\"andreadelboca\" target=\"_blank\" href=\"https:\/\/www.tiktok.com\/tag\/andreadelboca?refer=embed\">#AndreaDelBoca<\/a> <a title=\"gh2026\" target=\"_blank\" href=\"https:\/\/www.tiktok.com\/tag\/gh2026?refer=embed\">#GH2026<\/a> <a title=\"convivencia\" target=\"_blank\" href=\"https:\/\/www.tiktok.com\/tag\/convivencia?refer=embed\">#Convivencia<\/a> <a title=\"realityshow\" target=\"_blank\" href=\"https:\/\/www.tiktok.com\/tag\/realityshow?refer=embed\">#RealityShow<\/a> <\/p>\n<p> <a target=\"_blank\" title=\"\u266c sonido original - BUM NEWS\" href=\"https:\/\/www.tiktok.com\/music\/sonido-original-7610447766266891015?refer=embed\">\u266c sonido original &#8211; BUM NEWS<\/a> <\/section>\n<\/blockquote>\n<p> <script async src=\"https:\/\/www.tiktok.com\/embed.js\"><\/script><\/p>\n<div class=\"news-module\" data-mrf-recirculation=\"IL_GBLs3HYWRq2RgU4Qz8MM1Q\" data-testid=\"text-html\" data-mrf-experience=\"IL_GBLs3HYWRq2RgU4Qz8MM1Q\">\n<div class=\"recommended-card__image-container\"><\/div>\n<\/div>\n<p class=\"paragraph\" data-mrf-recirculation=\"Links inline\">Mientras la tormenta ca\u00eda en varios puntos de Buenos Aires, siendo el barrio de Mart\u00ednez uno de ellos,\u00a0<b>Emanuel Di Gioia<\/b>,\u00a0<b>Gabriel Lucero<\/b>\u00a0y\u00a0<b>Eduardo Carrera<\/b>\u00a0charlaban en el pasillo cuando notaron que algo no estaba bien. Fue Eduardo quien puso palabras a la situaci\u00f3n: \u201c<b>Che, \u00bfme est\u00e1 lloviendo a m\u00ed o est\u00e1 cayendo agua?<\/b>\u201d. Lucero, conocido por los audios de \u201cGente rota\u201d, entre la sorpresa y el humor, solo alcanz\u00f3 a decir: \u201cEsperemos que no\u201d, mientras Emanuel no pod\u00eda dejar de re\u00edr ante la escena.<\/p>\n<div class=\"inline ad-wrapper\">\n<div class=\"dfpAd ad-inline\"><\/div>\n<\/div>\n<p class=\"paragraph\" data-mrf-recirculation=\"Links inline\">La situaci\u00f3n gener\u00f3 una catarata de reacciones en redes sociales, donde los seguidores del reality convirtieron el incidente en tendencia. \u201cJajajajajajaja hay goteras en la casa\u201d; \u201cLa casa de Gran Hermano argentin\u00edsima con GOTERAS\u201d; \u201cC\u00f3mo es eso que en la casa de Gran Hermano hubo GOTERAS?!?!? JAJAAJAJAJJAJAJA ME MUERO\u201d; \u201cLa casa de #GranHermano tiene GOTERAS el primer d\u00eda\u201d, fueron algunos de los mensajes que circularon en X y otras plataformas.<\/p>\n<div class=\"news-module\" data-mrf-recirculation=\"IL_m3kiGo-8SVS6m0U7OqrZLw\" data-testid=\"text-html\" data-mrf-experience=\"IL_m3kiGo-8SVS6m0U7OqrZLw\">\n<div class=\"recommended-card__image-container\"><\/div>\n<\/div>\n<p class=\"paragraph\" data-mrf-recirculation=\"Links inline\">El imprevisto, lejos de opacar el entusiasmo, sum\u00f3 un condimento inesperado y demostr\u00f3 una vez m\u00e1s que, en<i>\u00a0Gran Hermano,\u00a0<\/i>nada est\u00e1 del todo bajo control y cualquier detalle puede convertirse en el primer viral de la temporada.<\/p>\n<div class=\"inline_2_DSK ad-wrapper ad-desktop\">\n<div class=\"dfpAd ad-inline\"><\/div>\n<\/div>\n<p class=\"paragraph\" data-mrf-recirculation=\"Links inline\">En la edici\u00f3n del a\u00f1o 2022\/2023, en medio de una tarde calurosa en Buenos Aires, una falla el\u00e9ctrica provoc\u00f3 que m\u00e1s de 10 provincias se quedaran sin luz y la casa de\u00a0<i>Gran Hermano\u00a0<\/i>no estuvo al margen de esta situaci\u00f3n: durante algunos segundos, los participantes estuvieron completamente a oscuras. Todo comenz\u00f3 cuando los participantes del reality, que estaban en una habitaci\u00f3n esperando que la producci\u00f3n acomodara todo lo necesario para un juego, salieron al living y observaron que la puerta de la casa estaba abierta.<\/p>\n<blockquote class=\"tiktok-embed\" cite=\"https:\/\/www.tiktok.com\/@marluca.oficial\/video\/7610528253471706388\" data-video-id=\"7610528253471706388\" data-embed-from=\"oembed\" style=\"max-width:605px; min-width:325px;\">\n<section> <a target=\"_blank\" title=\"@marluca.oficial\" href=\"https:\/\/www.tiktok.com\/@marluca.oficial?refer=embed\">@marluca.oficial<\/a> <\/p>\n<p>Esas miradas las conozco \ud83d\ude43 <a title=\"granhermano2026\" target=\"_blank\" href=\"https:\/\/www.tiktok.com\/tag\/granhermano2026?refer=embed\">#granhermano2026<\/a> <a title=\"lolopoggio\" target=\"_blank\" href=\"https:\/\/www.tiktok.com\/tag\/lolopoggio?refer=embed\">#lolopoggio<\/a> <a title=\"shipp\" target=\"_blank\" href=\"https:\/\/www.tiktok.com\/tag\/shipp?refer=embed\">#shipp<\/a> <a title=\"tomigh\" target=\"_blank\" href=\"https:\/\/www.tiktok.com\/tag\/tomigh?refer=embed\">#tomigh<\/a> <a title=\"granhermano\" target=\"_blank\" href=\"https:\/\/www.tiktok.com\/tag\/granhermano?refer=embed\">#granhermano<\/a> <\/p>\n<p> <a target=\"_blank\" title=\"\u266c Never Be the Same - Camila Cabello\" href=\"https:\/\/www.tiktok.com\/music\/Never-Be-the-Same-6717244869380671489?refer=embed\">\u266c Never Be the Same &#8211; Camila Cabello<\/a> <\/section>\n<\/blockquote>\n<p> <script async src=\"https:\/\/www.tiktok.com\/embed.js\"><\/script><\/p>\n<div class=\"news-module\" data-mrf-recirculation=\"IL_wLyG9sjfRQKb8QO3fSLumw\" data-testid=\"text-html\" data-mrf-experience=\"IL_wLyG9sjfRQKb8QO3fSLumw\">\n<div class=\"recommended-card__image-container\"><\/div>\n<\/div>\n<p class=\"paragraph\" data-mrf-recirculation=\"Links inline\">\u201c<b>Esto nunca hab\u00eda pasado<\/b>\u201d, asegur\u00f3 Juli Poggio, sorprendida al igual que el resto de sus compa\u00f1eros. \u201cEst\u00e1 abierta, por eso me parec\u00eda que no dejen salir\u201d, lanz\u00f3\u00a0<b>Marcos Ginocchio<\/b>. \u201cEs el tren fantasma\u201d, expres\u00f3<b>\u00a0Romina Uhrig<\/b>. \u201cSe habr\u00e1 abierto por el corte de luz\u201d, especul\u00f3 Rodolfo, pap\u00e1 de Nacho. Inmediatamente, la producci\u00f3n cort\u00f3 la transmisi\u00f3n y los envi\u00f3 de regreso a la habitaci\u00f3n.<\/p>\n<p class=\"paragraph\" data-mrf-recirculation=\"Links inline\">Sin embargo, el servicio se restableci\u00f3 al instante y todo qued\u00f3 como una simple an\u00e9cdota que dur\u00f3 algunos segundos, aunque Gran Hermano advirti\u00f3 a los participantes que tuvieran cuidado porque esto podr\u00eda repetirse en cualquier momento.<\/p>\n<div class=\"jwplayer-ctn\">\n<div>\n<div id=\"OSVKTNIJGBASJFG26N4YB4M2PM-custom_embed9\" class=\"jwplayer jw-reset jw-state-idle jw-stretch-uniform jw-flag-aspect-mode jw-floating-dismissible jw-keep-thumbnail jw-flag-user-inactive jw-flag-cast-available jw-breakpoint-5\" tabindex=\"0\" role=\"application\" aria-label=\"Video Player - Se Inundo\u0301 La Casa De Gran Hermano 2022\" aria-describedby=\"jw-OSVKTNIJGBASJFG26N4YB4M2PM-custom_embed9-shortcuts-tooltip-explanation\" data-compass-listening=\"true\">\n<div class=\"jw-wrapper jw-reset\">\n<div class=\"jw-controls jw-reset\">\n<div class=\"jw-controlbar jw-reset\">\n<div class=\"jw-reset jw-button-container\">\n<div class=\"jw-icon jw-icon-inline jw-button-color jw-reset jw-icon-cast\" tabindex=\"0\" role=\"button\" aria-label=\"Chromecast\"><\/div>\n<\/div>\n<\/div>\n<\/div>\n<\/div>\n<\/div>\n<\/div>\n<p>Se Inundo\u0301 La Casa De Gran Hermano 2022<\/p>\n<\/div>\n<p class=\"paragraph\" data-mrf-recirculation=\"Links inline\">En esa misma edici\u00f3n, durante la madrugada del 27 de enero, en buena parte de la Argentina se desat\u00f3 una fuerte tormenta con intensas r\u00e1fagas de viento, siendo Buenos Aires una de las provincias m\u00e1s afectadas y la casa m\u00e1s famosa de la pantalla chica tambi\u00e9n sufri\u00f3 el inconveniente el\u00e9ctrico.\u00a0<i>Big Ari<\/i>\u00a0fue el primero de los participantes en levantarse y, al ver toda la casa inundada, comenz\u00f3 a sacar el agua que se acumul\u00f3 en el living con un secador de piso. \u201c\u00a1La con&#8230; de la lora!\u201d, exclam\u00f3 sin filtro al ver el panorama. \u201cTendr\u00eda que haber un mensaje que diga: \u2018Atenci\u00f3n, est\u00e1 lloviendo\u2019 y que nos avisen. Yo me levanto\u201d, recrimin\u00f3 a la producci\u00f3n.<\/p>\n<p class=\"paragraph\" data-mrf-recirculation=\"Links inline\">\u201cHay que verle el lado positivo: no hace falta lavar el piso\u201d, brome\u00f3 el parrillero durante la tarea de desagote. \u201c\u00a1Qu\u00e9 quilombo!\u201d, agreg\u00f3 entre risas mientras segu\u00eda trapeando. Despu\u00e9s de esto, agarr\u00f3 una toalla y sali\u00f3 al jard\u00edn, aun bajo la lluvia, para hacer su rutina de hablarle a los televidentes frente al espejo del exterior.<\/p>\n<p class=\"paragraph\" data-mrf-recirculation=\"Links inline\">Lo mismo ocurri\u00f3 en la edici\u00f3n 2024\/2025 durante el feriado de carnaval. Un corte de luz que afect\u00f3 a zonas de la Ciudad de Buenos Aires y el Gran Buenos Aires dej\u00f3 a los participantes a oscuras por unos segundos. Al no haber Gala de Eliminaci\u00f3n debido al feriado nacional, los jugadores se encontraban haciendo su rutina nocturna en total tranquilidad, pero una tormenta de tensi\u00f3n el\u00e9ctrica que afect\u00f3 a todo el AMBA los sorprendi\u00f3, y de repente, la casa qued\u00f3 sin luz.<\/p>\n<div class=\"jwplayer-ctn\">Se cort\u00f3 la luz en la casa de GH<\/div>\n<p class=\"paragraph\" data-mrf-recirculation=\"Links inline\">Este apag\u00f3n, que dur\u00f3 solo unos segundos, fue lo suficientemente fuerte como para dejar a los jugadores totalmente desconcertados. \u201c\u00bfQu\u00e9 ha pasado?\u201d, pregunt\u00f3 la santiague\u00f1a Eugenia Ruiz, una vez que todo se encontraba a oscuras y segundos antes de que se cortaran todas las c\u00e1maras de la casa. Por su parte, Luz Tito, que estaba junto a Martina Pereyra en los sillones del patio, mir\u00f3 a su alrededor y expres\u00f3: \u201cMe encanta. Se cort\u00f3 la luz\u201d. Instant\u00e1neamente, la transmisi\u00f3n fue cancelada y no se vio nada m\u00e1s hasta que la electricidad regres\u00f3.<\/p>\n<div class=\"second-saved-buttons\">\n<div class=\"body-share-note\"><\/div>\n<\/div>\n","protected":false},"excerpt":{"rendered":"<p>Apenas ingresaron al reality show, los jugadores advirtieron las consecuencias del intenso temporal que se desat\u00f3 en Buenos Aires. Cu\u00e1l fue la reacci\u00f3n de los integrantes de la casa m\u00e1s famosa del pa\u00eds Luego de meses de espera,\u00a0Gran Hermano\u00a0regres\u00f3 a la pantalla de Telefe con\u00a0la edici\u00f3n especial\u00a0Gran Hermano Generaci\u00f3n Dorada. El debut comenz\u00f3 a las [&hellip;]<\/p>\n","protected":false},"author":1,"featured_media":12818,"comment_status":"open","ping_status":"open","sticky":false,"template":"","format":"standard","meta":{"rop_custom_images_group":[],"rop_custom_messages_group":[],"rop_publish_now":"initial","rop_publish_now_accounts":[],"rop_publish_now_history":[],"rop_publish_now_status":"pending","footnotes":"","jetpack_publicize_message":"","jetpack_publicize_feature_enabled":true,"jetpack_social_post_already_shared":true,"jetpack_social_options":{"image_generator_settings":{"template":"highway","enabled":false},"version":2}},"categories":[12],"tags":[],"class_list":{"0":"post-12815","1":"post","2":"type-post","3":"status-publish","4":"format-standard","5":"has-post-thumbnail","7":"category-espectaculos"},"jetpack_publicize_connections":[],"yoast_head":"<!-- This site is optimized with the Yoast SEO plugin v27.3 - https:\/\/yoast.com\/product\/yoast-seo-wordpress\/ -->\n<title>La lluvia sorprendi\u00f3 a los participantes de Gran Hermano: goteras y humor en la primera noche - CLAN ESPECTACULOS<\/title>\n<meta name=\"robots\" content=\"index, follow, max-snippet:-1, max-image-preview:large, max-video-preview:-1\" \/>\n<link rel=\"canonical\" href=\"https:\/\/radioclanfm.com\/clanespectaculos\/la-lluvia-sorprendio-a-los-participantes-de-gran-hermano-goteras-y-humor-en-la-primera-noche\/\" \/>\n<meta property=\"og:locale\" content=\"es_ES\" \/>\n<meta property=\"og:type\" content=\"article\" \/>\n<meta property=\"og:title\" content=\"La lluvia sorprendi\u00f3 a los participantes de Gran Hermano: goteras y humor en la primera noche - CLAN ESPECTACULOS\" \/>\n<meta property=\"og:description\" content=\"Apenas ingresaron al reality show, los jugadores advirtieron las consecuencias del intenso temporal que se desat\u00f3 en Buenos Aires. Cu\u00e1l fue la reacci\u00f3n de los integrantes de la casa m\u00e1s famosa del pa\u00eds Luego de meses de espera,\u00a0Gran Hermano\u00a0regres\u00f3 a la pantalla de Telefe con\u00a0la edici\u00f3n especial\u00a0Gran Hermano Generaci\u00f3n Dorada. El debut comenz\u00f3 a las [&hellip;]\" \/>\n<meta property=\"og:url\" content=\"https:\/\/radioclanfm.com\/clanespectaculos\/la-lluvia-sorprendio-a-los-participantes-de-gran-hermano-goteras-y-humor-en-la-primera-noche\/\" \/>\n<meta property=\"og:site_name\" content=\"CLAN ESPECTACULOS\" \/>\n<meta property=\"article:publisher\" content=\"https:\/\/www.facebook.com\/clanespectaculos\/\" \/>\n<meta property=\"article:published_time\" content=\"2026-02-25T00:57:36+00:00\" \/>\n<meta property=\"article:modified_time\" content=\"2026-02-25T00:58:45+00:00\" \/>\n<meta property=\"og:image\" content=\"https:\/\/radioclanfm.com\/clanespectaculos\/wp-content\/uploads\/sites\/2\/2026\/02\/b1DiM7_6.jpg\" \/>\n\t<meta property=\"og:image:width\" content=\"900\" \/>\n\t<meta property=\"og:image:height\" content=\"450\" \/>\n\t<meta property=\"og:image:type\" content=\"image\/jpeg\" \/>\n<meta name=\"author\" content=\"E-GRUPOCLAN\" \/>\n<meta name=\"twitter:card\" content=\"summary_large_image\" \/>\n<meta name=\"twitter:creator\" content=\"@clanespectok\" \/>\n<meta name=\"twitter:site\" content=\"@clanespectok\" \/>\n<meta name=\"twitter:label1\" content=\"Escrito por\" \/>\n\t<meta name=\"twitter:data1\" content=\"E-GRUPOCLAN\" \/>\n\t<meta name=\"twitter:label2\" content=\"Tiempo de lectura\" \/>\n\t<meta name=\"twitter:data2\" content=\"5 minutos\" \/>\n<script type=\"application\/ld+json\" class=\"yoast-schema-graph\">{\"@context\":\"https:\\\/\\\/schema.org\",\"@graph\":[{\"@type\":\"Article\",\"@id\":\"https:\\\/\\\/radioclanfm.com\\\/clanespectaculos\\\/la-lluvia-sorprendio-a-los-participantes-de-gran-hermano-goteras-y-humor-en-la-primera-noche\\\/#article\",\"isPartOf\":{\"@id\":\"https:\\\/\\\/radioclanfm.com\\\/clanespectaculos\\\/la-lluvia-sorprendio-a-los-participantes-de-gran-hermano-goteras-y-humor-en-la-primera-noche\\\/\"},\"author\":{\"name\":\"E-GRUPOCLAN\",\"@id\":\"https:\\\/\\\/radioclanfm.com\\\/clanespectaculos\\\/#\\\/schema\\\/person\\\/9734813083303230f3ad84d99171b20c\"},\"headline\":\"La lluvia sorprendi\u00f3 a los participantes de Gran Hermano: goteras y humor en la primera noche\",\"datePublished\":\"2026-02-25T00:57:36+00:00\",\"dateModified\":\"2026-02-25T00:58:45+00:00\",\"mainEntityOfPage\":{\"@id\":\"https:\\\/\\\/radioclanfm.com\\\/clanespectaculos\\\/la-lluvia-sorprendio-a-los-participantes-de-gran-hermano-goteras-y-humor-en-la-primera-noche\\\/\"},\"wordCount\":958,\"commentCount\":0,\"publisher\":{\"@id\":\"https:\\\/\\\/radioclanfm.com\\\/clanespectaculos\\\/#organization\"},\"image\":{\"@id\":\"https:\\\/\\\/radioclanfm.com\\\/clanespectaculos\\\/la-lluvia-sorprendio-a-los-participantes-de-gran-hermano-goteras-y-humor-en-la-primera-noche\\\/#primaryimage\"},\"thumbnailUrl\":\"https:\\\/\\\/radioclanfm.com\\\/clanespectaculos\\\/wp-content\\\/uploads\\\/sites\\\/2\\\/2026\\\/02\\\/b1DiM7_6.jpg\",\"articleSection\":[\"Espectaculos\"],\"inLanguage\":\"es-AR\",\"potentialAction\":[{\"@type\":\"CommentAction\",\"name\":\"Comment\",\"target\":[\"https:\\\/\\\/radioclanfm.com\\\/clanespectaculos\\\/la-lluvia-sorprendio-a-los-participantes-de-gran-hermano-goteras-y-humor-en-la-primera-noche\\\/#respond\"]}]},{\"@type\":\"WebPage\",\"@id\":\"https:\\\/\\\/radioclanfm.com\\\/clanespectaculos\\\/la-lluvia-sorprendio-a-los-participantes-de-gran-hermano-goteras-y-humor-en-la-primera-noche\\\/\",\"url\":\"https:\\\/\\\/radioclanfm.com\\\/clanespectaculos\\\/la-lluvia-sorprendio-a-los-participantes-de-gran-hermano-goteras-y-humor-en-la-primera-noche\\\/\",\"name\":\"La lluvia sorprendi\u00f3 a los participantes de Gran Hermano: goteras y humor en la primera noche - CLAN ESPECTACULOS\",\"isPartOf\":{\"@id\":\"https:\\\/\\\/radioclanfm.com\\\/clanespectaculos\\\/#website\"},\"primaryImageOfPage\":{\"@id\":\"https:\\\/\\\/radioclanfm.com\\\/clanespectaculos\\\/la-lluvia-sorprendio-a-los-participantes-de-gran-hermano-goteras-y-humor-en-la-primera-noche\\\/#primaryimage\"},\"image\":{\"@id\":\"https:\\\/\\\/radioclanfm.com\\\/clanespectaculos\\\/la-lluvia-sorprendio-a-los-participantes-de-gran-hermano-goteras-y-humor-en-la-primera-noche\\\/#primaryimage\"},\"thumbnailUrl\":\"https:\\\/\\\/radioclanfm.com\\\/clanespectaculos\\\/wp-content\\\/uploads\\\/sites\\\/2\\\/2026\\\/02\\\/b1DiM7_6.jpg\",\"datePublished\":\"2026-02-25T00:57:36+00:00\",\"dateModified\":\"2026-02-25T00:58:45+00:00\",\"breadcrumb\":{\"@id\":\"https:\\\/\\\/radioclanfm.com\\\/clanespectaculos\\\/la-lluvia-sorprendio-a-los-participantes-de-gran-hermano-goteras-y-humor-en-la-primera-noche\\\/#breadcrumb\"},\"inLanguage\":\"es-AR\",\"potentialAction\":[{\"@type\":\"ReadAction\",\"target\":[\"https:\\\/\\\/radioclanfm.com\\\/clanespectaculos\\\/la-lluvia-sorprendio-a-los-participantes-de-gran-hermano-goteras-y-humor-en-la-primera-noche\\\/\"]}]},{\"@type\":\"ImageObject\",\"inLanguage\":\"es-AR\",\"@id\":\"https:\\\/\\\/radioclanfm.com\\\/clanespectaculos\\\/la-lluvia-sorprendio-a-los-participantes-de-gran-hermano-goteras-y-humor-en-la-primera-noche\\\/#primaryimage\",\"url\":\"https:\\\/\\\/radioclanfm.com\\\/clanespectaculos\\\/wp-content\\\/uploads\\\/sites\\\/2\\\/2026\\\/02\\\/b1DiM7_6.jpg\",\"contentUrl\":\"https:\\\/\\\/radioclanfm.com\\\/clanespectaculos\\\/wp-content\\\/uploads\\\/sites\\\/2\\\/2026\\\/02\\\/b1DiM7_6.jpg\",\"width\":900,\"height\":450},{\"@type\":\"BreadcrumbList\",\"@id\":\"https:\\\/\\\/radioclanfm.com\\\/clanespectaculos\\\/la-lluvia-sorprendio-a-los-participantes-de-gran-hermano-goteras-y-humor-en-la-primera-noche\\\/#breadcrumb\",\"itemListElement\":[{\"@type\":\"ListItem\",\"position\":1,\"name\":\"Inicio\",\"item\":\"https:\\\/\\\/radioclanfm.com\\\/clanespectaculos\\\/\"},{\"@type\":\"ListItem\",\"position\":2,\"name\":\"La lluvia sorprendi\u00f3 a los participantes de Gran Hermano: goteras y humor en la primera noche\"}]},{\"@type\":\"WebSite\",\"@id\":\"https:\\\/\\\/radioclanfm.com\\\/clanespectaculos\\\/#website\",\"url\":\"https:\\\/\\\/radioclanfm.com\\\/clanespectaculos\\\/\",\"name\":\"CLAN ESPECTACULOS\",\"description\":\"\",\"publisher\":{\"@id\":\"https:\\\/\\\/radioclanfm.com\\\/clanespectaculos\\\/#organization\"},\"potentialAction\":[{\"@type\":\"SearchAction\",\"target\":{\"@type\":\"EntryPoint\",\"urlTemplate\":\"https:\\\/\\\/radioclanfm.com\\\/clanespectaculos\\\/?s={search_term_string}\"},\"query-input\":{\"@type\":\"PropertyValueSpecification\",\"valueRequired\":true,\"valueName\":\"search_term_string\"}}],\"inLanguage\":\"es-AR\"},{\"@type\":\"Organization\",\"@id\":\"https:\\\/\\\/radioclanfm.com\\\/clanespectaculos\\\/#organization\",\"name\":\"CLAN ESPECTACULOS\",\"url\":\"https:\\\/\\\/radioclanfm.com\\\/clanespectaculos\\\/\",\"logo\":{\"@type\":\"ImageObject\",\"inLanguage\":\"es-AR\",\"@id\":\"https:\\\/\\\/radioclanfm.com\\\/clanespectaculos\\\/#\\\/schema\\\/logo\\\/image\\\/\",\"url\":\"https:\\\/\\\/radioclanfm.com\\\/clanespectaculos\\\/wp-content\\\/uploads\\\/sites\\\/2\\\/2026\\\/04\\\/ChatGPT-Image-23-mar-2026-10_09_00.png\",\"contentUrl\":\"https:\\\/\\\/radioclanfm.com\\\/clanespectaculos\\\/wp-content\\\/uploads\\\/sites\\\/2\\\/2026\\\/04\\\/ChatGPT-Image-23-mar-2026-10_09_00.png\",\"width\":1024,\"height\":1024,\"caption\":\"CLAN ESPECTACULOS\"},\"image\":{\"@id\":\"https:\\\/\\\/radioclanfm.com\\\/clanespectaculos\\\/#\\\/schema\\\/logo\\\/image\\\/\"},\"sameAs\":[\"https:\\\/\\\/www.facebook.com\\\/clanespectaculos\\\/\",\"https:\\\/\\\/x.com\\\/clanespectok\"]},{\"@type\":\"Person\",\"@id\":\"https:\\\/\\\/radioclanfm.com\\\/clanespectaculos\\\/#\\\/schema\\\/person\\\/9734813083303230f3ad84d99171b20c\",\"name\":\"E-GRUPOCLAN\",\"image\":{\"@type\":\"ImageObject\",\"inLanguage\":\"es-AR\",\"@id\":\"https:\\\/\\\/secure.gravatar.com\\\/avatar\\\/af6e19837c3d6a212034a48c7b3818d2ac1826f6025df0155da5a186ad321d79?s=96&d=mm&r=g\",\"url\":\"https:\\\/\\\/secure.gravatar.com\\\/avatar\\\/af6e19837c3d6a212034a48c7b3818d2ac1826f6025df0155da5a186ad321d79?s=96&d=mm&r=g\",\"contentUrl\":\"https:\\\/\\\/secure.gravatar.com\\\/avatar\\\/af6e19837c3d6a212034a48c7b3818d2ac1826f6025df0155da5a186ad321d79?s=96&d=mm&r=g\",\"caption\":\"E-GRUPOCLAN\"},\"sameAs\":[\"https:\\\/\\\/radioclanfm.com\"],\"url\":\"https:\\\/\\\/radioclanfm.com\\\/clanespectaculos\\\/author\\\/admin\\\/\"}]}<\/script>\n<!-- \/ Yoast SEO plugin. -->","yoast_head_json":{"title":"La lluvia sorprendi\u00f3 a los participantes de Gran Hermano: goteras y humor en la primera noche - CLAN ESPECTACULOS","robots":{"index":"index","follow":"follow","max-snippet":"max-snippet:-1","max-image-preview":"max-image-preview:large","max-video-preview":"max-video-preview:-1"},"canonical":"https:\/\/radioclanfm.com\/clanespectaculos\/la-lluvia-sorprendio-a-los-participantes-de-gran-hermano-goteras-y-humor-en-la-primera-noche\/","og_locale":"es_ES","og_type":"article","og_title":"La lluvia sorprendi\u00f3 a los participantes de Gran Hermano: goteras y humor en la primera noche - CLAN ESPECTACULOS","og_description":"Apenas ingresaron al reality show, los jugadores advirtieron las consecuencias del intenso temporal que se desat\u00f3 en Buenos Aires. Cu\u00e1l fue la reacci\u00f3n de los integrantes de la casa m\u00e1s famosa del pa\u00eds Luego de meses de espera,\u00a0Gran Hermano\u00a0regres\u00f3 a la pantalla de Telefe con\u00a0la edici\u00f3n especial\u00a0Gran Hermano Generaci\u00f3n Dorada. El debut comenz\u00f3 a las [&hellip;]","og_url":"https:\/\/radioclanfm.com\/clanespectaculos\/la-lluvia-sorprendio-a-los-participantes-de-gran-hermano-goteras-y-humor-en-la-primera-noche\/","og_site_name":"CLAN ESPECTACULOS","article_publisher":"https:\/\/www.facebook.com\/clanespectaculos\/","article_published_time":"2026-02-25T00:57:36+00:00","article_modified_time":"2026-02-25T00:58:45+00:00","og_image":[{"width":900,"height":450,"url":"https:\/\/radioclanfm.com\/clanespectaculos\/wp-content\/uploads\/sites\/2\/2026\/02\/b1DiM7_6.jpg","type":"image\/jpeg"}],"author":"E-GRUPOCLAN","twitter_card":"summary_large_image","twitter_creator":"@clanespectok","twitter_site":"@clanespectok","twitter_misc":{"Escrito por":"E-GRUPOCLAN","Tiempo de lectura":"5 minutos"},"schema":{"@context":"https:\/\/schema.org","@graph":[{"@type":"Article","@id":"https:\/\/radioclanfm.com\/clanespectaculos\/la-lluvia-sorprendio-a-los-participantes-de-gran-hermano-goteras-y-humor-en-la-primera-noche\/#article","isPartOf":{"@id":"https:\/\/radioclanfm.com\/clanespectaculos\/la-lluvia-sorprendio-a-los-participantes-de-gran-hermano-goteras-y-humor-en-la-primera-noche\/"},"author":{"name":"E-GRUPOCLAN","@id":"https:\/\/radioclanfm.com\/clanespectaculos\/#\/schema\/person\/9734813083303230f3ad84d99171b20c"},"headline":"La lluvia sorprendi\u00f3 a los participantes de Gran Hermano: goteras y humor en la primera noche","datePublished":"2026-02-25T00:57:36+00:00","dateModified":"2026-02-25T00:58:45+00:00","mainEntityOfPage":{"@id":"https:\/\/radioclanfm.com\/clanespectaculos\/la-lluvia-sorprendio-a-los-participantes-de-gran-hermano-goteras-y-humor-en-la-primera-noche\/"},"wordCount":958,"commentCount":0,"publisher":{"@id":"https:\/\/radioclanfm.com\/clanespectaculos\/#organization"},"image":{"@id":"https:\/\/radioclanfm.com\/clanespectaculos\/la-lluvia-sorprendio-a-los-participantes-de-gran-hermano-goteras-y-humor-en-la-primera-noche\/#primaryimage"},"thumbnailUrl":"https:\/\/radioclanfm.com\/clanespectaculos\/wp-content\/uploads\/sites\/2\/2026\/02\/b1DiM7_6.jpg","articleSection":["Espectaculos"],"inLanguage":"es-AR","potentialAction":[{"@type":"CommentAction","name":"Comment","target":["https:\/\/radioclanfm.com\/clanespectaculos\/la-lluvia-sorprendio-a-los-participantes-de-gran-hermano-goteras-y-humor-en-la-primera-noche\/#respond"]}]},{"@type":"WebPage","@id":"https:\/\/radioclanfm.com\/clanespectaculos\/la-lluvia-sorprendio-a-los-participantes-de-gran-hermano-goteras-y-humor-en-la-primera-noche\/","url":"https:\/\/radioclanfm.com\/clanespectaculos\/la-lluvia-sorprendio-a-los-participantes-de-gran-hermano-goteras-y-humor-en-la-primera-noche\/","name":"La lluvia sorprendi\u00f3 a los participantes de Gran Hermano: goteras y humor en la primera noche - CLAN ESPECTACULOS","isPartOf":{"@id":"https:\/\/radioclanfm.com\/clanespectaculos\/#website"},"primaryImageOfPage":{"@id":"https:\/\/radioclanfm.com\/clanespectaculos\/la-lluvia-sorprendio-a-los-participantes-de-gran-hermano-goteras-y-humor-en-la-primera-noche\/#primaryimage"},"image":{"@id":"https:\/\/radioclanfm.com\/clanespectaculos\/la-lluvia-sorprendio-a-los-participantes-de-gran-hermano-goteras-y-humor-en-la-primera-noche\/#primaryimage"},"thumbnailUrl":"https:\/\/radioclanfm.com\/clanespectaculos\/wp-content\/uploads\/sites\/2\/2026\/02\/b1DiM7_6.jpg","datePublished":"2026-02-25T00:57:36+00:00","dateModified":"2026-02-25T00:58:45+00:00","breadcrumb":{"@id":"https:\/\/radioclanfm.com\/clanespectaculos\/la-lluvia-sorprendio-a-los-participantes-de-gran-hermano-goteras-y-humor-en-la-primera-noche\/#breadcrumb"},"inLanguage":"es-AR","potentialAction":[{"@type":"ReadAction","target":["https:\/\/radioclanfm.com\/clanespectaculos\/la-lluvia-sorprendio-a-los-participantes-de-gran-hermano-goteras-y-humor-en-la-primera-noche\/"]}]},{"@type":"ImageObject","inLanguage":"es-AR","@id":"https:\/\/radioclanfm.com\/clanespectaculos\/la-lluvia-sorprendio-a-los-participantes-de-gran-hermano-goteras-y-humor-en-la-primera-noche\/#primaryimage","url":"https:\/\/radioclanfm.com\/clanespectaculos\/wp-content\/uploads\/sites\/2\/2026\/02\/b1DiM7_6.jpg","contentUrl":"https:\/\/radioclanfm.com\/clanespectaculos\/wp-content\/uploads\/sites\/2\/2026\/02\/b1DiM7_6.jpg","width":900,"height":450},{"@type":"BreadcrumbList","@id":"https:\/\/radioclanfm.com\/clanespectaculos\/la-lluvia-sorprendio-a-los-participantes-de-gran-hermano-goteras-y-humor-en-la-primera-noche\/#breadcrumb","itemListElement":[{"@type":"ListItem","position":1,"name":"Inicio","item":"https:\/\/radioclanfm.com\/clanespectaculos\/"},{"@type":"ListItem","position":2,"name":"La lluvia sorprendi\u00f3 a los participantes de Gran Hermano: goteras y humor en la primera noche"}]},{"@type":"WebSite","@id":"https:\/\/radioclanfm.com\/clanespectaculos\/#website","url":"https:\/\/radioclanfm.com\/clanespectaculos\/","name":"CLAN ESPECTACULOS","description":"","publisher":{"@id":"https:\/\/radioclanfm.com\/clanespectaculos\/#organization"},"potentialAction":[{"@type":"SearchAction","target":{"@type":"EntryPoint","urlTemplate":"https:\/\/radioclanfm.com\/clanespectaculos\/?s={search_term_string}"},"query-input":{"@type":"PropertyValueSpecification","valueRequired":true,"valueName":"search_term_string"}}],"inLanguage":"es-AR"},{"@type":"Organization","@id":"https:\/\/radioclanfm.com\/clanespectaculos\/#organization","name":"CLAN ESPECTACULOS","url":"https:\/\/radioclanfm.com\/clanespectaculos\/","logo":{"@type":"ImageObject","inLanguage":"es-AR","@id":"https:\/\/radioclanfm.com\/clanespectaculos\/#\/schema\/logo\/image\/","url":"https:\/\/radioclanfm.com\/clanespectaculos\/wp-content\/uploads\/sites\/2\/2026\/04\/ChatGPT-Image-23-mar-2026-10_09_00.png","contentUrl":"https:\/\/radioclanfm.com\/clanespectaculos\/wp-content\/uploads\/sites\/2\/2026\/04\/ChatGPT-Image-23-mar-2026-10_09_00.png","width":1024,"height":1024,"caption":"CLAN ESPECTACULOS"},"image":{"@id":"https:\/\/radioclanfm.com\/clanespectaculos\/#\/schema\/logo\/image\/"},"sameAs":["https:\/\/www.facebook.com\/clanespectaculos\/","https:\/\/x.com\/clanespectok"]},{"@type":"Person","@id":"https:\/\/radioclanfm.com\/clanespectaculos\/#\/schema\/person\/9734813083303230f3ad84d99171b20c","name":"E-GRUPOCLAN","image":{"@type":"ImageObject","inLanguage":"es-AR","@id":"https:\/\/secure.gravatar.com\/avatar\/af6e19837c3d6a212034a48c7b3818d2ac1826f6025df0155da5a186ad321d79?s=96&d=mm&r=g","url":"https:\/\/secure.gravatar.com\/avatar\/af6e19837c3d6a212034a48c7b3818d2ac1826f6025df0155da5a186ad321d79?s=96&d=mm&r=g","contentUrl":"https:\/\/secure.gravatar.com\/avatar\/af6e19837c3d6a212034a48c7b3818d2ac1826f6025df0155da5a186ad321d79?s=96&d=mm&r=g","caption":"E-GRUPOCLAN"},"sameAs":["https:\/\/radioclanfm.com"],"url":"https:\/\/radioclanfm.com\/clanespectaculos\/author\/admin\/"}]}},"_links":{"self":[{"href":"https:\/\/radioclanfm.com\/clanespectaculos\/wp-json\/wp\/v2\/posts\/12815","targetHints":{"allow":["GET"]}}],"collection":[{"href":"https:\/\/radioclanfm.com\/clanespectaculos\/wp-json\/wp\/v2\/posts"}],"about":[{"href":"https:\/\/radioclanfm.com\/clanespectaculos\/wp-json\/wp\/v2\/types\/post"}],"author":[{"embeddable":true,"href":"https:\/\/radioclanfm.com\/clanespectaculos\/wp-json\/wp\/v2\/users\/1"}],"replies":[{"embeddable":true,"href":"https:\/\/radioclanfm.com\/clanespectaculos\/wp-json\/wp\/v2\/comments?post=12815"}],"version-history":[{"count":2,"href":"https:\/\/radioclanfm.com\/clanespectaculos\/wp-json\/wp\/v2\/posts\/12815\/revisions"}],"predecessor-version":[{"id":12820,"href":"https:\/\/radioclanfm.com\/clanespectaculos\/wp-json\/wp\/v2\/posts\/12815\/revisions\/12820"}],"wp:featuredmedia":[{"embeddable":true,"href":"https:\/\/radioclanfm.com\/clanespectaculos\/wp-json\/wp\/v2\/media\/12818"}],"wp:attachment":[{"href":"https:\/\/radioclanfm.com\/clanespectaculos\/wp-json\/wp\/v2\/media?parent=12815"}],"wp:term":[{"taxonomy":"category","embeddable":true,"href":"https:\/\/radioclanfm.com\/clanespectaculos\/wp-json\/wp\/v2\/categories?post=12815"},{"taxonomy":"post_tag","embeddable":true,"href":"https:\/\/radioclanfm.com\/clanespectaculos\/wp-json\/wp\/v2\/tags?post=12815"}],"curies":[{"name":"wp","href":"https:\/\/api.w.org\/{rel}","templated":true}]}}