{"id":12805,"date":"2026-02-24T21:51:48","date_gmt":"2026-02-25T00:51:48","guid":{"rendered":"https:\/\/radioclanfm.com\/clanespectaculos\/?p=12805"},"modified":"2026-02-24T21:51:48","modified_gmt":"2026-02-25T00:51:48","slug":"el-fuerte-anuncio-de-j-rei-sobre-el-habito-que-abandono-cuando-me-di-cuenta-que-no-me-sumaba-lo-deje","status":"publish","type":"post","link":"https:\/\/radioclanfm.com\/clanespectaculos\/el-fuerte-anuncio-de-j-rei-sobre-el-habito-que-abandono-cuando-me-di-cuenta-que-no-me-sumaba-lo-deje\/","title":{"rendered":"El fuerte anuncio de J Rei sobre el h\u00e1bito que abandon\u00f3: \u201cCuando me di cuenta que no me sumaba, lo dej\u00e9\u201d"},"content":{"rendered":"<p class=\"paragraph\" data-mrf-recirculation=\"Links inline\">En m\u00fasico\u00a0<b>J Rei<\/b>\u00a0sorprendi\u00f3 a sus seguidores al anunciar que lleva un a\u00f1o sin consumir marihuana, una decisi\u00f3n que enmarc\u00f3 como parte de su transformaci\u00f3n personal. El cantante, reconocido por su conexi\u00f3n con el p\u00fablico joven y por su relaci\u00f3n con la tambi\u00e9n artista\u00a0<b>Mar\u00eda Becerra<\/b>, comunic\u00f3 en sus redes sociales que este cambio surgi\u00f3 tras un proceso de autoescucha y reflexi\u00f3n.\u00a0<b>\u201cOficialmente UN A\u00d1O sin fumar marihuana. l 2026 ES EL A\u00d1O \ud83e\udd77mucho Rei y mucho@turro.tactico&#8221;,<\/b>\u00a0escribi\u00f3 en su cuenta de Instagram.<\/p>\n<div class=\"news-module\" data-mrf-recirculation=\"IL_GBLs3HYWRq2RgU4Qz8MM1Q\" data-testid=\"text-html\" data-mrf-experience=\"IL_GBLs3HYWRq2RgU4Qz8MM1Q\">\n<div class=\"recommended-card__image-container\"><\/div>\n<\/div>\n<p class=\"paragraph\" data-mrf-recirculation=\"Links inline\">Y luego, agreg\u00f3:\u00a0<b>\u201cQuiero aclarar algo. No estoy en contra en absoluto, solo hay que saber escuchar a tu cuerpo, y cuando me di cuenta que ya no me sumaba, lo dej\u00e9\u201d<\/b>, public\u00f3 el m\u00fasico, se\u00f1alando que la motivaci\u00f3n provino de experiencias personales cr\u00edticas.<\/p>\n<div class=\"inline ad-wrapper\">\n<div class=\"dfpAd ad-inline\"><\/div>\n<\/div>\n<p class=\"paragraph\" data-mrf-recirculation=\"Links inline\">El anuncio provoc\u00f3 numerosas reacciones positivas. Entre las voces de apoyo destac\u00f3 su colega\u00a0<b>Duki<\/b>, quien, a trav\u00e9s de Instagram, lo celebr\u00f3:\u00a0<b>\u201cSabia y sincera decisi\u00f3n hermano, te felicito por el valor, la voluntad y la constancia\u201d<\/b>. La publicaci\u00f3n super\u00f3 los\u00a0<b>102 mil \u201cme gusta\u201d<\/b>, lo que acorde al propio artista reflej\u00f3 la repercusi\u00f3n del mensaje y el respaldo de la comunidad.<\/p>\n<div class=\"news-module\" data-mrf-recirculation=\"IL_m3kiGo-8SVS6m0U7OqrZLw\" data-testid=\"text-html\" data-mrf-experience=\"IL_m3kiGo-8SVS6m0U7OqrZLw\">\n<div class=\"recommended-card__image-container\"><\/div>\n<\/div>\n<p class=\"paragraph\" data-mrf-recirculation=\"Links inline\">J Rei aclar\u00f3 que su objetivo no es abrir debate sobre el consumo, sino compartir su vivencia e inspirar a otros a priorizar el bienestar.\u00a0<b>\u201cQue cada uno tenga su experiencia y reconozca los momentos\u201d<\/b>, agreg\u00f3, subrayando la importancia de escuchar al propio cuerpo. Este anuncio representa una etapa de transformaci\u00f3n en la vida del cantante.<\/p>\n<div class=\"visual__image\"><picture><source srcset=\"https:\/\/www.infobae.com\/resizer\/v2\/VHI2FHKMBRD33FLAPSUR6FDYHA.jpg?auth=d4f0e68400c05adafcfd8793b6aed34f8e6839235c8a21f736f630c1dd44b437&amp;smart=true&amp;width=992&amp;height=992&amp;quality=85\" media=\"(min-width: 1000px)\" \/><source srcset=\"https:\/\/www.infobae.com\/resizer\/v2\/VHI2FHKMBRD33FLAPSUR6FDYHA.jpg?auth=d4f0e68400c05adafcfd8793b6aed34f8e6839235c8a21f736f630c1dd44b437&amp;smart=true&amp;width=768&amp;height=768&amp;quality=85\" media=\"(min-width: 768px)\" \/><source srcset=\"https:\/\/www.infobae.com\/resizer\/v2\/VHI2FHKMBRD33FLAPSUR6FDYHA.jpg?auth=d4f0e68400c05adafcfd8793b6aed34f8e6839235c8a21f736f630c1dd44b437&amp;smart=true&amp;width=577&amp;height=577&amp;quality=85\" media=\"(min-width: 580px)\" \/><source srcset=\"https:\/\/www.infobae.com\/resizer\/v2\/VHI2FHKMBRD33FLAPSUR6FDYHA.jpg?auth=d4f0e68400c05adafcfd8793b6aed34f8e6839235c8a21f736f630c1dd44b437&amp;smart=true&amp;width=420&amp;height=420&amp;quality=85\" media=\"(min-width: 350px)\" \/><source srcset=\"https:\/\/www.infobae.com\/resizer\/v2\/VHI2FHKMBRD33FLAPSUR6FDYHA.jpg?auth=d4f0e68400c05adafcfd8793b6aed34f8e6839235c8a21f736f630c1dd44b437&amp;smart=true&amp;width=350&amp;height=350&amp;quality=85\" media=\"(min-width: 80px)\" \/><img loading=\"lazy\" decoding=\"async\" class=\"global-image\" src=\"https:\/\/www.infobae.com\/resizer\/v2\/VHI2FHKMBRD33FLAPSUR6FDYHA.jpg?auth=d4f0e68400c05adafcfd8793b6aed34f8e6839235c8a21f736f630c1dd44b437&amp;smart=true&amp;width=350&amp;height=350&amp;quality=85\" alt=\"J Rei junto a Maria\" width=\"5504\" height=\"5504\" \/><\/picture>J Rei junto a Maria Becerra (Foto: Warner Music)<\/div>\n<h2 class=\"header headline-class-h2 headline\">El cimbronazo en la vida de J Rei<\/h2>\n<div class=\"inline_2_DSK ad-wrapper ad-desktop\">\n<div class=\"dfpAd ad-inline\"><\/div>\n<\/div>\n<p class=\"paragraph\" data-mrf-recirculation=\"Links inline\">El trasfondo de esta determinaci\u00f3n personal est\u00e1 tambi\u00e9n asociado a dos episodios traum\u00e1ticos que vivi\u00f3 la pareja, sobre todo el de abril de 2025, cuando\u00a0<b>Mar\u00eda Becerra<\/b>\u00a0necesit\u00f3 internaci\u00f3n urgente en Buenos Aires por un embarazo ect\u00f3pico que deriv\u00f3 en una hemorragia interna.<\/p>\n<div class=\"news-module\" data-mrf-recirculation=\"IL_wLyG9sjfRQKb8QO3fSLumw\" data-testid=\"text-html\" data-mrf-experience=\"IL_wLyG9sjfRQKb8QO3fSLumw\">\n<div class=\"recommended-card__image-container\"><\/div>\n<\/div>\n<p class=\"paragraph\" data-mrf-recirculation=\"Links inline\">J Rei relat\u00f3 el episodio: \u201cLa pas\u00f3 mal, obviamente, porque estuvo en riesgo su vida. Ver a la persona que m\u00e1s am\u00e1s en una cama de hospital, sin poder responderte\u2026\u00a0ah\u00ed se te frena el mundo\u201d. Expres\u00f3 que la impotencia y el miedo fueron determinantes y que la experiencia modific\u00f3 de forma radical sus prioridades.<\/p>\n<p class=\"paragraph\" data-mrf-recirculation=\"Links inline\">El m\u00fasico insisti\u00f3 en que, en ese momento, solo pod\u00eda acompa\u00f1ar: \u201cYo lo \u00fanico que tengo para dar es amor y uno, por la persona que ama, hace hasta lo que no puede. Di de mi coraz\u00f3n todo lo que ten\u00eda, entregu\u00e9 mi alma, mi tiempo, mi energ\u00eda, mi cari\u00f1o\u201d. Sin embargo, atribuy\u00f3 la verdadera fortaleza a Becerra: \u201cLa fortaleza fue de ella, puntualmente\u201d.<\/p>\n<p class=\"paragraph\" data-mrf-recirculation=\"Links inline\">Este acontecimiento signific\u00f3 un punto de inflexi\u00f3n emocional. J Rei admiti\u00f3 que modific\u00f3 sus rutinas diarias: dej\u00f3 de fumar, adopt\u00f3 el ejercicio f\u00edsico, redujo el consumo de alcohol y dedic\u00f3 m\u00e1s tiempo a compartir en familia. \u201cLe doy mucha entidad a la salud. La salud es impagable, no tiene precio\u201d, manifest\u00f3 en la misma entrevista.<\/p>\n<p class=\"paragraph\" data-mrf-recirculation=\"Links inline\">A ra\u00edz de esta vivencia, la pareja incluso replante\u00f3 su colaboraci\u00f3n art\u00edstica. La canci\u00f3n prevista, \u201cMi amor dos puntos\u201d, fue completamente reescrita para reflejar las circunstancias recientes. El m\u00fasico remarc\u00f3: \u201cAhora la prioridad tiene nombre: la salud\u201d.<\/p>\n<div class=\"jwplayer-ctn\">\n<div>\n<div id=\"7OOCPZKWDVAA5FPE4GC6OAFH7E-custom_embed12\" class=\"jwplayer jw-reset jw-state-idle jw-stretch-uniform jw-flag-aspect-mode jw-floating-dismissible jw-keep-thumbnail jw-flag-cast-available jw-breakpoint-5 jw-flag-user-inactive\" tabindex=\"0\" role=\"application\" aria-label=\"Video Player - J Rei cont\u00f3 c\u00f3mo es su kit de supervivencia\" aria-describedby=\"jw-7OOCPZKWDVAA5FPE4GC6OAFH7E-custom_embed12-shortcuts-tooltip-explanation\" data-compass-listening=\"true\">\n<div class=\"jw-wrapper jw-reset\">\n<div class=\"jw-controls jw-reset\">\n<div class=\"jw-controlbar jw-reset\">\n<div class=\"jw-reset jw-button-container\">\n<div class=\"jw-related-shelf-container jw-reset\">\n<div class=\"jw-related-shelf-contents jw-reset\">\n<div class=\"jw-reset jw-related-shelf\"><\/div>\n<\/div>\n<\/div>\n<\/div>\n<\/div>\n<\/div>\n<\/div>\n<\/div>\n<\/div>\n<p>J Rei cont\u00f3 c\u00f3mo es su kit de supervivencia<\/p><\/div>\n<h2 class=\"header headline-class-h2 headline\">El alter ego Turro T\u00e1ctico<\/h2>\n<p class=\"paragraph\" data-mrf-recirculation=\"Links inline\">El impacto de aquella emergencia m\u00e9dica trascendi\u00f3 los h\u00e1bitos personales de J Rei. Tras el episodio, el cantante consolid\u00f3 su alter ego, el \u201cTurro t\u00e1ctico\u201d, una figura que simboliza preparaci\u00f3n, humor y conciencia sobre el autocuidado.<\/p>\n<p class=\"paragraph\" data-mrf-recirculation=\"Links inline\">Durante el programa\u00a0<b>\u201cTapados de laburo\u201d<\/b>\u00a0del canal OLGA, el artista present\u00f3 el\u00a0kit de supervivencia\u00a0que lleva tanto en su auto como en su mochila. Explic\u00f3 que la emergencia vivida junto a\u00a0<b>Mar\u00eda Becerra<\/b>\u00a0lo llev\u00f3 a estar siempre prevenido: \u201cMe asust\u00e9, fue un momento muy feo. Creo que hice lo que mi coraz\u00f3n me dijo y estuve ah\u00ed en el momento indicado\u201d, relat\u00f3 en el programa. Subray\u00f3 que siempre act\u00faa motivado por el cuidado y el amor.<\/p>\n<p class=\"paragraph\" data-mrf-recirculation=\"Links inline\">El kit incluye un\u00a0<b>botiqu\u00edn<\/b>, un torniquete, luces de emergencia, cables para bater\u00eda, compresor para inflar neum\u00e1ticos, adem\u00e1s de cricket y rueda de auxilio. \u201cRecomiendo tener siempre un botiqu\u00edn en el auto y tambi\u00e9n estos otros elementos\u201d, aconsej\u00f3 en la entrevista. Tambi\u00e9n destac\u00f3 que su intenci\u00f3n es ayudar a otros cuando lo necesiten: \u201cMe gusta ir por la calle y si veo a alguien tirado ayudarlo\u201d, sostuvo el m\u00fasico, resumiendo el esp\u00edritu del \u201cTurro t\u00e1ctico\u201d como alguien dispuesto a colaborar en cualquier situaci\u00f3n.<\/p>\n<p class=\"paragraph\" data-mrf-recirculation=\"Links inline\">La aparici\u00f3n de este alter ego se ha transformado en un recordatorio para el cantante de la importancia de estar preparados ante lo inesperado.<\/p>\n<div class=\"jwplayer-ctn\">\n<div>\n<div id=\"HOYLX7AE4RDLTIAHIXOA7WEFZI-custom_embed18\" class=\"jwplayer jw-reset jw-state-idle jw-stretch-uniform jw-flag-aspect-mode jw-floating-dismissible jw-keep-thumbnail jw-flag-cast-available jw-breakpoint-5 jw-flag-user-inactive\" tabindex=\"0\" role=\"application\" aria-label=\"Video Player - Mar\u00eda Becerra adopt\u00f3 un perro en Estados Unidos\" aria-describedby=\"jw-HOYLX7AE4RDLTIAHIXOA7WEFZI-custom_embed18-shortcuts-tooltip-explanation\" data-compass-listening=\"true\">\n<div class=\"jw-wrapper jw-reset\">\n<div class=\"jw-controls jw-reset\">\n<div class=\"jw-controlbar jw-reset\">\n<div class=\"jw-reset jw-button-container\">\n<div class=\"jw-related-shelf-container jw-reset\">\n<div class=\"jw-related-shelf-contents jw-reset\">\n<div class=\"jw-reset jw-related-shelf\">\n<div class=\"jw-reset jw-related-shelf-list\">\n<div class=\"jw-reset jw-related-shelf-items jw-related-shelf-start\">\n<div class=\"jw-reset jw-related-shelf-item jw-related-item-visible\" tabindex=\"0\" role=\"button\" aria-label=\"Video - El homenaje a Di Maria, en aEl homenaje a Di Maria, en andas de sus companerosndas de sus companeros\" data-jw-index=\"1\">\n<div class=\"jw-video-thumbnail-generated jw-video-thumbnail-container\"><\/div>\n<\/div>\n<\/div>\n<\/div>\n<\/div>\n<\/div>\n<\/div>\n<\/div>\n<\/div>\n<\/div>\n<\/div>\n<\/div>\n<\/div>\n<p>Mar\u00eda Becerra adopt\u00f3 un perro y realiz\u00f3 una videollamada con su novio para cont\u00e1rselo<\/p><\/div>\n<h2 class=\"header headline-class-h2 headline\">Amor por los animales<\/h2>\n<p class=\"paragraph\" data-mrf-recirculation=\"Links inline\">En febrero de 2026, la pareja agreg\u00f3 una nueva experiencia emotiva a su historia. Durante una gira por Estados Unidos,\u00a0<b>Mar\u00eda Becerra<\/b>\u00a0particip\u00f3 en un evento de\u00a0<b>adopci\u00f3n responsable<\/b>\u00a0organizado por la ONG\u00a0<b>PAWS4you Rescue<\/b>\u00a0en Miami,\u00a0donde ampli\u00f3 la familia adoptando un cachorro rescatado.<\/p>\n<p class=\"paragraph\" data-mrf-recirculation=\"Links inline\">La artista comparti\u00f3 ese momento en Instagram, mostrando su v\u00ednculo inmediato con el animal. Simult\u00e1neamente, realiz\u00f3 una videollamada a J Rei para consultarle sobre la decisi\u00f3n. \u201c\u00a1Mir\u00e1 lo que es, amor!\u201d, exclam\u00f3 Becerra, mientras enfocaba al cachorro a la espera de la reacci\u00f3n del cantante.<\/p>\n<p class=\"paragraph\" data-mrf-recirculation=\"Links inline\">J Rei respondi\u00f3 con entusiasmo: \u201cUnas ganas de hacerle el pasaporte y tra\u00e9rnoslo\u201d, expres\u00f3 durante la llamada. El intercambio reflej\u00f3 la sinton\u00eda de la pareja y su alegr\u00eda compartida. Al finalizar la videollamada, Becerra le dijo: \u201cAy amor, te llamaba por eso. \u00a1Te amo!\u201d.<\/p>\n<p class=\"paragraph\" data-mrf-recirculation=\"Links inline\">Esta acci\u00f3n reafirm\u00f3 su imagen de activismo por el bienestar animal, y se suma a otras iniciativas, como las campa\u00f1as de rescate junto a la Fundaci\u00f3n Planeta Vivo, donde incluso ofreci\u00f3 su casa para alojar perros afectados por inundaciones.<\/p>\n<div class=\"second-saved-buttons\">\n<div class=\"body-share-note\"><\/div>\n<\/div>\n","protected":false},"excerpt":{"rendered":"<p>En m\u00fasico\u00a0J Rei\u00a0sorprendi\u00f3 a sus seguidores al anunciar que lleva un a\u00f1o sin consumir marihuana, una decisi\u00f3n que enmarc\u00f3 como parte de su transformaci\u00f3n personal. El cantante, reconocido por su conexi\u00f3n con el p\u00fablico joven y por su relaci\u00f3n con la tambi\u00e9n artista\u00a0Mar\u00eda Becerra, comunic\u00f3 en sus redes sociales que este cambio surgi\u00f3 tras un [&hellip;]<\/p>\n","protected":false},"author":1,"featured_media":12808,"comment_status":"open","ping_status":"open","sticky":false,"template":"","format":"standard","meta":{"rop_custom_images_group":[],"rop_custom_messages_group":[],"rop_publish_now":"initial","rop_publish_now_accounts":[],"rop_publish_now_history":[],"rop_publish_now_status":"pending","footnotes":"","jetpack_publicize_message":"","jetpack_publicize_feature_enabled":true,"jetpack_social_post_already_shared":true,"jetpack_social_options":{"image_generator_settings":{"template":"highway","enabled":false},"version":2}},"categories":[12],"tags":[],"class_list":{"0":"post-12805","1":"post","2":"type-post","3":"status-publish","4":"format-standard","5":"has-post-thumbnail","7":"category-espectaculos"},"jetpack_publicize_connections":[],"yoast_head":"<!-- This site is optimized with the Yoast SEO plugin v27.3 - https:\/\/yoast.com\/product\/yoast-seo-wordpress\/ -->\n<title>El fuerte anuncio de J Rei sobre el h\u00e1bito que abandon\u00f3: \u201cCuando me di cuenta que no me sumaba, lo dej\u00e9\u201d - CLAN ESPECTACULOS<\/title>\n<meta name=\"robots\" content=\"index, follow, max-snippet:-1, max-image-preview:large, max-video-preview:-1\" \/>\n<link rel=\"canonical\" href=\"https:\/\/radioclanfm.com\/clanespectaculos\/el-fuerte-anuncio-de-j-rei-sobre-el-habito-que-abandono-cuando-me-di-cuenta-que-no-me-sumaba-lo-deje\/\" \/>\n<meta property=\"og:locale\" content=\"es_ES\" \/>\n<meta property=\"og:type\" content=\"article\" \/>\n<meta property=\"og:title\" content=\"El fuerte anuncio de J Rei sobre el h\u00e1bito que abandon\u00f3: \u201cCuando me di cuenta que no me sumaba, lo dej\u00e9\u201d - CLAN ESPECTACULOS\" \/>\n<meta property=\"og:description\" content=\"En m\u00fasico\u00a0J Rei\u00a0sorprendi\u00f3 a sus seguidores al anunciar que lleva un a\u00f1o sin consumir marihuana, una decisi\u00f3n que enmarc\u00f3 como parte de su transformaci\u00f3n personal. El cantante, reconocido por su conexi\u00f3n con el p\u00fablico joven y por su relaci\u00f3n con la tambi\u00e9n artista\u00a0Mar\u00eda Becerra, comunic\u00f3 en sus redes sociales que este cambio surgi\u00f3 tras un [&hellip;]\" \/>\n<meta property=\"og:url\" content=\"https:\/\/radioclanfm.com\/clanespectaculos\/el-fuerte-anuncio-de-j-rei-sobre-el-habito-que-abandono-cuando-me-di-cuenta-que-no-me-sumaba-lo-deje\/\" \/>\n<meta property=\"og:site_name\" content=\"CLAN ESPECTACULOS\" \/>\n<meta property=\"article:publisher\" content=\"https:\/\/www.facebook.com\/clanespectaculos\/\" \/>\n<meta property=\"article:published_time\" content=\"2026-02-25T00:51:48+00:00\" \/>\n<meta property=\"og:image\" content=\"https:\/\/radioclanfm.com\/clanespectaculos\/wp-content\/uploads\/sites\/2\/2026\/02\/mSCVmPYB.jpg\" \/>\n\t<meta property=\"og:image:width\" content=\"900\" \/>\n\t<meta property=\"og:image:height\" content=\"450\" \/>\n\t<meta property=\"og:image:type\" content=\"image\/jpeg\" \/>\n<meta name=\"author\" content=\"E-GRUPOCLAN\" \/>\n<meta name=\"twitter:card\" content=\"summary_large_image\" \/>\n<meta name=\"twitter:creator\" content=\"@clanespectok\" \/>\n<meta name=\"twitter:site\" content=\"@clanespectok\" \/>\n<meta name=\"twitter:label1\" content=\"Escrito por\" \/>\n\t<meta name=\"twitter:data1\" content=\"E-GRUPOCLAN\" \/>\n\t<meta name=\"twitter:label2\" content=\"Tiempo de lectura\" \/>\n\t<meta name=\"twitter:data2\" content=\"5 minutos\" \/>\n<script type=\"application\/ld+json\" class=\"yoast-schema-graph\">{\"@context\":\"https:\\\/\\\/schema.org\",\"@graph\":[{\"@type\":\"Article\",\"@id\":\"https:\\\/\\\/radioclanfm.com\\\/clanespectaculos\\\/el-fuerte-anuncio-de-j-rei-sobre-el-habito-que-abandono-cuando-me-di-cuenta-que-no-me-sumaba-lo-deje\\\/#article\",\"isPartOf\":{\"@id\":\"https:\\\/\\\/radioclanfm.com\\\/clanespectaculos\\\/el-fuerte-anuncio-de-j-rei-sobre-el-habito-que-abandono-cuando-me-di-cuenta-que-no-me-sumaba-lo-deje\\\/\"},\"author\":{\"name\":\"E-GRUPOCLAN\",\"@id\":\"https:\\\/\\\/radioclanfm.com\\\/clanespectaculos\\\/#\\\/schema\\\/person\\\/9734813083303230f3ad84d99171b20c\"},\"headline\":\"El fuerte anuncio de J Rei sobre el h\u00e1bito que abandon\u00f3: \u201cCuando me di cuenta que no me sumaba, lo dej\u00e9\u201d\",\"datePublished\":\"2026-02-25T00:51:48+00:00\",\"mainEntityOfPage\":{\"@id\":\"https:\\\/\\\/radioclanfm.com\\\/clanespectaculos\\\/el-fuerte-anuncio-de-j-rei-sobre-el-habito-que-abandono-cuando-me-di-cuenta-que-no-me-sumaba-lo-deje\\\/\"},\"wordCount\":1045,\"commentCount\":0,\"publisher\":{\"@id\":\"https:\\\/\\\/radioclanfm.com\\\/clanespectaculos\\\/#organization\"},\"image\":{\"@id\":\"https:\\\/\\\/radioclanfm.com\\\/clanespectaculos\\\/el-fuerte-anuncio-de-j-rei-sobre-el-habito-que-abandono-cuando-me-di-cuenta-que-no-me-sumaba-lo-deje\\\/#primaryimage\"},\"thumbnailUrl\":\"https:\\\/\\\/radioclanfm.com\\\/clanespectaculos\\\/wp-content\\\/uploads\\\/sites\\\/2\\\/2026\\\/02\\\/mSCVmPYB.jpg\",\"articleSection\":[\"Espectaculos\"],\"inLanguage\":\"es-AR\",\"potentialAction\":[{\"@type\":\"CommentAction\",\"name\":\"Comment\",\"target\":[\"https:\\\/\\\/radioclanfm.com\\\/clanespectaculos\\\/el-fuerte-anuncio-de-j-rei-sobre-el-habito-que-abandono-cuando-me-di-cuenta-que-no-me-sumaba-lo-deje\\\/#respond\"]}]},{\"@type\":\"WebPage\",\"@id\":\"https:\\\/\\\/radioclanfm.com\\\/clanespectaculos\\\/el-fuerte-anuncio-de-j-rei-sobre-el-habito-que-abandono-cuando-me-di-cuenta-que-no-me-sumaba-lo-deje\\\/\",\"url\":\"https:\\\/\\\/radioclanfm.com\\\/clanespectaculos\\\/el-fuerte-anuncio-de-j-rei-sobre-el-habito-que-abandono-cuando-me-di-cuenta-que-no-me-sumaba-lo-deje\\\/\",\"name\":\"El fuerte anuncio de J Rei sobre el h\u00e1bito que abandon\u00f3: \u201cCuando me di cuenta que no me sumaba, lo dej\u00e9\u201d - CLAN ESPECTACULOS\",\"isPartOf\":{\"@id\":\"https:\\\/\\\/radioclanfm.com\\\/clanespectaculos\\\/#website\"},\"primaryImageOfPage\":{\"@id\":\"https:\\\/\\\/radioclanfm.com\\\/clanespectaculos\\\/el-fuerte-anuncio-de-j-rei-sobre-el-habito-que-abandono-cuando-me-di-cuenta-que-no-me-sumaba-lo-deje\\\/#primaryimage\"},\"image\":{\"@id\":\"https:\\\/\\\/radioclanfm.com\\\/clanespectaculos\\\/el-fuerte-anuncio-de-j-rei-sobre-el-habito-que-abandono-cuando-me-di-cuenta-que-no-me-sumaba-lo-deje\\\/#primaryimage\"},\"thumbnailUrl\":\"https:\\\/\\\/radioclanfm.com\\\/clanespectaculos\\\/wp-content\\\/uploads\\\/sites\\\/2\\\/2026\\\/02\\\/mSCVmPYB.jpg\",\"datePublished\":\"2026-02-25T00:51:48+00:00\",\"breadcrumb\":{\"@id\":\"https:\\\/\\\/radioclanfm.com\\\/clanespectaculos\\\/el-fuerte-anuncio-de-j-rei-sobre-el-habito-que-abandono-cuando-me-di-cuenta-que-no-me-sumaba-lo-deje\\\/#breadcrumb\"},\"inLanguage\":\"es-AR\",\"potentialAction\":[{\"@type\":\"ReadAction\",\"target\":[\"https:\\\/\\\/radioclanfm.com\\\/clanespectaculos\\\/el-fuerte-anuncio-de-j-rei-sobre-el-habito-que-abandono-cuando-me-di-cuenta-que-no-me-sumaba-lo-deje\\\/\"]}]},{\"@type\":\"ImageObject\",\"inLanguage\":\"es-AR\",\"@id\":\"https:\\\/\\\/radioclanfm.com\\\/clanespectaculos\\\/el-fuerte-anuncio-de-j-rei-sobre-el-habito-que-abandono-cuando-me-di-cuenta-que-no-me-sumaba-lo-deje\\\/#primaryimage\",\"url\":\"https:\\\/\\\/radioclanfm.com\\\/clanespectaculos\\\/wp-content\\\/uploads\\\/sites\\\/2\\\/2026\\\/02\\\/mSCVmPYB.jpg\",\"contentUrl\":\"https:\\\/\\\/radioclanfm.com\\\/clanespectaculos\\\/wp-content\\\/uploads\\\/sites\\\/2\\\/2026\\\/02\\\/mSCVmPYB.jpg\",\"width\":900,\"height\":450},{\"@type\":\"BreadcrumbList\",\"@id\":\"https:\\\/\\\/radioclanfm.com\\\/clanespectaculos\\\/el-fuerte-anuncio-de-j-rei-sobre-el-habito-que-abandono-cuando-me-di-cuenta-que-no-me-sumaba-lo-deje\\\/#breadcrumb\",\"itemListElement\":[{\"@type\":\"ListItem\",\"position\":1,\"name\":\"Inicio\",\"item\":\"https:\\\/\\\/radioclanfm.com\\\/clanespectaculos\\\/\"},{\"@type\":\"ListItem\",\"position\":2,\"name\":\"El fuerte anuncio de J Rei sobre el h\u00e1bito que abandon\u00f3: \u201cCuando me di cuenta que no me sumaba, lo dej\u00e9\u201d\"}]},{\"@type\":\"WebSite\",\"@id\":\"https:\\\/\\\/radioclanfm.com\\\/clanespectaculos\\\/#website\",\"url\":\"https:\\\/\\\/radioclanfm.com\\\/clanespectaculos\\\/\",\"name\":\"CLAN ESPECTACULOS\",\"description\":\"\",\"publisher\":{\"@id\":\"https:\\\/\\\/radioclanfm.com\\\/clanespectaculos\\\/#organization\"},\"potentialAction\":[{\"@type\":\"SearchAction\",\"target\":{\"@type\":\"EntryPoint\",\"urlTemplate\":\"https:\\\/\\\/radioclanfm.com\\\/clanespectaculos\\\/?s={search_term_string}\"},\"query-input\":{\"@type\":\"PropertyValueSpecification\",\"valueRequired\":true,\"valueName\":\"search_term_string\"}}],\"inLanguage\":\"es-AR\"},{\"@type\":\"Organization\",\"@id\":\"https:\\\/\\\/radioclanfm.com\\\/clanespectaculos\\\/#organization\",\"name\":\"CLAN ESPECTACULOS\",\"url\":\"https:\\\/\\\/radioclanfm.com\\\/clanespectaculos\\\/\",\"logo\":{\"@type\":\"ImageObject\",\"inLanguage\":\"es-AR\",\"@id\":\"https:\\\/\\\/radioclanfm.com\\\/clanespectaculos\\\/#\\\/schema\\\/logo\\\/image\\\/\",\"url\":\"https:\\\/\\\/radioclanfm.com\\\/clanespectaculos\\\/wp-content\\\/uploads\\\/sites\\\/2\\\/2026\\\/04\\\/ChatGPT-Image-23-mar-2026-10_09_00.png\",\"contentUrl\":\"https:\\\/\\\/radioclanfm.com\\\/clanespectaculos\\\/wp-content\\\/uploads\\\/sites\\\/2\\\/2026\\\/04\\\/ChatGPT-Image-23-mar-2026-10_09_00.png\",\"width\":1024,\"height\":1024,\"caption\":\"CLAN ESPECTACULOS\"},\"image\":{\"@id\":\"https:\\\/\\\/radioclanfm.com\\\/clanespectaculos\\\/#\\\/schema\\\/logo\\\/image\\\/\"},\"sameAs\":[\"https:\\\/\\\/www.facebook.com\\\/clanespectaculos\\\/\",\"https:\\\/\\\/x.com\\\/clanespectok\"]},{\"@type\":\"Person\",\"@id\":\"https:\\\/\\\/radioclanfm.com\\\/clanespectaculos\\\/#\\\/schema\\\/person\\\/9734813083303230f3ad84d99171b20c\",\"name\":\"E-GRUPOCLAN\",\"image\":{\"@type\":\"ImageObject\",\"inLanguage\":\"es-AR\",\"@id\":\"https:\\\/\\\/secure.gravatar.com\\\/avatar\\\/af6e19837c3d6a212034a48c7b3818d2ac1826f6025df0155da5a186ad321d79?s=96&d=mm&r=g\",\"url\":\"https:\\\/\\\/secure.gravatar.com\\\/avatar\\\/af6e19837c3d6a212034a48c7b3818d2ac1826f6025df0155da5a186ad321d79?s=96&d=mm&r=g\",\"contentUrl\":\"https:\\\/\\\/secure.gravatar.com\\\/avatar\\\/af6e19837c3d6a212034a48c7b3818d2ac1826f6025df0155da5a186ad321d79?s=96&d=mm&r=g\",\"caption\":\"E-GRUPOCLAN\"},\"sameAs\":[\"https:\\\/\\\/radioclanfm.com\"],\"url\":\"https:\\\/\\\/radioclanfm.com\\\/clanespectaculos\\\/author\\\/admin\\\/\"}]}<\/script>\n<!-- \/ Yoast SEO plugin. -->","yoast_head_json":{"title":"El fuerte anuncio de J Rei sobre el h\u00e1bito que abandon\u00f3: \u201cCuando me di cuenta que no me sumaba, lo dej\u00e9\u201d - CLAN ESPECTACULOS","robots":{"index":"index","follow":"follow","max-snippet":"max-snippet:-1","max-image-preview":"max-image-preview:large","max-video-preview":"max-video-preview:-1"},"canonical":"https:\/\/radioclanfm.com\/clanespectaculos\/el-fuerte-anuncio-de-j-rei-sobre-el-habito-que-abandono-cuando-me-di-cuenta-que-no-me-sumaba-lo-deje\/","og_locale":"es_ES","og_type":"article","og_title":"El fuerte anuncio de J Rei sobre el h\u00e1bito que abandon\u00f3: \u201cCuando me di cuenta que no me sumaba, lo dej\u00e9\u201d - CLAN ESPECTACULOS","og_description":"En m\u00fasico\u00a0J Rei\u00a0sorprendi\u00f3 a sus seguidores al anunciar que lleva un a\u00f1o sin consumir marihuana, una decisi\u00f3n que enmarc\u00f3 como parte de su transformaci\u00f3n personal. El cantante, reconocido por su conexi\u00f3n con el p\u00fablico joven y por su relaci\u00f3n con la tambi\u00e9n artista\u00a0Mar\u00eda Becerra, comunic\u00f3 en sus redes sociales que este cambio surgi\u00f3 tras un [&hellip;]","og_url":"https:\/\/radioclanfm.com\/clanespectaculos\/el-fuerte-anuncio-de-j-rei-sobre-el-habito-que-abandono-cuando-me-di-cuenta-que-no-me-sumaba-lo-deje\/","og_site_name":"CLAN ESPECTACULOS","article_publisher":"https:\/\/www.facebook.com\/clanespectaculos\/","article_published_time":"2026-02-25T00:51:48+00:00","og_image":[{"width":900,"height":450,"url":"https:\/\/radioclanfm.com\/clanespectaculos\/wp-content\/uploads\/sites\/2\/2026\/02\/mSCVmPYB.jpg","type":"image\/jpeg"}],"author":"E-GRUPOCLAN","twitter_card":"summary_large_image","twitter_creator":"@clanespectok","twitter_site":"@clanespectok","twitter_misc":{"Escrito por":"E-GRUPOCLAN","Tiempo de lectura":"5 minutos"},"schema":{"@context":"https:\/\/schema.org","@graph":[{"@type":"Article","@id":"https:\/\/radioclanfm.com\/clanespectaculos\/el-fuerte-anuncio-de-j-rei-sobre-el-habito-que-abandono-cuando-me-di-cuenta-que-no-me-sumaba-lo-deje\/#article","isPartOf":{"@id":"https:\/\/radioclanfm.com\/clanespectaculos\/el-fuerte-anuncio-de-j-rei-sobre-el-habito-que-abandono-cuando-me-di-cuenta-que-no-me-sumaba-lo-deje\/"},"author":{"name":"E-GRUPOCLAN","@id":"https:\/\/radioclanfm.com\/clanespectaculos\/#\/schema\/person\/9734813083303230f3ad84d99171b20c"},"headline":"El fuerte anuncio de J Rei sobre el h\u00e1bito que abandon\u00f3: \u201cCuando me di cuenta que no me sumaba, lo dej\u00e9\u201d","datePublished":"2026-02-25T00:51:48+00:00","mainEntityOfPage":{"@id":"https:\/\/radioclanfm.com\/clanespectaculos\/el-fuerte-anuncio-de-j-rei-sobre-el-habito-que-abandono-cuando-me-di-cuenta-que-no-me-sumaba-lo-deje\/"},"wordCount":1045,"commentCount":0,"publisher":{"@id":"https:\/\/radioclanfm.com\/clanespectaculos\/#organization"},"image":{"@id":"https:\/\/radioclanfm.com\/clanespectaculos\/el-fuerte-anuncio-de-j-rei-sobre-el-habito-que-abandono-cuando-me-di-cuenta-que-no-me-sumaba-lo-deje\/#primaryimage"},"thumbnailUrl":"https:\/\/radioclanfm.com\/clanespectaculos\/wp-content\/uploads\/sites\/2\/2026\/02\/mSCVmPYB.jpg","articleSection":["Espectaculos"],"inLanguage":"es-AR","potentialAction":[{"@type":"CommentAction","name":"Comment","target":["https:\/\/radioclanfm.com\/clanespectaculos\/el-fuerte-anuncio-de-j-rei-sobre-el-habito-que-abandono-cuando-me-di-cuenta-que-no-me-sumaba-lo-deje\/#respond"]}]},{"@type":"WebPage","@id":"https:\/\/radioclanfm.com\/clanespectaculos\/el-fuerte-anuncio-de-j-rei-sobre-el-habito-que-abandono-cuando-me-di-cuenta-que-no-me-sumaba-lo-deje\/","url":"https:\/\/radioclanfm.com\/clanespectaculos\/el-fuerte-anuncio-de-j-rei-sobre-el-habito-que-abandono-cuando-me-di-cuenta-que-no-me-sumaba-lo-deje\/","name":"El fuerte anuncio de J Rei sobre el h\u00e1bito que abandon\u00f3: \u201cCuando me di cuenta que no me sumaba, lo dej\u00e9\u201d - CLAN ESPECTACULOS","isPartOf":{"@id":"https:\/\/radioclanfm.com\/clanespectaculos\/#website"},"primaryImageOfPage":{"@id":"https:\/\/radioclanfm.com\/clanespectaculos\/el-fuerte-anuncio-de-j-rei-sobre-el-habito-que-abandono-cuando-me-di-cuenta-que-no-me-sumaba-lo-deje\/#primaryimage"},"image":{"@id":"https:\/\/radioclanfm.com\/clanespectaculos\/el-fuerte-anuncio-de-j-rei-sobre-el-habito-que-abandono-cuando-me-di-cuenta-que-no-me-sumaba-lo-deje\/#primaryimage"},"thumbnailUrl":"https:\/\/radioclanfm.com\/clanespectaculos\/wp-content\/uploads\/sites\/2\/2026\/02\/mSCVmPYB.jpg","datePublished":"2026-02-25T00:51:48+00:00","breadcrumb":{"@id":"https:\/\/radioclanfm.com\/clanespectaculos\/el-fuerte-anuncio-de-j-rei-sobre-el-habito-que-abandono-cuando-me-di-cuenta-que-no-me-sumaba-lo-deje\/#breadcrumb"},"inLanguage":"es-AR","potentialAction":[{"@type":"ReadAction","target":["https:\/\/radioclanfm.com\/clanespectaculos\/el-fuerte-anuncio-de-j-rei-sobre-el-habito-que-abandono-cuando-me-di-cuenta-que-no-me-sumaba-lo-deje\/"]}]},{"@type":"ImageObject","inLanguage":"es-AR","@id":"https:\/\/radioclanfm.com\/clanespectaculos\/el-fuerte-anuncio-de-j-rei-sobre-el-habito-que-abandono-cuando-me-di-cuenta-que-no-me-sumaba-lo-deje\/#primaryimage","url":"https:\/\/radioclanfm.com\/clanespectaculos\/wp-content\/uploads\/sites\/2\/2026\/02\/mSCVmPYB.jpg","contentUrl":"https:\/\/radioclanfm.com\/clanespectaculos\/wp-content\/uploads\/sites\/2\/2026\/02\/mSCVmPYB.jpg","width":900,"height":450},{"@type":"BreadcrumbList","@id":"https:\/\/radioclanfm.com\/clanespectaculos\/el-fuerte-anuncio-de-j-rei-sobre-el-habito-que-abandono-cuando-me-di-cuenta-que-no-me-sumaba-lo-deje\/#breadcrumb","itemListElement":[{"@type":"ListItem","position":1,"name":"Inicio","item":"https:\/\/radioclanfm.com\/clanespectaculos\/"},{"@type":"ListItem","position":2,"name":"El fuerte anuncio de J Rei sobre el h\u00e1bito que abandon\u00f3: \u201cCuando me di cuenta que no me sumaba, lo dej\u00e9\u201d"}]},{"@type":"WebSite","@id":"https:\/\/radioclanfm.com\/clanespectaculos\/#website","url":"https:\/\/radioclanfm.com\/clanespectaculos\/","name":"CLAN ESPECTACULOS","description":"","publisher":{"@id":"https:\/\/radioclanfm.com\/clanespectaculos\/#organization"},"potentialAction":[{"@type":"SearchAction","target":{"@type":"EntryPoint","urlTemplate":"https:\/\/radioclanfm.com\/clanespectaculos\/?s={search_term_string}"},"query-input":{"@type":"PropertyValueSpecification","valueRequired":true,"valueName":"search_term_string"}}],"inLanguage":"es-AR"},{"@type":"Organization","@id":"https:\/\/radioclanfm.com\/clanespectaculos\/#organization","name":"CLAN ESPECTACULOS","url":"https:\/\/radioclanfm.com\/clanespectaculos\/","logo":{"@type":"ImageObject","inLanguage":"es-AR","@id":"https:\/\/radioclanfm.com\/clanespectaculos\/#\/schema\/logo\/image\/","url":"https:\/\/radioclanfm.com\/clanespectaculos\/wp-content\/uploads\/sites\/2\/2026\/04\/ChatGPT-Image-23-mar-2026-10_09_00.png","contentUrl":"https:\/\/radioclanfm.com\/clanespectaculos\/wp-content\/uploads\/sites\/2\/2026\/04\/ChatGPT-Image-23-mar-2026-10_09_00.png","width":1024,"height":1024,"caption":"CLAN ESPECTACULOS"},"image":{"@id":"https:\/\/radioclanfm.com\/clanespectaculos\/#\/schema\/logo\/image\/"},"sameAs":["https:\/\/www.facebook.com\/clanespectaculos\/","https:\/\/x.com\/clanespectok"]},{"@type":"Person","@id":"https:\/\/radioclanfm.com\/clanespectaculos\/#\/schema\/person\/9734813083303230f3ad84d99171b20c","name":"E-GRUPOCLAN","image":{"@type":"ImageObject","inLanguage":"es-AR","@id":"https:\/\/secure.gravatar.com\/avatar\/af6e19837c3d6a212034a48c7b3818d2ac1826f6025df0155da5a186ad321d79?s=96&d=mm&r=g","url":"https:\/\/secure.gravatar.com\/avatar\/af6e19837c3d6a212034a48c7b3818d2ac1826f6025df0155da5a186ad321d79?s=96&d=mm&r=g","contentUrl":"https:\/\/secure.gravatar.com\/avatar\/af6e19837c3d6a212034a48c7b3818d2ac1826f6025df0155da5a186ad321d79?s=96&d=mm&r=g","caption":"E-GRUPOCLAN"},"sameAs":["https:\/\/radioclanfm.com"],"url":"https:\/\/radioclanfm.com\/clanespectaculos\/author\/admin\/"}]}},"_links":{"self":[{"href":"https:\/\/radioclanfm.com\/clanespectaculos\/wp-json\/wp\/v2\/posts\/12805","targetHints":{"allow":["GET"]}}],"collection":[{"href":"https:\/\/radioclanfm.com\/clanespectaculos\/wp-json\/wp\/v2\/posts"}],"about":[{"href":"https:\/\/radioclanfm.com\/clanespectaculos\/wp-json\/wp\/v2\/types\/post"}],"author":[{"embeddable":true,"href":"https:\/\/radioclanfm.com\/clanespectaculos\/wp-json\/wp\/v2\/users\/1"}],"replies":[{"embeddable":true,"href":"https:\/\/radioclanfm.com\/clanespectaculos\/wp-json\/wp\/v2\/comments?post=12805"}],"version-history":[{"count":1,"href":"https:\/\/radioclanfm.com\/clanespectaculos\/wp-json\/wp\/v2\/posts\/12805\/revisions"}],"predecessor-version":[{"id":12809,"href":"https:\/\/radioclanfm.com\/clanespectaculos\/wp-json\/wp\/v2\/posts\/12805\/revisions\/12809"}],"wp:featuredmedia":[{"embeddable":true,"href":"https:\/\/radioclanfm.com\/clanespectaculos\/wp-json\/wp\/v2\/media\/12808"}],"wp:attachment":[{"href":"https:\/\/radioclanfm.com\/clanespectaculos\/wp-json\/wp\/v2\/media?parent=12805"}],"wp:term":[{"taxonomy":"category","embeddable":true,"href":"https:\/\/radioclanfm.com\/clanespectaculos\/wp-json\/wp\/v2\/categories?post=12805"},{"taxonomy":"post_tag","embeddable":true,"href":"https:\/\/radioclanfm.com\/clanespectaculos\/wp-json\/wp\/v2\/tags?post=12805"}],"curies":[{"name":"wp","href":"https:\/\/api.w.org\/{rel}","templated":true}]}}