{"id":12800,"date":"2026-02-24T21:49:56","date_gmt":"2026-02-25T00:49:56","guid":{"rendered":"https:\/\/radioclanfm.com\/clanespectaculos\/?p=12800"},"modified":"2026-02-24T21:49:56","modified_gmt":"2026-02-25T00:49:56","slug":"la-emocion-de-ivana-figueiras-por-la-audicion-de-su-hija-suri-en-el-musical-annie-sigan-adelante","status":"publish","type":"post","link":"https:\/\/radioclanfm.com\/clanespectaculos\/la-emocion-de-ivana-figueiras-por-la-audicion-de-su-hija-suri-en-el-musical-annie-sigan-adelante\/","title":{"rendered":"La emoci\u00f3n de Ivana Figueiras por la audici\u00f3n de su hija Suri en el musical Annie: \u201cSigan adelante\u201d"},"content":{"rendered":"<p>La modelo se refiri\u00f3 al proceso de la audici\u00f3n y remarc\u00f3 el orgullo de ver a la peque\u00f1a dar sus primeros pasos en el mundo del teatro<\/p>\n<p class=\"paragraph\" data-mrf-recirculation=\"Links inline\">Pese a que en los \u00faltimos meses su vida estuvo rodeada de pol\u00e9micas por su romance con\u00a0<b>Dar\u00edo Cvitanich<\/b>,\u00a0<b>Ivana Figueiras\u00a0<\/b><b>eligi\u00f3 refugiarse en su costado m\u00e1s \u00edntimo y familiar<\/b>. En redes sociales, la modelo y empresaria volc\u00f3 su atenci\u00f3n en su hija menor, Suri, compartiendo con sus seguidores cada peque\u00f1o gran paso de la ni\u00f1a. El\u00a0<b>\u00faltimo de esos hitos fue la audici\u00f3n de Suri para el musical<\/b>\u00a0<i><b>Annie<\/b><\/i>, una de las propuestas teatrales m\u00e1s esperadas de la temporada. A pesar de que no qued\u00f3 seleccionada para el papel protag\u00f3nico, Ivana\u00a0<b>expres\u00f3 abiertamente su alegr\u00eda y orgullo por la valent\u00eda de su hija<\/b>, destacando el coraje de animarse a so\u00f1ar.<\/p>\n<div class=\"news-module\" data-mrf-recirculation=\"IL_GBLs3HYWRq2RgU4Qz8MM1Q\" data-testid=\"text-html\" data-mrf-experience=\"IL_GBLs3HYWRq2RgU4Qz8MM1Q\">\n<div class=\"recommended-card__image-container\"><\/div>\n<\/div>\n<p class=\"paragraph\" data-mrf-recirculation=\"Links inline\">A trav\u00e9s de sus historias de Instagram,\u00a0<b>Ivana relat\u00f3 el paso a paso de la experiencia<\/b>. En una de las im\u00e1genes, la peque\u00f1a aparece sonriente en la puerta del teatro Apolo, sobre la emblem\u00e1tica avenida Corrientes, poco despu\u00e9s de salir del casting. \u201c<b>Cuando salimos de la audici\u00f3n<\/b>\u201d, escribi\u00f3 Ivana, sumando un emoji tierno como una manera de registrar el orgullo y la emoci\u00f3n de ver a su hija dar los primeros pasos en el mundo art\u00edstico. La expectativa fue grande y, durante varios d\u00edas, madre e hija vivieron con ilusi\u00f3n la posibilidad de que Surita quedara elegida para una producci\u00f3n que convoca a cientos de peque\u00f1as artistas cada a\u00f1o.<\/p>\n<div class=\"visual__image\"><picture><source srcset=\"https:\/\/www.infobae.com\/resizer\/v2\/FKUUEPFHKJEVHMNWL5PKOO4III.jpg?auth=5bc420d9c370e4a4652946a7fd141c2c6050319115d08d563453fff525b072ab&amp;smart=true&amp;width=992&amp;height=1765&amp;quality=85\" media=\"(min-width: 1000px)\" \/><source srcset=\"https:\/\/www.infobae.com\/resizer\/v2\/FKUUEPFHKJEVHMNWL5PKOO4III.jpg?auth=5bc420d9c370e4a4652946a7fd141c2c6050319115d08d563453fff525b072ab&amp;smart=true&amp;width=768&amp;height=1366&amp;quality=85\" media=\"(min-width: 768px)\" \/><source srcset=\"https:\/\/www.infobae.com\/resizer\/v2\/FKUUEPFHKJEVHMNWL5PKOO4III.jpg?auth=5bc420d9c370e4a4652946a7fd141c2c6050319115d08d563453fff525b072ab&amp;smart=true&amp;width=577&amp;height=1027&amp;quality=85\" media=\"(min-width: 580px)\" \/><source srcset=\"https:\/\/www.infobae.com\/resizer\/v2\/FKUUEPFHKJEVHMNWL5PKOO4III.jpg?auth=5bc420d9c370e4a4652946a7fd141c2c6050319115d08d563453fff525b072ab&amp;smart=true&amp;width=420&amp;height=747&amp;quality=85\" media=\"(min-width: 350px)\" \/><source srcset=\"https:\/\/www.infobae.com\/resizer\/v2\/FKUUEPFHKJEVHMNWL5PKOO4III.jpg?auth=5bc420d9c370e4a4652946a7fd141c2c6050319115d08d563453fff525b072ab&amp;smart=true&amp;width=350&amp;height=623&amp;quality=85\" media=\"(min-width: 80px)\" \/><img loading=\"lazy\" decoding=\"async\" class=\"global-image\" src=\"https:\/\/www.infobae.com\/resizer\/v2\/FKUUEPFHKJEVHMNWL5PKOO4III.jpg?auth=5bc420d9c370e4a4652946a7fd141c2c6050319115d08d563453fff525b072ab&amp;smart=true&amp;width=350&amp;height=623&amp;quality=85\" alt=\"La producci\u00f3n de Annie comparti\u00f3\" width=\"1920\" height=\"3416\" \/><\/picture>La producci\u00f3n de Annie comparti\u00f3 una emotiva carta dirigida a las j\u00f3venes artistas no seleccionadas en las audiciones, agradeciendo su esfuerzo y valorando su valent\u00eda por participar<\/div>\n<div class=\"inline ad-wrapper\">\n<div class=\"dfpAd ad-inline\"><\/div>\n<\/div>\n<p class=\"paragraph\" data-mrf-recirculation=\"Links inline\">La noticia final lleg\u00f3 en forma de mensaje de la producci\u00f3n, que Ivana tambi\u00e9n decidi\u00f3 compartir. El texto, dirigido a todas las \u201cmini artistas\u201d que participaron del proceso, agradec\u00eda el esfuerzo y la pasi\u00f3n de las ni\u00f1as y aclaraba, con sensibilidad, que no todas pasar\u00edan a la pr\u00f3xima etapa. \u201c<b>No pasar una instancia de audici\u00f3n no define su talento ni su potencial<\/b>. Al contrario, demuestra su valent\u00eda por intentarlo. Sigan adelante, sigan creciendo y, sobre todo, sigan creyendo en ustedes mismas\u201d, dec\u00eda la carta, firmada por la producci\u00f3n de\u00a0<i>Annie<\/i>. \u201cY<b>\u00a0me pareci\u00f3 tan incre\u00edble que le avisen si no quedaba<\/b>\u201d, escribi\u00f3 en sus historias, celebrando el acompa\u00f1amiento y el respeto a la ilusi\u00f3n de las chicas. En vez de una decepci\u00f3n, el mensaje fue recibido como un aprendizaje valioso y una invitaci\u00f3n a seguir intent\u00e1ndolo.<\/p>\n<div class=\"news-module\" data-mrf-recirculation=\"IL_m3kiGo-8SVS6m0U7OqrZLw\" data-testid=\"text-html\" data-mrf-experience=\"IL_m3kiGo-8SVS6m0U7OqrZLw\">\n<div class=\"recommended-card__image-container\"><\/div>\n<\/div>\n<div class=\"visual__image\"><picture><source srcset=\"https:\/\/www.infobae.com\/resizer\/v2\/LNJHI75ATBAULEF5KJCXBGURMY.jpg?auth=17a27c92f0fa70984702bb9892a59025539b49916060dcbaa9cb794c49b1a333&amp;smart=true&amp;width=992&amp;height=1772&amp;quality=85\" media=\"(min-width: 1000px)\" \/><source srcset=\"https:\/\/www.infobae.com\/resizer\/v2\/LNJHI75ATBAULEF5KJCXBGURMY.jpg?auth=17a27c92f0fa70984702bb9892a59025539b49916060dcbaa9cb794c49b1a333&amp;smart=true&amp;width=768&amp;height=1372&amp;quality=85\" media=\"(min-width: 768px)\" \/><source srcset=\"https:\/\/www.infobae.com\/resizer\/v2\/LNJHI75ATBAULEF5KJCXBGURMY.jpg?auth=17a27c92f0fa70984702bb9892a59025539b49916060dcbaa9cb794c49b1a333&amp;smart=true&amp;width=577&amp;height=1031&amp;quality=85\" media=\"(min-width: 580px)\" \/><source srcset=\"https:\/\/www.infobae.com\/resizer\/v2\/LNJHI75ATBAULEF5KJCXBGURMY.jpg?auth=17a27c92f0fa70984702bb9892a59025539b49916060dcbaa9cb794c49b1a333&amp;smart=true&amp;width=420&amp;height=750&amp;quality=85\" media=\"(min-width: 350px)\" \/><source srcset=\"https:\/\/www.infobae.com\/resizer\/v2\/LNJHI75ATBAULEF5KJCXBGURMY.jpg?auth=17a27c92f0fa70984702bb9892a59025539b49916060dcbaa9cb794c49b1a333&amp;smart=true&amp;width=350&amp;height=625&amp;quality=85\" media=\"(min-width: 80px)\" \/><img loading=\"lazy\" decoding=\"async\" class=\"global-image\" src=\"https:\/\/www.infobae.com\/resizer\/v2\/LNJHI75ATBAULEF5KJCXBGURMY.jpg?auth=17a27c92f0fa70984702bb9892a59025539b49916060dcbaa9cb794c49b1a333&amp;smart=true&amp;width=350&amp;height=625&amp;quality=85\" alt=\"La hija menor de la\" width=\"1920\" height=\"3430\" \/><\/picture>La hija menor de la modelo luego de la audici\u00f3n para el musical (Instagram)<\/div>\n<p class=\"paragraph\" data-mrf-recirculation=\"Links inline\">En otra de las publicaciones, Ivana comparti\u00f3 una imagen alusiva al musical, con la caracter\u00edstica melena colorada y el vestuario t\u00edpico de la protagonista. \u201c<b>Aww no puedo creer que mi Surita casi queda en este musical<\/b>\u201d, coment\u00f3, dejando en claro no solo el orgullo, sino tambi\u00e9n la emoci\u00f3n de haber estado tan cerca de un sue\u00f1o compartido. La experiencia de Surita en la audici\u00f3n no solo fue un momento familiar, sino que tambi\u00e9n reson\u00f3 en redes sociales, donde muchos padres y madres se sintieron identificados con la historia.<\/p>\n<div class=\"inline_2_DSK ad-wrapper ad-desktop\">\n<div class=\"dfpAd ad-inline\"><\/div>\n<\/div>\n<p class=\"paragraph\" data-mrf-recirculation=\"Links inline\">Si bien Ivana suele compartir con orgullo los logros y ocurrencias de sus hijas, lo cierto es que se ha mostrado especialmente<b>\u00a0celosa y cautelosa en cuanto a la exposici\u00f3n p\u00fablica de las ni\u00f1as<\/b>. Esta postura se acentu\u00f3 luego de que, en noviembre pasado,\u00a0<b>\u00c1ngel de Brito<\/b>\u00a0compartiera un video\u00a0donde Ivana, su hija menor y su pareja, Cvitanich, aparec\u00edan paseando por un shopping. El episodio motiv\u00f3 a la modelo a poner l\u00edmites y realizar un fuerte descargo en sus redes sociales para defender la privacidad de su familia. \u201c<b>Me encantar\u00eda que saques a mi hija de tus redes<\/b>. Cualquier persona que me conoce sabe el cuidado a mis hijas m\u00e1s que nadie.\u00a0<b>Son mi l\u00edmite<\/b>. No soy parte de ning\u00fan circo medi\u00e1tico que generen personas que viven de esto. Mis hijas. Mi l\u00edmite. Gracias\u201d, escribi\u00f3 Ivana sobre la imagen, y a\u00f1adi\u00f3 en una segunda historia: \u201cY al menos aprende mi nombre amor.\u00a0<b>Con mis hijas, no. GRACIAS\u201d<\/b>.<\/p>\n<div class=\"news-module\" data-mrf-recirculation=\"IL_wLyG9sjfRQKb8QO3fSLumw\" data-testid=\"text-html\" data-mrf-experience=\"IL_wLyG9sjfRQKb8QO3fSLumw\">\n<div class=\"recommended-card__image-container\"><\/div>\n<\/div>\n","protected":false},"excerpt":{"rendered":"<p>La modelo se refiri\u00f3 al proceso de la audici\u00f3n y remarc\u00f3 el orgullo de ver a la peque\u00f1a dar sus primeros pasos en el mundo del teatro Pese a que en los \u00faltimos meses su vida estuvo rodeada de pol\u00e9micas por su romance con\u00a0Dar\u00edo Cvitanich,\u00a0Ivana Figueiras\u00a0eligi\u00f3 refugiarse en su costado m\u00e1s \u00edntimo y familiar. En [&hellip;]<\/p>\n","protected":false},"author":1,"featured_media":12803,"comment_status":"open","ping_status":"open","sticky":false,"template":"","format":"standard","meta":{"rop_custom_images_group":[],"rop_custom_messages_group":[],"rop_publish_now":"initial","rop_publish_now_accounts":[],"rop_publish_now_history":[],"rop_publish_now_status":"pending","footnotes":"","jetpack_publicize_message":"","jetpack_publicize_feature_enabled":true,"jetpack_social_post_already_shared":true,"jetpack_social_options":{"image_generator_settings":{"template":"highway","enabled":false},"version":2}},"categories":[12],"tags":[],"class_list":{"0":"post-12800","1":"post","2":"type-post","3":"status-publish","4":"format-standard","5":"has-post-thumbnail","7":"category-espectaculos"},"jetpack_publicize_connections":[],"yoast_head":"<!-- This site is optimized with the Yoast SEO plugin v27.3 - https:\/\/yoast.com\/product\/yoast-seo-wordpress\/ -->\n<title>La emoci\u00f3n de Ivana Figueiras por la audici\u00f3n de su hija Suri en el musical Annie: \u201cSigan adelante\u201d - CLAN ESPECTACULOS<\/title>\n<meta name=\"robots\" content=\"index, follow, max-snippet:-1, max-image-preview:large, max-video-preview:-1\" \/>\n<link rel=\"canonical\" href=\"https:\/\/radioclanfm.com\/clanespectaculos\/la-emocion-de-ivana-figueiras-por-la-audicion-de-su-hija-suri-en-el-musical-annie-sigan-adelante\/\" \/>\n<meta property=\"og:locale\" content=\"es_ES\" \/>\n<meta property=\"og:type\" content=\"article\" \/>\n<meta property=\"og:title\" content=\"La emoci\u00f3n de Ivana Figueiras por la audici\u00f3n de su hija Suri en el musical Annie: \u201cSigan adelante\u201d - CLAN ESPECTACULOS\" \/>\n<meta property=\"og:description\" content=\"La modelo se refiri\u00f3 al proceso de la audici\u00f3n y remarc\u00f3 el orgullo de ver a la peque\u00f1a dar sus primeros pasos en el mundo del teatro Pese a que en los \u00faltimos meses su vida estuvo rodeada de pol\u00e9micas por su romance con\u00a0Dar\u00edo Cvitanich,\u00a0Ivana Figueiras\u00a0eligi\u00f3 refugiarse en su costado m\u00e1s \u00edntimo y familiar. En [&hellip;]\" \/>\n<meta property=\"og:url\" content=\"https:\/\/radioclanfm.com\/clanespectaculos\/la-emocion-de-ivana-figueiras-por-la-audicion-de-su-hija-suri-en-el-musical-annie-sigan-adelante\/\" \/>\n<meta property=\"og:site_name\" content=\"CLAN ESPECTACULOS\" \/>\n<meta property=\"article:publisher\" content=\"https:\/\/www.facebook.com\/clanespectaculos\/\" \/>\n<meta property=\"article:published_time\" content=\"2026-02-25T00:49:56+00:00\" \/>\n<meta property=\"og:image\" content=\"https:\/\/radioclanfm.com\/clanespectaculos\/wp-content\/uploads\/sites\/2\/2026\/02\/sWr4aKHk.jpg\" \/>\n\t<meta property=\"og:image:width\" content=\"900\" \/>\n\t<meta property=\"og:image:height\" content=\"450\" \/>\n\t<meta property=\"og:image:type\" content=\"image\/jpeg\" \/>\n<meta name=\"author\" content=\"E-GRUPOCLAN\" \/>\n<meta name=\"twitter:card\" content=\"summary_large_image\" \/>\n<meta name=\"twitter:creator\" content=\"@clanespectok\" \/>\n<meta name=\"twitter:site\" content=\"@clanespectok\" \/>\n<meta name=\"twitter:label1\" content=\"Escrito por\" \/>\n\t<meta name=\"twitter:data1\" content=\"E-GRUPOCLAN\" \/>\n\t<meta name=\"twitter:label2\" content=\"Tiempo de lectura\" \/>\n\t<meta name=\"twitter:data2\" content=\"4 minutos\" \/>\n<script type=\"application\/ld+json\" class=\"yoast-schema-graph\">{\"@context\":\"https:\\\/\\\/schema.org\",\"@graph\":[{\"@type\":\"Article\",\"@id\":\"https:\\\/\\\/radioclanfm.com\\\/clanespectaculos\\\/la-emocion-de-ivana-figueiras-por-la-audicion-de-su-hija-suri-en-el-musical-annie-sigan-adelante\\\/#article\",\"isPartOf\":{\"@id\":\"https:\\\/\\\/radioclanfm.com\\\/clanespectaculos\\\/la-emocion-de-ivana-figueiras-por-la-audicion-de-su-hija-suri-en-el-musical-annie-sigan-adelante\\\/\"},\"author\":{\"name\":\"E-GRUPOCLAN\",\"@id\":\"https:\\\/\\\/radioclanfm.com\\\/clanespectaculos\\\/#\\\/schema\\\/person\\\/9734813083303230f3ad84d99171b20c\"},\"headline\":\"La emoci\u00f3n de Ivana Figueiras por la audici\u00f3n de su hija Suri en el musical Annie: \u201cSigan adelante\u201d\",\"datePublished\":\"2026-02-25T00:49:56+00:00\",\"mainEntityOfPage\":{\"@id\":\"https:\\\/\\\/radioclanfm.com\\\/clanespectaculos\\\/la-emocion-de-ivana-figueiras-por-la-audicion-de-su-hija-suri-en-el-musical-annie-sigan-adelante\\\/\"},\"wordCount\":757,\"commentCount\":0,\"publisher\":{\"@id\":\"https:\\\/\\\/radioclanfm.com\\\/clanespectaculos\\\/#organization\"},\"image\":{\"@id\":\"https:\\\/\\\/radioclanfm.com\\\/clanespectaculos\\\/la-emocion-de-ivana-figueiras-por-la-audicion-de-su-hija-suri-en-el-musical-annie-sigan-adelante\\\/#primaryimage\"},\"thumbnailUrl\":\"https:\\\/\\\/radioclanfm.com\\\/clanespectaculos\\\/wp-content\\\/uploads\\\/sites\\\/2\\\/2026\\\/02\\\/sWr4aKHk.jpg\",\"articleSection\":[\"Espectaculos\"],\"inLanguage\":\"es-AR\",\"potentialAction\":[{\"@type\":\"CommentAction\",\"name\":\"Comment\",\"target\":[\"https:\\\/\\\/radioclanfm.com\\\/clanespectaculos\\\/la-emocion-de-ivana-figueiras-por-la-audicion-de-su-hija-suri-en-el-musical-annie-sigan-adelante\\\/#respond\"]}]},{\"@type\":\"WebPage\",\"@id\":\"https:\\\/\\\/radioclanfm.com\\\/clanespectaculos\\\/la-emocion-de-ivana-figueiras-por-la-audicion-de-su-hija-suri-en-el-musical-annie-sigan-adelante\\\/\",\"url\":\"https:\\\/\\\/radioclanfm.com\\\/clanespectaculos\\\/la-emocion-de-ivana-figueiras-por-la-audicion-de-su-hija-suri-en-el-musical-annie-sigan-adelante\\\/\",\"name\":\"La emoci\u00f3n de Ivana Figueiras por la audici\u00f3n de su hija Suri en el musical Annie: \u201cSigan adelante\u201d - CLAN ESPECTACULOS\",\"isPartOf\":{\"@id\":\"https:\\\/\\\/radioclanfm.com\\\/clanespectaculos\\\/#website\"},\"primaryImageOfPage\":{\"@id\":\"https:\\\/\\\/radioclanfm.com\\\/clanespectaculos\\\/la-emocion-de-ivana-figueiras-por-la-audicion-de-su-hija-suri-en-el-musical-annie-sigan-adelante\\\/#primaryimage\"},\"image\":{\"@id\":\"https:\\\/\\\/radioclanfm.com\\\/clanespectaculos\\\/la-emocion-de-ivana-figueiras-por-la-audicion-de-su-hija-suri-en-el-musical-annie-sigan-adelante\\\/#primaryimage\"},\"thumbnailUrl\":\"https:\\\/\\\/radioclanfm.com\\\/clanespectaculos\\\/wp-content\\\/uploads\\\/sites\\\/2\\\/2026\\\/02\\\/sWr4aKHk.jpg\",\"datePublished\":\"2026-02-25T00:49:56+00:00\",\"breadcrumb\":{\"@id\":\"https:\\\/\\\/radioclanfm.com\\\/clanespectaculos\\\/la-emocion-de-ivana-figueiras-por-la-audicion-de-su-hija-suri-en-el-musical-annie-sigan-adelante\\\/#breadcrumb\"},\"inLanguage\":\"es-AR\",\"potentialAction\":[{\"@type\":\"ReadAction\",\"target\":[\"https:\\\/\\\/radioclanfm.com\\\/clanespectaculos\\\/la-emocion-de-ivana-figueiras-por-la-audicion-de-su-hija-suri-en-el-musical-annie-sigan-adelante\\\/\"]}]},{\"@type\":\"ImageObject\",\"inLanguage\":\"es-AR\",\"@id\":\"https:\\\/\\\/radioclanfm.com\\\/clanespectaculos\\\/la-emocion-de-ivana-figueiras-por-la-audicion-de-su-hija-suri-en-el-musical-annie-sigan-adelante\\\/#primaryimage\",\"url\":\"https:\\\/\\\/radioclanfm.com\\\/clanespectaculos\\\/wp-content\\\/uploads\\\/sites\\\/2\\\/2026\\\/02\\\/sWr4aKHk.jpg\",\"contentUrl\":\"https:\\\/\\\/radioclanfm.com\\\/clanespectaculos\\\/wp-content\\\/uploads\\\/sites\\\/2\\\/2026\\\/02\\\/sWr4aKHk.jpg\",\"width\":900,\"height\":450},{\"@type\":\"BreadcrumbList\",\"@id\":\"https:\\\/\\\/radioclanfm.com\\\/clanespectaculos\\\/la-emocion-de-ivana-figueiras-por-la-audicion-de-su-hija-suri-en-el-musical-annie-sigan-adelante\\\/#breadcrumb\",\"itemListElement\":[{\"@type\":\"ListItem\",\"position\":1,\"name\":\"Inicio\",\"item\":\"https:\\\/\\\/radioclanfm.com\\\/clanespectaculos\\\/\"},{\"@type\":\"ListItem\",\"position\":2,\"name\":\"La emoci\u00f3n de Ivana Figueiras por la audici\u00f3n de su hija Suri en el musical Annie: \u201cSigan adelante\u201d\"}]},{\"@type\":\"WebSite\",\"@id\":\"https:\\\/\\\/radioclanfm.com\\\/clanespectaculos\\\/#website\",\"url\":\"https:\\\/\\\/radioclanfm.com\\\/clanespectaculos\\\/\",\"name\":\"CLAN ESPECTACULOS\",\"description\":\"\",\"publisher\":{\"@id\":\"https:\\\/\\\/radioclanfm.com\\\/clanespectaculos\\\/#organization\"},\"potentialAction\":[{\"@type\":\"SearchAction\",\"target\":{\"@type\":\"EntryPoint\",\"urlTemplate\":\"https:\\\/\\\/radioclanfm.com\\\/clanespectaculos\\\/?s={search_term_string}\"},\"query-input\":{\"@type\":\"PropertyValueSpecification\",\"valueRequired\":true,\"valueName\":\"search_term_string\"}}],\"inLanguage\":\"es-AR\"},{\"@type\":\"Organization\",\"@id\":\"https:\\\/\\\/radioclanfm.com\\\/clanespectaculos\\\/#organization\",\"name\":\"CLAN ESPECTACULOS\",\"url\":\"https:\\\/\\\/radioclanfm.com\\\/clanespectaculos\\\/\",\"logo\":{\"@type\":\"ImageObject\",\"inLanguage\":\"es-AR\",\"@id\":\"https:\\\/\\\/radioclanfm.com\\\/clanespectaculos\\\/#\\\/schema\\\/logo\\\/image\\\/\",\"url\":\"https:\\\/\\\/radioclanfm.com\\\/clanespectaculos\\\/wp-content\\\/uploads\\\/sites\\\/2\\\/2026\\\/04\\\/ChatGPT-Image-23-mar-2026-10_09_00.png\",\"contentUrl\":\"https:\\\/\\\/radioclanfm.com\\\/clanespectaculos\\\/wp-content\\\/uploads\\\/sites\\\/2\\\/2026\\\/04\\\/ChatGPT-Image-23-mar-2026-10_09_00.png\",\"width\":1024,\"height\":1024,\"caption\":\"CLAN ESPECTACULOS\"},\"image\":{\"@id\":\"https:\\\/\\\/radioclanfm.com\\\/clanespectaculos\\\/#\\\/schema\\\/logo\\\/image\\\/\"},\"sameAs\":[\"https:\\\/\\\/www.facebook.com\\\/clanespectaculos\\\/\",\"https:\\\/\\\/x.com\\\/clanespectok\"]},{\"@type\":\"Person\",\"@id\":\"https:\\\/\\\/radioclanfm.com\\\/clanespectaculos\\\/#\\\/schema\\\/person\\\/9734813083303230f3ad84d99171b20c\",\"name\":\"E-GRUPOCLAN\",\"image\":{\"@type\":\"ImageObject\",\"inLanguage\":\"es-AR\",\"@id\":\"https:\\\/\\\/secure.gravatar.com\\\/avatar\\\/af6e19837c3d6a212034a48c7b3818d2ac1826f6025df0155da5a186ad321d79?s=96&d=mm&r=g\",\"url\":\"https:\\\/\\\/secure.gravatar.com\\\/avatar\\\/af6e19837c3d6a212034a48c7b3818d2ac1826f6025df0155da5a186ad321d79?s=96&d=mm&r=g\",\"contentUrl\":\"https:\\\/\\\/secure.gravatar.com\\\/avatar\\\/af6e19837c3d6a212034a48c7b3818d2ac1826f6025df0155da5a186ad321d79?s=96&d=mm&r=g\",\"caption\":\"E-GRUPOCLAN\"},\"sameAs\":[\"https:\\\/\\\/radioclanfm.com\"],\"url\":\"https:\\\/\\\/radioclanfm.com\\\/clanespectaculos\\\/author\\\/admin\\\/\"}]}<\/script>\n<!-- \/ Yoast SEO plugin. -->","yoast_head_json":{"title":"La emoci\u00f3n de Ivana Figueiras por la audici\u00f3n de su hija Suri en el musical Annie: \u201cSigan adelante\u201d - CLAN ESPECTACULOS","robots":{"index":"index","follow":"follow","max-snippet":"max-snippet:-1","max-image-preview":"max-image-preview:large","max-video-preview":"max-video-preview:-1"},"canonical":"https:\/\/radioclanfm.com\/clanespectaculos\/la-emocion-de-ivana-figueiras-por-la-audicion-de-su-hija-suri-en-el-musical-annie-sigan-adelante\/","og_locale":"es_ES","og_type":"article","og_title":"La emoci\u00f3n de Ivana Figueiras por la audici\u00f3n de su hija Suri en el musical Annie: \u201cSigan adelante\u201d - CLAN ESPECTACULOS","og_description":"La modelo se refiri\u00f3 al proceso de la audici\u00f3n y remarc\u00f3 el orgullo de ver a la peque\u00f1a dar sus primeros pasos en el mundo del teatro Pese a que en los \u00faltimos meses su vida estuvo rodeada de pol\u00e9micas por su romance con\u00a0Dar\u00edo Cvitanich,\u00a0Ivana Figueiras\u00a0eligi\u00f3 refugiarse en su costado m\u00e1s \u00edntimo y familiar. En [&hellip;]","og_url":"https:\/\/radioclanfm.com\/clanespectaculos\/la-emocion-de-ivana-figueiras-por-la-audicion-de-su-hija-suri-en-el-musical-annie-sigan-adelante\/","og_site_name":"CLAN ESPECTACULOS","article_publisher":"https:\/\/www.facebook.com\/clanespectaculos\/","article_published_time":"2026-02-25T00:49:56+00:00","og_image":[{"width":900,"height":450,"url":"https:\/\/radioclanfm.com\/clanespectaculos\/wp-content\/uploads\/sites\/2\/2026\/02\/sWr4aKHk.jpg","type":"image\/jpeg"}],"author":"E-GRUPOCLAN","twitter_card":"summary_large_image","twitter_creator":"@clanespectok","twitter_site":"@clanespectok","twitter_misc":{"Escrito por":"E-GRUPOCLAN","Tiempo de lectura":"4 minutos"},"schema":{"@context":"https:\/\/schema.org","@graph":[{"@type":"Article","@id":"https:\/\/radioclanfm.com\/clanespectaculos\/la-emocion-de-ivana-figueiras-por-la-audicion-de-su-hija-suri-en-el-musical-annie-sigan-adelante\/#article","isPartOf":{"@id":"https:\/\/radioclanfm.com\/clanespectaculos\/la-emocion-de-ivana-figueiras-por-la-audicion-de-su-hija-suri-en-el-musical-annie-sigan-adelante\/"},"author":{"name":"E-GRUPOCLAN","@id":"https:\/\/radioclanfm.com\/clanespectaculos\/#\/schema\/person\/9734813083303230f3ad84d99171b20c"},"headline":"La emoci\u00f3n de Ivana Figueiras por la audici\u00f3n de su hija Suri en el musical Annie: \u201cSigan adelante\u201d","datePublished":"2026-02-25T00:49:56+00:00","mainEntityOfPage":{"@id":"https:\/\/radioclanfm.com\/clanespectaculos\/la-emocion-de-ivana-figueiras-por-la-audicion-de-su-hija-suri-en-el-musical-annie-sigan-adelante\/"},"wordCount":757,"commentCount":0,"publisher":{"@id":"https:\/\/radioclanfm.com\/clanespectaculos\/#organization"},"image":{"@id":"https:\/\/radioclanfm.com\/clanespectaculos\/la-emocion-de-ivana-figueiras-por-la-audicion-de-su-hija-suri-en-el-musical-annie-sigan-adelante\/#primaryimage"},"thumbnailUrl":"https:\/\/radioclanfm.com\/clanespectaculos\/wp-content\/uploads\/sites\/2\/2026\/02\/sWr4aKHk.jpg","articleSection":["Espectaculos"],"inLanguage":"es-AR","potentialAction":[{"@type":"CommentAction","name":"Comment","target":["https:\/\/radioclanfm.com\/clanespectaculos\/la-emocion-de-ivana-figueiras-por-la-audicion-de-su-hija-suri-en-el-musical-annie-sigan-adelante\/#respond"]}]},{"@type":"WebPage","@id":"https:\/\/radioclanfm.com\/clanespectaculos\/la-emocion-de-ivana-figueiras-por-la-audicion-de-su-hija-suri-en-el-musical-annie-sigan-adelante\/","url":"https:\/\/radioclanfm.com\/clanespectaculos\/la-emocion-de-ivana-figueiras-por-la-audicion-de-su-hija-suri-en-el-musical-annie-sigan-adelante\/","name":"La emoci\u00f3n de Ivana Figueiras por la audici\u00f3n de su hija Suri en el musical Annie: \u201cSigan adelante\u201d - CLAN ESPECTACULOS","isPartOf":{"@id":"https:\/\/radioclanfm.com\/clanespectaculos\/#website"},"primaryImageOfPage":{"@id":"https:\/\/radioclanfm.com\/clanespectaculos\/la-emocion-de-ivana-figueiras-por-la-audicion-de-su-hija-suri-en-el-musical-annie-sigan-adelante\/#primaryimage"},"image":{"@id":"https:\/\/radioclanfm.com\/clanespectaculos\/la-emocion-de-ivana-figueiras-por-la-audicion-de-su-hija-suri-en-el-musical-annie-sigan-adelante\/#primaryimage"},"thumbnailUrl":"https:\/\/radioclanfm.com\/clanespectaculos\/wp-content\/uploads\/sites\/2\/2026\/02\/sWr4aKHk.jpg","datePublished":"2026-02-25T00:49:56+00:00","breadcrumb":{"@id":"https:\/\/radioclanfm.com\/clanespectaculos\/la-emocion-de-ivana-figueiras-por-la-audicion-de-su-hija-suri-en-el-musical-annie-sigan-adelante\/#breadcrumb"},"inLanguage":"es-AR","potentialAction":[{"@type":"ReadAction","target":["https:\/\/radioclanfm.com\/clanespectaculos\/la-emocion-de-ivana-figueiras-por-la-audicion-de-su-hija-suri-en-el-musical-annie-sigan-adelante\/"]}]},{"@type":"ImageObject","inLanguage":"es-AR","@id":"https:\/\/radioclanfm.com\/clanespectaculos\/la-emocion-de-ivana-figueiras-por-la-audicion-de-su-hija-suri-en-el-musical-annie-sigan-adelante\/#primaryimage","url":"https:\/\/radioclanfm.com\/clanespectaculos\/wp-content\/uploads\/sites\/2\/2026\/02\/sWr4aKHk.jpg","contentUrl":"https:\/\/radioclanfm.com\/clanespectaculos\/wp-content\/uploads\/sites\/2\/2026\/02\/sWr4aKHk.jpg","width":900,"height":450},{"@type":"BreadcrumbList","@id":"https:\/\/radioclanfm.com\/clanespectaculos\/la-emocion-de-ivana-figueiras-por-la-audicion-de-su-hija-suri-en-el-musical-annie-sigan-adelante\/#breadcrumb","itemListElement":[{"@type":"ListItem","position":1,"name":"Inicio","item":"https:\/\/radioclanfm.com\/clanespectaculos\/"},{"@type":"ListItem","position":2,"name":"La emoci\u00f3n de Ivana Figueiras por la audici\u00f3n de su hija Suri en el musical Annie: \u201cSigan adelante\u201d"}]},{"@type":"WebSite","@id":"https:\/\/radioclanfm.com\/clanespectaculos\/#website","url":"https:\/\/radioclanfm.com\/clanespectaculos\/","name":"CLAN ESPECTACULOS","description":"","publisher":{"@id":"https:\/\/radioclanfm.com\/clanespectaculos\/#organization"},"potentialAction":[{"@type":"SearchAction","target":{"@type":"EntryPoint","urlTemplate":"https:\/\/radioclanfm.com\/clanespectaculos\/?s={search_term_string}"},"query-input":{"@type":"PropertyValueSpecification","valueRequired":true,"valueName":"search_term_string"}}],"inLanguage":"es-AR"},{"@type":"Organization","@id":"https:\/\/radioclanfm.com\/clanespectaculos\/#organization","name":"CLAN ESPECTACULOS","url":"https:\/\/radioclanfm.com\/clanespectaculos\/","logo":{"@type":"ImageObject","inLanguage":"es-AR","@id":"https:\/\/radioclanfm.com\/clanespectaculos\/#\/schema\/logo\/image\/","url":"https:\/\/radioclanfm.com\/clanespectaculos\/wp-content\/uploads\/sites\/2\/2026\/04\/ChatGPT-Image-23-mar-2026-10_09_00.png","contentUrl":"https:\/\/radioclanfm.com\/clanespectaculos\/wp-content\/uploads\/sites\/2\/2026\/04\/ChatGPT-Image-23-mar-2026-10_09_00.png","width":1024,"height":1024,"caption":"CLAN ESPECTACULOS"},"image":{"@id":"https:\/\/radioclanfm.com\/clanespectaculos\/#\/schema\/logo\/image\/"},"sameAs":["https:\/\/www.facebook.com\/clanespectaculos\/","https:\/\/x.com\/clanespectok"]},{"@type":"Person","@id":"https:\/\/radioclanfm.com\/clanespectaculos\/#\/schema\/person\/9734813083303230f3ad84d99171b20c","name":"E-GRUPOCLAN","image":{"@type":"ImageObject","inLanguage":"es-AR","@id":"https:\/\/secure.gravatar.com\/avatar\/af6e19837c3d6a212034a48c7b3818d2ac1826f6025df0155da5a186ad321d79?s=96&d=mm&r=g","url":"https:\/\/secure.gravatar.com\/avatar\/af6e19837c3d6a212034a48c7b3818d2ac1826f6025df0155da5a186ad321d79?s=96&d=mm&r=g","contentUrl":"https:\/\/secure.gravatar.com\/avatar\/af6e19837c3d6a212034a48c7b3818d2ac1826f6025df0155da5a186ad321d79?s=96&d=mm&r=g","caption":"E-GRUPOCLAN"},"sameAs":["https:\/\/radioclanfm.com"],"url":"https:\/\/radioclanfm.com\/clanespectaculos\/author\/admin\/"}]}},"_links":{"self":[{"href":"https:\/\/radioclanfm.com\/clanespectaculos\/wp-json\/wp\/v2\/posts\/12800","targetHints":{"allow":["GET"]}}],"collection":[{"href":"https:\/\/radioclanfm.com\/clanespectaculos\/wp-json\/wp\/v2\/posts"}],"about":[{"href":"https:\/\/radioclanfm.com\/clanespectaculos\/wp-json\/wp\/v2\/types\/post"}],"author":[{"embeddable":true,"href":"https:\/\/radioclanfm.com\/clanespectaculos\/wp-json\/wp\/v2\/users\/1"}],"replies":[{"embeddable":true,"href":"https:\/\/radioclanfm.com\/clanespectaculos\/wp-json\/wp\/v2\/comments?post=12800"}],"version-history":[{"count":1,"href":"https:\/\/radioclanfm.com\/clanespectaculos\/wp-json\/wp\/v2\/posts\/12800\/revisions"}],"predecessor-version":[{"id":12804,"href":"https:\/\/radioclanfm.com\/clanespectaculos\/wp-json\/wp\/v2\/posts\/12800\/revisions\/12804"}],"wp:featuredmedia":[{"embeddable":true,"href":"https:\/\/radioclanfm.com\/clanespectaculos\/wp-json\/wp\/v2\/media\/12803"}],"wp:attachment":[{"href":"https:\/\/radioclanfm.com\/clanespectaculos\/wp-json\/wp\/v2\/media?parent=12800"}],"wp:term":[{"taxonomy":"category","embeddable":true,"href":"https:\/\/radioclanfm.com\/clanespectaculos\/wp-json\/wp\/v2\/categories?post=12800"},{"taxonomy":"post_tag","embeddable":true,"href":"https:\/\/radioclanfm.com\/clanespectaculos\/wp-json\/wp\/v2\/tags?post=12800"}],"curies":[{"name":"wp","href":"https:\/\/api.w.org\/{rel}","templated":true}]}}