{"id":12785,"date":"2026-02-24T21:45:20","date_gmt":"2026-02-25T00:45:20","guid":{"rendered":"https:\/\/radioclanfm.com\/clanespectaculos\/?p=12785"},"modified":"2026-02-24T21:45:20","modified_gmt":"2026-02-25T00:45:20","slug":"valentina-cervantes-compartio-la-reaccion-de-benjamin-tras-un-berrinche-y-enternecio-a-sus-seguidores","status":"publish","type":"post","link":"https:\/\/radioclanfm.com\/clanespectaculos\/valentina-cervantes-compartio-la-reaccion-de-benjamin-tras-un-berrinche-y-enternecio-a-sus-seguidores\/","title":{"rendered":"Valentina Cervantes comparti\u00f3 la reacci\u00f3n de Benjam\u00edn tras un berrinche y enterneci\u00f3 a sus seguidores"},"content":{"rendered":"<p>El hijo menor de la influencer y Enzo Fern\u00e1ndez causa sensaci\u00f3n con cada aparici\u00f3n en las redes sociales de su mam\u00e1 y esta ocasi\u00f3n no fue distinta<\/p>\n<p class=\"paragraph\" data-mrf-recirculation=\"Links inline\"><b>Valentina Cervantes<\/b>, pareja de\u00a0<b>Enzo Fern\u00e1ndez<\/b>, suele compartir con sus seguidores algunos momentos de la vida cotidiana junto a sus hijos,\u00a0<b>Olivia\u00a0<\/b>y\u00a0<b>Benjam\u00edn<\/b>. El lunes por la tarde, logr\u00f3 enternecer a todos al publicar un tierno video protagonizado por Benjam\u00edn, el hijo menor, quien atraves\u00f3 un peque\u00f1o berrinche que r\u00e1pidamente se transform\u00f3 en risas gracias a la complicidad con su mam\u00e1.<\/p>\n<div class=\"news-module\" data-mrf-recirculation=\"IL_GBLs3HYWRq2RgU4Qz8MM1Q\" data-testid=\"text-html\" data-mrf-experience=\"IL_GBLs3HYWRq2RgU4Qz8MM1Q\">\n<div class=\"recommended-card__image-container\"><\/div>\n<\/div>\n<p class=\"paragraph\" data-mrf-recirculation=\"Links inline\">En la secuencia de im\u00e1genes, Benjam\u00edn aparece sentado en el piso, visiblemente molesto y con gesto de enojo. Valentina le pregunta con suavidad: \u201c\u00bfQu\u00e9 te pasa?\u201d, a lo que \u00e9l responde: \u201cNada\u201d, mientras cruza los brazos y mira hacia el costado. La mam\u00e1 insiste: \u201c\u00bfEst\u00e1s enojado?\u201d, y Benjam\u00edn admite: \u201cS\u00ed\u201d. Cuando ella indaga el motivo, \u00e9l responde: \u201cOli\u201d, haciendo referencia a su hermana mayor. Valentina le propone: \u201cAhora viene. \u00bfLa voy a buscar?\u201d, pero el ni\u00f1o, todav\u00eda serio, dice: \u201cNo\u201d.<\/p>\n<div class=\"inline ad-wrapper\">\n<div class=\"dfpAd ad-inline\"><\/div>\n<\/div>\n<p class=\"paragraph\" data-mrf-recirculation=\"Links inline\">Para distender la situaci\u00f3n, la exparticipante de\u00a0<i>MasterChef Celebrity (Telefe)\u00a0<\/i>recuri\u00f3 al humor y le dice: \u201cTe agarro, \u00a1te agarro el culo! \u00a1Te agarro el culete!\u201d, logrando finalmente que Benjam\u00edn estalle en carcajadas. La \u00faltima foto del video muestra al peque\u00f1o con una sonrisa amplia, dejando atr\u00e1s el berrinche y disfrutando del momento junto a su mam\u00e1.<\/p>\n<div class=\"news-module\" data-mrf-recirculation=\"IL_m3kiGo-8SVS6m0U7OqrZLw\" data-testid=\"text-html\" data-mrf-experience=\"IL_m3kiGo-8SVS6m0U7OqrZLw\">\n<div class=\"recommended-card__image-container\"><\/div>\n<\/div>\n<p class=\"paragraph\" data-mrf-recirculation=\"Links inline\">La secuencia, que r\u00e1pidamente sum\u00f3 cientos de reacciones y comentarios, evidencia c\u00f3mo Valentina logra transformar un instante de mal humor en un momento de juego y conexi\u00f3n genuina. A trav\u00e9s del humor y la ternura, comparte con sus seguidores la espontaneidad y la calidez de la vida familiar, humanizando la crianza y mostrando el lado m\u00e1s real y cercano de su d\u00eda a d\u00eda junto a Enzo Fern\u00e1ndez y sus hijos.<\/p>\n<div class=\"inline_2_DSK ad-wrapper ad-desktop\">\n<div class=\"dfpAd ad-inline\"><\/div>\n<\/div>\n<p class=\"paragraph\" data-mrf-recirculation=\"Links inline\">\u201cSe pudri\u00f3. Hicieron enojar a Benja\u201d; \u201cCon Benjam\u00edn Fern\u00e1ndez no\u201d; \u201cSi hacen enojar a Benja se pica mal\u201d; \u201cEs lo m\u00e1s morfable\u201d; \u201cDespu\u00e9s de Messi es mi argentino favorito. Quien se atrave a enojarlo se pone un pa\u00eds en contra\u201d; fueron algunos de los comentarios que circularon en las redes sociales.<\/p>\n<div class=\"news-module\" data-mrf-recirculation=\"IL_wLyG9sjfRQKb8QO3fSLumw\" data-testid=\"text-html\" data-mrf-experience=\"IL_wLyG9sjfRQKb8QO3fSLumw\">\n<div class=\"recommended-card__image-container\"><\/div>\n<\/div>\n<div class=\"visual__image\"><picture><source srcset=\"https:\/\/www.infobae.com\/resizer\/v2\/MGBRBWVYERBIJANPKCVGKGVP6A.PNG?auth=c988e3cbfbe75267e58d3d7df910e478b422929152f19e459e8158435084ec14&amp;smart=true&amp;width=992&amp;height=1768&amp;quality=85\" media=\"(min-width: 1000px)\" \/><source srcset=\"https:\/\/www.infobae.com\/resizer\/v2\/MGBRBWVYERBIJANPKCVGKGVP6A.PNG?auth=c988e3cbfbe75267e58d3d7df910e478b422929152f19e459e8158435084ec14&amp;smart=true&amp;width=768&amp;height=1369&amp;quality=85\" media=\"(min-width: 768px)\" \/><source srcset=\"https:\/\/www.infobae.com\/resizer\/v2\/MGBRBWVYERBIJANPKCVGKGVP6A.PNG?auth=c988e3cbfbe75267e58d3d7df910e478b422929152f19e459e8158435084ec14&amp;smart=true&amp;width=577&amp;height=1029&amp;quality=85\" media=\"(min-width: 580px)\" \/><source srcset=\"https:\/\/www.infobae.com\/resizer\/v2\/MGBRBWVYERBIJANPKCVGKGVP6A.PNG?auth=c988e3cbfbe75267e58d3d7df910e478b422929152f19e459e8158435084ec14&amp;smart=true&amp;width=420&amp;height=749&amp;quality=85\" media=\"(min-width: 350px)\" \/><source srcset=\"https:\/\/www.infobae.com\/resizer\/v2\/MGBRBWVYERBIJANPKCVGKGVP6A.PNG?auth=c988e3cbfbe75267e58d3d7df910e478b422929152f19e459e8158435084ec14&amp;smart=true&amp;width=350&amp;height=624&amp;quality=85\" media=\"(min-width: 80px)\" \/><img loading=\"lazy\" decoding=\"async\" class=\"global-image\" src=\"https:\/\/www.infobae.com\/resizer\/v2\/MGBRBWVYERBIJANPKCVGKGVP6A.PNG?auth=c988e3cbfbe75267e58d3d7df910e478b422929152f19e459e8158435084ec14&amp;smart=true&amp;width=350&amp;height=624&amp;quality=85\" alt=\"Benja manch\u00f3 la Birkin de\" width=\"506\" height=\"902\" \/><\/picture>Benja manch\u00f3 la Birkin de Cervantes con salsa (Instagram)<\/div>\n<p class=\"paragraph\" data-mrf-recirculation=\"Links inline\">D\u00edas atr\u00e1s, Valentina comparti\u00f3 en sus redes sociales el preciso momento en que su hijo Benjam\u00edn dej\u00f3 en evidencia toda su picard\u00eda. Con apenas dos a\u00f1os, el peque\u00f1o se mand\u00f3 una travesura: ensuci\u00f3 una cartera car\u00edsima de su mam\u00e1 con salsa. Pero lejos de esconderse o negar lo ocurrido, Benjam\u00edn se present\u00f3 ante Valentina con una mirada entre culpable y tierna, dispuesto a confesar su travesura. \u201cCon esta carita vino a mostrarme que ensuci\u00f3 la cartera con salsa\u201d, escribi\u00f3 Cervantes sobre la imagen, que r\u00e1pidamente enterneci\u00f3 a sus seguidores.<\/p>\n<p class=\"paragraph\" data-mrf-recirculation=\"Links inline\">Este tipo de episodios se repiten con frecuencia en el feed y las historias de Valentina, donde los momentos junto a Benjam\u00edn se convirtieron en un cl\u00e1sico para quienes siguen el d\u00eda a d\u00eda de la familia. Tal como ocurri\u00f3 en enero pasado, cuando la modelo captur\u00f3 una charla espont\u00e1nea con su hijo y revel\u00f3 la intimidad cari\u00f1osa que comparten puertas adentro.<\/p>\n<p class=\"paragraph\" data-mrf-recirculation=\"Links inline\">En ese video, Valentina le pregunt\u00f3: \u201c\u00bfC\u00f3mo le dice mam\u00e1 a pap\u00e1?\u201d, en referencia a Enzo. El peque\u00f1o, sin dudar y con una ternura desbordante, respondi\u00f3: \u201cAmor\u201d. La modelo, divertida, continu\u00f3 el juego: \u201c\u00bfY c\u00f3mo le dice mam\u00e1 a Benja?\u201d. Benjam\u00edn, con una sonrisa p\u00edcara, contest\u00f3: \u201cMi beb\u00e9\u201d. El video no tard\u00f3 en viralizarse y llenar de comentarios las redes, donde los usuarios celebraron la dulzura y espontaneidad del ni\u00f1o. \u201cNecesito un Benja en mi vida\u201d; \u201cEse nene es puro amor\u201d; \u201cMe encanta que le pone la entonaci\u00f3n exacta\u201d; \u201cEs la ternura personificada\u201d, fueron solo algunos de los mensajes que cosech\u00f3 la publicaci\u00f3n.<\/p>\n<p class=\"paragraph\" data-mrf-recirculation=\"Links inline\">As\u00ed, entre travesuras, confesiones y momentos de cari\u00f1o, Benjam\u00edn Fern\u00e1ndez se fue ganando el coraz\u00f3n de los seguidores de Valentina Cervantes, que encuentran en cada episodio familiar una muestra de la calidez y la autenticidad de la vida cotidiana junto a Enzo Fern\u00e1ndez y sus hijos.<\/p>\n<div class=\"second-saved-buttons\">\n<div class=\"body-share-note\"><\/div>\n<\/div>\n","protected":false},"excerpt":{"rendered":"<p>El hijo menor de la influencer y Enzo Fern\u00e1ndez causa sensaci\u00f3n con cada aparici\u00f3n en las redes sociales de su mam\u00e1 y esta ocasi\u00f3n no fue distinta Valentina Cervantes, pareja de\u00a0Enzo Fern\u00e1ndez, suele compartir con sus seguidores algunos momentos de la vida cotidiana junto a sus hijos,\u00a0Olivia\u00a0y\u00a0Benjam\u00edn. El lunes por la tarde, logr\u00f3 enternecer a [&hellip;]<\/p>\n","protected":false},"author":1,"featured_media":12788,"comment_status":"open","ping_status":"open","sticky":false,"template":"","format":"standard","meta":{"rop_custom_images_group":[],"rop_custom_messages_group":[],"rop_publish_now":"initial","rop_publish_now_accounts":[],"rop_publish_now_history":[],"rop_publish_now_status":"pending","footnotes":"","jetpack_publicize_message":"","jetpack_publicize_feature_enabled":true,"jetpack_social_post_already_shared":true,"jetpack_social_options":{"image_generator_settings":{"template":"highway","enabled":false},"version":2}},"categories":[12],"tags":[],"class_list":{"0":"post-12785","1":"post","2":"type-post","3":"status-publish","4":"format-standard","5":"has-post-thumbnail","7":"category-espectaculos"},"jetpack_publicize_connections":[],"yoast_head":"<!-- This site is optimized with the Yoast SEO plugin v27.3 - https:\/\/yoast.com\/product\/yoast-seo-wordpress\/ -->\n<title>Valentina Cervantes comparti\u00f3 la reacci\u00f3n de Benjam\u00edn tras un berrinche y enterneci\u00f3 a sus seguidores - CLAN ESPECTACULOS<\/title>\n<meta name=\"robots\" content=\"index, follow, max-snippet:-1, max-image-preview:large, max-video-preview:-1\" \/>\n<link rel=\"canonical\" href=\"https:\/\/radioclanfm.com\/clanespectaculos\/valentina-cervantes-compartio-la-reaccion-de-benjamin-tras-un-berrinche-y-enternecio-a-sus-seguidores\/\" \/>\n<meta property=\"og:locale\" content=\"es_ES\" \/>\n<meta property=\"og:type\" content=\"article\" \/>\n<meta property=\"og:title\" content=\"Valentina Cervantes comparti\u00f3 la reacci\u00f3n de Benjam\u00edn tras un berrinche y enterneci\u00f3 a sus seguidores - CLAN ESPECTACULOS\" \/>\n<meta property=\"og:description\" content=\"El hijo menor de la influencer y Enzo Fern\u00e1ndez causa sensaci\u00f3n con cada aparici\u00f3n en las redes sociales de su mam\u00e1 y esta ocasi\u00f3n no fue distinta Valentina Cervantes, pareja de\u00a0Enzo Fern\u00e1ndez, suele compartir con sus seguidores algunos momentos de la vida cotidiana junto a sus hijos,\u00a0Olivia\u00a0y\u00a0Benjam\u00edn. El lunes por la tarde, logr\u00f3 enternecer a [&hellip;]\" \/>\n<meta property=\"og:url\" content=\"https:\/\/radioclanfm.com\/clanespectaculos\/valentina-cervantes-compartio-la-reaccion-de-benjamin-tras-un-berrinche-y-enternecio-a-sus-seguidores\/\" \/>\n<meta property=\"og:site_name\" content=\"CLAN ESPECTACULOS\" \/>\n<meta property=\"article:publisher\" content=\"https:\/\/www.facebook.com\/clanespectaculos\/\" \/>\n<meta property=\"article:published_time\" content=\"2026-02-25T00:45:20+00:00\" \/>\n<meta property=\"og:image\" content=\"https:\/\/radioclanfm.com\/clanespectaculos\/wp-content\/uploads\/sites\/2\/2026\/02\/46xRqgil.jpg\" \/>\n\t<meta property=\"og:image:width\" content=\"900\" \/>\n\t<meta property=\"og:image:height\" content=\"450\" \/>\n\t<meta property=\"og:image:type\" content=\"image\/jpeg\" \/>\n<meta name=\"author\" content=\"E-GRUPOCLAN\" \/>\n<meta name=\"twitter:card\" content=\"summary_large_image\" \/>\n<meta name=\"twitter:creator\" content=\"@clanespectok\" \/>\n<meta name=\"twitter:site\" content=\"@clanespectok\" \/>\n<meta name=\"twitter:label1\" content=\"Escrito por\" \/>\n\t<meta name=\"twitter:data1\" content=\"E-GRUPOCLAN\" \/>\n\t<meta name=\"twitter:label2\" content=\"Tiempo de lectura\" \/>\n\t<meta name=\"twitter:data2\" content=\"4 minutos\" \/>\n<script type=\"application\/ld+json\" class=\"yoast-schema-graph\">{\"@context\":\"https:\\\/\\\/schema.org\",\"@graph\":[{\"@type\":\"Article\",\"@id\":\"https:\\\/\\\/radioclanfm.com\\\/clanespectaculos\\\/valentina-cervantes-compartio-la-reaccion-de-benjamin-tras-un-berrinche-y-enternecio-a-sus-seguidores\\\/#article\",\"isPartOf\":{\"@id\":\"https:\\\/\\\/radioclanfm.com\\\/clanespectaculos\\\/valentina-cervantes-compartio-la-reaccion-de-benjamin-tras-un-berrinche-y-enternecio-a-sus-seguidores\\\/\"},\"author\":{\"name\":\"E-GRUPOCLAN\",\"@id\":\"https:\\\/\\\/radioclanfm.com\\\/clanespectaculos\\\/#\\\/schema\\\/person\\\/9734813083303230f3ad84d99171b20c\"},\"headline\":\"Valentina Cervantes comparti\u00f3 la reacci\u00f3n de Benjam\u00edn tras un berrinche y enterneci\u00f3 a sus seguidores\",\"datePublished\":\"2026-02-25T00:45:20+00:00\",\"mainEntityOfPage\":{\"@id\":\"https:\\\/\\\/radioclanfm.com\\\/clanespectaculos\\\/valentina-cervantes-compartio-la-reaccion-de-benjamin-tras-un-berrinche-y-enternecio-a-sus-seguidores\\\/\"},\"wordCount\":734,\"commentCount\":0,\"publisher\":{\"@id\":\"https:\\\/\\\/radioclanfm.com\\\/clanespectaculos\\\/#organization\"},\"image\":{\"@id\":\"https:\\\/\\\/radioclanfm.com\\\/clanespectaculos\\\/valentina-cervantes-compartio-la-reaccion-de-benjamin-tras-un-berrinche-y-enternecio-a-sus-seguidores\\\/#primaryimage\"},\"thumbnailUrl\":\"https:\\\/\\\/radioclanfm.com\\\/clanespectaculos\\\/wp-content\\\/uploads\\\/sites\\\/2\\\/2026\\\/02\\\/46xRqgil.jpg\",\"articleSection\":[\"Espectaculos\"],\"inLanguage\":\"es-AR\",\"potentialAction\":[{\"@type\":\"CommentAction\",\"name\":\"Comment\",\"target\":[\"https:\\\/\\\/radioclanfm.com\\\/clanespectaculos\\\/valentina-cervantes-compartio-la-reaccion-de-benjamin-tras-un-berrinche-y-enternecio-a-sus-seguidores\\\/#respond\"]}]},{\"@type\":\"WebPage\",\"@id\":\"https:\\\/\\\/radioclanfm.com\\\/clanespectaculos\\\/valentina-cervantes-compartio-la-reaccion-de-benjamin-tras-un-berrinche-y-enternecio-a-sus-seguidores\\\/\",\"url\":\"https:\\\/\\\/radioclanfm.com\\\/clanespectaculos\\\/valentina-cervantes-compartio-la-reaccion-de-benjamin-tras-un-berrinche-y-enternecio-a-sus-seguidores\\\/\",\"name\":\"Valentina Cervantes comparti\u00f3 la reacci\u00f3n de Benjam\u00edn tras un berrinche y enterneci\u00f3 a sus seguidores - CLAN ESPECTACULOS\",\"isPartOf\":{\"@id\":\"https:\\\/\\\/radioclanfm.com\\\/clanespectaculos\\\/#website\"},\"primaryImageOfPage\":{\"@id\":\"https:\\\/\\\/radioclanfm.com\\\/clanespectaculos\\\/valentina-cervantes-compartio-la-reaccion-de-benjamin-tras-un-berrinche-y-enternecio-a-sus-seguidores\\\/#primaryimage\"},\"image\":{\"@id\":\"https:\\\/\\\/radioclanfm.com\\\/clanespectaculos\\\/valentina-cervantes-compartio-la-reaccion-de-benjamin-tras-un-berrinche-y-enternecio-a-sus-seguidores\\\/#primaryimage\"},\"thumbnailUrl\":\"https:\\\/\\\/radioclanfm.com\\\/clanespectaculos\\\/wp-content\\\/uploads\\\/sites\\\/2\\\/2026\\\/02\\\/46xRqgil.jpg\",\"datePublished\":\"2026-02-25T00:45:20+00:00\",\"breadcrumb\":{\"@id\":\"https:\\\/\\\/radioclanfm.com\\\/clanespectaculos\\\/valentina-cervantes-compartio-la-reaccion-de-benjamin-tras-un-berrinche-y-enternecio-a-sus-seguidores\\\/#breadcrumb\"},\"inLanguage\":\"es-AR\",\"potentialAction\":[{\"@type\":\"ReadAction\",\"target\":[\"https:\\\/\\\/radioclanfm.com\\\/clanespectaculos\\\/valentina-cervantes-compartio-la-reaccion-de-benjamin-tras-un-berrinche-y-enternecio-a-sus-seguidores\\\/\"]}]},{\"@type\":\"ImageObject\",\"inLanguage\":\"es-AR\",\"@id\":\"https:\\\/\\\/radioclanfm.com\\\/clanespectaculos\\\/valentina-cervantes-compartio-la-reaccion-de-benjamin-tras-un-berrinche-y-enternecio-a-sus-seguidores\\\/#primaryimage\",\"url\":\"https:\\\/\\\/radioclanfm.com\\\/clanespectaculos\\\/wp-content\\\/uploads\\\/sites\\\/2\\\/2026\\\/02\\\/46xRqgil.jpg\",\"contentUrl\":\"https:\\\/\\\/radioclanfm.com\\\/clanespectaculos\\\/wp-content\\\/uploads\\\/sites\\\/2\\\/2026\\\/02\\\/46xRqgil.jpg\",\"width\":900,\"height\":450},{\"@type\":\"BreadcrumbList\",\"@id\":\"https:\\\/\\\/radioclanfm.com\\\/clanespectaculos\\\/valentina-cervantes-compartio-la-reaccion-de-benjamin-tras-un-berrinche-y-enternecio-a-sus-seguidores\\\/#breadcrumb\",\"itemListElement\":[{\"@type\":\"ListItem\",\"position\":1,\"name\":\"Inicio\",\"item\":\"https:\\\/\\\/radioclanfm.com\\\/clanespectaculos\\\/\"},{\"@type\":\"ListItem\",\"position\":2,\"name\":\"Valentina Cervantes comparti\u00f3 la reacci\u00f3n de Benjam\u00edn tras un berrinche y enterneci\u00f3 a sus seguidores\"}]},{\"@type\":\"WebSite\",\"@id\":\"https:\\\/\\\/radioclanfm.com\\\/clanespectaculos\\\/#website\",\"url\":\"https:\\\/\\\/radioclanfm.com\\\/clanespectaculos\\\/\",\"name\":\"CLAN ESPECTACULOS\",\"description\":\"\",\"publisher\":{\"@id\":\"https:\\\/\\\/radioclanfm.com\\\/clanespectaculos\\\/#organization\"},\"potentialAction\":[{\"@type\":\"SearchAction\",\"target\":{\"@type\":\"EntryPoint\",\"urlTemplate\":\"https:\\\/\\\/radioclanfm.com\\\/clanespectaculos\\\/?s={search_term_string}\"},\"query-input\":{\"@type\":\"PropertyValueSpecification\",\"valueRequired\":true,\"valueName\":\"search_term_string\"}}],\"inLanguage\":\"es-AR\"},{\"@type\":\"Organization\",\"@id\":\"https:\\\/\\\/radioclanfm.com\\\/clanespectaculos\\\/#organization\",\"name\":\"CLAN ESPECTACULOS\",\"url\":\"https:\\\/\\\/radioclanfm.com\\\/clanespectaculos\\\/\",\"logo\":{\"@type\":\"ImageObject\",\"inLanguage\":\"es-AR\",\"@id\":\"https:\\\/\\\/radioclanfm.com\\\/clanespectaculos\\\/#\\\/schema\\\/logo\\\/image\\\/\",\"url\":\"https:\\\/\\\/radioclanfm.com\\\/clanespectaculos\\\/wp-content\\\/uploads\\\/sites\\\/2\\\/2026\\\/04\\\/ChatGPT-Image-23-mar-2026-10_09_00.png\",\"contentUrl\":\"https:\\\/\\\/radioclanfm.com\\\/clanespectaculos\\\/wp-content\\\/uploads\\\/sites\\\/2\\\/2026\\\/04\\\/ChatGPT-Image-23-mar-2026-10_09_00.png\",\"width\":1024,\"height\":1024,\"caption\":\"CLAN ESPECTACULOS\"},\"image\":{\"@id\":\"https:\\\/\\\/radioclanfm.com\\\/clanespectaculos\\\/#\\\/schema\\\/logo\\\/image\\\/\"},\"sameAs\":[\"https:\\\/\\\/www.facebook.com\\\/clanespectaculos\\\/\",\"https:\\\/\\\/x.com\\\/clanespectok\"]},{\"@type\":\"Person\",\"@id\":\"https:\\\/\\\/radioclanfm.com\\\/clanespectaculos\\\/#\\\/schema\\\/person\\\/9734813083303230f3ad84d99171b20c\",\"name\":\"E-GRUPOCLAN\",\"image\":{\"@type\":\"ImageObject\",\"inLanguage\":\"es-AR\",\"@id\":\"https:\\\/\\\/secure.gravatar.com\\\/avatar\\\/af6e19837c3d6a212034a48c7b3818d2ac1826f6025df0155da5a186ad321d79?s=96&d=mm&r=g\",\"url\":\"https:\\\/\\\/secure.gravatar.com\\\/avatar\\\/af6e19837c3d6a212034a48c7b3818d2ac1826f6025df0155da5a186ad321d79?s=96&d=mm&r=g\",\"contentUrl\":\"https:\\\/\\\/secure.gravatar.com\\\/avatar\\\/af6e19837c3d6a212034a48c7b3818d2ac1826f6025df0155da5a186ad321d79?s=96&d=mm&r=g\",\"caption\":\"E-GRUPOCLAN\"},\"sameAs\":[\"https:\\\/\\\/radioclanfm.com\"],\"url\":\"https:\\\/\\\/radioclanfm.com\\\/clanespectaculos\\\/author\\\/admin\\\/\"}]}<\/script>\n<!-- \/ Yoast SEO plugin. -->","yoast_head_json":{"title":"Valentina Cervantes comparti\u00f3 la reacci\u00f3n de Benjam\u00edn tras un berrinche y enterneci\u00f3 a sus seguidores - CLAN ESPECTACULOS","robots":{"index":"index","follow":"follow","max-snippet":"max-snippet:-1","max-image-preview":"max-image-preview:large","max-video-preview":"max-video-preview:-1"},"canonical":"https:\/\/radioclanfm.com\/clanespectaculos\/valentina-cervantes-compartio-la-reaccion-de-benjamin-tras-un-berrinche-y-enternecio-a-sus-seguidores\/","og_locale":"es_ES","og_type":"article","og_title":"Valentina Cervantes comparti\u00f3 la reacci\u00f3n de Benjam\u00edn tras un berrinche y enterneci\u00f3 a sus seguidores - CLAN ESPECTACULOS","og_description":"El hijo menor de la influencer y Enzo Fern\u00e1ndez causa sensaci\u00f3n con cada aparici\u00f3n en las redes sociales de su mam\u00e1 y esta ocasi\u00f3n no fue distinta Valentina Cervantes, pareja de\u00a0Enzo Fern\u00e1ndez, suele compartir con sus seguidores algunos momentos de la vida cotidiana junto a sus hijos,\u00a0Olivia\u00a0y\u00a0Benjam\u00edn. El lunes por la tarde, logr\u00f3 enternecer a [&hellip;]","og_url":"https:\/\/radioclanfm.com\/clanespectaculos\/valentina-cervantes-compartio-la-reaccion-de-benjamin-tras-un-berrinche-y-enternecio-a-sus-seguidores\/","og_site_name":"CLAN ESPECTACULOS","article_publisher":"https:\/\/www.facebook.com\/clanespectaculos\/","article_published_time":"2026-02-25T00:45:20+00:00","og_image":[{"width":900,"height":450,"url":"https:\/\/radioclanfm.com\/clanespectaculos\/wp-content\/uploads\/sites\/2\/2026\/02\/46xRqgil.jpg","type":"image\/jpeg"}],"author":"E-GRUPOCLAN","twitter_card":"summary_large_image","twitter_creator":"@clanespectok","twitter_site":"@clanespectok","twitter_misc":{"Escrito por":"E-GRUPOCLAN","Tiempo de lectura":"4 minutos"},"schema":{"@context":"https:\/\/schema.org","@graph":[{"@type":"Article","@id":"https:\/\/radioclanfm.com\/clanespectaculos\/valentina-cervantes-compartio-la-reaccion-de-benjamin-tras-un-berrinche-y-enternecio-a-sus-seguidores\/#article","isPartOf":{"@id":"https:\/\/radioclanfm.com\/clanespectaculos\/valentina-cervantes-compartio-la-reaccion-de-benjamin-tras-un-berrinche-y-enternecio-a-sus-seguidores\/"},"author":{"name":"E-GRUPOCLAN","@id":"https:\/\/radioclanfm.com\/clanespectaculos\/#\/schema\/person\/9734813083303230f3ad84d99171b20c"},"headline":"Valentina Cervantes comparti\u00f3 la reacci\u00f3n de Benjam\u00edn tras un berrinche y enterneci\u00f3 a sus seguidores","datePublished":"2026-02-25T00:45:20+00:00","mainEntityOfPage":{"@id":"https:\/\/radioclanfm.com\/clanespectaculos\/valentina-cervantes-compartio-la-reaccion-de-benjamin-tras-un-berrinche-y-enternecio-a-sus-seguidores\/"},"wordCount":734,"commentCount":0,"publisher":{"@id":"https:\/\/radioclanfm.com\/clanespectaculos\/#organization"},"image":{"@id":"https:\/\/radioclanfm.com\/clanespectaculos\/valentina-cervantes-compartio-la-reaccion-de-benjamin-tras-un-berrinche-y-enternecio-a-sus-seguidores\/#primaryimage"},"thumbnailUrl":"https:\/\/radioclanfm.com\/clanespectaculos\/wp-content\/uploads\/sites\/2\/2026\/02\/46xRqgil.jpg","articleSection":["Espectaculos"],"inLanguage":"es-AR","potentialAction":[{"@type":"CommentAction","name":"Comment","target":["https:\/\/radioclanfm.com\/clanespectaculos\/valentina-cervantes-compartio-la-reaccion-de-benjamin-tras-un-berrinche-y-enternecio-a-sus-seguidores\/#respond"]}]},{"@type":"WebPage","@id":"https:\/\/radioclanfm.com\/clanespectaculos\/valentina-cervantes-compartio-la-reaccion-de-benjamin-tras-un-berrinche-y-enternecio-a-sus-seguidores\/","url":"https:\/\/radioclanfm.com\/clanespectaculos\/valentina-cervantes-compartio-la-reaccion-de-benjamin-tras-un-berrinche-y-enternecio-a-sus-seguidores\/","name":"Valentina Cervantes comparti\u00f3 la reacci\u00f3n de Benjam\u00edn tras un berrinche y enterneci\u00f3 a sus seguidores - CLAN ESPECTACULOS","isPartOf":{"@id":"https:\/\/radioclanfm.com\/clanespectaculos\/#website"},"primaryImageOfPage":{"@id":"https:\/\/radioclanfm.com\/clanespectaculos\/valentina-cervantes-compartio-la-reaccion-de-benjamin-tras-un-berrinche-y-enternecio-a-sus-seguidores\/#primaryimage"},"image":{"@id":"https:\/\/radioclanfm.com\/clanespectaculos\/valentina-cervantes-compartio-la-reaccion-de-benjamin-tras-un-berrinche-y-enternecio-a-sus-seguidores\/#primaryimage"},"thumbnailUrl":"https:\/\/radioclanfm.com\/clanespectaculos\/wp-content\/uploads\/sites\/2\/2026\/02\/46xRqgil.jpg","datePublished":"2026-02-25T00:45:20+00:00","breadcrumb":{"@id":"https:\/\/radioclanfm.com\/clanespectaculos\/valentina-cervantes-compartio-la-reaccion-de-benjamin-tras-un-berrinche-y-enternecio-a-sus-seguidores\/#breadcrumb"},"inLanguage":"es-AR","potentialAction":[{"@type":"ReadAction","target":["https:\/\/radioclanfm.com\/clanespectaculos\/valentina-cervantes-compartio-la-reaccion-de-benjamin-tras-un-berrinche-y-enternecio-a-sus-seguidores\/"]}]},{"@type":"ImageObject","inLanguage":"es-AR","@id":"https:\/\/radioclanfm.com\/clanespectaculos\/valentina-cervantes-compartio-la-reaccion-de-benjamin-tras-un-berrinche-y-enternecio-a-sus-seguidores\/#primaryimage","url":"https:\/\/radioclanfm.com\/clanespectaculos\/wp-content\/uploads\/sites\/2\/2026\/02\/46xRqgil.jpg","contentUrl":"https:\/\/radioclanfm.com\/clanespectaculos\/wp-content\/uploads\/sites\/2\/2026\/02\/46xRqgil.jpg","width":900,"height":450},{"@type":"BreadcrumbList","@id":"https:\/\/radioclanfm.com\/clanespectaculos\/valentina-cervantes-compartio-la-reaccion-de-benjamin-tras-un-berrinche-y-enternecio-a-sus-seguidores\/#breadcrumb","itemListElement":[{"@type":"ListItem","position":1,"name":"Inicio","item":"https:\/\/radioclanfm.com\/clanespectaculos\/"},{"@type":"ListItem","position":2,"name":"Valentina Cervantes comparti\u00f3 la reacci\u00f3n de Benjam\u00edn tras un berrinche y enterneci\u00f3 a sus seguidores"}]},{"@type":"WebSite","@id":"https:\/\/radioclanfm.com\/clanespectaculos\/#website","url":"https:\/\/radioclanfm.com\/clanespectaculos\/","name":"CLAN ESPECTACULOS","description":"","publisher":{"@id":"https:\/\/radioclanfm.com\/clanespectaculos\/#organization"},"potentialAction":[{"@type":"SearchAction","target":{"@type":"EntryPoint","urlTemplate":"https:\/\/radioclanfm.com\/clanespectaculos\/?s={search_term_string}"},"query-input":{"@type":"PropertyValueSpecification","valueRequired":true,"valueName":"search_term_string"}}],"inLanguage":"es-AR"},{"@type":"Organization","@id":"https:\/\/radioclanfm.com\/clanespectaculos\/#organization","name":"CLAN ESPECTACULOS","url":"https:\/\/radioclanfm.com\/clanespectaculos\/","logo":{"@type":"ImageObject","inLanguage":"es-AR","@id":"https:\/\/radioclanfm.com\/clanespectaculos\/#\/schema\/logo\/image\/","url":"https:\/\/radioclanfm.com\/clanespectaculos\/wp-content\/uploads\/sites\/2\/2026\/04\/ChatGPT-Image-23-mar-2026-10_09_00.png","contentUrl":"https:\/\/radioclanfm.com\/clanespectaculos\/wp-content\/uploads\/sites\/2\/2026\/04\/ChatGPT-Image-23-mar-2026-10_09_00.png","width":1024,"height":1024,"caption":"CLAN ESPECTACULOS"},"image":{"@id":"https:\/\/radioclanfm.com\/clanespectaculos\/#\/schema\/logo\/image\/"},"sameAs":["https:\/\/www.facebook.com\/clanespectaculos\/","https:\/\/x.com\/clanespectok"]},{"@type":"Person","@id":"https:\/\/radioclanfm.com\/clanespectaculos\/#\/schema\/person\/9734813083303230f3ad84d99171b20c","name":"E-GRUPOCLAN","image":{"@type":"ImageObject","inLanguage":"es-AR","@id":"https:\/\/secure.gravatar.com\/avatar\/af6e19837c3d6a212034a48c7b3818d2ac1826f6025df0155da5a186ad321d79?s=96&d=mm&r=g","url":"https:\/\/secure.gravatar.com\/avatar\/af6e19837c3d6a212034a48c7b3818d2ac1826f6025df0155da5a186ad321d79?s=96&d=mm&r=g","contentUrl":"https:\/\/secure.gravatar.com\/avatar\/af6e19837c3d6a212034a48c7b3818d2ac1826f6025df0155da5a186ad321d79?s=96&d=mm&r=g","caption":"E-GRUPOCLAN"},"sameAs":["https:\/\/radioclanfm.com"],"url":"https:\/\/radioclanfm.com\/clanespectaculos\/author\/admin\/"}]}},"_links":{"self":[{"href":"https:\/\/radioclanfm.com\/clanespectaculos\/wp-json\/wp\/v2\/posts\/12785","targetHints":{"allow":["GET"]}}],"collection":[{"href":"https:\/\/radioclanfm.com\/clanespectaculos\/wp-json\/wp\/v2\/posts"}],"about":[{"href":"https:\/\/radioclanfm.com\/clanespectaculos\/wp-json\/wp\/v2\/types\/post"}],"author":[{"embeddable":true,"href":"https:\/\/radioclanfm.com\/clanespectaculos\/wp-json\/wp\/v2\/users\/1"}],"replies":[{"embeddable":true,"href":"https:\/\/radioclanfm.com\/clanespectaculos\/wp-json\/wp\/v2\/comments?post=12785"}],"version-history":[{"count":1,"href":"https:\/\/radioclanfm.com\/clanespectaculos\/wp-json\/wp\/v2\/posts\/12785\/revisions"}],"predecessor-version":[{"id":12789,"href":"https:\/\/radioclanfm.com\/clanespectaculos\/wp-json\/wp\/v2\/posts\/12785\/revisions\/12789"}],"wp:featuredmedia":[{"embeddable":true,"href":"https:\/\/radioclanfm.com\/clanespectaculos\/wp-json\/wp\/v2\/media\/12788"}],"wp:attachment":[{"href":"https:\/\/radioclanfm.com\/clanespectaculos\/wp-json\/wp\/v2\/media?parent=12785"}],"wp:term":[{"taxonomy":"category","embeddable":true,"href":"https:\/\/radioclanfm.com\/clanespectaculos\/wp-json\/wp\/v2\/categories?post=12785"},{"taxonomy":"post_tag","embeddable":true,"href":"https:\/\/radioclanfm.com\/clanespectaculos\/wp-json\/wp\/v2\/tags?post=12785"}],"curies":[{"name":"wp","href":"https:\/\/api.w.org\/{rel}","templated":true}]}}