{"id":12780,"date":"2026-02-24T21:43:48","date_gmt":"2026-02-25T00:43:48","guid":{"rendered":"https:\/\/radioclanfm.com\/clanespectaculos\/?p=12780"},"modified":"2026-02-24T21:43:48","modified_gmt":"2026-02-25T00:43:48","slug":"la-presentacion-oficial-de-timoteo-el-tierno-posteo-de-reina-reech-con-su-nieto","status":"publish","type":"post","link":"https:\/\/radioclanfm.com\/clanespectaculos\/la-presentacion-oficial-de-timoteo-el-tierno-posteo-de-reina-reech-con-su-nieto\/","title":{"rendered":"La presentaci\u00f3n oficial de Timoteo: el tierno posteo de Reina Reech con su nieto"},"content":{"rendered":"<p class=\"paragraph\" data-mrf-recirculation=\"Links inline\">Hace apenas una semana,\u00a0<b>Juana Repetto<\/b>\u00a0dio\u00a0la bienvenida a\u00a0<b>Timoteo<\/b>, su tercer hijo y el integrante m\u00e1s reciente de la familia que form\u00f3 junto a\u00a0<b>Sebasti\u00e1n Graviotto<\/b>. Durante los primeros d\u00edas, la familia opt\u00f3 por preservar la intimidad del peque\u00f1o y no mostrarlo en redes sociales, ya que Sebasti\u00e1n se encontraba de viaje por trabajo y a\u00fan no hab\u00eda podido conocer personalmente a su hijo. Finalmente, con el regreso del instructor de snowboard y ese esperado primer encuentro, lleg\u00f3 la presentaci\u00f3n oficial de Timoteo ante el mundo digital.<\/p>\n<div class=\"news-module\" data-mrf-recirculation=\"IL_GBLs3HYWRq2RgU4Qz8MM1Q\" data-testid=\"text-html\" data-mrf-experience=\"IL_GBLs3HYWRq2RgU4Qz8MM1Q\">\n<div class=\"recommended-card__image-container\"><\/div>\n<\/div>\n<p class=\"paragraph\" data-mrf-recirculation=\"Links inline\"><b>Reina Reech<\/b>, abuela materna de Timoteo, fue una de las primeras en compartir la emoci\u00f3n por la llegada del nuevo nieto. En una publicaci\u00f3n que r\u00e1pidamente se llen\u00f3 de mensajes de cari\u00f1o, Reina pos\u00f3 sonriente y emocionada, sosteniendo en brazos al reci\u00e9n nacido, envuelto en una manta blanca y con un peque\u00f1o gorrito de lana. El momento, repleto de calidez y ternura, fue acompa\u00f1ado por un mensaje lleno de amor y gratitud: \u201c<b>Les presento a Timoteo, un nuevo amor lleg\u00f3 a nuestras familias<\/b>\u201d.<\/p>\n<div class=\"inline ad-wrapper\">\n<div class=\"dfpAd ad-inline\"><\/div>\n<\/div>\n<p class=\"paragraph\" data-mrf-recirculation=\"Links inline\">La imagen no tard\u00f3 en sumar miles de reacciones y comentarios, tanto de seguidores an\u00f3nimos como de figuras del espect\u00e1culo, que se sumaron a los buenos deseos para la familia y celebraron la llegada de un nuevo integrante al clan Repetto-Graviotto. Entre los mensajes, destacaron palabras de bendici\u00f3n, felicitaciones y muestras de alegr\u00eda por el crecimiento de la familia.<\/p>\n<div class=\"news-module\" data-mrf-recirculation=\"IL_m3kiGo-8SVS6m0U7OqrZLw\" data-testid=\"text-html\" data-mrf-experience=\"IL_m3kiGo-8SVS6m0U7OqrZLw\">\n<div class=\"recommended-card__image-container\"><\/div>\n<\/div>\n<div class=\"visual__image\"><picture><source srcset=\"https:\/\/www.infobae.com\/resizer\/v2\/ELSLY7DXAJH5REPQD3QZ6JUYQU.png?auth=4ecd56465fc0316e0c6470b00edd1e856939a77cd8b97d89d19208e2d6b69d9d&amp;smart=true&amp;width=992&amp;height=655&amp;quality=85\" media=\"(min-width: 1000px)\" \/><source srcset=\"https:\/\/www.infobae.com\/resizer\/v2\/ELSLY7DXAJH5REPQD3QZ6JUYQU.png?auth=4ecd56465fc0316e0c6470b00edd1e856939a77cd8b97d89d19208e2d6b69d9d&amp;smart=true&amp;width=768&amp;height=507&amp;quality=85\" media=\"(min-width: 768px)\" \/><source srcset=\"https:\/\/www.infobae.com\/resizer\/v2\/ELSLY7DXAJH5REPQD3QZ6JUYQU.png?auth=4ecd56465fc0316e0c6470b00edd1e856939a77cd8b97d89d19208e2d6b69d9d&amp;smart=true&amp;width=577&amp;height=381&amp;quality=85\" media=\"(min-width: 580px)\" \/><source srcset=\"https:\/\/www.infobae.com\/resizer\/v2\/ELSLY7DXAJH5REPQD3QZ6JUYQU.png?auth=4ecd56465fc0316e0c6470b00edd1e856939a77cd8b97d89d19208e2d6b69d9d&amp;smart=true&amp;width=420&amp;height=277&amp;quality=85\" media=\"(min-width: 350px)\" \/><source srcset=\"https:\/\/www.infobae.com\/resizer\/v2\/ELSLY7DXAJH5REPQD3QZ6JUYQU.png?auth=4ecd56465fc0316e0c6470b00edd1e856939a77cd8b97d89d19208e2d6b69d9d&amp;smart=true&amp;width=350&amp;height=231&amp;quality=85\" media=\"(min-width: 80px)\" \/><img loading=\"lazy\" decoding=\"async\" class=\"global-image\" src=\"https:\/\/www.infobae.com\/resizer\/v2\/ELSLY7DXAJH5REPQD3QZ6JUYQU.png?auth=4ecd56465fc0316e0c6470b00edd1e856939a77cd8b97d89d19208e2d6b69d9d&amp;smart=true&amp;width=350&amp;height=231&amp;quality=85\" alt=\"El posteo de Reina para\" width=\"801\" height=\"529\" \/><\/picture>El posteo de Reina para presentar a Timoteo<\/div>\n<p class=\"paragraph\" data-mrf-recirculation=\"Links inline\">As\u00ed, la llegada de Timoteo se convirti\u00f3 en un acontecimiento celebrado y compartido, marcando un nuevo cap\u00edtulo de felicidad para Juana Repetto, Sebasti\u00e1n Graviotto, Reina Reech y todo el entorno familiar, que ahora disfruta de la presencia de un nuevo amor y la promesa de nuevas historias y recuerdos compartidos en familia a pesar de estar separados desde antes de anunciar el embarazo.<\/p>\n<div class=\"inline_2_DSK ad-wrapper ad-desktop\">\n<div class=\"dfpAd ad-inline\"><\/div>\n<\/div>\n<p class=\"paragraph\" data-mrf-recirculation=\"Links inline\">En las \u00faltimas horas, Sebasti\u00e1n Graviotto vivi\u00f3 uno de los momentos m\u00e1s esperados de su vida: el primer encuentro con Timoteo, su hijo reci\u00e9n nacido. El instructor de snowboard, reconocido por su trayectoria deportiva y su exposici\u00f3n p\u00fablica, regres\u00f3 al pa\u00eds tras un viaje laboral que le impidi\u00f3 estar presente en el parto de Juana Repetto, ocurrido el pasado 12 de febrero. La escena del reencuentro, registrada y compartida en sus historias de Instagram, marc\u00f3 un antes y un despu\u00e9s tanto en su vida personal como en el relato familiar que segu\u00edan miles de seguidores.<\/p>\n<div class=\"news-module\" data-mrf-recirculation=\"IL_wLyG9sjfRQKb8QO3fSLumw\" data-testid=\"text-html\" data-mrf-experience=\"IL_wLyG9sjfRQKb8QO3fSLumw\">\n<div class=\"recommended-card__image-container\"><\/div>\n<\/div>\n<p class=\"paragraph\" data-mrf-recirculation=\"Links inline\">La imagen elegida por Graviotto para presentar a Timoteo ante sus m\u00e1s de 150 mil seguidores fue sutil y cargada de sensibilidad. En el video, se observa un primer plano de los pies del beb\u00e9, apoyados sobre una superficie clara, mientras la mano de Sebasti\u00e1n acaricia y sostiene con delicadeza los diminutos dedos de su hijo. La secuencia, reforzada por una m\u00fasica suave que potencia la atm\u00f3sfera de paz, se completa con una frase breve y significativa: \u201c<b>Hi, Timmy<\/b>\u201d. Con esas palabras, Graviotto dio la bienvenida p\u00fablica y oficial al peque\u00f1o, sellando el inicio de su v\u00ednculo con un gesto minimalista pero profundo. Tambi\u00e9n se reencontr\u00f3 con Toribio y Belisario, los otros hijos de Repetto.<\/p>\n<div class=\"jwplayer-ctn\">\n<div>\n<div id=\"4INOIPTWQNAYVHIN3VXUNC7ZFU-custom_embed8\" class=\"jwplayer jw-reset jw-state-idle jw-stretch-uniform jw-flag-aspect-mode jw-breakpoint-5 jw-floating-dismissible jw-keep-thumbnail jw-flag-cast-available jw-flag-user-inactive\" tabindex=\"0\" role=\"application\" aria-label=\"Video Player - Sebasti\u00e1n Graviotto conoci\u00f3 a su hijo\" aria-describedby=\"jw-4INOIPTWQNAYVHIN3VXUNC7ZFU-custom_embed8-shortcuts-tooltip-explanation\" data-compass-listening=\"true\">\n<div class=\"jw-wrapper jw-reset\">\n<div class=\"jw-title jw-reset-text\" dir=\"auto\"><\/div>\n<\/div>\n<\/div>\n<\/div>\n<p>Sebasti\u00e1n Graviotto conoci\u00f3 a su hijo Timoteo, de su relaci\u00f3n con Juana Repetto<\/p><\/div>\n<p class=\"paragraph\" data-mrf-recirculation=\"Links inline\">El posteo no tard\u00f3 en viralizarse, generando cientos de mensajes de apoyo y emoci\u00f3n por parte de quienes ven\u00edan siguiendo la noticia del nacimiento del tercer hijo de Juana Repetto. Muchos interpretaron ese primer contacto como la confirmaci\u00f3n de un momento largamente esperado, sobre todo despu\u00e9s de la pol\u00e9mica y las especulaciones que surgieron a ra\u00edz de la ausencia del instructor en el parto. Para los usuarios, la publicaci\u00f3n signific\u00f3 una muestra definitiva de la sensibilidad y el compromiso de Graviotto con su rol de padre, revelando una faceta \u00edntima y protectora que hasta entonces no hab\u00eda sido expuesta con tanta claridad.<\/p>\n<div class=\"second-saved-buttons\">\n<div class=\"body-share-note\"><\/div>\n<\/div>\n","protected":false},"excerpt":{"rendered":"<p>Hace apenas una semana,\u00a0Juana Repetto\u00a0dio\u00a0la bienvenida a\u00a0Timoteo, su tercer hijo y el integrante m\u00e1s reciente de la familia que form\u00f3 junto a\u00a0Sebasti\u00e1n Graviotto. Durante los primeros d\u00edas, la familia opt\u00f3 por preservar la intimidad del peque\u00f1o y no mostrarlo en redes sociales, ya que Sebasti\u00e1n se encontraba de viaje por trabajo y a\u00fan no hab\u00eda [&hellip;]<\/p>\n","protected":false},"author":1,"featured_media":12783,"comment_status":"open","ping_status":"open","sticky":false,"template":"","format":"standard","meta":{"rop_custom_images_group":[],"rop_custom_messages_group":[],"rop_publish_now":"initial","rop_publish_now_accounts":[],"rop_publish_now_history":[],"rop_publish_now_status":"pending","footnotes":"","jetpack_publicize_message":"","jetpack_publicize_feature_enabled":true,"jetpack_social_post_already_shared":true,"jetpack_social_options":{"image_generator_settings":{"template":"highway","enabled":false},"version":2}},"categories":[12],"tags":[],"class_list":{"0":"post-12780","1":"post","2":"type-post","3":"status-publish","4":"format-standard","5":"has-post-thumbnail","7":"category-espectaculos"},"jetpack_publicize_connections":[],"yoast_head":"<!-- This site is optimized with the Yoast SEO plugin v27.3 - https:\/\/yoast.com\/product\/yoast-seo-wordpress\/ -->\n<title>La presentaci\u00f3n oficial de Timoteo: el tierno posteo de Reina Reech con su nieto - CLAN ESPECTACULOS<\/title>\n<meta name=\"robots\" content=\"index, follow, max-snippet:-1, max-image-preview:large, max-video-preview:-1\" \/>\n<link rel=\"canonical\" href=\"https:\/\/radioclanfm.com\/clanespectaculos\/la-presentacion-oficial-de-timoteo-el-tierno-posteo-de-reina-reech-con-su-nieto\/\" \/>\n<meta property=\"og:locale\" content=\"es_ES\" \/>\n<meta property=\"og:type\" content=\"article\" \/>\n<meta property=\"og:title\" content=\"La presentaci\u00f3n oficial de Timoteo: el tierno posteo de Reina Reech con su nieto - CLAN ESPECTACULOS\" \/>\n<meta property=\"og:description\" content=\"Hace apenas una semana,\u00a0Juana Repetto\u00a0dio\u00a0la bienvenida a\u00a0Timoteo, su tercer hijo y el integrante m\u00e1s reciente de la familia que form\u00f3 junto a\u00a0Sebasti\u00e1n Graviotto. Durante los primeros d\u00edas, la familia opt\u00f3 por preservar la intimidad del peque\u00f1o y no mostrarlo en redes sociales, ya que Sebasti\u00e1n se encontraba de viaje por trabajo y a\u00fan no hab\u00eda [&hellip;]\" \/>\n<meta property=\"og:url\" content=\"https:\/\/radioclanfm.com\/clanespectaculos\/la-presentacion-oficial-de-timoteo-el-tierno-posteo-de-reina-reech-con-su-nieto\/\" \/>\n<meta property=\"og:site_name\" content=\"CLAN ESPECTACULOS\" \/>\n<meta property=\"article:publisher\" content=\"https:\/\/www.facebook.com\/clanespectaculos\/\" \/>\n<meta property=\"article:published_time\" content=\"2026-02-25T00:43:48+00:00\" \/>\n<meta property=\"og:image\" content=\"https:\/\/radioclanfm.com\/clanespectaculos\/wp-content\/uploads\/sites\/2\/2026\/02\/hybR0qHU.jpg\" \/>\n\t<meta property=\"og:image:width\" content=\"900\" \/>\n\t<meta property=\"og:image:height\" content=\"450\" \/>\n\t<meta property=\"og:image:type\" content=\"image\/jpeg\" \/>\n<meta name=\"author\" content=\"E-GRUPOCLAN\" \/>\n<meta name=\"twitter:card\" content=\"summary_large_image\" \/>\n<meta name=\"twitter:creator\" content=\"@clanespectok\" \/>\n<meta name=\"twitter:site\" content=\"@clanespectok\" \/>\n<meta name=\"twitter:label1\" content=\"Escrito por\" \/>\n\t<meta name=\"twitter:data1\" content=\"E-GRUPOCLAN\" \/>\n\t<meta name=\"twitter:label2\" content=\"Tiempo de lectura\" \/>\n\t<meta name=\"twitter:data2\" content=\"3 minutos\" \/>\n<script type=\"application\/ld+json\" class=\"yoast-schema-graph\">{\"@context\":\"https:\\\/\\\/schema.org\",\"@graph\":[{\"@type\":\"Article\",\"@id\":\"https:\\\/\\\/radioclanfm.com\\\/clanespectaculos\\\/la-presentacion-oficial-de-timoteo-el-tierno-posteo-de-reina-reech-con-su-nieto\\\/#article\",\"isPartOf\":{\"@id\":\"https:\\\/\\\/radioclanfm.com\\\/clanespectaculos\\\/la-presentacion-oficial-de-timoteo-el-tierno-posteo-de-reina-reech-con-su-nieto\\\/\"},\"author\":{\"name\":\"E-GRUPOCLAN\",\"@id\":\"https:\\\/\\\/radioclanfm.com\\\/clanespectaculos\\\/#\\\/schema\\\/person\\\/9734813083303230f3ad84d99171b20c\"},\"headline\":\"La presentaci\u00f3n oficial de Timoteo: el tierno posteo de Reina Reech con su nieto\",\"datePublished\":\"2026-02-25T00:43:48+00:00\",\"mainEntityOfPage\":{\"@id\":\"https:\\\/\\\/radioclanfm.com\\\/clanespectaculos\\\/la-presentacion-oficial-de-timoteo-el-tierno-posteo-de-reina-reech-con-su-nieto\\\/\"},\"wordCount\":687,\"commentCount\":0,\"publisher\":{\"@id\":\"https:\\\/\\\/radioclanfm.com\\\/clanespectaculos\\\/#organization\"},\"image\":{\"@id\":\"https:\\\/\\\/radioclanfm.com\\\/clanespectaculos\\\/la-presentacion-oficial-de-timoteo-el-tierno-posteo-de-reina-reech-con-su-nieto\\\/#primaryimage\"},\"thumbnailUrl\":\"https:\\\/\\\/radioclanfm.com\\\/clanespectaculos\\\/wp-content\\\/uploads\\\/sites\\\/2\\\/2026\\\/02\\\/hybR0qHU.jpg\",\"articleSection\":[\"Espectaculos\"],\"inLanguage\":\"es-AR\",\"potentialAction\":[{\"@type\":\"CommentAction\",\"name\":\"Comment\",\"target\":[\"https:\\\/\\\/radioclanfm.com\\\/clanespectaculos\\\/la-presentacion-oficial-de-timoteo-el-tierno-posteo-de-reina-reech-con-su-nieto\\\/#respond\"]}]},{\"@type\":\"WebPage\",\"@id\":\"https:\\\/\\\/radioclanfm.com\\\/clanespectaculos\\\/la-presentacion-oficial-de-timoteo-el-tierno-posteo-de-reina-reech-con-su-nieto\\\/\",\"url\":\"https:\\\/\\\/radioclanfm.com\\\/clanespectaculos\\\/la-presentacion-oficial-de-timoteo-el-tierno-posteo-de-reina-reech-con-su-nieto\\\/\",\"name\":\"La presentaci\u00f3n oficial de Timoteo: el tierno posteo de Reina Reech con su nieto - CLAN ESPECTACULOS\",\"isPartOf\":{\"@id\":\"https:\\\/\\\/radioclanfm.com\\\/clanespectaculos\\\/#website\"},\"primaryImageOfPage\":{\"@id\":\"https:\\\/\\\/radioclanfm.com\\\/clanespectaculos\\\/la-presentacion-oficial-de-timoteo-el-tierno-posteo-de-reina-reech-con-su-nieto\\\/#primaryimage\"},\"image\":{\"@id\":\"https:\\\/\\\/radioclanfm.com\\\/clanespectaculos\\\/la-presentacion-oficial-de-timoteo-el-tierno-posteo-de-reina-reech-con-su-nieto\\\/#primaryimage\"},\"thumbnailUrl\":\"https:\\\/\\\/radioclanfm.com\\\/clanespectaculos\\\/wp-content\\\/uploads\\\/sites\\\/2\\\/2026\\\/02\\\/hybR0qHU.jpg\",\"datePublished\":\"2026-02-25T00:43:48+00:00\",\"breadcrumb\":{\"@id\":\"https:\\\/\\\/radioclanfm.com\\\/clanespectaculos\\\/la-presentacion-oficial-de-timoteo-el-tierno-posteo-de-reina-reech-con-su-nieto\\\/#breadcrumb\"},\"inLanguage\":\"es-AR\",\"potentialAction\":[{\"@type\":\"ReadAction\",\"target\":[\"https:\\\/\\\/radioclanfm.com\\\/clanespectaculos\\\/la-presentacion-oficial-de-timoteo-el-tierno-posteo-de-reina-reech-con-su-nieto\\\/\"]}]},{\"@type\":\"ImageObject\",\"inLanguage\":\"es-AR\",\"@id\":\"https:\\\/\\\/radioclanfm.com\\\/clanespectaculos\\\/la-presentacion-oficial-de-timoteo-el-tierno-posteo-de-reina-reech-con-su-nieto\\\/#primaryimage\",\"url\":\"https:\\\/\\\/radioclanfm.com\\\/clanespectaculos\\\/wp-content\\\/uploads\\\/sites\\\/2\\\/2026\\\/02\\\/hybR0qHU.jpg\",\"contentUrl\":\"https:\\\/\\\/radioclanfm.com\\\/clanespectaculos\\\/wp-content\\\/uploads\\\/sites\\\/2\\\/2026\\\/02\\\/hybR0qHU.jpg\",\"width\":900,\"height\":450},{\"@type\":\"BreadcrumbList\",\"@id\":\"https:\\\/\\\/radioclanfm.com\\\/clanespectaculos\\\/la-presentacion-oficial-de-timoteo-el-tierno-posteo-de-reina-reech-con-su-nieto\\\/#breadcrumb\",\"itemListElement\":[{\"@type\":\"ListItem\",\"position\":1,\"name\":\"Inicio\",\"item\":\"https:\\\/\\\/radioclanfm.com\\\/clanespectaculos\\\/\"},{\"@type\":\"ListItem\",\"position\":2,\"name\":\"La presentaci\u00f3n oficial de Timoteo: el tierno posteo de Reina Reech con su nieto\"}]},{\"@type\":\"WebSite\",\"@id\":\"https:\\\/\\\/radioclanfm.com\\\/clanespectaculos\\\/#website\",\"url\":\"https:\\\/\\\/radioclanfm.com\\\/clanespectaculos\\\/\",\"name\":\"CLAN ESPECTACULOS\",\"description\":\"\",\"publisher\":{\"@id\":\"https:\\\/\\\/radioclanfm.com\\\/clanespectaculos\\\/#organization\"},\"potentialAction\":[{\"@type\":\"SearchAction\",\"target\":{\"@type\":\"EntryPoint\",\"urlTemplate\":\"https:\\\/\\\/radioclanfm.com\\\/clanespectaculos\\\/?s={search_term_string}\"},\"query-input\":{\"@type\":\"PropertyValueSpecification\",\"valueRequired\":true,\"valueName\":\"search_term_string\"}}],\"inLanguage\":\"es-AR\"},{\"@type\":\"Organization\",\"@id\":\"https:\\\/\\\/radioclanfm.com\\\/clanespectaculos\\\/#organization\",\"name\":\"CLAN ESPECTACULOS\",\"url\":\"https:\\\/\\\/radioclanfm.com\\\/clanespectaculos\\\/\",\"logo\":{\"@type\":\"ImageObject\",\"inLanguage\":\"es-AR\",\"@id\":\"https:\\\/\\\/radioclanfm.com\\\/clanespectaculos\\\/#\\\/schema\\\/logo\\\/image\\\/\",\"url\":\"https:\\\/\\\/radioclanfm.com\\\/clanespectaculos\\\/wp-content\\\/uploads\\\/sites\\\/2\\\/2026\\\/04\\\/ChatGPT-Image-23-mar-2026-10_09_00.png\",\"contentUrl\":\"https:\\\/\\\/radioclanfm.com\\\/clanespectaculos\\\/wp-content\\\/uploads\\\/sites\\\/2\\\/2026\\\/04\\\/ChatGPT-Image-23-mar-2026-10_09_00.png\",\"width\":1024,\"height\":1024,\"caption\":\"CLAN ESPECTACULOS\"},\"image\":{\"@id\":\"https:\\\/\\\/radioclanfm.com\\\/clanespectaculos\\\/#\\\/schema\\\/logo\\\/image\\\/\"},\"sameAs\":[\"https:\\\/\\\/www.facebook.com\\\/clanespectaculos\\\/\",\"https:\\\/\\\/x.com\\\/clanespectok\"]},{\"@type\":\"Person\",\"@id\":\"https:\\\/\\\/radioclanfm.com\\\/clanespectaculos\\\/#\\\/schema\\\/person\\\/9734813083303230f3ad84d99171b20c\",\"name\":\"E-GRUPOCLAN\",\"image\":{\"@type\":\"ImageObject\",\"inLanguage\":\"es-AR\",\"@id\":\"https:\\\/\\\/secure.gravatar.com\\\/avatar\\\/af6e19837c3d6a212034a48c7b3818d2ac1826f6025df0155da5a186ad321d79?s=96&d=mm&r=g\",\"url\":\"https:\\\/\\\/secure.gravatar.com\\\/avatar\\\/af6e19837c3d6a212034a48c7b3818d2ac1826f6025df0155da5a186ad321d79?s=96&d=mm&r=g\",\"contentUrl\":\"https:\\\/\\\/secure.gravatar.com\\\/avatar\\\/af6e19837c3d6a212034a48c7b3818d2ac1826f6025df0155da5a186ad321d79?s=96&d=mm&r=g\",\"caption\":\"E-GRUPOCLAN\"},\"sameAs\":[\"https:\\\/\\\/radioclanfm.com\"],\"url\":\"https:\\\/\\\/radioclanfm.com\\\/clanespectaculos\\\/author\\\/admin\\\/\"}]}<\/script>\n<!-- \/ Yoast SEO plugin. -->","yoast_head_json":{"title":"La presentaci\u00f3n oficial de Timoteo: el tierno posteo de Reina Reech con su nieto - CLAN ESPECTACULOS","robots":{"index":"index","follow":"follow","max-snippet":"max-snippet:-1","max-image-preview":"max-image-preview:large","max-video-preview":"max-video-preview:-1"},"canonical":"https:\/\/radioclanfm.com\/clanespectaculos\/la-presentacion-oficial-de-timoteo-el-tierno-posteo-de-reina-reech-con-su-nieto\/","og_locale":"es_ES","og_type":"article","og_title":"La presentaci\u00f3n oficial de Timoteo: el tierno posteo de Reina Reech con su nieto - CLAN ESPECTACULOS","og_description":"Hace apenas una semana,\u00a0Juana Repetto\u00a0dio\u00a0la bienvenida a\u00a0Timoteo, su tercer hijo y el integrante m\u00e1s reciente de la familia que form\u00f3 junto a\u00a0Sebasti\u00e1n Graviotto. Durante los primeros d\u00edas, la familia opt\u00f3 por preservar la intimidad del peque\u00f1o y no mostrarlo en redes sociales, ya que Sebasti\u00e1n se encontraba de viaje por trabajo y a\u00fan no hab\u00eda [&hellip;]","og_url":"https:\/\/radioclanfm.com\/clanespectaculos\/la-presentacion-oficial-de-timoteo-el-tierno-posteo-de-reina-reech-con-su-nieto\/","og_site_name":"CLAN ESPECTACULOS","article_publisher":"https:\/\/www.facebook.com\/clanespectaculos\/","article_published_time":"2026-02-25T00:43:48+00:00","og_image":[{"width":900,"height":450,"url":"https:\/\/radioclanfm.com\/clanespectaculos\/wp-content\/uploads\/sites\/2\/2026\/02\/hybR0qHU.jpg","type":"image\/jpeg"}],"author":"E-GRUPOCLAN","twitter_card":"summary_large_image","twitter_creator":"@clanespectok","twitter_site":"@clanespectok","twitter_misc":{"Escrito por":"E-GRUPOCLAN","Tiempo de lectura":"3 minutos"},"schema":{"@context":"https:\/\/schema.org","@graph":[{"@type":"Article","@id":"https:\/\/radioclanfm.com\/clanespectaculos\/la-presentacion-oficial-de-timoteo-el-tierno-posteo-de-reina-reech-con-su-nieto\/#article","isPartOf":{"@id":"https:\/\/radioclanfm.com\/clanespectaculos\/la-presentacion-oficial-de-timoteo-el-tierno-posteo-de-reina-reech-con-su-nieto\/"},"author":{"name":"E-GRUPOCLAN","@id":"https:\/\/radioclanfm.com\/clanespectaculos\/#\/schema\/person\/9734813083303230f3ad84d99171b20c"},"headline":"La presentaci\u00f3n oficial de Timoteo: el tierno posteo de Reina Reech con su nieto","datePublished":"2026-02-25T00:43:48+00:00","mainEntityOfPage":{"@id":"https:\/\/radioclanfm.com\/clanespectaculos\/la-presentacion-oficial-de-timoteo-el-tierno-posteo-de-reina-reech-con-su-nieto\/"},"wordCount":687,"commentCount":0,"publisher":{"@id":"https:\/\/radioclanfm.com\/clanespectaculos\/#organization"},"image":{"@id":"https:\/\/radioclanfm.com\/clanespectaculos\/la-presentacion-oficial-de-timoteo-el-tierno-posteo-de-reina-reech-con-su-nieto\/#primaryimage"},"thumbnailUrl":"https:\/\/radioclanfm.com\/clanespectaculos\/wp-content\/uploads\/sites\/2\/2026\/02\/hybR0qHU.jpg","articleSection":["Espectaculos"],"inLanguage":"es-AR","potentialAction":[{"@type":"CommentAction","name":"Comment","target":["https:\/\/radioclanfm.com\/clanespectaculos\/la-presentacion-oficial-de-timoteo-el-tierno-posteo-de-reina-reech-con-su-nieto\/#respond"]}]},{"@type":"WebPage","@id":"https:\/\/radioclanfm.com\/clanespectaculos\/la-presentacion-oficial-de-timoteo-el-tierno-posteo-de-reina-reech-con-su-nieto\/","url":"https:\/\/radioclanfm.com\/clanespectaculos\/la-presentacion-oficial-de-timoteo-el-tierno-posteo-de-reina-reech-con-su-nieto\/","name":"La presentaci\u00f3n oficial de Timoteo: el tierno posteo de Reina Reech con su nieto - CLAN ESPECTACULOS","isPartOf":{"@id":"https:\/\/radioclanfm.com\/clanespectaculos\/#website"},"primaryImageOfPage":{"@id":"https:\/\/radioclanfm.com\/clanespectaculos\/la-presentacion-oficial-de-timoteo-el-tierno-posteo-de-reina-reech-con-su-nieto\/#primaryimage"},"image":{"@id":"https:\/\/radioclanfm.com\/clanespectaculos\/la-presentacion-oficial-de-timoteo-el-tierno-posteo-de-reina-reech-con-su-nieto\/#primaryimage"},"thumbnailUrl":"https:\/\/radioclanfm.com\/clanespectaculos\/wp-content\/uploads\/sites\/2\/2026\/02\/hybR0qHU.jpg","datePublished":"2026-02-25T00:43:48+00:00","breadcrumb":{"@id":"https:\/\/radioclanfm.com\/clanespectaculos\/la-presentacion-oficial-de-timoteo-el-tierno-posteo-de-reina-reech-con-su-nieto\/#breadcrumb"},"inLanguage":"es-AR","potentialAction":[{"@type":"ReadAction","target":["https:\/\/radioclanfm.com\/clanespectaculos\/la-presentacion-oficial-de-timoteo-el-tierno-posteo-de-reina-reech-con-su-nieto\/"]}]},{"@type":"ImageObject","inLanguage":"es-AR","@id":"https:\/\/radioclanfm.com\/clanespectaculos\/la-presentacion-oficial-de-timoteo-el-tierno-posteo-de-reina-reech-con-su-nieto\/#primaryimage","url":"https:\/\/radioclanfm.com\/clanespectaculos\/wp-content\/uploads\/sites\/2\/2026\/02\/hybR0qHU.jpg","contentUrl":"https:\/\/radioclanfm.com\/clanespectaculos\/wp-content\/uploads\/sites\/2\/2026\/02\/hybR0qHU.jpg","width":900,"height":450},{"@type":"BreadcrumbList","@id":"https:\/\/radioclanfm.com\/clanespectaculos\/la-presentacion-oficial-de-timoteo-el-tierno-posteo-de-reina-reech-con-su-nieto\/#breadcrumb","itemListElement":[{"@type":"ListItem","position":1,"name":"Inicio","item":"https:\/\/radioclanfm.com\/clanespectaculos\/"},{"@type":"ListItem","position":2,"name":"La presentaci\u00f3n oficial de Timoteo: el tierno posteo de Reina Reech con su nieto"}]},{"@type":"WebSite","@id":"https:\/\/radioclanfm.com\/clanespectaculos\/#website","url":"https:\/\/radioclanfm.com\/clanespectaculos\/","name":"CLAN ESPECTACULOS","description":"","publisher":{"@id":"https:\/\/radioclanfm.com\/clanespectaculos\/#organization"},"potentialAction":[{"@type":"SearchAction","target":{"@type":"EntryPoint","urlTemplate":"https:\/\/radioclanfm.com\/clanespectaculos\/?s={search_term_string}"},"query-input":{"@type":"PropertyValueSpecification","valueRequired":true,"valueName":"search_term_string"}}],"inLanguage":"es-AR"},{"@type":"Organization","@id":"https:\/\/radioclanfm.com\/clanespectaculos\/#organization","name":"CLAN ESPECTACULOS","url":"https:\/\/radioclanfm.com\/clanespectaculos\/","logo":{"@type":"ImageObject","inLanguage":"es-AR","@id":"https:\/\/radioclanfm.com\/clanespectaculos\/#\/schema\/logo\/image\/","url":"https:\/\/radioclanfm.com\/clanespectaculos\/wp-content\/uploads\/sites\/2\/2026\/04\/ChatGPT-Image-23-mar-2026-10_09_00.png","contentUrl":"https:\/\/radioclanfm.com\/clanespectaculos\/wp-content\/uploads\/sites\/2\/2026\/04\/ChatGPT-Image-23-mar-2026-10_09_00.png","width":1024,"height":1024,"caption":"CLAN ESPECTACULOS"},"image":{"@id":"https:\/\/radioclanfm.com\/clanespectaculos\/#\/schema\/logo\/image\/"},"sameAs":["https:\/\/www.facebook.com\/clanespectaculos\/","https:\/\/x.com\/clanespectok"]},{"@type":"Person","@id":"https:\/\/radioclanfm.com\/clanespectaculos\/#\/schema\/person\/9734813083303230f3ad84d99171b20c","name":"E-GRUPOCLAN","image":{"@type":"ImageObject","inLanguage":"es-AR","@id":"https:\/\/secure.gravatar.com\/avatar\/af6e19837c3d6a212034a48c7b3818d2ac1826f6025df0155da5a186ad321d79?s=96&d=mm&r=g","url":"https:\/\/secure.gravatar.com\/avatar\/af6e19837c3d6a212034a48c7b3818d2ac1826f6025df0155da5a186ad321d79?s=96&d=mm&r=g","contentUrl":"https:\/\/secure.gravatar.com\/avatar\/af6e19837c3d6a212034a48c7b3818d2ac1826f6025df0155da5a186ad321d79?s=96&d=mm&r=g","caption":"E-GRUPOCLAN"},"sameAs":["https:\/\/radioclanfm.com"],"url":"https:\/\/radioclanfm.com\/clanespectaculos\/author\/admin\/"}]}},"_links":{"self":[{"href":"https:\/\/radioclanfm.com\/clanespectaculos\/wp-json\/wp\/v2\/posts\/12780","targetHints":{"allow":["GET"]}}],"collection":[{"href":"https:\/\/radioclanfm.com\/clanespectaculos\/wp-json\/wp\/v2\/posts"}],"about":[{"href":"https:\/\/radioclanfm.com\/clanespectaculos\/wp-json\/wp\/v2\/types\/post"}],"author":[{"embeddable":true,"href":"https:\/\/radioclanfm.com\/clanespectaculos\/wp-json\/wp\/v2\/users\/1"}],"replies":[{"embeddable":true,"href":"https:\/\/radioclanfm.com\/clanespectaculos\/wp-json\/wp\/v2\/comments?post=12780"}],"version-history":[{"count":1,"href":"https:\/\/radioclanfm.com\/clanespectaculos\/wp-json\/wp\/v2\/posts\/12780\/revisions"}],"predecessor-version":[{"id":12784,"href":"https:\/\/radioclanfm.com\/clanespectaculos\/wp-json\/wp\/v2\/posts\/12780\/revisions\/12784"}],"wp:featuredmedia":[{"embeddable":true,"href":"https:\/\/radioclanfm.com\/clanespectaculos\/wp-json\/wp\/v2\/media\/12783"}],"wp:attachment":[{"href":"https:\/\/radioclanfm.com\/clanespectaculos\/wp-json\/wp\/v2\/media?parent=12780"}],"wp:term":[{"taxonomy":"category","embeddable":true,"href":"https:\/\/radioclanfm.com\/clanespectaculos\/wp-json\/wp\/v2\/categories?post=12780"},{"taxonomy":"post_tag","embeddable":true,"href":"https:\/\/radioclanfm.com\/clanespectaculos\/wp-json\/wp\/v2\/tags?post=12780"}],"curies":[{"name":"wp","href":"https:\/\/api.w.org\/{rel}","templated":true}]}}