{"id":12775,"date":"2026-02-24T21:42:15","date_gmt":"2026-02-25T00:42:15","guid":{"rendered":"https:\/\/radioclanfm.com\/clanespectaculos\/?p=12775"},"modified":"2026-02-24T21:42:15","modified_gmt":"2026-02-25T00:42:15","slug":"como-vivio-alejandro-el-hijo-de-locomotora-oliveras-su-despedida-de-en-el-barro-2-fue-algo-duro-de-ver","status":"publish","type":"post","link":"https:\/\/radioclanfm.com\/clanespectaculos\/como-vivio-alejandro-el-hijo-de-locomotora-oliveras-su-despedida-de-en-el-barro-2-fue-algo-duro-de-ver\/","title":{"rendered":"C\u00f3mo vivi\u00f3 Alejandro, el hijo de Locomotora Oliveras, su despedida de En el Barro 2: \u201cFue algo duro de ver\u201d"},"content":{"rendered":"<p>En la continuaci\u00f3n de la serie se pueden ver las \u00faltimas im\u00e1genes de la boxeadora, fallecida el 28 de julio del a\u00f1o pasado. Su hijo habl\u00f3 de la dif\u00edcil experiencia<\/p>\n<div class=\"visual__image image-initial-width\"><picture><img loading=\"lazy\" decoding=\"async\" class=\"global-image\" src=\"https:\/\/www.infobae.com\/resizer\/v2\/VJ7IHPCMYFGVBGYARC5RLGSAXQ.png?auth=1f9c4fc3a408e7eb25fbe4d9b5a546b3cdddaf7c229daffc5f0f3217df94c321&amp;smart=true&amp;width=350&amp;height=197&amp;quality=85\" alt=\"Alejandra, junto a su hijo\" width=\"589\" height=\"331\" \/><\/picture>Alejandra, junto a su hijo Alejandro<\/div>\n<p class=\"paragraph\" data-mrf-recirculation=\"Links inline\"><b>Alejandra Oliveras<\/b>, conocida como\u00a0<b>la Locomotora<\/b>, falleci\u00f3 el\u00a0<b>28 de julio de 2025<\/b>\u00a0y no lleg\u00f3 a asistir al estreno de la serie\u00a0<i>En el barro<\/i>, donde hizo su debut como actriz en un papel destacado.<\/p>\n<div class=\"news-module\" data-mrf-recirculation=\"IL_GBLs3HYWRq2RgU4Qz8MM1Q\" data-testid=\"text-html\" data-mrf-experience=\"IL_GBLs3HYWRq2RgU4Qz8MM1Q\">\n<div class=\"recommended-card__image-container\"><\/div>\n<\/div>\n<p class=\"paragraph\" data-mrf-recirculation=\"Links inline\">La segunda temporada de la producci\u00f3n incluye la muerte de\u00a0<b>Rocky<\/b>, personaje interpretado por\u00a0<b>Oliveras<\/b>, quien pierde la vida en la c\u00e1rcel a manos de otra interna. Esta escena, marcada por el velorio dentro del penal, impact\u00f3 tanto por su intensidad como por el paralelismo con el adi\u00f3s en la vida real de la boxeadora.<\/p>\n<div class=\"inline ad-wrapper\">\n<div class=\"dfpAd ad-inline\"><\/div>\n<\/div>\n<p class=\"paragraph\" data-mrf-recirculation=\"Links inline\"><b>Alejandro Oliveras<\/b>, hijo de la deportista, record\u00f3 el legado de su madre en la serie y frente al p\u00fablico: \u201cToca fibras supremamente sensibles, pero lo que se me viene es\u00a0<b>orgullo<\/b>.\u00a0<b>Todo lo que hizo, lo hizo muy bien, dej\u00f3 un legado gigante y sigue tocando el coraz\u00f3n de un mont\u00f3n de gente<\/b>\u201c, expres\u00f3.<\/p>\n<div class=\"news-module\" data-mrf-recirculation=\"IL_m3kiGo-8SVS6m0U7OqrZLw\" data-testid=\"text-html\" data-mrf-experience=\"IL_m3kiGo-8SVS6m0U7OqrZLw\">\n<div class=\"recommended-card__image-container\"><\/div>\n<\/div>\n<p class=\"paragraph\" data-mrf-recirculation=\"Links inline\">Sobre la secuencia del velorio de\u00a0<b>Rocky<\/b>,\u00a0<b>Alejandro<\/b>\u00a0manifest\u00f3: &#8220;<b>Te mueve cosas, por supuesto. Fue un momento muy emotivo, medio triste, fue algo duro de ver<\/b>\u201c. Agreg\u00f3 que, al trabajar junto a su madre, conoc\u00eda el desarrollo de la trama y la existencia de esa escena: \u201d<b>A m\u00ed me puso un poco mal recordar todo esto<\/b>\u201c, reconoci\u00f3 Oliveras.<\/p>\n<div class=\"visual__image\"><picture><source srcset=\"https:\/\/www.infobae.com\/resizer\/v2\/AH4RPAHQORARBN2664QJURSJKE.jpg?auth=1947dd20495e0e6b688a8def402547ffaebe4e9d94ac82d55b62bd51a37f3155&amp;smart=true&amp;width=992&amp;height=558&amp;quality=85\" media=\"(min-width: 1000px)\" \/><source srcset=\"https:\/\/www.infobae.com\/resizer\/v2\/AH4RPAHQORARBN2664QJURSJKE.jpg?auth=1947dd20495e0e6b688a8def402547ffaebe4e9d94ac82d55b62bd51a37f3155&amp;smart=true&amp;width=768&amp;height=432&amp;quality=85\" media=\"(min-width: 768px)\" \/><source srcset=\"https:\/\/www.infobae.com\/resizer\/v2\/AH4RPAHQORARBN2664QJURSJKE.jpg?auth=1947dd20495e0e6b688a8def402547ffaebe4e9d94ac82d55b62bd51a37f3155&amp;smart=true&amp;width=577&amp;height=325&amp;quality=85\" media=\"(min-width: 580px)\" \/><source srcset=\"https:\/\/www.infobae.com\/resizer\/v2\/AH4RPAHQORARBN2664QJURSJKE.jpg?auth=1947dd20495e0e6b688a8def402547ffaebe4e9d94ac82d55b62bd51a37f3155&amp;smart=true&amp;width=420&amp;height=236&amp;quality=85\" media=\"(min-width: 350px)\" \/><source srcset=\"https:\/\/www.infobae.com\/resizer\/v2\/AH4RPAHQORARBN2664QJURSJKE.jpg?auth=1947dd20495e0e6b688a8def402547ffaebe4e9d94ac82d55b62bd51a37f3155&amp;smart=true&amp;width=350&amp;height=197&amp;quality=85\" media=\"(min-width: 80px)\" \/><img loading=\"lazy\" decoding=\"async\" class=\"global-image\" src=\"https:\/\/www.infobae.com\/resizer\/v2\/AH4RPAHQORARBN2664QJURSJKE.jpg?auth=1947dd20495e0e6b688a8def402547ffaebe4e9d94ac82d55b62bd51a37f3155&amp;smart=true&amp;width=350&amp;height=197&amp;quality=85\" alt=\"Sobre la secuencia del velorio\" width=\"1920\" height=\"1080\" \/><\/picture>Sobre la secuencia del velorio de Rocky, Alejandro manifest\u00f3: &#8220;Te mueve cosas, por supuesto. Fue un momento muy emotivo, medio triste, fue algo duro de ver\u201c<\/div>\n<div class=\"inline_2_DSK ad-wrapper ad-desktop\">\n<div class=\"dfpAd ad-inline\"><\/div>\n<\/div>\n<p class=\"paragraph\" data-mrf-recirculation=\"Links inline\">Casualmente, unos d\u00edas atr\u00e1s, el hermano de la boxeadora,\u00a0<b>Jes\u00fas Oliveras<\/b>, comparti\u00f3 en di\u00e1logo con\u00a0<b>Teleshow\u00a0<\/b>c\u00f3mo vivi\u00f3 la experiencia de volver a verla en la pantalla chica y el deseo que tiene de mantener viva su memoria.<\/p>\n<div class=\"news-module\" data-mrf-recirculation=\"IL_wLyG9sjfRQKb8QO3fSLumw\" data-testid=\"text-html\" data-mrf-experience=\"IL_wLyG9sjfRQKb8QO3fSLumw\">\n<div class=\"recommended-card__image-container\"><\/div>\n<\/div>\n<p class=\"paragraph\" data-mrf-recirculation=\"Links inline\">Jes\u00fas describi\u00f3 el momento con una mezcla de emociones profundas: \u201cMe produjo sentimientos encontrados. Por un lado,\u00a0<b>una profunda tristeza, un dolor, un vac\u00edo que es inllenable, un duelo interminable<\/b>, porque mi hermana no solamente era mi hermana de sangre, \u00e9ramos compa\u00f1eros de trabajo, compartimos tantas cosas, admirable. Para m\u00ed, como siempre se lo dec\u00eda,<b>\u00a0era mi \u00eddola<\/b>. Yo hubiera querido ser como ella. Yo siempre le dije: \u2018Che,<b>\u00a0si tendr\u00eda que ser alguien, ser\u00eda como vos\u2019<\/b>\u201d. La admiraci\u00f3n y el orgullo por la figura de Alejandra atraviesan su relato, donde recuerda su fuerza, su lucha constante y su capacidad para sobreponerse a cualquier adversidad.<\/p>\n<div class=\"jwplayer-ctn\">\n<div>\n<div id=\"VKT6LV3GMFGGNNJOKBXXMGNXAA-custom_embed8\" class=\"jwplayer jw-reset jw-state-idle jw-stretch-uniform jw-flag-aspect-mode jw-floating-dismissible jw-keep-thumbnail jw-flag-user-inactive jw-flag-cast-available jw-breakpoint-5\" tabindex=\"0\" role=\"application\" aria-label=\"Video Player - A un mes y un d\u00eda de su muerte, el hijo de Locomotora Oliveras confirm\u00f3 que fue \u00e9l quien hall\u00f3 a su madre tirada en el piso por un ACV\" aria-describedby=\"jw-VKT6LV3GMFGGNNJOKBXXMGNXAA-custom_embed8-shortcuts-tooltip-explanation\" data-compass-listening=\"true\">\n<div class=\"jw-wrapper jw-reset\">\n<div class=\"jw-media jw-reset\"><\/div>\n<\/div>\n<\/div>\n<\/div>\n<p>A un mes y un d\u00eda de su muerte, el hijo de Locomotora Oliveras confirm\u00f3 que fue \u00e9l quien hall\u00f3 a su madre tirada en el piso por un ACV<\/p><\/div>\n<p class=\"paragraph\" data-mrf-recirculation=\"Links inline\">La presencia de Oliveras en la ficci\u00f3n\u00a0<b>le genera a su familia una alegr\u00eda especial,\u00a0<\/b>pese a la ausencia f\u00edsica: \u201cVerla en la tele, haciendo lo que le gustaba y trabajar con grandes artistas, sus compa\u00f1eras, me puso muy contento.\u00a0<b>Ella, si lo hubiera visto, realmente hubiera estado feliz<\/b>. Siempre\u00a0<b>ten\u00eda grandes proyectos, a nivel pol\u00edtico, para ayudar a la gente humilde<\/b>, porque ella naci\u00f3 en la humildad, naci\u00f3 en la pobreza y quer\u00eda visibilizar todo eso. Quer\u00eda que la escuchen,\u00a0<b>escuchen a la persona que est\u00e1 marginada<\/b>\u201d. Jes\u00fas remarc\u00f3 que Alejandra luchaba para darle voz a los excluidos y que su legado debe ser recordado y difundido<\/p>\n<div class=\"jwplayer-ctn\">\n<div>\n<div id=\"IV3T5XQXM5A43H3R65F4XJD36M-custom_embed10\" class=\"jwplayer jw-reset jw-state-idle jw-stretch-uniform jw-flag-aspect-mode jw-floating-dismissible jw-keep-thumbnail jw-flag-cast-available jw-breakpoint-5 jw-flag-user-inactive\" tabindex=\"0\" role=\"application\" aria-label=\"Video Player - Locomotora Oliveras en un detr\u00e0s de escena de En el barro (Los dos en uno solo)\" aria-describedby=\"jw-IV3T5XQXM5A43H3R65F4XJD36M-custom_embed10-shortcuts-tooltip-explanation\" data-compass-listening=\"true\">\n<div class=\"jw-wrapper jw-reset\">\n<div class=\"jw-controls jw-reset\">\n<div class=\"jw-controlbar jw-reset\">\n<div class=\"jw-reset jw-button-container\">\n<div class=\"jw-icon jw-icon-inline jw-button-color jw-reset jw-icon-cast\" tabindex=\"0\" role=\"button\" aria-label=\"Chromecast\"><\/div>\n<\/div>\n<\/div>\n<\/div>\n<\/div>\n<\/div>\n<\/div>\n<p>Compartieron im\u00e0genes in\u00e8ditas del detr\u00e0s de escena de la Locomotora Oiveras como actriz<\/p><\/div>\n<p class=\"paragraph\" data-mrf-recirculation=\"Links inline\">El dolor por la p\u00e9rdida es compartido por toda la familia: \u201c<b>Lo estamos viviendo con un profundo dolor, hablamos todos los d\u00edas<\/b>, yo me comunico con mi hermana Roxana, con mi otro hermano y realmente, recordarla cuando com\u00edamos juntos, cuando pas\u00e1bamos un d\u00eda juntos, el asado de los domingos, las peleas mundialistas, que tuvimos la gran suerte de poder estar en ese rinc\u00f3n y alentarla, de poder dar el abrazo de victoria. Esas cosas quedan en el alma y\u00a0<b>uno se lo va a llevar hasta el \u00faltimo d\u00eda<\/b>\u201d.<\/p>\n<div class=\"visual__image\"><picture><source srcset=\"https:\/\/www.infobae.com\/resizer\/v2\/OXXKXQ4Q4RAFNBOZB5SIJCQBZU.jpg?auth=e03351e47f051bc9c3fea63bfafb9075a2b527f87833d78c75e3f12112ebae49&amp;smart=true&amp;width=992&amp;height=558&amp;quality=85\" media=\"(min-width: 1000px)\" \/><source srcset=\"https:\/\/www.infobae.com\/resizer\/v2\/OXXKXQ4Q4RAFNBOZB5SIJCQBZU.jpg?auth=e03351e47f051bc9c3fea63bfafb9075a2b527f87833d78c75e3f12112ebae49&amp;smart=true&amp;width=768&amp;height=432&amp;quality=85\" media=\"(min-width: 768px)\" \/><source srcset=\"https:\/\/www.infobae.com\/resizer\/v2\/OXXKXQ4Q4RAFNBOZB5SIJCQBZU.jpg?auth=e03351e47f051bc9c3fea63bfafb9075a2b527f87833d78c75e3f12112ebae49&amp;smart=true&amp;width=577&amp;height=325&amp;quality=85\" media=\"(min-width: 580px)\" \/><source srcset=\"https:\/\/www.infobae.com\/resizer\/v2\/OXXKXQ4Q4RAFNBOZB5SIJCQBZU.jpg?auth=e03351e47f051bc9c3fea63bfafb9075a2b527f87833d78c75e3f12112ebae49&amp;smart=true&amp;width=420&amp;height=236&amp;quality=85\" media=\"(min-width: 350px)\" \/><source srcset=\"https:\/\/www.infobae.com\/resizer\/v2\/OXXKXQ4Q4RAFNBOZB5SIJCQBZU.jpg?auth=e03351e47f051bc9c3fea63bfafb9075a2b527f87833d78c75e3f12112ebae49&amp;smart=true&amp;width=350&amp;height=197&amp;quality=85\" media=\"(min-width: 80px)\" \/><img loading=\"lazy\" decoding=\"async\" class=\"global-image\" src=\"https:\/\/www.infobae.com\/resizer\/v2\/OXXKXQ4Q4RAFNBOZB5SIJCQBZU.jpg?auth=e03351e47f051bc9c3fea63bfafb9075a2b527f87833d78c75e3f12112ebae49&amp;smart=true&amp;width=350&amp;height=197&amp;quality=85\" alt=\"Jes\u00fas asumi\u00f3 la misi\u00f3n de\" width=\"1920\" height=\"1080\" \/><\/picture>Jes\u00fas asumi\u00f3 la misi\u00f3n de mantener viva la memoria de Alejandra: \u201cComo hermano, tengo la necesidad de que no la olviden, que Argentina no olvide que tuvo una campeona del mundo, una luchadora&#8221; (Gustavo Gavotti)<\/div>\n<p class=\"paragraph\" data-mrf-recirculation=\"Links inline\">Jes\u00fas asumi\u00f3 la misi\u00f3n de mantener viva la memoria de Alejandra: \u201cComo hermano,\u00a0<b>tengo la necesidad de que no la olviden<\/b>, que Argentina no olvide que tuvo una campeona del mundo, una luchadora,\u00a0<b>una leona que luch\u00f3 por los derechos de la mujer,contra la pobreza, por la igualdad, por la injusticia<\/b>. No quiero que la olviden y me voy a encargar personalmente de que Argentina no la olvide, de que no pasen cuarenta, cincuenta a\u00f1os y nadie sepa qui\u00e9n fue Alejandra Locomotora Oliveras.\u00a0<b>Tiene que haber monumentos<\/b>, y yo me voy a encargar personalmente, hablando a trav\u00e9s de las municipalidades, de que hagan monumentos que representen lo que fue en vida Locomotora Oliveras para que las generaciones que vengan de mujeres, de boxeadoras, de humildes, sepan que\u00a0<b>si ella pudo, vos tambi\u00e9n pod\u00e9s<\/b>. Y el legado que ella dej\u00f3, que no se olvide. Por eso voy a encargarme personalmente y voy a luchar toda mi vida para que sea recordada\u201d.<\/p>\n<div class=\"second-saved-buttons\">\n<div class=\"body-share-note\"><\/div>\n<\/div>\n","protected":false},"excerpt":{"rendered":"<p>En la continuaci\u00f3n de la serie se pueden ver las \u00faltimas im\u00e1genes de la boxeadora, fallecida el 28 de julio del a\u00f1o pasado. Su hijo habl\u00f3 de la dif\u00edcil experiencia Alejandra, junto a su hijo Alejandro Alejandra Oliveras, conocida como\u00a0la Locomotora, falleci\u00f3 el\u00a028 de julio de 2025\u00a0y no lleg\u00f3 a asistir al estreno de la [&hellip;]<\/p>\n","protected":false},"author":1,"featured_media":12778,"comment_status":"open","ping_status":"open","sticky":false,"template":"","format":"standard","meta":{"rop_custom_images_group":[],"rop_custom_messages_group":[],"rop_publish_now":"initial","rop_publish_now_accounts":[],"rop_publish_now_history":[],"rop_publish_now_status":"pending","footnotes":"","jetpack_publicize_message":"","jetpack_publicize_feature_enabled":true,"jetpack_social_post_already_shared":true,"jetpack_social_options":{"image_generator_settings":{"template":"highway","enabled":false},"version":2}},"categories":[12],"tags":[],"class_list":{"0":"post-12775","1":"post","2":"type-post","3":"status-publish","4":"format-standard","5":"has-post-thumbnail","7":"category-espectaculos"},"jetpack_publicize_connections":[],"yoast_head":"<!-- This site is optimized with the Yoast SEO plugin v27.3 - https:\/\/yoast.com\/product\/yoast-seo-wordpress\/ -->\n<title>C\u00f3mo vivi\u00f3 Alejandro, el hijo de Locomotora Oliveras, su despedida de En el Barro 2: \u201cFue algo duro de ver\u201d - CLAN ESPECTACULOS<\/title>\n<meta name=\"robots\" content=\"index, follow, max-snippet:-1, max-image-preview:large, max-video-preview:-1\" \/>\n<link rel=\"canonical\" href=\"https:\/\/radioclanfm.com\/clanespectaculos\/como-vivio-alejandro-el-hijo-de-locomotora-oliveras-su-despedida-de-en-el-barro-2-fue-algo-duro-de-ver\/\" \/>\n<meta property=\"og:locale\" content=\"es_ES\" \/>\n<meta property=\"og:type\" content=\"article\" \/>\n<meta property=\"og:title\" content=\"C\u00f3mo vivi\u00f3 Alejandro, el hijo de Locomotora Oliveras, su despedida de En el Barro 2: \u201cFue algo duro de ver\u201d - CLAN ESPECTACULOS\" \/>\n<meta property=\"og:description\" content=\"En la continuaci\u00f3n de la serie se pueden ver las \u00faltimas im\u00e1genes de la boxeadora, fallecida el 28 de julio del a\u00f1o pasado. Su hijo habl\u00f3 de la dif\u00edcil experiencia Alejandra, junto a su hijo Alejandro Alejandra Oliveras, conocida como\u00a0la Locomotora, falleci\u00f3 el\u00a028 de julio de 2025\u00a0y no lleg\u00f3 a asistir al estreno de la [&hellip;]\" \/>\n<meta property=\"og:url\" content=\"https:\/\/radioclanfm.com\/clanespectaculos\/como-vivio-alejandro-el-hijo-de-locomotora-oliveras-su-despedida-de-en-el-barro-2-fue-algo-duro-de-ver\/\" \/>\n<meta property=\"og:site_name\" content=\"CLAN ESPECTACULOS\" \/>\n<meta property=\"article:publisher\" content=\"https:\/\/www.facebook.com\/clanespectaculos\/\" \/>\n<meta property=\"article:published_time\" content=\"2026-02-25T00:42:15+00:00\" \/>\n<meta property=\"og:image\" content=\"https:\/\/radioclanfm.com\/clanespectaculos\/wp-content\/uploads\/sites\/2\/2026\/02\/0yoWJRBN.jpg\" \/>\n\t<meta property=\"og:image:width\" content=\"900\" \/>\n\t<meta property=\"og:image:height\" content=\"450\" \/>\n\t<meta property=\"og:image:type\" content=\"image\/jpeg\" \/>\n<meta name=\"author\" content=\"E-GRUPOCLAN\" \/>\n<meta name=\"twitter:card\" content=\"summary_large_image\" \/>\n<meta name=\"twitter:creator\" content=\"@clanespectok\" \/>\n<meta name=\"twitter:site\" content=\"@clanespectok\" \/>\n<meta name=\"twitter:label1\" content=\"Escrito por\" \/>\n\t<meta name=\"twitter:data1\" content=\"E-GRUPOCLAN\" \/>\n\t<meta name=\"twitter:label2\" content=\"Tiempo de lectura\" \/>\n\t<meta name=\"twitter:data2\" content=\"4 minutos\" \/>\n<script type=\"application\/ld+json\" class=\"yoast-schema-graph\">{\"@context\":\"https:\\\/\\\/schema.org\",\"@graph\":[{\"@type\":\"Article\",\"@id\":\"https:\\\/\\\/radioclanfm.com\\\/clanespectaculos\\\/como-vivio-alejandro-el-hijo-de-locomotora-oliveras-su-despedida-de-en-el-barro-2-fue-algo-duro-de-ver\\\/#article\",\"isPartOf\":{\"@id\":\"https:\\\/\\\/radioclanfm.com\\\/clanespectaculos\\\/como-vivio-alejandro-el-hijo-de-locomotora-oliveras-su-despedida-de-en-el-barro-2-fue-algo-duro-de-ver\\\/\"},\"author\":{\"name\":\"E-GRUPOCLAN\",\"@id\":\"https:\\\/\\\/radioclanfm.com\\\/clanespectaculos\\\/#\\\/schema\\\/person\\\/9734813083303230f3ad84d99171b20c\"},\"headline\":\"C\u00f3mo vivi\u00f3 Alejandro, el hijo de Locomotora Oliveras, su despedida de En el Barro 2: \u201cFue algo duro de ver\u201d\",\"datePublished\":\"2026-02-25T00:42:15+00:00\",\"mainEntityOfPage\":{\"@id\":\"https:\\\/\\\/radioclanfm.com\\\/clanespectaculos\\\/como-vivio-alejandro-el-hijo-de-locomotora-oliveras-su-despedida-de-en-el-barro-2-fue-algo-duro-de-ver\\\/\"},\"wordCount\":913,\"commentCount\":0,\"publisher\":{\"@id\":\"https:\\\/\\\/radioclanfm.com\\\/clanespectaculos\\\/#organization\"},\"image\":{\"@id\":\"https:\\\/\\\/radioclanfm.com\\\/clanespectaculos\\\/como-vivio-alejandro-el-hijo-de-locomotora-oliveras-su-despedida-de-en-el-barro-2-fue-algo-duro-de-ver\\\/#primaryimage\"},\"thumbnailUrl\":\"https:\\\/\\\/radioclanfm.com\\\/clanespectaculos\\\/wp-content\\\/uploads\\\/sites\\\/2\\\/2026\\\/02\\\/0yoWJRBN.jpg\",\"articleSection\":[\"Espectaculos\"],\"inLanguage\":\"es-AR\",\"potentialAction\":[{\"@type\":\"CommentAction\",\"name\":\"Comment\",\"target\":[\"https:\\\/\\\/radioclanfm.com\\\/clanespectaculos\\\/como-vivio-alejandro-el-hijo-de-locomotora-oliveras-su-despedida-de-en-el-barro-2-fue-algo-duro-de-ver\\\/#respond\"]}]},{\"@type\":\"WebPage\",\"@id\":\"https:\\\/\\\/radioclanfm.com\\\/clanespectaculos\\\/como-vivio-alejandro-el-hijo-de-locomotora-oliveras-su-despedida-de-en-el-barro-2-fue-algo-duro-de-ver\\\/\",\"url\":\"https:\\\/\\\/radioclanfm.com\\\/clanespectaculos\\\/como-vivio-alejandro-el-hijo-de-locomotora-oliveras-su-despedida-de-en-el-barro-2-fue-algo-duro-de-ver\\\/\",\"name\":\"C\u00f3mo vivi\u00f3 Alejandro, el hijo de Locomotora Oliveras, su despedida de En el Barro 2: \u201cFue algo duro de ver\u201d - CLAN ESPECTACULOS\",\"isPartOf\":{\"@id\":\"https:\\\/\\\/radioclanfm.com\\\/clanespectaculos\\\/#website\"},\"primaryImageOfPage\":{\"@id\":\"https:\\\/\\\/radioclanfm.com\\\/clanespectaculos\\\/como-vivio-alejandro-el-hijo-de-locomotora-oliveras-su-despedida-de-en-el-barro-2-fue-algo-duro-de-ver\\\/#primaryimage\"},\"image\":{\"@id\":\"https:\\\/\\\/radioclanfm.com\\\/clanespectaculos\\\/como-vivio-alejandro-el-hijo-de-locomotora-oliveras-su-despedida-de-en-el-barro-2-fue-algo-duro-de-ver\\\/#primaryimage\"},\"thumbnailUrl\":\"https:\\\/\\\/radioclanfm.com\\\/clanespectaculos\\\/wp-content\\\/uploads\\\/sites\\\/2\\\/2026\\\/02\\\/0yoWJRBN.jpg\",\"datePublished\":\"2026-02-25T00:42:15+00:00\",\"breadcrumb\":{\"@id\":\"https:\\\/\\\/radioclanfm.com\\\/clanespectaculos\\\/como-vivio-alejandro-el-hijo-de-locomotora-oliveras-su-despedida-de-en-el-barro-2-fue-algo-duro-de-ver\\\/#breadcrumb\"},\"inLanguage\":\"es-AR\",\"potentialAction\":[{\"@type\":\"ReadAction\",\"target\":[\"https:\\\/\\\/radioclanfm.com\\\/clanespectaculos\\\/como-vivio-alejandro-el-hijo-de-locomotora-oliveras-su-despedida-de-en-el-barro-2-fue-algo-duro-de-ver\\\/\"]}]},{\"@type\":\"ImageObject\",\"inLanguage\":\"es-AR\",\"@id\":\"https:\\\/\\\/radioclanfm.com\\\/clanespectaculos\\\/como-vivio-alejandro-el-hijo-de-locomotora-oliveras-su-despedida-de-en-el-barro-2-fue-algo-duro-de-ver\\\/#primaryimage\",\"url\":\"https:\\\/\\\/radioclanfm.com\\\/clanespectaculos\\\/wp-content\\\/uploads\\\/sites\\\/2\\\/2026\\\/02\\\/0yoWJRBN.jpg\",\"contentUrl\":\"https:\\\/\\\/radioclanfm.com\\\/clanespectaculos\\\/wp-content\\\/uploads\\\/sites\\\/2\\\/2026\\\/02\\\/0yoWJRBN.jpg\",\"width\":900,\"height\":450},{\"@type\":\"BreadcrumbList\",\"@id\":\"https:\\\/\\\/radioclanfm.com\\\/clanespectaculos\\\/como-vivio-alejandro-el-hijo-de-locomotora-oliveras-su-despedida-de-en-el-barro-2-fue-algo-duro-de-ver\\\/#breadcrumb\",\"itemListElement\":[{\"@type\":\"ListItem\",\"position\":1,\"name\":\"Inicio\",\"item\":\"https:\\\/\\\/radioclanfm.com\\\/clanespectaculos\\\/\"},{\"@type\":\"ListItem\",\"position\":2,\"name\":\"C\u00f3mo vivi\u00f3 Alejandro, el hijo de Locomotora Oliveras, su despedida de En el Barro 2: \u201cFue algo duro de ver\u201d\"}]},{\"@type\":\"WebSite\",\"@id\":\"https:\\\/\\\/radioclanfm.com\\\/clanespectaculos\\\/#website\",\"url\":\"https:\\\/\\\/radioclanfm.com\\\/clanespectaculos\\\/\",\"name\":\"CLAN ESPECTACULOS\",\"description\":\"\",\"publisher\":{\"@id\":\"https:\\\/\\\/radioclanfm.com\\\/clanespectaculos\\\/#organization\"},\"potentialAction\":[{\"@type\":\"SearchAction\",\"target\":{\"@type\":\"EntryPoint\",\"urlTemplate\":\"https:\\\/\\\/radioclanfm.com\\\/clanespectaculos\\\/?s={search_term_string}\"},\"query-input\":{\"@type\":\"PropertyValueSpecification\",\"valueRequired\":true,\"valueName\":\"search_term_string\"}}],\"inLanguage\":\"es-AR\"},{\"@type\":\"Organization\",\"@id\":\"https:\\\/\\\/radioclanfm.com\\\/clanespectaculos\\\/#organization\",\"name\":\"CLAN ESPECTACULOS\",\"url\":\"https:\\\/\\\/radioclanfm.com\\\/clanespectaculos\\\/\",\"logo\":{\"@type\":\"ImageObject\",\"inLanguage\":\"es-AR\",\"@id\":\"https:\\\/\\\/radioclanfm.com\\\/clanespectaculos\\\/#\\\/schema\\\/logo\\\/image\\\/\",\"url\":\"https:\\\/\\\/radioclanfm.com\\\/clanespectaculos\\\/wp-content\\\/uploads\\\/sites\\\/2\\\/2026\\\/04\\\/ChatGPT-Image-23-mar-2026-10_09_00.png\",\"contentUrl\":\"https:\\\/\\\/radioclanfm.com\\\/clanespectaculos\\\/wp-content\\\/uploads\\\/sites\\\/2\\\/2026\\\/04\\\/ChatGPT-Image-23-mar-2026-10_09_00.png\",\"width\":1024,\"height\":1024,\"caption\":\"CLAN ESPECTACULOS\"},\"image\":{\"@id\":\"https:\\\/\\\/radioclanfm.com\\\/clanespectaculos\\\/#\\\/schema\\\/logo\\\/image\\\/\"},\"sameAs\":[\"https:\\\/\\\/www.facebook.com\\\/clanespectaculos\\\/\",\"https:\\\/\\\/x.com\\\/clanespectok\"]},{\"@type\":\"Person\",\"@id\":\"https:\\\/\\\/radioclanfm.com\\\/clanespectaculos\\\/#\\\/schema\\\/person\\\/9734813083303230f3ad84d99171b20c\",\"name\":\"E-GRUPOCLAN\",\"image\":{\"@type\":\"ImageObject\",\"inLanguage\":\"es-AR\",\"@id\":\"https:\\\/\\\/secure.gravatar.com\\\/avatar\\\/af6e19837c3d6a212034a48c7b3818d2ac1826f6025df0155da5a186ad321d79?s=96&d=mm&r=g\",\"url\":\"https:\\\/\\\/secure.gravatar.com\\\/avatar\\\/af6e19837c3d6a212034a48c7b3818d2ac1826f6025df0155da5a186ad321d79?s=96&d=mm&r=g\",\"contentUrl\":\"https:\\\/\\\/secure.gravatar.com\\\/avatar\\\/af6e19837c3d6a212034a48c7b3818d2ac1826f6025df0155da5a186ad321d79?s=96&d=mm&r=g\",\"caption\":\"E-GRUPOCLAN\"},\"sameAs\":[\"https:\\\/\\\/radioclanfm.com\"],\"url\":\"https:\\\/\\\/radioclanfm.com\\\/clanespectaculos\\\/author\\\/admin\\\/\"}]}<\/script>\n<!-- \/ Yoast SEO plugin. -->","yoast_head_json":{"title":"C\u00f3mo vivi\u00f3 Alejandro, el hijo de Locomotora Oliveras, su despedida de En el Barro 2: \u201cFue algo duro de ver\u201d - CLAN ESPECTACULOS","robots":{"index":"index","follow":"follow","max-snippet":"max-snippet:-1","max-image-preview":"max-image-preview:large","max-video-preview":"max-video-preview:-1"},"canonical":"https:\/\/radioclanfm.com\/clanespectaculos\/como-vivio-alejandro-el-hijo-de-locomotora-oliveras-su-despedida-de-en-el-barro-2-fue-algo-duro-de-ver\/","og_locale":"es_ES","og_type":"article","og_title":"C\u00f3mo vivi\u00f3 Alejandro, el hijo de Locomotora Oliveras, su despedida de En el Barro 2: \u201cFue algo duro de ver\u201d - CLAN ESPECTACULOS","og_description":"En la continuaci\u00f3n de la serie se pueden ver las \u00faltimas im\u00e1genes de la boxeadora, fallecida el 28 de julio del a\u00f1o pasado. Su hijo habl\u00f3 de la dif\u00edcil experiencia Alejandra, junto a su hijo Alejandro Alejandra Oliveras, conocida como\u00a0la Locomotora, falleci\u00f3 el\u00a028 de julio de 2025\u00a0y no lleg\u00f3 a asistir al estreno de la [&hellip;]","og_url":"https:\/\/radioclanfm.com\/clanespectaculos\/como-vivio-alejandro-el-hijo-de-locomotora-oliveras-su-despedida-de-en-el-barro-2-fue-algo-duro-de-ver\/","og_site_name":"CLAN ESPECTACULOS","article_publisher":"https:\/\/www.facebook.com\/clanespectaculos\/","article_published_time":"2026-02-25T00:42:15+00:00","og_image":[{"width":900,"height":450,"url":"https:\/\/radioclanfm.com\/clanespectaculos\/wp-content\/uploads\/sites\/2\/2026\/02\/0yoWJRBN.jpg","type":"image\/jpeg"}],"author":"E-GRUPOCLAN","twitter_card":"summary_large_image","twitter_creator":"@clanespectok","twitter_site":"@clanespectok","twitter_misc":{"Escrito por":"E-GRUPOCLAN","Tiempo de lectura":"4 minutos"},"schema":{"@context":"https:\/\/schema.org","@graph":[{"@type":"Article","@id":"https:\/\/radioclanfm.com\/clanespectaculos\/como-vivio-alejandro-el-hijo-de-locomotora-oliveras-su-despedida-de-en-el-barro-2-fue-algo-duro-de-ver\/#article","isPartOf":{"@id":"https:\/\/radioclanfm.com\/clanespectaculos\/como-vivio-alejandro-el-hijo-de-locomotora-oliveras-su-despedida-de-en-el-barro-2-fue-algo-duro-de-ver\/"},"author":{"name":"E-GRUPOCLAN","@id":"https:\/\/radioclanfm.com\/clanespectaculos\/#\/schema\/person\/9734813083303230f3ad84d99171b20c"},"headline":"C\u00f3mo vivi\u00f3 Alejandro, el hijo de Locomotora Oliveras, su despedida de En el Barro 2: \u201cFue algo duro de ver\u201d","datePublished":"2026-02-25T00:42:15+00:00","mainEntityOfPage":{"@id":"https:\/\/radioclanfm.com\/clanespectaculos\/como-vivio-alejandro-el-hijo-de-locomotora-oliveras-su-despedida-de-en-el-barro-2-fue-algo-duro-de-ver\/"},"wordCount":913,"commentCount":0,"publisher":{"@id":"https:\/\/radioclanfm.com\/clanespectaculos\/#organization"},"image":{"@id":"https:\/\/radioclanfm.com\/clanespectaculos\/como-vivio-alejandro-el-hijo-de-locomotora-oliveras-su-despedida-de-en-el-barro-2-fue-algo-duro-de-ver\/#primaryimage"},"thumbnailUrl":"https:\/\/radioclanfm.com\/clanespectaculos\/wp-content\/uploads\/sites\/2\/2026\/02\/0yoWJRBN.jpg","articleSection":["Espectaculos"],"inLanguage":"es-AR","potentialAction":[{"@type":"CommentAction","name":"Comment","target":["https:\/\/radioclanfm.com\/clanespectaculos\/como-vivio-alejandro-el-hijo-de-locomotora-oliveras-su-despedida-de-en-el-barro-2-fue-algo-duro-de-ver\/#respond"]}]},{"@type":"WebPage","@id":"https:\/\/radioclanfm.com\/clanespectaculos\/como-vivio-alejandro-el-hijo-de-locomotora-oliveras-su-despedida-de-en-el-barro-2-fue-algo-duro-de-ver\/","url":"https:\/\/radioclanfm.com\/clanespectaculos\/como-vivio-alejandro-el-hijo-de-locomotora-oliveras-su-despedida-de-en-el-barro-2-fue-algo-duro-de-ver\/","name":"C\u00f3mo vivi\u00f3 Alejandro, el hijo de Locomotora Oliveras, su despedida de En el Barro 2: \u201cFue algo duro de ver\u201d - CLAN ESPECTACULOS","isPartOf":{"@id":"https:\/\/radioclanfm.com\/clanespectaculos\/#website"},"primaryImageOfPage":{"@id":"https:\/\/radioclanfm.com\/clanespectaculos\/como-vivio-alejandro-el-hijo-de-locomotora-oliveras-su-despedida-de-en-el-barro-2-fue-algo-duro-de-ver\/#primaryimage"},"image":{"@id":"https:\/\/radioclanfm.com\/clanespectaculos\/como-vivio-alejandro-el-hijo-de-locomotora-oliveras-su-despedida-de-en-el-barro-2-fue-algo-duro-de-ver\/#primaryimage"},"thumbnailUrl":"https:\/\/radioclanfm.com\/clanespectaculos\/wp-content\/uploads\/sites\/2\/2026\/02\/0yoWJRBN.jpg","datePublished":"2026-02-25T00:42:15+00:00","breadcrumb":{"@id":"https:\/\/radioclanfm.com\/clanespectaculos\/como-vivio-alejandro-el-hijo-de-locomotora-oliveras-su-despedida-de-en-el-barro-2-fue-algo-duro-de-ver\/#breadcrumb"},"inLanguage":"es-AR","potentialAction":[{"@type":"ReadAction","target":["https:\/\/radioclanfm.com\/clanespectaculos\/como-vivio-alejandro-el-hijo-de-locomotora-oliveras-su-despedida-de-en-el-barro-2-fue-algo-duro-de-ver\/"]}]},{"@type":"ImageObject","inLanguage":"es-AR","@id":"https:\/\/radioclanfm.com\/clanespectaculos\/como-vivio-alejandro-el-hijo-de-locomotora-oliveras-su-despedida-de-en-el-barro-2-fue-algo-duro-de-ver\/#primaryimage","url":"https:\/\/radioclanfm.com\/clanespectaculos\/wp-content\/uploads\/sites\/2\/2026\/02\/0yoWJRBN.jpg","contentUrl":"https:\/\/radioclanfm.com\/clanespectaculos\/wp-content\/uploads\/sites\/2\/2026\/02\/0yoWJRBN.jpg","width":900,"height":450},{"@type":"BreadcrumbList","@id":"https:\/\/radioclanfm.com\/clanespectaculos\/como-vivio-alejandro-el-hijo-de-locomotora-oliveras-su-despedida-de-en-el-barro-2-fue-algo-duro-de-ver\/#breadcrumb","itemListElement":[{"@type":"ListItem","position":1,"name":"Inicio","item":"https:\/\/radioclanfm.com\/clanespectaculos\/"},{"@type":"ListItem","position":2,"name":"C\u00f3mo vivi\u00f3 Alejandro, el hijo de Locomotora Oliveras, su despedida de En el Barro 2: \u201cFue algo duro de ver\u201d"}]},{"@type":"WebSite","@id":"https:\/\/radioclanfm.com\/clanespectaculos\/#website","url":"https:\/\/radioclanfm.com\/clanespectaculos\/","name":"CLAN ESPECTACULOS","description":"","publisher":{"@id":"https:\/\/radioclanfm.com\/clanespectaculos\/#organization"},"potentialAction":[{"@type":"SearchAction","target":{"@type":"EntryPoint","urlTemplate":"https:\/\/radioclanfm.com\/clanespectaculos\/?s={search_term_string}"},"query-input":{"@type":"PropertyValueSpecification","valueRequired":true,"valueName":"search_term_string"}}],"inLanguage":"es-AR"},{"@type":"Organization","@id":"https:\/\/radioclanfm.com\/clanespectaculos\/#organization","name":"CLAN ESPECTACULOS","url":"https:\/\/radioclanfm.com\/clanespectaculos\/","logo":{"@type":"ImageObject","inLanguage":"es-AR","@id":"https:\/\/radioclanfm.com\/clanespectaculos\/#\/schema\/logo\/image\/","url":"https:\/\/radioclanfm.com\/clanespectaculos\/wp-content\/uploads\/sites\/2\/2026\/04\/ChatGPT-Image-23-mar-2026-10_09_00.png","contentUrl":"https:\/\/radioclanfm.com\/clanespectaculos\/wp-content\/uploads\/sites\/2\/2026\/04\/ChatGPT-Image-23-mar-2026-10_09_00.png","width":1024,"height":1024,"caption":"CLAN ESPECTACULOS"},"image":{"@id":"https:\/\/radioclanfm.com\/clanespectaculos\/#\/schema\/logo\/image\/"},"sameAs":["https:\/\/www.facebook.com\/clanespectaculos\/","https:\/\/x.com\/clanespectok"]},{"@type":"Person","@id":"https:\/\/radioclanfm.com\/clanespectaculos\/#\/schema\/person\/9734813083303230f3ad84d99171b20c","name":"E-GRUPOCLAN","image":{"@type":"ImageObject","inLanguage":"es-AR","@id":"https:\/\/secure.gravatar.com\/avatar\/af6e19837c3d6a212034a48c7b3818d2ac1826f6025df0155da5a186ad321d79?s=96&d=mm&r=g","url":"https:\/\/secure.gravatar.com\/avatar\/af6e19837c3d6a212034a48c7b3818d2ac1826f6025df0155da5a186ad321d79?s=96&d=mm&r=g","contentUrl":"https:\/\/secure.gravatar.com\/avatar\/af6e19837c3d6a212034a48c7b3818d2ac1826f6025df0155da5a186ad321d79?s=96&d=mm&r=g","caption":"E-GRUPOCLAN"},"sameAs":["https:\/\/radioclanfm.com"],"url":"https:\/\/radioclanfm.com\/clanespectaculos\/author\/admin\/"}]}},"_links":{"self":[{"href":"https:\/\/radioclanfm.com\/clanespectaculos\/wp-json\/wp\/v2\/posts\/12775","targetHints":{"allow":["GET"]}}],"collection":[{"href":"https:\/\/radioclanfm.com\/clanespectaculos\/wp-json\/wp\/v2\/posts"}],"about":[{"href":"https:\/\/radioclanfm.com\/clanespectaculos\/wp-json\/wp\/v2\/types\/post"}],"author":[{"embeddable":true,"href":"https:\/\/radioclanfm.com\/clanespectaculos\/wp-json\/wp\/v2\/users\/1"}],"replies":[{"embeddable":true,"href":"https:\/\/radioclanfm.com\/clanespectaculos\/wp-json\/wp\/v2\/comments?post=12775"}],"version-history":[{"count":1,"href":"https:\/\/radioclanfm.com\/clanespectaculos\/wp-json\/wp\/v2\/posts\/12775\/revisions"}],"predecessor-version":[{"id":12779,"href":"https:\/\/radioclanfm.com\/clanespectaculos\/wp-json\/wp\/v2\/posts\/12775\/revisions\/12779"}],"wp:featuredmedia":[{"embeddable":true,"href":"https:\/\/radioclanfm.com\/clanespectaculos\/wp-json\/wp\/v2\/media\/12778"}],"wp:attachment":[{"href":"https:\/\/radioclanfm.com\/clanespectaculos\/wp-json\/wp\/v2\/media?parent=12775"}],"wp:term":[{"taxonomy":"category","embeddable":true,"href":"https:\/\/radioclanfm.com\/clanespectaculos\/wp-json\/wp\/v2\/categories?post=12775"},{"taxonomy":"post_tag","embeddable":true,"href":"https:\/\/radioclanfm.com\/clanespectaculos\/wp-json\/wp\/v2\/tags?post=12775"}],"curies":[{"name":"wp","href":"https:\/\/api.w.org\/{rel}","templated":true}]}}