{"id":12770,"date":"2026-02-24T21:40:32","date_gmt":"2026-02-25T00:40:32","guid":{"rendered":"https:\/\/radioclanfm.com\/clanespectaculos\/?p=12770"},"modified":"2026-02-24T21:40:32","modified_gmt":"2026-02-25T00:40:32","slug":"andrea-del-boca-se-quebro-en-llanto-en-su-primer-dia-en-gran-hermano-anoche-sone-como-que-estabas-aca","status":"publish","type":"post","link":"https:\/\/radioclanfm.com\/clanespectaculos\/andrea-del-boca-se-quebro-en-llanto-en-su-primer-dia-en-gran-hermano-anoche-sone-como-que-estabas-aca\/","title":{"rendered":"Andrea del Boca se quebr\u00f3 en llanto en su primer d\u00eda en Gran Hermano: \u201cAnoche so\u00f1\u00e9 como que estabas ac\u00e1\u201d"},"content":{"rendered":"<p>La actriz fue una de las 18 personas que ingres\u00f3 al reality el lunes por la noche y ya tuvo su primer momento de drama<\/p>\n<p class=\"paragraph\" data-mrf-recirculation=\"Links inline\">El lunes por la noche,\u00a0<i>Gran Hermano<\/i>\u00a0regres\u00f3 a la pantalla de Telefe con\u00a0<i>Gran Hermano Generaci\u00f3n Dorada<\/i>\u00a0y sorprendi\u00f3 a todos al anunciar que\u00a0la primera persona en ingresar a la casa\u00a0fue\u00a0<b>Andrea del Boca<\/b>, quien\u00a0tendr\u00e1 que convivir con otras 17 personas. La reconocida actriz, que acept\u00f3 el desaf\u00edo del reality, dej\u00f3 afuera a su hija<b>\u00a0Anna Chiara<\/b>, a su mascota y a su mam\u00e1, pero busc\u00f3 una manera de sentirlos cerca: entr\u00f3 con un almohad\u00f3n que llevaba la cara de su hija y de su mascota, como amuletos para sobrellevar la ausencia. A pesar de esta estrategia, en menos de 12 horas de encierro Andrea ya se quebr\u00f3 en llanto, mostrando su costado m\u00e1s vulnerable.<\/p>\n<div class=\"news-module\" data-mrf-recirculation=\"IL_GBLs3HYWRq2RgU4Qz8MM1Q\" data-testid=\"text-html\" data-mrf-experience=\"IL_GBLs3HYWRq2RgU4Qz8MM1Q\">\n<div class=\"recommended-card__image-container\"><\/div>\n<\/div>\n<p class=\"paragraph\" data-mrf-recirculation=\"Links inline\">Sentada en la cama, con las piernas cruzadas y el almohad\u00f3n empapado frente a ella, la actriz se entreg\u00f3 a un mon\u00f3logo cargado de emoci\u00f3n:\u00a0<b>\u201cSab\u00e9s que siempre estoy, siempre estoy de tu lado. A tu lado y de tu lado. Te amo siempre. Te amo. Te amo yo tambi\u00e9n a vos, Chichito. Ay, Chichito, vos ya deb\u00e9s estar durmiendo la siesta al lado de Lala, al lado de mam\u00e1, s\u00ed. Mami te ama, te amo, mami. Te amo, te amo. \u00bfSab\u00e9s que te amo? Que te amo siempre&#8221;.<\/b><\/p>\n<div class=\"inline ad-wrapper\">\n<div class=\"dfpAd ad-inline\"><\/div>\n<\/div>\n<p class=\"paragraph\" data-mrf-recirculation=\"Links inline\">Y sigui\u00f3 con la voz quebrada por la emoci\u00f3n: \u201cAyer, cuando entr\u00e9 ac\u00e1 y lo sent\u00ed ac\u00e1, \u00a1uy! Fue como&#8230; que m\u00e1s lo escuchaba, lo escuchaba, me dec\u00eda: \u2018Silencio, vamos a grabar. Silencio, acci\u00f3n\u2019. Yo s\u00e9, pap\u00e1, que vos est\u00e1s ac\u00e1. Y que vos hiciste para que yo estuviese ac\u00e1. Es como que en ese ojo est\u00e1 tu mirada. Te extra\u00f1o, Nico. Extra\u00f1o tus abrazos, pero s\u00e9 que est\u00e1s feliz. Anoche so\u00f1\u00e9 como que estabas ac\u00e1 y estaba la abuela, y estaba la nona, y estaba el lobo, y estaba la abuela, y estaba Mati, y estaba la t\u00eda Nelly, y estaba el t\u00edo Berto, todos mirando como diciendo: \u2018Vamos a sentarnos desde ac\u00e1 y vamos a ver una buena obra\u2019. Yo s\u00e9 que est\u00e1s, yo te siento\u201d.<\/p>\n<div class=\"news-module\" data-mrf-recirculation=\"IL_m3kiGo-8SVS6m0U7OqrZLw\" data-testid=\"text-html\" data-mrf-experience=\"IL_m3kiGo-8SVS6m0U7OqrZLw\">\n<div class=\"recommended-card__image-container\"><\/div>\n<\/div>\n<p class=\"paragraph\" data-mrf-recirculation=\"Links inline\">La escena, repleta de nostalgia y sensibilidad, dej\u00f3 en evidencia el peso de los afectos y la dificultad de sobrellevar la distancia en el encierro de Gran Hermano, incluso para una figura tan experimentada y querida como Andrea del Boca.<\/p>\n<div class=\"visual__image\"><picture><source srcset=\"https:\/\/www.infobae.com\/resizer\/v2\/ERFVRCV4BFC35KNWXG7PGETCDY.jpg?auth=141465a4ea0ef282404e58030e0aa6c791de0db8f51e36ca4770fdba956fda60&amp;smart=true&amp;width=992&amp;height=558&amp;quality=85\" media=\"(min-width: 1000px)\" \/><source srcset=\"https:\/\/www.infobae.com\/resizer\/v2\/ERFVRCV4BFC35KNWXG7PGETCDY.jpg?auth=141465a4ea0ef282404e58030e0aa6c791de0db8f51e36ca4770fdba956fda60&amp;smart=true&amp;width=768&amp;height=432&amp;quality=85\" media=\"(min-width: 768px)\" \/><source srcset=\"https:\/\/www.infobae.com\/resizer\/v2\/ERFVRCV4BFC35KNWXG7PGETCDY.jpg?auth=141465a4ea0ef282404e58030e0aa6c791de0db8f51e36ca4770fdba956fda60&amp;smart=true&amp;width=577&amp;height=325&amp;quality=85\" media=\"(min-width: 580px)\" \/><source srcset=\"https:\/\/www.infobae.com\/resizer\/v2\/ERFVRCV4BFC35KNWXG7PGETCDY.jpg?auth=141465a4ea0ef282404e58030e0aa6c791de0db8f51e36ca4770fdba956fda60&amp;smart=true&amp;width=420&amp;height=236&amp;quality=85\" media=\"(min-width: 350px)\" \/><source srcset=\"https:\/\/www.infobae.com\/resizer\/v2\/ERFVRCV4BFC35KNWXG7PGETCDY.jpg?auth=141465a4ea0ef282404e58030e0aa6c791de0db8f51e36ca4770fdba956fda60&amp;smart=true&amp;width=350&amp;height=197&amp;quality=85\" media=\"(min-width: 80px)\" \/><img loading=\"lazy\" decoding=\"async\" class=\"global-image\" src=\"https:\/\/www.infobae.com\/resizer\/v2\/ERFVRCV4BFC35KNWXG7PGETCDY.jpg?auth=141465a4ea0ef282404e58030e0aa6c791de0db8f51e36ca4770fdba956fda60&amp;smart=true&amp;width=350&amp;height=197&amp;quality=85\" alt=\"La actriz quebr\u00f3 en llanto\" width=\"1920\" height=\"1080\" \/><\/picture>La actriz quebr\u00f3 en llanto en la habitaci\u00f3n de Gran Hermano<\/div>\n<div class=\"inline_2_DSK ad-wrapper ad-desktop\">\n<div class=\"dfpAd ad-inline\"><\/div>\n<\/div>\n<p class=\"paragraph\" data-mrf-recirculation=\"Links inline\">El llanto de Andrea del Boca en las primeras horas de Gran Hermano no pas\u00f3 desapercibido en las redes sociales, donde los usuarios no tardaron en compartir opiniones divididas y comentarios cargados de iron\u00eda. Al conocerse el video de la actriz quebr\u00e1ndose en la intimidad de la casa, las reacciones en X y otras plataformas oscilaron entre la incredulidad, la burla y la sospecha de que todo se trataba de una actuaci\u00f3n para ganar la simpat\u00eda del p\u00fablico en las primeras horas de programa.<\/p>\n<div class=\"news-module\" data-mrf-recirculation=\"IL_wLyG9sjfRQKb8QO3fSLumw\" data-testid=\"text-html\" data-mrf-experience=\"IL_wLyG9sjfRQKb8QO3fSLumw\">\n<div class=\"recommended-card__image-container\"><\/div>\n<\/div>\n<p class=\"paragraph\" data-mrf-recirculation=\"Links inline\">Muchos usuarios pusieron en duda la autenticidad de su emoci\u00f3n, sugiriendo que podr\u00eda tratarse de una actuaci\u00f3n dada su extensa trayectoria como actriz. Otros, en tono ir\u00f3nico, cuestionaron su capacidad para soportar el encierro y pronosticaron que no durar\u00e1 mucho tiempo en el reality. Tambi\u00e9n hubo quienes la tildaron de exagerada y sostuvieron que sus l\u00e1grimas eran parte de un show para la c\u00e1mara. Las opiniones divididas y la r\u00e1pida viralizaci\u00f3n del episodio dejaron en claro que el p\u00fablico de Gran Hermano analiza cada gesto de los participantes y no deja pasar ninguna actitud sin comentar.<\/p>\n<p class=\"paragraph\" data-mrf-recirculation=\"Links inline\">La escena gener\u00f3 debate y dej\u00f3 en claro que, a pesar de la experiencia y la historia de Andrea del Boca, el p\u00fablico de Gran Hermano no est\u00e1 dispuesto a dejar pasar ning\u00fan gesto y que la convivencia, apenas iniciada, ya comenz\u00f3 a poner a prueba a todos los participantes, incluso a las figuras m\u00e1s consagradas.<\/p>\n<div class=\"second-saved-buttons\">\n<div class=\"body-share-note\"><\/div>\n<\/div>\n","protected":false},"excerpt":{"rendered":"<p>La actriz fue una de las 18 personas que ingres\u00f3 al reality el lunes por la noche y ya tuvo su primer momento de drama El lunes por la noche,\u00a0Gran Hermano\u00a0regres\u00f3 a la pantalla de Telefe con\u00a0Gran Hermano Generaci\u00f3n Dorada\u00a0y sorprendi\u00f3 a todos al anunciar que\u00a0la primera persona en ingresar a la casa\u00a0fue\u00a0Andrea del Boca, [&hellip;]<\/p>\n","protected":false},"author":1,"featured_media":12773,"comment_status":"open","ping_status":"open","sticky":false,"template":"","format":"standard","meta":{"rop_custom_images_group":[],"rop_custom_messages_group":[],"rop_publish_now":"initial","rop_publish_now_accounts":[],"rop_publish_now_history":[],"rop_publish_now_status":"pending","footnotes":"","jetpack_publicize_message":"","jetpack_publicize_feature_enabled":true,"jetpack_social_post_already_shared":true,"jetpack_social_options":{"image_generator_settings":{"template":"highway","enabled":false},"version":2}},"categories":[12],"tags":[],"class_list":{"0":"post-12770","1":"post","2":"type-post","3":"status-publish","4":"format-standard","5":"has-post-thumbnail","7":"category-espectaculos"},"jetpack_publicize_connections":[],"yoast_head":"<!-- This site is optimized with the Yoast SEO plugin v27.3 - https:\/\/yoast.com\/product\/yoast-seo-wordpress\/ -->\n<title>Andrea del Boca se quebr\u00f3 en llanto en su primer d\u00eda en Gran Hermano: \u201cAnoche so\u00f1\u00e9 como que estabas ac\u00e1\u201d - CLAN ESPECTACULOS<\/title>\n<meta name=\"robots\" content=\"index, follow, max-snippet:-1, max-image-preview:large, max-video-preview:-1\" \/>\n<link rel=\"canonical\" href=\"https:\/\/radioclanfm.com\/clanespectaculos\/andrea-del-boca-se-quebro-en-llanto-en-su-primer-dia-en-gran-hermano-anoche-sone-como-que-estabas-aca\/\" \/>\n<meta property=\"og:locale\" content=\"es_ES\" \/>\n<meta property=\"og:type\" content=\"article\" \/>\n<meta property=\"og:title\" content=\"Andrea del Boca se quebr\u00f3 en llanto en su primer d\u00eda en Gran Hermano: \u201cAnoche so\u00f1\u00e9 como que estabas ac\u00e1\u201d - CLAN ESPECTACULOS\" \/>\n<meta property=\"og:description\" content=\"La actriz fue una de las 18 personas que ingres\u00f3 al reality el lunes por la noche y ya tuvo su primer momento de drama El lunes por la noche,\u00a0Gran Hermano\u00a0regres\u00f3 a la pantalla de Telefe con\u00a0Gran Hermano Generaci\u00f3n Dorada\u00a0y sorprendi\u00f3 a todos al anunciar que\u00a0la primera persona en ingresar a la casa\u00a0fue\u00a0Andrea del Boca, [&hellip;]\" \/>\n<meta property=\"og:url\" content=\"https:\/\/radioclanfm.com\/clanespectaculos\/andrea-del-boca-se-quebro-en-llanto-en-su-primer-dia-en-gran-hermano-anoche-sone-como-que-estabas-aca\/\" \/>\n<meta property=\"og:site_name\" content=\"CLAN ESPECTACULOS\" \/>\n<meta property=\"article:publisher\" content=\"https:\/\/www.facebook.com\/clanespectaculos\/\" \/>\n<meta property=\"article:published_time\" content=\"2026-02-25T00:40:32+00:00\" \/>\n<meta property=\"og:image\" content=\"https:\/\/radioclanfm.com\/clanespectaculos\/wp-content\/uploads\/sites\/2\/2026\/02\/I-bLSSPI.jpg\" \/>\n\t<meta property=\"og:image:width\" content=\"900\" \/>\n\t<meta property=\"og:image:height\" content=\"450\" \/>\n\t<meta property=\"og:image:type\" content=\"image\/jpeg\" \/>\n<meta name=\"author\" content=\"E-GRUPOCLAN\" \/>\n<meta name=\"twitter:card\" content=\"summary_large_image\" \/>\n<meta name=\"twitter:creator\" content=\"@clanespectok\" \/>\n<meta name=\"twitter:site\" content=\"@clanespectok\" \/>\n<meta name=\"twitter:label1\" content=\"Escrito por\" \/>\n\t<meta name=\"twitter:data1\" content=\"E-GRUPOCLAN\" \/>\n\t<meta name=\"twitter:label2\" content=\"Tiempo de lectura\" \/>\n\t<meta name=\"twitter:data2\" content=\"3 minutos\" \/>\n<script type=\"application\/ld+json\" class=\"yoast-schema-graph\">{\"@context\":\"https:\\\/\\\/schema.org\",\"@graph\":[{\"@type\":\"Article\",\"@id\":\"https:\\\/\\\/radioclanfm.com\\\/clanespectaculos\\\/andrea-del-boca-se-quebro-en-llanto-en-su-primer-dia-en-gran-hermano-anoche-sone-como-que-estabas-aca\\\/#article\",\"isPartOf\":{\"@id\":\"https:\\\/\\\/radioclanfm.com\\\/clanespectaculos\\\/andrea-del-boca-se-quebro-en-llanto-en-su-primer-dia-en-gran-hermano-anoche-sone-como-que-estabas-aca\\\/\"},\"author\":{\"name\":\"E-GRUPOCLAN\",\"@id\":\"https:\\\/\\\/radioclanfm.com\\\/clanespectaculos\\\/#\\\/schema\\\/person\\\/9734813083303230f3ad84d99171b20c\"},\"headline\":\"Andrea del Boca se quebr\u00f3 en llanto en su primer d\u00eda en Gran Hermano: \u201cAnoche so\u00f1\u00e9 como que estabas ac\u00e1\u201d\",\"datePublished\":\"2026-02-25T00:40:32+00:00\",\"mainEntityOfPage\":{\"@id\":\"https:\\\/\\\/radioclanfm.com\\\/clanespectaculos\\\/andrea-del-boca-se-quebro-en-llanto-en-su-primer-dia-en-gran-hermano-anoche-sone-como-que-estabas-aca\\\/\"},\"wordCount\":707,\"commentCount\":0,\"publisher\":{\"@id\":\"https:\\\/\\\/radioclanfm.com\\\/clanespectaculos\\\/#organization\"},\"image\":{\"@id\":\"https:\\\/\\\/radioclanfm.com\\\/clanespectaculos\\\/andrea-del-boca-se-quebro-en-llanto-en-su-primer-dia-en-gran-hermano-anoche-sone-como-que-estabas-aca\\\/#primaryimage\"},\"thumbnailUrl\":\"https:\\\/\\\/radioclanfm.com\\\/clanespectaculos\\\/wp-content\\\/uploads\\\/sites\\\/2\\\/2026\\\/02\\\/I-bLSSPI.jpg\",\"articleSection\":[\"Espectaculos\"],\"inLanguage\":\"es-AR\",\"potentialAction\":[{\"@type\":\"CommentAction\",\"name\":\"Comment\",\"target\":[\"https:\\\/\\\/radioclanfm.com\\\/clanespectaculos\\\/andrea-del-boca-se-quebro-en-llanto-en-su-primer-dia-en-gran-hermano-anoche-sone-como-que-estabas-aca\\\/#respond\"]}]},{\"@type\":\"WebPage\",\"@id\":\"https:\\\/\\\/radioclanfm.com\\\/clanespectaculos\\\/andrea-del-boca-se-quebro-en-llanto-en-su-primer-dia-en-gran-hermano-anoche-sone-como-que-estabas-aca\\\/\",\"url\":\"https:\\\/\\\/radioclanfm.com\\\/clanespectaculos\\\/andrea-del-boca-se-quebro-en-llanto-en-su-primer-dia-en-gran-hermano-anoche-sone-como-que-estabas-aca\\\/\",\"name\":\"Andrea del Boca se quebr\u00f3 en llanto en su primer d\u00eda en Gran Hermano: \u201cAnoche so\u00f1\u00e9 como que estabas ac\u00e1\u201d - CLAN ESPECTACULOS\",\"isPartOf\":{\"@id\":\"https:\\\/\\\/radioclanfm.com\\\/clanespectaculos\\\/#website\"},\"primaryImageOfPage\":{\"@id\":\"https:\\\/\\\/radioclanfm.com\\\/clanespectaculos\\\/andrea-del-boca-se-quebro-en-llanto-en-su-primer-dia-en-gran-hermano-anoche-sone-como-que-estabas-aca\\\/#primaryimage\"},\"image\":{\"@id\":\"https:\\\/\\\/radioclanfm.com\\\/clanespectaculos\\\/andrea-del-boca-se-quebro-en-llanto-en-su-primer-dia-en-gran-hermano-anoche-sone-como-que-estabas-aca\\\/#primaryimage\"},\"thumbnailUrl\":\"https:\\\/\\\/radioclanfm.com\\\/clanespectaculos\\\/wp-content\\\/uploads\\\/sites\\\/2\\\/2026\\\/02\\\/I-bLSSPI.jpg\",\"datePublished\":\"2026-02-25T00:40:32+00:00\",\"breadcrumb\":{\"@id\":\"https:\\\/\\\/radioclanfm.com\\\/clanespectaculos\\\/andrea-del-boca-se-quebro-en-llanto-en-su-primer-dia-en-gran-hermano-anoche-sone-como-que-estabas-aca\\\/#breadcrumb\"},\"inLanguage\":\"es-AR\",\"potentialAction\":[{\"@type\":\"ReadAction\",\"target\":[\"https:\\\/\\\/radioclanfm.com\\\/clanespectaculos\\\/andrea-del-boca-se-quebro-en-llanto-en-su-primer-dia-en-gran-hermano-anoche-sone-como-que-estabas-aca\\\/\"]}]},{\"@type\":\"ImageObject\",\"inLanguage\":\"es-AR\",\"@id\":\"https:\\\/\\\/radioclanfm.com\\\/clanespectaculos\\\/andrea-del-boca-se-quebro-en-llanto-en-su-primer-dia-en-gran-hermano-anoche-sone-como-que-estabas-aca\\\/#primaryimage\",\"url\":\"https:\\\/\\\/radioclanfm.com\\\/clanespectaculos\\\/wp-content\\\/uploads\\\/sites\\\/2\\\/2026\\\/02\\\/I-bLSSPI.jpg\",\"contentUrl\":\"https:\\\/\\\/radioclanfm.com\\\/clanespectaculos\\\/wp-content\\\/uploads\\\/sites\\\/2\\\/2026\\\/02\\\/I-bLSSPI.jpg\",\"width\":900,\"height\":450},{\"@type\":\"BreadcrumbList\",\"@id\":\"https:\\\/\\\/radioclanfm.com\\\/clanespectaculos\\\/andrea-del-boca-se-quebro-en-llanto-en-su-primer-dia-en-gran-hermano-anoche-sone-como-que-estabas-aca\\\/#breadcrumb\",\"itemListElement\":[{\"@type\":\"ListItem\",\"position\":1,\"name\":\"Inicio\",\"item\":\"https:\\\/\\\/radioclanfm.com\\\/clanespectaculos\\\/\"},{\"@type\":\"ListItem\",\"position\":2,\"name\":\"Andrea del Boca se quebr\u00f3 en llanto en su primer d\u00eda en Gran Hermano: \u201cAnoche so\u00f1\u00e9 como que estabas ac\u00e1\u201d\"}]},{\"@type\":\"WebSite\",\"@id\":\"https:\\\/\\\/radioclanfm.com\\\/clanespectaculos\\\/#website\",\"url\":\"https:\\\/\\\/radioclanfm.com\\\/clanespectaculos\\\/\",\"name\":\"CLAN ESPECTACULOS\",\"description\":\"\",\"publisher\":{\"@id\":\"https:\\\/\\\/radioclanfm.com\\\/clanespectaculos\\\/#organization\"},\"potentialAction\":[{\"@type\":\"SearchAction\",\"target\":{\"@type\":\"EntryPoint\",\"urlTemplate\":\"https:\\\/\\\/radioclanfm.com\\\/clanespectaculos\\\/?s={search_term_string}\"},\"query-input\":{\"@type\":\"PropertyValueSpecification\",\"valueRequired\":true,\"valueName\":\"search_term_string\"}}],\"inLanguage\":\"es-AR\"},{\"@type\":\"Organization\",\"@id\":\"https:\\\/\\\/radioclanfm.com\\\/clanespectaculos\\\/#organization\",\"name\":\"CLAN ESPECTACULOS\",\"url\":\"https:\\\/\\\/radioclanfm.com\\\/clanespectaculos\\\/\",\"logo\":{\"@type\":\"ImageObject\",\"inLanguage\":\"es-AR\",\"@id\":\"https:\\\/\\\/radioclanfm.com\\\/clanespectaculos\\\/#\\\/schema\\\/logo\\\/image\\\/\",\"url\":\"https:\\\/\\\/radioclanfm.com\\\/clanespectaculos\\\/wp-content\\\/uploads\\\/sites\\\/2\\\/2026\\\/04\\\/ChatGPT-Image-23-mar-2026-10_09_00.png\",\"contentUrl\":\"https:\\\/\\\/radioclanfm.com\\\/clanespectaculos\\\/wp-content\\\/uploads\\\/sites\\\/2\\\/2026\\\/04\\\/ChatGPT-Image-23-mar-2026-10_09_00.png\",\"width\":1024,\"height\":1024,\"caption\":\"CLAN ESPECTACULOS\"},\"image\":{\"@id\":\"https:\\\/\\\/radioclanfm.com\\\/clanespectaculos\\\/#\\\/schema\\\/logo\\\/image\\\/\"},\"sameAs\":[\"https:\\\/\\\/www.facebook.com\\\/clanespectaculos\\\/\",\"https:\\\/\\\/x.com\\\/clanespectok\"]},{\"@type\":\"Person\",\"@id\":\"https:\\\/\\\/radioclanfm.com\\\/clanespectaculos\\\/#\\\/schema\\\/person\\\/9734813083303230f3ad84d99171b20c\",\"name\":\"E-GRUPOCLAN\",\"image\":{\"@type\":\"ImageObject\",\"inLanguage\":\"es-AR\",\"@id\":\"https:\\\/\\\/secure.gravatar.com\\\/avatar\\\/af6e19837c3d6a212034a48c7b3818d2ac1826f6025df0155da5a186ad321d79?s=96&d=mm&r=g\",\"url\":\"https:\\\/\\\/secure.gravatar.com\\\/avatar\\\/af6e19837c3d6a212034a48c7b3818d2ac1826f6025df0155da5a186ad321d79?s=96&d=mm&r=g\",\"contentUrl\":\"https:\\\/\\\/secure.gravatar.com\\\/avatar\\\/af6e19837c3d6a212034a48c7b3818d2ac1826f6025df0155da5a186ad321d79?s=96&d=mm&r=g\",\"caption\":\"E-GRUPOCLAN\"},\"sameAs\":[\"https:\\\/\\\/radioclanfm.com\"],\"url\":\"https:\\\/\\\/radioclanfm.com\\\/clanespectaculos\\\/author\\\/admin\\\/\"}]}<\/script>\n<!-- \/ Yoast SEO plugin. -->","yoast_head_json":{"title":"Andrea del Boca se quebr\u00f3 en llanto en su primer d\u00eda en Gran Hermano: \u201cAnoche so\u00f1\u00e9 como que estabas ac\u00e1\u201d - CLAN ESPECTACULOS","robots":{"index":"index","follow":"follow","max-snippet":"max-snippet:-1","max-image-preview":"max-image-preview:large","max-video-preview":"max-video-preview:-1"},"canonical":"https:\/\/radioclanfm.com\/clanespectaculos\/andrea-del-boca-se-quebro-en-llanto-en-su-primer-dia-en-gran-hermano-anoche-sone-como-que-estabas-aca\/","og_locale":"es_ES","og_type":"article","og_title":"Andrea del Boca se quebr\u00f3 en llanto en su primer d\u00eda en Gran Hermano: \u201cAnoche so\u00f1\u00e9 como que estabas ac\u00e1\u201d - CLAN ESPECTACULOS","og_description":"La actriz fue una de las 18 personas que ingres\u00f3 al reality el lunes por la noche y ya tuvo su primer momento de drama El lunes por la noche,\u00a0Gran Hermano\u00a0regres\u00f3 a la pantalla de Telefe con\u00a0Gran Hermano Generaci\u00f3n Dorada\u00a0y sorprendi\u00f3 a todos al anunciar que\u00a0la primera persona en ingresar a la casa\u00a0fue\u00a0Andrea del Boca, [&hellip;]","og_url":"https:\/\/radioclanfm.com\/clanespectaculos\/andrea-del-boca-se-quebro-en-llanto-en-su-primer-dia-en-gran-hermano-anoche-sone-como-que-estabas-aca\/","og_site_name":"CLAN ESPECTACULOS","article_publisher":"https:\/\/www.facebook.com\/clanespectaculos\/","article_published_time":"2026-02-25T00:40:32+00:00","og_image":[{"width":900,"height":450,"url":"https:\/\/radioclanfm.com\/clanespectaculos\/wp-content\/uploads\/sites\/2\/2026\/02\/I-bLSSPI.jpg","type":"image\/jpeg"}],"author":"E-GRUPOCLAN","twitter_card":"summary_large_image","twitter_creator":"@clanespectok","twitter_site":"@clanespectok","twitter_misc":{"Escrito por":"E-GRUPOCLAN","Tiempo de lectura":"3 minutos"},"schema":{"@context":"https:\/\/schema.org","@graph":[{"@type":"Article","@id":"https:\/\/radioclanfm.com\/clanespectaculos\/andrea-del-boca-se-quebro-en-llanto-en-su-primer-dia-en-gran-hermano-anoche-sone-como-que-estabas-aca\/#article","isPartOf":{"@id":"https:\/\/radioclanfm.com\/clanespectaculos\/andrea-del-boca-se-quebro-en-llanto-en-su-primer-dia-en-gran-hermano-anoche-sone-como-que-estabas-aca\/"},"author":{"name":"E-GRUPOCLAN","@id":"https:\/\/radioclanfm.com\/clanespectaculos\/#\/schema\/person\/9734813083303230f3ad84d99171b20c"},"headline":"Andrea del Boca se quebr\u00f3 en llanto en su primer d\u00eda en Gran Hermano: \u201cAnoche so\u00f1\u00e9 como que estabas ac\u00e1\u201d","datePublished":"2026-02-25T00:40:32+00:00","mainEntityOfPage":{"@id":"https:\/\/radioclanfm.com\/clanespectaculos\/andrea-del-boca-se-quebro-en-llanto-en-su-primer-dia-en-gran-hermano-anoche-sone-como-que-estabas-aca\/"},"wordCount":707,"commentCount":0,"publisher":{"@id":"https:\/\/radioclanfm.com\/clanespectaculos\/#organization"},"image":{"@id":"https:\/\/radioclanfm.com\/clanespectaculos\/andrea-del-boca-se-quebro-en-llanto-en-su-primer-dia-en-gran-hermano-anoche-sone-como-que-estabas-aca\/#primaryimage"},"thumbnailUrl":"https:\/\/radioclanfm.com\/clanespectaculos\/wp-content\/uploads\/sites\/2\/2026\/02\/I-bLSSPI.jpg","articleSection":["Espectaculos"],"inLanguage":"es-AR","potentialAction":[{"@type":"CommentAction","name":"Comment","target":["https:\/\/radioclanfm.com\/clanespectaculos\/andrea-del-boca-se-quebro-en-llanto-en-su-primer-dia-en-gran-hermano-anoche-sone-como-que-estabas-aca\/#respond"]}]},{"@type":"WebPage","@id":"https:\/\/radioclanfm.com\/clanespectaculos\/andrea-del-boca-se-quebro-en-llanto-en-su-primer-dia-en-gran-hermano-anoche-sone-como-que-estabas-aca\/","url":"https:\/\/radioclanfm.com\/clanespectaculos\/andrea-del-boca-se-quebro-en-llanto-en-su-primer-dia-en-gran-hermano-anoche-sone-como-que-estabas-aca\/","name":"Andrea del Boca se quebr\u00f3 en llanto en su primer d\u00eda en Gran Hermano: \u201cAnoche so\u00f1\u00e9 como que estabas ac\u00e1\u201d - CLAN ESPECTACULOS","isPartOf":{"@id":"https:\/\/radioclanfm.com\/clanespectaculos\/#website"},"primaryImageOfPage":{"@id":"https:\/\/radioclanfm.com\/clanespectaculos\/andrea-del-boca-se-quebro-en-llanto-en-su-primer-dia-en-gran-hermano-anoche-sone-como-que-estabas-aca\/#primaryimage"},"image":{"@id":"https:\/\/radioclanfm.com\/clanespectaculos\/andrea-del-boca-se-quebro-en-llanto-en-su-primer-dia-en-gran-hermano-anoche-sone-como-que-estabas-aca\/#primaryimage"},"thumbnailUrl":"https:\/\/radioclanfm.com\/clanespectaculos\/wp-content\/uploads\/sites\/2\/2026\/02\/I-bLSSPI.jpg","datePublished":"2026-02-25T00:40:32+00:00","breadcrumb":{"@id":"https:\/\/radioclanfm.com\/clanespectaculos\/andrea-del-boca-se-quebro-en-llanto-en-su-primer-dia-en-gran-hermano-anoche-sone-como-que-estabas-aca\/#breadcrumb"},"inLanguage":"es-AR","potentialAction":[{"@type":"ReadAction","target":["https:\/\/radioclanfm.com\/clanespectaculos\/andrea-del-boca-se-quebro-en-llanto-en-su-primer-dia-en-gran-hermano-anoche-sone-como-que-estabas-aca\/"]}]},{"@type":"ImageObject","inLanguage":"es-AR","@id":"https:\/\/radioclanfm.com\/clanespectaculos\/andrea-del-boca-se-quebro-en-llanto-en-su-primer-dia-en-gran-hermano-anoche-sone-como-que-estabas-aca\/#primaryimage","url":"https:\/\/radioclanfm.com\/clanespectaculos\/wp-content\/uploads\/sites\/2\/2026\/02\/I-bLSSPI.jpg","contentUrl":"https:\/\/radioclanfm.com\/clanespectaculos\/wp-content\/uploads\/sites\/2\/2026\/02\/I-bLSSPI.jpg","width":900,"height":450},{"@type":"BreadcrumbList","@id":"https:\/\/radioclanfm.com\/clanespectaculos\/andrea-del-boca-se-quebro-en-llanto-en-su-primer-dia-en-gran-hermano-anoche-sone-como-que-estabas-aca\/#breadcrumb","itemListElement":[{"@type":"ListItem","position":1,"name":"Inicio","item":"https:\/\/radioclanfm.com\/clanespectaculos\/"},{"@type":"ListItem","position":2,"name":"Andrea del Boca se quebr\u00f3 en llanto en su primer d\u00eda en Gran Hermano: \u201cAnoche so\u00f1\u00e9 como que estabas ac\u00e1\u201d"}]},{"@type":"WebSite","@id":"https:\/\/radioclanfm.com\/clanespectaculos\/#website","url":"https:\/\/radioclanfm.com\/clanespectaculos\/","name":"CLAN ESPECTACULOS","description":"","publisher":{"@id":"https:\/\/radioclanfm.com\/clanespectaculos\/#organization"},"potentialAction":[{"@type":"SearchAction","target":{"@type":"EntryPoint","urlTemplate":"https:\/\/radioclanfm.com\/clanespectaculos\/?s={search_term_string}"},"query-input":{"@type":"PropertyValueSpecification","valueRequired":true,"valueName":"search_term_string"}}],"inLanguage":"es-AR"},{"@type":"Organization","@id":"https:\/\/radioclanfm.com\/clanespectaculos\/#organization","name":"CLAN ESPECTACULOS","url":"https:\/\/radioclanfm.com\/clanespectaculos\/","logo":{"@type":"ImageObject","inLanguage":"es-AR","@id":"https:\/\/radioclanfm.com\/clanespectaculos\/#\/schema\/logo\/image\/","url":"https:\/\/radioclanfm.com\/clanespectaculos\/wp-content\/uploads\/sites\/2\/2026\/04\/ChatGPT-Image-23-mar-2026-10_09_00.png","contentUrl":"https:\/\/radioclanfm.com\/clanespectaculos\/wp-content\/uploads\/sites\/2\/2026\/04\/ChatGPT-Image-23-mar-2026-10_09_00.png","width":1024,"height":1024,"caption":"CLAN ESPECTACULOS"},"image":{"@id":"https:\/\/radioclanfm.com\/clanespectaculos\/#\/schema\/logo\/image\/"},"sameAs":["https:\/\/www.facebook.com\/clanespectaculos\/","https:\/\/x.com\/clanespectok"]},{"@type":"Person","@id":"https:\/\/radioclanfm.com\/clanespectaculos\/#\/schema\/person\/9734813083303230f3ad84d99171b20c","name":"E-GRUPOCLAN","image":{"@type":"ImageObject","inLanguage":"es-AR","@id":"https:\/\/secure.gravatar.com\/avatar\/af6e19837c3d6a212034a48c7b3818d2ac1826f6025df0155da5a186ad321d79?s=96&d=mm&r=g","url":"https:\/\/secure.gravatar.com\/avatar\/af6e19837c3d6a212034a48c7b3818d2ac1826f6025df0155da5a186ad321d79?s=96&d=mm&r=g","contentUrl":"https:\/\/secure.gravatar.com\/avatar\/af6e19837c3d6a212034a48c7b3818d2ac1826f6025df0155da5a186ad321d79?s=96&d=mm&r=g","caption":"E-GRUPOCLAN"},"sameAs":["https:\/\/radioclanfm.com"],"url":"https:\/\/radioclanfm.com\/clanespectaculos\/author\/admin\/"}]}},"_links":{"self":[{"href":"https:\/\/radioclanfm.com\/clanespectaculos\/wp-json\/wp\/v2\/posts\/12770","targetHints":{"allow":["GET"]}}],"collection":[{"href":"https:\/\/radioclanfm.com\/clanespectaculos\/wp-json\/wp\/v2\/posts"}],"about":[{"href":"https:\/\/radioclanfm.com\/clanespectaculos\/wp-json\/wp\/v2\/types\/post"}],"author":[{"embeddable":true,"href":"https:\/\/radioclanfm.com\/clanespectaculos\/wp-json\/wp\/v2\/users\/1"}],"replies":[{"embeddable":true,"href":"https:\/\/radioclanfm.com\/clanespectaculos\/wp-json\/wp\/v2\/comments?post=12770"}],"version-history":[{"count":1,"href":"https:\/\/radioclanfm.com\/clanespectaculos\/wp-json\/wp\/v2\/posts\/12770\/revisions"}],"predecessor-version":[{"id":12774,"href":"https:\/\/radioclanfm.com\/clanespectaculos\/wp-json\/wp\/v2\/posts\/12770\/revisions\/12774"}],"wp:featuredmedia":[{"embeddable":true,"href":"https:\/\/radioclanfm.com\/clanespectaculos\/wp-json\/wp\/v2\/media\/12773"}],"wp:attachment":[{"href":"https:\/\/radioclanfm.com\/clanespectaculos\/wp-json\/wp\/v2\/media?parent=12770"}],"wp:term":[{"taxonomy":"category","embeddable":true,"href":"https:\/\/radioclanfm.com\/clanespectaculos\/wp-json\/wp\/v2\/categories?post=12770"},{"taxonomy":"post_tag","embeddable":true,"href":"https:\/\/radioclanfm.com\/clanespectaculos\/wp-json\/wp\/v2\/tags?post=12770"}],"curies":[{"name":"wp","href":"https:\/\/api.w.org\/{rel}","templated":true}]}}