{"id":12765,"date":"2026-02-24T21:39:13","date_gmt":"2026-02-25T00:39:13","guid":{"rendered":"https:\/\/radioclanfm.com\/clanespectaculos\/?p=12765"},"modified":"2026-02-24T21:39:13","modified_gmt":"2026-02-25T00:39:13","slug":"pura-vida-el-video-del-espectacular-salto-en-paracaidas-de-maria-susini-y-la-inesperada-reaccion-de-facundo-arana","status":"publish","type":"post","link":"https:\/\/radioclanfm.com\/clanespectaculos\/pura-vida-el-video-del-espectacular-salto-en-paracaidas-de-maria-susini-y-la-inesperada-reaccion-de-facundo-arana\/","title":{"rendered":"\u201cPura vida\u201d: el video del espectacular salto en paraca\u00eddas de Mar\u00eda Susini y la inesperada reacci\u00f3n de Facundo Arana"},"content":{"rendered":"<p class=\"paragraph\" data-mrf-recirculation=\"Links inline\">El\u00a0<b>salto en paraca\u00eddas de Mar\u00eda Susini<\/b>\u00a0gener\u00f3 un fuerte impacto en redes sociales poco despu\u00e9s de la confirmaci\u00f3n de su separaci\u00f3n de\u00a0<b>Facundo Arana<\/b>. La modelo public\u00f3 en Instagram un video donde, junto al instructor Gustavo \u201cPerico\u201d P\u00e9rez, se lanzan al vac\u00edo en t\u00e1ndemo y, en plena ca\u00edda, ella grita: \u201c\u00a1Esto es pura vida!\u201d.<\/p>\n<div class=\"news-module\" data-mrf-recirculation=\"IL_GBLs3HYWRq2RgU4Qz8MM1Q\" data-testid=\"text-html\" data-mrf-experience=\"IL_GBLs3HYWRq2RgU4Qz8MM1Q\">\n<div class=\"recommended-card__image-container\"><\/div>\n<\/div>\n<p class=\"paragraph\" data-mrf-recirculation=\"Links inline\">El video comienza con Mar\u00eda sentada detr\u00e1s de P\u00e9rez, que sostiene la c\u00e1mara. Ella, con una sonrisa nerviosa, espera el momento de saltar al vac\u00edo. Luego se la ve atada a P\u00e9rez, mientras se desliza con la puerta abierta de la avioneta.<\/p>\n<div class=\"inline ad-wrapper\">\n<div class=\"dfpAd ad-inline\"><\/div>\n<\/div>\n<p class=\"paragraph\" data-mrf-recirculation=\"Links inline\">All\u00ed, ante un movimiento de P\u00e9rez, ambos saltan, girando en el aire.\u00a0<b>Al estabilizarse, Susini abre los brazos, se r\u00ede y se deja caer,<\/b>\u00a0vestida con una remera color crema, pantalones cortos y unas gafas transparentes.<\/p>\n<div class=\"news-module\" data-mrf-recirculation=\"IL_m3kiGo-8SVS6m0U7OqrZLw\" data-testid=\"text-html\" data-mrf-experience=\"IL_m3kiGo-8SVS6m0U7OqrZLw\">\n<div class=\"recommended-card__image-container\"><\/div>\n<\/div>\n<p class=\"paragraph\" data-mrf-recirculation=\"Links inline\">Luego, la imagen muestra a la calma de la ca\u00edda con el paraca\u00eddas abierto, y Mar\u00eda sujeta a las cuerdas, mientras el viento le pega en la cara. Con la felicidad en el rostro en todo momento, y mientras caen lentamente con el mar en el horizonte, Susini grita:\u00a0<b>\u201cEsto es pura vida\u201d.<\/b><\/p>\n<div class=\"visual__image\"><picture><source srcset=\"https:\/\/www.infobae.com\/resizer\/v2\/RAALYZ3EJBB4XBDISAPXDNONEE.JPG?auth=bd83fa6b072a9fb6e0ecc51341d0105c8eed19698340c48bb4b25fdff1bd87d4&amp;smart=true&amp;width=992&amp;height=380&amp;quality=85\" media=\"(min-width: 1000px)\" \/><source srcset=\"https:\/\/www.infobae.com\/resizer\/v2\/RAALYZ3EJBB4XBDISAPXDNONEE.JPG?auth=bd83fa6b072a9fb6e0ecc51341d0105c8eed19698340c48bb4b25fdff1bd87d4&amp;smart=true&amp;width=768&amp;height=294&amp;quality=85\" media=\"(min-width: 768px)\" \/><source srcset=\"https:\/\/www.infobae.com\/resizer\/v2\/RAALYZ3EJBB4XBDISAPXDNONEE.JPG?auth=bd83fa6b072a9fb6e0ecc51341d0105c8eed19698340c48bb4b25fdff1bd87d4&amp;smart=true&amp;width=577&amp;height=221&amp;quality=85\" media=\"(min-width: 580px)\" \/><source srcset=\"https:\/\/www.infobae.com\/resizer\/v2\/RAALYZ3EJBB4XBDISAPXDNONEE.JPG?auth=bd83fa6b072a9fb6e0ecc51341d0105c8eed19698340c48bb4b25fdff1bd87d4&amp;smart=true&amp;width=420&amp;height=161&amp;quality=85\" media=\"(min-width: 350px)\" \/><source srcset=\"https:\/\/www.infobae.com\/resizer\/v2\/RAALYZ3EJBB4XBDISAPXDNONEE.JPG?auth=bd83fa6b072a9fb6e0ecc51341d0105c8eed19698340c48bb4b25fdff1bd87d4&amp;smart=true&amp;width=350&amp;height=134&amp;quality=85\" media=\"(min-width: 80px)\" \/><img loading=\"lazy\" decoding=\"async\" class=\"global-image\" src=\"https:\/\/www.infobae.com\/resizer\/v2\/RAALYZ3EJBB4XBDISAPXDNONEE.JPG?auth=bd83fa6b072a9fb6e0ecc51341d0105c8eed19698340c48bb4b25fdff1bd87d4&amp;smart=true&amp;width=350&amp;height=134&amp;quality=85\" alt=\"La reacci\u00f3n de Facundo Arana\" width=\"931\" height=\"357\" \/><\/picture>La reacci\u00f3n de Facundo Arana al salto en paraca\u00eddas de Mar\u00eda Susini a un mes de la separaci\u00f3n<\/div>\n<div class=\"inline_2_DSK ad-wrapper ad-desktop\">\n<div class=\"dfpAd ad-inline\"><\/div>\n<\/div>\n<p class=\"paragraph\" data-mrf-recirculation=\"Links inline\"><b>La publicaci\u00f3n cobr\u00f3 notoriedad, especialmente por la reacci\u00f3n de Arana, quien le dedic\u00f3 siete emojis de fueguitos.\u00a0<\/b>El gesto reaviv\u00f3 el inter\u00e9s del p\u00fablico y motiv\u00f3 comentarios y especulaciones sobre c\u00f3mo es la relaci\u00f3n actual entre la pareja, que se hab\u00eda anunciado como separada en enero de este a\u00f1o, y si habr\u00eda alguna posibilidad de reconciliaci\u00f3n.<\/p>\n<div class=\"news-module\" data-mrf-recirculation=\"IL_wLyG9sjfRQKb8QO3fSLumw\" data-testid=\"text-html\" data-mrf-experience=\"IL_wLyG9sjfRQKb8QO3fSLumw\">\n<div class=\"recommended-card__image-container\"><\/div>\n<\/div>\n<p class=\"paragraph\" data-mrf-recirculation=\"Links inline\">El salto tiene, adem\u00e1s, una fuerte carga simb\u00f3lica. En 2007, durante los inicios de la relaci\u00f3n entre\u00a0<b>Mar\u00eda Susini<\/b>\u00a0y\u00a0<b>Facundo Arana<\/b>, la primera cita fue un salto en paraca\u00eddas, propuesta originalmente por la modelo. Ese encuentro marc\u00f3 el comienzo de una historia de casi veinte a\u00f1os, caracterizada por la aventura y la complicidad.<\/p>\n<div class=\"visual__image\"><picture><source srcset=\"https:\/\/www.infobae.com\/resizer\/v2\/Y32KHPXC7NAR3FYWHDYLENECC4.png?auth=e935648b13348f5d845e1f41b1909330becf08dd7cbb1db15954e53b7686a0fb&amp;smart=true&amp;width=992&amp;height=558&amp;quality=85\" media=\"(min-width: 1000px)\" \/><source srcset=\"https:\/\/www.infobae.com\/resizer\/v2\/Y32KHPXC7NAR3FYWHDYLENECC4.png?auth=e935648b13348f5d845e1f41b1909330becf08dd7cbb1db15954e53b7686a0fb&amp;smart=true&amp;width=768&amp;height=432&amp;quality=85\" media=\"(min-width: 768px)\" \/><source srcset=\"https:\/\/www.infobae.com\/resizer\/v2\/Y32KHPXC7NAR3FYWHDYLENECC4.png?auth=e935648b13348f5d845e1f41b1909330becf08dd7cbb1db15954e53b7686a0fb&amp;smart=true&amp;width=577&amp;height=325&amp;quality=85\" media=\"(min-width: 580px)\" \/><source srcset=\"https:\/\/www.infobae.com\/resizer\/v2\/Y32KHPXC7NAR3FYWHDYLENECC4.png?auth=e935648b13348f5d845e1f41b1909330becf08dd7cbb1db15954e53b7686a0fb&amp;smart=true&amp;width=420&amp;height=236&amp;quality=85\" media=\"(min-width: 350px)\" \/><source srcset=\"https:\/\/www.infobae.com\/resizer\/v2\/Y32KHPXC7NAR3FYWHDYLENECC4.png?auth=e935648b13348f5d845e1f41b1909330becf08dd7cbb1db15954e53b7686a0fb&amp;smart=true&amp;width=350&amp;height=197&amp;quality=85\" media=\"(min-width: 80px)\" \/><img loading=\"lazy\" decoding=\"async\" class=\"global-image\" src=\"https:\/\/www.infobae.com\/resizer\/v2\/Y32KHPXC7NAR3FYWHDYLENECC4.png?auth=e935648b13348f5d845e1f41b1909330becf08dd7cbb1db15954e53b7686a0fb&amp;smart=true&amp;width=350&amp;height=197&amp;quality=85\" alt=\"Mar\u00eda Susini en la avioneta\" width=\"1920\" height=\"1080\" \/><\/picture>Mar\u00eda Susini en la avioneta que la llev\u00f3 a saltar en paraca\u00eddas junto al instructor &#8220;Perico&#8221; P\u00e9rez<\/div>\n<p class=\"paragraph\" data-mrf-recirculation=\"Links inline\">Ese episodio inicial adquiere ahora un nuevo significado: tras la separaci\u00f3n, Susini recurri\u00f3 a la misma aventura para marcar una transici\u00f3n en su vida. El video del salto, la reacci\u00f3n de Arana y los comentarios en redes reflejan el valor del momento.<\/p>\n<p class=\"paragraph\" data-mrf-recirculation=\"Links inline\">El final de la pareja, una de las m\u00e1s estables y queridas del ambiente art\u00edstico argentino, ocurri\u00f3 sin declaraciones p\u00fablicas. Ni Susini ni Arana emitieron comunicados formales sobre la ruptura. Apenas hubo unas palabras del actor, que no agregaron demasiado.<\/p>\n<p class=\"paragraph\" data-mrf-recirculation=\"Links inline\">La decisi\u00f3n fue transitar el cambio en silencio, evitando la exposici\u00f3n medi\u00e1tica y priorizando el bienestar de los hijos. Durante su relaci\u00f3n, Susini mantuvo un perfil reservado y dedic\u00f3 su vida a la familia y a actividades en contacto con la naturaleza. El video del salto funcion\u00f3 como un mensaje indirecto que permiti\u00f3 a sus seguidores acompa\u00f1arla en un momento clave de cambio personal.<\/p>\n<div class=\"visual__image\"><picture><source srcset=\"https:\/\/www.infobae.com\/resizer\/v2\/DXB2NOJATRDMLLIJUN5LOV4MLY.png?auth=f60b242f971725a6ecbbc15697aaef1eda2d8c7e9787470b1815a0381b5c5e54&amp;smart=true&amp;width=992&amp;height=558&amp;quality=85\" media=\"(min-width: 1000px)\" \/><source srcset=\"https:\/\/www.infobae.com\/resizer\/v2\/DXB2NOJATRDMLLIJUN5LOV4MLY.png?auth=f60b242f971725a6ecbbc15697aaef1eda2d8c7e9787470b1815a0381b5c5e54&amp;smart=true&amp;width=768&amp;height=432&amp;quality=85\" media=\"(min-width: 768px)\" \/><source srcset=\"https:\/\/www.infobae.com\/resizer\/v2\/DXB2NOJATRDMLLIJUN5LOV4MLY.png?auth=f60b242f971725a6ecbbc15697aaef1eda2d8c7e9787470b1815a0381b5c5e54&amp;smart=true&amp;width=577&amp;height=325&amp;quality=85\" media=\"(min-width: 580px)\" \/><source srcset=\"https:\/\/www.infobae.com\/resizer\/v2\/DXB2NOJATRDMLLIJUN5LOV4MLY.png?auth=f60b242f971725a6ecbbc15697aaef1eda2d8c7e9787470b1815a0381b5c5e54&amp;smart=true&amp;width=420&amp;height=236&amp;quality=85\" media=\"(min-width: 350px)\" \/><source srcset=\"https:\/\/www.infobae.com\/resizer\/v2\/DXB2NOJATRDMLLIJUN5LOV4MLY.png?auth=f60b242f971725a6ecbbc15697aaef1eda2d8c7e9787470b1815a0381b5c5e54&amp;smart=true&amp;width=350&amp;height=197&amp;quality=85\" media=\"(min-width: 80px)\" \/><img loading=\"lazy\" decoding=\"async\" class=\"global-image\" src=\"https:\/\/www.infobae.com\/resizer\/v2\/DXB2NOJATRDMLLIJUN5LOV4MLY.png?auth=f60b242f971725a6ecbbc15697aaef1eda2d8c7e9787470b1815a0381b5c5e54&amp;smart=true&amp;width=350&amp;height=197&amp;quality=85\" alt=\"Mar\u00eda Susini, en ca\u00edda libre\" width=\"1920\" height=\"1080\" \/><\/picture>Mar\u00eda Susini, en ca\u00edda libre mientras va en t\u00e1ndem con P\u00e9rez<\/div>\n<h2 class=\"header headline-class-h2 headline\">La nueva vida de Mar\u00eda Susini<\/h2>\n<p class=\"paragraph\" data-mrf-recirculation=\"Links inline\">Tras la separaci\u00f3n, la modelo centr\u00f3 su rutina en actividades vinculadas a la naturaleza y el deporte. En el D\u00eda de los Enamorados, comparti\u00f3 im\u00e1genes acariciando a un caballo blanco en la arena, vestida de manera sencilla y con los pies descalzos. Junto a la publicaci\u00f3n escribi\u00f3: \u201cRodeada de animales, as\u00ed es como se pasa un buen d\u00eda\u201d.<\/p>\n<p class=\"paragraph\" data-mrf-recirculation=\"Links inline\">En otra secuencia de im\u00e1genes, Susini mostr\u00f3 sus destrezas ecuestres y logr\u00f3 equilibrio y fuerza realizando posturas sobre el caballo. Las publicaciones generaron reacciones de admiraci\u00f3n por parte de sus seguidores.<\/p>\n<p class=\"paragraph\" data-mrf-recirculation=\"Links inline\">La b\u00fasqueda de serenidad estuvo acompa\u00f1ada de nuevas rutinas en la Costa Atl\u00e1ntica, en especial en\u00a0<b>Mar del Plata<\/b>. Seg\u00fan versiones recogidas por la periodista Laura Ubfal, Susini evaluaba mudarse a esa ciudad balnearia debido a su ritmo tranquilo y la cercan\u00eda al mar. El rumor sobre la posible mudanza tom\u00f3 fuerza en el \u00e1mbito art\u00edstico durante los Premios Estrella de Mar, aunque no hubo una decisi\u00f3n confirmada.<\/p>\n<div class=\"visual__image\"><picture><source srcset=\"https:\/\/www.infobae.com\/resizer\/v2\/LSTX23PYQJB5NOPEZGHV76NXEU.png?auth=456dedc455daaecb9009dfc6a937361eebb9e8b44f3bef07f511c11c8dcda600&amp;smart=true&amp;width=992&amp;height=558&amp;quality=85\" media=\"(min-width: 1000px)\" \/><source srcset=\"https:\/\/www.infobae.com\/resizer\/v2\/LSTX23PYQJB5NOPEZGHV76NXEU.png?auth=456dedc455daaecb9009dfc6a937361eebb9e8b44f3bef07f511c11c8dcda600&amp;smart=true&amp;width=768&amp;height=432&amp;quality=85\" media=\"(min-width: 768px)\" \/><source srcset=\"https:\/\/www.infobae.com\/resizer\/v2\/LSTX23PYQJB5NOPEZGHV76NXEU.png?auth=456dedc455daaecb9009dfc6a937361eebb9e8b44f3bef07f511c11c8dcda600&amp;smart=true&amp;width=577&amp;height=325&amp;quality=85\" media=\"(min-width: 580px)\" \/><source srcset=\"https:\/\/www.infobae.com\/resizer\/v2\/LSTX23PYQJB5NOPEZGHV76NXEU.png?auth=456dedc455daaecb9009dfc6a937361eebb9e8b44f3bef07f511c11c8dcda600&amp;smart=true&amp;width=420&amp;height=236&amp;quality=85\" media=\"(min-width: 350px)\" \/><source srcset=\"https:\/\/www.infobae.com\/resizer\/v2\/LSTX23PYQJB5NOPEZGHV76NXEU.png?auth=456dedc455daaecb9009dfc6a937361eebb9e8b44f3bef07f511c11c8dcda600&amp;smart=true&amp;width=350&amp;height=197&amp;quality=85\" media=\"(min-width: 80px)\" \/><img loading=\"lazy\" decoding=\"async\" class=\"global-image\" src=\"https:\/\/www.infobae.com\/resizer\/v2\/LSTX23PYQJB5NOPEZGHV76NXEU.png?auth=456dedc455daaecb9009dfc6a937361eebb9e8b44f3bef07f511c11c8dcda600&amp;smart=true&amp;width=350&amp;height=197&amp;quality=85\" alt=\"Ya con el paraca\u00eddas abierto,\" width=\"1920\" height=\"1080\" \/><\/picture>Ya con el paraca\u00eddas abierto, Susini r\u00ede por el placer de navegar el viento<\/div>\n<p class=\"paragraph\" data-mrf-recirculation=\"Links inline\">La modelo tambi\u00e9n manifest\u00f3 su gusto por el surf y otras actividades al aire libre. Comparti\u00f3 im\u00e1genes en el agua y destac\u00f3:\u00a0<b>\u201cArrancar la ma\u00f1ana en el agua y seguir en movimiento. Una de las cosas que m\u00e1s disfruto hacer esta \u00e9poca en Mardel\u201d<\/b>.<\/p>\n<p class=\"paragraph\" data-mrf-recirculation=\"Links inline\">Las \u00faltimas publicaciones de Mar\u00eda Susini muestran a una mujer orientada al equilibrio personal, la conexi\u00f3n con la naturaleza y una vida simple. Animales, mar y gestos espont\u00e1neos forman parte de un registro visual que da cuenta de su b\u00fasqueda de bienestar fuera del foco medi\u00e1tico.<\/p>\n<p class=\"paragraph\" data-mrf-recirculation=\"Links inline\">El cierre de la relaci\u00f3n con\u00a0<b>Facundo Arana<\/b>\u00a0abri\u00f3 para Susini un ciclo distinto, marcado por nuevas prioridades y el anhelo de hallar calma en la vida cotidiana.<\/p>\n<div class=\"second-saved-buttons\">\n<div class=\"body-share-note\"><\/div>\n<\/div>\n","protected":false},"excerpt":{"rendered":"<p>El\u00a0salto en paraca\u00eddas de Mar\u00eda Susini\u00a0gener\u00f3 un fuerte impacto en redes sociales poco despu\u00e9s de la confirmaci\u00f3n de su separaci\u00f3n de\u00a0Facundo Arana. La modelo public\u00f3 en Instagram un video donde, junto al instructor Gustavo \u201cPerico\u201d P\u00e9rez, se lanzan al vac\u00edo en t\u00e1ndemo y, en plena ca\u00edda, ella grita: \u201c\u00a1Esto es pura vida!\u201d. El video comienza [&hellip;]<\/p>\n","protected":false},"author":1,"featured_media":12768,"comment_status":"open","ping_status":"open","sticky":false,"template":"","format":"standard","meta":{"rop_custom_images_group":[],"rop_custom_messages_group":[],"rop_publish_now":"initial","rop_publish_now_accounts":[],"rop_publish_now_history":[],"rop_publish_now_status":"pending","footnotes":"","jetpack_publicize_message":"","jetpack_publicize_feature_enabled":true,"jetpack_social_post_already_shared":true,"jetpack_social_options":{"image_generator_settings":{"template":"highway","enabled":false},"version":2}},"categories":[12],"tags":[],"class_list":{"0":"post-12765","1":"post","2":"type-post","3":"status-publish","4":"format-standard","5":"has-post-thumbnail","7":"category-espectaculos"},"jetpack_publicize_connections":[],"yoast_head":"<!-- This site is optimized with the Yoast SEO plugin v27.3 - https:\/\/yoast.com\/product\/yoast-seo-wordpress\/ -->\n<title>\u201cPura vida\u201d: el video del espectacular salto en paraca\u00eddas de Mar\u00eda Susini y la inesperada reacci\u00f3n de Facundo Arana - CLAN ESPECTACULOS<\/title>\n<meta name=\"robots\" content=\"index, follow, max-snippet:-1, max-image-preview:large, max-video-preview:-1\" \/>\n<link rel=\"canonical\" href=\"https:\/\/radioclanfm.com\/clanespectaculos\/pura-vida-el-video-del-espectacular-salto-en-paracaidas-de-maria-susini-y-la-inesperada-reaccion-de-facundo-arana\/\" \/>\n<meta property=\"og:locale\" content=\"es_ES\" \/>\n<meta property=\"og:type\" content=\"article\" \/>\n<meta property=\"og:title\" content=\"\u201cPura vida\u201d: el video del espectacular salto en paraca\u00eddas de Mar\u00eda Susini y la inesperada reacci\u00f3n de Facundo Arana - CLAN ESPECTACULOS\" \/>\n<meta property=\"og:description\" content=\"El\u00a0salto en paraca\u00eddas de Mar\u00eda Susini\u00a0gener\u00f3 un fuerte impacto en redes sociales poco despu\u00e9s de la confirmaci\u00f3n de su separaci\u00f3n de\u00a0Facundo Arana. La modelo public\u00f3 en Instagram un video donde, junto al instructor Gustavo \u201cPerico\u201d P\u00e9rez, se lanzan al vac\u00edo en t\u00e1ndemo y, en plena ca\u00edda, ella grita: \u201c\u00a1Esto es pura vida!\u201d. El video comienza [&hellip;]\" \/>\n<meta property=\"og:url\" content=\"https:\/\/radioclanfm.com\/clanespectaculos\/pura-vida-el-video-del-espectacular-salto-en-paracaidas-de-maria-susini-y-la-inesperada-reaccion-de-facundo-arana\/\" \/>\n<meta property=\"og:site_name\" content=\"CLAN ESPECTACULOS\" \/>\n<meta property=\"article:publisher\" content=\"https:\/\/www.facebook.com\/clanespectaculos\/\" \/>\n<meta property=\"article:published_time\" content=\"2026-02-25T00:39:13+00:00\" \/>\n<meta property=\"og:image\" content=\"https:\/\/radioclanfm.com\/clanespectaculos\/wp-content\/uploads\/sites\/2\/2026\/02\/raOXCNCk.jpg\" \/>\n\t<meta property=\"og:image:width\" content=\"900\" \/>\n\t<meta property=\"og:image:height\" content=\"450\" \/>\n\t<meta property=\"og:image:type\" content=\"image\/jpeg\" \/>\n<meta name=\"author\" content=\"E-GRUPOCLAN\" \/>\n<meta name=\"twitter:card\" content=\"summary_large_image\" \/>\n<meta name=\"twitter:creator\" content=\"@clanespectok\" \/>\n<meta name=\"twitter:site\" content=\"@clanespectok\" \/>\n<meta name=\"twitter:label1\" content=\"Escrito por\" \/>\n\t<meta name=\"twitter:data1\" content=\"E-GRUPOCLAN\" \/>\n\t<meta name=\"twitter:label2\" content=\"Tiempo de lectura\" \/>\n\t<meta name=\"twitter:data2\" content=\"4 minutos\" \/>\n<script type=\"application\/ld+json\" class=\"yoast-schema-graph\">{\"@context\":\"https:\\\/\\\/schema.org\",\"@graph\":[{\"@type\":\"Article\",\"@id\":\"https:\\\/\\\/radioclanfm.com\\\/clanespectaculos\\\/pura-vida-el-video-del-espectacular-salto-en-paracaidas-de-maria-susini-y-la-inesperada-reaccion-de-facundo-arana\\\/#article\",\"isPartOf\":{\"@id\":\"https:\\\/\\\/radioclanfm.com\\\/clanespectaculos\\\/pura-vida-el-video-del-espectacular-salto-en-paracaidas-de-maria-susini-y-la-inesperada-reaccion-de-facundo-arana\\\/\"},\"author\":{\"name\":\"E-GRUPOCLAN\",\"@id\":\"https:\\\/\\\/radioclanfm.com\\\/clanespectaculos\\\/#\\\/schema\\\/person\\\/9734813083303230f3ad84d99171b20c\"},\"headline\":\"\u201cPura vida\u201d: el video del espectacular salto en paraca\u00eddas de Mar\u00eda Susini y la inesperada reacci\u00f3n de Facundo Arana\",\"datePublished\":\"2026-02-25T00:39:13+00:00\",\"mainEntityOfPage\":{\"@id\":\"https:\\\/\\\/radioclanfm.com\\\/clanespectaculos\\\/pura-vida-el-video-del-espectacular-salto-en-paracaidas-de-maria-susini-y-la-inesperada-reaccion-de-facundo-arana\\\/\"},\"wordCount\":889,\"commentCount\":0,\"publisher\":{\"@id\":\"https:\\\/\\\/radioclanfm.com\\\/clanespectaculos\\\/#organization\"},\"image\":{\"@id\":\"https:\\\/\\\/radioclanfm.com\\\/clanespectaculos\\\/pura-vida-el-video-del-espectacular-salto-en-paracaidas-de-maria-susini-y-la-inesperada-reaccion-de-facundo-arana\\\/#primaryimage\"},\"thumbnailUrl\":\"https:\\\/\\\/radioclanfm.com\\\/clanespectaculos\\\/wp-content\\\/uploads\\\/sites\\\/2\\\/2026\\\/02\\\/raOXCNCk.jpg\",\"articleSection\":[\"Espectaculos\"],\"inLanguage\":\"es-AR\",\"potentialAction\":[{\"@type\":\"CommentAction\",\"name\":\"Comment\",\"target\":[\"https:\\\/\\\/radioclanfm.com\\\/clanespectaculos\\\/pura-vida-el-video-del-espectacular-salto-en-paracaidas-de-maria-susini-y-la-inesperada-reaccion-de-facundo-arana\\\/#respond\"]}]},{\"@type\":\"WebPage\",\"@id\":\"https:\\\/\\\/radioclanfm.com\\\/clanespectaculos\\\/pura-vida-el-video-del-espectacular-salto-en-paracaidas-de-maria-susini-y-la-inesperada-reaccion-de-facundo-arana\\\/\",\"url\":\"https:\\\/\\\/radioclanfm.com\\\/clanespectaculos\\\/pura-vida-el-video-del-espectacular-salto-en-paracaidas-de-maria-susini-y-la-inesperada-reaccion-de-facundo-arana\\\/\",\"name\":\"\u201cPura vida\u201d: el video del espectacular salto en paraca\u00eddas de Mar\u00eda Susini y la inesperada reacci\u00f3n de Facundo Arana - CLAN ESPECTACULOS\",\"isPartOf\":{\"@id\":\"https:\\\/\\\/radioclanfm.com\\\/clanespectaculos\\\/#website\"},\"primaryImageOfPage\":{\"@id\":\"https:\\\/\\\/radioclanfm.com\\\/clanespectaculos\\\/pura-vida-el-video-del-espectacular-salto-en-paracaidas-de-maria-susini-y-la-inesperada-reaccion-de-facundo-arana\\\/#primaryimage\"},\"image\":{\"@id\":\"https:\\\/\\\/radioclanfm.com\\\/clanespectaculos\\\/pura-vida-el-video-del-espectacular-salto-en-paracaidas-de-maria-susini-y-la-inesperada-reaccion-de-facundo-arana\\\/#primaryimage\"},\"thumbnailUrl\":\"https:\\\/\\\/radioclanfm.com\\\/clanespectaculos\\\/wp-content\\\/uploads\\\/sites\\\/2\\\/2026\\\/02\\\/raOXCNCk.jpg\",\"datePublished\":\"2026-02-25T00:39:13+00:00\",\"breadcrumb\":{\"@id\":\"https:\\\/\\\/radioclanfm.com\\\/clanespectaculos\\\/pura-vida-el-video-del-espectacular-salto-en-paracaidas-de-maria-susini-y-la-inesperada-reaccion-de-facundo-arana\\\/#breadcrumb\"},\"inLanguage\":\"es-AR\",\"potentialAction\":[{\"@type\":\"ReadAction\",\"target\":[\"https:\\\/\\\/radioclanfm.com\\\/clanespectaculos\\\/pura-vida-el-video-del-espectacular-salto-en-paracaidas-de-maria-susini-y-la-inesperada-reaccion-de-facundo-arana\\\/\"]}]},{\"@type\":\"ImageObject\",\"inLanguage\":\"es-AR\",\"@id\":\"https:\\\/\\\/radioclanfm.com\\\/clanespectaculos\\\/pura-vida-el-video-del-espectacular-salto-en-paracaidas-de-maria-susini-y-la-inesperada-reaccion-de-facundo-arana\\\/#primaryimage\",\"url\":\"https:\\\/\\\/radioclanfm.com\\\/clanespectaculos\\\/wp-content\\\/uploads\\\/sites\\\/2\\\/2026\\\/02\\\/raOXCNCk.jpg\",\"contentUrl\":\"https:\\\/\\\/radioclanfm.com\\\/clanespectaculos\\\/wp-content\\\/uploads\\\/sites\\\/2\\\/2026\\\/02\\\/raOXCNCk.jpg\",\"width\":900,\"height\":450},{\"@type\":\"BreadcrumbList\",\"@id\":\"https:\\\/\\\/radioclanfm.com\\\/clanespectaculos\\\/pura-vida-el-video-del-espectacular-salto-en-paracaidas-de-maria-susini-y-la-inesperada-reaccion-de-facundo-arana\\\/#breadcrumb\",\"itemListElement\":[{\"@type\":\"ListItem\",\"position\":1,\"name\":\"Inicio\",\"item\":\"https:\\\/\\\/radioclanfm.com\\\/clanespectaculos\\\/\"},{\"@type\":\"ListItem\",\"position\":2,\"name\":\"\u201cPura vida\u201d: el video del espectacular salto en paraca\u00eddas de Mar\u00eda Susini y la inesperada reacci\u00f3n de Facundo Arana\"}]},{\"@type\":\"WebSite\",\"@id\":\"https:\\\/\\\/radioclanfm.com\\\/clanespectaculos\\\/#website\",\"url\":\"https:\\\/\\\/radioclanfm.com\\\/clanespectaculos\\\/\",\"name\":\"CLAN ESPECTACULOS\",\"description\":\"\",\"publisher\":{\"@id\":\"https:\\\/\\\/radioclanfm.com\\\/clanespectaculos\\\/#organization\"},\"potentialAction\":[{\"@type\":\"SearchAction\",\"target\":{\"@type\":\"EntryPoint\",\"urlTemplate\":\"https:\\\/\\\/radioclanfm.com\\\/clanespectaculos\\\/?s={search_term_string}\"},\"query-input\":{\"@type\":\"PropertyValueSpecification\",\"valueRequired\":true,\"valueName\":\"search_term_string\"}}],\"inLanguage\":\"es-AR\"},{\"@type\":\"Organization\",\"@id\":\"https:\\\/\\\/radioclanfm.com\\\/clanespectaculos\\\/#organization\",\"name\":\"CLAN ESPECTACULOS\",\"url\":\"https:\\\/\\\/radioclanfm.com\\\/clanespectaculos\\\/\",\"logo\":{\"@type\":\"ImageObject\",\"inLanguage\":\"es-AR\",\"@id\":\"https:\\\/\\\/radioclanfm.com\\\/clanespectaculos\\\/#\\\/schema\\\/logo\\\/image\\\/\",\"url\":\"https:\\\/\\\/radioclanfm.com\\\/clanespectaculos\\\/wp-content\\\/uploads\\\/sites\\\/2\\\/2026\\\/04\\\/ChatGPT-Image-23-mar-2026-10_09_00.png\",\"contentUrl\":\"https:\\\/\\\/radioclanfm.com\\\/clanespectaculos\\\/wp-content\\\/uploads\\\/sites\\\/2\\\/2026\\\/04\\\/ChatGPT-Image-23-mar-2026-10_09_00.png\",\"width\":1024,\"height\":1024,\"caption\":\"CLAN ESPECTACULOS\"},\"image\":{\"@id\":\"https:\\\/\\\/radioclanfm.com\\\/clanespectaculos\\\/#\\\/schema\\\/logo\\\/image\\\/\"},\"sameAs\":[\"https:\\\/\\\/www.facebook.com\\\/clanespectaculos\\\/\",\"https:\\\/\\\/x.com\\\/clanespectok\"]},{\"@type\":\"Person\",\"@id\":\"https:\\\/\\\/radioclanfm.com\\\/clanespectaculos\\\/#\\\/schema\\\/person\\\/9734813083303230f3ad84d99171b20c\",\"name\":\"E-GRUPOCLAN\",\"image\":{\"@type\":\"ImageObject\",\"inLanguage\":\"es-AR\",\"@id\":\"https:\\\/\\\/secure.gravatar.com\\\/avatar\\\/af6e19837c3d6a212034a48c7b3818d2ac1826f6025df0155da5a186ad321d79?s=96&d=mm&r=g\",\"url\":\"https:\\\/\\\/secure.gravatar.com\\\/avatar\\\/af6e19837c3d6a212034a48c7b3818d2ac1826f6025df0155da5a186ad321d79?s=96&d=mm&r=g\",\"contentUrl\":\"https:\\\/\\\/secure.gravatar.com\\\/avatar\\\/af6e19837c3d6a212034a48c7b3818d2ac1826f6025df0155da5a186ad321d79?s=96&d=mm&r=g\",\"caption\":\"E-GRUPOCLAN\"},\"sameAs\":[\"https:\\\/\\\/radioclanfm.com\"],\"url\":\"https:\\\/\\\/radioclanfm.com\\\/clanespectaculos\\\/author\\\/admin\\\/\"}]}<\/script>\n<!-- \/ Yoast SEO plugin. -->","yoast_head_json":{"title":"\u201cPura vida\u201d: el video del espectacular salto en paraca\u00eddas de Mar\u00eda Susini y la inesperada reacci\u00f3n de Facundo Arana - CLAN ESPECTACULOS","robots":{"index":"index","follow":"follow","max-snippet":"max-snippet:-1","max-image-preview":"max-image-preview:large","max-video-preview":"max-video-preview:-1"},"canonical":"https:\/\/radioclanfm.com\/clanespectaculos\/pura-vida-el-video-del-espectacular-salto-en-paracaidas-de-maria-susini-y-la-inesperada-reaccion-de-facundo-arana\/","og_locale":"es_ES","og_type":"article","og_title":"\u201cPura vida\u201d: el video del espectacular salto en paraca\u00eddas de Mar\u00eda Susini y la inesperada reacci\u00f3n de Facundo Arana - CLAN ESPECTACULOS","og_description":"El\u00a0salto en paraca\u00eddas de Mar\u00eda Susini\u00a0gener\u00f3 un fuerte impacto en redes sociales poco despu\u00e9s de la confirmaci\u00f3n de su separaci\u00f3n de\u00a0Facundo Arana. La modelo public\u00f3 en Instagram un video donde, junto al instructor Gustavo \u201cPerico\u201d P\u00e9rez, se lanzan al vac\u00edo en t\u00e1ndemo y, en plena ca\u00edda, ella grita: \u201c\u00a1Esto es pura vida!\u201d. El video comienza [&hellip;]","og_url":"https:\/\/radioclanfm.com\/clanespectaculos\/pura-vida-el-video-del-espectacular-salto-en-paracaidas-de-maria-susini-y-la-inesperada-reaccion-de-facundo-arana\/","og_site_name":"CLAN ESPECTACULOS","article_publisher":"https:\/\/www.facebook.com\/clanespectaculos\/","article_published_time":"2026-02-25T00:39:13+00:00","og_image":[{"width":900,"height":450,"url":"https:\/\/radioclanfm.com\/clanespectaculos\/wp-content\/uploads\/sites\/2\/2026\/02\/raOXCNCk.jpg","type":"image\/jpeg"}],"author":"E-GRUPOCLAN","twitter_card":"summary_large_image","twitter_creator":"@clanespectok","twitter_site":"@clanespectok","twitter_misc":{"Escrito por":"E-GRUPOCLAN","Tiempo de lectura":"4 minutos"},"schema":{"@context":"https:\/\/schema.org","@graph":[{"@type":"Article","@id":"https:\/\/radioclanfm.com\/clanespectaculos\/pura-vida-el-video-del-espectacular-salto-en-paracaidas-de-maria-susini-y-la-inesperada-reaccion-de-facundo-arana\/#article","isPartOf":{"@id":"https:\/\/radioclanfm.com\/clanespectaculos\/pura-vida-el-video-del-espectacular-salto-en-paracaidas-de-maria-susini-y-la-inesperada-reaccion-de-facundo-arana\/"},"author":{"name":"E-GRUPOCLAN","@id":"https:\/\/radioclanfm.com\/clanespectaculos\/#\/schema\/person\/9734813083303230f3ad84d99171b20c"},"headline":"\u201cPura vida\u201d: el video del espectacular salto en paraca\u00eddas de Mar\u00eda Susini y la inesperada reacci\u00f3n de Facundo Arana","datePublished":"2026-02-25T00:39:13+00:00","mainEntityOfPage":{"@id":"https:\/\/radioclanfm.com\/clanespectaculos\/pura-vida-el-video-del-espectacular-salto-en-paracaidas-de-maria-susini-y-la-inesperada-reaccion-de-facundo-arana\/"},"wordCount":889,"commentCount":0,"publisher":{"@id":"https:\/\/radioclanfm.com\/clanespectaculos\/#organization"},"image":{"@id":"https:\/\/radioclanfm.com\/clanespectaculos\/pura-vida-el-video-del-espectacular-salto-en-paracaidas-de-maria-susini-y-la-inesperada-reaccion-de-facundo-arana\/#primaryimage"},"thumbnailUrl":"https:\/\/radioclanfm.com\/clanespectaculos\/wp-content\/uploads\/sites\/2\/2026\/02\/raOXCNCk.jpg","articleSection":["Espectaculos"],"inLanguage":"es-AR","potentialAction":[{"@type":"CommentAction","name":"Comment","target":["https:\/\/radioclanfm.com\/clanespectaculos\/pura-vida-el-video-del-espectacular-salto-en-paracaidas-de-maria-susini-y-la-inesperada-reaccion-de-facundo-arana\/#respond"]}]},{"@type":"WebPage","@id":"https:\/\/radioclanfm.com\/clanespectaculos\/pura-vida-el-video-del-espectacular-salto-en-paracaidas-de-maria-susini-y-la-inesperada-reaccion-de-facundo-arana\/","url":"https:\/\/radioclanfm.com\/clanespectaculos\/pura-vida-el-video-del-espectacular-salto-en-paracaidas-de-maria-susini-y-la-inesperada-reaccion-de-facundo-arana\/","name":"\u201cPura vida\u201d: el video del espectacular salto en paraca\u00eddas de Mar\u00eda Susini y la inesperada reacci\u00f3n de Facundo Arana - CLAN ESPECTACULOS","isPartOf":{"@id":"https:\/\/radioclanfm.com\/clanespectaculos\/#website"},"primaryImageOfPage":{"@id":"https:\/\/radioclanfm.com\/clanespectaculos\/pura-vida-el-video-del-espectacular-salto-en-paracaidas-de-maria-susini-y-la-inesperada-reaccion-de-facundo-arana\/#primaryimage"},"image":{"@id":"https:\/\/radioclanfm.com\/clanespectaculos\/pura-vida-el-video-del-espectacular-salto-en-paracaidas-de-maria-susini-y-la-inesperada-reaccion-de-facundo-arana\/#primaryimage"},"thumbnailUrl":"https:\/\/radioclanfm.com\/clanespectaculos\/wp-content\/uploads\/sites\/2\/2026\/02\/raOXCNCk.jpg","datePublished":"2026-02-25T00:39:13+00:00","breadcrumb":{"@id":"https:\/\/radioclanfm.com\/clanespectaculos\/pura-vida-el-video-del-espectacular-salto-en-paracaidas-de-maria-susini-y-la-inesperada-reaccion-de-facundo-arana\/#breadcrumb"},"inLanguage":"es-AR","potentialAction":[{"@type":"ReadAction","target":["https:\/\/radioclanfm.com\/clanespectaculos\/pura-vida-el-video-del-espectacular-salto-en-paracaidas-de-maria-susini-y-la-inesperada-reaccion-de-facundo-arana\/"]}]},{"@type":"ImageObject","inLanguage":"es-AR","@id":"https:\/\/radioclanfm.com\/clanespectaculos\/pura-vida-el-video-del-espectacular-salto-en-paracaidas-de-maria-susini-y-la-inesperada-reaccion-de-facundo-arana\/#primaryimage","url":"https:\/\/radioclanfm.com\/clanespectaculos\/wp-content\/uploads\/sites\/2\/2026\/02\/raOXCNCk.jpg","contentUrl":"https:\/\/radioclanfm.com\/clanespectaculos\/wp-content\/uploads\/sites\/2\/2026\/02\/raOXCNCk.jpg","width":900,"height":450},{"@type":"BreadcrumbList","@id":"https:\/\/radioclanfm.com\/clanespectaculos\/pura-vida-el-video-del-espectacular-salto-en-paracaidas-de-maria-susini-y-la-inesperada-reaccion-de-facundo-arana\/#breadcrumb","itemListElement":[{"@type":"ListItem","position":1,"name":"Inicio","item":"https:\/\/radioclanfm.com\/clanespectaculos\/"},{"@type":"ListItem","position":2,"name":"\u201cPura vida\u201d: el video del espectacular salto en paraca\u00eddas de Mar\u00eda Susini y la inesperada reacci\u00f3n de Facundo Arana"}]},{"@type":"WebSite","@id":"https:\/\/radioclanfm.com\/clanespectaculos\/#website","url":"https:\/\/radioclanfm.com\/clanespectaculos\/","name":"CLAN ESPECTACULOS","description":"","publisher":{"@id":"https:\/\/radioclanfm.com\/clanespectaculos\/#organization"},"potentialAction":[{"@type":"SearchAction","target":{"@type":"EntryPoint","urlTemplate":"https:\/\/radioclanfm.com\/clanespectaculos\/?s={search_term_string}"},"query-input":{"@type":"PropertyValueSpecification","valueRequired":true,"valueName":"search_term_string"}}],"inLanguage":"es-AR"},{"@type":"Organization","@id":"https:\/\/radioclanfm.com\/clanespectaculos\/#organization","name":"CLAN ESPECTACULOS","url":"https:\/\/radioclanfm.com\/clanespectaculos\/","logo":{"@type":"ImageObject","inLanguage":"es-AR","@id":"https:\/\/radioclanfm.com\/clanespectaculos\/#\/schema\/logo\/image\/","url":"https:\/\/radioclanfm.com\/clanespectaculos\/wp-content\/uploads\/sites\/2\/2026\/04\/ChatGPT-Image-23-mar-2026-10_09_00.png","contentUrl":"https:\/\/radioclanfm.com\/clanespectaculos\/wp-content\/uploads\/sites\/2\/2026\/04\/ChatGPT-Image-23-mar-2026-10_09_00.png","width":1024,"height":1024,"caption":"CLAN ESPECTACULOS"},"image":{"@id":"https:\/\/radioclanfm.com\/clanespectaculos\/#\/schema\/logo\/image\/"},"sameAs":["https:\/\/www.facebook.com\/clanespectaculos\/","https:\/\/x.com\/clanespectok"]},{"@type":"Person","@id":"https:\/\/radioclanfm.com\/clanespectaculos\/#\/schema\/person\/9734813083303230f3ad84d99171b20c","name":"E-GRUPOCLAN","image":{"@type":"ImageObject","inLanguage":"es-AR","@id":"https:\/\/secure.gravatar.com\/avatar\/af6e19837c3d6a212034a48c7b3818d2ac1826f6025df0155da5a186ad321d79?s=96&d=mm&r=g","url":"https:\/\/secure.gravatar.com\/avatar\/af6e19837c3d6a212034a48c7b3818d2ac1826f6025df0155da5a186ad321d79?s=96&d=mm&r=g","contentUrl":"https:\/\/secure.gravatar.com\/avatar\/af6e19837c3d6a212034a48c7b3818d2ac1826f6025df0155da5a186ad321d79?s=96&d=mm&r=g","caption":"E-GRUPOCLAN"},"sameAs":["https:\/\/radioclanfm.com"],"url":"https:\/\/radioclanfm.com\/clanespectaculos\/author\/admin\/"}]}},"_links":{"self":[{"href":"https:\/\/radioclanfm.com\/clanespectaculos\/wp-json\/wp\/v2\/posts\/12765","targetHints":{"allow":["GET"]}}],"collection":[{"href":"https:\/\/radioclanfm.com\/clanespectaculos\/wp-json\/wp\/v2\/posts"}],"about":[{"href":"https:\/\/radioclanfm.com\/clanespectaculos\/wp-json\/wp\/v2\/types\/post"}],"author":[{"embeddable":true,"href":"https:\/\/radioclanfm.com\/clanespectaculos\/wp-json\/wp\/v2\/users\/1"}],"replies":[{"embeddable":true,"href":"https:\/\/radioclanfm.com\/clanespectaculos\/wp-json\/wp\/v2\/comments?post=12765"}],"version-history":[{"count":1,"href":"https:\/\/radioclanfm.com\/clanespectaculos\/wp-json\/wp\/v2\/posts\/12765\/revisions"}],"predecessor-version":[{"id":12769,"href":"https:\/\/radioclanfm.com\/clanespectaculos\/wp-json\/wp\/v2\/posts\/12765\/revisions\/12769"}],"wp:featuredmedia":[{"embeddable":true,"href":"https:\/\/radioclanfm.com\/clanespectaculos\/wp-json\/wp\/v2\/media\/12768"}],"wp:attachment":[{"href":"https:\/\/radioclanfm.com\/clanespectaculos\/wp-json\/wp\/v2\/media?parent=12765"}],"wp:term":[{"taxonomy":"category","embeddable":true,"href":"https:\/\/radioclanfm.com\/clanespectaculos\/wp-json\/wp\/v2\/categories?post=12765"},{"taxonomy":"post_tag","embeddable":true,"href":"https:\/\/radioclanfm.com\/clanespectaculos\/wp-json\/wp\/v2\/tags?post=12765"}],"curies":[{"name":"wp","href":"https:\/\/api.w.org\/{rel}","templated":true}]}}