{"id":12760,"date":"2026-02-24T21:36:57","date_gmt":"2026-02-25T00:36:57","guid":{"rendered":"https:\/\/radioclanfm.com\/clanespectaculos\/?p=12760"},"modified":"2026-02-24T21:36:57","modified_gmt":"2026-02-25T00:36:57","slug":"natalie-weber-entre-rezarle-a-san-cupertino-o-enviar-a-su-hija-mia-a-una-maestra-particular-felicitaciones","status":"publish","type":"post","link":"https:\/\/radioclanfm.com\/clanespectaculos\/natalie-weber-entre-rezarle-a-san-cupertino-o-enviar-a-su-hija-mia-a-una-maestra-particular-felicitaciones\/","title":{"rendered":"Natalie Weber, entre rezarle a San Cupertino o enviar a su hija M\u00eda a una maestra particular: \u201cFelicitaciones\u201d"},"content":{"rendered":"<p>La modelo comparti\u00f3 en redes sociales un momento desopilante: qui\u00e9n es el santo que invoc\u00f3 y de quienes es el patrono<\/p>\n<p class=\"paragraph\" data-mrf-recirculation=\"Links inline\"><b>Natalie Weber<\/b><b>\u00a0<\/b>volvi\u00f3 a mostrar el costado m\u00e1s descontracturado de su vida familiar con una serie de historias que comparti\u00f3 en sus redes sociales y que r\u00e1pidamente generaron risas entre sus seguidores. Desde el asiento del auto y utilizando un llamativo filtro que exageraba sus ojos y labios, la modelo lanz\u00f3 una frase que no pas\u00f3 desapercibida:\u00a0<b>\u201cCupertino viendo c\u00f3mo todos le agradecemos y la que pag\u00f3 las maestras particulares fui yo\u201d<\/b>, escribi\u00f3, en clara alusi\u00f3n al esfuerzo detr\u00e1s del logro acad\u00e9mico de su hija.<\/p>\n<div class=\"news-module\" data-mrf-recirculation=\"IL_GBLs3HYWRq2RgU4Qz8MM1Q\" data-testid=\"text-html\" data-mrf-experience=\"IL_GBLs3HYWRq2RgU4Qz8MM1Q\">\n<div class=\"recommended-card__image-container\"><\/div>\n<\/div>\n<p class=\"paragraph\" data-mrf-recirculation=\"Links inline\">La menci\u00f3n no fue casual. Se trata de\u00a0<b>San Jos\u00e9 de Cupertino<\/b>, un santo italiano del siglo XVII que es considerado el\u00a0<b>patrono de los estudiantes y de quienes rinden ex\u00e1menes<\/b>. Seg\u00fan la tradici\u00f3n cat\u00f3lica, pese a haber tenido dificultades acad\u00e9micas, logr\u00f3 ordenarse sacerdote y se le atribuyen episodios m\u00edsticos, como levitaciones durante estados de \u00e9xtasis religioso. Con el paso del tiempo, su figura qued\u00f3 asociada a los estudiantes que piden ayuda para aprobar materias dif\u00edciles o superar instancias acad\u00e9micas complejas. Por eso, cada vez que alguien \u201czafa\u201d de un examen o logra pasar una prueba complicada, suele invocarse en tono humor\u00edstico a San Cupertino.<\/p>\n<div class=\"visual__image\"><picture><source srcset=\"https:\/\/www.infobae.com\/resizer\/v2\/YAZL53CUMFDJHHTI6WM2G3FSUA.png?auth=623d16864a7d92d35b13db05ef6c69eddbb066f6d93a483718c79d5eb7738ce4&amp;smart=true&amp;width=992&amp;height=1797&amp;quality=85\" media=\"(min-width: 1000px)\" \/><source srcset=\"https:\/\/www.infobae.com\/resizer\/v2\/YAZL53CUMFDJHHTI6WM2G3FSUA.png?auth=623d16864a7d92d35b13db05ef6c69eddbb066f6d93a483718c79d5eb7738ce4&amp;smart=true&amp;width=768&amp;height=1391&amp;quality=85\" media=\"(min-width: 768px)\" \/><source srcset=\"https:\/\/www.infobae.com\/resizer\/v2\/YAZL53CUMFDJHHTI6WM2G3FSUA.png?auth=623d16864a7d92d35b13db05ef6c69eddbb066f6d93a483718c79d5eb7738ce4&amp;smart=true&amp;width=577&amp;height=1045&amp;quality=85\" media=\"(min-width: 580px)\" \/><source srcset=\"https:\/\/www.infobae.com\/resizer\/v2\/YAZL53CUMFDJHHTI6WM2G3FSUA.png?auth=623d16864a7d92d35b13db05ef6c69eddbb066f6d93a483718c79d5eb7738ce4&amp;smart=true&amp;width=420&amp;height=761&amp;quality=85\" media=\"(min-width: 350px)\" \/><source srcset=\"https:\/\/www.infobae.com\/resizer\/v2\/YAZL53CUMFDJHHTI6WM2G3FSUA.png?auth=623d16864a7d92d35b13db05ef6c69eddbb066f6d93a483718c79d5eb7738ce4&amp;smart=true&amp;width=350&amp;height=634&amp;quality=85\" media=\"(min-width: 80px)\" \/><img loading=\"lazy\" decoding=\"async\" class=\"global-image\" src=\"https:\/\/www.infobae.com\/resizer\/v2\/YAZL53CUMFDJHHTI6WM2G3FSUA.png?auth=623d16864a7d92d35b13db05ef6c69eddbb066f6d93a483718c79d5eb7738ce4&amp;smart=true&amp;width=350&amp;height=634&amp;quality=85\" alt=\"La modelo ironiz\u00f3 sobre el\" width=\"457\" height=\"828\" \/><\/picture>La modelo ironiz\u00f3 sobre el esfuerzo familiar destacando que ella pag\u00f3 las maestras particulares y no San Jos\u00e9 de Cupertino<\/div>\n<div class=\"inline ad-wrapper\">\n<div class=\"dfpAd ad-inline\"><\/div>\n<\/div>\n<p class=\"paragraph\" data-mrf-recirculation=\"Links inline\">En ese contexto, la frase de Weber fue una iron\u00eda:\u00a0<b>mientras muchos agradecen al santo por el aprobado, ella record\u00f3, entre risas, qui\u00e9n fue la que pag\u00f3 las clases particulares.<\/b>\u00a0Minutos despu\u00e9s, la escena tuvo segunda parte.\u00a0<b>Weber grab\u00f3 a su hija M\u00eda cuando entraba al auto con el uniforme puesto y un bolso en sus manos.<\/b>\u00a0Con orgullo, la felicit\u00f3 por haber aprobado una de las materias que hab\u00eda rendido.<b>\u00a0\u201cMuy bien, felicitaciones\u201d<\/b>, se la escucha decir mientras la enfoca. Sin embargo, el comentario que termin\u00f3 de coronar el momento lleg\u00f3 segundos despu\u00e9s, cuando not\u00f3 un detalle en el look de la adolescente:\u00a0<b>\u201cY encima maquillad\u00edsima\u201d<\/b>, lanz\u00f3 entre risas.<\/p>\n<div class=\"news-module\" data-mrf-recirculation=\"IL_m3kiGo-8SVS6m0U7OqrZLw\" data-testid=\"text-html\" data-mrf-experience=\"IL_m3kiGo-8SVS6m0U7OqrZLw\">\n<div class=\"recommended-card__image-container\"><\/div>\n<\/div>\n<p class=\"paragraph\" data-mrf-recirculation=\"Links inline\">Recientemente, mientras realizaba una din\u00e1mica de preguntas y respuestas en sus redes, un usuario quiso saber si ella y su esposo,\u00a0<b>Mauro Z\u00e1rate<\/b>, ten\u00edan planes de buscar otro hijo. Weber acompa\u00f1\u00f3 su respuesta con una foto en blanco y negro donde se la ve riendo, abrazada a su hijo Rocco y sosteniendo a un beb\u00e9 en brazos. Lejos de dar una respuesta solemne, Natalie opt\u00f3 por una frase que sus seguidores leyeron como divertida, pero tambi\u00e9n reveladora:\u00a0<b>\u201cMZ quiere. Ni\u00f1o amor quiere. China quiere\u201d.\u00a0<\/b>Con esas palabras se\u00f1al\u00f3 que tanto su marido como sus hijos presionan, cada uno a su manera, para ampliar la familia, mientras que ella dej\u00f3 entrever que no est\u00e1 tan convencida de repetir la experiencia en el corto plazo.<\/p>\n<div class=\"inline_2_DSK ad-wrapper ad-desktop\">\n<div class=\"dfpAd ad-inline\"><\/div>\n<\/div>\n<p class=\"paragraph\" data-mrf-recirculation=\"Links inline\">Pero lo que realmente dispar\u00f3 la conversaci\u00f3n en redes sociales fue la siguiente pregunta. Una seguidora le escribi\u00f3 directamente:<b>\u00a0\u201c\u00bfSos team Wanda \/ China? \u00bfO pens\u00e1s que est\u00e1n todos locos?\u201d.<\/b>\u00a0Lejos de esquivar el tema, Weber decidi\u00f3 contestar con un texto largo y detallado, donde dej\u00f3 claro que no elige bandos y que su opini\u00f3n se construye solo en funci\u00f3n de la informaci\u00f3n que se hace p\u00fablica. \u201c<b>No soy team de nadie.\u00a0<\/b>Analizo las situaciones que ellos mismos se encargan de filtrar\u201d, comenz\u00f3.<\/p>\n<div class=\"news-module\" data-mrf-recirculation=\"IL_wLyG9sjfRQKb8QO3fSLumw\" data-testid=\"text-html\" data-mrf-experience=\"IL_wLyG9sjfRQKb8QO3fSLumw\">\n<div class=\"recommended-card__image-container\"><\/div>\n<\/div>\n<div class=\"visual__image\"><picture><source srcset=\"https:\/\/www.infobae.com\/resizer\/v2\/A7WGDE6TIJFOHOPUIGUYFOPBUY.jpg?auth=b7e3de90df54cf93090d41c4253e0fd7c5cf55a2bdf5ec40584915bab06694bc&amp;smart=true&amp;width=992&amp;height=1766&amp;quality=85\" media=\"(min-width: 1000px)\" \/><source srcset=\"https:\/\/www.infobae.com\/resizer\/v2\/A7WGDE6TIJFOHOPUIGUYFOPBUY.jpg?auth=b7e3de90df54cf93090d41c4253e0fd7c5cf55a2bdf5ec40584915bab06694bc&amp;smart=true&amp;width=768&amp;height=1367&amp;quality=85\" media=\"(min-width: 768px)\" \/><source srcset=\"https:\/\/www.infobae.com\/resizer\/v2\/A7WGDE6TIJFOHOPUIGUYFOPBUY.jpg?auth=b7e3de90df54cf93090d41c4253e0fd7c5cf55a2bdf5ec40584915bab06694bc&amp;smart=true&amp;width=577&amp;height=1027&amp;quality=85\" media=\"(min-width: 580px)\" \/><source srcset=\"https:\/\/www.infobae.com\/resizer\/v2\/A7WGDE6TIJFOHOPUIGUYFOPBUY.jpg?auth=b7e3de90df54cf93090d41c4253e0fd7c5cf55a2bdf5ec40584915bab06694bc&amp;smart=true&amp;width=420&amp;height=748&amp;quality=85\" media=\"(min-width: 350px)\" \/><source srcset=\"https:\/\/www.infobae.com\/resizer\/v2\/A7WGDE6TIJFOHOPUIGUYFOPBUY.jpg?auth=b7e3de90df54cf93090d41c4253e0fd7c5cf55a2bdf5ec40584915bab06694bc&amp;smart=true&amp;width=350&amp;height=623&amp;quality=85\" media=\"(min-width: 80px)\" \/><img loading=\"lazy\" decoding=\"async\" class=\"global-image\" src=\"https:\/\/www.infobae.com\/resizer\/v2\/A7WGDE6TIJFOHOPUIGUYFOPBUY.jpg?auth=b7e3de90df54cf93090d41c4253e0fd7c5cf55a2bdf5ec40584915bab06694bc&amp;smart=true&amp;width=350&amp;height=623&amp;quality=85\" alt=\"Weber expresa su postura respecto\" width=\"468\" height=\"833\" \/><\/picture>Weber expresa su postura respecto a la pol\u00e9mica entre Wanda Nara y la China Su\u00e1rez, negando tomar partido por alguna de las dos<\/div>\n<p class=\"paragraph\" data-mrf-recirculation=\"Links inline\">A partir de all\u00ed, desarroll\u00f3 una reflexi\u00f3n que sorprendi\u00f3 por la profundidad y por la falta de complacencia hacia cualquiera de las partes involucradas. En relaci\u00f3n a la China Su\u00e1rez, fue directa:\u00a0<b>\u201cNunca habl\u00e9 con ninguna. Simplemente si alguien repite patr\u00f3n de casados en todas sus relaciones, probablemente no sienta tanta empat\u00eda por esa persona. Ya sabemos que el culpable es el casado tambi\u00e9n\u201d.<\/b>\u00a0Sin embargo, su cr\u00edtica no se detuvo en la figura de la China.\u00a0<b>\u201cDel otro lado tampoco hicieron bien las cosas porque tambi\u00e9n se filtraron infidelidades con un colega del marido. Era casado\u201d<\/b>, agreg\u00f3.<\/p>\n<p class=\"paragraph\" data-mrf-recirculation=\"Links inline\">Ante el revuelo que gener\u00f3 su respuesta, la modelo fue a\u00fan m\u00e1s precisa para evitar cualquier malentendido. \u201c<b>La gente cree que soy amiga de Wanda, y no. No la conozco<\/b>. Analizo y opino de lo que veo. Eso no significa que tenga la verdad absoluta. Probablemente yo no vea algunas cosas\u201d, escribi\u00f3. Y sentenci\u00f3: \u201cSon simplemente opiniones.\u00a0<b>Algunos pensar\u00e1n como yo y otros diferente<\/b>, y todas las opiniones son v\u00e1lidas y est\u00e1n bien\u201d.<\/p>\n<div class=\"second-saved-buttons\">\n<div class=\"body-share-note\"><\/div>\n<\/div>\n","protected":false},"excerpt":{"rendered":"<p>La modelo comparti\u00f3 en redes sociales un momento desopilante: qui\u00e9n es el santo que invoc\u00f3 y de quienes es el patrono Natalie Weber\u00a0volvi\u00f3 a mostrar el costado m\u00e1s descontracturado de su vida familiar con una serie de historias que comparti\u00f3 en sus redes sociales y que r\u00e1pidamente generaron risas entre sus seguidores. Desde el asiento [&hellip;]<\/p>\n","protected":false},"author":1,"featured_media":12763,"comment_status":"open","ping_status":"open","sticky":false,"template":"","format":"standard","meta":{"rop_custom_images_group":[],"rop_custom_messages_group":[],"rop_publish_now":"initial","rop_publish_now_accounts":[],"rop_publish_now_history":[],"rop_publish_now_status":"pending","footnotes":"","jetpack_publicize_message":"","jetpack_publicize_feature_enabled":true,"jetpack_social_post_already_shared":true,"jetpack_social_options":{"image_generator_settings":{"template":"highway","enabled":false},"version":2}},"categories":[12],"tags":[],"class_list":{"0":"post-12760","1":"post","2":"type-post","3":"status-publish","4":"format-standard","5":"has-post-thumbnail","7":"category-espectaculos"},"jetpack_publicize_connections":[],"yoast_head":"<!-- This site is optimized with the Yoast SEO plugin v27.3 - https:\/\/yoast.com\/product\/yoast-seo-wordpress\/ -->\n<title>Natalie Weber, entre rezarle a San Cupertino o enviar a su hija M\u00eda a una maestra particular: \u201cFelicitaciones\u201d - CLAN ESPECTACULOS<\/title>\n<meta name=\"robots\" content=\"index, follow, max-snippet:-1, max-image-preview:large, max-video-preview:-1\" \/>\n<link rel=\"canonical\" href=\"https:\/\/radioclanfm.com\/clanespectaculos\/natalie-weber-entre-rezarle-a-san-cupertino-o-enviar-a-su-hija-mia-a-una-maestra-particular-felicitaciones\/\" \/>\n<meta property=\"og:locale\" content=\"es_ES\" \/>\n<meta property=\"og:type\" content=\"article\" \/>\n<meta property=\"og:title\" content=\"Natalie Weber, entre rezarle a San Cupertino o enviar a su hija M\u00eda a una maestra particular: \u201cFelicitaciones\u201d - CLAN ESPECTACULOS\" \/>\n<meta property=\"og:description\" content=\"La modelo comparti\u00f3 en redes sociales un momento desopilante: qui\u00e9n es el santo que invoc\u00f3 y de quienes es el patrono Natalie Weber\u00a0volvi\u00f3 a mostrar el costado m\u00e1s descontracturado de su vida familiar con una serie de historias que comparti\u00f3 en sus redes sociales y que r\u00e1pidamente generaron risas entre sus seguidores. Desde el asiento [&hellip;]\" \/>\n<meta property=\"og:url\" content=\"https:\/\/radioclanfm.com\/clanespectaculos\/natalie-weber-entre-rezarle-a-san-cupertino-o-enviar-a-su-hija-mia-a-una-maestra-particular-felicitaciones\/\" \/>\n<meta property=\"og:site_name\" content=\"CLAN ESPECTACULOS\" \/>\n<meta property=\"article:publisher\" content=\"https:\/\/www.facebook.com\/clanespectaculos\/\" \/>\n<meta property=\"article:published_time\" content=\"2026-02-25T00:36:57+00:00\" \/>\n<meta property=\"og:image\" content=\"https:\/\/radioclanfm.com\/clanespectaculos\/wp-content\/uploads\/sites\/2\/2026\/02\/fMHj13xW.jpg\" \/>\n\t<meta property=\"og:image:width\" content=\"900\" \/>\n\t<meta property=\"og:image:height\" content=\"450\" \/>\n\t<meta property=\"og:image:type\" content=\"image\/jpeg\" \/>\n<meta name=\"author\" content=\"E-GRUPOCLAN\" \/>\n<meta name=\"twitter:card\" content=\"summary_large_image\" \/>\n<meta name=\"twitter:creator\" content=\"@clanespectok\" \/>\n<meta name=\"twitter:site\" content=\"@clanespectok\" \/>\n<meta name=\"twitter:label1\" content=\"Escrito por\" \/>\n\t<meta name=\"twitter:data1\" content=\"E-GRUPOCLAN\" \/>\n\t<meta name=\"twitter:label2\" content=\"Tiempo de lectura\" \/>\n\t<meta name=\"twitter:data2\" content=\"4 minutos\" \/>\n<script type=\"application\/ld+json\" class=\"yoast-schema-graph\">{\"@context\":\"https:\\\/\\\/schema.org\",\"@graph\":[{\"@type\":\"Article\",\"@id\":\"https:\\\/\\\/radioclanfm.com\\\/clanespectaculos\\\/natalie-weber-entre-rezarle-a-san-cupertino-o-enviar-a-su-hija-mia-a-una-maestra-particular-felicitaciones\\\/#article\",\"isPartOf\":{\"@id\":\"https:\\\/\\\/radioclanfm.com\\\/clanespectaculos\\\/natalie-weber-entre-rezarle-a-san-cupertino-o-enviar-a-su-hija-mia-a-una-maestra-particular-felicitaciones\\\/\"},\"author\":{\"name\":\"E-GRUPOCLAN\",\"@id\":\"https:\\\/\\\/radioclanfm.com\\\/clanespectaculos\\\/#\\\/schema\\\/person\\\/9734813083303230f3ad84d99171b20c\"},\"headline\":\"Natalie Weber, entre rezarle a San Cupertino o enviar a su hija M\u00eda a una maestra particular: \u201cFelicitaciones\u201d\",\"datePublished\":\"2026-02-25T00:36:57+00:00\",\"mainEntityOfPage\":{\"@id\":\"https:\\\/\\\/radioclanfm.com\\\/clanespectaculos\\\/natalie-weber-entre-rezarle-a-san-cupertino-o-enviar-a-su-hija-mia-a-una-maestra-particular-felicitaciones\\\/\"},\"wordCount\":811,\"commentCount\":0,\"publisher\":{\"@id\":\"https:\\\/\\\/radioclanfm.com\\\/clanespectaculos\\\/#organization\"},\"image\":{\"@id\":\"https:\\\/\\\/radioclanfm.com\\\/clanespectaculos\\\/natalie-weber-entre-rezarle-a-san-cupertino-o-enviar-a-su-hija-mia-a-una-maestra-particular-felicitaciones\\\/#primaryimage\"},\"thumbnailUrl\":\"https:\\\/\\\/radioclanfm.com\\\/clanespectaculos\\\/wp-content\\\/uploads\\\/sites\\\/2\\\/2026\\\/02\\\/fMHj13xW.jpg\",\"articleSection\":[\"Espectaculos\"],\"inLanguage\":\"es-AR\",\"potentialAction\":[{\"@type\":\"CommentAction\",\"name\":\"Comment\",\"target\":[\"https:\\\/\\\/radioclanfm.com\\\/clanespectaculos\\\/natalie-weber-entre-rezarle-a-san-cupertino-o-enviar-a-su-hija-mia-a-una-maestra-particular-felicitaciones\\\/#respond\"]}]},{\"@type\":\"WebPage\",\"@id\":\"https:\\\/\\\/radioclanfm.com\\\/clanespectaculos\\\/natalie-weber-entre-rezarle-a-san-cupertino-o-enviar-a-su-hija-mia-a-una-maestra-particular-felicitaciones\\\/\",\"url\":\"https:\\\/\\\/radioclanfm.com\\\/clanespectaculos\\\/natalie-weber-entre-rezarle-a-san-cupertino-o-enviar-a-su-hija-mia-a-una-maestra-particular-felicitaciones\\\/\",\"name\":\"Natalie Weber, entre rezarle a San Cupertino o enviar a su hija M\u00eda a una maestra particular: \u201cFelicitaciones\u201d - CLAN ESPECTACULOS\",\"isPartOf\":{\"@id\":\"https:\\\/\\\/radioclanfm.com\\\/clanespectaculos\\\/#website\"},\"primaryImageOfPage\":{\"@id\":\"https:\\\/\\\/radioclanfm.com\\\/clanespectaculos\\\/natalie-weber-entre-rezarle-a-san-cupertino-o-enviar-a-su-hija-mia-a-una-maestra-particular-felicitaciones\\\/#primaryimage\"},\"image\":{\"@id\":\"https:\\\/\\\/radioclanfm.com\\\/clanespectaculos\\\/natalie-weber-entre-rezarle-a-san-cupertino-o-enviar-a-su-hija-mia-a-una-maestra-particular-felicitaciones\\\/#primaryimage\"},\"thumbnailUrl\":\"https:\\\/\\\/radioclanfm.com\\\/clanespectaculos\\\/wp-content\\\/uploads\\\/sites\\\/2\\\/2026\\\/02\\\/fMHj13xW.jpg\",\"datePublished\":\"2026-02-25T00:36:57+00:00\",\"breadcrumb\":{\"@id\":\"https:\\\/\\\/radioclanfm.com\\\/clanespectaculos\\\/natalie-weber-entre-rezarle-a-san-cupertino-o-enviar-a-su-hija-mia-a-una-maestra-particular-felicitaciones\\\/#breadcrumb\"},\"inLanguage\":\"es-AR\",\"potentialAction\":[{\"@type\":\"ReadAction\",\"target\":[\"https:\\\/\\\/radioclanfm.com\\\/clanespectaculos\\\/natalie-weber-entre-rezarle-a-san-cupertino-o-enviar-a-su-hija-mia-a-una-maestra-particular-felicitaciones\\\/\"]}]},{\"@type\":\"ImageObject\",\"inLanguage\":\"es-AR\",\"@id\":\"https:\\\/\\\/radioclanfm.com\\\/clanespectaculos\\\/natalie-weber-entre-rezarle-a-san-cupertino-o-enviar-a-su-hija-mia-a-una-maestra-particular-felicitaciones\\\/#primaryimage\",\"url\":\"https:\\\/\\\/radioclanfm.com\\\/clanespectaculos\\\/wp-content\\\/uploads\\\/sites\\\/2\\\/2026\\\/02\\\/fMHj13xW.jpg\",\"contentUrl\":\"https:\\\/\\\/radioclanfm.com\\\/clanespectaculos\\\/wp-content\\\/uploads\\\/sites\\\/2\\\/2026\\\/02\\\/fMHj13xW.jpg\",\"width\":900,\"height\":450},{\"@type\":\"BreadcrumbList\",\"@id\":\"https:\\\/\\\/radioclanfm.com\\\/clanespectaculos\\\/natalie-weber-entre-rezarle-a-san-cupertino-o-enviar-a-su-hija-mia-a-una-maestra-particular-felicitaciones\\\/#breadcrumb\",\"itemListElement\":[{\"@type\":\"ListItem\",\"position\":1,\"name\":\"Inicio\",\"item\":\"https:\\\/\\\/radioclanfm.com\\\/clanespectaculos\\\/\"},{\"@type\":\"ListItem\",\"position\":2,\"name\":\"Natalie Weber, entre rezarle a San Cupertino o enviar a su hija M\u00eda a una maestra particular: \u201cFelicitaciones\u201d\"}]},{\"@type\":\"WebSite\",\"@id\":\"https:\\\/\\\/radioclanfm.com\\\/clanespectaculos\\\/#website\",\"url\":\"https:\\\/\\\/radioclanfm.com\\\/clanespectaculos\\\/\",\"name\":\"CLAN ESPECTACULOS\",\"description\":\"\",\"publisher\":{\"@id\":\"https:\\\/\\\/radioclanfm.com\\\/clanespectaculos\\\/#organization\"},\"potentialAction\":[{\"@type\":\"SearchAction\",\"target\":{\"@type\":\"EntryPoint\",\"urlTemplate\":\"https:\\\/\\\/radioclanfm.com\\\/clanespectaculos\\\/?s={search_term_string}\"},\"query-input\":{\"@type\":\"PropertyValueSpecification\",\"valueRequired\":true,\"valueName\":\"search_term_string\"}}],\"inLanguage\":\"es-AR\"},{\"@type\":\"Organization\",\"@id\":\"https:\\\/\\\/radioclanfm.com\\\/clanespectaculos\\\/#organization\",\"name\":\"CLAN ESPECTACULOS\",\"url\":\"https:\\\/\\\/radioclanfm.com\\\/clanespectaculos\\\/\",\"logo\":{\"@type\":\"ImageObject\",\"inLanguage\":\"es-AR\",\"@id\":\"https:\\\/\\\/radioclanfm.com\\\/clanespectaculos\\\/#\\\/schema\\\/logo\\\/image\\\/\",\"url\":\"https:\\\/\\\/radioclanfm.com\\\/clanespectaculos\\\/wp-content\\\/uploads\\\/sites\\\/2\\\/2026\\\/04\\\/ChatGPT-Image-23-mar-2026-10_09_00.png\",\"contentUrl\":\"https:\\\/\\\/radioclanfm.com\\\/clanespectaculos\\\/wp-content\\\/uploads\\\/sites\\\/2\\\/2026\\\/04\\\/ChatGPT-Image-23-mar-2026-10_09_00.png\",\"width\":1024,\"height\":1024,\"caption\":\"CLAN ESPECTACULOS\"},\"image\":{\"@id\":\"https:\\\/\\\/radioclanfm.com\\\/clanespectaculos\\\/#\\\/schema\\\/logo\\\/image\\\/\"},\"sameAs\":[\"https:\\\/\\\/www.facebook.com\\\/clanespectaculos\\\/\",\"https:\\\/\\\/x.com\\\/clanespectok\"]},{\"@type\":\"Person\",\"@id\":\"https:\\\/\\\/radioclanfm.com\\\/clanespectaculos\\\/#\\\/schema\\\/person\\\/9734813083303230f3ad84d99171b20c\",\"name\":\"E-GRUPOCLAN\",\"image\":{\"@type\":\"ImageObject\",\"inLanguage\":\"es-AR\",\"@id\":\"https:\\\/\\\/secure.gravatar.com\\\/avatar\\\/af6e19837c3d6a212034a48c7b3818d2ac1826f6025df0155da5a186ad321d79?s=96&d=mm&r=g\",\"url\":\"https:\\\/\\\/secure.gravatar.com\\\/avatar\\\/af6e19837c3d6a212034a48c7b3818d2ac1826f6025df0155da5a186ad321d79?s=96&d=mm&r=g\",\"contentUrl\":\"https:\\\/\\\/secure.gravatar.com\\\/avatar\\\/af6e19837c3d6a212034a48c7b3818d2ac1826f6025df0155da5a186ad321d79?s=96&d=mm&r=g\",\"caption\":\"E-GRUPOCLAN\"},\"sameAs\":[\"https:\\\/\\\/radioclanfm.com\"],\"url\":\"https:\\\/\\\/radioclanfm.com\\\/clanespectaculos\\\/author\\\/admin\\\/\"}]}<\/script>\n<!-- \/ Yoast SEO plugin. -->","yoast_head_json":{"title":"Natalie Weber, entre rezarle a San Cupertino o enviar a su hija M\u00eda a una maestra particular: \u201cFelicitaciones\u201d - CLAN ESPECTACULOS","robots":{"index":"index","follow":"follow","max-snippet":"max-snippet:-1","max-image-preview":"max-image-preview:large","max-video-preview":"max-video-preview:-1"},"canonical":"https:\/\/radioclanfm.com\/clanespectaculos\/natalie-weber-entre-rezarle-a-san-cupertino-o-enviar-a-su-hija-mia-a-una-maestra-particular-felicitaciones\/","og_locale":"es_ES","og_type":"article","og_title":"Natalie Weber, entre rezarle a San Cupertino o enviar a su hija M\u00eda a una maestra particular: \u201cFelicitaciones\u201d - CLAN ESPECTACULOS","og_description":"La modelo comparti\u00f3 en redes sociales un momento desopilante: qui\u00e9n es el santo que invoc\u00f3 y de quienes es el patrono Natalie Weber\u00a0volvi\u00f3 a mostrar el costado m\u00e1s descontracturado de su vida familiar con una serie de historias que comparti\u00f3 en sus redes sociales y que r\u00e1pidamente generaron risas entre sus seguidores. Desde el asiento [&hellip;]","og_url":"https:\/\/radioclanfm.com\/clanespectaculos\/natalie-weber-entre-rezarle-a-san-cupertino-o-enviar-a-su-hija-mia-a-una-maestra-particular-felicitaciones\/","og_site_name":"CLAN ESPECTACULOS","article_publisher":"https:\/\/www.facebook.com\/clanespectaculos\/","article_published_time":"2026-02-25T00:36:57+00:00","og_image":[{"width":900,"height":450,"url":"https:\/\/radioclanfm.com\/clanespectaculos\/wp-content\/uploads\/sites\/2\/2026\/02\/fMHj13xW.jpg","type":"image\/jpeg"}],"author":"E-GRUPOCLAN","twitter_card":"summary_large_image","twitter_creator":"@clanespectok","twitter_site":"@clanespectok","twitter_misc":{"Escrito por":"E-GRUPOCLAN","Tiempo de lectura":"4 minutos"},"schema":{"@context":"https:\/\/schema.org","@graph":[{"@type":"Article","@id":"https:\/\/radioclanfm.com\/clanespectaculos\/natalie-weber-entre-rezarle-a-san-cupertino-o-enviar-a-su-hija-mia-a-una-maestra-particular-felicitaciones\/#article","isPartOf":{"@id":"https:\/\/radioclanfm.com\/clanespectaculos\/natalie-weber-entre-rezarle-a-san-cupertino-o-enviar-a-su-hija-mia-a-una-maestra-particular-felicitaciones\/"},"author":{"name":"E-GRUPOCLAN","@id":"https:\/\/radioclanfm.com\/clanespectaculos\/#\/schema\/person\/9734813083303230f3ad84d99171b20c"},"headline":"Natalie Weber, entre rezarle a San Cupertino o enviar a su hija M\u00eda a una maestra particular: \u201cFelicitaciones\u201d","datePublished":"2026-02-25T00:36:57+00:00","mainEntityOfPage":{"@id":"https:\/\/radioclanfm.com\/clanespectaculos\/natalie-weber-entre-rezarle-a-san-cupertino-o-enviar-a-su-hija-mia-a-una-maestra-particular-felicitaciones\/"},"wordCount":811,"commentCount":0,"publisher":{"@id":"https:\/\/radioclanfm.com\/clanespectaculos\/#organization"},"image":{"@id":"https:\/\/radioclanfm.com\/clanespectaculos\/natalie-weber-entre-rezarle-a-san-cupertino-o-enviar-a-su-hija-mia-a-una-maestra-particular-felicitaciones\/#primaryimage"},"thumbnailUrl":"https:\/\/radioclanfm.com\/clanespectaculos\/wp-content\/uploads\/sites\/2\/2026\/02\/fMHj13xW.jpg","articleSection":["Espectaculos"],"inLanguage":"es-AR","potentialAction":[{"@type":"CommentAction","name":"Comment","target":["https:\/\/radioclanfm.com\/clanespectaculos\/natalie-weber-entre-rezarle-a-san-cupertino-o-enviar-a-su-hija-mia-a-una-maestra-particular-felicitaciones\/#respond"]}]},{"@type":"WebPage","@id":"https:\/\/radioclanfm.com\/clanespectaculos\/natalie-weber-entre-rezarle-a-san-cupertino-o-enviar-a-su-hija-mia-a-una-maestra-particular-felicitaciones\/","url":"https:\/\/radioclanfm.com\/clanespectaculos\/natalie-weber-entre-rezarle-a-san-cupertino-o-enviar-a-su-hija-mia-a-una-maestra-particular-felicitaciones\/","name":"Natalie Weber, entre rezarle a San Cupertino o enviar a su hija M\u00eda a una maestra particular: \u201cFelicitaciones\u201d - CLAN ESPECTACULOS","isPartOf":{"@id":"https:\/\/radioclanfm.com\/clanespectaculos\/#website"},"primaryImageOfPage":{"@id":"https:\/\/radioclanfm.com\/clanespectaculos\/natalie-weber-entre-rezarle-a-san-cupertino-o-enviar-a-su-hija-mia-a-una-maestra-particular-felicitaciones\/#primaryimage"},"image":{"@id":"https:\/\/radioclanfm.com\/clanespectaculos\/natalie-weber-entre-rezarle-a-san-cupertino-o-enviar-a-su-hija-mia-a-una-maestra-particular-felicitaciones\/#primaryimage"},"thumbnailUrl":"https:\/\/radioclanfm.com\/clanespectaculos\/wp-content\/uploads\/sites\/2\/2026\/02\/fMHj13xW.jpg","datePublished":"2026-02-25T00:36:57+00:00","breadcrumb":{"@id":"https:\/\/radioclanfm.com\/clanespectaculos\/natalie-weber-entre-rezarle-a-san-cupertino-o-enviar-a-su-hija-mia-a-una-maestra-particular-felicitaciones\/#breadcrumb"},"inLanguage":"es-AR","potentialAction":[{"@type":"ReadAction","target":["https:\/\/radioclanfm.com\/clanespectaculos\/natalie-weber-entre-rezarle-a-san-cupertino-o-enviar-a-su-hija-mia-a-una-maestra-particular-felicitaciones\/"]}]},{"@type":"ImageObject","inLanguage":"es-AR","@id":"https:\/\/radioclanfm.com\/clanespectaculos\/natalie-weber-entre-rezarle-a-san-cupertino-o-enviar-a-su-hija-mia-a-una-maestra-particular-felicitaciones\/#primaryimage","url":"https:\/\/radioclanfm.com\/clanespectaculos\/wp-content\/uploads\/sites\/2\/2026\/02\/fMHj13xW.jpg","contentUrl":"https:\/\/radioclanfm.com\/clanespectaculos\/wp-content\/uploads\/sites\/2\/2026\/02\/fMHj13xW.jpg","width":900,"height":450},{"@type":"BreadcrumbList","@id":"https:\/\/radioclanfm.com\/clanespectaculos\/natalie-weber-entre-rezarle-a-san-cupertino-o-enviar-a-su-hija-mia-a-una-maestra-particular-felicitaciones\/#breadcrumb","itemListElement":[{"@type":"ListItem","position":1,"name":"Inicio","item":"https:\/\/radioclanfm.com\/clanespectaculos\/"},{"@type":"ListItem","position":2,"name":"Natalie Weber, entre rezarle a San Cupertino o enviar a su hija M\u00eda a una maestra particular: \u201cFelicitaciones\u201d"}]},{"@type":"WebSite","@id":"https:\/\/radioclanfm.com\/clanespectaculos\/#website","url":"https:\/\/radioclanfm.com\/clanespectaculos\/","name":"CLAN ESPECTACULOS","description":"","publisher":{"@id":"https:\/\/radioclanfm.com\/clanespectaculos\/#organization"},"potentialAction":[{"@type":"SearchAction","target":{"@type":"EntryPoint","urlTemplate":"https:\/\/radioclanfm.com\/clanespectaculos\/?s={search_term_string}"},"query-input":{"@type":"PropertyValueSpecification","valueRequired":true,"valueName":"search_term_string"}}],"inLanguage":"es-AR"},{"@type":"Organization","@id":"https:\/\/radioclanfm.com\/clanespectaculos\/#organization","name":"CLAN ESPECTACULOS","url":"https:\/\/radioclanfm.com\/clanespectaculos\/","logo":{"@type":"ImageObject","inLanguage":"es-AR","@id":"https:\/\/radioclanfm.com\/clanespectaculos\/#\/schema\/logo\/image\/","url":"https:\/\/radioclanfm.com\/clanespectaculos\/wp-content\/uploads\/sites\/2\/2026\/04\/ChatGPT-Image-23-mar-2026-10_09_00.png","contentUrl":"https:\/\/radioclanfm.com\/clanespectaculos\/wp-content\/uploads\/sites\/2\/2026\/04\/ChatGPT-Image-23-mar-2026-10_09_00.png","width":1024,"height":1024,"caption":"CLAN ESPECTACULOS"},"image":{"@id":"https:\/\/radioclanfm.com\/clanespectaculos\/#\/schema\/logo\/image\/"},"sameAs":["https:\/\/www.facebook.com\/clanespectaculos\/","https:\/\/x.com\/clanespectok"]},{"@type":"Person","@id":"https:\/\/radioclanfm.com\/clanespectaculos\/#\/schema\/person\/9734813083303230f3ad84d99171b20c","name":"E-GRUPOCLAN","image":{"@type":"ImageObject","inLanguage":"es-AR","@id":"https:\/\/secure.gravatar.com\/avatar\/af6e19837c3d6a212034a48c7b3818d2ac1826f6025df0155da5a186ad321d79?s=96&d=mm&r=g","url":"https:\/\/secure.gravatar.com\/avatar\/af6e19837c3d6a212034a48c7b3818d2ac1826f6025df0155da5a186ad321d79?s=96&d=mm&r=g","contentUrl":"https:\/\/secure.gravatar.com\/avatar\/af6e19837c3d6a212034a48c7b3818d2ac1826f6025df0155da5a186ad321d79?s=96&d=mm&r=g","caption":"E-GRUPOCLAN"},"sameAs":["https:\/\/radioclanfm.com"],"url":"https:\/\/radioclanfm.com\/clanespectaculos\/author\/admin\/"}]}},"_links":{"self":[{"href":"https:\/\/radioclanfm.com\/clanespectaculos\/wp-json\/wp\/v2\/posts\/12760","targetHints":{"allow":["GET"]}}],"collection":[{"href":"https:\/\/radioclanfm.com\/clanespectaculos\/wp-json\/wp\/v2\/posts"}],"about":[{"href":"https:\/\/radioclanfm.com\/clanespectaculos\/wp-json\/wp\/v2\/types\/post"}],"author":[{"embeddable":true,"href":"https:\/\/radioclanfm.com\/clanespectaculos\/wp-json\/wp\/v2\/users\/1"}],"replies":[{"embeddable":true,"href":"https:\/\/radioclanfm.com\/clanespectaculos\/wp-json\/wp\/v2\/comments?post=12760"}],"version-history":[{"count":1,"href":"https:\/\/radioclanfm.com\/clanespectaculos\/wp-json\/wp\/v2\/posts\/12760\/revisions"}],"predecessor-version":[{"id":12764,"href":"https:\/\/radioclanfm.com\/clanespectaculos\/wp-json\/wp\/v2\/posts\/12760\/revisions\/12764"}],"wp:featuredmedia":[{"embeddable":true,"href":"https:\/\/radioclanfm.com\/clanespectaculos\/wp-json\/wp\/v2\/media\/12763"}],"wp:attachment":[{"href":"https:\/\/radioclanfm.com\/clanespectaculos\/wp-json\/wp\/v2\/media?parent=12760"}],"wp:term":[{"taxonomy":"category","embeddable":true,"href":"https:\/\/radioclanfm.com\/clanespectaculos\/wp-json\/wp\/v2\/categories?post=12760"},{"taxonomy":"post_tag","embeddable":true,"href":"https:\/\/radioclanfm.com\/clanespectaculos\/wp-json\/wp\/v2\/tags?post=12760"}],"curies":[{"name":"wp","href":"https:\/\/api.w.org\/{rel}","templated":true}]}}