{"id":12755,"date":"2026-02-23T23:18:53","date_gmt":"2026-02-24T02:18:53","guid":{"rendered":"https:\/\/radioclanfm.com\/clanespectaculos\/?p=12755"},"modified":"2026-02-23T23:18:53","modified_gmt":"2026-02-24T02:18:53","slug":"la-intima-sesion-de-fotos-de-oriana-sabatini-y-dybala-antes-de-la-llegada-de-su-beba","status":"publish","type":"post","link":"https:\/\/radioclanfm.com\/clanespectaculos\/la-intima-sesion-de-fotos-de-oriana-sabatini-y-dybala-antes-de-la-llegada-de-su-beba\/","title":{"rendered":"La \u00edntima sesi\u00f3n de fotos de Oriana Sabatini y Dybala antes de la llegada de su beba"},"content":{"rendered":"<p>A d\u00edas de dar a luz, la cantante comparti\u00f3 una producci\u00f3n \u00edntima con el futbolista.<\/p>\n<div class=\"col-content\"><main class=\"col-content\"><\/p>\n<div class=\"default-article-color article__body article__article\">\n<p class=\"paragraph font__body-regular\"><b>Oriana Sabatini<\/b><b>\u00a0<\/b>est\u00e1 en la recta final de su primer embarazo junto a Paulo Dybala y mostr\u00f3 en sus redes sociales<b>\u00a0c\u00f3mo viven las \u00faltimas semanas antes de que la beba nazca en Italia.<\/b><\/p>\n<div class=\"AV6543bedcd858799fe90b5c47\">\n<div id=\"aniBox\">\n<div id=\"aniplayer_AV6543bedcd858799fe90b5c47-1771899494774\">\n<div id=\"aniplayer_AV6543bedcd858799fe90b5c47-1771899494774gui\">\n<div id=\"av-caption\">\n<div id=\"av-close-btn-overlay\" class=\"av-pos-top-left\"><\/div>\n<\/div>\n<\/div>\n<div id=\"anibid\"><\/div>\n<\/div>\n<\/div>\n<\/div>\n<div id=\"ad-slot-infeed\" class=\"infeed-container ad-slot-infeed ad-slot\" data-adtype=\"infeed\" data-lazyload=\"1\" data-google-query-id=\"CJ3Lj_uH8ZIDFf8NHgAdSWwR-w\">\n<div id=\"google_ads_iframe_\/113951150\/tn-arc\/nota\/infeed_0__container__\"><\/div>\n<\/div>\n<p class=\"paragraph font__body-regular\">En primer lugar, la cantante comparti\u00f3 una\u00a0<b>rom\u00e1ntica sesi\u00f3n de fotos junto al futbolista bajo la lluvia,<\/b>\u00a0donde dej\u00f3 al descubierto su pancita de nueve meses.<\/p>\n<p class=\"paragraph font__body-regular\">La foto que m\u00e1s conmovi\u00f3 a todos fue en la que ambos sosten\u00edan un paraguas negro mientras Paulo pon\u00eda su mano en la panza de Oriana y le daba un\u00a0<b>tierno beso en la frente.<\/b><\/p>\n<figure class=\"\" data-testid=\"figure-testid\">\n<div class=\"aspect_ratio__container\"><picture class=\"responsive-image\"><source srcset=\"https:\/\/tn.com.ar\/resizer\/v2\/las-romanticas-fotos-de-oriana-sabatini-paulo-dybala-foto-instagramorianasabatini-72WDTVXFPRGNFLW66RVKZYMFOM.jpg?auth=b72af724e0926f1c39bb3204c42aaf0513e8496d0a1e4f111af6861efd575d81&amp;width=767\" type=\"image\/jpg\" media=\"(max-width: 728px)\" \/><source srcset=\"https:\/\/tn.com.ar\/resizer\/v2\/las-romanticas-fotos-de-oriana-sabatini-paulo-dybala-foto-instagramorianasabatini-72WDTVXFPRGNFLW66RVKZYMFOM.jpg?auth=b72af724e0926f1c39bb3204c42aaf0513e8496d0a1e4f111af6861efd575d81&amp;width=1023\" type=\"image\/jpg\" media=\"(max-width: 1023px)\" \/><source srcset=\"https:\/\/tn.com.ar\/resizer\/v2\/las-romanticas-fotos-de-oriana-sabatini-paulo-dybala-foto-instagramorianasabatini-72WDTVXFPRGNFLW66RVKZYMFOM.jpg?auth=b72af724e0926f1c39bb3204c42aaf0513e8496d0a1e4f111af6861efd575d81&amp;width=1440\" type=\"image\/jpg\" \/><img loading=\"lazy\" decoding=\"async\" class=\"image content-image image_placeholder\" src=\"https:\/\/tn.com.ar\/resizer\/v2\/las-romanticas-fotos-de-oriana-sabatini-paulo-dybala-foto-instagramorianasabatini-72WDTVXFPRGNFLW66RVKZYMFOM.jpg?auth=b72af724e0926f1c39bb3204c42aaf0513e8496d0a1e4f111af6861efd575d81&amp;width=767\" alt=\"Las rom\u00e1nticas fotos de Oriana Sabatini Paulo Dybala. (Foto: Instagram\/orianasabatini)\" width=\"767\" height=\"767\" data-testid=\"loading-testid\" \/><\/picture><\/div><figcaption class=\"caption_image\" data-testid=\"figcaption-testid\">\n<div class=\"image_caption \">Las rom\u00e1nticas fotos de Oriana Sabatini Paulo Dybala. (Foto: Instagram\/orianasabatini)<\/div>\n<\/figcaption><\/figure>\n<p class=\"paragraph font__body-regular\">Sin embargo, esto no fue lo \u00fanico que la hija de Catherine Fulop mostr\u00f3 en sus redes. A trav\u00e9s de sus historias, tambi\u00e9n comparti\u00f3\u00a0<b>c\u00f3mo se prepara para el trabajo de parto en pareja.<\/b><\/p>\n<p class=\"paragraph font__body-regular\"><b>\u201cSecuencia de cuclillas\u201d<\/b>, indic\u00f3 la cantante en una imagen donde estaba con una persona que la sosten\u00eda mientras practicaba las posiciones para el parto.<\/p>\n<figure class=\"\" data-testid=\"figure-testid\">\n<div class=\"aspect_ratio__container\"><picture class=\"responsive-image\"><source srcset=\"https:\/\/tn.com.ar\/resizer\/v2\/asi-se-prepara-oriana-sabatini-para-dar-a-luz-foto-instagramorianasabatini-Y37TPVAXAZHL5PKBPY7WCZTIXI.jpg?auth=d01d07b8fd51fa5c9219efef8acc9c18b9aa7c762418d6626aae1ba233c51ff8&amp;width=767\" type=\"image\/jpg\" media=\"(max-width: 728px)\" \/><source srcset=\"https:\/\/tn.com.ar\/resizer\/v2\/asi-se-prepara-oriana-sabatini-para-dar-a-luz-foto-instagramorianasabatini-Y37TPVAXAZHL5PKBPY7WCZTIXI.jpg?auth=d01d07b8fd51fa5c9219efef8acc9c18b9aa7c762418d6626aae1ba233c51ff8&amp;width=1023\" type=\"image\/jpg\" media=\"(max-width: 1023px)\" \/><source srcset=\"https:\/\/tn.com.ar\/resizer\/v2\/asi-se-prepara-oriana-sabatini-para-dar-a-luz-foto-instagramorianasabatini-Y37TPVAXAZHL5PKBPY7WCZTIXI.jpg?auth=d01d07b8fd51fa5c9219efef8acc9c18b9aa7c762418d6626aae1ba233c51ff8&amp;width=1440\" type=\"image\/jpg\" \/><img loading=\"lazy\" decoding=\"async\" class=\"image content-image image_placeholder\" src=\"https:\/\/tn.com.ar\/resizer\/v2\/asi-se-prepara-oriana-sabatini-para-dar-a-luz-foto-instagramorianasabatini-Y37TPVAXAZHL5PKBPY7WCZTIXI.jpg?auth=d01d07b8fd51fa5c9219efef8acc9c18b9aa7c762418d6626aae1ba233c51ff8&amp;width=767\" alt=\"As\u00ed se prepara Oriana Sabatini para dar a luz. (Foto: Instagram\/orianasabatini)\" width=\"767\" height=\"1347\" data-testid=\"loading-testid\" \/><\/picture><\/div><figcaption class=\"caption_image\" data-testid=\"figcaption-testid\">\n<div class=\"image_caption \">As\u00ed se prepara Oriana Sabatini para dar a luz. (Foto: Instagram\/orianasabatini)<\/div>\n<\/figcaption><\/figure>\n<h2 class=\"font--primary font__display\">La emoci\u00f3n de Catherine Fulop y Ova Sabatini al reencontrarse con Oriana en Italia: \u201cYa con nuestra bebita\u201d<\/h2>\n<p class=\"paragraph font__body-regular\">En medio de la cuenta regresiva,\u00a0<b>la<\/b>\u00a0<b>familia de Oriana Sabatini viaj\u00f3 a Europa para acompa\u00f1arla\u00a0<\/b>en este momento especial y compartieron una tierna foto del encuentro.<\/p>\n<p class=\"paragraph font__body-regular\"><b>\u201cYa con nuestra bebita\u201d,\u00a0<\/b>escribi\u00f3 la actriz, muy emocionada, en una historia de Instagram.<\/p>\n<figure class=\"\" data-testid=\"figure-testid\">\n<div class=\"aspect_ratio__container\"><picture class=\"responsive-image\"><source srcset=\"https:\/\/tn.com.ar\/resizer\/v2\/oriana-sabatini-se-reunio-con-su-familia-en-la-etapa-final-del-embarazo-foto-instagramorianasabatini-5RFIWNDIEJBJROQCFGEP5VCBQA.jpg?auth=3348d88c30e32075bd5f2690dceb9cbae31da562ce05576f7552e1de48ae8dbf&amp;width=767\" type=\"image\/jpg\" media=\"(max-width: 728px)\" \/><source srcset=\"https:\/\/tn.com.ar\/resizer\/v2\/oriana-sabatini-se-reunio-con-su-familia-en-la-etapa-final-del-embarazo-foto-instagramorianasabatini-5RFIWNDIEJBJROQCFGEP5VCBQA.jpg?auth=3348d88c30e32075bd5f2690dceb9cbae31da562ce05576f7552e1de48ae8dbf&amp;width=1023\" type=\"image\/jpg\" media=\"(max-width: 1023px)\" \/><source srcset=\"https:\/\/tn.com.ar\/resizer\/v2\/oriana-sabatini-se-reunio-con-su-familia-en-la-etapa-final-del-embarazo-foto-instagramorianasabatini-5RFIWNDIEJBJROQCFGEP5VCBQA.jpg?auth=3348d88c30e32075bd5f2690dceb9cbae31da562ce05576f7552e1de48ae8dbf&amp;width=1440\" type=\"image\/jpg\" \/><img loading=\"lazy\" decoding=\"async\" class=\"image content-image image_placeholder\" src=\"https:\/\/tn.com.ar\/resizer\/v2\/oriana-sabatini-se-reunio-con-su-familia-en-la-etapa-final-del-embarazo-foto-instagramorianasabatini-5RFIWNDIEJBJROQCFGEP5VCBQA.jpg?auth=3348d88c30e32075bd5f2690dceb9cbae31da562ce05576f7552e1de48ae8dbf&amp;width=767\" alt=\"Oriana Sabatini se reuni\u00f3 con su familia en la etapa final del embarazo. (Foto: Instagram\/orianasabatini)\" width=\"767\" height=\"1285\" data-testid=\"loading-testid\" \/><\/picture><\/div><figcaption class=\"caption_image\" data-testid=\"figcaption-testid\">\n<div class=\"image_caption \">Oriana Sabatini se reuni\u00f3 con su familia en la etapa final del embarazo. (Foto: Instagram\/orianasabatini)<\/div>\n<\/figcaption><\/figure>\n<p class=\"paragraph font__body-regular\">En la foto que public\u00f3, se pueden ver a Ova y Tiziana abrazando a\u00a0<b>Oriana, que dej\u00f3 al descubierto su enorme pancita\u00a0<\/b>y se mostr\u00f3 muy contenta de recibir a su familia.<\/p>\n<p class=\"paragraph font__body-regular\">Con respecto a que la beba nazca en Roma, la cantante explic\u00f3 que est\u00e1 ligada a los compromisos laborales de Paulo Dybala all\u00ed.<b>\u00a0\u201cQuiero que est\u00e9 el padre\u201d<\/b>, asegur\u00f3 en una entrevista.<\/p>\n<p class=\"paragraph font__body-regular\">Por eso, su familia decidi\u00f3 trasladarse hasta all\u00e1 para poder estar con ella en este \u00faltimo mes y al momento del parto.<\/p>\n<\/div>\n<p><\/main><\/div>\n<aside class=\"col-right-rail right-rail\">\n<div id=\"parent-ad-slot-caja\" class=\"ad-container caja_ad \">\n<div class=\"ad-content\"><\/div>\n<\/div>\n<\/aside>\n","protected":false},"excerpt":{"rendered":"<p>A d\u00edas de dar a luz, la cantante comparti\u00f3 una producci\u00f3n \u00edntima con el futbolista. Oriana Sabatini\u00a0est\u00e1 en la recta final de su primer embarazo junto a Paulo Dybala y mostr\u00f3 en sus redes sociales\u00a0c\u00f3mo viven las \u00faltimas semanas antes de que la beba nazca en Italia. En primer lugar, la cantante comparti\u00f3 una\u00a0rom\u00e1ntica sesi\u00f3n [&hellip;]<\/p>\n","protected":false},"author":1,"featured_media":12758,"comment_status":"open","ping_status":"open","sticky":false,"template":"","format":"standard","meta":{"rop_custom_images_group":[],"rop_custom_messages_group":[],"rop_publish_now":"initial","rop_publish_now_accounts":[],"rop_publish_now_history":[],"rop_publish_now_status":"pending","footnotes":"","jetpack_publicize_message":"","jetpack_publicize_feature_enabled":true,"jetpack_social_post_already_shared":true,"jetpack_social_options":{"image_generator_settings":{"template":"highway","enabled":false},"version":2}},"categories":[12],"tags":[],"class_list":{"0":"post-12755","1":"post","2":"type-post","3":"status-publish","4":"format-standard","5":"has-post-thumbnail","7":"category-espectaculos"},"jetpack_publicize_connections":[],"yoast_head":"<!-- This site is optimized with the Yoast SEO plugin v27.3 - https:\/\/yoast.com\/product\/yoast-seo-wordpress\/ -->\n<title>La \u00edntima sesi\u00f3n de fotos de Oriana Sabatini y Dybala antes de la llegada de su beba - CLAN ESPECTACULOS<\/title>\n<meta name=\"robots\" content=\"index, follow, max-snippet:-1, max-image-preview:large, max-video-preview:-1\" \/>\n<link rel=\"canonical\" href=\"https:\/\/radioclanfm.com\/clanespectaculos\/la-intima-sesion-de-fotos-de-oriana-sabatini-y-dybala-antes-de-la-llegada-de-su-beba\/\" \/>\n<meta property=\"og:locale\" content=\"es_ES\" \/>\n<meta property=\"og:type\" content=\"article\" \/>\n<meta property=\"og:title\" content=\"La \u00edntima sesi\u00f3n de fotos de Oriana Sabatini y Dybala antes de la llegada de su beba - CLAN ESPECTACULOS\" \/>\n<meta property=\"og:description\" content=\"A d\u00edas de dar a luz, la cantante comparti\u00f3 una producci\u00f3n \u00edntima con el futbolista. Oriana Sabatini\u00a0est\u00e1 en la recta final de su primer embarazo junto a Paulo Dybala y mostr\u00f3 en sus redes sociales\u00a0c\u00f3mo viven las \u00faltimas semanas antes de que la beba nazca en Italia. En primer lugar, la cantante comparti\u00f3 una\u00a0rom\u00e1ntica sesi\u00f3n [&hellip;]\" \/>\n<meta property=\"og:url\" content=\"https:\/\/radioclanfm.com\/clanespectaculos\/la-intima-sesion-de-fotos-de-oriana-sabatini-y-dybala-antes-de-la-llegada-de-su-beba\/\" \/>\n<meta property=\"og:site_name\" content=\"CLAN ESPECTACULOS\" \/>\n<meta property=\"article:publisher\" content=\"https:\/\/www.facebook.com\/clanespectaculos\/\" \/>\n<meta property=\"article:published_time\" content=\"2026-02-24T02:18:53+00:00\" \/>\n<meta property=\"og:image\" content=\"https:\/\/radioclanfm.com\/clanespectaculos\/wp-content\/uploads\/sites\/2\/2026\/02\/RGUnW43K.jpg\" \/>\n\t<meta property=\"og:image:width\" content=\"900\" \/>\n\t<meta property=\"og:image:height\" content=\"505\" \/>\n\t<meta property=\"og:image:type\" content=\"image\/jpeg\" \/>\n<meta name=\"author\" content=\"E-GRUPOCLAN\" \/>\n<meta name=\"twitter:card\" content=\"summary_large_image\" \/>\n<meta name=\"twitter:creator\" content=\"@clanespectok\" \/>\n<meta name=\"twitter:site\" content=\"@clanespectok\" \/>\n<meta name=\"twitter:label1\" content=\"Escrito por\" \/>\n\t<meta name=\"twitter:data1\" content=\"E-GRUPOCLAN\" \/>\n\t<meta name=\"twitter:label2\" content=\"Tiempo de lectura\" \/>\n\t<meta name=\"twitter:data2\" content=\"2 minutos\" \/>\n<script type=\"application\/ld+json\" class=\"yoast-schema-graph\">{\"@context\":\"https:\\\/\\\/schema.org\",\"@graph\":[{\"@type\":\"Article\",\"@id\":\"https:\\\/\\\/radioclanfm.com\\\/clanespectaculos\\\/la-intima-sesion-de-fotos-de-oriana-sabatini-y-dybala-antes-de-la-llegada-de-su-beba\\\/#article\",\"isPartOf\":{\"@id\":\"https:\\\/\\\/radioclanfm.com\\\/clanespectaculos\\\/la-intima-sesion-de-fotos-de-oriana-sabatini-y-dybala-antes-de-la-llegada-de-su-beba\\\/\"},\"author\":{\"name\":\"E-GRUPOCLAN\",\"@id\":\"https:\\\/\\\/radioclanfm.com\\\/clanespectaculos\\\/#\\\/schema\\\/person\\\/9734813083303230f3ad84d99171b20c\"},\"headline\":\"La \u00edntima sesi\u00f3n de fotos de Oriana Sabatini y Dybala antes de la llegada de su beba\",\"datePublished\":\"2026-02-24T02:18:53+00:00\",\"mainEntityOfPage\":{\"@id\":\"https:\\\/\\\/radioclanfm.com\\\/clanespectaculos\\\/la-intima-sesion-de-fotos-de-oriana-sabatini-y-dybala-antes-de-la-llegada-de-su-beba\\\/\"},\"wordCount\":385,\"commentCount\":0,\"publisher\":{\"@id\":\"https:\\\/\\\/radioclanfm.com\\\/clanespectaculos\\\/#organization\"},\"image\":{\"@id\":\"https:\\\/\\\/radioclanfm.com\\\/clanespectaculos\\\/la-intima-sesion-de-fotos-de-oriana-sabatini-y-dybala-antes-de-la-llegada-de-su-beba\\\/#primaryimage\"},\"thumbnailUrl\":\"https:\\\/\\\/radioclanfm.com\\\/clanespectaculos\\\/wp-content\\\/uploads\\\/sites\\\/2\\\/2026\\\/02\\\/RGUnW43K.jpg\",\"articleSection\":[\"Espectaculos\"],\"inLanguage\":\"es-AR\",\"potentialAction\":[{\"@type\":\"CommentAction\",\"name\":\"Comment\",\"target\":[\"https:\\\/\\\/radioclanfm.com\\\/clanespectaculos\\\/la-intima-sesion-de-fotos-de-oriana-sabatini-y-dybala-antes-de-la-llegada-de-su-beba\\\/#respond\"]}]},{\"@type\":\"WebPage\",\"@id\":\"https:\\\/\\\/radioclanfm.com\\\/clanespectaculos\\\/la-intima-sesion-de-fotos-de-oriana-sabatini-y-dybala-antes-de-la-llegada-de-su-beba\\\/\",\"url\":\"https:\\\/\\\/radioclanfm.com\\\/clanespectaculos\\\/la-intima-sesion-de-fotos-de-oriana-sabatini-y-dybala-antes-de-la-llegada-de-su-beba\\\/\",\"name\":\"La \u00edntima sesi\u00f3n de fotos de Oriana Sabatini y Dybala antes de la llegada de su beba - CLAN ESPECTACULOS\",\"isPartOf\":{\"@id\":\"https:\\\/\\\/radioclanfm.com\\\/clanespectaculos\\\/#website\"},\"primaryImageOfPage\":{\"@id\":\"https:\\\/\\\/radioclanfm.com\\\/clanespectaculos\\\/la-intima-sesion-de-fotos-de-oriana-sabatini-y-dybala-antes-de-la-llegada-de-su-beba\\\/#primaryimage\"},\"image\":{\"@id\":\"https:\\\/\\\/radioclanfm.com\\\/clanespectaculos\\\/la-intima-sesion-de-fotos-de-oriana-sabatini-y-dybala-antes-de-la-llegada-de-su-beba\\\/#primaryimage\"},\"thumbnailUrl\":\"https:\\\/\\\/radioclanfm.com\\\/clanespectaculos\\\/wp-content\\\/uploads\\\/sites\\\/2\\\/2026\\\/02\\\/RGUnW43K.jpg\",\"datePublished\":\"2026-02-24T02:18:53+00:00\",\"breadcrumb\":{\"@id\":\"https:\\\/\\\/radioclanfm.com\\\/clanespectaculos\\\/la-intima-sesion-de-fotos-de-oriana-sabatini-y-dybala-antes-de-la-llegada-de-su-beba\\\/#breadcrumb\"},\"inLanguage\":\"es-AR\",\"potentialAction\":[{\"@type\":\"ReadAction\",\"target\":[\"https:\\\/\\\/radioclanfm.com\\\/clanespectaculos\\\/la-intima-sesion-de-fotos-de-oriana-sabatini-y-dybala-antes-de-la-llegada-de-su-beba\\\/\"]}]},{\"@type\":\"ImageObject\",\"inLanguage\":\"es-AR\",\"@id\":\"https:\\\/\\\/radioclanfm.com\\\/clanespectaculos\\\/la-intima-sesion-de-fotos-de-oriana-sabatini-y-dybala-antes-de-la-llegada-de-su-beba\\\/#primaryimage\",\"url\":\"https:\\\/\\\/radioclanfm.com\\\/clanespectaculos\\\/wp-content\\\/uploads\\\/sites\\\/2\\\/2026\\\/02\\\/RGUnW43K.jpg\",\"contentUrl\":\"https:\\\/\\\/radioclanfm.com\\\/clanespectaculos\\\/wp-content\\\/uploads\\\/sites\\\/2\\\/2026\\\/02\\\/RGUnW43K.jpg\",\"width\":900,\"height\":505},{\"@type\":\"BreadcrumbList\",\"@id\":\"https:\\\/\\\/radioclanfm.com\\\/clanespectaculos\\\/la-intima-sesion-de-fotos-de-oriana-sabatini-y-dybala-antes-de-la-llegada-de-su-beba\\\/#breadcrumb\",\"itemListElement\":[{\"@type\":\"ListItem\",\"position\":1,\"name\":\"Inicio\",\"item\":\"https:\\\/\\\/radioclanfm.com\\\/clanespectaculos\\\/\"},{\"@type\":\"ListItem\",\"position\":2,\"name\":\"La \u00edntima sesi\u00f3n de fotos de Oriana Sabatini y Dybala antes de la llegada de su beba\"}]},{\"@type\":\"WebSite\",\"@id\":\"https:\\\/\\\/radioclanfm.com\\\/clanespectaculos\\\/#website\",\"url\":\"https:\\\/\\\/radioclanfm.com\\\/clanespectaculos\\\/\",\"name\":\"CLAN ESPECTACULOS\",\"description\":\"\",\"publisher\":{\"@id\":\"https:\\\/\\\/radioclanfm.com\\\/clanespectaculos\\\/#organization\"},\"potentialAction\":[{\"@type\":\"SearchAction\",\"target\":{\"@type\":\"EntryPoint\",\"urlTemplate\":\"https:\\\/\\\/radioclanfm.com\\\/clanespectaculos\\\/?s={search_term_string}\"},\"query-input\":{\"@type\":\"PropertyValueSpecification\",\"valueRequired\":true,\"valueName\":\"search_term_string\"}}],\"inLanguage\":\"es-AR\"},{\"@type\":\"Organization\",\"@id\":\"https:\\\/\\\/radioclanfm.com\\\/clanespectaculos\\\/#organization\",\"name\":\"CLAN ESPECTACULOS\",\"url\":\"https:\\\/\\\/radioclanfm.com\\\/clanespectaculos\\\/\",\"logo\":{\"@type\":\"ImageObject\",\"inLanguage\":\"es-AR\",\"@id\":\"https:\\\/\\\/radioclanfm.com\\\/clanespectaculos\\\/#\\\/schema\\\/logo\\\/image\\\/\",\"url\":\"https:\\\/\\\/radioclanfm.com\\\/clanespectaculos\\\/wp-content\\\/uploads\\\/sites\\\/2\\\/2026\\\/04\\\/ChatGPT-Image-23-mar-2026-10_09_00.png\",\"contentUrl\":\"https:\\\/\\\/radioclanfm.com\\\/clanespectaculos\\\/wp-content\\\/uploads\\\/sites\\\/2\\\/2026\\\/04\\\/ChatGPT-Image-23-mar-2026-10_09_00.png\",\"width\":1024,\"height\":1024,\"caption\":\"CLAN ESPECTACULOS\"},\"image\":{\"@id\":\"https:\\\/\\\/radioclanfm.com\\\/clanespectaculos\\\/#\\\/schema\\\/logo\\\/image\\\/\"},\"sameAs\":[\"https:\\\/\\\/www.facebook.com\\\/clanespectaculos\\\/\",\"https:\\\/\\\/x.com\\\/clanespectok\"]},{\"@type\":\"Person\",\"@id\":\"https:\\\/\\\/radioclanfm.com\\\/clanespectaculos\\\/#\\\/schema\\\/person\\\/9734813083303230f3ad84d99171b20c\",\"name\":\"E-GRUPOCLAN\",\"image\":{\"@type\":\"ImageObject\",\"inLanguage\":\"es-AR\",\"@id\":\"https:\\\/\\\/secure.gravatar.com\\\/avatar\\\/af6e19837c3d6a212034a48c7b3818d2ac1826f6025df0155da5a186ad321d79?s=96&d=mm&r=g\",\"url\":\"https:\\\/\\\/secure.gravatar.com\\\/avatar\\\/af6e19837c3d6a212034a48c7b3818d2ac1826f6025df0155da5a186ad321d79?s=96&d=mm&r=g\",\"contentUrl\":\"https:\\\/\\\/secure.gravatar.com\\\/avatar\\\/af6e19837c3d6a212034a48c7b3818d2ac1826f6025df0155da5a186ad321d79?s=96&d=mm&r=g\",\"caption\":\"E-GRUPOCLAN\"},\"sameAs\":[\"https:\\\/\\\/radioclanfm.com\"],\"url\":\"https:\\\/\\\/radioclanfm.com\\\/clanespectaculos\\\/author\\\/admin\\\/\"}]}<\/script>\n<!-- \/ Yoast SEO plugin. -->","yoast_head_json":{"title":"La \u00edntima sesi\u00f3n de fotos de Oriana Sabatini y Dybala antes de la llegada de su beba - CLAN ESPECTACULOS","robots":{"index":"index","follow":"follow","max-snippet":"max-snippet:-1","max-image-preview":"max-image-preview:large","max-video-preview":"max-video-preview:-1"},"canonical":"https:\/\/radioclanfm.com\/clanespectaculos\/la-intima-sesion-de-fotos-de-oriana-sabatini-y-dybala-antes-de-la-llegada-de-su-beba\/","og_locale":"es_ES","og_type":"article","og_title":"La \u00edntima sesi\u00f3n de fotos de Oriana Sabatini y Dybala antes de la llegada de su beba - CLAN ESPECTACULOS","og_description":"A d\u00edas de dar a luz, la cantante comparti\u00f3 una producci\u00f3n \u00edntima con el futbolista. Oriana Sabatini\u00a0est\u00e1 en la recta final de su primer embarazo junto a Paulo Dybala y mostr\u00f3 en sus redes sociales\u00a0c\u00f3mo viven las \u00faltimas semanas antes de que la beba nazca en Italia. En primer lugar, la cantante comparti\u00f3 una\u00a0rom\u00e1ntica sesi\u00f3n [&hellip;]","og_url":"https:\/\/radioclanfm.com\/clanespectaculos\/la-intima-sesion-de-fotos-de-oriana-sabatini-y-dybala-antes-de-la-llegada-de-su-beba\/","og_site_name":"CLAN ESPECTACULOS","article_publisher":"https:\/\/www.facebook.com\/clanespectaculos\/","article_published_time":"2026-02-24T02:18:53+00:00","og_image":[{"width":900,"height":505,"url":"https:\/\/radioclanfm.com\/clanespectaculos\/wp-content\/uploads\/sites\/2\/2026\/02\/RGUnW43K.jpg","type":"image\/jpeg"}],"author":"E-GRUPOCLAN","twitter_card":"summary_large_image","twitter_creator":"@clanespectok","twitter_site":"@clanespectok","twitter_misc":{"Escrito por":"E-GRUPOCLAN","Tiempo de lectura":"2 minutos"},"schema":{"@context":"https:\/\/schema.org","@graph":[{"@type":"Article","@id":"https:\/\/radioclanfm.com\/clanespectaculos\/la-intima-sesion-de-fotos-de-oriana-sabatini-y-dybala-antes-de-la-llegada-de-su-beba\/#article","isPartOf":{"@id":"https:\/\/radioclanfm.com\/clanespectaculos\/la-intima-sesion-de-fotos-de-oriana-sabatini-y-dybala-antes-de-la-llegada-de-su-beba\/"},"author":{"name":"E-GRUPOCLAN","@id":"https:\/\/radioclanfm.com\/clanespectaculos\/#\/schema\/person\/9734813083303230f3ad84d99171b20c"},"headline":"La \u00edntima sesi\u00f3n de fotos de Oriana Sabatini y Dybala antes de la llegada de su beba","datePublished":"2026-02-24T02:18:53+00:00","mainEntityOfPage":{"@id":"https:\/\/radioclanfm.com\/clanespectaculos\/la-intima-sesion-de-fotos-de-oriana-sabatini-y-dybala-antes-de-la-llegada-de-su-beba\/"},"wordCount":385,"commentCount":0,"publisher":{"@id":"https:\/\/radioclanfm.com\/clanespectaculos\/#organization"},"image":{"@id":"https:\/\/radioclanfm.com\/clanespectaculos\/la-intima-sesion-de-fotos-de-oriana-sabatini-y-dybala-antes-de-la-llegada-de-su-beba\/#primaryimage"},"thumbnailUrl":"https:\/\/radioclanfm.com\/clanespectaculos\/wp-content\/uploads\/sites\/2\/2026\/02\/RGUnW43K.jpg","articleSection":["Espectaculos"],"inLanguage":"es-AR","potentialAction":[{"@type":"CommentAction","name":"Comment","target":["https:\/\/radioclanfm.com\/clanespectaculos\/la-intima-sesion-de-fotos-de-oriana-sabatini-y-dybala-antes-de-la-llegada-de-su-beba\/#respond"]}]},{"@type":"WebPage","@id":"https:\/\/radioclanfm.com\/clanespectaculos\/la-intima-sesion-de-fotos-de-oriana-sabatini-y-dybala-antes-de-la-llegada-de-su-beba\/","url":"https:\/\/radioclanfm.com\/clanespectaculos\/la-intima-sesion-de-fotos-de-oriana-sabatini-y-dybala-antes-de-la-llegada-de-su-beba\/","name":"La \u00edntima sesi\u00f3n de fotos de Oriana Sabatini y Dybala antes de la llegada de su beba - CLAN ESPECTACULOS","isPartOf":{"@id":"https:\/\/radioclanfm.com\/clanespectaculos\/#website"},"primaryImageOfPage":{"@id":"https:\/\/radioclanfm.com\/clanespectaculos\/la-intima-sesion-de-fotos-de-oriana-sabatini-y-dybala-antes-de-la-llegada-de-su-beba\/#primaryimage"},"image":{"@id":"https:\/\/radioclanfm.com\/clanespectaculos\/la-intima-sesion-de-fotos-de-oriana-sabatini-y-dybala-antes-de-la-llegada-de-su-beba\/#primaryimage"},"thumbnailUrl":"https:\/\/radioclanfm.com\/clanespectaculos\/wp-content\/uploads\/sites\/2\/2026\/02\/RGUnW43K.jpg","datePublished":"2026-02-24T02:18:53+00:00","breadcrumb":{"@id":"https:\/\/radioclanfm.com\/clanespectaculos\/la-intima-sesion-de-fotos-de-oriana-sabatini-y-dybala-antes-de-la-llegada-de-su-beba\/#breadcrumb"},"inLanguage":"es-AR","potentialAction":[{"@type":"ReadAction","target":["https:\/\/radioclanfm.com\/clanespectaculos\/la-intima-sesion-de-fotos-de-oriana-sabatini-y-dybala-antes-de-la-llegada-de-su-beba\/"]}]},{"@type":"ImageObject","inLanguage":"es-AR","@id":"https:\/\/radioclanfm.com\/clanespectaculos\/la-intima-sesion-de-fotos-de-oriana-sabatini-y-dybala-antes-de-la-llegada-de-su-beba\/#primaryimage","url":"https:\/\/radioclanfm.com\/clanespectaculos\/wp-content\/uploads\/sites\/2\/2026\/02\/RGUnW43K.jpg","contentUrl":"https:\/\/radioclanfm.com\/clanespectaculos\/wp-content\/uploads\/sites\/2\/2026\/02\/RGUnW43K.jpg","width":900,"height":505},{"@type":"BreadcrumbList","@id":"https:\/\/radioclanfm.com\/clanespectaculos\/la-intima-sesion-de-fotos-de-oriana-sabatini-y-dybala-antes-de-la-llegada-de-su-beba\/#breadcrumb","itemListElement":[{"@type":"ListItem","position":1,"name":"Inicio","item":"https:\/\/radioclanfm.com\/clanespectaculos\/"},{"@type":"ListItem","position":2,"name":"La \u00edntima sesi\u00f3n de fotos de Oriana Sabatini y Dybala antes de la llegada de su beba"}]},{"@type":"WebSite","@id":"https:\/\/radioclanfm.com\/clanespectaculos\/#website","url":"https:\/\/radioclanfm.com\/clanespectaculos\/","name":"CLAN ESPECTACULOS","description":"","publisher":{"@id":"https:\/\/radioclanfm.com\/clanespectaculos\/#organization"},"potentialAction":[{"@type":"SearchAction","target":{"@type":"EntryPoint","urlTemplate":"https:\/\/radioclanfm.com\/clanespectaculos\/?s={search_term_string}"},"query-input":{"@type":"PropertyValueSpecification","valueRequired":true,"valueName":"search_term_string"}}],"inLanguage":"es-AR"},{"@type":"Organization","@id":"https:\/\/radioclanfm.com\/clanespectaculos\/#organization","name":"CLAN ESPECTACULOS","url":"https:\/\/radioclanfm.com\/clanespectaculos\/","logo":{"@type":"ImageObject","inLanguage":"es-AR","@id":"https:\/\/radioclanfm.com\/clanespectaculos\/#\/schema\/logo\/image\/","url":"https:\/\/radioclanfm.com\/clanespectaculos\/wp-content\/uploads\/sites\/2\/2026\/04\/ChatGPT-Image-23-mar-2026-10_09_00.png","contentUrl":"https:\/\/radioclanfm.com\/clanespectaculos\/wp-content\/uploads\/sites\/2\/2026\/04\/ChatGPT-Image-23-mar-2026-10_09_00.png","width":1024,"height":1024,"caption":"CLAN ESPECTACULOS"},"image":{"@id":"https:\/\/radioclanfm.com\/clanespectaculos\/#\/schema\/logo\/image\/"},"sameAs":["https:\/\/www.facebook.com\/clanespectaculos\/","https:\/\/x.com\/clanespectok"]},{"@type":"Person","@id":"https:\/\/radioclanfm.com\/clanespectaculos\/#\/schema\/person\/9734813083303230f3ad84d99171b20c","name":"E-GRUPOCLAN","image":{"@type":"ImageObject","inLanguage":"es-AR","@id":"https:\/\/secure.gravatar.com\/avatar\/af6e19837c3d6a212034a48c7b3818d2ac1826f6025df0155da5a186ad321d79?s=96&d=mm&r=g","url":"https:\/\/secure.gravatar.com\/avatar\/af6e19837c3d6a212034a48c7b3818d2ac1826f6025df0155da5a186ad321d79?s=96&d=mm&r=g","contentUrl":"https:\/\/secure.gravatar.com\/avatar\/af6e19837c3d6a212034a48c7b3818d2ac1826f6025df0155da5a186ad321d79?s=96&d=mm&r=g","caption":"E-GRUPOCLAN"},"sameAs":["https:\/\/radioclanfm.com"],"url":"https:\/\/radioclanfm.com\/clanespectaculos\/author\/admin\/"}]}},"_links":{"self":[{"href":"https:\/\/radioclanfm.com\/clanespectaculos\/wp-json\/wp\/v2\/posts\/12755","targetHints":{"allow":["GET"]}}],"collection":[{"href":"https:\/\/radioclanfm.com\/clanespectaculos\/wp-json\/wp\/v2\/posts"}],"about":[{"href":"https:\/\/radioclanfm.com\/clanespectaculos\/wp-json\/wp\/v2\/types\/post"}],"author":[{"embeddable":true,"href":"https:\/\/radioclanfm.com\/clanespectaculos\/wp-json\/wp\/v2\/users\/1"}],"replies":[{"embeddable":true,"href":"https:\/\/radioclanfm.com\/clanespectaculos\/wp-json\/wp\/v2\/comments?post=12755"}],"version-history":[{"count":1,"href":"https:\/\/radioclanfm.com\/clanespectaculos\/wp-json\/wp\/v2\/posts\/12755\/revisions"}],"predecessor-version":[{"id":12759,"href":"https:\/\/radioclanfm.com\/clanespectaculos\/wp-json\/wp\/v2\/posts\/12755\/revisions\/12759"}],"wp:featuredmedia":[{"embeddable":true,"href":"https:\/\/radioclanfm.com\/clanespectaculos\/wp-json\/wp\/v2\/media\/12758"}],"wp:attachment":[{"href":"https:\/\/radioclanfm.com\/clanespectaculos\/wp-json\/wp\/v2\/media?parent=12755"}],"wp:term":[{"taxonomy":"category","embeddable":true,"href":"https:\/\/radioclanfm.com\/clanespectaculos\/wp-json\/wp\/v2\/categories?post=12755"},{"taxonomy":"post_tag","embeddable":true,"href":"https:\/\/radioclanfm.com\/clanespectaculos\/wp-json\/wp\/v2\/tags?post=12755"}],"curies":[{"name":"wp","href":"https:\/\/api.w.org\/{rel}","templated":true}]}}