{"id":12690,"date":"2026-02-23T22:49:26","date_gmt":"2026-02-24T01:49:26","guid":{"rendered":"https:\/\/radioclanfm.com\/clanespectaculos\/?p=12690"},"modified":"2026-02-23T22:49:26","modified_gmt":"2026-02-24T01:49:26","slug":"la-periodista-daniela-ballester-sufrio-un-acv-hemorragico-la-vida-me-dio-una-segunda-oportunidad-no-tengo-secuelas","status":"publish","type":"post","link":"https:\/\/radioclanfm.com\/clanespectaculos\/la-periodista-daniela-ballester-sufrio-un-acv-hemorragico-la-vida-me-dio-una-segunda-oportunidad-no-tengo-secuelas\/","title":{"rendered":"La periodista Daniela Ballester sufri\u00f3 un ACV hemorr\u00e1gico: \u201cLa vida me dio una segunda oportunidad, no tengo secuelas\u201d"},"content":{"rendered":"<p class=\"paragraph\" data-mrf-recirculation=\"Links inline\">La periodista\u00a0<b>Daniela Ballester<\/b>\u00a0experiment\u00f3 un\u00a0<b>ACV hemorr\u00e1gico<\/b>\u00a0el pasado jueves, una situaci\u00f3n inesperada que puso en pausa su rutina profesional y personal. A sus 48 a\u00f1os, la profesional relat\u00f3 en exclusiva para\u00a0<b>Teleshow\u00a0<\/b>que todo comenz\u00f3 con un dolor de cabeza intenso, acompa\u00f1ado de molestias en el cuello, s\u00edntomas que la llevaron a buscar atenci\u00f3n m\u00e9dica de urgencia.<\/p>\n<p class=\"paragraph\" data-mrf-recirculation=\"Links inline\">Al llegar al\u00a0<b>Sanatorio Los Arcos<\/b>, la periodista fue sometida a los estudios de rigor, donde se confirm\u00f3 el diagn\u00f3stico: hab\u00eda sufrido un accidente cerebrovascular hemorr\u00e1gico. \u201c<b>Tuve un ACV hemorr\u00e1gico<\/b>\u201d, destac\u00f3 Ballester al momento de enfatizar la gravedad del episodio, pero al mismo tiempo con la necesidad de transmitir tranquilidad sobre su estado actual.<\/p>\n<div class=\"inline ad-wrapper\">\n<div class=\"dfpAd ad-inline\"><\/div>\n<\/div>\n<p class=\"paragraph\" data-mrf-recirculation=\"Links inline\">Desde el primer momento, la atenci\u00f3n m\u00e9dica en el sanatorio fue determinante. La conductora destac\u00f3 la calidad del equipo de salud:\u00a0<b>\u201cAc\u00e1 son de primera, me miman un mont\u00f3n\u201d<\/b>. El trato recibido y la rapidez de la intervenci\u00f3n permitieron que la periodista atravesara la situaci\u00f3n sin consecuencias neurol\u00f3gicas.\u00a0<b>\u201cPor suerte sin secuelas\u201d<\/b>, afirm\u00f3, adem\u00e1s de subrayar que se encuentra igual que antes del incidente:\u00a0<b>\u201cEstoy igual que el d\u00eda previo al ACV\u201d.<\/b><\/p>\n<p class=\"paragraph\" data-mrf-recirculation=\"Links inline\">El relato de Ballester da cuenta de la importancia de prestar atenci\u00f3n a los s\u00edntomas repentinos y buscar ayuda m\u00e9dica de inmediato. El dolor de cabeza intenso y las molestias cervicales fueron las se\u00f1ales que marcaron el inicio de este episodio, que termin\u00f3 con una internaci\u00f3n y varios d\u00edas de seguimiento cl\u00ednico.\u00a0<b>\u201cAhora a monitorearme internada y descansar para volver al trabajo\u201d<\/b>, explic\u00f3, con la intenci\u00f3n de dejar en claro su compromiso con la recuperaci\u00f3n y la intenci\u00f3n de retomar su vida profesional en cuanto los m\u00e9dicos lo permitan.<\/p>\n<div class=\"visual__image\"><picture><source srcset=\"https:\/\/www.infobae.com\/resizer\/v2\/44BITD2IXRADLDR7DKXAPCJKNY.jpg?auth=fae9913ba036879056b31cdc14977b6209943b987f4b46a94783ee62965e0775&amp;smart=true&amp;width=992&amp;height=731&amp;quality=85\" media=\"(min-width: 1000px)\" \/><source srcset=\"https:\/\/www.infobae.com\/resizer\/v2\/44BITD2IXRADLDR7DKXAPCJKNY.jpg?auth=fae9913ba036879056b31cdc14977b6209943b987f4b46a94783ee62965e0775&amp;smart=true&amp;width=768&amp;height=566&amp;quality=85\" media=\"(min-width: 768px)\" \/><source srcset=\"https:\/\/www.infobae.com\/resizer\/v2\/44BITD2IXRADLDR7DKXAPCJKNY.jpg?auth=fae9913ba036879056b31cdc14977b6209943b987f4b46a94783ee62965e0775&amp;smart=true&amp;width=577&amp;height=425&amp;quality=85\" media=\"(min-width: 580px)\" \/><source srcset=\"https:\/\/www.infobae.com\/resizer\/v2\/44BITD2IXRADLDR7DKXAPCJKNY.jpg?auth=fae9913ba036879056b31cdc14977b6209943b987f4b46a94783ee62965e0775&amp;smart=true&amp;width=420&amp;height=310&amp;quality=85\" media=\"(min-width: 350px)\" \/><source srcset=\"https:\/\/www.infobae.com\/resizer\/v2\/44BITD2IXRADLDR7DKXAPCJKNY.jpg?auth=fae9913ba036879056b31cdc14977b6209943b987f4b46a94783ee62965e0775&amp;smart=true&amp;width=350&amp;height=258&amp;quality=85\" media=\"(min-width: 80px)\" \/><img loading=\"lazy\" decoding=\"async\" class=\"global-image\" src=\"https:\/\/www.infobae.com\/resizer\/v2\/44BITD2IXRADLDR7DKXAPCJKNY.jpg?auth=fae9913ba036879056b31cdc14977b6209943b987f4b46a94783ee62965e0775&amp;smart=true&amp;width=350&amp;height=258&amp;quality=85\" alt=\"Daniela lleva varios a\u00f1os trabajando\" width=\"1080\" height=\"796\" \/><\/picture>Daniela lleva varios a\u00f1os trabajando como conductora en C5N (Foto: Instagram)<\/div>\n<div class=\"inline_2_DSK ad-wrapper ad-desktop\">\n<div class=\"dfpAd ad-inline\"><\/div>\n<\/div>\n<p class=\"paragraph\" data-mrf-recirculation=\"Links inline\">El proceso de recuperaci\u00f3n de la periodista transcurre ahora bajo estricta observaci\u00f3n y con la indicaci\u00f3n de descanso absoluto. La experiencia dej\u00f3 en Ballester una reflexi\u00f3n profunda sobre lo vivido:\u00a0<b>\u201cLa vida me dio una nueva oportunidad\u201d<\/b>, expres\u00f3 sin vueltas. Agradeci\u00f3 el apoyo recibido y la calidad humana del personal m\u00e9dico, quienes estuvieron presentes durante toda su estad\u00eda en el sanatorio.<\/p>\n<p class=\"paragraph\" data-mrf-recirculation=\"Links inline\">En sus mensajes, Ballester se mostr\u00f3 optimista y agradecida.\u00a0<b>\u201cEstoy genial. Por suerte, gracias a Dios, sin ninguna secuela. Ninguna\u201d<\/b>, insisti\u00f3 en sus respuestas p\u00fablicas, al transmitir tranquilidad a quienes siguen su trayectoria y se preocuparon por su salud.<\/p>\n<p class=\"paragraph\" data-mrf-recirculation=\"Links inline\">El impacto del episodio no solo fue f\u00edsico, sino tambi\u00e9n emocional. La actual conductora de\u00a0<i>C5N<\/i>\u00a0reconoci\u00f3 la necesidad de tomarse un tiempo para descansar y recuperarse plenamente. \u201cSolo descansar\u201d, resumi\u00f3 sobre los pr\u00f3ximos d\u00edas, con la mirada puesta en una pronta reincorporaci\u00f3n a su trabajo habitual.<\/p>\n<div class=\"visual__image\"><picture><source srcset=\"https:\/\/www.infobae.com\/resizer\/v2\/YLWAUTQ3OJBWHLXMMH5JB3SC7Q.jpg?auth=966889a98b1777f6a7f3c3b3d3be8a53ece5c000cd50c832ae2e90acb6817634&amp;smart=true&amp;width=992&amp;height=1239&amp;quality=85\" media=\"(min-width: 1000px)\" \/><source srcset=\"https:\/\/www.infobae.com\/resizer\/v2\/YLWAUTQ3OJBWHLXMMH5JB3SC7Q.jpg?auth=966889a98b1777f6a7f3c3b3d3be8a53ece5c000cd50c832ae2e90acb6817634&amp;smart=true&amp;width=768&amp;height=959&amp;quality=85\" media=\"(min-width: 768px)\" \/><source srcset=\"https:\/\/www.infobae.com\/resizer\/v2\/YLWAUTQ3OJBWHLXMMH5JB3SC7Q.jpg?auth=966889a98b1777f6a7f3c3b3d3be8a53ece5c000cd50c832ae2e90acb6817634&amp;smart=true&amp;width=577&amp;height=721&amp;quality=85\" media=\"(min-width: 580px)\" \/><source srcset=\"https:\/\/www.infobae.com\/resizer\/v2\/YLWAUTQ3OJBWHLXMMH5JB3SC7Q.jpg?auth=966889a98b1777f6a7f3c3b3d3be8a53ece5c000cd50c832ae2e90acb6817634&amp;smart=true&amp;width=420&amp;height=525&amp;quality=85\" media=\"(min-width: 350px)\" \/><source srcset=\"https:\/\/www.infobae.com\/resizer\/v2\/YLWAUTQ3OJBWHLXMMH5JB3SC7Q.jpg?auth=966889a98b1777f6a7f3c3b3d3be8a53ece5c000cd50c832ae2e90acb6817634&amp;smart=true&amp;width=350&amp;height=437&amp;quality=85\" media=\"(min-width: 80px)\" \/><img loading=\"lazy\" decoding=\"async\" class=\"global-image\" src=\"https:\/\/www.infobae.com\/resizer\/v2\/YLWAUTQ3OJBWHLXMMH5JB3SC7Q.jpg?auth=966889a98b1777f6a7f3c3b3d3be8a53ece5c000cd50c832ae2e90acb6817634&amp;smart=true&amp;width=350&amp;height=437&amp;quality=85\" alt=\"Daniela Ballester sonr\u00ede frente a\" width=\"1920\" height=\"2398\" \/><\/picture>Daniela Ballester sonr\u00ede frente a la c\u00e1mara<\/div>\n<p class=\"paragraph\" data-mrf-recirculation=\"Links inline\">El episodio, adem\u00e1s, abre un espacio de reflexi\u00f3n sobre la salud y la necesidad de escuchar al cuerpo. Su relato, marcado por frases como \u201cLa vida me dio una nueva oportunidad\u201d, queda como un mensaje de esperanza y agradecimiento.<\/p>\n<p class=\"paragraph\" data-mrf-recirculation=\"Links inline\">La historia de Ballester ante los medios comenz\u00f3 mucho antes de este episodio. Su imagen\u00a0<b>se hizo conocida a nivel nacional en 2001<\/b>, cuando ingres\u00f3 a la primera edici\u00f3n de\u00a0<i><b>Gran Hermano<\/b><\/i>. En aquel entonces, la joven marplatense sorprendi\u00f3 al p\u00fablico por su carisma y perseverancia. Durante casi 100 d\u00edas permaneci\u00f3 en la casa, llegando incluso a convertirse en finalista. En su presentaci\u00f3n ante las c\u00e1maras, expres\u00f3 que era azafata y que sent\u00eda un profundo amor por la danza, mostrando ya una personalidad inquieta y multifac\u00e9tica.<\/p>\n<p class=\"paragraph\" data-mrf-recirculation=\"Links inline\">Tras salir de la casa con apenas 23 a\u00f1os, decidi\u00f3 reconvertir el rumbo de su vida y apost\u00f3 por el periodismo.<b>\u00a0Se form\u00f3 en periodismo de investigaci\u00f3n y en locuci\u00f3n<\/b>, dos herramientas que le permitieron abrirse paso en el mundo de los medios. Gracias a ese entrenamiento, logr\u00f3 consolidarse como una de las figuras destacadas de\u00a0<b>C5N<\/b>, canal donde desarrolla una carrera marcada por el profesionalismo y la cercan\u00eda con el p\u00fablico.<\/p>\n<div class=\"second-saved-buttons\">\n<div class=\"body-share-note\"><\/div>\n<\/div>\n","protected":false},"excerpt":{"rendered":"<p>La periodista\u00a0Daniela Ballester\u00a0experiment\u00f3 un\u00a0ACV hemorr\u00e1gico\u00a0el pasado jueves, una situaci\u00f3n inesperada que puso en pausa su rutina profesional y personal. A sus 48 a\u00f1os, la profesional relat\u00f3 en exclusiva para\u00a0Teleshow\u00a0que todo comenz\u00f3 con un dolor de cabeza intenso, acompa\u00f1ado de molestias en el cuello, s\u00edntomas que la llevaron a buscar atenci\u00f3n m\u00e9dica de urgencia. Al llegar [&hellip;]<\/p>\n","protected":false},"author":1,"featured_media":12693,"comment_status":"open","ping_status":"open","sticky":false,"template":"","format":"standard","meta":{"rop_custom_images_group":[],"rop_custom_messages_group":[],"rop_publish_now":"initial","rop_publish_now_accounts":[],"rop_publish_now_history":[],"rop_publish_now_status":"pending","footnotes":"","jetpack_publicize_message":"","jetpack_publicize_feature_enabled":true,"jetpack_social_post_already_shared":true,"jetpack_social_options":{"image_generator_settings":{"template":"highway","enabled":false},"version":2}},"categories":[12],"tags":[],"class_list":{"0":"post-12690","1":"post","2":"type-post","3":"status-publish","4":"format-standard","5":"has-post-thumbnail","7":"category-espectaculos"},"jetpack_publicize_connections":[],"yoast_head":"<!-- This site is optimized with the Yoast SEO plugin v27.3 - https:\/\/yoast.com\/product\/yoast-seo-wordpress\/ -->\n<title>La periodista Daniela Ballester sufri\u00f3 un ACV hemorr\u00e1gico: \u201cLa vida me dio una segunda oportunidad, no tengo secuelas\u201d - CLAN ESPECTACULOS<\/title>\n<meta name=\"robots\" content=\"index, follow, max-snippet:-1, max-image-preview:large, max-video-preview:-1\" \/>\n<link rel=\"canonical\" href=\"https:\/\/radioclanfm.com\/clanespectaculos\/la-periodista-daniela-ballester-sufrio-un-acv-hemorragico-la-vida-me-dio-una-segunda-oportunidad-no-tengo-secuelas\/\" \/>\n<meta property=\"og:locale\" content=\"es_ES\" \/>\n<meta property=\"og:type\" content=\"article\" \/>\n<meta property=\"og:title\" content=\"La periodista Daniela Ballester sufri\u00f3 un ACV hemorr\u00e1gico: \u201cLa vida me dio una segunda oportunidad, no tengo secuelas\u201d - CLAN ESPECTACULOS\" \/>\n<meta property=\"og:description\" content=\"La periodista\u00a0Daniela Ballester\u00a0experiment\u00f3 un\u00a0ACV hemorr\u00e1gico\u00a0el pasado jueves, una situaci\u00f3n inesperada que puso en pausa su rutina profesional y personal. A sus 48 a\u00f1os, la profesional relat\u00f3 en exclusiva para\u00a0Teleshow\u00a0que todo comenz\u00f3 con un dolor de cabeza intenso, acompa\u00f1ado de molestias en el cuello, s\u00edntomas que la llevaron a buscar atenci\u00f3n m\u00e9dica de urgencia. Al llegar [&hellip;]\" \/>\n<meta property=\"og:url\" content=\"https:\/\/radioclanfm.com\/clanespectaculos\/la-periodista-daniela-ballester-sufrio-un-acv-hemorragico-la-vida-me-dio-una-segunda-oportunidad-no-tengo-secuelas\/\" \/>\n<meta property=\"og:site_name\" content=\"CLAN ESPECTACULOS\" \/>\n<meta property=\"article:publisher\" content=\"https:\/\/www.facebook.com\/clanespectaculos\/\" \/>\n<meta property=\"article:published_time\" content=\"2026-02-24T01:49:26+00:00\" \/>\n<meta property=\"og:image\" content=\"https:\/\/radioclanfm.com\/clanespectaculos\/wp-content\/uploads\/sites\/2\/2026\/02\/dAe8usZ1.jpg\" \/>\n\t<meta property=\"og:image:width\" content=\"900\" \/>\n\t<meta property=\"og:image:height\" content=\"450\" \/>\n\t<meta property=\"og:image:type\" content=\"image\/jpeg\" \/>\n<meta name=\"author\" content=\"E-GRUPOCLAN\" \/>\n<meta name=\"twitter:card\" content=\"summary_large_image\" \/>\n<meta name=\"twitter:creator\" content=\"@clanespectok\" \/>\n<meta name=\"twitter:site\" content=\"@clanespectok\" \/>\n<meta name=\"twitter:label1\" content=\"Escrito por\" \/>\n\t<meta name=\"twitter:data1\" content=\"E-GRUPOCLAN\" \/>\n\t<meta name=\"twitter:label2\" content=\"Tiempo de lectura\" \/>\n\t<meta name=\"twitter:data2\" content=\"3 minutos\" \/>\n<script type=\"application\/ld+json\" class=\"yoast-schema-graph\">{\"@context\":\"https:\\\/\\\/schema.org\",\"@graph\":[{\"@type\":\"Article\",\"@id\":\"https:\\\/\\\/radioclanfm.com\\\/clanespectaculos\\\/la-periodista-daniela-ballester-sufrio-un-acv-hemorragico-la-vida-me-dio-una-segunda-oportunidad-no-tengo-secuelas\\\/#article\",\"isPartOf\":{\"@id\":\"https:\\\/\\\/radioclanfm.com\\\/clanespectaculos\\\/la-periodista-daniela-ballester-sufrio-un-acv-hemorragico-la-vida-me-dio-una-segunda-oportunidad-no-tengo-secuelas\\\/\"},\"author\":{\"name\":\"E-GRUPOCLAN\",\"@id\":\"https:\\\/\\\/radioclanfm.com\\\/clanespectaculos\\\/#\\\/schema\\\/person\\\/9734813083303230f3ad84d99171b20c\"},\"headline\":\"La periodista Daniela Ballester sufri\u00f3 un ACV hemorr\u00e1gico: \u201cLa vida me dio una segunda oportunidad, no tengo secuelas\u201d\",\"datePublished\":\"2026-02-24T01:49:26+00:00\",\"mainEntityOfPage\":{\"@id\":\"https:\\\/\\\/radioclanfm.com\\\/clanespectaculos\\\/la-periodista-daniela-ballester-sufrio-un-acv-hemorragico-la-vida-me-dio-una-segunda-oportunidad-no-tengo-secuelas\\\/\"},\"wordCount\":713,\"commentCount\":0,\"publisher\":{\"@id\":\"https:\\\/\\\/radioclanfm.com\\\/clanespectaculos\\\/#organization\"},\"image\":{\"@id\":\"https:\\\/\\\/radioclanfm.com\\\/clanespectaculos\\\/la-periodista-daniela-ballester-sufrio-un-acv-hemorragico-la-vida-me-dio-una-segunda-oportunidad-no-tengo-secuelas\\\/#primaryimage\"},\"thumbnailUrl\":\"https:\\\/\\\/radioclanfm.com\\\/clanespectaculos\\\/wp-content\\\/uploads\\\/sites\\\/2\\\/2026\\\/02\\\/dAe8usZ1.jpg\",\"articleSection\":[\"Espectaculos\"],\"inLanguage\":\"es-AR\",\"potentialAction\":[{\"@type\":\"CommentAction\",\"name\":\"Comment\",\"target\":[\"https:\\\/\\\/radioclanfm.com\\\/clanespectaculos\\\/la-periodista-daniela-ballester-sufrio-un-acv-hemorragico-la-vida-me-dio-una-segunda-oportunidad-no-tengo-secuelas\\\/#respond\"]}]},{\"@type\":\"WebPage\",\"@id\":\"https:\\\/\\\/radioclanfm.com\\\/clanespectaculos\\\/la-periodista-daniela-ballester-sufrio-un-acv-hemorragico-la-vida-me-dio-una-segunda-oportunidad-no-tengo-secuelas\\\/\",\"url\":\"https:\\\/\\\/radioclanfm.com\\\/clanespectaculos\\\/la-periodista-daniela-ballester-sufrio-un-acv-hemorragico-la-vida-me-dio-una-segunda-oportunidad-no-tengo-secuelas\\\/\",\"name\":\"La periodista Daniela Ballester sufri\u00f3 un ACV hemorr\u00e1gico: \u201cLa vida me dio una segunda oportunidad, no tengo secuelas\u201d - CLAN ESPECTACULOS\",\"isPartOf\":{\"@id\":\"https:\\\/\\\/radioclanfm.com\\\/clanespectaculos\\\/#website\"},\"primaryImageOfPage\":{\"@id\":\"https:\\\/\\\/radioclanfm.com\\\/clanespectaculos\\\/la-periodista-daniela-ballester-sufrio-un-acv-hemorragico-la-vida-me-dio-una-segunda-oportunidad-no-tengo-secuelas\\\/#primaryimage\"},\"image\":{\"@id\":\"https:\\\/\\\/radioclanfm.com\\\/clanespectaculos\\\/la-periodista-daniela-ballester-sufrio-un-acv-hemorragico-la-vida-me-dio-una-segunda-oportunidad-no-tengo-secuelas\\\/#primaryimage\"},\"thumbnailUrl\":\"https:\\\/\\\/radioclanfm.com\\\/clanespectaculos\\\/wp-content\\\/uploads\\\/sites\\\/2\\\/2026\\\/02\\\/dAe8usZ1.jpg\",\"datePublished\":\"2026-02-24T01:49:26+00:00\",\"breadcrumb\":{\"@id\":\"https:\\\/\\\/radioclanfm.com\\\/clanespectaculos\\\/la-periodista-daniela-ballester-sufrio-un-acv-hemorragico-la-vida-me-dio-una-segunda-oportunidad-no-tengo-secuelas\\\/#breadcrumb\"},\"inLanguage\":\"es-AR\",\"potentialAction\":[{\"@type\":\"ReadAction\",\"target\":[\"https:\\\/\\\/radioclanfm.com\\\/clanespectaculos\\\/la-periodista-daniela-ballester-sufrio-un-acv-hemorragico-la-vida-me-dio-una-segunda-oportunidad-no-tengo-secuelas\\\/\"]}]},{\"@type\":\"ImageObject\",\"inLanguage\":\"es-AR\",\"@id\":\"https:\\\/\\\/radioclanfm.com\\\/clanespectaculos\\\/la-periodista-daniela-ballester-sufrio-un-acv-hemorragico-la-vida-me-dio-una-segunda-oportunidad-no-tengo-secuelas\\\/#primaryimage\",\"url\":\"https:\\\/\\\/radioclanfm.com\\\/clanespectaculos\\\/wp-content\\\/uploads\\\/sites\\\/2\\\/2026\\\/02\\\/dAe8usZ1.jpg\",\"contentUrl\":\"https:\\\/\\\/radioclanfm.com\\\/clanespectaculos\\\/wp-content\\\/uploads\\\/sites\\\/2\\\/2026\\\/02\\\/dAe8usZ1.jpg\",\"width\":900,\"height\":450},{\"@type\":\"BreadcrumbList\",\"@id\":\"https:\\\/\\\/radioclanfm.com\\\/clanespectaculos\\\/la-periodista-daniela-ballester-sufrio-un-acv-hemorragico-la-vida-me-dio-una-segunda-oportunidad-no-tengo-secuelas\\\/#breadcrumb\",\"itemListElement\":[{\"@type\":\"ListItem\",\"position\":1,\"name\":\"Inicio\",\"item\":\"https:\\\/\\\/radioclanfm.com\\\/clanespectaculos\\\/\"},{\"@type\":\"ListItem\",\"position\":2,\"name\":\"La periodista Daniela Ballester sufri\u00f3 un ACV hemorr\u00e1gico: \u201cLa vida me dio una segunda oportunidad, no tengo secuelas\u201d\"}]},{\"@type\":\"WebSite\",\"@id\":\"https:\\\/\\\/radioclanfm.com\\\/clanespectaculos\\\/#website\",\"url\":\"https:\\\/\\\/radioclanfm.com\\\/clanespectaculos\\\/\",\"name\":\"CLAN ESPECTACULOS\",\"description\":\"\",\"publisher\":{\"@id\":\"https:\\\/\\\/radioclanfm.com\\\/clanespectaculos\\\/#organization\"},\"potentialAction\":[{\"@type\":\"SearchAction\",\"target\":{\"@type\":\"EntryPoint\",\"urlTemplate\":\"https:\\\/\\\/radioclanfm.com\\\/clanespectaculos\\\/?s={search_term_string}\"},\"query-input\":{\"@type\":\"PropertyValueSpecification\",\"valueRequired\":true,\"valueName\":\"search_term_string\"}}],\"inLanguage\":\"es-AR\"},{\"@type\":\"Organization\",\"@id\":\"https:\\\/\\\/radioclanfm.com\\\/clanespectaculos\\\/#organization\",\"name\":\"CLAN ESPECTACULOS\",\"url\":\"https:\\\/\\\/radioclanfm.com\\\/clanespectaculos\\\/\",\"logo\":{\"@type\":\"ImageObject\",\"inLanguage\":\"es-AR\",\"@id\":\"https:\\\/\\\/radioclanfm.com\\\/clanespectaculos\\\/#\\\/schema\\\/logo\\\/image\\\/\",\"url\":\"https:\\\/\\\/radioclanfm.com\\\/clanespectaculos\\\/wp-content\\\/uploads\\\/sites\\\/2\\\/2026\\\/04\\\/ChatGPT-Image-23-mar-2026-10_09_00.png\",\"contentUrl\":\"https:\\\/\\\/radioclanfm.com\\\/clanespectaculos\\\/wp-content\\\/uploads\\\/sites\\\/2\\\/2026\\\/04\\\/ChatGPT-Image-23-mar-2026-10_09_00.png\",\"width\":1024,\"height\":1024,\"caption\":\"CLAN ESPECTACULOS\"},\"image\":{\"@id\":\"https:\\\/\\\/radioclanfm.com\\\/clanespectaculos\\\/#\\\/schema\\\/logo\\\/image\\\/\"},\"sameAs\":[\"https:\\\/\\\/www.facebook.com\\\/clanespectaculos\\\/\",\"https:\\\/\\\/x.com\\\/clanespectok\"]},{\"@type\":\"Person\",\"@id\":\"https:\\\/\\\/radioclanfm.com\\\/clanespectaculos\\\/#\\\/schema\\\/person\\\/9734813083303230f3ad84d99171b20c\",\"name\":\"E-GRUPOCLAN\",\"image\":{\"@type\":\"ImageObject\",\"inLanguage\":\"es-AR\",\"@id\":\"https:\\\/\\\/secure.gravatar.com\\\/avatar\\\/af6e19837c3d6a212034a48c7b3818d2ac1826f6025df0155da5a186ad321d79?s=96&d=mm&r=g\",\"url\":\"https:\\\/\\\/secure.gravatar.com\\\/avatar\\\/af6e19837c3d6a212034a48c7b3818d2ac1826f6025df0155da5a186ad321d79?s=96&d=mm&r=g\",\"contentUrl\":\"https:\\\/\\\/secure.gravatar.com\\\/avatar\\\/af6e19837c3d6a212034a48c7b3818d2ac1826f6025df0155da5a186ad321d79?s=96&d=mm&r=g\",\"caption\":\"E-GRUPOCLAN\"},\"sameAs\":[\"https:\\\/\\\/radioclanfm.com\"],\"url\":\"https:\\\/\\\/radioclanfm.com\\\/clanespectaculos\\\/author\\\/admin\\\/\"}]}<\/script>\n<!-- \/ Yoast SEO plugin. -->","yoast_head_json":{"title":"La periodista Daniela Ballester sufri\u00f3 un ACV hemorr\u00e1gico: \u201cLa vida me dio una segunda oportunidad, no tengo secuelas\u201d - CLAN ESPECTACULOS","robots":{"index":"index","follow":"follow","max-snippet":"max-snippet:-1","max-image-preview":"max-image-preview:large","max-video-preview":"max-video-preview:-1"},"canonical":"https:\/\/radioclanfm.com\/clanespectaculos\/la-periodista-daniela-ballester-sufrio-un-acv-hemorragico-la-vida-me-dio-una-segunda-oportunidad-no-tengo-secuelas\/","og_locale":"es_ES","og_type":"article","og_title":"La periodista Daniela Ballester sufri\u00f3 un ACV hemorr\u00e1gico: \u201cLa vida me dio una segunda oportunidad, no tengo secuelas\u201d - CLAN ESPECTACULOS","og_description":"La periodista\u00a0Daniela Ballester\u00a0experiment\u00f3 un\u00a0ACV hemorr\u00e1gico\u00a0el pasado jueves, una situaci\u00f3n inesperada que puso en pausa su rutina profesional y personal. A sus 48 a\u00f1os, la profesional relat\u00f3 en exclusiva para\u00a0Teleshow\u00a0que todo comenz\u00f3 con un dolor de cabeza intenso, acompa\u00f1ado de molestias en el cuello, s\u00edntomas que la llevaron a buscar atenci\u00f3n m\u00e9dica de urgencia. Al llegar [&hellip;]","og_url":"https:\/\/radioclanfm.com\/clanespectaculos\/la-periodista-daniela-ballester-sufrio-un-acv-hemorragico-la-vida-me-dio-una-segunda-oportunidad-no-tengo-secuelas\/","og_site_name":"CLAN ESPECTACULOS","article_publisher":"https:\/\/www.facebook.com\/clanespectaculos\/","article_published_time":"2026-02-24T01:49:26+00:00","og_image":[{"width":900,"height":450,"url":"https:\/\/radioclanfm.com\/clanespectaculos\/wp-content\/uploads\/sites\/2\/2026\/02\/dAe8usZ1.jpg","type":"image\/jpeg"}],"author":"E-GRUPOCLAN","twitter_card":"summary_large_image","twitter_creator":"@clanespectok","twitter_site":"@clanespectok","twitter_misc":{"Escrito por":"E-GRUPOCLAN","Tiempo de lectura":"3 minutos"},"schema":{"@context":"https:\/\/schema.org","@graph":[{"@type":"Article","@id":"https:\/\/radioclanfm.com\/clanespectaculos\/la-periodista-daniela-ballester-sufrio-un-acv-hemorragico-la-vida-me-dio-una-segunda-oportunidad-no-tengo-secuelas\/#article","isPartOf":{"@id":"https:\/\/radioclanfm.com\/clanespectaculos\/la-periodista-daniela-ballester-sufrio-un-acv-hemorragico-la-vida-me-dio-una-segunda-oportunidad-no-tengo-secuelas\/"},"author":{"name":"E-GRUPOCLAN","@id":"https:\/\/radioclanfm.com\/clanespectaculos\/#\/schema\/person\/9734813083303230f3ad84d99171b20c"},"headline":"La periodista Daniela Ballester sufri\u00f3 un ACV hemorr\u00e1gico: \u201cLa vida me dio una segunda oportunidad, no tengo secuelas\u201d","datePublished":"2026-02-24T01:49:26+00:00","mainEntityOfPage":{"@id":"https:\/\/radioclanfm.com\/clanespectaculos\/la-periodista-daniela-ballester-sufrio-un-acv-hemorragico-la-vida-me-dio-una-segunda-oportunidad-no-tengo-secuelas\/"},"wordCount":713,"commentCount":0,"publisher":{"@id":"https:\/\/radioclanfm.com\/clanespectaculos\/#organization"},"image":{"@id":"https:\/\/radioclanfm.com\/clanespectaculos\/la-periodista-daniela-ballester-sufrio-un-acv-hemorragico-la-vida-me-dio-una-segunda-oportunidad-no-tengo-secuelas\/#primaryimage"},"thumbnailUrl":"https:\/\/radioclanfm.com\/clanespectaculos\/wp-content\/uploads\/sites\/2\/2026\/02\/dAe8usZ1.jpg","articleSection":["Espectaculos"],"inLanguage":"es-AR","potentialAction":[{"@type":"CommentAction","name":"Comment","target":["https:\/\/radioclanfm.com\/clanespectaculos\/la-periodista-daniela-ballester-sufrio-un-acv-hemorragico-la-vida-me-dio-una-segunda-oportunidad-no-tengo-secuelas\/#respond"]}]},{"@type":"WebPage","@id":"https:\/\/radioclanfm.com\/clanespectaculos\/la-periodista-daniela-ballester-sufrio-un-acv-hemorragico-la-vida-me-dio-una-segunda-oportunidad-no-tengo-secuelas\/","url":"https:\/\/radioclanfm.com\/clanespectaculos\/la-periodista-daniela-ballester-sufrio-un-acv-hemorragico-la-vida-me-dio-una-segunda-oportunidad-no-tengo-secuelas\/","name":"La periodista Daniela Ballester sufri\u00f3 un ACV hemorr\u00e1gico: \u201cLa vida me dio una segunda oportunidad, no tengo secuelas\u201d - CLAN ESPECTACULOS","isPartOf":{"@id":"https:\/\/radioclanfm.com\/clanespectaculos\/#website"},"primaryImageOfPage":{"@id":"https:\/\/radioclanfm.com\/clanespectaculos\/la-periodista-daniela-ballester-sufrio-un-acv-hemorragico-la-vida-me-dio-una-segunda-oportunidad-no-tengo-secuelas\/#primaryimage"},"image":{"@id":"https:\/\/radioclanfm.com\/clanespectaculos\/la-periodista-daniela-ballester-sufrio-un-acv-hemorragico-la-vida-me-dio-una-segunda-oportunidad-no-tengo-secuelas\/#primaryimage"},"thumbnailUrl":"https:\/\/radioclanfm.com\/clanespectaculos\/wp-content\/uploads\/sites\/2\/2026\/02\/dAe8usZ1.jpg","datePublished":"2026-02-24T01:49:26+00:00","breadcrumb":{"@id":"https:\/\/radioclanfm.com\/clanespectaculos\/la-periodista-daniela-ballester-sufrio-un-acv-hemorragico-la-vida-me-dio-una-segunda-oportunidad-no-tengo-secuelas\/#breadcrumb"},"inLanguage":"es-AR","potentialAction":[{"@type":"ReadAction","target":["https:\/\/radioclanfm.com\/clanespectaculos\/la-periodista-daniela-ballester-sufrio-un-acv-hemorragico-la-vida-me-dio-una-segunda-oportunidad-no-tengo-secuelas\/"]}]},{"@type":"ImageObject","inLanguage":"es-AR","@id":"https:\/\/radioclanfm.com\/clanespectaculos\/la-periodista-daniela-ballester-sufrio-un-acv-hemorragico-la-vida-me-dio-una-segunda-oportunidad-no-tengo-secuelas\/#primaryimage","url":"https:\/\/radioclanfm.com\/clanespectaculos\/wp-content\/uploads\/sites\/2\/2026\/02\/dAe8usZ1.jpg","contentUrl":"https:\/\/radioclanfm.com\/clanespectaculos\/wp-content\/uploads\/sites\/2\/2026\/02\/dAe8usZ1.jpg","width":900,"height":450},{"@type":"BreadcrumbList","@id":"https:\/\/radioclanfm.com\/clanespectaculos\/la-periodista-daniela-ballester-sufrio-un-acv-hemorragico-la-vida-me-dio-una-segunda-oportunidad-no-tengo-secuelas\/#breadcrumb","itemListElement":[{"@type":"ListItem","position":1,"name":"Inicio","item":"https:\/\/radioclanfm.com\/clanespectaculos\/"},{"@type":"ListItem","position":2,"name":"La periodista Daniela Ballester sufri\u00f3 un ACV hemorr\u00e1gico: \u201cLa vida me dio una segunda oportunidad, no tengo secuelas\u201d"}]},{"@type":"WebSite","@id":"https:\/\/radioclanfm.com\/clanespectaculos\/#website","url":"https:\/\/radioclanfm.com\/clanespectaculos\/","name":"CLAN ESPECTACULOS","description":"","publisher":{"@id":"https:\/\/radioclanfm.com\/clanespectaculos\/#organization"},"potentialAction":[{"@type":"SearchAction","target":{"@type":"EntryPoint","urlTemplate":"https:\/\/radioclanfm.com\/clanespectaculos\/?s={search_term_string}"},"query-input":{"@type":"PropertyValueSpecification","valueRequired":true,"valueName":"search_term_string"}}],"inLanguage":"es-AR"},{"@type":"Organization","@id":"https:\/\/radioclanfm.com\/clanespectaculos\/#organization","name":"CLAN ESPECTACULOS","url":"https:\/\/radioclanfm.com\/clanespectaculos\/","logo":{"@type":"ImageObject","inLanguage":"es-AR","@id":"https:\/\/radioclanfm.com\/clanespectaculos\/#\/schema\/logo\/image\/","url":"https:\/\/radioclanfm.com\/clanespectaculos\/wp-content\/uploads\/sites\/2\/2026\/04\/ChatGPT-Image-23-mar-2026-10_09_00.png","contentUrl":"https:\/\/radioclanfm.com\/clanespectaculos\/wp-content\/uploads\/sites\/2\/2026\/04\/ChatGPT-Image-23-mar-2026-10_09_00.png","width":1024,"height":1024,"caption":"CLAN ESPECTACULOS"},"image":{"@id":"https:\/\/radioclanfm.com\/clanespectaculos\/#\/schema\/logo\/image\/"},"sameAs":["https:\/\/www.facebook.com\/clanespectaculos\/","https:\/\/x.com\/clanespectok"]},{"@type":"Person","@id":"https:\/\/radioclanfm.com\/clanespectaculos\/#\/schema\/person\/9734813083303230f3ad84d99171b20c","name":"E-GRUPOCLAN","image":{"@type":"ImageObject","inLanguage":"es-AR","@id":"https:\/\/secure.gravatar.com\/avatar\/af6e19837c3d6a212034a48c7b3818d2ac1826f6025df0155da5a186ad321d79?s=96&d=mm&r=g","url":"https:\/\/secure.gravatar.com\/avatar\/af6e19837c3d6a212034a48c7b3818d2ac1826f6025df0155da5a186ad321d79?s=96&d=mm&r=g","contentUrl":"https:\/\/secure.gravatar.com\/avatar\/af6e19837c3d6a212034a48c7b3818d2ac1826f6025df0155da5a186ad321d79?s=96&d=mm&r=g","caption":"E-GRUPOCLAN"},"sameAs":["https:\/\/radioclanfm.com"],"url":"https:\/\/radioclanfm.com\/clanespectaculos\/author\/admin\/"}]}},"_links":{"self":[{"href":"https:\/\/radioclanfm.com\/clanespectaculos\/wp-json\/wp\/v2\/posts\/12690","targetHints":{"allow":["GET"]}}],"collection":[{"href":"https:\/\/radioclanfm.com\/clanespectaculos\/wp-json\/wp\/v2\/posts"}],"about":[{"href":"https:\/\/radioclanfm.com\/clanespectaculos\/wp-json\/wp\/v2\/types\/post"}],"author":[{"embeddable":true,"href":"https:\/\/radioclanfm.com\/clanespectaculos\/wp-json\/wp\/v2\/users\/1"}],"replies":[{"embeddable":true,"href":"https:\/\/radioclanfm.com\/clanespectaculos\/wp-json\/wp\/v2\/comments?post=12690"}],"version-history":[{"count":1,"href":"https:\/\/radioclanfm.com\/clanespectaculos\/wp-json\/wp\/v2\/posts\/12690\/revisions"}],"predecessor-version":[{"id":12694,"href":"https:\/\/radioclanfm.com\/clanespectaculos\/wp-json\/wp\/v2\/posts\/12690\/revisions\/12694"}],"wp:featuredmedia":[{"embeddable":true,"href":"https:\/\/radioclanfm.com\/clanespectaculos\/wp-json\/wp\/v2\/media\/12693"}],"wp:attachment":[{"href":"https:\/\/radioclanfm.com\/clanespectaculos\/wp-json\/wp\/v2\/media?parent=12690"}],"wp:term":[{"taxonomy":"category","embeddable":true,"href":"https:\/\/radioclanfm.com\/clanespectaculos\/wp-json\/wp\/v2\/categories?post=12690"},{"taxonomy":"post_tag","embeddable":true,"href":"https:\/\/radioclanfm.com\/clanespectaculos\/wp-json\/wp\/v2\/tags?post=12690"}],"curies":[{"name":"wp","href":"https:\/\/api.w.org\/{rel}","templated":true}]}}