{"id":12685,"date":"2026-02-23T22:48:04","date_gmt":"2026-02-24T01:48:04","guid":{"rendered":"https:\/\/radioclanfm.com\/clanespectaculos\/?p=12685"},"modified":"2026-02-23T22:48:04","modified_gmt":"2026-02-24T01:48:04","slug":"la-palabra-de-mirtha-legrand-en-el-dia-de-su-cumpleanos-disfrutemos-de-la-vida","status":"publish","type":"post","link":"https:\/\/radioclanfm.com\/clanespectaculos\/la-palabra-de-mirtha-legrand-en-el-dia-de-su-cumpleanos-disfrutemos-de-la-vida\/","title":{"rendered":"La palabra de Mirtha Legrand en el d\u00eda de su cumplea\u00f1os: \u201cDisfrutemos de la vida\u201d"},"content":{"rendered":"<p>En medio de los preparativos para la megafiesta por sus 99 a\u00f1os, la ic\u00f3nica conductora no se inhibi\u00f3 de ser muy dura con la gesti\u00f3n de Milei en una nota radial<\/p>\n<p class=\"paragraph\" data-mrf-recirculation=\"Links inline\">La celebraci\u00f3n del cumplea\u00f1os n\u00famero 99 de\u00a0<a title=\"https:\/\/www.infobae.com\/tag\/mirtha-legrand\/\" href=\"https:\/\/www.infobae.com\/tag\/mirtha-legrand\/\" target=\"_blank\" rel=\"noopener noreferrer\" data-mrf-link=\"https:\/\/www.infobae.com\/tag\/mirtha-legrand\/\"><b>Mirtha Legrand<\/b><\/a>\u00a0se instal\u00f3 como el gran evento del d\u00eda y acapar\u00f3 la atenci\u00f3n de todo el pa\u00eds. Desde temprano, la ic\u00f3nica conductora se convirti\u00f3 en el foco de la prensa, de colegas del espect\u00e1culo y de los fan\u00e1ticos que, una vez m\u00e1s, la homenajearon a la distancia. En una jornada \u00fanica, donde las c\u00e1maras se concentraron en su residencia y las redes sociales se inundaron de saludos, Mirtha comenz\u00f3 el d\u00eda ofreciendo varias entrevistas.<\/p>\n<div class=\"news-module\" data-mrf-recirculation=\"IL_GBLs3HYWRq2RgU4Qz8MM1Q\" data-testid=\"text-html\" data-mrf-experience=\"IL_GBLs3HYWRq2RgU4Qz8MM1Q\">\n<div class=\"recommended-card__image-container\"><\/div>\n<\/div>\n<p class=\"paragraph\" data-mrf-recirculation=\"Links inline\">En la que concedi\u00f3 a<b>\u00a0Gerardo\u00a0<\/b><i><b>Tato\u00a0<\/b><\/i><b>Young por Radio Mitre<\/b>\u00a0tuvo un pasaje\u00a0<b>especialmente cr\u00edtico hacia al Gobierno de Javier Milei<\/b>; fue cuando el conductor le pregunt\u00f3 a la diva c\u00f3mo estaba viendo este momento del pa\u00eds.<\/p>\n<div class=\"inline ad-wrapper\">\n<div class=\"dfpAd ad-inline\"><\/div>\n<\/div>\n<p class=\"paragraph\" data-mrf-recirculation=\"Links inline\"><b>\u201cY\u2026 con problemas, con problemas<\/b>\u00a0-arranc\u00f3 La Chiqui-.\u00a0<b>La gente tiene que ganar un poco m\u00e1s, no les alcanza para vivir.<\/b>\u00a0Yo me pongo en el lugar de la gente que va al mercado y no le alcanza&#8230;\u00a0<b>debe ser terrible que no te alcance para comer<\/b>; debe ser una cosa muy, muy decepcionante. As\u00ed que gane un poco m\u00e1s la gente -enfatiz\u00f3 Nirtha-.\u00a0<b>Que el Gobierno se de cuenta de lo que significa que no te alcance la plata para ir al mercado<\/b>\u2026\u00a0<i>Per\u00e1\u00a0<\/i>que me trabuqu\u00e9&#8230;\u201c, cerr\u00f3 Mirtha, pero no. M\u00e1s que trabucarse, hay que decir que pocas veces fue tan clara Mirtha Legrand. Si hubiera que resumirlo, ser\u00eda as\u00ed: Mirtha le pidi\u00f3 al Gobierno que aumente los sueldos, porque a la gente no le alcanza para comer. Nadie le podr\u00e1 decir que est\u00e1 exagerando.<\/p>\n<div class=\"jwplayer-ctn\">\n<div>\n<div id=\"UEQGNL5T7RCGNNFWRPMDHWISKI-custom_embed4\" class=\"jwplayer jw-reset jw-state-idle jw-stretch-uniform jw-flag-aspect-mode jw-floating-dismissible jw-keep-thumbnail jw-flag-cast-available jw-breakpoint-5 jw-flag-user-inactive\" tabindex=\"0\" role=\"application\" aria-label=\"Video Player - Mirtha Legrand habl\u00f3 con Ernesto Tenembaum en el d\u00eda de su cumplea\u00f1os\" aria-describedby=\"jw-UEQGNL5T7RCGNNFWRPMDHWISKI-custom_embed4-shortcuts-tooltip-explanation\" data-compass-listening=\"true\">\n<div class=\"jw-wrapper jw-reset\">\n<div class=\"jw-controls jw-reset\">\n<div class=\"jw-controlbar jw-reset\">\n<div class=\"jw-reset jw-button-container\">\n<div class=\"jw-icon jw-icon-inline jw-button-color jw-reset jw-icon-cast\" tabindex=\"0\" role=\"button\" aria-label=\"Chromecast\"><\/div>\n<\/div>\n<\/div>\n<\/div>\n<\/div>\n<\/div>\n<\/div>\n<p>En medio de los agasajos por sus 99 a\u00f1os, Mirtha Legrand reflexion\u00f3 sobre diferentes temas en el programa de Ernesto Tenembaum (Radio con vos)<\/p><\/div>\n<p class=\"paragraph\" data-mrf-recirculation=\"Links inline\">Como era de esperar, claro, la jornada estuvo marcada por la expectativa en torno a la fiesta y por la atenci\u00f3n de periodistas hacia la reconocida figura, pero tambi\u00e9n hubo lugar para la reflexi\u00f3n. En una charla telef\u00f3nica con\u00a0<b>Ernesto Tenembaum<\/b>\u00a0y\u00a0<b>Reynaldo Sietecase<\/b>\u00a0en Radio con vos,<b>\u00a0la diva se permiti\u00f3 hablar a coraz\u00f3n abierto sobre su cumplea\u00f1os y el camino recorrido<\/b>. \u201c\u00a1Feliz cumplea\u00f1os!\u201d, le desearon los conductores, y ella respondi\u00f3 con gratitud y humor: \u201cGracias, querido. \u00bfC\u00f3mo han llamado?\u201d, lanz\u00f3 entre risas, dando pie a una conversaci\u00f3n distendida y cargada de historia compartida.<\/p>\n<div class=\"visual__image\"><picture><source srcset=\"https:\/\/www.infobae.com\/resizer\/v2\/4IMHS2FAWNA7HJXF7LL2QCH67I.jpeg?auth=1f47213ddae951ef31d4f23497ab0117f0e37c136250f8a462a3fbfe3b195585&amp;smart=true&amp;width=992&amp;height=1488&amp;quality=85\" media=\"(min-width: 1000px)\" \/><source srcset=\"https:\/\/www.infobae.com\/resizer\/v2\/4IMHS2FAWNA7HJXF7LL2QCH67I.jpeg?auth=1f47213ddae951ef31d4f23497ab0117f0e37c136250f8a462a3fbfe3b195585&amp;smart=true&amp;width=768&amp;height=1152&amp;quality=85\" media=\"(min-width: 768px)\" \/><source srcset=\"https:\/\/www.infobae.com\/resizer\/v2\/4IMHS2FAWNA7HJXF7LL2QCH67I.jpeg?auth=1f47213ddae951ef31d4f23497ab0117f0e37c136250f8a462a3fbfe3b195585&amp;smart=true&amp;width=577&amp;height=866&amp;quality=85\" media=\"(min-width: 580px)\" \/><source srcset=\"https:\/\/www.infobae.com\/resizer\/v2\/4IMHS2FAWNA7HJXF7LL2QCH67I.jpeg?auth=1f47213ddae951ef31d4f23497ab0117f0e37c136250f8a462a3fbfe3b195585&amp;smart=true&amp;width=420&amp;height=630&amp;quality=85\" media=\"(min-width: 350px)\" \/><source srcset=\"https:\/\/www.infobae.com\/resizer\/v2\/4IMHS2FAWNA7HJXF7LL2QCH67I.jpeg?auth=1f47213ddae951ef31d4f23497ab0117f0e37c136250f8a462a3fbfe3b195585&amp;smart=true&amp;width=350&amp;height=525&amp;quality=85\" media=\"(min-width: 80px)\" \/><img loading=\"lazy\" decoding=\"async\" class=\"global-image\" src=\"https:\/\/www.infobae.com\/resizer\/v2\/4IMHS2FAWNA7HJXF7LL2QCH67I.jpeg?auth=1f47213ddae951ef31d4f23497ab0117f0e37c136250f8a462a3fbfe3b195585&amp;smart=true&amp;width=350&amp;height=525&amp;quality=85\" alt=\"&quot;Es un don m\u00edo&quot;, asegur\u00f3\" width=\"1000\" height=\"1500\" \/><\/picture>&#8220;Es un don m\u00edo&#8221;, asegur\u00f3 Legrand al referirse a su modo de preguntar a los invitados de sus programas (StoryLab)<\/div>\n<div class=\"inline_2_DSK ad-wrapper ad-desktop\">\n<div class=\"dfpAd ad-inline\"><\/div>\n<\/div>\n<p class=\"paragraph\" data-mrf-recirculation=\"Links inline\">La charla, m\u00e1s all\u00e1 de las formalidades, se ti\u00f1\u00f3 de cercan\u00eda y complicidad. \u201c<b>Mir\u00e1, tantos a\u00f1os que nos conocemos que somos como de la familia<\/b>\u201d, admiti\u00f3 Mirtha, marcando el tono de confianza que la une, desde hace d\u00e9cadas, con los periodistas. Sietecase aprovech\u00f3 la ocasi\u00f3n para destacar una de las virtudes m\u00e1s reconocidas de la conductora: su capacidad para preguntar lo que otros no se animan.<\/p>\n<div class=\"news-module\" data-mrf-recirculation=\"IL_wLyG9sjfRQKb8QO3fSLumw\" data-testid=\"text-html\" data-mrf-experience=\"IL_wLyG9sjfRQKb8QO3fSLumw\">\n<div class=\"recommended-card__image-container\"><\/div>\n<\/div>\n<p class=\"paragraph\" data-mrf-recirculation=\"Links inline\">\u201c<b>Nos rendimos ante una evidencia, que vos pregunt\u00e1s muchas cosas que otros no preguntan<\/b>\u201d, le se\u00f1al\u00f3. \u201cNo se animan\u201d, complet\u00f3 Mirtha, entre risas. \u201c<b>Y bueno, es un don m\u00edo, siempre fui as\u00ed. A veces se molestan, pero pregunto lo que la gente quisiera saber. Hay que ponerse en lugar del p\u00fablico<\/b>\u201d, explic\u00f3, dejando en claro su compromiso con los televidentes y la b\u00fasqueda de respuestas que marcan el pulso de la actualidad.<\/p>\n<p class=\"paragraph\" data-mrf-recirculation=\"Links inline\">La conversaci\u00f3n avanz\u00f3 hacia temas m\u00e1s profundos, y Mirtha no esquiv\u00f3 la autocr\u00edtica sobre el presente del pa\u00eds. \u201c<b>\u00bfQu\u00e9 es lo que crees que falla?<\/b>\u201d, le pregunt\u00f3 Tenembaum. La diva fue directa: \u201cIntereses creados, el dinero, conseguir votos a costa de lo que sea. No s\u00e9, son muchas cosas, pero bueno, yo soy optimista.\u00a0<b>Es tan rica la Argentina, es uno de los pa\u00edses m\u00e1s ricos del mundo, entonces tengamos fe<\/b>\u201d, asegur\u00f3, transmitiendo su esperanza y su convicci\u00f3n de que el pa\u00eds puede salir adelante.<\/p>\n<div class=\"visual__image\"><picture><source srcset=\"https:\/\/www.infobae.com\/resizer\/v2\/BMU6YDAQVJEBRMHZPOEVAI3YWY.jpeg?auth=e4bd847046c41d59f0422d4a0493457c8190dea0151ee382a39f1a46f4eb84ca&amp;smart=true&amp;width=992&amp;height=1488&amp;quality=85\" media=\"(min-width: 1000px)\" \/><source srcset=\"https:\/\/www.infobae.com\/resizer\/v2\/BMU6YDAQVJEBRMHZPOEVAI3YWY.jpeg?auth=e4bd847046c41d59f0422d4a0493457c8190dea0151ee382a39f1a46f4eb84ca&amp;smart=true&amp;width=768&amp;height=1152&amp;quality=85\" media=\"(min-width: 768px)\" \/><source srcset=\"https:\/\/www.infobae.com\/resizer\/v2\/BMU6YDAQVJEBRMHZPOEVAI3YWY.jpeg?auth=e4bd847046c41d59f0422d4a0493457c8190dea0151ee382a39f1a46f4eb84ca&amp;smart=true&amp;width=577&amp;height=866&amp;quality=85\" media=\"(min-width: 580px)\" \/><source srcset=\"https:\/\/www.infobae.com\/resizer\/v2\/BMU6YDAQVJEBRMHZPOEVAI3YWY.jpeg?auth=e4bd847046c41d59f0422d4a0493457c8190dea0151ee382a39f1a46f4eb84ca&amp;smart=true&amp;width=420&amp;height=630&amp;quality=85\" media=\"(min-width: 350px)\" \/><source srcset=\"https:\/\/www.infobae.com\/resizer\/v2\/BMU6YDAQVJEBRMHZPOEVAI3YWY.jpeg?auth=e4bd847046c41d59f0422d4a0493457c8190dea0151ee382a39f1a46f4eb84ca&amp;smart=true&amp;width=350&amp;height=525&amp;quality=85\" media=\"(min-width: 80px)\" \/><img loading=\"lazy\" decoding=\"async\" class=\"global-image\" src=\"https:\/\/www.infobae.com\/resizer\/v2\/BMU6YDAQVJEBRMHZPOEVAI3YWY.jpeg?auth=e4bd847046c41d59f0422d4a0493457c8190dea0151ee382a39f1a46f4eb84ca&amp;smart=true&amp;width=350&amp;height=525&amp;quality=85\" alt=\"A sus 99 a\u00f1os, la\" width=\"1000\" height=\"1500\" \/><\/picture>A sus 99 a\u00f1os, la ic\u00f3nica conductora se expres\u00f3 con alegr\u00eda sobre su trabajo y la vida (StoryLab)<\/div>\n<p class=\"paragraph\" data-mrf-recirculation=\"Links inline\">Pero la pregunta que todos siempre le hacen volvi\u00f3 a aparecer: \u00bfPor qu\u00e9 sigue trabajando a los 99 a\u00f1os? Mirtha no dud\u00f3 en responder: \u201c<b>As\u00ed llego a los 99 a\u00f1os, trabajando. Me gusta trabajar, me gusta lo que hago<\/b>\u201d. El secreto, seg\u00fan cont\u00f3, est\u00e1 en la pasi\u00f3n y en el deseo de mantenerse informada. \u201c<b>Estoy cada d\u00eda m\u00e1s alerta, m\u00e1s informada y me gusta saber todo. Quiero saber todo<\/b>\u201d, confes\u00f3, mostrando que la curiosidad y el entusiasmo son motores fundamentales en su vida.<\/p>\n<p class=\"paragraph\" data-mrf-recirculation=\"Links inline\">La despedida fue tan c\u00e1lida como el inicio. \u201cGracias por atendernos, que tengas un lindo d\u00eda\u201d, le dijeron los periodistas. Mirtha, fiel a su estilo, cerr\u00f3 con un mensaje de celebraci\u00f3n y uni\u00f3n: \u201cBueno, a ustedes que sigan, que les va muy bien y bueno, que nos volvamos a encontrar alg\u00fan d\u00eda\u201d. Y, a modo de broche final, lanz\u00f3 una frase que r\u00e1pidamente se viraliz\u00f3 en redes: \u201c<b>\u00a1Viva la vida! Disfrutemos de la vida, de lo que Dios nos da todos los d\u00edas. Disfrutemos. Tratemos de unirnos y querernos un poco m\u00e1s los argentinos<\/b>\u201d.<\/p>\n<p class=\"paragraph\" data-mrf-recirculation=\"Links inline\">La celebraci\u00f3n de Mirtha Legrand, sin dudas, trascendi\u00f3 el \u00e1mbito privado y se convirti\u00f3 en un s\u00edmbolo de la televisi\u00f3n argentina. Sus palabras, lejos de ser una simple an\u00e9cdota de cumplea\u00f1os, reflejaron una filosof\u00eda de vida basada en el trabajo, la curiosidad y la gratitud. A los 99 a\u00f1os, la diva sigue inspirando a generaciones y demostrando que la pasi\u00f3n y el amor por lo que uno hace son, quiz\u00e1s, los verdaderos secretos de la longevidad y la plenitud. En su d\u00eda, La Chiqui volvi\u00f3 a dar una lecci\u00f3n de optimismo y compromiso, recordando que, a\u00fan en tiempos dif\u00edciles, la vida merece ser celebrada a cada instante.<\/p>\n<div class=\"second-saved-buttons\">\n<div class=\"body-share-note\"><\/div>\n<\/div>\n","protected":false},"excerpt":{"rendered":"<p>En medio de los preparativos para la megafiesta por sus 99 a\u00f1os, la ic\u00f3nica conductora no se inhibi\u00f3 de ser muy dura con la gesti\u00f3n de Milei en una nota radial La celebraci\u00f3n del cumplea\u00f1os n\u00famero 99 de\u00a0Mirtha Legrand\u00a0se instal\u00f3 como el gran evento del d\u00eda y acapar\u00f3 la atenci\u00f3n de todo el pa\u00eds. Desde [&hellip;]<\/p>\n","protected":false},"author":1,"featured_media":12688,"comment_status":"open","ping_status":"open","sticky":false,"template":"","format":"standard","meta":{"rop_custom_images_group":[],"rop_custom_messages_group":[],"rop_publish_now":"initial","rop_publish_now_accounts":[],"rop_publish_now_history":[],"rop_publish_now_status":"pending","footnotes":"","jetpack_publicize_message":"","jetpack_publicize_feature_enabled":true,"jetpack_social_post_already_shared":true,"jetpack_social_options":{"image_generator_settings":{"template":"highway","enabled":false},"version":2}},"categories":[12],"tags":[],"class_list":{"0":"post-12685","1":"post","2":"type-post","3":"status-publish","4":"format-standard","5":"has-post-thumbnail","7":"category-espectaculos"},"jetpack_publicize_connections":[],"yoast_head":"<!-- This site is optimized with the Yoast SEO plugin v27.3 - https:\/\/yoast.com\/product\/yoast-seo-wordpress\/ -->\n<title>La palabra de Mirtha Legrand en el d\u00eda de su cumplea\u00f1os: \u201cDisfrutemos de la vida\u201d - CLAN ESPECTACULOS<\/title>\n<meta name=\"robots\" content=\"index, follow, max-snippet:-1, max-image-preview:large, max-video-preview:-1\" \/>\n<link rel=\"canonical\" href=\"https:\/\/radioclanfm.com\/clanespectaculos\/la-palabra-de-mirtha-legrand-en-el-dia-de-su-cumpleanos-disfrutemos-de-la-vida\/\" \/>\n<meta property=\"og:locale\" content=\"es_ES\" \/>\n<meta property=\"og:type\" content=\"article\" \/>\n<meta property=\"og:title\" content=\"La palabra de Mirtha Legrand en el d\u00eda de su cumplea\u00f1os: \u201cDisfrutemos de la vida\u201d - CLAN ESPECTACULOS\" \/>\n<meta property=\"og:description\" content=\"En medio de los preparativos para la megafiesta por sus 99 a\u00f1os, la ic\u00f3nica conductora no se inhibi\u00f3 de ser muy dura con la gesti\u00f3n de Milei en una nota radial La celebraci\u00f3n del cumplea\u00f1os n\u00famero 99 de\u00a0Mirtha Legrand\u00a0se instal\u00f3 como el gran evento del d\u00eda y acapar\u00f3 la atenci\u00f3n de todo el pa\u00eds. Desde [&hellip;]\" \/>\n<meta property=\"og:url\" content=\"https:\/\/radioclanfm.com\/clanespectaculos\/la-palabra-de-mirtha-legrand-en-el-dia-de-su-cumpleanos-disfrutemos-de-la-vida\/\" \/>\n<meta property=\"og:site_name\" content=\"CLAN ESPECTACULOS\" \/>\n<meta property=\"article:publisher\" content=\"https:\/\/www.facebook.com\/clanespectaculos\/\" \/>\n<meta property=\"article:published_time\" content=\"2026-02-24T01:48:04+00:00\" \/>\n<meta property=\"og:image\" content=\"https:\/\/radioclanfm.com\/clanespectaculos\/wp-content\/uploads\/sites\/2\/2026\/02\/kKA8yvzV.jpg\" \/>\n\t<meta property=\"og:image:width\" content=\"900\" \/>\n\t<meta property=\"og:image:height\" content=\"450\" \/>\n\t<meta property=\"og:image:type\" content=\"image\/jpeg\" \/>\n<meta name=\"author\" content=\"E-GRUPOCLAN\" \/>\n<meta name=\"twitter:card\" content=\"summary_large_image\" \/>\n<meta name=\"twitter:creator\" content=\"@clanespectok\" \/>\n<meta name=\"twitter:site\" content=\"@clanespectok\" \/>\n<meta name=\"twitter:label1\" content=\"Escrito por\" \/>\n\t<meta name=\"twitter:data1\" content=\"E-GRUPOCLAN\" \/>\n\t<meta name=\"twitter:label2\" content=\"Tiempo de lectura\" \/>\n\t<meta name=\"twitter:data2\" content=\"5 minutos\" \/>\n<script type=\"application\/ld+json\" class=\"yoast-schema-graph\">{\"@context\":\"https:\\\/\\\/schema.org\",\"@graph\":[{\"@type\":\"Article\",\"@id\":\"https:\\\/\\\/radioclanfm.com\\\/clanespectaculos\\\/la-palabra-de-mirtha-legrand-en-el-dia-de-su-cumpleanos-disfrutemos-de-la-vida\\\/#article\",\"isPartOf\":{\"@id\":\"https:\\\/\\\/radioclanfm.com\\\/clanespectaculos\\\/la-palabra-de-mirtha-legrand-en-el-dia-de-su-cumpleanos-disfrutemos-de-la-vida\\\/\"},\"author\":{\"name\":\"E-GRUPOCLAN\",\"@id\":\"https:\\\/\\\/radioclanfm.com\\\/clanespectaculos\\\/#\\\/schema\\\/person\\\/9734813083303230f3ad84d99171b20c\"},\"headline\":\"La palabra de Mirtha Legrand en el d\u00eda de su cumplea\u00f1os: \u201cDisfrutemos de la vida\u201d\",\"datePublished\":\"2026-02-24T01:48:04+00:00\",\"mainEntityOfPage\":{\"@id\":\"https:\\\/\\\/radioclanfm.com\\\/clanespectaculos\\\/la-palabra-de-mirtha-legrand-en-el-dia-de-su-cumpleanos-disfrutemos-de-la-vida\\\/\"},\"wordCount\":1046,\"commentCount\":0,\"publisher\":{\"@id\":\"https:\\\/\\\/radioclanfm.com\\\/clanespectaculos\\\/#organization\"},\"image\":{\"@id\":\"https:\\\/\\\/radioclanfm.com\\\/clanespectaculos\\\/la-palabra-de-mirtha-legrand-en-el-dia-de-su-cumpleanos-disfrutemos-de-la-vida\\\/#primaryimage\"},\"thumbnailUrl\":\"https:\\\/\\\/radioclanfm.com\\\/clanespectaculos\\\/wp-content\\\/uploads\\\/sites\\\/2\\\/2026\\\/02\\\/kKA8yvzV.jpg\",\"articleSection\":[\"Espectaculos\"],\"inLanguage\":\"es-AR\",\"potentialAction\":[{\"@type\":\"CommentAction\",\"name\":\"Comment\",\"target\":[\"https:\\\/\\\/radioclanfm.com\\\/clanespectaculos\\\/la-palabra-de-mirtha-legrand-en-el-dia-de-su-cumpleanos-disfrutemos-de-la-vida\\\/#respond\"]}]},{\"@type\":\"WebPage\",\"@id\":\"https:\\\/\\\/radioclanfm.com\\\/clanespectaculos\\\/la-palabra-de-mirtha-legrand-en-el-dia-de-su-cumpleanos-disfrutemos-de-la-vida\\\/\",\"url\":\"https:\\\/\\\/radioclanfm.com\\\/clanespectaculos\\\/la-palabra-de-mirtha-legrand-en-el-dia-de-su-cumpleanos-disfrutemos-de-la-vida\\\/\",\"name\":\"La palabra de Mirtha Legrand en el d\u00eda de su cumplea\u00f1os: \u201cDisfrutemos de la vida\u201d - CLAN ESPECTACULOS\",\"isPartOf\":{\"@id\":\"https:\\\/\\\/radioclanfm.com\\\/clanespectaculos\\\/#website\"},\"primaryImageOfPage\":{\"@id\":\"https:\\\/\\\/radioclanfm.com\\\/clanespectaculos\\\/la-palabra-de-mirtha-legrand-en-el-dia-de-su-cumpleanos-disfrutemos-de-la-vida\\\/#primaryimage\"},\"image\":{\"@id\":\"https:\\\/\\\/radioclanfm.com\\\/clanespectaculos\\\/la-palabra-de-mirtha-legrand-en-el-dia-de-su-cumpleanos-disfrutemos-de-la-vida\\\/#primaryimage\"},\"thumbnailUrl\":\"https:\\\/\\\/radioclanfm.com\\\/clanespectaculos\\\/wp-content\\\/uploads\\\/sites\\\/2\\\/2026\\\/02\\\/kKA8yvzV.jpg\",\"datePublished\":\"2026-02-24T01:48:04+00:00\",\"breadcrumb\":{\"@id\":\"https:\\\/\\\/radioclanfm.com\\\/clanespectaculos\\\/la-palabra-de-mirtha-legrand-en-el-dia-de-su-cumpleanos-disfrutemos-de-la-vida\\\/#breadcrumb\"},\"inLanguage\":\"es-AR\",\"potentialAction\":[{\"@type\":\"ReadAction\",\"target\":[\"https:\\\/\\\/radioclanfm.com\\\/clanespectaculos\\\/la-palabra-de-mirtha-legrand-en-el-dia-de-su-cumpleanos-disfrutemos-de-la-vida\\\/\"]}]},{\"@type\":\"ImageObject\",\"inLanguage\":\"es-AR\",\"@id\":\"https:\\\/\\\/radioclanfm.com\\\/clanespectaculos\\\/la-palabra-de-mirtha-legrand-en-el-dia-de-su-cumpleanos-disfrutemos-de-la-vida\\\/#primaryimage\",\"url\":\"https:\\\/\\\/radioclanfm.com\\\/clanespectaculos\\\/wp-content\\\/uploads\\\/sites\\\/2\\\/2026\\\/02\\\/kKA8yvzV.jpg\",\"contentUrl\":\"https:\\\/\\\/radioclanfm.com\\\/clanespectaculos\\\/wp-content\\\/uploads\\\/sites\\\/2\\\/2026\\\/02\\\/kKA8yvzV.jpg\",\"width\":900,\"height\":450},{\"@type\":\"BreadcrumbList\",\"@id\":\"https:\\\/\\\/radioclanfm.com\\\/clanespectaculos\\\/la-palabra-de-mirtha-legrand-en-el-dia-de-su-cumpleanos-disfrutemos-de-la-vida\\\/#breadcrumb\",\"itemListElement\":[{\"@type\":\"ListItem\",\"position\":1,\"name\":\"Inicio\",\"item\":\"https:\\\/\\\/radioclanfm.com\\\/clanespectaculos\\\/\"},{\"@type\":\"ListItem\",\"position\":2,\"name\":\"La palabra de Mirtha Legrand en el d\u00eda de su cumplea\u00f1os: \u201cDisfrutemos de la vida\u201d\"}]},{\"@type\":\"WebSite\",\"@id\":\"https:\\\/\\\/radioclanfm.com\\\/clanespectaculos\\\/#website\",\"url\":\"https:\\\/\\\/radioclanfm.com\\\/clanespectaculos\\\/\",\"name\":\"CLAN ESPECTACULOS\",\"description\":\"\",\"publisher\":{\"@id\":\"https:\\\/\\\/radioclanfm.com\\\/clanespectaculos\\\/#organization\"},\"potentialAction\":[{\"@type\":\"SearchAction\",\"target\":{\"@type\":\"EntryPoint\",\"urlTemplate\":\"https:\\\/\\\/radioclanfm.com\\\/clanespectaculos\\\/?s={search_term_string}\"},\"query-input\":{\"@type\":\"PropertyValueSpecification\",\"valueRequired\":true,\"valueName\":\"search_term_string\"}}],\"inLanguage\":\"es-AR\"},{\"@type\":\"Organization\",\"@id\":\"https:\\\/\\\/radioclanfm.com\\\/clanespectaculos\\\/#organization\",\"name\":\"CLAN ESPECTACULOS\",\"url\":\"https:\\\/\\\/radioclanfm.com\\\/clanespectaculos\\\/\",\"logo\":{\"@type\":\"ImageObject\",\"inLanguage\":\"es-AR\",\"@id\":\"https:\\\/\\\/radioclanfm.com\\\/clanespectaculos\\\/#\\\/schema\\\/logo\\\/image\\\/\",\"url\":\"https:\\\/\\\/radioclanfm.com\\\/clanespectaculos\\\/wp-content\\\/uploads\\\/sites\\\/2\\\/2026\\\/04\\\/ChatGPT-Image-23-mar-2026-10_09_00.png\",\"contentUrl\":\"https:\\\/\\\/radioclanfm.com\\\/clanespectaculos\\\/wp-content\\\/uploads\\\/sites\\\/2\\\/2026\\\/04\\\/ChatGPT-Image-23-mar-2026-10_09_00.png\",\"width\":1024,\"height\":1024,\"caption\":\"CLAN ESPECTACULOS\"},\"image\":{\"@id\":\"https:\\\/\\\/radioclanfm.com\\\/clanespectaculos\\\/#\\\/schema\\\/logo\\\/image\\\/\"},\"sameAs\":[\"https:\\\/\\\/www.facebook.com\\\/clanespectaculos\\\/\",\"https:\\\/\\\/x.com\\\/clanespectok\"]},{\"@type\":\"Person\",\"@id\":\"https:\\\/\\\/radioclanfm.com\\\/clanespectaculos\\\/#\\\/schema\\\/person\\\/9734813083303230f3ad84d99171b20c\",\"name\":\"E-GRUPOCLAN\",\"image\":{\"@type\":\"ImageObject\",\"inLanguage\":\"es-AR\",\"@id\":\"https:\\\/\\\/secure.gravatar.com\\\/avatar\\\/af6e19837c3d6a212034a48c7b3818d2ac1826f6025df0155da5a186ad321d79?s=96&d=mm&r=g\",\"url\":\"https:\\\/\\\/secure.gravatar.com\\\/avatar\\\/af6e19837c3d6a212034a48c7b3818d2ac1826f6025df0155da5a186ad321d79?s=96&d=mm&r=g\",\"contentUrl\":\"https:\\\/\\\/secure.gravatar.com\\\/avatar\\\/af6e19837c3d6a212034a48c7b3818d2ac1826f6025df0155da5a186ad321d79?s=96&d=mm&r=g\",\"caption\":\"E-GRUPOCLAN\"},\"sameAs\":[\"https:\\\/\\\/radioclanfm.com\"],\"url\":\"https:\\\/\\\/radioclanfm.com\\\/clanespectaculos\\\/author\\\/admin\\\/\"}]}<\/script>\n<!-- \/ Yoast SEO plugin. -->","yoast_head_json":{"title":"La palabra de Mirtha Legrand en el d\u00eda de su cumplea\u00f1os: \u201cDisfrutemos de la vida\u201d - CLAN ESPECTACULOS","robots":{"index":"index","follow":"follow","max-snippet":"max-snippet:-1","max-image-preview":"max-image-preview:large","max-video-preview":"max-video-preview:-1"},"canonical":"https:\/\/radioclanfm.com\/clanespectaculos\/la-palabra-de-mirtha-legrand-en-el-dia-de-su-cumpleanos-disfrutemos-de-la-vida\/","og_locale":"es_ES","og_type":"article","og_title":"La palabra de Mirtha Legrand en el d\u00eda de su cumplea\u00f1os: \u201cDisfrutemos de la vida\u201d - CLAN ESPECTACULOS","og_description":"En medio de los preparativos para la megafiesta por sus 99 a\u00f1os, la ic\u00f3nica conductora no se inhibi\u00f3 de ser muy dura con la gesti\u00f3n de Milei en una nota radial La celebraci\u00f3n del cumplea\u00f1os n\u00famero 99 de\u00a0Mirtha Legrand\u00a0se instal\u00f3 como el gran evento del d\u00eda y acapar\u00f3 la atenci\u00f3n de todo el pa\u00eds. Desde [&hellip;]","og_url":"https:\/\/radioclanfm.com\/clanespectaculos\/la-palabra-de-mirtha-legrand-en-el-dia-de-su-cumpleanos-disfrutemos-de-la-vida\/","og_site_name":"CLAN ESPECTACULOS","article_publisher":"https:\/\/www.facebook.com\/clanespectaculos\/","article_published_time":"2026-02-24T01:48:04+00:00","og_image":[{"width":900,"height":450,"url":"https:\/\/radioclanfm.com\/clanespectaculos\/wp-content\/uploads\/sites\/2\/2026\/02\/kKA8yvzV.jpg","type":"image\/jpeg"}],"author":"E-GRUPOCLAN","twitter_card":"summary_large_image","twitter_creator":"@clanespectok","twitter_site":"@clanespectok","twitter_misc":{"Escrito por":"E-GRUPOCLAN","Tiempo de lectura":"5 minutos"},"schema":{"@context":"https:\/\/schema.org","@graph":[{"@type":"Article","@id":"https:\/\/radioclanfm.com\/clanespectaculos\/la-palabra-de-mirtha-legrand-en-el-dia-de-su-cumpleanos-disfrutemos-de-la-vida\/#article","isPartOf":{"@id":"https:\/\/radioclanfm.com\/clanespectaculos\/la-palabra-de-mirtha-legrand-en-el-dia-de-su-cumpleanos-disfrutemos-de-la-vida\/"},"author":{"name":"E-GRUPOCLAN","@id":"https:\/\/radioclanfm.com\/clanespectaculos\/#\/schema\/person\/9734813083303230f3ad84d99171b20c"},"headline":"La palabra de Mirtha Legrand en el d\u00eda de su cumplea\u00f1os: \u201cDisfrutemos de la vida\u201d","datePublished":"2026-02-24T01:48:04+00:00","mainEntityOfPage":{"@id":"https:\/\/radioclanfm.com\/clanespectaculos\/la-palabra-de-mirtha-legrand-en-el-dia-de-su-cumpleanos-disfrutemos-de-la-vida\/"},"wordCount":1046,"commentCount":0,"publisher":{"@id":"https:\/\/radioclanfm.com\/clanespectaculos\/#organization"},"image":{"@id":"https:\/\/radioclanfm.com\/clanespectaculos\/la-palabra-de-mirtha-legrand-en-el-dia-de-su-cumpleanos-disfrutemos-de-la-vida\/#primaryimage"},"thumbnailUrl":"https:\/\/radioclanfm.com\/clanespectaculos\/wp-content\/uploads\/sites\/2\/2026\/02\/kKA8yvzV.jpg","articleSection":["Espectaculos"],"inLanguage":"es-AR","potentialAction":[{"@type":"CommentAction","name":"Comment","target":["https:\/\/radioclanfm.com\/clanespectaculos\/la-palabra-de-mirtha-legrand-en-el-dia-de-su-cumpleanos-disfrutemos-de-la-vida\/#respond"]}]},{"@type":"WebPage","@id":"https:\/\/radioclanfm.com\/clanespectaculos\/la-palabra-de-mirtha-legrand-en-el-dia-de-su-cumpleanos-disfrutemos-de-la-vida\/","url":"https:\/\/radioclanfm.com\/clanespectaculos\/la-palabra-de-mirtha-legrand-en-el-dia-de-su-cumpleanos-disfrutemos-de-la-vida\/","name":"La palabra de Mirtha Legrand en el d\u00eda de su cumplea\u00f1os: \u201cDisfrutemos de la vida\u201d - CLAN ESPECTACULOS","isPartOf":{"@id":"https:\/\/radioclanfm.com\/clanespectaculos\/#website"},"primaryImageOfPage":{"@id":"https:\/\/radioclanfm.com\/clanespectaculos\/la-palabra-de-mirtha-legrand-en-el-dia-de-su-cumpleanos-disfrutemos-de-la-vida\/#primaryimage"},"image":{"@id":"https:\/\/radioclanfm.com\/clanespectaculos\/la-palabra-de-mirtha-legrand-en-el-dia-de-su-cumpleanos-disfrutemos-de-la-vida\/#primaryimage"},"thumbnailUrl":"https:\/\/radioclanfm.com\/clanespectaculos\/wp-content\/uploads\/sites\/2\/2026\/02\/kKA8yvzV.jpg","datePublished":"2026-02-24T01:48:04+00:00","breadcrumb":{"@id":"https:\/\/radioclanfm.com\/clanespectaculos\/la-palabra-de-mirtha-legrand-en-el-dia-de-su-cumpleanos-disfrutemos-de-la-vida\/#breadcrumb"},"inLanguage":"es-AR","potentialAction":[{"@type":"ReadAction","target":["https:\/\/radioclanfm.com\/clanespectaculos\/la-palabra-de-mirtha-legrand-en-el-dia-de-su-cumpleanos-disfrutemos-de-la-vida\/"]}]},{"@type":"ImageObject","inLanguage":"es-AR","@id":"https:\/\/radioclanfm.com\/clanespectaculos\/la-palabra-de-mirtha-legrand-en-el-dia-de-su-cumpleanos-disfrutemos-de-la-vida\/#primaryimage","url":"https:\/\/radioclanfm.com\/clanespectaculos\/wp-content\/uploads\/sites\/2\/2026\/02\/kKA8yvzV.jpg","contentUrl":"https:\/\/radioclanfm.com\/clanespectaculos\/wp-content\/uploads\/sites\/2\/2026\/02\/kKA8yvzV.jpg","width":900,"height":450},{"@type":"BreadcrumbList","@id":"https:\/\/radioclanfm.com\/clanespectaculos\/la-palabra-de-mirtha-legrand-en-el-dia-de-su-cumpleanos-disfrutemos-de-la-vida\/#breadcrumb","itemListElement":[{"@type":"ListItem","position":1,"name":"Inicio","item":"https:\/\/radioclanfm.com\/clanespectaculos\/"},{"@type":"ListItem","position":2,"name":"La palabra de Mirtha Legrand en el d\u00eda de su cumplea\u00f1os: \u201cDisfrutemos de la vida\u201d"}]},{"@type":"WebSite","@id":"https:\/\/radioclanfm.com\/clanespectaculos\/#website","url":"https:\/\/radioclanfm.com\/clanespectaculos\/","name":"CLAN ESPECTACULOS","description":"","publisher":{"@id":"https:\/\/radioclanfm.com\/clanespectaculos\/#organization"},"potentialAction":[{"@type":"SearchAction","target":{"@type":"EntryPoint","urlTemplate":"https:\/\/radioclanfm.com\/clanespectaculos\/?s={search_term_string}"},"query-input":{"@type":"PropertyValueSpecification","valueRequired":true,"valueName":"search_term_string"}}],"inLanguage":"es-AR"},{"@type":"Organization","@id":"https:\/\/radioclanfm.com\/clanespectaculos\/#organization","name":"CLAN ESPECTACULOS","url":"https:\/\/radioclanfm.com\/clanespectaculos\/","logo":{"@type":"ImageObject","inLanguage":"es-AR","@id":"https:\/\/radioclanfm.com\/clanespectaculos\/#\/schema\/logo\/image\/","url":"https:\/\/radioclanfm.com\/clanespectaculos\/wp-content\/uploads\/sites\/2\/2026\/04\/ChatGPT-Image-23-mar-2026-10_09_00.png","contentUrl":"https:\/\/radioclanfm.com\/clanespectaculos\/wp-content\/uploads\/sites\/2\/2026\/04\/ChatGPT-Image-23-mar-2026-10_09_00.png","width":1024,"height":1024,"caption":"CLAN ESPECTACULOS"},"image":{"@id":"https:\/\/radioclanfm.com\/clanespectaculos\/#\/schema\/logo\/image\/"},"sameAs":["https:\/\/www.facebook.com\/clanespectaculos\/","https:\/\/x.com\/clanespectok"]},{"@type":"Person","@id":"https:\/\/radioclanfm.com\/clanespectaculos\/#\/schema\/person\/9734813083303230f3ad84d99171b20c","name":"E-GRUPOCLAN","image":{"@type":"ImageObject","inLanguage":"es-AR","@id":"https:\/\/secure.gravatar.com\/avatar\/af6e19837c3d6a212034a48c7b3818d2ac1826f6025df0155da5a186ad321d79?s=96&d=mm&r=g","url":"https:\/\/secure.gravatar.com\/avatar\/af6e19837c3d6a212034a48c7b3818d2ac1826f6025df0155da5a186ad321d79?s=96&d=mm&r=g","contentUrl":"https:\/\/secure.gravatar.com\/avatar\/af6e19837c3d6a212034a48c7b3818d2ac1826f6025df0155da5a186ad321d79?s=96&d=mm&r=g","caption":"E-GRUPOCLAN"},"sameAs":["https:\/\/radioclanfm.com"],"url":"https:\/\/radioclanfm.com\/clanespectaculos\/author\/admin\/"}]}},"_links":{"self":[{"href":"https:\/\/radioclanfm.com\/clanespectaculos\/wp-json\/wp\/v2\/posts\/12685","targetHints":{"allow":["GET"]}}],"collection":[{"href":"https:\/\/radioclanfm.com\/clanespectaculos\/wp-json\/wp\/v2\/posts"}],"about":[{"href":"https:\/\/radioclanfm.com\/clanespectaculos\/wp-json\/wp\/v2\/types\/post"}],"author":[{"embeddable":true,"href":"https:\/\/radioclanfm.com\/clanespectaculos\/wp-json\/wp\/v2\/users\/1"}],"replies":[{"embeddable":true,"href":"https:\/\/radioclanfm.com\/clanespectaculos\/wp-json\/wp\/v2\/comments?post=12685"}],"version-history":[{"count":1,"href":"https:\/\/radioclanfm.com\/clanespectaculos\/wp-json\/wp\/v2\/posts\/12685\/revisions"}],"predecessor-version":[{"id":12689,"href":"https:\/\/radioclanfm.com\/clanespectaculos\/wp-json\/wp\/v2\/posts\/12685\/revisions\/12689"}],"wp:featuredmedia":[{"embeddable":true,"href":"https:\/\/radioclanfm.com\/clanespectaculos\/wp-json\/wp\/v2\/media\/12688"}],"wp:attachment":[{"href":"https:\/\/radioclanfm.com\/clanespectaculos\/wp-json\/wp\/v2\/media?parent=12685"}],"wp:term":[{"taxonomy":"category","embeddable":true,"href":"https:\/\/radioclanfm.com\/clanespectaculos\/wp-json\/wp\/v2\/categories?post=12685"},{"taxonomy":"post_tag","embeddable":true,"href":"https:\/\/radioclanfm.com\/clanespectaculos\/wp-json\/wp\/v2\/tags?post=12685"}],"curies":[{"name":"wp","href":"https:\/\/api.w.org\/{rel}","templated":true}]}}