{"id":12680,"date":"2026-02-23T22:45:48","date_gmt":"2026-02-24T01:45:48","guid":{"rendered":"https:\/\/radioclanfm.com\/clanespectaculos\/?p=12680"},"modified":"2026-02-23T22:45:48","modified_gmt":"2026-02-24T01:45:48","slug":"el-particular-mensaje-que-escribio-el-hermano-de-mauro-icardi-en-plena-crisis-familiar-a-pesar-de-la-distancia","status":"publish","type":"post","link":"https:\/\/radioclanfm.com\/clanespectaculos\/el-particular-mensaje-que-escribio-el-hermano-de-mauro-icardi-en-plena-crisis-familiar-a-pesar-de-la-distancia\/","title":{"rendered":"El particular mensaje que escribi\u00f3 el hermano de Mauro Icardi en plena crisis familiar: \u201cA pesar de la distancia\u201d"},"content":{"rendered":"<p>En medio del tenso panorama medi\u00e1tico y el pasado cumplea\u00f1os del deportista, Juan Icardi sorprendi\u00f3 con unas sentidas palabras hacia el futbolista<\/p>\n<p class=\"paragraph\" data-mrf-recirculation=\"Links inline\">En el universo del espect\u00e1culo, las historias familiares muchas veces trascienden los titulares y dejan al descubierto la fragilidad de los v\u00ednculos fuera de c\u00e1mara. Esta semana, mientras el esc\u00e1ndalo entre<b>\u00a0Mauro Icardi<\/b>,\u00a0<b>Wanda Nara<\/b>\u00a0y la\u00a0<b>China Su\u00e1rez<\/b>\u00a0sigue sumando cap\u00edtulos, un gesto en redes volvi\u00f3 a poner el foco en la intimidad del clan Icardi. A menos de una semana de que\u00a0<b>Guido<\/b>, el hermano del delantero, hablara p\u00fablicamente\u00a0sobre la distancia entre ambos, fue\u00a0<b>Juan Icardi quien sorprendi\u00f3 con un mensaje de\u00a0<\/b><b>cumplea\u00f1os a Mauro<\/b>\u00a0que, lejos de generar acercamiento, dej\u00f3 en evidencia las grietas y silencios que atraviesan a la familia.<\/p>\n<div class=\"news-module\" data-mrf-recirculation=\"IL_GBLs3HYWRq2RgU4Qz8MM1Q\" data-testid=\"text-html\" data-mrf-experience=\"IL_GBLs3HYWRq2RgU4Qz8MM1Q\">\n<div class=\"recommended-card__image-container\"><\/div>\n<\/div>\n<p class=\"paragraph\" data-mrf-recirculation=\"Links inline\">El saludo, publicado en el feed de Instagram de Juan con una foto de una visita pasada a Rosario, busc\u00f3 dejar de lado los rumores y las versiones que circulan en torno al clan. \u201c<b>A pesar de la distancia y de todo lo que la gente dice, seguimos siendo hermanos. Te deseo un muy feliz cumplea\u00f1o<\/b>s\u201d, escribi\u00f3 Juan, haciendo un llamado a la conexi\u00f3n fraternal m\u00e1s all\u00e1 de los esc\u00e1ndalos que rodean al deportista.<b>\u00a0Sin embargo, la respuesta fue el silencio. Ni \u2018me gusta\u2019, ni comentario, ni repost<\/b>. El gesto result\u00f3 todav\u00eda m\u00e1s llamativo porque, a lo largo de la jornada, Mauro replic\u00f3 en sus historias los saludos y muestras de afecto de otras personas, pero ignor\u00f3 por completo el mensaje de su propio hermano.<\/p>\n<div class=\"inline ad-wrapper\">\n<div class=\"dfpAd ad-inline\"><\/div>\n<\/div>\n<p class=\"paragraph\" data-mrf-recirculation=\"Links inline\">El dato no pas\u00f3 inadvertido para los seguidores ni para los programas de espect\u00e1culos:\u00a0<b>Icardi celebr\u00f3 su cumplea\u00f1os en Turqu\u00eda, en compa\u00f1\u00eda \u00fanicamente de la China , lejos de sus hijas y de su pa\u00eds<\/b>, y con una notable ausencia tanto f\u00edsica como virtual de sus hermanos.\u00a0<b>La situaci\u00f3n se repiti\u00f3 hace pocos d\u00edas, cuando Juan celebr\u00f3 su casamiento y, nuevamente, la ausencia del jugador del Galatasaray<\/b>, tanto en lo presencial como en el universo digital, se hizo sentir. El futbolista, por elecci\u00f3n o por din\u00e1mica familiar, se mantiene distante de los acontecimientos importantes de sus hermanos.<\/p>\n<div class=\"news-module\" data-mrf-recirculation=\"IL_m3kiGo-8SVS6m0U7OqrZLw\" data-testid=\"text-html\" data-mrf-experience=\"IL_m3kiGo-8SVS6m0U7OqrZLw\">\n<div class=\"recommended-card__image-container\"><\/div>\n<\/div>\n<div class=\"visual__image\"><picture><source srcset=\"https:\/\/www.infobae.com\/resizer\/v2\/XP2QIYN5YVCBPNJOFXDWAOUH5Q.png?auth=ddcdc998bd1358aa12de77d7110740ce9b35aa1b35b3a785dd82829d3da92bea&amp;smart=true&amp;width=992&amp;height=474&amp;quality=85\" media=\"(min-width: 1000px)\" \/><source srcset=\"https:\/\/www.infobae.com\/resizer\/v2\/XP2QIYN5YVCBPNJOFXDWAOUH5Q.png?auth=ddcdc998bd1358aa12de77d7110740ce9b35aa1b35b3a785dd82829d3da92bea&amp;smart=true&amp;width=768&amp;height=367&amp;quality=85\" media=\"(min-width: 768px)\" \/><source srcset=\"https:\/\/www.infobae.com\/resizer\/v2\/XP2QIYN5YVCBPNJOFXDWAOUH5Q.png?auth=ddcdc998bd1358aa12de77d7110740ce9b35aa1b35b3a785dd82829d3da92bea&amp;smart=true&amp;width=577&amp;height=276&amp;quality=85\" media=\"(min-width: 580px)\" \/><source srcset=\"https:\/\/www.infobae.com\/resizer\/v2\/XP2QIYN5YVCBPNJOFXDWAOUH5Q.png?auth=ddcdc998bd1358aa12de77d7110740ce9b35aa1b35b3a785dd82829d3da92bea&amp;smart=true&amp;width=420&amp;height=201&amp;quality=85\" media=\"(min-width: 350px)\" \/><source srcset=\"https:\/\/www.infobae.com\/resizer\/v2\/XP2QIYN5YVCBPNJOFXDWAOUH5Q.png?auth=ddcdc998bd1358aa12de77d7110740ce9b35aa1b35b3a785dd82829d3da92bea&amp;smart=true&amp;width=350&amp;height=167&amp;quality=85\" media=\"(min-width: 80px)\" \/><img loading=\"lazy\" decoding=\"async\" class=\"global-image\" src=\"https:\/\/www.infobae.com\/resizer\/v2\/XP2QIYN5YVCBPNJOFXDWAOUH5Q.png?auth=ddcdc998bd1358aa12de77d7110740ce9b35aa1b35b3a785dd82829d3da92bea&amp;smart=true&amp;width=350&amp;height=167&amp;quality=85\" alt=\"El mensaje de Juan, el\" width=\"1407\" height=\"672\" \/><\/picture>El mensaje de Juan, el hermano de Mauro Icardi, que pas\u00f3 desapercibida por el delantero (Instagram)<\/div>\n<p class=\"paragraph\" data-mrf-recirculation=\"Links inline\"><b>Pero Juan no es el \u00fanico que experiment\u00f3 la ausencia de Mauro<\/b>. Guido, el otro hermano del delantero, tambi\u00e9n se refiri\u00f3 hace menos de una semana a la relaci\u00f3n con el jugador del Galatasaray. En una entrevista con\u00a0<i>Intrusos\u00a0<\/i>(Am\u00e9rica), Guido fue contundente al hablar del lazo que los une: \u201cLo conozco muy poco y creo que lo desconozco totalmente.<b>\u00a0Con mi hermano la relaci\u00f3n no cambi\u00f3 mucho a lo largo del tiempo<\/b>. Hemos compartido alguna Navidad, alg\u00fan cumplea\u00f1os, alguna vez que estaba en Suiza por un partido de Champions.\u00a0<b>Poca cosa m\u00e1s, no hemos hablado mucho<\/b>\u201d.<\/p>\n<div class=\"inline_2_DSK ad-wrapper ad-desktop\">\n<div class=\"dfpAd ad-inline\"><\/div>\n<\/div>\n<p class=\"paragraph\" data-mrf-recirculation=\"Links inline\">El testimonio de Guido aport\u00f3 una nueva capa de informaci\u00f3n sobre la historia familiar. \u201c<b>Tiene una personalidad muy fuerte, un car\u00e1cter muy fuerte\u2026<\/b>\u00a0una persona que cuando se le mete algo en la cabeza, quiere que las cosas sean a su modo.\u00a0<b>Siempre fue as\u00ed, no es que Wanda lo potenci\u00f3<\/b>\u201d, explic\u00f3, refiri\u00e9ndose a la influencia de la empresaria en la vida del futbolista, pero deslig\u00e1ndola del origen de su car\u00e1cter.<\/p>\n<div class=\"news-module\" data-mrf-recirculation=\"IL_wLyG9sjfRQKb8QO3fSLumw\" data-testid=\"text-html\" data-mrf-experience=\"IL_wLyG9sjfRQKb8QO3fSLumw\">\n<div class=\"recommended-card__image-container\"><\/div>\n<\/div>\n<p class=\"paragraph\" data-mrf-recirculation=\"Links inline\">La entrevista tambi\u00e9n dej\u00f3 al descubierto el trasfondo de una familia marcada por la distancia y la falta de v\u00ednculos s\u00f3lidos. \u201c<b>Nosotros nunca realmente fuimos una familia\u2026 siempre fuimos todos muy distantes. No era una familia unida<\/b>\u201d, reconoci\u00f3 Guido, quien atribuy\u00f3 parte de la desconexi\u00f3n a la vida de Mauro y las exigencias de su carrera. \u201c<b>Progresivamente se fue alejando por un tema que \u00e9l form\u00f3 la suya propia<\/b>\u201d.<\/p>\n<p class=\"paragraph\" data-mrf-recirculation=\"Links inline\">Mientras Icardi sigue alimentando la agenda del espect\u00e1culo con su vida sentimental y profesional, el costado menos visible de su historia vuelve a salir a la luz, recordando que, detr\u00e1s de los titulares y las fotos en Turqu\u00eda, hay una historia personal mucho m\u00e1s compleja y, por momentos, dolorosa. La inc\u00f3gnita sobre si habr\u00e1 una reconciliaci\u00f3n o si la distancia se profundizar\u00e1, sigue abierta, mientras los Icardi se reparten entre saludos p\u00fablicos, gestos de indiferencia y una convivencia medi\u00e1tica que parece no tener fin.<\/p>\n<div class=\"second-saved-buttons\">\n<div class=\"body-share-note\"><\/div>\n<\/div>\n","protected":false},"excerpt":{"rendered":"<p>En medio del tenso panorama medi\u00e1tico y el pasado cumplea\u00f1os del deportista, Juan Icardi sorprendi\u00f3 con unas sentidas palabras hacia el futbolista En el universo del espect\u00e1culo, las historias familiares muchas veces trascienden los titulares y dejan al descubierto la fragilidad de los v\u00ednculos fuera de c\u00e1mara. Esta semana, mientras el esc\u00e1ndalo entre\u00a0Mauro Icardi,\u00a0Wanda Nara\u00a0y [&hellip;]<\/p>\n","protected":false},"author":1,"featured_media":12683,"comment_status":"open","ping_status":"open","sticky":false,"template":"","format":"standard","meta":{"rop_custom_images_group":[],"rop_custom_messages_group":[],"rop_publish_now":"initial","rop_publish_now_accounts":[],"rop_publish_now_history":[],"rop_publish_now_status":"pending","footnotes":"","jetpack_publicize_message":"","jetpack_publicize_feature_enabled":true,"jetpack_social_post_already_shared":true,"jetpack_social_options":{"image_generator_settings":{"template":"highway","enabled":false},"version":2}},"categories":[12],"tags":[],"class_list":{"0":"post-12680","1":"post","2":"type-post","3":"status-publish","4":"format-standard","5":"has-post-thumbnail","7":"category-espectaculos"},"jetpack_publicize_connections":[],"yoast_head":"<!-- This site is optimized with the Yoast SEO plugin v27.3 - https:\/\/yoast.com\/product\/yoast-seo-wordpress\/ -->\n<title>El particular mensaje que escribi\u00f3 el hermano de Mauro Icardi en plena crisis familiar: \u201cA pesar de la distancia\u201d - CLAN ESPECTACULOS<\/title>\n<meta name=\"robots\" content=\"index, follow, max-snippet:-1, max-image-preview:large, max-video-preview:-1\" \/>\n<link rel=\"canonical\" href=\"https:\/\/radioclanfm.com\/clanespectaculos\/el-particular-mensaje-que-escribio-el-hermano-de-mauro-icardi-en-plena-crisis-familiar-a-pesar-de-la-distancia\/\" \/>\n<meta property=\"og:locale\" content=\"es_ES\" \/>\n<meta property=\"og:type\" content=\"article\" \/>\n<meta property=\"og:title\" content=\"El particular mensaje que escribi\u00f3 el hermano de Mauro Icardi en plena crisis familiar: \u201cA pesar de la distancia\u201d - CLAN ESPECTACULOS\" \/>\n<meta property=\"og:description\" content=\"En medio del tenso panorama medi\u00e1tico y el pasado cumplea\u00f1os del deportista, Juan Icardi sorprendi\u00f3 con unas sentidas palabras hacia el futbolista En el universo del espect\u00e1culo, las historias familiares muchas veces trascienden los titulares y dejan al descubierto la fragilidad de los v\u00ednculos fuera de c\u00e1mara. Esta semana, mientras el esc\u00e1ndalo entre\u00a0Mauro Icardi,\u00a0Wanda Nara\u00a0y [&hellip;]\" \/>\n<meta property=\"og:url\" content=\"https:\/\/radioclanfm.com\/clanespectaculos\/el-particular-mensaje-que-escribio-el-hermano-de-mauro-icardi-en-plena-crisis-familiar-a-pesar-de-la-distancia\/\" \/>\n<meta property=\"og:site_name\" content=\"CLAN ESPECTACULOS\" \/>\n<meta property=\"article:publisher\" content=\"https:\/\/www.facebook.com\/clanespectaculos\/\" \/>\n<meta property=\"article:published_time\" content=\"2026-02-24T01:45:48+00:00\" \/>\n<meta property=\"og:image\" content=\"https:\/\/radioclanfm.com\/clanespectaculos\/wp-content\/uploads\/sites\/2\/2026\/02\/kpoiqrfd.jpg\" \/>\n\t<meta property=\"og:image:width\" content=\"900\" \/>\n\t<meta property=\"og:image:height\" content=\"450\" \/>\n\t<meta property=\"og:image:type\" content=\"image\/jpeg\" \/>\n<meta name=\"author\" content=\"E-GRUPOCLAN\" \/>\n<meta name=\"twitter:card\" content=\"summary_large_image\" \/>\n<meta name=\"twitter:creator\" content=\"@clanespectok\" \/>\n<meta name=\"twitter:site\" content=\"@clanespectok\" \/>\n<meta name=\"twitter:label1\" content=\"Escrito por\" \/>\n\t<meta name=\"twitter:data1\" content=\"E-GRUPOCLAN\" \/>\n\t<meta name=\"twitter:label2\" content=\"Tiempo de lectura\" \/>\n\t<meta name=\"twitter:data2\" content=\"4 minutos\" \/>\n<script type=\"application\/ld+json\" class=\"yoast-schema-graph\">{\"@context\":\"https:\\\/\\\/schema.org\",\"@graph\":[{\"@type\":\"Article\",\"@id\":\"https:\\\/\\\/radioclanfm.com\\\/clanespectaculos\\\/el-particular-mensaje-que-escribio-el-hermano-de-mauro-icardi-en-plena-crisis-familiar-a-pesar-de-la-distancia\\\/#article\",\"isPartOf\":{\"@id\":\"https:\\\/\\\/radioclanfm.com\\\/clanespectaculos\\\/el-particular-mensaje-que-escribio-el-hermano-de-mauro-icardi-en-plena-crisis-familiar-a-pesar-de-la-distancia\\\/\"},\"author\":{\"name\":\"E-GRUPOCLAN\",\"@id\":\"https:\\\/\\\/radioclanfm.com\\\/clanespectaculos\\\/#\\\/schema\\\/person\\\/9734813083303230f3ad84d99171b20c\"},\"headline\":\"El particular mensaje que escribi\u00f3 el hermano de Mauro Icardi en plena crisis familiar: \u201cA pesar de la distancia\u201d\",\"datePublished\":\"2026-02-24T01:45:48+00:00\",\"mainEntityOfPage\":{\"@id\":\"https:\\\/\\\/radioclanfm.com\\\/clanespectaculos\\\/el-particular-mensaje-que-escribio-el-hermano-de-mauro-icardi-en-plena-crisis-familiar-a-pesar-de-la-distancia\\\/\"},\"wordCount\":754,\"commentCount\":0,\"publisher\":{\"@id\":\"https:\\\/\\\/radioclanfm.com\\\/clanespectaculos\\\/#organization\"},\"image\":{\"@id\":\"https:\\\/\\\/radioclanfm.com\\\/clanespectaculos\\\/el-particular-mensaje-que-escribio-el-hermano-de-mauro-icardi-en-plena-crisis-familiar-a-pesar-de-la-distancia\\\/#primaryimage\"},\"thumbnailUrl\":\"https:\\\/\\\/radioclanfm.com\\\/clanespectaculos\\\/wp-content\\\/uploads\\\/sites\\\/2\\\/2026\\\/02\\\/kpoiqrfd.jpg\",\"articleSection\":[\"Espectaculos\"],\"inLanguage\":\"es-AR\",\"potentialAction\":[{\"@type\":\"CommentAction\",\"name\":\"Comment\",\"target\":[\"https:\\\/\\\/radioclanfm.com\\\/clanespectaculos\\\/el-particular-mensaje-que-escribio-el-hermano-de-mauro-icardi-en-plena-crisis-familiar-a-pesar-de-la-distancia\\\/#respond\"]}]},{\"@type\":\"WebPage\",\"@id\":\"https:\\\/\\\/radioclanfm.com\\\/clanespectaculos\\\/el-particular-mensaje-que-escribio-el-hermano-de-mauro-icardi-en-plena-crisis-familiar-a-pesar-de-la-distancia\\\/\",\"url\":\"https:\\\/\\\/radioclanfm.com\\\/clanespectaculos\\\/el-particular-mensaje-que-escribio-el-hermano-de-mauro-icardi-en-plena-crisis-familiar-a-pesar-de-la-distancia\\\/\",\"name\":\"El particular mensaje que escribi\u00f3 el hermano de Mauro Icardi en plena crisis familiar: \u201cA pesar de la distancia\u201d - CLAN ESPECTACULOS\",\"isPartOf\":{\"@id\":\"https:\\\/\\\/radioclanfm.com\\\/clanespectaculos\\\/#website\"},\"primaryImageOfPage\":{\"@id\":\"https:\\\/\\\/radioclanfm.com\\\/clanespectaculos\\\/el-particular-mensaje-que-escribio-el-hermano-de-mauro-icardi-en-plena-crisis-familiar-a-pesar-de-la-distancia\\\/#primaryimage\"},\"image\":{\"@id\":\"https:\\\/\\\/radioclanfm.com\\\/clanespectaculos\\\/el-particular-mensaje-que-escribio-el-hermano-de-mauro-icardi-en-plena-crisis-familiar-a-pesar-de-la-distancia\\\/#primaryimage\"},\"thumbnailUrl\":\"https:\\\/\\\/radioclanfm.com\\\/clanespectaculos\\\/wp-content\\\/uploads\\\/sites\\\/2\\\/2026\\\/02\\\/kpoiqrfd.jpg\",\"datePublished\":\"2026-02-24T01:45:48+00:00\",\"breadcrumb\":{\"@id\":\"https:\\\/\\\/radioclanfm.com\\\/clanespectaculos\\\/el-particular-mensaje-que-escribio-el-hermano-de-mauro-icardi-en-plena-crisis-familiar-a-pesar-de-la-distancia\\\/#breadcrumb\"},\"inLanguage\":\"es-AR\",\"potentialAction\":[{\"@type\":\"ReadAction\",\"target\":[\"https:\\\/\\\/radioclanfm.com\\\/clanespectaculos\\\/el-particular-mensaje-que-escribio-el-hermano-de-mauro-icardi-en-plena-crisis-familiar-a-pesar-de-la-distancia\\\/\"]}]},{\"@type\":\"ImageObject\",\"inLanguage\":\"es-AR\",\"@id\":\"https:\\\/\\\/radioclanfm.com\\\/clanespectaculos\\\/el-particular-mensaje-que-escribio-el-hermano-de-mauro-icardi-en-plena-crisis-familiar-a-pesar-de-la-distancia\\\/#primaryimage\",\"url\":\"https:\\\/\\\/radioclanfm.com\\\/clanespectaculos\\\/wp-content\\\/uploads\\\/sites\\\/2\\\/2026\\\/02\\\/kpoiqrfd.jpg\",\"contentUrl\":\"https:\\\/\\\/radioclanfm.com\\\/clanespectaculos\\\/wp-content\\\/uploads\\\/sites\\\/2\\\/2026\\\/02\\\/kpoiqrfd.jpg\",\"width\":900,\"height\":450},{\"@type\":\"BreadcrumbList\",\"@id\":\"https:\\\/\\\/radioclanfm.com\\\/clanespectaculos\\\/el-particular-mensaje-que-escribio-el-hermano-de-mauro-icardi-en-plena-crisis-familiar-a-pesar-de-la-distancia\\\/#breadcrumb\",\"itemListElement\":[{\"@type\":\"ListItem\",\"position\":1,\"name\":\"Inicio\",\"item\":\"https:\\\/\\\/radioclanfm.com\\\/clanespectaculos\\\/\"},{\"@type\":\"ListItem\",\"position\":2,\"name\":\"El particular mensaje que escribi\u00f3 el hermano de Mauro Icardi en plena crisis familiar: \u201cA pesar de la distancia\u201d\"}]},{\"@type\":\"WebSite\",\"@id\":\"https:\\\/\\\/radioclanfm.com\\\/clanespectaculos\\\/#website\",\"url\":\"https:\\\/\\\/radioclanfm.com\\\/clanespectaculos\\\/\",\"name\":\"CLAN ESPECTACULOS\",\"description\":\"\",\"publisher\":{\"@id\":\"https:\\\/\\\/radioclanfm.com\\\/clanespectaculos\\\/#organization\"},\"potentialAction\":[{\"@type\":\"SearchAction\",\"target\":{\"@type\":\"EntryPoint\",\"urlTemplate\":\"https:\\\/\\\/radioclanfm.com\\\/clanespectaculos\\\/?s={search_term_string}\"},\"query-input\":{\"@type\":\"PropertyValueSpecification\",\"valueRequired\":true,\"valueName\":\"search_term_string\"}}],\"inLanguage\":\"es-AR\"},{\"@type\":\"Organization\",\"@id\":\"https:\\\/\\\/radioclanfm.com\\\/clanespectaculos\\\/#organization\",\"name\":\"CLAN ESPECTACULOS\",\"url\":\"https:\\\/\\\/radioclanfm.com\\\/clanespectaculos\\\/\",\"logo\":{\"@type\":\"ImageObject\",\"inLanguage\":\"es-AR\",\"@id\":\"https:\\\/\\\/radioclanfm.com\\\/clanespectaculos\\\/#\\\/schema\\\/logo\\\/image\\\/\",\"url\":\"https:\\\/\\\/radioclanfm.com\\\/clanespectaculos\\\/wp-content\\\/uploads\\\/sites\\\/2\\\/2026\\\/04\\\/ChatGPT-Image-23-mar-2026-10_09_00.png\",\"contentUrl\":\"https:\\\/\\\/radioclanfm.com\\\/clanespectaculos\\\/wp-content\\\/uploads\\\/sites\\\/2\\\/2026\\\/04\\\/ChatGPT-Image-23-mar-2026-10_09_00.png\",\"width\":1024,\"height\":1024,\"caption\":\"CLAN ESPECTACULOS\"},\"image\":{\"@id\":\"https:\\\/\\\/radioclanfm.com\\\/clanespectaculos\\\/#\\\/schema\\\/logo\\\/image\\\/\"},\"sameAs\":[\"https:\\\/\\\/www.facebook.com\\\/clanespectaculos\\\/\",\"https:\\\/\\\/x.com\\\/clanespectok\"]},{\"@type\":\"Person\",\"@id\":\"https:\\\/\\\/radioclanfm.com\\\/clanespectaculos\\\/#\\\/schema\\\/person\\\/9734813083303230f3ad84d99171b20c\",\"name\":\"E-GRUPOCLAN\",\"image\":{\"@type\":\"ImageObject\",\"inLanguage\":\"es-AR\",\"@id\":\"https:\\\/\\\/secure.gravatar.com\\\/avatar\\\/af6e19837c3d6a212034a48c7b3818d2ac1826f6025df0155da5a186ad321d79?s=96&d=mm&r=g\",\"url\":\"https:\\\/\\\/secure.gravatar.com\\\/avatar\\\/af6e19837c3d6a212034a48c7b3818d2ac1826f6025df0155da5a186ad321d79?s=96&d=mm&r=g\",\"contentUrl\":\"https:\\\/\\\/secure.gravatar.com\\\/avatar\\\/af6e19837c3d6a212034a48c7b3818d2ac1826f6025df0155da5a186ad321d79?s=96&d=mm&r=g\",\"caption\":\"E-GRUPOCLAN\"},\"sameAs\":[\"https:\\\/\\\/radioclanfm.com\"],\"url\":\"https:\\\/\\\/radioclanfm.com\\\/clanespectaculos\\\/author\\\/admin\\\/\"}]}<\/script>\n<!-- \/ Yoast SEO plugin. -->","yoast_head_json":{"title":"El particular mensaje que escribi\u00f3 el hermano de Mauro Icardi en plena crisis familiar: \u201cA pesar de la distancia\u201d - CLAN ESPECTACULOS","robots":{"index":"index","follow":"follow","max-snippet":"max-snippet:-1","max-image-preview":"max-image-preview:large","max-video-preview":"max-video-preview:-1"},"canonical":"https:\/\/radioclanfm.com\/clanespectaculos\/el-particular-mensaje-que-escribio-el-hermano-de-mauro-icardi-en-plena-crisis-familiar-a-pesar-de-la-distancia\/","og_locale":"es_ES","og_type":"article","og_title":"El particular mensaje que escribi\u00f3 el hermano de Mauro Icardi en plena crisis familiar: \u201cA pesar de la distancia\u201d - CLAN ESPECTACULOS","og_description":"En medio del tenso panorama medi\u00e1tico y el pasado cumplea\u00f1os del deportista, Juan Icardi sorprendi\u00f3 con unas sentidas palabras hacia el futbolista En el universo del espect\u00e1culo, las historias familiares muchas veces trascienden los titulares y dejan al descubierto la fragilidad de los v\u00ednculos fuera de c\u00e1mara. Esta semana, mientras el esc\u00e1ndalo entre\u00a0Mauro Icardi,\u00a0Wanda Nara\u00a0y [&hellip;]","og_url":"https:\/\/radioclanfm.com\/clanespectaculos\/el-particular-mensaje-que-escribio-el-hermano-de-mauro-icardi-en-plena-crisis-familiar-a-pesar-de-la-distancia\/","og_site_name":"CLAN ESPECTACULOS","article_publisher":"https:\/\/www.facebook.com\/clanespectaculos\/","article_published_time":"2026-02-24T01:45:48+00:00","og_image":[{"width":900,"height":450,"url":"https:\/\/radioclanfm.com\/clanespectaculos\/wp-content\/uploads\/sites\/2\/2026\/02\/kpoiqrfd.jpg","type":"image\/jpeg"}],"author":"E-GRUPOCLAN","twitter_card":"summary_large_image","twitter_creator":"@clanespectok","twitter_site":"@clanespectok","twitter_misc":{"Escrito por":"E-GRUPOCLAN","Tiempo de lectura":"4 minutos"},"schema":{"@context":"https:\/\/schema.org","@graph":[{"@type":"Article","@id":"https:\/\/radioclanfm.com\/clanespectaculos\/el-particular-mensaje-que-escribio-el-hermano-de-mauro-icardi-en-plena-crisis-familiar-a-pesar-de-la-distancia\/#article","isPartOf":{"@id":"https:\/\/radioclanfm.com\/clanespectaculos\/el-particular-mensaje-que-escribio-el-hermano-de-mauro-icardi-en-plena-crisis-familiar-a-pesar-de-la-distancia\/"},"author":{"name":"E-GRUPOCLAN","@id":"https:\/\/radioclanfm.com\/clanespectaculos\/#\/schema\/person\/9734813083303230f3ad84d99171b20c"},"headline":"El particular mensaje que escribi\u00f3 el hermano de Mauro Icardi en plena crisis familiar: \u201cA pesar de la distancia\u201d","datePublished":"2026-02-24T01:45:48+00:00","mainEntityOfPage":{"@id":"https:\/\/radioclanfm.com\/clanespectaculos\/el-particular-mensaje-que-escribio-el-hermano-de-mauro-icardi-en-plena-crisis-familiar-a-pesar-de-la-distancia\/"},"wordCount":754,"commentCount":0,"publisher":{"@id":"https:\/\/radioclanfm.com\/clanespectaculos\/#organization"},"image":{"@id":"https:\/\/radioclanfm.com\/clanespectaculos\/el-particular-mensaje-que-escribio-el-hermano-de-mauro-icardi-en-plena-crisis-familiar-a-pesar-de-la-distancia\/#primaryimage"},"thumbnailUrl":"https:\/\/radioclanfm.com\/clanespectaculos\/wp-content\/uploads\/sites\/2\/2026\/02\/kpoiqrfd.jpg","articleSection":["Espectaculos"],"inLanguage":"es-AR","potentialAction":[{"@type":"CommentAction","name":"Comment","target":["https:\/\/radioclanfm.com\/clanespectaculos\/el-particular-mensaje-que-escribio-el-hermano-de-mauro-icardi-en-plena-crisis-familiar-a-pesar-de-la-distancia\/#respond"]}]},{"@type":"WebPage","@id":"https:\/\/radioclanfm.com\/clanespectaculos\/el-particular-mensaje-que-escribio-el-hermano-de-mauro-icardi-en-plena-crisis-familiar-a-pesar-de-la-distancia\/","url":"https:\/\/radioclanfm.com\/clanespectaculos\/el-particular-mensaje-que-escribio-el-hermano-de-mauro-icardi-en-plena-crisis-familiar-a-pesar-de-la-distancia\/","name":"El particular mensaje que escribi\u00f3 el hermano de Mauro Icardi en plena crisis familiar: \u201cA pesar de la distancia\u201d - CLAN ESPECTACULOS","isPartOf":{"@id":"https:\/\/radioclanfm.com\/clanespectaculos\/#website"},"primaryImageOfPage":{"@id":"https:\/\/radioclanfm.com\/clanespectaculos\/el-particular-mensaje-que-escribio-el-hermano-de-mauro-icardi-en-plena-crisis-familiar-a-pesar-de-la-distancia\/#primaryimage"},"image":{"@id":"https:\/\/radioclanfm.com\/clanespectaculos\/el-particular-mensaje-que-escribio-el-hermano-de-mauro-icardi-en-plena-crisis-familiar-a-pesar-de-la-distancia\/#primaryimage"},"thumbnailUrl":"https:\/\/radioclanfm.com\/clanespectaculos\/wp-content\/uploads\/sites\/2\/2026\/02\/kpoiqrfd.jpg","datePublished":"2026-02-24T01:45:48+00:00","breadcrumb":{"@id":"https:\/\/radioclanfm.com\/clanespectaculos\/el-particular-mensaje-que-escribio-el-hermano-de-mauro-icardi-en-plena-crisis-familiar-a-pesar-de-la-distancia\/#breadcrumb"},"inLanguage":"es-AR","potentialAction":[{"@type":"ReadAction","target":["https:\/\/radioclanfm.com\/clanespectaculos\/el-particular-mensaje-que-escribio-el-hermano-de-mauro-icardi-en-plena-crisis-familiar-a-pesar-de-la-distancia\/"]}]},{"@type":"ImageObject","inLanguage":"es-AR","@id":"https:\/\/radioclanfm.com\/clanespectaculos\/el-particular-mensaje-que-escribio-el-hermano-de-mauro-icardi-en-plena-crisis-familiar-a-pesar-de-la-distancia\/#primaryimage","url":"https:\/\/radioclanfm.com\/clanespectaculos\/wp-content\/uploads\/sites\/2\/2026\/02\/kpoiqrfd.jpg","contentUrl":"https:\/\/radioclanfm.com\/clanespectaculos\/wp-content\/uploads\/sites\/2\/2026\/02\/kpoiqrfd.jpg","width":900,"height":450},{"@type":"BreadcrumbList","@id":"https:\/\/radioclanfm.com\/clanespectaculos\/el-particular-mensaje-que-escribio-el-hermano-de-mauro-icardi-en-plena-crisis-familiar-a-pesar-de-la-distancia\/#breadcrumb","itemListElement":[{"@type":"ListItem","position":1,"name":"Inicio","item":"https:\/\/radioclanfm.com\/clanespectaculos\/"},{"@type":"ListItem","position":2,"name":"El particular mensaje que escribi\u00f3 el hermano de Mauro Icardi en plena crisis familiar: \u201cA pesar de la distancia\u201d"}]},{"@type":"WebSite","@id":"https:\/\/radioclanfm.com\/clanespectaculos\/#website","url":"https:\/\/radioclanfm.com\/clanespectaculos\/","name":"CLAN ESPECTACULOS","description":"","publisher":{"@id":"https:\/\/radioclanfm.com\/clanespectaculos\/#organization"},"potentialAction":[{"@type":"SearchAction","target":{"@type":"EntryPoint","urlTemplate":"https:\/\/radioclanfm.com\/clanespectaculos\/?s={search_term_string}"},"query-input":{"@type":"PropertyValueSpecification","valueRequired":true,"valueName":"search_term_string"}}],"inLanguage":"es-AR"},{"@type":"Organization","@id":"https:\/\/radioclanfm.com\/clanespectaculos\/#organization","name":"CLAN ESPECTACULOS","url":"https:\/\/radioclanfm.com\/clanespectaculos\/","logo":{"@type":"ImageObject","inLanguage":"es-AR","@id":"https:\/\/radioclanfm.com\/clanespectaculos\/#\/schema\/logo\/image\/","url":"https:\/\/radioclanfm.com\/clanespectaculos\/wp-content\/uploads\/sites\/2\/2026\/04\/ChatGPT-Image-23-mar-2026-10_09_00.png","contentUrl":"https:\/\/radioclanfm.com\/clanespectaculos\/wp-content\/uploads\/sites\/2\/2026\/04\/ChatGPT-Image-23-mar-2026-10_09_00.png","width":1024,"height":1024,"caption":"CLAN ESPECTACULOS"},"image":{"@id":"https:\/\/radioclanfm.com\/clanespectaculos\/#\/schema\/logo\/image\/"},"sameAs":["https:\/\/www.facebook.com\/clanespectaculos\/","https:\/\/x.com\/clanespectok"]},{"@type":"Person","@id":"https:\/\/radioclanfm.com\/clanespectaculos\/#\/schema\/person\/9734813083303230f3ad84d99171b20c","name":"E-GRUPOCLAN","image":{"@type":"ImageObject","inLanguage":"es-AR","@id":"https:\/\/secure.gravatar.com\/avatar\/af6e19837c3d6a212034a48c7b3818d2ac1826f6025df0155da5a186ad321d79?s=96&d=mm&r=g","url":"https:\/\/secure.gravatar.com\/avatar\/af6e19837c3d6a212034a48c7b3818d2ac1826f6025df0155da5a186ad321d79?s=96&d=mm&r=g","contentUrl":"https:\/\/secure.gravatar.com\/avatar\/af6e19837c3d6a212034a48c7b3818d2ac1826f6025df0155da5a186ad321d79?s=96&d=mm&r=g","caption":"E-GRUPOCLAN"},"sameAs":["https:\/\/radioclanfm.com"],"url":"https:\/\/radioclanfm.com\/clanespectaculos\/author\/admin\/"}]}},"_links":{"self":[{"href":"https:\/\/radioclanfm.com\/clanespectaculos\/wp-json\/wp\/v2\/posts\/12680","targetHints":{"allow":["GET"]}}],"collection":[{"href":"https:\/\/radioclanfm.com\/clanespectaculos\/wp-json\/wp\/v2\/posts"}],"about":[{"href":"https:\/\/radioclanfm.com\/clanespectaculos\/wp-json\/wp\/v2\/types\/post"}],"author":[{"embeddable":true,"href":"https:\/\/radioclanfm.com\/clanespectaculos\/wp-json\/wp\/v2\/users\/1"}],"replies":[{"embeddable":true,"href":"https:\/\/radioclanfm.com\/clanespectaculos\/wp-json\/wp\/v2\/comments?post=12680"}],"version-history":[{"count":1,"href":"https:\/\/radioclanfm.com\/clanespectaculos\/wp-json\/wp\/v2\/posts\/12680\/revisions"}],"predecessor-version":[{"id":12684,"href":"https:\/\/radioclanfm.com\/clanespectaculos\/wp-json\/wp\/v2\/posts\/12680\/revisions\/12684"}],"wp:featuredmedia":[{"embeddable":true,"href":"https:\/\/radioclanfm.com\/clanespectaculos\/wp-json\/wp\/v2\/media\/12683"}],"wp:attachment":[{"href":"https:\/\/radioclanfm.com\/clanespectaculos\/wp-json\/wp\/v2\/media?parent=12680"}],"wp:term":[{"taxonomy":"category","embeddable":true,"href":"https:\/\/radioclanfm.com\/clanespectaculos\/wp-json\/wp\/v2\/categories?post=12680"},{"taxonomy":"post_tag","embeddable":true,"href":"https:\/\/radioclanfm.com\/clanespectaculos\/wp-json\/wp\/v2\/tags?post=12680"}],"curies":[{"name":"wp","href":"https:\/\/api.w.org\/{rel}","templated":true}]}}