{"id":12675,"date":"2026-02-23T22:44:07","date_gmt":"2026-02-24T01:44:07","guid":{"rendered":"https:\/\/radioclanfm.com\/clanespectaculos\/?p=12675"},"modified":"2026-02-23T22:44:07","modified_gmt":"2026-02-24T01:44:07","slug":"jimena-monteverde-le-envio-un-mensaje-a-mirtha-legrand-por-su-cumpleanos-y-preparo-los-tres-platos-favoritos-de-la-chiqui","status":"publish","type":"post","link":"https:\/\/radioclanfm.com\/clanespectaculos\/jimena-monteverde-le-envio-un-mensaje-a-mirtha-legrand-por-su-cumpleanos-y-preparo-los-tres-platos-favoritos-de-la-chiqui\/","title":{"rendered":"Jimena Monteverde le envi\u00f3 un mensaje a Mirtha Legrand por su cumplea\u00f1os y prepar\u00f3 los tres platos favoritos de La Chiqui"},"content":{"rendered":"<p class=\"paragraph\" data-mrf-recirculation=\"Links inline\">Las c\u00e1maras encendidas de\u00a0<b>La Cocina Rebelde (El Trece)<\/b>\u00a0dieron comienzo a una emisi\u00f3n especial con motivo del\u00a0<b>cumplea\u00f1os 99 de\u00a0<\/b><b>Mirtha Legrand<\/b>, figura central de la televisi\u00f3n argentina.\u00a0<b>Jimena Monteverde<\/b>\u00a0dedic\u00f3 el programa a quien llama su madrina, preparando tres de los platos favoritos de la anfitriona. Estuvo acompa\u00f1ada por colegas y colaboradores en una jornada marcada por la complicidad forjada a lo largo de los a\u00f1os.<\/p>\n<div class=\"news-module\" data-mrf-recirculation=\"IL_GBLs3HYWRq2RgU4Qz8MM1Q\" data-testid=\"text-html\" data-mrf-experience=\"IL_GBLs3HYWRq2RgU4Qz8MM1Q\">\n<div class=\"recommended-card__image-container\"><\/div>\n<\/div>\n<p class=\"paragraph\" data-mrf-recirculation=\"Links inline\">La celebraci\u00f3n se inici\u00f3 alrededor de una gigantograf\u00eda de\u00a0<b>Mirtha Legrand<\/b>, junto al equipo habitual. \u201cMirtha, te adoro con todo mi coraz\u00f3n. El momento m\u00e1s lindo que viv\u00ed fue este viernes, cuando grabamos, la verdad, eh, muy feliz. Me vuelvo a emocionar\u201d, expres\u00f3\u00a0<b>Jimena Monteverde<\/b>\u00a0durante la transmisi\u00f3n, seg\u00fan se escuch\u00f3 en\u00a0<i>La Cocina Rebelde<\/i>.<\/p>\n<div class=\"inline ad-wrapper\">\n<div class=\"dfpAd ad-inline\"><\/div>\n<\/div>\n<p class=\"paragraph\" data-mrf-recirculation=\"Links inline\">Monteverde resalt\u00f3 el motivo del homenaje:\u00a0<b>\u201cHoy cumple 99 a\u00f1os la se\u00f1ora n\u00famero uno de este pa\u00eds\u2026 y del mundo\u201d<\/b>, dijo. La cocinera enfatiz\u00f3 el car\u00e1cter \u00fanico de la trayectoria de quien apod\u00f3 \u201cla Chiqui\u201d, en un ambiente de entusiasmo y emoci\u00f3n compartida entre todo el equipo.<\/p>\n<div class=\"news-module\" data-mrf-recirculation=\"IL_m3kiGo-8SVS6m0U7OqrZLw\" data-testid=\"text-html\" data-mrf-experience=\"IL_m3kiGo-8SVS6m0U7OqrZLw\">\n<div class=\"recommended-card__image-container\"><\/div>\n<\/div>\n<p class=\"paragraph\" data-mrf-recirculation=\"Links inline\"><b>\u201cQue tengas el mejor cumplea\u00f1os. As\u00ed que hoy te vamos a hacer homenaje ac\u00e1, en la Cocina Rebelde. Vamos a tener todas las comidas que la Chiqui es fan\u00e1tica\u201d<\/b>, afirm\u00f3 la cocinera, reafirmando su admiraci\u00f3n y el deseo de alargar el tributo en el estudio y m\u00e1s all\u00e1.<\/p>\n<div class=\"visual__image\"><picture><source srcset=\"https:\/\/www.infobae.com\/resizer\/v2\/NAUDUOYO5NHFXKVTUFH6QDOAE4.jpg?auth=8ebb7df3e2bf527af36e44a82d0d2546f314feb8115d38e4aa7ec8dc4fc4dd58&amp;smart=true&amp;width=992&amp;height=558&amp;quality=85\" media=\"(min-width: 1000px)\" \/><source srcset=\"https:\/\/www.infobae.com\/resizer\/v2\/NAUDUOYO5NHFXKVTUFH6QDOAE4.jpg?auth=8ebb7df3e2bf527af36e44a82d0d2546f314feb8115d38e4aa7ec8dc4fc4dd58&amp;smart=true&amp;width=768&amp;height=432&amp;quality=85\" media=\"(min-width: 768px)\" \/><source srcset=\"https:\/\/www.infobae.com\/resizer\/v2\/NAUDUOYO5NHFXKVTUFH6QDOAE4.jpg?auth=8ebb7df3e2bf527af36e44a82d0d2546f314feb8115d38e4aa7ec8dc4fc4dd58&amp;smart=true&amp;width=577&amp;height=325&amp;quality=85\" media=\"(min-width: 580px)\" \/><source srcset=\"https:\/\/www.infobae.com\/resizer\/v2\/NAUDUOYO5NHFXKVTUFH6QDOAE4.jpg?auth=8ebb7df3e2bf527af36e44a82d0d2546f314feb8115d38e4aa7ec8dc4fc4dd58&amp;smart=true&amp;width=420&amp;height=236&amp;quality=85\" media=\"(min-width: 350px)\" \/><source srcset=\"https:\/\/www.infobae.com\/resizer\/v2\/NAUDUOYO5NHFXKVTUFH6QDOAE4.jpg?auth=8ebb7df3e2bf527af36e44a82d0d2546f314feb8115d38e4aa7ec8dc4fc4dd58&amp;smart=true&amp;width=350&amp;height=197&amp;quality=85\" media=\"(min-width: 80px)\" \/><img loading=\"lazy\" decoding=\"async\" class=\"global-image\" src=\"https:\/\/www.infobae.com\/resizer\/v2\/NAUDUOYO5NHFXKVTUFH6QDOAE4.jpg?auth=8ebb7df3e2bf527af36e44a82d0d2546f314feb8115d38e4aa7ec8dc4fc4dd58&amp;smart=true&amp;width=350&amp;height=197&amp;quality=85\" alt=\"Jimena Monteverde en La Cocina\" width=\"1920\" height=\"1080\" \/><\/picture>Jimena Monteverde en La Cocina Rebelde<\/div>\n<h2 class=\"header headline-class-h2 headline\">Las recetas favoritas de Mirtha<\/h2>\n<div class=\"inline_2_DSK ad-wrapper ad-desktop\">\n<div class=\"dfpAd ad-inline\"><\/div>\n<\/div>\n<p class=\"paragraph\" data-mrf-recirculation=\"Links inline\">El homenaje incluy\u00f3 tres\u00a0<b>recetas emblem\u00e1ticas<\/b>\u00a0elegidas especialmente para la ocasi\u00f3n. Seg\u00fan detall\u00f3\u00a0<i>La Cocina Rebelde<\/i>, el men\u00fa ofreci\u00f3\u00a0<b>\u00f1oquis a la romana con salsa rosa\u00a0<\/b>preparados por\u00a0<b>Coco Carre\u00f1o<\/b>;\u00a0<b>bu\u00f1uelos dulces de manzana y banana con caramelo y salados de espinaca y albahaca,\u00a0<\/b>elaborados por\u00a0<b>Mariana Corbetta<\/b>; y el cl\u00e1sico\u00a0<b>lemon pie<\/b>\u00a0con merengue, a cargo de la propia\u00a0<b>Jimena Monteverde<\/b>.<\/p>\n<div class=\"news-module\" data-mrf-recirculation=\"IL_wLyG9sjfRQKb8QO3fSLumw\" data-testid=\"text-html\" data-mrf-experience=\"IL_wLyG9sjfRQKb8QO3fSLumw\">\n<div class=\"recommended-card__image-container\"><\/div>\n<\/div>\n<p class=\"paragraph\" data-mrf-recirculation=\"Links inline\">Monteverde destac\u00f3 que \u201ctodo lo que tenga merengue\u201d figura entre los gustos constantes de\u00a0<b>Mirtha<\/b>, y se mostr\u00f3 satisfecha de poder homenajearla con su postre favorito. La propuesta gastron\u00f3mica simboliz\u00f3 el afecto a la conductora y fue el eje de la jornada, con la participaci\u00f3n de todo el equipo.<\/p>\n<p class=\"paragraph\" data-mrf-recirculation=\"Links inline\">La degustaci\u00f3n finaliz\u00f3 con un gesto familiar. \u201cDespu\u00e9s soplamos la velita\u2026 y la podemos llevar despu\u00e9s, para que lo coma en la casa\u201d, coment\u00f3\u00a0<b>Coco Carre\u00f1o<\/b>\u00a0aludiendo al clima cercano y distendido que se vivi\u00f3 en el festejo.<\/p>\n<div class=\"visual__image\"><picture><source srcset=\"https:\/\/www.infobae.com\/resizer\/v2\/Y2V7VURWI5FHXKNF7M2FMUOYXA.jpeg?auth=ecd75c56e52e177dc6c935d45055ae83c1bbca1f89b7f85b25c07f1f230f4468&amp;smart=true&amp;width=992&amp;height=558&amp;quality=85\" media=\"(min-width: 1000px)\" \/><source srcset=\"https:\/\/www.infobae.com\/resizer\/v2\/Y2V7VURWI5FHXKNF7M2FMUOYXA.jpeg?auth=ecd75c56e52e177dc6c935d45055ae83c1bbca1f89b7f85b25c07f1f230f4468&amp;smart=true&amp;width=768&amp;height=432&amp;quality=85\" media=\"(min-width: 768px)\" \/><source srcset=\"https:\/\/www.infobae.com\/resizer\/v2\/Y2V7VURWI5FHXKNF7M2FMUOYXA.jpeg?auth=ecd75c56e52e177dc6c935d45055ae83c1bbca1f89b7f85b25c07f1f230f4468&amp;smart=true&amp;width=577&amp;height=325&amp;quality=85\" media=\"(min-width: 580px)\" \/><source srcset=\"https:\/\/www.infobae.com\/resizer\/v2\/Y2V7VURWI5FHXKNF7M2FMUOYXA.jpeg?auth=ecd75c56e52e177dc6c935d45055ae83c1bbca1f89b7f85b25c07f1f230f4468&amp;smart=true&amp;width=420&amp;height=236&amp;quality=85\" media=\"(min-width: 350px)\" \/><source srcset=\"https:\/\/www.infobae.com\/resizer\/v2\/Y2V7VURWI5FHXKNF7M2FMUOYXA.jpeg?auth=ecd75c56e52e177dc6c935d45055ae83c1bbca1f89b7f85b25c07f1f230f4468&amp;smart=true&amp;width=350&amp;height=197&amp;quality=85\" media=\"(min-width: 80px)\" \/><img loading=\"lazy\" decoding=\"async\" class=\"global-image\" src=\"https:\/\/www.infobae.com\/resizer\/v2\/Y2V7VURWI5FHXKNF7M2FMUOYXA.jpeg?auth=ecd75c56e52e177dc6c935d45055ae83c1bbca1f89b7f85b25c07f1f230f4468&amp;smart=true&amp;width=350&amp;height=197&amp;quality=85\" alt=\"El impactante look de Mirtha\" width=\"1200\" height=\"675\" \/><\/picture>El impactante look de Mirtha Legrand que caus\u00f3 furor en su programa<\/div>\n<h2 class=\"header headline-class-h2 headline\">El reencuentro y la emoci\u00f3n en el programa de Mirtha<\/h2>\n<p class=\"paragraph\" data-mrf-recirculation=\"Links inline\">El s\u00e1bado anterior,\u00a0el reencuentro entre\u00a0<b>Jimena Monteverde<\/b>\u00a0y\u00a0<b>Mirtha Legrand<\/b>\u00a0marc\u00f3 un momento destacado en \u201cla mesa de la Chiqui\u201d. Tras varias semanas de rumores por la ausencia de la cocinera, ambas compartieron el set junto a invitados como Diego Sehinkman, Mart\u00edn Campilongo, Dalia Gutmann y Jorge As\u00eds.<\/p>\n<p class=\"paragraph\" data-mrf-recirculation=\"Links inline\">La transmisi\u00f3n mostr\u00f3 la conmoci\u00f3n de las protagonistas. \u201cFue tan escandaloso todo lo que han dicho\u201d, expres\u00f3\u00a0<b>Mirtha Legrand<\/b>\u00a0al recibir a la cocinera con visible emoci\u00f3n, lamentando los rumores surgidos por la reciente ausencia de\u00a0<b>Monteverde<\/b>. La cocinera, con l\u00e1grimas en los ojos, respondi\u00f3: \u201cPara m\u00ed es un orgullo estar en esta mesa, y estoy feliz de estar con vos, que est\u00e9s tan linda, tan bien y tan maravillosa. Tus palabras no las dice cualquiera en este medio. Solamente la n\u00famero uno se juega por su equipo\u201d.<\/p>\n<p class=\"paragraph\" data-mrf-recirculation=\"Links inline\">La conductora pregunt\u00f3: \u201c\u00bfNo me extra\u00f1\u00e1s?\u201d, reflejando la cercan\u00eda entre ambas.\u00a0<b>Monteverde<\/b> reconoci\u00f3: \u201cS\u00ed, me cansa, pero lo disfruto mucho realmente\u201d. Sobre el futuro, la cocinera reafirm\u00f3 su compromiso: su participaci\u00f3n seguir\u00e1.<\/p>\n<div class=\"jwplayer-ctn\">\n<div>\n<div id=\"TSN6LACCRNHDBFDX3F6SPLFQDU-custom_embed15\" class=\"jwplayer jw-reset jw-state-idle jw-stretch-uniform jw-flag-aspect-mode jw-floating-dismissible jw-keep-thumbnail jw-flag-user-inactive jw-flag-cast-available jw-breakpoint-5\" tabindex=\"0\" role=\"application\" aria-label=\"Video Player - As\u00ed fue el reencuentro de Jimena Monteverde y Mirtha Legrand\" aria-describedby=\"jw-TSN6LACCRNHDBFDX3F6SPLFQDU-custom_embed15-shortcuts-tooltip-explanation\" data-compass-listening=\"true\">\n<div class=\"jw-wrapper jw-reset\">\n<div class=\"jw-controls jw-reset\">\n<div class=\"jw-controlbar jw-reset\">\n<div class=\"jw-reset jw-button-container\">\n<div class=\"jw-icon jw-icon-inline jw-button-color jw-reset jw-icon-cast\" tabindex=\"0\" role=\"button\" aria-label=\"Chromecast\"><\/div>\n<\/div>\n<\/div>\n<\/div>\n<\/div>\n<\/div>\n<\/div>\n<p>La Chiqui recibi\u00f3 a la cocinera en su programa y protagoniz\u00f3 un emotivo momento<\/p><\/div>\n<h2 class=\"header headline-class-h2 headline\">Una complicidad televisiva<\/h2>\n<p class=\"paragraph\" data-mrf-recirculation=\"Links inline\">La alianza entre\u00a0<b>Jimena Monteverde<\/b>\u00a0y\u00a0<b>Mirtha Legrand<\/b>\u00a0est\u00e1 sostenida por la admiraci\u00f3n y el profesionalismo compartido. La ausencia de la cocinera se supli\u00f3 con mensajes grabados, preservando la presencia gastron\u00f3mica y el clima habitual, aunque sin reemplazar la cercan\u00eda presencial de la dupla.<\/p>\n<p class=\"paragraph\" data-mrf-recirculation=\"Links inline\">Ning\u00fan recurso t\u00e9cnico reemplaz\u00f3 la qu\u00edmica que caracteriza a ambas. Los reencuentros en vivo devolvieron la espontaneidad al espacio y reafirmaron el v\u00ednculo.<\/p>\n<p class=\"paragraph\" data-mrf-recirculation=\"Links inline\">La promesa de continuidad por parte de\u00a0<b>Jimena Monteverde<\/b>\u00a0refuerza el esp\u00edritu de celebraci\u00f3n y amistad que defini\u00f3 un cumplea\u00f1os inolvidable en el coraz\u00f3n de la televisi\u00f3n argentina.<\/p>\n<div class=\"second-saved-buttons\">\n<div class=\"body-share-note\"><\/div>\n<\/div>\n","protected":false},"excerpt":{"rendered":"<p>Las c\u00e1maras encendidas de\u00a0La Cocina Rebelde (El Trece)\u00a0dieron comienzo a una emisi\u00f3n especial con motivo del\u00a0cumplea\u00f1os 99 de\u00a0Mirtha Legrand, figura central de la televisi\u00f3n argentina.\u00a0Jimena Monteverde\u00a0dedic\u00f3 el programa a quien llama su madrina, preparando tres de los platos favoritos de la anfitriona. Estuvo acompa\u00f1ada por colegas y colaboradores en una jornada marcada por la complicidad [&hellip;]<\/p>\n","protected":false},"author":1,"featured_media":12678,"comment_status":"open","ping_status":"open","sticky":false,"template":"","format":"standard","meta":{"rop_custom_images_group":[],"rop_custom_messages_group":[],"rop_publish_now":"initial","rop_publish_now_accounts":[],"rop_publish_now_history":[],"rop_publish_now_status":"pending","footnotes":"","jetpack_publicize_message":"","jetpack_publicize_feature_enabled":true,"jetpack_social_post_already_shared":true,"jetpack_social_options":{"image_generator_settings":{"template":"highway","enabled":false},"version":2}},"categories":[12],"tags":[],"class_list":{"0":"post-12675","1":"post","2":"type-post","3":"status-publish","4":"format-standard","5":"has-post-thumbnail","7":"category-espectaculos"},"jetpack_publicize_connections":[],"yoast_head":"<!-- This site is optimized with the Yoast SEO plugin v27.3 - https:\/\/yoast.com\/product\/yoast-seo-wordpress\/ -->\n<title>Jimena Monteverde le envi\u00f3 un mensaje a Mirtha Legrand por su cumplea\u00f1os y prepar\u00f3 los tres platos favoritos de La Chiqui - CLAN ESPECTACULOS<\/title>\n<meta name=\"robots\" content=\"index, follow, max-snippet:-1, max-image-preview:large, max-video-preview:-1\" \/>\n<link rel=\"canonical\" href=\"https:\/\/radioclanfm.com\/clanespectaculos\/jimena-monteverde-le-envio-un-mensaje-a-mirtha-legrand-por-su-cumpleanos-y-preparo-los-tres-platos-favoritos-de-la-chiqui\/\" \/>\n<meta property=\"og:locale\" content=\"es_ES\" \/>\n<meta property=\"og:type\" content=\"article\" \/>\n<meta property=\"og:title\" content=\"Jimena Monteverde le envi\u00f3 un mensaje a Mirtha Legrand por su cumplea\u00f1os y prepar\u00f3 los tres platos favoritos de La Chiqui - CLAN ESPECTACULOS\" \/>\n<meta property=\"og:description\" content=\"Las c\u00e1maras encendidas de\u00a0La Cocina Rebelde (El Trece)\u00a0dieron comienzo a una emisi\u00f3n especial con motivo del\u00a0cumplea\u00f1os 99 de\u00a0Mirtha Legrand, figura central de la televisi\u00f3n argentina.\u00a0Jimena Monteverde\u00a0dedic\u00f3 el programa a quien llama su madrina, preparando tres de los platos favoritos de la anfitriona. Estuvo acompa\u00f1ada por colegas y colaboradores en una jornada marcada por la complicidad [&hellip;]\" \/>\n<meta property=\"og:url\" content=\"https:\/\/radioclanfm.com\/clanespectaculos\/jimena-monteverde-le-envio-un-mensaje-a-mirtha-legrand-por-su-cumpleanos-y-preparo-los-tres-platos-favoritos-de-la-chiqui\/\" \/>\n<meta property=\"og:site_name\" content=\"CLAN ESPECTACULOS\" \/>\n<meta property=\"article:publisher\" content=\"https:\/\/www.facebook.com\/clanespectaculos\/\" \/>\n<meta property=\"article:published_time\" content=\"2026-02-24T01:44:07+00:00\" \/>\n<meta property=\"og:image\" content=\"https:\/\/radioclanfm.com\/clanespectaculos\/wp-content\/uploads\/sites\/2\/2026\/02\/Lg0NUFOF.jpg\" \/>\n\t<meta property=\"og:image:width\" content=\"900\" \/>\n\t<meta property=\"og:image:height\" content=\"450\" \/>\n\t<meta property=\"og:image:type\" content=\"image\/jpeg\" \/>\n<meta name=\"author\" content=\"E-GRUPOCLAN\" \/>\n<meta name=\"twitter:card\" content=\"summary_large_image\" \/>\n<meta name=\"twitter:creator\" content=\"@clanespectok\" \/>\n<meta name=\"twitter:site\" content=\"@clanespectok\" \/>\n<meta name=\"twitter:label1\" content=\"Escrito por\" \/>\n\t<meta name=\"twitter:data1\" content=\"E-GRUPOCLAN\" \/>\n\t<meta name=\"twitter:label2\" content=\"Tiempo de lectura\" \/>\n\t<meta name=\"twitter:data2\" content=\"4 minutos\" \/>\n<script type=\"application\/ld+json\" class=\"yoast-schema-graph\">{\"@context\":\"https:\\\/\\\/schema.org\",\"@graph\":[{\"@type\":\"Article\",\"@id\":\"https:\\\/\\\/radioclanfm.com\\\/clanespectaculos\\\/jimena-monteverde-le-envio-un-mensaje-a-mirtha-legrand-por-su-cumpleanos-y-preparo-los-tres-platos-favoritos-de-la-chiqui\\\/#article\",\"isPartOf\":{\"@id\":\"https:\\\/\\\/radioclanfm.com\\\/clanespectaculos\\\/jimena-monteverde-le-envio-un-mensaje-a-mirtha-legrand-por-su-cumpleanos-y-preparo-los-tres-platos-favoritos-de-la-chiqui\\\/\"},\"author\":{\"name\":\"E-GRUPOCLAN\",\"@id\":\"https:\\\/\\\/radioclanfm.com\\\/clanespectaculos\\\/#\\\/schema\\\/person\\\/9734813083303230f3ad84d99171b20c\"},\"headline\":\"Jimena Monteverde le envi\u00f3 un mensaje a Mirtha Legrand por su cumplea\u00f1os y prepar\u00f3 los tres platos favoritos de La Chiqui\",\"datePublished\":\"2026-02-24T01:44:07+00:00\",\"mainEntityOfPage\":{\"@id\":\"https:\\\/\\\/radioclanfm.com\\\/clanespectaculos\\\/jimena-monteverde-le-envio-un-mensaje-a-mirtha-legrand-por-su-cumpleanos-y-preparo-los-tres-platos-favoritos-de-la-chiqui\\\/\"},\"wordCount\":760,\"commentCount\":0,\"publisher\":{\"@id\":\"https:\\\/\\\/radioclanfm.com\\\/clanespectaculos\\\/#organization\"},\"image\":{\"@id\":\"https:\\\/\\\/radioclanfm.com\\\/clanespectaculos\\\/jimena-monteverde-le-envio-un-mensaje-a-mirtha-legrand-por-su-cumpleanos-y-preparo-los-tres-platos-favoritos-de-la-chiqui\\\/#primaryimage\"},\"thumbnailUrl\":\"https:\\\/\\\/radioclanfm.com\\\/clanespectaculos\\\/wp-content\\\/uploads\\\/sites\\\/2\\\/2026\\\/02\\\/Lg0NUFOF.jpg\",\"articleSection\":[\"Espectaculos\"],\"inLanguage\":\"es-AR\",\"potentialAction\":[{\"@type\":\"CommentAction\",\"name\":\"Comment\",\"target\":[\"https:\\\/\\\/radioclanfm.com\\\/clanespectaculos\\\/jimena-monteverde-le-envio-un-mensaje-a-mirtha-legrand-por-su-cumpleanos-y-preparo-los-tres-platos-favoritos-de-la-chiqui\\\/#respond\"]}]},{\"@type\":\"WebPage\",\"@id\":\"https:\\\/\\\/radioclanfm.com\\\/clanespectaculos\\\/jimena-monteverde-le-envio-un-mensaje-a-mirtha-legrand-por-su-cumpleanos-y-preparo-los-tres-platos-favoritos-de-la-chiqui\\\/\",\"url\":\"https:\\\/\\\/radioclanfm.com\\\/clanespectaculos\\\/jimena-monteverde-le-envio-un-mensaje-a-mirtha-legrand-por-su-cumpleanos-y-preparo-los-tres-platos-favoritos-de-la-chiqui\\\/\",\"name\":\"Jimena Monteverde le envi\u00f3 un mensaje a Mirtha Legrand por su cumplea\u00f1os y prepar\u00f3 los tres platos favoritos de La Chiqui - CLAN ESPECTACULOS\",\"isPartOf\":{\"@id\":\"https:\\\/\\\/radioclanfm.com\\\/clanespectaculos\\\/#website\"},\"primaryImageOfPage\":{\"@id\":\"https:\\\/\\\/radioclanfm.com\\\/clanespectaculos\\\/jimena-monteverde-le-envio-un-mensaje-a-mirtha-legrand-por-su-cumpleanos-y-preparo-los-tres-platos-favoritos-de-la-chiqui\\\/#primaryimage\"},\"image\":{\"@id\":\"https:\\\/\\\/radioclanfm.com\\\/clanespectaculos\\\/jimena-monteverde-le-envio-un-mensaje-a-mirtha-legrand-por-su-cumpleanos-y-preparo-los-tres-platos-favoritos-de-la-chiqui\\\/#primaryimage\"},\"thumbnailUrl\":\"https:\\\/\\\/radioclanfm.com\\\/clanespectaculos\\\/wp-content\\\/uploads\\\/sites\\\/2\\\/2026\\\/02\\\/Lg0NUFOF.jpg\",\"datePublished\":\"2026-02-24T01:44:07+00:00\",\"breadcrumb\":{\"@id\":\"https:\\\/\\\/radioclanfm.com\\\/clanespectaculos\\\/jimena-monteverde-le-envio-un-mensaje-a-mirtha-legrand-por-su-cumpleanos-y-preparo-los-tres-platos-favoritos-de-la-chiqui\\\/#breadcrumb\"},\"inLanguage\":\"es-AR\",\"potentialAction\":[{\"@type\":\"ReadAction\",\"target\":[\"https:\\\/\\\/radioclanfm.com\\\/clanespectaculos\\\/jimena-monteverde-le-envio-un-mensaje-a-mirtha-legrand-por-su-cumpleanos-y-preparo-los-tres-platos-favoritos-de-la-chiqui\\\/\"]}]},{\"@type\":\"ImageObject\",\"inLanguage\":\"es-AR\",\"@id\":\"https:\\\/\\\/radioclanfm.com\\\/clanespectaculos\\\/jimena-monteverde-le-envio-un-mensaje-a-mirtha-legrand-por-su-cumpleanos-y-preparo-los-tres-platos-favoritos-de-la-chiqui\\\/#primaryimage\",\"url\":\"https:\\\/\\\/radioclanfm.com\\\/clanespectaculos\\\/wp-content\\\/uploads\\\/sites\\\/2\\\/2026\\\/02\\\/Lg0NUFOF.jpg\",\"contentUrl\":\"https:\\\/\\\/radioclanfm.com\\\/clanespectaculos\\\/wp-content\\\/uploads\\\/sites\\\/2\\\/2026\\\/02\\\/Lg0NUFOF.jpg\",\"width\":900,\"height\":450},{\"@type\":\"BreadcrumbList\",\"@id\":\"https:\\\/\\\/radioclanfm.com\\\/clanespectaculos\\\/jimena-monteverde-le-envio-un-mensaje-a-mirtha-legrand-por-su-cumpleanos-y-preparo-los-tres-platos-favoritos-de-la-chiqui\\\/#breadcrumb\",\"itemListElement\":[{\"@type\":\"ListItem\",\"position\":1,\"name\":\"Inicio\",\"item\":\"https:\\\/\\\/radioclanfm.com\\\/clanespectaculos\\\/\"},{\"@type\":\"ListItem\",\"position\":2,\"name\":\"Jimena Monteverde le envi\u00f3 un mensaje a Mirtha Legrand por su cumplea\u00f1os y prepar\u00f3 los tres platos favoritos de La Chiqui\"}]},{\"@type\":\"WebSite\",\"@id\":\"https:\\\/\\\/radioclanfm.com\\\/clanespectaculos\\\/#website\",\"url\":\"https:\\\/\\\/radioclanfm.com\\\/clanespectaculos\\\/\",\"name\":\"CLAN ESPECTACULOS\",\"description\":\"\",\"publisher\":{\"@id\":\"https:\\\/\\\/radioclanfm.com\\\/clanespectaculos\\\/#organization\"},\"potentialAction\":[{\"@type\":\"SearchAction\",\"target\":{\"@type\":\"EntryPoint\",\"urlTemplate\":\"https:\\\/\\\/radioclanfm.com\\\/clanespectaculos\\\/?s={search_term_string}\"},\"query-input\":{\"@type\":\"PropertyValueSpecification\",\"valueRequired\":true,\"valueName\":\"search_term_string\"}}],\"inLanguage\":\"es-AR\"},{\"@type\":\"Organization\",\"@id\":\"https:\\\/\\\/radioclanfm.com\\\/clanespectaculos\\\/#organization\",\"name\":\"CLAN ESPECTACULOS\",\"url\":\"https:\\\/\\\/radioclanfm.com\\\/clanespectaculos\\\/\",\"logo\":{\"@type\":\"ImageObject\",\"inLanguage\":\"es-AR\",\"@id\":\"https:\\\/\\\/radioclanfm.com\\\/clanespectaculos\\\/#\\\/schema\\\/logo\\\/image\\\/\",\"url\":\"https:\\\/\\\/radioclanfm.com\\\/clanespectaculos\\\/wp-content\\\/uploads\\\/sites\\\/2\\\/2026\\\/04\\\/ChatGPT-Image-23-mar-2026-10_09_00.png\",\"contentUrl\":\"https:\\\/\\\/radioclanfm.com\\\/clanespectaculos\\\/wp-content\\\/uploads\\\/sites\\\/2\\\/2026\\\/04\\\/ChatGPT-Image-23-mar-2026-10_09_00.png\",\"width\":1024,\"height\":1024,\"caption\":\"CLAN ESPECTACULOS\"},\"image\":{\"@id\":\"https:\\\/\\\/radioclanfm.com\\\/clanespectaculos\\\/#\\\/schema\\\/logo\\\/image\\\/\"},\"sameAs\":[\"https:\\\/\\\/www.facebook.com\\\/clanespectaculos\\\/\",\"https:\\\/\\\/x.com\\\/clanespectok\"]},{\"@type\":\"Person\",\"@id\":\"https:\\\/\\\/radioclanfm.com\\\/clanespectaculos\\\/#\\\/schema\\\/person\\\/9734813083303230f3ad84d99171b20c\",\"name\":\"E-GRUPOCLAN\",\"image\":{\"@type\":\"ImageObject\",\"inLanguage\":\"es-AR\",\"@id\":\"https:\\\/\\\/secure.gravatar.com\\\/avatar\\\/af6e19837c3d6a212034a48c7b3818d2ac1826f6025df0155da5a186ad321d79?s=96&d=mm&r=g\",\"url\":\"https:\\\/\\\/secure.gravatar.com\\\/avatar\\\/af6e19837c3d6a212034a48c7b3818d2ac1826f6025df0155da5a186ad321d79?s=96&d=mm&r=g\",\"contentUrl\":\"https:\\\/\\\/secure.gravatar.com\\\/avatar\\\/af6e19837c3d6a212034a48c7b3818d2ac1826f6025df0155da5a186ad321d79?s=96&d=mm&r=g\",\"caption\":\"E-GRUPOCLAN\"},\"sameAs\":[\"https:\\\/\\\/radioclanfm.com\"],\"url\":\"https:\\\/\\\/radioclanfm.com\\\/clanespectaculos\\\/author\\\/admin\\\/\"}]}<\/script>\n<!-- \/ Yoast SEO plugin. -->","yoast_head_json":{"title":"Jimena Monteverde le envi\u00f3 un mensaje a Mirtha Legrand por su cumplea\u00f1os y prepar\u00f3 los tres platos favoritos de La Chiqui - CLAN ESPECTACULOS","robots":{"index":"index","follow":"follow","max-snippet":"max-snippet:-1","max-image-preview":"max-image-preview:large","max-video-preview":"max-video-preview:-1"},"canonical":"https:\/\/radioclanfm.com\/clanespectaculos\/jimena-monteverde-le-envio-un-mensaje-a-mirtha-legrand-por-su-cumpleanos-y-preparo-los-tres-platos-favoritos-de-la-chiqui\/","og_locale":"es_ES","og_type":"article","og_title":"Jimena Monteverde le envi\u00f3 un mensaje a Mirtha Legrand por su cumplea\u00f1os y prepar\u00f3 los tres platos favoritos de La Chiqui - CLAN ESPECTACULOS","og_description":"Las c\u00e1maras encendidas de\u00a0La Cocina Rebelde (El Trece)\u00a0dieron comienzo a una emisi\u00f3n especial con motivo del\u00a0cumplea\u00f1os 99 de\u00a0Mirtha Legrand, figura central de la televisi\u00f3n argentina.\u00a0Jimena Monteverde\u00a0dedic\u00f3 el programa a quien llama su madrina, preparando tres de los platos favoritos de la anfitriona. Estuvo acompa\u00f1ada por colegas y colaboradores en una jornada marcada por la complicidad [&hellip;]","og_url":"https:\/\/radioclanfm.com\/clanespectaculos\/jimena-monteverde-le-envio-un-mensaje-a-mirtha-legrand-por-su-cumpleanos-y-preparo-los-tres-platos-favoritos-de-la-chiqui\/","og_site_name":"CLAN ESPECTACULOS","article_publisher":"https:\/\/www.facebook.com\/clanespectaculos\/","article_published_time":"2026-02-24T01:44:07+00:00","og_image":[{"width":900,"height":450,"url":"https:\/\/radioclanfm.com\/clanespectaculos\/wp-content\/uploads\/sites\/2\/2026\/02\/Lg0NUFOF.jpg","type":"image\/jpeg"}],"author":"E-GRUPOCLAN","twitter_card":"summary_large_image","twitter_creator":"@clanespectok","twitter_site":"@clanespectok","twitter_misc":{"Escrito por":"E-GRUPOCLAN","Tiempo de lectura":"4 minutos"},"schema":{"@context":"https:\/\/schema.org","@graph":[{"@type":"Article","@id":"https:\/\/radioclanfm.com\/clanespectaculos\/jimena-monteverde-le-envio-un-mensaje-a-mirtha-legrand-por-su-cumpleanos-y-preparo-los-tres-platos-favoritos-de-la-chiqui\/#article","isPartOf":{"@id":"https:\/\/radioclanfm.com\/clanespectaculos\/jimena-monteverde-le-envio-un-mensaje-a-mirtha-legrand-por-su-cumpleanos-y-preparo-los-tres-platos-favoritos-de-la-chiqui\/"},"author":{"name":"E-GRUPOCLAN","@id":"https:\/\/radioclanfm.com\/clanespectaculos\/#\/schema\/person\/9734813083303230f3ad84d99171b20c"},"headline":"Jimena Monteverde le envi\u00f3 un mensaje a Mirtha Legrand por su cumplea\u00f1os y prepar\u00f3 los tres platos favoritos de La Chiqui","datePublished":"2026-02-24T01:44:07+00:00","mainEntityOfPage":{"@id":"https:\/\/radioclanfm.com\/clanespectaculos\/jimena-monteverde-le-envio-un-mensaje-a-mirtha-legrand-por-su-cumpleanos-y-preparo-los-tres-platos-favoritos-de-la-chiqui\/"},"wordCount":760,"commentCount":0,"publisher":{"@id":"https:\/\/radioclanfm.com\/clanespectaculos\/#organization"},"image":{"@id":"https:\/\/radioclanfm.com\/clanespectaculos\/jimena-monteverde-le-envio-un-mensaje-a-mirtha-legrand-por-su-cumpleanos-y-preparo-los-tres-platos-favoritos-de-la-chiqui\/#primaryimage"},"thumbnailUrl":"https:\/\/radioclanfm.com\/clanespectaculos\/wp-content\/uploads\/sites\/2\/2026\/02\/Lg0NUFOF.jpg","articleSection":["Espectaculos"],"inLanguage":"es-AR","potentialAction":[{"@type":"CommentAction","name":"Comment","target":["https:\/\/radioclanfm.com\/clanespectaculos\/jimena-monteverde-le-envio-un-mensaje-a-mirtha-legrand-por-su-cumpleanos-y-preparo-los-tres-platos-favoritos-de-la-chiqui\/#respond"]}]},{"@type":"WebPage","@id":"https:\/\/radioclanfm.com\/clanespectaculos\/jimena-monteverde-le-envio-un-mensaje-a-mirtha-legrand-por-su-cumpleanos-y-preparo-los-tres-platos-favoritos-de-la-chiqui\/","url":"https:\/\/radioclanfm.com\/clanespectaculos\/jimena-monteverde-le-envio-un-mensaje-a-mirtha-legrand-por-su-cumpleanos-y-preparo-los-tres-platos-favoritos-de-la-chiqui\/","name":"Jimena Monteverde le envi\u00f3 un mensaje a Mirtha Legrand por su cumplea\u00f1os y prepar\u00f3 los tres platos favoritos de La Chiqui - CLAN ESPECTACULOS","isPartOf":{"@id":"https:\/\/radioclanfm.com\/clanespectaculos\/#website"},"primaryImageOfPage":{"@id":"https:\/\/radioclanfm.com\/clanespectaculos\/jimena-monteverde-le-envio-un-mensaje-a-mirtha-legrand-por-su-cumpleanos-y-preparo-los-tres-platos-favoritos-de-la-chiqui\/#primaryimage"},"image":{"@id":"https:\/\/radioclanfm.com\/clanespectaculos\/jimena-monteverde-le-envio-un-mensaje-a-mirtha-legrand-por-su-cumpleanos-y-preparo-los-tres-platos-favoritos-de-la-chiqui\/#primaryimage"},"thumbnailUrl":"https:\/\/radioclanfm.com\/clanespectaculos\/wp-content\/uploads\/sites\/2\/2026\/02\/Lg0NUFOF.jpg","datePublished":"2026-02-24T01:44:07+00:00","breadcrumb":{"@id":"https:\/\/radioclanfm.com\/clanespectaculos\/jimena-monteverde-le-envio-un-mensaje-a-mirtha-legrand-por-su-cumpleanos-y-preparo-los-tres-platos-favoritos-de-la-chiqui\/#breadcrumb"},"inLanguage":"es-AR","potentialAction":[{"@type":"ReadAction","target":["https:\/\/radioclanfm.com\/clanespectaculos\/jimena-monteverde-le-envio-un-mensaje-a-mirtha-legrand-por-su-cumpleanos-y-preparo-los-tres-platos-favoritos-de-la-chiqui\/"]}]},{"@type":"ImageObject","inLanguage":"es-AR","@id":"https:\/\/radioclanfm.com\/clanespectaculos\/jimena-monteverde-le-envio-un-mensaje-a-mirtha-legrand-por-su-cumpleanos-y-preparo-los-tres-platos-favoritos-de-la-chiqui\/#primaryimage","url":"https:\/\/radioclanfm.com\/clanespectaculos\/wp-content\/uploads\/sites\/2\/2026\/02\/Lg0NUFOF.jpg","contentUrl":"https:\/\/radioclanfm.com\/clanespectaculos\/wp-content\/uploads\/sites\/2\/2026\/02\/Lg0NUFOF.jpg","width":900,"height":450},{"@type":"BreadcrumbList","@id":"https:\/\/radioclanfm.com\/clanespectaculos\/jimena-monteverde-le-envio-un-mensaje-a-mirtha-legrand-por-su-cumpleanos-y-preparo-los-tres-platos-favoritos-de-la-chiqui\/#breadcrumb","itemListElement":[{"@type":"ListItem","position":1,"name":"Inicio","item":"https:\/\/radioclanfm.com\/clanespectaculos\/"},{"@type":"ListItem","position":2,"name":"Jimena Monteverde le envi\u00f3 un mensaje a Mirtha Legrand por su cumplea\u00f1os y prepar\u00f3 los tres platos favoritos de La Chiqui"}]},{"@type":"WebSite","@id":"https:\/\/radioclanfm.com\/clanespectaculos\/#website","url":"https:\/\/radioclanfm.com\/clanespectaculos\/","name":"CLAN ESPECTACULOS","description":"","publisher":{"@id":"https:\/\/radioclanfm.com\/clanespectaculos\/#organization"},"potentialAction":[{"@type":"SearchAction","target":{"@type":"EntryPoint","urlTemplate":"https:\/\/radioclanfm.com\/clanespectaculos\/?s={search_term_string}"},"query-input":{"@type":"PropertyValueSpecification","valueRequired":true,"valueName":"search_term_string"}}],"inLanguage":"es-AR"},{"@type":"Organization","@id":"https:\/\/radioclanfm.com\/clanespectaculos\/#organization","name":"CLAN ESPECTACULOS","url":"https:\/\/radioclanfm.com\/clanespectaculos\/","logo":{"@type":"ImageObject","inLanguage":"es-AR","@id":"https:\/\/radioclanfm.com\/clanespectaculos\/#\/schema\/logo\/image\/","url":"https:\/\/radioclanfm.com\/clanespectaculos\/wp-content\/uploads\/sites\/2\/2026\/04\/ChatGPT-Image-23-mar-2026-10_09_00.png","contentUrl":"https:\/\/radioclanfm.com\/clanespectaculos\/wp-content\/uploads\/sites\/2\/2026\/04\/ChatGPT-Image-23-mar-2026-10_09_00.png","width":1024,"height":1024,"caption":"CLAN ESPECTACULOS"},"image":{"@id":"https:\/\/radioclanfm.com\/clanespectaculos\/#\/schema\/logo\/image\/"},"sameAs":["https:\/\/www.facebook.com\/clanespectaculos\/","https:\/\/x.com\/clanespectok"]},{"@type":"Person","@id":"https:\/\/radioclanfm.com\/clanespectaculos\/#\/schema\/person\/9734813083303230f3ad84d99171b20c","name":"E-GRUPOCLAN","image":{"@type":"ImageObject","inLanguage":"es-AR","@id":"https:\/\/secure.gravatar.com\/avatar\/af6e19837c3d6a212034a48c7b3818d2ac1826f6025df0155da5a186ad321d79?s=96&d=mm&r=g","url":"https:\/\/secure.gravatar.com\/avatar\/af6e19837c3d6a212034a48c7b3818d2ac1826f6025df0155da5a186ad321d79?s=96&d=mm&r=g","contentUrl":"https:\/\/secure.gravatar.com\/avatar\/af6e19837c3d6a212034a48c7b3818d2ac1826f6025df0155da5a186ad321d79?s=96&d=mm&r=g","caption":"E-GRUPOCLAN"},"sameAs":["https:\/\/radioclanfm.com"],"url":"https:\/\/radioclanfm.com\/clanespectaculos\/author\/admin\/"}]}},"_links":{"self":[{"href":"https:\/\/radioclanfm.com\/clanespectaculos\/wp-json\/wp\/v2\/posts\/12675","targetHints":{"allow":["GET"]}}],"collection":[{"href":"https:\/\/radioclanfm.com\/clanespectaculos\/wp-json\/wp\/v2\/posts"}],"about":[{"href":"https:\/\/radioclanfm.com\/clanespectaculos\/wp-json\/wp\/v2\/types\/post"}],"author":[{"embeddable":true,"href":"https:\/\/radioclanfm.com\/clanespectaculos\/wp-json\/wp\/v2\/users\/1"}],"replies":[{"embeddable":true,"href":"https:\/\/radioclanfm.com\/clanespectaculos\/wp-json\/wp\/v2\/comments?post=12675"}],"version-history":[{"count":1,"href":"https:\/\/radioclanfm.com\/clanespectaculos\/wp-json\/wp\/v2\/posts\/12675\/revisions"}],"predecessor-version":[{"id":12679,"href":"https:\/\/radioclanfm.com\/clanespectaculos\/wp-json\/wp\/v2\/posts\/12675\/revisions\/12679"}],"wp:featuredmedia":[{"embeddable":true,"href":"https:\/\/radioclanfm.com\/clanespectaculos\/wp-json\/wp\/v2\/media\/12678"}],"wp:attachment":[{"href":"https:\/\/radioclanfm.com\/clanespectaculos\/wp-json\/wp\/v2\/media?parent=12675"}],"wp:term":[{"taxonomy":"category","embeddable":true,"href":"https:\/\/radioclanfm.com\/clanespectaculos\/wp-json\/wp\/v2\/categories?post=12675"},{"taxonomy":"post_tag","embeddable":true,"href":"https:\/\/radioclanfm.com\/clanespectaculos\/wp-json\/wp\/v2\/tags?post=12675"}],"curies":[{"name":"wp","href":"https:\/\/api.w.org\/{rel}","templated":true}]}}