{"id":12665,"date":"2026-02-23T22:40:32","date_gmt":"2026-02-24T01:40:32","guid":{"rendered":"https:\/\/radioclanfm.com\/clanespectaculos\/?p=12665"},"modified":"2026-02-23T22:40:32","modified_gmt":"2026-02-24T01:40:32","slug":"adabel-guerrero-revelo-detalles-de-como-es-el-vinculo-de-la-china-suarez-con-los-padres-de-sus-hijos-madraza","status":"publish","type":"post","link":"https:\/\/radioclanfm.com\/clanespectaculos\/adabel-guerrero-revelo-detalles-de-como-es-el-vinculo-de-la-china-suarez-con-los-padres-de-sus-hijos-madraza\/","title":{"rendered":"Adabel Guerrero revel\u00f3 detalles de c\u00f3mo es el v\u00ednculo de la China Su\u00e1rez con los padres de sus hijos: \u201cMadraza\u201d"},"content":{"rendered":"<p>En una entrevista televisiva, la artista resalt\u00f3 la organizaci\u00f3n y la colaboraci\u00f3n que mantiene la actriz junto a Nicol\u00e1s Cabr\u00e9 y Benjam\u00edn Vicu\u00f1a en la crianza y el cuidado de los menores durante las grabaciones<\/p>\n<p class=\"paragraph\" data-mrf-recirculation=\"Links inline\">En medio de las pol\u00e9micas que suelen rodear a\u00a0<b>la China Su\u00e1rez<\/b>, una voz inesperada aport\u00f3 una mirada diferente. Fue\u00a0<b>Adabel Guerrero<\/b>, quien comparti\u00f3 largas jornadas de grabaci\u00f3n con la actriz en la serie\u00a0<i>En el Barro 2<\/i>\u00a0y decidi\u00f3 contar qu\u00e9 escuch\u00f3 puertas adentro sobre la din\u00e1mica familiar con los padres de sus hijos. Invitada a\u00a0<i>Puro Show<\/i>\u00a0(Eltrece), la bailarina sorprendi\u00f3 al hablar sin vueltas sobre el tema. Lejos de alimentar versiones escandalosas, destac\u00f3 la organizaci\u00f3n y el respeto que, seg\u00fan ella, existe entre la actriz y sus exparejas,\u00a0<b>Nicol\u00e1s Cabr\u00e9<\/b>\u00a0y\u00a0<b>Benjam\u00edn Vicu\u00f1a<\/b>, padres de Rufina, Magnolia y Amancio.<\/p>\n<div class=\"news-module\" data-mrf-recirculation=\"IL_GBLs3HYWRq2RgU4Qz8MM1Q\" data-testid=\"text-html\" data-mrf-experience=\"IL_GBLs3HYWRq2RgU4Qz8MM1Q\">\n<div class=\"recommended-card__image-container\"><\/div>\n<\/div>\n<p class=\"paragraph\" data-mrf-recirculation=\"Links inline\">Guerrero explic\u00f3 que el v\u00ednculo con la China se fortaleci\u00f3 durante el rodaje, donde compart\u00edan hasta doce horas diarias.<b>\u00a0\u201cA partir de que nos conocimos, la empec\u00e9 a ver en todo lo que pude porque uno aprende mir\u00e1ndola a ella y a otras compa\u00f1eras\u201d<\/b>, se\u00f1al\u00f3. M\u00e1s all\u00e1 del trabajo actoral, hubo un tema que las uni\u00f3 especialmente: la maternidad. Adabel, mam\u00e1 de Lola, se interes\u00f3 por la log\u00edstica que implica criar hijos mientras se enfrenta a jornadas extenuantes de grabaci\u00f3n.\u00a0<b>\u201cLo que s\u00ed hablamos en las grabaciones fue acerca de la maternidad. A m\u00ed me interesaba mucho saber c\u00f3mo hac\u00eda ella con los chicos, grabando tantas horas\u201d<\/b>, revel\u00f3.<\/p>\n<div class=\"visual__image\"><picture><source srcset=\"https:\/\/www.infobae.com\/resizer\/v2\/ZSF4EFUDSNGQFFCDFZVGN5EAKY.jpg?auth=9fdcd4ffdc9fb7f79e3e62009b5f3c87881e35ec5a831a83ff654edafb41df53&amp;smart=true&amp;width=992&amp;height=558&amp;quality=85\" media=\"(min-width: 1000px)\" \/><source srcset=\"https:\/\/www.infobae.com\/resizer\/v2\/ZSF4EFUDSNGQFFCDFZVGN5EAKY.jpg?auth=9fdcd4ffdc9fb7f79e3e62009b5f3c87881e35ec5a831a83ff654edafb41df53&amp;smart=true&amp;width=768&amp;height=432&amp;quality=85\" media=\"(min-width: 768px)\" \/><source srcset=\"https:\/\/www.infobae.com\/resizer\/v2\/ZSF4EFUDSNGQFFCDFZVGN5EAKY.jpg?auth=9fdcd4ffdc9fb7f79e3e62009b5f3c87881e35ec5a831a83ff654edafb41df53&amp;smart=true&amp;width=577&amp;height=325&amp;quality=85\" media=\"(min-width: 580px)\" \/><source srcset=\"https:\/\/www.infobae.com\/resizer\/v2\/ZSF4EFUDSNGQFFCDFZVGN5EAKY.jpg?auth=9fdcd4ffdc9fb7f79e3e62009b5f3c87881e35ec5a831a83ff654edafb41df53&amp;smart=true&amp;width=420&amp;height=236&amp;quality=85\" media=\"(min-width: 350px)\" \/><source srcset=\"https:\/\/www.infobae.com\/resizer\/v2\/ZSF4EFUDSNGQFFCDFZVGN5EAKY.jpg?auth=9fdcd4ffdc9fb7f79e3e62009b5f3c87881e35ec5a831a83ff654edafb41df53&amp;smart=true&amp;width=350&amp;height=197&amp;quality=85\" media=\"(min-width: 80px)\" \/><img loading=\"lazy\" decoding=\"async\" class=\"global-image\" src=\"https:\/\/www.infobae.com\/resizer\/v2\/ZSF4EFUDSNGQFFCDFZVGN5EAKY.jpg?auth=9fdcd4ffdc9fb7f79e3e62009b5f3c87881e35ec5a831a83ff654edafb41df53&amp;smart=true&amp;width=350&amp;height=197&amp;quality=85\" alt=\"La bailarina destac\u00f3 la presencia\" width=\"1920\" height=\"1080\" \/><\/picture>La bailarina destac\u00f3 la presencia y compromiso de los padres de los hijos de la China Su\u00e1rez en la vida diaria de los ni\u00f1os<\/div>\n<div class=\"inline ad-wrapper\">\n<div class=\"dfpAd ad-inline\"><\/div>\n<\/div>\n<p class=\"paragraph\" data-mrf-recirculation=\"Links inline\">Fue entonces cuando lanz\u00f3 la frase que gener\u00f3 repercusi\u00f3n: \u201cElla tiene gente que la ayuda, por supuesto, tiene a la mam\u00e1.\u00a0<b>Y siempre me habl\u00f3 muy bien de los pap\u00e1s de los chicos, que siempre estaban presentes y se hac\u00edan cargo, se organizaban bien cuando hab\u00eda que viajar<\/b>\u201d. Sus palabras contrastan con las versiones medi\u00e1ticas que suelen instalar tensiones entre la actriz y sus exparejas.<\/p>\n<div class=\"news-module\" data-mrf-recirculation=\"IL_m3kiGo-8SVS6m0U7OqrZLw\" data-testid=\"text-html\" data-mrf-experience=\"IL_m3kiGo-8SVS6m0U7OqrZLw\">\n<div class=\"recommended-card__image-container\"><\/div>\n<\/div>\n<p class=\"paragraph\" data-mrf-recirculation=\"Links inline\">Uno de los puntos que m\u00e1s llam\u00f3 la atenci\u00f3n fue la referencia a la coordinaci\u00f3n cuando hay compromisos laborales en el exterior. En los \u00faltimos a\u00f1os, la ex\u00a0<i>Casi \u00c1ngeles\u00a0<\/i>viaj\u00f3 en reiteradas oportunidades (incluida su estad\u00eda en Turqu\u00eda) y eso implic\u00f3 acuerdos con Cabr\u00e9 y Vicu\u00f1a para organizar la rutina de los chicos. Guerrero remarc\u00f3 que la int\u00e9rprete mantiene un contacto permanente con sus hijos aun cuando est\u00e1 trabajando.<b>\u00a0\u201cSiempre me pareci\u00f3 muy madraza la China, pero muy madraza. Todo el d\u00eda haciendo videollamada con los chicos\u201d<\/b>, afirm\u00f3.<\/p>\n<div class=\"visual__image\"><picture><source srcset=\"https:\/\/www.infobae.com\/resizer\/v2\/ZQF6WT3XY5AQ7JIJBKKGZIP3DQ.jpg?auth=f2c2b6284eb35346a7ef168b8926d3c6457548e10a708f927e300f4015b01dd1&amp;smart=true&amp;width=992&amp;height=558&amp;quality=85\" media=\"(min-width: 1000px)\" \/><source srcset=\"https:\/\/www.infobae.com\/resizer\/v2\/ZQF6WT3XY5AQ7JIJBKKGZIP3DQ.jpg?auth=f2c2b6284eb35346a7ef168b8926d3c6457548e10a708f927e300f4015b01dd1&amp;smart=true&amp;width=768&amp;height=432&amp;quality=85\" media=\"(min-width: 768px)\" \/><source srcset=\"https:\/\/www.infobae.com\/resizer\/v2\/ZQF6WT3XY5AQ7JIJBKKGZIP3DQ.jpg?auth=f2c2b6284eb35346a7ef168b8926d3c6457548e10a708f927e300f4015b01dd1&amp;smart=true&amp;width=577&amp;height=325&amp;quality=85\" media=\"(min-width: 580px)\" \/><source srcset=\"https:\/\/www.infobae.com\/resizer\/v2\/ZQF6WT3XY5AQ7JIJBKKGZIP3DQ.jpg?auth=f2c2b6284eb35346a7ef168b8926d3c6457548e10a708f927e300f4015b01dd1&amp;smart=true&amp;width=420&amp;height=236&amp;quality=85\" media=\"(min-width: 350px)\" \/><source srcset=\"https:\/\/www.infobae.com\/resizer\/v2\/ZQF6WT3XY5AQ7JIJBKKGZIP3DQ.jpg?auth=f2c2b6284eb35346a7ef168b8926d3c6457548e10a708f927e300f4015b01dd1&amp;smart=true&amp;width=350&amp;height=197&amp;quality=85\" media=\"(min-width: 80px)\" \/><img loading=\"lazy\" decoding=\"async\" class=\"global-image\" src=\"https:\/\/www.infobae.com\/resizer\/v2\/ZQF6WT3XY5AQ7JIJBKKGZIP3DQ.jpg?auth=f2c2b6284eb35346a7ef168b8926d3c6457548e10a708f927e300f4015b01dd1&amp;smart=true&amp;width=350&amp;height=197&amp;quality=85\" alt=\"La actriz mantiene contacto constante\" width=\"1920\" height=\"1080\" \/><\/picture>La actriz mantiene contacto constante con Rufina, Magnolia y Amancio durante extensas jornadas laborales mediante videollamadas<\/div>\n<div class=\"inline_2_DSK ad-wrapper ad-desktop\">\n<div class=\"dfpAd ad-inline\"><\/div>\n<\/div>\n<p class=\"paragraph\" data-mrf-recirculation=\"Links inline\">Durante la entrevista, Adabel tambi\u00e9n aprovech\u00f3 para destacar el costado humano de la actriz. Record\u00f3 que, tras una jornada que termin\u00f3 a las tres de la madrugada,\u00a0<b>la China pidi\u00f3 hamburguesas para todo el equipo<\/b>, no solo para el elenco art\u00edstico sino tambi\u00e9n para t\u00e9cnicos y personal de producci\u00f3n. \u201cNo sabemos si las pag\u00f3 o se las dieron, no importa. Es el gesto.\u00a0<b>Agarr\u00f3 el tel\u00e9fono y pidi\u00f3 200 hamburguesas y terminamos todos comiendo<\/b>\u201d, cont\u00f3.<\/p>\n<div class=\"news-module\" data-mrf-recirculation=\"IL_wLyG9sjfRQKb8QO3fSLumw\" data-testid=\"text-html\" data-mrf-experience=\"IL_wLyG9sjfRQKb8QO3fSLumw\">\n<div class=\"recommended-card__image-container\"><\/div>\n<\/div>\n<p class=\"paragraph\" data-mrf-recirculation=\"Links inline\">Tambi\u00e9n defendi\u00f3 las decisiones art\u00edsticas de su compa\u00f1era frente a cr\u00edticas por escenas de desnudez en ficciones recientes.\u00a0<b>\u201cMe parece que el desnudo ya est\u00e1 sobrevalorado. Est\u00e1 contando una historia. \u00bfQu\u00e9 lo va a hacer tapada? Para m\u00ed est\u00e1 perfecta\u201d<\/b>, sostuvo. En un clima medi\u00e1tico donde el nombre de la China suele asociarse a controversias sentimentales, la postura de Adabel fue clara.\u00a0<b>\u201cYo no puedo decir nada malo de ella\u201d<\/b>, asegur\u00f3, sum\u00e1ndose a otras compa\u00f1eras de elenco que resaltaron su profesionalismo. Guerrero explic\u00f3 que, aunque no mantienen un trato cotidiano, existe una amistad basada en el respeto:\u00a0<b>\u201cNo ando mandando mensajes porque s\u00ed, pero cada tanto un mensaje, un corazoncito, hay\u201d.<\/b><\/p>\n<p class=\"paragraph\" data-mrf-recirculation=\"Links inline\">Las declaraciones llegan en un momento donde cada movimiento de la actriz genera titulares. Sin embargo, la bailarina eligi\u00f3 enfocarse en lo que vivi\u00f3 durante el rodaje: largas charlas en camarines, intercambios sobre c\u00f3mo compatibilizar trabajo y crianza, y un reconocimiento a la responsabilidad compartida de los padres. As\u00ed, lejos del esc\u00e1ndalo, la palabra de Adabel sum\u00f3 una versi\u00f3n \u00edntima y elogiosa sobre la vida familiar de la China Su\u00e1rez. Una mirada que pone el foco en la maternidad y en el v\u00ednculo respetuoso con sus exparejas, y que instala una narrativa distinta en medio del ruido medi\u00e1tico.<\/p>\n<div class=\"second-saved-buttons\">\n<div class=\"body-share-note\"><\/div>\n<\/div>\n","protected":false},"excerpt":{"rendered":"<p>En una entrevista televisiva, la artista resalt\u00f3 la organizaci\u00f3n y la colaboraci\u00f3n que mantiene la actriz junto a Nicol\u00e1s Cabr\u00e9 y Benjam\u00edn Vicu\u00f1a en la crianza y el cuidado de los menores durante las grabaciones En medio de las pol\u00e9micas que suelen rodear a\u00a0la China Su\u00e1rez, una voz inesperada aport\u00f3 una mirada diferente. Fue\u00a0Adabel Guerrero, [&hellip;]<\/p>\n","protected":false},"author":1,"featured_media":12668,"comment_status":"open","ping_status":"open","sticky":false,"template":"","format":"standard","meta":{"rop_custom_images_group":[],"rop_custom_messages_group":[],"rop_publish_now":"initial","rop_publish_now_accounts":[],"rop_publish_now_history":[],"rop_publish_now_status":"pending","footnotes":"","jetpack_publicize_message":"","jetpack_publicize_feature_enabled":true,"jetpack_social_post_already_shared":true,"jetpack_social_options":{"image_generator_settings":{"template":"highway","enabled":false},"version":2}},"categories":[12],"tags":[],"class_list":{"0":"post-12665","1":"post","2":"type-post","3":"status-publish","4":"format-standard","5":"has-post-thumbnail","7":"category-espectaculos"},"jetpack_publicize_connections":[],"yoast_head":"<!-- This site is optimized with the Yoast SEO plugin v27.3 - https:\/\/yoast.com\/product\/yoast-seo-wordpress\/ -->\n<title>Adabel Guerrero revel\u00f3 detalles de c\u00f3mo es el v\u00ednculo de la China Su\u00e1rez con los padres de sus hijos: \u201cMadraza\u201d - CLAN ESPECTACULOS<\/title>\n<meta name=\"robots\" content=\"index, follow, max-snippet:-1, max-image-preview:large, max-video-preview:-1\" \/>\n<link rel=\"canonical\" href=\"https:\/\/radioclanfm.com\/clanespectaculos\/adabel-guerrero-revelo-detalles-de-como-es-el-vinculo-de-la-china-suarez-con-los-padres-de-sus-hijos-madraza\/\" \/>\n<meta property=\"og:locale\" content=\"es_ES\" \/>\n<meta property=\"og:type\" content=\"article\" \/>\n<meta property=\"og:title\" content=\"Adabel Guerrero revel\u00f3 detalles de c\u00f3mo es el v\u00ednculo de la China Su\u00e1rez con los padres de sus hijos: \u201cMadraza\u201d - CLAN ESPECTACULOS\" \/>\n<meta property=\"og:description\" content=\"En una entrevista televisiva, la artista resalt\u00f3 la organizaci\u00f3n y la colaboraci\u00f3n que mantiene la actriz junto a Nicol\u00e1s Cabr\u00e9 y Benjam\u00edn Vicu\u00f1a en la crianza y el cuidado de los menores durante las grabaciones En medio de las pol\u00e9micas que suelen rodear a\u00a0la China Su\u00e1rez, una voz inesperada aport\u00f3 una mirada diferente. Fue\u00a0Adabel Guerrero, [&hellip;]\" \/>\n<meta property=\"og:url\" content=\"https:\/\/radioclanfm.com\/clanespectaculos\/adabel-guerrero-revelo-detalles-de-como-es-el-vinculo-de-la-china-suarez-con-los-padres-de-sus-hijos-madraza\/\" \/>\n<meta property=\"og:site_name\" content=\"CLAN ESPECTACULOS\" \/>\n<meta property=\"article:publisher\" content=\"https:\/\/www.facebook.com\/clanespectaculos\/\" \/>\n<meta property=\"article:published_time\" content=\"2026-02-24T01:40:32+00:00\" \/>\n<meta property=\"og:image\" content=\"https:\/\/radioclanfm.com\/clanespectaculos\/wp-content\/uploads\/sites\/2\/2026\/02\/gO3QOFau.jpg\" \/>\n\t<meta property=\"og:image:width\" content=\"900\" \/>\n\t<meta property=\"og:image:height\" content=\"450\" \/>\n\t<meta property=\"og:image:type\" content=\"image\/jpeg\" \/>\n<meta name=\"author\" content=\"E-GRUPOCLAN\" \/>\n<meta name=\"twitter:card\" content=\"summary_large_image\" \/>\n<meta name=\"twitter:creator\" content=\"@clanespectok\" \/>\n<meta name=\"twitter:site\" content=\"@clanespectok\" \/>\n<meta name=\"twitter:label1\" content=\"Escrito por\" \/>\n\t<meta name=\"twitter:data1\" content=\"E-GRUPOCLAN\" \/>\n\t<meta name=\"twitter:label2\" content=\"Tiempo de lectura\" \/>\n\t<meta name=\"twitter:data2\" content=\"4 minutos\" \/>\n<script type=\"application\/ld+json\" class=\"yoast-schema-graph\">{\"@context\":\"https:\\\/\\\/schema.org\",\"@graph\":[{\"@type\":\"Article\",\"@id\":\"https:\\\/\\\/radioclanfm.com\\\/clanespectaculos\\\/adabel-guerrero-revelo-detalles-de-como-es-el-vinculo-de-la-china-suarez-con-los-padres-de-sus-hijos-madraza\\\/#article\",\"isPartOf\":{\"@id\":\"https:\\\/\\\/radioclanfm.com\\\/clanespectaculos\\\/adabel-guerrero-revelo-detalles-de-como-es-el-vinculo-de-la-china-suarez-con-los-padres-de-sus-hijos-madraza\\\/\"},\"author\":{\"name\":\"E-GRUPOCLAN\",\"@id\":\"https:\\\/\\\/radioclanfm.com\\\/clanespectaculos\\\/#\\\/schema\\\/person\\\/9734813083303230f3ad84d99171b20c\"},\"headline\":\"Adabel Guerrero revel\u00f3 detalles de c\u00f3mo es el v\u00ednculo de la China Su\u00e1rez con los padres de sus hijos: \u201cMadraza\u201d\",\"datePublished\":\"2026-02-24T01:40:32+00:00\",\"mainEntityOfPage\":{\"@id\":\"https:\\\/\\\/radioclanfm.com\\\/clanespectaculos\\\/adabel-guerrero-revelo-detalles-de-como-es-el-vinculo-de-la-china-suarez-con-los-padres-de-sus-hijos-madraza\\\/\"},\"wordCount\":803,\"commentCount\":0,\"publisher\":{\"@id\":\"https:\\\/\\\/radioclanfm.com\\\/clanespectaculos\\\/#organization\"},\"image\":{\"@id\":\"https:\\\/\\\/radioclanfm.com\\\/clanespectaculos\\\/adabel-guerrero-revelo-detalles-de-como-es-el-vinculo-de-la-china-suarez-con-los-padres-de-sus-hijos-madraza\\\/#primaryimage\"},\"thumbnailUrl\":\"https:\\\/\\\/radioclanfm.com\\\/clanespectaculos\\\/wp-content\\\/uploads\\\/sites\\\/2\\\/2026\\\/02\\\/gO3QOFau.jpg\",\"articleSection\":[\"Espectaculos\"],\"inLanguage\":\"es-AR\",\"potentialAction\":[{\"@type\":\"CommentAction\",\"name\":\"Comment\",\"target\":[\"https:\\\/\\\/radioclanfm.com\\\/clanespectaculos\\\/adabel-guerrero-revelo-detalles-de-como-es-el-vinculo-de-la-china-suarez-con-los-padres-de-sus-hijos-madraza\\\/#respond\"]}]},{\"@type\":\"WebPage\",\"@id\":\"https:\\\/\\\/radioclanfm.com\\\/clanespectaculos\\\/adabel-guerrero-revelo-detalles-de-como-es-el-vinculo-de-la-china-suarez-con-los-padres-de-sus-hijos-madraza\\\/\",\"url\":\"https:\\\/\\\/radioclanfm.com\\\/clanespectaculos\\\/adabel-guerrero-revelo-detalles-de-como-es-el-vinculo-de-la-china-suarez-con-los-padres-de-sus-hijos-madraza\\\/\",\"name\":\"Adabel Guerrero revel\u00f3 detalles de c\u00f3mo es el v\u00ednculo de la China Su\u00e1rez con los padres de sus hijos: \u201cMadraza\u201d - CLAN ESPECTACULOS\",\"isPartOf\":{\"@id\":\"https:\\\/\\\/radioclanfm.com\\\/clanespectaculos\\\/#website\"},\"primaryImageOfPage\":{\"@id\":\"https:\\\/\\\/radioclanfm.com\\\/clanespectaculos\\\/adabel-guerrero-revelo-detalles-de-como-es-el-vinculo-de-la-china-suarez-con-los-padres-de-sus-hijos-madraza\\\/#primaryimage\"},\"image\":{\"@id\":\"https:\\\/\\\/radioclanfm.com\\\/clanespectaculos\\\/adabel-guerrero-revelo-detalles-de-como-es-el-vinculo-de-la-china-suarez-con-los-padres-de-sus-hijos-madraza\\\/#primaryimage\"},\"thumbnailUrl\":\"https:\\\/\\\/radioclanfm.com\\\/clanespectaculos\\\/wp-content\\\/uploads\\\/sites\\\/2\\\/2026\\\/02\\\/gO3QOFau.jpg\",\"datePublished\":\"2026-02-24T01:40:32+00:00\",\"breadcrumb\":{\"@id\":\"https:\\\/\\\/radioclanfm.com\\\/clanespectaculos\\\/adabel-guerrero-revelo-detalles-de-como-es-el-vinculo-de-la-china-suarez-con-los-padres-de-sus-hijos-madraza\\\/#breadcrumb\"},\"inLanguage\":\"es-AR\",\"potentialAction\":[{\"@type\":\"ReadAction\",\"target\":[\"https:\\\/\\\/radioclanfm.com\\\/clanespectaculos\\\/adabel-guerrero-revelo-detalles-de-como-es-el-vinculo-de-la-china-suarez-con-los-padres-de-sus-hijos-madraza\\\/\"]}]},{\"@type\":\"ImageObject\",\"inLanguage\":\"es-AR\",\"@id\":\"https:\\\/\\\/radioclanfm.com\\\/clanespectaculos\\\/adabel-guerrero-revelo-detalles-de-como-es-el-vinculo-de-la-china-suarez-con-los-padres-de-sus-hijos-madraza\\\/#primaryimage\",\"url\":\"https:\\\/\\\/radioclanfm.com\\\/clanespectaculos\\\/wp-content\\\/uploads\\\/sites\\\/2\\\/2026\\\/02\\\/gO3QOFau.jpg\",\"contentUrl\":\"https:\\\/\\\/radioclanfm.com\\\/clanespectaculos\\\/wp-content\\\/uploads\\\/sites\\\/2\\\/2026\\\/02\\\/gO3QOFau.jpg\",\"width\":900,\"height\":450},{\"@type\":\"BreadcrumbList\",\"@id\":\"https:\\\/\\\/radioclanfm.com\\\/clanespectaculos\\\/adabel-guerrero-revelo-detalles-de-como-es-el-vinculo-de-la-china-suarez-con-los-padres-de-sus-hijos-madraza\\\/#breadcrumb\",\"itemListElement\":[{\"@type\":\"ListItem\",\"position\":1,\"name\":\"Inicio\",\"item\":\"https:\\\/\\\/radioclanfm.com\\\/clanespectaculos\\\/\"},{\"@type\":\"ListItem\",\"position\":2,\"name\":\"Adabel Guerrero revel\u00f3 detalles de c\u00f3mo es el v\u00ednculo de la China Su\u00e1rez con los padres de sus hijos: \u201cMadraza\u201d\"}]},{\"@type\":\"WebSite\",\"@id\":\"https:\\\/\\\/radioclanfm.com\\\/clanespectaculos\\\/#website\",\"url\":\"https:\\\/\\\/radioclanfm.com\\\/clanespectaculos\\\/\",\"name\":\"CLAN ESPECTACULOS\",\"description\":\"\",\"publisher\":{\"@id\":\"https:\\\/\\\/radioclanfm.com\\\/clanespectaculos\\\/#organization\"},\"potentialAction\":[{\"@type\":\"SearchAction\",\"target\":{\"@type\":\"EntryPoint\",\"urlTemplate\":\"https:\\\/\\\/radioclanfm.com\\\/clanespectaculos\\\/?s={search_term_string}\"},\"query-input\":{\"@type\":\"PropertyValueSpecification\",\"valueRequired\":true,\"valueName\":\"search_term_string\"}}],\"inLanguage\":\"es-AR\"},{\"@type\":\"Organization\",\"@id\":\"https:\\\/\\\/radioclanfm.com\\\/clanespectaculos\\\/#organization\",\"name\":\"CLAN ESPECTACULOS\",\"url\":\"https:\\\/\\\/radioclanfm.com\\\/clanespectaculos\\\/\",\"logo\":{\"@type\":\"ImageObject\",\"inLanguage\":\"es-AR\",\"@id\":\"https:\\\/\\\/radioclanfm.com\\\/clanespectaculos\\\/#\\\/schema\\\/logo\\\/image\\\/\",\"url\":\"https:\\\/\\\/radioclanfm.com\\\/clanespectaculos\\\/wp-content\\\/uploads\\\/sites\\\/2\\\/2026\\\/04\\\/ChatGPT-Image-23-mar-2026-10_09_00.png\",\"contentUrl\":\"https:\\\/\\\/radioclanfm.com\\\/clanespectaculos\\\/wp-content\\\/uploads\\\/sites\\\/2\\\/2026\\\/04\\\/ChatGPT-Image-23-mar-2026-10_09_00.png\",\"width\":1024,\"height\":1024,\"caption\":\"CLAN ESPECTACULOS\"},\"image\":{\"@id\":\"https:\\\/\\\/radioclanfm.com\\\/clanespectaculos\\\/#\\\/schema\\\/logo\\\/image\\\/\"},\"sameAs\":[\"https:\\\/\\\/www.facebook.com\\\/clanespectaculos\\\/\",\"https:\\\/\\\/x.com\\\/clanespectok\"]},{\"@type\":\"Person\",\"@id\":\"https:\\\/\\\/radioclanfm.com\\\/clanespectaculos\\\/#\\\/schema\\\/person\\\/9734813083303230f3ad84d99171b20c\",\"name\":\"E-GRUPOCLAN\",\"image\":{\"@type\":\"ImageObject\",\"inLanguage\":\"es-AR\",\"@id\":\"https:\\\/\\\/secure.gravatar.com\\\/avatar\\\/af6e19837c3d6a212034a48c7b3818d2ac1826f6025df0155da5a186ad321d79?s=96&d=mm&r=g\",\"url\":\"https:\\\/\\\/secure.gravatar.com\\\/avatar\\\/af6e19837c3d6a212034a48c7b3818d2ac1826f6025df0155da5a186ad321d79?s=96&d=mm&r=g\",\"contentUrl\":\"https:\\\/\\\/secure.gravatar.com\\\/avatar\\\/af6e19837c3d6a212034a48c7b3818d2ac1826f6025df0155da5a186ad321d79?s=96&d=mm&r=g\",\"caption\":\"E-GRUPOCLAN\"},\"sameAs\":[\"https:\\\/\\\/radioclanfm.com\"],\"url\":\"https:\\\/\\\/radioclanfm.com\\\/clanespectaculos\\\/author\\\/admin\\\/\"}]}<\/script>\n<!-- \/ Yoast SEO plugin. -->","yoast_head_json":{"title":"Adabel Guerrero revel\u00f3 detalles de c\u00f3mo es el v\u00ednculo de la China Su\u00e1rez con los padres de sus hijos: \u201cMadraza\u201d - CLAN ESPECTACULOS","robots":{"index":"index","follow":"follow","max-snippet":"max-snippet:-1","max-image-preview":"max-image-preview:large","max-video-preview":"max-video-preview:-1"},"canonical":"https:\/\/radioclanfm.com\/clanespectaculos\/adabel-guerrero-revelo-detalles-de-como-es-el-vinculo-de-la-china-suarez-con-los-padres-de-sus-hijos-madraza\/","og_locale":"es_ES","og_type":"article","og_title":"Adabel Guerrero revel\u00f3 detalles de c\u00f3mo es el v\u00ednculo de la China Su\u00e1rez con los padres de sus hijos: \u201cMadraza\u201d - CLAN ESPECTACULOS","og_description":"En una entrevista televisiva, la artista resalt\u00f3 la organizaci\u00f3n y la colaboraci\u00f3n que mantiene la actriz junto a Nicol\u00e1s Cabr\u00e9 y Benjam\u00edn Vicu\u00f1a en la crianza y el cuidado de los menores durante las grabaciones En medio de las pol\u00e9micas que suelen rodear a\u00a0la China Su\u00e1rez, una voz inesperada aport\u00f3 una mirada diferente. Fue\u00a0Adabel Guerrero, [&hellip;]","og_url":"https:\/\/radioclanfm.com\/clanespectaculos\/adabel-guerrero-revelo-detalles-de-como-es-el-vinculo-de-la-china-suarez-con-los-padres-de-sus-hijos-madraza\/","og_site_name":"CLAN ESPECTACULOS","article_publisher":"https:\/\/www.facebook.com\/clanespectaculos\/","article_published_time":"2026-02-24T01:40:32+00:00","og_image":[{"width":900,"height":450,"url":"https:\/\/radioclanfm.com\/clanespectaculos\/wp-content\/uploads\/sites\/2\/2026\/02\/gO3QOFau.jpg","type":"image\/jpeg"}],"author":"E-GRUPOCLAN","twitter_card":"summary_large_image","twitter_creator":"@clanespectok","twitter_site":"@clanespectok","twitter_misc":{"Escrito por":"E-GRUPOCLAN","Tiempo de lectura":"4 minutos"},"schema":{"@context":"https:\/\/schema.org","@graph":[{"@type":"Article","@id":"https:\/\/radioclanfm.com\/clanespectaculos\/adabel-guerrero-revelo-detalles-de-como-es-el-vinculo-de-la-china-suarez-con-los-padres-de-sus-hijos-madraza\/#article","isPartOf":{"@id":"https:\/\/radioclanfm.com\/clanespectaculos\/adabel-guerrero-revelo-detalles-de-como-es-el-vinculo-de-la-china-suarez-con-los-padres-de-sus-hijos-madraza\/"},"author":{"name":"E-GRUPOCLAN","@id":"https:\/\/radioclanfm.com\/clanespectaculos\/#\/schema\/person\/9734813083303230f3ad84d99171b20c"},"headline":"Adabel Guerrero revel\u00f3 detalles de c\u00f3mo es el v\u00ednculo de la China Su\u00e1rez con los padres de sus hijos: \u201cMadraza\u201d","datePublished":"2026-02-24T01:40:32+00:00","mainEntityOfPage":{"@id":"https:\/\/radioclanfm.com\/clanespectaculos\/adabel-guerrero-revelo-detalles-de-como-es-el-vinculo-de-la-china-suarez-con-los-padres-de-sus-hijos-madraza\/"},"wordCount":803,"commentCount":0,"publisher":{"@id":"https:\/\/radioclanfm.com\/clanespectaculos\/#organization"},"image":{"@id":"https:\/\/radioclanfm.com\/clanespectaculos\/adabel-guerrero-revelo-detalles-de-como-es-el-vinculo-de-la-china-suarez-con-los-padres-de-sus-hijos-madraza\/#primaryimage"},"thumbnailUrl":"https:\/\/radioclanfm.com\/clanespectaculos\/wp-content\/uploads\/sites\/2\/2026\/02\/gO3QOFau.jpg","articleSection":["Espectaculos"],"inLanguage":"es-AR","potentialAction":[{"@type":"CommentAction","name":"Comment","target":["https:\/\/radioclanfm.com\/clanespectaculos\/adabel-guerrero-revelo-detalles-de-como-es-el-vinculo-de-la-china-suarez-con-los-padres-de-sus-hijos-madraza\/#respond"]}]},{"@type":"WebPage","@id":"https:\/\/radioclanfm.com\/clanespectaculos\/adabel-guerrero-revelo-detalles-de-como-es-el-vinculo-de-la-china-suarez-con-los-padres-de-sus-hijos-madraza\/","url":"https:\/\/radioclanfm.com\/clanespectaculos\/adabel-guerrero-revelo-detalles-de-como-es-el-vinculo-de-la-china-suarez-con-los-padres-de-sus-hijos-madraza\/","name":"Adabel Guerrero revel\u00f3 detalles de c\u00f3mo es el v\u00ednculo de la China Su\u00e1rez con los padres de sus hijos: \u201cMadraza\u201d - CLAN ESPECTACULOS","isPartOf":{"@id":"https:\/\/radioclanfm.com\/clanespectaculos\/#website"},"primaryImageOfPage":{"@id":"https:\/\/radioclanfm.com\/clanespectaculos\/adabel-guerrero-revelo-detalles-de-como-es-el-vinculo-de-la-china-suarez-con-los-padres-de-sus-hijos-madraza\/#primaryimage"},"image":{"@id":"https:\/\/radioclanfm.com\/clanespectaculos\/adabel-guerrero-revelo-detalles-de-como-es-el-vinculo-de-la-china-suarez-con-los-padres-de-sus-hijos-madraza\/#primaryimage"},"thumbnailUrl":"https:\/\/radioclanfm.com\/clanespectaculos\/wp-content\/uploads\/sites\/2\/2026\/02\/gO3QOFau.jpg","datePublished":"2026-02-24T01:40:32+00:00","breadcrumb":{"@id":"https:\/\/radioclanfm.com\/clanespectaculos\/adabel-guerrero-revelo-detalles-de-como-es-el-vinculo-de-la-china-suarez-con-los-padres-de-sus-hijos-madraza\/#breadcrumb"},"inLanguage":"es-AR","potentialAction":[{"@type":"ReadAction","target":["https:\/\/radioclanfm.com\/clanespectaculos\/adabel-guerrero-revelo-detalles-de-como-es-el-vinculo-de-la-china-suarez-con-los-padres-de-sus-hijos-madraza\/"]}]},{"@type":"ImageObject","inLanguage":"es-AR","@id":"https:\/\/radioclanfm.com\/clanespectaculos\/adabel-guerrero-revelo-detalles-de-como-es-el-vinculo-de-la-china-suarez-con-los-padres-de-sus-hijos-madraza\/#primaryimage","url":"https:\/\/radioclanfm.com\/clanespectaculos\/wp-content\/uploads\/sites\/2\/2026\/02\/gO3QOFau.jpg","contentUrl":"https:\/\/radioclanfm.com\/clanespectaculos\/wp-content\/uploads\/sites\/2\/2026\/02\/gO3QOFau.jpg","width":900,"height":450},{"@type":"BreadcrumbList","@id":"https:\/\/radioclanfm.com\/clanespectaculos\/adabel-guerrero-revelo-detalles-de-como-es-el-vinculo-de-la-china-suarez-con-los-padres-de-sus-hijos-madraza\/#breadcrumb","itemListElement":[{"@type":"ListItem","position":1,"name":"Inicio","item":"https:\/\/radioclanfm.com\/clanespectaculos\/"},{"@type":"ListItem","position":2,"name":"Adabel Guerrero revel\u00f3 detalles de c\u00f3mo es el v\u00ednculo de la China Su\u00e1rez con los padres de sus hijos: \u201cMadraza\u201d"}]},{"@type":"WebSite","@id":"https:\/\/radioclanfm.com\/clanespectaculos\/#website","url":"https:\/\/radioclanfm.com\/clanespectaculos\/","name":"CLAN ESPECTACULOS","description":"","publisher":{"@id":"https:\/\/radioclanfm.com\/clanespectaculos\/#organization"},"potentialAction":[{"@type":"SearchAction","target":{"@type":"EntryPoint","urlTemplate":"https:\/\/radioclanfm.com\/clanespectaculos\/?s={search_term_string}"},"query-input":{"@type":"PropertyValueSpecification","valueRequired":true,"valueName":"search_term_string"}}],"inLanguage":"es-AR"},{"@type":"Organization","@id":"https:\/\/radioclanfm.com\/clanespectaculos\/#organization","name":"CLAN ESPECTACULOS","url":"https:\/\/radioclanfm.com\/clanespectaculos\/","logo":{"@type":"ImageObject","inLanguage":"es-AR","@id":"https:\/\/radioclanfm.com\/clanespectaculos\/#\/schema\/logo\/image\/","url":"https:\/\/radioclanfm.com\/clanespectaculos\/wp-content\/uploads\/sites\/2\/2026\/04\/ChatGPT-Image-23-mar-2026-10_09_00.png","contentUrl":"https:\/\/radioclanfm.com\/clanespectaculos\/wp-content\/uploads\/sites\/2\/2026\/04\/ChatGPT-Image-23-mar-2026-10_09_00.png","width":1024,"height":1024,"caption":"CLAN ESPECTACULOS"},"image":{"@id":"https:\/\/radioclanfm.com\/clanespectaculos\/#\/schema\/logo\/image\/"},"sameAs":["https:\/\/www.facebook.com\/clanespectaculos\/","https:\/\/x.com\/clanespectok"]},{"@type":"Person","@id":"https:\/\/radioclanfm.com\/clanespectaculos\/#\/schema\/person\/9734813083303230f3ad84d99171b20c","name":"E-GRUPOCLAN","image":{"@type":"ImageObject","inLanguage":"es-AR","@id":"https:\/\/secure.gravatar.com\/avatar\/af6e19837c3d6a212034a48c7b3818d2ac1826f6025df0155da5a186ad321d79?s=96&d=mm&r=g","url":"https:\/\/secure.gravatar.com\/avatar\/af6e19837c3d6a212034a48c7b3818d2ac1826f6025df0155da5a186ad321d79?s=96&d=mm&r=g","contentUrl":"https:\/\/secure.gravatar.com\/avatar\/af6e19837c3d6a212034a48c7b3818d2ac1826f6025df0155da5a186ad321d79?s=96&d=mm&r=g","caption":"E-GRUPOCLAN"},"sameAs":["https:\/\/radioclanfm.com"],"url":"https:\/\/radioclanfm.com\/clanespectaculos\/author\/admin\/"}]}},"_links":{"self":[{"href":"https:\/\/radioclanfm.com\/clanespectaculos\/wp-json\/wp\/v2\/posts\/12665","targetHints":{"allow":["GET"]}}],"collection":[{"href":"https:\/\/radioclanfm.com\/clanespectaculos\/wp-json\/wp\/v2\/posts"}],"about":[{"href":"https:\/\/radioclanfm.com\/clanespectaculos\/wp-json\/wp\/v2\/types\/post"}],"author":[{"embeddable":true,"href":"https:\/\/radioclanfm.com\/clanespectaculos\/wp-json\/wp\/v2\/users\/1"}],"replies":[{"embeddable":true,"href":"https:\/\/radioclanfm.com\/clanespectaculos\/wp-json\/wp\/v2\/comments?post=12665"}],"version-history":[{"count":1,"href":"https:\/\/radioclanfm.com\/clanespectaculos\/wp-json\/wp\/v2\/posts\/12665\/revisions"}],"predecessor-version":[{"id":12669,"href":"https:\/\/radioclanfm.com\/clanespectaculos\/wp-json\/wp\/v2\/posts\/12665\/revisions\/12669"}],"wp:featuredmedia":[{"embeddable":true,"href":"https:\/\/radioclanfm.com\/clanespectaculos\/wp-json\/wp\/v2\/media\/12668"}],"wp:attachment":[{"href":"https:\/\/radioclanfm.com\/clanespectaculos\/wp-json\/wp\/v2\/media?parent=12665"}],"wp:term":[{"taxonomy":"category","embeddable":true,"href":"https:\/\/radioclanfm.com\/clanespectaculos\/wp-json\/wp\/v2\/categories?post=12665"},{"taxonomy":"post_tag","embeddable":true,"href":"https:\/\/radioclanfm.com\/clanespectaculos\/wp-json\/wp\/v2\/tags?post=12665"}],"curies":[{"name":"wp","href":"https:\/\/api.w.org\/{rel}","templated":true}]}}