{"id":12660,"date":"2026-02-23T22:38:56","date_gmt":"2026-02-24T01:38:56","guid":{"rendered":"https:\/\/radioclanfm.com\/clanespectaculos\/?p=12660"},"modified":"2026-02-23T22:38:56","modified_gmt":"2026-02-24T01:38:56","slug":"sebastian-graviotto-conocio-a-timoteo-su-hijo-con-juana-repetto-el-encuentro-mas-esperado","status":"publish","type":"post","link":"https:\/\/radioclanfm.com\/clanespectaculos\/sebastian-graviotto-conocio-a-timoteo-su-hijo-con-juana-repetto-el-encuentro-mas-esperado\/","title":{"rendered":"Sebasti\u00e1n Graviotto conoci\u00f3 a Timoteo, su hijo con Juana Repetto: el encuentro m\u00e1s esperado"},"content":{"rendered":"<p>El instructor de snowboard regres\u00f3 al pa\u00eds tras compromisos laborales y comparti\u00f3 en redes el primer contacto con el beb\u00e9 nacido el pasado 12 de febrero<\/p>\n<p class=\"paragraph\" data-mrf-recirculation=\"Links inline\">En las \u00faltimas horas,\u00a0<b>Sebasti\u00e1n Graviotto<\/b>\u00a0protagoniz\u00f3 uno de los momentos m\u00e1s esperados de su vida: el encuentro con\u00a0<b>Timoteo<\/b>, el hijo que tuvo junto a\u00a0<b>Juana Repetto<\/b>. El instructor de snowboard, conocido tambi\u00e9n por su presencia en el \u00e1mbito deportivo y su exposici\u00f3n p\u00fablica, regres\u00f3 al pa\u00eds tras un viaje laboral que le impidi\u00f3 presenciar\u00a0el parto ocurrido el pasado 12 de febrero. La escena, compartida a trav\u00e9s de sus historias de Instagram, no solo marc\u00f3 un hito en su vida personal, sino que tambi\u00e9n gener\u00f3 una reacci\u00f3n masiva en redes sociales.<\/p>\n<div class=\"news-module\" data-mrf-recirculation=\"IL_GBLs3HYWRq2RgU4Qz8MM1Q\" data-testid=\"text-html\" data-mrf-experience=\"IL_GBLs3HYWRq2RgU4Qz8MM1Q\">\n<div class=\"recommended-card__image-container\"><\/div>\n<\/div>\n<p class=\"paragraph\" data-mrf-recirculation=\"Links inline\">La imagen elegida por\u00a0<b>Graviotto<\/b>\u00a0para presentar a su hijo ante sus m\u00e1s de 150 mil seguidores fue sutil y de una sensibilidad notoria. En el video se observa un plano de los pies del reci\u00e9n nacido, posados sobre una superficie clara, mientras la mano del padre acaricia y sostiene los diminutos dedos de\u00a0<b>Timoteo<\/b>. La secuencia, acompa\u00f1ada por una m\u00fasica que refuerza la atm\u00f3sfera de paz, se completa con una frase corta:\u00a0<b>\u201cHi, Timmy\u201d<\/b>. Con esas palabras, el ex de la actriz dio la bienvenida p\u00fablica y oficial al peque\u00f1o, sellando el inicio de su v\u00ednculo con un gesto minimalista pero cargado de significado.<\/p>\n<div class=\"inline ad-wrapper\">\n<div class=\"dfpAd ad-inline\"><\/div>\n<\/div>\n<p class=\"paragraph\" data-mrf-recirculation=\"Links inline\">El posteo no tard\u00f3 en viralizarse, generando cientos de mensajes de apoyo y emoci\u00f3n por parte de seguidores que ven\u00edan siguiendo la noticia del nacimiento. Muchos interpretaron ese primer contacto como la confirmaci\u00f3n de un momento largamente esperado, sobre todo despu\u00e9s de la pol\u00e9mica generada por la ausencia de Graviotto en el parto. Para los usuarios, la publicaci\u00f3n signific\u00f3 la muestra definitiva de la sensibilidad y el compromiso del instructor con su rol de padre, revelando una faceta \u00edntima y protectora que hasta entonces no hab\u00eda sido expuesta con tanta claridad.<\/p>\n<div class=\"news-module\" data-mrf-recirculation=\"IL_m3kiGo-8SVS6m0U7OqrZLw\" data-testid=\"text-html\" data-mrf-experience=\"IL_m3kiGo-8SVS6m0U7OqrZLw\">\n<div class=\"recommended-card__image-container\"><\/div>\n<\/div>\n<div class=\"jwplayer-ctn\">En la recta final de su embarazo, la actriz Juana Repetto se sienta a responder las preguntas que m\u00e1s le hacen sus seguidores. Descubre qui\u00e9n la acompa\u00f1ar\u00e1 en el quir\u00f3fano, con qui\u00e9n se quedar\u00e1n sus hijos y su postura sobre la ligadura de trompas.<\/div>\n<p class=\"paragraph\" data-mrf-recirculation=\"Links inline\"><b>Respecto de la ausencia en el nacimiento, cabe recordar que se debi\u00f3 a causas laborales.\u00a0<\/b>El instructor se encontraba fuera del pa\u00eds por compromisos profesionales, una din\u00e1mica habitual en su carrera que lo lleva a pasar largas temporadas alejado de su entorno familiar. Esta situaci\u00f3n, lejos de pasar inadvertida, gener\u00f3 una ola de cr\u00edticas y rumores en redes sociales, donde algunos usuarios cuestionaron su ausencia en un momento considerado clave para cualquier padre.<\/p>\n<div class=\"inline_2_DSK ad-wrapper ad-desktop\">\n<div class=\"dfpAd ad-inline\"><\/div>\n<\/div>\n<p class=\"paragraph\" data-mrf-recirculation=\"Links inline\">En medio de la controversia, Juana y Sebasti\u00e1n decidieron abordar el tema con transparencia. Horas antes del parto, la actriz inform\u00f3 a sus seguidores que el padre de sus hijos no podr\u00eda estar presente debido a motivos laborales, aunque aclar\u00f3 que ambos aguardaban con ilusi\u00f3n el reencuentro. La postura de ambos se mantuvo en el terreno del respeto y la cooperaci\u00f3n, priorizando el bienestar de Timoteo y de su hermano mayor, Belisario.<\/p>\n<div class=\"news-module\" data-mrf-recirculation=\"IL_wLyG9sjfRQKb8QO3fSLumw\" data-testid=\"text-html\" data-mrf-experience=\"IL_wLyG9sjfRQKb8QO3fSLumw\">\n<div class=\"recommended-card__image-container\"><\/div>\n<\/div>\n<p class=\"paragraph\" data-mrf-recirculation=\"Links inline\">Apenas pudo regresar, Graviotto acudi\u00f3 directamente al encuentro de su hijo, eligiendo compartir ese instante desde su propia perspectiva y sin estridencias.\u00a0<b>El video publicado en Instagram funcion\u00f3 como una respuesta impl\u00edcita a las cr\u00edticas, mostrando que su intenci\u00f3n siempre fue estar presente y construir el v\u00ednculo con el reci\u00e9n nacido desde el primer momento posible.<\/b><\/p>\n<div class=\"jwplayer-ctn\">\n<div>\n<div id=\"2QRS72323FGTRDMKKQBJRTJXZE-custom_embed8\" class=\"jwplayer jw-reset jw-state-idle jw-stretch-uniform jw-flag-aspect-mode jw-floating-dismissible jw-keep-thumbnail jw-flag-user-inactive jw-flag-cast-available jw-breakpoint-5\" tabindex=\"0\" role=\"application\" aria-label=\"Video Player - Juana Repetto cont\u00f3 c\u00f3mo es su relaci\u00f3n con Sebasti\u00e1n Graviotto\" aria-describedby=\"jw-2QRS72323FGTRDMKKQBJRTJXZE-custom_embed8-shortcuts-tooltip-explanation\" data-compass-listening=\"true\">\n<div class=\"jw-wrapper jw-reset\">\n<div class=\"jw-controls jw-reset\">\n<div class=\"jw-controlbar jw-reset\">\n<div class=\"jw-reset jw-button-container\">\n<div class=\"jw-icon jw-icon-inline jw-button-color jw-reset jw-icon-cast\" tabindex=\"0\" role=\"button\" aria-label=\"Chromecast\"><\/div>\n<\/div>\n<\/div>\n<\/div>\n<\/div>\n<\/div>\n<\/div>\n<\/div>\n<p class=\"paragraph\" data-mrf-recirculation=\"Links inline\">Adme\u00e1s, los \u00faltimos d\u00edas, la actriz relat\u00f3 a trav\u00e9s de sus redes sociales c\u00f3mo fue la experiencia de dar a luz el pasado 12 de febrero, compartiendo con honestidad los detalles del parto y las primeras horas junto al beb\u00e9. Seg\u00fan sus propias palabras:\u00a0<b>\u201cEl coraz\u00f3n se me hizo otra vez m\u00e1s grande. Lleg\u00f3 Timoteo, el beb\u00e9 m\u00e1s chiquito, bello y con m\u00e1s power del mundo\u201d<\/b>.<\/p>\n<p class=\"paragraph\" data-mrf-recirculation=\"Links inline\">Durante el embarazo, Repetto atraves\u00f3 momentos de incertidumbre y temor que obligaron a adelantar la fecha del nacimiento. En una sentida carta abierta, la actriz expres\u00f3:\u00a0<b>\u201cHoy estar\u00edamos cumpliendo 38 semanas, sos un campe\u00f3n, bebulo. Se me caen las l\u00e1grimas mientras escribo esto. Tantos jueves festejando que siguieras adentro, cada jueves sintiendo un poquititito menos de miedo, tantos jueves de tanta gente pensando en vos, tir\u00e1ndote amor y d\u00e1ndonos fuerza para lograr un jueves m\u00e1s\u201d<\/b>.<\/p>\n<p class=\"paragraph\" data-mrf-recirculation=\"Links inline\">El relato de Juana reflej\u00f3 la intensidad y emoci\u00f3n de ese proceso, as\u00ed como el alivio y la gratitud al tener finalmente a su beb\u00e9 en brazos. Adem\u00e1s, agradeci\u00f3 p\u00fablicamente el apoyo recibido y la fortaleza del peque\u00f1o:\u00a0<b>\u201cGracias por tantas ense\u00f1anzas, Timoteo, y como te digo todos los d\u00edas, varias veces por d\u00eda, gracias por elegir llegar a nuestras vidas, gracias por la mejor sorpresa de mi vida. Y vos que ya ven\u00eds desde ah\u00ed con tu fuerza, tu impronta y ganas de venir\u201d<\/b>.<\/p>\n<p class=\"paragraph\" data-mrf-recirculation=\"Links inline\">La relaci\u00f3n entre\u00a0<b>Juana Repetto<\/b>\u00a0y\u00a0<b>Sebasti\u00e1n Graviotto<\/b>\u00a0se encuentra actualmente en una pausa, al mostrarse separados, aunque ambos han dejado en claro en distintas oportunidades que priorizan la crianza compartida y el bienestar de sus hijos. La llegada de\u00a0<b>Timoteo<\/b>\u00a0no solo ampli\u00f3 la familia, sino que tambi\u00e9n consolid\u00f3 un nuevo cap\u00edtulo en la vida de ambos, reafirmando su compromiso como padres.<\/p>\n<div class=\"second-saved-buttons\">\n<div class=\"body-share-note\"><\/div>\n<\/div>\n<p>&nbsp;<\/p>\n","protected":false},"excerpt":{"rendered":"<p>El instructor de snowboard regres\u00f3 al pa\u00eds tras compromisos laborales y comparti\u00f3 en redes el primer contacto con el beb\u00e9 nacido el pasado 12 de febrero En las \u00faltimas horas,\u00a0Sebasti\u00e1n Graviotto\u00a0protagoniz\u00f3 uno de los momentos m\u00e1s esperados de su vida: el encuentro con\u00a0Timoteo, el hijo que tuvo junto a\u00a0Juana Repetto. El instructor de snowboard, conocido [&hellip;]<\/p>\n","protected":false},"author":1,"featured_media":12663,"comment_status":"open","ping_status":"open","sticky":false,"template":"","format":"standard","meta":{"rop_custom_images_group":[],"rop_custom_messages_group":[],"rop_publish_now":"initial","rop_publish_now_accounts":[],"rop_publish_now_history":[],"rop_publish_now_status":"pending","footnotes":"","jetpack_publicize_message":"","jetpack_publicize_feature_enabled":true,"jetpack_social_post_already_shared":true,"jetpack_social_options":{"image_generator_settings":{"template":"highway","enabled":false},"version":2}},"categories":[12],"tags":[],"class_list":{"0":"post-12660","1":"post","2":"type-post","3":"status-publish","4":"format-standard","5":"has-post-thumbnail","7":"category-espectaculos"},"jetpack_publicize_connections":[],"yoast_head":"<!-- This site is optimized with the Yoast SEO plugin v27.3 - https:\/\/yoast.com\/product\/yoast-seo-wordpress\/ -->\n<title>Sebasti\u00e1n Graviotto conoci\u00f3 a Timoteo, su hijo con Juana Repetto: el encuentro m\u00e1s esperado - CLAN ESPECTACULOS<\/title>\n<meta name=\"robots\" content=\"index, follow, max-snippet:-1, max-image-preview:large, max-video-preview:-1\" \/>\n<link rel=\"canonical\" href=\"https:\/\/radioclanfm.com\/clanespectaculos\/sebastian-graviotto-conocio-a-timoteo-su-hijo-con-juana-repetto-el-encuentro-mas-esperado\/\" \/>\n<meta property=\"og:locale\" content=\"es_ES\" \/>\n<meta property=\"og:type\" content=\"article\" \/>\n<meta property=\"og:title\" content=\"Sebasti\u00e1n Graviotto conoci\u00f3 a Timoteo, su hijo con Juana Repetto: el encuentro m\u00e1s esperado - CLAN ESPECTACULOS\" \/>\n<meta property=\"og:description\" content=\"El instructor de snowboard regres\u00f3 al pa\u00eds tras compromisos laborales y comparti\u00f3 en redes el primer contacto con el beb\u00e9 nacido el pasado 12 de febrero En las \u00faltimas horas,\u00a0Sebasti\u00e1n Graviotto\u00a0protagoniz\u00f3 uno de los momentos m\u00e1s esperados de su vida: el encuentro con\u00a0Timoteo, el hijo que tuvo junto a\u00a0Juana Repetto. El instructor de snowboard, conocido [&hellip;]\" \/>\n<meta property=\"og:url\" content=\"https:\/\/radioclanfm.com\/clanespectaculos\/sebastian-graviotto-conocio-a-timoteo-su-hijo-con-juana-repetto-el-encuentro-mas-esperado\/\" \/>\n<meta property=\"og:site_name\" content=\"CLAN ESPECTACULOS\" \/>\n<meta property=\"article:publisher\" content=\"https:\/\/www.facebook.com\/clanespectaculos\/\" \/>\n<meta property=\"article:published_time\" content=\"2026-02-24T01:38:56+00:00\" \/>\n<meta property=\"og:image\" content=\"https:\/\/radioclanfm.com\/clanespectaculos\/wp-content\/uploads\/sites\/2\/2026\/02\/ePZPuhZa.jpg\" \/>\n\t<meta property=\"og:image:width\" content=\"900\" \/>\n\t<meta property=\"og:image:height\" content=\"450\" \/>\n\t<meta property=\"og:image:type\" content=\"image\/jpeg\" \/>\n<meta name=\"author\" content=\"E-GRUPOCLAN\" \/>\n<meta name=\"twitter:card\" content=\"summary_large_image\" \/>\n<meta name=\"twitter:creator\" content=\"@clanespectok\" \/>\n<meta name=\"twitter:site\" content=\"@clanespectok\" \/>\n<meta name=\"twitter:label1\" content=\"Escrito por\" \/>\n\t<meta name=\"twitter:data1\" content=\"E-GRUPOCLAN\" \/>\n\t<meta name=\"twitter:label2\" content=\"Tiempo de lectura\" \/>\n\t<meta name=\"twitter:data2\" content=\"5 minutos\" \/>\n<script type=\"application\/ld+json\" class=\"yoast-schema-graph\">{\"@context\":\"https:\\\/\\\/schema.org\",\"@graph\":[{\"@type\":\"Article\",\"@id\":\"https:\\\/\\\/radioclanfm.com\\\/clanespectaculos\\\/sebastian-graviotto-conocio-a-timoteo-su-hijo-con-juana-repetto-el-encuentro-mas-esperado\\\/#article\",\"isPartOf\":{\"@id\":\"https:\\\/\\\/radioclanfm.com\\\/clanespectaculos\\\/sebastian-graviotto-conocio-a-timoteo-su-hijo-con-juana-repetto-el-encuentro-mas-esperado\\\/\"},\"author\":{\"name\":\"E-GRUPOCLAN\",\"@id\":\"https:\\\/\\\/radioclanfm.com\\\/clanespectaculos\\\/#\\\/schema\\\/person\\\/9734813083303230f3ad84d99171b20c\"},\"headline\":\"Sebasti\u00e1n Graviotto conoci\u00f3 a Timoteo, su hijo con Juana Repetto: el encuentro m\u00e1s esperado\",\"datePublished\":\"2026-02-24T01:38:56+00:00\",\"mainEntityOfPage\":{\"@id\":\"https:\\\/\\\/radioclanfm.com\\\/clanespectaculos\\\/sebastian-graviotto-conocio-a-timoteo-su-hijo-con-juana-repetto-el-encuentro-mas-esperado\\\/\"},\"wordCount\":932,\"commentCount\":0,\"publisher\":{\"@id\":\"https:\\\/\\\/radioclanfm.com\\\/clanespectaculos\\\/#organization\"},\"image\":{\"@id\":\"https:\\\/\\\/radioclanfm.com\\\/clanespectaculos\\\/sebastian-graviotto-conocio-a-timoteo-su-hijo-con-juana-repetto-el-encuentro-mas-esperado\\\/#primaryimage\"},\"thumbnailUrl\":\"https:\\\/\\\/radioclanfm.com\\\/clanespectaculos\\\/wp-content\\\/uploads\\\/sites\\\/2\\\/2026\\\/02\\\/ePZPuhZa.jpg\",\"articleSection\":[\"Espectaculos\"],\"inLanguage\":\"es-AR\",\"potentialAction\":[{\"@type\":\"CommentAction\",\"name\":\"Comment\",\"target\":[\"https:\\\/\\\/radioclanfm.com\\\/clanespectaculos\\\/sebastian-graviotto-conocio-a-timoteo-su-hijo-con-juana-repetto-el-encuentro-mas-esperado\\\/#respond\"]}]},{\"@type\":\"WebPage\",\"@id\":\"https:\\\/\\\/radioclanfm.com\\\/clanespectaculos\\\/sebastian-graviotto-conocio-a-timoteo-su-hijo-con-juana-repetto-el-encuentro-mas-esperado\\\/\",\"url\":\"https:\\\/\\\/radioclanfm.com\\\/clanespectaculos\\\/sebastian-graviotto-conocio-a-timoteo-su-hijo-con-juana-repetto-el-encuentro-mas-esperado\\\/\",\"name\":\"Sebasti\u00e1n Graviotto conoci\u00f3 a Timoteo, su hijo con Juana Repetto: el encuentro m\u00e1s esperado - CLAN ESPECTACULOS\",\"isPartOf\":{\"@id\":\"https:\\\/\\\/radioclanfm.com\\\/clanespectaculos\\\/#website\"},\"primaryImageOfPage\":{\"@id\":\"https:\\\/\\\/radioclanfm.com\\\/clanespectaculos\\\/sebastian-graviotto-conocio-a-timoteo-su-hijo-con-juana-repetto-el-encuentro-mas-esperado\\\/#primaryimage\"},\"image\":{\"@id\":\"https:\\\/\\\/radioclanfm.com\\\/clanespectaculos\\\/sebastian-graviotto-conocio-a-timoteo-su-hijo-con-juana-repetto-el-encuentro-mas-esperado\\\/#primaryimage\"},\"thumbnailUrl\":\"https:\\\/\\\/radioclanfm.com\\\/clanespectaculos\\\/wp-content\\\/uploads\\\/sites\\\/2\\\/2026\\\/02\\\/ePZPuhZa.jpg\",\"datePublished\":\"2026-02-24T01:38:56+00:00\",\"breadcrumb\":{\"@id\":\"https:\\\/\\\/radioclanfm.com\\\/clanespectaculos\\\/sebastian-graviotto-conocio-a-timoteo-su-hijo-con-juana-repetto-el-encuentro-mas-esperado\\\/#breadcrumb\"},\"inLanguage\":\"es-AR\",\"potentialAction\":[{\"@type\":\"ReadAction\",\"target\":[\"https:\\\/\\\/radioclanfm.com\\\/clanespectaculos\\\/sebastian-graviotto-conocio-a-timoteo-su-hijo-con-juana-repetto-el-encuentro-mas-esperado\\\/\"]}]},{\"@type\":\"ImageObject\",\"inLanguage\":\"es-AR\",\"@id\":\"https:\\\/\\\/radioclanfm.com\\\/clanespectaculos\\\/sebastian-graviotto-conocio-a-timoteo-su-hijo-con-juana-repetto-el-encuentro-mas-esperado\\\/#primaryimage\",\"url\":\"https:\\\/\\\/radioclanfm.com\\\/clanespectaculos\\\/wp-content\\\/uploads\\\/sites\\\/2\\\/2026\\\/02\\\/ePZPuhZa.jpg\",\"contentUrl\":\"https:\\\/\\\/radioclanfm.com\\\/clanespectaculos\\\/wp-content\\\/uploads\\\/sites\\\/2\\\/2026\\\/02\\\/ePZPuhZa.jpg\",\"width\":900,\"height\":450},{\"@type\":\"BreadcrumbList\",\"@id\":\"https:\\\/\\\/radioclanfm.com\\\/clanespectaculos\\\/sebastian-graviotto-conocio-a-timoteo-su-hijo-con-juana-repetto-el-encuentro-mas-esperado\\\/#breadcrumb\",\"itemListElement\":[{\"@type\":\"ListItem\",\"position\":1,\"name\":\"Inicio\",\"item\":\"https:\\\/\\\/radioclanfm.com\\\/clanespectaculos\\\/\"},{\"@type\":\"ListItem\",\"position\":2,\"name\":\"Sebasti\u00e1n Graviotto conoci\u00f3 a Timoteo, su hijo con Juana Repetto: el encuentro m\u00e1s esperado\"}]},{\"@type\":\"WebSite\",\"@id\":\"https:\\\/\\\/radioclanfm.com\\\/clanespectaculos\\\/#website\",\"url\":\"https:\\\/\\\/radioclanfm.com\\\/clanespectaculos\\\/\",\"name\":\"CLAN ESPECTACULOS\",\"description\":\"\",\"publisher\":{\"@id\":\"https:\\\/\\\/radioclanfm.com\\\/clanespectaculos\\\/#organization\"},\"potentialAction\":[{\"@type\":\"SearchAction\",\"target\":{\"@type\":\"EntryPoint\",\"urlTemplate\":\"https:\\\/\\\/radioclanfm.com\\\/clanespectaculos\\\/?s={search_term_string}\"},\"query-input\":{\"@type\":\"PropertyValueSpecification\",\"valueRequired\":true,\"valueName\":\"search_term_string\"}}],\"inLanguage\":\"es-AR\"},{\"@type\":\"Organization\",\"@id\":\"https:\\\/\\\/radioclanfm.com\\\/clanespectaculos\\\/#organization\",\"name\":\"CLAN ESPECTACULOS\",\"url\":\"https:\\\/\\\/radioclanfm.com\\\/clanespectaculos\\\/\",\"logo\":{\"@type\":\"ImageObject\",\"inLanguage\":\"es-AR\",\"@id\":\"https:\\\/\\\/radioclanfm.com\\\/clanespectaculos\\\/#\\\/schema\\\/logo\\\/image\\\/\",\"url\":\"https:\\\/\\\/radioclanfm.com\\\/clanespectaculos\\\/wp-content\\\/uploads\\\/sites\\\/2\\\/2026\\\/04\\\/ChatGPT-Image-23-mar-2026-10_09_00.png\",\"contentUrl\":\"https:\\\/\\\/radioclanfm.com\\\/clanespectaculos\\\/wp-content\\\/uploads\\\/sites\\\/2\\\/2026\\\/04\\\/ChatGPT-Image-23-mar-2026-10_09_00.png\",\"width\":1024,\"height\":1024,\"caption\":\"CLAN ESPECTACULOS\"},\"image\":{\"@id\":\"https:\\\/\\\/radioclanfm.com\\\/clanespectaculos\\\/#\\\/schema\\\/logo\\\/image\\\/\"},\"sameAs\":[\"https:\\\/\\\/www.facebook.com\\\/clanespectaculos\\\/\",\"https:\\\/\\\/x.com\\\/clanespectok\"]},{\"@type\":\"Person\",\"@id\":\"https:\\\/\\\/radioclanfm.com\\\/clanespectaculos\\\/#\\\/schema\\\/person\\\/9734813083303230f3ad84d99171b20c\",\"name\":\"E-GRUPOCLAN\",\"image\":{\"@type\":\"ImageObject\",\"inLanguage\":\"es-AR\",\"@id\":\"https:\\\/\\\/secure.gravatar.com\\\/avatar\\\/af6e19837c3d6a212034a48c7b3818d2ac1826f6025df0155da5a186ad321d79?s=96&d=mm&r=g\",\"url\":\"https:\\\/\\\/secure.gravatar.com\\\/avatar\\\/af6e19837c3d6a212034a48c7b3818d2ac1826f6025df0155da5a186ad321d79?s=96&d=mm&r=g\",\"contentUrl\":\"https:\\\/\\\/secure.gravatar.com\\\/avatar\\\/af6e19837c3d6a212034a48c7b3818d2ac1826f6025df0155da5a186ad321d79?s=96&d=mm&r=g\",\"caption\":\"E-GRUPOCLAN\"},\"sameAs\":[\"https:\\\/\\\/radioclanfm.com\"],\"url\":\"https:\\\/\\\/radioclanfm.com\\\/clanespectaculos\\\/author\\\/admin\\\/\"}]}<\/script>\n<!-- \/ Yoast SEO plugin. -->","yoast_head_json":{"title":"Sebasti\u00e1n Graviotto conoci\u00f3 a Timoteo, su hijo con Juana Repetto: el encuentro m\u00e1s esperado - CLAN ESPECTACULOS","robots":{"index":"index","follow":"follow","max-snippet":"max-snippet:-1","max-image-preview":"max-image-preview:large","max-video-preview":"max-video-preview:-1"},"canonical":"https:\/\/radioclanfm.com\/clanespectaculos\/sebastian-graviotto-conocio-a-timoteo-su-hijo-con-juana-repetto-el-encuentro-mas-esperado\/","og_locale":"es_ES","og_type":"article","og_title":"Sebasti\u00e1n Graviotto conoci\u00f3 a Timoteo, su hijo con Juana Repetto: el encuentro m\u00e1s esperado - CLAN ESPECTACULOS","og_description":"El instructor de snowboard regres\u00f3 al pa\u00eds tras compromisos laborales y comparti\u00f3 en redes el primer contacto con el beb\u00e9 nacido el pasado 12 de febrero En las \u00faltimas horas,\u00a0Sebasti\u00e1n Graviotto\u00a0protagoniz\u00f3 uno de los momentos m\u00e1s esperados de su vida: el encuentro con\u00a0Timoteo, el hijo que tuvo junto a\u00a0Juana Repetto. El instructor de snowboard, conocido [&hellip;]","og_url":"https:\/\/radioclanfm.com\/clanespectaculos\/sebastian-graviotto-conocio-a-timoteo-su-hijo-con-juana-repetto-el-encuentro-mas-esperado\/","og_site_name":"CLAN ESPECTACULOS","article_publisher":"https:\/\/www.facebook.com\/clanespectaculos\/","article_published_time":"2026-02-24T01:38:56+00:00","og_image":[{"width":900,"height":450,"url":"https:\/\/radioclanfm.com\/clanespectaculos\/wp-content\/uploads\/sites\/2\/2026\/02\/ePZPuhZa.jpg","type":"image\/jpeg"}],"author":"E-GRUPOCLAN","twitter_card":"summary_large_image","twitter_creator":"@clanespectok","twitter_site":"@clanespectok","twitter_misc":{"Escrito por":"E-GRUPOCLAN","Tiempo de lectura":"5 minutos"},"schema":{"@context":"https:\/\/schema.org","@graph":[{"@type":"Article","@id":"https:\/\/radioclanfm.com\/clanespectaculos\/sebastian-graviotto-conocio-a-timoteo-su-hijo-con-juana-repetto-el-encuentro-mas-esperado\/#article","isPartOf":{"@id":"https:\/\/radioclanfm.com\/clanespectaculos\/sebastian-graviotto-conocio-a-timoteo-su-hijo-con-juana-repetto-el-encuentro-mas-esperado\/"},"author":{"name":"E-GRUPOCLAN","@id":"https:\/\/radioclanfm.com\/clanespectaculos\/#\/schema\/person\/9734813083303230f3ad84d99171b20c"},"headline":"Sebasti\u00e1n Graviotto conoci\u00f3 a Timoteo, su hijo con Juana Repetto: el encuentro m\u00e1s esperado","datePublished":"2026-02-24T01:38:56+00:00","mainEntityOfPage":{"@id":"https:\/\/radioclanfm.com\/clanespectaculos\/sebastian-graviotto-conocio-a-timoteo-su-hijo-con-juana-repetto-el-encuentro-mas-esperado\/"},"wordCount":932,"commentCount":0,"publisher":{"@id":"https:\/\/radioclanfm.com\/clanespectaculos\/#organization"},"image":{"@id":"https:\/\/radioclanfm.com\/clanespectaculos\/sebastian-graviotto-conocio-a-timoteo-su-hijo-con-juana-repetto-el-encuentro-mas-esperado\/#primaryimage"},"thumbnailUrl":"https:\/\/radioclanfm.com\/clanespectaculos\/wp-content\/uploads\/sites\/2\/2026\/02\/ePZPuhZa.jpg","articleSection":["Espectaculos"],"inLanguage":"es-AR","potentialAction":[{"@type":"CommentAction","name":"Comment","target":["https:\/\/radioclanfm.com\/clanespectaculos\/sebastian-graviotto-conocio-a-timoteo-su-hijo-con-juana-repetto-el-encuentro-mas-esperado\/#respond"]}]},{"@type":"WebPage","@id":"https:\/\/radioclanfm.com\/clanespectaculos\/sebastian-graviotto-conocio-a-timoteo-su-hijo-con-juana-repetto-el-encuentro-mas-esperado\/","url":"https:\/\/radioclanfm.com\/clanespectaculos\/sebastian-graviotto-conocio-a-timoteo-su-hijo-con-juana-repetto-el-encuentro-mas-esperado\/","name":"Sebasti\u00e1n Graviotto conoci\u00f3 a Timoteo, su hijo con Juana Repetto: el encuentro m\u00e1s esperado - CLAN ESPECTACULOS","isPartOf":{"@id":"https:\/\/radioclanfm.com\/clanespectaculos\/#website"},"primaryImageOfPage":{"@id":"https:\/\/radioclanfm.com\/clanespectaculos\/sebastian-graviotto-conocio-a-timoteo-su-hijo-con-juana-repetto-el-encuentro-mas-esperado\/#primaryimage"},"image":{"@id":"https:\/\/radioclanfm.com\/clanespectaculos\/sebastian-graviotto-conocio-a-timoteo-su-hijo-con-juana-repetto-el-encuentro-mas-esperado\/#primaryimage"},"thumbnailUrl":"https:\/\/radioclanfm.com\/clanespectaculos\/wp-content\/uploads\/sites\/2\/2026\/02\/ePZPuhZa.jpg","datePublished":"2026-02-24T01:38:56+00:00","breadcrumb":{"@id":"https:\/\/radioclanfm.com\/clanespectaculos\/sebastian-graviotto-conocio-a-timoteo-su-hijo-con-juana-repetto-el-encuentro-mas-esperado\/#breadcrumb"},"inLanguage":"es-AR","potentialAction":[{"@type":"ReadAction","target":["https:\/\/radioclanfm.com\/clanespectaculos\/sebastian-graviotto-conocio-a-timoteo-su-hijo-con-juana-repetto-el-encuentro-mas-esperado\/"]}]},{"@type":"ImageObject","inLanguage":"es-AR","@id":"https:\/\/radioclanfm.com\/clanespectaculos\/sebastian-graviotto-conocio-a-timoteo-su-hijo-con-juana-repetto-el-encuentro-mas-esperado\/#primaryimage","url":"https:\/\/radioclanfm.com\/clanespectaculos\/wp-content\/uploads\/sites\/2\/2026\/02\/ePZPuhZa.jpg","contentUrl":"https:\/\/radioclanfm.com\/clanespectaculos\/wp-content\/uploads\/sites\/2\/2026\/02\/ePZPuhZa.jpg","width":900,"height":450},{"@type":"BreadcrumbList","@id":"https:\/\/radioclanfm.com\/clanespectaculos\/sebastian-graviotto-conocio-a-timoteo-su-hijo-con-juana-repetto-el-encuentro-mas-esperado\/#breadcrumb","itemListElement":[{"@type":"ListItem","position":1,"name":"Inicio","item":"https:\/\/radioclanfm.com\/clanespectaculos\/"},{"@type":"ListItem","position":2,"name":"Sebasti\u00e1n Graviotto conoci\u00f3 a Timoteo, su hijo con Juana Repetto: el encuentro m\u00e1s esperado"}]},{"@type":"WebSite","@id":"https:\/\/radioclanfm.com\/clanespectaculos\/#website","url":"https:\/\/radioclanfm.com\/clanespectaculos\/","name":"CLAN ESPECTACULOS","description":"","publisher":{"@id":"https:\/\/radioclanfm.com\/clanespectaculos\/#organization"},"potentialAction":[{"@type":"SearchAction","target":{"@type":"EntryPoint","urlTemplate":"https:\/\/radioclanfm.com\/clanespectaculos\/?s={search_term_string}"},"query-input":{"@type":"PropertyValueSpecification","valueRequired":true,"valueName":"search_term_string"}}],"inLanguage":"es-AR"},{"@type":"Organization","@id":"https:\/\/radioclanfm.com\/clanespectaculos\/#organization","name":"CLAN ESPECTACULOS","url":"https:\/\/radioclanfm.com\/clanespectaculos\/","logo":{"@type":"ImageObject","inLanguage":"es-AR","@id":"https:\/\/radioclanfm.com\/clanespectaculos\/#\/schema\/logo\/image\/","url":"https:\/\/radioclanfm.com\/clanespectaculos\/wp-content\/uploads\/sites\/2\/2026\/04\/ChatGPT-Image-23-mar-2026-10_09_00.png","contentUrl":"https:\/\/radioclanfm.com\/clanespectaculos\/wp-content\/uploads\/sites\/2\/2026\/04\/ChatGPT-Image-23-mar-2026-10_09_00.png","width":1024,"height":1024,"caption":"CLAN ESPECTACULOS"},"image":{"@id":"https:\/\/radioclanfm.com\/clanespectaculos\/#\/schema\/logo\/image\/"},"sameAs":["https:\/\/www.facebook.com\/clanespectaculos\/","https:\/\/x.com\/clanespectok"]},{"@type":"Person","@id":"https:\/\/radioclanfm.com\/clanespectaculos\/#\/schema\/person\/9734813083303230f3ad84d99171b20c","name":"E-GRUPOCLAN","image":{"@type":"ImageObject","inLanguage":"es-AR","@id":"https:\/\/secure.gravatar.com\/avatar\/af6e19837c3d6a212034a48c7b3818d2ac1826f6025df0155da5a186ad321d79?s=96&d=mm&r=g","url":"https:\/\/secure.gravatar.com\/avatar\/af6e19837c3d6a212034a48c7b3818d2ac1826f6025df0155da5a186ad321d79?s=96&d=mm&r=g","contentUrl":"https:\/\/secure.gravatar.com\/avatar\/af6e19837c3d6a212034a48c7b3818d2ac1826f6025df0155da5a186ad321d79?s=96&d=mm&r=g","caption":"E-GRUPOCLAN"},"sameAs":["https:\/\/radioclanfm.com"],"url":"https:\/\/radioclanfm.com\/clanespectaculos\/author\/admin\/"}]}},"_links":{"self":[{"href":"https:\/\/radioclanfm.com\/clanespectaculos\/wp-json\/wp\/v2\/posts\/12660","targetHints":{"allow":["GET"]}}],"collection":[{"href":"https:\/\/radioclanfm.com\/clanespectaculos\/wp-json\/wp\/v2\/posts"}],"about":[{"href":"https:\/\/radioclanfm.com\/clanespectaculos\/wp-json\/wp\/v2\/types\/post"}],"author":[{"embeddable":true,"href":"https:\/\/radioclanfm.com\/clanespectaculos\/wp-json\/wp\/v2\/users\/1"}],"replies":[{"embeddable":true,"href":"https:\/\/radioclanfm.com\/clanespectaculos\/wp-json\/wp\/v2\/comments?post=12660"}],"version-history":[{"count":1,"href":"https:\/\/radioclanfm.com\/clanespectaculos\/wp-json\/wp\/v2\/posts\/12660\/revisions"}],"predecessor-version":[{"id":12664,"href":"https:\/\/radioclanfm.com\/clanespectaculos\/wp-json\/wp\/v2\/posts\/12660\/revisions\/12664"}],"wp:featuredmedia":[{"embeddable":true,"href":"https:\/\/radioclanfm.com\/clanespectaculos\/wp-json\/wp\/v2\/media\/12663"}],"wp:attachment":[{"href":"https:\/\/radioclanfm.com\/clanespectaculos\/wp-json\/wp\/v2\/media?parent=12660"}],"wp:term":[{"taxonomy":"category","embeddable":true,"href":"https:\/\/radioclanfm.com\/clanespectaculos\/wp-json\/wp\/v2\/categories?post=12660"},{"taxonomy":"post_tag","embeddable":true,"href":"https:\/\/radioclanfm.com\/clanespectaculos\/wp-json\/wp\/v2\/tags?post=12660"}],"curies":[{"name":"wp","href":"https:\/\/api.w.org\/{rel}","templated":true}]}}