{"id":12655,"date":"2026-02-23T22:37:27","date_gmt":"2026-02-24T01:37:27","guid":{"rendered":"https:\/\/radioclanfm.com\/clanespectaculos\/?p=12655"},"modified":"2026-02-23T22:37:27","modified_gmt":"2026-02-24T01:37:27","slug":"sofia-gonet-revelo-la-verdadera-razon-por-la-que-no-trabajaria-con-stephanie-demner-yo-ahora-haria-lo-mismo","status":"publish","type":"post","link":"https:\/\/radioclanfm.com\/clanespectaculos\/sofia-gonet-revelo-la-verdadera-razon-por-la-que-no-trabajaria-con-stephanie-demner-yo-ahora-haria-lo-mismo\/","title":{"rendered":"Sof\u00eda Gonet revel\u00f3 la verdadera raz\u00f3n por la que no trabajar\u00eda con Stephanie Demner: \u201cYo ahora, har\u00eda lo mismo\u201d"},"content":{"rendered":"<p>En una confesi\u00f3n directa durante un programa de streaming, La Reini explic\u00f3 el verdadero motivo detr\u00e1s de su negativa a colaborar con la influencer<\/p>\n<p class=\"paragraph\" data-mrf-recirculation=\"Links inline\">En el mundo del streaming y las redes sociales, donde las colaboraciones son moneda corriente, una confesi\u00f3n inesperada sacudi\u00f3 el ambiente influencer.\u00a0<b>Sof\u00eda Gonet<\/b>, m\u00e1s conocida como \u201cLa Reini\u201d, apunt\u00f3 sin vueltas contra\u00a0<b>Stephanie Demner<\/b>\u00a0y revel\u00f3 por qu\u00e9 jam\u00e1s volver\u00eda a trabajar con ella.<\/p>\n<div class=\"news-module\" data-mrf-recirculation=\"IL_GBLs3HYWRq2RgU4Qz8MM1Q\" data-testid=\"text-html\" data-mrf-experience=\"IL_GBLs3HYWRq2RgU4Qz8MM1Q\">\n<div class=\"recommended-card__image-container\"><\/div>\n<\/div>\n<p class=\"paragraph\" data-mrf-recirculation=\"Links inline\">La escena ocurri\u00f3 durante su participaci\u00f3n en el programa de streaming\u00a0<i>Patria y Familia<\/i>\u00a0(Luzu TV), donde el conductor\u00a0<b>Fede Popgold<\/b>\u00a0le propuso un juego: elegir con qu\u00e9 figura del medio no aceptar\u00eda compartir un proyecto laboral. Sof\u00eda observ\u00f3 distintas im\u00e1genes cuando lleg\u00f3 a la foto de Demner. Sin dudar, la dio vuelta y lanz\u00f3 la frase que encendi\u00f3 la pol\u00e9mica. \u201c\u00bfCon qui\u00e9n no trabajar\u00eda jam\u00e1s de todas estas personas? Eeeh\u2026\u201d, dijo en un primer momento, mientras sonaba m\u00fasica tensa en el estudio. Fue entonces cuando ella gir\u00f3 el cartelito, Popgold exclam\u00f3:\u00a0<b>\u201c\u00a1Stephanie Demner!\u201d.<\/b><\/p>\n<div class=\"visual__image\"><picture><source srcset=\"https:\/\/www.infobae.com\/resizer\/v2\/3AMF5MTSYFCDDB7XSGMY36FDVA.jpg?auth=5ee574319a8a8ac3076bf84788a81e76b75290257d7fda532d81c11d981c4bb6&amp;smart=true&amp;width=992&amp;height=661&amp;quality=85\" media=\"(min-width: 1000px)\" \/><source srcset=\"https:\/\/www.infobae.com\/resizer\/v2\/3AMF5MTSYFCDDB7XSGMY36FDVA.jpg?auth=5ee574319a8a8ac3076bf84788a81e76b75290257d7fda532d81c11d981c4bb6&amp;smart=true&amp;width=768&amp;height=512&amp;quality=85\" media=\"(min-width: 768px)\" \/><source srcset=\"https:\/\/www.infobae.com\/resizer\/v2\/3AMF5MTSYFCDDB7XSGMY36FDVA.jpg?auth=5ee574319a8a8ac3076bf84788a81e76b75290257d7fda532d81c11d981c4bb6&amp;smart=true&amp;width=577&amp;height=385&amp;quality=85\" media=\"(min-width: 580px)\" \/><source srcset=\"https:\/\/www.infobae.com\/resizer\/v2\/3AMF5MTSYFCDDB7XSGMY36FDVA.jpg?auth=5ee574319a8a8ac3076bf84788a81e76b75290257d7fda532d81c11d981c4bb6&amp;smart=true&amp;width=420&amp;height=280&amp;quality=85\" media=\"(min-width: 350px)\" \/><source srcset=\"https:\/\/www.infobae.com\/resizer\/v2\/3AMF5MTSYFCDDB7XSGMY36FDVA.jpg?auth=5ee574319a8a8ac3076bf84788a81e76b75290257d7fda532d81c11d981c4bb6&amp;smart=true&amp;width=350&amp;height=233&amp;quality=85\" media=\"(min-width: 80px)\" \/><img loading=\"lazy\" decoding=\"async\" class=\"global-image\" src=\"https:\/\/www.infobae.com\/resizer\/v2\/3AMF5MTSYFCDDB7XSGMY36FDVA.jpg?auth=5ee574319a8a8ac3076bf84788a81e76b75290257d7fda532d81c11d981c4bb6&amp;smart=true&amp;width=350&amp;height=233&amp;quality=85\" alt=\"La Reini revel\u00f3 en Patria\" width=\"1920\" height=\"1280\" \/><\/picture>La Reini revel\u00f3 en Patria y Familia que Demner pidi\u00f3 bajarla de una campa\u00f1a comercial cuando Gonet ten\u00eda apenas 30 mil seguidores (Nicolas Stulberg)<\/div>\n<div class=\"inline ad-wrapper\">\n<div class=\"dfpAd ad-inline\"><\/div>\n<\/div>\n<p class=\"paragraph\" data-mrf-recirculation=\"Links inline\">La influencer confirm\u00f3 la elecci\u00f3n y explic\u00f3 el motivo con una acusaci\u00f3n directa:<b>\u00a0\u201cLa eleg\u00ed porque cuando yo arranqu\u00e9 en las redes sociales y ten\u00eda 30 mil seguidores, y ella m\u00e1s de un mill\u00f3n, pidi\u00f3 que me bajen de una marca\u201d.<\/b>\u00a0El comentario gener\u00f3 sorpresa inmediata en el panel. La confesi\u00f3n expuso una situaci\u00f3n que, seg\u00fan Gonet, ocurri\u00f3 en sus inicios como creadora de contenido, cuando a\u00fan estaba lejos del nivel de exposici\u00f3n que hoy tiene tras su paso por\u00a0<i>MasterChef Celebrity Argentina<\/i>\u00a0(Telefe).<\/p>\n<div class=\"news-module\" data-mrf-recirculation=\"IL_m3kiGo-8SVS6m0U7OqrZLw\" data-testid=\"text-html\" data-mrf-experience=\"IL_m3kiGo-8SVS6m0U7OqrZLw\">\n<div class=\"recommended-card__image-container\"><\/div>\n<\/div>\n<p class=\"paragraph\" data-mrf-recirculation=\"Links inline\">Lejos de matizar sus palabras, redobl\u00f3 la apuesta:\u00a0<b>\u201cEntonces, yo ahora har\u00eda lo mismo. Dir\u00eda: \u2018Si es con ella, a m\u00ed no me ten\u00e9s\u2019\u201d.<\/b>\u00a0La frase dej\u00f3 helados a los conductores y r\u00e1pidamente comenz\u00f3 a circular en redes sociales, donde los usuarios debatieron sobre la competencia en el universo influencer y las tensiones que pueden generarse entre figuras del mismo rubro.<b>\u00a0Hasta el momento, Stephanie Demner no respondi\u00f3 p\u00fablicamente a la acusaci\u00f3n.<\/b><\/p>\n<div class=\"visual__image\"><picture><source srcset=\"https:\/\/www.infobae.com\/resizer\/v2\/PKIFLLUVMVA2BK3RRTAQ2T7VSQ.jpg?auth=ebb6947bc11b40701319bdae97cc4b68e728acd946f0f75906cb67dbc3d7a66d&amp;smart=true&amp;width=992&amp;height=1186&amp;quality=85\" media=\"(min-width: 1000px)\" \/><source srcset=\"https:\/\/www.infobae.com\/resizer\/v2\/PKIFLLUVMVA2BK3RRTAQ2T7VSQ.jpg?auth=ebb6947bc11b40701319bdae97cc4b68e728acd946f0f75906cb67dbc3d7a66d&amp;smart=true&amp;width=768&amp;height=918&amp;quality=85\" media=\"(min-width: 768px)\" \/><source srcset=\"https:\/\/www.infobae.com\/resizer\/v2\/PKIFLLUVMVA2BK3RRTAQ2T7VSQ.jpg?auth=ebb6947bc11b40701319bdae97cc4b68e728acd946f0f75906cb67dbc3d7a66d&amp;smart=true&amp;width=577&amp;height=690&amp;quality=85\" media=\"(min-width: 580px)\" \/><source srcset=\"https:\/\/www.infobae.com\/resizer\/v2\/PKIFLLUVMVA2BK3RRTAQ2T7VSQ.jpg?auth=ebb6947bc11b40701319bdae97cc4b68e728acd946f0f75906cb67dbc3d7a66d&amp;smart=true&amp;width=420&amp;height=502&amp;quality=85\" media=\"(min-width: 350px)\" \/><source srcset=\"https:\/\/www.infobae.com\/resizer\/v2\/PKIFLLUVMVA2BK3RRTAQ2T7VSQ.jpg?auth=ebb6947bc11b40701319bdae97cc4b68e728acd946f0f75906cb67dbc3d7a66d&amp;smart=true&amp;width=350&amp;height=418&amp;quality=85\" media=\"(min-width: 80px)\" \/><img loading=\"lazy\" decoding=\"async\" class=\"global-image\" src=\"https:\/\/www.infobae.com\/resizer\/v2\/PKIFLLUVMVA2BK3RRTAQ2T7VSQ.jpg?auth=ebb6947bc11b40701319bdae97cc4b68e728acd946f0f75906cb67dbc3d7a66d&amp;smart=true&amp;width=350&amp;height=418&amp;quality=85\" alt=\"Sof\u00eda Gonet justific\u00f3 su postura\" width=\"1440\" height=\"1721\" \/><\/picture>Sof\u00eda Gonet justific\u00f3 su postura afirmando que hoy, en igualdad de condiciones, ella actuar\u00eda de la misma forma que Demner<\/div>\n<div class=\"inline_2_DSK ad-wrapper ad-desktop\">\n<div class=\"dfpAd ad-inline\"><\/div>\n<\/div>\n<p class=\"paragraph\" data-mrf-recirculation=\"Links inline\">Aunque Sof\u00eda no brind\u00f3 detalles sobre la marca involucrada ni el contexto puntual del episodio, su relato apunt\u00f3 a una supuesta maniobra que la habr\u00eda perjudicado profesionalmente en un momento clave de su crecimiento digital. La diferencia de seguidores marc\u00f3, seg\u00fan ella, una desigualdad de poder dentro del circuito comercial.<b>\u00a0Hoy, con una comunidad consolidada y mayor visibilidad, Gonet asegur\u00f3 que actuar\u00eda de la misma manera si se encontrara en una situaci\u00f3n similar.<\/b><\/p>\n<div class=\"news-module\" data-mrf-recirculation=\"IL_wLyG9sjfRQKb8QO3fSLumw\" data-testid=\"text-html\" data-mrf-experience=\"IL_wLyG9sjfRQKb8QO3fSLumw\">\n<div class=\"recommended-card__image-container\"><\/div>\n<\/div>\n<p class=\"paragraph\" data-mrf-recirculation=\"Links inline\">La joven sigue en carrera durante el reality culinario, que est\u00e1 llegando a su fin. El pasado jueves, vivi\u00f3 una serie de cambios de instrucciones y errores en la cocina que provocaron su fastidio. En la \u00faltima gala, volvi\u00f3 a quedar en el centro de la escena por una noche marcada por la confusi\u00f3n y los cambios de consigna. La influencer ingres\u00f3 con energ\u00eda y hasta estren\u00f3 look. Al llegar, se present\u00f3: \u201cSoy Sabrina Carpenter, estoy lookeada como una popstar un poco country\u201d, dijo, pero r\u00e1pidamente el entusiasmo se transform\u00f3 en fastidio.<\/p>\n<p class=\"paragraph\" data-mrf-recirculation=\"Links inline\">Primero eligi\u00f3 una caja secreta convencida de que podr\u00eda hacer un plato dulce, pero la consigna termin\u00f3 siendo preparar cannolis, lo que la descoloc\u00f3 por completo. M\u00e1s tarde, al intentar reorganizar su estrategia con un plato salado, recibi\u00f3 indicaciones de Germ\u00e1n Martitegui que modificaron su idea original y la dejaron a\u00fan m\u00e1s perdida. \u201cYo usar\u00eda esta berenjena que es espectacular, saltear\u00eda el pak choi, har\u00eda una especia de bife de melena de le\u00f3n, s\u00faper crocante, maravilloso. Y pondr\u00eda todo arriba\u201d, le coment\u00f3 el chef. Lejos de la respuesta que esperaba, la influencer se vio obligada a modificar sus planes: \u201cHay ingredientes que yo no sab\u00eda manipular tanto y em cambia por completo la idea. C\u00f3mo se corta? Voy a cambiar todo Germ\u00e1n. Mis ideas hoy no importan porque no est\u00e1n, est\u00e1n perdidas en la nebulosa. Vamos a tener que volantear. Estoy m\u00e1s confundida que antes, no tengo idea.<b>\u00a0Todo en mi mente es caos y confusi\u00f3n<\/b>\u201d, confes\u00f3.<\/p>\n<p class=\"paragraph\" data-mrf-recirculation=\"Links inline\">La presentaci\u00f3n tampoco fue sencilla: reconoci\u00f3 que no estaba conforme con el resultado y se mostr\u00f3 afectada por una devoluci\u00f3n que calific\u00f3 su preparaci\u00f3n como una \u201cesponja usada y vieja\u201d. Finalmente,\u00a0<b>el jurado determin\u00f3 que tanto ella como el Chino Leunis tuvieron las performances m\u00e1s flojas de la noche<\/b>, por lo que ambos fueron enviados directamente a la siguiente gala de eliminaci\u00f3n, en la que se destac\u00f3 y logr\u00f3 salvarse.<\/p>\n<div class=\"second-saved-buttons\">\n<div class=\"body-share-note\"><\/div>\n<\/div>\n","protected":false},"excerpt":{"rendered":"<p>En una confesi\u00f3n directa durante un programa de streaming, La Reini explic\u00f3 el verdadero motivo detr\u00e1s de su negativa a colaborar con la influencer En el mundo del streaming y las redes sociales, donde las colaboraciones son moneda corriente, una confesi\u00f3n inesperada sacudi\u00f3 el ambiente influencer.\u00a0Sof\u00eda Gonet, m\u00e1s conocida como \u201cLa Reini\u201d, apunt\u00f3 sin vueltas [&hellip;]<\/p>\n","protected":false},"author":1,"featured_media":12658,"comment_status":"open","ping_status":"open","sticky":false,"template":"","format":"standard","meta":{"rop_custom_images_group":[],"rop_custom_messages_group":[],"rop_publish_now":"initial","rop_publish_now_accounts":[],"rop_publish_now_history":[],"rop_publish_now_status":"pending","footnotes":"","jetpack_publicize_message":"","jetpack_publicize_feature_enabled":true,"jetpack_social_post_already_shared":true,"jetpack_social_options":{"image_generator_settings":{"template":"highway","enabled":false},"version":2}},"categories":[12],"tags":[],"class_list":{"0":"post-12655","1":"post","2":"type-post","3":"status-publish","4":"format-standard","5":"has-post-thumbnail","7":"category-espectaculos"},"jetpack_publicize_connections":[],"yoast_head":"<!-- This site is optimized with the Yoast SEO plugin v27.3 - https:\/\/yoast.com\/product\/yoast-seo-wordpress\/ -->\n<title>Sof\u00eda Gonet revel\u00f3 la verdadera raz\u00f3n por la que no trabajar\u00eda con Stephanie Demner: \u201cYo ahora, har\u00eda lo mismo\u201d - CLAN ESPECTACULOS<\/title>\n<meta name=\"robots\" content=\"index, follow, max-snippet:-1, max-image-preview:large, max-video-preview:-1\" \/>\n<link rel=\"canonical\" href=\"https:\/\/radioclanfm.com\/clanespectaculos\/sofia-gonet-revelo-la-verdadera-razon-por-la-que-no-trabajaria-con-stephanie-demner-yo-ahora-haria-lo-mismo\/\" \/>\n<meta property=\"og:locale\" content=\"es_ES\" \/>\n<meta property=\"og:type\" content=\"article\" \/>\n<meta property=\"og:title\" content=\"Sof\u00eda Gonet revel\u00f3 la verdadera raz\u00f3n por la que no trabajar\u00eda con Stephanie Demner: \u201cYo ahora, har\u00eda lo mismo\u201d - CLAN ESPECTACULOS\" \/>\n<meta property=\"og:description\" content=\"En una confesi\u00f3n directa durante un programa de streaming, La Reini explic\u00f3 el verdadero motivo detr\u00e1s de su negativa a colaborar con la influencer En el mundo del streaming y las redes sociales, donde las colaboraciones son moneda corriente, una confesi\u00f3n inesperada sacudi\u00f3 el ambiente influencer.\u00a0Sof\u00eda Gonet, m\u00e1s conocida como \u201cLa Reini\u201d, apunt\u00f3 sin vueltas [&hellip;]\" \/>\n<meta property=\"og:url\" content=\"https:\/\/radioclanfm.com\/clanespectaculos\/sofia-gonet-revelo-la-verdadera-razon-por-la-que-no-trabajaria-con-stephanie-demner-yo-ahora-haria-lo-mismo\/\" \/>\n<meta property=\"og:site_name\" content=\"CLAN ESPECTACULOS\" \/>\n<meta property=\"article:publisher\" content=\"https:\/\/www.facebook.com\/clanespectaculos\/\" \/>\n<meta property=\"article:published_time\" content=\"2026-02-24T01:37:27+00:00\" \/>\n<meta property=\"og:image\" content=\"https:\/\/radioclanfm.com\/clanespectaculos\/wp-content\/uploads\/sites\/2\/2026\/02\/WRcqKDqN.jpg\" \/>\n\t<meta property=\"og:image:width\" content=\"900\" \/>\n\t<meta property=\"og:image:height\" content=\"450\" \/>\n\t<meta property=\"og:image:type\" content=\"image\/jpeg\" \/>\n<meta name=\"author\" content=\"E-GRUPOCLAN\" \/>\n<meta name=\"twitter:card\" content=\"summary_large_image\" \/>\n<meta name=\"twitter:creator\" content=\"@clanespectok\" \/>\n<meta name=\"twitter:site\" content=\"@clanespectok\" \/>\n<meta name=\"twitter:label1\" content=\"Escrito por\" \/>\n\t<meta name=\"twitter:data1\" content=\"E-GRUPOCLAN\" \/>\n\t<meta name=\"twitter:label2\" content=\"Tiempo de lectura\" \/>\n\t<meta name=\"twitter:data2\" content=\"4 minutos\" \/>\n<script type=\"application\/ld+json\" class=\"yoast-schema-graph\">{\"@context\":\"https:\\\/\\\/schema.org\",\"@graph\":[{\"@type\":\"Article\",\"@id\":\"https:\\\/\\\/radioclanfm.com\\\/clanespectaculos\\\/sofia-gonet-revelo-la-verdadera-razon-por-la-que-no-trabajaria-con-stephanie-demner-yo-ahora-haria-lo-mismo\\\/#article\",\"isPartOf\":{\"@id\":\"https:\\\/\\\/radioclanfm.com\\\/clanespectaculos\\\/sofia-gonet-revelo-la-verdadera-razon-por-la-que-no-trabajaria-con-stephanie-demner-yo-ahora-haria-lo-mismo\\\/\"},\"author\":{\"name\":\"E-GRUPOCLAN\",\"@id\":\"https:\\\/\\\/radioclanfm.com\\\/clanespectaculos\\\/#\\\/schema\\\/person\\\/9734813083303230f3ad84d99171b20c\"},\"headline\":\"Sof\u00eda Gonet revel\u00f3 la verdadera raz\u00f3n por la que no trabajar\u00eda con Stephanie Demner: \u201cYo ahora, har\u00eda lo mismo\u201d\",\"datePublished\":\"2026-02-24T01:37:27+00:00\",\"mainEntityOfPage\":{\"@id\":\"https:\\\/\\\/radioclanfm.com\\\/clanespectaculos\\\/sofia-gonet-revelo-la-verdadera-razon-por-la-que-no-trabajaria-con-stephanie-demner-yo-ahora-haria-lo-mismo\\\/\"},\"wordCount\":843,\"commentCount\":0,\"publisher\":{\"@id\":\"https:\\\/\\\/radioclanfm.com\\\/clanespectaculos\\\/#organization\"},\"image\":{\"@id\":\"https:\\\/\\\/radioclanfm.com\\\/clanespectaculos\\\/sofia-gonet-revelo-la-verdadera-razon-por-la-que-no-trabajaria-con-stephanie-demner-yo-ahora-haria-lo-mismo\\\/#primaryimage\"},\"thumbnailUrl\":\"https:\\\/\\\/radioclanfm.com\\\/clanespectaculos\\\/wp-content\\\/uploads\\\/sites\\\/2\\\/2026\\\/02\\\/WRcqKDqN.jpg\",\"articleSection\":[\"Espectaculos\"],\"inLanguage\":\"es-AR\",\"potentialAction\":[{\"@type\":\"CommentAction\",\"name\":\"Comment\",\"target\":[\"https:\\\/\\\/radioclanfm.com\\\/clanespectaculos\\\/sofia-gonet-revelo-la-verdadera-razon-por-la-que-no-trabajaria-con-stephanie-demner-yo-ahora-haria-lo-mismo\\\/#respond\"]}]},{\"@type\":\"WebPage\",\"@id\":\"https:\\\/\\\/radioclanfm.com\\\/clanespectaculos\\\/sofia-gonet-revelo-la-verdadera-razon-por-la-que-no-trabajaria-con-stephanie-demner-yo-ahora-haria-lo-mismo\\\/\",\"url\":\"https:\\\/\\\/radioclanfm.com\\\/clanespectaculos\\\/sofia-gonet-revelo-la-verdadera-razon-por-la-que-no-trabajaria-con-stephanie-demner-yo-ahora-haria-lo-mismo\\\/\",\"name\":\"Sof\u00eda Gonet revel\u00f3 la verdadera raz\u00f3n por la que no trabajar\u00eda con Stephanie Demner: \u201cYo ahora, har\u00eda lo mismo\u201d - CLAN ESPECTACULOS\",\"isPartOf\":{\"@id\":\"https:\\\/\\\/radioclanfm.com\\\/clanespectaculos\\\/#website\"},\"primaryImageOfPage\":{\"@id\":\"https:\\\/\\\/radioclanfm.com\\\/clanespectaculos\\\/sofia-gonet-revelo-la-verdadera-razon-por-la-que-no-trabajaria-con-stephanie-demner-yo-ahora-haria-lo-mismo\\\/#primaryimage\"},\"image\":{\"@id\":\"https:\\\/\\\/radioclanfm.com\\\/clanespectaculos\\\/sofia-gonet-revelo-la-verdadera-razon-por-la-que-no-trabajaria-con-stephanie-demner-yo-ahora-haria-lo-mismo\\\/#primaryimage\"},\"thumbnailUrl\":\"https:\\\/\\\/radioclanfm.com\\\/clanespectaculos\\\/wp-content\\\/uploads\\\/sites\\\/2\\\/2026\\\/02\\\/WRcqKDqN.jpg\",\"datePublished\":\"2026-02-24T01:37:27+00:00\",\"breadcrumb\":{\"@id\":\"https:\\\/\\\/radioclanfm.com\\\/clanespectaculos\\\/sofia-gonet-revelo-la-verdadera-razon-por-la-que-no-trabajaria-con-stephanie-demner-yo-ahora-haria-lo-mismo\\\/#breadcrumb\"},\"inLanguage\":\"es-AR\",\"potentialAction\":[{\"@type\":\"ReadAction\",\"target\":[\"https:\\\/\\\/radioclanfm.com\\\/clanespectaculos\\\/sofia-gonet-revelo-la-verdadera-razon-por-la-que-no-trabajaria-con-stephanie-demner-yo-ahora-haria-lo-mismo\\\/\"]}]},{\"@type\":\"ImageObject\",\"inLanguage\":\"es-AR\",\"@id\":\"https:\\\/\\\/radioclanfm.com\\\/clanespectaculos\\\/sofia-gonet-revelo-la-verdadera-razon-por-la-que-no-trabajaria-con-stephanie-demner-yo-ahora-haria-lo-mismo\\\/#primaryimage\",\"url\":\"https:\\\/\\\/radioclanfm.com\\\/clanespectaculos\\\/wp-content\\\/uploads\\\/sites\\\/2\\\/2026\\\/02\\\/WRcqKDqN.jpg\",\"contentUrl\":\"https:\\\/\\\/radioclanfm.com\\\/clanespectaculos\\\/wp-content\\\/uploads\\\/sites\\\/2\\\/2026\\\/02\\\/WRcqKDqN.jpg\",\"width\":900,\"height\":450},{\"@type\":\"BreadcrumbList\",\"@id\":\"https:\\\/\\\/radioclanfm.com\\\/clanespectaculos\\\/sofia-gonet-revelo-la-verdadera-razon-por-la-que-no-trabajaria-con-stephanie-demner-yo-ahora-haria-lo-mismo\\\/#breadcrumb\",\"itemListElement\":[{\"@type\":\"ListItem\",\"position\":1,\"name\":\"Inicio\",\"item\":\"https:\\\/\\\/radioclanfm.com\\\/clanespectaculos\\\/\"},{\"@type\":\"ListItem\",\"position\":2,\"name\":\"Sof\u00eda Gonet revel\u00f3 la verdadera raz\u00f3n por la que no trabajar\u00eda con Stephanie Demner: \u201cYo ahora, har\u00eda lo mismo\u201d\"}]},{\"@type\":\"WebSite\",\"@id\":\"https:\\\/\\\/radioclanfm.com\\\/clanespectaculos\\\/#website\",\"url\":\"https:\\\/\\\/radioclanfm.com\\\/clanespectaculos\\\/\",\"name\":\"CLAN ESPECTACULOS\",\"description\":\"\",\"publisher\":{\"@id\":\"https:\\\/\\\/radioclanfm.com\\\/clanespectaculos\\\/#organization\"},\"potentialAction\":[{\"@type\":\"SearchAction\",\"target\":{\"@type\":\"EntryPoint\",\"urlTemplate\":\"https:\\\/\\\/radioclanfm.com\\\/clanespectaculos\\\/?s={search_term_string}\"},\"query-input\":{\"@type\":\"PropertyValueSpecification\",\"valueRequired\":true,\"valueName\":\"search_term_string\"}}],\"inLanguage\":\"es-AR\"},{\"@type\":\"Organization\",\"@id\":\"https:\\\/\\\/radioclanfm.com\\\/clanespectaculos\\\/#organization\",\"name\":\"CLAN ESPECTACULOS\",\"url\":\"https:\\\/\\\/radioclanfm.com\\\/clanespectaculos\\\/\",\"logo\":{\"@type\":\"ImageObject\",\"inLanguage\":\"es-AR\",\"@id\":\"https:\\\/\\\/radioclanfm.com\\\/clanespectaculos\\\/#\\\/schema\\\/logo\\\/image\\\/\",\"url\":\"https:\\\/\\\/radioclanfm.com\\\/clanespectaculos\\\/wp-content\\\/uploads\\\/sites\\\/2\\\/2026\\\/04\\\/ChatGPT-Image-23-mar-2026-10_09_00.png\",\"contentUrl\":\"https:\\\/\\\/radioclanfm.com\\\/clanespectaculos\\\/wp-content\\\/uploads\\\/sites\\\/2\\\/2026\\\/04\\\/ChatGPT-Image-23-mar-2026-10_09_00.png\",\"width\":1024,\"height\":1024,\"caption\":\"CLAN ESPECTACULOS\"},\"image\":{\"@id\":\"https:\\\/\\\/radioclanfm.com\\\/clanespectaculos\\\/#\\\/schema\\\/logo\\\/image\\\/\"},\"sameAs\":[\"https:\\\/\\\/www.facebook.com\\\/clanespectaculos\\\/\",\"https:\\\/\\\/x.com\\\/clanespectok\"]},{\"@type\":\"Person\",\"@id\":\"https:\\\/\\\/radioclanfm.com\\\/clanespectaculos\\\/#\\\/schema\\\/person\\\/9734813083303230f3ad84d99171b20c\",\"name\":\"E-GRUPOCLAN\",\"image\":{\"@type\":\"ImageObject\",\"inLanguage\":\"es-AR\",\"@id\":\"https:\\\/\\\/secure.gravatar.com\\\/avatar\\\/af6e19837c3d6a212034a48c7b3818d2ac1826f6025df0155da5a186ad321d79?s=96&d=mm&r=g\",\"url\":\"https:\\\/\\\/secure.gravatar.com\\\/avatar\\\/af6e19837c3d6a212034a48c7b3818d2ac1826f6025df0155da5a186ad321d79?s=96&d=mm&r=g\",\"contentUrl\":\"https:\\\/\\\/secure.gravatar.com\\\/avatar\\\/af6e19837c3d6a212034a48c7b3818d2ac1826f6025df0155da5a186ad321d79?s=96&d=mm&r=g\",\"caption\":\"E-GRUPOCLAN\"},\"sameAs\":[\"https:\\\/\\\/radioclanfm.com\"],\"url\":\"https:\\\/\\\/radioclanfm.com\\\/clanespectaculos\\\/author\\\/admin\\\/\"}]}<\/script>\n<!-- \/ Yoast SEO plugin. -->","yoast_head_json":{"title":"Sof\u00eda Gonet revel\u00f3 la verdadera raz\u00f3n por la que no trabajar\u00eda con Stephanie Demner: \u201cYo ahora, har\u00eda lo mismo\u201d - CLAN ESPECTACULOS","robots":{"index":"index","follow":"follow","max-snippet":"max-snippet:-1","max-image-preview":"max-image-preview:large","max-video-preview":"max-video-preview:-1"},"canonical":"https:\/\/radioclanfm.com\/clanespectaculos\/sofia-gonet-revelo-la-verdadera-razon-por-la-que-no-trabajaria-con-stephanie-demner-yo-ahora-haria-lo-mismo\/","og_locale":"es_ES","og_type":"article","og_title":"Sof\u00eda Gonet revel\u00f3 la verdadera raz\u00f3n por la que no trabajar\u00eda con Stephanie Demner: \u201cYo ahora, har\u00eda lo mismo\u201d - CLAN ESPECTACULOS","og_description":"En una confesi\u00f3n directa durante un programa de streaming, La Reini explic\u00f3 el verdadero motivo detr\u00e1s de su negativa a colaborar con la influencer En el mundo del streaming y las redes sociales, donde las colaboraciones son moneda corriente, una confesi\u00f3n inesperada sacudi\u00f3 el ambiente influencer.\u00a0Sof\u00eda Gonet, m\u00e1s conocida como \u201cLa Reini\u201d, apunt\u00f3 sin vueltas [&hellip;]","og_url":"https:\/\/radioclanfm.com\/clanespectaculos\/sofia-gonet-revelo-la-verdadera-razon-por-la-que-no-trabajaria-con-stephanie-demner-yo-ahora-haria-lo-mismo\/","og_site_name":"CLAN ESPECTACULOS","article_publisher":"https:\/\/www.facebook.com\/clanespectaculos\/","article_published_time":"2026-02-24T01:37:27+00:00","og_image":[{"width":900,"height":450,"url":"https:\/\/radioclanfm.com\/clanespectaculos\/wp-content\/uploads\/sites\/2\/2026\/02\/WRcqKDqN.jpg","type":"image\/jpeg"}],"author":"E-GRUPOCLAN","twitter_card":"summary_large_image","twitter_creator":"@clanespectok","twitter_site":"@clanespectok","twitter_misc":{"Escrito por":"E-GRUPOCLAN","Tiempo de lectura":"4 minutos"},"schema":{"@context":"https:\/\/schema.org","@graph":[{"@type":"Article","@id":"https:\/\/radioclanfm.com\/clanespectaculos\/sofia-gonet-revelo-la-verdadera-razon-por-la-que-no-trabajaria-con-stephanie-demner-yo-ahora-haria-lo-mismo\/#article","isPartOf":{"@id":"https:\/\/radioclanfm.com\/clanespectaculos\/sofia-gonet-revelo-la-verdadera-razon-por-la-que-no-trabajaria-con-stephanie-demner-yo-ahora-haria-lo-mismo\/"},"author":{"name":"E-GRUPOCLAN","@id":"https:\/\/radioclanfm.com\/clanespectaculos\/#\/schema\/person\/9734813083303230f3ad84d99171b20c"},"headline":"Sof\u00eda Gonet revel\u00f3 la verdadera raz\u00f3n por la que no trabajar\u00eda con Stephanie Demner: \u201cYo ahora, har\u00eda lo mismo\u201d","datePublished":"2026-02-24T01:37:27+00:00","mainEntityOfPage":{"@id":"https:\/\/radioclanfm.com\/clanespectaculos\/sofia-gonet-revelo-la-verdadera-razon-por-la-que-no-trabajaria-con-stephanie-demner-yo-ahora-haria-lo-mismo\/"},"wordCount":843,"commentCount":0,"publisher":{"@id":"https:\/\/radioclanfm.com\/clanespectaculos\/#organization"},"image":{"@id":"https:\/\/radioclanfm.com\/clanespectaculos\/sofia-gonet-revelo-la-verdadera-razon-por-la-que-no-trabajaria-con-stephanie-demner-yo-ahora-haria-lo-mismo\/#primaryimage"},"thumbnailUrl":"https:\/\/radioclanfm.com\/clanespectaculos\/wp-content\/uploads\/sites\/2\/2026\/02\/WRcqKDqN.jpg","articleSection":["Espectaculos"],"inLanguage":"es-AR","potentialAction":[{"@type":"CommentAction","name":"Comment","target":["https:\/\/radioclanfm.com\/clanespectaculos\/sofia-gonet-revelo-la-verdadera-razon-por-la-que-no-trabajaria-con-stephanie-demner-yo-ahora-haria-lo-mismo\/#respond"]}]},{"@type":"WebPage","@id":"https:\/\/radioclanfm.com\/clanespectaculos\/sofia-gonet-revelo-la-verdadera-razon-por-la-que-no-trabajaria-con-stephanie-demner-yo-ahora-haria-lo-mismo\/","url":"https:\/\/radioclanfm.com\/clanespectaculos\/sofia-gonet-revelo-la-verdadera-razon-por-la-que-no-trabajaria-con-stephanie-demner-yo-ahora-haria-lo-mismo\/","name":"Sof\u00eda Gonet revel\u00f3 la verdadera raz\u00f3n por la que no trabajar\u00eda con Stephanie Demner: \u201cYo ahora, har\u00eda lo mismo\u201d - CLAN ESPECTACULOS","isPartOf":{"@id":"https:\/\/radioclanfm.com\/clanespectaculos\/#website"},"primaryImageOfPage":{"@id":"https:\/\/radioclanfm.com\/clanespectaculos\/sofia-gonet-revelo-la-verdadera-razon-por-la-que-no-trabajaria-con-stephanie-demner-yo-ahora-haria-lo-mismo\/#primaryimage"},"image":{"@id":"https:\/\/radioclanfm.com\/clanespectaculos\/sofia-gonet-revelo-la-verdadera-razon-por-la-que-no-trabajaria-con-stephanie-demner-yo-ahora-haria-lo-mismo\/#primaryimage"},"thumbnailUrl":"https:\/\/radioclanfm.com\/clanespectaculos\/wp-content\/uploads\/sites\/2\/2026\/02\/WRcqKDqN.jpg","datePublished":"2026-02-24T01:37:27+00:00","breadcrumb":{"@id":"https:\/\/radioclanfm.com\/clanespectaculos\/sofia-gonet-revelo-la-verdadera-razon-por-la-que-no-trabajaria-con-stephanie-demner-yo-ahora-haria-lo-mismo\/#breadcrumb"},"inLanguage":"es-AR","potentialAction":[{"@type":"ReadAction","target":["https:\/\/radioclanfm.com\/clanespectaculos\/sofia-gonet-revelo-la-verdadera-razon-por-la-que-no-trabajaria-con-stephanie-demner-yo-ahora-haria-lo-mismo\/"]}]},{"@type":"ImageObject","inLanguage":"es-AR","@id":"https:\/\/radioclanfm.com\/clanespectaculos\/sofia-gonet-revelo-la-verdadera-razon-por-la-que-no-trabajaria-con-stephanie-demner-yo-ahora-haria-lo-mismo\/#primaryimage","url":"https:\/\/radioclanfm.com\/clanespectaculos\/wp-content\/uploads\/sites\/2\/2026\/02\/WRcqKDqN.jpg","contentUrl":"https:\/\/radioclanfm.com\/clanespectaculos\/wp-content\/uploads\/sites\/2\/2026\/02\/WRcqKDqN.jpg","width":900,"height":450},{"@type":"BreadcrumbList","@id":"https:\/\/radioclanfm.com\/clanespectaculos\/sofia-gonet-revelo-la-verdadera-razon-por-la-que-no-trabajaria-con-stephanie-demner-yo-ahora-haria-lo-mismo\/#breadcrumb","itemListElement":[{"@type":"ListItem","position":1,"name":"Inicio","item":"https:\/\/radioclanfm.com\/clanespectaculos\/"},{"@type":"ListItem","position":2,"name":"Sof\u00eda Gonet revel\u00f3 la verdadera raz\u00f3n por la que no trabajar\u00eda con Stephanie Demner: \u201cYo ahora, har\u00eda lo mismo\u201d"}]},{"@type":"WebSite","@id":"https:\/\/radioclanfm.com\/clanespectaculos\/#website","url":"https:\/\/radioclanfm.com\/clanespectaculos\/","name":"CLAN ESPECTACULOS","description":"","publisher":{"@id":"https:\/\/radioclanfm.com\/clanespectaculos\/#organization"},"potentialAction":[{"@type":"SearchAction","target":{"@type":"EntryPoint","urlTemplate":"https:\/\/radioclanfm.com\/clanespectaculos\/?s={search_term_string}"},"query-input":{"@type":"PropertyValueSpecification","valueRequired":true,"valueName":"search_term_string"}}],"inLanguage":"es-AR"},{"@type":"Organization","@id":"https:\/\/radioclanfm.com\/clanespectaculos\/#organization","name":"CLAN ESPECTACULOS","url":"https:\/\/radioclanfm.com\/clanespectaculos\/","logo":{"@type":"ImageObject","inLanguage":"es-AR","@id":"https:\/\/radioclanfm.com\/clanespectaculos\/#\/schema\/logo\/image\/","url":"https:\/\/radioclanfm.com\/clanespectaculos\/wp-content\/uploads\/sites\/2\/2026\/04\/ChatGPT-Image-23-mar-2026-10_09_00.png","contentUrl":"https:\/\/radioclanfm.com\/clanespectaculos\/wp-content\/uploads\/sites\/2\/2026\/04\/ChatGPT-Image-23-mar-2026-10_09_00.png","width":1024,"height":1024,"caption":"CLAN ESPECTACULOS"},"image":{"@id":"https:\/\/radioclanfm.com\/clanespectaculos\/#\/schema\/logo\/image\/"},"sameAs":["https:\/\/www.facebook.com\/clanespectaculos\/","https:\/\/x.com\/clanespectok"]},{"@type":"Person","@id":"https:\/\/radioclanfm.com\/clanespectaculos\/#\/schema\/person\/9734813083303230f3ad84d99171b20c","name":"E-GRUPOCLAN","image":{"@type":"ImageObject","inLanguage":"es-AR","@id":"https:\/\/secure.gravatar.com\/avatar\/af6e19837c3d6a212034a48c7b3818d2ac1826f6025df0155da5a186ad321d79?s=96&d=mm&r=g","url":"https:\/\/secure.gravatar.com\/avatar\/af6e19837c3d6a212034a48c7b3818d2ac1826f6025df0155da5a186ad321d79?s=96&d=mm&r=g","contentUrl":"https:\/\/secure.gravatar.com\/avatar\/af6e19837c3d6a212034a48c7b3818d2ac1826f6025df0155da5a186ad321d79?s=96&d=mm&r=g","caption":"E-GRUPOCLAN"},"sameAs":["https:\/\/radioclanfm.com"],"url":"https:\/\/radioclanfm.com\/clanespectaculos\/author\/admin\/"}]}},"_links":{"self":[{"href":"https:\/\/radioclanfm.com\/clanespectaculos\/wp-json\/wp\/v2\/posts\/12655","targetHints":{"allow":["GET"]}}],"collection":[{"href":"https:\/\/radioclanfm.com\/clanespectaculos\/wp-json\/wp\/v2\/posts"}],"about":[{"href":"https:\/\/radioclanfm.com\/clanespectaculos\/wp-json\/wp\/v2\/types\/post"}],"author":[{"embeddable":true,"href":"https:\/\/radioclanfm.com\/clanespectaculos\/wp-json\/wp\/v2\/users\/1"}],"replies":[{"embeddable":true,"href":"https:\/\/radioclanfm.com\/clanespectaculos\/wp-json\/wp\/v2\/comments?post=12655"}],"version-history":[{"count":1,"href":"https:\/\/radioclanfm.com\/clanespectaculos\/wp-json\/wp\/v2\/posts\/12655\/revisions"}],"predecessor-version":[{"id":12659,"href":"https:\/\/radioclanfm.com\/clanespectaculos\/wp-json\/wp\/v2\/posts\/12655\/revisions\/12659"}],"wp:featuredmedia":[{"embeddable":true,"href":"https:\/\/radioclanfm.com\/clanespectaculos\/wp-json\/wp\/v2\/media\/12658"}],"wp:attachment":[{"href":"https:\/\/radioclanfm.com\/clanespectaculos\/wp-json\/wp\/v2\/media?parent=12655"}],"wp:term":[{"taxonomy":"category","embeddable":true,"href":"https:\/\/radioclanfm.com\/clanespectaculos\/wp-json\/wp\/v2\/categories?post=12655"},{"taxonomy":"post_tag","embeddable":true,"href":"https:\/\/radioclanfm.com\/clanespectaculos\/wp-json\/wp\/v2\/tags?post=12655"}],"curies":[{"name":"wp","href":"https:\/\/api.w.org\/{rel}","templated":true}]}}