{"id":12645,"date":"2026-02-21T00:18:00","date_gmt":"2026-02-21T03:18:00","guid":{"rendered":"https:\/\/radioclanfm.com\/clanespectaculos\/?p=12645"},"modified":"2026-02-21T00:18:00","modified_gmt":"2026-02-21T03:18:00","slug":"cande-ruggeri-se-sumo-al-flequillo-mariposa-el-look-setentoso-que-vuelve-esta-temporada","status":"publish","type":"post","link":"https:\/\/radioclanfm.com\/clanespectaculos\/cande-ruggeri-se-sumo-al-flequillo-mariposa-el-look-setentoso-que-vuelve-esta-temporada\/","title":{"rendered":"Cande Ruggeri se sum\u00f3 al flequillo mariposa: el look setentoso que vuelve esta temporada"},"content":{"rendered":"<p>La modelo estren\u00f3 un nuevo corte con flequillo mariposa, la tendencia inspirada en los a\u00f1os 70 que estiliza el rostro, aporta movimiento y ya es furor este 2026.<\/p>\n<p>&nbsp;<\/p>\n<p>lo confirma. En las \u00faltimas horas, la modelo comparti\u00f3 en sus redes su nuevo look: un\u00a0<strong>favorecedor flequillo mariposa, tambi\u00e9n conocido como butterfly bangs<\/strong>, con el que renov\u00f3 su imagen y le dio un aire fresco, sofisticado y muy trendy.<\/p>\n<div id=\"ad-slot-video_outstream\" class=\"ad-slot ad-slot-video_outstream\" data-backend-inserted=\"true\" data-adtype=\"video_outstream\" data-google-query-id=\"CNr91sPP6ZIDFYmwYQYdpE0gyQ\">\n<div id=\"google_ads_iframe_\/22254771232\/parati_nota\/video_outstream_0__container__\"><\/div>\n<\/div>\n<p>Con su melena rubia y ondas suaves, Cande apost\u00f3 por este corte que enmarca la cara y aporta movimiento sin necesidad de un cambio radical. El estilista Zacarias Guedes fue el encargado del refresh que ya marca tendencia<\/p>\n<div id=\"ad-slot-wide_2\" class=\"ad-slot-wide_big ad-slot ad-m-tall\" data-backend-inserted=\"true\" data-adtype=\"wide_big\" data-lazyload=\"1\" data-google-query-id=\"CJDtgMnP6ZIDFeiDYQYdwf4m9Q\">\n<div id=\"google_ads_iframe_\/22254771232\/parati_nota\/wide_2_0__container__\"><\/div>\n<\/div>\n<h2 class=\"wp-block-heading\">El regreso del \u00edcono setentoso<\/h2>\n<div class=\"wp-block-image\">\n<figure class=\"aligncenter size-full\"><img loading=\"lazy\" decoding=\"async\" class=\"wp-image-3169108\" src=\"https:\/\/www.parati.com.ar\/wp-content\/uploads\/2026\/02\/Captura-de-pantalla-2026-02-20-a-las-15.52.25.png.webp\" alt=\"\" width=\"440\" height=\"804\" \/><figcaption class=\"wp-element-caption\">EL nuevo look de Cande Ruggeri.<\/figcaption><\/figure>\n<\/div>\n<p>El\u00a0<strong>flequillo mariposa se populariz\u00f3 en los a\u00f1os 70 de la mano de Farrah Fawcett, cuyo ic\u00f3nico peinado voluminoso y con mechones abiertos hacia los costados<\/strong>\u00a0se convirti\u00f3 en s\u00edmbolo de una \u00e9poca. Hoy, esa est\u00e9tica glam y relajada vuelve aggiornada: m\u00e1s vers\u00e1til, adaptable y f\u00e1cil de llevar.<\/p>\n<p>A diferencia del flequillo recto tradicional, el mariposa se caracteriza por ser m\u00e1s largo y desmechado, abierto al medio o ligeramente hacia los lados, fusion\u00e1ndose con el resto del cabello.<\/p>\n<h2 class=\"wp-block-heading\">\u00bfPor qu\u00e9 es tendencia?<\/h2>\n<div class=\"wp-block-image\">\n<figure class=\"aligncenter size-full\"><img loading=\"lazy\" decoding=\"async\" class=\"wp-image-3169109\" src=\"https:\/\/www.parati.com.ar\/wp-content\/uploads\/2026\/02\/Captura-de-pantalla-2026-02-20-a-las-15.52.17.png.webp\" alt=\"\" width=\"446\" height=\"798\" \/><figcaption class=\"wp-element-caption\">Un look s\u00faper renovado.<\/figcaption><\/figure>\n<\/div>\n<p>Este corte volvi\u00f3 fuerte porque combina varias cualidades que lo hacen ideal:<\/p>\n<ul class=\"wp-block-list\">\n<li>Enmarca y suaviza el rostro sin acortarlo.<\/li>\n<\/ul>\n<ul class=\"wp-block-list\">\n<li>Aporta volumen y movimiento, incluso en cabellos finos.<\/li>\n<\/ul>\n<ul class=\"wp-block-list\">\n<li>Es vers\u00e1til: se puede llevar con pelo lacio, ondas o brushing.<\/li>\n<\/ul>\n<ul class=\"wp-block-list\">\n<li>No exige tanto mantenimiento como un flequillo recto cl\u00e1sico.<\/li>\n<\/ul>\n<ul class=\"wp-block-list\">\n<li>Funciona como \u201ccontouring\u201d capilar, afinando facciones.<\/li>\n<\/ul>\n<p>Adem\u00e1s, tiene un plus clave: permite cambiar de look sin resignar largo, algo que muchas buscan al momento de animarse a una transformaci\u00f3n.<\/p>\n<h2 class=\"wp-block-heading\">El efecto Cande<\/h2>\n<p>En el caso de Cande Ruggeri, el flequillo mariposa\u00a0<strong>potencia su melena rubia, le suma textura y le aporta un aire m\u00e1s moderno y descontracturado.<\/strong>\u00a0El resultado es un look femenino, sensual y elegante, ideal tanto para el d\u00eda como para la noche.<\/p>\n<div id=\"ad-slot-wide_3\" class=\"ad-slot-wide ad-slot\" data-backend-inserted=\"true\" data-adtype=\"wide\" data-lazyload=\"1\" data-google-query-id=\"CLvCtNHP6ZIDFYmwYQYdpE0gyQ\">\n<div id=\"google_ads_iframe_\/22254771232\/parati_nota\/wide_3_0__container__\"><\/div>\n<\/div>\n<p>Una vez m\u00e1s, la moda confirma que todo vuelve. Y este 2026, el esp\u00edritu setentoso pisa fuerte\u2026 con alas propias.<\/p>\n<div class=\"newsletter-parati-form\"><\/div>\n","protected":false},"excerpt":{"rendered":"<p>La modelo estren\u00f3 un nuevo corte con flequillo mariposa, la tendencia inspirada en los a\u00f1os 70 que estiliza el rostro, aporta movimiento y ya es furor este 2026. &nbsp; lo confirma. En las \u00faltimas horas, la modelo comparti\u00f3 en sus redes su nuevo look: un\u00a0favorecedor flequillo mariposa, tambi\u00e9n conocido como butterfly bangs, con el que [&hellip;]<\/p>\n","protected":false},"author":1,"featured_media":12648,"comment_status":"open","ping_status":"open","sticky":false,"template":"","format":"standard","meta":{"rop_custom_images_group":[],"rop_custom_messages_group":[],"rop_publish_now":"initial","rop_publish_now_accounts":[],"rop_publish_now_history":[],"rop_publish_now_status":"pending","footnotes":"","jetpack_publicize_message":"","jetpack_publicize_feature_enabled":true,"jetpack_social_post_already_shared":true,"jetpack_social_options":{"image_generator_settings":{"template":"highway","enabled":false},"version":2}},"categories":[16],"tags":[],"class_list":{"0":"post-12645","1":"post","2":"type-post","3":"status-publish","4":"format-standard","5":"has-post-thumbnail","7":"category-tendencias"},"jetpack_publicize_connections":[],"yoast_head":"<!-- This site is optimized with the Yoast SEO plugin v27.3 - https:\/\/yoast.com\/product\/yoast-seo-wordpress\/ -->\n<title>Cande Ruggeri se sum\u00f3 al flequillo mariposa: el look setentoso que vuelve esta temporada - CLAN ESPECTACULOS<\/title>\n<meta name=\"robots\" content=\"index, follow, max-snippet:-1, max-image-preview:large, max-video-preview:-1\" \/>\n<link rel=\"canonical\" href=\"https:\/\/radioclanfm.com\/clanespectaculos\/cande-ruggeri-se-sumo-al-flequillo-mariposa-el-look-setentoso-que-vuelve-esta-temporada\/\" \/>\n<meta property=\"og:locale\" content=\"es_ES\" \/>\n<meta property=\"og:type\" content=\"article\" \/>\n<meta property=\"og:title\" content=\"Cande Ruggeri se sum\u00f3 al flequillo mariposa: el look setentoso que vuelve esta temporada - CLAN ESPECTACULOS\" \/>\n<meta property=\"og:description\" content=\"La modelo estren\u00f3 un nuevo corte con flequillo mariposa, la tendencia inspirada en los a\u00f1os 70 que estiliza el rostro, aporta movimiento y ya es furor este 2026. &nbsp; lo confirma. En las \u00faltimas horas, la modelo comparti\u00f3 en sus redes su nuevo look: un\u00a0favorecedor flequillo mariposa, tambi\u00e9n conocido como butterfly bangs, con el que [&hellip;]\" \/>\n<meta property=\"og:url\" content=\"https:\/\/radioclanfm.com\/clanespectaculos\/cande-ruggeri-se-sumo-al-flequillo-mariposa-el-look-setentoso-que-vuelve-esta-temporada\/\" \/>\n<meta property=\"og:site_name\" content=\"CLAN ESPECTACULOS\" \/>\n<meta property=\"article:publisher\" content=\"https:\/\/www.facebook.com\/clanespectaculos\/\" \/>\n<meta property=\"article:published_time\" content=\"2026-02-21T03:18:00+00:00\" \/>\n<meta property=\"og:image\" content=\"https:\/\/radioclanfm.com\/clanespectaculos\/wp-content\/uploads\/sites\/2\/2026\/02\/PORTADA-cande-ruggeri-749x561.jpg.webp\" \/>\n\t<meta property=\"og:image:width\" content=\"749\" \/>\n\t<meta property=\"og:image:height\" content=\"561\" \/>\n\t<meta property=\"og:image:type\" content=\"image\/webp\" \/>\n<meta name=\"author\" content=\"E-GRUPOCLAN\" \/>\n<meta name=\"twitter:card\" content=\"summary_large_image\" \/>\n<meta name=\"twitter:creator\" content=\"@clanespectok\" \/>\n<meta name=\"twitter:site\" content=\"@clanespectok\" \/>\n<meta name=\"twitter:label1\" content=\"Escrito por\" \/>\n\t<meta name=\"twitter:data1\" content=\"E-GRUPOCLAN\" \/>\n\t<meta name=\"twitter:label2\" content=\"Tiempo de lectura\" \/>\n\t<meta name=\"twitter:data2\" content=\"2 minutos\" \/>\n<script type=\"application\/ld+json\" class=\"yoast-schema-graph\">{\"@context\":\"https:\\\/\\\/schema.org\",\"@graph\":[{\"@type\":\"Article\",\"@id\":\"https:\\\/\\\/radioclanfm.com\\\/clanespectaculos\\\/cande-ruggeri-se-sumo-al-flequillo-mariposa-el-look-setentoso-que-vuelve-esta-temporada\\\/#article\",\"isPartOf\":{\"@id\":\"https:\\\/\\\/radioclanfm.com\\\/clanespectaculos\\\/cande-ruggeri-se-sumo-al-flequillo-mariposa-el-look-setentoso-que-vuelve-esta-temporada\\\/\"},\"author\":{\"name\":\"E-GRUPOCLAN\",\"@id\":\"https:\\\/\\\/radioclanfm.com\\\/clanespectaculos\\\/#\\\/schema\\\/person\\\/9734813083303230f3ad84d99171b20c\"},\"headline\":\"Cande Ruggeri se sum\u00f3 al flequillo mariposa: el look setentoso que vuelve esta temporada\",\"datePublished\":\"2026-02-21T03:18:00+00:00\",\"mainEntityOfPage\":{\"@id\":\"https:\\\/\\\/radioclanfm.com\\\/clanespectaculos\\\/cande-ruggeri-se-sumo-al-flequillo-mariposa-el-look-setentoso-que-vuelve-esta-temporada\\\/\"},\"wordCount\":376,\"commentCount\":0,\"publisher\":{\"@id\":\"https:\\\/\\\/radioclanfm.com\\\/clanespectaculos\\\/#organization\"},\"image\":{\"@id\":\"https:\\\/\\\/radioclanfm.com\\\/clanespectaculos\\\/cande-ruggeri-se-sumo-al-flequillo-mariposa-el-look-setentoso-que-vuelve-esta-temporada\\\/#primaryimage\"},\"thumbnailUrl\":\"https:\\\/\\\/radioclanfm.com\\\/clanespectaculos\\\/wp-content\\\/uploads\\\/sites\\\/2\\\/2026\\\/02\\\/PORTADA-cande-ruggeri-749x561.jpg.webp\",\"articleSection\":[\"TENDENCIAS\"],\"inLanguage\":\"es-AR\",\"potentialAction\":[{\"@type\":\"CommentAction\",\"name\":\"Comment\",\"target\":[\"https:\\\/\\\/radioclanfm.com\\\/clanespectaculos\\\/cande-ruggeri-se-sumo-al-flequillo-mariposa-el-look-setentoso-que-vuelve-esta-temporada\\\/#respond\"]}]},{\"@type\":\"WebPage\",\"@id\":\"https:\\\/\\\/radioclanfm.com\\\/clanespectaculos\\\/cande-ruggeri-se-sumo-al-flequillo-mariposa-el-look-setentoso-que-vuelve-esta-temporada\\\/\",\"url\":\"https:\\\/\\\/radioclanfm.com\\\/clanespectaculos\\\/cande-ruggeri-se-sumo-al-flequillo-mariposa-el-look-setentoso-que-vuelve-esta-temporada\\\/\",\"name\":\"Cande Ruggeri se sum\u00f3 al flequillo mariposa: el look setentoso que vuelve esta temporada - CLAN ESPECTACULOS\",\"isPartOf\":{\"@id\":\"https:\\\/\\\/radioclanfm.com\\\/clanespectaculos\\\/#website\"},\"primaryImageOfPage\":{\"@id\":\"https:\\\/\\\/radioclanfm.com\\\/clanespectaculos\\\/cande-ruggeri-se-sumo-al-flequillo-mariposa-el-look-setentoso-que-vuelve-esta-temporada\\\/#primaryimage\"},\"image\":{\"@id\":\"https:\\\/\\\/radioclanfm.com\\\/clanespectaculos\\\/cande-ruggeri-se-sumo-al-flequillo-mariposa-el-look-setentoso-que-vuelve-esta-temporada\\\/#primaryimage\"},\"thumbnailUrl\":\"https:\\\/\\\/radioclanfm.com\\\/clanespectaculos\\\/wp-content\\\/uploads\\\/sites\\\/2\\\/2026\\\/02\\\/PORTADA-cande-ruggeri-749x561.jpg.webp\",\"datePublished\":\"2026-02-21T03:18:00+00:00\",\"breadcrumb\":{\"@id\":\"https:\\\/\\\/radioclanfm.com\\\/clanespectaculos\\\/cande-ruggeri-se-sumo-al-flequillo-mariposa-el-look-setentoso-que-vuelve-esta-temporada\\\/#breadcrumb\"},\"inLanguage\":\"es-AR\",\"potentialAction\":[{\"@type\":\"ReadAction\",\"target\":[\"https:\\\/\\\/radioclanfm.com\\\/clanespectaculos\\\/cande-ruggeri-se-sumo-al-flequillo-mariposa-el-look-setentoso-que-vuelve-esta-temporada\\\/\"]}]},{\"@type\":\"ImageObject\",\"inLanguage\":\"es-AR\",\"@id\":\"https:\\\/\\\/radioclanfm.com\\\/clanespectaculos\\\/cande-ruggeri-se-sumo-al-flequillo-mariposa-el-look-setentoso-que-vuelve-esta-temporada\\\/#primaryimage\",\"url\":\"https:\\\/\\\/radioclanfm.com\\\/clanespectaculos\\\/wp-content\\\/uploads\\\/sites\\\/2\\\/2026\\\/02\\\/PORTADA-cande-ruggeri-749x561.jpg.webp\",\"contentUrl\":\"https:\\\/\\\/radioclanfm.com\\\/clanespectaculos\\\/wp-content\\\/uploads\\\/sites\\\/2\\\/2026\\\/02\\\/PORTADA-cande-ruggeri-749x561.jpg.webp\",\"width\":749,\"height\":561},{\"@type\":\"BreadcrumbList\",\"@id\":\"https:\\\/\\\/radioclanfm.com\\\/clanespectaculos\\\/cande-ruggeri-se-sumo-al-flequillo-mariposa-el-look-setentoso-que-vuelve-esta-temporada\\\/#breadcrumb\",\"itemListElement\":[{\"@type\":\"ListItem\",\"position\":1,\"name\":\"Inicio\",\"item\":\"https:\\\/\\\/radioclanfm.com\\\/clanespectaculos\\\/\"},{\"@type\":\"ListItem\",\"position\":2,\"name\":\"Cande Ruggeri se sum\u00f3 al flequillo mariposa: el look setentoso que vuelve esta temporada\"}]},{\"@type\":\"WebSite\",\"@id\":\"https:\\\/\\\/radioclanfm.com\\\/clanespectaculos\\\/#website\",\"url\":\"https:\\\/\\\/radioclanfm.com\\\/clanespectaculos\\\/\",\"name\":\"CLAN ESPECTACULOS\",\"description\":\"\",\"publisher\":{\"@id\":\"https:\\\/\\\/radioclanfm.com\\\/clanespectaculos\\\/#organization\"},\"potentialAction\":[{\"@type\":\"SearchAction\",\"target\":{\"@type\":\"EntryPoint\",\"urlTemplate\":\"https:\\\/\\\/radioclanfm.com\\\/clanespectaculos\\\/?s={search_term_string}\"},\"query-input\":{\"@type\":\"PropertyValueSpecification\",\"valueRequired\":true,\"valueName\":\"search_term_string\"}}],\"inLanguage\":\"es-AR\"},{\"@type\":\"Organization\",\"@id\":\"https:\\\/\\\/radioclanfm.com\\\/clanespectaculos\\\/#organization\",\"name\":\"CLAN ESPECTACULOS\",\"url\":\"https:\\\/\\\/radioclanfm.com\\\/clanespectaculos\\\/\",\"logo\":{\"@type\":\"ImageObject\",\"inLanguage\":\"es-AR\",\"@id\":\"https:\\\/\\\/radioclanfm.com\\\/clanespectaculos\\\/#\\\/schema\\\/logo\\\/image\\\/\",\"url\":\"https:\\\/\\\/radioclanfm.com\\\/clanespectaculos\\\/wp-content\\\/uploads\\\/sites\\\/2\\\/2026\\\/04\\\/ChatGPT-Image-23-mar-2026-10_09_00.png\",\"contentUrl\":\"https:\\\/\\\/radioclanfm.com\\\/clanespectaculos\\\/wp-content\\\/uploads\\\/sites\\\/2\\\/2026\\\/04\\\/ChatGPT-Image-23-mar-2026-10_09_00.png\",\"width\":1024,\"height\":1024,\"caption\":\"CLAN ESPECTACULOS\"},\"image\":{\"@id\":\"https:\\\/\\\/radioclanfm.com\\\/clanespectaculos\\\/#\\\/schema\\\/logo\\\/image\\\/\"},\"sameAs\":[\"https:\\\/\\\/www.facebook.com\\\/clanespectaculos\\\/\",\"https:\\\/\\\/x.com\\\/clanespectok\"]},{\"@type\":\"Person\",\"@id\":\"https:\\\/\\\/radioclanfm.com\\\/clanespectaculos\\\/#\\\/schema\\\/person\\\/9734813083303230f3ad84d99171b20c\",\"name\":\"E-GRUPOCLAN\",\"image\":{\"@type\":\"ImageObject\",\"inLanguage\":\"es-AR\",\"@id\":\"https:\\\/\\\/secure.gravatar.com\\\/avatar\\\/af6e19837c3d6a212034a48c7b3818d2ac1826f6025df0155da5a186ad321d79?s=96&d=mm&r=g\",\"url\":\"https:\\\/\\\/secure.gravatar.com\\\/avatar\\\/af6e19837c3d6a212034a48c7b3818d2ac1826f6025df0155da5a186ad321d79?s=96&d=mm&r=g\",\"contentUrl\":\"https:\\\/\\\/secure.gravatar.com\\\/avatar\\\/af6e19837c3d6a212034a48c7b3818d2ac1826f6025df0155da5a186ad321d79?s=96&d=mm&r=g\",\"caption\":\"E-GRUPOCLAN\"},\"sameAs\":[\"https:\\\/\\\/radioclanfm.com\"],\"url\":\"https:\\\/\\\/radioclanfm.com\\\/clanespectaculos\\\/author\\\/admin\\\/\"}]}<\/script>\n<!-- \/ Yoast SEO plugin. -->","yoast_head_json":{"title":"Cande Ruggeri se sum\u00f3 al flequillo mariposa: el look setentoso que vuelve esta temporada - CLAN ESPECTACULOS","robots":{"index":"index","follow":"follow","max-snippet":"max-snippet:-1","max-image-preview":"max-image-preview:large","max-video-preview":"max-video-preview:-1"},"canonical":"https:\/\/radioclanfm.com\/clanespectaculos\/cande-ruggeri-se-sumo-al-flequillo-mariposa-el-look-setentoso-que-vuelve-esta-temporada\/","og_locale":"es_ES","og_type":"article","og_title":"Cande Ruggeri se sum\u00f3 al flequillo mariposa: el look setentoso que vuelve esta temporada - CLAN ESPECTACULOS","og_description":"La modelo estren\u00f3 un nuevo corte con flequillo mariposa, la tendencia inspirada en los a\u00f1os 70 que estiliza el rostro, aporta movimiento y ya es furor este 2026. &nbsp; lo confirma. En las \u00faltimas horas, la modelo comparti\u00f3 en sus redes su nuevo look: un\u00a0favorecedor flequillo mariposa, tambi\u00e9n conocido como butterfly bangs, con el que [&hellip;]","og_url":"https:\/\/radioclanfm.com\/clanespectaculos\/cande-ruggeri-se-sumo-al-flequillo-mariposa-el-look-setentoso-que-vuelve-esta-temporada\/","og_site_name":"CLAN ESPECTACULOS","article_publisher":"https:\/\/www.facebook.com\/clanespectaculos\/","article_published_time":"2026-02-21T03:18:00+00:00","og_image":[{"width":749,"height":561,"url":"https:\/\/radioclanfm.com\/clanespectaculos\/wp-content\/uploads\/sites\/2\/2026\/02\/PORTADA-cande-ruggeri-749x561.jpg.webp","type":"image\/webp"}],"author":"E-GRUPOCLAN","twitter_card":"summary_large_image","twitter_creator":"@clanespectok","twitter_site":"@clanespectok","twitter_misc":{"Escrito por":"E-GRUPOCLAN","Tiempo de lectura":"2 minutos"},"schema":{"@context":"https:\/\/schema.org","@graph":[{"@type":"Article","@id":"https:\/\/radioclanfm.com\/clanespectaculos\/cande-ruggeri-se-sumo-al-flequillo-mariposa-el-look-setentoso-que-vuelve-esta-temporada\/#article","isPartOf":{"@id":"https:\/\/radioclanfm.com\/clanespectaculos\/cande-ruggeri-se-sumo-al-flequillo-mariposa-el-look-setentoso-que-vuelve-esta-temporada\/"},"author":{"name":"E-GRUPOCLAN","@id":"https:\/\/radioclanfm.com\/clanespectaculos\/#\/schema\/person\/9734813083303230f3ad84d99171b20c"},"headline":"Cande Ruggeri se sum\u00f3 al flequillo mariposa: el look setentoso que vuelve esta temporada","datePublished":"2026-02-21T03:18:00+00:00","mainEntityOfPage":{"@id":"https:\/\/radioclanfm.com\/clanespectaculos\/cande-ruggeri-se-sumo-al-flequillo-mariposa-el-look-setentoso-que-vuelve-esta-temporada\/"},"wordCount":376,"commentCount":0,"publisher":{"@id":"https:\/\/radioclanfm.com\/clanespectaculos\/#organization"},"image":{"@id":"https:\/\/radioclanfm.com\/clanespectaculos\/cande-ruggeri-se-sumo-al-flequillo-mariposa-el-look-setentoso-que-vuelve-esta-temporada\/#primaryimage"},"thumbnailUrl":"https:\/\/radioclanfm.com\/clanespectaculos\/wp-content\/uploads\/sites\/2\/2026\/02\/PORTADA-cande-ruggeri-749x561.jpg.webp","articleSection":["TENDENCIAS"],"inLanguage":"es-AR","potentialAction":[{"@type":"CommentAction","name":"Comment","target":["https:\/\/radioclanfm.com\/clanespectaculos\/cande-ruggeri-se-sumo-al-flequillo-mariposa-el-look-setentoso-que-vuelve-esta-temporada\/#respond"]}]},{"@type":"WebPage","@id":"https:\/\/radioclanfm.com\/clanespectaculos\/cande-ruggeri-se-sumo-al-flequillo-mariposa-el-look-setentoso-que-vuelve-esta-temporada\/","url":"https:\/\/radioclanfm.com\/clanespectaculos\/cande-ruggeri-se-sumo-al-flequillo-mariposa-el-look-setentoso-que-vuelve-esta-temporada\/","name":"Cande Ruggeri se sum\u00f3 al flequillo mariposa: el look setentoso que vuelve esta temporada - CLAN ESPECTACULOS","isPartOf":{"@id":"https:\/\/radioclanfm.com\/clanespectaculos\/#website"},"primaryImageOfPage":{"@id":"https:\/\/radioclanfm.com\/clanespectaculos\/cande-ruggeri-se-sumo-al-flequillo-mariposa-el-look-setentoso-que-vuelve-esta-temporada\/#primaryimage"},"image":{"@id":"https:\/\/radioclanfm.com\/clanespectaculos\/cande-ruggeri-se-sumo-al-flequillo-mariposa-el-look-setentoso-que-vuelve-esta-temporada\/#primaryimage"},"thumbnailUrl":"https:\/\/radioclanfm.com\/clanespectaculos\/wp-content\/uploads\/sites\/2\/2026\/02\/PORTADA-cande-ruggeri-749x561.jpg.webp","datePublished":"2026-02-21T03:18:00+00:00","breadcrumb":{"@id":"https:\/\/radioclanfm.com\/clanespectaculos\/cande-ruggeri-se-sumo-al-flequillo-mariposa-el-look-setentoso-que-vuelve-esta-temporada\/#breadcrumb"},"inLanguage":"es-AR","potentialAction":[{"@type":"ReadAction","target":["https:\/\/radioclanfm.com\/clanespectaculos\/cande-ruggeri-se-sumo-al-flequillo-mariposa-el-look-setentoso-que-vuelve-esta-temporada\/"]}]},{"@type":"ImageObject","inLanguage":"es-AR","@id":"https:\/\/radioclanfm.com\/clanespectaculos\/cande-ruggeri-se-sumo-al-flequillo-mariposa-el-look-setentoso-que-vuelve-esta-temporada\/#primaryimage","url":"https:\/\/radioclanfm.com\/clanespectaculos\/wp-content\/uploads\/sites\/2\/2026\/02\/PORTADA-cande-ruggeri-749x561.jpg.webp","contentUrl":"https:\/\/radioclanfm.com\/clanespectaculos\/wp-content\/uploads\/sites\/2\/2026\/02\/PORTADA-cande-ruggeri-749x561.jpg.webp","width":749,"height":561},{"@type":"BreadcrumbList","@id":"https:\/\/radioclanfm.com\/clanespectaculos\/cande-ruggeri-se-sumo-al-flequillo-mariposa-el-look-setentoso-que-vuelve-esta-temporada\/#breadcrumb","itemListElement":[{"@type":"ListItem","position":1,"name":"Inicio","item":"https:\/\/radioclanfm.com\/clanespectaculos\/"},{"@type":"ListItem","position":2,"name":"Cande Ruggeri se sum\u00f3 al flequillo mariposa: el look setentoso que vuelve esta temporada"}]},{"@type":"WebSite","@id":"https:\/\/radioclanfm.com\/clanespectaculos\/#website","url":"https:\/\/radioclanfm.com\/clanespectaculos\/","name":"CLAN ESPECTACULOS","description":"","publisher":{"@id":"https:\/\/radioclanfm.com\/clanespectaculos\/#organization"},"potentialAction":[{"@type":"SearchAction","target":{"@type":"EntryPoint","urlTemplate":"https:\/\/radioclanfm.com\/clanespectaculos\/?s={search_term_string}"},"query-input":{"@type":"PropertyValueSpecification","valueRequired":true,"valueName":"search_term_string"}}],"inLanguage":"es-AR"},{"@type":"Organization","@id":"https:\/\/radioclanfm.com\/clanespectaculos\/#organization","name":"CLAN ESPECTACULOS","url":"https:\/\/radioclanfm.com\/clanespectaculos\/","logo":{"@type":"ImageObject","inLanguage":"es-AR","@id":"https:\/\/radioclanfm.com\/clanespectaculos\/#\/schema\/logo\/image\/","url":"https:\/\/radioclanfm.com\/clanespectaculos\/wp-content\/uploads\/sites\/2\/2026\/04\/ChatGPT-Image-23-mar-2026-10_09_00.png","contentUrl":"https:\/\/radioclanfm.com\/clanespectaculos\/wp-content\/uploads\/sites\/2\/2026\/04\/ChatGPT-Image-23-mar-2026-10_09_00.png","width":1024,"height":1024,"caption":"CLAN ESPECTACULOS"},"image":{"@id":"https:\/\/radioclanfm.com\/clanespectaculos\/#\/schema\/logo\/image\/"},"sameAs":["https:\/\/www.facebook.com\/clanespectaculos\/","https:\/\/x.com\/clanespectok"]},{"@type":"Person","@id":"https:\/\/radioclanfm.com\/clanespectaculos\/#\/schema\/person\/9734813083303230f3ad84d99171b20c","name":"E-GRUPOCLAN","image":{"@type":"ImageObject","inLanguage":"es-AR","@id":"https:\/\/secure.gravatar.com\/avatar\/af6e19837c3d6a212034a48c7b3818d2ac1826f6025df0155da5a186ad321d79?s=96&d=mm&r=g","url":"https:\/\/secure.gravatar.com\/avatar\/af6e19837c3d6a212034a48c7b3818d2ac1826f6025df0155da5a186ad321d79?s=96&d=mm&r=g","contentUrl":"https:\/\/secure.gravatar.com\/avatar\/af6e19837c3d6a212034a48c7b3818d2ac1826f6025df0155da5a186ad321d79?s=96&d=mm&r=g","caption":"E-GRUPOCLAN"},"sameAs":["https:\/\/radioclanfm.com"],"url":"https:\/\/radioclanfm.com\/clanespectaculos\/author\/admin\/"}]}},"_links":{"self":[{"href":"https:\/\/radioclanfm.com\/clanespectaculos\/wp-json\/wp\/v2\/posts\/12645","targetHints":{"allow":["GET"]}}],"collection":[{"href":"https:\/\/radioclanfm.com\/clanespectaculos\/wp-json\/wp\/v2\/posts"}],"about":[{"href":"https:\/\/radioclanfm.com\/clanespectaculos\/wp-json\/wp\/v2\/types\/post"}],"author":[{"embeddable":true,"href":"https:\/\/radioclanfm.com\/clanespectaculos\/wp-json\/wp\/v2\/users\/1"}],"replies":[{"embeddable":true,"href":"https:\/\/radioclanfm.com\/clanespectaculos\/wp-json\/wp\/v2\/comments?post=12645"}],"version-history":[{"count":1,"href":"https:\/\/radioclanfm.com\/clanespectaculos\/wp-json\/wp\/v2\/posts\/12645\/revisions"}],"predecessor-version":[{"id":12649,"href":"https:\/\/radioclanfm.com\/clanespectaculos\/wp-json\/wp\/v2\/posts\/12645\/revisions\/12649"}],"wp:featuredmedia":[{"embeddable":true,"href":"https:\/\/radioclanfm.com\/clanespectaculos\/wp-json\/wp\/v2\/media\/12648"}],"wp:attachment":[{"href":"https:\/\/radioclanfm.com\/clanespectaculos\/wp-json\/wp\/v2\/media?parent=12645"}],"wp:term":[{"taxonomy":"category","embeddable":true,"href":"https:\/\/radioclanfm.com\/clanespectaculos\/wp-json\/wp\/v2\/categories?post=12645"},{"taxonomy":"post_tag","embeddable":true,"href":"https:\/\/radioclanfm.com\/clanespectaculos\/wp-json\/wp\/v2\/tags?post=12645"}],"curies":[{"name":"wp","href":"https:\/\/api.w.org\/{rel}","templated":true}]}}