{"id":12640,"date":"2026-02-21T00:15:46","date_gmt":"2026-02-21T03:15:46","guid":{"rendered":"https:\/\/radioclanfm.com\/clanespectaculos\/?p=12640"},"modified":"2026-02-21T00:15:46","modified_gmt":"2026-02-21T03:15:46","slug":"me-hablo-pero-guillermina-valdes-confirmo-que-mauricio-macri-la-llamo","status":"publish","type":"post","link":"https:\/\/radioclanfm.com\/clanespectaculos\/me-hablo-pero-guillermina-valdes-confirmo-que-mauricio-macri-la-llamo\/","title":{"rendered":"&#8220;Me habl\u00f3, pero\u2026&#8221;: Guillermina Vald\u00e9s confirm\u00f3 que Mauricio Macri la llam\u00f3"},"content":{"rendered":"<p>En medio de versiones sobre su vida sentimental, Guillermina Vald\u00e9s se refiri\u00f3 al ex presidente Mauricio Macri y aclar\u00f3 cu\u00e1l fue el verdadero v\u00ednculo entre ambos. Sus declaraciones buscaron poner fin a los rumores que comenzaron a circular en redes y programas de espect\u00e1culos.<\/p>\n<p>En medio de versiones que comenzaron a circular en redes y programas de espect\u00e1culos,\u00a0<strong>Guillermina Vald\u00e9s<\/strong>\u00a0sali\u00f3 a aclarar su v\u00ednculo con<strong>\u00a0Mauricio Macri\u00a0<\/strong>y desminti\u00f3 cualquier tipo de relaci\u00f3n sentimental. Seg\u00fan public\u00f3 el portal de\u00a0<strong>Laura Ubfal<\/strong>, la empresaria fue directa al referirse al ex mandatario:\u00a0<strong>\u201cEn alg\u00fan momento me habl\u00f3, pero no pas\u00f3 de eso, seguramente como habla con otras chicas\u201d.<\/strong><\/p>\n<p>El rumor tom\u00f3 fuerza luego de que la actriz y periodista\u00a0<strong>Ximena Rijel<\/strong>, quien debut\u00f3 recientemente en un ciclo junto a\u00a0<strong>Luis Ventura<\/strong>, mencionara la existencia de una supuesta<strong>\u00a0\u201clista de famosas\u201d<\/strong>\u00a0que interesar\u00edan al ex presidente, en la que\u00a0<strong>Vald\u00e9s estar\u00eda en primer lugar.<\/strong><\/p>\n<div id=\"ad-slot-wide_2\" class=\"ad-slot-wide_big ad-slot ad-m-tall\" data-backend-inserted=\"true\" data-adtype=\"wide_big\" data-lazyload=\"1\" data-google-query-id=\"CLe2r4jP6ZIDFdZU3QIdtesHyQ\">\n<div id=\"google_ads_iframe_\/22254771232\/parati_nota\/wide_2_0__container__\"><\/div>\n<\/div>\n<p>Consultada al respecto, la ex pareja de\u00a0<strong>Marcelo Tinelli\u00a0<\/strong>fue contundente:\u00a0<strong>\u201cNunca sal\u00ed con \u00e9l, ni a tomar un caf\u00e9, nada, nada trascendental. Yo estoy sola\u201d.\u00a0<\/strong>De esta manera, busc\u00f3 poner fin a las especulaciones antes de que el comentario creciera y se instalara como una versi\u00f3n confirmada.<\/p>\n<figure class=\"wp-block-image size-large\"><img decoding=\"async\" class=\"wp-image-3162598\" src=\"https:\/\/www.parati.com.ar\/wp-content\/uploads\/2026\/01\/GUILLERMINA-VALDEZ_PARA-TI-16-683x1024.jpg.webp\" alt=\"Guillermina Valdes\" \/><figcaption class=\"wp-element-caption\">Guillermina Vald\u00e9s posando para Para Ti: la modelo y actriz confirm\u00f3 el llamado de Mauricio Macri.<\/figcaption><\/figure>\n<div id=\"ad-slot-video_outstream_pm\" class=\"ad-slot ad-slot-video_outstream\" data-backend-inserted=\"true\" data-adtype=\"video_outstream\" data-google-query-id=\"CJbJ1f3O6ZIDFapU3QIdh3w1Tw\">\n<div id=\"google_ads_iframe_\/22254771232\/parati_nota\/video_outstream_pm_0__container__\"><\/div>\n<\/div>\n<h2 class=\"wp-block-heading\">Rumores cruzados y aclaraciones<\/h2>\n<p>Las versiones sobre la vida personal de Mauricio Macri se intensificaron tras conocerse su\u00a0. En ese contexto tambi\u00e9n surgi\u00f3 un comentario del periodista Franco Torchia sobre una\u00a0<strong>supuesta cercan\u00eda con Juana Viale, algo que luego fue desmentido y acompa\u00f1ado por un pedido de disculpas p\u00fablico.<\/strong><\/p>\n<figure class=\"wp-block-image size-full\"><img decoding=\"async\" class=\"wp-image-3053032\" src=\"https:\/\/www.parati.com.ar\/wp-content\/uploads\/2024\/11\/Diseno-sin-titulo-21-1.jpg.webp\" alt=\"Juliana Awada le dedic\u00f3 un rom\u00e1ntico mensaje a Mauricio Macri por su aniversario de casados\" \/><figcaption class=\"wp-element-caption\">Mauricio Macri estuvo quince a\u00f1os casado con Juliana Awada. Su confirmaci\u00f3n se confirm\u00f3 a fines de 2025.<\/figcaption><\/figure>\n<div id=\"ad-slot-wide_3\" class=\"ad-slot-wide ad-slot\" data-backend-inserted=\"true\" data-adtype=\"wide\" data-lazyload=\"1\" data-google-query-id=\"COri-orP6ZIDFZNK3QIdx149Lg\">\n<div id=\"google_ads_iframe_\/22254771232\/parati_nota\/wide_3_0__container__\"><\/div>\n<\/div>\n<p>De acuerdo con lo difundido,\u00a0<strong>el v\u00ednculo entre Macri y la familia Viale ser\u00eda estrictamente de amistad, sin implicancias sentimentales<\/strong>. As\u00ed, entre rumores, desmentidas y aclaraciones, Guillermina Vald\u00e9s decidi\u00f3 hablar para dejar en claro que el contacto existi\u00f3, pero que no deriv\u00f3 en ning\u00fan tipo de encuentro ni relaci\u00f3n.<\/p>\n<div id=\"ad-slot-wide_4\" class=\"ad-slot-wide_big ad-slot ad-m-tall\" data-backend-inserted=\"true\" data-adtype=\"wide_big\" data-lazyload=\"1\" data-google-query-id=\"CIK9qovP6ZIDFYZM3QIdr7wBMw\"><\/div>\n","protected":false},"excerpt":{"rendered":"<p>En medio de versiones sobre su vida sentimental, Guillermina Vald\u00e9s se refiri\u00f3 al ex presidente Mauricio Macri y aclar\u00f3 cu\u00e1l fue el verdadero v\u00ednculo entre ambos. Sus declaraciones buscaron poner fin a los rumores que comenzaron a circular en redes y programas de espect\u00e1culos. En medio de versiones que comenzaron a circular en redes y [&hellip;]<\/p>\n","protected":false},"author":1,"featured_media":12643,"comment_status":"open","ping_status":"open","sticky":false,"template":"","format":"standard","meta":{"rop_custom_images_group":[],"rop_custom_messages_group":[],"rop_publish_now":"initial","rop_publish_now_accounts":[],"rop_publish_now_history":[],"rop_publish_now_status":"pending","footnotes":"","jetpack_publicize_message":"","jetpack_publicize_feature_enabled":true,"jetpack_social_post_already_shared":true,"jetpack_social_options":{"image_generator_settings":{"template":"highway","enabled":false},"version":2}},"categories":[12],"tags":[],"class_list":{"0":"post-12640","1":"post","2":"type-post","3":"status-publish","4":"format-standard","5":"has-post-thumbnail","7":"category-espectaculos"},"jetpack_publicize_connections":[],"yoast_head":"<!-- This site is optimized with the Yoast SEO plugin v27.3 - https:\/\/yoast.com\/product\/yoast-seo-wordpress\/ -->\n<title>&quot;Me habl\u00f3, pero\u2026&quot;: Guillermina Vald\u00e9s confirm\u00f3 que Mauricio Macri la llam\u00f3 - CLAN ESPECTACULOS<\/title>\n<meta name=\"robots\" content=\"index, follow, max-snippet:-1, max-image-preview:large, max-video-preview:-1\" \/>\n<link rel=\"canonical\" href=\"https:\/\/radioclanfm.com\/clanespectaculos\/me-hablo-pero-guillermina-valdes-confirmo-que-mauricio-macri-la-llamo\/\" \/>\n<meta property=\"og:locale\" content=\"es_ES\" \/>\n<meta property=\"og:type\" content=\"article\" \/>\n<meta property=\"og:title\" content=\"&quot;Me habl\u00f3, pero\u2026&quot;: Guillermina Vald\u00e9s confirm\u00f3 que Mauricio Macri la llam\u00f3 - CLAN ESPECTACULOS\" \/>\n<meta property=\"og:description\" content=\"En medio de versiones sobre su vida sentimental, Guillermina Vald\u00e9s se refiri\u00f3 al ex presidente Mauricio Macri y aclar\u00f3 cu\u00e1l fue el verdadero v\u00ednculo entre ambos. Sus declaraciones buscaron poner fin a los rumores que comenzaron a circular en redes y programas de espect\u00e1culos. En medio de versiones que comenzaron a circular en redes y [&hellip;]\" \/>\n<meta property=\"og:url\" content=\"https:\/\/radioclanfm.com\/clanespectaculos\/me-hablo-pero-guillermina-valdes-confirmo-que-mauricio-macri-la-llamo\/\" \/>\n<meta property=\"og:site_name\" content=\"CLAN ESPECTACULOS\" \/>\n<meta property=\"article:publisher\" content=\"https:\/\/www.facebook.com\/clanespectaculos\/\" \/>\n<meta property=\"article:published_time\" content=\"2026-02-21T03:15:46+00:00\" \/>\n<meta property=\"og:image\" content=\"https:\/\/radioclanfm.com\/clanespectaculos\/wp-content\/uploads\/sites\/2\/2026\/02\/VALDES-DESTACADA-749x561.jpg.webp\" \/>\n\t<meta property=\"og:image:width\" content=\"749\" \/>\n\t<meta property=\"og:image:height\" content=\"561\" \/>\n\t<meta property=\"og:image:type\" content=\"image\/webp\" \/>\n<meta name=\"author\" content=\"E-GRUPOCLAN\" \/>\n<meta name=\"twitter:card\" content=\"summary_large_image\" \/>\n<meta name=\"twitter:creator\" content=\"@clanespectok\" \/>\n<meta name=\"twitter:site\" content=\"@clanespectok\" \/>\n<meta name=\"twitter:label1\" content=\"Escrito por\" \/>\n\t<meta name=\"twitter:data1\" content=\"E-GRUPOCLAN\" \/>\n\t<meta name=\"twitter:label2\" content=\"Tiempo de lectura\" \/>\n\t<meta name=\"twitter:data2\" content=\"2 minutos\" \/>\n<script type=\"application\/ld+json\" class=\"yoast-schema-graph\">{\"@context\":\"https:\\\/\\\/schema.org\",\"@graph\":[{\"@type\":\"Article\",\"@id\":\"https:\\\/\\\/radioclanfm.com\\\/clanespectaculos\\\/me-hablo-pero-guillermina-valdes-confirmo-que-mauricio-macri-la-llamo\\\/#article\",\"isPartOf\":{\"@id\":\"https:\\\/\\\/radioclanfm.com\\\/clanespectaculos\\\/me-hablo-pero-guillermina-valdes-confirmo-que-mauricio-macri-la-llamo\\\/\"},\"author\":{\"name\":\"E-GRUPOCLAN\",\"@id\":\"https:\\\/\\\/radioclanfm.com\\\/clanespectaculos\\\/#\\\/schema\\\/person\\\/9734813083303230f3ad84d99171b20c\"},\"headline\":\"&#8220;Me habl\u00f3, pero\u2026&#8221;: Guillermina Vald\u00e9s confirm\u00f3 que Mauricio Macri la llam\u00f3\",\"datePublished\":\"2026-02-21T03:15:46+00:00\",\"mainEntityOfPage\":{\"@id\":\"https:\\\/\\\/radioclanfm.com\\\/clanespectaculos\\\/me-hablo-pero-guillermina-valdes-confirmo-que-mauricio-macri-la-llamo\\\/\"},\"wordCount\":368,\"commentCount\":0,\"publisher\":{\"@id\":\"https:\\\/\\\/radioclanfm.com\\\/clanespectaculos\\\/#organization\"},\"image\":{\"@id\":\"https:\\\/\\\/radioclanfm.com\\\/clanespectaculos\\\/me-hablo-pero-guillermina-valdes-confirmo-que-mauricio-macri-la-llamo\\\/#primaryimage\"},\"thumbnailUrl\":\"https:\\\/\\\/radioclanfm.com\\\/clanespectaculos\\\/wp-content\\\/uploads\\\/sites\\\/2\\\/2026\\\/02\\\/VALDES-DESTACADA-749x561.jpg.webp\",\"articleSection\":[\"Espectaculos\"],\"inLanguage\":\"es-AR\",\"potentialAction\":[{\"@type\":\"CommentAction\",\"name\":\"Comment\",\"target\":[\"https:\\\/\\\/radioclanfm.com\\\/clanespectaculos\\\/me-hablo-pero-guillermina-valdes-confirmo-que-mauricio-macri-la-llamo\\\/#respond\"]}]},{\"@type\":\"WebPage\",\"@id\":\"https:\\\/\\\/radioclanfm.com\\\/clanespectaculos\\\/me-hablo-pero-guillermina-valdes-confirmo-que-mauricio-macri-la-llamo\\\/\",\"url\":\"https:\\\/\\\/radioclanfm.com\\\/clanespectaculos\\\/me-hablo-pero-guillermina-valdes-confirmo-que-mauricio-macri-la-llamo\\\/\",\"name\":\"\\\"Me habl\u00f3, pero\u2026\\\": Guillermina Vald\u00e9s confirm\u00f3 que Mauricio Macri la llam\u00f3 - CLAN ESPECTACULOS\",\"isPartOf\":{\"@id\":\"https:\\\/\\\/radioclanfm.com\\\/clanespectaculos\\\/#website\"},\"primaryImageOfPage\":{\"@id\":\"https:\\\/\\\/radioclanfm.com\\\/clanespectaculos\\\/me-hablo-pero-guillermina-valdes-confirmo-que-mauricio-macri-la-llamo\\\/#primaryimage\"},\"image\":{\"@id\":\"https:\\\/\\\/radioclanfm.com\\\/clanespectaculos\\\/me-hablo-pero-guillermina-valdes-confirmo-que-mauricio-macri-la-llamo\\\/#primaryimage\"},\"thumbnailUrl\":\"https:\\\/\\\/radioclanfm.com\\\/clanespectaculos\\\/wp-content\\\/uploads\\\/sites\\\/2\\\/2026\\\/02\\\/VALDES-DESTACADA-749x561.jpg.webp\",\"datePublished\":\"2026-02-21T03:15:46+00:00\",\"breadcrumb\":{\"@id\":\"https:\\\/\\\/radioclanfm.com\\\/clanespectaculos\\\/me-hablo-pero-guillermina-valdes-confirmo-que-mauricio-macri-la-llamo\\\/#breadcrumb\"},\"inLanguage\":\"es-AR\",\"potentialAction\":[{\"@type\":\"ReadAction\",\"target\":[\"https:\\\/\\\/radioclanfm.com\\\/clanespectaculos\\\/me-hablo-pero-guillermina-valdes-confirmo-que-mauricio-macri-la-llamo\\\/\"]}]},{\"@type\":\"ImageObject\",\"inLanguage\":\"es-AR\",\"@id\":\"https:\\\/\\\/radioclanfm.com\\\/clanespectaculos\\\/me-hablo-pero-guillermina-valdes-confirmo-que-mauricio-macri-la-llamo\\\/#primaryimage\",\"url\":\"https:\\\/\\\/radioclanfm.com\\\/clanespectaculos\\\/wp-content\\\/uploads\\\/sites\\\/2\\\/2026\\\/02\\\/VALDES-DESTACADA-749x561.jpg.webp\",\"contentUrl\":\"https:\\\/\\\/radioclanfm.com\\\/clanespectaculos\\\/wp-content\\\/uploads\\\/sites\\\/2\\\/2026\\\/02\\\/VALDES-DESTACADA-749x561.jpg.webp\",\"width\":749,\"height\":561},{\"@type\":\"BreadcrumbList\",\"@id\":\"https:\\\/\\\/radioclanfm.com\\\/clanespectaculos\\\/me-hablo-pero-guillermina-valdes-confirmo-que-mauricio-macri-la-llamo\\\/#breadcrumb\",\"itemListElement\":[{\"@type\":\"ListItem\",\"position\":1,\"name\":\"Inicio\",\"item\":\"https:\\\/\\\/radioclanfm.com\\\/clanespectaculos\\\/\"},{\"@type\":\"ListItem\",\"position\":2,\"name\":\"&#8220;Me habl\u00f3, pero\u2026&#8221;: Guillermina Vald\u00e9s confirm\u00f3 que Mauricio Macri la llam\u00f3\"}]},{\"@type\":\"WebSite\",\"@id\":\"https:\\\/\\\/radioclanfm.com\\\/clanespectaculos\\\/#website\",\"url\":\"https:\\\/\\\/radioclanfm.com\\\/clanespectaculos\\\/\",\"name\":\"CLAN ESPECTACULOS\",\"description\":\"\",\"publisher\":{\"@id\":\"https:\\\/\\\/radioclanfm.com\\\/clanespectaculos\\\/#organization\"},\"potentialAction\":[{\"@type\":\"SearchAction\",\"target\":{\"@type\":\"EntryPoint\",\"urlTemplate\":\"https:\\\/\\\/radioclanfm.com\\\/clanespectaculos\\\/?s={search_term_string}\"},\"query-input\":{\"@type\":\"PropertyValueSpecification\",\"valueRequired\":true,\"valueName\":\"search_term_string\"}}],\"inLanguage\":\"es-AR\"},{\"@type\":\"Organization\",\"@id\":\"https:\\\/\\\/radioclanfm.com\\\/clanespectaculos\\\/#organization\",\"name\":\"CLAN ESPECTACULOS\",\"url\":\"https:\\\/\\\/radioclanfm.com\\\/clanespectaculos\\\/\",\"logo\":{\"@type\":\"ImageObject\",\"inLanguage\":\"es-AR\",\"@id\":\"https:\\\/\\\/radioclanfm.com\\\/clanespectaculos\\\/#\\\/schema\\\/logo\\\/image\\\/\",\"url\":\"https:\\\/\\\/radioclanfm.com\\\/clanespectaculos\\\/wp-content\\\/uploads\\\/sites\\\/2\\\/2026\\\/04\\\/ChatGPT-Image-23-mar-2026-10_09_00.png\",\"contentUrl\":\"https:\\\/\\\/radioclanfm.com\\\/clanespectaculos\\\/wp-content\\\/uploads\\\/sites\\\/2\\\/2026\\\/04\\\/ChatGPT-Image-23-mar-2026-10_09_00.png\",\"width\":1024,\"height\":1024,\"caption\":\"CLAN ESPECTACULOS\"},\"image\":{\"@id\":\"https:\\\/\\\/radioclanfm.com\\\/clanespectaculos\\\/#\\\/schema\\\/logo\\\/image\\\/\"},\"sameAs\":[\"https:\\\/\\\/www.facebook.com\\\/clanespectaculos\\\/\",\"https:\\\/\\\/x.com\\\/clanespectok\"]},{\"@type\":\"Person\",\"@id\":\"https:\\\/\\\/radioclanfm.com\\\/clanespectaculos\\\/#\\\/schema\\\/person\\\/9734813083303230f3ad84d99171b20c\",\"name\":\"E-GRUPOCLAN\",\"image\":{\"@type\":\"ImageObject\",\"inLanguage\":\"es-AR\",\"@id\":\"https:\\\/\\\/secure.gravatar.com\\\/avatar\\\/af6e19837c3d6a212034a48c7b3818d2ac1826f6025df0155da5a186ad321d79?s=96&d=mm&r=g\",\"url\":\"https:\\\/\\\/secure.gravatar.com\\\/avatar\\\/af6e19837c3d6a212034a48c7b3818d2ac1826f6025df0155da5a186ad321d79?s=96&d=mm&r=g\",\"contentUrl\":\"https:\\\/\\\/secure.gravatar.com\\\/avatar\\\/af6e19837c3d6a212034a48c7b3818d2ac1826f6025df0155da5a186ad321d79?s=96&d=mm&r=g\",\"caption\":\"E-GRUPOCLAN\"},\"sameAs\":[\"https:\\\/\\\/radioclanfm.com\"],\"url\":\"https:\\\/\\\/radioclanfm.com\\\/clanespectaculos\\\/author\\\/admin\\\/\"}]}<\/script>\n<!-- \/ Yoast SEO plugin. -->","yoast_head_json":{"title":"\"Me habl\u00f3, pero\u2026\": Guillermina Vald\u00e9s confirm\u00f3 que Mauricio Macri la llam\u00f3 - CLAN ESPECTACULOS","robots":{"index":"index","follow":"follow","max-snippet":"max-snippet:-1","max-image-preview":"max-image-preview:large","max-video-preview":"max-video-preview:-1"},"canonical":"https:\/\/radioclanfm.com\/clanespectaculos\/me-hablo-pero-guillermina-valdes-confirmo-que-mauricio-macri-la-llamo\/","og_locale":"es_ES","og_type":"article","og_title":"\"Me habl\u00f3, pero\u2026\": Guillermina Vald\u00e9s confirm\u00f3 que Mauricio Macri la llam\u00f3 - CLAN ESPECTACULOS","og_description":"En medio de versiones sobre su vida sentimental, Guillermina Vald\u00e9s se refiri\u00f3 al ex presidente Mauricio Macri y aclar\u00f3 cu\u00e1l fue el verdadero v\u00ednculo entre ambos. Sus declaraciones buscaron poner fin a los rumores que comenzaron a circular en redes y programas de espect\u00e1culos. En medio de versiones que comenzaron a circular en redes y [&hellip;]","og_url":"https:\/\/radioclanfm.com\/clanespectaculos\/me-hablo-pero-guillermina-valdes-confirmo-que-mauricio-macri-la-llamo\/","og_site_name":"CLAN ESPECTACULOS","article_publisher":"https:\/\/www.facebook.com\/clanespectaculos\/","article_published_time":"2026-02-21T03:15:46+00:00","og_image":[{"width":749,"height":561,"url":"https:\/\/radioclanfm.com\/clanespectaculos\/wp-content\/uploads\/sites\/2\/2026\/02\/VALDES-DESTACADA-749x561.jpg.webp","type":"image\/webp"}],"author":"E-GRUPOCLAN","twitter_card":"summary_large_image","twitter_creator":"@clanespectok","twitter_site":"@clanespectok","twitter_misc":{"Escrito por":"E-GRUPOCLAN","Tiempo de lectura":"2 minutos"},"schema":{"@context":"https:\/\/schema.org","@graph":[{"@type":"Article","@id":"https:\/\/radioclanfm.com\/clanespectaculos\/me-hablo-pero-guillermina-valdes-confirmo-que-mauricio-macri-la-llamo\/#article","isPartOf":{"@id":"https:\/\/radioclanfm.com\/clanespectaculos\/me-hablo-pero-guillermina-valdes-confirmo-que-mauricio-macri-la-llamo\/"},"author":{"name":"E-GRUPOCLAN","@id":"https:\/\/radioclanfm.com\/clanespectaculos\/#\/schema\/person\/9734813083303230f3ad84d99171b20c"},"headline":"&#8220;Me habl\u00f3, pero\u2026&#8221;: Guillermina Vald\u00e9s confirm\u00f3 que Mauricio Macri la llam\u00f3","datePublished":"2026-02-21T03:15:46+00:00","mainEntityOfPage":{"@id":"https:\/\/radioclanfm.com\/clanespectaculos\/me-hablo-pero-guillermina-valdes-confirmo-que-mauricio-macri-la-llamo\/"},"wordCount":368,"commentCount":0,"publisher":{"@id":"https:\/\/radioclanfm.com\/clanespectaculos\/#organization"},"image":{"@id":"https:\/\/radioclanfm.com\/clanespectaculos\/me-hablo-pero-guillermina-valdes-confirmo-que-mauricio-macri-la-llamo\/#primaryimage"},"thumbnailUrl":"https:\/\/radioclanfm.com\/clanespectaculos\/wp-content\/uploads\/sites\/2\/2026\/02\/VALDES-DESTACADA-749x561.jpg.webp","articleSection":["Espectaculos"],"inLanguage":"es-AR","potentialAction":[{"@type":"CommentAction","name":"Comment","target":["https:\/\/radioclanfm.com\/clanespectaculos\/me-hablo-pero-guillermina-valdes-confirmo-que-mauricio-macri-la-llamo\/#respond"]}]},{"@type":"WebPage","@id":"https:\/\/radioclanfm.com\/clanespectaculos\/me-hablo-pero-guillermina-valdes-confirmo-que-mauricio-macri-la-llamo\/","url":"https:\/\/radioclanfm.com\/clanespectaculos\/me-hablo-pero-guillermina-valdes-confirmo-que-mauricio-macri-la-llamo\/","name":"\"Me habl\u00f3, pero\u2026\": Guillermina Vald\u00e9s confirm\u00f3 que Mauricio Macri la llam\u00f3 - CLAN ESPECTACULOS","isPartOf":{"@id":"https:\/\/radioclanfm.com\/clanespectaculos\/#website"},"primaryImageOfPage":{"@id":"https:\/\/radioclanfm.com\/clanespectaculos\/me-hablo-pero-guillermina-valdes-confirmo-que-mauricio-macri-la-llamo\/#primaryimage"},"image":{"@id":"https:\/\/radioclanfm.com\/clanespectaculos\/me-hablo-pero-guillermina-valdes-confirmo-que-mauricio-macri-la-llamo\/#primaryimage"},"thumbnailUrl":"https:\/\/radioclanfm.com\/clanespectaculos\/wp-content\/uploads\/sites\/2\/2026\/02\/VALDES-DESTACADA-749x561.jpg.webp","datePublished":"2026-02-21T03:15:46+00:00","breadcrumb":{"@id":"https:\/\/radioclanfm.com\/clanespectaculos\/me-hablo-pero-guillermina-valdes-confirmo-que-mauricio-macri-la-llamo\/#breadcrumb"},"inLanguage":"es-AR","potentialAction":[{"@type":"ReadAction","target":["https:\/\/radioclanfm.com\/clanespectaculos\/me-hablo-pero-guillermina-valdes-confirmo-que-mauricio-macri-la-llamo\/"]}]},{"@type":"ImageObject","inLanguage":"es-AR","@id":"https:\/\/radioclanfm.com\/clanespectaculos\/me-hablo-pero-guillermina-valdes-confirmo-que-mauricio-macri-la-llamo\/#primaryimage","url":"https:\/\/radioclanfm.com\/clanespectaculos\/wp-content\/uploads\/sites\/2\/2026\/02\/VALDES-DESTACADA-749x561.jpg.webp","contentUrl":"https:\/\/radioclanfm.com\/clanespectaculos\/wp-content\/uploads\/sites\/2\/2026\/02\/VALDES-DESTACADA-749x561.jpg.webp","width":749,"height":561},{"@type":"BreadcrumbList","@id":"https:\/\/radioclanfm.com\/clanespectaculos\/me-hablo-pero-guillermina-valdes-confirmo-que-mauricio-macri-la-llamo\/#breadcrumb","itemListElement":[{"@type":"ListItem","position":1,"name":"Inicio","item":"https:\/\/radioclanfm.com\/clanespectaculos\/"},{"@type":"ListItem","position":2,"name":"&#8220;Me habl\u00f3, pero\u2026&#8221;: Guillermina Vald\u00e9s confirm\u00f3 que Mauricio Macri la llam\u00f3"}]},{"@type":"WebSite","@id":"https:\/\/radioclanfm.com\/clanespectaculos\/#website","url":"https:\/\/radioclanfm.com\/clanespectaculos\/","name":"CLAN ESPECTACULOS","description":"","publisher":{"@id":"https:\/\/radioclanfm.com\/clanespectaculos\/#organization"},"potentialAction":[{"@type":"SearchAction","target":{"@type":"EntryPoint","urlTemplate":"https:\/\/radioclanfm.com\/clanespectaculos\/?s={search_term_string}"},"query-input":{"@type":"PropertyValueSpecification","valueRequired":true,"valueName":"search_term_string"}}],"inLanguage":"es-AR"},{"@type":"Organization","@id":"https:\/\/radioclanfm.com\/clanespectaculos\/#organization","name":"CLAN ESPECTACULOS","url":"https:\/\/radioclanfm.com\/clanespectaculos\/","logo":{"@type":"ImageObject","inLanguage":"es-AR","@id":"https:\/\/radioclanfm.com\/clanespectaculos\/#\/schema\/logo\/image\/","url":"https:\/\/radioclanfm.com\/clanespectaculos\/wp-content\/uploads\/sites\/2\/2026\/04\/ChatGPT-Image-23-mar-2026-10_09_00.png","contentUrl":"https:\/\/radioclanfm.com\/clanespectaculos\/wp-content\/uploads\/sites\/2\/2026\/04\/ChatGPT-Image-23-mar-2026-10_09_00.png","width":1024,"height":1024,"caption":"CLAN ESPECTACULOS"},"image":{"@id":"https:\/\/radioclanfm.com\/clanespectaculos\/#\/schema\/logo\/image\/"},"sameAs":["https:\/\/www.facebook.com\/clanespectaculos\/","https:\/\/x.com\/clanespectok"]},{"@type":"Person","@id":"https:\/\/radioclanfm.com\/clanespectaculos\/#\/schema\/person\/9734813083303230f3ad84d99171b20c","name":"E-GRUPOCLAN","image":{"@type":"ImageObject","inLanguage":"es-AR","@id":"https:\/\/secure.gravatar.com\/avatar\/af6e19837c3d6a212034a48c7b3818d2ac1826f6025df0155da5a186ad321d79?s=96&d=mm&r=g","url":"https:\/\/secure.gravatar.com\/avatar\/af6e19837c3d6a212034a48c7b3818d2ac1826f6025df0155da5a186ad321d79?s=96&d=mm&r=g","contentUrl":"https:\/\/secure.gravatar.com\/avatar\/af6e19837c3d6a212034a48c7b3818d2ac1826f6025df0155da5a186ad321d79?s=96&d=mm&r=g","caption":"E-GRUPOCLAN"},"sameAs":["https:\/\/radioclanfm.com"],"url":"https:\/\/radioclanfm.com\/clanespectaculos\/author\/admin\/"}]}},"_links":{"self":[{"href":"https:\/\/radioclanfm.com\/clanespectaculos\/wp-json\/wp\/v2\/posts\/12640","targetHints":{"allow":["GET"]}}],"collection":[{"href":"https:\/\/radioclanfm.com\/clanespectaculos\/wp-json\/wp\/v2\/posts"}],"about":[{"href":"https:\/\/radioclanfm.com\/clanespectaculos\/wp-json\/wp\/v2\/types\/post"}],"author":[{"embeddable":true,"href":"https:\/\/radioclanfm.com\/clanespectaculos\/wp-json\/wp\/v2\/users\/1"}],"replies":[{"embeddable":true,"href":"https:\/\/radioclanfm.com\/clanespectaculos\/wp-json\/wp\/v2\/comments?post=12640"}],"version-history":[{"count":1,"href":"https:\/\/radioclanfm.com\/clanespectaculos\/wp-json\/wp\/v2\/posts\/12640\/revisions"}],"predecessor-version":[{"id":12644,"href":"https:\/\/radioclanfm.com\/clanespectaculos\/wp-json\/wp\/v2\/posts\/12640\/revisions\/12644"}],"wp:featuredmedia":[{"embeddable":true,"href":"https:\/\/radioclanfm.com\/clanespectaculos\/wp-json\/wp\/v2\/media\/12643"}],"wp:attachment":[{"href":"https:\/\/radioclanfm.com\/clanespectaculos\/wp-json\/wp\/v2\/media?parent=12640"}],"wp:term":[{"taxonomy":"category","embeddable":true,"href":"https:\/\/radioclanfm.com\/clanespectaculos\/wp-json\/wp\/v2\/categories?post=12640"},{"taxonomy":"post_tag","embeddable":true,"href":"https:\/\/radioclanfm.com\/clanespectaculos\/wp-json\/wp\/v2\/tags?post=12640"}],"curies":[{"name":"wp","href":"https:\/\/api.w.org\/{rel}","templated":true}]}}