{"id":12619,"date":"2026-02-20T23:57:22","date_gmt":"2026-02-21T02:57:22","guid":{"rendered":"https:\/\/radioclanfm.com\/clanespectaculos\/?p=12619"},"modified":"2026-02-20T23:57:22","modified_gmt":"2026-02-21T02:57:22","slug":"asi-viven-nancy-duplaa-y-pablo-echarri-como-es-su-casa-con-toques-rusticos-y-detalles-reciclados","status":"publish","type":"post","link":"https:\/\/radioclanfm.com\/clanespectaculos\/asi-viven-nancy-duplaa-y-pablo-echarri-como-es-su-casa-con-toques-rusticos-y-detalles-reciclados\/","title":{"rendered":"As\u00ed viven Nancy Dupl\u00e1a y Pablo Echarri: c\u00f3mo es su casa con toques r\u00fasticos y detalles reciclados"},"content":{"rendered":"<p>La pareja apost\u00f3 por un hogar donde la naturaleza se mezcla con calidez y funcionalidad.<\/p>\n<div class=\"col-content\"><main class=\"col-content\"><\/p>\n<div class=\"default-article-color article__body article__article\">\n<p class=\"paragraph font__body-regular\"><b>Nancy Dupl\u00e1a y Pablo Echarri<\/b><b>\u00a0<\/b>lograron construir mucho m\u00e1s que una vivienda: crearon un verdadero refugio familiar donde el reciclaje, el\u00a0<b>dise\u00f1o r\u00fastico y la naturaleza conviven en perfecta armon\u00eda<\/b>.<\/p>\n<div class=\"AV6543bedcd858799fe90b5c47\">\n<div id=\"aniBox\">\n<div id=\"aniplayer_AV6543bedcd858799fe90b5c47-1771642606723\">\n<div id=\"aniplayer_AV6543bedcd858799fe90b5c47-1771642606723gui\">\n<div id=\"av-caption\">\n<div id=\"av-close-btn-overlay\" class=\"av-pos-top-left\"><\/div>\n<\/div>\n<\/div>\n<\/div>\n<\/div>\n<\/div>\n<div id=\"ad-slot-infeed\" class=\"infeed-container ad-slot-infeed ad-slot\" data-adtype=\"infeed\" data-lazyload=\"1\" data-google-query-id=\"CIq37_3K6ZIDFaUl4AMdNEoDYg\">\n<div id=\"google_ads_iframe_\/113951150\/tn-arc\/nota\/infeed_0__container__\"><\/div>\n<\/div>\n<p class=\"paragraph font__body-regular\">La pareja apost\u00f3 por renovar por completo la propiedad, respetando su esencia original pero\u00a0<b>adapt\u00e1ndola a las necesidades de la vida cotidiana<\/b>.<\/p>\n<figure class=\"\" data-testid=\"figure-testid\">\n<div class=\"aspect_ratio__container\"><picture class=\"responsive-image\"><source srcset=\"https:\/\/tn.com.ar\/resizer\/v2\/asi-es-la-casa-de-nancy-duplaa-y-pablo-echarri-foto-instagram-duplaanancyok-MANEE3327BBDVJTPF6JNCMT3SQ.JPG?auth=757cd98a1d39722a4eb592df933281795eba787a11ddb4cfda83dcc38eb75540&amp;width=767\" type=\"image\/jpg\" media=\"(max-width: 728px)\" \/><source srcset=\"https:\/\/tn.com.ar\/resizer\/v2\/asi-es-la-casa-de-nancy-duplaa-y-pablo-echarri-foto-instagram-duplaanancyok-MANEE3327BBDVJTPF6JNCMT3SQ.JPG?auth=757cd98a1d39722a4eb592df933281795eba787a11ddb4cfda83dcc38eb75540&amp;width=1023\" type=\"image\/jpg\" media=\"(max-width: 1023px)\" \/><source srcset=\"https:\/\/tn.com.ar\/resizer\/v2\/asi-es-la-casa-de-nancy-duplaa-y-pablo-echarri-foto-instagram-duplaanancyok-MANEE3327BBDVJTPF6JNCMT3SQ.JPG?auth=757cd98a1d39722a4eb592df933281795eba787a11ddb4cfda83dcc38eb75540&amp;width=1440\" type=\"image\/jpg\" \/><img loading=\"lazy\" decoding=\"async\" class=\"image content-image image_placeholder\" src=\"https:\/\/tn.com.ar\/resizer\/v2\/asi-es-la-casa-de-nancy-duplaa-y-pablo-echarri-foto-instagram-duplaanancyok-MANEE3327BBDVJTPF6JNCMT3SQ.JPG?auth=757cd98a1d39722a4eb592df933281795eba787a11ddb4cfda83dcc38eb75540&amp;width=767\" alt=\"As\u00ed es la casa de Nancy Dupl\u00e1a y Pablo Echarri (Foto: Instagram \/ duplaa_nancyok)\" width=\"767\" height=\"877\" data-testid=\"loading-testid\" \/><\/picture><\/div><figcaption class=\"caption_image\" data-testid=\"figcaption-testid\">\n<div class=\"image_caption \">As\u00ed es la casa de Nancy Dupl\u00e1a y Pablo Echarri (Foto: Instagram \/ duplaa_nancyok)<\/div>\n<\/figcaption><\/figure>\n<p class=\"paragraph font__body-regular\">El resultado\u00a0<b>es un hogar c\u00e1lido, funcional y con una identidad muy marcada<\/b>, en el que cada rinc\u00f3n refleja su estilo y su forma de vivir.<\/p>\n<figure class=\"\" data-testid=\"figure-testid\">\n<div class=\"aspect_ratio__container\"><picture class=\"responsive-image\"><source srcset=\"https:\/\/tn.com.ar\/resizer\/v2\/nancy-junto-a-sus-ventanales-de-madera-foto-instagram-duplaanancyok-P766ZEOFCJDTVETKIWAZ7OX5Z4.JPG?auth=73f3a1b33d336a86a69ae9f5b7e3431f22693f6feaf4e271aeca80e8fe28060c&amp;width=767\" type=\"image\/jpg\" media=\"(max-width: 728px)\" \/><source srcset=\"https:\/\/tn.com.ar\/resizer\/v2\/nancy-junto-a-sus-ventanales-de-madera-foto-instagram-duplaanancyok-P766ZEOFCJDTVETKIWAZ7OX5Z4.JPG?auth=73f3a1b33d336a86a69ae9f5b7e3431f22693f6feaf4e271aeca80e8fe28060c&amp;width=1023\" type=\"image\/jpg\" media=\"(max-width: 1023px)\" \/><source srcset=\"https:\/\/tn.com.ar\/resizer\/v2\/nancy-junto-a-sus-ventanales-de-madera-foto-instagram-duplaanancyok-P766ZEOFCJDTVETKIWAZ7OX5Z4.JPG?auth=73f3a1b33d336a86a69ae9f5b7e3431f22693f6feaf4e271aeca80e8fe28060c&amp;width=1440\" type=\"image\/jpg\" \/><img loading=\"lazy\" decoding=\"async\" class=\"image content-image image_placeholder\" src=\"https:\/\/tn.com.ar\/resizer\/v2\/nancy-junto-a-sus-ventanales-de-madera-foto-instagram-duplaanancyok-P766ZEOFCJDTVETKIWAZ7OX5Z4.JPG?auth=73f3a1b33d336a86a69ae9f5b7e3431f22693f6feaf4e271aeca80e8fe28060c&amp;width=767\" alt=\"Nancy junto a sus ventanales de madera (Foto: Instagram \/ duplaa_nancyok)\" width=\"767\" height=\"775\" data-testid=\"loading-testid\" \/><\/picture><\/div><figcaption class=\"caption_image\" data-testid=\"figcaption-testid\">\n<div class=\"image_caption \">Nancy junto a sus ventanales de madera (Foto: Instagram \/ duplaa_nancyok)<\/div>\n<\/figcaption><\/figure>\n<p class=\"paragraph font__body-regular\">Uno de los grandes protagonistas de la casa son l<b>os ventanales de madera<\/b>, que permiten que la luz natural invada los espacios durante gran parte del d\u00eda. Adem\u00e1s de iluminar, generan<b>\u00a0una conexi\u00f3n directa entre el interior y el exterior<\/b>, integrando patios, jard\u00edn y sectores verdes.<\/p>\n<figure class=\"\" data-testid=\"figure-testid\">\n<div class=\"aspect_ratio__container\"><picture class=\"responsive-image\"><source srcset=\"https:\/\/tn.com.ar\/resizer\/v2\/nancy-en-su-patio-foto-instagram-duplaanancyok-VUT2GTDYHFF3JJQMREAGDIKDNE.JPG?auth=2cb3975e4b3c728a25cace01a098a5b2386a6318cf57186be0e2294a311bb77a&amp;width=767\" type=\"image\/jpg\" media=\"(max-width: 728px)\" \/><source srcset=\"https:\/\/tn.com.ar\/resizer\/v2\/nancy-en-su-patio-foto-instagram-duplaanancyok-VUT2GTDYHFF3JJQMREAGDIKDNE.JPG?auth=2cb3975e4b3c728a25cace01a098a5b2386a6318cf57186be0e2294a311bb77a&amp;width=1023\" type=\"image\/jpg\" media=\"(max-width: 1023px)\" \/><source srcset=\"https:\/\/tn.com.ar\/resizer\/v2\/nancy-en-su-patio-foto-instagram-duplaanancyok-VUT2GTDYHFF3JJQMREAGDIKDNE.JPG?auth=2cb3975e4b3c728a25cace01a098a5b2386a6318cf57186be0e2294a311bb77a&amp;width=1440\" type=\"image\/jpg\" \/><img loading=\"lazy\" decoding=\"async\" class=\"image content-image image_placeholder\" src=\"https:\/\/tn.com.ar\/resizer\/v2\/nancy-en-su-patio-foto-instagram-duplaanancyok-VUT2GTDYHFF3JJQMREAGDIKDNE.JPG?auth=2cb3975e4b3c728a25cace01a098a5b2386a6318cf57186be0e2294a311bb77a&amp;width=767\" alt=\"Nancy en su patio (Foto: Instagram \/ duplaa_nancyok)\" width=\"767\" height=\"585\" data-testid=\"loading-testid\" \/><\/picture><\/div><figcaption class=\"caption_image\" data-testid=\"figcaption-testid\">\n<div class=\"image_caption \">Nancy en su patio (Foto: Instagram \/ duplaa_nancyok)<\/div>\n<\/figcaption><\/figure>\n<p class=\"paragraph font__body-regular\">La\u00a0<b>elecci\u00f3n de materiales como la madera y el hierro<\/b>\u00a0sostiene la est\u00e9tica r\u00fastica que define la vivienda y aporta una sensaci\u00f3n de calidez constante. El living y el comedor se destacan por su\u00a0<b>amplitud y por la circulaci\u00f3n fluida<\/b>, pensada para acompa\u00f1ar la din\u00e1mica familiar.<\/p>\n<figure class=\"\" data-testid=\"figure-testid\">\n<div class=\"aspect_ratio__container\"><picture class=\"responsive-image\"><source srcset=\"https:\/\/tn.com.ar\/resizer\/v2\/nancy-duplaa-y-pablo-echarri-tienen-muchas-plantas-en-interior-y-exterior-foto-instagram-duplaanancyok-4M76BHOWK5BQHEHUI35PGKFPFA.JPG?auth=cfb772607e42c7ef0e4e0475ccf18b2164a3d9fda5f16c8970b4dfc982b98208&amp;width=767\" type=\"image\/jpg\" media=\"(max-width: 728px)\" \/><source srcset=\"https:\/\/tn.com.ar\/resizer\/v2\/nancy-duplaa-y-pablo-echarri-tienen-muchas-plantas-en-interior-y-exterior-foto-instagram-duplaanancyok-4M76BHOWK5BQHEHUI35PGKFPFA.JPG?auth=cfb772607e42c7ef0e4e0475ccf18b2164a3d9fda5f16c8970b4dfc982b98208&amp;width=1023\" type=\"image\/jpg\" media=\"(max-width: 1023px)\" \/><source srcset=\"https:\/\/tn.com.ar\/resizer\/v2\/nancy-duplaa-y-pablo-echarri-tienen-muchas-plantas-en-interior-y-exterior-foto-instagram-duplaanancyok-4M76BHOWK5BQHEHUI35PGKFPFA.JPG?auth=cfb772607e42c7ef0e4e0475ccf18b2164a3d9fda5f16c8970b4dfc982b98208&amp;width=1440\" type=\"image\/jpg\" \/><img loading=\"lazy\" decoding=\"async\" class=\"image content-image image_placeholder\" src=\"https:\/\/tn.com.ar\/resizer\/v2\/nancy-duplaa-y-pablo-echarri-tienen-muchas-plantas-en-interior-y-exterior-foto-instagram-duplaanancyok-4M76BHOWK5BQHEHUI35PGKFPFA.JPG?auth=cfb772607e42c7ef0e4e0475ccf18b2164a3d9fda5f16c8970b4dfc982b98208&amp;width=767\" alt=\"Nancy Dupl\u00e1a y Pablo Echarri tienen muchas plantas en interior y exterior (Foto: Instagram \/ duplaa_nancyok)\" width=\"767\" height=\"1028\" data-testid=\"loading-testid\" \/><\/picture><\/div><figcaption class=\"caption_image\" data-testid=\"figcaption-testid\">\n<div class=\"image_caption \">Nancy Dupl\u00e1a y Pablo Echarri tienen muchas plantas en interior y exterior (Foto: Instagram \/ duplaa_nancyok)<\/div>\n<\/figcaption><\/figure>\n<p class=\"paragraph font__body-regular\">La ambientaci\u00f3n combina muebles de l\u00edneas simples con texturas naturales,\u00a0<b>detalles artesanales y una paleta de tonos c\u00e1lidos<\/b>\u00a0que refuerza la armon\u00eda visual. Cada ambiente fue dise\u00f1ado con un equilibrio entre est\u00e9tica y practicidad, logrando\u00a0<b>espacios c\u00f3modos sin resignar personalidad.<\/b><\/p>\n<figure class=\"\" data-testid=\"figure-testid\">\n<div class=\"aspect_ratio__container\"><picture class=\"responsive-image\"><source srcset=\"https:\/\/tn.com.ar\/resizer\/v2\/asi-es-la-cocina-de-nancy-duplaa-y-pablo-echarri-foto-instagram-duplaanancyok-PIFPIPDT2ZFYVFB4M7U6RRJ3JM.JPG?auth=1a84c80f96ddce091c1740bab2287b518ac73350f77cdcb7760bb4f6c4701d6c&amp;width=767\" type=\"image\/jpg\" media=\"(max-width: 728px)\" \/><source srcset=\"https:\/\/tn.com.ar\/resizer\/v2\/asi-es-la-cocina-de-nancy-duplaa-y-pablo-echarri-foto-instagram-duplaanancyok-PIFPIPDT2ZFYVFB4M7U6RRJ3JM.JPG?auth=1a84c80f96ddce091c1740bab2287b518ac73350f77cdcb7760bb4f6c4701d6c&amp;width=1023\" type=\"image\/jpg\" media=\"(max-width: 1023px)\" \/><source srcset=\"https:\/\/tn.com.ar\/resizer\/v2\/asi-es-la-cocina-de-nancy-duplaa-y-pablo-echarri-foto-instagram-duplaanancyok-PIFPIPDT2ZFYVFB4M7U6RRJ3JM.JPG?auth=1a84c80f96ddce091c1740bab2287b518ac73350f77cdcb7760bb4f6c4701d6c&amp;width=1440\" type=\"image\/jpg\" \/><img loading=\"lazy\" decoding=\"async\" class=\"image content-image image_placeholder\" src=\"https:\/\/tn.com.ar\/resizer\/v2\/asi-es-la-cocina-de-nancy-duplaa-y-pablo-echarri-foto-instagram-duplaanancyok-PIFPIPDT2ZFYVFB4M7U6RRJ3JM.JPG?auth=1a84c80f96ddce091c1740bab2287b518ac73350f77cdcb7760bb4f6c4701d6c&amp;width=767\" alt=\"As\u00ed es la cocina de Nancy Dupl\u00e1a y Pablo Echarri (Foto: Instagram \/ duplaa_nancyok)\" width=\"767\" height=\"763\" data-testid=\"loading-testid\" \/><\/picture><\/div><figcaption class=\"caption_image\" data-testid=\"figcaption-testid\">\n<div class=\"image_caption \">As\u00ed es la cocina de Nancy Dupl\u00e1a y Pablo Echarri (Foto: Instagram \/ duplaa_nancyok)<\/div>\n<\/figcaption><\/figure>\n<p class=\"paragraph font__body-regular\">La mezcla entre elementos contempor\u00e1neos y gui\u00f1os campestres le da car\u00e1cter propio a la casa, donde<b>\u00a0lo reciclado convive con piezas modernas<\/b>\u00a0en una propuesta coherente y acogedora.<\/p>\n<figure class=\"\" data-testid=\"figure-testid\">\n<div class=\"aspect_ratio__container\"><picture class=\"responsive-image\"><source srcset=\"https:\/\/tn.com.ar\/resizer\/v2\/asi-es-la-cocina-de-nancy-duplaa-y-pablo-echarri-foto-instagram-duplaanancyok-BHDEKFYWG5HX3GEV7AH3FVHRP4.JPG?auth=3183d0bf67a8e3c0dd6fa16e96cceb9bb377b747a1ad98d95abebf41b5dad90d&amp;width=767\" type=\"image\/jpg\" media=\"(max-width: 728px)\" \/><source srcset=\"https:\/\/tn.com.ar\/resizer\/v2\/asi-es-la-cocina-de-nancy-duplaa-y-pablo-echarri-foto-instagram-duplaanancyok-BHDEKFYWG5HX3GEV7AH3FVHRP4.JPG?auth=3183d0bf67a8e3c0dd6fa16e96cceb9bb377b747a1ad98d95abebf41b5dad90d&amp;width=1023\" type=\"image\/jpg\" media=\"(max-width: 1023px)\" \/><source srcset=\"https:\/\/tn.com.ar\/resizer\/v2\/asi-es-la-cocina-de-nancy-duplaa-y-pablo-echarri-foto-instagram-duplaanancyok-BHDEKFYWG5HX3GEV7AH3FVHRP4.JPG?auth=3183d0bf67a8e3c0dd6fa16e96cceb9bb377b747a1ad98d95abebf41b5dad90d&amp;width=1440\" type=\"image\/jpg\" \/><img loading=\"lazy\" decoding=\"async\" class=\"image content-image image_placeholder\" src=\"https:\/\/tn.com.ar\/resizer\/v2\/asi-es-la-cocina-de-nancy-duplaa-y-pablo-echarri-foto-instagram-duplaanancyok-BHDEKFYWG5HX3GEV7AH3FVHRP4.JPG?auth=3183d0bf67a8e3c0dd6fa16e96cceb9bb377b747a1ad98d95abebf41b5dad90d&amp;width=767\" alt=\"As\u00ed es la cocina de Nancy Dupl\u00e1a y Pablo Echarri (Foto: Instagram \/ duplaa_nancyok)\" width=\"767\" height=\"1063\" data-testid=\"loading-testid\" \/><\/picture><\/div><figcaption class=\"caption_image\" data-testid=\"figcaption-testid\">\n<div class=\"image_caption \">As\u00ed es la cocina de Nancy Dupl\u00e1a y Pablo Echarri (Foto: Instagram \/ duplaa_nancyok)<\/div>\n<\/figcaption><\/figure>\n<h3 class=\"font--primary font__display\">Las plantas como sello distintivo<\/h3>\n<p class=\"paragraph font__body-regular\"><b>La vegetaci\u00f3n ocupa un lugar central en la vivienda<\/b>. No solo est\u00e1 presente en el jard\u00edn, sino tambi\u00e9n en balcones, patios internos y distintos rincones del interior. Las\u00a0<b>plantas aportan frescura y generan una atm\u00f3sfera relajada<\/b>\u00a0que acompa\u00f1a la vida cotidiana de la familia.<\/p>\n<figure class=\"\" data-testid=\"figure-testid\">\n<div class=\"aspect_ratio__container\"><picture class=\"responsive-image\"><source srcset=\"https:\/\/tn.com.ar\/resizer\/v2\/nancy-en-su-patio-foto-instagram-duplaanancyok-3AJZZFRTCZEVDEWMCRFDQFSOQI.JPG?auth=b63c39d04aa6ff68dac6436655a10ce248f4ff9c3f1fcd53f17f1287815de489&amp;width=767\" type=\"image\/jpg\" media=\"(max-width: 728px)\" \/><source srcset=\"https:\/\/tn.com.ar\/resizer\/v2\/nancy-en-su-patio-foto-instagram-duplaanancyok-3AJZZFRTCZEVDEWMCRFDQFSOQI.JPG?auth=b63c39d04aa6ff68dac6436655a10ce248f4ff9c3f1fcd53f17f1287815de489&amp;width=1023\" type=\"image\/jpg\" media=\"(max-width: 1023px)\" \/><source srcset=\"https:\/\/tn.com.ar\/resizer\/v2\/nancy-en-su-patio-foto-instagram-duplaanancyok-3AJZZFRTCZEVDEWMCRFDQFSOQI.JPG?auth=b63c39d04aa6ff68dac6436655a10ce248f4ff9c3f1fcd53f17f1287815de489&amp;width=1440\" type=\"image\/jpg\" \/><img loading=\"lazy\" decoding=\"async\" class=\"image content-image image_placeholder\" src=\"https:\/\/tn.com.ar\/resizer\/v2\/nancy-en-su-patio-foto-instagram-duplaanancyok-3AJZZFRTCZEVDEWMCRFDQFSOQI.JPG?auth=b63c39d04aa6ff68dac6436655a10ce248f4ff9c3f1fcd53f17f1287815de489&amp;width=767\" alt=\"Nancy en su patio (Foto: Instagram \/ duplaa_nancyok)\" width=\"767\" height=\"466\" data-testid=\"loading-testid\" \/><\/picture><\/div><figcaption class=\"caption_image\" data-testid=\"figcaption-testid\">\n<div class=\"image_caption \">Nancy en su patio (Foto: Instagram \/ duplaa_nancyok)<\/div>\n<\/figcaption><\/figure>\n<p class=\"paragraph font__body-regular\">La integraci\u00f3n entre interior y exterior es uno de los ejes del dise\u00f1o: la luz, los ventanales y las texturas naturales crean un di\u00e1logo constante entre ambos mundos. As\u00ed,<b>\u00a0la casa de Dupl\u00e1a y Echarri<\/b>\u00a0se transforma en un aut\u00e9ntico oasis urbano donde\u00a0<b>el contacto con la naturaleza es parte esencial del d\u00eda a d\u00eda.<\/b><\/p>\n<\/div>\n<p><\/main><\/div>\n<aside class=\"col-right-rail right-rail\">\n<div id=\"parent-ad-slot-caja\" class=\"ad-container caja_ad \">\n<div class=\"ad-content\"><\/div>\n<\/div>\n<\/aside>\n","protected":false},"excerpt":{"rendered":"<p>La pareja apost\u00f3 por un hogar donde la naturaleza se mezcla con calidez y funcionalidad. Nancy Dupl\u00e1a y Pablo Echarri\u00a0lograron construir mucho m\u00e1s que una vivienda: crearon un verdadero refugio familiar donde el reciclaje, el\u00a0dise\u00f1o r\u00fastico y la naturaleza conviven en perfecta armon\u00eda. La pareja apost\u00f3 por renovar por completo la propiedad, respetando su esencia [&hellip;]<\/p>\n","protected":false},"author":1,"featured_media":12622,"comment_status":"open","ping_status":"open","sticky":false,"template":"","format":"standard","meta":{"rop_custom_images_group":[],"rop_custom_messages_group":[],"rop_publish_now":"initial","rop_publish_now_accounts":[],"rop_publish_now_history":[],"rop_publish_now_status":"pending","footnotes":"","jetpack_publicize_message":"","jetpack_publicize_feature_enabled":true,"jetpack_social_post_already_shared":true,"jetpack_social_options":{"image_generator_settings":{"template":"highway","enabled":false},"version":2}},"categories":[12],"tags":[],"class_list":{"0":"post-12619","1":"post","2":"type-post","3":"status-publish","4":"format-standard","5":"has-post-thumbnail","7":"category-espectaculos"},"jetpack_publicize_connections":[],"yoast_head":"<!-- This site is optimized with the Yoast SEO plugin v27.3 - https:\/\/yoast.com\/product\/yoast-seo-wordpress\/ -->\n<title>As\u00ed viven Nancy Dupl\u00e1a y Pablo Echarri: c\u00f3mo es su casa con toques r\u00fasticos y detalles reciclados - CLAN ESPECTACULOS<\/title>\n<meta name=\"robots\" content=\"index, follow, max-snippet:-1, max-image-preview:large, max-video-preview:-1\" \/>\n<link rel=\"canonical\" href=\"https:\/\/radioclanfm.com\/clanespectaculos\/asi-viven-nancy-duplaa-y-pablo-echarri-como-es-su-casa-con-toques-rusticos-y-detalles-reciclados\/\" \/>\n<meta property=\"og:locale\" content=\"es_ES\" \/>\n<meta property=\"og:type\" content=\"article\" \/>\n<meta property=\"og:title\" content=\"As\u00ed viven Nancy Dupl\u00e1a y Pablo Echarri: c\u00f3mo es su casa con toques r\u00fasticos y detalles reciclados - CLAN ESPECTACULOS\" \/>\n<meta property=\"og:description\" content=\"La pareja apost\u00f3 por un hogar donde la naturaleza se mezcla con calidez y funcionalidad. Nancy Dupl\u00e1a y Pablo Echarri\u00a0lograron construir mucho m\u00e1s que una vivienda: crearon un verdadero refugio familiar donde el reciclaje, el\u00a0dise\u00f1o r\u00fastico y la naturaleza conviven en perfecta armon\u00eda. La pareja apost\u00f3 por renovar por completo la propiedad, respetando su esencia [&hellip;]\" \/>\n<meta property=\"og:url\" content=\"https:\/\/radioclanfm.com\/clanespectaculos\/asi-viven-nancy-duplaa-y-pablo-echarri-como-es-su-casa-con-toques-rusticos-y-detalles-reciclados\/\" \/>\n<meta property=\"og:site_name\" content=\"CLAN ESPECTACULOS\" \/>\n<meta property=\"article:publisher\" content=\"https:\/\/www.facebook.com\/clanespectaculos\/\" \/>\n<meta property=\"article:published_time\" content=\"2026-02-21T02:57:22+00:00\" \/>\n<meta property=\"og:image\" content=\"https:\/\/radioclanfm.com\/clanespectaculos\/wp-content\/uploads\/sites\/2\/2026\/02\/pj-XgWJb.jpg\" \/>\n\t<meta property=\"og:image:width\" content=\"899\" \/>\n\t<meta property=\"og:image:height\" content=\"509\" \/>\n\t<meta property=\"og:image:type\" content=\"image\/jpeg\" \/>\n<meta name=\"author\" content=\"E-GRUPOCLAN\" \/>\n<meta name=\"twitter:card\" content=\"summary_large_image\" \/>\n<meta name=\"twitter:creator\" content=\"@clanespectok\" \/>\n<meta name=\"twitter:site\" content=\"@clanespectok\" \/>\n<meta name=\"twitter:label1\" content=\"Escrito por\" \/>\n\t<meta name=\"twitter:data1\" content=\"E-GRUPOCLAN\" \/>\n\t<meta name=\"twitter:label2\" content=\"Tiempo de lectura\" \/>\n\t<meta name=\"twitter:data2\" content=\"2 minutos\" \/>\n<script type=\"application\/ld+json\" class=\"yoast-schema-graph\">{\"@context\":\"https:\\\/\\\/schema.org\",\"@graph\":[{\"@type\":\"Article\",\"@id\":\"https:\\\/\\\/radioclanfm.com\\\/clanespectaculos\\\/asi-viven-nancy-duplaa-y-pablo-echarri-como-es-su-casa-con-toques-rusticos-y-detalles-reciclados\\\/#article\",\"isPartOf\":{\"@id\":\"https:\\\/\\\/radioclanfm.com\\\/clanespectaculos\\\/asi-viven-nancy-duplaa-y-pablo-echarri-como-es-su-casa-con-toques-rusticos-y-detalles-reciclados\\\/\"},\"author\":{\"name\":\"E-GRUPOCLAN\",\"@id\":\"https:\\\/\\\/radioclanfm.com\\\/clanespectaculos\\\/#\\\/schema\\\/person\\\/9734813083303230f3ad84d99171b20c\"},\"headline\":\"As\u00ed viven Nancy Dupl\u00e1a y Pablo Echarri: c\u00f3mo es su casa con toques r\u00fasticos y detalles reciclados\",\"datePublished\":\"2026-02-21T02:57:22+00:00\",\"mainEntityOfPage\":{\"@id\":\"https:\\\/\\\/radioclanfm.com\\\/clanespectaculos\\\/asi-viven-nancy-duplaa-y-pablo-echarri-como-es-su-casa-con-toques-rusticos-y-detalles-reciclados\\\/\"},\"wordCount\":507,\"commentCount\":0,\"publisher\":{\"@id\":\"https:\\\/\\\/radioclanfm.com\\\/clanespectaculos\\\/#organization\"},\"image\":{\"@id\":\"https:\\\/\\\/radioclanfm.com\\\/clanespectaculos\\\/asi-viven-nancy-duplaa-y-pablo-echarri-como-es-su-casa-con-toques-rusticos-y-detalles-reciclados\\\/#primaryimage\"},\"thumbnailUrl\":\"https:\\\/\\\/radioclanfm.com\\\/clanespectaculos\\\/wp-content\\\/uploads\\\/sites\\\/2\\\/2026\\\/02\\\/pj-XgWJb.jpg\",\"articleSection\":[\"Espectaculos\"],\"inLanguage\":\"es-AR\",\"potentialAction\":[{\"@type\":\"CommentAction\",\"name\":\"Comment\",\"target\":[\"https:\\\/\\\/radioclanfm.com\\\/clanespectaculos\\\/asi-viven-nancy-duplaa-y-pablo-echarri-como-es-su-casa-con-toques-rusticos-y-detalles-reciclados\\\/#respond\"]}]},{\"@type\":\"WebPage\",\"@id\":\"https:\\\/\\\/radioclanfm.com\\\/clanespectaculos\\\/asi-viven-nancy-duplaa-y-pablo-echarri-como-es-su-casa-con-toques-rusticos-y-detalles-reciclados\\\/\",\"url\":\"https:\\\/\\\/radioclanfm.com\\\/clanespectaculos\\\/asi-viven-nancy-duplaa-y-pablo-echarri-como-es-su-casa-con-toques-rusticos-y-detalles-reciclados\\\/\",\"name\":\"As\u00ed viven Nancy Dupl\u00e1a y Pablo Echarri: c\u00f3mo es su casa con toques r\u00fasticos y detalles reciclados - CLAN ESPECTACULOS\",\"isPartOf\":{\"@id\":\"https:\\\/\\\/radioclanfm.com\\\/clanespectaculos\\\/#website\"},\"primaryImageOfPage\":{\"@id\":\"https:\\\/\\\/radioclanfm.com\\\/clanespectaculos\\\/asi-viven-nancy-duplaa-y-pablo-echarri-como-es-su-casa-con-toques-rusticos-y-detalles-reciclados\\\/#primaryimage\"},\"image\":{\"@id\":\"https:\\\/\\\/radioclanfm.com\\\/clanespectaculos\\\/asi-viven-nancy-duplaa-y-pablo-echarri-como-es-su-casa-con-toques-rusticos-y-detalles-reciclados\\\/#primaryimage\"},\"thumbnailUrl\":\"https:\\\/\\\/radioclanfm.com\\\/clanespectaculos\\\/wp-content\\\/uploads\\\/sites\\\/2\\\/2026\\\/02\\\/pj-XgWJb.jpg\",\"datePublished\":\"2026-02-21T02:57:22+00:00\",\"breadcrumb\":{\"@id\":\"https:\\\/\\\/radioclanfm.com\\\/clanespectaculos\\\/asi-viven-nancy-duplaa-y-pablo-echarri-como-es-su-casa-con-toques-rusticos-y-detalles-reciclados\\\/#breadcrumb\"},\"inLanguage\":\"es-AR\",\"potentialAction\":[{\"@type\":\"ReadAction\",\"target\":[\"https:\\\/\\\/radioclanfm.com\\\/clanespectaculos\\\/asi-viven-nancy-duplaa-y-pablo-echarri-como-es-su-casa-con-toques-rusticos-y-detalles-reciclados\\\/\"]}]},{\"@type\":\"ImageObject\",\"inLanguage\":\"es-AR\",\"@id\":\"https:\\\/\\\/radioclanfm.com\\\/clanespectaculos\\\/asi-viven-nancy-duplaa-y-pablo-echarri-como-es-su-casa-con-toques-rusticos-y-detalles-reciclados\\\/#primaryimage\",\"url\":\"https:\\\/\\\/radioclanfm.com\\\/clanespectaculos\\\/wp-content\\\/uploads\\\/sites\\\/2\\\/2026\\\/02\\\/pj-XgWJb.jpg\",\"contentUrl\":\"https:\\\/\\\/radioclanfm.com\\\/clanespectaculos\\\/wp-content\\\/uploads\\\/sites\\\/2\\\/2026\\\/02\\\/pj-XgWJb.jpg\",\"width\":899,\"height\":509},{\"@type\":\"BreadcrumbList\",\"@id\":\"https:\\\/\\\/radioclanfm.com\\\/clanespectaculos\\\/asi-viven-nancy-duplaa-y-pablo-echarri-como-es-su-casa-con-toques-rusticos-y-detalles-reciclados\\\/#breadcrumb\",\"itemListElement\":[{\"@type\":\"ListItem\",\"position\":1,\"name\":\"Inicio\",\"item\":\"https:\\\/\\\/radioclanfm.com\\\/clanespectaculos\\\/\"},{\"@type\":\"ListItem\",\"position\":2,\"name\":\"As\u00ed viven Nancy Dupl\u00e1a y Pablo Echarri: c\u00f3mo es su casa con toques r\u00fasticos y detalles reciclados\"}]},{\"@type\":\"WebSite\",\"@id\":\"https:\\\/\\\/radioclanfm.com\\\/clanespectaculos\\\/#website\",\"url\":\"https:\\\/\\\/radioclanfm.com\\\/clanespectaculos\\\/\",\"name\":\"CLAN ESPECTACULOS\",\"description\":\"\",\"publisher\":{\"@id\":\"https:\\\/\\\/radioclanfm.com\\\/clanespectaculos\\\/#organization\"},\"potentialAction\":[{\"@type\":\"SearchAction\",\"target\":{\"@type\":\"EntryPoint\",\"urlTemplate\":\"https:\\\/\\\/radioclanfm.com\\\/clanespectaculos\\\/?s={search_term_string}\"},\"query-input\":{\"@type\":\"PropertyValueSpecification\",\"valueRequired\":true,\"valueName\":\"search_term_string\"}}],\"inLanguage\":\"es-AR\"},{\"@type\":\"Organization\",\"@id\":\"https:\\\/\\\/radioclanfm.com\\\/clanespectaculos\\\/#organization\",\"name\":\"CLAN ESPECTACULOS\",\"url\":\"https:\\\/\\\/radioclanfm.com\\\/clanespectaculos\\\/\",\"logo\":{\"@type\":\"ImageObject\",\"inLanguage\":\"es-AR\",\"@id\":\"https:\\\/\\\/radioclanfm.com\\\/clanespectaculos\\\/#\\\/schema\\\/logo\\\/image\\\/\",\"url\":\"https:\\\/\\\/radioclanfm.com\\\/clanespectaculos\\\/wp-content\\\/uploads\\\/sites\\\/2\\\/2026\\\/04\\\/ChatGPT-Image-23-mar-2026-10_09_00.png\",\"contentUrl\":\"https:\\\/\\\/radioclanfm.com\\\/clanespectaculos\\\/wp-content\\\/uploads\\\/sites\\\/2\\\/2026\\\/04\\\/ChatGPT-Image-23-mar-2026-10_09_00.png\",\"width\":1024,\"height\":1024,\"caption\":\"CLAN ESPECTACULOS\"},\"image\":{\"@id\":\"https:\\\/\\\/radioclanfm.com\\\/clanespectaculos\\\/#\\\/schema\\\/logo\\\/image\\\/\"},\"sameAs\":[\"https:\\\/\\\/www.facebook.com\\\/clanespectaculos\\\/\",\"https:\\\/\\\/x.com\\\/clanespectok\"]},{\"@type\":\"Person\",\"@id\":\"https:\\\/\\\/radioclanfm.com\\\/clanespectaculos\\\/#\\\/schema\\\/person\\\/9734813083303230f3ad84d99171b20c\",\"name\":\"E-GRUPOCLAN\",\"image\":{\"@type\":\"ImageObject\",\"inLanguage\":\"es-AR\",\"@id\":\"https:\\\/\\\/secure.gravatar.com\\\/avatar\\\/af6e19837c3d6a212034a48c7b3818d2ac1826f6025df0155da5a186ad321d79?s=96&d=mm&r=g\",\"url\":\"https:\\\/\\\/secure.gravatar.com\\\/avatar\\\/af6e19837c3d6a212034a48c7b3818d2ac1826f6025df0155da5a186ad321d79?s=96&d=mm&r=g\",\"contentUrl\":\"https:\\\/\\\/secure.gravatar.com\\\/avatar\\\/af6e19837c3d6a212034a48c7b3818d2ac1826f6025df0155da5a186ad321d79?s=96&d=mm&r=g\",\"caption\":\"E-GRUPOCLAN\"},\"sameAs\":[\"https:\\\/\\\/radioclanfm.com\"],\"url\":\"https:\\\/\\\/radioclanfm.com\\\/clanespectaculos\\\/author\\\/admin\\\/\"}]}<\/script>\n<!-- \/ Yoast SEO plugin. -->","yoast_head_json":{"title":"As\u00ed viven Nancy Dupl\u00e1a y Pablo Echarri: c\u00f3mo es su casa con toques r\u00fasticos y detalles reciclados - CLAN ESPECTACULOS","robots":{"index":"index","follow":"follow","max-snippet":"max-snippet:-1","max-image-preview":"max-image-preview:large","max-video-preview":"max-video-preview:-1"},"canonical":"https:\/\/radioclanfm.com\/clanespectaculos\/asi-viven-nancy-duplaa-y-pablo-echarri-como-es-su-casa-con-toques-rusticos-y-detalles-reciclados\/","og_locale":"es_ES","og_type":"article","og_title":"As\u00ed viven Nancy Dupl\u00e1a y Pablo Echarri: c\u00f3mo es su casa con toques r\u00fasticos y detalles reciclados - CLAN ESPECTACULOS","og_description":"La pareja apost\u00f3 por un hogar donde la naturaleza se mezcla con calidez y funcionalidad. Nancy Dupl\u00e1a y Pablo Echarri\u00a0lograron construir mucho m\u00e1s que una vivienda: crearon un verdadero refugio familiar donde el reciclaje, el\u00a0dise\u00f1o r\u00fastico y la naturaleza conviven en perfecta armon\u00eda. La pareja apost\u00f3 por renovar por completo la propiedad, respetando su esencia [&hellip;]","og_url":"https:\/\/radioclanfm.com\/clanespectaculos\/asi-viven-nancy-duplaa-y-pablo-echarri-como-es-su-casa-con-toques-rusticos-y-detalles-reciclados\/","og_site_name":"CLAN ESPECTACULOS","article_publisher":"https:\/\/www.facebook.com\/clanespectaculos\/","article_published_time":"2026-02-21T02:57:22+00:00","og_image":[{"width":899,"height":509,"url":"https:\/\/radioclanfm.com\/clanespectaculos\/wp-content\/uploads\/sites\/2\/2026\/02\/pj-XgWJb.jpg","type":"image\/jpeg"}],"author":"E-GRUPOCLAN","twitter_card":"summary_large_image","twitter_creator":"@clanespectok","twitter_site":"@clanespectok","twitter_misc":{"Escrito por":"E-GRUPOCLAN","Tiempo de lectura":"2 minutos"},"schema":{"@context":"https:\/\/schema.org","@graph":[{"@type":"Article","@id":"https:\/\/radioclanfm.com\/clanespectaculos\/asi-viven-nancy-duplaa-y-pablo-echarri-como-es-su-casa-con-toques-rusticos-y-detalles-reciclados\/#article","isPartOf":{"@id":"https:\/\/radioclanfm.com\/clanespectaculos\/asi-viven-nancy-duplaa-y-pablo-echarri-como-es-su-casa-con-toques-rusticos-y-detalles-reciclados\/"},"author":{"name":"E-GRUPOCLAN","@id":"https:\/\/radioclanfm.com\/clanespectaculos\/#\/schema\/person\/9734813083303230f3ad84d99171b20c"},"headline":"As\u00ed viven Nancy Dupl\u00e1a y Pablo Echarri: c\u00f3mo es su casa con toques r\u00fasticos y detalles reciclados","datePublished":"2026-02-21T02:57:22+00:00","mainEntityOfPage":{"@id":"https:\/\/radioclanfm.com\/clanespectaculos\/asi-viven-nancy-duplaa-y-pablo-echarri-como-es-su-casa-con-toques-rusticos-y-detalles-reciclados\/"},"wordCount":507,"commentCount":0,"publisher":{"@id":"https:\/\/radioclanfm.com\/clanespectaculos\/#organization"},"image":{"@id":"https:\/\/radioclanfm.com\/clanespectaculos\/asi-viven-nancy-duplaa-y-pablo-echarri-como-es-su-casa-con-toques-rusticos-y-detalles-reciclados\/#primaryimage"},"thumbnailUrl":"https:\/\/radioclanfm.com\/clanespectaculos\/wp-content\/uploads\/sites\/2\/2026\/02\/pj-XgWJb.jpg","articleSection":["Espectaculos"],"inLanguage":"es-AR","potentialAction":[{"@type":"CommentAction","name":"Comment","target":["https:\/\/radioclanfm.com\/clanespectaculos\/asi-viven-nancy-duplaa-y-pablo-echarri-como-es-su-casa-con-toques-rusticos-y-detalles-reciclados\/#respond"]}]},{"@type":"WebPage","@id":"https:\/\/radioclanfm.com\/clanespectaculos\/asi-viven-nancy-duplaa-y-pablo-echarri-como-es-su-casa-con-toques-rusticos-y-detalles-reciclados\/","url":"https:\/\/radioclanfm.com\/clanespectaculos\/asi-viven-nancy-duplaa-y-pablo-echarri-como-es-su-casa-con-toques-rusticos-y-detalles-reciclados\/","name":"As\u00ed viven Nancy Dupl\u00e1a y Pablo Echarri: c\u00f3mo es su casa con toques r\u00fasticos y detalles reciclados - CLAN ESPECTACULOS","isPartOf":{"@id":"https:\/\/radioclanfm.com\/clanespectaculos\/#website"},"primaryImageOfPage":{"@id":"https:\/\/radioclanfm.com\/clanespectaculos\/asi-viven-nancy-duplaa-y-pablo-echarri-como-es-su-casa-con-toques-rusticos-y-detalles-reciclados\/#primaryimage"},"image":{"@id":"https:\/\/radioclanfm.com\/clanespectaculos\/asi-viven-nancy-duplaa-y-pablo-echarri-como-es-su-casa-con-toques-rusticos-y-detalles-reciclados\/#primaryimage"},"thumbnailUrl":"https:\/\/radioclanfm.com\/clanespectaculos\/wp-content\/uploads\/sites\/2\/2026\/02\/pj-XgWJb.jpg","datePublished":"2026-02-21T02:57:22+00:00","breadcrumb":{"@id":"https:\/\/radioclanfm.com\/clanespectaculos\/asi-viven-nancy-duplaa-y-pablo-echarri-como-es-su-casa-con-toques-rusticos-y-detalles-reciclados\/#breadcrumb"},"inLanguage":"es-AR","potentialAction":[{"@type":"ReadAction","target":["https:\/\/radioclanfm.com\/clanespectaculos\/asi-viven-nancy-duplaa-y-pablo-echarri-como-es-su-casa-con-toques-rusticos-y-detalles-reciclados\/"]}]},{"@type":"ImageObject","inLanguage":"es-AR","@id":"https:\/\/radioclanfm.com\/clanespectaculos\/asi-viven-nancy-duplaa-y-pablo-echarri-como-es-su-casa-con-toques-rusticos-y-detalles-reciclados\/#primaryimage","url":"https:\/\/radioclanfm.com\/clanespectaculos\/wp-content\/uploads\/sites\/2\/2026\/02\/pj-XgWJb.jpg","contentUrl":"https:\/\/radioclanfm.com\/clanespectaculos\/wp-content\/uploads\/sites\/2\/2026\/02\/pj-XgWJb.jpg","width":899,"height":509},{"@type":"BreadcrumbList","@id":"https:\/\/radioclanfm.com\/clanespectaculos\/asi-viven-nancy-duplaa-y-pablo-echarri-como-es-su-casa-con-toques-rusticos-y-detalles-reciclados\/#breadcrumb","itemListElement":[{"@type":"ListItem","position":1,"name":"Inicio","item":"https:\/\/radioclanfm.com\/clanespectaculos\/"},{"@type":"ListItem","position":2,"name":"As\u00ed viven Nancy Dupl\u00e1a y Pablo Echarri: c\u00f3mo es su casa con toques r\u00fasticos y detalles reciclados"}]},{"@type":"WebSite","@id":"https:\/\/radioclanfm.com\/clanespectaculos\/#website","url":"https:\/\/radioclanfm.com\/clanespectaculos\/","name":"CLAN ESPECTACULOS","description":"","publisher":{"@id":"https:\/\/radioclanfm.com\/clanespectaculos\/#organization"},"potentialAction":[{"@type":"SearchAction","target":{"@type":"EntryPoint","urlTemplate":"https:\/\/radioclanfm.com\/clanespectaculos\/?s={search_term_string}"},"query-input":{"@type":"PropertyValueSpecification","valueRequired":true,"valueName":"search_term_string"}}],"inLanguage":"es-AR"},{"@type":"Organization","@id":"https:\/\/radioclanfm.com\/clanespectaculos\/#organization","name":"CLAN ESPECTACULOS","url":"https:\/\/radioclanfm.com\/clanespectaculos\/","logo":{"@type":"ImageObject","inLanguage":"es-AR","@id":"https:\/\/radioclanfm.com\/clanespectaculos\/#\/schema\/logo\/image\/","url":"https:\/\/radioclanfm.com\/clanespectaculos\/wp-content\/uploads\/sites\/2\/2026\/04\/ChatGPT-Image-23-mar-2026-10_09_00.png","contentUrl":"https:\/\/radioclanfm.com\/clanespectaculos\/wp-content\/uploads\/sites\/2\/2026\/04\/ChatGPT-Image-23-mar-2026-10_09_00.png","width":1024,"height":1024,"caption":"CLAN ESPECTACULOS"},"image":{"@id":"https:\/\/radioclanfm.com\/clanespectaculos\/#\/schema\/logo\/image\/"},"sameAs":["https:\/\/www.facebook.com\/clanespectaculos\/","https:\/\/x.com\/clanespectok"]},{"@type":"Person","@id":"https:\/\/radioclanfm.com\/clanespectaculos\/#\/schema\/person\/9734813083303230f3ad84d99171b20c","name":"E-GRUPOCLAN","image":{"@type":"ImageObject","inLanguage":"es-AR","@id":"https:\/\/secure.gravatar.com\/avatar\/af6e19837c3d6a212034a48c7b3818d2ac1826f6025df0155da5a186ad321d79?s=96&d=mm&r=g","url":"https:\/\/secure.gravatar.com\/avatar\/af6e19837c3d6a212034a48c7b3818d2ac1826f6025df0155da5a186ad321d79?s=96&d=mm&r=g","contentUrl":"https:\/\/secure.gravatar.com\/avatar\/af6e19837c3d6a212034a48c7b3818d2ac1826f6025df0155da5a186ad321d79?s=96&d=mm&r=g","caption":"E-GRUPOCLAN"},"sameAs":["https:\/\/radioclanfm.com"],"url":"https:\/\/radioclanfm.com\/clanespectaculos\/author\/admin\/"}]}},"_links":{"self":[{"href":"https:\/\/radioclanfm.com\/clanespectaculos\/wp-json\/wp\/v2\/posts\/12619","targetHints":{"allow":["GET"]}}],"collection":[{"href":"https:\/\/radioclanfm.com\/clanespectaculos\/wp-json\/wp\/v2\/posts"}],"about":[{"href":"https:\/\/radioclanfm.com\/clanespectaculos\/wp-json\/wp\/v2\/types\/post"}],"author":[{"embeddable":true,"href":"https:\/\/radioclanfm.com\/clanespectaculos\/wp-json\/wp\/v2\/users\/1"}],"replies":[{"embeddable":true,"href":"https:\/\/radioclanfm.com\/clanespectaculos\/wp-json\/wp\/v2\/comments?post=12619"}],"version-history":[{"count":1,"href":"https:\/\/radioclanfm.com\/clanespectaculos\/wp-json\/wp\/v2\/posts\/12619\/revisions"}],"predecessor-version":[{"id":12623,"href":"https:\/\/radioclanfm.com\/clanespectaculos\/wp-json\/wp\/v2\/posts\/12619\/revisions\/12623"}],"wp:featuredmedia":[{"embeddable":true,"href":"https:\/\/radioclanfm.com\/clanespectaculos\/wp-json\/wp\/v2\/media\/12622"}],"wp:attachment":[{"href":"https:\/\/radioclanfm.com\/clanespectaculos\/wp-json\/wp\/v2\/media?parent=12619"}],"wp:term":[{"taxonomy":"category","embeddable":true,"href":"https:\/\/radioclanfm.com\/clanespectaculos\/wp-json\/wp\/v2\/categories?post=12619"},{"taxonomy":"post_tag","embeddable":true,"href":"https:\/\/radioclanfm.com\/clanespectaculos\/wp-json\/wp\/v2\/tags?post=12619"}],"curies":[{"name":"wp","href":"https:\/\/api.w.org\/{rel}","templated":true}]}}