{"id":12614,"date":"2026-02-20T23:55:01","date_gmt":"2026-02-21T02:55:01","guid":{"rendered":"https:\/\/radioclanfm.com\/clanespectaculos\/?p=12614"},"modified":"2026-02-20T23:55:01","modified_gmt":"2026-02-21T02:55:01","slug":"wanda-nara-mostro-el-nivel-de-ingles-de-su-hijo-benedicto-y-sorprendio-a-todos-orgullosa-de-vos","status":"publish","type":"post","link":"https:\/\/radioclanfm.com\/clanespectaculos\/wanda-nara-mostro-el-nivel-de-ingles-de-su-hijo-benedicto-y-sorprendio-a-todos-orgullosa-de-vos\/","title":{"rendered":"Wanda Nara mostr\u00f3 el nivel de ingl\u00e9s de su hijo Benedicto y sorprendi\u00f3 a todos: \u201cOrgullosa de vos\u201d"},"content":{"rendered":"<p>La conductora comparti\u00f3 un video del adolescente en un acto escolar en otro pa\u00eds y gener\u00f3 furor entre sus seguidores.<\/p>\n<div class=\"col-content\"><main class=\"col-content\"><\/p>\n<div class=\"default-article-color article__body article__article\">\n<p class=\"paragraph font__body-regular\"><b>Wanda Nara<\/b><b>\u00a0comparti\u00f3 varios videos<\/b>\u00a0en sus redes sociales para festejar el cumplea\u00f1os de Benedicto, uno de los hijos que tuvo con Maxi L\u00f3pez. En uno de ellos, la conductora presumi\u00f3 el gran nivel de ingl\u00e9s del adolescente.<\/p>\n<div class=\"AV6543bedcd858799fe90b5c47\">\n<div id=\"aniBox\">\n<div id=\"aniplayer_AV6543bedcd858799fe90b5c47-1771642457696\">\n<div id=\"aniplayer_AV6543bedcd858799fe90b5c47-1771642457696gui\">\n<div id=\"av-caption\">\n<div id=\"av-close-btn-overlay\" class=\"av-pos-top-left\"><\/div>\n<\/div>\n<\/div>\n<\/div>\n<\/div>\n<\/div>\n<div id=\"ad-slot-infeed\" class=\"infeed-container ad-slot-infeed ad-slot\" data-adtype=\"infeed\" data-lazyload=\"1\" data-google-query-id=\"CNLUsbbK6ZIDFZqDYQYd9joX8Q\">\n<div id=\"google_ads_iframe_\/113951150\/tn-arc\/nota\/infeed_0__container__\"><\/div>\n<\/div>\n<p class=\"paragraph font__body-regular\">La grabaci\u00f3n\u00a0<b>muestra al chico leyendo un discurso<\/b>\u00a0en ingl\u00e9s durante un acto escolar frente a todos sus compa\u00f1eros. En el fragmento, Benedicto habla sobre la importancia de aprender en entornos naturales,\u00a0<b>rodeados de jardines y plantas<\/b>.<\/p>\n<p class=\"paragraph font__body-regular\"><b>\u201cOrgullosa de vos\u201d<\/b>, escribi\u00f3 la medi\u00e1tica acompa\u00f1ando las im\u00e1genes del momento captado en un evento del<b>\u00a0Marymount International School<\/b>, colegio al que los chicos sol\u00edan asistir cuando viv\u00edan en Par\u00eds.<\/p>\n<figure class=\"\" data-testid=\"figure-testid\">\n<div class=\"aspect_ratio__container\"><picture class=\"responsive-image\"><source srcset=\"https:\/\/tn.com.ar\/resizer\/v2\/benedicto-lopez-cumplio-14-anos-y-wanda-le-dedico-un-tierno-mensaje-foto-instagram-wandanara-GM6K7MV5TVH6JEYNP3TMTYW3HE.JPG?auth=3ed195dec4cc4de42ce7b34284d5cc4e709b5e76fbfac1c6a5b248d9c8681bfc&amp;width=767\" type=\"image\/jpg\" media=\"(max-width: 728px)\" \/><source srcset=\"https:\/\/tn.com.ar\/resizer\/v2\/benedicto-lopez-cumplio-14-anos-y-wanda-le-dedico-un-tierno-mensaje-foto-instagram-wandanara-GM6K7MV5TVH6JEYNP3TMTYW3HE.JPG?auth=3ed195dec4cc4de42ce7b34284d5cc4e709b5e76fbfac1c6a5b248d9c8681bfc&amp;width=1023\" type=\"image\/jpg\" media=\"(max-width: 1023px)\" \/><source srcset=\"https:\/\/tn.com.ar\/resizer\/v2\/benedicto-lopez-cumplio-14-anos-y-wanda-le-dedico-un-tierno-mensaje-foto-instagram-wandanara-GM6K7MV5TVH6JEYNP3TMTYW3HE.JPG?auth=3ed195dec4cc4de42ce7b34284d5cc4e709b5e76fbfac1c6a5b248d9c8681bfc&amp;width=1440\" type=\"image\/jpg\" \/><img loading=\"lazy\" decoding=\"async\" class=\"image content-image image_placeholder\" src=\"https:\/\/tn.com.ar\/resizer\/v2\/benedicto-lopez-cumplio-14-anos-y-wanda-le-dedico-un-tierno-mensaje-foto-instagram-wandanara-GM6K7MV5TVH6JEYNP3TMTYW3HE.JPG?auth=3ed195dec4cc4de42ce7b34284d5cc4e709b5e76fbfac1c6a5b248d9c8681bfc&amp;width=767\" alt=\"Benedicto L\u00f3pez cumpli\u00f3 14 a\u00f1os y Wanda le dedic\u00f3 un tierno mensaje (Foto: Instagram \/ wanda_nara)\" width=\"767\" height=\"1345\" data-testid=\"loading-testid\" \/><\/picture><\/div><figcaption class=\"caption_image\" data-testid=\"figcaption-testid\">\n<div class=\"image_caption \">Benedicto L\u00f3pez cumpli\u00f3 14 a\u00f1os y Wanda le dedic\u00f3 un tierno mensaje (Foto: Instagram \/ wanda_nara)<\/div>\n<\/figcaption><\/figure>\n<p class=\"paragraph font__body-regular\">En otra de las historias que comparti\u00f3 para festejar al nene en su d\u00eda, Wanda escribi\u00f3: \u201cFeliz cumple, Bene. Gracias por ser tan buen hijo y hermano. Solo pido que Dios siempre te proteja y\u00a0<b>que puedas cumplir tus sue\u00f1os<\/b>. Sos mi vida. Mam\u00e1 siempre te va a cuidar y acompa\u00f1ar. te amo con toda mi alma\u201d.<\/p>\n<h2 class=\"font--primary font__display\">C\u00f3mo fue el cumplea\u00f1os de Benedicto L\u00f3pez<\/h2>\n<p class=\"paragraph font__body-regular\">Este jueves,\u00a0<b>Wanda Nara<\/b>\u00a0<b>organiz\u00f3 un festejo por los 14 a\u00f1os de Benedicto, uno de los hijos que tuvo con\u00a0<\/b><b>Maxi L\u00f3pez<\/b>. La empresaria decidi\u00f3 que el nene reciba su d\u00eda especial rodeado por sus m\u00e1s cercanos.<\/p>\n<p class=\"paragraph font__body-regular\">La reuni\u00f3n se realiz\u00f3 al aire libre, con\u00a0<b>una mesa decorada con flores y bandejas de quesos, fiambres y frutas.<\/b>\u00a0Maxi estuvo presente junto a sus hijos, mientras que Mart\u00edn Migueles, actual pareja de Wanda, ocup\u00f3 un lugar cercano, pero en un plano m\u00e1s discreto.<\/p>\n<figure class=\"\" data-testid=\"figure-testid\">\n<div class=\"aspect_ratio__container\"><picture class=\"responsive-image\"><source srcset=\"https:\/\/tn.com.ar\/resizer\/v2\/todo-el-clan-lopez-nara-se-reunio-para-celebrar-el-cumpleanos-de-benedicto-incluido-el-hermano-de-mauro-icardi-guido-foto-instagram-wanda-nara-VMOH4I6BHFGSVKUM4I6YC42PVI.png?auth=439677370b30439a3bb613b958cdf727e6e65cbc27e5c94fe1227be6669b5d28&amp;width=767\" type=\"image\/jpg\" media=\"(max-width: 728px)\" \/><source srcset=\"https:\/\/tn.com.ar\/resizer\/v2\/todo-el-clan-lopez-nara-se-reunio-para-celebrar-el-cumpleanos-de-benedicto-incluido-el-hermano-de-mauro-icardi-guido-foto-instagram-wanda-nara-VMOH4I6BHFGSVKUM4I6YC42PVI.png?auth=439677370b30439a3bb613b958cdf727e6e65cbc27e5c94fe1227be6669b5d28&amp;width=1023\" type=\"image\/jpg\" media=\"(max-width: 1023px)\" \/><source srcset=\"https:\/\/tn.com.ar\/resizer\/v2\/todo-el-clan-lopez-nara-se-reunio-para-celebrar-el-cumpleanos-de-benedicto-incluido-el-hermano-de-mauro-icardi-guido-foto-instagram-wanda-nara-VMOH4I6BHFGSVKUM4I6YC42PVI.png?auth=439677370b30439a3bb613b958cdf727e6e65cbc27e5c94fe1227be6669b5d28&amp;width=1440\" type=\"image\/jpg\" \/><img loading=\"lazy\" decoding=\"async\" class=\"image content-image image_placeholder\" src=\"https:\/\/tn.com.ar\/resizer\/v2\/todo-el-clan-lopez-nara-se-reunio-para-celebrar-el-cumpleanos-de-benedicto-incluido-el-hermano-de-mauro-icardi-guido-foto-instagram-wanda-nara-VMOH4I6BHFGSVKUM4I6YC42PVI.png?auth=439677370b30439a3bb613b958cdf727e6e65cbc27e5c94fe1227be6669b5d28&amp;width=767\" alt=\"Todo el clan L\u00f3pez- Nara se reuni\u00f3 para celebrar el cumplea\u00f1os de Benedicto, incluido el hermano de Mauro Icardi, Guido. (Foto: Instagram \/ wanda_ nara)\" width=\"767\" height=\"1218\" data-testid=\"loading-testid\" \/><\/picture><\/div><figcaption class=\"caption_image\" data-testid=\"figcaption-testid\">\n<div class=\"image_caption \">Todo el clan L\u00f3pez- Nara se reuni\u00f3 para celebrar el cumplea\u00f1os de Benedicto, incluido el hermano de Mauro Icardi, Guido. (Foto: Instagram \/ wanda_ nara)<\/div>\n<\/figcaption><\/figure>\n<p class=\"paragraph font__body-regular\">Entre los invitados tambi\u00e9n estuvo\u00a0<b>Guido Icardi<\/b>, quien comparti\u00f3 mesa con Andr\u00e9s Nara y se mostr\u00f3 muy c\u00f3modo entre el grupo.<b>\u00a0La escena no pas\u00f3 inadvertida, dadas las diferencias p\u00fablicas que rodean a su familia con la de la empresaria.<\/b><\/p>\n<\/div>\n<p><\/main><\/div>\n<aside class=\"col-right-rail right-rail\">\n<div id=\"parent-ad-slot-caja\" class=\"ad-container caja_ad \">\n<div class=\"ad-content\"><\/div>\n<\/div>\n<\/aside>\n","protected":false},"excerpt":{"rendered":"<p>La conductora comparti\u00f3 un video del adolescente en un acto escolar en otro pa\u00eds y gener\u00f3 furor entre sus seguidores. Wanda Nara\u00a0comparti\u00f3 varios videos\u00a0en sus redes sociales para festejar el cumplea\u00f1os de Benedicto, uno de los hijos que tuvo con Maxi L\u00f3pez. En uno de ellos, la conductora presumi\u00f3 el gran nivel de ingl\u00e9s del [&hellip;]<\/p>\n","protected":false},"author":1,"featured_media":12617,"comment_status":"open","ping_status":"open","sticky":false,"template":"","format":"standard","meta":{"rop_custom_images_group":[],"rop_custom_messages_group":[],"rop_publish_now":"initial","rop_publish_now_accounts":[],"rop_publish_now_history":[],"rop_publish_now_status":"pending","footnotes":"","jetpack_publicize_message":"","jetpack_publicize_feature_enabled":true,"jetpack_social_post_already_shared":true,"jetpack_social_options":{"image_generator_settings":{"template":"highway","enabled":false},"version":2}},"categories":[12],"tags":[],"class_list":{"0":"post-12614","1":"post","2":"type-post","3":"status-publish","4":"format-standard","5":"has-post-thumbnail","7":"category-espectaculos"},"jetpack_publicize_connections":[],"yoast_head":"<!-- This site is optimized with the Yoast SEO plugin v27.3 - https:\/\/yoast.com\/product\/yoast-seo-wordpress\/ -->\n<title>Wanda Nara mostr\u00f3 el nivel de ingl\u00e9s de su hijo Benedicto y sorprendi\u00f3 a todos: \u201cOrgullosa de vos\u201d - CLAN ESPECTACULOS<\/title>\n<meta name=\"robots\" content=\"index, follow, max-snippet:-1, max-image-preview:large, max-video-preview:-1\" \/>\n<link rel=\"canonical\" href=\"https:\/\/radioclanfm.com\/clanespectaculos\/wanda-nara-mostro-el-nivel-de-ingles-de-su-hijo-benedicto-y-sorprendio-a-todos-orgullosa-de-vos\/\" \/>\n<meta property=\"og:locale\" content=\"es_ES\" \/>\n<meta property=\"og:type\" content=\"article\" \/>\n<meta property=\"og:title\" content=\"Wanda Nara mostr\u00f3 el nivel de ingl\u00e9s de su hijo Benedicto y sorprendi\u00f3 a todos: \u201cOrgullosa de vos\u201d - CLAN ESPECTACULOS\" \/>\n<meta property=\"og:description\" content=\"La conductora comparti\u00f3 un video del adolescente en un acto escolar en otro pa\u00eds y gener\u00f3 furor entre sus seguidores. Wanda Nara\u00a0comparti\u00f3 varios videos\u00a0en sus redes sociales para festejar el cumplea\u00f1os de Benedicto, uno de los hijos que tuvo con Maxi L\u00f3pez. En uno de ellos, la conductora presumi\u00f3 el gran nivel de ingl\u00e9s del [&hellip;]\" \/>\n<meta property=\"og:url\" content=\"https:\/\/radioclanfm.com\/clanespectaculos\/wanda-nara-mostro-el-nivel-de-ingles-de-su-hijo-benedicto-y-sorprendio-a-todos-orgullosa-de-vos\/\" \/>\n<meta property=\"og:site_name\" content=\"CLAN ESPECTACULOS\" \/>\n<meta property=\"article:publisher\" content=\"https:\/\/www.facebook.com\/clanespectaculos\/\" \/>\n<meta property=\"article:published_time\" content=\"2026-02-21T02:55:01+00:00\" \/>\n<meta property=\"og:image\" content=\"https:\/\/radioclanfm.com\/clanespectaculos\/wp-content\/uploads\/sites\/2\/2026\/02\/QlRfA8c2.jpg\" \/>\n\t<meta property=\"og:image:width\" content=\"900\" \/>\n\t<meta property=\"og:image:height\" content=\"504\" \/>\n\t<meta property=\"og:image:type\" content=\"image\/jpeg\" \/>\n<meta name=\"author\" content=\"E-GRUPOCLAN\" \/>\n<meta name=\"twitter:card\" content=\"summary_large_image\" \/>\n<meta name=\"twitter:creator\" content=\"@clanespectok\" \/>\n<meta name=\"twitter:site\" content=\"@clanespectok\" \/>\n<meta name=\"twitter:label1\" content=\"Escrito por\" \/>\n\t<meta name=\"twitter:data1\" content=\"E-GRUPOCLAN\" \/>\n\t<meta name=\"twitter:label2\" content=\"Tiempo de lectura\" \/>\n\t<meta name=\"twitter:data2\" content=\"2 minutos\" \/>\n<script type=\"application\/ld+json\" class=\"yoast-schema-graph\">{\"@context\":\"https:\\\/\\\/schema.org\",\"@graph\":[{\"@type\":\"Article\",\"@id\":\"https:\\\/\\\/radioclanfm.com\\\/clanespectaculos\\\/wanda-nara-mostro-el-nivel-de-ingles-de-su-hijo-benedicto-y-sorprendio-a-todos-orgullosa-de-vos\\\/#article\",\"isPartOf\":{\"@id\":\"https:\\\/\\\/radioclanfm.com\\\/clanespectaculos\\\/wanda-nara-mostro-el-nivel-de-ingles-de-su-hijo-benedicto-y-sorprendio-a-todos-orgullosa-de-vos\\\/\"},\"author\":{\"name\":\"E-GRUPOCLAN\",\"@id\":\"https:\\\/\\\/radioclanfm.com\\\/clanespectaculos\\\/#\\\/schema\\\/person\\\/9734813083303230f3ad84d99171b20c\"},\"headline\":\"Wanda Nara mostr\u00f3 el nivel de ingl\u00e9s de su hijo Benedicto y sorprendi\u00f3 a todos: \u201cOrgullosa de vos\u201d\",\"datePublished\":\"2026-02-21T02:55:01+00:00\",\"mainEntityOfPage\":{\"@id\":\"https:\\\/\\\/radioclanfm.com\\\/clanespectaculos\\\/wanda-nara-mostro-el-nivel-de-ingles-de-su-hijo-benedicto-y-sorprendio-a-todos-orgullosa-de-vos\\\/\"},\"wordCount\":402,\"commentCount\":0,\"publisher\":{\"@id\":\"https:\\\/\\\/radioclanfm.com\\\/clanespectaculos\\\/#organization\"},\"image\":{\"@id\":\"https:\\\/\\\/radioclanfm.com\\\/clanespectaculos\\\/wanda-nara-mostro-el-nivel-de-ingles-de-su-hijo-benedicto-y-sorprendio-a-todos-orgullosa-de-vos\\\/#primaryimage\"},\"thumbnailUrl\":\"https:\\\/\\\/radioclanfm.com\\\/clanespectaculos\\\/wp-content\\\/uploads\\\/sites\\\/2\\\/2026\\\/02\\\/QlRfA8c2.jpg\",\"articleSection\":[\"Espectaculos\"],\"inLanguage\":\"es-AR\",\"potentialAction\":[{\"@type\":\"CommentAction\",\"name\":\"Comment\",\"target\":[\"https:\\\/\\\/radioclanfm.com\\\/clanespectaculos\\\/wanda-nara-mostro-el-nivel-de-ingles-de-su-hijo-benedicto-y-sorprendio-a-todos-orgullosa-de-vos\\\/#respond\"]}]},{\"@type\":\"WebPage\",\"@id\":\"https:\\\/\\\/radioclanfm.com\\\/clanespectaculos\\\/wanda-nara-mostro-el-nivel-de-ingles-de-su-hijo-benedicto-y-sorprendio-a-todos-orgullosa-de-vos\\\/\",\"url\":\"https:\\\/\\\/radioclanfm.com\\\/clanespectaculos\\\/wanda-nara-mostro-el-nivel-de-ingles-de-su-hijo-benedicto-y-sorprendio-a-todos-orgullosa-de-vos\\\/\",\"name\":\"Wanda Nara mostr\u00f3 el nivel de ingl\u00e9s de su hijo Benedicto y sorprendi\u00f3 a todos: \u201cOrgullosa de vos\u201d - CLAN ESPECTACULOS\",\"isPartOf\":{\"@id\":\"https:\\\/\\\/radioclanfm.com\\\/clanespectaculos\\\/#website\"},\"primaryImageOfPage\":{\"@id\":\"https:\\\/\\\/radioclanfm.com\\\/clanespectaculos\\\/wanda-nara-mostro-el-nivel-de-ingles-de-su-hijo-benedicto-y-sorprendio-a-todos-orgullosa-de-vos\\\/#primaryimage\"},\"image\":{\"@id\":\"https:\\\/\\\/radioclanfm.com\\\/clanespectaculos\\\/wanda-nara-mostro-el-nivel-de-ingles-de-su-hijo-benedicto-y-sorprendio-a-todos-orgullosa-de-vos\\\/#primaryimage\"},\"thumbnailUrl\":\"https:\\\/\\\/radioclanfm.com\\\/clanespectaculos\\\/wp-content\\\/uploads\\\/sites\\\/2\\\/2026\\\/02\\\/QlRfA8c2.jpg\",\"datePublished\":\"2026-02-21T02:55:01+00:00\",\"breadcrumb\":{\"@id\":\"https:\\\/\\\/radioclanfm.com\\\/clanespectaculos\\\/wanda-nara-mostro-el-nivel-de-ingles-de-su-hijo-benedicto-y-sorprendio-a-todos-orgullosa-de-vos\\\/#breadcrumb\"},\"inLanguage\":\"es-AR\",\"potentialAction\":[{\"@type\":\"ReadAction\",\"target\":[\"https:\\\/\\\/radioclanfm.com\\\/clanespectaculos\\\/wanda-nara-mostro-el-nivel-de-ingles-de-su-hijo-benedicto-y-sorprendio-a-todos-orgullosa-de-vos\\\/\"]}]},{\"@type\":\"ImageObject\",\"inLanguage\":\"es-AR\",\"@id\":\"https:\\\/\\\/radioclanfm.com\\\/clanespectaculos\\\/wanda-nara-mostro-el-nivel-de-ingles-de-su-hijo-benedicto-y-sorprendio-a-todos-orgullosa-de-vos\\\/#primaryimage\",\"url\":\"https:\\\/\\\/radioclanfm.com\\\/clanespectaculos\\\/wp-content\\\/uploads\\\/sites\\\/2\\\/2026\\\/02\\\/QlRfA8c2.jpg\",\"contentUrl\":\"https:\\\/\\\/radioclanfm.com\\\/clanespectaculos\\\/wp-content\\\/uploads\\\/sites\\\/2\\\/2026\\\/02\\\/QlRfA8c2.jpg\",\"width\":900,\"height\":504},{\"@type\":\"BreadcrumbList\",\"@id\":\"https:\\\/\\\/radioclanfm.com\\\/clanespectaculos\\\/wanda-nara-mostro-el-nivel-de-ingles-de-su-hijo-benedicto-y-sorprendio-a-todos-orgullosa-de-vos\\\/#breadcrumb\",\"itemListElement\":[{\"@type\":\"ListItem\",\"position\":1,\"name\":\"Inicio\",\"item\":\"https:\\\/\\\/radioclanfm.com\\\/clanespectaculos\\\/\"},{\"@type\":\"ListItem\",\"position\":2,\"name\":\"Wanda Nara mostr\u00f3 el nivel de ingl\u00e9s de su hijo Benedicto y sorprendi\u00f3 a todos: \u201cOrgullosa de vos\u201d\"}]},{\"@type\":\"WebSite\",\"@id\":\"https:\\\/\\\/radioclanfm.com\\\/clanespectaculos\\\/#website\",\"url\":\"https:\\\/\\\/radioclanfm.com\\\/clanespectaculos\\\/\",\"name\":\"CLAN ESPECTACULOS\",\"description\":\"\",\"publisher\":{\"@id\":\"https:\\\/\\\/radioclanfm.com\\\/clanespectaculos\\\/#organization\"},\"potentialAction\":[{\"@type\":\"SearchAction\",\"target\":{\"@type\":\"EntryPoint\",\"urlTemplate\":\"https:\\\/\\\/radioclanfm.com\\\/clanespectaculos\\\/?s={search_term_string}\"},\"query-input\":{\"@type\":\"PropertyValueSpecification\",\"valueRequired\":true,\"valueName\":\"search_term_string\"}}],\"inLanguage\":\"es-AR\"},{\"@type\":\"Organization\",\"@id\":\"https:\\\/\\\/radioclanfm.com\\\/clanespectaculos\\\/#organization\",\"name\":\"CLAN ESPECTACULOS\",\"url\":\"https:\\\/\\\/radioclanfm.com\\\/clanespectaculos\\\/\",\"logo\":{\"@type\":\"ImageObject\",\"inLanguage\":\"es-AR\",\"@id\":\"https:\\\/\\\/radioclanfm.com\\\/clanespectaculos\\\/#\\\/schema\\\/logo\\\/image\\\/\",\"url\":\"https:\\\/\\\/radioclanfm.com\\\/clanespectaculos\\\/wp-content\\\/uploads\\\/sites\\\/2\\\/2026\\\/04\\\/ChatGPT-Image-23-mar-2026-10_09_00.png\",\"contentUrl\":\"https:\\\/\\\/radioclanfm.com\\\/clanespectaculos\\\/wp-content\\\/uploads\\\/sites\\\/2\\\/2026\\\/04\\\/ChatGPT-Image-23-mar-2026-10_09_00.png\",\"width\":1024,\"height\":1024,\"caption\":\"CLAN ESPECTACULOS\"},\"image\":{\"@id\":\"https:\\\/\\\/radioclanfm.com\\\/clanespectaculos\\\/#\\\/schema\\\/logo\\\/image\\\/\"},\"sameAs\":[\"https:\\\/\\\/www.facebook.com\\\/clanespectaculos\\\/\",\"https:\\\/\\\/x.com\\\/clanespectok\"]},{\"@type\":\"Person\",\"@id\":\"https:\\\/\\\/radioclanfm.com\\\/clanespectaculos\\\/#\\\/schema\\\/person\\\/9734813083303230f3ad84d99171b20c\",\"name\":\"E-GRUPOCLAN\",\"image\":{\"@type\":\"ImageObject\",\"inLanguage\":\"es-AR\",\"@id\":\"https:\\\/\\\/secure.gravatar.com\\\/avatar\\\/af6e19837c3d6a212034a48c7b3818d2ac1826f6025df0155da5a186ad321d79?s=96&d=mm&r=g\",\"url\":\"https:\\\/\\\/secure.gravatar.com\\\/avatar\\\/af6e19837c3d6a212034a48c7b3818d2ac1826f6025df0155da5a186ad321d79?s=96&d=mm&r=g\",\"contentUrl\":\"https:\\\/\\\/secure.gravatar.com\\\/avatar\\\/af6e19837c3d6a212034a48c7b3818d2ac1826f6025df0155da5a186ad321d79?s=96&d=mm&r=g\",\"caption\":\"E-GRUPOCLAN\"},\"sameAs\":[\"https:\\\/\\\/radioclanfm.com\"],\"url\":\"https:\\\/\\\/radioclanfm.com\\\/clanespectaculos\\\/author\\\/admin\\\/\"}]}<\/script>\n<!-- \/ Yoast SEO plugin. -->","yoast_head_json":{"title":"Wanda Nara mostr\u00f3 el nivel de ingl\u00e9s de su hijo Benedicto y sorprendi\u00f3 a todos: \u201cOrgullosa de vos\u201d - CLAN ESPECTACULOS","robots":{"index":"index","follow":"follow","max-snippet":"max-snippet:-1","max-image-preview":"max-image-preview:large","max-video-preview":"max-video-preview:-1"},"canonical":"https:\/\/radioclanfm.com\/clanespectaculos\/wanda-nara-mostro-el-nivel-de-ingles-de-su-hijo-benedicto-y-sorprendio-a-todos-orgullosa-de-vos\/","og_locale":"es_ES","og_type":"article","og_title":"Wanda Nara mostr\u00f3 el nivel de ingl\u00e9s de su hijo Benedicto y sorprendi\u00f3 a todos: \u201cOrgullosa de vos\u201d - CLAN ESPECTACULOS","og_description":"La conductora comparti\u00f3 un video del adolescente en un acto escolar en otro pa\u00eds y gener\u00f3 furor entre sus seguidores. Wanda Nara\u00a0comparti\u00f3 varios videos\u00a0en sus redes sociales para festejar el cumplea\u00f1os de Benedicto, uno de los hijos que tuvo con Maxi L\u00f3pez. En uno de ellos, la conductora presumi\u00f3 el gran nivel de ingl\u00e9s del [&hellip;]","og_url":"https:\/\/radioclanfm.com\/clanespectaculos\/wanda-nara-mostro-el-nivel-de-ingles-de-su-hijo-benedicto-y-sorprendio-a-todos-orgullosa-de-vos\/","og_site_name":"CLAN ESPECTACULOS","article_publisher":"https:\/\/www.facebook.com\/clanespectaculos\/","article_published_time":"2026-02-21T02:55:01+00:00","og_image":[{"width":900,"height":504,"url":"https:\/\/radioclanfm.com\/clanespectaculos\/wp-content\/uploads\/sites\/2\/2026\/02\/QlRfA8c2.jpg","type":"image\/jpeg"}],"author":"E-GRUPOCLAN","twitter_card":"summary_large_image","twitter_creator":"@clanespectok","twitter_site":"@clanespectok","twitter_misc":{"Escrito por":"E-GRUPOCLAN","Tiempo de lectura":"2 minutos"},"schema":{"@context":"https:\/\/schema.org","@graph":[{"@type":"Article","@id":"https:\/\/radioclanfm.com\/clanespectaculos\/wanda-nara-mostro-el-nivel-de-ingles-de-su-hijo-benedicto-y-sorprendio-a-todos-orgullosa-de-vos\/#article","isPartOf":{"@id":"https:\/\/radioclanfm.com\/clanespectaculos\/wanda-nara-mostro-el-nivel-de-ingles-de-su-hijo-benedicto-y-sorprendio-a-todos-orgullosa-de-vos\/"},"author":{"name":"E-GRUPOCLAN","@id":"https:\/\/radioclanfm.com\/clanespectaculos\/#\/schema\/person\/9734813083303230f3ad84d99171b20c"},"headline":"Wanda Nara mostr\u00f3 el nivel de ingl\u00e9s de su hijo Benedicto y sorprendi\u00f3 a todos: \u201cOrgullosa de vos\u201d","datePublished":"2026-02-21T02:55:01+00:00","mainEntityOfPage":{"@id":"https:\/\/radioclanfm.com\/clanespectaculos\/wanda-nara-mostro-el-nivel-de-ingles-de-su-hijo-benedicto-y-sorprendio-a-todos-orgullosa-de-vos\/"},"wordCount":402,"commentCount":0,"publisher":{"@id":"https:\/\/radioclanfm.com\/clanespectaculos\/#organization"},"image":{"@id":"https:\/\/radioclanfm.com\/clanespectaculos\/wanda-nara-mostro-el-nivel-de-ingles-de-su-hijo-benedicto-y-sorprendio-a-todos-orgullosa-de-vos\/#primaryimage"},"thumbnailUrl":"https:\/\/radioclanfm.com\/clanespectaculos\/wp-content\/uploads\/sites\/2\/2026\/02\/QlRfA8c2.jpg","articleSection":["Espectaculos"],"inLanguage":"es-AR","potentialAction":[{"@type":"CommentAction","name":"Comment","target":["https:\/\/radioclanfm.com\/clanespectaculos\/wanda-nara-mostro-el-nivel-de-ingles-de-su-hijo-benedicto-y-sorprendio-a-todos-orgullosa-de-vos\/#respond"]}]},{"@type":"WebPage","@id":"https:\/\/radioclanfm.com\/clanespectaculos\/wanda-nara-mostro-el-nivel-de-ingles-de-su-hijo-benedicto-y-sorprendio-a-todos-orgullosa-de-vos\/","url":"https:\/\/radioclanfm.com\/clanespectaculos\/wanda-nara-mostro-el-nivel-de-ingles-de-su-hijo-benedicto-y-sorprendio-a-todos-orgullosa-de-vos\/","name":"Wanda Nara mostr\u00f3 el nivel de ingl\u00e9s de su hijo Benedicto y sorprendi\u00f3 a todos: \u201cOrgullosa de vos\u201d - CLAN ESPECTACULOS","isPartOf":{"@id":"https:\/\/radioclanfm.com\/clanespectaculos\/#website"},"primaryImageOfPage":{"@id":"https:\/\/radioclanfm.com\/clanespectaculos\/wanda-nara-mostro-el-nivel-de-ingles-de-su-hijo-benedicto-y-sorprendio-a-todos-orgullosa-de-vos\/#primaryimage"},"image":{"@id":"https:\/\/radioclanfm.com\/clanespectaculos\/wanda-nara-mostro-el-nivel-de-ingles-de-su-hijo-benedicto-y-sorprendio-a-todos-orgullosa-de-vos\/#primaryimage"},"thumbnailUrl":"https:\/\/radioclanfm.com\/clanespectaculos\/wp-content\/uploads\/sites\/2\/2026\/02\/QlRfA8c2.jpg","datePublished":"2026-02-21T02:55:01+00:00","breadcrumb":{"@id":"https:\/\/radioclanfm.com\/clanespectaculos\/wanda-nara-mostro-el-nivel-de-ingles-de-su-hijo-benedicto-y-sorprendio-a-todos-orgullosa-de-vos\/#breadcrumb"},"inLanguage":"es-AR","potentialAction":[{"@type":"ReadAction","target":["https:\/\/radioclanfm.com\/clanespectaculos\/wanda-nara-mostro-el-nivel-de-ingles-de-su-hijo-benedicto-y-sorprendio-a-todos-orgullosa-de-vos\/"]}]},{"@type":"ImageObject","inLanguage":"es-AR","@id":"https:\/\/radioclanfm.com\/clanespectaculos\/wanda-nara-mostro-el-nivel-de-ingles-de-su-hijo-benedicto-y-sorprendio-a-todos-orgullosa-de-vos\/#primaryimage","url":"https:\/\/radioclanfm.com\/clanespectaculos\/wp-content\/uploads\/sites\/2\/2026\/02\/QlRfA8c2.jpg","contentUrl":"https:\/\/radioclanfm.com\/clanespectaculos\/wp-content\/uploads\/sites\/2\/2026\/02\/QlRfA8c2.jpg","width":900,"height":504},{"@type":"BreadcrumbList","@id":"https:\/\/radioclanfm.com\/clanespectaculos\/wanda-nara-mostro-el-nivel-de-ingles-de-su-hijo-benedicto-y-sorprendio-a-todos-orgullosa-de-vos\/#breadcrumb","itemListElement":[{"@type":"ListItem","position":1,"name":"Inicio","item":"https:\/\/radioclanfm.com\/clanespectaculos\/"},{"@type":"ListItem","position":2,"name":"Wanda Nara mostr\u00f3 el nivel de ingl\u00e9s de su hijo Benedicto y sorprendi\u00f3 a todos: \u201cOrgullosa de vos\u201d"}]},{"@type":"WebSite","@id":"https:\/\/radioclanfm.com\/clanespectaculos\/#website","url":"https:\/\/radioclanfm.com\/clanespectaculos\/","name":"CLAN ESPECTACULOS","description":"","publisher":{"@id":"https:\/\/radioclanfm.com\/clanespectaculos\/#organization"},"potentialAction":[{"@type":"SearchAction","target":{"@type":"EntryPoint","urlTemplate":"https:\/\/radioclanfm.com\/clanespectaculos\/?s={search_term_string}"},"query-input":{"@type":"PropertyValueSpecification","valueRequired":true,"valueName":"search_term_string"}}],"inLanguage":"es-AR"},{"@type":"Organization","@id":"https:\/\/radioclanfm.com\/clanespectaculos\/#organization","name":"CLAN ESPECTACULOS","url":"https:\/\/radioclanfm.com\/clanespectaculos\/","logo":{"@type":"ImageObject","inLanguage":"es-AR","@id":"https:\/\/radioclanfm.com\/clanespectaculos\/#\/schema\/logo\/image\/","url":"https:\/\/radioclanfm.com\/clanespectaculos\/wp-content\/uploads\/sites\/2\/2026\/04\/ChatGPT-Image-23-mar-2026-10_09_00.png","contentUrl":"https:\/\/radioclanfm.com\/clanespectaculos\/wp-content\/uploads\/sites\/2\/2026\/04\/ChatGPT-Image-23-mar-2026-10_09_00.png","width":1024,"height":1024,"caption":"CLAN ESPECTACULOS"},"image":{"@id":"https:\/\/radioclanfm.com\/clanespectaculos\/#\/schema\/logo\/image\/"},"sameAs":["https:\/\/www.facebook.com\/clanespectaculos\/","https:\/\/x.com\/clanespectok"]},{"@type":"Person","@id":"https:\/\/radioclanfm.com\/clanespectaculos\/#\/schema\/person\/9734813083303230f3ad84d99171b20c","name":"E-GRUPOCLAN","image":{"@type":"ImageObject","inLanguage":"es-AR","@id":"https:\/\/secure.gravatar.com\/avatar\/af6e19837c3d6a212034a48c7b3818d2ac1826f6025df0155da5a186ad321d79?s=96&d=mm&r=g","url":"https:\/\/secure.gravatar.com\/avatar\/af6e19837c3d6a212034a48c7b3818d2ac1826f6025df0155da5a186ad321d79?s=96&d=mm&r=g","contentUrl":"https:\/\/secure.gravatar.com\/avatar\/af6e19837c3d6a212034a48c7b3818d2ac1826f6025df0155da5a186ad321d79?s=96&d=mm&r=g","caption":"E-GRUPOCLAN"},"sameAs":["https:\/\/radioclanfm.com"],"url":"https:\/\/radioclanfm.com\/clanespectaculos\/author\/admin\/"}]}},"_links":{"self":[{"href":"https:\/\/radioclanfm.com\/clanespectaculos\/wp-json\/wp\/v2\/posts\/12614","targetHints":{"allow":["GET"]}}],"collection":[{"href":"https:\/\/radioclanfm.com\/clanespectaculos\/wp-json\/wp\/v2\/posts"}],"about":[{"href":"https:\/\/radioclanfm.com\/clanespectaculos\/wp-json\/wp\/v2\/types\/post"}],"author":[{"embeddable":true,"href":"https:\/\/radioclanfm.com\/clanespectaculos\/wp-json\/wp\/v2\/users\/1"}],"replies":[{"embeddable":true,"href":"https:\/\/radioclanfm.com\/clanespectaculos\/wp-json\/wp\/v2\/comments?post=12614"}],"version-history":[{"count":1,"href":"https:\/\/radioclanfm.com\/clanespectaculos\/wp-json\/wp\/v2\/posts\/12614\/revisions"}],"predecessor-version":[{"id":12618,"href":"https:\/\/radioclanfm.com\/clanespectaculos\/wp-json\/wp\/v2\/posts\/12614\/revisions\/12618"}],"wp:featuredmedia":[{"embeddable":true,"href":"https:\/\/radioclanfm.com\/clanespectaculos\/wp-json\/wp\/v2\/media\/12617"}],"wp:attachment":[{"href":"https:\/\/radioclanfm.com\/clanespectaculos\/wp-json\/wp\/v2\/media?parent=12614"}],"wp:term":[{"taxonomy":"category","embeddable":true,"href":"https:\/\/radioclanfm.com\/clanespectaculos\/wp-json\/wp\/v2\/categories?post=12614"},{"taxonomy":"post_tag","embeddable":true,"href":"https:\/\/radioclanfm.com\/clanespectaculos\/wp-json\/wp\/v2\/tags?post=12614"}],"curies":[{"name":"wp","href":"https:\/\/api.w.org\/{rel}","templated":true}]}}