{"id":12609,"date":"2026-02-20T23:53:10","date_gmt":"2026-02-21T02:53:10","guid":{"rendered":"https:\/\/radioclanfm.com\/clanespectaculos\/?p=12609"},"modified":"2026-02-20T23:53:10","modified_gmt":"2026-02-21T02:53:10","slug":"asi-viven-diego-y-yanina-latorre-como-es-su-casa-en-pilar-con-jardin-sonado-y-toques-modernos","status":"publish","type":"post","link":"https:\/\/radioclanfm.com\/clanespectaculos\/asi-viven-diego-y-yanina-latorre-como-es-su-casa-en-pilar-con-jardin-sonado-y-toques-modernos\/","title":{"rendered":"As\u00ed viven Diego y Yanina Latorre: c\u00f3mo es su casa en Pilar con jard\u00edn so\u00f1ado y toques modernos"},"content":{"rendered":"<p>La panelista abri\u00f3 las puertas de su hogar y mostr\u00f3 el rinc\u00f3n m\u00e1s \u00edntimo.<\/p>\n<div class=\"col-content\"><main class=\"col-content\"><\/p>\n<div class=\"default-article-color article__body article__article\">\n<p class=\"paragraph font__body-regular\"><b>Yanina Latorre<\/b>\u00a0suele compartir en sus redes sociales c\u00f3mo fue remodelando distintos ambientes de su casa en Pilar.<\/p>\n<div class=\"AV6543bedcd858799fe90b5c47\">\n<div id=\"aniBox\">\n<div id=\"aniplayer_AV6543bedcd858799fe90b5c47-1771642348363\">\n<div id=\"aniplayer_AV6543bedcd858799fe90b5c47-1771642348363gui\">\n<div id=\"av-caption\">\n<div id=\"av-close-btn-overlay\" class=\"av-pos-top-left\"><\/div>\n<\/div>\n<\/div>\n<\/div>\n<\/div>\n<\/div>\n<div id=\"ad-slot-infeed\" class=\"infeed-container ad-slot-infeed ad-slot\" data-adtype=\"infeed\" data-lazyload=\"1\" data-google-query-id=\"CKSGkIPK6ZIDFT4W4AMd1mAZmw\">\n<div id=\"google_ads_iframe_\/113951150\/tn-arc\/nota\/infeed_0__container__\"><\/div>\n<\/div>\n<p class=\"paragraph font__body-regular\">En distintas oportunidades, la panelista mostr\u00f3 fotos y videos de c\u00f3mo qued\u00f3 su hogar\u00a0<b>tras una renovaci\u00f3n total<\/b>, donde el dise\u00f1o moderno y los detalles personales se mezclan en cada ambiente.<\/p>\n<p class=\"paragraph font__body-regular\">La propiedad,\u00a0<b>ubicada en un exclusivo barrio privado<\/b>, es mucho m\u00e1s que una simple residencia: es el refugio de Yanina y\u00a0<b>Diego Latorre<\/b>, pensado para el confort y la elegancia. De dos plantas, la casa combina una\u00a0<b>est\u00e9tica minimalista con toques cl\u00e1sicos\u00a0<\/b>y gui\u00f1os que cuentan la historia de la familia.<\/p>\n<figure class=\"\" data-testid=\"figure-testid\">\n<div class=\"aspect_ratio__container\"><picture class=\"responsive-image\"><source srcset=\"https:\/\/tn.com.ar\/resizer\/v2\/yanina-latorre-suele-celebrar-eventos-en-el-exterior-foto-instagram-yanilatorre-6AYZSRJSZFHAPJDPLXFM4YH7WI.JPG?auth=fbb62b04a7c4ad9e6ae49f542647a9a5b2307b75f399050e12cee17798e3f2cf&amp;width=767\" type=\"image\/jpg\" media=\"(max-width: 728px)\" \/><source srcset=\"https:\/\/tn.com.ar\/resizer\/v2\/yanina-latorre-suele-celebrar-eventos-en-el-exterior-foto-instagram-yanilatorre-6AYZSRJSZFHAPJDPLXFM4YH7WI.JPG?auth=fbb62b04a7c4ad9e6ae49f542647a9a5b2307b75f399050e12cee17798e3f2cf&amp;width=1023\" type=\"image\/jpg\" media=\"(max-width: 1023px)\" \/><source srcset=\"https:\/\/tn.com.ar\/resizer\/v2\/yanina-latorre-suele-celebrar-eventos-en-el-exterior-foto-instagram-yanilatorre-6AYZSRJSZFHAPJDPLXFM4YH7WI.JPG?auth=fbb62b04a7c4ad9e6ae49f542647a9a5b2307b75f399050e12cee17798e3f2cf&amp;width=1440\" type=\"image\/jpg\" \/><img loading=\"lazy\" decoding=\"async\" class=\"image content-image image_placeholder\" src=\"https:\/\/tn.com.ar\/resizer\/v2\/yanina-latorre-suele-celebrar-eventos-en-el-exterior-foto-instagram-yanilatorre-6AYZSRJSZFHAPJDPLXFM4YH7WI.JPG?auth=fbb62b04a7c4ad9e6ae49f542647a9a5b2307b75f399050e12cee17798e3f2cf&amp;width=767\" alt=\"Yanina Latorre suele celebrar eventos en el exterior (Foto: Instagram \/ yanilatorre)\" width=\"767\" height=\"496\" data-testid=\"loading-testid\" \/><\/picture><\/div><figcaption class=\"caption_image\" data-testid=\"figcaption-testid\">\n<div class=\"image_caption \">Yanina Latorre suele celebrar eventos en el exterior (Foto: Instagram \/ yanilatorre)<\/div>\n<\/figcaption><\/figure>\n<h2 class=\"font--primary font__display\">El vestidor secreto: el rinc\u00f3n m\u00e1s codiciado de la casa<\/h2>\n<p class=\"paragraph font__body-regular\">Pero si hay un espacio que se lleva todas las miradas, es el\u00a0<b>vestidor secreto<\/b>\u00a0que Yanina y Diego crearon en el altillo. El acceso es digno de una pel\u00edcula:\u00a0<b>una escalera plegable que baja del techo<\/b>\u00a0y, al cerrarse, desaparece por completo. As\u00ed, el vestidor queda oculto a simple vista, convirti\u00e9ndose en el rinc\u00f3n m\u00e1s \u00edntimo y especial del hogar.<\/p>\n<figure class=\"\" data-testid=\"figure-testid\">\n<div class=\"aspect_ratio__container\"><picture class=\"responsive-image\"><source srcset=\"https:\/\/tn.com.ar\/resizer\/v2\/yanina-latorre-en-el-rincon-de-diego-foto-instagram-yanilatorre-Q2JI7OQDWBEHJMLAYBBSPLFA6U.JPG?auth=1ab6a516b1367457309f7a73e411fe9818b00629a0f8968c5edba8d2bf23e787&amp;width=767\" type=\"image\/jpg\" media=\"(max-width: 728px)\" \/><source srcset=\"https:\/\/tn.com.ar\/resizer\/v2\/yanina-latorre-en-el-rincon-de-diego-foto-instagram-yanilatorre-Q2JI7OQDWBEHJMLAYBBSPLFA6U.JPG?auth=1ab6a516b1367457309f7a73e411fe9818b00629a0f8968c5edba8d2bf23e787&amp;width=1023\" type=\"image\/jpg\" media=\"(max-width: 1023px)\" \/><source srcset=\"https:\/\/tn.com.ar\/resizer\/v2\/yanina-latorre-en-el-rincon-de-diego-foto-instagram-yanilatorre-Q2JI7OQDWBEHJMLAYBBSPLFA6U.JPG?auth=1ab6a516b1367457309f7a73e411fe9818b00629a0f8968c5edba8d2bf23e787&amp;width=1440\" type=\"image\/jpg\" \/><img loading=\"lazy\" decoding=\"async\" class=\"image content-image image_placeholder\" src=\"https:\/\/tn.com.ar\/resizer\/v2\/yanina-latorre-en-el-rincon-de-diego-foto-instagram-yanilatorre-Q2JI7OQDWBEHJMLAYBBSPLFA6U.JPG?auth=1ab6a516b1367457309f7a73e411fe9818b00629a0f8968c5edba8d2bf23e787&amp;width=767\" alt=\"Yanina Latorre en el rinc\u00f3n de Diego (Foto: Instagram \/ yanilatorre)\" width=\"767\" height=\"425\" data-testid=\"loading-testid\" \/><\/picture><\/div><figcaption class=\"caption_image\" data-testid=\"figcaption-testid\">\n<div class=\"image_caption \">Yanina Latorre en el rinc\u00f3n de Diego (Foto: Instagram \/ yanilatorre)<\/div>\n<\/figcaption><\/figure>\n<p class=\"paragraph font__body-regular\">\u201c<b>Es nuestro lugar secreto<\/b>\u201d, cont\u00f3 Yanina en sus historias de Instagram, mostrando c\u00f3mo el altillo se transform\u00f3 en un espacio compartido donde guardan ropa, zapatos y accesorios.<\/p>\n<figure class=\"\" data-testid=\"figure-testid\">\n<div class=\"aspect_ratio__container\"><picture class=\"responsive-image\"><source srcset=\"https:\/\/tn.com.ar\/resizer\/v2\/yanina-latorre-en-el-rincon-de-diego-foto-instagram-yanilatorre-464NWKCEH5HI5GHJZR7SDGFEJM.JPG?auth=77f300f428810901aca17c9836849cc8c15ad015a0f8455d87c10694fef9f249&amp;width=767\" type=\"image\/jpg\" media=\"(max-width: 728px)\" \/><source srcset=\"https:\/\/tn.com.ar\/resizer\/v2\/yanina-latorre-en-el-rincon-de-diego-foto-instagram-yanilatorre-464NWKCEH5HI5GHJZR7SDGFEJM.JPG?auth=77f300f428810901aca17c9836849cc8c15ad015a0f8455d87c10694fef9f249&amp;width=1023\" type=\"image\/jpg\" media=\"(max-width: 1023px)\" \/><source srcset=\"https:\/\/tn.com.ar\/resizer\/v2\/yanina-latorre-en-el-rincon-de-diego-foto-instagram-yanilatorre-464NWKCEH5HI5GHJZR7SDGFEJM.JPG?auth=77f300f428810901aca17c9836849cc8c15ad015a0f8455d87c10694fef9f249&amp;width=1440\" type=\"image\/jpg\" \/><img loading=\"lazy\" decoding=\"async\" class=\"image content-image image_placeholder\" src=\"https:\/\/tn.com.ar\/resizer\/v2\/yanina-latorre-en-el-rincon-de-diego-foto-instagram-yanilatorre-464NWKCEH5HI5GHJZR7SDGFEJM.JPG?auth=77f300f428810901aca17c9836849cc8c15ad015a0f8455d87c10694fef9f249&amp;width=767\" alt=\"Yanina Latorre en el rinc\u00f3n de Diego (Foto: Instagram \/ yanilatorre)\" width=\"767\" height=\"1287\" data-testid=\"loading-testid\" \/><\/picture><\/div><figcaption class=\"caption_image\" data-testid=\"figcaption-testid\">\n<div class=\"image_caption \">Yanina Latorre en el rinc\u00f3n de Diego (Foto: Instagram \/ yanilatorre)<\/div>\n<\/figcaption><\/figure>\n<p class=\"paragraph font__body-regular\">Pero no es solo cuesti\u00f3n de orden y est\u00e9tica:\u00a0<b>el vestidor est\u00e1 lleno de recuerdos de la carrera de Diego<\/b>, con camisetas, fotos familiares y una colecci\u00f3n de botines que resumen su paso por el f\u00fatbol.<\/p>\n<figure class=\"\" data-testid=\"figure-testid\">\n<div class=\"aspect_ratio__container\"><picture class=\"responsive-image\"><source srcset=\"https:\/\/tn.com.ar\/resizer\/v2\/yanina-latorre-en-el-quincho-de-su-casa-foto-instagram-yanilatorre-QENTSWXUUVGV7M2PEAUDSZPYGY.JPG?auth=b72e7037af95293a4d310075f821951bf79aa18fa2ef5b6a9441fd8abf7f0aec&amp;width=767\" type=\"image\/jpg\" media=\"(max-width: 728px)\" \/><source srcset=\"https:\/\/tn.com.ar\/resizer\/v2\/yanina-latorre-en-el-quincho-de-su-casa-foto-instagram-yanilatorre-QENTSWXUUVGV7M2PEAUDSZPYGY.JPG?auth=b72e7037af95293a4d310075f821951bf79aa18fa2ef5b6a9441fd8abf7f0aec&amp;width=1023\" type=\"image\/jpg\" media=\"(max-width: 1023px)\" \/><source srcset=\"https:\/\/tn.com.ar\/resizer\/v2\/yanina-latorre-en-el-quincho-de-su-casa-foto-instagram-yanilatorre-QENTSWXUUVGV7M2PEAUDSZPYGY.JPG?auth=b72e7037af95293a4d310075f821951bf79aa18fa2ef5b6a9441fd8abf7f0aec&amp;width=1440\" type=\"image\/jpg\" \/><img loading=\"lazy\" decoding=\"async\" class=\"image content-image image_placeholder\" src=\"https:\/\/tn.com.ar\/resizer\/v2\/yanina-latorre-en-el-quincho-de-su-casa-foto-instagram-yanilatorre-QENTSWXUUVGV7M2PEAUDSZPYGY.JPG?auth=b72e7037af95293a4d310075f821951bf79aa18fa2ef5b6a9441fd8abf7f0aec&amp;width=767\" alt=\"Yanina Latorre en el quincho de su casa (Foto: Instagram \/ yanilatorre)\" width=\"767\" height=\"1013\" data-testid=\"loading-testid\" \/><\/picture><\/div><figcaption class=\"caption_image\" data-testid=\"figcaption-testid\">\n<div class=\"image_caption \">Yanina Latorre en el quincho de su casa (Foto: Instagram \/ yanilatorre)<\/div>\n<\/figcaption><\/figure>\n<h2 class=\"font--primary font__display\">Dise\u00f1o moderno, detalles cl\u00e1sicos y mucho estilo<\/h2>\n<p class=\"paragraph font__body-regular\">El resto de la casa no se queda atr\u00e1s.\u00a0<b>El jard\u00edn tiene pileta y cancha de f\u00fatbol<\/b>, mientras que los interiores combinan m\u00e1rmol, madera y tonos neutros para lograr un ambiente sofisticado y c\u00e1lido. La cocina fue completamente remodelada: ahora tiene una isla central, electrodom\u00e9sticos de alta gama y<b>\u00a0una paleta en blanco, negro y gris<\/b>.<\/p>\n<figure class=\"\" data-testid=\"figure-testid\">\n<div class=\"aspect_ratio__container\"><picture class=\"responsive-image\"><source srcset=\"https:\/\/tn.com.ar\/resizer\/v2\/yanina-latorre-abrio-las-puertas-de-su-hogar-foto-instagram-yanilatorre-4Q2GLPDSJ5GG3GWZNUWTP3KJP4.JPG?auth=5af5be5ce71988482b896adf5c2a1f64fce42c278c7a897672379f679ebe203e&amp;width=767\" type=\"image\/jpg\" media=\"(max-width: 728px)\" \/><source srcset=\"https:\/\/tn.com.ar\/resizer\/v2\/yanina-latorre-abrio-las-puertas-de-su-hogar-foto-instagram-yanilatorre-4Q2GLPDSJ5GG3GWZNUWTP3KJP4.JPG?auth=5af5be5ce71988482b896adf5c2a1f64fce42c278c7a897672379f679ebe203e&amp;width=1023\" type=\"image\/jpg\" media=\"(max-width: 1023px)\" \/><source srcset=\"https:\/\/tn.com.ar\/resizer\/v2\/yanina-latorre-abrio-las-puertas-de-su-hogar-foto-instagram-yanilatorre-4Q2GLPDSJ5GG3GWZNUWTP3KJP4.JPG?auth=5af5be5ce71988482b896adf5c2a1f64fce42c278c7a897672379f679ebe203e&amp;width=1440\" type=\"image\/jpg\" \/><img loading=\"lazy\" decoding=\"async\" class=\"image content-image image_placeholder\" src=\"https:\/\/tn.com.ar\/resizer\/v2\/yanina-latorre-abrio-las-puertas-de-su-hogar-foto-instagram-yanilatorre-4Q2GLPDSJ5GG3GWZNUWTP3KJP4.JPG?auth=5af5be5ce71988482b896adf5c2a1f64fce42c278c7a897672379f679ebe203e&amp;width=767\" alt=\"Yanina Latorre abri\u00f3 las puertas de su hogar (Foto: Instagram \/ yanilatorre)\" width=\"767\" height=\"781\" data-testid=\"loading-testid\" \/><\/picture><\/div><figcaption class=\"caption_image\" data-testid=\"figcaption-testid\">\n<div class=\"image_caption \">Yanina Latorre abri\u00f3 las puertas de su hogar (Foto: Instagram \/ yanilatorre)<\/div>\n<\/figcaption><\/figure>\n<p class=\"paragraph font__body-regular\">En el living, Yanina apost\u00f3 por\u00a0<b>sillones blancos, una mesa ratona con libros antiguos y detalles minimalistas<\/b>\u00a0que refuerzan la impronta elegante de la casa. Cada rinc\u00f3n est\u00e1 pensado para el disfrute y la comodidad, pero tambi\u00e9n para reflejar la personalidad de quienes la habitan.<\/p>\n<figure class=\"\" data-testid=\"figure-testid\">\n<div class=\"aspect_ratio__container\"><picture class=\"responsive-image\"><source srcset=\"https:\/\/tn.com.ar\/resizer\/v2\/yanina-latorre-en-su-habitacion-foto-instagram-yanilatorre-4KQJN2KRNVB67M3DZCKZ4WXKZE.JPG?auth=cdb0b6d4277f76da2d747794add9f84640bd308086b0794a3692ef783dcd80f2&amp;width=767\" type=\"image\/jpg\" media=\"(max-width: 728px)\" \/><source srcset=\"https:\/\/tn.com.ar\/resizer\/v2\/yanina-latorre-en-su-habitacion-foto-instagram-yanilatorre-4KQJN2KRNVB67M3DZCKZ4WXKZE.JPG?auth=cdb0b6d4277f76da2d747794add9f84640bd308086b0794a3692ef783dcd80f2&amp;width=1023\" type=\"image\/jpg\" media=\"(max-width: 1023px)\" \/><source srcset=\"https:\/\/tn.com.ar\/resizer\/v2\/yanina-latorre-en-su-habitacion-foto-instagram-yanilatorre-4KQJN2KRNVB67M3DZCKZ4WXKZE.JPG?auth=cdb0b6d4277f76da2d747794add9f84640bd308086b0794a3692ef783dcd80f2&amp;width=1440\" type=\"image\/jpg\" \/><img loading=\"lazy\" decoding=\"async\" class=\"image content-image image_placeholder\" src=\"https:\/\/tn.com.ar\/resizer\/v2\/yanina-latorre-en-su-habitacion-foto-instagram-yanilatorre-4KQJN2KRNVB67M3DZCKZ4WXKZE.JPG?auth=cdb0b6d4277f76da2d747794add9f84640bd308086b0794a3692ef783dcd80f2&amp;width=767\" alt=\"Yanina Latorre en su habitaci\u00f3n (Foto: Instagram \/ yanilatorre)\" width=\"767\" height=\"1077\" data-testid=\"loading-testid\" \/><\/picture><\/div><figcaption class=\"caption_image\" data-testid=\"figcaption-testid\">\n<div class=\"image_caption \">Yanina Latorre en su habitaci\u00f3n (Foto: Instagram \/ yanilatorre)<\/div>\n<\/figcaption><\/figure>\n<p class=\"paragraph font__body-regular\">La renovada casa de\u00a0<b>Yanina Latorre<\/b>\u00a0no solo deslumbra por su sofisticaci\u00f3n, sino que tambi\u00e9n sorprende por esconder rincones cargados de significado.<\/p>\n<figure class=\"\" data-testid=\"figure-testid\">\n<div class=\"aspect_ratio__container\"><picture class=\"responsive-image\"><source srcset=\"https:\/\/tn.com.ar\/resizer\/v2\/yanina-latorre-mostro-la-habitacion-de-lola-foto-instagram-yanilatorre-MHUVUWTBBFHVTBCNSJMDIANOHA.JPG?auth=977f4c5761d950de0d2216acfd98f12594c84ad196387aa57721bd386db2bdf8&amp;width=767\" type=\"image\/jpg\" media=\"(max-width: 728px)\" \/><source srcset=\"https:\/\/tn.com.ar\/resizer\/v2\/yanina-latorre-mostro-la-habitacion-de-lola-foto-instagram-yanilatorre-MHUVUWTBBFHVTBCNSJMDIANOHA.JPG?auth=977f4c5761d950de0d2216acfd98f12594c84ad196387aa57721bd386db2bdf8&amp;width=1023\" type=\"image\/jpg\" media=\"(max-width: 1023px)\" \/><source srcset=\"https:\/\/tn.com.ar\/resizer\/v2\/yanina-latorre-mostro-la-habitacion-de-lola-foto-instagram-yanilatorre-MHUVUWTBBFHVTBCNSJMDIANOHA.JPG?auth=977f4c5761d950de0d2216acfd98f12594c84ad196387aa57721bd386db2bdf8&amp;width=1440\" type=\"image\/jpg\" \/><img loading=\"lazy\" decoding=\"async\" class=\"image content-image image_placeholder\" src=\"https:\/\/tn.com.ar\/resizer\/v2\/yanina-latorre-mostro-la-habitacion-de-lola-foto-instagram-yanilatorre-MHUVUWTBBFHVTBCNSJMDIANOHA.JPG?auth=977f4c5761d950de0d2216acfd98f12594c84ad196387aa57721bd386db2bdf8&amp;width=767\" alt=\"Yanina Latorre mostr\u00f3 la habitaci\u00f3n de Lola (Foto: Instagram \/ yanilatorre)\" width=\"767\" height=\"448\" data-testid=\"loading-testid\" \/><\/picture><\/div><figcaption class=\"caption_image\" data-testid=\"figcaption-testid\">\n<div class=\"image_caption \">Yanina Latorre mostr\u00f3 la habitaci\u00f3n de Lola (Foto: Instagram \/ yanilatorre)<\/div>\n<\/figcaption><\/figure>\n<\/div>\n<p><\/main><\/div>\n<aside class=\"col-right-rail right-rail\">\n<div id=\"parent-ad-slot-caja\" class=\"ad-container caja_ad \">\n<div class=\"ad-content\"><\/div>\n<\/div>\n<\/aside>\n","protected":false},"excerpt":{"rendered":"<p>La panelista abri\u00f3 las puertas de su hogar y mostr\u00f3 el rinc\u00f3n m\u00e1s \u00edntimo. Yanina Latorre\u00a0suele compartir en sus redes sociales c\u00f3mo fue remodelando distintos ambientes de su casa en Pilar. En distintas oportunidades, la panelista mostr\u00f3 fotos y videos de c\u00f3mo qued\u00f3 su hogar\u00a0tras una renovaci\u00f3n total, donde el dise\u00f1o moderno y los detalles [&hellip;]<\/p>\n","protected":false},"author":1,"featured_media":12612,"comment_status":"open","ping_status":"open","sticky":false,"template":"","format":"standard","meta":{"rop_custom_images_group":[],"rop_custom_messages_group":[],"rop_publish_now":"initial","rop_publish_now_accounts":[],"rop_publish_now_history":[],"rop_publish_now_status":"pending","footnotes":"","jetpack_publicize_message":"","jetpack_publicize_feature_enabled":true,"jetpack_social_post_already_shared":true,"jetpack_social_options":{"image_generator_settings":{"template":"highway","enabled":false},"version":2}},"categories":[12],"tags":[],"class_list":{"0":"post-12609","1":"post","2":"type-post","3":"status-publish","4":"format-standard","5":"has-post-thumbnail","7":"category-espectaculos"},"jetpack_publicize_connections":[],"yoast_head":"<!-- This site is optimized with the Yoast SEO plugin v27.3 - https:\/\/yoast.com\/product\/yoast-seo-wordpress\/ -->\n<title>As\u00ed viven Diego y Yanina Latorre: c\u00f3mo es su casa en Pilar con jard\u00edn so\u00f1ado y toques modernos - CLAN ESPECTACULOS<\/title>\n<meta name=\"robots\" content=\"index, follow, max-snippet:-1, max-image-preview:large, max-video-preview:-1\" \/>\n<link rel=\"canonical\" href=\"https:\/\/radioclanfm.com\/clanespectaculos\/asi-viven-diego-y-yanina-latorre-como-es-su-casa-en-pilar-con-jardin-sonado-y-toques-modernos\/\" \/>\n<meta property=\"og:locale\" content=\"es_ES\" \/>\n<meta property=\"og:type\" content=\"article\" \/>\n<meta property=\"og:title\" content=\"As\u00ed viven Diego y Yanina Latorre: c\u00f3mo es su casa en Pilar con jard\u00edn so\u00f1ado y toques modernos - CLAN ESPECTACULOS\" \/>\n<meta property=\"og:description\" content=\"La panelista abri\u00f3 las puertas de su hogar y mostr\u00f3 el rinc\u00f3n m\u00e1s \u00edntimo. Yanina Latorre\u00a0suele compartir en sus redes sociales c\u00f3mo fue remodelando distintos ambientes de su casa en Pilar. En distintas oportunidades, la panelista mostr\u00f3 fotos y videos de c\u00f3mo qued\u00f3 su hogar\u00a0tras una renovaci\u00f3n total, donde el dise\u00f1o moderno y los detalles [&hellip;]\" \/>\n<meta property=\"og:url\" content=\"https:\/\/radioclanfm.com\/clanespectaculos\/asi-viven-diego-y-yanina-latorre-como-es-su-casa-en-pilar-con-jardin-sonado-y-toques-modernos\/\" \/>\n<meta property=\"og:site_name\" content=\"CLAN ESPECTACULOS\" \/>\n<meta property=\"article:publisher\" content=\"https:\/\/www.facebook.com\/clanespectaculos\/\" \/>\n<meta property=\"article:published_time\" content=\"2026-02-21T02:53:10+00:00\" \/>\n<meta property=\"og:image\" content=\"https:\/\/radioclanfm.com\/clanespectaculos\/wp-content\/uploads\/sites\/2\/2026\/02\/8OUWVfDX.jpg\" \/>\n\t<meta property=\"og:image:width\" content=\"900\" \/>\n\t<meta property=\"og:image:height\" content=\"504\" \/>\n\t<meta property=\"og:image:type\" content=\"image\/jpeg\" \/>\n<meta name=\"author\" content=\"E-GRUPOCLAN\" \/>\n<meta name=\"twitter:card\" content=\"summary_large_image\" \/>\n<meta name=\"twitter:creator\" content=\"@clanespectok\" \/>\n<meta name=\"twitter:site\" content=\"@clanespectok\" \/>\n<meta name=\"twitter:label1\" content=\"Escrito por\" \/>\n\t<meta name=\"twitter:data1\" content=\"E-GRUPOCLAN\" \/>\n\t<meta name=\"twitter:label2\" content=\"Tiempo de lectura\" \/>\n\t<meta name=\"twitter:data2\" content=\"2 minutos\" \/>\n<script type=\"application\/ld+json\" class=\"yoast-schema-graph\">{\"@context\":\"https:\\\/\\\/schema.org\",\"@graph\":[{\"@type\":\"Article\",\"@id\":\"https:\\\/\\\/radioclanfm.com\\\/clanespectaculos\\\/asi-viven-diego-y-yanina-latorre-como-es-su-casa-en-pilar-con-jardin-sonado-y-toques-modernos\\\/#article\",\"isPartOf\":{\"@id\":\"https:\\\/\\\/radioclanfm.com\\\/clanespectaculos\\\/asi-viven-diego-y-yanina-latorre-como-es-su-casa-en-pilar-con-jardin-sonado-y-toques-modernos\\\/\"},\"author\":{\"name\":\"E-GRUPOCLAN\",\"@id\":\"https:\\\/\\\/radioclanfm.com\\\/clanespectaculos\\\/#\\\/schema\\\/person\\\/9734813083303230f3ad84d99171b20c\"},\"headline\":\"As\u00ed viven Diego y Yanina Latorre: c\u00f3mo es su casa en Pilar con jard\u00edn so\u00f1ado y toques modernos\",\"datePublished\":\"2026-02-21T02:53:10+00:00\",\"mainEntityOfPage\":{\"@id\":\"https:\\\/\\\/radioclanfm.com\\\/clanespectaculos\\\/asi-viven-diego-y-yanina-latorre-como-es-su-casa-en-pilar-con-jardin-sonado-y-toques-modernos\\\/\"},\"wordCount\":507,\"commentCount\":0,\"publisher\":{\"@id\":\"https:\\\/\\\/radioclanfm.com\\\/clanespectaculos\\\/#organization\"},\"image\":{\"@id\":\"https:\\\/\\\/radioclanfm.com\\\/clanespectaculos\\\/asi-viven-diego-y-yanina-latorre-como-es-su-casa-en-pilar-con-jardin-sonado-y-toques-modernos\\\/#primaryimage\"},\"thumbnailUrl\":\"https:\\\/\\\/radioclanfm.com\\\/clanespectaculos\\\/wp-content\\\/uploads\\\/sites\\\/2\\\/2026\\\/02\\\/8OUWVfDX.jpg\",\"articleSection\":[\"Espectaculos\"],\"inLanguage\":\"es-AR\",\"potentialAction\":[{\"@type\":\"CommentAction\",\"name\":\"Comment\",\"target\":[\"https:\\\/\\\/radioclanfm.com\\\/clanespectaculos\\\/asi-viven-diego-y-yanina-latorre-como-es-su-casa-en-pilar-con-jardin-sonado-y-toques-modernos\\\/#respond\"]}]},{\"@type\":\"WebPage\",\"@id\":\"https:\\\/\\\/radioclanfm.com\\\/clanespectaculos\\\/asi-viven-diego-y-yanina-latorre-como-es-su-casa-en-pilar-con-jardin-sonado-y-toques-modernos\\\/\",\"url\":\"https:\\\/\\\/radioclanfm.com\\\/clanespectaculos\\\/asi-viven-diego-y-yanina-latorre-como-es-su-casa-en-pilar-con-jardin-sonado-y-toques-modernos\\\/\",\"name\":\"As\u00ed viven Diego y Yanina Latorre: c\u00f3mo es su casa en Pilar con jard\u00edn so\u00f1ado y toques modernos - CLAN ESPECTACULOS\",\"isPartOf\":{\"@id\":\"https:\\\/\\\/radioclanfm.com\\\/clanespectaculos\\\/#website\"},\"primaryImageOfPage\":{\"@id\":\"https:\\\/\\\/radioclanfm.com\\\/clanespectaculos\\\/asi-viven-diego-y-yanina-latorre-como-es-su-casa-en-pilar-con-jardin-sonado-y-toques-modernos\\\/#primaryimage\"},\"image\":{\"@id\":\"https:\\\/\\\/radioclanfm.com\\\/clanespectaculos\\\/asi-viven-diego-y-yanina-latorre-como-es-su-casa-en-pilar-con-jardin-sonado-y-toques-modernos\\\/#primaryimage\"},\"thumbnailUrl\":\"https:\\\/\\\/radioclanfm.com\\\/clanespectaculos\\\/wp-content\\\/uploads\\\/sites\\\/2\\\/2026\\\/02\\\/8OUWVfDX.jpg\",\"datePublished\":\"2026-02-21T02:53:10+00:00\",\"breadcrumb\":{\"@id\":\"https:\\\/\\\/radioclanfm.com\\\/clanespectaculos\\\/asi-viven-diego-y-yanina-latorre-como-es-su-casa-en-pilar-con-jardin-sonado-y-toques-modernos\\\/#breadcrumb\"},\"inLanguage\":\"es-AR\",\"potentialAction\":[{\"@type\":\"ReadAction\",\"target\":[\"https:\\\/\\\/radioclanfm.com\\\/clanespectaculos\\\/asi-viven-diego-y-yanina-latorre-como-es-su-casa-en-pilar-con-jardin-sonado-y-toques-modernos\\\/\"]}]},{\"@type\":\"ImageObject\",\"inLanguage\":\"es-AR\",\"@id\":\"https:\\\/\\\/radioclanfm.com\\\/clanespectaculos\\\/asi-viven-diego-y-yanina-latorre-como-es-su-casa-en-pilar-con-jardin-sonado-y-toques-modernos\\\/#primaryimage\",\"url\":\"https:\\\/\\\/radioclanfm.com\\\/clanespectaculos\\\/wp-content\\\/uploads\\\/sites\\\/2\\\/2026\\\/02\\\/8OUWVfDX.jpg\",\"contentUrl\":\"https:\\\/\\\/radioclanfm.com\\\/clanespectaculos\\\/wp-content\\\/uploads\\\/sites\\\/2\\\/2026\\\/02\\\/8OUWVfDX.jpg\",\"width\":900,\"height\":504},{\"@type\":\"BreadcrumbList\",\"@id\":\"https:\\\/\\\/radioclanfm.com\\\/clanespectaculos\\\/asi-viven-diego-y-yanina-latorre-como-es-su-casa-en-pilar-con-jardin-sonado-y-toques-modernos\\\/#breadcrumb\",\"itemListElement\":[{\"@type\":\"ListItem\",\"position\":1,\"name\":\"Inicio\",\"item\":\"https:\\\/\\\/radioclanfm.com\\\/clanespectaculos\\\/\"},{\"@type\":\"ListItem\",\"position\":2,\"name\":\"As\u00ed viven Diego y Yanina Latorre: c\u00f3mo es su casa en Pilar con jard\u00edn so\u00f1ado y toques modernos\"}]},{\"@type\":\"WebSite\",\"@id\":\"https:\\\/\\\/radioclanfm.com\\\/clanespectaculos\\\/#website\",\"url\":\"https:\\\/\\\/radioclanfm.com\\\/clanespectaculos\\\/\",\"name\":\"CLAN ESPECTACULOS\",\"description\":\"\",\"publisher\":{\"@id\":\"https:\\\/\\\/radioclanfm.com\\\/clanespectaculos\\\/#organization\"},\"potentialAction\":[{\"@type\":\"SearchAction\",\"target\":{\"@type\":\"EntryPoint\",\"urlTemplate\":\"https:\\\/\\\/radioclanfm.com\\\/clanespectaculos\\\/?s={search_term_string}\"},\"query-input\":{\"@type\":\"PropertyValueSpecification\",\"valueRequired\":true,\"valueName\":\"search_term_string\"}}],\"inLanguage\":\"es-AR\"},{\"@type\":\"Organization\",\"@id\":\"https:\\\/\\\/radioclanfm.com\\\/clanespectaculos\\\/#organization\",\"name\":\"CLAN ESPECTACULOS\",\"url\":\"https:\\\/\\\/radioclanfm.com\\\/clanespectaculos\\\/\",\"logo\":{\"@type\":\"ImageObject\",\"inLanguage\":\"es-AR\",\"@id\":\"https:\\\/\\\/radioclanfm.com\\\/clanespectaculos\\\/#\\\/schema\\\/logo\\\/image\\\/\",\"url\":\"https:\\\/\\\/radioclanfm.com\\\/clanespectaculos\\\/wp-content\\\/uploads\\\/sites\\\/2\\\/2026\\\/04\\\/ChatGPT-Image-23-mar-2026-10_09_00.png\",\"contentUrl\":\"https:\\\/\\\/radioclanfm.com\\\/clanespectaculos\\\/wp-content\\\/uploads\\\/sites\\\/2\\\/2026\\\/04\\\/ChatGPT-Image-23-mar-2026-10_09_00.png\",\"width\":1024,\"height\":1024,\"caption\":\"CLAN ESPECTACULOS\"},\"image\":{\"@id\":\"https:\\\/\\\/radioclanfm.com\\\/clanespectaculos\\\/#\\\/schema\\\/logo\\\/image\\\/\"},\"sameAs\":[\"https:\\\/\\\/www.facebook.com\\\/clanespectaculos\\\/\",\"https:\\\/\\\/x.com\\\/clanespectok\"]},{\"@type\":\"Person\",\"@id\":\"https:\\\/\\\/radioclanfm.com\\\/clanespectaculos\\\/#\\\/schema\\\/person\\\/9734813083303230f3ad84d99171b20c\",\"name\":\"E-GRUPOCLAN\",\"image\":{\"@type\":\"ImageObject\",\"inLanguage\":\"es-AR\",\"@id\":\"https:\\\/\\\/secure.gravatar.com\\\/avatar\\\/af6e19837c3d6a212034a48c7b3818d2ac1826f6025df0155da5a186ad321d79?s=96&d=mm&r=g\",\"url\":\"https:\\\/\\\/secure.gravatar.com\\\/avatar\\\/af6e19837c3d6a212034a48c7b3818d2ac1826f6025df0155da5a186ad321d79?s=96&d=mm&r=g\",\"contentUrl\":\"https:\\\/\\\/secure.gravatar.com\\\/avatar\\\/af6e19837c3d6a212034a48c7b3818d2ac1826f6025df0155da5a186ad321d79?s=96&d=mm&r=g\",\"caption\":\"E-GRUPOCLAN\"},\"sameAs\":[\"https:\\\/\\\/radioclanfm.com\"],\"url\":\"https:\\\/\\\/radioclanfm.com\\\/clanespectaculos\\\/author\\\/admin\\\/\"}]}<\/script>\n<!-- \/ Yoast SEO plugin. -->","yoast_head_json":{"title":"As\u00ed viven Diego y Yanina Latorre: c\u00f3mo es su casa en Pilar con jard\u00edn so\u00f1ado y toques modernos - CLAN ESPECTACULOS","robots":{"index":"index","follow":"follow","max-snippet":"max-snippet:-1","max-image-preview":"max-image-preview:large","max-video-preview":"max-video-preview:-1"},"canonical":"https:\/\/radioclanfm.com\/clanespectaculos\/asi-viven-diego-y-yanina-latorre-como-es-su-casa-en-pilar-con-jardin-sonado-y-toques-modernos\/","og_locale":"es_ES","og_type":"article","og_title":"As\u00ed viven Diego y Yanina Latorre: c\u00f3mo es su casa en Pilar con jard\u00edn so\u00f1ado y toques modernos - CLAN ESPECTACULOS","og_description":"La panelista abri\u00f3 las puertas de su hogar y mostr\u00f3 el rinc\u00f3n m\u00e1s \u00edntimo. Yanina Latorre\u00a0suele compartir en sus redes sociales c\u00f3mo fue remodelando distintos ambientes de su casa en Pilar. En distintas oportunidades, la panelista mostr\u00f3 fotos y videos de c\u00f3mo qued\u00f3 su hogar\u00a0tras una renovaci\u00f3n total, donde el dise\u00f1o moderno y los detalles [&hellip;]","og_url":"https:\/\/radioclanfm.com\/clanespectaculos\/asi-viven-diego-y-yanina-latorre-como-es-su-casa-en-pilar-con-jardin-sonado-y-toques-modernos\/","og_site_name":"CLAN ESPECTACULOS","article_publisher":"https:\/\/www.facebook.com\/clanespectaculos\/","article_published_time":"2026-02-21T02:53:10+00:00","og_image":[{"width":900,"height":504,"url":"https:\/\/radioclanfm.com\/clanespectaculos\/wp-content\/uploads\/sites\/2\/2026\/02\/8OUWVfDX.jpg","type":"image\/jpeg"}],"author":"E-GRUPOCLAN","twitter_card":"summary_large_image","twitter_creator":"@clanespectok","twitter_site":"@clanespectok","twitter_misc":{"Escrito por":"E-GRUPOCLAN","Tiempo de lectura":"2 minutos"},"schema":{"@context":"https:\/\/schema.org","@graph":[{"@type":"Article","@id":"https:\/\/radioclanfm.com\/clanespectaculos\/asi-viven-diego-y-yanina-latorre-como-es-su-casa-en-pilar-con-jardin-sonado-y-toques-modernos\/#article","isPartOf":{"@id":"https:\/\/radioclanfm.com\/clanespectaculos\/asi-viven-diego-y-yanina-latorre-como-es-su-casa-en-pilar-con-jardin-sonado-y-toques-modernos\/"},"author":{"name":"E-GRUPOCLAN","@id":"https:\/\/radioclanfm.com\/clanespectaculos\/#\/schema\/person\/9734813083303230f3ad84d99171b20c"},"headline":"As\u00ed viven Diego y Yanina Latorre: c\u00f3mo es su casa en Pilar con jard\u00edn so\u00f1ado y toques modernos","datePublished":"2026-02-21T02:53:10+00:00","mainEntityOfPage":{"@id":"https:\/\/radioclanfm.com\/clanespectaculos\/asi-viven-diego-y-yanina-latorre-como-es-su-casa-en-pilar-con-jardin-sonado-y-toques-modernos\/"},"wordCount":507,"commentCount":0,"publisher":{"@id":"https:\/\/radioclanfm.com\/clanespectaculos\/#organization"},"image":{"@id":"https:\/\/radioclanfm.com\/clanespectaculos\/asi-viven-diego-y-yanina-latorre-como-es-su-casa-en-pilar-con-jardin-sonado-y-toques-modernos\/#primaryimage"},"thumbnailUrl":"https:\/\/radioclanfm.com\/clanespectaculos\/wp-content\/uploads\/sites\/2\/2026\/02\/8OUWVfDX.jpg","articleSection":["Espectaculos"],"inLanguage":"es-AR","potentialAction":[{"@type":"CommentAction","name":"Comment","target":["https:\/\/radioclanfm.com\/clanespectaculos\/asi-viven-diego-y-yanina-latorre-como-es-su-casa-en-pilar-con-jardin-sonado-y-toques-modernos\/#respond"]}]},{"@type":"WebPage","@id":"https:\/\/radioclanfm.com\/clanespectaculos\/asi-viven-diego-y-yanina-latorre-como-es-su-casa-en-pilar-con-jardin-sonado-y-toques-modernos\/","url":"https:\/\/radioclanfm.com\/clanespectaculos\/asi-viven-diego-y-yanina-latorre-como-es-su-casa-en-pilar-con-jardin-sonado-y-toques-modernos\/","name":"As\u00ed viven Diego y Yanina Latorre: c\u00f3mo es su casa en Pilar con jard\u00edn so\u00f1ado y toques modernos - CLAN ESPECTACULOS","isPartOf":{"@id":"https:\/\/radioclanfm.com\/clanespectaculos\/#website"},"primaryImageOfPage":{"@id":"https:\/\/radioclanfm.com\/clanespectaculos\/asi-viven-diego-y-yanina-latorre-como-es-su-casa-en-pilar-con-jardin-sonado-y-toques-modernos\/#primaryimage"},"image":{"@id":"https:\/\/radioclanfm.com\/clanespectaculos\/asi-viven-diego-y-yanina-latorre-como-es-su-casa-en-pilar-con-jardin-sonado-y-toques-modernos\/#primaryimage"},"thumbnailUrl":"https:\/\/radioclanfm.com\/clanespectaculos\/wp-content\/uploads\/sites\/2\/2026\/02\/8OUWVfDX.jpg","datePublished":"2026-02-21T02:53:10+00:00","breadcrumb":{"@id":"https:\/\/radioclanfm.com\/clanespectaculos\/asi-viven-diego-y-yanina-latorre-como-es-su-casa-en-pilar-con-jardin-sonado-y-toques-modernos\/#breadcrumb"},"inLanguage":"es-AR","potentialAction":[{"@type":"ReadAction","target":["https:\/\/radioclanfm.com\/clanespectaculos\/asi-viven-diego-y-yanina-latorre-como-es-su-casa-en-pilar-con-jardin-sonado-y-toques-modernos\/"]}]},{"@type":"ImageObject","inLanguage":"es-AR","@id":"https:\/\/radioclanfm.com\/clanespectaculos\/asi-viven-diego-y-yanina-latorre-como-es-su-casa-en-pilar-con-jardin-sonado-y-toques-modernos\/#primaryimage","url":"https:\/\/radioclanfm.com\/clanespectaculos\/wp-content\/uploads\/sites\/2\/2026\/02\/8OUWVfDX.jpg","contentUrl":"https:\/\/radioclanfm.com\/clanespectaculos\/wp-content\/uploads\/sites\/2\/2026\/02\/8OUWVfDX.jpg","width":900,"height":504},{"@type":"BreadcrumbList","@id":"https:\/\/radioclanfm.com\/clanespectaculos\/asi-viven-diego-y-yanina-latorre-como-es-su-casa-en-pilar-con-jardin-sonado-y-toques-modernos\/#breadcrumb","itemListElement":[{"@type":"ListItem","position":1,"name":"Inicio","item":"https:\/\/radioclanfm.com\/clanespectaculos\/"},{"@type":"ListItem","position":2,"name":"As\u00ed viven Diego y Yanina Latorre: c\u00f3mo es su casa en Pilar con jard\u00edn so\u00f1ado y toques modernos"}]},{"@type":"WebSite","@id":"https:\/\/radioclanfm.com\/clanespectaculos\/#website","url":"https:\/\/radioclanfm.com\/clanespectaculos\/","name":"CLAN ESPECTACULOS","description":"","publisher":{"@id":"https:\/\/radioclanfm.com\/clanespectaculos\/#organization"},"potentialAction":[{"@type":"SearchAction","target":{"@type":"EntryPoint","urlTemplate":"https:\/\/radioclanfm.com\/clanespectaculos\/?s={search_term_string}"},"query-input":{"@type":"PropertyValueSpecification","valueRequired":true,"valueName":"search_term_string"}}],"inLanguage":"es-AR"},{"@type":"Organization","@id":"https:\/\/radioclanfm.com\/clanespectaculos\/#organization","name":"CLAN ESPECTACULOS","url":"https:\/\/radioclanfm.com\/clanespectaculos\/","logo":{"@type":"ImageObject","inLanguage":"es-AR","@id":"https:\/\/radioclanfm.com\/clanespectaculos\/#\/schema\/logo\/image\/","url":"https:\/\/radioclanfm.com\/clanespectaculos\/wp-content\/uploads\/sites\/2\/2026\/04\/ChatGPT-Image-23-mar-2026-10_09_00.png","contentUrl":"https:\/\/radioclanfm.com\/clanespectaculos\/wp-content\/uploads\/sites\/2\/2026\/04\/ChatGPT-Image-23-mar-2026-10_09_00.png","width":1024,"height":1024,"caption":"CLAN ESPECTACULOS"},"image":{"@id":"https:\/\/radioclanfm.com\/clanespectaculos\/#\/schema\/logo\/image\/"},"sameAs":["https:\/\/www.facebook.com\/clanespectaculos\/","https:\/\/x.com\/clanespectok"]},{"@type":"Person","@id":"https:\/\/radioclanfm.com\/clanespectaculos\/#\/schema\/person\/9734813083303230f3ad84d99171b20c","name":"E-GRUPOCLAN","image":{"@type":"ImageObject","inLanguage":"es-AR","@id":"https:\/\/secure.gravatar.com\/avatar\/af6e19837c3d6a212034a48c7b3818d2ac1826f6025df0155da5a186ad321d79?s=96&d=mm&r=g","url":"https:\/\/secure.gravatar.com\/avatar\/af6e19837c3d6a212034a48c7b3818d2ac1826f6025df0155da5a186ad321d79?s=96&d=mm&r=g","contentUrl":"https:\/\/secure.gravatar.com\/avatar\/af6e19837c3d6a212034a48c7b3818d2ac1826f6025df0155da5a186ad321d79?s=96&d=mm&r=g","caption":"E-GRUPOCLAN"},"sameAs":["https:\/\/radioclanfm.com"],"url":"https:\/\/radioclanfm.com\/clanespectaculos\/author\/admin\/"}]}},"_links":{"self":[{"href":"https:\/\/radioclanfm.com\/clanespectaculos\/wp-json\/wp\/v2\/posts\/12609","targetHints":{"allow":["GET"]}}],"collection":[{"href":"https:\/\/radioclanfm.com\/clanespectaculos\/wp-json\/wp\/v2\/posts"}],"about":[{"href":"https:\/\/radioclanfm.com\/clanespectaculos\/wp-json\/wp\/v2\/types\/post"}],"author":[{"embeddable":true,"href":"https:\/\/radioclanfm.com\/clanespectaculos\/wp-json\/wp\/v2\/users\/1"}],"replies":[{"embeddable":true,"href":"https:\/\/radioclanfm.com\/clanespectaculos\/wp-json\/wp\/v2\/comments?post=12609"}],"version-history":[{"count":1,"href":"https:\/\/radioclanfm.com\/clanespectaculos\/wp-json\/wp\/v2\/posts\/12609\/revisions"}],"predecessor-version":[{"id":12613,"href":"https:\/\/radioclanfm.com\/clanespectaculos\/wp-json\/wp\/v2\/posts\/12609\/revisions\/12613"}],"wp:featuredmedia":[{"embeddable":true,"href":"https:\/\/radioclanfm.com\/clanespectaculos\/wp-json\/wp\/v2\/media\/12612"}],"wp:attachment":[{"href":"https:\/\/radioclanfm.com\/clanespectaculos\/wp-json\/wp\/v2\/media?parent=12609"}],"wp:term":[{"taxonomy":"category","embeddable":true,"href":"https:\/\/radioclanfm.com\/clanespectaculos\/wp-json\/wp\/v2\/categories?post=12609"},{"taxonomy":"post_tag","embeddable":true,"href":"https:\/\/radioclanfm.com\/clanespectaculos\/wp-json\/wp\/v2\/tags?post=12609"}],"curies":[{"name":"wp","href":"https:\/\/api.w.org\/{rel}","templated":true}]}}