{"id":12604,"date":"2026-02-20T23:51:43","date_gmt":"2026-02-21T02:51:43","guid":{"rendered":"https:\/\/radioclanfm.com\/clanespectaculos\/?p=12604"},"modified":"2026-02-20T23:51:43","modified_gmt":"2026-02-21T02:51:43","slug":"cande-tinelli-conto-que-sufre-fobia-social-desde-su-infancia-realmente-lo-padeci","status":"publish","type":"post","link":"https:\/\/radioclanfm.com\/clanespectaculos\/cande-tinelli-conto-que-sufre-fobia-social-desde-su-infancia-realmente-lo-padeci\/","title":{"rendered":"Cande Tinelli cont\u00f3 que sufre fobia social desde su infancia: \u201cRealmente lo padec\u00ed\u201d"},"content":{"rendered":"<p>A ra\u00edz de una situaci\u00f3n inc\u00f3moda que vivi\u00f3 en la calle, la influencer cont\u00f3 c\u00f3mo atraviesa esta condici\u00f3n.<\/p>\n<div class=\"col-content\"><main class=\"col-content\"><\/p>\n<div class=\"default-article-color article__body article__article\">\n<p class=\"paragraph font__body-regular\"><b>Candelaria Tinelli<\/b>\u00a0cont\u00f3 en sus redes sociales que en las \u00faltimas horas sufri\u00f3 una situaci\u00f3n muy inc\u00f3moda en la calle. A ra\u00edz de eso, revel\u00f3 que\u00a0<b>sufre un trastorno desde su infancia.<\/b><\/p>\n<div class=\"AV6543bedcd858799fe90b5c47\">\n<div id=\"aniBox\">\n<div id=\"aniplayer_AV6543bedcd858799fe90b5c47-1771642264246\">\n<div id=\"aniplayer_AV6543bedcd858799fe90b5c47-1771642264246gui\">\n<div id=\"av-caption\">\n<div id=\"av-close-btn-overlay\" class=\"av-pos-top-left\"><\/div>\n<\/div>\n<\/div>\n<\/div>\n<\/div>\n<\/div>\n<div id=\"ad-slot-infeed\" class=\"infeed-container ad-slot-infeed ad-slot\" data-adtype=\"infeed\" data-lazyload=\"1\" data-google-query-id=\"COi1ytrJ6ZIDFf5K3QIdmZ4gFg\">\n<div id=\"google_ads_iframe_\/113951150\/tn-arc\/nota\/infeed_0__container__\"><\/div>\n<\/div>\n<p class=\"paragraph font__body-regular\">La hija de Marcelo Tinelli explic\u00f3 que\u00a0<b>le tomaron una foto sin su consentimiento<\/b>\u00a0y public\u00f3 un descargo en sus historias de Instagram.<\/p>\n<p class=\"paragraph font__body-regular\"><b>\u201c\u00bfLa gente piensa que no me doy cuenta cuando sacan una foto?\u00a0<\/b>Si hay algo que no soy es bolu&#8230;, no se me escapa ni media. Est\u00e1 todo bien pero,\u00a0<b>\u00bfno es m\u00e1s f\u00e1cil y educado acercarse y pedir?<\/b>\u201c, se pregunt\u00f3 al comienzo del texto.<\/p>\n<figure class=\"\" data-testid=\"figure-testid\">\n<div class=\"aspect_ratio__container\"><picture class=\"responsive-image\"><source srcset=\"https:\/\/tn.com.ar\/resizer\/v2\/candelaria-tinelli-conto-que-tiene-fobia-social-foto-captura-instagramcandelariatinelli-7FEEIZKLAJCMLCQY25GCGK6CKM.PNG?auth=6642f660bf2308cac0b54458a49689b7601727f7632767f562b82156243289fd&amp;width=767\" type=\"image\/jpg\" media=\"(max-width: 728px)\" \/><source srcset=\"https:\/\/tn.com.ar\/resizer\/v2\/candelaria-tinelli-conto-que-tiene-fobia-social-foto-captura-instagramcandelariatinelli-7FEEIZKLAJCMLCQY25GCGK6CKM.PNG?auth=6642f660bf2308cac0b54458a49689b7601727f7632767f562b82156243289fd&amp;width=1023\" type=\"image\/jpg\" media=\"(max-width: 1023px)\" \/><source srcset=\"https:\/\/tn.com.ar\/resizer\/v2\/candelaria-tinelli-conto-que-tiene-fobia-social-foto-captura-instagramcandelariatinelli-7FEEIZKLAJCMLCQY25GCGK6CKM.PNG?auth=6642f660bf2308cac0b54458a49689b7601727f7632767f562b82156243289fd&amp;width=1440\" type=\"image\/jpg\" \/><img loading=\"lazy\" decoding=\"async\" class=\"image content-image image_placeholder\" src=\"https:\/\/tn.com.ar\/resizer\/v2\/candelaria-tinelli-conto-que-tiene-fobia-social-foto-captura-instagramcandelariatinelli-7FEEIZKLAJCMLCQY25GCGK6CKM.PNG?auth=6642f660bf2308cac0b54458a49689b7601727f7632767f562b82156243289fd&amp;width=767\" alt=\"Candelaria Tinelli cont\u00f3 que tiene fobia social (Foto: captura Instagram\/candelariatinelli)\" width=\"767\" height=\"1365\" data-testid=\"loading-testid\" \/><\/picture><\/div><figcaption class=\"caption_image\" data-testid=\"figcaption-testid\">\n<div class=\"image_caption \">Candelaria Tinelli cont\u00f3 que tiene fobia social (Foto: captura Instagram\/candelariatinelli)<\/div>\n<\/figcaption><\/figure>\n<p class=\"paragraph font__body-regular\">Luego, se lament\u00f3: \u201cY esto no lo subo de agrandada, es justamente lo contrario porque\u00a0<b>quiero hacer vida normal y me saca no poder ir a lugares p\u00fablicos\u00a0<\/b>sin que alguien rompa las bolas&#8221;.<\/p>\n<p class=\"paragraph font__body-regular\">Respecto a ser reconocida por la fama de su pap\u00e1, dijo: &#8220;<b>Yo NO eleg\u00ed ser conocida<\/b>. Quiz\u00e1 ese es mi mayor tema, quiz\u00e1 deber\u00eda chuparme un huevo tambi\u00e9n, pero no puedo&#8221;.<\/p>\n<p class=\"paragraph font__body-regular\">En ese contexto, cont\u00f3 el trastorno que padece: &#8220;<b>Tengo fobia social desde chica y hubo \u00e9pocas en que realmente lo padec\u00ed y no pod\u00eda ni salir a la calle del miedo y p\u00e1nico que sent\u00eda<\/b>\u201c.<\/p>\n<p class=\"paragraph font__body-regular\">Sobre la situaci\u00f3n que vivi\u00f3, aclar\u00f3: &#8220;<b>Quiz\u00e1 no es con mala leche, pero posta no est\u00e1 bueno<\/b>. Encima lo mandan para \u2018escrachar\u2019 a alguien que est\u00e1 haciendo su vida en paz y sin molestar a nadie. Es horrible de verdad&#8221;.<\/p>\n<h2 class=\"font--primary font__display\">La foto de Candelaria Tinelli que confirmar\u00eda su noviazgo con un famoso jinete<\/h2>\n<p class=\"paragraph font__body-regular\"><b>Candelaria Tinelli\u00a0<\/b>llam\u00f3 la atenci\u00f3n en sus redes sociales d\u00edas atr\u00e1s con una foto que public\u00f3 en medio de los rumores de\u00a0<b>romance\u00a0<\/b>que la vinculan a un<b>\u00a0famoso jinete.<\/b><\/p>\n<p class=\"paragraph font__body-regular\">La hija de Marcelo Tinelli subi\u00f3 a sus historias de Instagram una postal que hab\u00eda compartido<b>\u00a0Franco Trabucco<\/b>, el hombre con el que estar\u00eda de novia.<\/p>\n<figure class=\"\" data-testid=\"figure-testid\">\n<div class=\"aspect_ratio__container\"><picture class=\"responsive-image\"><source srcset=\"https:\/\/tn.com.ar\/resizer\/v2\/la-postal-de-candelaria-tinelli-que-confirmaria-su-noviazgo-con-franco-trabucco-foto-captura-instagramcandelariatinelli-L25LHTZW7VDKBOKKX26SBDENXE.jpeg?auth=336f453b70e8ec714d2d25152faa80465bcfa80a37a5a8aea078b93a9ed472ae&amp;width=767\" type=\"image\/jpg\" media=\"(max-width: 728px)\" \/><source srcset=\"https:\/\/tn.com.ar\/resizer\/v2\/la-postal-de-candelaria-tinelli-que-confirmaria-su-noviazgo-con-franco-trabucco-foto-captura-instagramcandelariatinelli-L25LHTZW7VDKBOKKX26SBDENXE.jpeg?auth=336f453b70e8ec714d2d25152faa80465bcfa80a37a5a8aea078b93a9ed472ae&amp;width=1023\" type=\"image\/jpg\" media=\"(max-width: 1023px)\" \/><source srcset=\"https:\/\/tn.com.ar\/resizer\/v2\/la-postal-de-candelaria-tinelli-que-confirmaria-su-noviazgo-con-franco-trabucco-foto-captura-instagramcandelariatinelli-L25LHTZW7VDKBOKKX26SBDENXE.jpeg?auth=336f453b70e8ec714d2d25152faa80465bcfa80a37a5a8aea078b93a9ed472ae&amp;width=1440\" type=\"image\/jpg\" \/><img loading=\"lazy\" decoding=\"async\" class=\"image content-image image_placeholder\" src=\"https:\/\/tn.com.ar\/resizer\/v2\/la-postal-de-candelaria-tinelli-que-confirmaria-su-noviazgo-con-franco-trabucco-foto-captura-instagramcandelariatinelli-L25LHTZW7VDKBOKKX26SBDENXE.jpeg?auth=336f453b70e8ec714d2d25152faa80465bcfa80a37a5a8aea078b93a9ed472ae&amp;width=767\" alt=\"La postal de Candelaria Tinelli que confirmar\u00eda su noviazgo con Franco Trabucco. (Foto: captura Instagram\/candelariatinelli)\" width=\"767\" height=\"1305\" data-testid=\"loading-testid\" \/><\/picture><\/div><figcaption class=\"caption_image\" data-testid=\"figcaption-testid\">\n<div class=\"image_caption \">La postal de Candelaria Tinelli que confirmar\u00eda su noviazgo con Franco Trabucco. (Foto: captura Instagram\/candelariatinelli)<\/div>\n<\/figcaption><\/figure>\n<p class=\"paragraph font__body-regular\">En la foto se la puede ver a Candelaria de espaldas mientras tomaba sol sentada en el borde de la pileta. A esta postal \u00edntima, Franco le sum\u00f3 dos emojis de manos con la forma de\u00a0<b>coraz\u00f3n<\/b>.<\/p>\n<p class=\"paragraph font__body-regular\">Por su parte, la cantante no dud\u00f3 en publicar esa foto en su perfil oficial de Instagram y sumarle<b>\u00a0un detalle<\/b>: un coraz\u00f3n rojo.<\/p>\n<p class=\"paragraph font__body-regular\">Este ida y vuelta fue interpretado por los usuarios como una clara\u00a0<b>confirmaci\u00f3n del noviazgo<\/b>\u00a0de Candelaria con Franco.<\/p>\n<\/div>\n<p><\/main><\/div>\n<aside class=\"col-right-rail right-rail\">\n<div id=\"parent-ad-slot-caja\" class=\"ad-container caja_ad \">\n<div class=\"ad-content\"><\/div>\n<\/div>\n<\/aside>\n","protected":false},"excerpt":{"rendered":"<p>A ra\u00edz de una situaci\u00f3n inc\u00f3moda que vivi\u00f3 en la calle, la influencer cont\u00f3 c\u00f3mo atraviesa esta condici\u00f3n. Candelaria Tinelli\u00a0cont\u00f3 en sus redes sociales que en las \u00faltimas horas sufri\u00f3 una situaci\u00f3n muy inc\u00f3moda en la calle. A ra\u00edz de eso, revel\u00f3 que\u00a0sufre un trastorno desde su infancia. La hija de Marcelo Tinelli explic\u00f3 que\u00a0le [&hellip;]<\/p>\n","protected":false},"author":1,"featured_media":12607,"comment_status":"open","ping_status":"open","sticky":false,"template":"","format":"standard","meta":{"rop_custom_images_group":[],"rop_custom_messages_group":[],"rop_publish_now":"initial","rop_publish_now_accounts":[],"rop_publish_now_history":[],"rop_publish_now_status":"pending","footnotes":"","jetpack_publicize_message":"","jetpack_publicize_feature_enabled":true,"jetpack_social_post_already_shared":true,"jetpack_social_options":{"image_generator_settings":{"template":"highway","enabled":false},"version":2}},"categories":[12],"tags":[],"class_list":{"0":"post-12604","1":"post","2":"type-post","3":"status-publish","4":"format-standard","5":"has-post-thumbnail","7":"category-espectaculos"},"jetpack_publicize_connections":[],"yoast_head":"<!-- This site is optimized with the Yoast SEO plugin v27.3 - https:\/\/yoast.com\/product\/yoast-seo-wordpress\/ -->\n<title>Cande Tinelli cont\u00f3 que sufre fobia social desde su infancia: \u201cRealmente lo padec\u00ed\u201d - CLAN ESPECTACULOS<\/title>\n<meta name=\"robots\" content=\"index, follow, max-snippet:-1, max-image-preview:large, max-video-preview:-1\" \/>\n<link rel=\"canonical\" href=\"https:\/\/radioclanfm.com\/clanespectaculos\/cande-tinelli-conto-que-sufre-fobia-social-desde-su-infancia-realmente-lo-padeci\/\" \/>\n<meta property=\"og:locale\" content=\"es_ES\" \/>\n<meta property=\"og:type\" content=\"article\" \/>\n<meta property=\"og:title\" content=\"Cande Tinelli cont\u00f3 que sufre fobia social desde su infancia: \u201cRealmente lo padec\u00ed\u201d - CLAN ESPECTACULOS\" \/>\n<meta property=\"og:description\" content=\"A ra\u00edz de una situaci\u00f3n inc\u00f3moda que vivi\u00f3 en la calle, la influencer cont\u00f3 c\u00f3mo atraviesa esta condici\u00f3n. Candelaria Tinelli\u00a0cont\u00f3 en sus redes sociales que en las \u00faltimas horas sufri\u00f3 una situaci\u00f3n muy inc\u00f3moda en la calle. A ra\u00edz de eso, revel\u00f3 que\u00a0sufre un trastorno desde su infancia. La hija de Marcelo Tinelli explic\u00f3 que\u00a0le [&hellip;]\" \/>\n<meta property=\"og:url\" content=\"https:\/\/radioclanfm.com\/clanespectaculos\/cande-tinelli-conto-que-sufre-fobia-social-desde-su-infancia-realmente-lo-padeci\/\" \/>\n<meta property=\"og:site_name\" content=\"CLAN ESPECTACULOS\" \/>\n<meta property=\"article:publisher\" content=\"https:\/\/www.facebook.com\/clanespectaculos\/\" \/>\n<meta property=\"article:published_time\" content=\"2026-02-21T02:51:43+00:00\" \/>\n<meta property=\"og:image\" content=\"https:\/\/radioclanfm.com\/clanespectaculos\/wp-content\/uploads\/sites\/2\/2026\/02\/GKqBU8SE.jpg\" \/>\n\t<meta property=\"og:image:width\" content=\"900\" \/>\n\t<meta property=\"og:image:height\" content=\"504\" \/>\n\t<meta property=\"og:image:type\" content=\"image\/jpeg\" \/>\n<meta name=\"author\" content=\"E-GRUPOCLAN\" \/>\n<meta name=\"twitter:card\" content=\"summary_large_image\" \/>\n<meta name=\"twitter:creator\" content=\"@clanespectok\" \/>\n<meta name=\"twitter:site\" content=\"@clanespectok\" \/>\n<meta name=\"twitter:label1\" content=\"Escrito por\" \/>\n\t<meta name=\"twitter:data1\" content=\"E-GRUPOCLAN\" \/>\n\t<meta name=\"twitter:label2\" content=\"Tiempo de lectura\" \/>\n\t<meta name=\"twitter:data2\" content=\"2 minutos\" \/>\n<script type=\"application\/ld+json\" class=\"yoast-schema-graph\">{\"@context\":\"https:\\\/\\\/schema.org\",\"@graph\":[{\"@type\":\"Article\",\"@id\":\"https:\\\/\\\/radioclanfm.com\\\/clanespectaculos\\\/cande-tinelli-conto-que-sufre-fobia-social-desde-su-infancia-realmente-lo-padeci\\\/#article\",\"isPartOf\":{\"@id\":\"https:\\\/\\\/radioclanfm.com\\\/clanespectaculos\\\/cande-tinelli-conto-que-sufre-fobia-social-desde-su-infancia-realmente-lo-padeci\\\/\"},\"author\":{\"name\":\"E-GRUPOCLAN\",\"@id\":\"https:\\\/\\\/radioclanfm.com\\\/clanespectaculos\\\/#\\\/schema\\\/person\\\/9734813083303230f3ad84d99171b20c\"},\"headline\":\"Cande Tinelli cont\u00f3 que sufre fobia social desde su infancia: \u201cRealmente lo padec\u00ed\u201d\",\"datePublished\":\"2026-02-21T02:51:43+00:00\",\"mainEntityOfPage\":{\"@id\":\"https:\\\/\\\/radioclanfm.com\\\/clanespectaculos\\\/cande-tinelli-conto-que-sufre-fobia-social-desde-su-infancia-realmente-lo-padeci\\\/\"},\"wordCount\":474,\"commentCount\":0,\"publisher\":{\"@id\":\"https:\\\/\\\/radioclanfm.com\\\/clanespectaculos\\\/#organization\"},\"image\":{\"@id\":\"https:\\\/\\\/radioclanfm.com\\\/clanespectaculos\\\/cande-tinelli-conto-que-sufre-fobia-social-desde-su-infancia-realmente-lo-padeci\\\/#primaryimage\"},\"thumbnailUrl\":\"https:\\\/\\\/radioclanfm.com\\\/clanespectaculos\\\/wp-content\\\/uploads\\\/sites\\\/2\\\/2026\\\/02\\\/GKqBU8SE.jpg\",\"articleSection\":[\"Espectaculos\"],\"inLanguage\":\"es-AR\",\"potentialAction\":[{\"@type\":\"CommentAction\",\"name\":\"Comment\",\"target\":[\"https:\\\/\\\/radioclanfm.com\\\/clanespectaculos\\\/cande-tinelli-conto-que-sufre-fobia-social-desde-su-infancia-realmente-lo-padeci\\\/#respond\"]}]},{\"@type\":\"WebPage\",\"@id\":\"https:\\\/\\\/radioclanfm.com\\\/clanespectaculos\\\/cande-tinelli-conto-que-sufre-fobia-social-desde-su-infancia-realmente-lo-padeci\\\/\",\"url\":\"https:\\\/\\\/radioclanfm.com\\\/clanespectaculos\\\/cande-tinelli-conto-que-sufre-fobia-social-desde-su-infancia-realmente-lo-padeci\\\/\",\"name\":\"Cande Tinelli cont\u00f3 que sufre fobia social desde su infancia: \u201cRealmente lo padec\u00ed\u201d - CLAN ESPECTACULOS\",\"isPartOf\":{\"@id\":\"https:\\\/\\\/radioclanfm.com\\\/clanespectaculos\\\/#website\"},\"primaryImageOfPage\":{\"@id\":\"https:\\\/\\\/radioclanfm.com\\\/clanespectaculos\\\/cande-tinelli-conto-que-sufre-fobia-social-desde-su-infancia-realmente-lo-padeci\\\/#primaryimage\"},\"image\":{\"@id\":\"https:\\\/\\\/radioclanfm.com\\\/clanespectaculos\\\/cande-tinelli-conto-que-sufre-fobia-social-desde-su-infancia-realmente-lo-padeci\\\/#primaryimage\"},\"thumbnailUrl\":\"https:\\\/\\\/radioclanfm.com\\\/clanespectaculos\\\/wp-content\\\/uploads\\\/sites\\\/2\\\/2026\\\/02\\\/GKqBU8SE.jpg\",\"datePublished\":\"2026-02-21T02:51:43+00:00\",\"breadcrumb\":{\"@id\":\"https:\\\/\\\/radioclanfm.com\\\/clanespectaculos\\\/cande-tinelli-conto-que-sufre-fobia-social-desde-su-infancia-realmente-lo-padeci\\\/#breadcrumb\"},\"inLanguage\":\"es-AR\",\"potentialAction\":[{\"@type\":\"ReadAction\",\"target\":[\"https:\\\/\\\/radioclanfm.com\\\/clanespectaculos\\\/cande-tinelli-conto-que-sufre-fobia-social-desde-su-infancia-realmente-lo-padeci\\\/\"]}]},{\"@type\":\"ImageObject\",\"inLanguage\":\"es-AR\",\"@id\":\"https:\\\/\\\/radioclanfm.com\\\/clanespectaculos\\\/cande-tinelli-conto-que-sufre-fobia-social-desde-su-infancia-realmente-lo-padeci\\\/#primaryimage\",\"url\":\"https:\\\/\\\/radioclanfm.com\\\/clanespectaculos\\\/wp-content\\\/uploads\\\/sites\\\/2\\\/2026\\\/02\\\/GKqBU8SE.jpg\",\"contentUrl\":\"https:\\\/\\\/radioclanfm.com\\\/clanespectaculos\\\/wp-content\\\/uploads\\\/sites\\\/2\\\/2026\\\/02\\\/GKqBU8SE.jpg\",\"width\":900,\"height\":504},{\"@type\":\"BreadcrumbList\",\"@id\":\"https:\\\/\\\/radioclanfm.com\\\/clanespectaculos\\\/cande-tinelli-conto-que-sufre-fobia-social-desde-su-infancia-realmente-lo-padeci\\\/#breadcrumb\",\"itemListElement\":[{\"@type\":\"ListItem\",\"position\":1,\"name\":\"Inicio\",\"item\":\"https:\\\/\\\/radioclanfm.com\\\/clanespectaculos\\\/\"},{\"@type\":\"ListItem\",\"position\":2,\"name\":\"Cande Tinelli cont\u00f3 que sufre fobia social desde su infancia: \u201cRealmente lo padec\u00ed\u201d\"}]},{\"@type\":\"WebSite\",\"@id\":\"https:\\\/\\\/radioclanfm.com\\\/clanespectaculos\\\/#website\",\"url\":\"https:\\\/\\\/radioclanfm.com\\\/clanespectaculos\\\/\",\"name\":\"CLAN ESPECTACULOS\",\"description\":\"\",\"publisher\":{\"@id\":\"https:\\\/\\\/radioclanfm.com\\\/clanespectaculos\\\/#organization\"},\"potentialAction\":[{\"@type\":\"SearchAction\",\"target\":{\"@type\":\"EntryPoint\",\"urlTemplate\":\"https:\\\/\\\/radioclanfm.com\\\/clanespectaculos\\\/?s={search_term_string}\"},\"query-input\":{\"@type\":\"PropertyValueSpecification\",\"valueRequired\":true,\"valueName\":\"search_term_string\"}}],\"inLanguage\":\"es-AR\"},{\"@type\":\"Organization\",\"@id\":\"https:\\\/\\\/radioclanfm.com\\\/clanespectaculos\\\/#organization\",\"name\":\"CLAN ESPECTACULOS\",\"url\":\"https:\\\/\\\/radioclanfm.com\\\/clanespectaculos\\\/\",\"logo\":{\"@type\":\"ImageObject\",\"inLanguage\":\"es-AR\",\"@id\":\"https:\\\/\\\/radioclanfm.com\\\/clanespectaculos\\\/#\\\/schema\\\/logo\\\/image\\\/\",\"url\":\"https:\\\/\\\/radioclanfm.com\\\/clanespectaculos\\\/wp-content\\\/uploads\\\/sites\\\/2\\\/2026\\\/04\\\/ChatGPT-Image-23-mar-2026-10_09_00.png\",\"contentUrl\":\"https:\\\/\\\/radioclanfm.com\\\/clanespectaculos\\\/wp-content\\\/uploads\\\/sites\\\/2\\\/2026\\\/04\\\/ChatGPT-Image-23-mar-2026-10_09_00.png\",\"width\":1024,\"height\":1024,\"caption\":\"CLAN ESPECTACULOS\"},\"image\":{\"@id\":\"https:\\\/\\\/radioclanfm.com\\\/clanespectaculos\\\/#\\\/schema\\\/logo\\\/image\\\/\"},\"sameAs\":[\"https:\\\/\\\/www.facebook.com\\\/clanespectaculos\\\/\",\"https:\\\/\\\/x.com\\\/clanespectok\"]},{\"@type\":\"Person\",\"@id\":\"https:\\\/\\\/radioclanfm.com\\\/clanespectaculos\\\/#\\\/schema\\\/person\\\/9734813083303230f3ad84d99171b20c\",\"name\":\"E-GRUPOCLAN\",\"image\":{\"@type\":\"ImageObject\",\"inLanguage\":\"es-AR\",\"@id\":\"https:\\\/\\\/secure.gravatar.com\\\/avatar\\\/af6e19837c3d6a212034a48c7b3818d2ac1826f6025df0155da5a186ad321d79?s=96&d=mm&r=g\",\"url\":\"https:\\\/\\\/secure.gravatar.com\\\/avatar\\\/af6e19837c3d6a212034a48c7b3818d2ac1826f6025df0155da5a186ad321d79?s=96&d=mm&r=g\",\"contentUrl\":\"https:\\\/\\\/secure.gravatar.com\\\/avatar\\\/af6e19837c3d6a212034a48c7b3818d2ac1826f6025df0155da5a186ad321d79?s=96&d=mm&r=g\",\"caption\":\"E-GRUPOCLAN\"},\"sameAs\":[\"https:\\\/\\\/radioclanfm.com\"],\"url\":\"https:\\\/\\\/radioclanfm.com\\\/clanespectaculos\\\/author\\\/admin\\\/\"}]}<\/script>\n<!-- \/ Yoast SEO plugin. -->","yoast_head_json":{"title":"Cande Tinelli cont\u00f3 que sufre fobia social desde su infancia: \u201cRealmente lo padec\u00ed\u201d - CLAN ESPECTACULOS","robots":{"index":"index","follow":"follow","max-snippet":"max-snippet:-1","max-image-preview":"max-image-preview:large","max-video-preview":"max-video-preview:-1"},"canonical":"https:\/\/radioclanfm.com\/clanespectaculos\/cande-tinelli-conto-que-sufre-fobia-social-desde-su-infancia-realmente-lo-padeci\/","og_locale":"es_ES","og_type":"article","og_title":"Cande Tinelli cont\u00f3 que sufre fobia social desde su infancia: \u201cRealmente lo padec\u00ed\u201d - CLAN ESPECTACULOS","og_description":"A ra\u00edz de una situaci\u00f3n inc\u00f3moda que vivi\u00f3 en la calle, la influencer cont\u00f3 c\u00f3mo atraviesa esta condici\u00f3n. Candelaria Tinelli\u00a0cont\u00f3 en sus redes sociales que en las \u00faltimas horas sufri\u00f3 una situaci\u00f3n muy inc\u00f3moda en la calle. A ra\u00edz de eso, revel\u00f3 que\u00a0sufre un trastorno desde su infancia. La hija de Marcelo Tinelli explic\u00f3 que\u00a0le [&hellip;]","og_url":"https:\/\/radioclanfm.com\/clanespectaculos\/cande-tinelli-conto-que-sufre-fobia-social-desde-su-infancia-realmente-lo-padeci\/","og_site_name":"CLAN ESPECTACULOS","article_publisher":"https:\/\/www.facebook.com\/clanespectaculos\/","article_published_time":"2026-02-21T02:51:43+00:00","og_image":[{"width":900,"height":504,"url":"https:\/\/radioclanfm.com\/clanespectaculos\/wp-content\/uploads\/sites\/2\/2026\/02\/GKqBU8SE.jpg","type":"image\/jpeg"}],"author":"E-GRUPOCLAN","twitter_card":"summary_large_image","twitter_creator":"@clanespectok","twitter_site":"@clanespectok","twitter_misc":{"Escrito por":"E-GRUPOCLAN","Tiempo de lectura":"2 minutos"},"schema":{"@context":"https:\/\/schema.org","@graph":[{"@type":"Article","@id":"https:\/\/radioclanfm.com\/clanespectaculos\/cande-tinelli-conto-que-sufre-fobia-social-desde-su-infancia-realmente-lo-padeci\/#article","isPartOf":{"@id":"https:\/\/radioclanfm.com\/clanespectaculos\/cande-tinelli-conto-que-sufre-fobia-social-desde-su-infancia-realmente-lo-padeci\/"},"author":{"name":"E-GRUPOCLAN","@id":"https:\/\/radioclanfm.com\/clanespectaculos\/#\/schema\/person\/9734813083303230f3ad84d99171b20c"},"headline":"Cande Tinelli cont\u00f3 que sufre fobia social desde su infancia: \u201cRealmente lo padec\u00ed\u201d","datePublished":"2026-02-21T02:51:43+00:00","mainEntityOfPage":{"@id":"https:\/\/radioclanfm.com\/clanespectaculos\/cande-tinelli-conto-que-sufre-fobia-social-desde-su-infancia-realmente-lo-padeci\/"},"wordCount":474,"commentCount":0,"publisher":{"@id":"https:\/\/radioclanfm.com\/clanespectaculos\/#organization"},"image":{"@id":"https:\/\/radioclanfm.com\/clanespectaculos\/cande-tinelli-conto-que-sufre-fobia-social-desde-su-infancia-realmente-lo-padeci\/#primaryimage"},"thumbnailUrl":"https:\/\/radioclanfm.com\/clanespectaculos\/wp-content\/uploads\/sites\/2\/2026\/02\/GKqBU8SE.jpg","articleSection":["Espectaculos"],"inLanguage":"es-AR","potentialAction":[{"@type":"CommentAction","name":"Comment","target":["https:\/\/radioclanfm.com\/clanespectaculos\/cande-tinelli-conto-que-sufre-fobia-social-desde-su-infancia-realmente-lo-padeci\/#respond"]}]},{"@type":"WebPage","@id":"https:\/\/radioclanfm.com\/clanespectaculos\/cande-tinelli-conto-que-sufre-fobia-social-desde-su-infancia-realmente-lo-padeci\/","url":"https:\/\/radioclanfm.com\/clanespectaculos\/cande-tinelli-conto-que-sufre-fobia-social-desde-su-infancia-realmente-lo-padeci\/","name":"Cande Tinelli cont\u00f3 que sufre fobia social desde su infancia: \u201cRealmente lo padec\u00ed\u201d - CLAN ESPECTACULOS","isPartOf":{"@id":"https:\/\/radioclanfm.com\/clanespectaculos\/#website"},"primaryImageOfPage":{"@id":"https:\/\/radioclanfm.com\/clanespectaculos\/cande-tinelli-conto-que-sufre-fobia-social-desde-su-infancia-realmente-lo-padeci\/#primaryimage"},"image":{"@id":"https:\/\/radioclanfm.com\/clanespectaculos\/cande-tinelli-conto-que-sufre-fobia-social-desde-su-infancia-realmente-lo-padeci\/#primaryimage"},"thumbnailUrl":"https:\/\/radioclanfm.com\/clanespectaculos\/wp-content\/uploads\/sites\/2\/2026\/02\/GKqBU8SE.jpg","datePublished":"2026-02-21T02:51:43+00:00","breadcrumb":{"@id":"https:\/\/radioclanfm.com\/clanespectaculos\/cande-tinelli-conto-que-sufre-fobia-social-desde-su-infancia-realmente-lo-padeci\/#breadcrumb"},"inLanguage":"es-AR","potentialAction":[{"@type":"ReadAction","target":["https:\/\/radioclanfm.com\/clanespectaculos\/cande-tinelli-conto-que-sufre-fobia-social-desde-su-infancia-realmente-lo-padeci\/"]}]},{"@type":"ImageObject","inLanguage":"es-AR","@id":"https:\/\/radioclanfm.com\/clanespectaculos\/cande-tinelli-conto-que-sufre-fobia-social-desde-su-infancia-realmente-lo-padeci\/#primaryimage","url":"https:\/\/radioclanfm.com\/clanespectaculos\/wp-content\/uploads\/sites\/2\/2026\/02\/GKqBU8SE.jpg","contentUrl":"https:\/\/radioclanfm.com\/clanespectaculos\/wp-content\/uploads\/sites\/2\/2026\/02\/GKqBU8SE.jpg","width":900,"height":504},{"@type":"BreadcrumbList","@id":"https:\/\/radioclanfm.com\/clanespectaculos\/cande-tinelli-conto-que-sufre-fobia-social-desde-su-infancia-realmente-lo-padeci\/#breadcrumb","itemListElement":[{"@type":"ListItem","position":1,"name":"Inicio","item":"https:\/\/radioclanfm.com\/clanespectaculos\/"},{"@type":"ListItem","position":2,"name":"Cande Tinelli cont\u00f3 que sufre fobia social desde su infancia: \u201cRealmente lo padec\u00ed\u201d"}]},{"@type":"WebSite","@id":"https:\/\/radioclanfm.com\/clanespectaculos\/#website","url":"https:\/\/radioclanfm.com\/clanespectaculos\/","name":"CLAN ESPECTACULOS","description":"","publisher":{"@id":"https:\/\/radioclanfm.com\/clanespectaculos\/#organization"},"potentialAction":[{"@type":"SearchAction","target":{"@type":"EntryPoint","urlTemplate":"https:\/\/radioclanfm.com\/clanespectaculos\/?s={search_term_string}"},"query-input":{"@type":"PropertyValueSpecification","valueRequired":true,"valueName":"search_term_string"}}],"inLanguage":"es-AR"},{"@type":"Organization","@id":"https:\/\/radioclanfm.com\/clanespectaculos\/#organization","name":"CLAN ESPECTACULOS","url":"https:\/\/radioclanfm.com\/clanespectaculos\/","logo":{"@type":"ImageObject","inLanguage":"es-AR","@id":"https:\/\/radioclanfm.com\/clanespectaculos\/#\/schema\/logo\/image\/","url":"https:\/\/radioclanfm.com\/clanespectaculos\/wp-content\/uploads\/sites\/2\/2026\/04\/ChatGPT-Image-23-mar-2026-10_09_00.png","contentUrl":"https:\/\/radioclanfm.com\/clanespectaculos\/wp-content\/uploads\/sites\/2\/2026\/04\/ChatGPT-Image-23-mar-2026-10_09_00.png","width":1024,"height":1024,"caption":"CLAN ESPECTACULOS"},"image":{"@id":"https:\/\/radioclanfm.com\/clanespectaculos\/#\/schema\/logo\/image\/"},"sameAs":["https:\/\/www.facebook.com\/clanespectaculos\/","https:\/\/x.com\/clanespectok"]},{"@type":"Person","@id":"https:\/\/radioclanfm.com\/clanespectaculos\/#\/schema\/person\/9734813083303230f3ad84d99171b20c","name":"E-GRUPOCLAN","image":{"@type":"ImageObject","inLanguage":"es-AR","@id":"https:\/\/secure.gravatar.com\/avatar\/af6e19837c3d6a212034a48c7b3818d2ac1826f6025df0155da5a186ad321d79?s=96&d=mm&r=g","url":"https:\/\/secure.gravatar.com\/avatar\/af6e19837c3d6a212034a48c7b3818d2ac1826f6025df0155da5a186ad321d79?s=96&d=mm&r=g","contentUrl":"https:\/\/secure.gravatar.com\/avatar\/af6e19837c3d6a212034a48c7b3818d2ac1826f6025df0155da5a186ad321d79?s=96&d=mm&r=g","caption":"E-GRUPOCLAN"},"sameAs":["https:\/\/radioclanfm.com"],"url":"https:\/\/radioclanfm.com\/clanespectaculos\/author\/admin\/"}]}},"_links":{"self":[{"href":"https:\/\/radioclanfm.com\/clanespectaculos\/wp-json\/wp\/v2\/posts\/12604","targetHints":{"allow":["GET"]}}],"collection":[{"href":"https:\/\/radioclanfm.com\/clanespectaculos\/wp-json\/wp\/v2\/posts"}],"about":[{"href":"https:\/\/radioclanfm.com\/clanespectaculos\/wp-json\/wp\/v2\/types\/post"}],"author":[{"embeddable":true,"href":"https:\/\/radioclanfm.com\/clanespectaculos\/wp-json\/wp\/v2\/users\/1"}],"replies":[{"embeddable":true,"href":"https:\/\/radioclanfm.com\/clanespectaculos\/wp-json\/wp\/v2\/comments?post=12604"}],"version-history":[{"count":1,"href":"https:\/\/radioclanfm.com\/clanespectaculos\/wp-json\/wp\/v2\/posts\/12604\/revisions"}],"predecessor-version":[{"id":12608,"href":"https:\/\/radioclanfm.com\/clanespectaculos\/wp-json\/wp\/v2\/posts\/12604\/revisions\/12608"}],"wp:featuredmedia":[{"embeddable":true,"href":"https:\/\/radioclanfm.com\/clanespectaculos\/wp-json\/wp\/v2\/media\/12607"}],"wp:attachment":[{"href":"https:\/\/radioclanfm.com\/clanespectaculos\/wp-json\/wp\/v2\/media?parent=12604"}],"wp:term":[{"taxonomy":"category","embeddable":true,"href":"https:\/\/radioclanfm.com\/clanespectaculos\/wp-json\/wp\/v2\/categories?post=12604"},{"taxonomy":"post_tag","embeddable":true,"href":"https:\/\/radioclanfm.com\/clanespectaculos\/wp-json\/wp\/v2\/tags?post=12604"}],"curies":[{"name":"wp","href":"https:\/\/api.w.org\/{rel}","templated":true}]}}