{"id":12599,"date":"2026-02-20T23:50:14","date_gmt":"2026-02-21T02:50:14","guid":{"rendered":"https:\/\/radioclanfm.com\/clanespectaculos\/?p=12599"},"modified":"2026-02-20T23:50:14","modified_gmt":"2026-02-21T02:50:14","slug":"emily-lucius-se-caso-por-civil-y-mauricio-macri-estuvo-entre-los-invitados-las-fotos","status":"publish","type":"post","link":"https:\/\/radioclanfm.com\/clanespectaculos\/emily-lucius-se-caso-por-civil-y-mauricio-macri-estuvo-entre-los-invitados-las-fotos\/","title":{"rendered":"Emily Lucius se cas\u00f3 por civil y Mauricio Macri estuvo entre los invitados: las fotos"},"content":{"rendered":"<div class=\"col-content\"><main class=\"col-content\"><\/p>\n<div class=\"default-article-color article__body article__article\">\n<p class=\"paragraph font__body-regular\"><b>Emily Lucius y Rodrigo Valladares Macri<\/b>\u00a0se casaron en el registro civil de calle Uruguay y\u00a0<b>Mauricio Macri estuvo entre los invitados a la ceremonia.<\/b><\/p>\n<div class=\"AV6543bedcd858799fe90b5c47\">\n<div id=\"aniBox\">\n<div id=\"aniplayer_AV6543bedcd858799fe90b5c47-1771642163434\">\n<div id=\"aniplayer_AV6543bedcd858799fe90b5c47-1771642163434gui\">\n<div id=\"av-caption\">\n<div id=\"av-close-btn-overlay\" class=\"av-pos-top-left\"><\/div>\n<\/div>\n<\/div>\n<div id=\"anibid\"><\/div>\n<\/div>\n<\/div>\n<\/div>\n<div id=\"ad-slot-infeed\" class=\"infeed-container ad-slot-infeed ad-slot\" data-adtype=\"infeed\" data-lazyload=\"1\" data-google-query-id=\"CM-u363J6ZIDFQk8uQYd4cMpXA\">\n<div id=\"google_ads_iframe_\/113951150\/tn-arc\/nota\/infeed_0__container__\"><iframe id=\"google_ads_iframe_\/113951150\/tn-arc\/nota\/infeed_0\" tabindex=\"0\" title=\"Contenido de anuncios de terceros\" name=\"google_ads_iframe_\/113951150\/tn-arc\/nota\/infeed_0\" width=\"1\" height=\"1\" frameborder=\"0\" marginwidth=\"0\" marginheight=\"0\" scrolling=\"no\" aria-label=\"Anuncio\" data-google-container-id=\"8\" data-load-complete=\"true\" data-mce-fragment=\"1\"><\/iframe><\/div>\n<\/div>\n<p class=\"paragraph font__body-regular\">La influencer y\u00a0<b>Rodrigo\u00a0<\/b>blanquearon su relaci\u00f3n en 2023. El joven, sobrino de Mauricio, es hijo de Sandra, la hermana fallecida del expresidente.<\/p>\n<figure class=\"\" data-testid=\"figure-testid\">\n<div class=\"aspect_ratio__container\"><picture class=\"responsive-image\"><source srcset=\"https:\/\/tn.com.ar\/resizer\/v2\/emily-lucius-con-mauricio-macri-foto-movilpress-ORH2F4ZTCREK3KRYUJD4ISXMVE.JPG?auth=dc2c4573fc4418cd6de29a962e69759d4fc6651824b2a75ed059b1cb1a5c140f&amp;width=767\" type=\"image\/jpg\" media=\"(max-width: 728px)\" \/><source srcset=\"https:\/\/tn.com.ar\/resizer\/v2\/emily-lucius-con-mauricio-macri-foto-movilpress-ORH2F4ZTCREK3KRYUJD4ISXMVE.JPG?auth=dc2c4573fc4418cd6de29a962e69759d4fc6651824b2a75ed059b1cb1a5c140f&amp;width=1023\" type=\"image\/jpg\" media=\"(max-width: 1023px)\" \/><source srcset=\"https:\/\/tn.com.ar\/resizer\/v2\/emily-lucius-con-mauricio-macri-foto-movilpress-ORH2F4ZTCREK3KRYUJD4ISXMVE.JPG?auth=dc2c4573fc4418cd6de29a962e69759d4fc6651824b2a75ed059b1cb1a5c140f&amp;width=1440\" type=\"image\/jpg\" \/><img loading=\"lazy\" decoding=\"async\" class=\"image content-image image_placeholder\" src=\"https:\/\/tn.com.ar\/resizer\/v2\/emily-lucius-con-mauricio-macri-foto-movilpress-ORH2F4ZTCREK3KRYUJD4ISXMVE.JPG?auth=dc2c4573fc4418cd6de29a962e69759d4fc6651824b2a75ed059b1cb1a5c140f&amp;width=767\" alt=\"Emily Lucius con Mauricio Macri (Foto: Movilpress)\" width=\"767\" height=\"553\" data-testid=\"loading-testid\" \/><\/picture><\/div><figcaption class=\"caption_image\" data-testid=\"figcaption-testid\">\n<div class=\"image_caption \">Emily Lucius con Mauricio Macri (Foto: Movilpress)<\/div>\n<\/figcaption><\/figure>\n<p class=\"paragraph font__body-regular\">La pareja se hab\u00eda comprometido el a\u00f1o pasado en medio de un viaje a Nueva York.\u00a0<b>Durante una visita al Central Park<\/b>,\u00a0<b>Rodrigo Macri\u00a0<\/b>se arrodill\u00f3, sac\u00f3 un anillo y le propuso casamiento.<\/p>\n<figure class=\"\" data-testid=\"figure-testid\">\n<div class=\"aspect_ratio__container\"><picture class=\"responsive-image\"><source srcset=\"https:\/\/tn.com.ar\/resizer\/v2\/mauricio-macri-estuvo-entre-los-invitados-foto-movilpress-2M4G63TK4NHB3K56MOMZ2ELCH4.JPG?auth=8c352be058bcc2bcfe9e3b1ce69f1e2cc8e5a713d374ece591647df68d45e292&amp;width=767\" type=\"image\/jpg\" media=\"(max-width: 728px)\" \/><source srcset=\"https:\/\/tn.com.ar\/resizer\/v2\/mauricio-macri-estuvo-entre-los-invitados-foto-movilpress-2M4G63TK4NHB3K56MOMZ2ELCH4.JPG?auth=8c352be058bcc2bcfe9e3b1ce69f1e2cc8e5a713d374ece591647df68d45e292&amp;width=1023\" type=\"image\/jpg\" media=\"(max-width: 1023px)\" \/><source srcset=\"https:\/\/tn.com.ar\/resizer\/v2\/mauricio-macri-estuvo-entre-los-invitados-foto-movilpress-2M4G63TK4NHB3K56MOMZ2ELCH4.JPG?auth=8c352be058bcc2bcfe9e3b1ce69f1e2cc8e5a713d374ece591647df68d45e292&amp;width=1440\" type=\"image\/jpg\" \/><img loading=\"lazy\" decoding=\"async\" class=\"image content-image image_placeholder\" src=\"https:\/\/tn.com.ar\/resizer\/v2\/mauricio-macri-estuvo-entre-los-invitados-foto-movilpress-2M4G63TK4NHB3K56MOMZ2ELCH4.JPG?auth=8c352be058bcc2bcfe9e3b1ce69f1e2cc8e5a713d374ece591647df68d45e292&amp;width=767\" alt=\"Mauricio Macri estuvo entre los invitados (Foto: Movilpress)\" width=\"767\" height=\"514\" data-testid=\"loading-testid\" \/><\/picture><\/div><figcaption class=\"caption_image\" data-testid=\"figcaption-testid\">\n<div class=\"image_caption \">Mauricio Macri estuvo entre los invitados (Foto: Movilpress)<\/div>\n<\/figcaption><\/figure>\n<p class=\"paragraph font__body-regular\"><b>\u201cSiempre so\u00f1\u00e9 con este d\u00eda, pero nunca imagin\u00e9 que iba a ser tan m\u00e1gico\u201d<\/b>, hab\u00eda comentado Emily al compartir las im\u00e1genes del compromiso.<\/p>\n<figure class=\"\" data-testid=\"figure-testid\">\n<div class=\"aspect_ratio__container\"><picture class=\"responsive-image\"><source srcset=\"https:\/\/tn.com.ar\/resizer\/v2\/la-pareja-poso-con-su-libreta-de-casamiento-foto-movilpress-TBUTKM5SRBDI3HFU6AR3QWBYWQ.JPG?auth=81573e2cae564ec8438861a58392e5e38adfff31140843061f3cea1b75143ee1&amp;width=767\" type=\"image\/jpg\" media=\"(max-width: 728px)\" \/><source srcset=\"https:\/\/tn.com.ar\/resizer\/v2\/la-pareja-poso-con-su-libreta-de-casamiento-foto-movilpress-TBUTKM5SRBDI3HFU6AR3QWBYWQ.JPG?auth=81573e2cae564ec8438861a58392e5e38adfff31140843061f3cea1b75143ee1&amp;width=1023\" type=\"image\/jpg\" media=\"(max-width: 1023px)\" \/><source srcset=\"https:\/\/tn.com.ar\/resizer\/v2\/la-pareja-poso-con-su-libreta-de-casamiento-foto-movilpress-TBUTKM5SRBDI3HFU6AR3QWBYWQ.JPG?auth=81573e2cae564ec8438861a58392e5e38adfff31140843061f3cea1b75143ee1&amp;width=1440\" type=\"image\/jpg\" \/><img loading=\"lazy\" decoding=\"async\" class=\"image content-image image_placeholder\" src=\"https:\/\/tn.com.ar\/resizer\/v2\/la-pareja-poso-con-su-libreta-de-casamiento-foto-movilpress-TBUTKM5SRBDI3HFU6AR3QWBYWQ.JPG?auth=81573e2cae564ec8438861a58392e5e38adfff31140843061f3cea1b75143ee1&amp;width=767\" alt=\"La pareja pos\u00f3 con su libreta de casamiento (Foto: Movilpress)\" width=\"767\" height=\"1147\" data-testid=\"loading-testid\" \/><\/picture><\/div><figcaption class=\"caption_image\" data-testid=\"figcaption-testid\">\n<div class=\"image_caption \">La pareja pos\u00f3 con su libreta de casamiento (Foto: Movilpress)<\/div>\n<\/figcaption><\/figure>\n<p class=\"paragraph font__body-regular\">Rodrigo estudi\u00f3 administraci\u00f3n de empresas en la UCA y es un apasionado por la\u00a0<b>gastronom\u00eda<\/b>.<b>\u00a0Desde<\/b>\u00a02016 forma parte de la juventud\u00a0<b>PRO\u00a0<\/b>bonaerense y en los \u00faltimos a\u00f1os trabaj\u00f3 en compa\u00f1\u00edas del grupo familiar.<\/p>\n<figure class=\"\" data-testid=\"figure-testid\">\n<div class=\"aspect_ratio__container\"><picture class=\"responsive-image\"><source srcset=\"https:\/\/tn.com.ar\/resizer\/v2\/la-pareja-mostro-su-libreta-de-casamiento-foto-movilpress-4PHWOZ5C2RCP5I2JRYJGVYFSCU.JPG?auth=632edb86c1c29d936f82f5f77d78d9bfd210ae0b340fbc534b4431157124819a&amp;width=767\" type=\"image\/jpg\" media=\"(max-width: 728px)\" \/><source srcset=\"https:\/\/tn.com.ar\/resizer\/v2\/la-pareja-mostro-su-libreta-de-casamiento-foto-movilpress-4PHWOZ5C2RCP5I2JRYJGVYFSCU.JPG?auth=632edb86c1c29d936f82f5f77d78d9bfd210ae0b340fbc534b4431157124819a&amp;width=1023\" type=\"image\/jpg\" media=\"(max-width: 1023px)\" \/><source srcset=\"https:\/\/tn.com.ar\/resizer\/v2\/la-pareja-mostro-su-libreta-de-casamiento-foto-movilpress-4PHWOZ5C2RCP5I2JRYJGVYFSCU.JPG?auth=632edb86c1c29d936f82f5f77d78d9bfd210ae0b340fbc534b4431157124819a&amp;width=1440\" type=\"image\/jpg\" \/><img loading=\"lazy\" decoding=\"async\" class=\"image content-image image_placeholder\" src=\"https:\/\/tn.com.ar\/resizer\/v2\/la-pareja-mostro-su-libreta-de-casamiento-foto-movilpress-4PHWOZ5C2RCP5I2JRYJGVYFSCU.JPG?auth=632edb86c1c29d936f82f5f77d78d9bfd210ae0b340fbc534b4431157124819a&amp;width=767\" alt=\"La pareja mostr\u00f3 su libreta de casamiento (Foto: Movilpress)\" width=\"767\" height=\"1139\" data-testid=\"loading-testid\" \/><\/picture><\/div><figcaption class=\"caption_image\" data-testid=\"figcaption-testid\">\n<div class=\"image_caption \">La pareja mostr\u00f3 su libreta de casamiento (Foto: Movilpress)<\/div>\n<\/figcaption><\/figure>\n<h2 class=\"font--primary font__display\">El mensaje de Emily Lucius antes de su boda con Rodrigo Valladares Macri<\/h2>\n<p class=\"paragraph font__body-regular\">Horas antes de casarse por civil con\u00a0<b>Rodrigo Valladares Macri<\/b>, la influencer decidi\u00f3 abrir su coraz\u00f3n en redes sociales y mostrar c\u00f3mo vivi\u00f3 el paso previo a uno de los d\u00edas m\u00e1s importantes de su vida.<\/p>\n<figure class=\"\" data-testid=\"figure-testid\">\n<div class=\"aspect_ratio__container\"><picture class=\"responsive-image\"><source srcset=\"https:\/\/tn.com.ar\/resizer\/v2\/el-festejo-de-emily-lucius-y-belu-lucius-foto-movilpress-JNPXI47KKFHLRNQZQ6BBBFZZEM.JPG?auth=b13d57cd37b1b28c6918f8102e5f4b66679c7ec6c0d1b09d69b48be324ca0889&amp;width=767\" type=\"image\/jpg\" media=\"(max-width: 728px)\" \/><source srcset=\"https:\/\/tn.com.ar\/resizer\/v2\/el-festejo-de-emily-lucius-y-belu-lucius-foto-movilpress-JNPXI47KKFHLRNQZQ6BBBFZZEM.JPG?auth=b13d57cd37b1b28c6918f8102e5f4b66679c7ec6c0d1b09d69b48be324ca0889&amp;width=1023\" type=\"image\/jpg\" media=\"(max-width: 1023px)\" \/><source srcset=\"https:\/\/tn.com.ar\/resizer\/v2\/el-festejo-de-emily-lucius-y-belu-lucius-foto-movilpress-JNPXI47KKFHLRNQZQ6BBBFZZEM.JPG?auth=b13d57cd37b1b28c6918f8102e5f4b66679c7ec6c0d1b09d69b48be324ca0889&amp;width=1440\" type=\"image\/jpg\" \/><img loading=\"lazy\" decoding=\"async\" class=\"image content-image image_placeholder\" src=\"https:\/\/tn.com.ar\/resizer\/v2\/el-festejo-de-emily-lucius-y-belu-lucius-foto-movilpress-JNPXI47KKFHLRNQZQ6BBBFZZEM.JPG?auth=b13d57cd37b1b28c6918f8102e5f4b66679c7ec6c0d1b09d69b48be324ca0889&amp;width=767\" alt=\"El festejo de Emily Lucius y Belu Lucius (Foto: Movilpress)\" width=\"767\" height=\"1197\" data-testid=\"loading-testid\" \/><\/picture><\/div><figcaption class=\"caption_image\" data-testid=\"figcaption-testid\">\n<div class=\"image_caption \">El festejo de Emily Lucius y Belu Lucius (Foto: Movilpress)<\/div>\n<\/figcaption><\/figure>\n<p class=\"paragraph font__body-regular\">En un carrete de fotos \u00edntimas, Emily se mostr\u00f3 junto a su familia, eligiendo los zapatos de la boda con su mam\u00e1, prob\u00e1ndose el vestido con su hermana\u00a0<b>Belu Lucius<\/b>\u00a0y la dise\u00f1adora\u00a0<b>Joti Harriague<\/b>, y hasta lookeando a la mascota de la pareja para la ocasi\u00f3n.<\/p>\n<p class=\"paragraph font__body-regular\">\u201c<b>\u00a1\u00daltimas fotos soltera! La felicidad es total, las l\u00e1grimas interminables y una familia que me llevo siempre en el coraz\u00f3n<\/b>\u201d, escribi\u00f3, dejando en claro el torbellino de emociones que la atraviesa.<\/p>\n<figure class=\"\" data-testid=\"figure-testid\">\n<div class=\"aspect_ratio__container\"><picture class=\"responsive-image\"><source srcset=\"https:\/\/tn.com.ar\/resizer\/v2\/emily-lucius-y-rodrigo-macri-en-su-casamiento-por-civil-foto-movilpress-YQX6OF7AKJFAXLNURWISOABTXA.JPG?auth=209ce90725364c5216b86b987973f484da7ef154d270a0cdc9b14ed6c4a57a19&amp;width=767\" type=\"image\/jpg\" media=\"(max-width: 728px)\" \/><source srcset=\"https:\/\/tn.com.ar\/resizer\/v2\/emily-lucius-y-rodrigo-macri-en-su-casamiento-por-civil-foto-movilpress-YQX6OF7AKJFAXLNURWISOABTXA.JPG?auth=209ce90725364c5216b86b987973f484da7ef154d270a0cdc9b14ed6c4a57a19&amp;width=1023\" type=\"image\/jpg\" media=\"(max-width: 1023px)\" \/><source srcset=\"https:\/\/tn.com.ar\/resizer\/v2\/emily-lucius-y-rodrigo-macri-en-su-casamiento-por-civil-foto-movilpress-YQX6OF7AKJFAXLNURWISOABTXA.JPG?auth=209ce90725364c5216b86b987973f484da7ef154d270a0cdc9b14ed6c4a57a19&amp;width=1440\" type=\"image\/jpg\" \/><img loading=\"lazy\" decoding=\"async\" class=\"image content-image image_placeholder\" src=\"https:\/\/tn.com.ar\/resizer\/v2\/emily-lucius-y-rodrigo-macri-en-su-casamiento-por-civil-foto-movilpress-YQX6OF7AKJFAXLNURWISOABTXA.JPG?auth=209ce90725364c5216b86b987973f484da7ef154d270a0cdc9b14ed6c4a57a19&amp;width=767\" alt=\"Emily Lucius y Rodrigo Macri en su casamiento por civil (Foto: Movilpress)\" width=\"767\" height=\"506\" data-testid=\"loading-testid\" \/><\/picture><\/div><figcaption class=\"caption_image\" data-testid=\"figcaption-testid\">\n<div class=\"image_caption \">Emily Lucius y Rodrigo Macri en su casamiento por civil (Foto: Movilpress)<\/div>\n<\/figcaption><\/figure>\n<p class=\"paragraph font__body-regular\">En la previa, Emily visit\u00f3 a su sobrino en el colegio, comparti\u00f3 abrazos con sus seres queridos y recibi\u00f3 regalos de quienes la acompa\u00f1an desde siempre. \u201c<b>Las l\u00e1grimas interminables y una familia que me llevo siempre en el coraz\u00f3n<\/b>\u201d, repiti\u00f3 en su mensaje, dejando ver que no se trata solo de una fiesta, sino de un verdadero cambio de etapa.<\/p>\n<figure class=\"\" data-testid=\"figure-testid\">\n<div class=\"aspect_ratio__container\"><picture class=\"responsive-image\"><source srcset=\"https:\/\/tn.com.ar\/resizer\/v2\/emily-rodrigo-y-sus-testigos-foto-movilpress-MCKTGOCONFB3NICWVVDYBGUMIA.JPG?auth=9015c809398adfb535823dc7557f8fa3b906a6f50c95ff138498c7eeceef0e63&amp;width=767\" type=\"image\/jpg\" media=\"(max-width: 728px)\" \/><source srcset=\"https:\/\/tn.com.ar\/resizer\/v2\/emily-rodrigo-y-sus-testigos-foto-movilpress-MCKTGOCONFB3NICWVVDYBGUMIA.JPG?auth=9015c809398adfb535823dc7557f8fa3b906a6f50c95ff138498c7eeceef0e63&amp;width=1023\" type=\"image\/jpg\" media=\"(max-width: 1023px)\" \/><source srcset=\"https:\/\/tn.com.ar\/resizer\/v2\/emily-rodrigo-y-sus-testigos-foto-movilpress-MCKTGOCONFB3NICWVVDYBGUMIA.JPG?auth=9015c809398adfb535823dc7557f8fa3b906a6f50c95ff138498c7eeceef0e63&amp;width=1440\" type=\"image\/jpg\" \/><img loading=\"lazy\" decoding=\"async\" class=\"image content-image image_placeholder\" src=\"https:\/\/tn.com.ar\/resizer\/v2\/emily-rodrigo-y-sus-testigos-foto-movilpress-MCKTGOCONFB3NICWVVDYBGUMIA.JPG?auth=9015c809398adfb535823dc7557f8fa3b906a6f50c95ff138498c7eeceef0e63&amp;width=767\" alt=\"Emily, Rodrigo y sus testigos (Foto: Movilpress)\" width=\"767\" height=\"501\" data-testid=\"loading-testid\" \/><\/picture><\/div><figcaption class=\"caption_image\" data-testid=\"figcaption-testid\">\n<div class=\"image_caption \">Emily, Rodrigo y sus testigos (Foto: Movilpress)<\/div>\n<\/figcaption><\/figure>\n<p class=\"paragraph font__body-regular\">Este casamiento tambi\u00e9n significa para Emily el final de una etapa marcada por la exposici\u00f3n medi\u00e1tica. Antes de su relaci\u00f3n actual, la influencer vivi\u00f3 una historia intensa con\u00a0<b>Mart\u00edn Salwe<\/b>\u00a0durante el reality\u00a0<i>El Hotel de los Famosos<\/i>, que tuvo momentos de conflicto y mucha visibilidad. Hoy, en cambio, su presente est\u00e1 atravesado por la tranquilidad y la estabilidad.<\/p>\n<\/div>\n<p><\/main><\/div>\n<aside class=\"col-right-rail right-rail\">\n<div id=\"parent-ad-slot-caja\" class=\"ad-container caja_ad \">\n<div class=\"ad-content\"><\/div>\n<\/div>\n<\/aside>\n","protected":false},"excerpt":{"rendered":"<p>Emily Lucius y Rodrigo Valladares Macri\u00a0se casaron en el registro civil de calle Uruguay y\u00a0Mauricio Macri estuvo entre los invitados a la ceremonia. La influencer y\u00a0Rodrigo\u00a0blanquearon su relaci\u00f3n en 2023. El joven, sobrino de Mauricio, es hijo de Sandra, la hermana fallecida del expresidente. Emily Lucius con Mauricio Macri (Foto: Movilpress) La pareja se hab\u00eda [&hellip;]<\/p>\n","protected":false},"author":1,"featured_media":12602,"comment_status":"open","ping_status":"open","sticky":false,"template":"","format":"standard","meta":{"rop_custom_images_group":[],"rop_custom_messages_group":[],"rop_publish_now":"initial","rop_publish_now_accounts":[],"rop_publish_now_history":[],"rop_publish_now_status":"pending","footnotes":"","jetpack_publicize_message":"","jetpack_publicize_feature_enabled":true,"jetpack_social_post_already_shared":true,"jetpack_social_options":{"image_generator_settings":{"template":"highway","enabled":false},"version":2}},"categories":[12],"tags":[],"class_list":{"0":"post-12599","1":"post","2":"type-post","3":"status-publish","4":"format-standard","5":"has-post-thumbnail","7":"category-espectaculos"},"jetpack_publicize_connections":[],"yoast_head":"<!-- This site is optimized with the Yoast SEO plugin v27.3 - https:\/\/yoast.com\/product\/yoast-seo-wordpress\/ -->\n<title>Emily Lucius se cas\u00f3 por civil y Mauricio Macri estuvo entre los invitados: las fotos - CLAN ESPECTACULOS<\/title>\n<meta name=\"robots\" content=\"index, follow, max-snippet:-1, max-image-preview:large, max-video-preview:-1\" \/>\n<link rel=\"canonical\" href=\"https:\/\/radioclanfm.com\/clanespectaculos\/emily-lucius-se-caso-por-civil-y-mauricio-macri-estuvo-entre-los-invitados-las-fotos\/\" \/>\n<meta property=\"og:locale\" content=\"es_ES\" \/>\n<meta property=\"og:type\" content=\"article\" \/>\n<meta property=\"og:title\" content=\"Emily Lucius se cas\u00f3 por civil y Mauricio Macri estuvo entre los invitados: las fotos - CLAN ESPECTACULOS\" \/>\n<meta property=\"og:description\" content=\"Emily Lucius y Rodrigo Valladares Macri\u00a0se casaron en el registro civil de calle Uruguay y\u00a0Mauricio Macri estuvo entre los invitados a la ceremonia. La influencer y\u00a0Rodrigo\u00a0blanquearon su relaci\u00f3n en 2023. El joven, sobrino de Mauricio, es hijo de Sandra, la hermana fallecida del expresidente. Emily Lucius con Mauricio Macri (Foto: Movilpress) La pareja se hab\u00eda [&hellip;]\" \/>\n<meta property=\"og:url\" content=\"https:\/\/radioclanfm.com\/clanespectaculos\/emily-lucius-se-caso-por-civil-y-mauricio-macri-estuvo-entre-los-invitados-las-fotos\/\" \/>\n<meta property=\"og:site_name\" content=\"CLAN ESPECTACULOS\" \/>\n<meta property=\"article:publisher\" content=\"https:\/\/www.facebook.com\/clanespectaculos\/\" \/>\n<meta property=\"article:published_time\" content=\"2026-02-21T02:50:14+00:00\" \/>\n<meta property=\"og:image\" content=\"https:\/\/radioclanfm.com\/clanespectaculos\/wp-content\/uploads\/sites\/2\/2026\/02\/Oyw26RPg.jpg\" \/>\n\t<meta property=\"og:image:width\" content=\"900\" \/>\n\t<meta property=\"og:image:height\" content=\"504\" \/>\n\t<meta property=\"og:image:type\" content=\"image\/jpeg\" \/>\n<meta name=\"author\" content=\"E-GRUPOCLAN\" \/>\n<meta name=\"twitter:card\" content=\"summary_large_image\" \/>\n<meta name=\"twitter:creator\" content=\"@clanespectok\" \/>\n<meta name=\"twitter:site\" content=\"@clanespectok\" \/>\n<meta name=\"twitter:label1\" content=\"Escrito por\" \/>\n\t<meta name=\"twitter:data1\" content=\"E-GRUPOCLAN\" \/>\n\t<meta name=\"twitter:label2\" content=\"Tiempo de lectura\" \/>\n\t<meta name=\"twitter:data2\" content=\"2 minutos\" \/>\n<script type=\"application\/ld+json\" class=\"yoast-schema-graph\">{\"@context\":\"https:\\\/\\\/schema.org\",\"@graph\":[{\"@type\":\"Article\",\"@id\":\"https:\\\/\\\/radioclanfm.com\\\/clanespectaculos\\\/emily-lucius-se-caso-por-civil-y-mauricio-macri-estuvo-entre-los-invitados-las-fotos\\\/#article\",\"isPartOf\":{\"@id\":\"https:\\\/\\\/radioclanfm.com\\\/clanespectaculos\\\/emily-lucius-se-caso-por-civil-y-mauricio-macri-estuvo-entre-los-invitados-las-fotos\\\/\"},\"author\":{\"name\":\"E-GRUPOCLAN\",\"@id\":\"https:\\\/\\\/radioclanfm.com\\\/clanespectaculos\\\/#\\\/schema\\\/person\\\/9734813083303230f3ad84d99171b20c\"},\"headline\":\"Emily Lucius se cas\u00f3 por civil y Mauricio Macri estuvo entre los invitados: las fotos\",\"datePublished\":\"2026-02-21T02:50:14+00:00\",\"mainEntityOfPage\":{\"@id\":\"https:\\\/\\\/radioclanfm.com\\\/clanespectaculos\\\/emily-lucius-se-caso-por-civil-y-mauricio-macri-estuvo-entre-los-invitados-las-fotos\\\/\"},\"wordCount\":489,\"commentCount\":0,\"publisher\":{\"@id\":\"https:\\\/\\\/radioclanfm.com\\\/clanespectaculos\\\/#organization\"},\"image\":{\"@id\":\"https:\\\/\\\/radioclanfm.com\\\/clanespectaculos\\\/emily-lucius-se-caso-por-civil-y-mauricio-macri-estuvo-entre-los-invitados-las-fotos\\\/#primaryimage\"},\"thumbnailUrl\":\"https:\\\/\\\/radioclanfm.com\\\/clanespectaculos\\\/wp-content\\\/uploads\\\/sites\\\/2\\\/2026\\\/02\\\/Oyw26RPg.jpg\",\"articleSection\":[\"Espectaculos\"],\"inLanguage\":\"es-AR\",\"potentialAction\":[{\"@type\":\"CommentAction\",\"name\":\"Comment\",\"target\":[\"https:\\\/\\\/radioclanfm.com\\\/clanespectaculos\\\/emily-lucius-se-caso-por-civil-y-mauricio-macri-estuvo-entre-los-invitados-las-fotos\\\/#respond\"]}]},{\"@type\":\"WebPage\",\"@id\":\"https:\\\/\\\/radioclanfm.com\\\/clanespectaculos\\\/emily-lucius-se-caso-por-civil-y-mauricio-macri-estuvo-entre-los-invitados-las-fotos\\\/\",\"url\":\"https:\\\/\\\/radioclanfm.com\\\/clanespectaculos\\\/emily-lucius-se-caso-por-civil-y-mauricio-macri-estuvo-entre-los-invitados-las-fotos\\\/\",\"name\":\"Emily Lucius se cas\u00f3 por civil y Mauricio Macri estuvo entre los invitados: las fotos - CLAN ESPECTACULOS\",\"isPartOf\":{\"@id\":\"https:\\\/\\\/radioclanfm.com\\\/clanespectaculos\\\/#website\"},\"primaryImageOfPage\":{\"@id\":\"https:\\\/\\\/radioclanfm.com\\\/clanespectaculos\\\/emily-lucius-se-caso-por-civil-y-mauricio-macri-estuvo-entre-los-invitados-las-fotos\\\/#primaryimage\"},\"image\":{\"@id\":\"https:\\\/\\\/radioclanfm.com\\\/clanespectaculos\\\/emily-lucius-se-caso-por-civil-y-mauricio-macri-estuvo-entre-los-invitados-las-fotos\\\/#primaryimage\"},\"thumbnailUrl\":\"https:\\\/\\\/radioclanfm.com\\\/clanespectaculos\\\/wp-content\\\/uploads\\\/sites\\\/2\\\/2026\\\/02\\\/Oyw26RPg.jpg\",\"datePublished\":\"2026-02-21T02:50:14+00:00\",\"breadcrumb\":{\"@id\":\"https:\\\/\\\/radioclanfm.com\\\/clanespectaculos\\\/emily-lucius-se-caso-por-civil-y-mauricio-macri-estuvo-entre-los-invitados-las-fotos\\\/#breadcrumb\"},\"inLanguage\":\"es-AR\",\"potentialAction\":[{\"@type\":\"ReadAction\",\"target\":[\"https:\\\/\\\/radioclanfm.com\\\/clanespectaculos\\\/emily-lucius-se-caso-por-civil-y-mauricio-macri-estuvo-entre-los-invitados-las-fotos\\\/\"]}]},{\"@type\":\"ImageObject\",\"inLanguage\":\"es-AR\",\"@id\":\"https:\\\/\\\/radioclanfm.com\\\/clanespectaculos\\\/emily-lucius-se-caso-por-civil-y-mauricio-macri-estuvo-entre-los-invitados-las-fotos\\\/#primaryimage\",\"url\":\"https:\\\/\\\/radioclanfm.com\\\/clanespectaculos\\\/wp-content\\\/uploads\\\/sites\\\/2\\\/2026\\\/02\\\/Oyw26RPg.jpg\",\"contentUrl\":\"https:\\\/\\\/radioclanfm.com\\\/clanespectaculos\\\/wp-content\\\/uploads\\\/sites\\\/2\\\/2026\\\/02\\\/Oyw26RPg.jpg\",\"width\":900,\"height\":504},{\"@type\":\"BreadcrumbList\",\"@id\":\"https:\\\/\\\/radioclanfm.com\\\/clanespectaculos\\\/emily-lucius-se-caso-por-civil-y-mauricio-macri-estuvo-entre-los-invitados-las-fotos\\\/#breadcrumb\",\"itemListElement\":[{\"@type\":\"ListItem\",\"position\":1,\"name\":\"Inicio\",\"item\":\"https:\\\/\\\/radioclanfm.com\\\/clanespectaculos\\\/\"},{\"@type\":\"ListItem\",\"position\":2,\"name\":\"Emily Lucius se cas\u00f3 por civil y Mauricio Macri estuvo entre los invitados: las fotos\"}]},{\"@type\":\"WebSite\",\"@id\":\"https:\\\/\\\/radioclanfm.com\\\/clanespectaculos\\\/#website\",\"url\":\"https:\\\/\\\/radioclanfm.com\\\/clanespectaculos\\\/\",\"name\":\"CLAN ESPECTACULOS\",\"description\":\"\",\"publisher\":{\"@id\":\"https:\\\/\\\/radioclanfm.com\\\/clanespectaculos\\\/#organization\"},\"potentialAction\":[{\"@type\":\"SearchAction\",\"target\":{\"@type\":\"EntryPoint\",\"urlTemplate\":\"https:\\\/\\\/radioclanfm.com\\\/clanespectaculos\\\/?s={search_term_string}\"},\"query-input\":{\"@type\":\"PropertyValueSpecification\",\"valueRequired\":true,\"valueName\":\"search_term_string\"}}],\"inLanguage\":\"es-AR\"},{\"@type\":\"Organization\",\"@id\":\"https:\\\/\\\/radioclanfm.com\\\/clanespectaculos\\\/#organization\",\"name\":\"CLAN ESPECTACULOS\",\"url\":\"https:\\\/\\\/radioclanfm.com\\\/clanespectaculos\\\/\",\"logo\":{\"@type\":\"ImageObject\",\"inLanguage\":\"es-AR\",\"@id\":\"https:\\\/\\\/radioclanfm.com\\\/clanespectaculos\\\/#\\\/schema\\\/logo\\\/image\\\/\",\"url\":\"https:\\\/\\\/radioclanfm.com\\\/clanespectaculos\\\/wp-content\\\/uploads\\\/sites\\\/2\\\/2026\\\/04\\\/ChatGPT-Image-23-mar-2026-10_09_00.png\",\"contentUrl\":\"https:\\\/\\\/radioclanfm.com\\\/clanespectaculos\\\/wp-content\\\/uploads\\\/sites\\\/2\\\/2026\\\/04\\\/ChatGPT-Image-23-mar-2026-10_09_00.png\",\"width\":1024,\"height\":1024,\"caption\":\"CLAN ESPECTACULOS\"},\"image\":{\"@id\":\"https:\\\/\\\/radioclanfm.com\\\/clanespectaculos\\\/#\\\/schema\\\/logo\\\/image\\\/\"},\"sameAs\":[\"https:\\\/\\\/www.facebook.com\\\/clanespectaculos\\\/\",\"https:\\\/\\\/x.com\\\/clanespectok\"]},{\"@type\":\"Person\",\"@id\":\"https:\\\/\\\/radioclanfm.com\\\/clanespectaculos\\\/#\\\/schema\\\/person\\\/9734813083303230f3ad84d99171b20c\",\"name\":\"E-GRUPOCLAN\",\"image\":{\"@type\":\"ImageObject\",\"inLanguage\":\"es-AR\",\"@id\":\"https:\\\/\\\/secure.gravatar.com\\\/avatar\\\/af6e19837c3d6a212034a48c7b3818d2ac1826f6025df0155da5a186ad321d79?s=96&d=mm&r=g\",\"url\":\"https:\\\/\\\/secure.gravatar.com\\\/avatar\\\/af6e19837c3d6a212034a48c7b3818d2ac1826f6025df0155da5a186ad321d79?s=96&d=mm&r=g\",\"contentUrl\":\"https:\\\/\\\/secure.gravatar.com\\\/avatar\\\/af6e19837c3d6a212034a48c7b3818d2ac1826f6025df0155da5a186ad321d79?s=96&d=mm&r=g\",\"caption\":\"E-GRUPOCLAN\"},\"sameAs\":[\"https:\\\/\\\/radioclanfm.com\"],\"url\":\"https:\\\/\\\/radioclanfm.com\\\/clanespectaculos\\\/author\\\/admin\\\/\"}]}<\/script>\n<!-- \/ Yoast SEO plugin. -->","yoast_head_json":{"title":"Emily Lucius se cas\u00f3 por civil y Mauricio Macri estuvo entre los invitados: las fotos - CLAN ESPECTACULOS","robots":{"index":"index","follow":"follow","max-snippet":"max-snippet:-1","max-image-preview":"max-image-preview:large","max-video-preview":"max-video-preview:-1"},"canonical":"https:\/\/radioclanfm.com\/clanespectaculos\/emily-lucius-se-caso-por-civil-y-mauricio-macri-estuvo-entre-los-invitados-las-fotos\/","og_locale":"es_ES","og_type":"article","og_title":"Emily Lucius se cas\u00f3 por civil y Mauricio Macri estuvo entre los invitados: las fotos - CLAN ESPECTACULOS","og_description":"Emily Lucius y Rodrigo Valladares Macri\u00a0se casaron en el registro civil de calle Uruguay y\u00a0Mauricio Macri estuvo entre los invitados a la ceremonia. La influencer y\u00a0Rodrigo\u00a0blanquearon su relaci\u00f3n en 2023. El joven, sobrino de Mauricio, es hijo de Sandra, la hermana fallecida del expresidente. Emily Lucius con Mauricio Macri (Foto: Movilpress) La pareja se hab\u00eda [&hellip;]","og_url":"https:\/\/radioclanfm.com\/clanespectaculos\/emily-lucius-se-caso-por-civil-y-mauricio-macri-estuvo-entre-los-invitados-las-fotos\/","og_site_name":"CLAN ESPECTACULOS","article_publisher":"https:\/\/www.facebook.com\/clanespectaculos\/","article_published_time":"2026-02-21T02:50:14+00:00","og_image":[{"width":900,"height":504,"url":"https:\/\/radioclanfm.com\/clanespectaculos\/wp-content\/uploads\/sites\/2\/2026\/02\/Oyw26RPg.jpg","type":"image\/jpeg"}],"author":"E-GRUPOCLAN","twitter_card":"summary_large_image","twitter_creator":"@clanespectok","twitter_site":"@clanespectok","twitter_misc":{"Escrito por":"E-GRUPOCLAN","Tiempo de lectura":"2 minutos"},"schema":{"@context":"https:\/\/schema.org","@graph":[{"@type":"Article","@id":"https:\/\/radioclanfm.com\/clanespectaculos\/emily-lucius-se-caso-por-civil-y-mauricio-macri-estuvo-entre-los-invitados-las-fotos\/#article","isPartOf":{"@id":"https:\/\/radioclanfm.com\/clanespectaculos\/emily-lucius-se-caso-por-civil-y-mauricio-macri-estuvo-entre-los-invitados-las-fotos\/"},"author":{"name":"E-GRUPOCLAN","@id":"https:\/\/radioclanfm.com\/clanespectaculos\/#\/schema\/person\/9734813083303230f3ad84d99171b20c"},"headline":"Emily Lucius se cas\u00f3 por civil y Mauricio Macri estuvo entre los invitados: las fotos","datePublished":"2026-02-21T02:50:14+00:00","mainEntityOfPage":{"@id":"https:\/\/radioclanfm.com\/clanespectaculos\/emily-lucius-se-caso-por-civil-y-mauricio-macri-estuvo-entre-los-invitados-las-fotos\/"},"wordCount":489,"commentCount":0,"publisher":{"@id":"https:\/\/radioclanfm.com\/clanespectaculos\/#organization"},"image":{"@id":"https:\/\/radioclanfm.com\/clanespectaculos\/emily-lucius-se-caso-por-civil-y-mauricio-macri-estuvo-entre-los-invitados-las-fotos\/#primaryimage"},"thumbnailUrl":"https:\/\/radioclanfm.com\/clanespectaculos\/wp-content\/uploads\/sites\/2\/2026\/02\/Oyw26RPg.jpg","articleSection":["Espectaculos"],"inLanguage":"es-AR","potentialAction":[{"@type":"CommentAction","name":"Comment","target":["https:\/\/radioclanfm.com\/clanespectaculos\/emily-lucius-se-caso-por-civil-y-mauricio-macri-estuvo-entre-los-invitados-las-fotos\/#respond"]}]},{"@type":"WebPage","@id":"https:\/\/radioclanfm.com\/clanespectaculos\/emily-lucius-se-caso-por-civil-y-mauricio-macri-estuvo-entre-los-invitados-las-fotos\/","url":"https:\/\/radioclanfm.com\/clanespectaculos\/emily-lucius-se-caso-por-civil-y-mauricio-macri-estuvo-entre-los-invitados-las-fotos\/","name":"Emily Lucius se cas\u00f3 por civil y Mauricio Macri estuvo entre los invitados: las fotos - CLAN ESPECTACULOS","isPartOf":{"@id":"https:\/\/radioclanfm.com\/clanespectaculos\/#website"},"primaryImageOfPage":{"@id":"https:\/\/radioclanfm.com\/clanespectaculos\/emily-lucius-se-caso-por-civil-y-mauricio-macri-estuvo-entre-los-invitados-las-fotos\/#primaryimage"},"image":{"@id":"https:\/\/radioclanfm.com\/clanespectaculos\/emily-lucius-se-caso-por-civil-y-mauricio-macri-estuvo-entre-los-invitados-las-fotos\/#primaryimage"},"thumbnailUrl":"https:\/\/radioclanfm.com\/clanespectaculos\/wp-content\/uploads\/sites\/2\/2026\/02\/Oyw26RPg.jpg","datePublished":"2026-02-21T02:50:14+00:00","breadcrumb":{"@id":"https:\/\/radioclanfm.com\/clanespectaculos\/emily-lucius-se-caso-por-civil-y-mauricio-macri-estuvo-entre-los-invitados-las-fotos\/#breadcrumb"},"inLanguage":"es-AR","potentialAction":[{"@type":"ReadAction","target":["https:\/\/radioclanfm.com\/clanespectaculos\/emily-lucius-se-caso-por-civil-y-mauricio-macri-estuvo-entre-los-invitados-las-fotos\/"]}]},{"@type":"ImageObject","inLanguage":"es-AR","@id":"https:\/\/radioclanfm.com\/clanespectaculos\/emily-lucius-se-caso-por-civil-y-mauricio-macri-estuvo-entre-los-invitados-las-fotos\/#primaryimage","url":"https:\/\/radioclanfm.com\/clanespectaculos\/wp-content\/uploads\/sites\/2\/2026\/02\/Oyw26RPg.jpg","contentUrl":"https:\/\/radioclanfm.com\/clanespectaculos\/wp-content\/uploads\/sites\/2\/2026\/02\/Oyw26RPg.jpg","width":900,"height":504},{"@type":"BreadcrumbList","@id":"https:\/\/radioclanfm.com\/clanespectaculos\/emily-lucius-se-caso-por-civil-y-mauricio-macri-estuvo-entre-los-invitados-las-fotos\/#breadcrumb","itemListElement":[{"@type":"ListItem","position":1,"name":"Inicio","item":"https:\/\/radioclanfm.com\/clanespectaculos\/"},{"@type":"ListItem","position":2,"name":"Emily Lucius se cas\u00f3 por civil y Mauricio Macri estuvo entre los invitados: las fotos"}]},{"@type":"WebSite","@id":"https:\/\/radioclanfm.com\/clanespectaculos\/#website","url":"https:\/\/radioclanfm.com\/clanespectaculos\/","name":"CLAN ESPECTACULOS","description":"","publisher":{"@id":"https:\/\/radioclanfm.com\/clanespectaculos\/#organization"},"potentialAction":[{"@type":"SearchAction","target":{"@type":"EntryPoint","urlTemplate":"https:\/\/radioclanfm.com\/clanespectaculos\/?s={search_term_string}"},"query-input":{"@type":"PropertyValueSpecification","valueRequired":true,"valueName":"search_term_string"}}],"inLanguage":"es-AR"},{"@type":"Organization","@id":"https:\/\/radioclanfm.com\/clanespectaculos\/#organization","name":"CLAN ESPECTACULOS","url":"https:\/\/radioclanfm.com\/clanespectaculos\/","logo":{"@type":"ImageObject","inLanguage":"es-AR","@id":"https:\/\/radioclanfm.com\/clanespectaculos\/#\/schema\/logo\/image\/","url":"https:\/\/radioclanfm.com\/clanespectaculos\/wp-content\/uploads\/sites\/2\/2026\/04\/ChatGPT-Image-23-mar-2026-10_09_00.png","contentUrl":"https:\/\/radioclanfm.com\/clanespectaculos\/wp-content\/uploads\/sites\/2\/2026\/04\/ChatGPT-Image-23-mar-2026-10_09_00.png","width":1024,"height":1024,"caption":"CLAN ESPECTACULOS"},"image":{"@id":"https:\/\/radioclanfm.com\/clanespectaculos\/#\/schema\/logo\/image\/"},"sameAs":["https:\/\/www.facebook.com\/clanespectaculos\/","https:\/\/x.com\/clanespectok"]},{"@type":"Person","@id":"https:\/\/radioclanfm.com\/clanespectaculos\/#\/schema\/person\/9734813083303230f3ad84d99171b20c","name":"E-GRUPOCLAN","image":{"@type":"ImageObject","inLanguage":"es-AR","@id":"https:\/\/secure.gravatar.com\/avatar\/af6e19837c3d6a212034a48c7b3818d2ac1826f6025df0155da5a186ad321d79?s=96&d=mm&r=g","url":"https:\/\/secure.gravatar.com\/avatar\/af6e19837c3d6a212034a48c7b3818d2ac1826f6025df0155da5a186ad321d79?s=96&d=mm&r=g","contentUrl":"https:\/\/secure.gravatar.com\/avatar\/af6e19837c3d6a212034a48c7b3818d2ac1826f6025df0155da5a186ad321d79?s=96&d=mm&r=g","caption":"E-GRUPOCLAN"},"sameAs":["https:\/\/radioclanfm.com"],"url":"https:\/\/radioclanfm.com\/clanespectaculos\/author\/admin\/"}]}},"_links":{"self":[{"href":"https:\/\/radioclanfm.com\/clanespectaculos\/wp-json\/wp\/v2\/posts\/12599","targetHints":{"allow":["GET"]}}],"collection":[{"href":"https:\/\/radioclanfm.com\/clanespectaculos\/wp-json\/wp\/v2\/posts"}],"about":[{"href":"https:\/\/radioclanfm.com\/clanespectaculos\/wp-json\/wp\/v2\/types\/post"}],"author":[{"embeddable":true,"href":"https:\/\/radioclanfm.com\/clanespectaculos\/wp-json\/wp\/v2\/users\/1"}],"replies":[{"embeddable":true,"href":"https:\/\/radioclanfm.com\/clanespectaculos\/wp-json\/wp\/v2\/comments?post=12599"}],"version-history":[{"count":1,"href":"https:\/\/radioclanfm.com\/clanespectaculos\/wp-json\/wp\/v2\/posts\/12599\/revisions"}],"predecessor-version":[{"id":12603,"href":"https:\/\/radioclanfm.com\/clanespectaculos\/wp-json\/wp\/v2\/posts\/12599\/revisions\/12603"}],"wp:featuredmedia":[{"embeddable":true,"href":"https:\/\/radioclanfm.com\/clanespectaculos\/wp-json\/wp\/v2\/media\/12602"}],"wp:attachment":[{"href":"https:\/\/radioclanfm.com\/clanespectaculos\/wp-json\/wp\/v2\/media?parent=12599"}],"wp:term":[{"taxonomy":"category","embeddable":true,"href":"https:\/\/radioclanfm.com\/clanespectaculos\/wp-json\/wp\/v2\/categories?post=12599"},{"taxonomy":"post_tag","embeddable":true,"href":"https:\/\/radioclanfm.com\/clanespectaculos\/wp-json\/wp\/v2\/tags?post=12599"}],"curies":[{"name":"wp","href":"https:\/\/api.w.org\/{rel}","templated":true}]}}