{"id":12594,"date":"2026-02-20T23:48:39","date_gmt":"2026-02-21T02:48:39","guid":{"rendered":"https:\/\/radioclanfm.com\/clanespectaculos\/?p=12594"},"modified":"2026-02-20T23:48:39","modified_gmt":"2026-02-21T02:48:39","slug":"facundo-arana-revelo-como-salio-adelante-tras-separarse-de-maria-susini-estoy-de-pie","status":"publish","type":"post","link":"https:\/\/radioclanfm.com\/clanespectaculos\/facundo-arana-revelo-como-salio-adelante-tras-separarse-de-maria-susini-estoy-de-pie\/","title":{"rendered":"Facundo Arana revel\u00f3 c\u00f3mo sali\u00f3 adelante tras separarse de Mar\u00eda Susini: \u201cEstoy de pie\u201d"},"content":{"rendered":"<p>El actor cont\u00f3 c\u00f3mo atraviesa el dif\u00edcil momento familiar y enfrent\u00f3 los rumores de romance con Gabriela Sari.<\/p>\n<div class=\"col-content\"><main class=\"col-content\"><\/p>\n<div class=\"default-article-color article__body article__article\">\n<p class=\"paragraph font__body-regular\"><b>Facundo Arana<\/b><b>\u00a0<\/b>decidi\u00f3 enfrentar los micr\u00f3fonos y contar c\u00f3mo vive la separaci\u00f3n de\u00a0<b>Mar\u00eda Susini<\/b>, en medio de versiones que lo vinculan sentimentalmente con su amiga\u00a0<b>Gabriela Sari<\/b>. El actor eligi\u00f3 hablar de su presente y de c\u00f3mo el trabajo logr\u00f3 salir adelante de este complicado momento familiar.<\/p>\n<div class=\"AV6543bedcd858799fe90b5c47\">\n<div id=\"aniBox\">\n<div id=\"aniplayer_AV6543bedcd858799fe90b5c47-1771642078391\">\n<div id=\"aniplayer_AV6543bedcd858799fe90b5c47-1771642078391gui\">\n<div id=\"av-caption\">\n<div id=\"av-close-btn-overlay\" class=\"av-pos-top-left\"><\/div>\n<\/div>\n<\/div>\n<\/div>\n<\/div>\n<\/div>\n<div id=\"ad-slot-infeed\" class=\"infeed-container ad-slot-infeed ad-slot\" data-adtype=\"infeed\" data-lazyload=\"1\" data-google-query-id=\"CJLdloLJ6ZIDFUqqYQYdWxAPfQ\">\n<div id=\"google_ads_iframe_\/113951150\/tn-arc\/nota\/infeed_0__container__\"><\/div>\n<\/div>\n<p class=\"paragraph font__body-regular\">En di\u00e1logo con\u00a0<i>Intrusos (Am\u00e9rica TV)<\/i>, el artista reflexion\u00f3 sobre el rol de su profesi\u00f3n en este momento de su vida: \u201c<b>El arte te reconecta, te dir\u00eda.<\/b>\u00a0Cuando un artista se tiene que subir a las tablas pueden pasarte muchas cosas, hay que dejar todo de lado y hacer mi trabajo\u201d. Y agreg\u00f3: \u201c<b>Estoy bien, estoy de pie y laburando. Estoy haciendo esta obra, el arte realmente te salva<\/b>\u201d.<\/p>\n<p class=\"paragraph font__body-regular\">Sobre los rumores que circularon en los \u00faltimos d\u00edas respecto a un posible romance con la ex de Darian \u201cRulo\u201d Schijman, el actor fue contundente: \u201c<b>En base a las especulaciones ya no me puedo meter.\u00a0<\/b>Somos todos del medio y sabemos que, si las especulaciones arrancan y vos te enganch\u00e1s, no terminan nunca m\u00e1s\u201d.<\/p>\n<figure class=\"\" data-testid=\"figure-testid\">\n<div class=\"aspect_ratio__container\"><picture class=\"responsive-image\"><source srcset=\"https:\/\/tn.com.ar\/resizer\/v2\/facundo-arana-y-maria-susini-se-separaron-tras-19-anos-en-pareja-foto-instagramfacundoaranatagle-AEOLXLRZ7RDRNFYRMGMX2YPXQ4.jpg?auth=bb7068fbf73324569f843744eee71fd4ce1fa61eb70bc3f2ecac0b5778076222&amp;width=767\" type=\"image\/jpg\" media=\"(max-width: 728px)\" \/><source srcset=\"https:\/\/tn.com.ar\/resizer\/v2\/facundo-arana-y-maria-susini-se-separaron-tras-19-anos-en-pareja-foto-instagramfacundoaranatagle-AEOLXLRZ7RDRNFYRMGMX2YPXQ4.jpg?auth=bb7068fbf73324569f843744eee71fd4ce1fa61eb70bc3f2ecac0b5778076222&amp;width=1023\" type=\"image\/jpg\" media=\"(max-width: 1023px)\" \/><source srcset=\"https:\/\/tn.com.ar\/resizer\/v2\/facundo-arana-y-maria-susini-se-separaron-tras-19-anos-en-pareja-foto-instagramfacundoaranatagle-AEOLXLRZ7RDRNFYRMGMX2YPXQ4.jpg?auth=bb7068fbf73324569f843744eee71fd4ce1fa61eb70bc3f2ecac0b5778076222&amp;width=1440\" type=\"image\/jpg\" \/><img loading=\"lazy\" decoding=\"async\" class=\"image content-image image_placeholder\" src=\"https:\/\/tn.com.ar\/resizer\/v2\/facundo-arana-y-maria-susini-se-separaron-tras-19-anos-en-pareja-foto-instagramfacundoaranatagle-AEOLXLRZ7RDRNFYRMGMX2YPXQ4.jpg?auth=bb7068fbf73324569f843744eee71fd4ce1fa61eb70bc3f2ecac0b5778076222&amp;width=767\" alt=\"Facundo Arana y Mar\u00eda Susini se separaron tras 19 a\u00f1os en pareja (Foto: Instagram\/facundoaranatagle)\" width=\"767\" height=\"430\" data-testid=\"loading-testid\" \/><\/picture><\/div><figcaption class=\"caption_image\" data-testid=\"figcaption-testid\">\n<div class=\"image_caption \">Facundo Arana y Mar\u00eda Susini se separaron tras 19 a\u00f1os en pareja (Foto: Instagram\/facundoaranatagle)<\/div>\n<\/figcaption><\/figure>\n<p class=\"paragraph font__body-regular\">Arana tambi\u00e9n explic\u00f3 por qu\u00e9 prefiere no involucrarse en los trascendidos: \u201c<b>No me engancho con eso porque est\u00e1 mi familia de por medio. Estuve con Mar\u00eda en la playa porque sigue siendo mi familia<\/b>\u201d.<\/p>\n<p class=\"paragraph font__body-regular\">Al ser consultado por su ex, el actor no dud\u00f3 en elogiarla: \u201c<b>Cuando me preguntaron por ella yo dije que es el ser humano m\u00e1s excepcional que conozco y la madre m\u00e1s excepcional que he visto<\/b>, con hijos m\u00edos o de cualquiera. Eso es todo lo que puedo decir, despu\u00e9s es entrar en algo \u00edntimo, algo nuestro\u201d.<\/p>\n<h2 class=\"font--primary font__display\">Gabriela Sari rompi\u00f3 el silencio sobre los rumores de romance con Facundo Arana: \u201cSomos familia\u201d<\/h2>\n<p class=\"paragraph font__body-regular\"><b>Facundo Arana\u00a0<\/b>y\u00a0<b>Gabriela Sari<\/b>\u00a0quedaron en los \u00faltimos d\u00edas en el centro de la escena por<b>\u00a0los rumores que trascendieron acerca de un presunto romance entre ellos.<\/b><\/p>\n<p class=\"paragraph font__body-regular\">Si bien quienes los conocen desde hace a\u00f1os saben de la amistad que los une hace tiempo,\u00a0<b>un periodista ech\u00f3 a rodar un supuesto v\u00ednculo amoroso<\/b>\u00a0entre los artistas que lo desmintieron varias veces.<\/p>\n<p class=\"paragraph font__body-regular\">Recientemente, la actriz, rompi\u00f3 el silencio acerca de todo lo que se dijo sobre ella y el gal\u00e1n. En\u00a0<i>Puro Show<\/i>\u00a0(<i>eltrece<\/i>),\u00a0<b>Gabriela Sari\u00a0<\/b>habl\u00f3 sobre su v\u00ednculo con Arana, a quien conoce desde la \u00e9poca en la que trabajaban en<i><b>\u00a0Mu\u00f1eca brava<\/b><\/i>\u00a0(<i>Telefe<\/i>).<\/p>\n<figure class=\"\" data-testid=\"figure-testid\">\n<div class=\"aspect_ratio__container\"><picture class=\"responsive-image\"><source srcset=\"https:\/\/tn.com.ar\/resizer\/v2\/rulo-se-tomo-con-humor-los-rumores-de-romance-entre-su-exnovia-gabriela-sari-y-facundo-arana-foto-instagram-rulo-gabrielasari-73ZPQZV7FVFTTJSFXQO3YJ3BHA.jpg?auth=79ef9e33dabea0e6189fbad75ade8c0cee94e49db4c73e13adf9ea8496452f78&amp;width=767\" type=\"image\/jpg\" media=\"(max-width: 728px)\" \/><source srcset=\"https:\/\/tn.com.ar\/resizer\/v2\/rulo-se-tomo-con-humor-los-rumores-de-romance-entre-su-exnovia-gabriela-sari-y-facundo-arana-foto-instagram-rulo-gabrielasari-73ZPQZV7FVFTTJSFXQO3YJ3BHA.jpg?auth=79ef9e33dabea0e6189fbad75ade8c0cee94e49db4c73e13adf9ea8496452f78&amp;width=1023\" type=\"image\/jpg\" media=\"(max-width: 1023px)\" \/><source srcset=\"https:\/\/tn.com.ar\/resizer\/v2\/rulo-se-tomo-con-humor-los-rumores-de-romance-entre-su-exnovia-gabriela-sari-y-facundo-arana-foto-instagram-rulo-gabrielasari-73ZPQZV7FVFTTJSFXQO3YJ3BHA.jpg?auth=79ef9e33dabea0e6189fbad75ade8c0cee94e49db4c73e13adf9ea8496452f78&amp;width=1440\" type=\"image\/jpg\" \/><img loading=\"lazy\" decoding=\"async\" class=\"image content-image image_placeholder\" src=\"https:\/\/tn.com.ar\/resizer\/v2\/rulo-se-tomo-con-humor-los-rumores-de-romance-entre-su-exnovia-gabriela-sari-y-facundo-arana-foto-instagram-rulo-gabrielasari-73ZPQZV7FVFTTJSFXQO3YJ3BHA.jpg?auth=79ef9e33dabea0e6189fbad75ade8c0cee94e49db4c73e13adf9ea8496452f78&amp;width=767\" alt=\"Rulo se tom\u00f3 con humor los rumores de romance entre su exnovia Gabriela Sari y Facundo Arana. (Foto: Instagram \/ Rulo \/ gabrielasari)\" width=\"767\" height=\"430\" data-testid=\"loading-testid\" \/><\/picture><\/div><figcaption class=\"caption_image\" data-testid=\"figcaption-testid\">\n<div class=\"image_caption \">Rulo se tom\u00f3 con humor los rumores de romance entre su exnovia Gabriela Sari y Facundo Arana. (Foto: Instagram \/ Rulo \/ gabrielasari)<\/div>\n<\/figcaption><\/figure>\n<p class=\"paragraph font__body-regular\">Con una sonrisa,\u00a0<b>Sari\u00a0<\/b>habl\u00f3 del posteo que hizo su expareja,\u00a0<b>Darian \u201cRulo\u201d Schijman<\/b>, que se tom\u00f3 como un chiste los comentarios que hab\u00eda. \u201cA\u00a0<b>Daro\u00a0<\/b>le encanta poner humor. As\u00ed que, que diga lo que quiera\u201d, expres\u00f3.<\/p>\n<p class=\"paragraph font__body-regular\">Luego, ahond\u00f3 en su relaci\u00f3n con\u00a0<b>Arana<\/b>. \u201c<b>Somos familia desde hace a\u00f1os<\/b>, desde que empezamos a trabajar juntos en\u00a0<i>Mu\u00f1eca Brava<\/i>, como que nos adoptamos mutuamente\u201d, remarc\u00f3.<\/p>\n<\/div>\n<p><\/main><\/div>\n<aside class=\"col-right-rail right-rail\">\n<div id=\"parent-ad-slot-caja\" class=\"ad-container caja_ad \">\n<div class=\"ad-content\"><\/div>\n<\/div>\n<\/aside>\n","protected":false},"excerpt":{"rendered":"<p>El actor cont\u00f3 c\u00f3mo atraviesa el dif\u00edcil momento familiar y enfrent\u00f3 los rumores de romance con Gabriela Sari. Facundo Arana\u00a0decidi\u00f3 enfrentar los micr\u00f3fonos y contar c\u00f3mo vive la separaci\u00f3n de\u00a0Mar\u00eda Susini, en medio de versiones que lo vinculan sentimentalmente con su amiga\u00a0Gabriela Sari. El actor eligi\u00f3 hablar de su presente y de c\u00f3mo el trabajo [&hellip;]<\/p>\n","protected":false},"author":1,"featured_media":12597,"comment_status":"open","ping_status":"open","sticky":false,"template":"","format":"standard","meta":{"rop_custom_images_group":[],"rop_custom_messages_group":[],"rop_publish_now":"initial","rop_publish_now_accounts":[],"rop_publish_now_history":[],"rop_publish_now_status":"pending","footnotes":"","jetpack_publicize_message":"","jetpack_publicize_feature_enabled":true,"jetpack_social_post_already_shared":true,"jetpack_social_options":{"image_generator_settings":{"template":"highway","enabled":false},"version":2}},"categories":[12],"tags":[],"class_list":{"0":"post-12594","1":"post","2":"type-post","3":"status-publish","4":"format-standard","5":"has-post-thumbnail","7":"category-espectaculos"},"jetpack_publicize_connections":[],"yoast_head":"<!-- This site is optimized with the Yoast SEO plugin v27.3 - https:\/\/yoast.com\/product\/yoast-seo-wordpress\/ -->\n<title>Facundo Arana revel\u00f3 c\u00f3mo sali\u00f3 adelante tras separarse de Mar\u00eda Susini: \u201cEstoy de pie\u201d - CLAN ESPECTACULOS<\/title>\n<meta name=\"robots\" content=\"index, follow, max-snippet:-1, max-image-preview:large, max-video-preview:-1\" \/>\n<link rel=\"canonical\" href=\"https:\/\/radioclanfm.com\/clanespectaculos\/facundo-arana-revelo-como-salio-adelante-tras-separarse-de-maria-susini-estoy-de-pie\/\" \/>\n<meta property=\"og:locale\" content=\"es_ES\" \/>\n<meta property=\"og:type\" content=\"article\" \/>\n<meta property=\"og:title\" content=\"Facundo Arana revel\u00f3 c\u00f3mo sali\u00f3 adelante tras separarse de Mar\u00eda Susini: \u201cEstoy de pie\u201d - CLAN ESPECTACULOS\" \/>\n<meta property=\"og:description\" content=\"El actor cont\u00f3 c\u00f3mo atraviesa el dif\u00edcil momento familiar y enfrent\u00f3 los rumores de romance con Gabriela Sari. Facundo Arana\u00a0decidi\u00f3 enfrentar los micr\u00f3fonos y contar c\u00f3mo vive la separaci\u00f3n de\u00a0Mar\u00eda Susini, en medio de versiones que lo vinculan sentimentalmente con su amiga\u00a0Gabriela Sari. El actor eligi\u00f3 hablar de su presente y de c\u00f3mo el trabajo [&hellip;]\" \/>\n<meta property=\"og:url\" content=\"https:\/\/radioclanfm.com\/clanespectaculos\/facundo-arana-revelo-como-salio-adelante-tras-separarse-de-maria-susini-estoy-de-pie\/\" \/>\n<meta property=\"og:site_name\" content=\"CLAN ESPECTACULOS\" \/>\n<meta property=\"article:publisher\" content=\"https:\/\/www.facebook.com\/clanespectaculos\/\" \/>\n<meta property=\"article:published_time\" content=\"2026-02-21T02:48:39+00:00\" \/>\n<meta property=\"og:image\" content=\"https:\/\/radioclanfm.com\/clanespectaculos\/wp-content\/uploads\/sites\/2\/2026\/02\/vQYAL9GP.jpg\" \/>\n\t<meta property=\"og:image:width\" content=\"900\" \/>\n\t<meta property=\"og:image:height\" content=\"506\" \/>\n\t<meta property=\"og:image:type\" content=\"image\/jpeg\" \/>\n<meta name=\"author\" content=\"E-GRUPOCLAN\" \/>\n<meta name=\"twitter:card\" content=\"summary_large_image\" \/>\n<meta name=\"twitter:creator\" content=\"@clanespectok\" \/>\n<meta name=\"twitter:site\" content=\"@clanespectok\" \/>\n<meta name=\"twitter:label1\" content=\"Escrito por\" \/>\n\t<meta name=\"twitter:data1\" content=\"E-GRUPOCLAN\" \/>\n\t<meta name=\"twitter:label2\" content=\"Tiempo de lectura\" \/>\n\t<meta name=\"twitter:data2\" content=\"3 minutos\" \/>\n<script type=\"application\/ld+json\" class=\"yoast-schema-graph\">{\"@context\":\"https:\\\/\\\/schema.org\",\"@graph\":[{\"@type\":\"Article\",\"@id\":\"https:\\\/\\\/radioclanfm.com\\\/clanespectaculos\\\/facundo-arana-revelo-como-salio-adelante-tras-separarse-de-maria-susini-estoy-de-pie\\\/#article\",\"isPartOf\":{\"@id\":\"https:\\\/\\\/radioclanfm.com\\\/clanespectaculos\\\/facundo-arana-revelo-como-salio-adelante-tras-separarse-de-maria-susini-estoy-de-pie\\\/\"},\"author\":{\"name\":\"E-GRUPOCLAN\",\"@id\":\"https:\\\/\\\/radioclanfm.com\\\/clanespectaculos\\\/#\\\/schema\\\/person\\\/9734813083303230f3ad84d99171b20c\"},\"headline\":\"Facundo Arana revel\u00f3 c\u00f3mo sali\u00f3 adelante tras separarse de Mar\u00eda Susini: \u201cEstoy de pie\u201d\",\"datePublished\":\"2026-02-21T02:48:39+00:00\",\"mainEntityOfPage\":{\"@id\":\"https:\\\/\\\/radioclanfm.com\\\/clanespectaculos\\\/facundo-arana-revelo-como-salio-adelante-tras-separarse-de-maria-susini-estoy-de-pie\\\/\"},\"wordCount\":549,\"commentCount\":0,\"publisher\":{\"@id\":\"https:\\\/\\\/radioclanfm.com\\\/clanespectaculos\\\/#organization\"},\"image\":{\"@id\":\"https:\\\/\\\/radioclanfm.com\\\/clanespectaculos\\\/facundo-arana-revelo-como-salio-adelante-tras-separarse-de-maria-susini-estoy-de-pie\\\/#primaryimage\"},\"thumbnailUrl\":\"https:\\\/\\\/radioclanfm.com\\\/clanespectaculos\\\/wp-content\\\/uploads\\\/sites\\\/2\\\/2026\\\/02\\\/vQYAL9GP.jpg\",\"articleSection\":[\"Espectaculos\"],\"inLanguage\":\"es-AR\",\"potentialAction\":[{\"@type\":\"CommentAction\",\"name\":\"Comment\",\"target\":[\"https:\\\/\\\/radioclanfm.com\\\/clanespectaculos\\\/facundo-arana-revelo-como-salio-adelante-tras-separarse-de-maria-susini-estoy-de-pie\\\/#respond\"]}]},{\"@type\":\"WebPage\",\"@id\":\"https:\\\/\\\/radioclanfm.com\\\/clanespectaculos\\\/facundo-arana-revelo-como-salio-adelante-tras-separarse-de-maria-susini-estoy-de-pie\\\/\",\"url\":\"https:\\\/\\\/radioclanfm.com\\\/clanespectaculos\\\/facundo-arana-revelo-como-salio-adelante-tras-separarse-de-maria-susini-estoy-de-pie\\\/\",\"name\":\"Facundo Arana revel\u00f3 c\u00f3mo sali\u00f3 adelante tras separarse de Mar\u00eda Susini: \u201cEstoy de pie\u201d - CLAN ESPECTACULOS\",\"isPartOf\":{\"@id\":\"https:\\\/\\\/radioclanfm.com\\\/clanespectaculos\\\/#website\"},\"primaryImageOfPage\":{\"@id\":\"https:\\\/\\\/radioclanfm.com\\\/clanespectaculos\\\/facundo-arana-revelo-como-salio-adelante-tras-separarse-de-maria-susini-estoy-de-pie\\\/#primaryimage\"},\"image\":{\"@id\":\"https:\\\/\\\/radioclanfm.com\\\/clanespectaculos\\\/facundo-arana-revelo-como-salio-adelante-tras-separarse-de-maria-susini-estoy-de-pie\\\/#primaryimage\"},\"thumbnailUrl\":\"https:\\\/\\\/radioclanfm.com\\\/clanespectaculos\\\/wp-content\\\/uploads\\\/sites\\\/2\\\/2026\\\/02\\\/vQYAL9GP.jpg\",\"datePublished\":\"2026-02-21T02:48:39+00:00\",\"breadcrumb\":{\"@id\":\"https:\\\/\\\/radioclanfm.com\\\/clanespectaculos\\\/facundo-arana-revelo-como-salio-adelante-tras-separarse-de-maria-susini-estoy-de-pie\\\/#breadcrumb\"},\"inLanguage\":\"es-AR\",\"potentialAction\":[{\"@type\":\"ReadAction\",\"target\":[\"https:\\\/\\\/radioclanfm.com\\\/clanespectaculos\\\/facundo-arana-revelo-como-salio-adelante-tras-separarse-de-maria-susini-estoy-de-pie\\\/\"]}]},{\"@type\":\"ImageObject\",\"inLanguage\":\"es-AR\",\"@id\":\"https:\\\/\\\/radioclanfm.com\\\/clanespectaculos\\\/facundo-arana-revelo-como-salio-adelante-tras-separarse-de-maria-susini-estoy-de-pie\\\/#primaryimage\",\"url\":\"https:\\\/\\\/radioclanfm.com\\\/clanespectaculos\\\/wp-content\\\/uploads\\\/sites\\\/2\\\/2026\\\/02\\\/vQYAL9GP.jpg\",\"contentUrl\":\"https:\\\/\\\/radioclanfm.com\\\/clanespectaculos\\\/wp-content\\\/uploads\\\/sites\\\/2\\\/2026\\\/02\\\/vQYAL9GP.jpg\",\"width\":900,\"height\":506},{\"@type\":\"BreadcrumbList\",\"@id\":\"https:\\\/\\\/radioclanfm.com\\\/clanespectaculos\\\/facundo-arana-revelo-como-salio-adelante-tras-separarse-de-maria-susini-estoy-de-pie\\\/#breadcrumb\",\"itemListElement\":[{\"@type\":\"ListItem\",\"position\":1,\"name\":\"Inicio\",\"item\":\"https:\\\/\\\/radioclanfm.com\\\/clanespectaculos\\\/\"},{\"@type\":\"ListItem\",\"position\":2,\"name\":\"Facundo Arana revel\u00f3 c\u00f3mo sali\u00f3 adelante tras separarse de Mar\u00eda Susini: \u201cEstoy de pie\u201d\"}]},{\"@type\":\"WebSite\",\"@id\":\"https:\\\/\\\/radioclanfm.com\\\/clanespectaculos\\\/#website\",\"url\":\"https:\\\/\\\/radioclanfm.com\\\/clanespectaculos\\\/\",\"name\":\"CLAN ESPECTACULOS\",\"description\":\"\",\"publisher\":{\"@id\":\"https:\\\/\\\/radioclanfm.com\\\/clanespectaculos\\\/#organization\"},\"potentialAction\":[{\"@type\":\"SearchAction\",\"target\":{\"@type\":\"EntryPoint\",\"urlTemplate\":\"https:\\\/\\\/radioclanfm.com\\\/clanespectaculos\\\/?s={search_term_string}\"},\"query-input\":{\"@type\":\"PropertyValueSpecification\",\"valueRequired\":true,\"valueName\":\"search_term_string\"}}],\"inLanguage\":\"es-AR\"},{\"@type\":\"Organization\",\"@id\":\"https:\\\/\\\/radioclanfm.com\\\/clanespectaculos\\\/#organization\",\"name\":\"CLAN ESPECTACULOS\",\"url\":\"https:\\\/\\\/radioclanfm.com\\\/clanespectaculos\\\/\",\"logo\":{\"@type\":\"ImageObject\",\"inLanguage\":\"es-AR\",\"@id\":\"https:\\\/\\\/radioclanfm.com\\\/clanespectaculos\\\/#\\\/schema\\\/logo\\\/image\\\/\",\"url\":\"https:\\\/\\\/radioclanfm.com\\\/clanespectaculos\\\/wp-content\\\/uploads\\\/sites\\\/2\\\/2026\\\/04\\\/ChatGPT-Image-23-mar-2026-10_09_00.png\",\"contentUrl\":\"https:\\\/\\\/radioclanfm.com\\\/clanespectaculos\\\/wp-content\\\/uploads\\\/sites\\\/2\\\/2026\\\/04\\\/ChatGPT-Image-23-mar-2026-10_09_00.png\",\"width\":1024,\"height\":1024,\"caption\":\"CLAN ESPECTACULOS\"},\"image\":{\"@id\":\"https:\\\/\\\/radioclanfm.com\\\/clanespectaculos\\\/#\\\/schema\\\/logo\\\/image\\\/\"},\"sameAs\":[\"https:\\\/\\\/www.facebook.com\\\/clanespectaculos\\\/\",\"https:\\\/\\\/x.com\\\/clanespectok\"]},{\"@type\":\"Person\",\"@id\":\"https:\\\/\\\/radioclanfm.com\\\/clanespectaculos\\\/#\\\/schema\\\/person\\\/9734813083303230f3ad84d99171b20c\",\"name\":\"E-GRUPOCLAN\",\"image\":{\"@type\":\"ImageObject\",\"inLanguage\":\"es-AR\",\"@id\":\"https:\\\/\\\/secure.gravatar.com\\\/avatar\\\/af6e19837c3d6a212034a48c7b3818d2ac1826f6025df0155da5a186ad321d79?s=96&d=mm&r=g\",\"url\":\"https:\\\/\\\/secure.gravatar.com\\\/avatar\\\/af6e19837c3d6a212034a48c7b3818d2ac1826f6025df0155da5a186ad321d79?s=96&d=mm&r=g\",\"contentUrl\":\"https:\\\/\\\/secure.gravatar.com\\\/avatar\\\/af6e19837c3d6a212034a48c7b3818d2ac1826f6025df0155da5a186ad321d79?s=96&d=mm&r=g\",\"caption\":\"E-GRUPOCLAN\"},\"sameAs\":[\"https:\\\/\\\/radioclanfm.com\"],\"url\":\"https:\\\/\\\/radioclanfm.com\\\/clanespectaculos\\\/author\\\/admin\\\/\"}]}<\/script>\n<!-- \/ Yoast SEO plugin. -->","yoast_head_json":{"title":"Facundo Arana revel\u00f3 c\u00f3mo sali\u00f3 adelante tras separarse de Mar\u00eda Susini: \u201cEstoy de pie\u201d - CLAN ESPECTACULOS","robots":{"index":"index","follow":"follow","max-snippet":"max-snippet:-1","max-image-preview":"max-image-preview:large","max-video-preview":"max-video-preview:-1"},"canonical":"https:\/\/radioclanfm.com\/clanespectaculos\/facundo-arana-revelo-como-salio-adelante-tras-separarse-de-maria-susini-estoy-de-pie\/","og_locale":"es_ES","og_type":"article","og_title":"Facundo Arana revel\u00f3 c\u00f3mo sali\u00f3 adelante tras separarse de Mar\u00eda Susini: \u201cEstoy de pie\u201d - CLAN ESPECTACULOS","og_description":"El actor cont\u00f3 c\u00f3mo atraviesa el dif\u00edcil momento familiar y enfrent\u00f3 los rumores de romance con Gabriela Sari. Facundo Arana\u00a0decidi\u00f3 enfrentar los micr\u00f3fonos y contar c\u00f3mo vive la separaci\u00f3n de\u00a0Mar\u00eda Susini, en medio de versiones que lo vinculan sentimentalmente con su amiga\u00a0Gabriela Sari. El actor eligi\u00f3 hablar de su presente y de c\u00f3mo el trabajo [&hellip;]","og_url":"https:\/\/radioclanfm.com\/clanespectaculos\/facundo-arana-revelo-como-salio-adelante-tras-separarse-de-maria-susini-estoy-de-pie\/","og_site_name":"CLAN ESPECTACULOS","article_publisher":"https:\/\/www.facebook.com\/clanespectaculos\/","article_published_time":"2026-02-21T02:48:39+00:00","og_image":[{"width":900,"height":506,"url":"https:\/\/radioclanfm.com\/clanespectaculos\/wp-content\/uploads\/sites\/2\/2026\/02\/vQYAL9GP.jpg","type":"image\/jpeg"}],"author":"E-GRUPOCLAN","twitter_card":"summary_large_image","twitter_creator":"@clanespectok","twitter_site":"@clanespectok","twitter_misc":{"Escrito por":"E-GRUPOCLAN","Tiempo de lectura":"3 minutos"},"schema":{"@context":"https:\/\/schema.org","@graph":[{"@type":"Article","@id":"https:\/\/radioclanfm.com\/clanespectaculos\/facundo-arana-revelo-como-salio-adelante-tras-separarse-de-maria-susini-estoy-de-pie\/#article","isPartOf":{"@id":"https:\/\/radioclanfm.com\/clanespectaculos\/facundo-arana-revelo-como-salio-adelante-tras-separarse-de-maria-susini-estoy-de-pie\/"},"author":{"name":"E-GRUPOCLAN","@id":"https:\/\/radioclanfm.com\/clanespectaculos\/#\/schema\/person\/9734813083303230f3ad84d99171b20c"},"headline":"Facundo Arana revel\u00f3 c\u00f3mo sali\u00f3 adelante tras separarse de Mar\u00eda Susini: \u201cEstoy de pie\u201d","datePublished":"2026-02-21T02:48:39+00:00","mainEntityOfPage":{"@id":"https:\/\/radioclanfm.com\/clanespectaculos\/facundo-arana-revelo-como-salio-adelante-tras-separarse-de-maria-susini-estoy-de-pie\/"},"wordCount":549,"commentCount":0,"publisher":{"@id":"https:\/\/radioclanfm.com\/clanespectaculos\/#organization"},"image":{"@id":"https:\/\/radioclanfm.com\/clanespectaculos\/facundo-arana-revelo-como-salio-adelante-tras-separarse-de-maria-susini-estoy-de-pie\/#primaryimage"},"thumbnailUrl":"https:\/\/radioclanfm.com\/clanespectaculos\/wp-content\/uploads\/sites\/2\/2026\/02\/vQYAL9GP.jpg","articleSection":["Espectaculos"],"inLanguage":"es-AR","potentialAction":[{"@type":"CommentAction","name":"Comment","target":["https:\/\/radioclanfm.com\/clanespectaculos\/facundo-arana-revelo-como-salio-adelante-tras-separarse-de-maria-susini-estoy-de-pie\/#respond"]}]},{"@type":"WebPage","@id":"https:\/\/radioclanfm.com\/clanespectaculos\/facundo-arana-revelo-como-salio-adelante-tras-separarse-de-maria-susini-estoy-de-pie\/","url":"https:\/\/radioclanfm.com\/clanespectaculos\/facundo-arana-revelo-como-salio-adelante-tras-separarse-de-maria-susini-estoy-de-pie\/","name":"Facundo Arana revel\u00f3 c\u00f3mo sali\u00f3 adelante tras separarse de Mar\u00eda Susini: \u201cEstoy de pie\u201d - CLAN ESPECTACULOS","isPartOf":{"@id":"https:\/\/radioclanfm.com\/clanespectaculos\/#website"},"primaryImageOfPage":{"@id":"https:\/\/radioclanfm.com\/clanespectaculos\/facundo-arana-revelo-como-salio-adelante-tras-separarse-de-maria-susini-estoy-de-pie\/#primaryimage"},"image":{"@id":"https:\/\/radioclanfm.com\/clanespectaculos\/facundo-arana-revelo-como-salio-adelante-tras-separarse-de-maria-susini-estoy-de-pie\/#primaryimage"},"thumbnailUrl":"https:\/\/radioclanfm.com\/clanespectaculos\/wp-content\/uploads\/sites\/2\/2026\/02\/vQYAL9GP.jpg","datePublished":"2026-02-21T02:48:39+00:00","breadcrumb":{"@id":"https:\/\/radioclanfm.com\/clanespectaculos\/facundo-arana-revelo-como-salio-adelante-tras-separarse-de-maria-susini-estoy-de-pie\/#breadcrumb"},"inLanguage":"es-AR","potentialAction":[{"@type":"ReadAction","target":["https:\/\/radioclanfm.com\/clanespectaculos\/facundo-arana-revelo-como-salio-adelante-tras-separarse-de-maria-susini-estoy-de-pie\/"]}]},{"@type":"ImageObject","inLanguage":"es-AR","@id":"https:\/\/radioclanfm.com\/clanespectaculos\/facundo-arana-revelo-como-salio-adelante-tras-separarse-de-maria-susini-estoy-de-pie\/#primaryimage","url":"https:\/\/radioclanfm.com\/clanespectaculos\/wp-content\/uploads\/sites\/2\/2026\/02\/vQYAL9GP.jpg","contentUrl":"https:\/\/radioclanfm.com\/clanespectaculos\/wp-content\/uploads\/sites\/2\/2026\/02\/vQYAL9GP.jpg","width":900,"height":506},{"@type":"BreadcrumbList","@id":"https:\/\/radioclanfm.com\/clanespectaculos\/facundo-arana-revelo-como-salio-adelante-tras-separarse-de-maria-susini-estoy-de-pie\/#breadcrumb","itemListElement":[{"@type":"ListItem","position":1,"name":"Inicio","item":"https:\/\/radioclanfm.com\/clanespectaculos\/"},{"@type":"ListItem","position":2,"name":"Facundo Arana revel\u00f3 c\u00f3mo sali\u00f3 adelante tras separarse de Mar\u00eda Susini: \u201cEstoy de pie\u201d"}]},{"@type":"WebSite","@id":"https:\/\/radioclanfm.com\/clanespectaculos\/#website","url":"https:\/\/radioclanfm.com\/clanespectaculos\/","name":"CLAN ESPECTACULOS","description":"","publisher":{"@id":"https:\/\/radioclanfm.com\/clanespectaculos\/#organization"},"potentialAction":[{"@type":"SearchAction","target":{"@type":"EntryPoint","urlTemplate":"https:\/\/radioclanfm.com\/clanespectaculos\/?s={search_term_string}"},"query-input":{"@type":"PropertyValueSpecification","valueRequired":true,"valueName":"search_term_string"}}],"inLanguage":"es-AR"},{"@type":"Organization","@id":"https:\/\/radioclanfm.com\/clanespectaculos\/#organization","name":"CLAN ESPECTACULOS","url":"https:\/\/radioclanfm.com\/clanespectaculos\/","logo":{"@type":"ImageObject","inLanguage":"es-AR","@id":"https:\/\/radioclanfm.com\/clanespectaculos\/#\/schema\/logo\/image\/","url":"https:\/\/radioclanfm.com\/clanespectaculos\/wp-content\/uploads\/sites\/2\/2026\/04\/ChatGPT-Image-23-mar-2026-10_09_00.png","contentUrl":"https:\/\/radioclanfm.com\/clanespectaculos\/wp-content\/uploads\/sites\/2\/2026\/04\/ChatGPT-Image-23-mar-2026-10_09_00.png","width":1024,"height":1024,"caption":"CLAN ESPECTACULOS"},"image":{"@id":"https:\/\/radioclanfm.com\/clanespectaculos\/#\/schema\/logo\/image\/"},"sameAs":["https:\/\/www.facebook.com\/clanespectaculos\/","https:\/\/x.com\/clanespectok"]},{"@type":"Person","@id":"https:\/\/radioclanfm.com\/clanespectaculos\/#\/schema\/person\/9734813083303230f3ad84d99171b20c","name":"E-GRUPOCLAN","image":{"@type":"ImageObject","inLanguage":"es-AR","@id":"https:\/\/secure.gravatar.com\/avatar\/af6e19837c3d6a212034a48c7b3818d2ac1826f6025df0155da5a186ad321d79?s=96&d=mm&r=g","url":"https:\/\/secure.gravatar.com\/avatar\/af6e19837c3d6a212034a48c7b3818d2ac1826f6025df0155da5a186ad321d79?s=96&d=mm&r=g","contentUrl":"https:\/\/secure.gravatar.com\/avatar\/af6e19837c3d6a212034a48c7b3818d2ac1826f6025df0155da5a186ad321d79?s=96&d=mm&r=g","caption":"E-GRUPOCLAN"},"sameAs":["https:\/\/radioclanfm.com"],"url":"https:\/\/radioclanfm.com\/clanespectaculos\/author\/admin\/"}]}},"_links":{"self":[{"href":"https:\/\/radioclanfm.com\/clanespectaculos\/wp-json\/wp\/v2\/posts\/12594","targetHints":{"allow":["GET"]}}],"collection":[{"href":"https:\/\/radioclanfm.com\/clanespectaculos\/wp-json\/wp\/v2\/posts"}],"about":[{"href":"https:\/\/radioclanfm.com\/clanespectaculos\/wp-json\/wp\/v2\/types\/post"}],"author":[{"embeddable":true,"href":"https:\/\/radioclanfm.com\/clanespectaculos\/wp-json\/wp\/v2\/users\/1"}],"replies":[{"embeddable":true,"href":"https:\/\/radioclanfm.com\/clanespectaculos\/wp-json\/wp\/v2\/comments?post=12594"}],"version-history":[{"count":1,"href":"https:\/\/radioclanfm.com\/clanespectaculos\/wp-json\/wp\/v2\/posts\/12594\/revisions"}],"predecessor-version":[{"id":12598,"href":"https:\/\/radioclanfm.com\/clanespectaculos\/wp-json\/wp\/v2\/posts\/12594\/revisions\/12598"}],"wp:featuredmedia":[{"embeddable":true,"href":"https:\/\/radioclanfm.com\/clanespectaculos\/wp-json\/wp\/v2\/media\/12597"}],"wp:attachment":[{"href":"https:\/\/radioclanfm.com\/clanespectaculos\/wp-json\/wp\/v2\/media?parent=12594"}],"wp:term":[{"taxonomy":"category","embeddable":true,"href":"https:\/\/radioclanfm.com\/clanespectaculos\/wp-json\/wp\/v2\/categories?post=12594"},{"taxonomy":"post_tag","embeddable":true,"href":"https:\/\/radioclanfm.com\/clanespectaculos\/wp-json\/wp\/v2\/tags?post=12594"}],"curies":[{"name":"wp","href":"https:\/\/api.w.org\/{rel}","templated":true}]}}