{"id":12579,"date":"2026-02-20T23:44:03","date_gmt":"2026-02-21T02:44:03","guid":{"rendered":"https:\/\/radioclanfm.com\/clanespectaculos\/?p=12579"},"modified":"2026-02-20T23:44:03","modified_gmt":"2026-02-21T02:44:03","slug":"epoca-de-liquidaciones-que-prendas-elegir-en-rebajas-para-armar-un-vestidor-funcional-y-versatil","status":"publish","type":"post","link":"https:\/\/radioclanfm.com\/clanespectaculos\/epoca-de-liquidaciones-que-prendas-elegir-en-rebajas-para-armar-un-vestidor-funcional-y-versatil\/","title":{"rendered":"\u00c9poca de liquidaciones: qu\u00e9 prendas elegir en rebajas para armar un vestidor funcional y vers\u00e1til"},"content":{"rendered":"<p>Mientras anticipa lo que se viene para el invierno, Adriana Costantini propone b\u00e1sicos para aprovechar la liquidaci\u00f3n.<\/p>\n<p class=\"paragraph font__body-regular\">Las\u00a0<b>liquidaciones\u00a0<\/b>son el momento ideal para\u00a0<b>comprar con estrategia.\u00a0<\/b>M\u00e1s all\u00e1 de las tendencias pasajeras, aprovechar las\u00a0<b>rebajas\u00a0<\/b>para sumar\u00a0<b>b\u00e1sicos atemporales\u00a0<\/b>puede ser la clave de un fondo de armario vers\u00e1til y duradero. En esa l\u00ednea,\u00a0<b>Adriana Costantini<\/b><b>\u00a0<\/b>propone invertir en los\u00a0<b>cl\u00e1sicos\u00a0<\/b>de la marca que temporada tras temporada se resignifican sin perder vigencia.<\/p>\n<div class=\"AV6543bedcd858799fe90b5c47\">\n<div id=\"aniBox\">\n<div id=\"aniplayer_AV6543bedcd858799fe90b5c47-1771641795409\">\n<div id=\"aniplayer_AV6543bedcd858799fe90b5c47-1771641795409gui\">\n<div id=\"av-caption\">\n<div id=\"av-close-btn-overlay\" class=\"av-pos-top-left\"><\/div>\n<\/div>\n<\/div>\n<\/div>\n<\/div>\n<\/div>\n<p class=\"paragraph font__body-regular\" data-mrf-recirculation=\"IL_RNrGCM52Q_ui4aMax3fibg\" data-testid=\"text-html\" data-mrf-experience=\"IL_RNrGCM52Q_ui4aMax3fibg\">\n<p class=\"paragraph font__body-regular\"><b>\u201cLos fondos de armario ideales son los cl\u00e1sicos de la marca como remerones, prendas de denim livianas y blazers de lino que contin\u00faan todos los a\u00f1os\u201d<\/b>, explic\u00f3\u00a0<b>Elio De Angeli<\/b>, director creativo de la firma. Piezas que no entienden de estaciones y que se adaptan tanto a looks urbanos como a propuestas m\u00e1s sofisticadas.<\/p>\n<h2 class=\"font--primary font__display\">Remerones y denim: los aliados todoterreno<\/h2>\n<p class=\"paragraph font__body-regular\">Las<b>\u00a0siluetas amplias, c\u00f3modas y elegantes<\/b>\u00a0son parte del ADN Costantini. Los remerones en\u00a0<b>tonos neutros<\/b>\u00a0funcionan como comodines que se pueden combinar con pantalones sastreros, jeans o incluso faldas m\u00e1s formales. En la misma l\u00ednea, las\u00a0<b>camisas de denim liviano\u00a0<\/b>son una inversi\u00f3n segura: se llevan abiertas sobre musculosas, cerradas como prenda principal o incluso anudadas para un estilismo m\u00e1s relajado.<\/p>\n<figure class=\"\" data-testid=\"figure-testid\">\n<div class=\"aspect_ratio__container\"><picture class=\"responsive-image\"><source srcset=\"https:\/\/tn.com.ar\/resizer\/v2\/denim-remerones-una-apuesta-que-no-falla-foto-adriana-costantini-L4PPNPUD3FEGHK6USJGN4OIO4A.png?auth=52728edcd43b5f5885f6435400b267cd4e77ed8638a975565616199c60e2ab6f&amp;width=767\" type=\"image\/jpg\" media=\"(max-width: 728px)\" \/><source srcset=\"https:\/\/tn.com.ar\/resizer\/v2\/denim-remerones-una-apuesta-que-no-falla-foto-adriana-costantini-L4PPNPUD3FEGHK6USJGN4OIO4A.png?auth=52728edcd43b5f5885f6435400b267cd4e77ed8638a975565616199c60e2ab6f&amp;width=1023\" type=\"image\/jpg\" media=\"(max-width: 1023px)\" \/><source srcset=\"https:\/\/tn.com.ar\/resizer\/v2\/denim-remerones-una-apuesta-que-no-falla-foto-adriana-costantini-L4PPNPUD3FEGHK6USJGN4OIO4A.png?auth=52728edcd43b5f5885f6435400b267cd4e77ed8638a975565616199c60e2ab6f&amp;width=1440\" type=\"image\/jpg\" \/><img loading=\"lazy\" decoding=\"async\" class=\"image content-image image_placeholder\" src=\"https:\/\/tn.com.ar\/resizer\/v2\/denim-remerones-una-apuesta-que-no-falla-foto-adriana-costantini-L4PPNPUD3FEGHK6USJGN4OIO4A.png?auth=52728edcd43b5f5885f6435400b267cd4e77ed8638a975565616199c60e2ab6f&amp;width=767\" alt=\"Denim + remerones, una apuesta que no falla. (Foto: Adriana Costantini)\" width=\"767\" height=\"1411\" data-testid=\"loading-testid\" \/><\/picture><\/div><figcaption class=\"caption_image\" data-testid=\"figcaption-testid\">\n<div class=\"image_caption \">Denim + remerones, una apuesta que no falla. (Foto: Adriana Costantini)<\/div>\n<\/figcaption><\/figure>\n<p class=\"paragraph font__body-regular\">El denim, adem\u00e1s, atraviesa las temporadas sin perder protagonismo, convirti\u00e9ndose en uno de los grandes aliados del guardarropa inteligente.<\/p>\n<h2 class=\"font--primary font__display\">Blazers de lino y equipos de cocktail atemporales<\/h2>\n<p class=\"paragraph font__body-regular\">Si hay una prenda que sintetiza elegancia y versatilidad es el\u00a0<b>blazer de lino.\u00a0<\/b>Liviano, estructurado pero fresco, se adapta tanto a un\u00a0<b>look de oficina<\/b>\u00a0como a una\u00a0<b>salida nocturna.\u00a0<\/b>En rebajas, sumar uno en<b>\u00a0tonos neutros como blanco, beige o azul marino<\/b>\u00a0es una decisi\u00f3n estrat\u00e9gica.<\/p>\n<figure class=\"\" data-testid=\"figure-testid\">\n<div class=\"aspect_ratio__container\"><picture class=\"responsive-image\"><source srcset=\"https:\/\/tn.com.ar\/resizer\/v2\/el-blazer-de-lino-es-una-inversion-estrategica-para-el-vestidor-foto-adriana-costantini-TZEAT3F44JHT7MZEOFXZ56SDXM.png?auth=4138baa23d080d826d46a5d06d6c5b17fe33efd5459af2990b8ce1bf831e0ae3&amp;width=767\" type=\"image\/jpg\" media=\"(max-width: 728px)\" \/><source srcset=\"https:\/\/tn.com.ar\/resizer\/v2\/el-blazer-de-lino-es-una-inversion-estrategica-para-el-vestidor-foto-adriana-costantini-TZEAT3F44JHT7MZEOFXZ56SDXM.png?auth=4138baa23d080d826d46a5d06d6c5b17fe33efd5459af2990b8ce1bf831e0ae3&amp;width=1023\" type=\"image\/jpg\" media=\"(max-width: 1023px)\" \/><source srcset=\"https:\/\/tn.com.ar\/resizer\/v2\/el-blazer-de-lino-es-una-inversion-estrategica-para-el-vestidor-foto-adriana-costantini-TZEAT3F44JHT7MZEOFXZ56SDXM.png?auth=4138baa23d080d826d46a5d06d6c5b17fe33efd5459af2990b8ce1bf831e0ae3&amp;width=1440\" type=\"image\/jpg\" \/><img loading=\"lazy\" decoding=\"async\" class=\"image content-image image_placeholder\" src=\"https:\/\/tn.com.ar\/resizer\/v2\/el-blazer-de-lino-es-una-inversion-estrategica-para-el-vestidor-foto-adriana-costantini-TZEAT3F44JHT7MZEOFXZ56SDXM.png?auth=4138baa23d080d826d46a5d06d6c5b17fe33efd5459af2990b8ce1bf831e0ae3&amp;width=767\" alt=\"El blazer de lino es una inversi\u00f3n estrat\u00e9gica para el vestidor. (Foto: Adriana Costantini)\" width=\"767\" height=\"1130\" data-testid=\"loading-testid\" \/><\/picture><\/div><figcaption class=\"caption_image\" data-testid=\"figcaption-testid\">\n<div class=\"image_caption \">El blazer de lino es una inversi\u00f3n estrat\u00e9gica para el vestidor. (Foto: Adriana Costantini)<\/div>\n<\/figcaption><\/figure>\n<p class=\"paragraph font__body-regular\">Otro acierto son los\u00a0<b>equipos de\u00a0<\/b><i><b>cocktail\u00a0<\/b><\/i><b>atemporales<\/b>: conjuntos<b>\u00a0satinados, blusas fluidas o pantalones de corte cl\u00e1sico\u00a0<\/b>que pueden reutilizarse en eventos, celebraciones o reuniones especiales. La clave est\u00e1 en elegir cortes nobles y colores que no pasen de moda.<\/p>\n<figure class=\"\" data-testid=\"figure-testid\">\n<div class=\"aspect_ratio__container\"><picture class=\"responsive-image\"><source srcset=\"https:\/\/tn.com.ar\/resizer\/v2\/conjuntos-de-cocktail-indispensables-del-armario-foto-adriana-costantini-QDODVMK6DVEDLFSQY7UPRYUWJA.jpg?auth=7dcd1a177e87466a73410e7a1bc1cc44ded57ce7c318866d19e3775b2c6073d3&amp;width=767\" type=\"image\/jpg\" media=\"(max-width: 728px)\" \/><source srcset=\"https:\/\/tn.com.ar\/resizer\/v2\/conjuntos-de-cocktail-indispensables-del-armario-foto-adriana-costantini-QDODVMK6DVEDLFSQY7UPRYUWJA.jpg?auth=7dcd1a177e87466a73410e7a1bc1cc44ded57ce7c318866d19e3775b2c6073d3&amp;width=1023\" type=\"image\/jpg\" media=\"(max-width: 1023px)\" \/><source srcset=\"https:\/\/tn.com.ar\/resizer\/v2\/conjuntos-de-cocktail-indispensables-del-armario-foto-adriana-costantini-QDODVMK6DVEDLFSQY7UPRYUWJA.jpg?auth=7dcd1a177e87466a73410e7a1bc1cc44ded57ce7c318866d19e3775b2c6073d3&amp;width=1440\" type=\"image\/jpg\" \/><img loading=\"lazy\" decoding=\"async\" class=\"image content-image image_placeholder\" src=\"https:\/\/tn.com.ar\/resizer\/v2\/conjuntos-de-cocktail-indispensables-del-armario-foto-adriana-costantini-QDODVMK6DVEDLFSQY7UPRYUWJA.jpg?auth=7dcd1a177e87466a73410e7a1bc1cc44ded57ce7c318866d19e3775b2c6073d3&amp;width=767\" alt=\"Conjuntos de cocktail, indispensables del armario. (Foto: Adriana Costantini)\" width=\"767\" height=\"1151\" data-testid=\"loading-testid\" \/><\/picture><\/div><figcaption class=\"caption_image\" data-testid=\"figcaption-testid\">\n<div class=\"image_caption \">Conjuntos de cocktail, indispensables del armario. (Foto: Adriana Costantini)<\/div>\n<\/figcaption><\/figure>\n<h2 class=\"font--primary font__display\">Oto\u00f1o-Invierno 2026: adelantate a lo que se viene<\/h2>\n<p class=\"paragraph font__body-regular\">La pr\u00f3xima\u00a0<b>colecci\u00f3n Oto\u00f1o-Invierno 26\u00a0<\/b>de Adriana Costantini refuerza esta idea con un mensaje claro: dise\u00f1ar<b>\u00a0prendas pensadas para acompa\u00f1ar cada paso y dejar huella.\u00a0<\/b>El punto de partida es un combo que sintetiza el sello de la casa:<b>\u00a0la versatilidad del denim combinada con la calidez del tejido.<\/b><\/p>\n<p class=\"paragraph font__body-regular\">Si hay un tono que define la temporada es el\u00a0<b>chocolate<\/b>. \u201cEl chocolate es el nuevo negro\u201d, anticipan desde la marca. Se trata de una<b>\u00a0paleta sobria que redefine los b\u00e1sicos y aporta sofisticaci\u00f3n sin estridencias.<\/b><\/p>\n<figure class=\"\" data-testid=\"figure-testid\">\n<div class=\"aspect_ratio__container\"><picture class=\"responsive-image\"><source srcset=\"https:\/\/tn.com.ar\/resizer\/v2\/tejidos-y-denim-lo-nuevo-de-adriana-costantini-para-el-invierno-foto-adriana-costantini-FQYBH4GTZFGLFGUAKVV3HEEDSU.jpg?auth=6143716f728cda1d017291d8d619fcfa337221972271af5c2674050e3337d2af&amp;width=767\" type=\"image\/jpg\" media=\"(max-width: 728px)\" \/><source srcset=\"https:\/\/tn.com.ar\/resizer\/v2\/tejidos-y-denim-lo-nuevo-de-adriana-costantini-para-el-invierno-foto-adriana-costantini-FQYBH4GTZFGLFGUAKVV3HEEDSU.jpg?auth=6143716f728cda1d017291d8d619fcfa337221972271af5c2674050e3337d2af&amp;width=1023\" type=\"image\/jpg\" media=\"(max-width: 1023px)\" \/><source srcset=\"https:\/\/tn.com.ar\/resizer\/v2\/tejidos-y-denim-lo-nuevo-de-adriana-costantini-para-el-invierno-foto-adriana-costantini-FQYBH4GTZFGLFGUAKVV3HEEDSU.jpg?auth=6143716f728cda1d017291d8d619fcfa337221972271af5c2674050e3337d2af&amp;width=1440\" type=\"image\/jpg\" \/><img loading=\"lazy\" decoding=\"async\" class=\"image content-image image_placeholder\" src=\"https:\/\/tn.com.ar\/resizer\/v2\/tejidos-y-denim-lo-nuevo-de-adriana-costantini-para-el-invierno-foto-adriana-costantini-FQYBH4GTZFGLFGUAKVV3HEEDSU.jpg?auth=6143716f728cda1d017291d8d619fcfa337221972271af5c2674050e3337d2af&amp;width=767\" alt=\"Tejidos y denim: lo nuevo de Adriana Costantini para el invierno. (Foto: Adriana Costantini)\" width=\"767\" height=\"1023\" data-testid=\"loading-testid\" \/><\/picture><\/div><figcaption class=\"caption_image\" data-testid=\"figcaption-testid\">\n<div class=\"image_caption \">Tejidos y denim: lo nuevo de Adriana Costantini para el invierno. (Foto: Adriana Costantini)<\/div>\n<\/figcaption><\/figure>\n<p class=\"paragraph font__body-regular\">Entre las piezas clave aparece el<b>\u00a0pantal\u00f3n de corte barrel<\/b>, una silueta que toma lo mejor de las tendencias globales y lo traduce en una prenda atemporal. Combinado con una\u00a0<b>b\u00e1sica<\/b>\u00a0esencial, representa lo que la firma define como<b>\u00a0\u201cmodernidad eterna\u201d: moda con identidad, pensada para trascender la temporada.<\/b><\/p>\n<figure class=\"\" data-testid=\"figure-testid\">\n<div class=\"aspect_ratio__container\"><picture class=\"responsive-image\"><source srcset=\"https:\/\/tn.com.ar\/resizer\/v2\/el-color-chocolate-es-el-nuevo-negro-foto-adriana-costantini-FPLVGUIPJVFSNOGKUU5IRVP4NA.jpg?auth=383e80bd1da3a073b639a2ddc402b02ef24f3dd05417316ea4e02e2e3781280d&amp;width=767\" type=\"image\/jpg\" media=\"(max-width: 728px)\" \/><source srcset=\"https:\/\/tn.com.ar\/resizer\/v2\/el-color-chocolate-es-el-nuevo-negro-foto-adriana-costantini-FPLVGUIPJVFSNOGKUU5IRVP4NA.jpg?auth=383e80bd1da3a073b639a2ddc402b02ef24f3dd05417316ea4e02e2e3781280d&amp;width=1023\" type=\"image\/jpg\" media=\"(max-width: 1023px)\" \/><source srcset=\"https:\/\/tn.com.ar\/resizer\/v2\/el-color-chocolate-es-el-nuevo-negro-foto-adriana-costantini-FPLVGUIPJVFSNOGKUU5IRVP4NA.jpg?auth=383e80bd1da3a073b639a2ddc402b02ef24f3dd05417316ea4e02e2e3781280d&amp;width=1440\" type=\"image\/jpg\" \/><img loading=\"lazy\" decoding=\"async\" class=\"image content-image image_placeholder\" src=\"https:\/\/tn.com.ar\/resizer\/v2\/el-color-chocolate-es-el-nuevo-negro-foto-adriana-costantini-FPLVGUIPJVFSNOGKUU5IRVP4NA.jpg?auth=383e80bd1da3a073b639a2ddc402b02ef24f3dd05417316ea4e02e2e3781280d&amp;width=767\" alt=\"El color chocolate es el nuevo negro. (Foto: Adriana Costantini)\" width=\"767\" height=\"1364\" data-testid=\"loading-testid\" \/><\/picture><\/div><figcaption class=\"caption_image\" data-testid=\"figcaption-testid\">\n<div class=\"image_caption \">El color chocolate es el nuevo negro. (Foto: Adriana Costantini)<\/div>\n<\/figcaption><\/figure>\n<p class=\"paragraph font__body-regular\">La filosof\u00eda detr\u00e1s de la colecci\u00f3n es clara: no dise\u00f1ar para una sola temporada, sino crear\u00a0<b>prendas y texturas hechas para durar.<\/b><\/p>\n<p class=\"paragraph font__body-regular\">Pensar las rebajas como una\u00a0<b>inversi\u00f3n\u00a0<\/b>y no como una compra impulsiva permite construir un vestidor coherente, funcional y con identidad. Apostar por los cl\u00e1sicos de Adriana Costantini y sumar algunas piezas que anticipen el Oto\u00f1o-Invierno 26 es la f\u00f3rmula perfecta para renovar el armario hoy y estar lista para dejar huella ma\u00f1ana.<\/p>\n","protected":false},"excerpt":{"rendered":"<p>Mientras anticipa lo que se viene para el invierno, Adriana Costantini propone b\u00e1sicos para aprovechar la liquidaci\u00f3n. Las\u00a0liquidaciones\u00a0son el momento ideal para\u00a0comprar con estrategia.\u00a0M\u00e1s all\u00e1 de las tendencias pasajeras, aprovechar las\u00a0rebajas\u00a0para sumar\u00a0b\u00e1sicos atemporales\u00a0puede ser la clave de un fondo de armario vers\u00e1til y duradero. En esa l\u00ednea,\u00a0Adriana Costantini\u00a0propone invertir en los\u00a0cl\u00e1sicos\u00a0de la marca que temporada [&hellip;]<\/p>\n","protected":false},"author":1,"featured_media":12582,"comment_status":"open","ping_status":"open","sticky":false,"template":"","format":"standard","meta":{"rop_custom_images_group":[],"rop_custom_messages_group":[],"rop_publish_now":"initial","rop_publish_now_accounts":[],"rop_publish_now_history":[],"rop_publish_now_status":"pending","footnotes":"","jetpack_publicize_message":"","jetpack_publicize_feature_enabled":true,"jetpack_social_post_already_shared":true,"jetpack_social_options":{"image_generator_settings":{"template":"highway","enabled":false},"version":2}},"categories":[16],"tags":[],"class_list":{"0":"post-12579","1":"post","2":"type-post","3":"status-publish","4":"format-standard","5":"has-post-thumbnail","7":"category-tendencias"},"jetpack_publicize_connections":[],"yoast_head":"<!-- This site is optimized with the Yoast SEO plugin v27.3 - https:\/\/yoast.com\/product\/yoast-seo-wordpress\/ -->\n<title>\u00c9poca de liquidaciones: qu\u00e9 prendas elegir en rebajas para armar un vestidor funcional y vers\u00e1til - CLAN ESPECTACULOS<\/title>\n<meta name=\"robots\" content=\"index, follow, max-snippet:-1, max-image-preview:large, max-video-preview:-1\" \/>\n<link rel=\"canonical\" href=\"https:\/\/radioclanfm.com\/clanespectaculos\/epoca-de-liquidaciones-que-prendas-elegir-en-rebajas-para-armar-un-vestidor-funcional-y-versatil\/\" \/>\n<meta property=\"og:locale\" content=\"es_ES\" \/>\n<meta property=\"og:type\" content=\"article\" \/>\n<meta property=\"og:title\" content=\"\u00c9poca de liquidaciones: qu\u00e9 prendas elegir en rebajas para armar un vestidor funcional y vers\u00e1til - CLAN ESPECTACULOS\" \/>\n<meta property=\"og:description\" content=\"Mientras anticipa lo que se viene para el invierno, Adriana Costantini propone b\u00e1sicos para aprovechar la liquidaci\u00f3n. Las\u00a0liquidaciones\u00a0son el momento ideal para\u00a0comprar con estrategia.\u00a0M\u00e1s all\u00e1 de las tendencias pasajeras, aprovechar las\u00a0rebajas\u00a0para sumar\u00a0b\u00e1sicos atemporales\u00a0puede ser la clave de un fondo de armario vers\u00e1til y duradero. En esa l\u00ednea,\u00a0Adriana Costantini\u00a0propone invertir en los\u00a0cl\u00e1sicos\u00a0de la marca que temporada [&hellip;]\" \/>\n<meta property=\"og:url\" content=\"https:\/\/radioclanfm.com\/clanespectaculos\/epoca-de-liquidaciones-que-prendas-elegir-en-rebajas-para-armar-un-vestidor-funcional-y-versatil\/\" \/>\n<meta property=\"og:site_name\" content=\"CLAN ESPECTACULOS\" \/>\n<meta property=\"article:publisher\" content=\"https:\/\/www.facebook.com\/clanespectaculos\/\" \/>\n<meta property=\"article:published_time\" content=\"2026-02-21T02:44:03+00:00\" \/>\n<meta property=\"og:image\" content=\"https:\/\/radioclanfm.com\/clanespectaculos\/wp-content\/uploads\/sites\/2\/2026\/02\/kfUEh3a8.jpg\" \/>\n\t<meta property=\"og:image:width\" content=\"900\" \/>\n\t<meta property=\"og:image:height\" content=\"507\" \/>\n\t<meta property=\"og:image:type\" content=\"image\/jpeg\" \/>\n<meta name=\"author\" content=\"E-GRUPOCLAN\" \/>\n<meta name=\"twitter:card\" content=\"summary_large_image\" \/>\n<meta name=\"twitter:creator\" content=\"@clanespectok\" \/>\n<meta name=\"twitter:site\" content=\"@clanespectok\" \/>\n<meta name=\"twitter:label1\" content=\"Escrito por\" \/>\n\t<meta name=\"twitter:data1\" content=\"E-GRUPOCLAN\" \/>\n\t<meta name=\"twitter:label2\" content=\"Tiempo de lectura\" \/>\n\t<meta name=\"twitter:data2\" content=\"3 minutos\" \/>\n<script type=\"application\/ld+json\" class=\"yoast-schema-graph\">{\"@context\":\"https:\\\/\\\/schema.org\",\"@graph\":[{\"@type\":\"Article\",\"@id\":\"https:\\\/\\\/radioclanfm.com\\\/clanespectaculos\\\/epoca-de-liquidaciones-que-prendas-elegir-en-rebajas-para-armar-un-vestidor-funcional-y-versatil\\\/#article\",\"isPartOf\":{\"@id\":\"https:\\\/\\\/radioclanfm.com\\\/clanespectaculos\\\/epoca-de-liquidaciones-que-prendas-elegir-en-rebajas-para-armar-un-vestidor-funcional-y-versatil\\\/\"},\"author\":{\"name\":\"E-GRUPOCLAN\",\"@id\":\"https:\\\/\\\/radioclanfm.com\\\/clanespectaculos\\\/#\\\/schema\\\/person\\\/9734813083303230f3ad84d99171b20c\"},\"headline\":\"\u00c9poca de liquidaciones: qu\u00e9 prendas elegir en rebajas para armar un vestidor funcional y vers\u00e1til\",\"datePublished\":\"2026-02-21T02:44:03+00:00\",\"mainEntityOfPage\":{\"@id\":\"https:\\\/\\\/radioclanfm.com\\\/clanespectaculos\\\/epoca-de-liquidaciones-que-prendas-elegir-en-rebajas-para-armar-un-vestidor-funcional-y-versatil\\\/\"},\"wordCount\":640,\"commentCount\":0,\"publisher\":{\"@id\":\"https:\\\/\\\/radioclanfm.com\\\/clanespectaculos\\\/#organization\"},\"image\":{\"@id\":\"https:\\\/\\\/radioclanfm.com\\\/clanespectaculos\\\/epoca-de-liquidaciones-que-prendas-elegir-en-rebajas-para-armar-un-vestidor-funcional-y-versatil\\\/#primaryimage\"},\"thumbnailUrl\":\"https:\\\/\\\/radioclanfm.com\\\/clanespectaculos\\\/wp-content\\\/uploads\\\/sites\\\/2\\\/2026\\\/02\\\/kfUEh3a8.jpg\",\"articleSection\":[\"TENDENCIAS\"],\"inLanguage\":\"es-AR\",\"potentialAction\":[{\"@type\":\"CommentAction\",\"name\":\"Comment\",\"target\":[\"https:\\\/\\\/radioclanfm.com\\\/clanespectaculos\\\/epoca-de-liquidaciones-que-prendas-elegir-en-rebajas-para-armar-un-vestidor-funcional-y-versatil\\\/#respond\"]}]},{\"@type\":\"WebPage\",\"@id\":\"https:\\\/\\\/radioclanfm.com\\\/clanespectaculos\\\/epoca-de-liquidaciones-que-prendas-elegir-en-rebajas-para-armar-un-vestidor-funcional-y-versatil\\\/\",\"url\":\"https:\\\/\\\/radioclanfm.com\\\/clanespectaculos\\\/epoca-de-liquidaciones-que-prendas-elegir-en-rebajas-para-armar-un-vestidor-funcional-y-versatil\\\/\",\"name\":\"\u00c9poca de liquidaciones: qu\u00e9 prendas elegir en rebajas para armar un vestidor funcional y vers\u00e1til - CLAN ESPECTACULOS\",\"isPartOf\":{\"@id\":\"https:\\\/\\\/radioclanfm.com\\\/clanespectaculos\\\/#website\"},\"primaryImageOfPage\":{\"@id\":\"https:\\\/\\\/radioclanfm.com\\\/clanespectaculos\\\/epoca-de-liquidaciones-que-prendas-elegir-en-rebajas-para-armar-un-vestidor-funcional-y-versatil\\\/#primaryimage\"},\"image\":{\"@id\":\"https:\\\/\\\/radioclanfm.com\\\/clanespectaculos\\\/epoca-de-liquidaciones-que-prendas-elegir-en-rebajas-para-armar-un-vestidor-funcional-y-versatil\\\/#primaryimage\"},\"thumbnailUrl\":\"https:\\\/\\\/radioclanfm.com\\\/clanespectaculos\\\/wp-content\\\/uploads\\\/sites\\\/2\\\/2026\\\/02\\\/kfUEh3a8.jpg\",\"datePublished\":\"2026-02-21T02:44:03+00:00\",\"breadcrumb\":{\"@id\":\"https:\\\/\\\/radioclanfm.com\\\/clanespectaculos\\\/epoca-de-liquidaciones-que-prendas-elegir-en-rebajas-para-armar-un-vestidor-funcional-y-versatil\\\/#breadcrumb\"},\"inLanguage\":\"es-AR\",\"potentialAction\":[{\"@type\":\"ReadAction\",\"target\":[\"https:\\\/\\\/radioclanfm.com\\\/clanespectaculos\\\/epoca-de-liquidaciones-que-prendas-elegir-en-rebajas-para-armar-un-vestidor-funcional-y-versatil\\\/\"]}]},{\"@type\":\"ImageObject\",\"inLanguage\":\"es-AR\",\"@id\":\"https:\\\/\\\/radioclanfm.com\\\/clanespectaculos\\\/epoca-de-liquidaciones-que-prendas-elegir-en-rebajas-para-armar-un-vestidor-funcional-y-versatil\\\/#primaryimage\",\"url\":\"https:\\\/\\\/radioclanfm.com\\\/clanespectaculos\\\/wp-content\\\/uploads\\\/sites\\\/2\\\/2026\\\/02\\\/kfUEh3a8.jpg\",\"contentUrl\":\"https:\\\/\\\/radioclanfm.com\\\/clanespectaculos\\\/wp-content\\\/uploads\\\/sites\\\/2\\\/2026\\\/02\\\/kfUEh3a8.jpg\",\"width\":900,\"height\":507},{\"@type\":\"BreadcrumbList\",\"@id\":\"https:\\\/\\\/radioclanfm.com\\\/clanespectaculos\\\/epoca-de-liquidaciones-que-prendas-elegir-en-rebajas-para-armar-un-vestidor-funcional-y-versatil\\\/#breadcrumb\",\"itemListElement\":[{\"@type\":\"ListItem\",\"position\":1,\"name\":\"Inicio\",\"item\":\"https:\\\/\\\/radioclanfm.com\\\/clanespectaculos\\\/\"},{\"@type\":\"ListItem\",\"position\":2,\"name\":\"\u00c9poca de liquidaciones: qu\u00e9 prendas elegir en rebajas para armar un vestidor funcional y vers\u00e1til\"}]},{\"@type\":\"WebSite\",\"@id\":\"https:\\\/\\\/radioclanfm.com\\\/clanespectaculos\\\/#website\",\"url\":\"https:\\\/\\\/radioclanfm.com\\\/clanespectaculos\\\/\",\"name\":\"CLAN ESPECTACULOS\",\"description\":\"\",\"publisher\":{\"@id\":\"https:\\\/\\\/radioclanfm.com\\\/clanespectaculos\\\/#organization\"},\"potentialAction\":[{\"@type\":\"SearchAction\",\"target\":{\"@type\":\"EntryPoint\",\"urlTemplate\":\"https:\\\/\\\/radioclanfm.com\\\/clanespectaculos\\\/?s={search_term_string}\"},\"query-input\":{\"@type\":\"PropertyValueSpecification\",\"valueRequired\":true,\"valueName\":\"search_term_string\"}}],\"inLanguage\":\"es-AR\"},{\"@type\":\"Organization\",\"@id\":\"https:\\\/\\\/radioclanfm.com\\\/clanespectaculos\\\/#organization\",\"name\":\"CLAN ESPECTACULOS\",\"url\":\"https:\\\/\\\/radioclanfm.com\\\/clanespectaculos\\\/\",\"logo\":{\"@type\":\"ImageObject\",\"inLanguage\":\"es-AR\",\"@id\":\"https:\\\/\\\/radioclanfm.com\\\/clanespectaculos\\\/#\\\/schema\\\/logo\\\/image\\\/\",\"url\":\"https:\\\/\\\/radioclanfm.com\\\/clanespectaculos\\\/wp-content\\\/uploads\\\/sites\\\/2\\\/2026\\\/04\\\/ChatGPT-Image-23-mar-2026-10_09_00.png\",\"contentUrl\":\"https:\\\/\\\/radioclanfm.com\\\/clanespectaculos\\\/wp-content\\\/uploads\\\/sites\\\/2\\\/2026\\\/04\\\/ChatGPT-Image-23-mar-2026-10_09_00.png\",\"width\":1024,\"height\":1024,\"caption\":\"CLAN ESPECTACULOS\"},\"image\":{\"@id\":\"https:\\\/\\\/radioclanfm.com\\\/clanespectaculos\\\/#\\\/schema\\\/logo\\\/image\\\/\"},\"sameAs\":[\"https:\\\/\\\/www.facebook.com\\\/clanespectaculos\\\/\",\"https:\\\/\\\/x.com\\\/clanespectok\"]},{\"@type\":\"Person\",\"@id\":\"https:\\\/\\\/radioclanfm.com\\\/clanespectaculos\\\/#\\\/schema\\\/person\\\/9734813083303230f3ad84d99171b20c\",\"name\":\"E-GRUPOCLAN\",\"image\":{\"@type\":\"ImageObject\",\"inLanguage\":\"es-AR\",\"@id\":\"https:\\\/\\\/secure.gravatar.com\\\/avatar\\\/af6e19837c3d6a212034a48c7b3818d2ac1826f6025df0155da5a186ad321d79?s=96&d=mm&r=g\",\"url\":\"https:\\\/\\\/secure.gravatar.com\\\/avatar\\\/af6e19837c3d6a212034a48c7b3818d2ac1826f6025df0155da5a186ad321d79?s=96&d=mm&r=g\",\"contentUrl\":\"https:\\\/\\\/secure.gravatar.com\\\/avatar\\\/af6e19837c3d6a212034a48c7b3818d2ac1826f6025df0155da5a186ad321d79?s=96&d=mm&r=g\",\"caption\":\"E-GRUPOCLAN\"},\"sameAs\":[\"https:\\\/\\\/radioclanfm.com\"],\"url\":\"https:\\\/\\\/radioclanfm.com\\\/clanespectaculos\\\/author\\\/admin\\\/\"}]}<\/script>\n<!-- \/ Yoast SEO plugin. -->","yoast_head_json":{"title":"\u00c9poca de liquidaciones: qu\u00e9 prendas elegir en rebajas para armar un vestidor funcional y vers\u00e1til - CLAN ESPECTACULOS","robots":{"index":"index","follow":"follow","max-snippet":"max-snippet:-1","max-image-preview":"max-image-preview:large","max-video-preview":"max-video-preview:-1"},"canonical":"https:\/\/radioclanfm.com\/clanespectaculos\/epoca-de-liquidaciones-que-prendas-elegir-en-rebajas-para-armar-un-vestidor-funcional-y-versatil\/","og_locale":"es_ES","og_type":"article","og_title":"\u00c9poca de liquidaciones: qu\u00e9 prendas elegir en rebajas para armar un vestidor funcional y vers\u00e1til - CLAN ESPECTACULOS","og_description":"Mientras anticipa lo que se viene para el invierno, Adriana Costantini propone b\u00e1sicos para aprovechar la liquidaci\u00f3n. Las\u00a0liquidaciones\u00a0son el momento ideal para\u00a0comprar con estrategia.\u00a0M\u00e1s all\u00e1 de las tendencias pasajeras, aprovechar las\u00a0rebajas\u00a0para sumar\u00a0b\u00e1sicos atemporales\u00a0puede ser la clave de un fondo de armario vers\u00e1til y duradero. En esa l\u00ednea,\u00a0Adriana Costantini\u00a0propone invertir en los\u00a0cl\u00e1sicos\u00a0de la marca que temporada [&hellip;]","og_url":"https:\/\/radioclanfm.com\/clanespectaculos\/epoca-de-liquidaciones-que-prendas-elegir-en-rebajas-para-armar-un-vestidor-funcional-y-versatil\/","og_site_name":"CLAN ESPECTACULOS","article_publisher":"https:\/\/www.facebook.com\/clanespectaculos\/","article_published_time":"2026-02-21T02:44:03+00:00","og_image":[{"width":900,"height":507,"url":"https:\/\/radioclanfm.com\/clanespectaculos\/wp-content\/uploads\/sites\/2\/2026\/02\/kfUEh3a8.jpg","type":"image\/jpeg"}],"author":"E-GRUPOCLAN","twitter_card":"summary_large_image","twitter_creator":"@clanespectok","twitter_site":"@clanespectok","twitter_misc":{"Escrito por":"E-GRUPOCLAN","Tiempo de lectura":"3 minutos"},"schema":{"@context":"https:\/\/schema.org","@graph":[{"@type":"Article","@id":"https:\/\/radioclanfm.com\/clanespectaculos\/epoca-de-liquidaciones-que-prendas-elegir-en-rebajas-para-armar-un-vestidor-funcional-y-versatil\/#article","isPartOf":{"@id":"https:\/\/radioclanfm.com\/clanespectaculos\/epoca-de-liquidaciones-que-prendas-elegir-en-rebajas-para-armar-un-vestidor-funcional-y-versatil\/"},"author":{"name":"E-GRUPOCLAN","@id":"https:\/\/radioclanfm.com\/clanespectaculos\/#\/schema\/person\/9734813083303230f3ad84d99171b20c"},"headline":"\u00c9poca de liquidaciones: qu\u00e9 prendas elegir en rebajas para armar un vestidor funcional y vers\u00e1til","datePublished":"2026-02-21T02:44:03+00:00","mainEntityOfPage":{"@id":"https:\/\/radioclanfm.com\/clanespectaculos\/epoca-de-liquidaciones-que-prendas-elegir-en-rebajas-para-armar-un-vestidor-funcional-y-versatil\/"},"wordCount":640,"commentCount":0,"publisher":{"@id":"https:\/\/radioclanfm.com\/clanespectaculos\/#organization"},"image":{"@id":"https:\/\/radioclanfm.com\/clanespectaculos\/epoca-de-liquidaciones-que-prendas-elegir-en-rebajas-para-armar-un-vestidor-funcional-y-versatil\/#primaryimage"},"thumbnailUrl":"https:\/\/radioclanfm.com\/clanespectaculos\/wp-content\/uploads\/sites\/2\/2026\/02\/kfUEh3a8.jpg","articleSection":["TENDENCIAS"],"inLanguage":"es-AR","potentialAction":[{"@type":"CommentAction","name":"Comment","target":["https:\/\/radioclanfm.com\/clanespectaculos\/epoca-de-liquidaciones-que-prendas-elegir-en-rebajas-para-armar-un-vestidor-funcional-y-versatil\/#respond"]}]},{"@type":"WebPage","@id":"https:\/\/radioclanfm.com\/clanespectaculos\/epoca-de-liquidaciones-que-prendas-elegir-en-rebajas-para-armar-un-vestidor-funcional-y-versatil\/","url":"https:\/\/radioclanfm.com\/clanespectaculos\/epoca-de-liquidaciones-que-prendas-elegir-en-rebajas-para-armar-un-vestidor-funcional-y-versatil\/","name":"\u00c9poca de liquidaciones: qu\u00e9 prendas elegir en rebajas para armar un vestidor funcional y vers\u00e1til - CLAN ESPECTACULOS","isPartOf":{"@id":"https:\/\/radioclanfm.com\/clanespectaculos\/#website"},"primaryImageOfPage":{"@id":"https:\/\/radioclanfm.com\/clanespectaculos\/epoca-de-liquidaciones-que-prendas-elegir-en-rebajas-para-armar-un-vestidor-funcional-y-versatil\/#primaryimage"},"image":{"@id":"https:\/\/radioclanfm.com\/clanespectaculos\/epoca-de-liquidaciones-que-prendas-elegir-en-rebajas-para-armar-un-vestidor-funcional-y-versatil\/#primaryimage"},"thumbnailUrl":"https:\/\/radioclanfm.com\/clanespectaculos\/wp-content\/uploads\/sites\/2\/2026\/02\/kfUEh3a8.jpg","datePublished":"2026-02-21T02:44:03+00:00","breadcrumb":{"@id":"https:\/\/radioclanfm.com\/clanespectaculos\/epoca-de-liquidaciones-que-prendas-elegir-en-rebajas-para-armar-un-vestidor-funcional-y-versatil\/#breadcrumb"},"inLanguage":"es-AR","potentialAction":[{"@type":"ReadAction","target":["https:\/\/radioclanfm.com\/clanespectaculos\/epoca-de-liquidaciones-que-prendas-elegir-en-rebajas-para-armar-un-vestidor-funcional-y-versatil\/"]}]},{"@type":"ImageObject","inLanguage":"es-AR","@id":"https:\/\/radioclanfm.com\/clanespectaculos\/epoca-de-liquidaciones-que-prendas-elegir-en-rebajas-para-armar-un-vestidor-funcional-y-versatil\/#primaryimage","url":"https:\/\/radioclanfm.com\/clanespectaculos\/wp-content\/uploads\/sites\/2\/2026\/02\/kfUEh3a8.jpg","contentUrl":"https:\/\/radioclanfm.com\/clanespectaculos\/wp-content\/uploads\/sites\/2\/2026\/02\/kfUEh3a8.jpg","width":900,"height":507},{"@type":"BreadcrumbList","@id":"https:\/\/radioclanfm.com\/clanespectaculos\/epoca-de-liquidaciones-que-prendas-elegir-en-rebajas-para-armar-un-vestidor-funcional-y-versatil\/#breadcrumb","itemListElement":[{"@type":"ListItem","position":1,"name":"Inicio","item":"https:\/\/radioclanfm.com\/clanespectaculos\/"},{"@type":"ListItem","position":2,"name":"\u00c9poca de liquidaciones: qu\u00e9 prendas elegir en rebajas para armar un vestidor funcional y vers\u00e1til"}]},{"@type":"WebSite","@id":"https:\/\/radioclanfm.com\/clanespectaculos\/#website","url":"https:\/\/radioclanfm.com\/clanespectaculos\/","name":"CLAN ESPECTACULOS","description":"","publisher":{"@id":"https:\/\/radioclanfm.com\/clanespectaculos\/#organization"},"potentialAction":[{"@type":"SearchAction","target":{"@type":"EntryPoint","urlTemplate":"https:\/\/radioclanfm.com\/clanespectaculos\/?s={search_term_string}"},"query-input":{"@type":"PropertyValueSpecification","valueRequired":true,"valueName":"search_term_string"}}],"inLanguage":"es-AR"},{"@type":"Organization","@id":"https:\/\/radioclanfm.com\/clanespectaculos\/#organization","name":"CLAN ESPECTACULOS","url":"https:\/\/radioclanfm.com\/clanespectaculos\/","logo":{"@type":"ImageObject","inLanguage":"es-AR","@id":"https:\/\/radioclanfm.com\/clanespectaculos\/#\/schema\/logo\/image\/","url":"https:\/\/radioclanfm.com\/clanespectaculos\/wp-content\/uploads\/sites\/2\/2026\/04\/ChatGPT-Image-23-mar-2026-10_09_00.png","contentUrl":"https:\/\/radioclanfm.com\/clanespectaculos\/wp-content\/uploads\/sites\/2\/2026\/04\/ChatGPT-Image-23-mar-2026-10_09_00.png","width":1024,"height":1024,"caption":"CLAN ESPECTACULOS"},"image":{"@id":"https:\/\/radioclanfm.com\/clanespectaculos\/#\/schema\/logo\/image\/"},"sameAs":["https:\/\/www.facebook.com\/clanespectaculos\/","https:\/\/x.com\/clanespectok"]},{"@type":"Person","@id":"https:\/\/radioclanfm.com\/clanespectaculos\/#\/schema\/person\/9734813083303230f3ad84d99171b20c","name":"E-GRUPOCLAN","image":{"@type":"ImageObject","inLanguage":"es-AR","@id":"https:\/\/secure.gravatar.com\/avatar\/af6e19837c3d6a212034a48c7b3818d2ac1826f6025df0155da5a186ad321d79?s=96&d=mm&r=g","url":"https:\/\/secure.gravatar.com\/avatar\/af6e19837c3d6a212034a48c7b3818d2ac1826f6025df0155da5a186ad321d79?s=96&d=mm&r=g","contentUrl":"https:\/\/secure.gravatar.com\/avatar\/af6e19837c3d6a212034a48c7b3818d2ac1826f6025df0155da5a186ad321d79?s=96&d=mm&r=g","caption":"E-GRUPOCLAN"},"sameAs":["https:\/\/radioclanfm.com"],"url":"https:\/\/radioclanfm.com\/clanespectaculos\/author\/admin\/"}]}},"_links":{"self":[{"href":"https:\/\/radioclanfm.com\/clanespectaculos\/wp-json\/wp\/v2\/posts\/12579","targetHints":{"allow":["GET"]}}],"collection":[{"href":"https:\/\/radioclanfm.com\/clanespectaculos\/wp-json\/wp\/v2\/posts"}],"about":[{"href":"https:\/\/radioclanfm.com\/clanespectaculos\/wp-json\/wp\/v2\/types\/post"}],"author":[{"embeddable":true,"href":"https:\/\/radioclanfm.com\/clanespectaculos\/wp-json\/wp\/v2\/users\/1"}],"replies":[{"embeddable":true,"href":"https:\/\/radioclanfm.com\/clanespectaculos\/wp-json\/wp\/v2\/comments?post=12579"}],"version-history":[{"count":1,"href":"https:\/\/radioclanfm.com\/clanespectaculos\/wp-json\/wp\/v2\/posts\/12579\/revisions"}],"predecessor-version":[{"id":12583,"href":"https:\/\/radioclanfm.com\/clanespectaculos\/wp-json\/wp\/v2\/posts\/12579\/revisions\/12583"}],"wp:featuredmedia":[{"embeddable":true,"href":"https:\/\/radioclanfm.com\/clanespectaculos\/wp-json\/wp\/v2\/media\/12582"}],"wp:attachment":[{"href":"https:\/\/radioclanfm.com\/clanespectaculos\/wp-json\/wp\/v2\/media?parent=12579"}],"wp:term":[{"taxonomy":"category","embeddable":true,"href":"https:\/\/radioclanfm.com\/clanespectaculos\/wp-json\/wp\/v2\/categories?post=12579"},{"taxonomy":"post_tag","embeddable":true,"href":"https:\/\/radioclanfm.com\/clanespectaculos\/wp-json\/wp\/v2\/tags?post=12579"}],"curies":[{"name":"wp","href":"https:\/\/api.w.org\/{rel}","templated":true}]}}