{"id":12544,"date":"2026-02-20T23:28:50","date_gmt":"2026-02-21T02:28:50","guid":{"rendered":"https:\/\/radioclanfm.com\/clanespectaculos\/?p=12544"},"modified":"2026-02-20T23:28:50","modified_gmt":"2026-02-21T02:28:50","slug":"luisito-de-cuestion-de-peso-mostro-una-foto-de-su-mujer-internada-y-genero-preocupacion-en-las-redes","status":"publish","type":"post","link":"https:\/\/radioclanfm.com\/clanespectaculos\/luisito-de-cuestion-de-peso-mostro-una-foto-de-su-mujer-internada-y-genero-preocupacion-en-las-redes\/","title":{"rendered":"Luisito de \u201cCuesti\u00f3n de Peso\u201d mostr\u00f3 una foto de su mujer internada y gener\u00f3 preocupaci\u00f3n en las redes"},"content":{"rendered":"<div class=\"col-content\"><main class=\"col-content\"><\/p>\n<div class=\"default-article-color article__body article__article\">\n<p class=\"paragraph font__body-regular\"><b>Luis Zerda<\/b><b>,<\/b>\u00a0conocido como \u201cLuisito\u201d<b>\u00a0de\u00a0<\/b><i><b>Cuesti\u00f3n de Peso (eltrece),<\/b><\/i><b>\u00a0<\/b>sigue muy preocupado por\u00a0<b>la salud de\u00a0<\/b>su pareja<b>\u00a0Noelia Baez<\/b>.<\/p>\n<div class=\"AV6543bedcd858799fe90b5c47\">\n<div id=\"aniBox\">\n<div id=\"aniplayer_AV6543bedcd858799fe90b5c47-1771640896864\">\n<div id=\"aniplayer_AV6543bedcd858799fe90b5c47-1771640896864gui\">\n<div id=\"av-caption\">\n<div id=\"av-close-btn-overlay\" class=\"av-pos-top-left\"><\/div>\n<\/div>\n<\/div>\n<\/div>\n<\/div>\n<\/div>\n<div id=\"ad-slot-infeed\" class=\"infeed-container ad-slot-infeed ad-slot\" data-adtype=\"infeed\" data-lazyload=\"1\" data-google-query-id=\"CPTmy9HE6ZIDFU8QHgAdSFY0kw\">\n<div id=\"google_ads_iframe_\/113951150\/tn-arc\/nota\/infeed_0__container__\"><\/div>\n<\/div>\n<p class=\"paragraph font__body-regular\">Durante una reciente visita al reality saludable, cont\u00f3 que est\u00e1 internada en el Hospital Posadas y ahora\u00a0<b>public\u00f3 una foto de ella para agradecer las muestras de apoyo y ayuda econ\u00f3mica.<\/b><\/p>\n<p class=\"paragraph font__body-regular\"><b>\u201cGracias por todos los lindos mensajes que me escriben para Noe\u201d<\/b>, coment\u00f3 esperanzado junto a una selfie, donde Baez aparece de fondo recostada en una cama de terapia y conectada a diferentes aparatos.<\/p>\n<figure class=\"\" data-testid=\"figure-testid\">\n<div class=\"aspect_ratio__container\"><picture class=\"responsive-image\"><source srcset=\"https:\/\/tn.com.ar\/resizer\/v2\/luisito-mostro-como-esta-su-esposa-noelia-foto-instagramluiszerda80-NPOAKLN6QZD7HOAWKFIRPFWKXU.jpg?auth=c9810758630fcb82b8e633539e04815d8a0b2349feeabd7f153658c8f546c5a8&amp;width=767\" type=\"image\/jpg\" media=\"(max-width: 728px)\" \/><source srcset=\"https:\/\/tn.com.ar\/resizer\/v2\/luisito-mostro-como-esta-su-esposa-noelia-foto-instagramluiszerda80-NPOAKLN6QZD7HOAWKFIRPFWKXU.jpg?auth=c9810758630fcb82b8e633539e04815d8a0b2349feeabd7f153658c8f546c5a8&amp;width=1023\" type=\"image\/jpg\" media=\"(max-width: 1023px)\" \/><source srcset=\"https:\/\/tn.com.ar\/resizer\/v2\/luisito-mostro-como-esta-su-esposa-noelia-foto-instagramluiszerda80-NPOAKLN6QZD7HOAWKFIRPFWKXU.jpg?auth=c9810758630fcb82b8e633539e04815d8a0b2349feeabd7f153658c8f546c5a8&amp;width=1440\" type=\"image\/jpg\" \/><img loading=\"lazy\" decoding=\"async\" class=\"image content-image image_placeholder\" src=\"https:\/\/tn.com.ar\/resizer\/v2\/luisito-mostro-como-esta-su-esposa-noelia-foto-instagramluiszerda80-NPOAKLN6QZD7HOAWKFIRPFWKXU.jpg?auth=c9810758630fcb82b8e633539e04815d8a0b2349feeabd7f153658c8f546c5a8&amp;width=767\" alt=\"Luisito mostr\u00f3 c\u00f3mo est\u00e1 su esposa Noelia. (Foto: instagram\/luiszerda80)\" width=\"767\" height=\"1334\" data-testid=\"loading-testid\" \/><\/picture><\/div><figcaption class=\"caption_image\" data-testid=\"figcaption-testid\">\n<div class=\"image_caption \">Luisito mostr\u00f3 c\u00f3mo est\u00e1 su esposa Noelia. (Foto: instagram\/luiszerda80)<\/div>\n<\/figcaption><\/figure>\n<p class=\"paragraph font__body-regular\">El estado de la mujer empeor\u00f3 tras una cirug\u00eda bari\u00e1trica, en junio del a\u00f1o pasado. \u201c<b>No s\u00e9 por qu\u00e9 se complic\u00f3. Hasta el d\u00eda de hoy me pregunto eso.\u00a0<\/b>\u00bfQu\u00e9 le pas\u00f3?\u00a0<b>Se desnutri\u00f3.\u00a0<\/b>Tuvo p\u00e9rdida de mucha masa muscular. Le qued\u00f3 su cuerpo deteriorado, como una pasa de uva. Y como que se apag\u00f3\u201d, relat\u00f3 Luisito devastado.<\/p>\n<p class=\"paragraph font__body-regular\">Por \u00faltimo, detall\u00f3 que cada vez que de las visitas se va preocupado y triste: &#8220;<b>Tiene todo su cuerpo lastimado.\u00a0<\/b>Yo sigo teniendo fe. Sigo confiando en los m\u00e9dicos. Sigo creyendo que ella se va a poner bien&#8221;.<\/p>\n<figure class=\"\" data-testid=\"figure-testid\">\n<div class=\"aspect_ratio__container\"><picture class=\"responsive-image\"><source srcset=\"https:\/\/tn.com.ar\/resizer\/v2\/luisito-esta-devastado-por-el-estado-de-salud-de-su-mujer-foto-instagramnoeoficial24-R3VRUHNJV5HWXDUA5QPBAFMDYM.jpg?auth=0ea015ca630491878adb364545341eecf21c0398cc7896163da84fe7ba31972a&amp;width=767\" type=\"image\/jpg\" media=\"(max-width: 728px)\" \/><source srcset=\"https:\/\/tn.com.ar\/resizer\/v2\/luisito-esta-devastado-por-el-estado-de-salud-de-su-mujer-foto-instagramnoeoficial24-R3VRUHNJV5HWXDUA5QPBAFMDYM.jpg?auth=0ea015ca630491878adb364545341eecf21c0398cc7896163da84fe7ba31972a&amp;width=1023\" type=\"image\/jpg\" media=\"(max-width: 1023px)\" \/><source srcset=\"https:\/\/tn.com.ar\/resizer\/v2\/luisito-esta-devastado-por-el-estado-de-salud-de-su-mujer-foto-instagramnoeoficial24-R3VRUHNJV5HWXDUA5QPBAFMDYM.jpg?auth=0ea015ca630491878adb364545341eecf21c0398cc7896163da84fe7ba31972a&amp;width=1440\" type=\"image\/jpg\" \/><img loading=\"lazy\" decoding=\"async\" class=\"image content-image image_placeholder\" src=\"https:\/\/tn.com.ar\/resizer\/v2\/luisito-esta-devastado-por-el-estado-de-salud-de-su-mujer-foto-instagramnoeoficial24-R3VRUHNJV5HWXDUA5QPBAFMDYM.jpg?auth=0ea015ca630491878adb364545341eecf21c0398cc7896163da84fe7ba31972a&amp;width=767\" alt=\"Luisito est\u00e1 devastado por el estado de salud de su mujer. (Foto: instagram\/noeoficial24)\" width=\"767\" height=\"959\" data-testid=\"loading-testid\" \/><\/picture><\/div><figcaption class=\"caption_image\" data-testid=\"figcaption-testid\">\n<div class=\"image_caption \">Luisito est\u00e1 devastado por el estado de salud de su mujer. (Foto: instagram\/noeoficial24)<\/div>\n<\/figcaption><\/figure>\n<h2 class=\"font--primary font__display\">Qu\u00e9 dicen los m\u00e9dicos sobre el estado de Noelia, la mujer de Luisito de \u201cCuesti\u00f3n de peso\u201d<\/h2>\n<p class=\"paragraph font__body-regular\">El exparticipante del reality sac\u00f3 a la luz cu\u00e1les fueron las palabras de los m\u00e9dicos ante este cuadro de gravedad.<\/p>\n<p class=\"paragraph font__body-regular\">\u201cSiempre dicen lo mismo, que hay que tener paciencia. Y yo me voy a mi casa y me pregunto: \u00bfcu\u00e1nta<b>\u00a0m\u00e1s paciencia voy a tener? Ya pasaron ocho meses\u201d<\/b>, sostuvo visiblemente angustiado.<\/p>\n<figure class=\"\" data-testid=\"figure-testid\">\n<div class=\"aspect_ratio__container\"><picture class=\"responsive-image\"><source srcset=\"https:\/\/tn.com.ar\/resizer\/v2\/luisito-zerda-de-cuestion-de-peso-junto-a-su-esposa-noelia-quien-tambien-fue-participante-foto-instagramluiszerda80-UJ6CDADV4JDMTNDQXLNSXGJBNE.jpg?auth=cdba700ec509eb6e8a561128c976245db978abbaf087db6aab586fb67ebc43c5&amp;width=767\" type=\"image\/jpg\" media=\"(max-width: 728px)\" \/><source srcset=\"https:\/\/tn.com.ar\/resizer\/v2\/luisito-zerda-de-cuestion-de-peso-junto-a-su-esposa-noelia-quien-tambien-fue-participante-foto-instagramluiszerda80-UJ6CDADV4JDMTNDQXLNSXGJBNE.jpg?auth=cdba700ec509eb6e8a561128c976245db978abbaf087db6aab586fb67ebc43c5&amp;width=1023\" type=\"image\/jpg\" media=\"(max-width: 1023px)\" \/><source srcset=\"https:\/\/tn.com.ar\/resizer\/v2\/luisito-zerda-de-cuestion-de-peso-junto-a-su-esposa-noelia-quien-tambien-fue-participante-foto-instagramluiszerda80-UJ6CDADV4JDMTNDQXLNSXGJBNE.jpg?auth=cdba700ec509eb6e8a561128c976245db978abbaf087db6aab586fb67ebc43c5&amp;width=1440\" type=\"image\/jpg\" \/><img loading=\"lazy\" decoding=\"async\" class=\"image content-image image_placeholder\" src=\"https:\/\/tn.com.ar\/resizer\/v2\/luisito-zerda-de-cuestion-de-peso-junto-a-su-esposa-noelia-quien-tambien-fue-participante-foto-instagramluiszerda80-UJ6CDADV4JDMTNDQXLNSXGJBNE.jpg?auth=cdba700ec509eb6e8a561128c976245db978abbaf087db6aab586fb67ebc43c5&amp;width=767\" alt=\"Luisito Zerda de &quot;Cuesti\u00f3n de Peso&quot; junto a su esposa Noelia, quien tambi\u00e9n fue participante. (Foto: instagram\/luiszerda80)\" width=\"767\" height=\"927\" data-testid=\"loading-testid\" \/><\/picture><\/div><figcaption class=\"caption_image\" data-testid=\"figcaption-testid\">\n<div class=\"image_caption \">Luisito Zerda de &#8220;Cuesti\u00f3n de Peso&#8221; junto a su esposa Noelia, quien tambi\u00e9n fue participante. (Foto: instagram\/luiszerda80)<\/div>\n<\/figcaption><\/figure>\n<p class=\"paragraph font__body-regular\">Por \u00faltimo, Luis Zerda expuso lo que escucha de la boca de Noelia cada vez que la visita: \u201cSon irreproducibles las palabras que me dice. Cada vez que voy,\u00a0<b>ella se despide.<\/b>\u00a0Me dice:\u00a0<b>\u2018Luis, ya estoy cansada.\u00a0<\/b>Cansada de que me pinchen y de que me metan medicamentos\u2019\u201d.<\/p>\n<\/div>\n<p><\/main><\/div>\n<aside class=\"col-right-rail right-rail\">\n<div id=\"parent-ad-slot-caja\" class=\"ad-container caja_ad \">\n<div class=\"ad-content\"><\/div>\n<\/div>\n<\/aside>\n","protected":false},"excerpt":{"rendered":"<p>Luis Zerda,\u00a0conocido como \u201cLuisito\u201d\u00a0de\u00a0Cuesti\u00f3n de Peso (eltrece),\u00a0sigue muy preocupado por\u00a0la salud de\u00a0su pareja\u00a0Noelia Baez. Durante una reciente visita al reality saludable, cont\u00f3 que est\u00e1 internada en el Hospital Posadas y ahora\u00a0public\u00f3 una foto de ella para agradecer las muestras de apoyo y ayuda econ\u00f3mica. \u201cGracias por todos los lindos mensajes que me escriben para Noe\u201d, [&hellip;]<\/p>\n","protected":false},"author":1,"featured_media":12547,"comment_status":"open","ping_status":"open","sticky":false,"template":"","format":"standard","meta":{"rop_custom_images_group":[],"rop_custom_messages_group":[],"rop_publish_now":"initial","rop_publish_now_accounts":[],"rop_publish_now_history":[],"rop_publish_now_status":"pending","footnotes":"","jetpack_publicize_message":"","jetpack_publicize_feature_enabled":true,"jetpack_social_post_already_shared":true,"jetpack_social_options":{"image_generator_settings":{"template":"highway","enabled":false},"version":2}},"categories":[12],"tags":[],"class_list":{"0":"post-12544","1":"post","2":"type-post","3":"status-publish","4":"format-standard","5":"has-post-thumbnail","7":"category-espectaculos"},"jetpack_publicize_connections":[],"yoast_head":"<!-- This site is optimized with the Yoast SEO plugin v27.3 - https:\/\/yoast.com\/product\/yoast-seo-wordpress\/ -->\n<title>Luisito de \u201cCuesti\u00f3n de Peso\u201d mostr\u00f3 una foto de su mujer internada y gener\u00f3 preocupaci\u00f3n en las redes - CLAN ESPECTACULOS<\/title>\n<meta name=\"robots\" content=\"index, follow, max-snippet:-1, max-image-preview:large, max-video-preview:-1\" \/>\n<link rel=\"canonical\" href=\"https:\/\/radioclanfm.com\/clanespectaculos\/luisito-de-cuestion-de-peso-mostro-una-foto-de-su-mujer-internada-y-genero-preocupacion-en-las-redes\/\" \/>\n<meta property=\"og:locale\" content=\"es_ES\" \/>\n<meta property=\"og:type\" content=\"article\" \/>\n<meta property=\"og:title\" content=\"Luisito de \u201cCuesti\u00f3n de Peso\u201d mostr\u00f3 una foto de su mujer internada y gener\u00f3 preocupaci\u00f3n en las redes - CLAN ESPECTACULOS\" \/>\n<meta property=\"og:description\" content=\"Luis Zerda,\u00a0conocido como \u201cLuisito\u201d\u00a0de\u00a0Cuesti\u00f3n de Peso (eltrece),\u00a0sigue muy preocupado por\u00a0la salud de\u00a0su pareja\u00a0Noelia Baez. Durante una reciente visita al reality saludable, cont\u00f3 que est\u00e1 internada en el Hospital Posadas y ahora\u00a0public\u00f3 una foto de ella para agradecer las muestras de apoyo y ayuda econ\u00f3mica. \u201cGracias por todos los lindos mensajes que me escriben para Noe\u201d, [&hellip;]\" \/>\n<meta property=\"og:url\" content=\"https:\/\/radioclanfm.com\/clanespectaculos\/luisito-de-cuestion-de-peso-mostro-una-foto-de-su-mujer-internada-y-genero-preocupacion-en-las-redes\/\" \/>\n<meta property=\"og:site_name\" content=\"CLAN ESPECTACULOS\" \/>\n<meta property=\"article:publisher\" content=\"https:\/\/www.facebook.com\/clanespectaculos\/\" \/>\n<meta property=\"article:published_time\" content=\"2026-02-21T02:28:50+00:00\" \/>\n<meta property=\"og:image\" content=\"https:\/\/radioclanfm.com\/clanespectaculos\/wp-content\/uploads\/sites\/2\/2026\/02\/8wZzOXHh.jpg\" \/>\n\t<meta property=\"og:image:width\" content=\"900\" \/>\n\t<meta property=\"og:image:height\" content=\"504\" \/>\n\t<meta property=\"og:image:type\" content=\"image\/jpeg\" \/>\n<meta name=\"author\" content=\"E-GRUPOCLAN\" \/>\n<meta name=\"twitter:card\" content=\"summary_large_image\" \/>\n<meta name=\"twitter:creator\" content=\"@clanespectok\" \/>\n<meta name=\"twitter:site\" content=\"@clanespectok\" \/>\n<meta name=\"twitter:label1\" content=\"Escrito por\" \/>\n\t<meta name=\"twitter:data1\" content=\"E-GRUPOCLAN\" \/>\n\t<meta name=\"twitter:label2\" content=\"Tiempo de lectura\" \/>\n\t<meta name=\"twitter:data2\" content=\"2 minutos\" \/>\n<script type=\"application\/ld+json\" class=\"yoast-schema-graph\">{\"@context\":\"https:\\\/\\\/schema.org\",\"@graph\":[{\"@type\":\"Article\",\"@id\":\"https:\\\/\\\/radioclanfm.com\\\/clanespectaculos\\\/luisito-de-cuestion-de-peso-mostro-una-foto-de-su-mujer-internada-y-genero-preocupacion-en-las-redes\\\/#article\",\"isPartOf\":{\"@id\":\"https:\\\/\\\/radioclanfm.com\\\/clanespectaculos\\\/luisito-de-cuestion-de-peso-mostro-una-foto-de-su-mujer-internada-y-genero-preocupacion-en-las-redes\\\/\"},\"author\":{\"name\":\"E-GRUPOCLAN\",\"@id\":\"https:\\\/\\\/radioclanfm.com\\\/clanespectaculos\\\/#\\\/schema\\\/person\\\/9734813083303230f3ad84d99171b20c\"},\"headline\":\"Luisito de \u201cCuesti\u00f3n de Peso\u201d mostr\u00f3 una foto de su mujer internada y gener\u00f3 preocupaci\u00f3n en las redes\",\"datePublished\":\"2026-02-21T02:28:50+00:00\",\"mainEntityOfPage\":{\"@id\":\"https:\\\/\\\/radioclanfm.com\\\/clanespectaculos\\\/luisito-de-cuestion-de-peso-mostro-una-foto-de-su-mujer-internada-y-genero-preocupacion-en-las-redes\\\/\"},\"wordCount\":378,\"commentCount\":0,\"publisher\":{\"@id\":\"https:\\\/\\\/radioclanfm.com\\\/clanespectaculos\\\/#organization\"},\"image\":{\"@id\":\"https:\\\/\\\/radioclanfm.com\\\/clanespectaculos\\\/luisito-de-cuestion-de-peso-mostro-una-foto-de-su-mujer-internada-y-genero-preocupacion-en-las-redes\\\/#primaryimage\"},\"thumbnailUrl\":\"https:\\\/\\\/radioclanfm.com\\\/clanespectaculos\\\/wp-content\\\/uploads\\\/sites\\\/2\\\/2026\\\/02\\\/8wZzOXHh.jpg\",\"articleSection\":[\"Espectaculos\"],\"inLanguage\":\"es-AR\",\"potentialAction\":[{\"@type\":\"CommentAction\",\"name\":\"Comment\",\"target\":[\"https:\\\/\\\/radioclanfm.com\\\/clanespectaculos\\\/luisito-de-cuestion-de-peso-mostro-una-foto-de-su-mujer-internada-y-genero-preocupacion-en-las-redes\\\/#respond\"]}]},{\"@type\":\"WebPage\",\"@id\":\"https:\\\/\\\/radioclanfm.com\\\/clanespectaculos\\\/luisito-de-cuestion-de-peso-mostro-una-foto-de-su-mujer-internada-y-genero-preocupacion-en-las-redes\\\/\",\"url\":\"https:\\\/\\\/radioclanfm.com\\\/clanespectaculos\\\/luisito-de-cuestion-de-peso-mostro-una-foto-de-su-mujer-internada-y-genero-preocupacion-en-las-redes\\\/\",\"name\":\"Luisito de \u201cCuesti\u00f3n de Peso\u201d mostr\u00f3 una foto de su mujer internada y gener\u00f3 preocupaci\u00f3n en las redes - CLAN ESPECTACULOS\",\"isPartOf\":{\"@id\":\"https:\\\/\\\/radioclanfm.com\\\/clanespectaculos\\\/#website\"},\"primaryImageOfPage\":{\"@id\":\"https:\\\/\\\/radioclanfm.com\\\/clanespectaculos\\\/luisito-de-cuestion-de-peso-mostro-una-foto-de-su-mujer-internada-y-genero-preocupacion-en-las-redes\\\/#primaryimage\"},\"image\":{\"@id\":\"https:\\\/\\\/radioclanfm.com\\\/clanespectaculos\\\/luisito-de-cuestion-de-peso-mostro-una-foto-de-su-mujer-internada-y-genero-preocupacion-en-las-redes\\\/#primaryimage\"},\"thumbnailUrl\":\"https:\\\/\\\/radioclanfm.com\\\/clanespectaculos\\\/wp-content\\\/uploads\\\/sites\\\/2\\\/2026\\\/02\\\/8wZzOXHh.jpg\",\"datePublished\":\"2026-02-21T02:28:50+00:00\",\"breadcrumb\":{\"@id\":\"https:\\\/\\\/radioclanfm.com\\\/clanespectaculos\\\/luisito-de-cuestion-de-peso-mostro-una-foto-de-su-mujer-internada-y-genero-preocupacion-en-las-redes\\\/#breadcrumb\"},\"inLanguage\":\"es-AR\",\"potentialAction\":[{\"@type\":\"ReadAction\",\"target\":[\"https:\\\/\\\/radioclanfm.com\\\/clanespectaculos\\\/luisito-de-cuestion-de-peso-mostro-una-foto-de-su-mujer-internada-y-genero-preocupacion-en-las-redes\\\/\"]}]},{\"@type\":\"ImageObject\",\"inLanguage\":\"es-AR\",\"@id\":\"https:\\\/\\\/radioclanfm.com\\\/clanespectaculos\\\/luisito-de-cuestion-de-peso-mostro-una-foto-de-su-mujer-internada-y-genero-preocupacion-en-las-redes\\\/#primaryimage\",\"url\":\"https:\\\/\\\/radioclanfm.com\\\/clanespectaculos\\\/wp-content\\\/uploads\\\/sites\\\/2\\\/2026\\\/02\\\/8wZzOXHh.jpg\",\"contentUrl\":\"https:\\\/\\\/radioclanfm.com\\\/clanespectaculos\\\/wp-content\\\/uploads\\\/sites\\\/2\\\/2026\\\/02\\\/8wZzOXHh.jpg\",\"width\":900,\"height\":504},{\"@type\":\"BreadcrumbList\",\"@id\":\"https:\\\/\\\/radioclanfm.com\\\/clanespectaculos\\\/luisito-de-cuestion-de-peso-mostro-una-foto-de-su-mujer-internada-y-genero-preocupacion-en-las-redes\\\/#breadcrumb\",\"itemListElement\":[{\"@type\":\"ListItem\",\"position\":1,\"name\":\"Inicio\",\"item\":\"https:\\\/\\\/radioclanfm.com\\\/clanespectaculos\\\/\"},{\"@type\":\"ListItem\",\"position\":2,\"name\":\"Luisito de \u201cCuesti\u00f3n de Peso\u201d mostr\u00f3 una foto de su mujer internada y gener\u00f3 preocupaci\u00f3n en las redes\"}]},{\"@type\":\"WebSite\",\"@id\":\"https:\\\/\\\/radioclanfm.com\\\/clanespectaculos\\\/#website\",\"url\":\"https:\\\/\\\/radioclanfm.com\\\/clanespectaculos\\\/\",\"name\":\"CLAN ESPECTACULOS\",\"description\":\"\",\"publisher\":{\"@id\":\"https:\\\/\\\/radioclanfm.com\\\/clanespectaculos\\\/#organization\"},\"potentialAction\":[{\"@type\":\"SearchAction\",\"target\":{\"@type\":\"EntryPoint\",\"urlTemplate\":\"https:\\\/\\\/radioclanfm.com\\\/clanespectaculos\\\/?s={search_term_string}\"},\"query-input\":{\"@type\":\"PropertyValueSpecification\",\"valueRequired\":true,\"valueName\":\"search_term_string\"}}],\"inLanguage\":\"es-AR\"},{\"@type\":\"Organization\",\"@id\":\"https:\\\/\\\/radioclanfm.com\\\/clanespectaculos\\\/#organization\",\"name\":\"CLAN ESPECTACULOS\",\"url\":\"https:\\\/\\\/radioclanfm.com\\\/clanespectaculos\\\/\",\"logo\":{\"@type\":\"ImageObject\",\"inLanguage\":\"es-AR\",\"@id\":\"https:\\\/\\\/radioclanfm.com\\\/clanespectaculos\\\/#\\\/schema\\\/logo\\\/image\\\/\",\"url\":\"https:\\\/\\\/radioclanfm.com\\\/clanespectaculos\\\/wp-content\\\/uploads\\\/sites\\\/2\\\/2026\\\/04\\\/ChatGPT-Image-23-mar-2026-10_09_00.png\",\"contentUrl\":\"https:\\\/\\\/radioclanfm.com\\\/clanespectaculos\\\/wp-content\\\/uploads\\\/sites\\\/2\\\/2026\\\/04\\\/ChatGPT-Image-23-mar-2026-10_09_00.png\",\"width\":1024,\"height\":1024,\"caption\":\"CLAN ESPECTACULOS\"},\"image\":{\"@id\":\"https:\\\/\\\/radioclanfm.com\\\/clanespectaculos\\\/#\\\/schema\\\/logo\\\/image\\\/\"},\"sameAs\":[\"https:\\\/\\\/www.facebook.com\\\/clanespectaculos\\\/\",\"https:\\\/\\\/x.com\\\/clanespectok\"]},{\"@type\":\"Person\",\"@id\":\"https:\\\/\\\/radioclanfm.com\\\/clanespectaculos\\\/#\\\/schema\\\/person\\\/9734813083303230f3ad84d99171b20c\",\"name\":\"E-GRUPOCLAN\",\"image\":{\"@type\":\"ImageObject\",\"inLanguage\":\"es-AR\",\"@id\":\"https:\\\/\\\/secure.gravatar.com\\\/avatar\\\/af6e19837c3d6a212034a48c7b3818d2ac1826f6025df0155da5a186ad321d79?s=96&d=mm&r=g\",\"url\":\"https:\\\/\\\/secure.gravatar.com\\\/avatar\\\/af6e19837c3d6a212034a48c7b3818d2ac1826f6025df0155da5a186ad321d79?s=96&d=mm&r=g\",\"contentUrl\":\"https:\\\/\\\/secure.gravatar.com\\\/avatar\\\/af6e19837c3d6a212034a48c7b3818d2ac1826f6025df0155da5a186ad321d79?s=96&d=mm&r=g\",\"caption\":\"E-GRUPOCLAN\"},\"sameAs\":[\"https:\\\/\\\/radioclanfm.com\"],\"url\":\"https:\\\/\\\/radioclanfm.com\\\/clanespectaculos\\\/author\\\/admin\\\/\"}]}<\/script>\n<!-- \/ Yoast SEO plugin. -->","yoast_head_json":{"title":"Luisito de \u201cCuesti\u00f3n de Peso\u201d mostr\u00f3 una foto de su mujer internada y gener\u00f3 preocupaci\u00f3n en las redes - CLAN ESPECTACULOS","robots":{"index":"index","follow":"follow","max-snippet":"max-snippet:-1","max-image-preview":"max-image-preview:large","max-video-preview":"max-video-preview:-1"},"canonical":"https:\/\/radioclanfm.com\/clanespectaculos\/luisito-de-cuestion-de-peso-mostro-una-foto-de-su-mujer-internada-y-genero-preocupacion-en-las-redes\/","og_locale":"es_ES","og_type":"article","og_title":"Luisito de \u201cCuesti\u00f3n de Peso\u201d mostr\u00f3 una foto de su mujer internada y gener\u00f3 preocupaci\u00f3n en las redes - CLAN ESPECTACULOS","og_description":"Luis Zerda,\u00a0conocido como \u201cLuisito\u201d\u00a0de\u00a0Cuesti\u00f3n de Peso (eltrece),\u00a0sigue muy preocupado por\u00a0la salud de\u00a0su pareja\u00a0Noelia Baez. Durante una reciente visita al reality saludable, cont\u00f3 que est\u00e1 internada en el Hospital Posadas y ahora\u00a0public\u00f3 una foto de ella para agradecer las muestras de apoyo y ayuda econ\u00f3mica. \u201cGracias por todos los lindos mensajes que me escriben para Noe\u201d, [&hellip;]","og_url":"https:\/\/radioclanfm.com\/clanespectaculos\/luisito-de-cuestion-de-peso-mostro-una-foto-de-su-mujer-internada-y-genero-preocupacion-en-las-redes\/","og_site_name":"CLAN ESPECTACULOS","article_publisher":"https:\/\/www.facebook.com\/clanespectaculos\/","article_published_time":"2026-02-21T02:28:50+00:00","og_image":[{"width":900,"height":504,"url":"https:\/\/radioclanfm.com\/clanespectaculos\/wp-content\/uploads\/sites\/2\/2026\/02\/8wZzOXHh.jpg","type":"image\/jpeg"}],"author":"E-GRUPOCLAN","twitter_card":"summary_large_image","twitter_creator":"@clanespectok","twitter_site":"@clanespectok","twitter_misc":{"Escrito por":"E-GRUPOCLAN","Tiempo de lectura":"2 minutos"},"schema":{"@context":"https:\/\/schema.org","@graph":[{"@type":"Article","@id":"https:\/\/radioclanfm.com\/clanespectaculos\/luisito-de-cuestion-de-peso-mostro-una-foto-de-su-mujer-internada-y-genero-preocupacion-en-las-redes\/#article","isPartOf":{"@id":"https:\/\/radioclanfm.com\/clanespectaculos\/luisito-de-cuestion-de-peso-mostro-una-foto-de-su-mujer-internada-y-genero-preocupacion-en-las-redes\/"},"author":{"name":"E-GRUPOCLAN","@id":"https:\/\/radioclanfm.com\/clanespectaculos\/#\/schema\/person\/9734813083303230f3ad84d99171b20c"},"headline":"Luisito de \u201cCuesti\u00f3n de Peso\u201d mostr\u00f3 una foto de su mujer internada y gener\u00f3 preocupaci\u00f3n en las redes","datePublished":"2026-02-21T02:28:50+00:00","mainEntityOfPage":{"@id":"https:\/\/radioclanfm.com\/clanespectaculos\/luisito-de-cuestion-de-peso-mostro-una-foto-de-su-mujer-internada-y-genero-preocupacion-en-las-redes\/"},"wordCount":378,"commentCount":0,"publisher":{"@id":"https:\/\/radioclanfm.com\/clanespectaculos\/#organization"},"image":{"@id":"https:\/\/radioclanfm.com\/clanespectaculos\/luisito-de-cuestion-de-peso-mostro-una-foto-de-su-mujer-internada-y-genero-preocupacion-en-las-redes\/#primaryimage"},"thumbnailUrl":"https:\/\/radioclanfm.com\/clanespectaculos\/wp-content\/uploads\/sites\/2\/2026\/02\/8wZzOXHh.jpg","articleSection":["Espectaculos"],"inLanguage":"es-AR","potentialAction":[{"@type":"CommentAction","name":"Comment","target":["https:\/\/radioclanfm.com\/clanespectaculos\/luisito-de-cuestion-de-peso-mostro-una-foto-de-su-mujer-internada-y-genero-preocupacion-en-las-redes\/#respond"]}]},{"@type":"WebPage","@id":"https:\/\/radioclanfm.com\/clanespectaculos\/luisito-de-cuestion-de-peso-mostro-una-foto-de-su-mujer-internada-y-genero-preocupacion-en-las-redes\/","url":"https:\/\/radioclanfm.com\/clanespectaculos\/luisito-de-cuestion-de-peso-mostro-una-foto-de-su-mujer-internada-y-genero-preocupacion-en-las-redes\/","name":"Luisito de \u201cCuesti\u00f3n de Peso\u201d mostr\u00f3 una foto de su mujer internada y gener\u00f3 preocupaci\u00f3n en las redes - CLAN ESPECTACULOS","isPartOf":{"@id":"https:\/\/radioclanfm.com\/clanespectaculos\/#website"},"primaryImageOfPage":{"@id":"https:\/\/radioclanfm.com\/clanespectaculos\/luisito-de-cuestion-de-peso-mostro-una-foto-de-su-mujer-internada-y-genero-preocupacion-en-las-redes\/#primaryimage"},"image":{"@id":"https:\/\/radioclanfm.com\/clanespectaculos\/luisito-de-cuestion-de-peso-mostro-una-foto-de-su-mujer-internada-y-genero-preocupacion-en-las-redes\/#primaryimage"},"thumbnailUrl":"https:\/\/radioclanfm.com\/clanespectaculos\/wp-content\/uploads\/sites\/2\/2026\/02\/8wZzOXHh.jpg","datePublished":"2026-02-21T02:28:50+00:00","breadcrumb":{"@id":"https:\/\/radioclanfm.com\/clanespectaculos\/luisito-de-cuestion-de-peso-mostro-una-foto-de-su-mujer-internada-y-genero-preocupacion-en-las-redes\/#breadcrumb"},"inLanguage":"es-AR","potentialAction":[{"@type":"ReadAction","target":["https:\/\/radioclanfm.com\/clanespectaculos\/luisito-de-cuestion-de-peso-mostro-una-foto-de-su-mujer-internada-y-genero-preocupacion-en-las-redes\/"]}]},{"@type":"ImageObject","inLanguage":"es-AR","@id":"https:\/\/radioclanfm.com\/clanespectaculos\/luisito-de-cuestion-de-peso-mostro-una-foto-de-su-mujer-internada-y-genero-preocupacion-en-las-redes\/#primaryimage","url":"https:\/\/radioclanfm.com\/clanespectaculos\/wp-content\/uploads\/sites\/2\/2026\/02\/8wZzOXHh.jpg","contentUrl":"https:\/\/radioclanfm.com\/clanespectaculos\/wp-content\/uploads\/sites\/2\/2026\/02\/8wZzOXHh.jpg","width":900,"height":504},{"@type":"BreadcrumbList","@id":"https:\/\/radioclanfm.com\/clanespectaculos\/luisito-de-cuestion-de-peso-mostro-una-foto-de-su-mujer-internada-y-genero-preocupacion-en-las-redes\/#breadcrumb","itemListElement":[{"@type":"ListItem","position":1,"name":"Inicio","item":"https:\/\/radioclanfm.com\/clanespectaculos\/"},{"@type":"ListItem","position":2,"name":"Luisito de \u201cCuesti\u00f3n de Peso\u201d mostr\u00f3 una foto de su mujer internada y gener\u00f3 preocupaci\u00f3n en las redes"}]},{"@type":"WebSite","@id":"https:\/\/radioclanfm.com\/clanespectaculos\/#website","url":"https:\/\/radioclanfm.com\/clanespectaculos\/","name":"CLAN ESPECTACULOS","description":"","publisher":{"@id":"https:\/\/radioclanfm.com\/clanespectaculos\/#organization"},"potentialAction":[{"@type":"SearchAction","target":{"@type":"EntryPoint","urlTemplate":"https:\/\/radioclanfm.com\/clanespectaculos\/?s={search_term_string}"},"query-input":{"@type":"PropertyValueSpecification","valueRequired":true,"valueName":"search_term_string"}}],"inLanguage":"es-AR"},{"@type":"Organization","@id":"https:\/\/radioclanfm.com\/clanespectaculos\/#organization","name":"CLAN ESPECTACULOS","url":"https:\/\/radioclanfm.com\/clanespectaculos\/","logo":{"@type":"ImageObject","inLanguage":"es-AR","@id":"https:\/\/radioclanfm.com\/clanespectaculos\/#\/schema\/logo\/image\/","url":"https:\/\/radioclanfm.com\/clanespectaculos\/wp-content\/uploads\/sites\/2\/2026\/04\/ChatGPT-Image-23-mar-2026-10_09_00.png","contentUrl":"https:\/\/radioclanfm.com\/clanespectaculos\/wp-content\/uploads\/sites\/2\/2026\/04\/ChatGPT-Image-23-mar-2026-10_09_00.png","width":1024,"height":1024,"caption":"CLAN ESPECTACULOS"},"image":{"@id":"https:\/\/radioclanfm.com\/clanespectaculos\/#\/schema\/logo\/image\/"},"sameAs":["https:\/\/www.facebook.com\/clanespectaculos\/","https:\/\/x.com\/clanespectok"]},{"@type":"Person","@id":"https:\/\/radioclanfm.com\/clanespectaculos\/#\/schema\/person\/9734813083303230f3ad84d99171b20c","name":"E-GRUPOCLAN","image":{"@type":"ImageObject","inLanguage":"es-AR","@id":"https:\/\/secure.gravatar.com\/avatar\/af6e19837c3d6a212034a48c7b3818d2ac1826f6025df0155da5a186ad321d79?s=96&d=mm&r=g","url":"https:\/\/secure.gravatar.com\/avatar\/af6e19837c3d6a212034a48c7b3818d2ac1826f6025df0155da5a186ad321d79?s=96&d=mm&r=g","contentUrl":"https:\/\/secure.gravatar.com\/avatar\/af6e19837c3d6a212034a48c7b3818d2ac1826f6025df0155da5a186ad321d79?s=96&d=mm&r=g","caption":"E-GRUPOCLAN"},"sameAs":["https:\/\/radioclanfm.com"],"url":"https:\/\/radioclanfm.com\/clanespectaculos\/author\/admin\/"}]}},"_links":{"self":[{"href":"https:\/\/radioclanfm.com\/clanespectaculos\/wp-json\/wp\/v2\/posts\/12544","targetHints":{"allow":["GET"]}}],"collection":[{"href":"https:\/\/radioclanfm.com\/clanespectaculos\/wp-json\/wp\/v2\/posts"}],"about":[{"href":"https:\/\/radioclanfm.com\/clanespectaculos\/wp-json\/wp\/v2\/types\/post"}],"author":[{"embeddable":true,"href":"https:\/\/radioclanfm.com\/clanespectaculos\/wp-json\/wp\/v2\/users\/1"}],"replies":[{"embeddable":true,"href":"https:\/\/radioclanfm.com\/clanespectaculos\/wp-json\/wp\/v2\/comments?post=12544"}],"version-history":[{"count":1,"href":"https:\/\/radioclanfm.com\/clanespectaculos\/wp-json\/wp\/v2\/posts\/12544\/revisions"}],"predecessor-version":[{"id":12548,"href":"https:\/\/radioclanfm.com\/clanespectaculos\/wp-json\/wp\/v2\/posts\/12544\/revisions\/12548"}],"wp:featuredmedia":[{"embeddable":true,"href":"https:\/\/radioclanfm.com\/clanespectaculos\/wp-json\/wp\/v2\/media\/12547"}],"wp:attachment":[{"href":"https:\/\/radioclanfm.com\/clanespectaculos\/wp-json\/wp\/v2\/media?parent=12544"}],"wp:term":[{"taxonomy":"category","embeddable":true,"href":"https:\/\/radioclanfm.com\/clanespectaculos\/wp-json\/wp\/v2\/categories?post=12544"},{"taxonomy":"post_tag","embeddable":true,"href":"https:\/\/radioclanfm.com\/clanespectaculos\/wp-json\/wp\/v2\/tags?post=12544"}],"curies":[{"name":"wp","href":"https:\/\/api.w.org\/{rel}","templated":true}]}}