{"id":12534,"date":"2026-02-20T23:25:21","date_gmt":"2026-02-21T02:25:21","guid":{"rendered":"https:\/\/radioclanfm.com\/clanespectaculos\/?p=12534"},"modified":"2026-02-20T23:25:21","modified_gmt":"2026-02-21T02:25:21","slug":"el-dramatico-momento-que-vivio-sol-perez-con-su-hijo-marco-que-hizo-asustar-a-todos","status":"publish","type":"post","link":"https:\/\/radioclanfm.com\/clanespectaculos\/el-dramatico-momento-que-vivio-sol-perez-con-su-hijo-marco-que-hizo-asustar-a-todos\/","title":{"rendered":"El dram\u00e1tico momento que vivi\u00f3 Sol P\u00e9rez con su hijo Marco que hizo asustar a todos"},"content":{"rendered":"<p>La panelista record\u00f3 la peligrosa situaci\u00f3n que vivi\u00f3 a solo cuatro d\u00edas de ser mam\u00e1 y c\u00f3mo logr\u00f3 salvar a su beb\u00e9.<\/p>\n<div class=\"col-content\"><main class=\"col-content\"><\/p>\n<div class=\"default-article-color article__body article__article\">\n<p class=\"paragraph font__body-regular\"><b>Sol P\u00e9rez<\/b>\u00a0<b>atraves\u00f3 uno de los momentos m\u00e1s angustiantes de su vida cuatro d\u00edas despu\u00e9s de haber dado a luz<\/b>. La panelista record\u00f3 en el programa\u00a0<i>Ser\u00eda Incre\u00edble<\/i>, de\u00a0<i>Olga<\/i>, el dram\u00e1tico episodio que vivi\u00f3 cuando su beb\u00e9\u00a0<b>Marco<\/b>\u00a0se ahog\u00f3 mientras tomaba la teta.<\/p>\n<div class=\"AV6543bedcd858799fe90b5c47\">\n<div id=\"aniBox\">\n<div id=\"aniplayer_AV6543bedcd858799fe90b5c47-1771640681854\">\n<div id=\"aniplayer_AV6543bedcd858799fe90b5c47-1771640681854gui\">\n<div id=\"av-caption\">\n<div id=\"av-close-btn-overlay\" class=\"av-pos-top-left\"><\/div>\n<\/div>\n<\/div>\n<\/div>\n<\/div>\n<\/div>\n<div id=\"ad-slot-infeed\" class=\"infeed-container ad-slot-infeed ad-slot\" data-adtype=\"infeed\" data-lazyload=\"1\" data-google-query-id=\"CNPjhOjD6ZIDFUBTuAQdGcEwrw\">\n<div id=\"google_ads_iframe_\/113951150\/tn-arc\/nota\/infeed_0__container__\"><\/div>\n<\/div>\n<p class=\"paragraph font__body-regular\">\u201c<b>Marco siempre durmi\u00f3 muy bien<\/b>, eso es un golazo\u201d, arranc\u00f3 la influencer, que describi\u00f3 a su hijo como\u00a0<b>un nene \u201cglot\u00f3n\u201d<\/b>\u00a0y curioso por la comida.<\/p>\n<p class=\"paragraph font__body-regular\">\u201c<b>Quiere comer todo el tiempo<\/b>. Si vos est\u00e1s comiendo algo, le ten\u00e9s que compartir.\u00a0<b>Le gustan todas las frutas<\/b>, el pomelo, las pasas de uva, los d\u00e1tiles;\u00a0<b>se come todo el gordo<\/b>\u201d, relat\u00f3 entre risas, aunque el recuerdo que la marc\u00f3 fue mucho m\u00e1s duro.<\/p>\n<p class=\"paragraph font__body-regular\">La abogada reconoci\u00f3 que el comienzo de la lactancia fue un desaf\u00edo y que necesit\u00f3 mucha ayuda. \u201c<b>Dar la teta es un universo, necesit\u00e1s much\u00edsima ayuda<\/b>, te juro\u201d, revel\u00f3. En ese sentido, destac\u00f3 el acompa\u00f1amiento de la puericultora en la cl\u00ednica y explic\u00f3: \u201cEl beb\u00e9 no te muerde. Se le mete bien el pez\u00f3n donde se le tiene que meter, en el paladar, para que no tome aire. Es lo mejor, la verdad que es un golazo\u201d.<\/p>\n<figure class=\"\" data-testid=\"figure-testid\">\n<div class=\"aspect_ratio__container\"><picture class=\"responsive-image\"><source srcset=\"https:\/\/tn.com.ar\/resizer\/v2\/sol-perez-y-su-hijo-marco-foto-instagramlasobrideperez-RNYYL7CPHZDFLGPTPUT5UUDRTE.jpg?auth=5ea8677eeffa4968f6b1b5a376abcd1bd514319bf9c25f587d4cda1a1f1f0ba0&amp;width=767\" type=\"image\/jpg\" media=\"(max-width: 728px)\" \/><source srcset=\"https:\/\/tn.com.ar\/resizer\/v2\/sol-perez-y-su-hijo-marco-foto-instagramlasobrideperez-RNYYL7CPHZDFLGPTPUT5UUDRTE.jpg?auth=5ea8677eeffa4968f6b1b5a376abcd1bd514319bf9c25f587d4cda1a1f1f0ba0&amp;width=1023\" type=\"image\/jpg\" media=\"(max-width: 1023px)\" \/><source srcset=\"https:\/\/tn.com.ar\/resizer\/v2\/sol-perez-y-su-hijo-marco-foto-instagramlasobrideperez-RNYYL7CPHZDFLGPTPUT5UUDRTE.jpg?auth=5ea8677eeffa4968f6b1b5a376abcd1bd514319bf9c25f587d4cda1a1f1f0ba0&amp;width=1440\" type=\"image\/jpg\" \/><img loading=\"lazy\" decoding=\"async\" class=\"image content-image image_placeholder\" src=\"https:\/\/tn.com.ar\/resizer\/v2\/sol-perez-y-su-hijo-marco-foto-instagramlasobrideperez-RNYYL7CPHZDFLGPTPUT5UUDRTE.jpg?auth=5ea8677eeffa4968f6b1b5a376abcd1bd514319bf9c25f587d4cda1a1f1f0ba0&amp;width=767\" alt=\"Sol Per\u00e9z y su hijo Marco. (Foto: Instagram\/lasobrideperez)\" width=\"767\" height=\"430\" data-testid=\"loading-testid\" \/><\/picture><\/div><figcaption class=\"caption_image\" data-testid=\"figcaption-testid\">\n<div class=\"image_caption \">Sol Per\u00e9z y su hijo Marco. (Foto: Instagram\/lasobrideperez)<\/div>\n<\/figcaption><\/figure>\n<p class=\"paragraph font__body-regular\">Pero el susto lleg\u00f3 en su casa. \u201cTom\u00f3 cincuenta minutos, ponele, de una teta. Yo le pon\u00eda el cron\u00f3metro\u201d, cont\u00f3. Despu\u00e9s de cambiarle el pa\u00f1al,\u00a0<b>Marco le pidi\u00f3 m\u00e1s leche y sigui\u00f3 succionando entredormido<\/b>.<\/p>\n<p class=\"paragraph font__body-regular\">\u201cEstaba tomando, se qued\u00f3 dormido, y se ve que un culito de leche qued\u00f3 en la pezonera. Dormido hizo: \u00a1ah! Y\u00a0<b>ah\u00ed se le cierra, como que no puede ni tragar ni escupir<\/b>\u201d, record\u00f3 P\u00e9rez, reviviendo el miedo de ese instante.<\/p>\n<h2 class=\"font--primary font__display\">El desesperado intento de Sol P\u00e9rez por salvar a Marco<\/h2>\n<p class=\"paragraph font__body-regular\">\u201cCuando veo que \u00e9l me hace: \u2018\u00a1ah!\u2026&#8217; queda. Yo dije: chau, listo, ya est\u00e1. Lo doy vuelta. Imaginate que vos ten\u00e9s un bebito de cuatro d\u00edas y lo trat\u00e1s como todo delicado, pero en ese momento es como: \u2018bueno, listo\u2019.\u00a0<b>Lo di vuelta, le empec\u00e9\u2026 Se me pone la piel de gallina<\/b>\u201d, relat\u00f3 con la voz quebrada.<\/p>\n<p class=\"paragraph font__body-regular\">La desesperaci\u00f3n creci\u00f3 cuando vio que su hijo se pon\u00eda cada vez m\u00e1s rojo y no reaccionaba. \u201c<b>Le daba, le daba, lo doy vuelta, nada. \u00c9l empezaba a ponerse rojo, rojo, rojo<\/b>\u201d, detall\u00f3.<\/p>\n<p class=\"paragraph font__body-regular\">En ese momento, la ayuda de\u00a0<b>Andrea<\/b>, la persona que trabaja en su casa, fue clave. \u201cNo estaba Guido, estaba Andre, le debo mi vida entera. Lo da vuelta, lo golpea en la espalda, nada, nada.\u00a0<b>Lo vuelve a dar vuelta y se le ocurre soplarlo. Cuando lo sopla en la cara, \u00e9l ah\u00ed reacciona<\/b>\u201d, explic\u00f3, agradecida.<\/p>\n<figure class=\"\" data-testid=\"figure-testid\">\n<div class=\"aspect_ratio__container\"><picture class=\"responsive-image\"><source srcset=\"https:\/\/tn.com.ar\/resizer\/v2\/sol-perez-ayudando-a-marco-en-sus-primeros-pasosfotoinstagramlasobrideperez-U6KSUQOJZNHF3BBH3W5LZYHYQU.PNG?auth=d24b5de00556c7e52301f2916b6ab82fc16d33a5c9cc3a76dd6db3ba311a967d&amp;width=767\" type=\"image\/jpg\" media=\"(max-width: 728px)\" \/><source srcset=\"https:\/\/tn.com.ar\/resizer\/v2\/sol-perez-ayudando-a-marco-en-sus-primeros-pasosfotoinstagramlasobrideperez-U6KSUQOJZNHF3BBH3W5LZYHYQU.PNG?auth=d24b5de00556c7e52301f2916b6ab82fc16d33a5c9cc3a76dd6db3ba311a967d&amp;width=1023\" type=\"image\/jpg\" media=\"(max-width: 1023px)\" \/><source srcset=\"https:\/\/tn.com.ar\/resizer\/v2\/sol-perez-ayudando-a-marco-en-sus-primeros-pasosfotoinstagramlasobrideperez-U6KSUQOJZNHF3BBH3W5LZYHYQU.PNG?auth=d24b5de00556c7e52301f2916b6ab82fc16d33a5c9cc3a76dd6db3ba311a967d&amp;width=1440\" type=\"image\/jpg\" \/><img loading=\"lazy\" decoding=\"async\" class=\"image content-image image_placeholder\" src=\"https:\/\/tn.com.ar\/resizer\/v2\/sol-perez-ayudando-a-marco-en-sus-primeros-pasosfotoinstagramlasobrideperez-U6KSUQOJZNHF3BBH3W5LZYHYQU.PNG?auth=d24b5de00556c7e52301f2916b6ab82fc16d33a5c9cc3a76dd6db3ba311a967d&amp;width=767\" alt=\"Sol P\u00e9rez ayudando a Marco en sus primeros pasos.(Foto:Instagram\/lasobrideperez)\" width=\"767\" height=\"967\" data-testid=\"loading-testid\" \/><\/picture><\/div><figcaption class=\"caption_image\" data-testid=\"figcaption-testid\">\n<div class=\"image_caption \">Sol P\u00e9rez ayudando a Marco en sus primeros pasos.(Foto:Instagram\/lasobrideperez)<\/div>\n<\/figcaption><\/figure>\n<p class=\"paragraph font__body-regular\">Los minutos se hicieron eternos. \u201cYo en el momento no sab\u00eda si \u00e9l me hab\u00eda reaccionado o no. Agarr\u00e9 como estaba y me fui a llorar a la calle para que alguien le haga RCP. Dije:\u00a0<b>\u2018alguien, por favor, h\u00e1ganle RCP<\/b>. Porque ya lo golpe\u00e9, ya lo golpe\u00e9 yo, \u00e9l no reacciona\u2019\u201d, cont\u00f3 Sol, que termin\u00f3 arrodillada y temblando en plena calle.<\/p>\n<p class=\"paragraph font__body-regular\">Fue Andrea quien la tranquiliz\u00f3. \u201cSol, qued\u00e1 tranquila,\u00a0<b>el bebito ya est\u00e1 bien, Marco est\u00e1 bien<\/b>\u201d, le dijo.<\/p>\n<p class=\"paragraph font__body-regular\">La preocupaci\u00f3n no termin\u00f3 ah\u00ed. \u201cLlam\u00e9 a Guido, que estaba viniendo, le digo: por favor, llamame a alguien que venga a chequearme c\u00f3mo est\u00e1 el beb\u00e9, porque yo no s\u00e9 cu\u00e1ntas veces le pegu\u00e9. Vino el pediatra, le vio los pulmones y me dijo: \u2018Est\u00e1 todo bien, vos quedate tranquila, con leche no se va a ahogar\u2019\u201d, sentenci\u00f3.<\/p>\n<\/div>\n<p><\/main><\/div>\n<aside class=\"col-right-rail right-rail\">\n<div id=\"parent-ad-slot-caja\" class=\"ad-container caja_ad \">\n<div class=\"ad-content\"><\/div>\n<\/div>\n<\/aside>\n","protected":false},"excerpt":{"rendered":"<p>La panelista record\u00f3 la peligrosa situaci\u00f3n que vivi\u00f3 a solo cuatro d\u00edas de ser mam\u00e1 y c\u00f3mo logr\u00f3 salvar a su beb\u00e9. Sol P\u00e9rez\u00a0atraves\u00f3 uno de los momentos m\u00e1s angustiantes de su vida cuatro d\u00edas despu\u00e9s de haber dado a luz. La panelista record\u00f3 en el programa\u00a0Ser\u00eda Incre\u00edble, de\u00a0Olga, el dram\u00e1tico episodio que vivi\u00f3 cuando [&hellip;]<\/p>\n","protected":false},"author":1,"featured_media":12537,"comment_status":"open","ping_status":"open","sticky":false,"template":"","format":"standard","meta":{"rop_custom_images_group":[],"rop_custom_messages_group":[],"rop_publish_now":"initial","rop_publish_now_accounts":[],"rop_publish_now_history":[],"rop_publish_now_status":"pending","footnotes":"","jetpack_publicize_message":"","jetpack_publicize_feature_enabled":true,"jetpack_social_post_already_shared":true,"jetpack_social_options":{"image_generator_settings":{"template":"highway","enabled":false},"version":2}},"categories":[12],"tags":[],"class_list":{"0":"post-12534","1":"post","2":"type-post","3":"status-publish","4":"format-standard","5":"has-post-thumbnail","7":"category-espectaculos"},"jetpack_publicize_connections":[],"yoast_head":"<!-- This site is optimized with the Yoast SEO plugin v27.3 - https:\/\/yoast.com\/product\/yoast-seo-wordpress\/ -->\n<title>El dram\u00e1tico momento que vivi\u00f3 Sol P\u00e9rez con su hijo Marco que hizo asustar a todos - CLAN ESPECTACULOS<\/title>\n<meta name=\"robots\" content=\"index, follow, max-snippet:-1, max-image-preview:large, max-video-preview:-1\" \/>\n<link rel=\"canonical\" href=\"https:\/\/radioclanfm.com\/clanespectaculos\/el-dramatico-momento-que-vivio-sol-perez-con-su-hijo-marco-que-hizo-asustar-a-todos\/\" \/>\n<meta property=\"og:locale\" content=\"es_ES\" \/>\n<meta property=\"og:type\" content=\"article\" \/>\n<meta property=\"og:title\" content=\"El dram\u00e1tico momento que vivi\u00f3 Sol P\u00e9rez con su hijo Marco que hizo asustar a todos - CLAN ESPECTACULOS\" \/>\n<meta property=\"og:description\" content=\"La panelista record\u00f3 la peligrosa situaci\u00f3n que vivi\u00f3 a solo cuatro d\u00edas de ser mam\u00e1 y c\u00f3mo logr\u00f3 salvar a su beb\u00e9. Sol P\u00e9rez\u00a0atraves\u00f3 uno de los momentos m\u00e1s angustiantes de su vida cuatro d\u00edas despu\u00e9s de haber dado a luz. La panelista record\u00f3 en el programa\u00a0Ser\u00eda Incre\u00edble, de\u00a0Olga, el dram\u00e1tico episodio que vivi\u00f3 cuando [&hellip;]\" \/>\n<meta property=\"og:url\" content=\"https:\/\/radioclanfm.com\/clanespectaculos\/el-dramatico-momento-que-vivio-sol-perez-con-su-hijo-marco-que-hizo-asustar-a-todos\/\" \/>\n<meta property=\"og:site_name\" content=\"CLAN ESPECTACULOS\" \/>\n<meta property=\"article:publisher\" content=\"https:\/\/www.facebook.com\/clanespectaculos\/\" \/>\n<meta property=\"article:published_time\" content=\"2026-02-21T02:25:21+00:00\" \/>\n<meta property=\"og:image\" content=\"https:\/\/radioclanfm.com\/clanespectaculos\/wp-content\/uploads\/sites\/2\/2026\/02\/2msHyLUd.jpg\" \/>\n\t<meta property=\"og:image:width\" content=\"900\" \/>\n\t<meta property=\"og:image:height\" content=\"504\" \/>\n\t<meta property=\"og:image:type\" content=\"image\/jpeg\" \/>\n<meta name=\"author\" content=\"E-GRUPOCLAN\" \/>\n<meta name=\"twitter:card\" content=\"summary_large_image\" \/>\n<meta name=\"twitter:creator\" content=\"@clanespectok\" \/>\n<meta name=\"twitter:site\" content=\"@clanespectok\" \/>\n<meta name=\"twitter:label1\" content=\"Escrito por\" \/>\n\t<meta name=\"twitter:data1\" content=\"E-GRUPOCLAN\" \/>\n\t<meta name=\"twitter:label2\" content=\"Tiempo de lectura\" \/>\n\t<meta name=\"twitter:data2\" content=\"3 minutos\" \/>\n<script type=\"application\/ld+json\" class=\"yoast-schema-graph\">{\"@context\":\"https:\\\/\\\/schema.org\",\"@graph\":[{\"@type\":\"Article\",\"@id\":\"https:\\\/\\\/radioclanfm.com\\\/clanespectaculos\\\/el-dramatico-momento-que-vivio-sol-perez-con-su-hijo-marco-que-hizo-asustar-a-todos\\\/#article\",\"isPartOf\":{\"@id\":\"https:\\\/\\\/radioclanfm.com\\\/clanespectaculos\\\/el-dramatico-momento-que-vivio-sol-perez-con-su-hijo-marco-que-hizo-asustar-a-todos\\\/\"},\"author\":{\"name\":\"E-GRUPOCLAN\",\"@id\":\"https:\\\/\\\/radioclanfm.com\\\/clanespectaculos\\\/#\\\/schema\\\/person\\\/9734813083303230f3ad84d99171b20c\"},\"headline\":\"El dram\u00e1tico momento que vivi\u00f3 Sol P\u00e9rez con su hijo Marco que hizo asustar a todos\",\"datePublished\":\"2026-02-21T02:25:21+00:00\",\"mainEntityOfPage\":{\"@id\":\"https:\\\/\\\/radioclanfm.com\\\/clanespectaculos\\\/el-dramatico-momento-que-vivio-sol-perez-con-su-hijo-marco-que-hizo-asustar-a-todos\\\/\"},\"wordCount\":666,\"commentCount\":0,\"publisher\":{\"@id\":\"https:\\\/\\\/radioclanfm.com\\\/clanespectaculos\\\/#organization\"},\"image\":{\"@id\":\"https:\\\/\\\/radioclanfm.com\\\/clanespectaculos\\\/el-dramatico-momento-que-vivio-sol-perez-con-su-hijo-marco-que-hizo-asustar-a-todos\\\/#primaryimage\"},\"thumbnailUrl\":\"https:\\\/\\\/radioclanfm.com\\\/clanespectaculos\\\/wp-content\\\/uploads\\\/sites\\\/2\\\/2026\\\/02\\\/2msHyLUd.jpg\",\"articleSection\":[\"Espectaculos\"],\"inLanguage\":\"es-AR\",\"potentialAction\":[{\"@type\":\"CommentAction\",\"name\":\"Comment\",\"target\":[\"https:\\\/\\\/radioclanfm.com\\\/clanespectaculos\\\/el-dramatico-momento-que-vivio-sol-perez-con-su-hijo-marco-que-hizo-asustar-a-todos\\\/#respond\"]}]},{\"@type\":\"WebPage\",\"@id\":\"https:\\\/\\\/radioclanfm.com\\\/clanespectaculos\\\/el-dramatico-momento-que-vivio-sol-perez-con-su-hijo-marco-que-hizo-asustar-a-todos\\\/\",\"url\":\"https:\\\/\\\/radioclanfm.com\\\/clanespectaculos\\\/el-dramatico-momento-que-vivio-sol-perez-con-su-hijo-marco-que-hizo-asustar-a-todos\\\/\",\"name\":\"El dram\u00e1tico momento que vivi\u00f3 Sol P\u00e9rez con su hijo Marco que hizo asustar a todos - CLAN ESPECTACULOS\",\"isPartOf\":{\"@id\":\"https:\\\/\\\/radioclanfm.com\\\/clanespectaculos\\\/#website\"},\"primaryImageOfPage\":{\"@id\":\"https:\\\/\\\/radioclanfm.com\\\/clanespectaculos\\\/el-dramatico-momento-que-vivio-sol-perez-con-su-hijo-marco-que-hizo-asustar-a-todos\\\/#primaryimage\"},\"image\":{\"@id\":\"https:\\\/\\\/radioclanfm.com\\\/clanespectaculos\\\/el-dramatico-momento-que-vivio-sol-perez-con-su-hijo-marco-que-hizo-asustar-a-todos\\\/#primaryimage\"},\"thumbnailUrl\":\"https:\\\/\\\/radioclanfm.com\\\/clanespectaculos\\\/wp-content\\\/uploads\\\/sites\\\/2\\\/2026\\\/02\\\/2msHyLUd.jpg\",\"datePublished\":\"2026-02-21T02:25:21+00:00\",\"breadcrumb\":{\"@id\":\"https:\\\/\\\/radioclanfm.com\\\/clanespectaculos\\\/el-dramatico-momento-que-vivio-sol-perez-con-su-hijo-marco-que-hizo-asustar-a-todos\\\/#breadcrumb\"},\"inLanguage\":\"es-AR\",\"potentialAction\":[{\"@type\":\"ReadAction\",\"target\":[\"https:\\\/\\\/radioclanfm.com\\\/clanespectaculos\\\/el-dramatico-momento-que-vivio-sol-perez-con-su-hijo-marco-que-hizo-asustar-a-todos\\\/\"]}]},{\"@type\":\"ImageObject\",\"inLanguage\":\"es-AR\",\"@id\":\"https:\\\/\\\/radioclanfm.com\\\/clanespectaculos\\\/el-dramatico-momento-que-vivio-sol-perez-con-su-hijo-marco-que-hizo-asustar-a-todos\\\/#primaryimage\",\"url\":\"https:\\\/\\\/radioclanfm.com\\\/clanespectaculos\\\/wp-content\\\/uploads\\\/sites\\\/2\\\/2026\\\/02\\\/2msHyLUd.jpg\",\"contentUrl\":\"https:\\\/\\\/radioclanfm.com\\\/clanespectaculos\\\/wp-content\\\/uploads\\\/sites\\\/2\\\/2026\\\/02\\\/2msHyLUd.jpg\",\"width\":900,\"height\":504},{\"@type\":\"BreadcrumbList\",\"@id\":\"https:\\\/\\\/radioclanfm.com\\\/clanespectaculos\\\/el-dramatico-momento-que-vivio-sol-perez-con-su-hijo-marco-que-hizo-asustar-a-todos\\\/#breadcrumb\",\"itemListElement\":[{\"@type\":\"ListItem\",\"position\":1,\"name\":\"Inicio\",\"item\":\"https:\\\/\\\/radioclanfm.com\\\/clanespectaculos\\\/\"},{\"@type\":\"ListItem\",\"position\":2,\"name\":\"El dram\u00e1tico momento que vivi\u00f3 Sol P\u00e9rez con su hijo Marco que hizo asustar a todos\"}]},{\"@type\":\"WebSite\",\"@id\":\"https:\\\/\\\/radioclanfm.com\\\/clanespectaculos\\\/#website\",\"url\":\"https:\\\/\\\/radioclanfm.com\\\/clanespectaculos\\\/\",\"name\":\"CLAN ESPECTACULOS\",\"description\":\"\",\"publisher\":{\"@id\":\"https:\\\/\\\/radioclanfm.com\\\/clanespectaculos\\\/#organization\"},\"potentialAction\":[{\"@type\":\"SearchAction\",\"target\":{\"@type\":\"EntryPoint\",\"urlTemplate\":\"https:\\\/\\\/radioclanfm.com\\\/clanespectaculos\\\/?s={search_term_string}\"},\"query-input\":{\"@type\":\"PropertyValueSpecification\",\"valueRequired\":true,\"valueName\":\"search_term_string\"}}],\"inLanguage\":\"es-AR\"},{\"@type\":\"Organization\",\"@id\":\"https:\\\/\\\/radioclanfm.com\\\/clanespectaculos\\\/#organization\",\"name\":\"CLAN ESPECTACULOS\",\"url\":\"https:\\\/\\\/radioclanfm.com\\\/clanespectaculos\\\/\",\"logo\":{\"@type\":\"ImageObject\",\"inLanguage\":\"es-AR\",\"@id\":\"https:\\\/\\\/radioclanfm.com\\\/clanespectaculos\\\/#\\\/schema\\\/logo\\\/image\\\/\",\"url\":\"https:\\\/\\\/radioclanfm.com\\\/clanespectaculos\\\/wp-content\\\/uploads\\\/sites\\\/2\\\/2026\\\/04\\\/ChatGPT-Image-23-mar-2026-10_09_00.png\",\"contentUrl\":\"https:\\\/\\\/radioclanfm.com\\\/clanespectaculos\\\/wp-content\\\/uploads\\\/sites\\\/2\\\/2026\\\/04\\\/ChatGPT-Image-23-mar-2026-10_09_00.png\",\"width\":1024,\"height\":1024,\"caption\":\"CLAN ESPECTACULOS\"},\"image\":{\"@id\":\"https:\\\/\\\/radioclanfm.com\\\/clanespectaculos\\\/#\\\/schema\\\/logo\\\/image\\\/\"},\"sameAs\":[\"https:\\\/\\\/www.facebook.com\\\/clanespectaculos\\\/\",\"https:\\\/\\\/x.com\\\/clanespectok\"]},{\"@type\":\"Person\",\"@id\":\"https:\\\/\\\/radioclanfm.com\\\/clanespectaculos\\\/#\\\/schema\\\/person\\\/9734813083303230f3ad84d99171b20c\",\"name\":\"E-GRUPOCLAN\",\"image\":{\"@type\":\"ImageObject\",\"inLanguage\":\"es-AR\",\"@id\":\"https:\\\/\\\/secure.gravatar.com\\\/avatar\\\/af6e19837c3d6a212034a48c7b3818d2ac1826f6025df0155da5a186ad321d79?s=96&d=mm&r=g\",\"url\":\"https:\\\/\\\/secure.gravatar.com\\\/avatar\\\/af6e19837c3d6a212034a48c7b3818d2ac1826f6025df0155da5a186ad321d79?s=96&d=mm&r=g\",\"contentUrl\":\"https:\\\/\\\/secure.gravatar.com\\\/avatar\\\/af6e19837c3d6a212034a48c7b3818d2ac1826f6025df0155da5a186ad321d79?s=96&d=mm&r=g\",\"caption\":\"E-GRUPOCLAN\"},\"sameAs\":[\"https:\\\/\\\/radioclanfm.com\"],\"url\":\"https:\\\/\\\/radioclanfm.com\\\/clanespectaculos\\\/author\\\/admin\\\/\"}]}<\/script>\n<!-- \/ Yoast SEO plugin. -->","yoast_head_json":{"title":"El dram\u00e1tico momento que vivi\u00f3 Sol P\u00e9rez con su hijo Marco que hizo asustar a todos - CLAN ESPECTACULOS","robots":{"index":"index","follow":"follow","max-snippet":"max-snippet:-1","max-image-preview":"max-image-preview:large","max-video-preview":"max-video-preview:-1"},"canonical":"https:\/\/radioclanfm.com\/clanespectaculos\/el-dramatico-momento-que-vivio-sol-perez-con-su-hijo-marco-que-hizo-asustar-a-todos\/","og_locale":"es_ES","og_type":"article","og_title":"El dram\u00e1tico momento que vivi\u00f3 Sol P\u00e9rez con su hijo Marco que hizo asustar a todos - CLAN ESPECTACULOS","og_description":"La panelista record\u00f3 la peligrosa situaci\u00f3n que vivi\u00f3 a solo cuatro d\u00edas de ser mam\u00e1 y c\u00f3mo logr\u00f3 salvar a su beb\u00e9. Sol P\u00e9rez\u00a0atraves\u00f3 uno de los momentos m\u00e1s angustiantes de su vida cuatro d\u00edas despu\u00e9s de haber dado a luz. La panelista record\u00f3 en el programa\u00a0Ser\u00eda Incre\u00edble, de\u00a0Olga, el dram\u00e1tico episodio que vivi\u00f3 cuando [&hellip;]","og_url":"https:\/\/radioclanfm.com\/clanespectaculos\/el-dramatico-momento-que-vivio-sol-perez-con-su-hijo-marco-que-hizo-asustar-a-todos\/","og_site_name":"CLAN ESPECTACULOS","article_publisher":"https:\/\/www.facebook.com\/clanespectaculos\/","article_published_time":"2026-02-21T02:25:21+00:00","og_image":[{"width":900,"height":504,"url":"https:\/\/radioclanfm.com\/clanespectaculos\/wp-content\/uploads\/sites\/2\/2026\/02\/2msHyLUd.jpg","type":"image\/jpeg"}],"author":"E-GRUPOCLAN","twitter_card":"summary_large_image","twitter_creator":"@clanespectok","twitter_site":"@clanespectok","twitter_misc":{"Escrito por":"E-GRUPOCLAN","Tiempo de lectura":"3 minutos"},"schema":{"@context":"https:\/\/schema.org","@graph":[{"@type":"Article","@id":"https:\/\/radioclanfm.com\/clanespectaculos\/el-dramatico-momento-que-vivio-sol-perez-con-su-hijo-marco-que-hizo-asustar-a-todos\/#article","isPartOf":{"@id":"https:\/\/radioclanfm.com\/clanespectaculos\/el-dramatico-momento-que-vivio-sol-perez-con-su-hijo-marco-que-hizo-asustar-a-todos\/"},"author":{"name":"E-GRUPOCLAN","@id":"https:\/\/radioclanfm.com\/clanespectaculos\/#\/schema\/person\/9734813083303230f3ad84d99171b20c"},"headline":"El dram\u00e1tico momento que vivi\u00f3 Sol P\u00e9rez con su hijo Marco que hizo asustar a todos","datePublished":"2026-02-21T02:25:21+00:00","mainEntityOfPage":{"@id":"https:\/\/radioclanfm.com\/clanespectaculos\/el-dramatico-momento-que-vivio-sol-perez-con-su-hijo-marco-que-hizo-asustar-a-todos\/"},"wordCount":666,"commentCount":0,"publisher":{"@id":"https:\/\/radioclanfm.com\/clanespectaculos\/#organization"},"image":{"@id":"https:\/\/radioclanfm.com\/clanespectaculos\/el-dramatico-momento-que-vivio-sol-perez-con-su-hijo-marco-que-hizo-asustar-a-todos\/#primaryimage"},"thumbnailUrl":"https:\/\/radioclanfm.com\/clanespectaculos\/wp-content\/uploads\/sites\/2\/2026\/02\/2msHyLUd.jpg","articleSection":["Espectaculos"],"inLanguage":"es-AR","potentialAction":[{"@type":"CommentAction","name":"Comment","target":["https:\/\/radioclanfm.com\/clanespectaculos\/el-dramatico-momento-que-vivio-sol-perez-con-su-hijo-marco-que-hizo-asustar-a-todos\/#respond"]}]},{"@type":"WebPage","@id":"https:\/\/radioclanfm.com\/clanespectaculos\/el-dramatico-momento-que-vivio-sol-perez-con-su-hijo-marco-que-hizo-asustar-a-todos\/","url":"https:\/\/radioclanfm.com\/clanespectaculos\/el-dramatico-momento-que-vivio-sol-perez-con-su-hijo-marco-que-hizo-asustar-a-todos\/","name":"El dram\u00e1tico momento que vivi\u00f3 Sol P\u00e9rez con su hijo Marco que hizo asustar a todos - CLAN ESPECTACULOS","isPartOf":{"@id":"https:\/\/radioclanfm.com\/clanespectaculos\/#website"},"primaryImageOfPage":{"@id":"https:\/\/radioclanfm.com\/clanespectaculos\/el-dramatico-momento-que-vivio-sol-perez-con-su-hijo-marco-que-hizo-asustar-a-todos\/#primaryimage"},"image":{"@id":"https:\/\/radioclanfm.com\/clanespectaculos\/el-dramatico-momento-que-vivio-sol-perez-con-su-hijo-marco-que-hizo-asustar-a-todos\/#primaryimage"},"thumbnailUrl":"https:\/\/radioclanfm.com\/clanespectaculos\/wp-content\/uploads\/sites\/2\/2026\/02\/2msHyLUd.jpg","datePublished":"2026-02-21T02:25:21+00:00","breadcrumb":{"@id":"https:\/\/radioclanfm.com\/clanespectaculos\/el-dramatico-momento-que-vivio-sol-perez-con-su-hijo-marco-que-hizo-asustar-a-todos\/#breadcrumb"},"inLanguage":"es-AR","potentialAction":[{"@type":"ReadAction","target":["https:\/\/radioclanfm.com\/clanespectaculos\/el-dramatico-momento-que-vivio-sol-perez-con-su-hijo-marco-que-hizo-asustar-a-todos\/"]}]},{"@type":"ImageObject","inLanguage":"es-AR","@id":"https:\/\/radioclanfm.com\/clanespectaculos\/el-dramatico-momento-que-vivio-sol-perez-con-su-hijo-marco-que-hizo-asustar-a-todos\/#primaryimage","url":"https:\/\/radioclanfm.com\/clanespectaculos\/wp-content\/uploads\/sites\/2\/2026\/02\/2msHyLUd.jpg","contentUrl":"https:\/\/radioclanfm.com\/clanespectaculos\/wp-content\/uploads\/sites\/2\/2026\/02\/2msHyLUd.jpg","width":900,"height":504},{"@type":"BreadcrumbList","@id":"https:\/\/radioclanfm.com\/clanespectaculos\/el-dramatico-momento-que-vivio-sol-perez-con-su-hijo-marco-que-hizo-asustar-a-todos\/#breadcrumb","itemListElement":[{"@type":"ListItem","position":1,"name":"Inicio","item":"https:\/\/radioclanfm.com\/clanespectaculos\/"},{"@type":"ListItem","position":2,"name":"El dram\u00e1tico momento que vivi\u00f3 Sol P\u00e9rez con su hijo Marco que hizo asustar a todos"}]},{"@type":"WebSite","@id":"https:\/\/radioclanfm.com\/clanespectaculos\/#website","url":"https:\/\/radioclanfm.com\/clanespectaculos\/","name":"CLAN ESPECTACULOS","description":"","publisher":{"@id":"https:\/\/radioclanfm.com\/clanespectaculos\/#organization"},"potentialAction":[{"@type":"SearchAction","target":{"@type":"EntryPoint","urlTemplate":"https:\/\/radioclanfm.com\/clanespectaculos\/?s={search_term_string}"},"query-input":{"@type":"PropertyValueSpecification","valueRequired":true,"valueName":"search_term_string"}}],"inLanguage":"es-AR"},{"@type":"Organization","@id":"https:\/\/radioclanfm.com\/clanespectaculos\/#organization","name":"CLAN ESPECTACULOS","url":"https:\/\/radioclanfm.com\/clanespectaculos\/","logo":{"@type":"ImageObject","inLanguage":"es-AR","@id":"https:\/\/radioclanfm.com\/clanespectaculos\/#\/schema\/logo\/image\/","url":"https:\/\/radioclanfm.com\/clanespectaculos\/wp-content\/uploads\/sites\/2\/2026\/04\/ChatGPT-Image-23-mar-2026-10_09_00.png","contentUrl":"https:\/\/radioclanfm.com\/clanespectaculos\/wp-content\/uploads\/sites\/2\/2026\/04\/ChatGPT-Image-23-mar-2026-10_09_00.png","width":1024,"height":1024,"caption":"CLAN ESPECTACULOS"},"image":{"@id":"https:\/\/radioclanfm.com\/clanespectaculos\/#\/schema\/logo\/image\/"},"sameAs":["https:\/\/www.facebook.com\/clanespectaculos\/","https:\/\/x.com\/clanespectok"]},{"@type":"Person","@id":"https:\/\/radioclanfm.com\/clanespectaculos\/#\/schema\/person\/9734813083303230f3ad84d99171b20c","name":"E-GRUPOCLAN","image":{"@type":"ImageObject","inLanguage":"es-AR","@id":"https:\/\/secure.gravatar.com\/avatar\/af6e19837c3d6a212034a48c7b3818d2ac1826f6025df0155da5a186ad321d79?s=96&d=mm&r=g","url":"https:\/\/secure.gravatar.com\/avatar\/af6e19837c3d6a212034a48c7b3818d2ac1826f6025df0155da5a186ad321d79?s=96&d=mm&r=g","contentUrl":"https:\/\/secure.gravatar.com\/avatar\/af6e19837c3d6a212034a48c7b3818d2ac1826f6025df0155da5a186ad321d79?s=96&d=mm&r=g","caption":"E-GRUPOCLAN"},"sameAs":["https:\/\/radioclanfm.com"],"url":"https:\/\/radioclanfm.com\/clanespectaculos\/author\/admin\/"}]}},"_links":{"self":[{"href":"https:\/\/radioclanfm.com\/clanespectaculos\/wp-json\/wp\/v2\/posts\/12534","targetHints":{"allow":["GET"]}}],"collection":[{"href":"https:\/\/radioclanfm.com\/clanespectaculos\/wp-json\/wp\/v2\/posts"}],"about":[{"href":"https:\/\/radioclanfm.com\/clanespectaculos\/wp-json\/wp\/v2\/types\/post"}],"author":[{"embeddable":true,"href":"https:\/\/radioclanfm.com\/clanespectaculos\/wp-json\/wp\/v2\/users\/1"}],"replies":[{"embeddable":true,"href":"https:\/\/radioclanfm.com\/clanespectaculos\/wp-json\/wp\/v2\/comments?post=12534"}],"version-history":[{"count":1,"href":"https:\/\/radioclanfm.com\/clanespectaculos\/wp-json\/wp\/v2\/posts\/12534\/revisions"}],"predecessor-version":[{"id":12538,"href":"https:\/\/radioclanfm.com\/clanespectaculos\/wp-json\/wp\/v2\/posts\/12534\/revisions\/12538"}],"wp:featuredmedia":[{"embeddable":true,"href":"https:\/\/radioclanfm.com\/clanespectaculos\/wp-json\/wp\/v2\/media\/12537"}],"wp:attachment":[{"href":"https:\/\/radioclanfm.com\/clanespectaculos\/wp-json\/wp\/v2\/media?parent=12534"}],"wp:term":[{"taxonomy":"category","embeddable":true,"href":"https:\/\/radioclanfm.com\/clanespectaculos\/wp-json\/wp\/v2\/categories?post=12534"},{"taxonomy":"post_tag","embeddable":true,"href":"https:\/\/radioclanfm.com\/clanespectaculos\/wp-json\/wp\/v2\/tags?post=12534"}],"curies":[{"name":"wp","href":"https:\/\/api.w.org\/{rel}","templated":true}]}}