{"id":12473,"date":"2026-02-19T00:29:05","date_gmt":"2026-02-19T03:29:05","guid":{"rendered":"https:\/\/radioclanfm.com\/clanespectaculos\/?p=12473"},"modified":"2026-02-19T00:29:05","modified_gmt":"2026-02-19T03:29:05","slug":"adios-a-los-borcegos-el-calzado-que-sera-tendencia-este-invierno-2026-por-ser-mas-elegante-y-comodo","status":"publish","type":"post","link":"https:\/\/radioclanfm.com\/clanespectaculos\/adios-a-los-borcegos-el-calzado-que-sera-tendencia-este-invierno-2026-por-ser-mas-elegante-y-comodo\/","title":{"rendered":"Adi\u00f3s a los borcegos: el calzado que ser\u00e1 tendencia este invierno 2026 por ser m\u00e1s elegante y c\u00f3modo"},"content":{"rendered":"<p>Un cambio silencioso en el mundo de la moda empieza a marcar el ritmo de los looks de fr\u00edo, con propuestas m\u00e1s estilizadas y vers\u00e1tiles que prometen adue\u00f1arse de la temporada.<\/p>\n<div class=\"col-content\"><main class=\"col-content\"><\/p>\n<div class=\"default-article-color article__body article__article\">\n<p class=\"paragraph font__body-regular\">Este\u00a0<b>invierno 2026<\/b>\u00a0llega con un giro fuerte en las tendencias de moda, especialmente en lo que respecta al calzado. Una de las se\u00f1ales m\u00e1s claras de esta nueva etapa es la despedida de los cl\u00e1sicos borcegos, que durante a\u00f1os dominaron los looks de fr\u00edo.<\/p>\n<div class=\"AV6543bedcd858799fe90b5c47\">\n<div id=\"aniBox\">\n<div id=\"aniplayer_AV6543bedcd858799fe90b5c47-1771471707243\">\n<div id=\"aniplayer_AV6543bedcd858799fe90b5c47-1771471707243gui\">\n<div id=\"av-caption\">\n<div id=\"av-close-btn-overlay\" class=\"av-pos-top-left\"><\/div>\n<\/div>\n<\/div>\n<div id=\"anibid\"><\/div>\n<\/div>\n<\/div>\n<\/div>\n<p class=\"paragraph font__body-regular\">Aunque fueron infaltables en temporadas anteriores, este a\u00f1o ceden protagonismo frente a un modelo mucho m\u00e1s estilizado:\u00a0<b>las botas en punta<\/b>. Ya sea con terminaci\u00f3n cuadrada, redondeada o bien afilada, este tipo de calzado se impone como una alternativa m\u00e1s refinada, ideal para sumar elegancia sin resignar abrigo ni comodidad.<\/p>\n<p class=\"paragraph font__body-regular\">Un dise\u00f1o que pisa fuerte es el de\u00a0<b>punta cuadrada<\/b>, que aporta un aire moderno y sofisticado. Estas botas se perfilan como uno de los grandes infaltables de la temporada oto\u00f1o-invierno 2026, ya que se adaptan con facilidad a distintos estilos: funcionan igual de bien en outfits relajados de d\u00eda como en looks m\u00e1s formales para la noche.<\/p>\n<figure class=\"\" data-testid=\"figure-testid\">\n<div class=\"aspect_ratio__container\"><picture class=\"responsive-image\"><source srcset=\"https:\/\/tn.com.ar\/resizer\/v2\/por-que-las-botas-en-punta-van-a-ser-el-calzado-estrella-del-invierno-2026-foto-imagen-generada-con-ia-gemini-UR7YZ6SDE5GB5PJHFFUIRDHGFY.jpg?auth=81ca72d61f3b8a64a3d9f8055635ac9ba3bbcdf2cf825c76ce8adb222c5630d2&amp;width=767\" type=\"image\/jpg\" media=\"(max-width: 728px)\" \/><source srcset=\"https:\/\/tn.com.ar\/resizer\/v2\/por-que-las-botas-en-punta-van-a-ser-el-calzado-estrella-del-invierno-2026-foto-imagen-generada-con-ia-gemini-UR7YZ6SDE5GB5PJHFFUIRDHGFY.jpg?auth=81ca72d61f3b8a64a3d9f8055635ac9ba3bbcdf2cf825c76ce8adb222c5630d2&amp;width=1023\" type=\"image\/jpg\" media=\"(max-width: 1023px)\" \/><source srcset=\"https:\/\/tn.com.ar\/resizer\/v2\/por-que-las-botas-en-punta-van-a-ser-el-calzado-estrella-del-invierno-2026-foto-imagen-generada-con-ia-gemini-UR7YZ6SDE5GB5PJHFFUIRDHGFY.jpg?auth=81ca72d61f3b8a64a3d9f8055635ac9ba3bbcdf2cf825c76ce8adb222c5630d2&amp;width=1440\" type=\"image\/jpg\" \/><img loading=\"lazy\" decoding=\"async\" class=\"image content-image image_placeholder\" src=\"https:\/\/tn.com.ar\/resizer\/v2\/por-que-las-botas-en-punta-van-a-ser-el-calzado-estrella-del-invierno-2026-foto-imagen-generada-con-ia-gemini-UR7YZ6SDE5GB5PJHFFUIRDHGFY.jpg?auth=81ca72d61f3b8a64a3d9f8055635ac9ba3bbcdf2cf825c76ce8adb222c5630d2&amp;width=767\" alt=\"\u00bfPor qu\u00e9 las botas en punta van a ser el calzado estrella del invierno 2026? (Foto: Imagen generada con IA-Gemini)\" width=\"767\" height=\"430\" data-testid=\"loading-testid\" \/><\/picture><\/div><figcaption class=\"caption_image\" data-testid=\"figcaption-testid\">\n<div class=\"image_caption \">\u00bfPor qu\u00e9 las botas en punta van a ser el calzado estrella del invierno 2026? (Foto: Imagen generada con IA-Gemini)<\/div>\n<\/figcaption><\/figure>\n<p class=\"paragraph font__body-regular\">M\u00e1s all\u00e1 de su costado est\u00e9tico, tambi\u00e9n son pr\u00e1cticas. Abrigan, protegen del fr\u00edo y tienen un plus clave: ayudan a estilizar la silueta. La forma de la punta genera un efecto visual que alarga las piernas, sobre todo cuando se combinan con pantalones de pierna ancha, como los wide leg, que siguen marcando tendencia.<\/p>\n<h2 class=\"font--primary font__display\">\u00bfPor qu\u00e9 las botas en punta van a ser el calzado estrella del invierno 2026?<\/h2>\n<ul class=\"ul__list list\">\n<li class=\"list__item\"><b>Efecto visual estilizador:<\/b>\u00a0su dise\u00f1o afilado o geom\u00e9trico aporta una sensaci\u00f3n de piernas m\u00e1s largas.<\/li>\n<li class=\"list__item\"><b>Adaptabilidad:<\/b>\u00a0quedan bien con jeans ajustados, pantalones amplios, faldas midi y vestidos.<\/li>\n<li class=\"list__item\"><b>Funcionales y c\u00f3modas:<\/b>\u00a0combinan dise\u00f1o, abrigo y confort, tres claves para el invierno.<\/li>\n<\/ul>\n<\/div>\n<p><\/main><\/div>\n<aside class=\"col-right-rail right-rail\">\n<div id=\"parent-ad-slot-caja\" class=\"ad-container caja_ad \">\n<div class=\"ad-content\">\n<div id=\"ad-slot-caja\" class=\"ad-slot-caja ad-slot\" data-adtype=\"caja\" data-lazyload=\"1\" data-google-query-id=\"CP2Q8KjO5JIDFXBP3QIdJIEKUA\"><\/div>\n<\/div>\n<\/div>\n<\/aside>\n","protected":false},"excerpt":{"rendered":"<p>Un cambio silencioso en el mundo de la moda empieza a marcar el ritmo de los looks de fr\u00edo, con propuestas m\u00e1s estilizadas y vers\u00e1tiles que prometen adue\u00f1arse de la temporada. Este\u00a0invierno 2026\u00a0llega con un giro fuerte en las tendencias de moda, especialmente en lo que respecta al calzado. Una de las se\u00f1ales m\u00e1s claras [&hellip;]<\/p>\n","protected":false},"author":1,"featured_media":12476,"comment_status":"open","ping_status":"open","sticky":false,"template":"","format":"standard","meta":{"rop_custom_images_group":[],"rop_custom_messages_group":[],"rop_publish_now":"initial","rop_publish_now_accounts":[],"rop_publish_now_history":[],"rop_publish_now_status":"pending","footnotes":"","jetpack_publicize_message":"","jetpack_publicize_feature_enabled":true,"jetpack_social_post_already_shared":true,"jetpack_social_options":{"image_generator_settings":{"template":"highway","enabled":false},"version":2}},"categories":[16],"tags":[],"class_list":{"0":"post-12473","1":"post","2":"type-post","3":"status-publish","4":"format-standard","5":"has-post-thumbnail","7":"category-tendencias"},"jetpack_publicize_connections":[],"yoast_head":"<!-- This site is optimized with the Yoast SEO plugin v27.3 - https:\/\/yoast.com\/product\/yoast-seo-wordpress\/ -->\n<title>Adi\u00f3s a los borcegos: el calzado que ser\u00e1 tendencia este invierno 2026 por ser m\u00e1s elegante y c\u00f3modo - CLAN ESPECTACULOS<\/title>\n<meta name=\"robots\" content=\"index, follow, max-snippet:-1, max-image-preview:large, max-video-preview:-1\" \/>\n<link rel=\"canonical\" href=\"https:\/\/radioclanfm.com\/clanespectaculos\/adios-a-los-borcegos-el-calzado-que-sera-tendencia-este-invierno-2026-por-ser-mas-elegante-y-comodo\/\" \/>\n<meta property=\"og:locale\" content=\"es_ES\" \/>\n<meta property=\"og:type\" content=\"article\" \/>\n<meta property=\"og:title\" content=\"Adi\u00f3s a los borcegos: el calzado que ser\u00e1 tendencia este invierno 2026 por ser m\u00e1s elegante y c\u00f3modo - CLAN ESPECTACULOS\" \/>\n<meta property=\"og:description\" content=\"Un cambio silencioso en el mundo de la moda empieza a marcar el ritmo de los looks de fr\u00edo, con propuestas m\u00e1s estilizadas y vers\u00e1tiles que prometen adue\u00f1arse de la temporada. Este\u00a0invierno 2026\u00a0llega con un giro fuerte en las tendencias de moda, especialmente en lo que respecta al calzado. Una de las se\u00f1ales m\u00e1s claras [&hellip;]\" \/>\n<meta property=\"og:url\" content=\"https:\/\/radioclanfm.com\/clanespectaculos\/adios-a-los-borcegos-el-calzado-que-sera-tendencia-este-invierno-2026-por-ser-mas-elegante-y-comodo\/\" \/>\n<meta property=\"og:site_name\" content=\"CLAN ESPECTACULOS\" \/>\n<meta property=\"article:publisher\" content=\"https:\/\/www.facebook.com\/clanespectaculos\/\" \/>\n<meta property=\"article:published_time\" content=\"2026-02-19T03:29:05+00:00\" \/>\n<meta property=\"og:image\" content=\"https:\/\/radioclanfm.com\/clanespectaculos\/wp-content\/uploads\/sites\/2\/2026\/02\/pW-4M5bn.jpg\" \/>\n\t<meta property=\"og:image:width\" content=\"900\" \/>\n\t<meta property=\"og:image:height\" content=\"505\" \/>\n\t<meta property=\"og:image:type\" content=\"image\/jpeg\" \/>\n<meta name=\"author\" content=\"E-GRUPOCLAN\" \/>\n<meta name=\"twitter:card\" content=\"summary_large_image\" \/>\n<meta name=\"twitter:creator\" content=\"@clanespectok\" \/>\n<meta name=\"twitter:site\" content=\"@clanespectok\" \/>\n<meta name=\"twitter:label1\" content=\"Escrito por\" \/>\n\t<meta name=\"twitter:data1\" content=\"E-GRUPOCLAN\" \/>\n\t<meta name=\"twitter:label2\" content=\"Tiempo de lectura\" \/>\n\t<meta name=\"twitter:data2\" content=\"2 minutos\" \/>\n<script type=\"application\/ld+json\" class=\"yoast-schema-graph\">{\"@context\":\"https:\\\/\\\/schema.org\",\"@graph\":[{\"@type\":\"Article\",\"@id\":\"https:\\\/\\\/radioclanfm.com\\\/clanespectaculos\\\/adios-a-los-borcegos-el-calzado-que-sera-tendencia-este-invierno-2026-por-ser-mas-elegante-y-comodo\\\/#article\",\"isPartOf\":{\"@id\":\"https:\\\/\\\/radioclanfm.com\\\/clanespectaculos\\\/adios-a-los-borcegos-el-calzado-que-sera-tendencia-este-invierno-2026-por-ser-mas-elegante-y-comodo\\\/\"},\"author\":{\"name\":\"E-GRUPOCLAN\",\"@id\":\"https:\\\/\\\/radioclanfm.com\\\/clanespectaculos\\\/#\\\/schema\\\/person\\\/9734813083303230f3ad84d99171b20c\"},\"headline\":\"Adi\u00f3s a los borcegos: el calzado que ser\u00e1 tendencia este invierno 2026 por ser m\u00e1s elegante y c\u00f3modo\",\"datePublished\":\"2026-02-19T03:29:05+00:00\",\"mainEntityOfPage\":{\"@id\":\"https:\\\/\\\/radioclanfm.com\\\/clanespectaculos\\\/adios-a-los-borcegos-el-calzado-que-sera-tendencia-este-invierno-2026-por-ser-mas-elegante-y-comodo\\\/\"},\"wordCount\":357,\"commentCount\":0,\"publisher\":{\"@id\":\"https:\\\/\\\/radioclanfm.com\\\/clanespectaculos\\\/#organization\"},\"image\":{\"@id\":\"https:\\\/\\\/radioclanfm.com\\\/clanespectaculos\\\/adios-a-los-borcegos-el-calzado-que-sera-tendencia-este-invierno-2026-por-ser-mas-elegante-y-comodo\\\/#primaryimage\"},\"thumbnailUrl\":\"https:\\\/\\\/radioclanfm.com\\\/clanespectaculos\\\/wp-content\\\/uploads\\\/sites\\\/2\\\/2026\\\/02\\\/pW-4M5bn.jpg\",\"articleSection\":[\"TENDENCIAS\"],\"inLanguage\":\"es-AR\",\"potentialAction\":[{\"@type\":\"CommentAction\",\"name\":\"Comment\",\"target\":[\"https:\\\/\\\/radioclanfm.com\\\/clanespectaculos\\\/adios-a-los-borcegos-el-calzado-que-sera-tendencia-este-invierno-2026-por-ser-mas-elegante-y-comodo\\\/#respond\"]}]},{\"@type\":\"WebPage\",\"@id\":\"https:\\\/\\\/radioclanfm.com\\\/clanespectaculos\\\/adios-a-los-borcegos-el-calzado-que-sera-tendencia-este-invierno-2026-por-ser-mas-elegante-y-comodo\\\/\",\"url\":\"https:\\\/\\\/radioclanfm.com\\\/clanespectaculos\\\/adios-a-los-borcegos-el-calzado-que-sera-tendencia-este-invierno-2026-por-ser-mas-elegante-y-comodo\\\/\",\"name\":\"Adi\u00f3s a los borcegos: el calzado que ser\u00e1 tendencia este invierno 2026 por ser m\u00e1s elegante y c\u00f3modo - CLAN ESPECTACULOS\",\"isPartOf\":{\"@id\":\"https:\\\/\\\/radioclanfm.com\\\/clanespectaculos\\\/#website\"},\"primaryImageOfPage\":{\"@id\":\"https:\\\/\\\/radioclanfm.com\\\/clanespectaculos\\\/adios-a-los-borcegos-el-calzado-que-sera-tendencia-este-invierno-2026-por-ser-mas-elegante-y-comodo\\\/#primaryimage\"},\"image\":{\"@id\":\"https:\\\/\\\/radioclanfm.com\\\/clanespectaculos\\\/adios-a-los-borcegos-el-calzado-que-sera-tendencia-este-invierno-2026-por-ser-mas-elegante-y-comodo\\\/#primaryimage\"},\"thumbnailUrl\":\"https:\\\/\\\/radioclanfm.com\\\/clanespectaculos\\\/wp-content\\\/uploads\\\/sites\\\/2\\\/2026\\\/02\\\/pW-4M5bn.jpg\",\"datePublished\":\"2026-02-19T03:29:05+00:00\",\"breadcrumb\":{\"@id\":\"https:\\\/\\\/radioclanfm.com\\\/clanespectaculos\\\/adios-a-los-borcegos-el-calzado-que-sera-tendencia-este-invierno-2026-por-ser-mas-elegante-y-comodo\\\/#breadcrumb\"},\"inLanguage\":\"es-AR\",\"potentialAction\":[{\"@type\":\"ReadAction\",\"target\":[\"https:\\\/\\\/radioclanfm.com\\\/clanespectaculos\\\/adios-a-los-borcegos-el-calzado-que-sera-tendencia-este-invierno-2026-por-ser-mas-elegante-y-comodo\\\/\"]}]},{\"@type\":\"ImageObject\",\"inLanguage\":\"es-AR\",\"@id\":\"https:\\\/\\\/radioclanfm.com\\\/clanespectaculos\\\/adios-a-los-borcegos-el-calzado-que-sera-tendencia-este-invierno-2026-por-ser-mas-elegante-y-comodo\\\/#primaryimage\",\"url\":\"https:\\\/\\\/radioclanfm.com\\\/clanespectaculos\\\/wp-content\\\/uploads\\\/sites\\\/2\\\/2026\\\/02\\\/pW-4M5bn.jpg\",\"contentUrl\":\"https:\\\/\\\/radioclanfm.com\\\/clanespectaculos\\\/wp-content\\\/uploads\\\/sites\\\/2\\\/2026\\\/02\\\/pW-4M5bn.jpg\",\"width\":900,\"height\":505},{\"@type\":\"BreadcrumbList\",\"@id\":\"https:\\\/\\\/radioclanfm.com\\\/clanespectaculos\\\/adios-a-los-borcegos-el-calzado-que-sera-tendencia-este-invierno-2026-por-ser-mas-elegante-y-comodo\\\/#breadcrumb\",\"itemListElement\":[{\"@type\":\"ListItem\",\"position\":1,\"name\":\"Inicio\",\"item\":\"https:\\\/\\\/radioclanfm.com\\\/clanespectaculos\\\/\"},{\"@type\":\"ListItem\",\"position\":2,\"name\":\"Adi\u00f3s a los borcegos: el calzado que ser\u00e1 tendencia este invierno 2026 por ser m\u00e1s elegante y c\u00f3modo\"}]},{\"@type\":\"WebSite\",\"@id\":\"https:\\\/\\\/radioclanfm.com\\\/clanespectaculos\\\/#website\",\"url\":\"https:\\\/\\\/radioclanfm.com\\\/clanespectaculos\\\/\",\"name\":\"CLAN ESPECTACULOS\",\"description\":\"\",\"publisher\":{\"@id\":\"https:\\\/\\\/radioclanfm.com\\\/clanespectaculos\\\/#organization\"},\"potentialAction\":[{\"@type\":\"SearchAction\",\"target\":{\"@type\":\"EntryPoint\",\"urlTemplate\":\"https:\\\/\\\/radioclanfm.com\\\/clanespectaculos\\\/?s={search_term_string}\"},\"query-input\":{\"@type\":\"PropertyValueSpecification\",\"valueRequired\":true,\"valueName\":\"search_term_string\"}}],\"inLanguage\":\"es-AR\"},{\"@type\":\"Organization\",\"@id\":\"https:\\\/\\\/radioclanfm.com\\\/clanespectaculos\\\/#organization\",\"name\":\"CLAN ESPECTACULOS\",\"url\":\"https:\\\/\\\/radioclanfm.com\\\/clanespectaculos\\\/\",\"logo\":{\"@type\":\"ImageObject\",\"inLanguage\":\"es-AR\",\"@id\":\"https:\\\/\\\/radioclanfm.com\\\/clanespectaculos\\\/#\\\/schema\\\/logo\\\/image\\\/\",\"url\":\"https:\\\/\\\/radioclanfm.com\\\/clanespectaculos\\\/wp-content\\\/uploads\\\/sites\\\/2\\\/2026\\\/04\\\/ChatGPT-Image-23-mar-2026-10_09_00.png\",\"contentUrl\":\"https:\\\/\\\/radioclanfm.com\\\/clanespectaculos\\\/wp-content\\\/uploads\\\/sites\\\/2\\\/2026\\\/04\\\/ChatGPT-Image-23-mar-2026-10_09_00.png\",\"width\":1024,\"height\":1024,\"caption\":\"CLAN ESPECTACULOS\"},\"image\":{\"@id\":\"https:\\\/\\\/radioclanfm.com\\\/clanespectaculos\\\/#\\\/schema\\\/logo\\\/image\\\/\"},\"sameAs\":[\"https:\\\/\\\/www.facebook.com\\\/clanespectaculos\\\/\",\"https:\\\/\\\/x.com\\\/clanespectok\"]},{\"@type\":\"Person\",\"@id\":\"https:\\\/\\\/radioclanfm.com\\\/clanespectaculos\\\/#\\\/schema\\\/person\\\/9734813083303230f3ad84d99171b20c\",\"name\":\"E-GRUPOCLAN\",\"image\":{\"@type\":\"ImageObject\",\"inLanguage\":\"es-AR\",\"@id\":\"https:\\\/\\\/secure.gravatar.com\\\/avatar\\\/af6e19837c3d6a212034a48c7b3818d2ac1826f6025df0155da5a186ad321d79?s=96&d=mm&r=g\",\"url\":\"https:\\\/\\\/secure.gravatar.com\\\/avatar\\\/af6e19837c3d6a212034a48c7b3818d2ac1826f6025df0155da5a186ad321d79?s=96&d=mm&r=g\",\"contentUrl\":\"https:\\\/\\\/secure.gravatar.com\\\/avatar\\\/af6e19837c3d6a212034a48c7b3818d2ac1826f6025df0155da5a186ad321d79?s=96&d=mm&r=g\",\"caption\":\"E-GRUPOCLAN\"},\"sameAs\":[\"https:\\\/\\\/radioclanfm.com\"],\"url\":\"https:\\\/\\\/radioclanfm.com\\\/clanespectaculos\\\/author\\\/admin\\\/\"}]}<\/script>\n<!-- \/ Yoast SEO plugin. -->","yoast_head_json":{"title":"Adi\u00f3s a los borcegos: el calzado que ser\u00e1 tendencia este invierno 2026 por ser m\u00e1s elegante y c\u00f3modo - CLAN ESPECTACULOS","robots":{"index":"index","follow":"follow","max-snippet":"max-snippet:-1","max-image-preview":"max-image-preview:large","max-video-preview":"max-video-preview:-1"},"canonical":"https:\/\/radioclanfm.com\/clanespectaculos\/adios-a-los-borcegos-el-calzado-que-sera-tendencia-este-invierno-2026-por-ser-mas-elegante-y-comodo\/","og_locale":"es_ES","og_type":"article","og_title":"Adi\u00f3s a los borcegos: el calzado que ser\u00e1 tendencia este invierno 2026 por ser m\u00e1s elegante y c\u00f3modo - CLAN ESPECTACULOS","og_description":"Un cambio silencioso en el mundo de la moda empieza a marcar el ritmo de los looks de fr\u00edo, con propuestas m\u00e1s estilizadas y vers\u00e1tiles que prometen adue\u00f1arse de la temporada. Este\u00a0invierno 2026\u00a0llega con un giro fuerte en las tendencias de moda, especialmente en lo que respecta al calzado. Una de las se\u00f1ales m\u00e1s claras [&hellip;]","og_url":"https:\/\/radioclanfm.com\/clanespectaculos\/adios-a-los-borcegos-el-calzado-que-sera-tendencia-este-invierno-2026-por-ser-mas-elegante-y-comodo\/","og_site_name":"CLAN ESPECTACULOS","article_publisher":"https:\/\/www.facebook.com\/clanespectaculos\/","article_published_time":"2026-02-19T03:29:05+00:00","og_image":[{"width":900,"height":505,"url":"https:\/\/radioclanfm.com\/clanespectaculos\/wp-content\/uploads\/sites\/2\/2026\/02\/pW-4M5bn.jpg","type":"image\/jpeg"}],"author":"E-GRUPOCLAN","twitter_card":"summary_large_image","twitter_creator":"@clanespectok","twitter_site":"@clanespectok","twitter_misc":{"Escrito por":"E-GRUPOCLAN","Tiempo de lectura":"2 minutos"},"schema":{"@context":"https:\/\/schema.org","@graph":[{"@type":"Article","@id":"https:\/\/radioclanfm.com\/clanespectaculos\/adios-a-los-borcegos-el-calzado-que-sera-tendencia-este-invierno-2026-por-ser-mas-elegante-y-comodo\/#article","isPartOf":{"@id":"https:\/\/radioclanfm.com\/clanespectaculos\/adios-a-los-borcegos-el-calzado-que-sera-tendencia-este-invierno-2026-por-ser-mas-elegante-y-comodo\/"},"author":{"name":"E-GRUPOCLAN","@id":"https:\/\/radioclanfm.com\/clanespectaculos\/#\/schema\/person\/9734813083303230f3ad84d99171b20c"},"headline":"Adi\u00f3s a los borcegos: el calzado que ser\u00e1 tendencia este invierno 2026 por ser m\u00e1s elegante y c\u00f3modo","datePublished":"2026-02-19T03:29:05+00:00","mainEntityOfPage":{"@id":"https:\/\/radioclanfm.com\/clanespectaculos\/adios-a-los-borcegos-el-calzado-que-sera-tendencia-este-invierno-2026-por-ser-mas-elegante-y-comodo\/"},"wordCount":357,"commentCount":0,"publisher":{"@id":"https:\/\/radioclanfm.com\/clanespectaculos\/#organization"},"image":{"@id":"https:\/\/radioclanfm.com\/clanespectaculos\/adios-a-los-borcegos-el-calzado-que-sera-tendencia-este-invierno-2026-por-ser-mas-elegante-y-comodo\/#primaryimage"},"thumbnailUrl":"https:\/\/radioclanfm.com\/clanespectaculos\/wp-content\/uploads\/sites\/2\/2026\/02\/pW-4M5bn.jpg","articleSection":["TENDENCIAS"],"inLanguage":"es-AR","potentialAction":[{"@type":"CommentAction","name":"Comment","target":["https:\/\/radioclanfm.com\/clanespectaculos\/adios-a-los-borcegos-el-calzado-que-sera-tendencia-este-invierno-2026-por-ser-mas-elegante-y-comodo\/#respond"]}]},{"@type":"WebPage","@id":"https:\/\/radioclanfm.com\/clanespectaculos\/adios-a-los-borcegos-el-calzado-que-sera-tendencia-este-invierno-2026-por-ser-mas-elegante-y-comodo\/","url":"https:\/\/radioclanfm.com\/clanespectaculos\/adios-a-los-borcegos-el-calzado-que-sera-tendencia-este-invierno-2026-por-ser-mas-elegante-y-comodo\/","name":"Adi\u00f3s a los borcegos: el calzado que ser\u00e1 tendencia este invierno 2026 por ser m\u00e1s elegante y c\u00f3modo - CLAN ESPECTACULOS","isPartOf":{"@id":"https:\/\/radioclanfm.com\/clanespectaculos\/#website"},"primaryImageOfPage":{"@id":"https:\/\/radioclanfm.com\/clanespectaculos\/adios-a-los-borcegos-el-calzado-que-sera-tendencia-este-invierno-2026-por-ser-mas-elegante-y-comodo\/#primaryimage"},"image":{"@id":"https:\/\/radioclanfm.com\/clanespectaculos\/adios-a-los-borcegos-el-calzado-que-sera-tendencia-este-invierno-2026-por-ser-mas-elegante-y-comodo\/#primaryimage"},"thumbnailUrl":"https:\/\/radioclanfm.com\/clanespectaculos\/wp-content\/uploads\/sites\/2\/2026\/02\/pW-4M5bn.jpg","datePublished":"2026-02-19T03:29:05+00:00","breadcrumb":{"@id":"https:\/\/radioclanfm.com\/clanespectaculos\/adios-a-los-borcegos-el-calzado-que-sera-tendencia-este-invierno-2026-por-ser-mas-elegante-y-comodo\/#breadcrumb"},"inLanguage":"es-AR","potentialAction":[{"@type":"ReadAction","target":["https:\/\/radioclanfm.com\/clanespectaculos\/adios-a-los-borcegos-el-calzado-que-sera-tendencia-este-invierno-2026-por-ser-mas-elegante-y-comodo\/"]}]},{"@type":"ImageObject","inLanguage":"es-AR","@id":"https:\/\/radioclanfm.com\/clanespectaculos\/adios-a-los-borcegos-el-calzado-que-sera-tendencia-este-invierno-2026-por-ser-mas-elegante-y-comodo\/#primaryimage","url":"https:\/\/radioclanfm.com\/clanespectaculos\/wp-content\/uploads\/sites\/2\/2026\/02\/pW-4M5bn.jpg","contentUrl":"https:\/\/radioclanfm.com\/clanespectaculos\/wp-content\/uploads\/sites\/2\/2026\/02\/pW-4M5bn.jpg","width":900,"height":505},{"@type":"BreadcrumbList","@id":"https:\/\/radioclanfm.com\/clanespectaculos\/adios-a-los-borcegos-el-calzado-que-sera-tendencia-este-invierno-2026-por-ser-mas-elegante-y-comodo\/#breadcrumb","itemListElement":[{"@type":"ListItem","position":1,"name":"Inicio","item":"https:\/\/radioclanfm.com\/clanespectaculos\/"},{"@type":"ListItem","position":2,"name":"Adi\u00f3s a los borcegos: el calzado que ser\u00e1 tendencia este invierno 2026 por ser m\u00e1s elegante y c\u00f3modo"}]},{"@type":"WebSite","@id":"https:\/\/radioclanfm.com\/clanespectaculos\/#website","url":"https:\/\/radioclanfm.com\/clanespectaculos\/","name":"CLAN ESPECTACULOS","description":"","publisher":{"@id":"https:\/\/radioclanfm.com\/clanespectaculos\/#organization"},"potentialAction":[{"@type":"SearchAction","target":{"@type":"EntryPoint","urlTemplate":"https:\/\/radioclanfm.com\/clanespectaculos\/?s={search_term_string}"},"query-input":{"@type":"PropertyValueSpecification","valueRequired":true,"valueName":"search_term_string"}}],"inLanguage":"es-AR"},{"@type":"Organization","@id":"https:\/\/radioclanfm.com\/clanespectaculos\/#organization","name":"CLAN ESPECTACULOS","url":"https:\/\/radioclanfm.com\/clanespectaculos\/","logo":{"@type":"ImageObject","inLanguage":"es-AR","@id":"https:\/\/radioclanfm.com\/clanespectaculos\/#\/schema\/logo\/image\/","url":"https:\/\/radioclanfm.com\/clanespectaculos\/wp-content\/uploads\/sites\/2\/2026\/04\/ChatGPT-Image-23-mar-2026-10_09_00.png","contentUrl":"https:\/\/radioclanfm.com\/clanespectaculos\/wp-content\/uploads\/sites\/2\/2026\/04\/ChatGPT-Image-23-mar-2026-10_09_00.png","width":1024,"height":1024,"caption":"CLAN ESPECTACULOS"},"image":{"@id":"https:\/\/radioclanfm.com\/clanespectaculos\/#\/schema\/logo\/image\/"},"sameAs":["https:\/\/www.facebook.com\/clanespectaculos\/","https:\/\/x.com\/clanespectok"]},{"@type":"Person","@id":"https:\/\/radioclanfm.com\/clanespectaculos\/#\/schema\/person\/9734813083303230f3ad84d99171b20c","name":"E-GRUPOCLAN","image":{"@type":"ImageObject","inLanguage":"es-AR","@id":"https:\/\/secure.gravatar.com\/avatar\/af6e19837c3d6a212034a48c7b3818d2ac1826f6025df0155da5a186ad321d79?s=96&d=mm&r=g","url":"https:\/\/secure.gravatar.com\/avatar\/af6e19837c3d6a212034a48c7b3818d2ac1826f6025df0155da5a186ad321d79?s=96&d=mm&r=g","contentUrl":"https:\/\/secure.gravatar.com\/avatar\/af6e19837c3d6a212034a48c7b3818d2ac1826f6025df0155da5a186ad321d79?s=96&d=mm&r=g","caption":"E-GRUPOCLAN"},"sameAs":["https:\/\/radioclanfm.com"],"url":"https:\/\/radioclanfm.com\/clanespectaculos\/author\/admin\/"}]}},"_links":{"self":[{"href":"https:\/\/radioclanfm.com\/clanespectaculos\/wp-json\/wp\/v2\/posts\/12473","targetHints":{"allow":["GET"]}}],"collection":[{"href":"https:\/\/radioclanfm.com\/clanespectaculos\/wp-json\/wp\/v2\/posts"}],"about":[{"href":"https:\/\/radioclanfm.com\/clanespectaculos\/wp-json\/wp\/v2\/types\/post"}],"author":[{"embeddable":true,"href":"https:\/\/radioclanfm.com\/clanespectaculos\/wp-json\/wp\/v2\/users\/1"}],"replies":[{"embeddable":true,"href":"https:\/\/radioclanfm.com\/clanespectaculos\/wp-json\/wp\/v2\/comments?post=12473"}],"version-history":[{"count":1,"href":"https:\/\/radioclanfm.com\/clanespectaculos\/wp-json\/wp\/v2\/posts\/12473\/revisions"}],"predecessor-version":[{"id":12477,"href":"https:\/\/radioclanfm.com\/clanespectaculos\/wp-json\/wp\/v2\/posts\/12473\/revisions\/12477"}],"wp:featuredmedia":[{"embeddable":true,"href":"https:\/\/radioclanfm.com\/clanespectaculos\/wp-json\/wp\/v2\/media\/12476"}],"wp:attachment":[{"href":"https:\/\/radioclanfm.com\/clanespectaculos\/wp-json\/wp\/v2\/media?parent=12473"}],"wp:term":[{"taxonomy":"category","embeddable":true,"href":"https:\/\/radioclanfm.com\/clanespectaculos\/wp-json\/wp\/v2\/categories?post=12473"},{"taxonomy":"post_tag","embeddable":true,"href":"https:\/\/radioclanfm.com\/clanespectaculos\/wp-json\/wp\/v2\/tags?post=12473"}],"curies":[{"name":"wp","href":"https:\/\/api.w.org\/{rel}","templated":true}]}}