{"id":12468,"date":"2026-02-19T00:27:24","date_gmt":"2026-02-19T03:27:24","guid":{"rendered":"https:\/\/radioclanfm.com\/clanespectaculos\/?p=12468"},"modified":"2026-02-19T00:27:24","modified_gmt":"2026-02-19T03:27:24","slug":"debora-damato-venci-800-prejuicios-y-el-miedo-a-la-soledad-para-ser-madre-soltera-a-los-45","status":"publish","type":"post","link":"https:\/\/radioclanfm.com\/clanespectaculos\/debora-damato-venci-800-prejuicios-y-el-miedo-a-la-soledad-para-ser-madre-soltera-a-los-45\/","title":{"rendered":"D\u00e9bora D\u2019Amato: \u201cVenc\u00ed 800 prejuicios y el miedo a la soledad para ser madre soltera a los 45\u201d"},"content":{"rendered":"<p>La periodista relat\u00f3 en Infobae al Mediod\u00eda el camino personal y emocional que la llev\u00f3 a formar una familia monoparental. Comparti\u00f3 los obst\u00e1culos m\u00e9dicos, sociales y culturales que atraves\u00f3 antes de convertirse en madre de dos hijas por elecci\u00f3n propia<\/p>\n<p class=\"paragraph\" data-mrf-recirculation=\"Links inline\">La periodista\u00a0<b>D\u00e9bora D\u2019Amato<\/b><b>\u00a0<\/b>comparti\u00f3 en\u00a0<b>Infobae en vivo<\/b><b>\u00a0<\/b>el recorrido personal y emocional que la llev\u00f3 a formar una familia monoparental. Durante la entrevista, repas\u00f3 desde su deseo de ser madre hasta la decisi\u00f3n de criar a sus hijas sin pareja, atravesando obst\u00e1culos m\u00e9dicos, sociales y culturales.\u00a0<b>\u201cNo lo eleg\u00ed, se termin\u00f3 dando\u201d<\/b>, expres\u00f3 sobre el proceso, y remarc\u00f3: \u201cSiempre tuve la idea de que en alg\u00fan momento iba a ser mam\u00e1. Nunca fue una duda eso\u201d.<\/p>\n<div class=\"news-module\" data-mrf-recirculation=\"IL_GBLs3HYWRq2RgU4Qz8MM1Q\" data-testid=\"text-html\" data-mrf-experience=\"IL_GBLs3HYWRq2RgU4Qz8MM1Q\">\n<div class=\"recommended-card__image-container\"><\/div>\n<\/div>\n<p class=\"paragraph\" data-mrf-recirculation=\"Links inline\">En di\u00e1logo con el equipo de\u00a0<b>Infobae al Mediod\u00eda<\/b>, integrado por Maru Duffard, Andrei Serbin Pont, Jimena Grandinetti, Fede Mayol y Facundo Kablan, D\u2019Amato repas\u00f3 los dilemas internos y las dificultades externas que marcaron su recorrido. \u201cEn este mundo maravilloso en el que vivimos, hubo un momento en el que el trabajo me hac\u00eda dudar si iba a poder sostener mi carrera y a la vez ser mam\u00e1, lo cual es espantoso. Se puede, quiero que sepan que todo se puede\u201d, alent\u00f3 a quienes la escuchaban.<\/p>\n<h2 class=\"header headline-class-h2 headline\">Los obst\u00e1culos m\u00e9dicos y el peso del reloj biol\u00f3gico<\/h2>\n<div class=\"inline ad-wrapper\">\n<div class=\"dfpAd ad-inline\"><\/div>\n<\/div>\n<p class=\"paragraph\" data-mrf-recirculation=\"Links inline\">D\u2019Amato relat\u00f3 que durante a\u00f1os intent\u00f3 concebir mientras estaba en pareja, sin resultados. \u201cFueron once a\u00f1os de pareja, quer\u00edamos ser pap\u00e1s, \u00e9l m\u00e9dico, yo periodista, no nos pregunt\u00e1bamos por qu\u00e9 no quedaba, una cosa incre\u00edble\u201d, record\u00f3 sobre ese proceso. El diagn\u00f3stico lleg\u00f3 despu\u00e9s de acompa\u00f1ar a una amiga en un tratamiento de fertilidad: \u201cMe pas\u00f3 que el m\u00e9dico de mi amiga, Fer Neupiller, me pregunt\u00f3: \u2018\u00bfY vos ten\u00e9s ganas alguna vez?\u2019 Le respond\u00ed: \u2018S\u00ed, pero no quedo\u2019. Ah\u00ed empez\u00f3 todo\u201d.<\/p>\n<div class=\"news-module\" data-mrf-recirculation=\"IL_m3kiGo-8SVS6m0U7OqrZLw\" data-testid=\"text-html\" data-mrf-experience=\"IL_m3kiGo-8SVS6m0U7OqrZLw\">\n<div class=\"recommended-card__image-container\"><\/div>\n<\/div>\n<p class=\"paragraph\" data-mrf-recirculation=\"Links inline\">El descubrimiento de varios miomas y otros problemas de salud fue determinante: \u201cEn el momento que \u00e9l me pregunta me hice una ecograf\u00eda. Mart\u00edn Anchorena, quien hoy es mi ginec\u00f3logo, me dijo cuando me despert\u00e9 de la anestesia: \u2018Tranquila, que est\u00e1 todo bien. Se lastim\u00f3 porque estaban muy grandes, pero no lo perdiste. Hay que esperar un tiempo y si alg\u00fan d\u00eda quer\u00e9s, vas a poder ser mam\u00e1\u2019\u201d.<\/p>\n<div class=\"inline_2_DSK ad-wrapper ad-desktop\">\n<div class=\"dfpAd ad-inline\"><\/div>\n<\/div>\n<p class=\"paragraph\" data-mrf-recirculation=\"Links inline\">La ansiedad y el paso del tiempo tambi\u00e9n influyeron. \u201cEl reloj biol\u00f3gico es una realidad a la que no podemos escapar. Sent\u00ed que les iba a dar una mam\u00e1 muy grande. Pero despu\u00e9s me acord\u00e9 de mi mam\u00e1, que me tuvo a los 40, y dije: mi vieja me dio una vida hermosa\u201d, comparti\u00f3.<\/p>\n<h2 class=\"header headline-class-h2 headline\">Vencer prejuicios y tomar la decisi\u00f3n<\/h2>\n<p class=\"paragraph\" data-mrf-recirculation=\"Links inline\">El proceso de aceptar la maternidad monoparental estuvo atravesado por el juicio social y las propias dudas.\u00a0<b>\u201cTuve que vencer 800 prejuicios personales, ajenos. Uno dice que la mirada ajena no le importa, importa<\/b>. Muchas veces la gente que te rodea te comenta de algo con bondad, sin mala intenci\u00f3n, y depende el d\u00eda en el que te encuentres, te cala profundo\u201d, confes\u00f3.<\/p>\n<div class=\"visual__image\"><picture><source srcset=\"https:\/\/www.infobae.com\/resizer\/v2\/VWPWR4CRWFBSJEASLXCQEHP2MU.png?auth=255505925d0bd534b3b9f1b9020d2fbcbf2e442c4b673ca70218e980b48ce302&amp;smart=true&amp;width=992&amp;height=513&amp;quality=85\" media=\"(min-width: 1000px)\" \/><source srcset=\"https:\/\/www.infobae.com\/resizer\/v2\/VWPWR4CRWFBSJEASLXCQEHP2MU.png?auth=255505925d0bd534b3b9f1b9020d2fbcbf2e442c4b673ca70218e980b48ce302&amp;smart=true&amp;width=768&amp;height=398&amp;quality=85\" media=\"(min-width: 768px)\" \/><source srcset=\"https:\/\/www.infobae.com\/resizer\/v2\/VWPWR4CRWFBSJEASLXCQEHP2MU.png?auth=255505925d0bd534b3b9f1b9020d2fbcbf2e442c4b673ca70218e980b48ce302&amp;smart=true&amp;width=577&amp;height=299&amp;quality=85\" media=\"(min-width: 580px)\" \/><source srcset=\"https:\/\/www.infobae.com\/resizer\/v2\/VWPWR4CRWFBSJEASLXCQEHP2MU.png?auth=255505925d0bd534b3b9f1b9020d2fbcbf2e442c4b673ca70218e980b48ce302&amp;smart=true&amp;width=420&amp;height=217&amp;quality=85\" media=\"(min-width: 350px)\" \/><source srcset=\"https:\/\/www.infobae.com\/resizer\/v2\/VWPWR4CRWFBSJEASLXCQEHP2MU.png?auth=255505925d0bd534b3b9f1b9020d2fbcbf2e442c4b673ca70218e980b48ce302&amp;smart=true&amp;width=350&amp;height=181&amp;quality=85\" media=\"(min-width: 80px)\" \/><img loading=\"lazy\" decoding=\"async\" class=\"global-image\" src=\"https:\/\/www.infobae.com\/resizer\/v2\/VWPWR4CRWFBSJEASLXCQEHP2MU.png?auth=255505925d0bd534b3b9f1b9020d2fbcbf2e442c4b673ca70218e980b48ce302&amp;smart=true&amp;width=350&amp;height=181&amp;quality=85\" alt=\"D\u00e9bora D\u2019Amato venci\u00f3 prejuicios y\" width=\"1051\" height=\"544\" \/><\/picture>D\u00e9bora D\u2019Amato venci\u00f3 prejuicios y el miedo a la soledad para formar una familia monoparental a los 45 a\u00f1os (Infobae en Vivo)<\/div>\n<p class=\"paragraph\" data-mrf-recirculation=\"Links inline\">La elecci\u00f3n de recurrir a un donante tampoco fue sencilla. \u201cPensaba: yo tengo la capacidad de tomar esta decisi\u00f3n y quitar esa posibilidad de una familia tradicional a mis hijas, como si eso fuera perfecto tambi\u00e9n\u201d, explic\u00f3 D\u2019Amato. \u201cNo me parec\u00eda justo buscar un amigo que tuviera ganas. Me parec\u00eda que ten\u00eda que ser honesta conmigo y plantear la vida que pod\u00eda brindar\u201d.<\/p>\n<p class=\"paragraph\" data-mrf-recirculation=\"Links inline\">La periodista relat\u00f3, adem\u00e1s, c\u00f3mo enfrent\u00f3 el temor a la soledad y el desaf\u00edo de criar a sus hijas sin una pareja:\u00a0<b>\u201cDigo que soy mam\u00e1 soltera, no sola, porque tengo un mont\u00f3n de gente a mi alrededor. Ahora, en el d\u00eda a d\u00eda, en mi casa somos tres<\/b>. Yo puedo pedirte ayuda una vez, pero despu\u00e9s la crianza es m\u00eda y as\u00ed me la plante\u00e9 y me la permit\u00ed\u201d.<\/p>\n<h2 class=\"header headline-class-h2 headline\">La crianza, la verdad y la red de apoyo<\/h2>\n<p class=\"paragraph\" data-mrf-recirculation=\"Links inline\">D\u2019Amato fue enf\u00e1tica al narrar c\u00f3mo abord\u00f3 la identidad de sus hijas y el di\u00e1logo sobre el origen de su familia: \u201cYo a Lola nunca le ment\u00ed. Siempre le cont\u00e9 el cuentito de una se\u00f1ora que era yo, y le contaba la historia c\u00f3mo era. Jam\u00e1s le plante\u00e9 una situaci\u00f3n de ausencia. Siempre le dije que form\u00e1bamos parte de una nueva familia, que hab\u00eda familias tradicionales con mam\u00e1 y pap\u00e1, otras de una mam\u00e1 o un pap\u00e1 solo, y otras con dos mam\u00e1s o dos pap\u00e1s\u201d.<\/p>\n<p class=\"paragraph\" data-mrf-recirculation=\"Links inline\">La periodista destac\u00f3 la importancia de la palabra materna y la contenci\u00f3n intergeneracional: \u201cMi mam\u00e1 se encarga diariamente de decirme: \u2018Qu\u00e9 bien que hiciste\u2019. Te lo digo y me emociono, porque la palabra de una madre siempre importa. En alg\u00fan momento, la palabra de tu mam\u00e1 siempre es importante\u201d.<\/p>\n<p class=\"paragraph\" data-mrf-recirculation=\"Links inline\">Abord\u00f3 los temores y el cansancio propios de la maternidad: \u201cCon Lola el d\u00eda a d\u00eda no fue tan complejo. No as\u00ed cuando lleg\u00f3 Charo. La llegada de Charo s\u00ed me desbord\u00f3. Me largu\u00e9 a llorar en un nivel\u2026 Me volv\u00ed a mirar al espejo y dije: \u2018Hacemos lo que podemos, no lo que queremos. Relajate. Si no se puede, no se puede y punto\u2019\u201d.<\/p>\n<p class=\"paragraph\" data-mrf-recirculation=\"Links inline\">Sobre el rol de las condiciones laborales, subray\u00f3: \u201cSiempre me sent\u00ed muy bancada, muy apoyada y nunca viv\u00ed el miedo que sent\u00eda que me pod\u00eda pasar, que era el de quedarme sin laburo. Todo lo contrario. Mi principal temor, el \u00fanico, era ese\u201d.<\/p>\n<p class=\"paragraph\" data-mrf-recirculation=\"Links inline\">\n<div class=\"second-saved-buttons\">\n<div class=\"body-share-note\"><\/div>\n<\/div>\n","protected":false},"excerpt":{"rendered":"<p>La periodista relat\u00f3 en Infobae al Mediod\u00eda el camino personal y emocional que la llev\u00f3 a formar una familia monoparental. Comparti\u00f3 los obst\u00e1culos m\u00e9dicos, sociales y culturales que atraves\u00f3 antes de convertirse en madre de dos hijas por elecci\u00f3n propia La periodista\u00a0D\u00e9bora D\u2019Amato\u00a0comparti\u00f3 en\u00a0Infobae en vivo\u00a0el recorrido personal y emocional que la llev\u00f3 a formar [&hellip;]<\/p>\n","protected":false},"author":1,"featured_media":12471,"comment_status":"open","ping_status":"open","sticky":false,"template":"","format":"standard","meta":{"rop_custom_images_group":[],"rop_custom_messages_group":[],"rop_publish_now":"initial","rop_publish_now_accounts":[],"rop_publish_now_history":[],"rop_publish_now_status":"pending","footnotes":"","jetpack_publicize_message":"","jetpack_publicize_feature_enabled":true,"jetpack_social_post_already_shared":true,"jetpack_social_options":{"image_generator_settings":{"template":"highway","enabled":false},"version":2}},"categories":[12],"tags":[],"class_list":{"0":"post-12468","1":"post","2":"type-post","3":"status-publish","4":"format-standard","5":"has-post-thumbnail","7":"category-espectaculos"},"jetpack_publicize_connections":[],"yoast_head":"<!-- This site is optimized with the Yoast SEO plugin v27.3 - https:\/\/yoast.com\/product\/yoast-seo-wordpress\/ -->\n<title>D\u00e9bora D\u2019Amato: \u201cVenc\u00ed 800 prejuicios y el miedo a la soledad para ser madre soltera a los 45\u201d - CLAN ESPECTACULOS<\/title>\n<meta name=\"robots\" content=\"index, follow, max-snippet:-1, max-image-preview:large, max-video-preview:-1\" \/>\n<link rel=\"canonical\" href=\"https:\/\/radioclanfm.com\/clanespectaculos\/debora-damato-venci-800-prejuicios-y-el-miedo-a-la-soledad-para-ser-madre-soltera-a-los-45\/\" \/>\n<meta property=\"og:locale\" content=\"es_ES\" \/>\n<meta property=\"og:type\" content=\"article\" \/>\n<meta property=\"og:title\" content=\"D\u00e9bora D\u2019Amato: \u201cVenc\u00ed 800 prejuicios y el miedo a la soledad para ser madre soltera a los 45\u201d - CLAN ESPECTACULOS\" \/>\n<meta property=\"og:description\" content=\"La periodista relat\u00f3 en Infobae al Mediod\u00eda el camino personal y emocional que la llev\u00f3 a formar una familia monoparental. Comparti\u00f3 los obst\u00e1culos m\u00e9dicos, sociales y culturales que atraves\u00f3 antes de convertirse en madre de dos hijas por elecci\u00f3n propia La periodista\u00a0D\u00e9bora D\u2019Amato\u00a0comparti\u00f3 en\u00a0Infobae en vivo\u00a0el recorrido personal y emocional que la llev\u00f3 a formar [&hellip;]\" \/>\n<meta property=\"og:url\" content=\"https:\/\/radioclanfm.com\/clanespectaculos\/debora-damato-venci-800-prejuicios-y-el-miedo-a-la-soledad-para-ser-madre-soltera-a-los-45\/\" \/>\n<meta property=\"og:site_name\" content=\"CLAN ESPECTACULOS\" \/>\n<meta property=\"article:publisher\" content=\"https:\/\/www.facebook.com\/clanespectaculos\/\" \/>\n<meta property=\"article:published_time\" content=\"2026-02-19T03:27:24+00:00\" \/>\n<meta property=\"og:image\" content=\"https:\/\/radioclanfm.com\/clanespectaculos\/wp-content\/uploads\/sites\/2\/2026\/02\/ek1KaSEe.jpg\" \/>\n\t<meta property=\"og:image:width\" content=\"900\" \/>\n\t<meta property=\"og:image:height\" content=\"450\" \/>\n\t<meta property=\"og:image:type\" content=\"image\/jpeg\" \/>\n<meta name=\"author\" content=\"E-GRUPOCLAN\" \/>\n<meta name=\"twitter:card\" content=\"summary_large_image\" \/>\n<meta name=\"twitter:creator\" content=\"@clanespectok\" \/>\n<meta name=\"twitter:site\" content=\"@clanespectok\" \/>\n<meta name=\"twitter:label1\" content=\"Escrito por\" \/>\n\t<meta name=\"twitter:data1\" content=\"E-GRUPOCLAN\" \/>\n\t<meta name=\"twitter:label2\" content=\"Tiempo de lectura\" \/>\n\t<meta name=\"twitter:data2\" content=\"5 minutos\" \/>\n<script type=\"application\/ld+json\" class=\"yoast-schema-graph\">{\"@context\":\"https:\\\/\\\/schema.org\",\"@graph\":[{\"@type\":\"Article\",\"@id\":\"https:\\\/\\\/radioclanfm.com\\\/clanespectaculos\\\/debora-damato-venci-800-prejuicios-y-el-miedo-a-la-soledad-para-ser-madre-soltera-a-los-45\\\/#article\",\"isPartOf\":{\"@id\":\"https:\\\/\\\/radioclanfm.com\\\/clanespectaculos\\\/debora-damato-venci-800-prejuicios-y-el-miedo-a-la-soledad-para-ser-madre-soltera-a-los-45\\\/\"},\"author\":{\"name\":\"E-GRUPOCLAN\",\"@id\":\"https:\\\/\\\/radioclanfm.com\\\/clanespectaculos\\\/#\\\/schema\\\/person\\\/9734813083303230f3ad84d99171b20c\"},\"headline\":\"D\u00e9bora D\u2019Amato: \u201cVenc\u00ed 800 prejuicios y el miedo a la soledad para ser madre soltera a los 45\u201d\",\"datePublished\":\"2026-02-19T03:27:24+00:00\",\"mainEntityOfPage\":{\"@id\":\"https:\\\/\\\/radioclanfm.com\\\/clanespectaculos\\\/debora-damato-venci-800-prejuicios-y-el-miedo-a-la-soledad-para-ser-madre-soltera-a-los-45\\\/\"},\"wordCount\":985,\"commentCount\":0,\"publisher\":{\"@id\":\"https:\\\/\\\/radioclanfm.com\\\/clanespectaculos\\\/#organization\"},\"image\":{\"@id\":\"https:\\\/\\\/radioclanfm.com\\\/clanespectaculos\\\/debora-damato-venci-800-prejuicios-y-el-miedo-a-la-soledad-para-ser-madre-soltera-a-los-45\\\/#primaryimage\"},\"thumbnailUrl\":\"https:\\\/\\\/radioclanfm.com\\\/clanespectaculos\\\/wp-content\\\/uploads\\\/sites\\\/2\\\/2026\\\/02\\\/ek1KaSEe.jpg\",\"articleSection\":[\"Espectaculos\"],\"inLanguage\":\"es-AR\",\"potentialAction\":[{\"@type\":\"CommentAction\",\"name\":\"Comment\",\"target\":[\"https:\\\/\\\/radioclanfm.com\\\/clanespectaculos\\\/debora-damato-venci-800-prejuicios-y-el-miedo-a-la-soledad-para-ser-madre-soltera-a-los-45\\\/#respond\"]}]},{\"@type\":\"WebPage\",\"@id\":\"https:\\\/\\\/radioclanfm.com\\\/clanespectaculos\\\/debora-damato-venci-800-prejuicios-y-el-miedo-a-la-soledad-para-ser-madre-soltera-a-los-45\\\/\",\"url\":\"https:\\\/\\\/radioclanfm.com\\\/clanespectaculos\\\/debora-damato-venci-800-prejuicios-y-el-miedo-a-la-soledad-para-ser-madre-soltera-a-los-45\\\/\",\"name\":\"D\u00e9bora D\u2019Amato: \u201cVenc\u00ed 800 prejuicios y el miedo a la soledad para ser madre soltera a los 45\u201d - CLAN ESPECTACULOS\",\"isPartOf\":{\"@id\":\"https:\\\/\\\/radioclanfm.com\\\/clanespectaculos\\\/#website\"},\"primaryImageOfPage\":{\"@id\":\"https:\\\/\\\/radioclanfm.com\\\/clanespectaculos\\\/debora-damato-venci-800-prejuicios-y-el-miedo-a-la-soledad-para-ser-madre-soltera-a-los-45\\\/#primaryimage\"},\"image\":{\"@id\":\"https:\\\/\\\/radioclanfm.com\\\/clanespectaculos\\\/debora-damato-venci-800-prejuicios-y-el-miedo-a-la-soledad-para-ser-madre-soltera-a-los-45\\\/#primaryimage\"},\"thumbnailUrl\":\"https:\\\/\\\/radioclanfm.com\\\/clanespectaculos\\\/wp-content\\\/uploads\\\/sites\\\/2\\\/2026\\\/02\\\/ek1KaSEe.jpg\",\"datePublished\":\"2026-02-19T03:27:24+00:00\",\"breadcrumb\":{\"@id\":\"https:\\\/\\\/radioclanfm.com\\\/clanespectaculos\\\/debora-damato-venci-800-prejuicios-y-el-miedo-a-la-soledad-para-ser-madre-soltera-a-los-45\\\/#breadcrumb\"},\"inLanguage\":\"es-AR\",\"potentialAction\":[{\"@type\":\"ReadAction\",\"target\":[\"https:\\\/\\\/radioclanfm.com\\\/clanespectaculos\\\/debora-damato-venci-800-prejuicios-y-el-miedo-a-la-soledad-para-ser-madre-soltera-a-los-45\\\/\"]}]},{\"@type\":\"ImageObject\",\"inLanguage\":\"es-AR\",\"@id\":\"https:\\\/\\\/radioclanfm.com\\\/clanespectaculos\\\/debora-damato-venci-800-prejuicios-y-el-miedo-a-la-soledad-para-ser-madre-soltera-a-los-45\\\/#primaryimage\",\"url\":\"https:\\\/\\\/radioclanfm.com\\\/clanespectaculos\\\/wp-content\\\/uploads\\\/sites\\\/2\\\/2026\\\/02\\\/ek1KaSEe.jpg\",\"contentUrl\":\"https:\\\/\\\/radioclanfm.com\\\/clanespectaculos\\\/wp-content\\\/uploads\\\/sites\\\/2\\\/2026\\\/02\\\/ek1KaSEe.jpg\",\"width\":900,\"height\":450},{\"@type\":\"BreadcrumbList\",\"@id\":\"https:\\\/\\\/radioclanfm.com\\\/clanespectaculos\\\/debora-damato-venci-800-prejuicios-y-el-miedo-a-la-soledad-para-ser-madre-soltera-a-los-45\\\/#breadcrumb\",\"itemListElement\":[{\"@type\":\"ListItem\",\"position\":1,\"name\":\"Inicio\",\"item\":\"https:\\\/\\\/radioclanfm.com\\\/clanespectaculos\\\/\"},{\"@type\":\"ListItem\",\"position\":2,\"name\":\"D\u00e9bora D\u2019Amato: \u201cVenc\u00ed 800 prejuicios y el miedo a la soledad para ser madre soltera a los 45\u201d\"}]},{\"@type\":\"WebSite\",\"@id\":\"https:\\\/\\\/radioclanfm.com\\\/clanespectaculos\\\/#website\",\"url\":\"https:\\\/\\\/radioclanfm.com\\\/clanespectaculos\\\/\",\"name\":\"CLAN ESPECTACULOS\",\"description\":\"\",\"publisher\":{\"@id\":\"https:\\\/\\\/radioclanfm.com\\\/clanespectaculos\\\/#organization\"},\"potentialAction\":[{\"@type\":\"SearchAction\",\"target\":{\"@type\":\"EntryPoint\",\"urlTemplate\":\"https:\\\/\\\/radioclanfm.com\\\/clanespectaculos\\\/?s={search_term_string}\"},\"query-input\":{\"@type\":\"PropertyValueSpecification\",\"valueRequired\":true,\"valueName\":\"search_term_string\"}}],\"inLanguage\":\"es-AR\"},{\"@type\":\"Organization\",\"@id\":\"https:\\\/\\\/radioclanfm.com\\\/clanespectaculos\\\/#organization\",\"name\":\"CLAN ESPECTACULOS\",\"url\":\"https:\\\/\\\/radioclanfm.com\\\/clanespectaculos\\\/\",\"logo\":{\"@type\":\"ImageObject\",\"inLanguage\":\"es-AR\",\"@id\":\"https:\\\/\\\/radioclanfm.com\\\/clanespectaculos\\\/#\\\/schema\\\/logo\\\/image\\\/\",\"url\":\"https:\\\/\\\/radioclanfm.com\\\/clanespectaculos\\\/wp-content\\\/uploads\\\/sites\\\/2\\\/2026\\\/04\\\/ChatGPT-Image-23-mar-2026-10_09_00.png\",\"contentUrl\":\"https:\\\/\\\/radioclanfm.com\\\/clanespectaculos\\\/wp-content\\\/uploads\\\/sites\\\/2\\\/2026\\\/04\\\/ChatGPT-Image-23-mar-2026-10_09_00.png\",\"width\":1024,\"height\":1024,\"caption\":\"CLAN ESPECTACULOS\"},\"image\":{\"@id\":\"https:\\\/\\\/radioclanfm.com\\\/clanespectaculos\\\/#\\\/schema\\\/logo\\\/image\\\/\"},\"sameAs\":[\"https:\\\/\\\/www.facebook.com\\\/clanespectaculos\\\/\",\"https:\\\/\\\/x.com\\\/clanespectok\"]},{\"@type\":\"Person\",\"@id\":\"https:\\\/\\\/radioclanfm.com\\\/clanespectaculos\\\/#\\\/schema\\\/person\\\/9734813083303230f3ad84d99171b20c\",\"name\":\"E-GRUPOCLAN\",\"image\":{\"@type\":\"ImageObject\",\"inLanguage\":\"es-AR\",\"@id\":\"https:\\\/\\\/secure.gravatar.com\\\/avatar\\\/af6e19837c3d6a212034a48c7b3818d2ac1826f6025df0155da5a186ad321d79?s=96&d=mm&r=g\",\"url\":\"https:\\\/\\\/secure.gravatar.com\\\/avatar\\\/af6e19837c3d6a212034a48c7b3818d2ac1826f6025df0155da5a186ad321d79?s=96&d=mm&r=g\",\"contentUrl\":\"https:\\\/\\\/secure.gravatar.com\\\/avatar\\\/af6e19837c3d6a212034a48c7b3818d2ac1826f6025df0155da5a186ad321d79?s=96&d=mm&r=g\",\"caption\":\"E-GRUPOCLAN\"},\"sameAs\":[\"https:\\\/\\\/radioclanfm.com\"],\"url\":\"https:\\\/\\\/radioclanfm.com\\\/clanespectaculos\\\/author\\\/admin\\\/\"}]}<\/script>\n<!-- \/ Yoast SEO plugin. -->","yoast_head_json":{"title":"D\u00e9bora D\u2019Amato: \u201cVenc\u00ed 800 prejuicios y el miedo a la soledad para ser madre soltera a los 45\u201d - CLAN ESPECTACULOS","robots":{"index":"index","follow":"follow","max-snippet":"max-snippet:-1","max-image-preview":"max-image-preview:large","max-video-preview":"max-video-preview:-1"},"canonical":"https:\/\/radioclanfm.com\/clanespectaculos\/debora-damato-venci-800-prejuicios-y-el-miedo-a-la-soledad-para-ser-madre-soltera-a-los-45\/","og_locale":"es_ES","og_type":"article","og_title":"D\u00e9bora D\u2019Amato: \u201cVenc\u00ed 800 prejuicios y el miedo a la soledad para ser madre soltera a los 45\u201d - CLAN ESPECTACULOS","og_description":"La periodista relat\u00f3 en Infobae al Mediod\u00eda el camino personal y emocional que la llev\u00f3 a formar una familia monoparental. Comparti\u00f3 los obst\u00e1culos m\u00e9dicos, sociales y culturales que atraves\u00f3 antes de convertirse en madre de dos hijas por elecci\u00f3n propia La periodista\u00a0D\u00e9bora D\u2019Amato\u00a0comparti\u00f3 en\u00a0Infobae en vivo\u00a0el recorrido personal y emocional que la llev\u00f3 a formar [&hellip;]","og_url":"https:\/\/radioclanfm.com\/clanespectaculos\/debora-damato-venci-800-prejuicios-y-el-miedo-a-la-soledad-para-ser-madre-soltera-a-los-45\/","og_site_name":"CLAN ESPECTACULOS","article_publisher":"https:\/\/www.facebook.com\/clanespectaculos\/","article_published_time":"2026-02-19T03:27:24+00:00","og_image":[{"width":900,"height":450,"url":"https:\/\/radioclanfm.com\/clanespectaculos\/wp-content\/uploads\/sites\/2\/2026\/02\/ek1KaSEe.jpg","type":"image\/jpeg"}],"author":"E-GRUPOCLAN","twitter_card":"summary_large_image","twitter_creator":"@clanespectok","twitter_site":"@clanespectok","twitter_misc":{"Escrito por":"E-GRUPOCLAN","Tiempo de lectura":"5 minutos"},"schema":{"@context":"https:\/\/schema.org","@graph":[{"@type":"Article","@id":"https:\/\/radioclanfm.com\/clanespectaculos\/debora-damato-venci-800-prejuicios-y-el-miedo-a-la-soledad-para-ser-madre-soltera-a-los-45\/#article","isPartOf":{"@id":"https:\/\/radioclanfm.com\/clanespectaculos\/debora-damato-venci-800-prejuicios-y-el-miedo-a-la-soledad-para-ser-madre-soltera-a-los-45\/"},"author":{"name":"E-GRUPOCLAN","@id":"https:\/\/radioclanfm.com\/clanespectaculos\/#\/schema\/person\/9734813083303230f3ad84d99171b20c"},"headline":"D\u00e9bora D\u2019Amato: \u201cVenc\u00ed 800 prejuicios y el miedo a la soledad para ser madre soltera a los 45\u201d","datePublished":"2026-02-19T03:27:24+00:00","mainEntityOfPage":{"@id":"https:\/\/radioclanfm.com\/clanespectaculos\/debora-damato-venci-800-prejuicios-y-el-miedo-a-la-soledad-para-ser-madre-soltera-a-los-45\/"},"wordCount":985,"commentCount":0,"publisher":{"@id":"https:\/\/radioclanfm.com\/clanespectaculos\/#organization"},"image":{"@id":"https:\/\/radioclanfm.com\/clanespectaculos\/debora-damato-venci-800-prejuicios-y-el-miedo-a-la-soledad-para-ser-madre-soltera-a-los-45\/#primaryimage"},"thumbnailUrl":"https:\/\/radioclanfm.com\/clanespectaculos\/wp-content\/uploads\/sites\/2\/2026\/02\/ek1KaSEe.jpg","articleSection":["Espectaculos"],"inLanguage":"es-AR","potentialAction":[{"@type":"CommentAction","name":"Comment","target":["https:\/\/radioclanfm.com\/clanespectaculos\/debora-damato-venci-800-prejuicios-y-el-miedo-a-la-soledad-para-ser-madre-soltera-a-los-45\/#respond"]}]},{"@type":"WebPage","@id":"https:\/\/radioclanfm.com\/clanespectaculos\/debora-damato-venci-800-prejuicios-y-el-miedo-a-la-soledad-para-ser-madre-soltera-a-los-45\/","url":"https:\/\/radioclanfm.com\/clanespectaculos\/debora-damato-venci-800-prejuicios-y-el-miedo-a-la-soledad-para-ser-madre-soltera-a-los-45\/","name":"D\u00e9bora D\u2019Amato: \u201cVenc\u00ed 800 prejuicios y el miedo a la soledad para ser madre soltera a los 45\u201d - CLAN ESPECTACULOS","isPartOf":{"@id":"https:\/\/radioclanfm.com\/clanespectaculos\/#website"},"primaryImageOfPage":{"@id":"https:\/\/radioclanfm.com\/clanespectaculos\/debora-damato-venci-800-prejuicios-y-el-miedo-a-la-soledad-para-ser-madre-soltera-a-los-45\/#primaryimage"},"image":{"@id":"https:\/\/radioclanfm.com\/clanespectaculos\/debora-damato-venci-800-prejuicios-y-el-miedo-a-la-soledad-para-ser-madre-soltera-a-los-45\/#primaryimage"},"thumbnailUrl":"https:\/\/radioclanfm.com\/clanespectaculos\/wp-content\/uploads\/sites\/2\/2026\/02\/ek1KaSEe.jpg","datePublished":"2026-02-19T03:27:24+00:00","breadcrumb":{"@id":"https:\/\/radioclanfm.com\/clanespectaculos\/debora-damato-venci-800-prejuicios-y-el-miedo-a-la-soledad-para-ser-madre-soltera-a-los-45\/#breadcrumb"},"inLanguage":"es-AR","potentialAction":[{"@type":"ReadAction","target":["https:\/\/radioclanfm.com\/clanespectaculos\/debora-damato-venci-800-prejuicios-y-el-miedo-a-la-soledad-para-ser-madre-soltera-a-los-45\/"]}]},{"@type":"ImageObject","inLanguage":"es-AR","@id":"https:\/\/radioclanfm.com\/clanespectaculos\/debora-damato-venci-800-prejuicios-y-el-miedo-a-la-soledad-para-ser-madre-soltera-a-los-45\/#primaryimage","url":"https:\/\/radioclanfm.com\/clanespectaculos\/wp-content\/uploads\/sites\/2\/2026\/02\/ek1KaSEe.jpg","contentUrl":"https:\/\/radioclanfm.com\/clanespectaculos\/wp-content\/uploads\/sites\/2\/2026\/02\/ek1KaSEe.jpg","width":900,"height":450},{"@type":"BreadcrumbList","@id":"https:\/\/radioclanfm.com\/clanespectaculos\/debora-damato-venci-800-prejuicios-y-el-miedo-a-la-soledad-para-ser-madre-soltera-a-los-45\/#breadcrumb","itemListElement":[{"@type":"ListItem","position":1,"name":"Inicio","item":"https:\/\/radioclanfm.com\/clanespectaculos\/"},{"@type":"ListItem","position":2,"name":"D\u00e9bora D\u2019Amato: \u201cVenc\u00ed 800 prejuicios y el miedo a la soledad para ser madre soltera a los 45\u201d"}]},{"@type":"WebSite","@id":"https:\/\/radioclanfm.com\/clanespectaculos\/#website","url":"https:\/\/radioclanfm.com\/clanespectaculos\/","name":"CLAN ESPECTACULOS","description":"","publisher":{"@id":"https:\/\/radioclanfm.com\/clanespectaculos\/#organization"},"potentialAction":[{"@type":"SearchAction","target":{"@type":"EntryPoint","urlTemplate":"https:\/\/radioclanfm.com\/clanespectaculos\/?s={search_term_string}"},"query-input":{"@type":"PropertyValueSpecification","valueRequired":true,"valueName":"search_term_string"}}],"inLanguage":"es-AR"},{"@type":"Organization","@id":"https:\/\/radioclanfm.com\/clanespectaculos\/#organization","name":"CLAN ESPECTACULOS","url":"https:\/\/radioclanfm.com\/clanespectaculos\/","logo":{"@type":"ImageObject","inLanguage":"es-AR","@id":"https:\/\/radioclanfm.com\/clanespectaculos\/#\/schema\/logo\/image\/","url":"https:\/\/radioclanfm.com\/clanespectaculos\/wp-content\/uploads\/sites\/2\/2026\/04\/ChatGPT-Image-23-mar-2026-10_09_00.png","contentUrl":"https:\/\/radioclanfm.com\/clanespectaculos\/wp-content\/uploads\/sites\/2\/2026\/04\/ChatGPT-Image-23-mar-2026-10_09_00.png","width":1024,"height":1024,"caption":"CLAN ESPECTACULOS"},"image":{"@id":"https:\/\/radioclanfm.com\/clanespectaculos\/#\/schema\/logo\/image\/"},"sameAs":["https:\/\/www.facebook.com\/clanespectaculos\/","https:\/\/x.com\/clanespectok"]},{"@type":"Person","@id":"https:\/\/radioclanfm.com\/clanespectaculos\/#\/schema\/person\/9734813083303230f3ad84d99171b20c","name":"E-GRUPOCLAN","image":{"@type":"ImageObject","inLanguage":"es-AR","@id":"https:\/\/secure.gravatar.com\/avatar\/af6e19837c3d6a212034a48c7b3818d2ac1826f6025df0155da5a186ad321d79?s=96&d=mm&r=g","url":"https:\/\/secure.gravatar.com\/avatar\/af6e19837c3d6a212034a48c7b3818d2ac1826f6025df0155da5a186ad321d79?s=96&d=mm&r=g","contentUrl":"https:\/\/secure.gravatar.com\/avatar\/af6e19837c3d6a212034a48c7b3818d2ac1826f6025df0155da5a186ad321d79?s=96&d=mm&r=g","caption":"E-GRUPOCLAN"},"sameAs":["https:\/\/radioclanfm.com"],"url":"https:\/\/radioclanfm.com\/clanespectaculos\/author\/admin\/"}]}},"_links":{"self":[{"href":"https:\/\/radioclanfm.com\/clanespectaculos\/wp-json\/wp\/v2\/posts\/12468","targetHints":{"allow":["GET"]}}],"collection":[{"href":"https:\/\/radioclanfm.com\/clanespectaculos\/wp-json\/wp\/v2\/posts"}],"about":[{"href":"https:\/\/radioclanfm.com\/clanespectaculos\/wp-json\/wp\/v2\/types\/post"}],"author":[{"embeddable":true,"href":"https:\/\/radioclanfm.com\/clanespectaculos\/wp-json\/wp\/v2\/users\/1"}],"replies":[{"embeddable":true,"href":"https:\/\/radioclanfm.com\/clanespectaculos\/wp-json\/wp\/v2\/comments?post=12468"}],"version-history":[{"count":1,"href":"https:\/\/radioclanfm.com\/clanespectaculos\/wp-json\/wp\/v2\/posts\/12468\/revisions"}],"predecessor-version":[{"id":12472,"href":"https:\/\/radioclanfm.com\/clanespectaculos\/wp-json\/wp\/v2\/posts\/12468\/revisions\/12472"}],"wp:featuredmedia":[{"embeddable":true,"href":"https:\/\/radioclanfm.com\/clanespectaculos\/wp-json\/wp\/v2\/media\/12471"}],"wp:attachment":[{"href":"https:\/\/radioclanfm.com\/clanespectaculos\/wp-json\/wp\/v2\/media?parent=12468"}],"wp:term":[{"taxonomy":"category","embeddable":true,"href":"https:\/\/radioclanfm.com\/clanespectaculos\/wp-json\/wp\/v2\/categories?post=12468"},{"taxonomy":"post_tag","embeddable":true,"href":"https:\/\/radioclanfm.com\/clanespectaculos\/wp-json\/wp\/v2\/tags?post=12468"}],"curies":[{"name":"wp","href":"https:\/\/api.w.org\/{rel}","templated":true}]}}