{"id":12463,"date":"2026-02-19T00:25:17","date_gmt":"2026-02-19T03:25:17","guid":{"rendered":"https:\/\/radioclanfm.com\/clanespectaculos\/?p=12463"},"modified":"2026-02-19T00:25:17","modified_gmt":"2026-02-19T03:25:17","slug":"el-hermano-de-mauro-icardi-hablo-del-escandalo-con-wanda-nara-y-la-china-suarez-fue-un-salame-llevaba-10-anos-casado","status":"publish","type":"post","link":"https:\/\/radioclanfm.com\/clanespectaculos\/el-hermano-de-mauro-icardi-hablo-del-escandalo-con-wanda-nara-y-la-china-suarez-fue-un-salame-llevaba-10-anos-casado\/","title":{"rendered":"El hermano de Mauro Icardi habl\u00f3 del esc\u00e1ndalo con Wanda Nara y la China Su\u00e1rez: \u201cFue un salame, llevaba 10 a\u00f1os casado\u201d"},"content":{"rendered":"<p>Guido, el menor de los hermanos Icardi, estuvo en Intrusos y cont\u00f3 c\u00f3mo es la interna que tiene el grupo hace m\u00e1s de una d\u00e9cada<\/p>\n<p class=\"paragraph\" data-mrf-recirculation=\"Links inline\"><b>Guido Icardi<\/b>, el hermano de\u00a0<b>Mauro Icardi<\/b>, decidi\u00f3 dar su versi\u00f3n acerca de lo que sucede en la familia Icardi en\u00a0<i>Intrusos\u00a0<\/i>(Am\u00e9rica TV) y habl\u00f3 sobre el v\u00ednculo distante que mantiene con el delantero, la separaci\u00f3n de Mauro y\u00a0<b>Wanda Nara<\/b>, y la nueva relaci\u00f3n de su hermano con la\u00a0<b>China Su\u00e1rez<\/b><b>.<\/b><\/p>\n<div class=\"news-module\" data-mrf-recirculation=\"IL_GBLs3HYWRq2RgU4Qz8MM1Q\" data-testid=\"text-html\" data-mrf-experience=\"IL_GBLs3HYWRq2RgU4Qz8MM1Q\">\n<div class=\"recommended-card__image-container\"><\/div>\n<\/div>\n<p class=\"paragraph\" data-mrf-recirculation=\"Links inline\">Durante la entrevista, Guido fue contundente sobre el lazo que los une: \u201c<b>Lo conozco muy poco y creo que lo desconozco totalmente<\/b>. Con mi hermano la relaci\u00f3n no cambi\u00f3 mucho a lo largo del tiempo. Hemos compartido alguna Navidad, alg\u00fan cumplea\u00f1os, alguna vez que estaba en Suiza por un partido de Champions. Poca cosa m\u00e1s, no hemos hablado mucho\u201d. Sobre el car\u00e1cter de Mauro, admiti\u00f3:\u00a0<b>\u201cTiene una personalidad muy fuerte, un car\u00e1cter muy fuerte\u2026 una persona que cuando se le mete algo en la cabeza, quiere que las cosas sean a su modo<\/b>. Siempre fue as\u00ed, no es que Wanda lo potenci\u00f3\u201d.<\/p>\n<div class=\"inline ad-wrapper\">\n<div class=\"dfpAd ad-inline\"><\/div>\n<\/div>\n<p class=\"paragraph\" data-mrf-recirculation=\"Links inline\">Acto seguido, dej\u00f3 en claro que el futbolista no cambi\u00f3 su personalidad por su exesposa. \u201cWanda no lo cambi\u00f3. \u00c9l es tal cual como lo ven en la tele\u201d, agreg\u00f3.<\/p>\n<div class=\"news-module\" data-mrf-recirculation=\"IL_m3kiGo-8SVS6m0U7OqrZLw\" data-testid=\"text-html\" data-mrf-experience=\"IL_m3kiGo-8SVS6m0U7OqrZLw\">\n<div class=\"recommended-card__image-container\"><\/div>\n<\/div>\n<p class=\"paragraph\" data-mrf-recirculation=\"Links inline\">La charla se distendi\u00f3 y le consultaron si en la familia hay<b>\u00a0\u201cteam China\u201d o \u201cteam Wanda\u201d<\/b>, Guido fue tajante: \u201cYo personalmente\u00a0<b>no estoy en ninguno de los dos<\/b>. Me imagino que del lado que est\u00e9 bien con Mauro estar\u00e1n team China, del lado que est\u00e1n con Wanda, estar\u00e1n team Wanda\u201d.<\/p>\n<div class=\"inline_2_DSK ad-wrapper ad-desktop\">\n<div class=\"dfpAd ad-inline\"><\/div>\n<\/div>\n<p class=\"paragraph\" data-mrf-recirculation=\"Links inline\">\u201c<b>\u00bfNunca lo viste tan enamorado como de Wanda?\u201d<\/b>, le preguntaron, y su respuesta fue contundente:\u00a0<b>\u201cNo<\/b>\u201d. Enseguida le consultaron c\u00f3mo ve la relaci\u00f3n ahora con la China: \u201cEs el cap\u00edtulo nuevo, \u00bfno?\u201d, sonri\u00f3.<\/p>\n<div class=\"news-module\" data-mrf-recirculation=\"IL_wLyG9sjfRQKb8QO3fSLumw\" data-testid=\"text-html\" data-mrf-experience=\"IL_wLyG9sjfRQKb8QO3fSLumw\">\n<div class=\"recommended-card__image-container\"><\/div>\n<\/div>\n<p class=\"paragraph\" data-mrf-recirculation=\"Links inline\">Guido repas\u00f3 la historia familiar, marcada por la distancia y la desestructuraci\u00f3n:\u00a0<b>\u201cNosotros nunca realmente fuimos una familia<\/b>\u2026 siempre fuimos todos muy distantes.\u00a0<b>No era una familia unida<\/b>\u201d. Reconoci\u00f3 que Mauro se fue alejando a medida que form\u00f3 su propia familia y que la vida del futbolista, llena de viajes y compromisos, contribuy\u00f3 a esa distancia. \u201cProgresivamente se fue alejando por un tema que \u00e9l form\u00f3 la suya propia\u201d.<\/p>\n<p class=\"paragraph\" data-mrf-recirculation=\"Links inline\">Sobre el esc\u00e1ndalo que involucr\u00f3 a Mauro, Wanda y la China, Guido aport\u00f3 su reflexi\u00f3n. \u201cUno piensa: \u2018<b>este es un salame, lleva diez a\u00f1os casado y mir\u00e1 la que viene a hacer<\/b>\u2019, porque hay mil formas de separarte, si te quer\u00e9s separar, quer\u00e9s romper un matrimonio, hac\u00e9 lo que quieras. Pero bueno, tambi\u00e9n<b>\u00a0\u00e9l habr\u00e1 querido mantener su familia<\/b>\u2026\u201d. Ante la pregunta de si \u00e9l mismo hubiera elegido a la China, respondi\u00f3 entre risas: \u201cAh\u00ed me mataste\u201d.<\/p>\n<div class=\"jwplayer-ctn\">\n<div>\n<div id=\"I4RELJQRCZC5DDX47LAMDR2N7E-custom_embed8\" class=\"jwplayer jw-reset jw-state-idle jw-stretch-uniform jw-flag-aspect-mode jw-floating-dismissible jw-keep-thumbnail jw-flag-user-inactive jw-flag-cast-available jw-breakpoint-5\" tabindex=\"0\" role=\"application\" aria-label=\"Video Player - Guido Icardi opin\u00f3 de la denuncia de violencia que hizo Wanda Nara a Mauro Icardi\" aria-describedby=\"jw-I4RELJQRCZC5DDX47LAMDR2N7E-custom_embed8-shortcuts-tooltip-explanation\" data-compass-listening=\"true\">\n<div class=\"jw-wrapper jw-reset\">\n<div class=\"jw-controls jw-reset\">\n<div class=\"jw-controlbar jw-reset\">\n<div class=\"jw-reset jw-button-container\">\n<div class=\"jw-icon jw-icon-inline jw-button-color jw-reset jw-icon-cast\" tabindex=\"0\" role=\"button\" aria-label=\"Chromecast\"><\/div>\n<\/div>\n<\/div>\n<\/div>\n<\/div>\n<\/div>\n<\/div>\n<\/div>\n<p class=\"paragraph\" data-mrf-recirculation=\"Links inline\">Acerca de la acusaci\u00f3n de violencia de Wanda contra Mauro, Guido fue claro: \u201c<b>No creo que Mauro sea capaz de levantarle la mano a Wanda<\/b>\u00a0ni que tenga esas actitudes violentas\u201d. Y agreg\u00f3: \u201cMi hermano ser\u00e1 obsesivo con sus cosas, pero no creo que llegue a eso\u201d.<\/p>\n<p class=\"paragraph\" data-mrf-recirculation=\"Links inline\">Sobre la relaci\u00f3n de Mauro con los hijos de Wanda y Maxi L\u00f3pez admiti\u00f3 que le dec\u00edan pap\u00e1.\u00a0<b>\u201cLo llamaban \u2018pap\u00e1\u2019 porque \u00e9l se lo gan\u00f3<\/b>. Hab\u00eda muchos videos de Mauro jugando a la pelota,<b>\u00a0los chicos le dec\u00edan \u2018papi\u2019<\/b>. Si est\u00e1 la figura paterna al final, es natural\u201d.<\/p>\n<p class=\"paragraph\" data-mrf-recirculation=\"Links inline\">M\u00e1s adelante, se refiri\u00f3 al quiebre con su padre tras la separaci\u00f3n de Mauro y Wanda. \u201c<b>Hay un quiebre con mi viejo en el momento en que se separa de Wanda<\/b>,\u00a0<b>y empieza con su nueva pareja<\/b>. En lo que ha podido ayudar, Mauro estuvo presente, le compr\u00f3 una camioneta, una casa\u201d, cont\u00f3.<\/p>\n<p class=\"paragraph\" data-mrf-recirculation=\"Links inline\">En lo m\u00e1s personal, reconoci\u00f3 que hace m\u00e1s de diez a\u00f1os que la relaci\u00f3n con Mauro es distante y que, aunque su hermano est\u00e1 invitado a su casamiento, aun no respondi\u00f3 a la invitaci\u00f3n: \u201cYa son 11 a\u00f1os que estamos en esta situaci\u00f3n. Al principio me lo tomaba personal, ahora\u00a0<b>uno se acostumbra a vivir sin su hermano<\/b>\u201d.<\/p>\n<p class=\"paragraph\" data-mrf-recirculation=\"Links inline\">Finalmente, Guido aclar\u00f3 que no siente que ni \u00e9l ni su familia hayan traicionado a Mauro, sino que las divisiones nacieron de la separaci\u00f3n de sus padres y de los bandos familiares: \u201cSiempre hay que elegir un bando.\u00a0<b>El problema es que \u00e9l elige el bando y despu\u00e9s pelea a toda la familia en ese sentido<\/b>\u201d.<\/p>\n<div class=\"second-saved-buttons\">\n<div class=\"body-share-note\"><\/div>\n<\/div>\n","protected":false},"excerpt":{"rendered":"<p>Guido, el menor de los hermanos Icardi, estuvo en Intrusos y cont\u00f3 c\u00f3mo es la interna que tiene el grupo hace m\u00e1s de una d\u00e9cada Guido Icardi, el hermano de\u00a0Mauro Icardi, decidi\u00f3 dar su versi\u00f3n acerca de lo que sucede en la familia Icardi en\u00a0Intrusos\u00a0(Am\u00e9rica TV) y habl\u00f3 sobre el v\u00ednculo distante que mantiene con [&hellip;]<\/p>\n","protected":false},"author":1,"featured_media":12466,"comment_status":"open","ping_status":"open","sticky":false,"template":"","format":"standard","meta":{"rop_custom_images_group":[],"rop_custom_messages_group":[],"rop_publish_now":"initial","rop_publish_now_accounts":[],"rop_publish_now_history":[],"rop_publish_now_status":"pending","footnotes":"","jetpack_publicize_message":"","jetpack_publicize_feature_enabled":true,"jetpack_social_post_already_shared":true,"jetpack_social_options":{"image_generator_settings":{"template":"highway","enabled":false},"version":2}},"categories":[12],"tags":[],"class_list":{"0":"post-12463","1":"post","2":"type-post","3":"status-publish","4":"format-standard","5":"has-post-thumbnail","7":"category-espectaculos"},"jetpack_publicize_connections":[],"yoast_head":"<!-- This site is optimized with the Yoast SEO plugin v27.3 - https:\/\/yoast.com\/product\/yoast-seo-wordpress\/ -->\n<title>El hermano de Mauro Icardi habl\u00f3 del esc\u00e1ndalo con Wanda Nara y la China Su\u00e1rez: \u201cFue un salame, llevaba 10 a\u00f1os casado\u201d - CLAN ESPECTACULOS<\/title>\n<meta name=\"robots\" content=\"index, follow, max-snippet:-1, max-image-preview:large, max-video-preview:-1\" \/>\n<link rel=\"canonical\" href=\"https:\/\/radioclanfm.com\/clanespectaculos\/el-hermano-de-mauro-icardi-hablo-del-escandalo-con-wanda-nara-y-la-china-suarez-fue-un-salame-llevaba-10-anos-casado\/\" \/>\n<meta property=\"og:locale\" content=\"es_ES\" \/>\n<meta property=\"og:type\" content=\"article\" \/>\n<meta property=\"og:title\" content=\"El hermano de Mauro Icardi habl\u00f3 del esc\u00e1ndalo con Wanda Nara y la China Su\u00e1rez: \u201cFue un salame, llevaba 10 a\u00f1os casado\u201d - CLAN ESPECTACULOS\" \/>\n<meta property=\"og:description\" content=\"Guido, el menor de los hermanos Icardi, estuvo en Intrusos y cont\u00f3 c\u00f3mo es la interna que tiene el grupo hace m\u00e1s de una d\u00e9cada Guido Icardi, el hermano de\u00a0Mauro Icardi, decidi\u00f3 dar su versi\u00f3n acerca de lo que sucede en la familia Icardi en\u00a0Intrusos\u00a0(Am\u00e9rica TV) y habl\u00f3 sobre el v\u00ednculo distante que mantiene con [&hellip;]\" \/>\n<meta property=\"og:url\" content=\"https:\/\/radioclanfm.com\/clanespectaculos\/el-hermano-de-mauro-icardi-hablo-del-escandalo-con-wanda-nara-y-la-china-suarez-fue-un-salame-llevaba-10-anos-casado\/\" \/>\n<meta property=\"og:site_name\" content=\"CLAN ESPECTACULOS\" \/>\n<meta property=\"article:publisher\" content=\"https:\/\/www.facebook.com\/clanespectaculos\/\" \/>\n<meta property=\"article:published_time\" content=\"2026-02-19T03:25:17+00:00\" \/>\n<meta property=\"og:image\" content=\"https:\/\/radioclanfm.com\/clanespectaculos\/wp-content\/uploads\/sites\/2\/2026\/02\/yBFwNoC2.jpg\" \/>\n\t<meta property=\"og:image:width\" content=\"900\" \/>\n\t<meta property=\"og:image:height\" content=\"450\" \/>\n\t<meta property=\"og:image:type\" content=\"image\/jpeg\" \/>\n<meta name=\"author\" content=\"E-GRUPOCLAN\" \/>\n<meta name=\"twitter:card\" content=\"summary_large_image\" \/>\n<meta name=\"twitter:creator\" content=\"@clanespectok\" \/>\n<meta name=\"twitter:site\" content=\"@clanespectok\" \/>\n<meta name=\"twitter:label1\" content=\"Escrito por\" \/>\n\t<meta name=\"twitter:data1\" content=\"E-GRUPOCLAN\" \/>\n\t<meta name=\"twitter:label2\" content=\"Tiempo de lectura\" \/>\n\t<meta name=\"twitter:data2\" content=\"4 minutos\" \/>\n<script type=\"application\/ld+json\" class=\"yoast-schema-graph\">{\"@context\":\"https:\\\/\\\/schema.org\",\"@graph\":[{\"@type\":\"Article\",\"@id\":\"https:\\\/\\\/radioclanfm.com\\\/clanespectaculos\\\/el-hermano-de-mauro-icardi-hablo-del-escandalo-con-wanda-nara-y-la-china-suarez-fue-un-salame-llevaba-10-anos-casado\\\/#article\",\"isPartOf\":{\"@id\":\"https:\\\/\\\/radioclanfm.com\\\/clanespectaculos\\\/el-hermano-de-mauro-icardi-hablo-del-escandalo-con-wanda-nara-y-la-china-suarez-fue-un-salame-llevaba-10-anos-casado\\\/\"},\"author\":{\"name\":\"E-GRUPOCLAN\",\"@id\":\"https:\\\/\\\/radioclanfm.com\\\/clanespectaculos\\\/#\\\/schema\\\/person\\\/9734813083303230f3ad84d99171b20c\"},\"headline\":\"El hermano de Mauro Icardi habl\u00f3 del esc\u00e1ndalo con Wanda Nara y la China Su\u00e1rez: \u201cFue un salame, llevaba 10 a\u00f1os casado\u201d\",\"datePublished\":\"2026-02-19T03:25:17+00:00\",\"mainEntityOfPage\":{\"@id\":\"https:\\\/\\\/radioclanfm.com\\\/clanespectaculos\\\/el-hermano-de-mauro-icardi-hablo-del-escandalo-con-wanda-nara-y-la-china-suarez-fue-un-salame-llevaba-10-anos-casado\\\/\"},\"wordCount\":771,\"commentCount\":0,\"publisher\":{\"@id\":\"https:\\\/\\\/radioclanfm.com\\\/clanespectaculos\\\/#organization\"},\"image\":{\"@id\":\"https:\\\/\\\/radioclanfm.com\\\/clanespectaculos\\\/el-hermano-de-mauro-icardi-hablo-del-escandalo-con-wanda-nara-y-la-china-suarez-fue-un-salame-llevaba-10-anos-casado\\\/#primaryimage\"},\"thumbnailUrl\":\"https:\\\/\\\/radioclanfm.com\\\/clanespectaculos\\\/wp-content\\\/uploads\\\/sites\\\/2\\\/2026\\\/02\\\/yBFwNoC2.jpg\",\"articleSection\":[\"Espectaculos\"],\"inLanguage\":\"es-AR\",\"potentialAction\":[{\"@type\":\"CommentAction\",\"name\":\"Comment\",\"target\":[\"https:\\\/\\\/radioclanfm.com\\\/clanespectaculos\\\/el-hermano-de-mauro-icardi-hablo-del-escandalo-con-wanda-nara-y-la-china-suarez-fue-un-salame-llevaba-10-anos-casado\\\/#respond\"]}]},{\"@type\":\"WebPage\",\"@id\":\"https:\\\/\\\/radioclanfm.com\\\/clanespectaculos\\\/el-hermano-de-mauro-icardi-hablo-del-escandalo-con-wanda-nara-y-la-china-suarez-fue-un-salame-llevaba-10-anos-casado\\\/\",\"url\":\"https:\\\/\\\/radioclanfm.com\\\/clanespectaculos\\\/el-hermano-de-mauro-icardi-hablo-del-escandalo-con-wanda-nara-y-la-china-suarez-fue-un-salame-llevaba-10-anos-casado\\\/\",\"name\":\"El hermano de Mauro Icardi habl\u00f3 del esc\u00e1ndalo con Wanda Nara y la China Su\u00e1rez: \u201cFue un salame, llevaba 10 a\u00f1os casado\u201d - CLAN ESPECTACULOS\",\"isPartOf\":{\"@id\":\"https:\\\/\\\/radioclanfm.com\\\/clanespectaculos\\\/#website\"},\"primaryImageOfPage\":{\"@id\":\"https:\\\/\\\/radioclanfm.com\\\/clanespectaculos\\\/el-hermano-de-mauro-icardi-hablo-del-escandalo-con-wanda-nara-y-la-china-suarez-fue-un-salame-llevaba-10-anos-casado\\\/#primaryimage\"},\"image\":{\"@id\":\"https:\\\/\\\/radioclanfm.com\\\/clanespectaculos\\\/el-hermano-de-mauro-icardi-hablo-del-escandalo-con-wanda-nara-y-la-china-suarez-fue-un-salame-llevaba-10-anos-casado\\\/#primaryimage\"},\"thumbnailUrl\":\"https:\\\/\\\/radioclanfm.com\\\/clanespectaculos\\\/wp-content\\\/uploads\\\/sites\\\/2\\\/2026\\\/02\\\/yBFwNoC2.jpg\",\"datePublished\":\"2026-02-19T03:25:17+00:00\",\"breadcrumb\":{\"@id\":\"https:\\\/\\\/radioclanfm.com\\\/clanespectaculos\\\/el-hermano-de-mauro-icardi-hablo-del-escandalo-con-wanda-nara-y-la-china-suarez-fue-un-salame-llevaba-10-anos-casado\\\/#breadcrumb\"},\"inLanguage\":\"es-AR\",\"potentialAction\":[{\"@type\":\"ReadAction\",\"target\":[\"https:\\\/\\\/radioclanfm.com\\\/clanespectaculos\\\/el-hermano-de-mauro-icardi-hablo-del-escandalo-con-wanda-nara-y-la-china-suarez-fue-un-salame-llevaba-10-anos-casado\\\/\"]}]},{\"@type\":\"ImageObject\",\"inLanguage\":\"es-AR\",\"@id\":\"https:\\\/\\\/radioclanfm.com\\\/clanespectaculos\\\/el-hermano-de-mauro-icardi-hablo-del-escandalo-con-wanda-nara-y-la-china-suarez-fue-un-salame-llevaba-10-anos-casado\\\/#primaryimage\",\"url\":\"https:\\\/\\\/radioclanfm.com\\\/clanespectaculos\\\/wp-content\\\/uploads\\\/sites\\\/2\\\/2026\\\/02\\\/yBFwNoC2.jpg\",\"contentUrl\":\"https:\\\/\\\/radioclanfm.com\\\/clanespectaculos\\\/wp-content\\\/uploads\\\/sites\\\/2\\\/2026\\\/02\\\/yBFwNoC2.jpg\",\"width\":900,\"height\":450},{\"@type\":\"BreadcrumbList\",\"@id\":\"https:\\\/\\\/radioclanfm.com\\\/clanespectaculos\\\/el-hermano-de-mauro-icardi-hablo-del-escandalo-con-wanda-nara-y-la-china-suarez-fue-un-salame-llevaba-10-anos-casado\\\/#breadcrumb\",\"itemListElement\":[{\"@type\":\"ListItem\",\"position\":1,\"name\":\"Inicio\",\"item\":\"https:\\\/\\\/radioclanfm.com\\\/clanespectaculos\\\/\"},{\"@type\":\"ListItem\",\"position\":2,\"name\":\"El hermano de Mauro Icardi habl\u00f3 del esc\u00e1ndalo con Wanda Nara y la China Su\u00e1rez: \u201cFue un salame, llevaba 10 a\u00f1os casado\u201d\"}]},{\"@type\":\"WebSite\",\"@id\":\"https:\\\/\\\/radioclanfm.com\\\/clanespectaculos\\\/#website\",\"url\":\"https:\\\/\\\/radioclanfm.com\\\/clanespectaculos\\\/\",\"name\":\"CLAN ESPECTACULOS\",\"description\":\"\",\"publisher\":{\"@id\":\"https:\\\/\\\/radioclanfm.com\\\/clanespectaculos\\\/#organization\"},\"potentialAction\":[{\"@type\":\"SearchAction\",\"target\":{\"@type\":\"EntryPoint\",\"urlTemplate\":\"https:\\\/\\\/radioclanfm.com\\\/clanespectaculos\\\/?s={search_term_string}\"},\"query-input\":{\"@type\":\"PropertyValueSpecification\",\"valueRequired\":true,\"valueName\":\"search_term_string\"}}],\"inLanguage\":\"es-AR\"},{\"@type\":\"Organization\",\"@id\":\"https:\\\/\\\/radioclanfm.com\\\/clanespectaculos\\\/#organization\",\"name\":\"CLAN ESPECTACULOS\",\"url\":\"https:\\\/\\\/radioclanfm.com\\\/clanespectaculos\\\/\",\"logo\":{\"@type\":\"ImageObject\",\"inLanguage\":\"es-AR\",\"@id\":\"https:\\\/\\\/radioclanfm.com\\\/clanespectaculos\\\/#\\\/schema\\\/logo\\\/image\\\/\",\"url\":\"https:\\\/\\\/radioclanfm.com\\\/clanespectaculos\\\/wp-content\\\/uploads\\\/sites\\\/2\\\/2026\\\/04\\\/ChatGPT-Image-23-mar-2026-10_09_00.png\",\"contentUrl\":\"https:\\\/\\\/radioclanfm.com\\\/clanespectaculos\\\/wp-content\\\/uploads\\\/sites\\\/2\\\/2026\\\/04\\\/ChatGPT-Image-23-mar-2026-10_09_00.png\",\"width\":1024,\"height\":1024,\"caption\":\"CLAN ESPECTACULOS\"},\"image\":{\"@id\":\"https:\\\/\\\/radioclanfm.com\\\/clanespectaculos\\\/#\\\/schema\\\/logo\\\/image\\\/\"},\"sameAs\":[\"https:\\\/\\\/www.facebook.com\\\/clanespectaculos\\\/\",\"https:\\\/\\\/x.com\\\/clanespectok\"]},{\"@type\":\"Person\",\"@id\":\"https:\\\/\\\/radioclanfm.com\\\/clanespectaculos\\\/#\\\/schema\\\/person\\\/9734813083303230f3ad84d99171b20c\",\"name\":\"E-GRUPOCLAN\",\"image\":{\"@type\":\"ImageObject\",\"inLanguage\":\"es-AR\",\"@id\":\"https:\\\/\\\/secure.gravatar.com\\\/avatar\\\/af6e19837c3d6a212034a48c7b3818d2ac1826f6025df0155da5a186ad321d79?s=96&d=mm&r=g\",\"url\":\"https:\\\/\\\/secure.gravatar.com\\\/avatar\\\/af6e19837c3d6a212034a48c7b3818d2ac1826f6025df0155da5a186ad321d79?s=96&d=mm&r=g\",\"contentUrl\":\"https:\\\/\\\/secure.gravatar.com\\\/avatar\\\/af6e19837c3d6a212034a48c7b3818d2ac1826f6025df0155da5a186ad321d79?s=96&d=mm&r=g\",\"caption\":\"E-GRUPOCLAN\"},\"sameAs\":[\"https:\\\/\\\/radioclanfm.com\"],\"url\":\"https:\\\/\\\/radioclanfm.com\\\/clanespectaculos\\\/author\\\/admin\\\/\"}]}<\/script>\n<!-- \/ Yoast SEO plugin. -->","yoast_head_json":{"title":"El hermano de Mauro Icardi habl\u00f3 del esc\u00e1ndalo con Wanda Nara y la China Su\u00e1rez: \u201cFue un salame, llevaba 10 a\u00f1os casado\u201d - CLAN ESPECTACULOS","robots":{"index":"index","follow":"follow","max-snippet":"max-snippet:-1","max-image-preview":"max-image-preview:large","max-video-preview":"max-video-preview:-1"},"canonical":"https:\/\/radioclanfm.com\/clanespectaculos\/el-hermano-de-mauro-icardi-hablo-del-escandalo-con-wanda-nara-y-la-china-suarez-fue-un-salame-llevaba-10-anos-casado\/","og_locale":"es_ES","og_type":"article","og_title":"El hermano de Mauro Icardi habl\u00f3 del esc\u00e1ndalo con Wanda Nara y la China Su\u00e1rez: \u201cFue un salame, llevaba 10 a\u00f1os casado\u201d - CLAN ESPECTACULOS","og_description":"Guido, el menor de los hermanos Icardi, estuvo en Intrusos y cont\u00f3 c\u00f3mo es la interna que tiene el grupo hace m\u00e1s de una d\u00e9cada Guido Icardi, el hermano de\u00a0Mauro Icardi, decidi\u00f3 dar su versi\u00f3n acerca de lo que sucede en la familia Icardi en\u00a0Intrusos\u00a0(Am\u00e9rica TV) y habl\u00f3 sobre el v\u00ednculo distante que mantiene con [&hellip;]","og_url":"https:\/\/radioclanfm.com\/clanespectaculos\/el-hermano-de-mauro-icardi-hablo-del-escandalo-con-wanda-nara-y-la-china-suarez-fue-un-salame-llevaba-10-anos-casado\/","og_site_name":"CLAN ESPECTACULOS","article_publisher":"https:\/\/www.facebook.com\/clanespectaculos\/","article_published_time":"2026-02-19T03:25:17+00:00","og_image":[{"width":900,"height":450,"url":"https:\/\/radioclanfm.com\/clanespectaculos\/wp-content\/uploads\/sites\/2\/2026\/02\/yBFwNoC2.jpg","type":"image\/jpeg"}],"author":"E-GRUPOCLAN","twitter_card":"summary_large_image","twitter_creator":"@clanespectok","twitter_site":"@clanespectok","twitter_misc":{"Escrito por":"E-GRUPOCLAN","Tiempo de lectura":"4 minutos"},"schema":{"@context":"https:\/\/schema.org","@graph":[{"@type":"Article","@id":"https:\/\/radioclanfm.com\/clanespectaculos\/el-hermano-de-mauro-icardi-hablo-del-escandalo-con-wanda-nara-y-la-china-suarez-fue-un-salame-llevaba-10-anos-casado\/#article","isPartOf":{"@id":"https:\/\/radioclanfm.com\/clanespectaculos\/el-hermano-de-mauro-icardi-hablo-del-escandalo-con-wanda-nara-y-la-china-suarez-fue-un-salame-llevaba-10-anos-casado\/"},"author":{"name":"E-GRUPOCLAN","@id":"https:\/\/radioclanfm.com\/clanespectaculos\/#\/schema\/person\/9734813083303230f3ad84d99171b20c"},"headline":"El hermano de Mauro Icardi habl\u00f3 del esc\u00e1ndalo con Wanda Nara y la China Su\u00e1rez: \u201cFue un salame, llevaba 10 a\u00f1os casado\u201d","datePublished":"2026-02-19T03:25:17+00:00","mainEntityOfPage":{"@id":"https:\/\/radioclanfm.com\/clanespectaculos\/el-hermano-de-mauro-icardi-hablo-del-escandalo-con-wanda-nara-y-la-china-suarez-fue-un-salame-llevaba-10-anos-casado\/"},"wordCount":771,"commentCount":0,"publisher":{"@id":"https:\/\/radioclanfm.com\/clanespectaculos\/#organization"},"image":{"@id":"https:\/\/radioclanfm.com\/clanespectaculos\/el-hermano-de-mauro-icardi-hablo-del-escandalo-con-wanda-nara-y-la-china-suarez-fue-un-salame-llevaba-10-anos-casado\/#primaryimage"},"thumbnailUrl":"https:\/\/radioclanfm.com\/clanespectaculos\/wp-content\/uploads\/sites\/2\/2026\/02\/yBFwNoC2.jpg","articleSection":["Espectaculos"],"inLanguage":"es-AR","potentialAction":[{"@type":"CommentAction","name":"Comment","target":["https:\/\/radioclanfm.com\/clanespectaculos\/el-hermano-de-mauro-icardi-hablo-del-escandalo-con-wanda-nara-y-la-china-suarez-fue-un-salame-llevaba-10-anos-casado\/#respond"]}]},{"@type":"WebPage","@id":"https:\/\/radioclanfm.com\/clanespectaculos\/el-hermano-de-mauro-icardi-hablo-del-escandalo-con-wanda-nara-y-la-china-suarez-fue-un-salame-llevaba-10-anos-casado\/","url":"https:\/\/radioclanfm.com\/clanespectaculos\/el-hermano-de-mauro-icardi-hablo-del-escandalo-con-wanda-nara-y-la-china-suarez-fue-un-salame-llevaba-10-anos-casado\/","name":"El hermano de Mauro Icardi habl\u00f3 del esc\u00e1ndalo con Wanda Nara y la China Su\u00e1rez: \u201cFue un salame, llevaba 10 a\u00f1os casado\u201d - CLAN ESPECTACULOS","isPartOf":{"@id":"https:\/\/radioclanfm.com\/clanespectaculos\/#website"},"primaryImageOfPage":{"@id":"https:\/\/radioclanfm.com\/clanespectaculos\/el-hermano-de-mauro-icardi-hablo-del-escandalo-con-wanda-nara-y-la-china-suarez-fue-un-salame-llevaba-10-anos-casado\/#primaryimage"},"image":{"@id":"https:\/\/radioclanfm.com\/clanespectaculos\/el-hermano-de-mauro-icardi-hablo-del-escandalo-con-wanda-nara-y-la-china-suarez-fue-un-salame-llevaba-10-anos-casado\/#primaryimage"},"thumbnailUrl":"https:\/\/radioclanfm.com\/clanespectaculos\/wp-content\/uploads\/sites\/2\/2026\/02\/yBFwNoC2.jpg","datePublished":"2026-02-19T03:25:17+00:00","breadcrumb":{"@id":"https:\/\/radioclanfm.com\/clanespectaculos\/el-hermano-de-mauro-icardi-hablo-del-escandalo-con-wanda-nara-y-la-china-suarez-fue-un-salame-llevaba-10-anos-casado\/#breadcrumb"},"inLanguage":"es-AR","potentialAction":[{"@type":"ReadAction","target":["https:\/\/radioclanfm.com\/clanespectaculos\/el-hermano-de-mauro-icardi-hablo-del-escandalo-con-wanda-nara-y-la-china-suarez-fue-un-salame-llevaba-10-anos-casado\/"]}]},{"@type":"ImageObject","inLanguage":"es-AR","@id":"https:\/\/radioclanfm.com\/clanespectaculos\/el-hermano-de-mauro-icardi-hablo-del-escandalo-con-wanda-nara-y-la-china-suarez-fue-un-salame-llevaba-10-anos-casado\/#primaryimage","url":"https:\/\/radioclanfm.com\/clanespectaculos\/wp-content\/uploads\/sites\/2\/2026\/02\/yBFwNoC2.jpg","contentUrl":"https:\/\/radioclanfm.com\/clanespectaculos\/wp-content\/uploads\/sites\/2\/2026\/02\/yBFwNoC2.jpg","width":900,"height":450},{"@type":"BreadcrumbList","@id":"https:\/\/radioclanfm.com\/clanespectaculos\/el-hermano-de-mauro-icardi-hablo-del-escandalo-con-wanda-nara-y-la-china-suarez-fue-un-salame-llevaba-10-anos-casado\/#breadcrumb","itemListElement":[{"@type":"ListItem","position":1,"name":"Inicio","item":"https:\/\/radioclanfm.com\/clanespectaculos\/"},{"@type":"ListItem","position":2,"name":"El hermano de Mauro Icardi habl\u00f3 del esc\u00e1ndalo con Wanda Nara y la China Su\u00e1rez: \u201cFue un salame, llevaba 10 a\u00f1os casado\u201d"}]},{"@type":"WebSite","@id":"https:\/\/radioclanfm.com\/clanespectaculos\/#website","url":"https:\/\/radioclanfm.com\/clanespectaculos\/","name":"CLAN ESPECTACULOS","description":"","publisher":{"@id":"https:\/\/radioclanfm.com\/clanespectaculos\/#organization"},"potentialAction":[{"@type":"SearchAction","target":{"@type":"EntryPoint","urlTemplate":"https:\/\/radioclanfm.com\/clanespectaculos\/?s={search_term_string}"},"query-input":{"@type":"PropertyValueSpecification","valueRequired":true,"valueName":"search_term_string"}}],"inLanguage":"es-AR"},{"@type":"Organization","@id":"https:\/\/radioclanfm.com\/clanespectaculos\/#organization","name":"CLAN ESPECTACULOS","url":"https:\/\/radioclanfm.com\/clanespectaculos\/","logo":{"@type":"ImageObject","inLanguage":"es-AR","@id":"https:\/\/radioclanfm.com\/clanespectaculos\/#\/schema\/logo\/image\/","url":"https:\/\/radioclanfm.com\/clanespectaculos\/wp-content\/uploads\/sites\/2\/2026\/04\/ChatGPT-Image-23-mar-2026-10_09_00.png","contentUrl":"https:\/\/radioclanfm.com\/clanespectaculos\/wp-content\/uploads\/sites\/2\/2026\/04\/ChatGPT-Image-23-mar-2026-10_09_00.png","width":1024,"height":1024,"caption":"CLAN ESPECTACULOS"},"image":{"@id":"https:\/\/radioclanfm.com\/clanespectaculos\/#\/schema\/logo\/image\/"},"sameAs":["https:\/\/www.facebook.com\/clanespectaculos\/","https:\/\/x.com\/clanespectok"]},{"@type":"Person","@id":"https:\/\/radioclanfm.com\/clanespectaculos\/#\/schema\/person\/9734813083303230f3ad84d99171b20c","name":"E-GRUPOCLAN","image":{"@type":"ImageObject","inLanguage":"es-AR","@id":"https:\/\/secure.gravatar.com\/avatar\/af6e19837c3d6a212034a48c7b3818d2ac1826f6025df0155da5a186ad321d79?s=96&d=mm&r=g","url":"https:\/\/secure.gravatar.com\/avatar\/af6e19837c3d6a212034a48c7b3818d2ac1826f6025df0155da5a186ad321d79?s=96&d=mm&r=g","contentUrl":"https:\/\/secure.gravatar.com\/avatar\/af6e19837c3d6a212034a48c7b3818d2ac1826f6025df0155da5a186ad321d79?s=96&d=mm&r=g","caption":"E-GRUPOCLAN"},"sameAs":["https:\/\/radioclanfm.com"],"url":"https:\/\/radioclanfm.com\/clanespectaculos\/author\/admin\/"}]}},"_links":{"self":[{"href":"https:\/\/radioclanfm.com\/clanespectaculos\/wp-json\/wp\/v2\/posts\/12463","targetHints":{"allow":["GET"]}}],"collection":[{"href":"https:\/\/radioclanfm.com\/clanespectaculos\/wp-json\/wp\/v2\/posts"}],"about":[{"href":"https:\/\/radioclanfm.com\/clanespectaculos\/wp-json\/wp\/v2\/types\/post"}],"author":[{"embeddable":true,"href":"https:\/\/radioclanfm.com\/clanespectaculos\/wp-json\/wp\/v2\/users\/1"}],"replies":[{"embeddable":true,"href":"https:\/\/radioclanfm.com\/clanespectaculos\/wp-json\/wp\/v2\/comments?post=12463"}],"version-history":[{"count":1,"href":"https:\/\/radioclanfm.com\/clanespectaculos\/wp-json\/wp\/v2\/posts\/12463\/revisions"}],"predecessor-version":[{"id":12467,"href":"https:\/\/radioclanfm.com\/clanespectaculos\/wp-json\/wp\/v2\/posts\/12463\/revisions\/12467"}],"wp:featuredmedia":[{"embeddable":true,"href":"https:\/\/radioclanfm.com\/clanespectaculos\/wp-json\/wp\/v2\/media\/12466"}],"wp:attachment":[{"href":"https:\/\/radioclanfm.com\/clanespectaculos\/wp-json\/wp\/v2\/media?parent=12463"}],"wp:term":[{"taxonomy":"category","embeddable":true,"href":"https:\/\/radioclanfm.com\/clanespectaculos\/wp-json\/wp\/v2\/categories?post=12463"},{"taxonomy":"post_tag","embeddable":true,"href":"https:\/\/radioclanfm.com\/clanespectaculos\/wp-json\/wp\/v2\/tags?post=12463"}],"curies":[{"name":"wp","href":"https:\/\/api.w.org\/{rel}","templated":true}]}}