{"id":12443,"date":"2026-02-19T00:17:52","date_gmt":"2026-02-19T03:17:52","guid":{"rendered":"https:\/\/radioclanfm.com\/clanespectaculos\/?p=12443"},"modified":"2026-02-19T00:17:52","modified_gmt":"2026-02-19T03:17:52","slug":"catherine-fulop-y-ova-sabatini-llegaron-a-roma-para-acompanar-a-oriana-sabatini-en-la-recta-final-de-su-embarazo-ya-con-nuestra-bebita","status":"publish","type":"post","link":"https:\/\/radioclanfm.com\/clanespectaculos\/catherine-fulop-y-ova-sabatini-llegaron-a-roma-para-acompanar-a-oriana-sabatini-en-la-recta-final-de-su-embarazo-ya-con-nuestra-bebita\/","title":{"rendered":"Catherine Fulop y Ova Sabatini llegaron a Roma para acompa\u00f1ar a Oriana Sabatini en la recta final de su embarazo: \u201cYa con nuestra bebita\u201d"},"content":{"rendered":"<p>La actriz venezolana viaj\u00f3 a Italia acompa\u00f1ada por su marido y su hija menor para compartir la recta final del embarazo de la cantante<\/p>\n<p class=\"paragraph\" data-mrf-recirculation=\"Links inline\">La cuenta regresiva ya empez\u00f3 y la emoci\u00f3n se siente en cada publicaci\u00f3n.\u00a0<b>Oriana Sabatini<\/b>\u00a0transita las \u00faltimas semanas de su embarazo en Roma y, en un momento tan especial, no est\u00e1 sola:\u00a0<b>Catherine Fulop<\/b><b>\u00a0<\/b>y\u00a0<b>Ova Sabatini<\/b><b>\u00a0<\/b>viajaron junto a\u00a0<b>Tiziana<\/b>\u00a0a Italia para acompa\u00f1arla en la recta final antes del nacimiento de su primera hija junto a\u00a0<b>Paulo Dybala<\/b><b>.<\/b><\/p>\n<div class=\"news-module\" data-mrf-recirculation=\"IL_GBLs3HYWRq2RgU4Qz8MM1Q\" data-testid=\"text-html\" data-mrf-experience=\"IL_GBLs3HYWRq2RgU4Qz8MM1Q\">\n<div class=\"recommended-card__image-container\"><\/div>\n<\/div>\n<p class=\"paragraph\" data-mrf-recirculation=\"Links inline\">La propia Cathy fue la encargada de compartir la feliz noticia en sus redes sociales. Con una imagen familiar en la que se ve a su marido y a sus hijas, escribi\u00f3 con ternura:\u00a0<b>\u201cYa con nuestra bebita\u201d.<\/b>\u00a0La frase, breve pero cargada de significado, dej\u00f3 en claro que la actriz venezolana ya se instal\u00f3 en la capital italiana para vivir de cerca la llegada de su primera nieta.<\/p>\n<div class=\"visual__image\"><picture><source srcset=\"https:\/\/www.infobae.com\/resizer\/v2\/PX2O45BZYBAW3EYEVNBRY3S6IY.png?auth=050dc1f23de02406077b43fcba2e3686e4f8a08234ec262a2cd0f4e361bb964e&amp;smart=true&amp;width=992&amp;height=1729&amp;quality=85\" media=\"(min-width: 1000px)\" \/><source srcset=\"https:\/\/www.infobae.com\/resizer\/v2\/PX2O45BZYBAW3EYEVNBRY3S6IY.png?auth=050dc1f23de02406077b43fcba2e3686e4f8a08234ec262a2cd0f4e361bb964e&amp;smart=true&amp;width=768&amp;height=1339&amp;quality=85\" media=\"(min-width: 768px)\" \/><source srcset=\"https:\/\/www.infobae.com\/resizer\/v2\/PX2O45BZYBAW3EYEVNBRY3S6IY.png?auth=050dc1f23de02406077b43fcba2e3686e4f8a08234ec262a2cd0f4e361bb964e&amp;smart=true&amp;width=577&amp;height=1006&amp;quality=85\" media=\"(min-width: 580px)\" \/><source srcset=\"https:\/\/www.infobae.com\/resizer\/v2\/PX2O45BZYBAW3EYEVNBRY3S6IY.png?auth=050dc1f23de02406077b43fcba2e3686e4f8a08234ec262a2cd0f4e361bb964e&amp;smart=true&amp;width=420&amp;height=732&amp;quality=85\" media=\"(min-width: 350px)\" \/><source srcset=\"https:\/\/www.infobae.com\/resizer\/v2\/PX2O45BZYBAW3EYEVNBRY3S6IY.png?auth=050dc1f23de02406077b43fcba2e3686e4f8a08234ec262a2cd0f4e361bb964e&amp;smart=true&amp;width=350&amp;height=610&amp;quality=85\" media=\"(min-width: 80px)\" \/><img loading=\"lazy\" decoding=\"async\" class=\"global-image\" src=\"https:\/\/www.infobae.com\/resizer\/v2\/PX2O45BZYBAW3EYEVNBRY3S6IY.png?auth=050dc1f23de02406077b43fcba2e3686e4f8a08234ec262a2cd0f4e361bb964e&amp;smart=true&amp;width=350&amp;height=610&amp;quality=85\" alt=\"La llegada de la familia\" width=\"483\" height=\"842\" \/><\/picture>La llegada de la familia Sabatini-Fulop a Italia marca el inicio de la recta final antes del nacimiento de la primera hija de Oriana y Dybala<\/div>\n<div class=\"inline ad-wrapper\">\n<div class=\"dfpAd ad-inline\"><\/div>\n<\/div>\n<p class=\"paragraph\" data-mrf-recirculation=\"Links inline\">Oriana y Dybala atraviesan uno de los momentos m\u00e1s importantes de su historia de amor. Tras su casamiento el 20 de julio de 2024,\u00a0<b>la pareja anunci\u00f3 que esperaba su primera hija<\/b>, una noticia que revolucion\u00f3 tanto a sus seguidores como al entorno m\u00e1s \u00edntimo. Ahora, con fecha estimada para el 11 de marzo, la ansiedad crece d\u00eda a d\u00eda.<\/p>\n<div class=\"news-module\" data-mrf-recirculation=\"IL_m3kiGo-8SVS6m0U7OqrZLw\" data-testid=\"text-html\" data-mrf-experience=\"IL_m3kiGo-8SVS6m0U7OqrZLw\">\n<div class=\"recommended-card__image-container\"><\/div>\n<\/div>\n<p class=\"paragraph\" data-mrf-recirculation=\"Links inline\">La coincidencia no pas\u00f3 inadvertida:\u00a0<b>ese d\u00eda tambi\u00e9n es el cumplea\u00f1os de Catherine Fulop.<\/b>\u00a0Un detalle que emocion\u00f3 especialmente a la actriz, quien en distintas entrevistas hab\u00eda confesado su ilusi\u00f3n por convertirse en abuela.\u00a0<b>\u201cEs una bendici\u00f3n enorme\u201d<\/b>, expres\u00f3 en m\u00e1s de una oportunidad, dejando en claro que vive esta etapa con intensidad.<\/p>\n<div class=\"visual__image\"><picture><source srcset=\"https:\/\/www.infobae.com\/resizer\/v2\/RDBVGPWMXBHLNILSCJB44NLMVQ.jpg?auth=c74439ba095dd605cd4559a1c7569fa591677978f622a3c8b13a625043ff2706&amp;smart=true&amp;width=992&amp;height=1763&amp;quality=85\" media=\"(min-width: 1000px)\" \/><source srcset=\"https:\/\/www.infobae.com\/resizer\/v2\/RDBVGPWMXBHLNILSCJB44NLMVQ.jpg?auth=c74439ba095dd605cd4559a1c7569fa591677978f622a3c8b13a625043ff2706&amp;smart=true&amp;width=768&amp;height=1365&amp;quality=85\" media=\"(min-width: 768px)\" \/><source srcset=\"https:\/\/www.infobae.com\/resizer\/v2\/RDBVGPWMXBHLNILSCJB44NLMVQ.jpg?auth=c74439ba095dd605cd4559a1c7569fa591677978f622a3c8b13a625043ff2706&amp;smart=true&amp;width=577&amp;height=1025&amp;quality=85\" media=\"(min-width: 580px)\" \/><source srcset=\"https:\/\/www.infobae.com\/resizer\/v2\/RDBVGPWMXBHLNILSCJB44NLMVQ.jpg?auth=c74439ba095dd605cd4559a1c7569fa591677978f622a3c8b13a625043ff2706&amp;smart=true&amp;width=420&amp;height=746&amp;quality=85\" media=\"(min-width: 350px)\" \/><source srcset=\"https:\/\/www.infobae.com\/resizer\/v2\/RDBVGPWMXBHLNILSCJB44NLMVQ.jpg?auth=c74439ba095dd605cd4559a1c7569fa591677978f622a3c8b13a625043ff2706&amp;smart=true&amp;width=350&amp;height=622&amp;quality=85\" media=\"(min-width: 80px)\" \/><img loading=\"lazy\" decoding=\"async\" class=\"global-image\" src=\"https:\/\/www.infobae.com\/resizer\/v2\/RDBVGPWMXBHLNILSCJB44NLMVQ.jpg?auth=c74439ba095dd605cd4559a1c7569fa591677978f622a3c8b13a625043ff2706&amp;smart=true&amp;width=350&amp;height=622&amp;quality=85\" alt=\"El nacimiento de la hija\" width=\"1920\" height=\"3412\" \/><\/picture>El nacimiento de la hija de Oriana Sabatini y Paulo Dybala est\u00e1 previsto para el 11 de marzo, fecha que coincide con el cumplea\u00f1os de Catherine Fulop<\/div>\n<div class=\"inline_2_DSK ad-wrapper ad-desktop\">\n<div class=\"dfpAd ad-inline\"><\/div>\n<\/div>\n<p class=\"paragraph\" data-mrf-recirculation=\"Links inline\">Instalada en la ciudad capital de Italia, Oriana eligi\u00f3 transitar los \u00faltimos d\u00edas de embarazo en la ciudad donde reside junto al futbolista de la Roma. All\u00ed construyeron su hogar y proyectan la crianza de su hija. Por eso, la llegada de Cathy y Ova no solo implica apoyo emocional, sino tambi\u00e9n\u00a0<b>contenci\u00f3n familiar en un momento bisagra.<\/b><\/p>\n<p class=\"paragraph\" data-mrf-recirculation=\"Links inline\">En las im\u00e1genes compartidas se percibe un clima de calma y felicidad.\u00a0<b>Oriana luce su pancita ya avanzada, mientras su padre y hermana menor la rodean con gestos de orgullo y ternura.<\/b>\u00a0Es el primer nieto de la familia Sabatini-Fulop, lo que multiplica la expectativa. Ova, siempre m\u00e1s reservado p\u00fablicamente, tambi\u00e9n viaj\u00f3 para estar presente en este acontecimiento.<\/p>\n<div class=\"visual__image\"><picture><source srcset=\"https:\/\/www.infobae.com\/resizer\/v2\/HCABB755WZDJHAINDZAR5ED7TY.jpeg?auth=5b88ab12a11e0f130e183147ed30e8a1a05b8c76075b0b95971f1b35e64c7f19&amp;smart=true&amp;width=992&amp;height=1770&amp;quality=85\" media=\"(min-width: 1000px)\" \/><source srcset=\"https:\/\/www.infobae.com\/resizer\/v2\/HCABB755WZDJHAINDZAR5ED7TY.jpeg?auth=5b88ab12a11e0f130e183147ed30e8a1a05b8c76075b0b95971f1b35e64c7f19&amp;smart=true&amp;width=768&amp;height=1370&amp;quality=85\" media=\"(min-width: 768px)\" \/><source srcset=\"https:\/\/www.infobae.com\/resizer\/v2\/HCABB755WZDJHAINDZAR5ED7TY.jpeg?auth=5b88ab12a11e0f130e183147ed30e8a1a05b8c76075b0b95971f1b35e64c7f19&amp;smart=true&amp;width=577&amp;height=1029&amp;quality=85\" media=\"(min-width: 580px)\" \/><source srcset=\"https:\/\/www.infobae.com\/resizer\/v2\/HCABB755WZDJHAINDZAR5ED7TY.jpeg?auth=5b88ab12a11e0f130e183147ed30e8a1a05b8c76075b0b95971f1b35e64c7f19&amp;smart=true&amp;width=420&amp;height=749&amp;quality=85\" media=\"(min-width: 350px)\" \/><source srcset=\"https:\/\/www.infobae.com\/resizer\/v2\/HCABB755WZDJHAINDZAR5ED7TY.jpeg?auth=5b88ab12a11e0f130e183147ed30e8a1a05b8c76075b0b95971f1b35e64c7f19&amp;smart=true&amp;width=350&amp;height=624&amp;quality=85\" media=\"(min-width: 80px)\" \/><img loading=\"lazy\" decoding=\"async\" class=\"global-image\" src=\"https:\/\/www.infobae.com\/resizer\/v2\/HCABB755WZDJHAINDZAR5ED7TY.jpeg?auth=5b88ab12a11e0f130e183147ed30e8a1a05b8c76075b0b95971f1b35e64c7f19&amp;smart=true&amp;width=350&amp;height=624&amp;quality=85\" alt=\"Oriana Sabatini celebr\u00f3 su baby\" width=\"519\" height=\"926\" \/><\/picture>Oriana Sabatini celebr\u00f3 su baby shower tem\u00e1tico de Harry Potter en noviembre de 2025 durante su \u00faltima visita a la Argentina antes de volver a Europa<\/div>\n<p class=\"paragraph\" data-mrf-recirculation=\"Links inline\">Durante su \u00faltima visita a la Argentina, en noviembre de 2025,\u00a0<b>Oriana celebr\u00f3 un baby shower tem\u00e1tico inspirado en el universo de Harry Potter, saga de la que es fan\u00e1tica.\u00a0<\/b>En aquella oportunidad, comparti\u00f3 im\u00e1genes del festejo rodeada de amigos y familiares, en una despedida simb\u00f3lica antes de regresar a Europa para el tramo final del embarazo.<b>\u00a0Si bien desde el anuncio se supo que esperan una ni\u00f1a, la pareja decidi\u00f3 mantener en reserva el nombre elegido.<\/b>\u00a0Oriana solo adelant\u00f3 que ser\u00eda poco com\u00fan, alimentando la curiosidad de sus seguidores.<\/p>\n<p class=\"paragraph\" data-mrf-recirculation=\"Links inline\">Mientras tanto,\u00a0<b>Paulo Dybala contin\u00faa con sus compromisos deportivos, pero se mantiene cerca y atento a cada detalle.<\/b>\u00a0En una entrevista reciente, el futbolista record\u00f3 uno de los cambios personales que asumi\u00f3 por amor a Oriana antes del casamiento: dej\u00f3 de comerse las u\u00f1as, un h\u00e1bito que arrastraba desde hac\u00eda a\u00f1os. \u201cLo hice por mi mujer\u201d, confes\u00f3 con naturalidad, al relatar c\u00f3mo una advertencia lo llev\u00f3 a modificar esa costumbre antes de pasar por el altar.<\/p>\n<p class=\"paragraph\" data-mrf-recirculation=\"Links inline\">La an\u00e9cdota, lejos de ser menor, habla de la din\u00e1mica de la pareja: gestos concretos, decisiones compartidas y una construcci\u00f3n que se consolid\u00f3 con el tiempo.<b>\u00a0Tras m\u00e1s de dos a\u00f1os y medio desde aquella rom\u00e1ntica propuesta, hoy el foco est\u00e1 puesto en la llegada de su hija.<\/b>\u00a0La recta final del embarazo suele ser una etapa de sensibilidad especial. Y en el caso de Oriana Sabatini, ese momento se potencia por el acompa\u00f1amiento de sus padres y la ilusi\u00f3n compartida con Paulo Dybala.<\/p>\n<div class=\"second-saved-buttons\">\n<div class=\"body-share-note\"><\/div>\n<\/div>\n","protected":false},"excerpt":{"rendered":"<p>La actriz venezolana viaj\u00f3 a Italia acompa\u00f1ada por su marido y su hija menor para compartir la recta final del embarazo de la cantante La cuenta regresiva ya empez\u00f3 y la emoci\u00f3n se siente en cada publicaci\u00f3n.\u00a0Oriana Sabatini\u00a0transita las \u00faltimas semanas de su embarazo en Roma y, en un momento tan especial, no est\u00e1 sola:\u00a0Catherine [&hellip;]<\/p>\n","protected":false},"author":1,"featured_media":12446,"comment_status":"open","ping_status":"open","sticky":false,"template":"","format":"standard","meta":{"rop_custom_images_group":[],"rop_custom_messages_group":[],"rop_publish_now":"initial","rop_publish_now_accounts":[],"rop_publish_now_history":[],"rop_publish_now_status":"pending","footnotes":"","jetpack_publicize_message":"","jetpack_publicize_feature_enabled":true,"jetpack_social_post_already_shared":true,"jetpack_social_options":{"image_generator_settings":{"template":"highway","enabled":false},"version":2}},"categories":[12],"tags":[],"class_list":{"0":"post-12443","1":"post","2":"type-post","3":"status-publish","4":"format-standard","5":"has-post-thumbnail","7":"category-espectaculos"},"jetpack_publicize_connections":[],"yoast_head":"<!-- This site is optimized with the Yoast SEO plugin v27.3 - https:\/\/yoast.com\/product\/yoast-seo-wordpress\/ -->\n<title>Catherine Fulop y Ova Sabatini llegaron a Roma para acompa\u00f1ar a Oriana Sabatini en la recta final de su embarazo: \u201cYa con nuestra bebita\u201d - CLAN ESPECTACULOS<\/title>\n<meta name=\"robots\" content=\"index, follow, max-snippet:-1, max-image-preview:large, max-video-preview:-1\" \/>\n<link rel=\"canonical\" href=\"https:\/\/radioclanfm.com\/clanespectaculos\/catherine-fulop-y-ova-sabatini-llegaron-a-roma-para-acompanar-a-oriana-sabatini-en-la-recta-final-de-su-embarazo-ya-con-nuestra-bebita\/\" \/>\n<meta property=\"og:locale\" content=\"es_ES\" \/>\n<meta property=\"og:type\" content=\"article\" \/>\n<meta property=\"og:title\" content=\"Catherine Fulop y Ova Sabatini llegaron a Roma para acompa\u00f1ar a Oriana Sabatini en la recta final de su embarazo: \u201cYa con nuestra bebita\u201d - CLAN ESPECTACULOS\" \/>\n<meta property=\"og:description\" content=\"La actriz venezolana viaj\u00f3 a Italia acompa\u00f1ada por su marido y su hija menor para compartir la recta final del embarazo de la cantante La cuenta regresiva ya empez\u00f3 y la emoci\u00f3n se siente en cada publicaci\u00f3n.\u00a0Oriana Sabatini\u00a0transita las \u00faltimas semanas de su embarazo en Roma y, en un momento tan especial, no est\u00e1 sola:\u00a0Catherine [&hellip;]\" \/>\n<meta property=\"og:url\" content=\"https:\/\/radioclanfm.com\/clanespectaculos\/catherine-fulop-y-ova-sabatini-llegaron-a-roma-para-acompanar-a-oriana-sabatini-en-la-recta-final-de-su-embarazo-ya-con-nuestra-bebita\/\" \/>\n<meta property=\"og:site_name\" content=\"CLAN ESPECTACULOS\" \/>\n<meta property=\"article:publisher\" content=\"https:\/\/www.facebook.com\/clanespectaculos\/\" \/>\n<meta property=\"article:published_time\" content=\"2026-02-19T03:17:52+00:00\" \/>\n<meta property=\"og:image\" content=\"https:\/\/radioclanfm.com\/clanespectaculos\/wp-content\/uploads\/sites\/2\/2026\/02\/oFNDquJS.jpg\" \/>\n\t<meta property=\"og:image:width\" content=\"900\" \/>\n\t<meta property=\"og:image:height\" content=\"450\" \/>\n\t<meta property=\"og:image:type\" content=\"image\/jpeg\" \/>\n<meta name=\"author\" content=\"E-GRUPOCLAN\" \/>\n<meta name=\"twitter:card\" content=\"summary_large_image\" \/>\n<meta name=\"twitter:creator\" content=\"@clanespectok\" \/>\n<meta name=\"twitter:site\" content=\"@clanespectok\" \/>\n<meta name=\"twitter:label1\" content=\"Escrito por\" \/>\n\t<meta name=\"twitter:data1\" content=\"E-GRUPOCLAN\" \/>\n\t<meta name=\"twitter:label2\" content=\"Tiempo de lectura\" \/>\n\t<meta name=\"twitter:data2\" content=\"4 minutos\" \/>\n<script type=\"application\/ld+json\" class=\"yoast-schema-graph\">{\"@context\":\"https:\\\/\\\/schema.org\",\"@graph\":[{\"@type\":\"Article\",\"@id\":\"https:\\\/\\\/radioclanfm.com\\\/clanespectaculos\\\/catherine-fulop-y-ova-sabatini-llegaron-a-roma-para-acompanar-a-oriana-sabatini-en-la-recta-final-de-su-embarazo-ya-con-nuestra-bebita\\\/#article\",\"isPartOf\":{\"@id\":\"https:\\\/\\\/radioclanfm.com\\\/clanespectaculos\\\/catherine-fulop-y-ova-sabatini-llegaron-a-roma-para-acompanar-a-oriana-sabatini-en-la-recta-final-de-su-embarazo-ya-con-nuestra-bebita\\\/\"},\"author\":{\"name\":\"E-GRUPOCLAN\",\"@id\":\"https:\\\/\\\/radioclanfm.com\\\/clanespectaculos\\\/#\\\/schema\\\/person\\\/9734813083303230f3ad84d99171b20c\"},\"headline\":\"Catherine Fulop y Ova Sabatini llegaron a Roma para acompa\u00f1ar a Oriana Sabatini en la recta final de su embarazo: \u201cYa con nuestra bebita\u201d\",\"datePublished\":\"2026-02-19T03:17:52+00:00\",\"mainEntityOfPage\":{\"@id\":\"https:\\\/\\\/radioclanfm.com\\\/clanespectaculos\\\/catherine-fulop-y-ova-sabatini-llegaron-a-roma-para-acompanar-a-oriana-sabatini-en-la-recta-final-de-su-embarazo-ya-con-nuestra-bebita\\\/\"},\"wordCount\":776,\"commentCount\":0,\"publisher\":{\"@id\":\"https:\\\/\\\/radioclanfm.com\\\/clanespectaculos\\\/#organization\"},\"image\":{\"@id\":\"https:\\\/\\\/radioclanfm.com\\\/clanespectaculos\\\/catherine-fulop-y-ova-sabatini-llegaron-a-roma-para-acompanar-a-oriana-sabatini-en-la-recta-final-de-su-embarazo-ya-con-nuestra-bebita\\\/#primaryimage\"},\"thumbnailUrl\":\"https:\\\/\\\/radioclanfm.com\\\/clanespectaculos\\\/wp-content\\\/uploads\\\/sites\\\/2\\\/2026\\\/02\\\/oFNDquJS.jpg\",\"articleSection\":[\"Espectaculos\"],\"inLanguage\":\"es-AR\",\"potentialAction\":[{\"@type\":\"CommentAction\",\"name\":\"Comment\",\"target\":[\"https:\\\/\\\/radioclanfm.com\\\/clanespectaculos\\\/catherine-fulop-y-ova-sabatini-llegaron-a-roma-para-acompanar-a-oriana-sabatini-en-la-recta-final-de-su-embarazo-ya-con-nuestra-bebita\\\/#respond\"]}]},{\"@type\":\"WebPage\",\"@id\":\"https:\\\/\\\/radioclanfm.com\\\/clanespectaculos\\\/catherine-fulop-y-ova-sabatini-llegaron-a-roma-para-acompanar-a-oriana-sabatini-en-la-recta-final-de-su-embarazo-ya-con-nuestra-bebita\\\/\",\"url\":\"https:\\\/\\\/radioclanfm.com\\\/clanespectaculos\\\/catherine-fulop-y-ova-sabatini-llegaron-a-roma-para-acompanar-a-oriana-sabatini-en-la-recta-final-de-su-embarazo-ya-con-nuestra-bebita\\\/\",\"name\":\"Catherine Fulop y Ova Sabatini llegaron a Roma para acompa\u00f1ar a Oriana Sabatini en la recta final de su embarazo: \u201cYa con nuestra bebita\u201d - CLAN ESPECTACULOS\",\"isPartOf\":{\"@id\":\"https:\\\/\\\/radioclanfm.com\\\/clanespectaculos\\\/#website\"},\"primaryImageOfPage\":{\"@id\":\"https:\\\/\\\/radioclanfm.com\\\/clanespectaculos\\\/catherine-fulop-y-ova-sabatini-llegaron-a-roma-para-acompanar-a-oriana-sabatini-en-la-recta-final-de-su-embarazo-ya-con-nuestra-bebita\\\/#primaryimage\"},\"image\":{\"@id\":\"https:\\\/\\\/radioclanfm.com\\\/clanespectaculos\\\/catherine-fulop-y-ova-sabatini-llegaron-a-roma-para-acompanar-a-oriana-sabatini-en-la-recta-final-de-su-embarazo-ya-con-nuestra-bebita\\\/#primaryimage\"},\"thumbnailUrl\":\"https:\\\/\\\/radioclanfm.com\\\/clanespectaculos\\\/wp-content\\\/uploads\\\/sites\\\/2\\\/2026\\\/02\\\/oFNDquJS.jpg\",\"datePublished\":\"2026-02-19T03:17:52+00:00\",\"breadcrumb\":{\"@id\":\"https:\\\/\\\/radioclanfm.com\\\/clanespectaculos\\\/catherine-fulop-y-ova-sabatini-llegaron-a-roma-para-acompanar-a-oriana-sabatini-en-la-recta-final-de-su-embarazo-ya-con-nuestra-bebita\\\/#breadcrumb\"},\"inLanguage\":\"es-AR\",\"potentialAction\":[{\"@type\":\"ReadAction\",\"target\":[\"https:\\\/\\\/radioclanfm.com\\\/clanespectaculos\\\/catherine-fulop-y-ova-sabatini-llegaron-a-roma-para-acompanar-a-oriana-sabatini-en-la-recta-final-de-su-embarazo-ya-con-nuestra-bebita\\\/\"]}]},{\"@type\":\"ImageObject\",\"inLanguage\":\"es-AR\",\"@id\":\"https:\\\/\\\/radioclanfm.com\\\/clanespectaculos\\\/catherine-fulop-y-ova-sabatini-llegaron-a-roma-para-acompanar-a-oriana-sabatini-en-la-recta-final-de-su-embarazo-ya-con-nuestra-bebita\\\/#primaryimage\",\"url\":\"https:\\\/\\\/radioclanfm.com\\\/clanespectaculos\\\/wp-content\\\/uploads\\\/sites\\\/2\\\/2026\\\/02\\\/oFNDquJS.jpg\",\"contentUrl\":\"https:\\\/\\\/radioclanfm.com\\\/clanespectaculos\\\/wp-content\\\/uploads\\\/sites\\\/2\\\/2026\\\/02\\\/oFNDquJS.jpg\",\"width\":900,\"height\":450},{\"@type\":\"BreadcrumbList\",\"@id\":\"https:\\\/\\\/radioclanfm.com\\\/clanespectaculos\\\/catherine-fulop-y-ova-sabatini-llegaron-a-roma-para-acompanar-a-oriana-sabatini-en-la-recta-final-de-su-embarazo-ya-con-nuestra-bebita\\\/#breadcrumb\",\"itemListElement\":[{\"@type\":\"ListItem\",\"position\":1,\"name\":\"Inicio\",\"item\":\"https:\\\/\\\/radioclanfm.com\\\/clanespectaculos\\\/\"},{\"@type\":\"ListItem\",\"position\":2,\"name\":\"Catherine Fulop y Ova Sabatini llegaron a Roma para acompa\u00f1ar a Oriana Sabatini en la recta final de su embarazo: \u201cYa con nuestra bebita\u201d\"}]},{\"@type\":\"WebSite\",\"@id\":\"https:\\\/\\\/radioclanfm.com\\\/clanespectaculos\\\/#website\",\"url\":\"https:\\\/\\\/radioclanfm.com\\\/clanespectaculos\\\/\",\"name\":\"CLAN ESPECTACULOS\",\"description\":\"\",\"publisher\":{\"@id\":\"https:\\\/\\\/radioclanfm.com\\\/clanespectaculos\\\/#organization\"},\"potentialAction\":[{\"@type\":\"SearchAction\",\"target\":{\"@type\":\"EntryPoint\",\"urlTemplate\":\"https:\\\/\\\/radioclanfm.com\\\/clanespectaculos\\\/?s={search_term_string}\"},\"query-input\":{\"@type\":\"PropertyValueSpecification\",\"valueRequired\":true,\"valueName\":\"search_term_string\"}}],\"inLanguage\":\"es-AR\"},{\"@type\":\"Organization\",\"@id\":\"https:\\\/\\\/radioclanfm.com\\\/clanespectaculos\\\/#organization\",\"name\":\"CLAN ESPECTACULOS\",\"url\":\"https:\\\/\\\/radioclanfm.com\\\/clanespectaculos\\\/\",\"logo\":{\"@type\":\"ImageObject\",\"inLanguage\":\"es-AR\",\"@id\":\"https:\\\/\\\/radioclanfm.com\\\/clanespectaculos\\\/#\\\/schema\\\/logo\\\/image\\\/\",\"url\":\"https:\\\/\\\/radioclanfm.com\\\/clanespectaculos\\\/wp-content\\\/uploads\\\/sites\\\/2\\\/2026\\\/04\\\/ChatGPT-Image-23-mar-2026-10_09_00.png\",\"contentUrl\":\"https:\\\/\\\/radioclanfm.com\\\/clanespectaculos\\\/wp-content\\\/uploads\\\/sites\\\/2\\\/2026\\\/04\\\/ChatGPT-Image-23-mar-2026-10_09_00.png\",\"width\":1024,\"height\":1024,\"caption\":\"CLAN ESPECTACULOS\"},\"image\":{\"@id\":\"https:\\\/\\\/radioclanfm.com\\\/clanespectaculos\\\/#\\\/schema\\\/logo\\\/image\\\/\"},\"sameAs\":[\"https:\\\/\\\/www.facebook.com\\\/clanespectaculos\\\/\",\"https:\\\/\\\/x.com\\\/clanespectok\"]},{\"@type\":\"Person\",\"@id\":\"https:\\\/\\\/radioclanfm.com\\\/clanespectaculos\\\/#\\\/schema\\\/person\\\/9734813083303230f3ad84d99171b20c\",\"name\":\"E-GRUPOCLAN\",\"image\":{\"@type\":\"ImageObject\",\"inLanguage\":\"es-AR\",\"@id\":\"https:\\\/\\\/secure.gravatar.com\\\/avatar\\\/af6e19837c3d6a212034a48c7b3818d2ac1826f6025df0155da5a186ad321d79?s=96&d=mm&r=g\",\"url\":\"https:\\\/\\\/secure.gravatar.com\\\/avatar\\\/af6e19837c3d6a212034a48c7b3818d2ac1826f6025df0155da5a186ad321d79?s=96&d=mm&r=g\",\"contentUrl\":\"https:\\\/\\\/secure.gravatar.com\\\/avatar\\\/af6e19837c3d6a212034a48c7b3818d2ac1826f6025df0155da5a186ad321d79?s=96&d=mm&r=g\",\"caption\":\"E-GRUPOCLAN\"},\"sameAs\":[\"https:\\\/\\\/radioclanfm.com\"],\"url\":\"https:\\\/\\\/radioclanfm.com\\\/clanespectaculos\\\/author\\\/admin\\\/\"}]}<\/script>\n<!-- \/ Yoast SEO plugin. -->","yoast_head_json":{"title":"Catherine Fulop y Ova Sabatini llegaron a Roma para acompa\u00f1ar a Oriana Sabatini en la recta final de su embarazo: \u201cYa con nuestra bebita\u201d - CLAN ESPECTACULOS","robots":{"index":"index","follow":"follow","max-snippet":"max-snippet:-1","max-image-preview":"max-image-preview:large","max-video-preview":"max-video-preview:-1"},"canonical":"https:\/\/radioclanfm.com\/clanespectaculos\/catherine-fulop-y-ova-sabatini-llegaron-a-roma-para-acompanar-a-oriana-sabatini-en-la-recta-final-de-su-embarazo-ya-con-nuestra-bebita\/","og_locale":"es_ES","og_type":"article","og_title":"Catherine Fulop y Ova Sabatini llegaron a Roma para acompa\u00f1ar a Oriana Sabatini en la recta final de su embarazo: \u201cYa con nuestra bebita\u201d - CLAN ESPECTACULOS","og_description":"La actriz venezolana viaj\u00f3 a Italia acompa\u00f1ada por su marido y su hija menor para compartir la recta final del embarazo de la cantante La cuenta regresiva ya empez\u00f3 y la emoci\u00f3n se siente en cada publicaci\u00f3n.\u00a0Oriana Sabatini\u00a0transita las \u00faltimas semanas de su embarazo en Roma y, en un momento tan especial, no est\u00e1 sola:\u00a0Catherine [&hellip;]","og_url":"https:\/\/radioclanfm.com\/clanespectaculos\/catherine-fulop-y-ova-sabatini-llegaron-a-roma-para-acompanar-a-oriana-sabatini-en-la-recta-final-de-su-embarazo-ya-con-nuestra-bebita\/","og_site_name":"CLAN ESPECTACULOS","article_publisher":"https:\/\/www.facebook.com\/clanespectaculos\/","article_published_time":"2026-02-19T03:17:52+00:00","og_image":[{"width":900,"height":450,"url":"https:\/\/radioclanfm.com\/clanespectaculos\/wp-content\/uploads\/sites\/2\/2026\/02\/oFNDquJS.jpg","type":"image\/jpeg"}],"author":"E-GRUPOCLAN","twitter_card":"summary_large_image","twitter_creator":"@clanespectok","twitter_site":"@clanespectok","twitter_misc":{"Escrito por":"E-GRUPOCLAN","Tiempo de lectura":"4 minutos"},"schema":{"@context":"https:\/\/schema.org","@graph":[{"@type":"Article","@id":"https:\/\/radioclanfm.com\/clanespectaculos\/catherine-fulop-y-ova-sabatini-llegaron-a-roma-para-acompanar-a-oriana-sabatini-en-la-recta-final-de-su-embarazo-ya-con-nuestra-bebita\/#article","isPartOf":{"@id":"https:\/\/radioclanfm.com\/clanespectaculos\/catherine-fulop-y-ova-sabatini-llegaron-a-roma-para-acompanar-a-oriana-sabatini-en-la-recta-final-de-su-embarazo-ya-con-nuestra-bebita\/"},"author":{"name":"E-GRUPOCLAN","@id":"https:\/\/radioclanfm.com\/clanespectaculos\/#\/schema\/person\/9734813083303230f3ad84d99171b20c"},"headline":"Catherine Fulop y Ova Sabatini llegaron a Roma para acompa\u00f1ar a Oriana Sabatini en la recta final de su embarazo: \u201cYa con nuestra bebita\u201d","datePublished":"2026-02-19T03:17:52+00:00","mainEntityOfPage":{"@id":"https:\/\/radioclanfm.com\/clanespectaculos\/catherine-fulop-y-ova-sabatini-llegaron-a-roma-para-acompanar-a-oriana-sabatini-en-la-recta-final-de-su-embarazo-ya-con-nuestra-bebita\/"},"wordCount":776,"commentCount":0,"publisher":{"@id":"https:\/\/radioclanfm.com\/clanespectaculos\/#organization"},"image":{"@id":"https:\/\/radioclanfm.com\/clanespectaculos\/catherine-fulop-y-ova-sabatini-llegaron-a-roma-para-acompanar-a-oriana-sabatini-en-la-recta-final-de-su-embarazo-ya-con-nuestra-bebita\/#primaryimage"},"thumbnailUrl":"https:\/\/radioclanfm.com\/clanespectaculos\/wp-content\/uploads\/sites\/2\/2026\/02\/oFNDquJS.jpg","articleSection":["Espectaculos"],"inLanguage":"es-AR","potentialAction":[{"@type":"CommentAction","name":"Comment","target":["https:\/\/radioclanfm.com\/clanespectaculos\/catherine-fulop-y-ova-sabatini-llegaron-a-roma-para-acompanar-a-oriana-sabatini-en-la-recta-final-de-su-embarazo-ya-con-nuestra-bebita\/#respond"]}]},{"@type":"WebPage","@id":"https:\/\/radioclanfm.com\/clanespectaculos\/catherine-fulop-y-ova-sabatini-llegaron-a-roma-para-acompanar-a-oriana-sabatini-en-la-recta-final-de-su-embarazo-ya-con-nuestra-bebita\/","url":"https:\/\/radioclanfm.com\/clanespectaculos\/catherine-fulop-y-ova-sabatini-llegaron-a-roma-para-acompanar-a-oriana-sabatini-en-la-recta-final-de-su-embarazo-ya-con-nuestra-bebita\/","name":"Catherine Fulop y Ova Sabatini llegaron a Roma para acompa\u00f1ar a Oriana Sabatini en la recta final de su embarazo: \u201cYa con nuestra bebita\u201d - CLAN ESPECTACULOS","isPartOf":{"@id":"https:\/\/radioclanfm.com\/clanespectaculos\/#website"},"primaryImageOfPage":{"@id":"https:\/\/radioclanfm.com\/clanespectaculos\/catherine-fulop-y-ova-sabatini-llegaron-a-roma-para-acompanar-a-oriana-sabatini-en-la-recta-final-de-su-embarazo-ya-con-nuestra-bebita\/#primaryimage"},"image":{"@id":"https:\/\/radioclanfm.com\/clanespectaculos\/catherine-fulop-y-ova-sabatini-llegaron-a-roma-para-acompanar-a-oriana-sabatini-en-la-recta-final-de-su-embarazo-ya-con-nuestra-bebita\/#primaryimage"},"thumbnailUrl":"https:\/\/radioclanfm.com\/clanespectaculos\/wp-content\/uploads\/sites\/2\/2026\/02\/oFNDquJS.jpg","datePublished":"2026-02-19T03:17:52+00:00","breadcrumb":{"@id":"https:\/\/radioclanfm.com\/clanespectaculos\/catherine-fulop-y-ova-sabatini-llegaron-a-roma-para-acompanar-a-oriana-sabatini-en-la-recta-final-de-su-embarazo-ya-con-nuestra-bebita\/#breadcrumb"},"inLanguage":"es-AR","potentialAction":[{"@type":"ReadAction","target":["https:\/\/radioclanfm.com\/clanespectaculos\/catherine-fulop-y-ova-sabatini-llegaron-a-roma-para-acompanar-a-oriana-sabatini-en-la-recta-final-de-su-embarazo-ya-con-nuestra-bebita\/"]}]},{"@type":"ImageObject","inLanguage":"es-AR","@id":"https:\/\/radioclanfm.com\/clanespectaculos\/catherine-fulop-y-ova-sabatini-llegaron-a-roma-para-acompanar-a-oriana-sabatini-en-la-recta-final-de-su-embarazo-ya-con-nuestra-bebita\/#primaryimage","url":"https:\/\/radioclanfm.com\/clanespectaculos\/wp-content\/uploads\/sites\/2\/2026\/02\/oFNDquJS.jpg","contentUrl":"https:\/\/radioclanfm.com\/clanespectaculos\/wp-content\/uploads\/sites\/2\/2026\/02\/oFNDquJS.jpg","width":900,"height":450},{"@type":"BreadcrumbList","@id":"https:\/\/radioclanfm.com\/clanespectaculos\/catherine-fulop-y-ova-sabatini-llegaron-a-roma-para-acompanar-a-oriana-sabatini-en-la-recta-final-de-su-embarazo-ya-con-nuestra-bebita\/#breadcrumb","itemListElement":[{"@type":"ListItem","position":1,"name":"Inicio","item":"https:\/\/radioclanfm.com\/clanespectaculos\/"},{"@type":"ListItem","position":2,"name":"Catherine Fulop y Ova Sabatini llegaron a Roma para acompa\u00f1ar a Oriana Sabatini en la recta final de su embarazo: \u201cYa con nuestra bebita\u201d"}]},{"@type":"WebSite","@id":"https:\/\/radioclanfm.com\/clanespectaculos\/#website","url":"https:\/\/radioclanfm.com\/clanespectaculos\/","name":"CLAN ESPECTACULOS","description":"","publisher":{"@id":"https:\/\/radioclanfm.com\/clanespectaculos\/#organization"},"potentialAction":[{"@type":"SearchAction","target":{"@type":"EntryPoint","urlTemplate":"https:\/\/radioclanfm.com\/clanespectaculos\/?s={search_term_string}"},"query-input":{"@type":"PropertyValueSpecification","valueRequired":true,"valueName":"search_term_string"}}],"inLanguage":"es-AR"},{"@type":"Organization","@id":"https:\/\/radioclanfm.com\/clanespectaculos\/#organization","name":"CLAN ESPECTACULOS","url":"https:\/\/radioclanfm.com\/clanespectaculos\/","logo":{"@type":"ImageObject","inLanguage":"es-AR","@id":"https:\/\/radioclanfm.com\/clanespectaculos\/#\/schema\/logo\/image\/","url":"https:\/\/radioclanfm.com\/clanespectaculos\/wp-content\/uploads\/sites\/2\/2026\/04\/ChatGPT-Image-23-mar-2026-10_09_00.png","contentUrl":"https:\/\/radioclanfm.com\/clanespectaculos\/wp-content\/uploads\/sites\/2\/2026\/04\/ChatGPT-Image-23-mar-2026-10_09_00.png","width":1024,"height":1024,"caption":"CLAN ESPECTACULOS"},"image":{"@id":"https:\/\/radioclanfm.com\/clanespectaculos\/#\/schema\/logo\/image\/"},"sameAs":["https:\/\/www.facebook.com\/clanespectaculos\/","https:\/\/x.com\/clanespectok"]},{"@type":"Person","@id":"https:\/\/radioclanfm.com\/clanespectaculos\/#\/schema\/person\/9734813083303230f3ad84d99171b20c","name":"E-GRUPOCLAN","image":{"@type":"ImageObject","inLanguage":"es-AR","@id":"https:\/\/secure.gravatar.com\/avatar\/af6e19837c3d6a212034a48c7b3818d2ac1826f6025df0155da5a186ad321d79?s=96&d=mm&r=g","url":"https:\/\/secure.gravatar.com\/avatar\/af6e19837c3d6a212034a48c7b3818d2ac1826f6025df0155da5a186ad321d79?s=96&d=mm&r=g","contentUrl":"https:\/\/secure.gravatar.com\/avatar\/af6e19837c3d6a212034a48c7b3818d2ac1826f6025df0155da5a186ad321d79?s=96&d=mm&r=g","caption":"E-GRUPOCLAN"},"sameAs":["https:\/\/radioclanfm.com"],"url":"https:\/\/radioclanfm.com\/clanespectaculos\/author\/admin\/"}]}},"_links":{"self":[{"href":"https:\/\/radioclanfm.com\/clanespectaculos\/wp-json\/wp\/v2\/posts\/12443","targetHints":{"allow":["GET"]}}],"collection":[{"href":"https:\/\/radioclanfm.com\/clanespectaculos\/wp-json\/wp\/v2\/posts"}],"about":[{"href":"https:\/\/radioclanfm.com\/clanespectaculos\/wp-json\/wp\/v2\/types\/post"}],"author":[{"embeddable":true,"href":"https:\/\/radioclanfm.com\/clanespectaculos\/wp-json\/wp\/v2\/users\/1"}],"replies":[{"embeddable":true,"href":"https:\/\/radioclanfm.com\/clanespectaculos\/wp-json\/wp\/v2\/comments?post=12443"}],"version-history":[{"count":1,"href":"https:\/\/radioclanfm.com\/clanespectaculos\/wp-json\/wp\/v2\/posts\/12443\/revisions"}],"predecessor-version":[{"id":12447,"href":"https:\/\/radioclanfm.com\/clanespectaculos\/wp-json\/wp\/v2\/posts\/12443\/revisions\/12447"}],"wp:featuredmedia":[{"embeddable":true,"href":"https:\/\/radioclanfm.com\/clanespectaculos\/wp-json\/wp\/v2\/media\/12446"}],"wp:attachment":[{"href":"https:\/\/radioclanfm.com\/clanespectaculos\/wp-json\/wp\/v2\/media?parent=12443"}],"wp:term":[{"taxonomy":"category","embeddable":true,"href":"https:\/\/radioclanfm.com\/clanespectaculos\/wp-json\/wp\/v2\/categories?post=12443"},{"taxonomy":"post_tag","embeddable":true,"href":"https:\/\/radioclanfm.com\/clanespectaculos\/wp-json\/wp\/v2\/tags?post=12443"}],"curies":[{"name":"wp","href":"https:\/\/api.w.org\/{rel}","templated":true}]}}