{"id":12438,"date":"2026-02-19T00:15:49","date_gmt":"2026-02-19T03:15:49","guid":{"rendered":"https:\/\/radioclanfm.com\/clanespectaculos\/?p=12438"},"modified":"2026-02-19T00:15:49","modified_gmt":"2026-02-19T03:15:49","slug":"sebastian-ortega-frank-sinatra-nos-consiguio-un-departamento-y-colegio-cuando-nos-mudamos-a-estados-unidos","status":"publish","type":"post","link":"https:\/\/radioclanfm.com\/clanespectaculos\/sebastian-ortega-frank-sinatra-nos-consiguio-un-departamento-y-colegio-cuando-nos-mudamos-a-estados-unidos\/","title":{"rendered":"Sebasti\u00e1n Ortega: \u201cFrank Sinatra nos consigui\u00f3 un departamento y colegio cuando nos mudamos a Estados Unidos\u201d"},"content":{"rendered":"<p>El creador de El marginal y En el barro repas\u00f3 en Perros de la calle el inesperado gesto del m\u00edtico cantante con Palito Ortega. La tremenda an\u00e9cdota de c\u00f3mo advirti\u00f3 el \u00e9xito de El Marginal<\/p>\n<p class=\"paragraph\" data-mrf-recirculation=\"Links inline\">En 1981, la vida de\u00a0<b>Palito Ortega<\/b>\u00a0y su familia dio un giro inesperado. La econom\u00eda argentina atravesaba una fuerte crisis y el valor del d\u00f3lar se dispar\u00f3. La llegada de\u00a0<b>Frank Sinatra<\/b>\u00a0al pa\u00eds gestionada por el cantante y su productora Chango Producciones, signific\u00f3\u00a0un hito para el espect\u00e1culo local, pero tambi\u00e9n una dura lecci\u00f3n financiera. La devaluaci\u00f3n y la inestabilidad econ\u00f3mica transformaron el \u00e9xito art\u00edstico de los conciertos en una p\u00e9rdida millonaria para Ortega, quien debi\u00f3 exiliarse en Miami.\u00a0<b>Sebasti\u00e1n Ortega<\/b>, creador de\u00a0<b>En el barro<\/b>\u00a0y<b>\u00a0El marginal<\/b>\u00a0e hijo de Palito record\u00f3 los nobles gestos que tuvo \u201cLa Voz\u201d.<\/p>\n<div class=\"news-module\" data-mrf-recirculation=\"IL_GBLs3HYWRq2RgU4Qz8MM1Q\" data-testid=\"text-html\" data-mrf-experience=\"IL_GBLs3HYWRq2RgU4Qz8MM1Q\">\n<div class=\"recommended-card__image-container\"><\/div>\n<\/div>\n<p class=\"paragraph\" data-mrf-recirculation=\"Links inline\"><b>\u201cLa econom\u00eda y el d\u00f3lar se dispararon. A causa de eso, mi viejo se funde. Del 81 al 85 no par\u00f3, no le vimos la cara. Termin\u00f3 de pagar todas las deudas, junt\u00f3 plata\u201d<\/b>, record\u00f3 el productor en\u00a0<i>Perros de la calle<\/i>\u00a0(Urbana Play) sobre ese momento clave para su familia.<\/p>\n<div class=\"visual__image\"><picture><source srcset=\"https:\/\/www.infobae.com\/resizer\/v2\/ZM6JRHMBAZAOFD53HCRZVAXTNU.jpg?auth=c58662ce026409269718324545d6a0e52382b4eeb69b35a16ed551a192bc4047&amp;smart=true&amp;width=992&amp;height=897&amp;quality=85\" media=\"(min-width: 1000px)\" \/><source srcset=\"https:\/\/www.infobae.com\/resizer\/v2\/ZM6JRHMBAZAOFD53HCRZVAXTNU.jpg?auth=c58662ce026409269718324545d6a0e52382b4eeb69b35a16ed551a192bc4047&amp;smart=true&amp;width=768&amp;height=695&amp;quality=85\" media=\"(min-width: 768px)\" \/><source srcset=\"https:\/\/www.infobae.com\/resizer\/v2\/ZM6JRHMBAZAOFD53HCRZVAXTNU.jpg?auth=c58662ce026409269718324545d6a0e52382b4eeb69b35a16ed551a192bc4047&amp;smart=true&amp;width=577&amp;height=522&amp;quality=85\" media=\"(min-width: 580px)\" \/><source srcset=\"https:\/\/www.infobae.com\/resizer\/v2\/ZM6JRHMBAZAOFD53HCRZVAXTNU.jpg?auth=c58662ce026409269718324545d6a0e52382b4eeb69b35a16ed551a192bc4047&amp;smart=true&amp;width=420&amp;height=380&amp;quality=85\" media=\"(min-width: 350px)\" \/><source srcset=\"https:\/\/www.infobae.com\/resizer\/v2\/ZM6JRHMBAZAOFD53HCRZVAXTNU.jpg?auth=c58662ce026409269718324545d6a0e52382b4eeb69b35a16ed551a192bc4047&amp;smart=true&amp;width=350&amp;height=317&amp;quality=85\" media=\"(min-width: 80px)\" \/><img loading=\"lazy\" decoding=\"async\" class=\"global-image\" src=\"https:\/\/www.infobae.com\/resizer\/v2\/ZM6JRHMBAZAOFD53HCRZVAXTNU.jpg?auth=c58662ce026409269718324545d6a0e52382b4eeb69b35a16ed551a192bc4047&amp;smart=true&amp;width=350&amp;height=317&amp;quality=85\" alt=\"Ram\u00f3n Ortega, Evangelina Salazar y\" width=\"1920\" height=\"1737\" \/><\/picture>Ram\u00f3n Ortega, Evangelina Salazar y sus hijos, Mart\u00edn, Julieta, Sebasti\u00e1n, Emanuel y Luis en el show que Frank Sinatra dio en Buenos Aires, en 1981, producido por Palito.<\/div>\n<div class=\"inline ad-wrapper\">\n<div class=\"dfpAd ad-inline\">\n<div id=\"infobae\/teleshow\/nota\/inline\" class=\"infobae\/teleshow\/nota\/inline arcad\" data-google-query-id=\"CIO4oafL5JIDFaEMHgAdCcsxTQ\">\n<div id=\"google_ads_iframe_\/1058609\/infobae\/teleshow\/nota\/inline_0__container__\"><\/div>\n<\/div>\n<\/div>\n<\/div>\n<p class=\"paragraph\" data-mrf-recirculation=\"Links inline\">Fue entonces cuando apareci\u00f3 el nombre de\u00a0<b>Frank Sinatra<\/b>. El legendario cantante, que hab\u00eda visitado Argentina en ese a\u00f1o, supo de la situaci\u00f3n de Palito y antes de regresar a Estados Unidos, le extendi\u00f3 una promesa:\u00a0<b>\u201cSi alg\u00fan d\u00eda necesit\u00e1s algo en mi pa\u00eds, no dudes en contactarme\u201d<\/b>.<\/p>\n<div class=\"news-module\" data-mrf-recirculation=\"IL_m3kiGo-8SVS6m0U7OqrZLw\" data-testid=\"text-html\" data-mrf-experience=\"IL_m3kiGo-8SVS6m0U7OqrZLw\">\n<div class=\"recommended-card__image-container\"><\/div>\n<\/div>\n<p class=\"paragraph\" data-mrf-recirculation=\"Links inline\">Ese v\u00ednculo se mantuvo a lo largo de los a\u00f1os. Cuando\u00a0<b>Palito Ortega<\/b>\u00a0logr\u00f3 estabilizar su situaci\u00f3n y decidi\u00f3 mudarse con su familia a Estados Unidos, recurri\u00f3 a Sinatra para pedirle ayuda. \u201c\u00c9l le hizo el contacto en todas las cadenas latinas. Nos consigui\u00f3 el colegio a nosotros. Cuando llegamos ya ten\u00edamos todo\u201d, resumi\u00f3 Sebasti\u00e1n.<\/p>\n<div class=\"visual__image\"><picture><source srcset=\"https:\/\/www.infobae.com\/resizer\/v2\/6VRFBF57TRC3BJ54HW37TRRG5U.PNG?auth=81ffee3354e43f09eeee66ac2a89fdf007cca16f714a071ea5766dbd17bac474&amp;smart=true&amp;width=992&amp;height=746&amp;quality=85\" media=\"(min-width: 1000px)\" \/><source srcset=\"https:\/\/www.infobae.com\/resizer\/v2\/6VRFBF57TRC3BJ54HW37TRRG5U.PNG?auth=81ffee3354e43f09eeee66ac2a89fdf007cca16f714a071ea5766dbd17bac474&amp;smart=true&amp;width=768&amp;height=577&amp;quality=85\" media=\"(min-width: 768px)\" \/><source srcset=\"https:\/\/www.infobae.com\/resizer\/v2\/6VRFBF57TRC3BJ54HW37TRRG5U.PNG?auth=81ffee3354e43f09eeee66ac2a89fdf007cca16f714a071ea5766dbd17bac474&amp;smart=true&amp;width=577&amp;height=434&amp;quality=85\" media=\"(min-width: 580px)\" \/><source srcset=\"https:\/\/www.infobae.com\/resizer\/v2\/6VRFBF57TRC3BJ54HW37TRRG5U.PNG?auth=81ffee3354e43f09eeee66ac2a89fdf007cca16f714a071ea5766dbd17bac474&amp;smart=true&amp;width=420&amp;height=316&amp;quality=85\" media=\"(min-width: 350px)\" \/><source srcset=\"https:\/\/www.infobae.com\/resizer\/v2\/6VRFBF57TRC3BJ54HW37TRRG5U.PNG?auth=81ffee3354e43f09eeee66ac2a89fdf007cca16f714a071ea5766dbd17bac474&amp;smart=true&amp;width=350&amp;height=263&amp;quality=85\" media=\"(min-width: 80px)\" \/><img loading=\"lazy\" decoding=\"async\" class=\"global-image\" src=\"https:\/\/www.infobae.com\/resizer\/v2\/6VRFBF57TRC3BJ54HW37TRRG5U.PNG?auth=81ffee3354e43f09eeee66ac2a89fdf007cca16f714a071ea5766dbd17bac474&amp;smart=true&amp;width=350&amp;height=263&amp;quality=85\" alt=\"Frank Sinatra en uno de\" width=\"986\" height=\"741\" \/><\/picture>Frank Sinatra en uno de sus dos recitales en el Luna Park (Foto: Prensa Penguin Random House)<\/div>\n<div class=\"inline_2_DSK ad-wrapper ad-desktop\">\n<div class=\"dfpAd ad-inline\"><\/div>\n<\/div>\n<p class=\"paragraph\" data-mrf-recirculation=\"Links inline\">El apoyo fue inmediato: Sinatra activ\u00f3 su red de contactos \u2014incluso vinculados a la\u00a0<b>Casa Blanca<\/b>\u2014 y solucion\u00f3 todos los detalles log\u00edsticos para la familia. \u201c<b>Me acuerdo que llegamos al aeropuerto y nos estaba esperando una limusina blanca con un ramo de flores para mi mam\u00e1. Llegamos y ya nos hab\u00edan conseguido un departamento.<\/b>\u00a0Todo. Eso fue gracias a \u00e9l y al equipo de abogados que ten\u00eda\u201d, detall\u00f3 el tambi\u00e9n director.<\/p>\n<div class=\"news-module\" data-mrf-recirculation=\"IL_wLyG9sjfRQKb8QO3fSLumw\" data-testid=\"text-html\" data-mrf-experience=\"IL_wLyG9sjfRQKb8QO3fSLumw\">\n<div class=\"recommended-card__image-container\"><\/div>\n<\/div>\n<h3 class=\"header headline-class-h3 headline\">Sebasti\u00e1n Ortega sobre c\u00f3mo dimension\u00f3 el \u00e9xito de El marginal: \u201cEmpezaron a revolear cosas contra la pantalla\u201d<\/h3>\n<p class=\"paragraph\" data-mrf-recirculation=\"Links inline\">El fen\u00f3meno de\u00a0<b>El marginal<\/b>\u00a0marc\u00f3 un antes y un despu\u00e9s en la carrera de\u00a0<b>Sebasti\u00e1n Ortega<\/b>. El productor relat\u00f3 c\u00f3mo tom\u00f3 real dimensi\u00f3n del impacto de la ficci\u00f3n en el p\u00fablico, especialmente durante el final de la primera temporada.\u00a0<b>\u201cHab\u00eda como 15.000 personas, yo no pod\u00eda creer. Ah\u00ed es donde tom\u00e9 conciencia del fanatismo\u201d<\/b>, subray\u00f3.<\/p>\n<div class=\"jwplayer-ctn\">\n<div>\n<div id=\"M2PZMQ7GFJB6PPYSFGKPJAHO7Y-custom_embed10\" class=\"jwplayer jw-reset jw-state-idle jw-stretch-uniform jw-flag-aspect-mode jw-floating-dismissible jw-keep-thumbnail jw-flag-user-inactive jw-flag-cast-available jw-breakpoint-5\" tabindex=\"0\" role=\"application\" aria-label=\"Video Player - Sebasti\u00e1n Ortega record\u00f3 c\u00f3mo dimension\u00f3 el \u00e9xito de El marginal: &quot;Empezaron a revolear cosas contra la pantalla&quot;\" aria-describedby=\"jw-M2PZMQ7GFJB6PPYSFGKPJAHO7Y-custom_embed10-shortcuts-tooltip-explanation\" data-compass-listening=\"true\">\n<div class=\"jw-wrapper jw-reset\">\n<div class=\"jw-controls jw-reset\">\n<div class=\"jw-controlbar jw-reset\">\n<div class=\"jw-reset jw-button-container\">\n<div class=\"jw-icon jw-icon-inline jw-button-color jw-reset jw-icon-cast\" tabindex=\"0\" role=\"button\" aria-label=\"Chromecast\"><\/div>\n<\/div>\n<\/div>\n<\/div>\n<\/div>\n<\/div>\n<\/div>\n<p>El productor habl\u00f3 del impacto de la serie en el p\u00fablico y los secretos detr\u00e1s de la precuela, tras el estreno de su nueva ficci\u00f3n en Netflix (Video: Perros de la calle\/ Urbana Play)<\/p><\/div>\n<p class=\"paragraph\" data-mrf-recirculation=\"Links inline\">La\u00a0<b>Televisi\u00f3n P\u00fablica<\/b>\u00a0organiz\u00f3 un evento especial en el que los seguidores pod\u00edan ver el \u00faltimo cap\u00edtulo antes de su emisi\u00f3n oficial. Cuando en pantalla comenzaron a morir personajes centrales como Diosito y otros miembros de la familia Borges, la reacci\u00f3n fue inmediata:\u00a0<b>\u201cCuando termina el cap\u00edtulo, que empiezan a morir los personajes, empezaron a revolear cosas contra la pantalla<\/b>\u00a0y dije: \u2018\u00a1Uf! Ah\u00ed me di cuenta del cari\u00f1o que les ten\u00edan\u2019\u201d, reconoci\u00f3.<\/p>\n<p class=\"paragraph\" data-mrf-recirculation=\"Links inline\">Ortega destac\u00f3 el v\u00ednculo del p\u00fablico con personajes complejos: \u201cTen\u00edan cari\u00f1o por los Borges, Morcilla. Por eso dije: \u2018Bueno, que se haga justicia a Minuj\u00edn, que era el bueno de la serie\u2019\u201d. El \u00e9xito rotundo de la primera temporada impuls\u00f3 la decisi\u00f3n de continuar, aunque el desaf\u00edo era enorme: \u201cMe dijeron: \u2018Mir\u00e1, hay que hacer una segunda temporada porque la primera anduvo muy bien, pero\u00a0<b>no nos quedaban personajes vivos<\/b>\u201d.<\/p>\n<div class=\"visual__image\"><picture><source srcset=\"https:\/\/www.infobae.com\/resizer\/v2\/D66EY77CFNBGBODFDTRPF6DMAE.jpg?auth=54709b1c441f477cf00efb95a0e60eae49283f5f714adb14d44176952cf236af&amp;smart=true&amp;width=992&amp;height=557&amp;quality=85\" media=\"(min-width: 1000px)\" \/><source srcset=\"https:\/\/www.infobae.com\/resizer\/v2\/D66EY77CFNBGBODFDTRPF6DMAE.jpg?auth=54709b1c441f477cf00efb95a0e60eae49283f5f714adb14d44176952cf236af&amp;smart=true&amp;width=768&amp;height=432&amp;quality=85\" media=\"(min-width: 768px)\" \/><source srcset=\"https:\/\/www.infobae.com\/resizer\/v2\/D66EY77CFNBGBODFDTRPF6DMAE.jpg?auth=54709b1c441f477cf00efb95a0e60eae49283f5f714adb14d44176952cf236af&amp;smart=true&amp;width=577&amp;height=324&amp;quality=85\" media=\"(min-width: 580px)\" \/><source srcset=\"https:\/\/www.infobae.com\/resizer\/v2\/D66EY77CFNBGBODFDTRPF6DMAE.jpg?auth=54709b1c441f477cf00efb95a0e60eae49283f5f714adb14d44176952cf236af&amp;smart=true&amp;width=420&amp;height=236&amp;quality=85\" media=\"(min-width: 350px)\" \/><source srcset=\"https:\/\/www.infobae.com\/resizer\/v2\/D66EY77CFNBGBODFDTRPF6DMAE.jpg?auth=54709b1c441f477cf00efb95a0e60eae49283f5f714adb14d44176952cf236af&amp;smart=true&amp;width=350&amp;height=197&amp;quality=85\" media=\"(min-width: 80px)\" \/><img loading=\"lazy\" decoding=\"async\" class=\"global-image\" src=\"https:\/\/www.infobae.com\/resizer\/v2\/D66EY77CFNBGBODFDTRPF6DMAE.jpg?auth=54709b1c441f477cf00efb95a0e60eae49283f5f714adb14d44176952cf236af&amp;smart=true&amp;width=350&amp;height=197&amp;quality=85\" alt=\"Nicol\u00e1s Furtado como Diosito y\" width=\"1920\" height=\"1079\" \/><\/picture>Nicol\u00e1s Furtado como Diosito y Juan Minuj\u00edn como Pastor en la cuarta temporada de El Marginal (Netflix)<\/div>\n<p class=\"paragraph\" data-mrf-recirculation=\"Links inline\">Tras el desenlace de la primera temporada de\u00a0<b>El marginal<\/b>, la continuidad de la serie parec\u00eda un desaf\u00edo imposible.\u00a0<b>\u201cEn el final mor\u00eda Diosito, mor\u00edan todos. En ese momento todav\u00eda no hab\u00eda aparecido Netflix\u201d<\/b>, explic\u00f3 Ortega, aludiendo a la dificultad de seguir con la historia y el cambio que surgi\u00f3 cuando la plataforma de\u00a0<i>streaming<\/i>\u00a0le ofreci\u00f3 continuar la serie carcelaria.<\/p>\n<p class=\"paragraph\" data-mrf-recirculation=\"Links inline\">La soluci\u00f3n lleg\u00f3 a trav\u00e9s de un recurso cl\u00e1sico en la narrativa televisiva: la precuela. \u201cEntonces, se me ocurri\u00f3 ir para atr\u00e1s y hacer una precuela y contar la historia de los gordos\u201d, cont\u00f3. As\u00ed naci\u00f3 la expansi\u00f3n del universo de la serie y una nueva etapa para los protagonistas. El resultado fue inmediato y positivo. \u201c<b>El viejo truco de la precuela, pero que dio muy buen resultado\u201d<\/b>, reconoci\u00f3, quien consolid\u00f3 el v\u00ednculo de la serie con sus fan\u00e1ticos y abri\u00f3 la puerta a nuevas temporadas.<\/p>\n<div class=\"second-saved-buttons\">\n<div class=\"body-share-note\"><\/div>\n<\/div>\n","protected":false},"excerpt":{"rendered":"<p>El creador de El marginal y En el barro repas\u00f3 en Perros de la calle el inesperado gesto del m\u00edtico cantante con Palito Ortega. La tremenda an\u00e9cdota de c\u00f3mo advirti\u00f3 el \u00e9xito de El Marginal En 1981, la vida de\u00a0Palito Ortega\u00a0y su familia dio un giro inesperado. La econom\u00eda argentina atravesaba una fuerte crisis y [&hellip;]<\/p>\n","protected":false},"author":1,"featured_media":12441,"comment_status":"open","ping_status":"open","sticky":false,"template":"","format":"standard","meta":{"rop_custom_images_group":[],"rop_custom_messages_group":[],"rop_publish_now":"initial","rop_publish_now_accounts":[],"rop_publish_now_history":[],"rop_publish_now_status":"pending","footnotes":"","jetpack_publicize_message":"","jetpack_publicize_feature_enabled":true,"jetpack_social_post_already_shared":true,"jetpack_social_options":{"image_generator_settings":{"template":"highway","enabled":false},"version":2}},"categories":[12],"tags":[],"class_list":{"0":"post-12438","1":"post","2":"type-post","3":"status-publish","4":"format-standard","5":"has-post-thumbnail","7":"category-espectaculos"},"jetpack_publicize_connections":[],"yoast_head":"<!-- This site is optimized with the Yoast SEO plugin v27.3 - https:\/\/yoast.com\/product\/yoast-seo-wordpress\/ -->\n<title>Sebasti\u00e1n Ortega: \u201cFrank Sinatra nos consigui\u00f3 un departamento y colegio cuando nos mudamos a Estados Unidos\u201d - CLAN ESPECTACULOS<\/title>\n<meta name=\"robots\" content=\"index, follow, max-snippet:-1, max-image-preview:large, max-video-preview:-1\" \/>\n<link rel=\"canonical\" href=\"https:\/\/radioclanfm.com\/clanespectaculos\/sebastian-ortega-frank-sinatra-nos-consiguio-un-departamento-y-colegio-cuando-nos-mudamos-a-estados-unidos\/\" \/>\n<meta property=\"og:locale\" content=\"es_ES\" \/>\n<meta property=\"og:type\" content=\"article\" \/>\n<meta property=\"og:title\" content=\"Sebasti\u00e1n Ortega: \u201cFrank Sinatra nos consigui\u00f3 un departamento y colegio cuando nos mudamos a Estados Unidos\u201d - CLAN ESPECTACULOS\" \/>\n<meta property=\"og:description\" content=\"El creador de El marginal y En el barro repas\u00f3 en Perros de la calle el inesperado gesto del m\u00edtico cantante con Palito Ortega. La tremenda an\u00e9cdota de c\u00f3mo advirti\u00f3 el \u00e9xito de El Marginal En 1981, la vida de\u00a0Palito Ortega\u00a0y su familia dio un giro inesperado. La econom\u00eda argentina atravesaba una fuerte crisis y [&hellip;]\" \/>\n<meta property=\"og:url\" content=\"https:\/\/radioclanfm.com\/clanespectaculos\/sebastian-ortega-frank-sinatra-nos-consiguio-un-departamento-y-colegio-cuando-nos-mudamos-a-estados-unidos\/\" \/>\n<meta property=\"og:site_name\" content=\"CLAN ESPECTACULOS\" \/>\n<meta property=\"article:publisher\" content=\"https:\/\/www.facebook.com\/clanespectaculos\/\" \/>\n<meta property=\"article:published_time\" content=\"2026-02-19T03:15:49+00:00\" \/>\n<meta property=\"og:image\" content=\"https:\/\/radioclanfm.com\/clanespectaculos\/wp-content\/uploads\/sites\/2\/2026\/02\/aeJCjdVD.jpg\" \/>\n\t<meta property=\"og:image:width\" content=\"900\" \/>\n\t<meta property=\"og:image:height\" content=\"450\" \/>\n\t<meta property=\"og:image:type\" content=\"image\/jpeg\" \/>\n<meta name=\"author\" content=\"E-GRUPOCLAN\" \/>\n<meta name=\"twitter:card\" content=\"summary_large_image\" \/>\n<meta name=\"twitter:creator\" content=\"@clanespectok\" \/>\n<meta name=\"twitter:site\" content=\"@clanespectok\" \/>\n<meta name=\"twitter:label1\" content=\"Escrito por\" \/>\n\t<meta name=\"twitter:data1\" content=\"E-GRUPOCLAN\" \/>\n\t<meta name=\"twitter:label2\" content=\"Tiempo de lectura\" \/>\n\t<meta name=\"twitter:data2\" content=\"4 minutos\" \/>\n<script type=\"application\/ld+json\" class=\"yoast-schema-graph\">{\"@context\":\"https:\\\/\\\/schema.org\",\"@graph\":[{\"@type\":\"Article\",\"@id\":\"https:\\\/\\\/radioclanfm.com\\\/clanespectaculos\\\/sebastian-ortega-frank-sinatra-nos-consiguio-un-departamento-y-colegio-cuando-nos-mudamos-a-estados-unidos\\\/#article\",\"isPartOf\":{\"@id\":\"https:\\\/\\\/radioclanfm.com\\\/clanespectaculos\\\/sebastian-ortega-frank-sinatra-nos-consiguio-un-departamento-y-colegio-cuando-nos-mudamos-a-estados-unidos\\\/\"},\"author\":{\"name\":\"E-GRUPOCLAN\",\"@id\":\"https:\\\/\\\/radioclanfm.com\\\/clanespectaculos\\\/#\\\/schema\\\/person\\\/9734813083303230f3ad84d99171b20c\"},\"headline\":\"Sebasti\u00e1n Ortega: \u201cFrank Sinatra nos consigui\u00f3 un departamento y colegio cuando nos mudamos a Estados Unidos\u201d\",\"datePublished\":\"2026-02-19T03:15:49+00:00\",\"mainEntityOfPage\":{\"@id\":\"https:\\\/\\\/radioclanfm.com\\\/clanespectaculos\\\/sebastian-ortega-frank-sinatra-nos-consiguio-un-departamento-y-colegio-cuando-nos-mudamos-a-estados-unidos\\\/\"},\"wordCount\":914,\"commentCount\":0,\"publisher\":{\"@id\":\"https:\\\/\\\/radioclanfm.com\\\/clanespectaculos\\\/#organization\"},\"image\":{\"@id\":\"https:\\\/\\\/radioclanfm.com\\\/clanespectaculos\\\/sebastian-ortega-frank-sinatra-nos-consiguio-un-departamento-y-colegio-cuando-nos-mudamos-a-estados-unidos\\\/#primaryimage\"},\"thumbnailUrl\":\"https:\\\/\\\/radioclanfm.com\\\/clanespectaculos\\\/wp-content\\\/uploads\\\/sites\\\/2\\\/2026\\\/02\\\/aeJCjdVD.jpg\",\"articleSection\":[\"Espectaculos\"],\"inLanguage\":\"es-AR\",\"potentialAction\":[{\"@type\":\"CommentAction\",\"name\":\"Comment\",\"target\":[\"https:\\\/\\\/radioclanfm.com\\\/clanespectaculos\\\/sebastian-ortega-frank-sinatra-nos-consiguio-un-departamento-y-colegio-cuando-nos-mudamos-a-estados-unidos\\\/#respond\"]}]},{\"@type\":\"WebPage\",\"@id\":\"https:\\\/\\\/radioclanfm.com\\\/clanespectaculos\\\/sebastian-ortega-frank-sinatra-nos-consiguio-un-departamento-y-colegio-cuando-nos-mudamos-a-estados-unidos\\\/\",\"url\":\"https:\\\/\\\/radioclanfm.com\\\/clanespectaculos\\\/sebastian-ortega-frank-sinatra-nos-consiguio-un-departamento-y-colegio-cuando-nos-mudamos-a-estados-unidos\\\/\",\"name\":\"Sebasti\u00e1n Ortega: \u201cFrank Sinatra nos consigui\u00f3 un departamento y colegio cuando nos mudamos a Estados Unidos\u201d - CLAN ESPECTACULOS\",\"isPartOf\":{\"@id\":\"https:\\\/\\\/radioclanfm.com\\\/clanespectaculos\\\/#website\"},\"primaryImageOfPage\":{\"@id\":\"https:\\\/\\\/radioclanfm.com\\\/clanespectaculos\\\/sebastian-ortega-frank-sinatra-nos-consiguio-un-departamento-y-colegio-cuando-nos-mudamos-a-estados-unidos\\\/#primaryimage\"},\"image\":{\"@id\":\"https:\\\/\\\/radioclanfm.com\\\/clanespectaculos\\\/sebastian-ortega-frank-sinatra-nos-consiguio-un-departamento-y-colegio-cuando-nos-mudamos-a-estados-unidos\\\/#primaryimage\"},\"thumbnailUrl\":\"https:\\\/\\\/radioclanfm.com\\\/clanespectaculos\\\/wp-content\\\/uploads\\\/sites\\\/2\\\/2026\\\/02\\\/aeJCjdVD.jpg\",\"datePublished\":\"2026-02-19T03:15:49+00:00\",\"breadcrumb\":{\"@id\":\"https:\\\/\\\/radioclanfm.com\\\/clanespectaculos\\\/sebastian-ortega-frank-sinatra-nos-consiguio-un-departamento-y-colegio-cuando-nos-mudamos-a-estados-unidos\\\/#breadcrumb\"},\"inLanguage\":\"es-AR\",\"potentialAction\":[{\"@type\":\"ReadAction\",\"target\":[\"https:\\\/\\\/radioclanfm.com\\\/clanespectaculos\\\/sebastian-ortega-frank-sinatra-nos-consiguio-un-departamento-y-colegio-cuando-nos-mudamos-a-estados-unidos\\\/\"]}]},{\"@type\":\"ImageObject\",\"inLanguage\":\"es-AR\",\"@id\":\"https:\\\/\\\/radioclanfm.com\\\/clanespectaculos\\\/sebastian-ortega-frank-sinatra-nos-consiguio-un-departamento-y-colegio-cuando-nos-mudamos-a-estados-unidos\\\/#primaryimage\",\"url\":\"https:\\\/\\\/radioclanfm.com\\\/clanespectaculos\\\/wp-content\\\/uploads\\\/sites\\\/2\\\/2026\\\/02\\\/aeJCjdVD.jpg\",\"contentUrl\":\"https:\\\/\\\/radioclanfm.com\\\/clanespectaculos\\\/wp-content\\\/uploads\\\/sites\\\/2\\\/2026\\\/02\\\/aeJCjdVD.jpg\",\"width\":900,\"height\":450},{\"@type\":\"BreadcrumbList\",\"@id\":\"https:\\\/\\\/radioclanfm.com\\\/clanespectaculos\\\/sebastian-ortega-frank-sinatra-nos-consiguio-un-departamento-y-colegio-cuando-nos-mudamos-a-estados-unidos\\\/#breadcrumb\",\"itemListElement\":[{\"@type\":\"ListItem\",\"position\":1,\"name\":\"Inicio\",\"item\":\"https:\\\/\\\/radioclanfm.com\\\/clanespectaculos\\\/\"},{\"@type\":\"ListItem\",\"position\":2,\"name\":\"Sebasti\u00e1n Ortega: \u201cFrank Sinatra nos consigui\u00f3 un departamento y colegio cuando nos mudamos a Estados Unidos\u201d\"}]},{\"@type\":\"WebSite\",\"@id\":\"https:\\\/\\\/radioclanfm.com\\\/clanespectaculos\\\/#website\",\"url\":\"https:\\\/\\\/radioclanfm.com\\\/clanespectaculos\\\/\",\"name\":\"CLAN ESPECTACULOS\",\"description\":\"\",\"publisher\":{\"@id\":\"https:\\\/\\\/radioclanfm.com\\\/clanespectaculos\\\/#organization\"},\"potentialAction\":[{\"@type\":\"SearchAction\",\"target\":{\"@type\":\"EntryPoint\",\"urlTemplate\":\"https:\\\/\\\/radioclanfm.com\\\/clanespectaculos\\\/?s={search_term_string}\"},\"query-input\":{\"@type\":\"PropertyValueSpecification\",\"valueRequired\":true,\"valueName\":\"search_term_string\"}}],\"inLanguage\":\"es-AR\"},{\"@type\":\"Organization\",\"@id\":\"https:\\\/\\\/radioclanfm.com\\\/clanespectaculos\\\/#organization\",\"name\":\"CLAN ESPECTACULOS\",\"url\":\"https:\\\/\\\/radioclanfm.com\\\/clanespectaculos\\\/\",\"logo\":{\"@type\":\"ImageObject\",\"inLanguage\":\"es-AR\",\"@id\":\"https:\\\/\\\/radioclanfm.com\\\/clanespectaculos\\\/#\\\/schema\\\/logo\\\/image\\\/\",\"url\":\"https:\\\/\\\/radioclanfm.com\\\/clanespectaculos\\\/wp-content\\\/uploads\\\/sites\\\/2\\\/2026\\\/04\\\/ChatGPT-Image-23-mar-2026-10_09_00.png\",\"contentUrl\":\"https:\\\/\\\/radioclanfm.com\\\/clanespectaculos\\\/wp-content\\\/uploads\\\/sites\\\/2\\\/2026\\\/04\\\/ChatGPT-Image-23-mar-2026-10_09_00.png\",\"width\":1024,\"height\":1024,\"caption\":\"CLAN ESPECTACULOS\"},\"image\":{\"@id\":\"https:\\\/\\\/radioclanfm.com\\\/clanespectaculos\\\/#\\\/schema\\\/logo\\\/image\\\/\"},\"sameAs\":[\"https:\\\/\\\/www.facebook.com\\\/clanespectaculos\\\/\",\"https:\\\/\\\/x.com\\\/clanespectok\"]},{\"@type\":\"Person\",\"@id\":\"https:\\\/\\\/radioclanfm.com\\\/clanespectaculos\\\/#\\\/schema\\\/person\\\/9734813083303230f3ad84d99171b20c\",\"name\":\"E-GRUPOCLAN\",\"image\":{\"@type\":\"ImageObject\",\"inLanguage\":\"es-AR\",\"@id\":\"https:\\\/\\\/secure.gravatar.com\\\/avatar\\\/af6e19837c3d6a212034a48c7b3818d2ac1826f6025df0155da5a186ad321d79?s=96&d=mm&r=g\",\"url\":\"https:\\\/\\\/secure.gravatar.com\\\/avatar\\\/af6e19837c3d6a212034a48c7b3818d2ac1826f6025df0155da5a186ad321d79?s=96&d=mm&r=g\",\"contentUrl\":\"https:\\\/\\\/secure.gravatar.com\\\/avatar\\\/af6e19837c3d6a212034a48c7b3818d2ac1826f6025df0155da5a186ad321d79?s=96&d=mm&r=g\",\"caption\":\"E-GRUPOCLAN\"},\"sameAs\":[\"https:\\\/\\\/radioclanfm.com\"],\"url\":\"https:\\\/\\\/radioclanfm.com\\\/clanespectaculos\\\/author\\\/admin\\\/\"}]}<\/script>\n<!-- \/ Yoast SEO plugin. -->","yoast_head_json":{"title":"Sebasti\u00e1n Ortega: \u201cFrank Sinatra nos consigui\u00f3 un departamento y colegio cuando nos mudamos a Estados Unidos\u201d - CLAN ESPECTACULOS","robots":{"index":"index","follow":"follow","max-snippet":"max-snippet:-1","max-image-preview":"max-image-preview:large","max-video-preview":"max-video-preview:-1"},"canonical":"https:\/\/radioclanfm.com\/clanespectaculos\/sebastian-ortega-frank-sinatra-nos-consiguio-un-departamento-y-colegio-cuando-nos-mudamos-a-estados-unidos\/","og_locale":"es_ES","og_type":"article","og_title":"Sebasti\u00e1n Ortega: \u201cFrank Sinatra nos consigui\u00f3 un departamento y colegio cuando nos mudamos a Estados Unidos\u201d - CLAN ESPECTACULOS","og_description":"El creador de El marginal y En el barro repas\u00f3 en Perros de la calle el inesperado gesto del m\u00edtico cantante con Palito Ortega. La tremenda an\u00e9cdota de c\u00f3mo advirti\u00f3 el \u00e9xito de El Marginal En 1981, la vida de\u00a0Palito Ortega\u00a0y su familia dio un giro inesperado. La econom\u00eda argentina atravesaba una fuerte crisis y [&hellip;]","og_url":"https:\/\/radioclanfm.com\/clanespectaculos\/sebastian-ortega-frank-sinatra-nos-consiguio-un-departamento-y-colegio-cuando-nos-mudamos-a-estados-unidos\/","og_site_name":"CLAN ESPECTACULOS","article_publisher":"https:\/\/www.facebook.com\/clanespectaculos\/","article_published_time":"2026-02-19T03:15:49+00:00","og_image":[{"width":900,"height":450,"url":"https:\/\/radioclanfm.com\/clanespectaculos\/wp-content\/uploads\/sites\/2\/2026\/02\/aeJCjdVD.jpg","type":"image\/jpeg"}],"author":"E-GRUPOCLAN","twitter_card":"summary_large_image","twitter_creator":"@clanespectok","twitter_site":"@clanespectok","twitter_misc":{"Escrito por":"E-GRUPOCLAN","Tiempo de lectura":"4 minutos"},"schema":{"@context":"https:\/\/schema.org","@graph":[{"@type":"Article","@id":"https:\/\/radioclanfm.com\/clanespectaculos\/sebastian-ortega-frank-sinatra-nos-consiguio-un-departamento-y-colegio-cuando-nos-mudamos-a-estados-unidos\/#article","isPartOf":{"@id":"https:\/\/radioclanfm.com\/clanespectaculos\/sebastian-ortega-frank-sinatra-nos-consiguio-un-departamento-y-colegio-cuando-nos-mudamos-a-estados-unidos\/"},"author":{"name":"E-GRUPOCLAN","@id":"https:\/\/radioclanfm.com\/clanespectaculos\/#\/schema\/person\/9734813083303230f3ad84d99171b20c"},"headline":"Sebasti\u00e1n Ortega: \u201cFrank Sinatra nos consigui\u00f3 un departamento y colegio cuando nos mudamos a Estados Unidos\u201d","datePublished":"2026-02-19T03:15:49+00:00","mainEntityOfPage":{"@id":"https:\/\/radioclanfm.com\/clanespectaculos\/sebastian-ortega-frank-sinatra-nos-consiguio-un-departamento-y-colegio-cuando-nos-mudamos-a-estados-unidos\/"},"wordCount":914,"commentCount":0,"publisher":{"@id":"https:\/\/radioclanfm.com\/clanespectaculos\/#organization"},"image":{"@id":"https:\/\/radioclanfm.com\/clanespectaculos\/sebastian-ortega-frank-sinatra-nos-consiguio-un-departamento-y-colegio-cuando-nos-mudamos-a-estados-unidos\/#primaryimage"},"thumbnailUrl":"https:\/\/radioclanfm.com\/clanespectaculos\/wp-content\/uploads\/sites\/2\/2026\/02\/aeJCjdVD.jpg","articleSection":["Espectaculos"],"inLanguage":"es-AR","potentialAction":[{"@type":"CommentAction","name":"Comment","target":["https:\/\/radioclanfm.com\/clanespectaculos\/sebastian-ortega-frank-sinatra-nos-consiguio-un-departamento-y-colegio-cuando-nos-mudamos-a-estados-unidos\/#respond"]}]},{"@type":"WebPage","@id":"https:\/\/radioclanfm.com\/clanespectaculos\/sebastian-ortega-frank-sinatra-nos-consiguio-un-departamento-y-colegio-cuando-nos-mudamos-a-estados-unidos\/","url":"https:\/\/radioclanfm.com\/clanespectaculos\/sebastian-ortega-frank-sinatra-nos-consiguio-un-departamento-y-colegio-cuando-nos-mudamos-a-estados-unidos\/","name":"Sebasti\u00e1n Ortega: \u201cFrank Sinatra nos consigui\u00f3 un departamento y colegio cuando nos mudamos a Estados Unidos\u201d - CLAN ESPECTACULOS","isPartOf":{"@id":"https:\/\/radioclanfm.com\/clanespectaculos\/#website"},"primaryImageOfPage":{"@id":"https:\/\/radioclanfm.com\/clanespectaculos\/sebastian-ortega-frank-sinatra-nos-consiguio-un-departamento-y-colegio-cuando-nos-mudamos-a-estados-unidos\/#primaryimage"},"image":{"@id":"https:\/\/radioclanfm.com\/clanespectaculos\/sebastian-ortega-frank-sinatra-nos-consiguio-un-departamento-y-colegio-cuando-nos-mudamos-a-estados-unidos\/#primaryimage"},"thumbnailUrl":"https:\/\/radioclanfm.com\/clanespectaculos\/wp-content\/uploads\/sites\/2\/2026\/02\/aeJCjdVD.jpg","datePublished":"2026-02-19T03:15:49+00:00","breadcrumb":{"@id":"https:\/\/radioclanfm.com\/clanespectaculos\/sebastian-ortega-frank-sinatra-nos-consiguio-un-departamento-y-colegio-cuando-nos-mudamos-a-estados-unidos\/#breadcrumb"},"inLanguage":"es-AR","potentialAction":[{"@type":"ReadAction","target":["https:\/\/radioclanfm.com\/clanespectaculos\/sebastian-ortega-frank-sinatra-nos-consiguio-un-departamento-y-colegio-cuando-nos-mudamos-a-estados-unidos\/"]}]},{"@type":"ImageObject","inLanguage":"es-AR","@id":"https:\/\/radioclanfm.com\/clanespectaculos\/sebastian-ortega-frank-sinatra-nos-consiguio-un-departamento-y-colegio-cuando-nos-mudamos-a-estados-unidos\/#primaryimage","url":"https:\/\/radioclanfm.com\/clanespectaculos\/wp-content\/uploads\/sites\/2\/2026\/02\/aeJCjdVD.jpg","contentUrl":"https:\/\/radioclanfm.com\/clanespectaculos\/wp-content\/uploads\/sites\/2\/2026\/02\/aeJCjdVD.jpg","width":900,"height":450},{"@type":"BreadcrumbList","@id":"https:\/\/radioclanfm.com\/clanespectaculos\/sebastian-ortega-frank-sinatra-nos-consiguio-un-departamento-y-colegio-cuando-nos-mudamos-a-estados-unidos\/#breadcrumb","itemListElement":[{"@type":"ListItem","position":1,"name":"Inicio","item":"https:\/\/radioclanfm.com\/clanespectaculos\/"},{"@type":"ListItem","position":2,"name":"Sebasti\u00e1n Ortega: \u201cFrank Sinatra nos consigui\u00f3 un departamento y colegio cuando nos mudamos a Estados Unidos\u201d"}]},{"@type":"WebSite","@id":"https:\/\/radioclanfm.com\/clanespectaculos\/#website","url":"https:\/\/radioclanfm.com\/clanespectaculos\/","name":"CLAN ESPECTACULOS","description":"","publisher":{"@id":"https:\/\/radioclanfm.com\/clanespectaculos\/#organization"},"potentialAction":[{"@type":"SearchAction","target":{"@type":"EntryPoint","urlTemplate":"https:\/\/radioclanfm.com\/clanespectaculos\/?s={search_term_string}"},"query-input":{"@type":"PropertyValueSpecification","valueRequired":true,"valueName":"search_term_string"}}],"inLanguage":"es-AR"},{"@type":"Organization","@id":"https:\/\/radioclanfm.com\/clanespectaculos\/#organization","name":"CLAN ESPECTACULOS","url":"https:\/\/radioclanfm.com\/clanespectaculos\/","logo":{"@type":"ImageObject","inLanguage":"es-AR","@id":"https:\/\/radioclanfm.com\/clanespectaculos\/#\/schema\/logo\/image\/","url":"https:\/\/radioclanfm.com\/clanespectaculos\/wp-content\/uploads\/sites\/2\/2026\/04\/ChatGPT-Image-23-mar-2026-10_09_00.png","contentUrl":"https:\/\/radioclanfm.com\/clanespectaculos\/wp-content\/uploads\/sites\/2\/2026\/04\/ChatGPT-Image-23-mar-2026-10_09_00.png","width":1024,"height":1024,"caption":"CLAN ESPECTACULOS"},"image":{"@id":"https:\/\/radioclanfm.com\/clanespectaculos\/#\/schema\/logo\/image\/"},"sameAs":["https:\/\/www.facebook.com\/clanespectaculos\/","https:\/\/x.com\/clanespectok"]},{"@type":"Person","@id":"https:\/\/radioclanfm.com\/clanespectaculos\/#\/schema\/person\/9734813083303230f3ad84d99171b20c","name":"E-GRUPOCLAN","image":{"@type":"ImageObject","inLanguage":"es-AR","@id":"https:\/\/secure.gravatar.com\/avatar\/af6e19837c3d6a212034a48c7b3818d2ac1826f6025df0155da5a186ad321d79?s=96&d=mm&r=g","url":"https:\/\/secure.gravatar.com\/avatar\/af6e19837c3d6a212034a48c7b3818d2ac1826f6025df0155da5a186ad321d79?s=96&d=mm&r=g","contentUrl":"https:\/\/secure.gravatar.com\/avatar\/af6e19837c3d6a212034a48c7b3818d2ac1826f6025df0155da5a186ad321d79?s=96&d=mm&r=g","caption":"E-GRUPOCLAN"},"sameAs":["https:\/\/radioclanfm.com"],"url":"https:\/\/radioclanfm.com\/clanespectaculos\/author\/admin\/"}]}},"_links":{"self":[{"href":"https:\/\/radioclanfm.com\/clanespectaculos\/wp-json\/wp\/v2\/posts\/12438","targetHints":{"allow":["GET"]}}],"collection":[{"href":"https:\/\/radioclanfm.com\/clanespectaculos\/wp-json\/wp\/v2\/posts"}],"about":[{"href":"https:\/\/radioclanfm.com\/clanespectaculos\/wp-json\/wp\/v2\/types\/post"}],"author":[{"embeddable":true,"href":"https:\/\/radioclanfm.com\/clanespectaculos\/wp-json\/wp\/v2\/users\/1"}],"replies":[{"embeddable":true,"href":"https:\/\/radioclanfm.com\/clanespectaculos\/wp-json\/wp\/v2\/comments?post=12438"}],"version-history":[{"count":1,"href":"https:\/\/radioclanfm.com\/clanespectaculos\/wp-json\/wp\/v2\/posts\/12438\/revisions"}],"predecessor-version":[{"id":12442,"href":"https:\/\/radioclanfm.com\/clanespectaculos\/wp-json\/wp\/v2\/posts\/12438\/revisions\/12442"}],"wp:featuredmedia":[{"embeddable":true,"href":"https:\/\/radioclanfm.com\/clanespectaculos\/wp-json\/wp\/v2\/media\/12441"}],"wp:attachment":[{"href":"https:\/\/radioclanfm.com\/clanespectaculos\/wp-json\/wp\/v2\/media?parent=12438"}],"wp:term":[{"taxonomy":"category","embeddable":true,"href":"https:\/\/radioclanfm.com\/clanespectaculos\/wp-json\/wp\/v2\/categories?post=12438"},{"taxonomy":"post_tag","embeddable":true,"href":"https:\/\/radioclanfm.com\/clanespectaculos\/wp-json\/wp\/v2\/tags?post=12438"}],"curies":[{"name":"wp","href":"https:\/\/api.w.org\/{rel}","templated":true}]}}