{"id":12433,"date":"2026-02-19T00:13:53","date_gmt":"2026-02-19T03:13:53","guid":{"rendered":"https:\/\/radioclanfm.com\/clanespectaculos\/?p=12433"},"modified":"2026-02-19T00:13:53","modified_gmt":"2026-02-19T03:13:53","slug":"alejandra-maglietti-hablo-del-incendio-de-la-fabrica-de-su-pareja-en-ezeiza-fue-una-situacion-tan-traumatica","status":"publish","type":"post","link":"https:\/\/radioclanfm.com\/clanespectaculos\/alejandra-maglietti-hablo-del-incendio-de-la-fabrica-de-su-pareja-en-ezeiza-fue-una-situacion-tan-traumatica\/","title":{"rendered":"Alejandra Maglietti habl\u00f3 del incendio de la f\u00e1brica de su pareja en Ezeiza: \u201cFue una situaci\u00f3n tan traum\u00e1tica\u201d"},"content":{"rendered":"<p>La modelo y panelista de BTV se refiri\u00f3 en Desayuno americano a la explosi\u00f3n en el Polo Industrial Spegazzini<\/p>\n<p class=\"paragraph\" data-mrf-recirculation=\"Links inline\">El incendio que devast\u00f3 la f\u00e1brica de la pareja de\u00a0<b>Alejandra Maglietti<\/b>, el empresario\u00a0<b>Juan Manuel Lago<\/b>, dej\u00f3 una huella profunda en su vida personal y familiar. El siniestro,\u00a0ocurrido en noviembre en el Polo Industrial Spegazzini, en\u00a0<b>Ezeiza<\/b>, arras\u00f3 con miles de metros cuadrados de dep\u00f3sito y puso en jaque la continuidad de la empresa.<\/p>\n<div class=\"news-module\" data-mrf-recirculation=\"IL_GBLs3HYWRq2RgU4Qz8MM1Q\" data-testid=\"text-html\" data-mrf-experience=\"IL_GBLs3HYWRq2RgU4Qz8MM1Q\">\n<div class=\"recommended-card__image-container\"><\/div>\n<\/div>\n<p class=\"paragraph\" data-mrf-recirculation=\"Links inline\">La flamante panelista de<b>\u00a0BTV\u00a0<\/b>(Am\u00e9rica TV) comparti\u00f3 que el impacto emocional de aquella noche todav\u00eda la acompa\u00f1a.\u00a0<b>\u201cFue una situaci\u00f3n tan traum\u00e1tica que en alg\u00fan punto la tengo como un poco bloqueada\u201d<\/b>, reconoci\u00f3 durante una entrevista con Desayuno Americano, de\u00a0<b>Am\u00e9rica<\/b>. Con evidente dolor, evoc\u00f3 lo vivido: \u201cEsa noche fue terrible. Me acuerdo y\u00a0<b>me angustio porque yo s\u00e9 la dedicaci\u00f3n y lo que implica llevar adelante una f\u00e1brica<\/b>. Verla destruirse ante tus ojos es una situaci\u00f3n muy dolorosa\u201d.<\/p>\n<div class=\"inline ad-wrapper\">\n<div class=\"dfpAd ad-inline\"><\/div>\n<\/div>\n<p class=\"paragraph\" data-mrf-recirculation=\"Links inline\">El da\u00f1o material fue enorme, y aunque la aseguradora debe cubrir las p\u00e9rdidas, la panelista remarc\u00f3 la magnitud del desaf\u00edo: \u201cSiempre va a haber una p\u00e9rdida igual porque hay que poner en pie nuevamente un dep\u00f3sito, levantar miles de metros cuadrados que se incendiaron, levantar todo eso y volver a construirlo\u201d.<\/p>\n<div class=\"news-module\" data-mrf-recirculation=\"IL_m3kiGo-8SVS6m0U7OqrZLw\" data-testid=\"text-html\" data-mrf-experience=\"IL_m3kiGo-8SVS6m0U7OqrZLw\">\n<div class=\"recommended-card__image-container\"><\/div>\n<\/div>\n<div class=\"visual__image\"><picture><source srcset=\"https:\/\/www.infobae.com\/resizer\/v2\/X3NA6WHPUNBAXP7IPZEPYJGPBA.jpg?auth=cae4ad616edd971cc35e13504b710416dba72d9caa1752fd2976bb9771187ac0&amp;smart=true&amp;width=992&amp;height=558&amp;quality=85\" media=\"(min-width: 1000px)\" \/><source srcset=\"https:\/\/www.infobae.com\/resizer\/v2\/X3NA6WHPUNBAXP7IPZEPYJGPBA.jpg?auth=cae4ad616edd971cc35e13504b710416dba72d9caa1752fd2976bb9771187ac0&amp;smart=true&amp;width=768&amp;height=432&amp;quality=85\" media=\"(min-width: 768px)\" \/><source srcset=\"https:\/\/www.infobae.com\/resizer\/v2\/X3NA6WHPUNBAXP7IPZEPYJGPBA.jpg?auth=cae4ad616edd971cc35e13504b710416dba72d9caa1752fd2976bb9771187ac0&amp;smart=true&amp;width=577&amp;height=325&amp;quality=85\" media=\"(min-width: 580px)\" \/><source srcset=\"https:\/\/www.infobae.com\/resizer\/v2\/X3NA6WHPUNBAXP7IPZEPYJGPBA.jpg?auth=cae4ad616edd971cc35e13504b710416dba72d9caa1752fd2976bb9771187ac0&amp;smart=true&amp;width=420&amp;height=236&amp;quality=85\" media=\"(min-width: 350px)\" \/><source srcset=\"https:\/\/www.infobae.com\/resizer\/v2\/X3NA6WHPUNBAXP7IPZEPYJGPBA.jpg?auth=cae4ad616edd971cc35e13504b710416dba72d9caa1752fd2976bb9771187ac0&amp;smart=true&amp;width=350&amp;height=197&amp;quality=85\" media=\"(min-width: 80px)\" \/><img loading=\"lazy\" decoding=\"async\" class=\"global-image\" src=\"https:\/\/www.infobae.com\/resizer\/v2\/X3NA6WHPUNBAXP7IPZEPYJGPBA.jpg?auth=cae4ad616edd971cc35e13504b710416dba72d9caa1752fd2976bb9771187ac0&amp;smart=true&amp;width=350&amp;height=197&amp;quality=85\" alt=\"\u201cAhora est\u00e1 operando la empresa.\" width=\"1280\" height=\"720\" \/><\/picture>\u201cAhora est\u00e1 operando la empresa. Dentro de todo lo terrible que ocurri\u00f3, la planta donde est\u00e1n las m\u00e1quinas se mantuvo en pie. Por lo tanto, \u00e9l pudo cumplir con los contratos que ten\u00eda\u201d, asegur\u00f3 Alejandra Maglietti sobre la f\u00e1brica de su pareja Juan Pablo Lago<\/div>\n<p class=\"paragraph\" data-mrf-recirculation=\"Links inline\">El Polo Industrial Spegazzini es uno de los principales complejos fabriles de\u00a0<b>Ezeiza<\/b>, en la provincia de Buenos Aires, y all\u00ed funcionan decenas de empresas.<\/p>\n<div class=\"inline_2_DSK ad-wrapper ad-desktop\">\n<div class=\"dfpAd ad-inline\"><\/div>\n<\/div>\n<p class=\"paragraph\" data-mrf-recirculation=\"Links inline\">En medio de la adversidad, la actitud de su pareja y padre de su hijo\u00a0<b>Manuel<\/b>, que naci\u00f3 en agosto del a\u00f1o pasado, result\u00f3 determinante para el futuro de la empresa. La abogada asegur\u00f3 que, pese a todo, la firma logr\u00f3 seguir adelante: \u201cAhora est\u00e1 operando la empresa.\u00a0<b>Dentro de todo lo terrible que ocurri\u00f3, la planta donde est\u00e1n las m\u00e1quinas se mantuvo en pie. Por lo tanto, \u00e9l pudo cumplir con los contratos que ten\u00eda<\/b>\u201d.<\/p>\n<div class=\"news-module\" data-mrf-recirculation=\"IL_wLyG9sjfRQKb8QO3fSLumw\" data-testid=\"text-html\" data-mrf-experience=\"IL_wLyG9sjfRQKb8QO3fSLumw\">\n<div class=\"recommended-card__image-container\"><\/div>\n<\/div>\n<p class=\"paragraph\" data-mrf-recirculation=\"Links inline\">Uno de los momentos m\u00e1s emotivos se produjo al describir c\u00f3mo el empresario prioriz\u00f3 a sus empleados:\u00a0<b>\u201cGracias a Dios no despidi\u00f3 a nadie, a ninguno. Mantuvo los sueldos de todos. Les pag\u00f3 hasta esa quincena con el incendio de por medio. Pudo cumplir con todos\u201d<\/b>.<\/p>\n<div class=\"visual__image\"><picture><source srcset=\"https:\/\/www.infobae.com\/resizer\/v2\/MUWGFDZ7JJE6ZMITYC3WCKCIBY.jpg?auth=c7d62682a424bbfee4ff6bd5d169ebf9f5c992c9425eb752efc6b349a888130a&amp;smart=true&amp;width=992&amp;height=558&amp;quality=85\" media=\"(min-width: 1000px)\" \/><source srcset=\"https:\/\/www.infobae.com\/resizer\/v2\/MUWGFDZ7JJE6ZMITYC3WCKCIBY.jpg?auth=c7d62682a424bbfee4ff6bd5d169ebf9f5c992c9425eb752efc6b349a888130a&amp;smart=true&amp;width=768&amp;height=432&amp;quality=85\" media=\"(min-width: 768px)\" \/><source srcset=\"https:\/\/www.infobae.com\/resizer\/v2\/MUWGFDZ7JJE6ZMITYC3WCKCIBY.jpg?auth=c7d62682a424bbfee4ff6bd5d169ebf9f5c992c9425eb752efc6b349a888130a&amp;smart=true&amp;width=577&amp;height=325&amp;quality=85\" media=\"(min-width: 580px)\" \/><source srcset=\"https:\/\/www.infobae.com\/resizer\/v2\/MUWGFDZ7JJE6ZMITYC3WCKCIBY.jpg?auth=c7d62682a424bbfee4ff6bd5d169ebf9f5c992c9425eb752efc6b349a888130a&amp;smart=true&amp;width=420&amp;height=236&amp;quality=85\" media=\"(min-width: 350px)\" \/><source srcset=\"https:\/\/www.infobae.com\/resizer\/v2\/MUWGFDZ7JJE6ZMITYC3WCKCIBY.jpg?auth=c7d62682a424bbfee4ff6bd5d169ebf9f5c992c9425eb752efc6b349a888130a&amp;smart=true&amp;width=350&amp;height=197&amp;quality=85\" media=\"(min-width: 80px)\" \/><img loading=\"lazy\" decoding=\"async\" class=\"global-image\" src=\"https:\/\/www.infobae.com\/resizer\/v2\/MUWGFDZ7JJE6ZMITYC3WCKCIBY.jpg?auth=c7d62682a424bbfee4ff6bd5d169ebf9f5c992c9425eb752efc6b349a888130a&amp;smart=true&amp;width=350&amp;height=197&amp;quality=85\" alt=\"A tres meses de la\" width=\"1920\" height=\"1080\" \/><\/picture>A tres meses de la explosi\u00f3n en la petroqu\u00edmica Logischem, el polo industrial de Ezeiza a\u00fan muestra las huellas del desastre<\/div>\n<p class=\"paragraph\" data-mrf-recirculation=\"Links inline\">La exintegrante de\u00a0<i>Bendita<\/i>\u00a0subray\u00f3 la dimensi\u00f3n social de la tragedia y la visi\u00f3n de su pareja: \u201cMe dec\u00eda: \u2018Yo tengo la responsabilidad de tener un mont\u00f3n de familias detr\u00e1s. No es que esto se incendia y no pasa nada\u2019\u201d.<\/p>\n<p class=\"paragraph\" data-mrf-recirculation=\"Links inline\">En el programa de Pamela David tambi\u00e9n palpit\u00f3 el nuevo proyecto que arranca este mi\u00e9rcoles. \u201cEstoy con mucha ansiedad. Ayer no pude ni dormir. Me levant\u00e9 a las 3 de la madrugada pensando \u2018\u00a1es ma\u00f1ana!\u2019. Estoy con una sensaci\u00f3n linda, una excitaci\u00f3n de que arranque algo nuevo&#8221;, se sincer\u00f3. \u201cEstuvimos ensayando la semana pasada y est\u00e1 bueno\u201d, afirm\u00f3, sonriente y aseguraba que \u201chay muchas cosas nuevas, mucha diversi\u00f3n y lo van a pasar bien\u201d.<\/p>\n<p class=\"paragraph\" data-mrf-recirculation=\"Links inline\">Hace unos d\u00edas el reciente viaje de Maglietti a la Costa Atl\u00e1ntica marc\u00f3 un hito en su vida familiar. Durante el fin de semana XXL, la abogada comparti\u00f3 un tierno momento en sus redes: \u201cLlevamos a Manu a conocer el mar. Fuimos muy felices y \u00e9l estaba encantado. Las 24 horas pegaditos disfrutando en familia\u201d, escribi\u00f3 junto a una serie de im\u00e1genes.<\/p>\n<div class=\"visual__image\"><picture><source srcset=\"https:\/\/www.infobae.com\/resizer\/v2\/W65XPYJBVBHHZLVQKUB6YHRL5U.jpg?auth=96c6ab1cdd7f6cf59e8d75dceaf0ea2c6bdfc0e72a4f5b85a95104f8dad8364c&amp;smart=true&amp;width=992&amp;height=453&amp;quality=85\" media=\"(min-width: 1000px)\" \/><source srcset=\"https:\/\/www.infobae.com\/resizer\/v2\/W65XPYJBVBHHZLVQKUB6YHRL5U.jpg?auth=96c6ab1cdd7f6cf59e8d75dceaf0ea2c6bdfc0e72a4f5b85a95104f8dad8364c&amp;smart=true&amp;width=768&amp;height=351&amp;quality=85\" media=\"(min-width: 768px)\" \/><source srcset=\"https:\/\/www.infobae.com\/resizer\/v2\/W65XPYJBVBHHZLVQKUB6YHRL5U.jpg?auth=96c6ab1cdd7f6cf59e8d75dceaf0ea2c6bdfc0e72a4f5b85a95104f8dad8364c&amp;smart=true&amp;width=577&amp;height=264&amp;quality=85\" media=\"(min-width: 580px)\" \/><source srcset=\"https:\/\/www.infobae.com\/resizer\/v2\/W65XPYJBVBHHZLVQKUB6YHRL5U.jpg?auth=96c6ab1cdd7f6cf59e8d75dceaf0ea2c6bdfc0e72a4f5b85a95104f8dad8364c&amp;smart=true&amp;width=420&amp;height=192&amp;quality=85\" media=\"(min-width: 350px)\" \/><source srcset=\"https:\/\/www.infobae.com\/resizer\/v2\/W65XPYJBVBHHZLVQKUB6YHRL5U.jpg?auth=96c6ab1cdd7f6cf59e8d75dceaf0ea2c6bdfc0e72a4f5b85a95104f8dad8364c&amp;smart=true&amp;width=350&amp;height=160&amp;quality=85\" media=\"(min-width: 80px)\" \/><img loading=\"lazy\" decoding=\"async\" class=\"global-image\" src=\"https:\/\/www.infobae.com\/resizer\/v2\/W65XPYJBVBHHZLVQKUB6YHRL5U.jpg?auth=96c6ab1cdd7f6cf59e8d75dceaf0ea2c6bdfc0e72a4f5b85a95104f8dad8364c&amp;smart=true&amp;width=350&amp;height=160&amp;quality=85\" alt=\"El equipo completo de BTV\" width=\"1920\" height=\"877\" \/><\/picture>El equipo completo de BTV encabezado por Beto Casella (Am\u00e9rica TV)<\/div>\n<p class=\"paragraph\" data-mrf-recirculation=\"Links inline\">Las postales publicadas mostraban a Alejandra y a su peque\u00f1o disfrutando de la playa y el sol, en escenas que transmit\u00edan intimidad y alegr\u00eda. Se la puede ver caminando por la orilla con su hijo en brazos y tambi\u00e9n relaj\u00e1ndose bajo una p\u00e9rgola. \u201cLas 24 horas pegaditos\u201d, remarc\u00f3, enfatizando el valor de priorizar el tiempo compartido y la conexi\u00f3n con su hijo.<\/p>\n<p class=\"paragraph\" data-mrf-recirculation=\"Links inline\">La escapada a la Costa incluy\u00f3 adem\u00e1s un gui\u00f1o rom\u00e1ntico: la modelo comparti\u00f3 una foto con un ramo de rosas rojas y un oso de peluche con la inscripci\u00f3n \u201cTe amo\u201d, en alusi\u00f3n al D\u00eda de San Valent\u00edn.<\/p>\n<div class=\"second-saved-buttons\">\n<div class=\"body-share-note\"><\/div>\n<\/div>\n","protected":false},"excerpt":{"rendered":"<p>La modelo y panelista de BTV se refiri\u00f3 en Desayuno americano a la explosi\u00f3n en el Polo Industrial Spegazzini El incendio que devast\u00f3 la f\u00e1brica de la pareja de\u00a0Alejandra Maglietti, el empresario\u00a0Juan Manuel Lago, dej\u00f3 una huella profunda en su vida personal y familiar. El siniestro,\u00a0ocurrido en noviembre en el Polo Industrial Spegazzini, en\u00a0Ezeiza, arras\u00f3 [&hellip;]<\/p>\n","protected":false},"author":1,"featured_media":12436,"comment_status":"open","ping_status":"open","sticky":false,"template":"","format":"standard","meta":{"rop_custom_images_group":[],"rop_custom_messages_group":[],"rop_publish_now":"initial","rop_publish_now_accounts":[],"rop_publish_now_history":[],"rop_publish_now_status":"pending","footnotes":"","jetpack_publicize_message":"","jetpack_publicize_feature_enabled":true,"jetpack_social_post_already_shared":true,"jetpack_social_options":{"image_generator_settings":{"template":"highway","enabled":false},"version":2}},"categories":[12],"tags":[],"class_list":{"0":"post-12433","1":"post","2":"type-post","3":"status-publish","4":"format-standard","5":"has-post-thumbnail","7":"category-espectaculos"},"jetpack_publicize_connections":[],"yoast_head":"<!-- This site is optimized with the Yoast SEO plugin v27.3 - https:\/\/yoast.com\/product\/yoast-seo-wordpress\/ -->\n<title>Alejandra Maglietti habl\u00f3 del incendio de la f\u00e1brica de su pareja en Ezeiza: \u201cFue una situaci\u00f3n tan traum\u00e1tica\u201d - CLAN ESPECTACULOS<\/title>\n<meta name=\"robots\" content=\"index, follow, max-snippet:-1, max-image-preview:large, max-video-preview:-1\" \/>\n<link rel=\"canonical\" href=\"https:\/\/radioclanfm.com\/clanespectaculos\/alejandra-maglietti-hablo-del-incendio-de-la-fabrica-de-su-pareja-en-ezeiza-fue-una-situacion-tan-traumatica\/\" \/>\n<meta property=\"og:locale\" content=\"es_ES\" \/>\n<meta property=\"og:type\" content=\"article\" \/>\n<meta property=\"og:title\" content=\"Alejandra Maglietti habl\u00f3 del incendio de la f\u00e1brica de su pareja en Ezeiza: \u201cFue una situaci\u00f3n tan traum\u00e1tica\u201d - CLAN ESPECTACULOS\" \/>\n<meta property=\"og:description\" content=\"La modelo y panelista de BTV se refiri\u00f3 en Desayuno americano a la explosi\u00f3n en el Polo Industrial Spegazzini El incendio que devast\u00f3 la f\u00e1brica de la pareja de\u00a0Alejandra Maglietti, el empresario\u00a0Juan Manuel Lago, dej\u00f3 una huella profunda en su vida personal y familiar. El siniestro,\u00a0ocurrido en noviembre en el Polo Industrial Spegazzini, en\u00a0Ezeiza, arras\u00f3 [&hellip;]\" \/>\n<meta property=\"og:url\" content=\"https:\/\/radioclanfm.com\/clanespectaculos\/alejandra-maglietti-hablo-del-incendio-de-la-fabrica-de-su-pareja-en-ezeiza-fue-una-situacion-tan-traumatica\/\" \/>\n<meta property=\"og:site_name\" content=\"CLAN ESPECTACULOS\" \/>\n<meta property=\"article:publisher\" content=\"https:\/\/www.facebook.com\/clanespectaculos\/\" \/>\n<meta property=\"article:published_time\" content=\"2026-02-19T03:13:53+00:00\" \/>\n<meta property=\"og:image\" content=\"https:\/\/radioclanfm.com\/clanespectaculos\/wp-content\/uploads\/sites\/2\/2026\/02\/wf4tMHfZ.jpg\" \/>\n\t<meta property=\"og:image:width\" content=\"900\" \/>\n\t<meta property=\"og:image:height\" content=\"450\" \/>\n\t<meta property=\"og:image:type\" content=\"image\/jpeg\" \/>\n<meta name=\"author\" content=\"E-GRUPOCLAN\" \/>\n<meta name=\"twitter:card\" content=\"summary_large_image\" \/>\n<meta name=\"twitter:creator\" content=\"@clanespectok\" \/>\n<meta name=\"twitter:site\" content=\"@clanespectok\" \/>\n<meta name=\"twitter:label1\" content=\"Escrito por\" \/>\n\t<meta name=\"twitter:data1\" content=\"E-GRUPOCLAN\" \/>\n\t<meta name=\"twitter:label2\" content=\"Tiempo de lectura\" \/>\n\t<meta name=\"twitter:data2\" content=\"4 minutos\" \/>\n<script type=\"application\/ld+json\" class=\"yoast-schema-graph\">{\"@context\":\"https:\\\/\\\/schema.org\",\"@graph\":[{\"@type\":\"Article\",\"@id\":\"https:\\\/\\\/radioclanfm.com\\\/clanespectaculos\\\/alejandra-maglietti-hablo-del-incendio-de-la-fabrica-de-su-pareja-en-ezeiza-fue-una-situacion-tan-traumatica\\\/#article\",\"isPartOf\":{\"@id\":\"https:\\\/\\\/radioclanfm.com\\\/clanespectaculos\\\/alejandra-maglietti-hablo-del-incendio-de-la-fabrica-de-su-pareja-en-ezeiza-fue-una-situacion-tan-traumatica\\\/\"},\"author\":{\"name\":\"E-GRUPOCLAN\",\"@id\":\"https:\\\/\\\/radioclanfm.com\\\/clanespectaculos\\\/#\\\/schema\\\/person\\\/9734813083303230f3ad84d99171b20c\"},\"headline\":\"Alejandra Maglietti habl\u00f3 del incendio de la f\u00e1brica de su pareja en Ezeiza: \u201cFue una situaci\u00f3n tan traum\u00e1tica\u201d\",\"datePublished\":\"2026-02-19T03:13:53+00:00\",\"mainEntityOfPage\":{\"@id\":\"https:\\\/\\\/radioclanfm.com\\\/clanespectaculos\\\/alejandra-maglietti-hablo-del-incendio-de-la-fabrica-de-su-pareja-en-ezeiza-fue-una-situacion-tan-traumatica\\\/\"},\"wordCount\":784,\"commentCount\":0,\"publisher\":{\"@id\":\"https:\\\/\\\/radioclanfm.com\\\/clanespectaculos\\\/#organization\"},\"image\":{\"@id\":\"https:\\\/\\\/radioclanfm.com\\\/clanespectaculos\\\/alejandra-maglietti-hablo-del-incendio-de-la-fabrica-de-su-pareja-en-ezeiza-fue-una-situacion-tan-traumatica\\\/#primaryimage\"},\"thumbnailUrl\":\"https:\\\/\\\/radioclanfm.com\\\/clanespectaculos\\\/wp-content\\\/uploads\\\/sites\\\/2\\\/2026\\\/02\\\/wf4tMHfZ.jpg\",\"articleSection\":[\"Espectaculos\"],\"inLanguage\":\"es-AR\",\"potentialAction\":[{\"@type\":\"CommentAction\",\"name\":\"Comment\",\"target\":[\"https:\\\/\\\/radioclanfm.com\\\/clanespectaculos\\\/alejandra-maglietti-hablo-del-incendio-de-la-fabrica-de-su-pareja-en-ezeiza-fue-una-situacion-tan-traumatica\\\/#respond\"]}]},{\"@type\":\"WebPage\",\"@id\":\"https:\\\/\\\/radioclanfm.com\\\/clanespectaculos\\\/alejandra-maglietti-hablo-del-incendio-de-la-fabrica-de-su-pareja-en-ezeiza-fue-una-situacion-tan-traumatica\\\/\",\"url\":\"https:\\\/\\\/radioclanfm.com\\\/clanespectaculos\\\/alejandra-maglietti-hablo-del-incendio-de-la-fabrica-de-su-pareja-en-ezeiza-fue-una-situacion-tan-traumatica\\\/\",\"name\":\"Alejandra Maglietti habl\u00f3 del incendio de la f\u00e1brica de su pareja en Ezeiza: \u201cFue una situaci\u00f3n tan traum\u00e1tica\u201d - CLAN ESPECTACULOS\",\"isPartOf\":{\"@id\":\"https:\\\/\\\/radioclanfm.com\\\/clanespectaculos\\\/#website\"},\"primaryImageOfPage\":{\"@id\":\"https:\\\/\\\/radioclanfm.com\\\/clanespectaculos\\\/alejandra-maglietti-hablo-del-incendio-de-la-fabrica-de-su-pareja-en-ezeiza-fue-una-situacion-tan-traumatica\\\/#primaryimage\"},\"image\":{\"@id\":\"https:\\\/\\\/radioclanfm.com\\\/clanespectaculos\\\/alejandra-maglietti-hablo-del-incendio-de-la-fabrica-de-su-pareja-en-ezeiza-fue-una-situacion-tan-traumatica\\\/#primaryimage\"},\"thumbnailUrl\":\"https:\\\/\\\/radioclanfm.com\\\/clanespectaculos\\\/wp-content\\\/uploads\\\/sites\\\/2\\\/2026\\\/02\\\/wf4tMHfZ.jpg\",\"datePublished\":\"2026-02-19T03:13:53+00:00\",\"breadcrumb\":{\"@id\":\"https:\\\/\\\/radioclanfm.com\\\/clanespectaculos\\\/alejandra-maglietti-hablo-del-incendio-de-la-fabrica-de-su-pareja-en-ezeiza-fue-una-situacion-tan-traumatica\\\/#breadcrumb\"},\"inLanguage\":\"es-AR\",\"potentialAction\":[{\"@type\":\"ReadAction\",\"target\":[\"https:\\\/\\\/radioclanfm.com\\\/clanespectaculos\\\/alejandra-maglietti-hablo-del-incendio-de-la-fabrica-de-su-pareja-en-ezeiza-fue-una-situacion-tan-traumatica\\\/\"]}]},{\"@type\":\"ImageObject\",\"inLanguage\":\"es-AR\",\"@id\":\"https:\\\/\\\/radioclanfm.com\\\/clanespectaculos\\\/alejandra-maglietti-hablo-del-incendio-de-la-fabrica-de-su-pareja-en-ezeiza-fue-una-situacion-tan-traumatica\\\/#primaryimage\",\"url\":\"https:\\\/\\\/radioclanfm.com\\\/clanespectaculos\\\/wp-content\\\/uploads\\\/sites\\\/2\\\/2026\\\/02\\\/wf4tMHfZ.jpg\",\"contentUrl\":\"https:\\\/\\\/radioclanfm.com\\\/clanespectaculos\\\/wp-content\\\/uploads\\\/sites\\\/2\\\/2026\\\/02\\\/wf4tMHfZ.jpg\",\"width\":900,\"height\":450},{\"@type\":\"BreadcrumbList\",\"@id\":\"https:\\\/\\\/radioclanfm.com\\\/clanespectaculos\\\/alejandra-maglietti-hablo-del-incendio-de-la-fabrica-de-su-pareja-en-ezeiza-fue-una-situacion-tan-traumatica\\\/#breadcrumb\",\"itemListElement\":[{\"@type\":\"ListItem\",\"position\":1,\"name\":\"Inicio\",\"item\":\"https:\\\/\\\/radioclanfm.com\\\/clanespectaculos\\\/\"},{\"@type\":\"ListItem\",\"position\":2,\"name\":\"Alejandra Maglietti habl\u00f3 del incendio de la f\u00e1brica de su pareja en Ezeiza: \u201cFue una situaci\u00f3n tan traum\u00e1tica\u201d\"}]},{\"@type\":\"WebSite\",\"@id\":\"https:\\\/\\\/radioclanfm.com\\\/clanespectaculos\\\/#website\",\"url\":\"https:\\\/\\\/radioclanfm.com\\\/clanespectaculos\\\/\",\"name\":\"CLAN ESPECTACULOS\",\"description\":\"\",\"publisher\":{\"@id\":\"https:\\\/\\\/radioclanfm.com\\\/clanespectaculos\\\/#organization\"},\"potentialAction\":[{\"@type\":\"SearchAction\",\"target\":{\"@type\":\"EntryPoint\",\"urlTemplate\":\"https:\\\/\\\/radioclanfm.com\\\/clanespectaculos\\\/?s={search_term_string}\"},\"query-input\":{\"@type\":\"PropertyValueSpecification\",\"valueRequired\":true,\"valueName\":\"search_term_string\"}}],\"inLanguage\":\"es-AR\"},{\"@type\":\"Organization\",\"@id\":\"https:\\\/\\\/radioclanfm.com\\\/clanespectaculos\\\/#organization\",\"name\":\"CLAN ESPECTACULOS\",\"url\":\"https:\\\/\\\/radioclanfm.com\\\/clanespectaculos\\\/\",\"logo\":{\"@type\":\"ImageObject\",\"inLanguage\":\"es-AR\",\"@id\":\"https:\\\/\\\/radioclanfm.com\\\/clanespectaculos\\\/#\\\/schema\\\/logo\\\/image\\\/\",\"url\":\"https:\\\/\\\/radioclanfm.com\\\/clanespectaculos\\\/wp-content\\\/uploads\\\/sites\\\/2\\\/2026\\\/04\\\/ChatGPT-Image-23-mar-2026-10_09_00.png\",\"contentUrl\":\"https:\\\/\\\/radioclanfm.com\\\/clanespectaculos\\\/wp-content\\\/uploads\\\/sites\\\/2\\\/2026\\\/04\\\/ChatGPT-Image-23-mar-2026-10_09_00.png\",\"width\":1024,\"height\":1024,\"caption\":\"CLAN ESPECTACULOS\"},\"image\":{\"@id\":\"https:\\\/\\\/radioclanfm.com\\\/clanespectaculos\\\/#\\\/schema\\\/logo\\\/image\\\/\"},\"sameAs\":[\"https:\\\/\\\/www.facebook.com\\\/clanespectaculos\\\/\",\"https:\\\/\\\/x.com\\\/clanespectok\"]},{\"@type\":\"Person\",\"@id\":\"https:\\\/\\\/radioclanfm.com\\\/clanespectaculos\\\/#\\\/schema\\\/person\\\/9734813083303230f3ad84d99171b20c\",\"name\":\"E-GRUPOCLAN\",\"image\":{\"@type\":\"ImageObject\",\"inLanguage\":\"es-AR\",\"@id\":\"https:\\\/\\\/secure.gravatar.com\\\/avatar\\\/af6e19837c3d6a212034a48c7b3818d2ac1826f6025df0155da5a186ad321d79?s=96&d=mm&r=g\",\"url\":\"https:\\\/\\\/secure.gravatar.com\\\/avatar\\\/af6e19837c3d6a212034a48c7b3818d2ac1826f6025df0155da5a186ad321d79?s=96&d=mm&r=g\",\"contentUrl\":\"https:\\\/\\\/secure.gravatar.com\\\/avatar\\\/af6e19837c3d6a212034a48c7b3818d2ac1826f6025df0155da5a186ad321d79?s=96&d=mm&r=g\",\"caption\":\"E-GRUPOCLAN\"},\"sameAs\":[\"https:\\\/\\\/radioclanfm.com\"],\"url\":\"https:\\\/\\\/radioclanfm.com\\\/clanespectaculos\\\/author\\\/admin\\\/\"}]}<\/script>\n<!-- \/ Yoast SEO plugin. -->","yoast_head_json":{"title":"Alejandra Maglietti habl\u00f3 del incendio de la f\u00e1brica de su pareja en Ezeiza: \u201cFue una situaci\u00f3n tan traum\u00e1tica\u201d - CLAN ESPECTACULOS","robots":{"index":"index","follow":"follow","max-snippet":"max-snippet:-1","max-image-preview":"max-image-preview:large","max-video-preview":"max-video-preview:-1"},"canonical":"https:\/\/radioclanfm.com\/clanespectaculos\/alejandra-maglietti-hablo-del-incendio-de-la-fabrica-de-su-pareja-en-ezeiza-fue-una-situacion-tan-traumatica\/","og_locale":"es_ES","og_type":"article","og_title":"Alejandra Maglietti habl\u00f3 del incendio de la f\u00e1brica de su pareja en Ezeiza: \u201cFue una situaci\u00f3n tan traum\u00e1tica\u201d - CLAN ESPECTACULOS","og_description":"La modelo y panelista de BTV se refiri\u00f3 en Desayuno americano a la explosi\u00f3n en el Polo Industrial Spegazzini El incendio que devast\u00f3 la f\u00e1brica de la pareja de\u00a0Alejandra Maglietti, el empresario\u00a0Juan Manuel Lago, dej\u00f3 una huella profunda en su vida personal y familiar. El siniestro,\u00a0ocurrido en noviembre en el Polo Industrial Spegazzini, en\u00a0Ezeiza, arras\u00f3 [&hellip;]","og_url":"https:\/\/radioclanfm.com\/clanespectaculos\/alejandra-maglietti-hablo-del-incendio-de-la-fabrica-de-su-pareja-en-ezeiza-fue-una-situacion-tan-traumatica\/","og_site_name":"CLAN ESPECTACULOS","article_publisher":"https:\/\/www.facebook.com\/clanespectaculos\/","article_published_time":"2026-02-19T03:13:53+00:00","og_image":[{"width":900,"height":450,"url":"https:\/\/radioclanfm.com\/clanespectaculos\/wp-content\/uploads\/sites\/2\/2026\/02\/wf4tMHfZ.jpg","type":"image\/jpeg"}],"author":"E-GRUPOCLAN","twitter_card":"summary_large_image","twitter_creator":"@clanespectok","twitter_site":"@clanespectok","twitter_misc":{"Escrito por":"E-GRUPOCLAN","Tiempo de lectura":"4 minutos"},"schema":{"@context":"https:\/\/schema.org","@graph":[{"@type":"Article","@id":"https:\/\/radioclanfm.com\/clanespectaculos\/alejandra-maglietti-hablo-del-incendio-de-la-fabrica-de-su-pareja-en-ezeiza-fue-una-situacion-tan-traumatica\/#article","isPartOf":{"@id":"https:\/\/radioclanfm.com\/clanespectaculos\/alejandra-maglietti-hablo-del-incendio-de-la-fabrica-de-su-pareja-en-ezeiza-fue-una-situacion-tan-traumatica\/"},"author":{"name":"E-GRUPOCLAN","@id":"https:\/\/radioclanfm.com\/clanespectaculos\/#\/schema\/person\/9734813083303230f3ad84d99171b20c"},"headline":"Alejandra Maglietti habl\u00f3 del incendio de la f\u00e1brica de su pareja en Ezeiza: \u201cFue una situaci\u00f3n tan traum\u00e1tica\u201d","datePublished":"2026-02-19T03:13:53+00:00","mainEntityOfPage":{"@id":"https:\/\/radioclanfm.com\/clanespectaculos\/alejandra-maglietti-hablo-del-incendio-de-la-fabrica-de-su-pareja-en-ezeiza-fue-una-situacion-tan-traumatica\/"},"wordCount":784,"commentCount":0,"publisher":{"@id":"https:\/\/radioclanfm.com\/clanespectaculos\/#organization"},"image":{"@id":"https:\/\/radioclanfm.com\/clanespectaculos\/alejandra-maglietti-hablo-del-incendio-de-la-fabrica-de-su-pareja-en-ezeiza-fue-una-situacion-tan-traumatica\/#primaryimage"},"thumbnailUrl":"https:\/\/radioclanfm.com\/clanespectaculos\/wp-content\/uploads\/sites\/2\/2026\/02\/wf4tMHfZ.jpg","articleSection":["Espectaculos"],"inLanguage":"es-AR","potentialAction":[{"@type":"CommentAction","name":"Comment","target":["https:\/\/radioclanfm.com\/clanespectaculos\/alejandra-maglietti-hablo-del-incendio-de-la-fabrica-de-su-pareja-en-ezeiza-fue-una-situacion-tan-traumatica\/#respond"]}]},{"@type":"WebPage","@id":"https:\/\/radioclanfm.com\/clanespectaculos\/alejandra-maglietti-hablo-del-incendio-de-la-fabrica-de-su-pareja-en-ezeiza-fue-una-situacion-tan-traumatica\/","url":"https:\/\/radioclanfm.com\/clanespectaculos\/alejandra-maglietti-hablo-del-incendio-de-la-fabrica-de-su-pareja-en-ezeiza-fue-una-situacion-tan-traumatica\/","name":"Alejandra Maglietti habl\u00f3 del incendio de la f\u00e1brica de su pareja en Ezeiza: \u201cFue una situaci\u00f3n tan traum\u00e1tica\u201d - CLAN ESPECTACULOS","isPartOf":{"@id":"https:\/\/radioclanfm.com\/clanespectaculos\/#website"},"primaryImageOfPage":{"@id":"https:\/\/radioclanfm.com\/clanespectaculos\/alejandra-maglietti-hablo-del-incendio-de-la-fabrica-de-su-pareja-en-ezeiza-fue-una-situacion-tan-traumatica\/#primaryimage"},"image":{"@id":"https:\/\/radioclanfm.com\/clanespectaculos\/alejandra-maglietti-hablo-del-incendio-de-la-fabrica-de-su-pareja-en-ezeiza-fue-una-situacion-tan-traumatica\/#primaryimage"},"thumbnailUrl":"https:\/\/radioclanfm.com\/clanespectaculos\/wp-content\/uploads\/sites\/2\/2026\/02\/wf4tMHfZ.jpg","datePublished":"2026-02-19T03:13:53+00:00","breadcrumb":{"@id":"https:\/\/radioclanfm.com\/clanespectaculos\/alejandra-maglietti-hablo-del-incendio-de-la-fabrica-de-su-pareja-en-ezeiza-fue-una-situacion-tan-traumatica\/#breadcrumb"},"inLanguage":"es-AR","potentialAction":[{"@type":"ReadAction","target":["https:\/\/radioclanfm.com\/clanespectaculos\/alejandra-maglietti-hablo-del-incendio-de-la-fabrica-de-su-pareja-en-ezeiza-fue-una-situacion-tan-traumatica\/"]}]},{"@type":"ImageObject","inLanguage":"es-AR","@id":"https:\/\/radioclanfm.com\/clanespectaculos\/alejandra-maglietti-hablo-del-incendio-de-la-fabrica-de-su-pareja-en-ezeiza-fue-una-situacion-tan-traumatica\/#primaryimage","url":"https:\/\/radioclanfm.com\/clanespectaculos\/wp-content\/uploads\/sites\/2\/2026\/02\/wf4tMHfZ.jpg","contentUrl":"https:\/\/radioclanfm.com\/clanespectaculos\/wp-content\/uploads\/sites\/2\/2026\/02\/wf4tMHfZ.jpg","width":900,"height":450},{"@type":"BreadcrumbList","@id":"https:\/\/radioclanfm.com\/clanespectaculos\/alejandra-maglietti-hablo-del-incendio-de-la-fabrica-de-su-pareja-en-ezeiza-fue-una-situacion-tan-traumatica\/#breadcrumb","itemListElement":[{"@type":"ListItem","position":1,"name":"Inicio","item":"https:\/\/radioclanfm.com\/clanespectaculos\/"},{"@type":"ListItem","position":2,"name":"Alejandra Maglietti habl\u00f3 del incendio de la f\u00e1brica de su pareja en Ezeiza: \u201cFue una situaci\u00f3n tan traum\u00e1tica\u201d"}]},{"@type":"WebSite","@id":"https:\/\/radioclanfm.com\/clanespectaculos\/#website","url":"https:\/\/radioclanfm.com\/clanespectaculos\/","name":"CLAN ESPECTACULOS","description":"","publisher":{"@id":"https:\/\/radioclanfm.com\/clanespectaculos\/#organization"},"potentialAction":[{"@type":"SearchAction","target":{"@type":"EntryPoint","urlTemplate":"https:\/\/radioclanfm.com\/clanespectaculos\/?s={search_term_string}"},"query-input":{"@type":"PropertyValueSpecification","valueRequired":true,"valueName":"search_term_string"}}],"inLanguage":"es-AR"},{"@type":"Organization","@id":"https:\/\/radioclanfm.com\/clanespectaculos\/#organization","name":"CLAN ESPECTACULOS","url":"https:\/\/radioclanfm.com\/clanespectaculos\/","logo":{"@type":"ImageObject","inLanguage":"es-AR","@id":"https:\/\/radioclanfm.com\/clanespectaculos\/#\/schema\/logo\/image\/","url":"https:\/\/radioclanfm.com\/clanespectaculos\/wp-content\/uploads\/sites\/2\/2026\/04\/ChatGPT-Image-23-mar-2026-10_09_00.png","contentUrl":"https:\/\/radioclanfm.com\/clanespectaculos\/wp-content\/uploads\/sites\/2\/2026\/04\/ChatGPT-Image-23-mar-2026-10_09_00.png","width":1024,"height":1024,"caption":"CLAN ESPECTACULOS"},"image":{"@id":"https:\/\/radioclanfm.com\/clanespectaculos\/#\/schema\/logo\/image\/"},"sameAs":["https:\/\/www.facebook.com\/clanespectaculos\/","https:\/\/x.com\/clanespectok"]},{"@type":"Person","@id":"https:\/\/radioclanfm.com\/clanespectaculos\/#\/schema\/person\/9734813083303230f3ad84d99171b20c","name":"E-GRUPOCLAN","image":{"@type":"ImageObject","inLanguage":"es-AR","@id":"https:\/\/secure.gravatar.com\/avatar\/af6e19837c3d6a212034a48c7b3818d2ac1826f6025df0155da5a186ad321d79?s=96&d=mm&r=g","url":"https:\/\/secure.gravatar.com\/avatar\/af6e19837c3d6a212034a48c7b3818d2ac1826f6025df0155da5a186ad321d79?s=96&d=mm&r=g","contentUrl":"https:\/\/secure.gravatar.com\/avatar\/af6e19837c3d6a212034a48c7b3818d2ac1826f6025df0155da5a186ad321d79?s=96&d=mm&r=g","caption":"E-GRUPOCLAN"},"sameAs":["https:\/\/radioclanfm.com"],"url":"https:\/\/radioclanfm.com\/clanespectaculos\/author\/admin\/"}]}},"_links":{"self":[{"href":"https:\/\/radioclanfm.com\/clanespectaculos\/wp-json\/wp\/v2\/posts\/12433","targetHints":{"allow":["GET"]}}],"collection":[{"href":"https:\/\/radioclanfm.com\/clanespectaculos\/wp-json\/wp\/v2\/posts"}],"about":[{"href":"https:\/\/radioclanfm.com\/clanespectaculos\/wp-json\/wp\/v2\/types\/post"}],"author":[{"embeddable":true,"href":"https:\/\/radioclanfm.com\/clanespectaculos\/wp-json\/wp\/v2\/users\/1"}],"replies":[{"embeddable":true,"href":"https:\/\/radioclanfm.com\/clanespectaculos\/wp-json\/wp\/v2\/comments?post=12433"}],"version-history":[{"count":1,"href":"https:\/\/radioclanfm.com\/clanespectaculos\/wp-json\/wp\/v2\/posts\/12433\/revisions"}],"predecessor-version":[{"id":12437,"href":"https:\/\/radioclanfm.com\/clanespectaculos\/wp-json\/wp\/v2\/posts\/12433\/revisions\/12437"}],"wp:featuredmedia":[{"embeddable":true,"href":"https:\/\/radioclanfm.com\/clanespectaculos\/wp-json\/wp\/v2\/media\/12436"}],"wp:attachment":[{"href":"https:\/\/radioclanfm.com\/clanespectaculos\/wp-json\/wp\/v2\/media?parent=12433"}],"wp:term":[{"taxonomy":"category","embeddable":true,"href":"https:\/\/radioclanfm.com\/clanespectaculos\/wp-json\/wp\/v2\/categories?post=12433"},{"taxonomy":"post_tag","embeddable":true,"href":"https:\/\/radioclanfm.com\/clanespectaculos\/wp-json\/wp\/v2\/tags?post=12433"}],"curies":[{"name":"wp","href":"https:\/\/api.w.org\/{rel}","templated":true}]}}