{"id":12428,"date":"2026-02-19T00:12:28","date_gmt":"2026-02-19T03:12:28","guid":{"rendered":"https:\/\/radioclanfm.com\/clanespectaculos\/?p=12428"},"modified":"2026-02-19T00:12:28","modified_gmt":"2026-02-19T03:12:28","slug":"tamara-baez-mostro-los-cambios-en-su-cuerpo-a-cuatro-meses-de-realizarse-una-liposuccion","status":"publish","type":"post","link":"https:\/\/radioclanfm.com\/clanespectaculos\/tamara-baez-mostro-los-cambios-en-su-cuerpo-a-cuatro-meses-de-realizarse-una-liposuccion\/","title":{"rendered":"Tamara B\u00e1ez mostr\u00f3 los cambios en su cuerpo a cuatro meses de realizarse una liposucci\u00f3n"},"content":{"rendered":"<p>La influencer sorprendi\u00f3 a sus fan\u00e1ticos al compartir im\u00e1genes del estado de su f\u00edsico luego de someterse al procedimiento quir\u00fargico<\/p>\n<p class=\"paragraph\" data-mrf-recirculation=\"Links inline\">A cuatro meses de realizarse una liposucci\u00f3n, este mi\u00e9rcoles,\u00a0<b>Tamara B\u00e1ez\u00a0<\/b>sorprendi\u00f3 a sus miles de seguidores al mostrar su nueva imagen, destacando los cambios que tuvo en su f\u00edsico. Con una foto frente al espejo, la joven dej\u00f3 en claro su transformaci\u00f3n y c\u00f3mo eleg\u00eda enfocarse en s\u00ed misma.<\/p>\n<div class=\"news-module\" data-mrf-recirculation=\"IL_GBLs3HYWRq2RgU4Qz8MM1Q\" data-testid=\"text-html\" data-mrf-experience=\"IL_GBLs3HYWRq2RgU4Qz8MM1Q\">\n<div class=\"recommended-card__image-container\"><\/div>\n<\/div>\n<p class=\"paragraph\" data-mrf-recirculation=\"Links inline\">En la foto en cuesti\u00f3n puede verse a la influencer posando en su ba\u00f1o. Si bien tap\u00f3 su cara con su celular, la joven luc\u00eda una remera marr\u00f3n, la cual levant\u00f3 para mostrar su abdomen, y ropa interior. A esta imagen, tomada casi a las 3 de la ma\u00f1ana, Tamara agreg\u00f3 un coraz\u00f3n de color negro.<\/p>\n<div class=\"inline ad-wrapper\">\n<div class=\"dfpAd ad-inline\"><\/div>\n<\/div>\n<p class=\"paragraph\" data-mrf-recirculation=\"Links inline\">La decisi\u00f3n de someterse a una\u00a0<b>liposucci\u00f3n<\/b>\u00a0y a un\u00a0<b>levantamiento de gl\u00fateos brasile\u00f1o (BBL)<\/b>\u00a0fue motivada por su deseo de sentirse mejor con su imagen corporal. \u201cNo aguantaba m\u00e1s tener semejante panza y estar tan ancha de los costados. Igual, nunca tuve caderas, unas buenas caderas y ahora tengo caderas\u201d, hab\u00eda reflexionado B\u00e1ez en sus redes sociales al explicar sus motivos.<\/p>\n<div class=\"news-module\" data-mrf-recirculation=\"IL_m3kiGo-8SVS6m0U7OqrZLw\" data-testid=\"text-html\" data-mrf-experience=\"IL_m3kiGo-8SVS6m0U7OqrZLw\">\n<div class=\"recommended-card__image-container\"><\/div>\n<\/div>\n<div class=\"visual__image\"><picture><source srcset=\"https:\/\/www.infobae.com\/resizer\/v2\/7FZF4EU4M5EWDCHLHETVS36URM.JPG?auth=6fc6e00b92c206d82f72aa8a6b10dd68b8ddfc96442932f2011841f8c47011f6&amp;smart=true&amp;width=992&amp;height=1677&amp;quality=85\" media=\"(min-width: 1000px)\" \/><source srcset=\"https:\/\/www.infobae.com\/resizer\/v2\/7FZF4EU4M5EWDCHLHETVS36URM.JPG?auth=6fc6e00b92c206d82f72aa8a6b10dd68b8ddfc96442932f2011841f8c47011f6&amp;smart=true&amp;width=768&amp;height=1299&amp;quality=85\" media=\"(min-width: 768px)\" \/><source srcset=\"https:\/\/www.infobae.com\/resizer\/v2\/7FZF4EU4M5EWDCHLHETVS36URM.JPG?auth=6fc6e00b92c206d82f72aa8a6b10dd68b8ddfc96442932f2011841f8c47011f6&amp;smart=true&amp;width=577&amp;height=976&amp;quality=85\" media=\"(min-width: 580px)\" \/><source srcset=\"https:\/\/www.infobae.com\/resizer\/v2\/7FZF4EU4M5EWDCHLHETVS36URM.JPG?auth=6fc6e00b92c206d82f72aa8a6b10dd68b8ddfc96442932f2011841f8c47011f6&amp;smart=true&amp;width=420&amp;height=710&amp;quality=85\" media=\"(min-width: 350px)\" \/><source srcset=\"https:\/\/www.infobae.com\/resizer\/v2\/7FZF4EU4M5EWDCHLHETVS36URM.JPG?auth=6fc6e00b92c206d82f72aa8a6b10dd68b8ddfc96442932f2011841f8c47011f6&amp;smart=true&amp;width=350&amp;height=592&amp;quality=85\" media=\"(min-width: 80px)\" \/><img loading=\"lazy\" decoding=\"async\" class=\"global-image\" src=\"https:\/\/www.infobae.com\/resizer\/v2\/7FZF4EU4M5EWDCHLHETVS36URM.JPG?auth=6fc6e00b92c206d82f72aa8a6b10dd68b8ddfc96442932f2011841f8c47011f6&amp;smart=true&amp;width=350&amp;height=592&amp;quality=85\" alt=\"Tamara B\u00e1ez mostr\u00f3 los cambios\" width=\"964\" height=\"1630\" \/><\/picture>Tamara B\u00e1ez mostr\u00f3 los cambios en su cuerpo a cuatro meses de realizarse una liposucci\u00f3n (Instagram)<\/div>\n<p class=\"paragraph\" data-mrf-recirculation=\"Links inline\">Adem\u00e1s, durante ese proceso, B\u00e1ez document\u00f3 cada etapa de su cambio. La influencer comparti\u00f3 un collage con im\u00e1genes tomadas con dos meses de diferencia para mostrar la evoluci\u00f3n de su cuerpo tras la\u00a0<b>intervenci\u00f3n est\u00e9tica<\/b>. En una de sus historias de Instagram hab\u00eda expresado: \u201cLo que son las fotos que me saqu\u00e9 antes de operarme. No puedo creer que hay gente que dice que no se me nota, jajajaja. \u00bfQuieren ver?\u201d.<\/p>\n<div class=\"inline_2_DSK ad-wrapper ad-desktop\">\n<div class=\"dfpAd ad-inline\"><\/div>\n<\/div>\n<p class=\"paragraph\" data-mrf-recirculation=\"Links inline\">La reacci\u00f3n en redes fue intensa. Adem\u00e1s de recibir mensajes de aliento, B\u00e1ez enfrent\u00f3\u00a0<b>acoso digital<\/b>\u00a0y comentarios despectivos sobre su figura en el periodo posterior a la cirug\u00eda. Entre los mensajes ofensivos figuraron frases como: \u201cBastante gorda la desagradecida\u201d, \u201cTen\u00e9s que buscar una para adelgazar\u201d y \u201cAdelgaz\u00e1 asquerosa\u201d. Frente a la violencia digital, B\u00e1ez opt\u00f3 por visibilizar p\u00fablicamente los ataques y respondi\u00f3: \u201c\u00bfQu\u00e9 le hice yo para ser tan asco de persona? \u00bfNunca vio a una persona gorda, como dice ella todo el tiempo? \u00bfNo ten\u00e9s vida? Enferma\u201d. Tambi\u00e9n advirti\u00f3: \u201cVoy a empezar a escrachar a todas las criticonas (como hac\u00eda antes)\u201d.<\/p>\n<div class=\"news-module\" data-mrf-recirculation=\"IL_wLyG9sjfRQKb8QO3fSLumw\" data-testid=\"text-html\" data-mrf-experience=\"IL_wLyG9sjfRQKb8QO3fSLumw\">\n<div class=\"recommended-card__image-container\"><\/div>\n<\/div>\n<div class=\"visual__image\"><picture><source srcset=\"https:\/\/www.infobae.com\/resizer\/v2\/KAJNIPOQJJEA7EJJ2EEZULWFBE.jpg?auth=a9d5516cf159b36491899f33942e4a999c7b5ff93cbf64636c72990bbc269045&amp;smart=true&amp;width=992&amp;height=1837&amp;quality=85\" media=\"(min-width: 1000px)\" \/><source srcset=\"https:\/\/www.infobae.com\/resizer\/v2\/KAJNIPOQJJEA7EJJ2EEZULWFBE.jpg?auth=a9d5516cf159b36491899f33942e4a999c7b5ff93cbf64636c72990bbc269045&amp;smart=true&amp;width=768&amp;height=1422&amp;quality=85\" media=\"(min-width: 768px)\" \/><source srcset=\"https:\/\/www.infobae.com\/resizer\/v2\/KAJNIPOQJJEA7EJJ2EEZULWFBE.jpg?auth=a9d5516cf159b36491899f33942e4a999c7b5ff93cbf64636c72990bbc269045&amp;smart=true&amp;width=577&amp;height=1068&amp;quality=85\" media=\"(min-width: 580px)\" \/><source srcset=\"https:\/\/www.infobae.com\/resizer\/v2\/KAJNIPOQJJEA7EJJ2EEZULWFBE.jpg?auth=a9d5516cf159b36491899f33942e4a999c7b5ff93cbf64636c72990bbc269045&amp;smart=true&amp;width=420&amp;height=778&amp;quality=85\" media=\"(min-width: 350px)\" \/><source srcset=\"https:\/\/www.infobae.com\/resizer\/v2\/KAJNIPOQJJEA7EJJ2EEZULWFBE.jpg?auth=a9d5516cf159b36491899f33942e4a999c7b5ff93cbf64636c72990bbc269045&amp;smart=true&amp;width=350&amp;height=648&amp;quality=85\" media=\"(min-width: 80px)\" \/><img loading=\"lazy\" decoding=\"async\" class=\"global-image\" src=\"https:\/\/www.infobae.com\/resizer\/v2\/KAJNIPOQJJEA7EJJ2EEZULWFBE.jpg?auth=a9d5516cf159b36491899f33942e4a999c7b5ff93cbf64636c72990bbc269045&amp;smart=true&amp;width=350&amp;height=648&amp;quality=85\" alt=\"Tamara Baez dej\u00f3 en claro\" width=\"992\" height=\"1837\" \/><\/picture>Tamara Baez dej\u00f3 en claro su indignaci\u00f3n ante los comentarios de sus seguidores (Instagram)<\/div>\n<p class=\"paragraph\" data-mrf-recirculation=\"Links inline\">A pesar de la hostilidad, la influencer valor\u00f3 la franqueza de mostrar su proceso tal como es. \u201cMe hab\u00eda dejado estar much\u00edsimo, ten\u00eda mi cabeza enfocada en todo menos en m\u00ed. Estoy s\u00faper feliz y s\u00e9 que voy a lograr verme mucho mejor por m\u00ed y para m\u00ed\u201d, afirm\u00f3. Destac\u00f3 la importancia de contar la realidad abiertamente: \u201cGracias por tantos mensajes lindos que estoy recibiendo\u201d.<\/p>\n<p class=\"paragraph\" data-mrf-recirculation=\"Links inline\">En su vida reciente, adem\u00e1s de los cambios f\u00edsicos,\u00a0B\u00e1ez viaj\u00f3 a\u00a0<b>Brasil<\/b>\u00a0con su pareja,\u00a0<b>Thiago Mart\u00ednez<\/b>. Durante sus vacaciones comparti\u00f3 distintas escenas y mostr\u00f3 compras por m\u00e1s de\u00a0<b>USD 800<\/b>.<\/p>\n<div class=\"visual__image\"><picture><source srcset=\"https:\/\/www.infobae.com\/resizer\/v2\/O3AM75TSR5DF3LKFHDN5MTCBTM.jpg?auth=343385a0e2fbf96a9f502a28b34046938c3a6727f6bbeb996a99a816d6fec5b3&amp;smart=true&amp;width=992&amp;height=1846&amp;quality=85\" media=\"(min-width: 1000px)\" \/><source srcset=\"https:\/\/www.infobae.com\/resizer\/v2\/O3AM75TSR5DF3LKFHDN5MTCBTM.jpg?auth=343385a0e2fbf96a9f502a28b34046938c3a6727f6bbeb996a99a816d6fec5b3&amp;smart=true&amp;width=768&amp;height=1429&amp;quality=85\" media=\"(min-width: 768px)\" \/><source srcset=\"https:\/\/www.infobae.com\/resizer\/v2\/O3AM75TSR5DF3LKFHDN5MTCBTM.jpg?auth=343385a0e2fbf96a9f502a28b34046938c3a6727f6bbeb996a99a816d6fec5b3&amp;smart=true&amp;width=577&amp;height=1074&amp;quality=85\" media=\"(min-width: 580px)\" \/><source srcset=\"https:\/\/www.infobae.com\/resizer\/v2\/O3AM75TSR5DF3LKFHDN5MTCBTM.jpg?auth=343385a0e2fbf96a9f502a28b34046938c3a6727f6bbeb996a99a816d6fec5b3&amp;smart=true&amp;width=420&amp;height=782&amp;quality=85\" media=\"(min-width: 350px)\" \/><source srcset=\"https:\/\/www.infobae.com\/resizer\/v2\/O3AM75TSR5DF3LKFHDN5MTCBTM.jpg?auth=343385a0e2fbf96a9f502a28b34046938c3a6727f6bbeb996a99a816d6fec5b3&amp;smart=true&amp;width=350&amp;height=651&amp;quality=85\" media=\"(min-width: 80px)\" \/><img loading=\"lazy\" decoding=\"async\" class=\"global-image\" src=\"https:\/\/www.infobae.com\/resizer\/v2\/O3AM75TSR5DF3LKFHDN5MTCBTM.jpg?auth=343385a0e2fbf96a9f502a28b34046938c3a6727f6bbeb996a99a816d6fec5b3&amp;smart=true&amp;width=350&amp;height=651&amp;quality=85\" alt=\"&quot;Ten\u00eda mi cabeza enfocada en\" width=\"992\" height=\"1846\" \/><\/picture>&#8220;Ten\u00eda mi cabeza enfocada en todo menos en m\u00ed&#8221;, asegur\u00f3 Tamara B\u00e1ez al reflexionar sobre los cambios<\/div>\n<p class=\"paragraph\" data-mrf-recirculation=\"Links inline\">En ese marco, m\u00e1s all\u00e1 del color de las playas y la cultura del pa\u00eds vecino, la joven comparti\u00f3 un recorrido tur\u00edstico por la famosa\u00a0<b>favela Rocinha<\/b>. Tamara comparti\u00f3 im\u00e1genes y videos de la experiencia en sus redes sociales, subrayando su entusiasmo por este tipo de\u00a0<b>aventuras<\/b>. El itinerario incluy\u00f3 un recorrido a pie por las calles de la favela, siempre acompa\u00f1ados por un gu\u00eda tur\u00edstico. B\u00e1ez public\u00f3 fotograf\u00edas donde aparece abrazada a Mart\u00ednez y tambi\u00e9n una toma panor\u00e1mica del lugar. En una de las publicaciones, expres\u00f3: \u201cEstas aventuras me gustan a m\u00ed\u201d.<\/p>\n<p class=\"paragraph\" data-mrf-recirculation=\"Links inline\">En ese contexto, la expareja de L-Gante tambi\u00e9n quiso sumarse a la tendencia y visit\u00f3 el lugar. A trav\u00e9s de su cuenta de Instagram, la joven comparti\u00f3 el video, el cual super\u00f3 las 5 millones de reproducciones. En paralelo, su novio tambi\u00e9n comparti\u00f3 fotos del recorrido junto a un emoji de un coraz\u00f3n rojo. En su posteo se los ve caminando de la mano por un pasillo angosto.<\/p>\n<div class=\"second-saved-buttons\">\n<div class=\"body-share-note\"><\/div>\n<\/div>\n","protected":false},"excerpt":{"rendered":"<p>La influencer sorprendi\u00f3 a sus fan\u00e1ticos al compartir im\u00e1genes del estado de su f\u00edsico luego de someterse al procedimiento quir\u00fargico A cuatro meses de realizarse una liposucci\u00f3n, este mi\u00e9rcoles,\u00a0Tamara B\u00e1ez\u00a0sorprendi\u00f3 a sus miles de seguidores al mostrar su nueva imagen, destacando los cambios que tuvo en su f\u00edsico. Con una foto frente al espejo, la [&hellip;]<\/p>\n","protected":false},"author":1,"featured_media":12431,"comment_status":"open","ping_status":"open","sticky":false,"template":"","format":"standard","meta":{"rop_custom_images_group":[],"rop_custom_messages_group":[],"rop_publish_now":"initial","rop_publish_now_accounts":[],"rop_publish_now_history":[],"rop_publish_now_status":"pending","footnotes":"","jetpack_publicize_message":"","jetpack_publicize_feature_enabled":true,"jetpack_social_post_already_shared":true,"jetpack_social_options":{"image_generator_settings":{"template":"highway","enabled":false},"version":2}},"categories":[12],"tags":[],"class_list":{"0":"post-12428","1":"post","2":"type-post","3":"status-publish","4":"format-standard","5":"has-post-thumbnail","7":"category-espectaculos"},"jetpack_publicize_connections":[],"yoast_head":"<!-- This site is optimized with the Yoast SEO plugin v27.3 - https:\/\/yoast.com\/product\/yoast-seo-wordpress\/ -->\n<title>Tamara B\u00e1ez mostr\u00f3 los cambios en su cuerpo a cuatro meses de realizarse una liposucci\u00f3n - CLAN ESPECTACULOS<\/title>\n<meta name=\"robots\" content=\"index, follow, max-snippet:-1, max-image-preview:large, max-video-preview:-1\" \/>\n<link rel=\"canonical\" href=\"https:\/\/radioclanfm.com\/clanespectaculos\/tamara-baez-mostro-los-cambios-en-su-cuerpo-a-cuatro-meses-de-realizarse-una-liposuccion\/\" \/>\n<meta property=\"og:locale\" content=\"es_ES\" \/>\n<meta property=\"og:type\" content=\"article\" \/>\n<meta property=\"og:title\" content=\"Tamara B\u00e1ez mostr\u00f3 los cambios en su cuerpo a cuatro meses de realizarse una liposucci\u00f3n - CLAN ESPECTACULOS\" \/>\n<meta property=\"og:description\" content=\"La influencer sorprendi\u00f3 a sus fan\u00e1ticos al compartir im\u00e1genes del estado de su f\u00edsico luego de someterse al procedimiento quir\u00fargico A cuatro meses de realizarse una liposucci\u00f3n, este mi\u00e9rcoles,\u00a0Tamara B\u00e1ez\u00a0sorprendi\u00f3 a sus miles de seguidores al mostrar su nueva imagen, destacando los cambios que tuvo en su f\u00edsico. Con una foto frente al espejo, la [&hellip;]\" \/>\n<meta property=\"og:url\" content=\"https:\/\/radioclanfm.com\/clanespectaculos\/tamara-baez-mostro-los-cambios-en-su-cuerpo-a-cuatro-meses-de-realizarse-una-liposuccion\/\" \/>\n<meta property=\"og:site_name\" content=\"CLAN ESPECTACULOS\" \/>\n<meta property=\"article:publisher\" content=\"https:\/\/www.facebook.com\/clanespectaculos\/\" \/>\n<meta property=\"article:published_time\" content=\"2026-02-19T03:12:28+00:00\" \/>\n<meta property=\"og:image\" content=\"https:\/\/radioclanfm.com\/clanespectaculos\/wp-content\/uploads\/sites\/2\/2026\/02\/Tm24L7jr.jpg\" \/>\n\t<meta property=\"og:image:width\" content=\"900\" \/>\n\t<meta property=\"og:image:height\" content=\"450\" \/>\n\t<meta property=\"og:image:type\" content=\"image\/jpeg\" \/>\n<meta name=\"author\" content=\"E-GRUPOCLAN\" \/>\n<meta name=\"twitter:card\" content=\"summary_large_image\" \/>\n<meta name=\"twitter:creator\" content=\"@clanespectok\" \/>\n<meta name=\"twitter:site\" content=\"@clanespectok\" \/>\n<meta name=\"twitter:label1\" content=\"Escrito por\" \/>\n\t<meta name=\"twitter:data1\" content=\"E-GRUPOCLAN\" \/>\n\t<meta name=\"twitter:label2\" content=\"Tiempo de lectura\" \/>\n\t<meta name=\"twitter:data2\" content=\"4 minutos\" \/>\n<script type=\"application\/ld+json\" class=\"yoast-schema-graph\">{\"@context\":\"https:\\\/\\\/schema.org\",\"@graph\":[{\"@type\":\"Article\",\"@id\":\"https:\\\/\\\/radioclanfm.com\\\/clanespectaculos\\\/tamara-baez-mostro-los-cambios-en-su-cuerpo-a-cuatro-meses-de-realizarse-una-liposuccion\\\/#article\",\"isPartOf\":{\"@id\":\"https:\\\/\\\/radioclanfm.com\\\/clanespectaculos\\\/tamara-baez-mostro-los-cambios-en-su-cuerpo-a-cuatro-meses-de-realizarse-una-liposuccion\\\/\"},\"author\":{\"name\":\"E-GRUPOCLAN\",\"@id\":\"https:\\\/\\\/radioclanfm.com\\\/clanespectaculos\\\/#\\\/schema\\\/person\\\/9734813083303230f3ad84d99171b20c\"},\"headline\":\"Tamara B\u00e1ez mostr\u00f3 los cambios en su cuerpo a cuatro meses de realizarse una liposucci\u00f3n\",\"datePublished\":\"2026-02-19T03:12:28+00:00\",\"mainEntityOfPage\":{\"@id\":\"https:\\\/\\\/radioclanfm.com\\\/clanespectaculos\\\/tamara-baez-mostro-los-cambios-en-su-cuerpo-a-cuatro-meses-de-realizarse-una-liposuccion\\\/\"},\"wordCount\":752,\"commentCount\":0,\"publisher\":{\"@id\":\"https:\\\/\\\/radioclanfm.com\\\/clanespectaculos\\\/#organization\"},\"image\":{\"@id\":\"https:\\\/\\\/radioclanfm.com\\\/clanespectaculos\\\/tamara-baez-mostro-los-cambios-en-su-cuerpo-a-cuatro-meses-de-realizarse-una-liposuccion\\\/#primaryimage\"},\"thumbnailUrl\":\"https:\\\/\\\/radioclanfm.com\\\/clanespectaculos\\\/wp-content\\\/uploads\\\/sites\\\/2\\\/2026\\\/02\\\/Tm24L7jr.jpg\",\"articleSection\":[\"Espectaculos\"],\"inLanguage\":\"es-AR\",\"potentialAction\":[{\"@type\":\"CommentAction\",\"name\":\"Comment\",\"target\":[\"https:\\\/\\\/radioclanfm.com\\\/clanespectaculos\\\/tamara-baez-mostro-los-cambios-en-su-cuerpo-a-cuatro-meses-de-realizarse-una-liposuccion\\\/#respond\"]}]},{\"@type\":\"WebPage\",\"@id\":\"https:\\\/\\\/radioclanfm.com\\\/clanespectaculos\\\/tamara-baez-mostro-los-cambios-en-su-cuerpo-a-cuatro-meses-de-realizarse-una-liposuccion\\\/\",\"url\":\"https:\\\/\\\/radioclanfm.com\\\/clanespectaculos\\\/tamara-baez-mostro-los-cambios-en-su-cuerpo-a-cuatro-meses-de-realizarse-una-liposuccion\\\/\",\"name\":\"Tamara B\u00e1ez mostr\u00f3 los cambios en su cuerpo a cuatro meses de realizarse una liposucci\u00f3n - CLAN ESPECTACULOS\",\"isPartOf\":{\"@id\":\"https:\\\/\\\/radioclanfm.com\\\/clanespectaculos\\\/#website\"},\"primaryImageOfPage\":{\"@id\":\"https:\\\/\\\/radioclanfm.com\\\/clanespectaculos\\\/tamara-baez-mostro-los-cambios-en-su-cuerpo-a-cuatro-meses-de-realizarse-una-liposuccion\\\/#primaryimage\"},\"image\":{\"@id\":\"https:\\\/\\\/radioclanfm.com\\\/clanespectaculos\\\/tamara-baez-mostro-los-cambios-en-su-cuerpo-a-cuatro-meses-de-realizarse-una-liposuccion\\\/#primaryimage\"},\"thumbnailUrl\":\"https:\\\/\\\/radioclanfm.com\\\/clanespectaculos\\\/wp-content\\\/uploads\\\/sites\\\/2\\\/2026\\\/02\\\/Tm24L7jr.jpg\",\"datePublished\":\"2026-02-19T03:12:28+00:00\",\"breadcrumb\":{\"@id\":\"https:\\\/\\\/radioclanfm.com\\\/clanespectaculos\\\/tamara-baez-mostro-los-cambios-en-su-cuerpo-a-cuatro-meses-de-realizarse-una-liposuccion\\\/#breadcrumb\"},\"inLanguage\":\"es-AR\",\"potentialAction\":[{\"@type\":\"ReadAction\",\"target\":[\"https:\\\/\\\/radioclanfm.com\\\/clanespectaculos\\\/tamara-baez-mostro-los-cambios-en-su-cuerpo-a-cuatro-meses-de-realizarse-una-liposuccion\\\/\"]}]},{\"@type\":\"ImageObject\",\"inLanguage\":\"es-AR\",\"@id\":\"https:\\\/\\\/radioclanfm.com\\\/clanespectaculos\\\/tamara-baez-mostro-los-cambios-en-su-cuerpo-a-cuatro-meses-de-realizarse-una-liposuccion\\\/#primaryimage\",\"url\":\"https:\\\/\\\/radioclanfm.com\\\/clanespectaculos\\\/wp-content\\\/uploads\\\/sites\\\/2\\\/2026\\\/02\\\/Tm24L7jr.jpg\",\"contentUrl\":\"https:\\\/\\\/radioclanfm.com\\\/clanespectaculos\\\/wp-content\\\/uploads\\\/sites\\\/2\\\/2026\\\/02\\\/Tm24L7jr.jpg\",\"width\":900,\"height\":450},{\"@type\":\"BreadcrumbList\",\"@id\":\"https:\\\/\\\/radioclanfm.com\\\/clanespectaculos\\\/tamara-baez-mostro-los-cambios-en-su-cuerpo-a-cuatro-meses-de-realizarse-una-liposuccion\\\/#breadcrumb\",\"itemListElement\":[{\"@type\":\"ListItem\",\"position\":1,\"name\":\"Inicio\",\"item\":\"https:\\\/\\\/radioclanfm.com\\\/clanespectaculos\\\/\"},{\"@type\":\"ListItem\",\"position\":2,\"name\":\"Tamara B\u00e1ez mostr\u00f3 los cambios en su cuerpo a cuatro meses de realizarse una liposucci\u00f3n\"}]},{\"@type\":\"WebSite\",\"@id\":\"https:\\\/\\\/radioclanfm.com\\\/clanespectaculos\\\/#website\",\"url\":\"https:\\\/\\\/radioclanfm.com\\\/clanespectaculos\\\/\",\"name\":\"CLAN ESPECTACULOS\",\"description\":\"\",\"publisher\":{\"@id\":\"https:\\\/\\\/radioclanfm.com\\\/clanespectaculos\\\/#organization\"},\"potentialAction\":[{\"@type\":\"SearchAction\",\"target\":{\"@type\":\"EntryPoint\",\"urlTemplate\":\"https:\\\/\\\/radioclanfm.com\\\/clanespectaculos\\\/?s={search_term_string}\"},\"query-input\":{\"@type\":\"PropertyValueSpecification\",\"valueRequired\":true,\"valueName\":\"search_term_string\"}}],\"inLanguage\":\"es-AR\"},{\"@type\":\"Organization\",\"@id\":\"https:\\\/\\\/radioclanfm.com\\\/clanespectaculos\\\/#organization\",\"name\":\"CLAN ESPECTACULOS\",\"url\":\"https:\\\/\\\/radioclanfm.com\\\/clanespectaculos\\\/\",\"logo\":{\"@type\":\"ImageObject\",\"inLanguage\":\"es-AR\",\"@id\":\"https:\\\/\\\/radioclanfm.com\\\/clanespectaculos\\\/#\\\/schema\\\/logo\\\/image\\\/\",\"url\":\"https:\\\/\\\/radioclanfm.com\\\/clanespectaculos\\\/wp-content\\\/uploads\\\/sites\\\/2\\\/2026\\\/04\\\/ChatGPT-Image-23-mar-2026-10_09_00.png\",\"contentUrl\":\"https:\\\/\\\/radioclanfm.com\\\/clanespectaculos\\\/wp-content\\\/uploads\\\/sites\\\/2\\\/2026\\\/04\\\/ChatGPT-Image-23-mar-2026-10_09_00.png\",\"width\":1024,\"height\":1024,\"caption\":\"CLAN ESPECTACULOS\"},\"image\":{\"@id\":\"https:\\\/\\\/radioclanfm.com\\\/clanespectaculos\\\/#\\\/schema\\\/logo\\\/image\\\/\"},\"sameAs\":[\"https:\\\/\\\/www.facebook.com\\\/clanespectaculos\\\/\",\"https:\\\/\\\/x.com\\\/clanespectok\"]},{\"@type\":\"Person\",\"@id\":\"https:\\\/\\\/radioclanfm.com\\\/clanespectaculos\\\/#\\\/schema\\\/person\\\/9734813083303230f3ad84d99171b20c\",\"name\":\"E-GRUPOCLAN\",\"image\":{\"@type\":\"ImageObject\",\"inLanguage\":\"es-AR\",\"@id\":\"https:\\\/\\\/secure.gravatar.com\\\/avatar\\\/af6e19837c3d6a212034a48c7b3818d2ac1826f6025df0155da5a186ad321d79?s=96&d=mm&r=g\",\"url\":\"https:\\\/\\\/secure.gravatar.com\\\/avatar\\\/af6e19837c3d6a212034a48c7b3818d2ac1826f6025df0155da5a186ad321d79?s=96&d=mm&r=g\",\"contentUrl\":\"https:\\\/\\\/secure.gravatar.com\\\/avatar\\\/af6e19837c3d6a212034a48c7b3818d2ac1826f6025df0155da5a186ad321d79?s=96&d=mm&r=g\",\"caption\":\"E-GRUPOCLAN\"},\"sameAs\":[\"https:\\\/\\\/radioclanfm.com\"],\"url\":\"https:\\\/\\\/radioclanfm.com\\\/clanespectaculos\\\/author\\\/admin\\\/\"}]}<\/script>\n<!-- \/ Yoast SEO plugin. -->","yoast_head_json":{"title":"Tamara B\u00e1ez mostr\u00f3 los cambios en su cuerpo a cuatro meses de realizarse una liposucci\u00f3n - CLAN ESPECTACULOS","robots":{"index":"index","follow":"follow","max-snippet":"max-snippet:-1","max-image-preview":"max-image-preview:large","max-video-preview":"max-video-preview:-1"},"canonical":"https:\/\/radioclanfm.com\/clanespectaculos\/tamara-baez-mostro-los-cambios-en-su-cuerpo-a-cuatro-meses-de-realizarse-una-liposuccion\/","og_locale":"es_ES","og_type":"article","og_title":"Tamara B\u00e1ez mostr\u00f3 los cambios en su cuerpo a cuatro meses de realizarse una liposucci\u00f3n - CLAN ESPECTACULOS","og_description":"La influencer sorprendi\u00f3 a sus fan\u00e1ticos al compartir im\u00e1genes del estado de su f\u00edsico luego de someterse al procedimiento quir\u00fargico A cuatro meses de realizarse una liposucci\u00f3n, este mi\u00e9rcoles,\u00a0Tamara B\u00e1ez\u00a0sorprendi\u00f3 a sus miles de seguidores al mostrar su nueva imagen, destacando los cambios que tuvo en su f\u00edsico. Con una foto frente al espejo, la [&hellip;]","og_url":"https:\/\/radioclanfm.com\/clanespectaculos\/tamara-baez-mostro-los-cambios-en-su-cuerpo-a-cuatro-meses-de-realizarse-una-liposuccion\/","og_site_name":"CLAN ESPECTACULOS","article_publisher":"https:\/\/www.facebook.com\/clanespectaculos\/","article_published_time":"2026-02-19T03:12:28+00:00","og_image":[{"width":900,"height":450,"url":"https:\/\/radioclanfm.com\/clanespectaculos\/wp-content\/uploads\/sites\/2\/2026\/02\/Tm24L7jr.jpg","type":"image\/jpeg"}],"author":"E-GRUPOCLAN","twitter_card":"summary_large_image","twitter_creator":"@clanespectok","twitter_site":"@clanespectok","twitter_misc":{"Escrito por":"E-GRUPOCLAN","Tiempo de lectura":"4 minutos"},"schema":{"@context":"https:\/\/schema.org","@graph":[{"@type":"Article","@id":"https:\/\/radioclanfm.com\/clanespectaculos\/tamara-baez-mostro-los-cambios-en-su-cuerpo-a-cuatro-meses-de-realizarse-una-liposuccion\/#article","isPartOf":{"@id":"https:\/\/radioclanfm.com\/clanespectaculos\/tamara-baez-mostro-los-cambios-en-su-cuerpo-a-cuatro-meses-de-realizarse-una-liposuccion\/"},"author":{"name":"E-GRUPOCLAN","@id":"https:\/\/radioclanfm.com\/clanespectaculos\/#\/schema\/person\/9734813083303230f3ad84d99171b20c"},"headline":"Tamara B\u00e1ez mostr\u00f3 los cambios en su cuerpo a cuatro meses de realizarse una liposucci\u00f3n","datePublished":"2026-02-19T03:12:28+00:00","mainEntityOfPage":{"@id":"https:\/\/radioclanfm.com\/clanespectaculos\/tamara-baez-mostro-los-cambios-en-su-cuerpo-a-cuatro-meses-de-realizarse-una-liposuccion\/"},"wordCount":752,"commentCount":0,"publisher":{"@id":"https:\/\/radioclanfm.com\/clanespectaculos\/#organization"},"image":{"@id":"https:\/\/radioclanfm.com\/clanespectaculos\/tamara-baez-mostro-los-cambios-en-su-cuerpo-a-cuatro-meses-de-realizarse-una-liposuccion\/#primaryimage"},"thumbnailUrl":"https:\/\/radioclanfm.com\/clanespectaculos\/wp-content\/uploads\/sites\/2\/2026\/02\/Tm24L7jr.jpg","articleSection":["Espectaculos"],"inLanguage":"es-AR","potentialAction":[{"@type":"CommentAction","name":"Comment","target":["https:\/\/radioclanfm.com\/clanespectaculos\/tamara-baez-mostro-los-cambios-en-su-cuerpo-a-cuatro-meses-de-realizarse-una-liposuccion\/#respond"]}]},{"@type":"WebPage","@id":"https:\/\/radioclanfm.com\/clanespectaculos\/tamara-baez-mostro-los-cambios-en-su-cuerpo-a-cuatro-meses-de-realizarse-una-liposuccion\/","url":"https:\/\/radioclanfm.com\/clanespectaculos\/tamara-baez-mostro-los-cambios-en-su-cuerpo-a-cuatro-meses-de-realizarse-una-liposuccion\/","name":"Tamara B\u00e1ez mostr\u00f3 los cambios en su cuerpo a cuatro meses de realizarse una liposucci\u00f3n - CLAN ESPECTACULOS","isPartOf":{"@id":"https:\/\/radioclanfm.com\/clanespectaculos\/#website"},"primaryImageOfPage":{"@id":"https:\/\/radioclanfm.com\/clanespectaculos\/tamara-baez-mostro-los-cambios-en-su-cuerpo-a-cuatro-meses-de-realizarse-una-liposuccion\/#primaryimage"},"image":{"@id":"https:\/\/radioclanfm.com\/clanespectaculos\/tamara-baez-mostro-los-cambios-en-su-cuerpo-a-cuatro-meses-de-realizarse-una-liposuccion\/#primaryimage"},"thumbnailUrl":"https:\/\/radioclanfm.com\/clanespectaculos\/wp-content\/uploads\/sites\/2\/2026\/02\/Tm24L7jr.jpg","datePublished":"2026-02-19T03:12:28+00:00","breadcrumb":{"@id":"https:\/\/radioclanfm.com\/clanespectaculos\/tamara-baez-mostro-los-cambios-en-su-cuerpo-a-cuatro-meses-de-realizarse-una-liposuccion\/#breadcrumb"},"inLanguage":"es-AR","potentialAction":[{"@type":"ReadAction","target":["https:\/\/radioclanfm.com\/clanespectaculos\/tamara-baez-mostro-los-cambios-en-su-cuerpo-a-cuatro-meses-de-realizarse-una-liposuccion\/"]}]},{"@type":"ImageObject","inLanguage":"es-AR","@id":"https:\/\/radioclanfm.com\/clanespectaculos\/tamara-baez-mostro-los-cambios-en-su-cuerpo-a-cuatro-meses-de-realizarse-una-liposuccion\/#primaryimage","url":"https:\/\/radioclanfm.com\/clanespectaculos\/wp-content\/uploads\/sites\/2\/2026\/02\/Tm24L7jr.jpg","contentUrl":"https:\/\/radioclanfm.com\/clanespectaculos\/wp-content\/uploads\/sites\/2\/2026\/02\/Tm24L7jr.jpg","width":900,"height":450},{"@type":"BreadcrumbList","@id":"https:\/\/radioclanfm.com\/clanespectaculos\/tamara-baez-mostro-los-cambios-en-su-cuerpo-a-cuatro-meses-de-realizarse-una-liposuccion\/#breadcrumb","itemListElement":[{"@type":"ListItem","position":1,"name":"Inicio","item":"https:\/\/radioclanfm.com\/clanespectaculos\/"},{"@type":"ListItem","position":2,"name":"Tamara B\u00e1ez mostr\u00f3 los cambios en su cuerpo a cuatro meses de realizarse una liposucci\u00f3n"}]},{"@type":"WebSite","@id":"https:\/\/radioclanfm.com\/clanespectaculos\/#website","url":"https:\/\/radioclanfm.com\/clanespectaculos\/","name":"CLAN ESPECTACULOS","description":"","publisher":{"@id":"https:\/\/radioclanfm.com\/clanespectaculos\/#organization"},"potentialAction":[{"@type":"SearchAction","target":{"@type":"EntryPoint","urlTemplate":"https:\/\/radioclanfm.com\/clanespectaculos\/?s={search_term_string}"},"query-input":{"@type":"PropertyValueSpecification","valueRequired":true,"valueName":"search_term_string"}}],"inLanguage":"es-AR"},{"@type":"Organization","@id":"https:\/\/radioclanfm.com\/clanespectaculos\/#organization","name":"CLAN ESPECTACULOS","url":"https:\/\/radioclanfm.com\/clanespectaculos\/","logo":{"@type":"ImageObject","inLanguage":"es-AR","@id":"https:\/\/radioclanfm.com\/clanespectaculos\/#\/schema\/logo\/image\/","url":"https:\/\/radioclanfm.com\/clanespectaculos\/wp-content\/uploads\/sites\/2\/2026\/04\/ChatGPT-Image-23-mar-2026-10_09_00.png","contentUrl":"https:\/\/radioclanfm.com\/clanespectaculos\/wp-content\/uploads\/sites\/2\/2026\/04\/ChatGPT-Image-23-mar-2026-10_09_00.png","width":1024,"height":1024,"caption":"CLAN ESPECTACULOS"},"image":{"@id":"https:\/\/radioclanfm.com\/clanespectaculos\/#\/schema\/logo\/image\/"},"sameAs":["https:\/\/www.facebook.com\/clanespectaculos\/","https:\/\/x.com\/clanespectok"]},{"@type":"Person","@id":"https:\/\/radioclanfm.com\/clanespectaculos\/#\/schema\/person\/9734813083303230f3ad84d99171b20c","name":"E-GRUPOCLAN","image":{"@type":"ImageObject","inLanguage":"es-AR","@id":"https:\/\/secure.gravatar.com\/avatar\/af6e19837c3d6a212034a48c7b3818d2ac1826f6025df0155da5a186ad321d79?s=96&d=mm&r=g","url":"https:\/\/secure.gravatar.com\/avatar\/af6e19837c3d6a212034a48c7b3818d2ac1826f6025df0155da5a186ad321d79?s=96&d=mm&r=g","contentUrl":"https:\/\/secure.gravatar.com\/avatar\/af6e19837c3d6a212034a48c7b3818d2ac1826f6025df0155da5a186ad321d79?s=96&d=mm&r=g","caption":"E-GRUPOCLAN"},"sameAs":["https:\/\/radioclanfm.com"],"url":"https:\/\/radioclanfm.com\/clanespectaculos\/author\/admin\/"}]}},"_links":{"self":[{"href":"https:\/\/radioclanfm.com\/clanespectaculos\/wp-json\/wp\/v2\/posts\/12428","targetHints":{"allow":["GET"]}}],"collection":[{"href":"https:\/\/radioclanfm.com\/clanespectaculos\/wp-json\/wp\/v2\/posts"}],"about":[{"href":"https:\/\/radioclanfm.com\/clanespectaculos\/wp-json\/wp\/v2\/types\/post"}],"author":[{"embeddable":true,"href":"https:\/\/radioclanfm.com\/clanespectaculos\/wp-json\/wp\/v2\/users\/1"}],"replies":[{"embeddable":true,"href":"https:\/\/radioclanfm.com\/clanespectaculos\/wp-json\/wp\/v2\/comments?post=12428"}],"version-history":[{"count":1,"href":"https:\/\/radioclanfm.com\/clanespectaculos\/wp-json\/wp\/v2\/posts\/12428\/revisions"}],"predecessor-version":[{"id":12432,"href":"https:\/\/radioclanfm.com\/clanespectaculos\/wp-json\/wp\/v2\/posts\/12428\/revisions\/12432"}],"wp:featuredmedia":[{"embeddable":true,"href":"https:\/\/radioclanfm.com\/clanespectaculos\/wp-json\/wp\/v2\/media\/12431"}],"wp:attachment":[{"href":"https:\/\/radioclanfm.com\/clanespectaculos\/wp-json\/wp\/v2\/media?parent=12428"}],"wp:term":[{"taxonomy":"category","embeddable":true,"href":"https:\/\/radioclanfm.com\/clanespectaculos\/wp-json\/wp\/v2\/categories?post=12428"},{"taxonomy":"post_tag","embeddable":true,"href":"https:\/\/radioclanfm.com\/clanespectaculos\/wp-json\/wp\/v2\/tags?post=12428"}],"curies":[{"name":"wp","href":"https:\/\/api.w.org\/{rel}","templated":true}]}}