{"id":12408,"date":"2026-02-16T21:49:49","date_gmt":"2026-02-17T00:49:49","guid":{"rendered":"https:\/\/radioclanfm.com\/clanespectaculos\/?p=12408"},"modified":"2026-02-16T21:49:49","modified_gmt":"2026-02-17T00:49:49","slug":"alex-caniggia-cumplio-33-anos-y-compartio-una-foto-intima-con-melody-luz-pura-celebracion","status":"publish","type":"post","link":"https:\/\/radioclanfm.com\/clanespectaculos\/alex-caniggia-cumplio-33-anos-y-compartio-una-foto-intima-con-melody-luz-pura-celebracion\/","title":{"rendered":"Alex Caniggia cumpli\u00f3 33 a\u00f1os y comparti\u00f3 una foto \u00edntima con Melody Luz: \u201cPura celebraci\u00f3n\u201d"},"content":{"rendered":"<p>El influencer y la bailarina hicieron una escapada a Villa General Belgrano para festejar.<\/p>\n<div class=\"col-content\"><main class=\"col-content\"><\/p>\n<div class=\"default-article-color article__body article__article\">\n<p class=\"paragraph font__body-regular\">A trav\u00e9s de sus redes sociales,\u00a0<b>Alex Caniggia<\/b>\u00a0se mostr\u00f3 m\u00e1s feliz que nunca por su cumplea\u00f1os. El influencer viaj\u00f3 con\u00a0<b>Melody Luz<\/b>\u00a0y con su hija\u00a0<b>Venezia\u00a0<\/b>a Villa General Belgrano y la bailarina le dio una sorpresa.<\/p>\n<div class=\"AV6543bedcd858799fe90b5c47\">\n<div id=\"aniBox\">\n<div id=\"aniplayer_AV6543bedcd858799fe90b5c47-1771289358944\">\n<div id=\"aniplayer_AV6543bedcd858799fe90b5c47-1771289358944gui\">\n<div id=\"av-caption\">\n<div id=\"av-close-btn-overlay\" class=\"av-pos-top-left\"><\/div>\n<\/div>\n<\/div>\n<\/div>\n<\/div>\n<\/div>\n<div id=\"ad-slot-infeed\" class=\"infeed-container ad-slot-infeed ad-slot\" data-adtype=\"infeed\" data-lazyload=\"1\" data-google-query-id=\"CKe5p4On35IDFXFMuAQdkacFgQ\">\n<div id=\"google_ads_iframe_\/113951150\/tn-arc\/nota\/infeed_0__container__\"><\/div>\n<\/div>\n<p class=\"paragraph font__body-regular\">La medi\u00e1tica le organiz\u00f3 una cena inesperada, con torta incluida, que\u00a0<b>\u00e9l elogi\u00f3 a trav\u00e9s de un posteo<\/b>\u00a0en el que comparti\u00f3 varias im\u00e1genes del momento.<\/p>\n<h2 class=\"font--primary font__display\">C\u00f3mo fue el festejo de cumplea\u00f1os \u00edntimo que tuvo Alex Caniggia<\/h2>\n<p class=\"paragraph font__body-regular\">Alex mostr\u00f3 en sus historias algunos momentos que pas\u00f3 con Melody en la previa a la cena. En una de las instant\u00e1neas se los ve a los dos en bata, abrazados y cerca de la cama, casi como un gui\u00f1o al amor que se tienen. En la postal, tambi\u00e9n,\u00a0<b>el influencer dej\u00f3 tres corazones rojos.<\/b><\/p>\n<figure class=\"\" data-testid=\"figure-testid\">\n<div class=\"aspect_ratio__container\"><picture class=\"responsive-image\"><source srcset=\"https:\/\/tn.com.ar\/resizer\/v2\/la-foto-intima-de-alex-caniggia-y-melody-luz-foto-instagramalexcaniggia-DB7GQ65IMJHH5GZNHZXHIGAS5I.jpg?auth=b9ddcba13f2cb93c0cb1d4114e126e4c5935886db05ef4d8f0a96644e6e8ab56&amp;width=767\" type=\"image\/jpg\" media=\"(max-width: 728px)\" \/><source srcset=\"https:\/\/tn.com.ar\/resizer\/v2\/la-foto-intima-de-alex-caniggia-y-melody-luz-foto-instagramalexcaniggia-DB7GQ65IMJHH5GZNHZXHIGAS5I.jpg?auth=b9ddcba13f2cb93c0cb1d4114e126e4c5935886db05ef4d8f0a96644e6e8ab56&amp;width=1023\" type=\"image\/jpg\" media=\"(max-width: 1023px)\" \/><source srcset=\"https:\/\/tn.com.ar\/resizer\/v2\/la-foto-intima-de-alex-caniggia-y-melody-luz-foto-instagramalexcaniggia-DB7GQ65IMJHH5GZNHZXHIGAS5I.jpg?auth=b9ddcba13f2cb93c0cb1d4114e126e4c5935886db05ef4d8f0a96644e6e8ab56&amp;width=1440\" type=\"image\/jpg\" \/><img loading=\"lazy\" decoding=\"async\" class=\"image content-image image_placeholder\" src=\"https:\/\/tn.com.ar\/resizer\/v2\/la-foto-intima-de-alex-caniggia-y-melody-luz-foto-instagramalexcaniggia-DB7GQ65IMJHH5GZNHZXHIGAS5I.jpg?auth=b9ddcba13f2cb93c0cb1d4114e126e4c5935886db05ef4d8f0a96644e6e8ab56&amp;width=767\" alt=\"La foto \u00edntima de Alex Caniggia y Melody Luz. (Foto: Instagram\/alexcaniggia)\" width=\"767\" height=\"1363\" data-testid=\"loading-testid\" \/><\/picture><\/div><figcaption class=\"caption_image\" data-testid=\"figcaption-testid\">\n<div class=\"image_caption \">La foto \u00edntima de Alex Caniggia y Melody Luz. (Foto: Instagram\/alexcaniggia)<\/div>\n<\/figcaption><\/figure>\n<p class=\"paragraph font__body-regular\">En la llegada al hotel y spa de Villa General Belgrano, C\u00f3rdoba,\u00a0<b>Caniggia se sac\u00f3 una selfie en el ascensor<\/b>. \u201cD\u00eda de cumple con las mujeres de mi vida. Qu\u00e9 m\u00e1s puedo escribir\u201d, coment\u00f3.<\/p>\n<p class=\"paragraph font__body-regular\">M\u00e1s tarde, Caniggia record\u00f3 en su posteo que subi\u00f3 al\u00a0<i>feed<\/i>\u00a0de Instagram que cumple 33 a\u00f1os \u201cla edad de Cristo\u201d.\u00a0<b>\u201cAc\u00e1 no hay crucifixi\u00f3n<\/b>. Resucito cada a\u00f1o y subo m\u00e1s la presi\u00f3n. No soy ejemplo, soy problema en expansi\u00f3n, si les molesta mi brillo, bloqueen la transmisi\u00f3n. No vine a caerle bien a toda la Naci\u00f3n; vine a hacer historia, ruido y facturaci\u00f3n. Los que rezan por mi ca\u00edda sigan en oraci\u00f3n, que mientras m\u00e1s me nombran, m\u00e1s sube la cotizaci\u00f3n\u201d, escribi\u00f3.<\/p>\n<figure class=\"\" data-testid=\"figure-testid\">\n<div class=\"aspect_ratio__container\"><picture class=\"responsive-image\"><source srcset=\"https:\/\/tn.com.ar\/resizer\/v2\/alex-caniggia-subio-un-posteo-a-instagram-con-una-dedicatoria-foto-instagramalexcaniggia-PDOPCC6OXNBJTNB34JAU6IR34Q.JPG?auth=e6417d53bcce52d0d5f3ae854b3812146dcd7e481467bad34781ac7d0e9c10dd&amp;width=767\" type=\"image\/jpg\" media=\"(max-width: 728px)\" \/><source srcset=\"https:\/\/tn.com.ar\/resizer\/v2\/alex-caniggia-subio-un-posteo-a-instagram-con-una-dedicatoria-foto-instagramalexcaniggia-PDOPCC6OXNBJTNB34JAU6IR34Q.JPG?auth=e6417d53bcce52d0d5f3ae854b3812146dcd7e481467bad34781ac7d0e9c10dd&amp;width=1023\" type=\"image\/jpg\" media=\"(max-width: 1023px)\" \/><source srcset=\"https:\/\/tn.com.ar\/resizer\/v2\/alex-caniggia-subio-un-posteo-a-instagram-con-una-dedicatoria-foto-instagramalexcaniggia-PDOPCC6OXNBJTNB34JAU6IR34Q.JPG?auth=e6417d53bcce52d0d5f3ae854b3812146dcd7e481467bad34781ac7d0e9c10dd&amp;width=1440\" type=\"image\/jpg\" \/><img loading=\"lazy\" decoding=\"async\" class=\"image content-image image_placeholder\" src=\"https:\/\/tn.com.ar\/resizer\/v2\/alex-caniggia-subio-un-posteo-a-instagram-con-una-dedicatoria-foto-instagramalexcaniggia-PDOPCC6OXNBJTNB34JAU6IR34Q.JPG?auth=e6417d53bcce52d0d5f3ae854b3812146dcd7e481467bad34781ac7d0e9c10dd&amp;width=767\" alt=\"Alex Caniggia subi\u00f3 un posteo a Instagram con una dedicatoria. (Foto: Instagram\/alexcaniggia)\" width=\"767\" height=\"540\" data-testid=\"loading-testid\" \/><\/picture><\/div><figcaption class=\"caption_image\" data-testid=\"figcaption-testid\">\n<div class=\"image_caption \">Alex Caniggia subi\u00f3 un posteo a Instagram con una dedicatoria. (Foto: Instagram\/alexcaniggia)<\/div>\n<\/figcaption><\/figure>\n<p class=\"paragraph font__body-regular\">Luego, le dedic\u00f3 un mensaje a su pareja. \u201c<b>Copa en alto, cero culpa, pura celebraci\u00f3n<\/b>; los falsos brindan agua, yo champ\u00e1n y ambici\u00f3n; 33 velas, 33 razones para la explosi\u00f3n, si no soportan al EMPERADOR, cambien de dimensi\u00f3n. Hoy no cumplo a\u00f1os, cumplo dominaci\u00f3n. Gracias mi amor por esta cena sorpresa TE AMO\u201d, cerr\u00f3.<\/p>\n<p class=\"paragraph font__body-regular\">Melody Luz le dej\u00f3 un mensaje en sus redes en respuesta a su dedicatoria. \u201c\u00a1Feliz cumple amor m\u00edo! Espero que lo hayas pasado como te lo merec\u00e9s y que la sorpresa te haya gustado.\u00a0<b>Te amamos, papuchi<\/b>\u201c, escribi\u00f3.<\/p>\n<p class=\"paragraph font__body-regular\">El hijo del\u00a0<b>P\u00e1jaro Caniggia<\/b>\u00a0y\u00a0<b>Mariana Nannis<\/b>\u00a0tambi\u00e9n tuvo tiempo de divertirse con su hija\u00a0<b>Venezia\u00a0<\/b>mientras com\u00eda. Por eso, dej\u00f3 que su hija se subiera a su espalda y les pregunt\u00f3 a sus seguidores si la nena le hab\u00eda caminado encima como si fuera un\u00a0<b>Therian<\/b>.<\/p>\n<\/div>\n<p><\/main><\/div>\n<aside class=\"col-right-rail right-rail\">\n<div id=\"parent-ad-slot-caja\" class=\"ad-container caja_ad \">\n<div class=\"ad-content\"><\/div>\n<\/div>\n<\/aside>\n","protected":false},"excerpt":{"rendered":"<p>El influencer y la bailarina hicieron una escapada a Villa General Belgrano para festejar. A trav\u00e9s de sus redes sociales,\u00a0Alex Caniggia\u00a0se mostr\u00f3 m\u00e1s feliz que nunca por su cumplea\u00f1os. El influencer viaj\u00f3 con\u00a0Melody Luz\u00a0y con su hija\u00a0Venezia\u00a0a Villa General Belgrano y la bailarina le dio una sorpresa. La medi\u00e1tica le organiz\u00f3 una cena inesperada, con [&hellip;]<\/p>\n","protected":false},"author":1,"featured_media":12411,"comment_status":"open","ping_status":"open","sticky":false,"template":"","format":"standard","meta":{"rop_custom_images_group":[],"rop_custom_messages_group":[],"rop_publish_now":"initial","rop_publish_now_accounts":[],"rop_publish_now_history":[],"rop_publish_now_status":"pending","footnotes":"","jetpack_publicize_message":"","jetpack_publicize_feature_enabled":true,"jetpack_social_post_already_shared":true,"jetpack_social_options":{"image_generator_settings":{"template":"highway","enabled":false},"version":2}},"categories":[12],"tags":[],"class_list":{"0":"post-12408","1":"post","2":"type-post","3":"status-publish","4":"format-standard","5":"has-post-thumbnail","7":"category-espectaculos"},"jetpack_publicize_connections":[],"yoast_head":"<!-- This site is optimized with the Yoast SEO plugin v27.3 - https:\/\/yoast.com\/product\/yoast-seo-wordpress\/ -->\n<title>Alex Caniggia cumpli\u00f3 33 a\u00f1os y comparti\u00f3 una foto \u00edntima con Melody Luz: \u201cPura celebraci\u00f3n\u201d - CLAN ESPECTACULOS<\/title>\n<meta name=\"robots\" content=\"index, follow, max-snippet:-1, max-image-preview:large, max-video-preview:-1\" \/>\n<link rel=\"canonical\" href=\"https:\/\/radioclanfm.com\/clanespectaculos\/alex-caniggia-cumplio-33-anos-y-compartio-una-foto-intima-con-melody-luz-pura-celebracion\/\" \/>\n<meta property=\"og:locale\" content=\"es_ES\" \/>\n<meta property=\"og:type\" content=\"article\" \/>\n<meta property=\"og:title\" content=\"Alex Caniggia cumpli\u00f3 33 a\u00f1os y comparti\u00f3 una foto \u00edntima con Melody Luz: \u201cPura celebraci\u00f3n\u201d - CLAN ESPECTACULOS\" \/>\n<meta property=\"og:description\" content=\"El influencer y la bailarina hicieron una escapada a Villa General Belgrano para festejar. A trav\u00e9s de sus redes sociales,\u00a0Alex Caniggia\u00a0se mostr\u00f3 m\u00e1s feliz que nunca por su cumplea\u00f1os. El influencer viaj\u00f3 con\u00a0Melody Luz\u00a0y con su hija\u00a0Venezia\u00a0a Villa General Belgrano y la bailarina le dio una sorpresa. La medi\u00e1tica le organiz\u00f3 una cena inesperada, con [&hellip;]\" \/>\n<meta property=\"og:url\" content=\"https:\/\/radioclanfm.com\/clanespectaculos\/alex-caniggia-cumplio-33-anos-y-compartio-una-foto-intima-con-melody-luz-pura-celebracion\/\" \/>\n<meta property=\"og:site_name\" content=\"CLAN ESPECTACULOS\" \/>\n<meta property=\"article:publisher\" content=\"https:\/\/www.facebook.com\/clanespectaculos\/\" \/>\n<meta property=\"article:published_time\" content=\"2026-02-17T00:49:49+00:00\" \/>\n<meta property=\"og:image\" content=\"https:\/\/radioclanfm.com\/clanespectaculos\/wp-content\/uploads\/sites\/2\/2026\/02\/GwEHACYf.jpg\" \/>\n\t<meta property=\"og:image:width\" content=\"900\" \/>\n\t<meta property=\"og:image:height\" content=\"504\" \/>\n\t<meta property=\"og:image:type\" content=\"image\/jpeg\" \/>\n<meta name=\"author\" content=\"E-GRUPOCLAN\" \/>\n<meta name=\"twitter:card\" content=\"summary_large_image\" \/>\n<meta name=\"twitter:creator\" content=\"@clanespectok\" \/>\n<meta name=\"twitter:site\" content=\"@clanespectok\" \/>\n<meta name=\"twitter:label1\" content=\"Escrito por\" \/>\n\t<meta name=\"twitter:data1\" content=\"E-GRUPOCLAN\" \/>\n\t<meta name=\"twitter:label2\" content=\"Tiempo de lectura\" \/>\n\t<meta name=\"twitter:data2\" content=\"2 minutos\" \/>\n<script type=\"application\/ld+json\" class=\"yoast-schema-graph\">{\"@context\":\"https:\\\/\\\/schema.org\",\"@graph\":[{\"@type\":\"Article\",\"@id\":\"https:\\\/\\\/radioclanfm.com\\\/clanespectaculos\\\/alex-caniggia-cumplio-33-anos-y-compartio-una-foto-intima-con-melody-luz-pura-celebracion\\\/#article\",\"isPartOf\":{\"@id\":\"https:\\\/\\\/radioclanfm.com\\\/clanespectaculos\\\/alex-caniggia-cumplio-33-anos-y-compartio-una-foto-intima-con-melody-luz-pura-celebracion\\\/\"},\"author\":{\"name\":\"E-GRUPOCLAN\",\"@id\":\"https:\\\/\\\/radioclanfm.com\\\/clanespectaculos\\\/#\\\/schema\\\/person\\\/9734813083303230f3ad84d99171b20c\"},\"headline\":\"Alex Caniggia cumpli\u00f3 33 a\u00f1os y comparti\u00f3 una foto \u00edntima con Melody Luz: \u201cPura celebraci\u00f3n\u201d\",\"datePublished\":\"2026-02-17T00:49:49+00:00\",\"mainEntityOfPage\":{\"@id\":\"https:\\\/\\\/radioclanfm.com\\\/clanespectaculos\\\/alex-caniggia-cumplio-33-anos-y-compartio-una-foto-intima-con-melody-luz-pura-celebracion\\\/\"},\"wordCount\":482,\"commentCount\":0,\"publisher\":{\"@id\":\"https:\\\/\\\/radioclanfm.com\\\/clanespectaculos\\\/#organization\"},\"image\":{\"@id\":\"https:\\\/\\\/radioclanfm.com\\\/clanespectaculos\\\/alex-caniggia-cumplio-33-anos-y-compartio-una-foto-intima-con-melody-luz-pura-celebracion\\\/#primaryimage\"},\"thumbnailUrl\":\"https:\\\/\\\/radioclanfm.com\\\/clanespectaculos\\\/wp-content\\\/uploads\\\/sites\\\/2\\\/2026\\\/02\\\/GwEHACYf.jpg\",\"articleSection\":[\"Espectaculos\"],\"inLanguage\":\"es-AR\",\"potentialAction\":[{\"@type\":\"CommentAction\",\"name\":\"Comment\",\"target\":[\"https:\\\/\\\/radioclanfm.com\\\/clanespectaculos\\\/alex-caniggia-cumplio-33-anos-y-compartio-una-foto-intima-con-melody-luz-pura-celebracion\\\/#respond\"]}]},{\"@type\":\"WebPage\",\"@id\":\"https:\\\/\\\/radioclanfm.com\\\/clanespectaculos\\\/alex-caniggia-cumplio-33-anos-y-compartio-una-foto-intima-con-melody-luz-pura-celebracion\\\/\",\"url\":\"https:\\\/\\\/radioclanfm.com\\\/clanespectaculos\\\/alex-caniggia-cumplio-33-anos-y-compartio-una-foto-intima-con-melody-luz-pura-celebracion\\\/\",\"name\":\"Alex Caniggia cumpli\u00f3 33 a\u00f1os y comparti\u00f3 una foto \u00edntima con Melody Luz: \u201cPura celebraci\u00f3n\u201d - CLAN ESPECTACULOS\",\"isPartOf\":{\"@id\":\"https:\\\/\\\/radioclanfm.com\\\/clanespectaculos\\\/#website\"},\"primaryImageOfPage\":{\"@id\":\"https:\\\/\\\/radioclanfm.com\\\/clanespectaculos\\\/alex-caniggia-cumplio-33-anos-y-compartio-una-foto-intima-con-melody-luz-pura-celebracion\\\/#primaryimage\"},\"image\":{\"@id\":\"https:\\\/\\\/radioclanfm.com\\\/clanespectaculos\\\/alex-caniggia-cumplio-33-anos-y-compartio-una-foto-intima-con-melody-luz-pura-celebracion\\\/#primaryimage\"},\"thumbnailUrl\":\"https:\\\/\\\/radioclanfm.com\\\/clanespectaculos\\\/wp-content\\\/uploads\\\/sites\\\/2\\\/2026\\\/02\\\/GwEHACYf.jpg\",\"datePublished\":\"2026-02-17T00:49:49+00:00\",\"breadcrumb\":{\"@id\":\"https:\\\/\\\/radioclanfm.com\\\/clanespectaculos\\\/alex-caniggia-cumplio-33-anos-y-compartio-una-foto-intima-con-melody-luz-pura-celebracion\\\/#breadcrumb\"},\"inLanguage\":\"es-AR\",\"potentialAction\":[{\"@type\":\"ReadAction\",\"target\":[\"https:\\\/\\\/radioclanfm.com\\\/clanespectaculos\\\/alex-caniggia-cumplio-33-anos-y-compartio-una-foto-intima-con-melody-luz-pura-celebracion\\\/\"]}]},{\"@type\":\"ImageObject\",\"inLanguage\":\"es-AR\",\"@id\":\"https:\\\/\\\/radioclanfm.com\\\/clanespectaculos\\\/alex-caniggia-cumplio-33-anos-y-compartio-una-foto-intima-con-melody-luz-pura-celebracion\\\/#primaryimage\",\"url\":\"https:\\\/\\\/radioclanfm.com\\\/clanespectaculos\\\/wp-content\\\/uploads\\\/sites\\\/2\\\/2026\\\/02\\\/GwEHACYf.jpg\",\"contentUrl\":\"https:\\\/\\\/radioclanfm.com\\\/clanespectaculos\\\/wp-content\\\/uploads\\\/sites\\\/2\\\/2026\\\/02\\\/GwEHACYf.jpg\",\"width\":900,\"height\":504},{\"@type\":\"BreadcrumbList\",\"@id\":\"https:\\\/\\\/radioclanfm.com\\\/clanespectaculos\\\/alex-caniggia-cumplio-33-anos-y-compartio-una-foto-intima-con-melody-luz-pura-celebracion\\\/#breadcrumb\",\"itemListElement\":[{\"@type\":\"ListItem\",\"position\":1,\"name\":\"Inicio\",\"item\":\"https:\\\/\\\/radioclanfm.com\\\/clanespectaculos\\\/\"},{\"@type\":\"ListItem\",\"position\":2,\"name\":\"Alex Caniggia cumpli\u00f3 33 a\u00f1os y comparti\u00f3 una foto \u00edntima con Melody Luz: \u201cPura celebraci\u00f3n\u201d\"}]},{\"@type\":\"WebSite\",\"@id\":\"https:\\\/\\\/radioclanfm.com\\\/clanespectaculos\\\/#website\",\"url\":\"https:\\\/\\\/radioclanfm.com\\\/clanespectaculos\\\/\",\"name\":\"CLAN ESPECTACULOS\",\"description\":\"\",\"publisher\":{\"@id\":\"https:\\\/\\\/radioclanfm.com\\\/clanespectaculos\\\/#organization\"},\"potentialAction\":[{\"@type\":\"SearchAction\",\"target\":{\"@type\":\"EntryPoint\",\"urlTemplate\":\"https:\\\/\\\/radioclanfm.com\\\/clanespectaculos\\\/?s={search_term_string}\"},\"query-input\":{\"@type\":\"PropertyValueSpecification\",\"valueRequired\":true,\"valueName\":\"search_term_string\"}}],\"inLanguage\":\"es-AR\"},{\"@type\":\"Organization\",\"@id\":\"https:\\\/\\\/radioclanfm.com\\\/clanespectaculos\\\/#organization\",\"name\":\"CLAN ESPECTACULOS\",\"url\":\"https:\\\/\\\/radioclanfm.com\\\/clanespectaculos\\\/\",\"logo\":{\"@type\":\"ImageObject\",\"inLanguage\":\"es-AR\",\"@id\":\"https:\\\/\\\/radioclanfm.com\\\/clanespectaculos\\\/#\\\/schema\\\/logo\\\/image\\\/\",\"url\":\"https:\\\/\\\/radioclanfm.com\\\/clanespectaculos\\\/wp-content\\\/uploads\\\/sites\\\/2\\\/2026\\\/04\\\/ChatGPT-Image-23-mar-2026-10_09_00.png\",\"contentUrl\":\"https:\\\/\\\/radioclanfm.com\\\/clanespectaculos\\\/wp-content\\\/uploads\\\/sites\\\/2\\\/2026\\\/04\\\/ChatGPT-Image-23-mar-2026-10_09_00.png\",\"width\":1024,\"height\":1024,\"caption\":\"CLAN ESPECTACULOS\"},\"image\":{\"@id\":\"https:\\\/\\\/radioclanfm.com\\\/clanespectaculos\\\/#\\\/schema\\\/logo\\\/image\\\/\"},\"sameAs\":[\"https:\\\/\\\/www.facebook.com\\\/clanespectaculos\\\/\",\"https:\\\/\\\/x.com\\\/clanespectok\"]},{\"@type\":\"Person\",\"@id\":\"https:\\\/\\\/radioclanfm.com\\\/clanespectaculos\\\/#\\\/schema\\\/person\\\/9734813083303230f3ad84d99171b20c\",\"name\":\"E-GRUPOCLAN\",\"image\":{\"@type\":\"ImageObject\",\"inLanguage\":\"es-AR\",\"@id\":\"https:\\\/\\\/secure.gravatar.com\\\/avatar\\\/af6e19837c3d6a212034a48c7b3818d2ac1826f6025df0155da5a186ad321d79?s=96&d=mm&r=g\",\"url\":\"https:\\\/\\\/secure.gravatar.com\\\/avatar\\\/af6e19837c3d6a212034a48c7b3818d2ac1826f6025df0155da5a186ad321d79?s=96&d=mm&r=g\",\"contentUrl\":\"https:\\\/\\\/secure.gravatar.com\\\/avatar\\\/af6e19837c3d6a212034a48c7b3818d2ac1826f6025df0155da5a186ad321d79?s=96&d=mm&r=g\",\"caption\":\"E-GRUPOCLAN\"},\"sameAs\":[\"https:\\\/\\\/radioclanfm.com\"],\"url\":\"https:\\\/\\\/radioclanfm.com\\\/clanespectaculos\\\/author\\\/admin\\\/\"}]}<\/script>\n<!-- \/ Yoast SEO plugin. -->","yoast_head_json":{"title":"Alex Caniggia cumpli\u00f3 33 a\u00f1os y comparti\u00f3 una foto \u00edntima con Melody Luz: \u201cPura celebraci\u00f3n\u201d - CLAN ESPECTACULOS","robots":{"index":"index","follow":"follow","max-snippet":"max-snippet:-1","max-image-preview":"max-image-preview:large","max-video-preview":"max-video-preview:-1"},"canonical":"https:\/\/radioclanfm.com\/clanespectaculos\/alex-caniggia-cumplio-33-anos-y-compartio-una-foto-intima-con-melody-luz-pura-celebracion\/","og_locale":"es_ES","og_type":"article","og_title":"Alex Caniggia cumpli\u00f3 33 a\u00f1os y comparti\u00f3 una foto \u00edntima con Melody Luz: \u201cPura celebraci\u00f3n\u201d - CLAN ESPECTACULOS","og_description":"El influencer y la bailarina hicieron una escapada a Villa General Belgrano para festejar. A trav\u00e9s de sus redes sociales,\u00a0Alex Caniggia\u00a0se mostr\u00f3 m\u00e1s feliz que nunca por su cumplea\u00f1os. El influencer viaj\u00f3 con\u00a0Melody Luz\u00a0y con su hija\u00a0Venezia\u00a0a Villa General Belgrano y la bailarina le dio una sorpresa. La medi\u00e1tica le organiz\u00f3 una cena inesperada, con [&hellip;]","og_url":"https:\/\/radioclanfm.com\/clanespectaculos\/alex-caniggia-cumplio-33-anos-y-compartio-una-foto-intima-con-melody-luz-pura-celebracion\/","og_site_name":"CLAN ESPECTACULOS","article_publisher":"https:\/\/www.facebook.com\/clanespectaculos\/","article_published_time":"2026-02-17T00:49:49+00:00","og_image":[{"width":900,"height":504,"url":"https:\/\/radioclanfm.com\/clanespectaculos\/wp-content\/uploads\/sites\/2\/2026\/02\/GwEHACYf.jpg","type":"image\/jpeg"}],"author":"E-GRUPOCLAN","twitter_card":"summary_large_image","twitter_creator":"@clanespectok","twitter_site":"@clanespectok","twitter_misc":{"Escrito por":"E-GRUPOCLAN","Tiempo de lectura":"2 minutos"},"schema":{"@context":"https:\/\/schema.org","@graph":[{"@type":"Article","@id":"https:\/\/radioclanfm.com\/clanespectaculos\/alex-caniggia-cumplio-33-anos-y-compartio-una-foto-intima-con-melody-luz-pura-celebracion\/#article","isPartOf":{"@id":"https:\/\/radioclanfm.com\/clanespectaculos\/alex-caniggia-cumplio-33-anos-y-compartio-una-foto-intima-con-melody-luz-pura-celebracion\/"},"author":{"name":"E-GRUPOCLAN","@id":"https:\/\/radioclanfm.com\/clanespectaculos\/#\/schema\/person\/9734813083303230f3ad84d99171b20c"},"headline":"Alex Caniggia cumpli\u00f3 33 a\u00f1os y comparti\u00f3 una foto \u00edntima con Melody Luz: \u201cPura celebraci\u00f3n\u201d","datePublished":"2026-02-17T00:49:49+00:00","mainEntityOfPage":{"@id":"https:\/\/radioclanfm.com\/clanespectaculos\/alex-caniggia-cumplio-33-anos-y-compartio-una-foto-intima-con-melody-luz-pura-celebracion\/"},"wordCount":482,"commentCount":0,"publisher":{"@id":"https:\/\/radioclanfm.com\/clanespectaculos\/#organization"},"image":{"@id":"https:\/\/radioclanfm.com\/clanespectaculos\/alex-caniggia-cumplio-33-anos-y-compartio-una-foto-intima-con-melody-luz-pura-celebracion\/#primaryimage"},"thumbnailUrl":"https:\/\/radioclanfm.com\/clanespectaculos\/wp-content\/uploads\/sites\/2\/2026\/02\/GwEHACYf.jpg","articleSection":["Espectaculos"],"inLanguage":"es-AR","potentialAction":[{"@type":"CommentAction","name":"Comment","target":["https:\/\/radioclanfm.com\/clanespectaculos\/alex-caniggia-cumplio-33-anos-y-compartio-una-foto-intima-con-melody-luz-pura-celebracion\/#respond"]}]},{"@type":"WebPage","@id":"https:\/\/radioclanfm.com\/clanespectaculos\/alex-caniggia-cumplio-33-anos-y-compartio-una-foto-intima-con-melody-luz-pura-celebracion\/","url":"https:\/\/radioclanfm.com\/clanespectaculos\/alex-caniggia-cumplio-33-anos-y-compartio-una-foto-intima-con-melody-luz-pura-celebracion\/","name":"Alex Caniggia cumpli\u00f3 33 a\u00f1os y comparti\u00f3 una foto \u00edntima con Melody Luz: \u201cPura celebraci\u00f3n\u201d - CLAN ESPECTACULOS","isPartOf":{"@id":"https:\/\/radioclanfm.com\/clanespectaculos\/#website"},"primaryImageOfPage":{"@id":"https:\/\/radioclanfm.com\/clanespectaculos\/alex-caniggia-cumplio-33-anos-y-compartio-una-foto-intima-con-melody-luz-pura-celebracion\/#primaryimage"},"image":{"@id":"https:\/\/radioclanfm.com\/clanespectaculos\/alex-caniggia-cumplio-33-anos-y-compartio-una-foto-intima-con-melody-luz-pura-celebracion\/#primaryimage"},"thumbnailUrl":"https:\/\/radioclanfm.com\/clanespectaculos\/wp-content\/uploads\/sites\/2\/2026\/02\/GwEHACYf.jpg","datePublished":"2026-02-17T00:49:49+00:00","breadcrumb":{"@id":"https:\/\/radioclanfm.com\/clanespectaculos\/alex-caniggia-cumplio-33-anos-y-compartio-una-foto-intima-con-melody-luz-pura-celebracion\/#breadcrumb"},"inLanguage":"es-AR","potentialAction":[{"@type":"ReadAction","target":["https:\/\/radioclanfm.com\/clanespectaculos\/alex-caniggia-cumplio-33-anos-y-compartio-una-foto-intima-con-melody-luz-pura-celebracion\/"]}]},{"@type":"ImageObject","inLanguage":"es-AR","@id":"https:\/\/radioclanfm.com\/clanespectaculos\/alex-caniggia-cumplio-33-anos-y-compartio-una-foto-intima-con-melody-luz-pura-celebracion\/#primaryimage","url":"https:\/\/radioclanfm.com\/clanespectaculos\/wp-content\/uploads\/sites\/2\/2026\/02\/GwEHACYf.jpg","contentUrl":"https:\/\/radioclanfm.com\/clanespectaculos\/wp-content\/uploads\/sites\/2\/2026\/02\/GwEHACYf.jpg","width":900,"height":504},{"@type":"BreadcrumbList","@id":"https:\/\/radioclanfm.com\/clanespectaculos\/alex-caniggia-cumplio-33-anos-y-compartio-una-foto-intima-con-melody-luz-pura-celebracion\/#breadcrumb","itemListElement":[{"@type":"ListItem","position":1,"name":"Inicio","item":"https:\/\/radioclanfm.com\/clanespectaculos\/"},{"@type":"ListItem","position":2,"name":"Alex Caniggia cumpli\u00f3 33 a\u00f1os y comparti\u00f3 una foto \u00edntima con Melody Luz: \u201cPura celebraci\u00f3n\u201d"}]},{"@type":"WebSite","@id":"https:\/\/radioclanfm.com\/clanespectaculos\/#website","url":"https:\/\/radioclanfm.com\/clanespectaculos\/","name":"CLAN ESPECTACULOS","description":"","publisher":{"@id":"https:\/\/radioclanfm.com\/clanespectaculos\/#organization"},"potentialAction":[{"@type":"SearchAction","target":{"@type":"EntryPoint","urlTemplate":"https:\/\/radioclanfm.com\/clanespectaculos\/?s={search_term_string}"},"query-input":{"@type":"PropertyValueSpecification","valueRequired":true,"valueName":"search_term_string"}}],"inLanguage":"es-AR"},{"@type":"Organization","@id":"https:\/\/radioclanfm.com\/clanespectaculos\/#organization","name":"CLAN ESPECTACULOS","url":"https:\/\/radioclanfm.com\/clanespectaculos\/","logo":{"@type":"ImageObject","inLanguage":"es-AR","@id":"https:\/\/radioclanfm.com\/clanespectaculos\/#\/schema\/logo\/image\/","url":"https:\/\/radioclanfm.com\/clanespectaculos\/wp-content\/uploads\/sites\/2\/2026\/04\/ChatGPT-Image-23-mar-2026-10_09_00.png","contentUrl":"https:\/\/radioclanfm.com\/clanespectaculos\/wp-content\/uploads\/sites\/2\/2026\/04\/ChatGPT-Image-23-mar-2026-10_09_00.png","width":1024,"height":1024,"caption":"CLAN ESPECTACULOS"},"image":{"@id":"https:\/\/radioclanfm.com\/clanespectaculos\/#\/schema\/logo\/image\/"},"sameAs":["https:\/\/www.facebook.com\/clanespectaculos\/","https:\/\/x.com\/clanespectok"]},{"@type":"Person","@id":"https:\/\/radioclanfm.com\/clanespectaculos\/#\/schema\/person\/9734813083303230f3ad84d99171b20c","name":"E-GRUPOCLAN","image":{"@type":"ImageObject","inLanguage":"es-AR","@id":"https:\/\/secure.gravatar.com\/avatar\/af6e19837c3d6a212034a48c7b3818d2ac1826f6025df0155da5a186ad321d79?s=96&d=mm&r=g","url":"https:\/\/secure.gravatar.com\/avatar\/af6e19837c3d6a212034a48c7b3818d2ac1826f6025df0155da5a186ad321d79?s=96&d=mm&r=g","contentUrl":"https:\/\/secure.gravatar.com\/avatar\/af6e19837c3d6a212034a48c7b3818d2ac1826f6025df0155da5a186ad321d79?s=96&d=mm&r=g","caption":"E-GRUPOCLAN"},"sameAs":["https:\/\/radioclanfm.com"],"url":"https:\/\/radioclanfm.com\/clanespectaculos\/author\/admin\/"}]}},"_links":{"self":[{"href":"https:\/\/radioclanfm.com\/clanespectaculos\/wp-json\/wp\/v2\/posts\/12408","targetHints":{"allow":["GET"]}}],"collection":[{"href":"https:\/\/radioclanfm.com\/clanespectaculos\/wp-json\/wp\/v2\/posts"}],"about":[{"href":"https:\/\/radioclanfm.com\/clanespectaculos\/wp-json\/wp\/v2\/types\/post"}],"author":[{"embeddable":true,"href":"https:\/\/radioclanfm.com\/clanespectaculos\/wp-json\/wp\/v2\/users\/1"}],"replies":[{"embeddable":true,"href":"https:\/\/radioclanfm.com\/clanespectaculos\/wp-json\/wp\/v2\/comments?post=12408"}],"version-history":[{"count":1,"href":"https:\/\/radioclanfm.com\/clanespectaculos\/wp-json\/wp\/v2\/posts\/12408\/revisions"}],"predecessor-version":[{"id":12412,"href":"https:\/\/radioclanfm.com\/clanespectaculos\/wp-json\/wp\/v2\/posts\/12408\/revisions\/12412"}],"wp:featuredmedia":[{"embeddable":true,"href":"https:\/\/radioclanfm.com\/clanespectaculos\/wp-json\/wp\/v2\/media\/12411"}],"wp:attachment":[{"href":"https:\/\/radioclanfm.com\/clanespectaculos\/wp-json\/wp\/v2\/media?parent=12408"}],"wp:term":[{"taxonomy":"category","embeddable":true,"href":"https:\/\/radioclanfm.com\/clanespectaculos\/wp-json\/wp\/v2\/categories?post=12408"},{"taxonomy":"post_tag","embeddable":true,"href":"https:\/\/radioclanfm.com\/clanespectaculos\/wp-json\/wp\/v2\/tags?post=12408"}],"curies":[{"name":"wp","href":"https:\/\/api.w.org\/{rel}","templated":true}]}}