{"id":12398,"date":"2026-02-16T21:44:34","date_gmt":"2026-02-17T00:44:34","guid":{"rendered":"https:\/\/radioclanfm.com\/clanespectaculos\/?p=12398"},"modified":"2026-02-16T21:44:34","modified_gmt":"2026-02-17T00:44:34","slug":"la-china-suarez-hablo-de-la-polemica-con-wanda-nara-por-la-malla-de-su-hija-otra-mentira-mas","status":"publish","type":"post","link":"https:\/\/radioclanfm.com\/clanespectaculos\/la-china-suarez-hablo-de-la-polemica-con-wanda-nara-por-la-malla-de-su-hija-otra-mentira-mas\/","title":{"rendered":"La China Su\u00e1rez habl\u00f3 de la pol\u00e9mica con Wanda Nara por la malla de su hija: \u201cOtra mentira m\u00e1s\u201d"},"content":{"rendered":"<p>La actriz, en di\u00e1logo con Gustavo M\u00e9ndez para La ma\u00f1ana con Moria, se refiri\u00f3 al esc\u00e1ndalo por la prenda en medio del esc\u00e1ndalo judicial<\/p>\n<p class=\"paragraph\" data-mrf-recirculation=\"Links inline\">Las versiones cruzadas sobre la relaci\u00f3n entre los hijos de\u00a0<b>Wanda Nara<\/b>\u00a0y\u00a0<b>Mauro Icardi<\/b>\u00a0con la familia de\u00a0<b>la China Su\u00e1rez<\/b>\u00a0volvieron a ocupar el centro del debate medi\u00e1tico, luego de que la conductora de\u00a0<b>MasterChef Celebrity<\/b>\u00a0lanzara una acusaci\u00f3n directa:\u00a0<b>\u201cQue ella se deje de usar mi ropa y la de mis hijas. Y que devuelva mi mudanza\u201d<\/b>,\u00a0exigi\u00f3 la conductora, en referencia a pertenencias que, seg\u00fan ella, no regresaron de Turqu\u00eda. La disputa se da en medio de las tensiones judiciales que ambas familias atraviesan tras su separaci\u00f3n.<\/p>\n<div class=\"news-module\" data-mrf-recirculation=\"IL_GBLs3HYWRq2RgU4Qz8MM1Q\" data-testid=\"text-html\" data-mrf-experience=\"IL_GBLs3HYWRq2RgU4Qz8MM1Q\">\n<div class=\"recommended-card__image-container\"><\/div>\n<\/div>\n<p class=\"paragraph\" data-mrf-recirculation=\"Links inline\">La controversia surgi\u00f3 tras el cumplea\u00f1os de la hija menor de la actriz, evento al que Icardi intent\u00f3 que asistieran sus hijas, seg\u00fan detall\u00f3 su abogada,\u00a0<b>Elba Marcovecchio<\/b>. La letrada hab\u00eda recalcado en DDM (Am\u00e9rica TV) la importancia de los adultos en las familias ensambladas:\u00a0<b>\u201cCuando uno habla del ensamble de familias, es muy importante el rol que toman los adultos\u201d<\/b>, aunque evit\u00f3 brindar detalles sobre la causa judicial \u201cpor la privacidad de las ni\u00f1as\u201d. Aclar\u00f3, sin embargo, que el pedido de concurrencia fue espont\u00e1neo de las menores hacia su padre.<\/p>\n<div class=\"visual__image\"><picture><source srcset=\"https:\/\/www.infobae.com\/resizer\/v2\/CXHYS6EWQZESLLOPTOAIXW4JPQ.jpg?auth=23f593217ecbb0fca74d7b034f63bb75fb7cfc1101b96e2e003c8d4844a53e3e&amp;smart=true&amp;width=992&amp;height=558&amp;quality=85\" media=\"(min-width: 1000px)\" \/><source srcset=\"https:\/\/www.infobae.com\/resizer\/v2\/CXHYS6EWQZESLLOPTOAIXW4JPQ.jpg?auth=23f593217ecbb0fca74d7b034f63bb75fb7cfc1101b96e2e003c8d4844a53e3e&amp;smart=true&amp;width=768&amp;height=432&amp;quality=85\" media=\"(min-width: 768px)\" \/><source srcset=\"https:\/\/www.infobae.com\/resizer\/v2\/CXHYS6EWQZESLLOPTOAIXW4JPQ.jpg?auth=23f593217ecbb0fca74d7b034f63bb75fb7cfc1101b96e2e003c8d4844a53e3e&amp;smart=true&amp;width=577&amp;height=325&amp;quality=85\" media=\"(min-width: 580px)\" \/><source srcset=\"https:\/\/www.infobae.com\/resizer\/v2\/CXHYS6EWQZESLLOPTOAIXW4JPQ.jpg?auth=23f593217ecbb0fca74d7b034f63bb75fb7cfc1101b96e2e003c8d4844a53e3e&amp;smart=true&amp;width=420&amp;height=236&amp;quality=85\" media=\"(min-width: 350px)\" \/><source srcset=\"https:\/\/www.infobae.com\/resizer\/v2\/CXHYS6EWQZESLLOPTOAIXW4JPQ.jpg?auth=23f593217ecbb0fca74d7b034f63bb75fb7cfc1101b96e2e003c8d4844a53e3e&amp;smart=true&amp;width=350&amp;height=197&amp;quality=85\" media=\"(min-width: 80px)\" \/><img loading=\"lazy\" decoding=\"async\" class=\"global-image\" src=\"https:\/\/www.infobae.com\/resizer\/v2\/CXHYS6EWQZESLLOPTOAIXW4JPQ.jpg?auth=23f593217ecbb0fca74d7b034f63bb75fb7cfc1101b96e2e003c8d4844a53e3e&amp;smart=true&amp;width=350&amp;height=197&amp;quality=85\" alt=\"La China Su\u00e1rez dio su\" width=\"1920\" height=\"1080\" \/><\/picture>La China Su\u00e1rez dio su versi\u00f3n sobre la pol\u00e9mica con la malla de la hija de Wanda Nara (Instagram)<\/div>\n<div class=\"inline ad-wrapper\">\n<div class=\"dfpAd ad-inline\"><\/div>\n<\/div>\n<p class=\"paragraph\" data-mrf-recirculation=\"Links inline\">El trasfondo de la disputa revel\u00f3 el desaf\u00edo de establecer v\u00ednculos en familias ensambladas. Marcovecchio defendi\u00f3 la postura de Icardi y resalt\u00f3:\u00a0<b>\u201c\u00c9l sabe lo que es una familia ensamblada. \u00c9l vive una familia ensamblada\u201d<\/b>. No obstante, el conflicto por la ropa y los objetos personales expuso la fragilidad de esos lazos y la desconfianza que persiste. Wanda Nara fue tajante respecto al v\u00ednculo de sus hijas con la China:\u00a0<b>\u201cMis hijas no la sienten ni tienen la obligaci\u00f3n de sentir familia a una mujer con tan pocos valores\u201d<\/b>.<\/p>\n<div class=\"news-module\" data-mrf-recirculation=\"IL_m3kiGo-8SVS6m0U7OqrZLw\" data-testid=\"text-html\" data-mrf-experience=\"IL_m3kiGo-8SVS6m0U7OqrZLw\">\n<div class=\"recommended-card__image-container\"><\/div>\n<\/div>\n<p class=\"paragraph\" data-mrf-recirculation=\"Links inline\">Hab\u00eda sido la malla que us\u00f3 una de las hijas de la actriz la que motiv\u00f3 el enojo de la animadora al asegurar que esa es una de las prendas de una de sus hijas que qued\u00f3 en Turqu\u00eda. Fue en\u00a0<i>La ma\u00f1ana con Moria<\/i><b>\u00a0<\/b>(El Trece) en el que el periodista\u00a0<b>Gustavo M\u00e9ndez<\/b>\u00a0transmiti\u00f3 su charla con la China sobre la pol\u00e9mica.\u00a0<b>\u201cHabl\u00e9 con ella y se re\u00eda. Otra mentira m\u00e1s. Cuando fueron a Miami y se comprometieron, volvieron y se encontraron en \u2018La casa de los sue\u00f1os\u2019. Ah\u00ed \u00e9l les llen\u00f3 el cuarto de regalos\u201d<\/b>, record\u00f3.<\/p>\n<div class=\"inline_2_DSK ad-wrapper ad-desktop\">\n<div class=\"dfpAd ad-inline\"><\/div>\n<\/div>\n<p class=\"paragraph\" data-mrf-recirculation=\"Links inline\"><b>\u201cCuando fue la China le compr\u00f3 esa misma malla a su hija porque sab\u00eda que le gustaba. Esa malla es tres talles m\u00e1s grande para su hija, porque tambi\u00e9n le gustaba. Es de frutilitas\u201d<\/b>. As\u00ed el panelista dio la versi\u00f3n de la protagonista de\u00a0<i>Hija del fuego<\/i> y desminti\u00f3 que su hija us\u00f3 ropa ajena sin consentimiento. \u201cNo la us\u00f3, pero se instal\u00f3 desde el lado de Wanda Nara que le hab\u00edan sacado la malla\u201d, agreg\u00f3 M\u00e9ndez.<\/p>\n<div class=\"jwplayer-ctn\">\n<div>\n<div id=\"RE4LPMMS4JEOPEN6ON2FLM7TSE-custom_embed7\" class=\"jwplayer jw-reset jw-state-idle jw-stretch-uniform jw-flag-aspect-mode jw-floating-dismissible jw-keep-thumbnail jw-flag-user-inactive jw-flag-cast-available jw-breakpoint-5\" tabindex=\"0\" role=\"application\" aria-label=\"Video Player - La acusaci\u00f3n de Wanda Nara contra la China Su\u00e1rez: \u201cQue deje de usar mi ropa y la de mis hijas\u201d\" aria-describedby=\"jw-RE4LPMMS4JEOPEN6ON2FLM7TSE-custom_embed7-shortcuts-tooltip-explanation\" data-compass-listening=\"true\">\n<div class=\"jw-wrapper jw-reset\">\n<div class=\"jw-controls jw-reset\">\n<div class=\"jw-controlbar jw-reset\">\n<div class=\"jw-reset jw-button-container\">\n<div class=\"jw-icon jw-icon-inline jw-button-color jw-reset jw-icon-cast\" tabindex=\"0\" role=\"button\" aria-label=\"Chromecast\"><\/div>\n<\/div>\n<\/div>\n<\/div>\n<\/div>\n<\/div>\n<\/div>\n<p>La conductora de MasterChef Celebrity volvi\u00f3 a expresar todo su enojo con la actriz, en medio de las batallas judiciales que mantienen (Video: DDM\/ Am\u00e9rica TV)<\/p><\/div>\n<p class=\"paragraph\" data-mrf-recirculation=\"Links inline\">No solo las pertenencias materiales generaron conflicto, sino tambi\u00e9n la din\u00e1mica en redes sociales.\u00a0<b>Moria Cas\u00e1n<\/b>\u00a0hizo hincapi\u00e9 en c\u00f3mo gestos m\u00ednimos del entorno, como los \u201clikes\u201d de\u00a0<b>Kenny Palacios<\/b>\u00a0\u2014persona de confianza de Wanda\u2014 a publicaciones de la China, se convierten en combustible para la pol\u00e9mica:\u00a0<b>\u201cKenny, astuto tambi\u00e9n, pone cosas como para que se hable de \u00e9l\u201d<\/b>. Seg\u00fan los panelistas, estos movimientos, lejos de ser inocentes, amplifican el alcance de rumores y versiones infundadas.<\/p>\n<p class=\"paragraph\" data-mrf-recirculation=\"Links inline\">Mientras la controversia medi\u00e1tica se alimenta de acusaciones y desmentidas,\u00a0<b>Moria Cas\u00e1n<\/b>\u00a0fue muy dura sobre el verdadero eje del conflicto:\u00a0<b>\u201cSalvo en alg\u00fan que otro lado, los que menos piensan en los chicos son ellos\u201d<\/b>. La frase apunt\u00f3 a la paradoja de un enfrentamiento que, aunque se justifica en nombre de los menores, termina desplazando sus necesidades frente a la exposici\u00f3n p\u00fablica y la batalla de relatos entre adultos.<\/p>\n<p class=\"paragraph\" data-mrf-recirculation=\"Links inline\">Hace una semana las declaraciones de la representante legal de\u00a0<b>Mauro Icardi\u00a0<\/b>sobre la din\u00e1mica familiar tras el cumplea\u00f1os de la hija menor de\u00a0<b>la China Su\u00e1rez<\/b>, motivaron la reacci\u00f3n de\u00a0<b>Wanda Nara<\/b>. Molesta, la animadora se comunic\u00f3 con el periodista\u00a0<b>Guido Z\u00e1ffora<\/b>\u00a0para lanzar nuevas acusaciones y cuestionamientos directos al entorno de su expareja.<\/p>\n<div class=\"visual__image\"><picture><source srcset=\"https:\/\/www.infobae.com\/resizer\/v2\/BVD6QV7PBJAZZMPAPQBTYVVJDA.jpg?auth=c40ba75c93c2ab8288b22b549667433d15fcea96ac18af53c0c0b2a2056696a7&amp;smart=true&amp;width=992&amp;height=558&amp;quality=85\" media=\"(min-width: 1000px)\" \/><source srcset=\"https:\/\/www.infobae.com\/resizer\/v2\/BVD6QV7PBJAZZMPAPQBTYVVJDA.jpg?auth=c40ba75c93c2ab8288b22b549667433d15fcea96ac18af53c0c0b2a2056696a7&amp;smart=true&amp;width=768&amp;height=432&amp;quality=85\" media=\"(min-width: 768px)\" \/><source srcset=\"https:\/\/www.infobae.com\/resizer\/v2\/BVD6QV7PBJAZZMPAPQBTYVVJDA.jpg?auth=c40ba75c93c2ab8288b22b549667433d15fcea96ac18af53c0c0b2a2056696a7&amp;smart=true&amp;width=577&amp;height=325&amp;quality=85\" media=\"(min-width: 580px)\" \/><source srcset=\"https:\/\/www.infobae.com\/resizer\/v2\/BVD6QV7PBJAZZMPAPQBTYVVJDA.jpg?auth=c40ba75c93c2ab8288b22b549667433d15fcea96ac18af53c0c0b2a2056696a7&amp;smart=true&amp;width=420&amp;height=236&amp;quality=85\" media=\"(min-width: 350px)\" \/><source srcset=\"https:\/\/www.infobae.com\/resizer\/v2\/BVD6QV7PBJAZZMPAPQBTYVVJDA.jpg?auth=c40ba75c93c2ab8288b22b549667433d15fcea96ac18af53c0c0b2a2056696a7&amp;smart=true&amp;width=350&amp;height=197&amp;quality=85\" media=\"(min-width: 80px)\" \/><img loading=\"lazy\" decoding=\"async\" class=\"global-image\" src=\"https:\/\/www.infobae.com\/resizer\/v2\/BVD6QV7PBJAZZMPAPQBTYVVJDA.jpg?auth=c40ba75c93c2ab8288b22b549667433d15fcea96ac18af53c0c0b2a2056696a7&amp;smart=true&amp;width=350&amp;height=197&amp;quality=85\" alt=\"La pol\u00e9mica entre Wanda Nara\" width=\"1920\" height=\"1080\" \/><\/picture>La pol\u00e9mica entre Wanda Nara y la China Su\u00e1rez por la malla de sus hijas<\/div>\n<p class=\"paragraph\" data-mrf-recirculation=\"Links inline\">\u201c\u00bfPor qu\u00e9 no le manda carta documento a Pampita ya que ning\u00fan familiar fue o al propio padre?\u201d, replic\u00f3 Wanda, apuntando a la abogada y se\u00f1alando la ausencia de los hijos de\u00a0<b>Benjam\u00edn Vicu\u00f1a<\/b>\u00a0y\u00a0<b>Pampita<\/b>\u00a0en la celebraci\u00f3n. Z\u00e1ffora intervino para reforzar:\u00a0<b>\u201cEs verdad, Vicu\u00f1a celebr\u00f3 al d\u00eda siguiente con la misma tem\u00e1tica. No fueron los hijos de Vicu\u00f1a y Pampita\u201d<\/b>, aportando contexto a la ausencia de esos familiares en el evento.<\/p>\n<p class=\"paragraph\" data-mrf-recirculation=\"Links inline\">La conductora redobl\u00f3 la apuesta al referirse al v\u00ednculo de sus hijas con el entorno de la China:\u00a0<b>\u201c\u00bfCon qu\u00e9 familiar de Mauro iban a estar las nenas? Los hermanos de sangre no fueron, imag\u00ednate mis hijas, que no las sienten familia. Mis hijas no la sienten ni tienen la obligaci\u00f3n de sentir familia a una mujer con tan pocos valores\u201d<\/b>, dispar\u00f3, dejando en claro la distancia emocional entre las partes.<\/p>\n<p class=\"paragraph\" data-mrf-recirculation=\"Links inline\">El reclamo m\u00e1s fuerte lleg\u00f3 sobre el final del intercambio, cuando Wanda expuso una de sus mayores molestias:\u00a0<b>\u201cQue ella se deje de usar mi ropa y la de mis hijas. Y que devuelva mi mudanza\u201d<\/b>, exigi\u00f3, abriendo una vez m\u00e1s la pol\u00e9mica.<\/p>\n<div class=\"second-saved-buttons\">\n<div class=\"body-share-note\"><\/div>\n<\/div>\n","protected":false},"excerpt":{"rendered":"<p>La actriz, en di\u00e1logo con Gustavo M\u00e9ndez para La ma\u00f1ana con Moria, se refiri\u00f3 al esc\u00e1ndalo por la prenda en medio del esc\u00e1ndalo judicial Las versiones cruzadas sobre la relaci\u00f3n entre los hijos de\u00a0Wanda Nara\u00a0y\u00a0Mauro Icardi\u00a0con la familia de\u00a0la China Su\u00e1rez\u00a0volvieron a ocupar el centro del debate medi\u00e1tico, luego de que la conductora de\u00a0MasterChef Celebrity\u00a0lanzara [&hellip;]<\/p>\n","protected":false},"author":1,"featured_media":12401,"comment_status":"open","ping_status":"open","sticky":false,"template":"","format":"standard","meta":{"rop_custom_images_group":[],"rop_custom_messages_group":[],"rop_publish_now":"initial","rop_publish_now_accounts":[],"rop_publish_now_history":[],"rop_publish_now_status":"pending","footnotes":"","jetpack_publicize_message":"","jetpack_publicize_feature_enabled":true,"jetpack_social_post_already_shared":true,"jetpack_social_options":{"image_generator_settings":{"template":"highway","enabled":false},"version":2}},"categories":[12],"tags":[],"class_list":{"0":"post-12398","1":"post","2":"type-post","3":"status-publish","4":"format-standard","5":"has-post-thumbnail","7":"category-espectaculos"},"jetpack_publicize_connections":[],"yoast_head":"<!-- This site is optimized with the Yoast SEO plugin v27.3 - https:\/\/yoast.com\/product\/yoast-seo-wordpress\/ -->\n<title>La China Su\u00e1rez habl\u00f3 de la pol\u00e9mica con Wanda Nara por la malla de su hija: \u201cOtra mentira m\u00e1s\u201d - CLAN ESPECTACULOS<\/title>\n<meta name=\"robots\" content=\"index, follow, max-snippet:-1, max-image-preview:large, max-video-preview:-1\" \/>\n<link rel=\"canonical\" href=\"https:\/\/radioclanfm.com\/clanespectaculos\/la-china-suarez-hablo-de-la-polemica-con-wanda-nara-por-la-malla-de-su-hija-otra-mentira-mas\/\" \/>\n<meta property=\"og:locale\" content=\"es_ES\" \/>\n<meta property=\"og:type\" content=\"article\" \/>\n<meta property=\"og:title\" content=\"La China Su\u00e1rez habl\u00f3 de la pol\u00e9mica con Wanda Nara por la malla de su hija: \u201cOtra mentira m\u00e1s\u201d - CLAN ESPECTACULOS\" \/>\n<meta property=\"og:description\" content=\"La actriz, en di\u00e1logo con Gustavo M\u00e9ndez para La ma\u00f1ana con Moria, se refiri\u00f3 al esc\u00e1ndalo por la prenda en medio del esc\u00e1ndalo judicial Las versiones cruzadas sobre la relaci\u00f3n entre los hijos de\u00a0Wanda Nara\u00a0y\u00a0Mauro Icardi\u00a0con la familia de\u00a0la China Su\u00e1rez\u00a0volvieron a ocupar el centro del debate medi\u00e1tico, luego de que la conductora de\u00a0MasterChef Celebrity\u00a0lanzara [&hellip;]\" \/>\n<meta property=\"og:url\" content=\"https:\/\/radioclanfm.com\/clanespectaculos\/la-china-suarez-hablo-de-la-polemica-con-wanda-nara-por-la-malla-de-su-hija-otra-mentira-mas\/\" \/>\n<meta property=\"og:site_name\" content=\"CLAN ESPECTACULOS\" \/>\n<meta property=\"article:publisher\" content=\"https:\/\/www.facebook.com\/clanespectaculos\/\" \/>\n<meta property=\"article:published_time\" content=\"2026-02-17T00:44:34+00:00\" \/>\n<meta property=\"og:image\" content=\"https:\/\/radioclanfm.com\/clanespectaculos\/wp-content\/uploads\/sites\/2\/2026\/02\/iZxxTecB.jpg\" \/>\n\t<meta property=\"og:image:width\" content=\"900\" \/>\n\t<meta property=\"og:image:height\" content=\"450\" \/>\n\t<meta property=\"og:image:type\" content=\"image\/jpeg\" \/>\n<meta name=\"author\" content=\"E-GRUPOCLAN\" \/>\n<meta name=\"twitter:card\" content=\"summary_large_image\" \/>\n<meta name=\"twitter:creator\" content=\"@clanespectok\" \/>\n<meta name=\"twitter:site\" content=\"@clanespectok\" \/>\n<meta name=\"twitter:label1\" content=\"Escrito por\" \/>\n\t<meta name=\"twitter:data1\" content=\"E-GRUPOCLAN\" \/>\n\t<meta name=\"twitter:label2\" content=\"Tiempo de lectura\" \/>\n\t<meta name=\"twitter:data2\" content=\"5 minutos\" \/>\n<script type=\"application\/ld+json\" class=\"yoast-schema-graph\">{\"@context\":\"https:\\\/\\\/schema.org\",\"@graph\":[{\"@type\":\"Article\",\"@id\":\"https:\\\/\\\/radioclanfm.com\\\/clanespectaculos\\\/la-china-suarez-hablo-de-la-polemica-con-wanda-nara-por-la-malla-de-su-hija-otra-mentira-mas\\\/#article\",\"isPartOf\":{\"@id\":\"https:\\\/\\\/radioclanfm.com\\\/clanespectaculos\\\/la-china-suarez-hablo-de-la-polemica-con-wanda-nara-por-la-malla-de-su-hija-otra-mentira-mas\\\/\"},\"author\":{\"name\":\"E-GRUPOCLAN\",\"@id\":\"https:\\\/\\\/radioclanfm.com\\\/clanespectaculos\\\/#\\\/schema\\\/person\\\/9734813083303230f3ad84d99171b20c\"},\"headline\":\"La China Su\u00e1rez habl\u00f3 de la pol\u00e9mica con Wanda Nara por la malla de su hija: \u201cOtra mentira m\u00e1s\u201d\",\"datePublished\":\"2026-02-17T00:44:34+00:00\",\"mainEntityOfPage\":{\"@id\":\"https:\\\/\\\/radioclanfm.com\\\/clanespectaculos\\\/la-china-suarez-hablo-de-la-polemica-con-wanda-nara-por-la-malla-de-su-hija-otra-mentira-mas\\\/\"},\"wordCount\":1016,\"commentCount\":0,\"publisher\":{\"@id\":\"https:\\\/\\\/radioclanfm.com\\\/clanespectaculos\\\/#organization\"},\"image\":{\"@id\":\"https:\\\/\\\/radioclanfm.com\\\/clanespectaculos\\\/la-china-suarez-hablo-de-la-polemica-con-wanda-nara-por-la-malla-de-su-hija-otra-mentira-mas\\\/#primaryimage\"},\"thumbnailUrl\":\"https:\\\/\\\/radioclanfm.com\\\/clanespectaculos\\\/wp-content\\\/uploads\\\/sites\\\/2\\\/2026\\\/02\\\/iZxxTecB.jpg\",\"articleSection\":[\"Espectaculos\"],\"inLanguage\":\"es-AR\",\"potentialAction\":[{\"@type\":\"CommentAction\",\"name\":\"Comment\",\"target\":[\"https:\\\/\\\/radioclanfm.com\\\/clanespectaculos\\\/la-china-suarez-hablo-de-la-polemica-con-wanda-nara-por-la-malla-de-su-hija-otra-mentira-mas\\\/#respond\"]}]},{\"@type\":\"WebPage\",\"@id\":\"https:\\\/\\\/radioclanfm.com\\\/clanespectaculos\\\/la-china-suarez-hablo-de-la-polemica-con-wanda-nara-por-la-malla-de-su-hija-otra-mentira-mas\\\/\",\"url\":\"https:\\\/\\\/radioclanfm.com\\\/clanespectaculos\\\/la-china-suarez-hablo-de-la-polemica-con-wanda-nara-por-la-malla-de-su-hija-otra-mentira-mas\\\/\",\"name\":\"La China Su\u00e1rez habl\u00f3 de la pol\u00e9mica con Wanda Nara por la malla de su hija: \u201cOtra mentira m\u00e1s\u201d - CLAN ESPECTACULOS\",\"isPartOf\":{\"@id\":\"https:\\\/\\\/radioclanfm.com\\\/clanespectaculos\\\/#website\"},\"primaryImageOfPage\":{\"@id\":\"https:\\\/\\\/radioclanfm.com\\\/clanespectaculos\\\/la-china-suarez-hablo-de-la-polemica-con-wanda-nara-por-la-malla-de-su-hija-otra-mentira-mas\\\/#primaryimage\"},\"image\":{\"@id\":\"https:\\\/\\\/radioclanfm.com\\\/clanespectaculos\\\/la-china-suarez-hablo-de-la-polemica-con-wanda-nara-por-la-malla-de-su-hija-otra-mentira-mas\\\/#primaryimage\"},\"thumbnailUrl\":\"https:\\\/\\\/radioclanfm.com\\\/clanespectaculos\\\/wp-content\\\/uploads\\\/sites\\\/2\\\/2026\\\/02\\\/iZxxTecB.jpg\",\"datePublished\":\"2026-02-17T00:44:34+00:00\",\"breadcrumb\":{\"@id\":\"https:\\\/\\\/radioclanfm.com\\\/clanespectaculos\\\/la-china-suarez-hablo-de-la-polemica-con-wanda-nara-por-la-malla-de-su-hija-otra-mentira-mas\\\/#breadcrumb\"},\"inLanguage\":\"es-AR\",\"potentialAction\":[{\"@type\":\"ReadAction\",\"target\":[\"https:\\\/\\\/radioclanfm.com\\\/clanespectaculos\\\/la-china-suarez-hablo-de-la-polemica-con-wanda-nara-por-la-malla-de-su-hija-otra-mentira-mas\\\/\"]}]},{\"@type\":\"ImageObject\",\"inLanguage\":\"es-AR\",\"@id\":\"https:\\\/\\\/radioclanfm.com\\\/clanespectaculos\\\/la-china-suarez-hablo-de-la-polemica-con-wanda-nara-por-la-malla-de-su-hija-otra-mentira-mas\\\/#primaryimage\",\"url\":\"https:\\\/\\\/radioclanfm.com\\\/clanespectaculos\\\/wp-content\\\/uploads\\\/sites\\\/2\\\/2026\\\/02\\\/iZxxTecB.jpg\",\"contentUrl\":\"https:\\\/\\\/radioclanfm.com\\\/clanespectaculos\\\/wp-content\\\/uploads\\\/sites\\\/2\\\/2026\\\/02\\\/iZxxTecB.jpg\",\"width\":900,\"height\":450},{\"@type\":\"BreadcrumbList\",\"@id\":\"https:\\\/\\\/radioclanfm.com\\\/clanespectaculos\\\/la-china-suarez-hablo-de-la-polemica-con-wanda-nara-por-la-malla-de-su-hija-otra-mentira-mas\\\/#breadcrumb\",\"itemListElement\":[{\"@type\":\"ListItem\",\"position\":1,\"name\":\"Inicio\",\"item\":\"https:\\\/\\\/radioclanfm.com\\\/clanespectaculos\\\/\"},{\"@type\":\"ListItem\",\"position\":2,\"name\":\"La China Su\u00e1rez habl\u00f3 de la pol\u00e9mica con Wanda Nara por la malla de su hija: \u201cOtra mentira m\u00e1s\u201d\"}]},{\"@type\":\"WebSite\",\"@id\":\"https:\\\/\\\/radioclanfm.com\\\/clanespectaculos\\\/#website\",\"url\":\"https:\\\/\\\/radioclanfm.com\\\/clanespectaculos\\\/\",\"name\":\"CLAN ESPECTACULOS\",\"description\":\"\",\"publisher\":{\"@id\":\"https:\\\/\\\/radioclanfm.com\\\/clanespectaculos\\\/#organization\"},\"potentialAction\":[{\"@type\":\"SearchAction\",\"target\":{\"@type\":\"EntryPoint\",\"urlTemplate\":\"https:\\\/\\\/radioclanfm.com\\\/clanespectaculos\\\/?s={search_term_string}\"},\"query-input\":{\"@type\":\"PropertyValueSpecification\",\"valueRequired\":true,\"valueName\":\"search_term_string\"}}],\"inLanguage\":\"es-AR\"},{\"@type\":\"Organization\",\"@id\":\"https:\\\/\\\/radioclanfm.com\\\/clanespectaculos\\\/#organization\",\"name\":\"CLAN ESPECTACULOS\",\"url\":\"https:\\\/\\\/radioclanfm.com\\\/clanespectaculos\\\/\",\"logo\":{\"@type\":\"ImageObject\",\"inLanguage\":\"es-AR\",\"@id\":\"https:\\\/\\\/radioclanfm.com\\\/clanespectaculos\\\/#\\\/schema\\\/logo\\\/image\\\/\",\"url\":\"https:\\\/\\\/radioclanfm.com\\\/clanespectaculos\\\/wp-content\\\/uploads\\\/sites\\\/2\\\/2026\\\/04\\\/ChatGPT-Image-23-mar-2026-10_09_00.png\",\"contentUrl\":\"https:\\\/\\\/radioclanfm.com\\\/clanespectaculos\\\/wp-content\\\/uploads\\\/sites\\\/2\\\/2026\\\/04\\\/ChatGPT-Image-23-mar-2026-10_09_00.png\",\"width\":1024,\"height\":1024,\"caption\":\"CLAN ESPECTACULOS\"},\"image\":{\"@id\":\"https:\\\/\\\/radioclanfm.com\\\/clanespectaculos\\\/#\\\/schema\\\/logo\\\/image\\\/\"},\"sameAs\":[\"https:\\\/\\\/www.facebook.com\\\/clanespectaculos\\\/\",\"https:\\\/\\\/x.com\\\/clanespectok\"]},{\"@type\":\"Person\",\"@id\":\"https:\\\/\\\/radioclanfm.com\\\/clanespectaculos\\\/#\\\/schema\\\/person\\\/9734813083303230f3ad84d99171b20c\",\"name\":\"E-GRUPOCLAN\",\"image\":{\"@type\":\"ImageObject\",\"inLanguage\":\"es-AR\",\"@id\":\"https:\\\/\\\/secure.gravatar.com\\\/avatar\\\/af6e19837c3d6a212034a48c7b3818d2ac1826f6025df0155da5a186ad321d79?s=96&d=mm&r=g\",\"url\":\"https:\\\/\\\/secure.gravatar.com\\\/avatar\\\/af6e19837c3d6a212034a48c7b3818d2ac1826f6025df0155da5a186ad321d79?s=96&d=mm&r=g\",\"contentUrl\":\"https:\\\/\\\/secure.gravatar.com\\\/avatar\\\/af6e19837c3d6a212034a48c7b3818d2ac1826f6025df0155da5a186ad321d79?s=96&d=mm&r=g\",\"caption\":\"E-GRUPOCLAN\"},\"sameAs\":[\"https:\\\/\\\/radioclanfm.com\"],\"url\":\"https:\\\/\\\/radioclanfm.com\\\/clanespectaculos\\\/author\\\/admin\\\/\"}]}<\/script>\n<!-- \/ Yoast SEO plugin. -->","yoast_head_json":{"title":"La China Su\u00e1rez habl\u00f3 de la pol\u00e9mica con Wanda Nara por la malla de su hija: \u201cOtra mentira m\u00e1s\u201d - CLAN ESPECTACULOS","robots":{"index":"index","follow":"follow","max-snippet":"max-snippet:-1","max-image-preview":"max-image-preview:large","max-video-preview":"max-video-preview:-1"},"canonical":"https:\/\/radioclanfm.com\/clanespectaculos\/la-china-suarez-hablo-de-la-polemica-con-wanda-nara-por-la-malla-de-su-hija-otra-mentira-mas\/","og_locale":"es_ES","og_type":"article","og_title":"La China Su\u00e1rez habl\u00f3 de la pol\u00e9mica con Wanda Nara por la malla de su hija: \u201cOtra mentira m\u00e1s\u201d - CLAN ESPECTACULOS","og_description":"La actriz, en di\u00e1logo con Gustavo M\u00e9ndez para La ma\u00f1ana con Moria, se refiri\u00f3 al esc\u00e1ndalo por la prenda en medio del esc\u00e1ndalo judicial Las versiones cruzadas sobre la relaci\u00f3n entre los hijos de\u00a0Wanda Nara\u00a0y\u00a0Mauro Icardi\u00a0con la familia de\u00a0la China Su\u00e1rez\u00a0volvieron a ocupar el centro del debate medi\u00e1tico, luego de que la conductora de\u00a0MasterChef Celebrity\u00a0lanzara [&hellip;]","og_url":"https:\/\/radioclanfm.com\/clanespectaculos\/la-china-suarez-hablo-de-la-polemica-con-wanda-nara-por-la-malla-de-su-hija-otra-mentira-mas\/","og_site_name":"CLAN ESPECTACULOS","article_publisher":"https:\/\/www.facebook.com\/clanespectaculos\/","article_published_time":"2026-02-17T00:44:34+00:00","og_image":[{"width":900,"height":450,"url":"https:\/\/radioclanfm.com\/clanespectaculos\/wp-content\/uploads\/sites\/2\/2026\/02\/iZxxTecB.jpg","type":"image\/jpeg"}],"author":"E-GRUPOCLAN","twitter_card":"summary_large_image","twitter_creator":"@clanespectok","twitter_site":"@clanespectok","twitter_misc":{"Escrito por":"E-GRUPOCLAN","Tiempo de lectura":"5 minutos"},"schema":{"@context":"https:\/\/schema.org","@graph":[{"@type":"Article","@id":"https:\/\/radioclanfm.com\/clanespectaculos\/la-china-suarez-hablo-de-la-polemica-con-wanda-nara-por-la-malla-de-su-hija-otra-mentira-mas\/#article","isPartOf":{"@id":"https:\/\/radioclanfm.com\/clanespectaculos\/la-china-suarez-hablo-de-la-polemica-con-wanda-nara-por-la-malla-de-su-hija-otra-mentira-mas\/"},"author":{"name":"E-GRUPOCLAN","@id":"https:\/\/radioclanfm.com\/clanespectaculos\/#\/schema\/person\/9734813083303230f3ad84d99171b20c"},"headline":"La China Su\u00e1rez habl\u00f3 de la pol\u00e9mica con Wanda Nara por la malla de su hija: \u201cOtra mentira m\u00e1s\u201d","datePublished":"2026-02-17T00:44:34+00:00","mainEntityOfPage":{"@id":"https:\/\/radioclanfm.com\/clanespectaculos\/la-china-suarez-hablo-de-la-polemica-con-wanda-nara-por-la-malla-de-su-hija-otra-mentira-mas\/"},"wordCount":1016,"commentCount":0,"publisher":{"@id":"https:\/\/radioclanfm.com\/clanespectaculos\/#organization"},"image":{"@id":"https:\/\/radioclanfm.com\/clanespectaculos\/la-china-suarez-hablo-de-la-polemica-con-wanda-nara-por-la-malla-de-su-hija-otra-mentira-mas\/#primaryimage"},"thumbnailUrl":"https:\/\/radioclanfm.com\/clanespectaculos\/wp-content\/uploads\/sites\/2\/2026\/02\/iZxxTecB.jpg","articleSection":["Espectaculos"],"inLanguage":"es-AR","potentialAction":[{"@type":"CommentAction","name":"Comment","target":["https:\/\/radioclanfm.com\/clanespectaculos\/la-china-suarez-hablo-de-la-polemica-con-wanda-nara-por-la-malla-de-su-hija-otra-mentira-mas\/#respond"]}]},{"@type":"WebPage","@id":"https:\/\/radioclanfm.com\/clanespectaculos\/la-china-suarez-hablo-de-la-polemica-con-wanda-nara-por-la-malla-de-su-hija-otra-mentira-mas\/","url":"https:\/\/radioclanfm.com\/clanespectaculos\/la-china-suarez-hablo-de-la-polemica-con-wanda-nara-por-la-malla-de-su-hija-otra-mentira-mas\/","name":"La China Su\u00e1rez habl\u00f3 de la pol\u00e9mica con Wanda Nara por la malla de su hija: \u201cOtra mentira m\u00e1s\u201d - CLAN ESPECTACULOS","isPartOf":{"@id":"https:\/\/radioclanfm.com\/clanespectaculos\/#website"},"primaryImageOfPage":{"@id":"https:\/\/radioclanfm.com\/clanespectaculos\/la-china-suarez-hablo-de-la-polemica-con-wanda-nara-por-la-malla-de-su-hija-otra-mentira-mas\/#primaryimage"},"image":{"@id":"https:\/\/radioclanfm.com\/clanespectaculos\/la-china-suarez-hablo-de-la-polemica-con-wanda-nara-por-la-malla-de-su-hija-otra-mentira-mas\/#primaryimage"},"thumbnailUrl":"https:\/\/radioclanfm.com\/clanespectaculos\/wp-content\/uploads\/sites\/2\/2026\/02\/iZxxTecB.jpg","datePublished":"2026-02-17T00:44:34+00:00","breadcrumb":{"@id":"https:\/\/radioclanfm.com\/clanespectaculos\/la-china-suarez-hablo-de-la-polemica-con-wanda-nara-por-la-malla-de-su-hija-otra-mentira-mas\/#breadcrumb"},"inLanguage":"es-AR","potentialAction":[{"@type":"ReadAction","target":["https:\/\/radioclanfm.com\/clanespectaculos\/la-china-suarez-hablo-de-la-polemica-con-wanda-nara-por-la-malla-de-su-hija-otra-mentira-mas\/"]}]},{"@type":"ImageObject","inLanguage":"es-AR","@id":"https:\/\/radioclanfm.com\/clanespectaculos\/la-china-suarez-hablo-de-la-polemica-con-wanda-nara-por-la-malla-de-su-hija-otra-mentira-mas\/#primaryimage","url":"https:\/\/radioclanfm.com\/clanespectaculos\/wp-content\/uploads\/sites\/2\/2026\/02\/iZxxTecB.jpg","contentUrl":"https:\/\/radioclanfm.com\/clanespectaculos\/wp-content\/uploads\/sites\/2\/2026\/02\/iZxxTecB.jpg","width":900,"height":450},{"@type":"BreadcrumbList","@id":"https:\/\/radioclanfm.com\/clanespectaculos\/la-china-suarez-hablo-de-la-polemica-con-wanda-nara-por-la-malla-de-su-hija-otra-mentira-mas\/#breadcrumb","itemListElement":[{"@type":"ListItem","position":1,"name":"Inicio","item":"https:\/\/radioclanfm.com\/clanespectaculos\/"},{"@type":"ListItem","position":2,"name":"La China Su\u00e1rez habl\u00f3 de la pol\u00e9mica con Wanda Nara por la malla de su hija: \u201cOtra mentira m\u00e1s\u201d"}]},{"@type":"WebSite","@id":"https:\/\/radioclanfm.com\/clanespectaculos\/#website","url":"https:\/\/radioclanfm.com\/clanespectaculos\/","name":"CLAN ESPECTACULOS","description":"","publisher":{"@id":"https:\/\/radioclanfm.com\/clanespectaculos\/#organization"},"potentialAction":[{"@type":"SearchAction","target":{"@type":"EntryPoint","urlTemplate":"https:\/\/radioclanfm.com\/clanespectaculos\/?s={search_term_string}"},"query-input":{"@type":"PropertyValueSpecification","valueRequired":true,"valueName":"search_term_string"}}],"inLanguage":"es-AR"},{"@type":"Organization","@id":"https:\/\/radioclanfm.com\/clanespectaculos\/#organization","name":"CLAN ESPECTACULOS","url":"https:\/\/radioclanfm.com\/clanespectaculos\/","logo":{"@type":"ImageObject","inLanguage":"es-AR","@id":"https:\/\/radioclanfm.com\/clanespectaculos\/#\/schema\/logo\/image\/","url":"https:\/\/radioclanfm.com\/clanespectaculos\/wp-content\/uploads\/sites\/2\/2026\/04\/ChatGPT-Image-23-mar-2026-10_09_00.png","contentUrl":"https:\/\/radioclanfm.com\/clanespectaculos\/wp-content\/uploads\/sites\/2\/2026\/04\/ChatGPT-Image-23-mar-2026-10_09_00.png","width":1024,"height":1024,"caption":"CLAN ESPECTACULOS"},"image":{"@id":"https:\/\/radioclanfm.com\/clanespectaculos\/#\/schema\/logo\/image\/"},"sameAs":["https:\/\/www.facebook.com\/clanespectaculos\/","https:\/\/x.com\/clanespectok"]},{"@type":"Person","@id":"https:\/\/radioclanfm.com\/clanespectaculos\/#\/schema\/person\/9734813083303230f3ad84d99171b20c","name":"E-GRUPOCLAN","image":{"@type":"ImageObject","inLanguage":"es-AR","@id":"https:\/\/secure.gravatar.com\/avatar\/af6e19837c3d6a212034a48c7b3818d2ac1826f6025df0155da5a186ad321d79?s=96&d=mm&r=g","url":"https:\/\/secure.gravatar.com\/avatar\/af6e19837c3d6a212034a48c7b3818d2ac1826f6025df0155da5a186ad321d79?s=96&d=mm&r=g","contentUrl":"https:\/\/secure.gravatar.com\/avatar\/af6e19837c3d6a212034a48c7b3818d2ac1826f6025df0155da5a186ad321d79?s=96&d=mm&r=g","caption":"E-GRUPOCLAN"},"sameAs":["https:\/\/radioclanfm.com"],"url":"https:\/\/radioclanfm.com\/clanespectaculos\/author\/admin\/"}]}},"_links":{"self":[{"href":"https:\/\/radioclanfm.com\/clanespectaculos\/wp-json\/wp\/v2\/posts\/12398","targetHints":{"allow":["GET"]}}],"collection":[{"href":"https:\/\/radioclanfm.com\/clanespectaculos\/wp-json\/wp\/v2\/posts"}],"about":[{"href":"https:\/\/radioclanfm.com\/clanespectaculos\/wp-json\/wp\/v2\/types\/post"}],"author":[{"embeddable":true,"href":"https:\/\/radioclanfm.com\/clanespectaculos\/wp-json\/wp\/v2\/users\/1"}],"replies":[{"embeddable":true,"href":"https:\/\/radioclanfm.com\/clanespectaculos\/wp-json\/wp\/v2\/comments?post=12398"}],"version-history":[{"count":1,"href":"https:\/\/radioclanfm.com\/clanespectaculos\/wp-json\/wp\/v2\/posts\/12398\/revisions"}],"predecessor-version":[{"id":12402,"href":"https:\/\/radioclanfm.com\/clanespectaculos\/wp-json\/wp\/v2\/posts\/12398\/revisions\/12402"}],"wp:featuredmedia":[{"embeddable":true,"href":"https:\/\/radioclanfm.com\/clanespectaculos\/wp-json\/wp\/v2\/media\/12401"}],"wp:attachment":[{"href":"https:\/\/radioclanfm.com\/clanespectaculos\/wp-json\/wp\/v2\/media?parent=12398"}],"wp:term":[{"taxonomy":"category","embeddable":true,"href":"https:\/\/radioclanfm.com\/clanespectaculos\/wp-json\/wp\/v2\/categories?post=12398"},{"taxonomy":"post_tag","embeddable":true,"href":"https:\/\/radioclanfm.com\/clanespectaculos\/wp-json\/wp\/v2\/tags?post=12398"}],"curies":[{"name":"wp","href":"https:\/\/api.w.org\/{rel}","templated":true}]}}