{"id":1239,"date":"2025-06-03T23:01:44","date_gmt":"2025-06-04T02:01:44","guid":{"rendered":"https:\/\/radioclanfm.com\/clanespectaculos\/?p=1239"},"modified":"2025-06-03T23:01:44","modified_gmt":"2025-06-04T02:01:44","slug":"la-reaccion-de-los-fans-de-pablito-ruiz-tras-la-polemica-fiesta-de-cumpleanos-gastamos-nuestros-dolares-como-queremos","status":"publish","type":"post","link":"https:\/\/radioclanfm.com\/clanespectaculos\/la-reaccion-de-los-fans-de-pablito-ruiz-tras-la-polemica-fiesta-de-cumpleanos-gastamos-nuestros-dolares-como-queremos\/","title":{"rendered":"La reacci\u00f3n de los fans de Pablito Ruiz tras la pol\u00e9mica fiesta de cumplea\u00f1os: \u201cGastamos nuestros d\u00f3lares como queremos\u201d"},"content":{"rendered":"<p>Luego de que se viralizara que pagaron por el cubierto en moneda extranjera, la cuenta oficial de sus seguidores respondi\u00f3 con un comunicado contundente<\/p>\n<p class=\"paragraph\" data-mrf-recirculation=\"Links inline\">El pasado domingo 1\u00b0 de junio,\u00a0<b>Pablito Ruiz\u00a0<\/b><b>celebr\u00f3 su cumplea\u00f1os n\u00famero 50\u00a0<\/b><b>con una fiesta en un sal\u00f3n de eventos en Lomas de Zamora<\/b>. El encuentro reuni\u00f3 a unas 160 personas, entre celebridades, familiares, amigos y fan\u00e1ticos del cantante. Si bien el clima fue de alegr\u00eda,\u00a0<b>la celebraci\u00f3n termin\u00f3 envuelta en una fuerte controversia\u00a0<\/b>cuando se conoci\u00f3 un dato que gener\u00f3 revuelo en redes sociales:<b>\u00a0los seguidores pagaron 100 d\u00f3lares por el cubierto para asistir al evento<\/b>. La reacci\u00f3n fue inmediata y, en medio de las cr\u00edticas hacia el artista,<b>\u00a0su club de fans oficial sali\u00f3 a respaldarlo con un comunicado publicado en redes sociales<\/b>.<\/p>\n<div class=\"news-module\" data-mrf-recirculation=\"IL_Ct0zZTd2RqSjHGMXsLzz7w\" data-testid=\"text-html\" data-mrf-experience=\"IL_Ct0zZTd2RqSjHGMXsLzz7w\">\n<div class=\"recommended-card__image-container\"><\/div>\n<\/div>\n<p class=\"paragraph\" data-mrf-recirculation=\"Links inline\">\u201cLa fiesta de sus 50 a\u00f1os se viene planeando desde hace meses.<b>\u00a0Cada miembro de los distintos clubes de fans que tiene Pablo en toda Am\u00e9rica fue invitado, y a todos se les inform\u00f3 el valor del evento<\/b>\u201d, expresaron desde la cuenta oficial de club de fans.<\/p>\n<div class=\"inline ad-wrapper\">\n<div class=\"dfpAd ad-inline\"><\/div>\n<\/div>\n<p class=\"paragraph\" data-mrf-recirculation=\"Links inline\">Lejos de minimizar el acontecimiento, los fan\u00e1ticos lo defendieron con entusiasmo: \u201cEstuvieron su familia, amigos, y nos sentimos agradecidos de poder acompa\u00f1arlo en un momento tan importante. Vinieron fans desde Per\u00fa, Chile, Uruguay, M\u00e9xico, Estados Unidos y distintas provincias argentinas.\u00a0<b>Fue una fiesta magn\u00edfica, en un sal\u00f3n \u00fanico, con show, comida y bebida libre. Pero, sobre todo, celebramos con nuestro \u00eddolo<\/b>\u201d.<\/p>\n<div class=\"news-module\" data-mrf-recirculation=\"IL_RjJ8XQ94SCCdND4VX9YvyQ\" data-testid=\"text-html\" data-mrf-experience=\"IL_RjJ8XQ94SCCdND4VX9YvyQ\">\n<div class=\"recommended-card__image-container\"><\/div>\n<\/div>\n<div class=\"visual__image\"><picture><source srcset=\"https:\/\/www.infobae.com\/resizer\/v2\/RWZLAKC75NHWVO53I7NA7SAZ3U.jpg?auth=f18f43f0d510d1de6750fa31fdc1b9d0f51fc004ece04d06bd54bc8a31960faf&amp;smart=true&amp;width=992&amp;height=606&amp;quality=85\" media=\"(min-width: 1000px)\" \/><source srcset=\"https:\/\/www.infobae.com\/resizer\/v2\/RWZLAKC75NHWVO53I7NA7SAZ3U.jpg?auth=f18f43f0d510d1de6750fa31fdc1b9d0f51fc004ece04d06bd54bc8a31960faf&amp;smart=true&amp;width=768&amp;height=469&amp;quality=85\" media=\"(min-width: 768px)\" \/><source srcset=\"https:\/\/www.infobae.com\/resizer\/v2\/RWZLAKC75NHWVO53I7NA7SAZ3U.jpg?auth=f18f43f0d510d1de6750fa31fdc1b9d0f51fc004ece04d06bd54bc8a31960faf&amp;smart=true&amp;width=577&amp;height=353&amp;quality=85\" media=\"(min-width: 580px)\" \/><source srcset=\"https:\/\/www.infobae.com\/resizer\/v2\/RWZLAKC75NHWVO53I7NA7SAZ3U.jpg?auth=f18f43f0d510d1de6750fa31fdc1b9d0f51fc004ece04d06bd54bc8a31960faf&amp;smart=true&amp;width=420&amp;height=257&amp;quality=85\" media=\"(min-width: 350px)\" \/><source srcset=\"https:\/\/www.infobae.com\/resizer\/v2\/RWZLAKC75NHWVO53I7NA7SAZ3U.jpg?auth=f18f43f0d510d1de6750fa31fdc1b9d0f51fc004ece04d06bd54bc8a31960faf&amp;smart=true&amp;width=350&amp;height=214&amp;quality=85\" media=\"(min-width: 80px)\" \/><img loading=\"lazy\" decoding=\"async\" class=\"global-image\" src=\"https:\/\/www.infobae.com\/resizer\/v2\/RWZLAKC75NHWVO53I7NA7SAZ3U.jpg?auth=f18f43f0d510d1de6750fa31fdc1b9d0f51fc004ece04d06bd54bc8a31960faf&amp;smart=true&amp;width=350&amp;height=214&amp;quality=85\" alt=\"El comunicado de los fans\" width=\"860\" height=\"511\" \/><\/picture>El comunicado de los fans de Pablito Ruiz<\/div>\n<p class=\"paragraph\" data-mrf-recirculation=\"Links inline\">El mensaje cerr\u00f3 con un tono desafiante hacia quienes cuestionaron la modalidad del evento: \u201c<b>\u00bfQui\u00e9n ir\u00eda a una fiesta sin invitaci\u00f3n?\u00a0<\/b>Nadie pag\u00f3 nada en ese momento. Solo disfrutamos, nos divertimos y compartimos un gran momento con amigas que comparten esta pasi\u00f3n. Ya queremos una nueva fiesta. Dicho esto: d\u00e9jennos en paz.\u00a0<b>Gastamos nuestros d\u00f3lares en lo que se nos canta. Nadie les pidi\u00f3 que defiendan nuestra billetera. Ladran, se\u00f1al que cabalgan<\/b>\u201d.<\/p>\n<div class=\"inline_2_DSK ad-wrapper ad-desktop\">\n<div class=\"dfpAd ad-inline\">\n<div id=\"infobae\/teleshow\/nota\/inline_2_DSK\" class=\"infobae\/teleshow\/nota\/inline_2_DSK arcad\" data-google-query-id=\"CJqPz97V1o0DFdVTuAQdfskXdA\">\n<div id=\"google_ads_iframe_\/1058609\/infobae\/teleshow\/nota\/inline_2_DSK_0__container__\"><\/div>\n<\/div>\n<\/div>\n<\/div>\n<p class=\"paragraph\" data-mrf-recirculation=\"Links inline\">La controversia hab\u00eda comenzado horas antes, cuando el periodista\u00a0<b>Fede Flowers\u00a0<\/b>denunci\u00f3 lo sucedido a trav\u00e9s de sus redes. Comparti\u00f3 im\u00e1genes del evento y detall\u00f3 lo que ocurri\u00f3 dentro del sal\u00f3n, se\u00f1alando adem\u00e1s que esta no era la primera vez que Ruiz cobraba a sus fans por un encuentro. \u201c<b>Cuando se va de gira a otros pa\u00edses tambi\u00e9n les cobra<\/b>\u201d, asegur\u00f3.<\/p>\n<div class=\"news-module\" data-mrf-recirculation=\"IL_wPVu_IE4S76a5Gsl0lX8mA\" data-testid=\"text-html\" data-mrf-experience=\"IL_wPVu_IE4S76a5Gsl0lX8mA\">\n<div class=\"recommended-card__image-container\"><\/div>\n<\/div>\n<p class=\"paragraph\" data-mrf-recirculation=\"Links inline\">Ante la repercusi\u00f3n, el propio cantante, cuyo nombre real es Pablo Maximiliano Miguel Coronel Vidoz, sali\u00f3 al cruce. En su cuenta de X escribi\u00f3: \u201c<b>Mis fans lo supieron siempre, se vendi\u00f3 como show privado y la oportunidad de festejar conmigo el cumple. No lo veo nada bochornoso<\/b>\u201d. Tambi\u00e9n sostuvo que el evento ofreci\u00f3 un sal\u00f3n de primera l\u00ednea, comida, bebida y un espect\u00e1culo exclusivo. \u201cTodos quedaron felices\u201d, afirm\u00f3.<\/p>\n<div class=\"visual__image\"><picture><source srcset=\"https:\/\/www.infobae.com\/resizer\/v2\/TJZ5T3G5OJC2FLOQG6NTJXSKRM.jpg?auth=d6dc12baff3aef9e10269cdf6b776ebb1e567f0c7dca93dfe4e50243425d7ba3&amp;smart=true&amp;width=992&amp;height=661&amp;quality=85\" media=\"(min-width: 1000px)\" \/><source srcset=\"https:\/\/www.infobae.com\/resizer\/v2\/TJZ5T3G5OJC2FLOQG6NTJXSKRM.jpg?auth=d6dc12baff3aef9e10269cdf6b776ebb1e567f0c7dca93dfe4e50243425d7ba3&amp;smart=true&amp;width=768&amp;height=512&amp;quality=85\" media=\"(min-width: 768px)\" \/><source srcset=\"https:\/\/www.infobae.com\/resizer\/v2\/TJZ5T3G5OJC2FLOQG6NTJXSKRM.jpg?auth=d6dc12baff3aef9e10269cdf6b776ebb1e567f0c7dca93dfe4e50243425d7ba3&amp;smart=true&amp;width=577&amp;height=385&amp;quality=85\" media=\"(min-width: 580px)\" \/><source srcset=\"https:\/\/www.infobae.com\/resizer\/v2\/TJZ5T3G5OJC2FLOQG6NTJXSKRM.jpg?auth=d6dc12baff3aef9e10269cdf6b776ebb1e567f0c7dca93dfe4e50243425d7ba3&amp;smart=true&amp;width=420&amp;height=280&amp;quality=85\" media=\"(min-width: 350px)\" \/><source srcset=\"https:\/\/www.infobae.com\/resizer\/v2\/TJZ5T3G5OJC2FLOQG6NTJXSKRM.jpg?auth=d6dc12baff3aef9e10269cdf6b776ebb1e567f0c7dca93dfe4e50243425d7ba3&amp;smart=true&amp;width=350&amp;height=233&amp;quality=85\" media=\"(min-width: 80px)\" \/><img loading=\"lazy\" decoding=\"async\" class=\"global-image\" src=\"https:\/\/www.infobae.com\/resizer\/v2\/TJZ5T3G5OJC2FLOQG6NTJXSKRM.jpg?auth=d6dc12baff3aef9e10269cdf6b776ebb1e567f0c7dca93dfe4e50243425d7ba3&amp;smart=true&amp;width=350&amp;height=233&amp;quality=85\" alt=\"El artista no expres\u00f3 remordimiento\" width=\"1000\" height=\"667\" \/><\/picture>El artista no expres\u00f3 remordimiento luego de festejar su cumplea\u00f1os con sus fans<\/div>\n<p class=\"paragraph\" data-mrf-recirculation=\"Links inline\">La convocatoria hab\u00eda sido realizada d\u00edas antes en redes sociales con un afiche donde se le\u00eda: \u201cTe invito a celebrar una fiesta inolvidable\u201d, con la fecha, el lugar y un c\u00f3digo de vestimenta \u201celegante sport\u201d, aunque no inclu\u00eda ninguna menci\u00f3n al precio del cubierto.<\/p>\n<p class=\"paragraph\" data-mrf-recirculation=\"Links inline\">En declaraciones exclusivas a\u00a0<b>Teleshow<\/b>, Ruiz dio su versi\u00f3n completa: \u201c<b>Decid\u00ed festejar mi cumplea\u00f1os porque todos los a\u00f1os hago un show para celebrarlo<\/b>, y este a\u00f1o, que cumplo 50, quise hacer una mega fiesta. Invit\u00e9 a mis amigos, a mi familia, a gente querida y tambi\u00e9n<b>\u00a0ofrec\u00ed la posibilidad a mis fans de participar pagando una entrada, como en una cena show<\/b>\u201d, explic\u00f3.<\/p>\n<p class=\"paragraph\" data-mrf-recirculation=\"Links inline\">\u201cOfrec\u00ed un show de una hora. Tuve que pagar a los m\u00fasicos, el sonido, contrat\u00e9 el sal\u00f3n, que es s\u00faper top. Fue la organizaci\u00f3n de un mega evento. No tiene nada de malo ni bochornoso\u201d, insisti\u00f3 el cantante. Tambi\u00e9n agreg\u00f3: \u201cEsto estaba planeado hace mucho tiempo. Los fans siempre supieron que se trataba de un evento pago y que ven\u00edan con ese conocimiento\u201d. Sobre el v\u00ednculo con sus seguidores, remarc\u00f3: \u201cYo hago este tipo de actividades con mis fans desde hace a\u00f1os. Por ejemplo, viajamos juntos, ellos pagan el viaje, me pagan el cach\u00e9, hacemos convivencias. En M\u00e9xico hacemos muchas cosas as\u00ed. Es una forma de estar m\u00e1s cerca, sacarse fotos, compartir\u201d.<\/p>\n<p class=\"paragraph\" data-mrf-recirculation=\"Links inline\">Y cerr\u00f3: \u201c<b>Decid\u00ed incluir al p\u00fablico m\u00e1s cercano, las fans m\u00e1s fan\u00e1ticas, las que me siguen por pa\u00edses, en giras<\/b>. Es algo normal para un artista.<b>\u00a0No es un robo ni nada similar. Siempre se inform\u00f3 el valor de la entrada y lo que inclu\u00eda<\/b>: el show, el sal\u00f3n, el catering, la atenci\u00f3n. Todo fue incre\u00edble\u201d. Finalmente, sentenci\u00f3: \u201cEsto no fue algo p\u00fablico. Yo invit\u00e9 a seres queridos, amigos y familia. Los \u00fanicos que ten\u00edan que abonar eran los fans, y lo sab\u00edan. Mi equipo y yo tenemos muy buena comunicaci\u00f3n con los grupos de fans, se avis\u00f3 todo con anticipaci\u00f3n\u201d.<\/p>\n<p class=\"paragraph\" data-mrf-recirculation=\"Links inline\">Entre luces, m\u00fasica y abrazos, Pablito Ruiz celebr\u00f3 sus 50 como quiso: con sus seres queridos, con sus fans m\u00e1s fieles y con un show a su medida. Mientras algunos critican el precio, otros eligieron pagar por estar cerca. Y eso, en su mundo, tambi\u00e9n es una forma de amor.<\/p>\n<div class=\"second-saved-buttons\">\n<div class=\"body-share-note\"><\/div>\n<\/div>\n","protected":false},"excerpt":{"rendered":"<p>Luego de que se viralizara que pagaron por el cubierto en moneda extranjera, la cuenta oficial de sus seguidores respondi\u00f3 con un comunicado contundente El pasado domingo 1\u00b0 de junio,\u00a0Pablito Ruiz\u00a0celebr\u00f3 su cumplea\u00f1os n\u00famero 50\u00a0con una fiesta en un sal\u00f3n de eventos en Lomas de Zamora. El encuentro reuni\u00f3 a unas 160 personas, entre celebridades, [&hellip;]<\/p>\n","protected":false},"author":1,"featured_media":1242,"comment_status":"open","ping_status":"open","sticky":false,"template":"","format":"standard","meta":{"rop_custom_images_group":[],"rop_custom_messages_group":[],"rop_publish_now":"initial","rop_publish_now_accounts":[],"rop_publish_now_history":[],"rop_publish_now_status":"pending","footnotes":"","jetpack_publicize_message":"","jetpack_publicize_feature_enabled":true,"jetpack_social_post_already_shared":true,"jetpack_social_options":{"image_generator_settings":{"template":"highway","enabled":false},"version":2}},"categories":[12],"tags":[],"class_list":{"0":"post-1239","1":"post","2":"type-post","3":"status-publish","4":"format-standard","5":"has-post-thumbnail","7":"category-espectaculos"},"jetpack_publicize_connections":[],"yoast_head":"<!-- This site is optimized with the Yoast SEO plugin v27.3 - https:\/\/yoast.com\/product\/yoast-seo-wordpress\/ -->\n<title>La reacci\u00f3n de los fans de Pablito Ruiz tras la pol\u00e9mica fiesta de cumplea\u00f1os: \u201cGastamos nuestros d\u00f3lares como queremos\u201d - CLAN ESPECTACULOS<\/title>\n<meta name=\"robots\" content=\"index, follow, max-snippet:-1, max-image-preview:large, max-video-preview:-1\" \/>\n<link rel=\"canonical\" href=\"https:\/\/radioclanfm.com\/clanespectaculos\/la-reaccion-de-los-fans-de-pablito-ruiz-tras-la-polemica-fiesta-de-cumpleanos-gastamos-nuestros-dolares-como-queremos\/\" \/>\n<meta property=\"og:locale\" content=\"es_ES\" \/>\n<meta property=\"og:type\" content=\"article\" \/>\n<meta property=\"og:title\" content=\"La reacci\u00f3n de los fans de Pablito Ruiz tras la pol\u00e9mica fiesta de cumplea\u00f1os: \u201cGastamos nuestros d\u00f3lares como queremos\u201d - CLAN ESPECTACULOS\" \/>\n<meta property=\"og:description\" content=\"Luego de que se viralizara que pagaron por el cubierto en moneda extranjera, la cuenta oficial de sus seguidores respondi\u00f3 con un comunicado contundente El pasado domingo 1\u00b0 de junio,\u00a0Pablito Ruiz\u00a0celebr\u00f3 su cumplea\u00f1os n\u00famero 50\u00a0con una fiesta en un sal\u00f3n de eventos en Lomas de Zamora. El encuentro reuni\u00f3 a unas 160 personas, entre celebridades, [&hellip;]\" \/>\n<meta property=\"og:url\" content=\"https:\/\/radioclanfm.com\/clanespectaculos\/la-reaccion-de-los-fans-de-pablito-ruiz-tras-la-polemica-fiesta-de-cumpleanos-gastamos-nuestros-dolares-como-queremos\/\" \/>\n<meta property=\"og:site_name\" content=\"CLAN ESPECTACULOS\" \/>\n<meta property=\"article:publisher\" content=\"https:\/\/www.facebook.com\/clanespectaculos\/\" \/>\n<meta property=\"article:published_time\" content=\"2025-06-04T02:01:44+00:00\" \/>\n<meta property=\"og:image\" content=\"https:\/\/radioclanfm.com\/clanespectaculos\/wp-content\/uploads\/sites\/2\/2025\/06\/TEEvZeWJ.jpg\" \/>\n\t<meta property=\"og:image:width\" content=\"900\" \/>\n\t<meta property=\"og:image:height\" content=\"450\" \/>\n\t<meta property=\"og:image:type\" content=\"image\/jpeg\" \/>\n<meta name=\"author\" content=\"E-GRUPOCLAN\" \/>\n<meta name=\"twitter:card\" content=\"summary_large_image\" \/>\n<meta name=\"twitter:creator\" content=\"@clanespectok\" \/>\n<meta name=\"twitter:site\" content=\"@clanespectok\" \/>\n<meta name=\"twitter:label1\" content=\"Escrito por\" \/>\n\t<meta name=\"twitter:data1\" content=\"E-GRUPOCLAN\" \/>\n\t<meta name=\"twitter:label2\" content=\"Tiempo de lectura\" \/>\n\t<meta name=\"twitter:data2\" content=\"4 minutos\" \/>\n<script type=\"application\/ld+json\" class=\"yoast-schema-graph\">{\"@context\":\"https:\\\/\\\/schema.org\",\"@graph\":[{\"@type\":\"Article\",\"@id\":\"https:\\\/\\\/radioclanfm.com\\\/clanespectaculos\\\/la-reaccion-de-los-fans-de-pablito-ruiz-tras-la-polemica-fiesta-de-cumpleanos-gastamos-nuestros-dolares-como-queremos\\\/#article\",\"isPartOf\":{\"@id\":\"https:\\\/\\\/radioclanfm.com\\\/clanespectaculos\\\/la-reaccion-de-los-fans-de-pablito-ruiz-tras-la-polemica-fiesta-de-cumpleanos-gastamos-nuestros-dolares-como-queremos\\\/\"},\"author\":{\"name\":\"E-GRUPOCLAN\",\"@id\":\"https:\\\/\\\/radioclanfm.com\\\/clanespectaculos\\\/#\\\/schema\\\/person\\\/9734813083303230f3ad84d99171b20c\"},\"headline\":\"La reacci\u00f3n de los fans de Pablito Ruiz tras la pol\u00e9mica fiesta de cumplea\u00f1os: \u201cGastamos nuestros d\u00f3lares como queremos\u201d\",\"datePublished\":\"2025-06-04T02:01:44+00:00\",\"mainEntityOfPage\":{\"@id\":\"https:\\\/\\\/radioclanfm.com\\\/clanespectaculos\\\/la-reaccion-de-los-fans-de-pablito-ruiz-tras-la-polemica-fiesta-de-cumpleanos-gastamos-nuestros-dolares-como-queremos\\\/\"},\"wordCount\":921,\"commentCount\":0,\"publisher\":{\"@id\":\"https:\\\/\\\/radioclanfm.com\\\/clanespectaculos\\\/#organization\"},\"image\":{\"@id\":\"https:\\\/\\\/radioclanfm.com\\\/clanespectaculos\\\/la-reaccion-de-los-fans-de-pablito-ruiz-tras-la-polemica-fiesta-de-cumpleanos-gastamos-nuestros-dolares-como-queremos\\\/#primaryimage\"},\"thumbnailUrl\":\"https:\\\/\\\/radioclanfm.com\\\/clanespectaculos\\\/wp-content\\\/uploads\\\/sites\\\/2\\\/2025\\\/06\\\/TEEvZeWJ.jpg\",\"articleSection\":[\"Espectaculos\"],\"inLanguage\":\"es-AR\",\"potentialAction\":[{\"@type\":\"CommentAction\",\"name\":\"Comment\",\"target\":[\"https:\\\/\\\/radioclanfm.com\\\/clanespectaculos\\\/la-reaccion-de-los-fans-de-pablito-ruiz-tras-la-polemica-fiesta-de-cumpleanos-gastamos-nuestros-dolares-como-queremos\\\/#respond\"]}]},{\"@type\":\"WebPage\",\"@id\":\"https:\\\/\\\/radioclanfm.com\\\/clanespectaculos\\\/la-reaccion-de-los-fans-de-pablito-ruiz-tras-la-polemica-fiesta-de-cumpleanos-gastamos-nuestros-dolares-como-queremos\\\/\",\"url\":\"https:\\\/\\\/radioclanfm.com\\\/clanespectaculos\\\/la-reaccion-de-los-fans-de-pablito-ruiz-tras-la-polemica-fiesta-de-cumpleanos-gastamos-nuestros-dolares-como-queremos\\\/\",\"name\":\"La reacci\u00f3n de los fans de Pablito Ruiz tras la pol\u00e9mica fiesta de cumplea\u00f1os: \u201cGastamos nuestros d\u00f3lares como queremos\u201d - CLAN ESPECTACULOS\",\"isPartOf\":{\"@id\":\"https:\\\/\\\/radioclanfm.com\\\/clanespectaculos\\\/#website\"},\"primaryImageOfPage\":{\"@id\":\"https:\\\/\\\/radioclanfm.com\\\/clanespectaculos\\\/la-reaccion-de-los-fans-de-pablito-ruiz-tras-la-polemica-fiesta-de-cumpleanos-gastamos-nuestros-dolares-como-queremos\\\/#primaryimage\"},\"image\":{\"@id\":\"https:\\\/\\\/radioclanfm.com\\\/clanespectaculos\\\/la-reaccion-de-los-fans-de-pablito-ruiz-tras-la-polemica-fiesta-de-cumpleanos-gastamos-nuestros-dolares-como-queremos\\\/#primaryimage\"},\"thumbnailUrl\":\"https:\\\/\\\/radioclanfm.com\\\/clanespectaculos\\\/wp-content\\\/uploads\\\/sites\\\/2\\\/2025\\\/06\\\/TEEvZeWJ.jpg\",\"datePublished\":\"2025-06-04T02:01:44+00:00\",\"breadcrumb\":{\"@id\":\"https:\\\/\\\/radioclanfm.com\\\/clanespectaculos\\\/la-reaccion-de-los-fans-de-pablito-ruiz-tras-la-polemica-fiesta-de-cumpleanos-gastamos-nuestros-dolares-como-queremos\\\/#breadcrumb\"},\"inLanguage\":\"es-AR\",\"potentialAction\":[{\"@type\":\"ReadAction\",\"target\":[\"https:\\\/\\\/radioclanfm.com\\\/clanespectaculos\\\/la-reaccion-de-los-fans-de-pablito-ruiz-tras-la-polemica-fiesta-de-cumpleanos-gastamos-nuestros-dolares-como-queremos\\\/\"]}]},{\"@type\":\"ImageObject\",\"inLanguage\":\"es-AR\",\"@id\":\"https:\\\/\\\/radioclanfm.com\\\/clanespectaculos\\\/la-reaccion-de-los-fans-de-pablito-ruiz-tras-la-polemica-fiesta-de-cumpleanos-gastamos-nuestros-dolares-como-queremos\\\/#primaryimage\",\"url\":\"https:\\\/\\\/radioclanfm.com\\\/clanespectaculos\\\/wp-content\\\/uploads\\\/sites\\\/2\\\/2025\\\/06\\\/TEEvZeWJ.jpg\",\"contentUrl\":\"https:\\\/\\\/radioclanfm.com\\\/clanespectaculos\\\/wp-content\\\/uploads\\\/sites\\\/2\\\/2025\\\/06\\\/TEEvZeWJ.jpg\",\"width\":900,\"height\":450},{\"@type\":\"BreadcrumbList\",\"@id\":\"https:\\\/\\\/radioclanfm.com\\\/clanespectaculos\\\/la-reaccion-de-los-fans-de-pablito-ruiz-tras-la-polemica-fiesta-de-cumpleanos-gastamos-nuestros-dolares-como-queremos\\\/#breadcrumb\",\"itemListElement\":[{\"@type\":\"ListItem\",\"position\":1,\"name\":\"Inicio\",\"item\":\"https:\\\/\\\/radioclanfm.com\\\/clanespectaculos\\\/\"},{\"@type\":\"ListItem\",\"position\":2,\"name\":\"La reacci\u00f3n de los fans de Pablito Ruiz tras la pol\u00e9mica fiesta de cumplea\u00f1os: \u201cGastamos nuestros d\u00f3lares como queremos\u201d\"}]},{\"@type\":\"WebSite\",\"@id\":\"https:\\\/\\\/radioclanfm.com\\\/clanespectaculos\\\/#website\",\"url\":\"https:\\\/\\\/radioclanfm.com\\\/clanespectaculos\\\/\",\"name\":\"CLAN ESPECTACULOS\",\"description\":\"\",\"publisher\":{\"@id\":\"https:\\\/\\\/radioclanfm.com\\\/clanespectaculos\\\/#organization\"},\"potentialAction\":[{\"@type\":\"SearchAction\",\"target\":{\"@type\":\"EntryPoint\",\"urlTemplate\":\"https:\\\/\\\/radioclanfm.com\\\/clanespectaculos\\\/?s={search_term_string}\"},\"query-input\":{\"@type\":\"PropertyValueSpecification\",\"valueRequired\":true,\"valueName\":\"search_term_string\"}}],\"inLanguage\":\"es-AR\"},{\"@type\":\"Organization\",\"@id\":\"https:\\\/\\\/radioclanfm.com\\\/clanespectaculos\\\/#organization\",\"name\":\"CLAN ESPECTACULOS\",\"url\":\"https:\\\/\\\/radioclanfm.com\\\/clanespectaculos\\\/\",\"logo\":{\"@type\":\"ImageObject\",\"inLanguage\":\"es-AR\",\"@id\":\"https:\\\/\\\/radioclanfm.com\\\/clanespectaculos\\\/#\\\/schema\\\/logo\\\/image\\\/\",\"url\":\"https:\\\/\\\/radioclanfm.com\\\/clanespectaculos\\\/wp-content\\\/uploads\\\/sites\\\/2\\\/2026\\\/04\\\/ChatGPT-Image-23-mar-2026-10_09_00.png\",\"contentUrl\":\"https:\\\/\\\/radioclanfm.com\\\/clanespectaculos\\\/wp-content\\\/uploads\\\/sites\\\/2\\\/2026\\\/04\\\/ChatGPT-Image-23-mar-2026-10_09_00.png\",\"width\":1024,\"height\":1024,\"caption\":\"CLAN ESPECTACULOS\"},\"image\":{\"@id\":\"https:\\\/\\\/radioclanfm.com\\\/clanespectaculos\\\/#\\\/schema\\\/logo\\\/image\\\/\"},\"sameAs\":[\"https:\\\/\\\/www.facebook.com\\\/clanespectaculos\\\/\",\"https:\\\/\\\/x.com\\\/clanespectok\"]},{\"@type\":\"Person\",\"@id\":\"https:\\\/\\\/radioclanfm.com\\\/clanespectaculos\\\/#\\\/schema\\\/person\\\/9734813083303230f3ad84d99171b20c\",\"name\":\"E-GRUPOCLAN\",\"image\":{\"@type\":\"ImageObject\",\"inLanguage\":\"es-AR\",\"@id\":\"https:\\\/\\\/secure.gravatar.com\\\/avatar\\\/af6e19837c3d6a212034a48c7b3818d2ac1826f6025df0155da5a186ad321d79?s=96&d=mm&r=g\",\"url\":\"https:\\\/\\\/secure.gravatar.com\\\/avatar\\\/af6e19837c3d6a212034a48c7b3818d2ac1826f6025df0155da5a186ad321d79?s=96&d=mm&r=g\",\"contentUrl\":\"https:\\\/\\\/secure.gravatar.com\\\/avatar\\\/af6e19837c3d6a212034a48c7b3818d2ac1826f6025df0155da5a186ad321d79?s=96&d=mm&r=g\",\"caption\":\"E-GRUPOCLAN\"},\"sameAs\":[\"https:\\\/\\\/radioclanfm.com\"],\"url\":\"https:\\\/\\\/radioclanfm.com\\\/clanespectaculos\\\/author\\\/admin\\\/\"}]}<\/script>\n<!-- \/ Yoast SEO plugin. -->","yoast_head_json":{"title":"La reacci\u00f3n de los fans de Pablito Ruiz tras la pol\u00e9mica fiesta de cumplea\u00f1os: \u201cGastamos nuestros d\u00f3lares como queremos\u201d - CLAN ESPECTACULOS","robots":{"index":"index","follow":"follow","max-snippet":"max-snippet:-1","max-image-preview":"max-image-preview:large","max-video-preview":"max-video-preview:-1"},"canonical":"https:\/\/radioclanfm.com\/clanespectaculos\/la-reaccion-de-los-fans-de-pablito-ruiz-tras-la-polemica-fiesta-de-cumpleanos-gastamos-nuestros-dolares-como-queremos\/","og_locale":"es_ES","og_type":"article","og_title":"La reacci\u00f3n de los fans de Pablito Ruiz tras la pol\u00e9mica fiesta de cumplea\u00f1os: \u201cGastamos nuestros d\u00f3lares como queremos\u201d - CLAN ESPECTACULOS","og_description":"Luego de que se viralizara que pagaron por el cubierto en moneda extranjera, la cuenta oficial de sus seguidores respondi\u00f3 con un comunicado contundente El pasado domingo 1\u00b0 de junio,\u00a0Pablito Ruiz\u00a0celebr\u00f3 su cumplea\u00f1os n\u00famero 50\u00a0con una fiesta en un sal\u00f3n de eventos en Lomas de Zamora. El encuentro reuni\u00f3 a unas 160 personas, entre celebridades, [&hellip;]","og_url":"https:\/\/radioclanfm.com\/clanespectaculos\/la-reaccion-de-los-fans-de-pablito-ruiz-tras-la-polemica-fiesta-de-cumpleanos-gastamos-nuestros-dolares-como-queremos\/","og_site_name":"CLAN ESPECTACULOS","article_publisher":"https:\/\/www.facebook.com\/clanespectaculos\/","article_published_time":"2025-06-04T02:01:44+00:00","og_image":[{"width":900,"height":450,"url":"https:\/\/radioclanfm.com\/clanespectaculos\/wp-content\/uploads\/sites\/2\/2025\/06\/TEEvZeWJ.jpg","type":"image\/jpeg"}],"author":"E-GRUPOCLAN","twitter_card":"summary_large_image","twitter_creator":"@clanespectok","twitter_site":"@clanespectok","twitter_misc":{"Escrito por":"E-GRUPOCLAN","Tiempo de lectura":"4 minutos"},"schema":{"@context":"https:\/\/schema.org","@graph":[{"@type":"Article","@id":"https:\/\/radioclanfm.com\/clanespectaculos\/la-reaccion-de-los-fans-de-pablito-ruiz-tras-la-polemica-fiesta-de-cumpleanos-gastamos-nuestros-dolares-como-queremos\/#article","isPartOf":{"@id":"https:\/\/radioclanfm.com\/clanespectaculos\/la-reaccion-de-los-fans-de-pablito-ruiz-tras-la-polemica-fiesta-de-cumpleanos-gastamos-nuestros-dolares-como-queremos\/"},"author":{"name":"E-GRUPOCLAN","@id":"https:\/\/radioclanfm.com\/clanespectaculos\/#\/schema\/person\/9734813083303230f3ad84d99171b20c"},"headline":"La reacci\u00f3n de los fans de Pablito Ruiz tras la pol\u00e9mica fiesta de cumplea\u00f1os: \u201cGastamos nuestros d\u00f3lares como queremos\u201d","datePublished":"2025-06-04T02:01:44+00:00","mainEntityOfPage":{"@id":"https:\/\/radioclanfm.com\/clanespectaculos\/la-reaccion-de-los-fans-de-pablito-ruiz-tras-la-polemica-fiesta-de-cumpleanos-gastamos-nuestros-dolares-como-queremos\/"},"wordCount":921,"commentCount":0,"publisher":{"@id":"https:\/\/radioclanfm.com\/clanespectaculos\/#organization"},"image":{"@id":"https:\/\/radioclanfm.com\/clanespectaculos\/la-reaccion-de-los-fans-de-pablito-ruiz-tras-la-polemica-fiesta-de-cumpleanos-gastamos-nuestros-dolares-como-queremos\/#primaryimage"},"thumbnailUrl":"https:\/\/radioclanfm.com\/clanespectaculos\/wp-content\/uploads\/sites\/2\/2025\/06\/TEEvZeWJ.jpg","articleSection":["Espectaculos"],"inLanguage":"es-AR","potentialAction":[{"@type":"CommentAction","name":"Comment","target":["https:\/\/radioclanfm.com\/clanespectaculos\/la-reaccion-de-los-fans-de-pablito-ruiz-tras-la-polemica-fiesta-de-cumpleanos-gastamos-nuestros-dolares-como-queremos\/#respond"]}]},{"@type":"WebPage","@id":"https:\/\/radioclanfm.com\/clanespectaculos\/la-reaccion-de-los-fans-de-pablito-ruiz-tras-la-polemica-fiesta-de-cumpleanos-gastamos-nuestros-dolares-como-queremos\/","url":"https:\/\/radioclanfm.com\/clanespectaculos\/la-reaccion-de-los-fans-de-pablito-ruiz-tras-la-polemica-fiesta-de-cumpleanos-gastamos-nuestros-dolares-como-queremos\/","name":"La reacci\u00f3n de los fans de Pablito Ruiz tras la pol\u00e9mica fiesta de cumplea\u00f1os: \u201cGastamos nuestros d\u00f3lares como queremos\u201d - CLAN ESPECTACULOS","isPartOf":{"@id":"https:\/\/radioclanfm.com\/clanespectaculos\/#website"},"primaryImageOfPage":{"@id":"https:\/\/radioclanfm.com\/clanespectaculos\/la-reaccion-de-los-fans-de-pablito-ruiz-tras-la-polemica-fiesta-de-cumpleanos-gastamos-nuestros-dolares-como-queremos\/#primaryimage"},"image":{"@id":"https:\/\/radioclanfm.com\/clanespectaculos\/la-reaccion-de-los-fans-de-pablito-ruiz-tras-la-polemica-fiesta-de-cumpleanos-gastamos-nuestros-dolares-como-queremos\/#primaryimage"},"thumbnailUrl":"https:\/\/radioclanfm.com\/clanespectaculos\/wp-content\/uploads\/sites\/2\/2025\/06\/TEEvZeWJ.jpg","datePublished":"2025-06-04T02:01:44+00:00","breadcrumb":{"@id":"https:\/\/radioclanfm.com\/clanespectaculos\/la-reaccion-de-los-fans-de-pablito-ruiz-tras-la-polemica-fiesta-de-cumpleanos-gastamos-nuestros-dolares-como-queremos\/#breadcrumb"},"inLanguage":"es-AR","potentialAction":[{"@type":"ReadAction","target":["https:\/\/radioclanfm.com\/clanespectaculos\/la-reaccion-de-los-fans-de-pablito-ruiz-tras-la-polemica-fiesta-de-cumpleanos-gastamos-nuestros-dolares-como-queremos\/"]}]},{"@type":"ImageObject","inLanguage":"es-AR","@id":"https:\/\/radioclanfm.com\/clanespectaculos\/la-reaccion-de-los-fans-de-pablito-ruiz-tras-la-polemica-fiesta-de-cumpleanos-gastamos-nuestros-dolares-como-queremos\/#primaryimage","url":"https:\/\/radioclanfm.com\/clanespectaculos\/wp-content\/uploads\/sites\/2\/2025\/06\/TEEvZeWJ.jpg","contentUrl":"https:\/\/radioclanfm.com\/clanespectaculos\/wp-content\/uploads\/sites\/2\/2025\/06\/TEEvZeWJ.jpg","width":900,"height":450},{"@type":"BreadcrumbList","@id":"https:\/\/radioclanfm.com\/clanespectaculos\/la-reaccion-de-los-fans-de-pablito-ruiz-tras-la-polemica-fiesta-de-cumpleanos-gastamos-nuestros-dolares-como-queremos\/#breadcrumb","itemListElement":[{"@type":"ListItem","position":1,"name":"Inicio","item":"https:\/\/radioclanfm.com\/clanespectaculos\/"},{"@type":"ListItem","position":2,"name":"La reacci\u00f3n de los fans de Pablito Ruiz tras la pol\u00e9mica fiesta de cumplea\u00f1os: \u201cGastamos nuestros d\u00f3lares como queremos\u201d"}]},{"@type":"WebSite","@id":"https:\/\/radioclanfm.com\/clanespectaculos\/#website","url":"https:\/\/radioclanfm.com\/clanespectaculos\/","name":"CLAN ESPECTACULOS","description":"","publisher":{"@id":"https:\/\/radioclanfm.com\/clanespectaculos\/#organization"},"potentialAction":[{"@type":"SearchAction","target":{"@type":"EntryPoint","urlTemplate":"https:\/\/radioclanfm.com\/clanespectaculos\/?s={search_term_string}"},"query-input":{"@type":"PropertyValueSpecification","valueRequired":true,"valueName":"search_term_string"}}],"inLanguage":"es-AR"},{"@type":"Organization","@id":"https:\/\/radioclanfm.com\/clanespectaculos\/#organization","name":"CLAN ESPECTACULOS","url":"https:\/\/radioclanfm.com\/clanespectaculos\/","logo":{"@type":"ImageObject","inLanguage":"es-AR","@id":"https:\/\/radioclanfm.com\/clanespectaculos\/#\/schema\/logo\/image\/","url":"https:\/\/radioclanfm.com\/clanespectaculos\/wp-content\/uploads\/sites\/2\/2026\/04\/ChatGPT-Image-23-mar-2026-10_09_00.png","contentUrl":"https:\/\/radioclanfm.com\/clanespectaculos\/wp-content\/uploads\/sites\/2\/2026\/04\/ChatGPT-Image-23-mar-2026-10_09_00.png","width":1024,"height":1024,"caption":"CLAN ESPECTACULOS"},"image":{"@id":"https:\/\/radioclanfm.com\/clanespectaculos\/#\/schema\/logo\/image\/"},"sameAs":["https:\/\/www.facebook.com\/clanespectaculos\/","https:\/\/x.com\/clanespectok"]},{"@type":"Person","@id":"https:\/\/radioclanfm.com\/clanespectaculos\/#\/schema\/person\/9734813083303230f3ad84d99171b20c","name":"E-GRUPOCLAN","image":{"@type":"ImageObject","inLanguage":"es-AR","@id":"https:\/\/secure.gravatar.com\/avatar\/af6e19837c3d6a212034a48c7b3818d2ac1826f6025df0155da5a186ad321d79?s=96&d=mm&r=g","url":"https:\/\/secure.gravatar.com\/avatar\/af6e19837c3d6a212034a48c7b3818d2ac1826f6025df0155da5a186ad321d79?s=96&d=mm&r=g","contentUrl":"https:\/\/secure.gravatar.com\/avatar\/af6e19837c3d6a212034a48c7b3818d2ac1826f6025df0155da5a186ad321d79?s=96&d=mm&r=g","caption":"E-GRUPOCLAN"},"sameAs":["https:\/\/radioclanfm.com"],"url":"https:\/\/radioclanfm.com\/clanespectaculos\/author\/admin\/"}]}},"_links":{"self":[{"href":"https:\/\/radioclanfm.com\/clanespectaculos\/wp-json\/wp\/v2\/posts\/1239","targetHints":{"allow":["GET"]}}],"collection":[{"href":"https:\/\/radioclanfm.com\/clanespectaculos\/wp-json\/wp\/v2\/posts"}],"about":[{"href":"https:\/\/radioclanfm.com\/clanespectaculos\/wp-json\/wp\/v2\/types\/post"}],"author":[{"embeddable":true,"href":"https:\/\/radioclanfm.com\/clanespectaculos\/wp-json\/wp\/v2\/users\/1"}],"replies":[{"embeddable":true,"href":"https:\/\/radioclanfm.com\/clanespectaculos\/wp-json\/wp\/v2\/comments?post=1239"}],"version-history":[{"count":1,"href":"https:\/\/radioclanfm.com\/clanespectaculos\/wp-json\/wp\/v2\/posts\/1239\/revisions"}],"predecessor-version":[{"id":1243,"href":"https:\/\/radioclanfm.com\/clanespectaculos\/wp-json\/wp\/v2\/posts\/1239\/revisions\/1243"}],"wp:featuredmedia":[{"embeddable":true,"href":"https:\/\/radioclanfm.com\/clanespectaculos\/wp-json\/wp\/v2\/media\/1242"}],"wp:attachment":[{"href":"https:\/\/radioclanfm.com\/clanespectaculos\/wp-json\/wp\/v2\/media?parent=1239"}],"wp:term":[{"taxonomy":"category","embeddable":true,"href":"https:\/\/radioclanfm.com\/clanespectaculos\/wp-json\/wp\/v2\/categories?post=1239"},{"taxonomy":"post_tag","embeddable":true,"href":"https:\/\/radioclanfm.com\/clanespectaculos\/wp-json\/wp\/v2\/tags?post=1239"}],"curies":[{"name":"wp","href":"https:\/\/api.w.org\/{rel}","templated":true}]}}