{"id":12373,"date":"2026-02-16T21:36:17","date_gmt":"2026-02-17T00:36:17","guid":{"rendered":"https:\/\/radioclanfm.com\/clanespectaculos\/?p=12373"},"modified":"2026-02-16T21:36:17","modified_gmt":"2026-02-17T00:36:17","slug":"la-primera-foto-de-juana-repetto-con-sus-tres-hijos-juntos-en-su-casa","status":"publish","type":"post","link":"https:\/\/radioclanfm.com\/clanespectaculos\/la-primera-foto-de-juana-repetto-con-sus-tres-hijos-juntos-en-su-casa\/","title":{"rendered":"La primera foto de Juana Repetto con sus tres hijos juntos en su casa"},"content":{"rendered":"<p>La influencer mostr\u00f3 c\u00f3mo pas\u00f3 la primera noche Timoteo junto a sus hermanos.<\/p>\n<div class=\"col-content\"><main class=\"col-content\"><\/p>\n<div class=\"default-article-color article__body article__article\">\n<p class=\"paragraph font__body-regular\"><b>Juana Repetto<\/b>\u00a0mostr\u00f3 por primera vez a sus tres hijos todos juntos, desde el nacimiento de su beb\u00e9\u00a0<b>Timoteo<\/b>.<\/p>\n<div class=\"AV6543bedcd858799fe90b5c47\">\n<div id=\"aniBox\">\n<div id=\"aniplayer_AV6543bedcd858799fe90b5c47-1771288524676\">\n<div id=\"aniplayer_AV6543bedcd858799fe90b5c47-1771288524676gui\">\n<div id=\"av-caption\">\n<div id=\"av-close-btn-overlay\" class=\"av-pos-top-left\"><\/div>\n<\/div>\n<\/div>\n<\/div>\n<\/div>\n<\/div>\n<div id=\"ad-slot-infeed\" class=\"infeed-container ad-slot-infeed ad-slot\" data-adtype=\"infeed\" data-lazyload=\"1\" data-google-query-id=\"CIPRmPmj35IDFQg5uQYdfWEA1w\">\n<div id=\"google_ads_iframe_\/113951150\/tn-arc\/nota\/infeed_0__container__\"><\/div>\n<\/div>\n<p class=\"paragraph font__body-regular\">En una historia de Instagram, la influencer comparti\u00f3 una instant\u00e1nea de su desayuno junto a<b>\u00a0Belisario, Toribio y Timoteo.<\/b><\/p>\n<p class=\"paragraph font__body-regular\"><b>\u201cPrimera noche: muy buena\u201d<\/b>, escribi\u00f3 la medi\u00e1tica, junto a un emoji de palmas y de un brazo haciendo fuerza.<\/p>\n<figure class=\"\" data-testid=\"figure-testid\">\n<div class=\"aspect_ratio__container\"><picture class=\"responsive-image\"><source srcset=\"https:\/\/tn.com.ar\/resizer\/v2\/juana-repetto-publico-la-primera-foto-de-los-tres-hermanos-juntos-foto-instagramjuanarepettook-42DCZFSZGZEA5N7EHXB6VFF734.JPG?auth=6ef1ad42eeb14c883174ff68b1923591954333fa156420376872f848e1ba5232&amp;width=767\" type=\"image\/jpg\" media=\"(max-width: 728px)\" \/><source srcset=\"https:\/\/tn.com.ar\/resizer\/v2\/juana-repetto-publico-la-primera-foto-de-los-tres-hermanos-juntos-foto-instagramjuanarepettook-42DCZFSZGZEA5N7EHXB6VFF734.JPG?auth=6ef1ad42eeb14c883174ff68b1923591954333fa156420376872f848e1ba5232&amp;width=1023\" type=\"image\/jpg\" media=\"(max-width: 1023px)\" \/><source srcset=\"https:\/\/tn.com.ar\/resizer\/v2\/juana-repetto-publico-la-primera-foto-de-los-tres-hermanos-juntos-foto-instagramjuanarepettook-42DCZFSZGZEA5N7EHXB6VFF734.JPG?auth=6ef1ad42eeb14c883174ff68b1923591954333fa156420376872f848e1ba5232&amp;width=1440\" type=\"image\/jpg\" \/><img loading=\"lazy\" decoding=\"async\" class=\"image content-image image_placeholder\" src=\"https:\/\/tn.com.ar\/resizer\/v2\/juana-repetto-publico-la-primera-foto-de-los-tres-hermanos-juntos-foto-instagramjuanarepettook-42DCZFSZGZEA5N7EHXB6VFF734.JPG?auth=6ef1ad42eeb14c883174ff68b1923591954333fa156420376872f848e1ba5232&amp;width=767\" alt=\"Juana Repetto public\u00f3 la primera foto de los tres hermanos juntos. (Foto: Instagram\/juanarepettook)\" width=\"767\" height=\"1378\" data-testid=\"loading-testid\" \/><\/picture><\/div><figcaption class=\"caption_image\" data-testid=\"figcaption-testid\">\n<div class=\"image_caption \">Juana Repetto public\u00f3 la primera foto de los tres hermanos juntos. (Foto: Instagram\/juanarepettook)<\/div>\n<\/figcaption><\/figure>\n<p class=\"paragraph font__body-regular\">Tras el nacimiento de Timoteo,\u00a0<b>Juana Repetto volvi\u00f3 a su casa este domingo,<\/b>\u00a0lo que significaba todo un desaf\u00edo para ella. Desde hace tiempo hab\u00eda contado que durante los primeros meses iba a dormir con sus tres hijos en su habitaci\u00f3n.<\/p>\n<p class=\"paragraph font__body-regular\">El primer posteo que comparti\u00f3 de Timoteo en su casa lo hizo a partir de un momento muy \u00edntimo con su beb\u00e9.\u00a0<b>\u201cYa en casita. De a poco les voy a ir contando todo\u201d<\/b>, expres\u00f3 la influencer con una foto amamantando al nene.<\/p>\n<figure class=\"\" data-testid=\"figure-testid\">\n<div class=\"aspect_ratio__container\"><picture class=\"responsive-image\"><source srcset=\"https:\/\/tn.com.ar\/resizer\/v2\/la-tierna-bienvenida-que-tuvo-juana-repetto-foto-instagramjuanarepettook-AIW6HMEYFVEV7MBV6QF54YJDPA.jpeg?auth=2be8e73f30fcfb2ece76fbff12b18f38dcdfbc19f11c5e68a52d82fa62b30cc6&amp;width=767\" type=\"image\/jpg\" media=\"(max-width: 728px)\" \/><source srcset=\"https:\/\/tn.com.ar\/resizer\/v2\/la-tierna-bienvenida-que-tuvo-juana-repetto-foto-instagramjuanarepettook-AIW6HMEYFVEV7MBV6QF54YJDPA.jpeg?auth=2be8e73f30fcfb2ece76fbff12b18f38dcdfbc19f11c5e68a52d82fa62b30cc6&amp;width=1023\" type=\"image\/jpg\" media=\"(max-width: 1023px)\" \/><source srcset=\"https:\/\/tn.com.ar\/resizer\/v2\/la-tierna-bienvenida-que-tuvo-juana-repetto-foto-instagramjuanarepettook-AIW6HMEYFVEV7MBV6QF54YJDPA.jpeg?auth=2be8e73f30fcfb2ece76fbff12b18f38dcdfbc19f11c5e68a52d82fa62b30cc6&amp;width=1440\" type=\"image\/jpg\" \/><img loading=\"lazy\" decoding=\"async\" class=\"image content-image image_placeholder\" src=\"https:\/\/tn.com.ar\/resizer\/v2\/la-tierna-bienvenida-que-tuvo-juana-repetto-foto-instagramjuanarepettook-AIW6HMEYFVEV7MBV6QF54YJDPA.jpeg?auth=2be8e73f30fcfb2ece76fbff12b18f38dcdfbc19f11c5e68a52d82fa62b30cc6&amp;width=767\" alt=\"La tierna bienvenida que tuvo Juana Repetto. (Foto: Instagram\/juanarepettook)\" width=\"767\" height=\"636\" data-testid=\"loading-testid\" \/><\/picture><\/div><figcaption class=\"caption_image\" data-testid=\"figcaption-testid\">\n<div class=\"image_caption \">La tierna bienvenida que tuvo Juana Repetto. (Foto: Instagram\/juanarepettook)<\/div>\n<\/figcaption><\/figure>\n<p class=\"paragraph font__body-regular\">La recepci\u00f3n de sus hijos fue muy emotiva. En la foto que public\u00f3 en ese momento se pueden ver que colgaron\u00a0<b>globos con los nombres de Juana y Timo\u00a0<\/b>y pegaron carteles con\u00a0<b>emotivos mensajes\u00a0<\/b>para el nuevo hermanito.<\/p>\n<p class=\"paragraph font__body-regular\">Tambi\u00e9n, Juana comparti\u00f3 una foto de su hijo Toribio<b>\u00a0junto al cochecito<\/b>\u00a0en el que trataba de hacer dormir a su hermano.<\/p>\n<h2 class=\"font--primary font__display\">Juana Repetto cont\u00f3 c\u00f3mo la acompa\u00f1\u00f3 su exmarido tras la llegada de Timoteo<\/h2>\n<p class=\"paragraph font__body-regular\"><b>Juana Repetto<\/b>\u00a0enfrent\u00f3 las preguntas de sus seguidoras y finalmente mostr\u00f3 c\u00f3mo la acompa\u00f1a su exmarido,\u00a0<b>Sebasti\u00e1n Graviotto<\/b>, tras la llegada de su segundo hijo en com\u00fan,\u00a0<b>Timoteo<\/b>.<\/p>\n<p class=\"paragraph font__body-regular\">Para eso, la influencer comparti\u00f3 una historia en su perfil de Instagram en la que subi\u00f3 una captura de pantalla de la videollamada que ten\u00eda con\u00a0<b>el pap\u00e1 del beb\u00e9<\/b>.<\/p>\n<p class=\"paragraph font__body-regular\">En la foto,\u00a0<b>Sebasti\u00e1n Graviotto<\/b>\u00a0aparece desde\u00a0<b>Jap\u00f3n\u00a0<\/b>sonriendo frente a la c\u00e1mara mientras que en un costado de la imagen se ve parte de la carita de Timoteo.<\/p>\n<figure class=\"\" data-testid=\"figure-testid\">\n<div class=\"aspect_ratio__container\"><picture class=\"responsive-image\"><source srcset=\"https:\/\/tn.com.ar\/resizer\/v2\/juana-repetto-mostro-la-videollamada-que-tuvo-con-sebastian-graviotto-que-esta-de-viaje-en-japon-foto-captura-instagramjuanarepettook-JN57J3DSIZAOLK4UU26M7MP3CQ.jpg?auth=fb7955834644aa9e254f822c17dec9cb05c146fb2107738de5b48b8b20a14490&amp;width=767\" type=\"image\/jpg\" media=\"(max-width: 728px)\" \/><source srcset=\"https:\/\/tn.com.ar\/resizer\/v2\/juana-repetto-mostro-la-videollamada-que-tuvo-con-sebastian-graviotto-que-esta-de-viaje-en-japon-foto-captura-instagramjuanarepettook-JN57J3DSIZAOLK4UU26M7MP3CQ.jpg?auth=fb7955834644aa9e254f822c17dec9cb05c146fb2107738de5b48b8b20a14490&amp;width=1023\" type=\"image\/jpg\" media=\"(max-width: 1023px)\" \/><source srcset=\"https:\/\/tn.com.ar\/resizer\/v2\/juana-repetto-mostro-la-videollamada-que-tuvo-con-sebastian-graviotto-que-esta-de-viaje-en-japon-foto-captura-instagramjuanarepettook-JN57J3DSIZAOLK4UU26M7MP3CQ.jpg?auth=fb7955834644aa9e254f822c17dec9cb05c146fb2107738de5b48b8b20a14490&amp;width=1440\" type=\"image\/jpg\" \/><img loading=\"lazy\" decoding=\"async\" class=\"image content-image image_placeholder\" src=\"https:\/\/tn.com.ar\/resizer\/v2\/juana-repetto-mostro-la-videollamada-que-tuvo-con-sebastian-graviotto-que-esta-de-viaje-en-japon-foto-captura-instagramjuanarepettook-JN57J3DSIZAOLK4UU26M7MP3CQ.jpg?auth=fb7955834644aa9e254f822c17dec9cb05c146fb2107738de5b48b8b20a14490&amp;width=767\" alt=\"Juana Repetto mostr\u00f3 la videollamada que tuvo con Sebasti\u00e1n Graviotto, que est\u00e1 de viaje en Jap\u00f3n. (Foto: captura Instagram\/juanarepettook)\" width=\"767\" height=\"1363\" data-testid=\"loading-testid\" \/><\/picture><\/div><figcaption class=\"caption_image\" data-testid=\"figcaption-testid\">\n<div class=\"image_caption \">Juana Repetto mostr\u00f3 la videollamada que tuvo con Sebasti\u00e1n Graviotto, que est\u00e1 de viaje en Jap\u00f3n. (Foto: captura Instagram\/juanarepettook)<\/div>\n<\/figcaption><\/figure>\n<p class=\"paragraph font__body-regular\"><b>\u201cGracias\u201d<\/b>, escribi\u00f3 Juana en la historia para demostrar que a pesar de la distancia que hay entre ellos, se siente contenida emocionalmente por su expareja.<\/p>\n<p class=\"paragraph font__body-regular\">Ambos ya estaban separados cuando ella qued\u00f3 embarazada de Timoteo, por lo que transit\u00f3 en\u00a0<b>solter\u00eda\u00a0<\/b>la gran mayor\u00eda de los meses de gestaci\u00f3n.<\/p>\n<p class=\"paragraph font__body-regular\">Incluso Repetto en varias oportunidades fue tajante al se\u00f1alar que no retomar\u00e1\u00a0<b>la relaci\u00f3n sentimental con Graviotto.<\/b><\/p>\n<\/div>\n<p><\/main><\/div>\n<aside class=\"col-right-rail right-rail\">\n<div id=\"parent-ad-slot-caja\" class=\"ad-container caja_ad \">\n<div class=\"ad-content\">\n<div id=\"ad-slot-caja\" class=\"ad-slot-caja ad-slot\" data-adtype=\"caja\" data-lazyload=\"1\" data-google-query-id=\"COv3vPOj35IDFUODYQYduxYhWA\"><\/div>\n<\/div>\n<\/div>\n<\/aside>\n<p>&nbsp;<\/p>\n","protected":false},"excerpt":{"rendered":"<p>La influencer mostr\u00f3 c\u00f3mo pas\u00f3 la primera noche Timoteo junto a sus hermanos. Juana Repetto\u00a0mostr\u00f3 por primera vez a sus tres hijos todos juntos, desde el nacimiento de su beb\u00e9\u00a0Timoteo. En una historia de Instagram, la influencer comparti\u00f3 una instant\u00e1nea de su desayuno junto a\u00a0Belisario, Toribio y Timoteo. \u201cPrimera noche: muy buena\u201d, escribi\u00f3 la medi\u00e1tica, [&hellip;]<\/p>\n","protected":false},"author":1,"featured_media":12376,"comment_status":"open","ping_status":"open","sticky":false,"template":"","format":"standard","meta":{"rop_custom_images_group":[],"rop_custom_messages_group":[],"rop_publish_now":"initial","rop_publish_now_accounts":[],"rop_publish_now_history":[],"rop_publish_now_status":"pending","footnotes":"","jetpack_publicize_message":"","jetpack_publicize_feature_enabled":true,"jetpack_social_post_already_shared":true,"jetpack_social_options":{"image_generator_settings":{"template":"highway","enabled":false},"version":2}},"categories":[12],"tags":[],"class_list":{"0":"post-12373","1":"post","2":"type-post","3":"status-publish","4":"format-standard","5":"has-post-thumbnail","7":"category-espectaculos"},"jetpack_publicize_connections":[],"yoast_head":"<!-- This site is optimized with the Yoast SEO plugin v27.3 - https:\/\/yoast.com\/product\/yoast-seo-wordpress\/ -->\n<title>La primera foto de Juana Repetto con sus tres hijos juntos en su casa - CLAN ESPECTACULOS<\/title>\n<meta name=\"robots\" content=\"index, follow, max-snippet:-1, max-image-preview:large, max-video-preview:-1\" \/>\n<link rel=\"canonical\" href=\"https:\/\/radioclanfm.com\/clanespectaculos\/la-primera-foto-de-juana-repetto-con-sus-tres-hijos-juntos-en-su-casa\/\" \/>\n<meta property=\"og:locale\" content=\"es_ES\" \/>\n<meta property=\"og:type\" content=\"article\" \/>\n<meta property=\"og:title\" content=\"La primera foto de Juana Repetto con sus tres hijos juntos en su casa - CLAN ESPECTACULOS\" \/>\n<meta property=\"og:description\" content=\"La influencer mostr\u00f3 c\u00f3mo pas\u00f3 la primera noche Timoteo junto a sus hermanos. Juana Repetto\u00a0mostr\u00f3 por primera vez a sus tres hijos todos juntos, desde el nacimiento de su beb\u00e9\u00a0Timoteo. En una historia de Instagram, la influencer comparti\u00f3 una instant\u00e1nea de su desayuno junto a\u00a0Belisario, Toribio y Timoteo. \u201cPrimera noche: muy buena\u201d, escribi\u00f3 la medi\u00e1tica, [&hellip;]\" \/>\n<meta property=\"og:url\" content=\"https:\/\/radioclanfm.com\/clanespectaculos\/la-primera-foto-de-juana-repetto-con-sus-tres-hijos-juntos-en-su-casa\/\" \/>\n<meta property=\"og:site_name\" content=\"CLAN ESPECTACULOS\" \/>\n<meta property=\"article:publisher\" content=\"https:\/\/www.facebook.com\/clanespectaculos\/\" \/>\n<meta property=\"article:published_time\" content=\"2026-02-17T00:36:17+00:00\" \/>\n<meta property=\"og:image\" content=\"https:\/\/radioclanfm.com\/clanespectaculos\/wp-content\/uploads\/sites\/2\/2026\/02\/QWnznrQu.jpg\" \/>\n\t<meta property=\"og:image:width\" content=\"900\" \/>\n\t<meta property=\"og:image:height\" content=\"505\" \/>\n\t<meta property=\"og:image:type\" content=\"image\/jpeg\" \/>\n<meta name=\"author\" content=\"E-GRUPOCLAN\" \/>\n<meta name=\"twitter:card\" content=\"summary_large_image\" \/>\n<meta name=\"twitter:creator\" content=\"@clanespectok\" \/>\n<meta name=\"twitter:site\" content=\"@clanespectok\" \/>\n<meta name=\"twitter:label1\" content=\"Escrito por\" \/>\n\t<meta name=\"twitter:data1\" content=\"E-GRUPOCLAN\" \/>\n\t<meta name=\"twitter:label2\" content=\"Tiempo de lectura\" \/>\n\t<meta name=\"twitter:data2\" content=\"2 minutos\" \/>\n<script type=\"application\/ld+json\" class=\"yoast-schema-graph\">{\"@context\":\"https:\\\/\\\/schema.org\",\"@graph\":[{\"@type\":\"Article\",\"@id\":\"https:\\\/\\\/radioclanfm.com\\\/clanespectaculos\\\/la-primera-foto-de-juana-repetto-con-sus-tres-hijos-juntos-en-su-casa\\\/#article\",\"isPartOf\":{\"@id\":\"https:\\\/\\\/radioclanfm.com\\\/clanespectaculos\\\/la-primera-foto-de-juana-repetto-con-sus-tres-hijos-juntos-en-su-casa\\\/\"},\"author\":{\"name\":\"E-GRUPOCLAN\",\"@id\":\"https:\\\/\\\/radioclanfm.com\\\/clanespectaculos\\\/#\\\/schema\\\/person\\\/9734813083303230f3ad84d99171b20c\"},\"headline\":\"La primera foto de Juana Repetto con sus tres hijos juntos en su casa\",\"datePublished\":\"2026-02-17T00:36:17+00:00\",\"mainEntityOfPage\":{\"@id\":\"https:\\\/\\\/radioclanfm.com\\\/clanespectaculos\\\/la-primera-foto-de-juana-repetto-con-sus-tres-hijos-juntos-en-su-casa\\\/\"},\"wordCount\":464,\"commentCount\":0,\"publisher\":{\"@id\":\"https:\\\/\\\/radioclanfm.com\\\/clanespectaculos\\\/#organization\"},\"image\":{\"@id\":\"https:\\\/\\\/radioclanfm.com\\\/clanespectaculos\\\/la-primera-foto-de-juana-repetto-con-sus-tres-hijos-juntos-en-su-casa\\\/#primaryimage\"},\"thumbnailUrl\":\"https:\\\/\\\/radioclanfm.com\\\/clanespectaculos\\\/wp-content\\\/uploads\\\/sites\\\/2\\\/2026\\\/02\\\/QWnznrQu.jpg\",\"articleSection\":[\"Espectaculos\"],\"inLanguage\":\"es-AR\",\"potentialAction\":[{\"@type\":\"CommentAction\",\"name\":\"Comment\",\"target\":[\"https:\\\/\\\/radioclanfm.com\\\/clanespectaculos\\\/la-primera-foto-de-juana-repetto-con-sus-tres-hijos-juntos-en-su-casa\\\/#respond\"]}]},{\"@type\":\"WebPage\",\"@id\":\"https:\\\/\\\/radioclanfm.com\\\/clanespectaculos\\\/la-primera-foto-de-juana-repetto-con-sus-tres-hijos-juntos-en-su-casa\\\/\",\"url\":\"https:\\\/\\\/radioclanfm.com\\\/clanespectaculos\\\/la-primera-foto-de-juana-repetto-con-sus-tres-hijos-juntos-en-su-casa\\\/\",\"name\":\"La primera foto de Juana Repetto con sus tres hijos juntos en su casa - CLAN ESPECTACULOS\",\"isPartOf\":{\"@id\":\"https:\\\/\\\/radioclanfm.com\\\/clanespectaculos\\\/#website\"},\"primaryImageOfPage\":{\"@id\":\"https:\\\/\\\/radioclanfm.com\\\/clanespectaculos\\\/la-primera-foto-de-juana-repetto-con-sus-tres-hijos-juntos-en-su-casa\\\/#primaryimage\"},\"image\":{\"@id\":\"https:\\\/\\\/radioclanfm.com\\\/clanespectaculos\\\/la-primera-foto-de-juana-repetto-con-sus-tres-hijos-juntos-en-su-casa\\\/#primaryimage\"},\"thumbnailUrl\":\"https:\\\/\\\/radioclanfm.com\\\/clanespectaculos\\\/wp-content\\\/uploads\\\/sites\\\/2\\\/2026\\\/02\\\/QWnznrQu.jpg\",\"datePublished\":\"2026-02-17T00:36:17+00:00\",\"breadcrumb\":{\"@id\":\"https:\\\/\\\/radioclanfm.com\\\/clanespectaculos\\\/la-primera-foto-de-juana-repetto-con-sus-tres-hijos-juntos-en-su-casa\\\/#breadcrumb\"},\"inLanguage\":\"es-AR\",\"potentialAction\":[{\"@type\":\"ReadAction\",\"target\":[\"https:\\\/\\\/radioclanfm.com\\\/clanespectaculos\\\/la-primera-foto-de-juana-repetto-con-sus-tres-hijos-juntos-en-su-casa\\\/\"]}]},{\"@type\":\"ImageObject\",\"inLanguage\":\"es-AR\",\"@id\":\"https:\\\/\\\/radioclanfm.com\\\/clanespectaculos\\\/la-primera-foto-de-juana-repetto-con-sus-tres-hijos-juntos-en-su-casa\\\/#primaryimage\",\"url\":\"https:\\\/\\\/radioclanfm.com\\\/clanespectaculos\\\/wp-content\\\/uploads\\\/sites\\\/2\\\/2026\\\/02\\\/QWnznrQu.jpg\",\"contentUrl\":\"https:\\\/\\\/radioclanfm.com\\\/clanespectaculos\\\/wp-content\\\/uploads\\\/sites\\\/2\\\/2026\\\/02\\\/QWnznrQu.jpg\",\"width\":900,\"height\":505},{\"@type\":\"BreadcrumbList\",\"@id\":\"https:\\\/\\\/radioclanfm.com\\\/clanespectaculos\\\/la-primera-foto-de-juana-repetto-con-sus-tres-hijos-juntos-en-su-casa\\\/#breadcrumb\",\"itemListElement\":[{\"@type\":\"ListItem\",\"position\":1,\"name\":\"Inicio\",\"item\":\"https:\\\/\\\/radioclanfm.com\\\/clanespectaculos\\\/\"},{\"@type\":\"ListItem\",\"position\":2,\"name\":\"La primera foto de Juana Repetto con sus tres hijos juntos en su casa\"}]},{\"@type\":\"WebSite\",\"@id\":\"https:\\\/\\\/radioclanfm.com\\\/clanespectaculos\\\/#website\",\"url\":\"https:\\\/\\\/radioclanfm.com\\\/clanespectaculos\\\/\",\"name\":\"CLAN ESPECTACULOS\",\"description\":\"\",\"publisher\":{\"@id\":\"https:\\\/\\\/radioclanfm.com\\\/clanespectaculos\\\/#organization\"},\"potentialAction\":[{\"@type\":\"SearchAction\",\"target\":{\"@type\":\"EntryPoint\",\"urlTemplate\":\"https:\\\/\\\/radioclanfm.com\\\/clanespectaculos\\\/?s={search_term_string}\"},\"query-input\":{\"@type\":\"PropertyValueSpecification\",\"valueRequired\":true,\"valueName\":\"search_term_string\"}}],\"inLanguage\":\"es-AR\"},{\"@type\":\"Organization\",\"@id\":\"https:\\\/\\\/radioclanfm.com\\\/clanespectaculos\\\/#organization\",\"name\":\"CLAN ESPECTACULOS\",\"url\":\"https:\\\/\\\/radioclanfm.com\\\/clanespectaculos\\\/\",\"logo\":{\"@type\":\"ImageObject\",\"inLanguage\":\"es-AR\",\"@id\":\"https:\\\/\\\/radioclanfm.com\\\/clanespectaculos\\\/#\\\/schema\\\/logo\\\/image\\\/\",\"url\":\"https:\\\/\\\/radioclanfm.com\\\/clanespectaculos\\\/wp-content\\\/uploads\\\/sites\\\/2\\\/2026\\\/04\\\/ChatGPT-Image-23-mar-2026-10_09_00.png\",\"contentUrl\":\"https:\\\/\\\/radioclanfm.com\\\/clanespectaculos\\\/wp-content\\\/uploads\\\/sites\\\/2\\\/2026\\\/04\\\/ChatGPT-Image-23-mar-2026-10_09_00.png\",\"width\":1024,\"height\":1024,\"caption\":\"CLAN ESPECTACULOS\"},\"image\":{\"@id\":\"https:\\\/\\\/radioclanfm.com\\\/clanespectaculos\\\/#\\\/schema\\\/logo\\\/image\\\/\"},\"sameAs\":[\"https:\\\/\\\/www.facebook.com\\\/clanespectaculos\\\/\",\"https:\\\/\\\/x.com\\\/clanespectok\"]},{\"@type\":\"Person\",\"@id\":\"https:\\\/\\\/radioclanfm.com\\\/clanespectaculos\\\/#\\\/schema\\\/person\\\/9734813083303230f3ad84d99171b20c\",\"name\":\"E-GRUPOCLAN\",\"image\":{\"@type\":\"ImageObject\",\"inLanguage\":\"es-AR\",\"@id\":\"https:\\\/\\\/secure.gravatar.com\\\/avatar\\\/af6e19837c3d6a212034a48c7b3818d2ac1826f6025df0155da5a186ad321d79?s=96&d=mm&r=g\",\"url\":\"https:\\\/\\\/secure.gravatar.com\\\/avatar\\\/af6e19837c3d6a212034a48c7b3818d2ac1826f6025df0155da5a186ad321d79?s=96&d=mm&r=g\",\"contentUrl\":\"https:\\\/\\\/secure.gravatar.com\\\/avatar\\\/af6e19837c3d6a212034a48c7b3818d2ac1826f6025df0155da5a186ad321d79?s=96&d=mm&r=g\",\"caption\":\"E-GRUPOCLAN\"},\"sameAs\":[\"https:\\\/\\\/radioclanfm.com\"],\"url\":\"https:\\\/\\\/radioclanfm.com\\\/clanespectaculos\\\/author\\\/admin\\\/\"}]}<\/script>\n<!-- \/ Yoast SEO plugin. -->","yoast_head_json":{"title":"La primera foto de Juana Repetto con sus tres hijos juntos en su casa - CLAN ESPECTACULOS","robots":{"index":"index","follow":"follow","max-snippet":"max-snippet:-1","max-image-preview":"max-image-preview:large","max-video-preview":"max-video-preview:-1"},"canonical":"https:\/\/radioclanfm.com\/clanespectaculos\/la-primera-foto-de-juana-repetto-con-sus-tres-hijos-juntos-en-su-casa\/","og_locale":"es_ES","og_type":"article","og_title":"La primera foto de Juana Repetto con sus tres hijos juntos en su casa - CLAN ESPECTACULOS","og_description":"La influencer mostr\u00f3 c\u00f3mo pas\u00f3 la primera noche Timoteo junto a sus hermanos. Juana Repetto\u00a0mostr\u00f3 por primera vez a sus tres hijos todos juntos, desde el nacimiento de su beb\u00e9\u00a0Timoteo. En una historia de Instagram, la influencer comparti\u00f3 una instant\u00e1nea de su desayuno junto a\u00a0Belisario, Toribio y Timoteo. \u201cPrimera noche: muy buena\u201d, escribi\u00f3 la medi\u00e1tica, [&hellip;]","og_url":"https:\/\/radioclanfm.com\/clanespectaculos\/la-primera-foto-de-juana-repetto-con-sus-tres-hijos-juntos-en-su-casa\/","og_site_name":"CLAN ESPECTACULOS","article_publisher":"https:\/\/www.facebook.com\/clanespectaculos\/","article_published_time":"2026-02-17T00:36:17+00:00","og_image":[{"width":900,"height":505,"url":"https:\/\/radioclanfm.com\/clanespectaculos\/wp-content\/uploads\/sites\/2\/2026\/02\/QWnznrQu.jpg","type":"image\/jpeg"}],"author":"E-GRUPOCLAN","twitter_card":"summary_large_image","twitter_creator":"@clanespectok","twitter_site":"@clanespectok","twitter_misc":{"Escrito por":"E-GRUPOCLAN","Tiempo de lectura":"2 minutos"},"schema":{"@context":"https:\/\/schema.org","@graph":[{"@type":"Article","@id":"https:\/\/radioclanfm.com\/clanespectaculos\/la-primera-foto-de-juana-repetto-con-sus-tres-hijos-juntos-en-su-casa\/#article","isPartOf":{"@id":"https:\/\/radioclanfm.com\/clanespectaculos\/la-primera-foto-de-juana-repetto-con-sus-tres-hijos-juntos-en-su-casa\/"},"author":{"name":"E-GRUPOCLAN","@id":"https:\/\/radioclanfm.com\/clanespectaculos\/#\/schema\/person\/9734813083303230f3ad84d99171b20c"},"headline":"La primera foto de Juana Repetto con sus tres hijos juntos en su casa","datePublished":"2026-02-17T00:36:17+00:00","mainEntityOfPage":{"@id":"https:\/\/radioclanfm.com\/clanespectaculos\/la-primera-foto-de-juana-repetto-con-sus-tres-hijos-juntos-en-su-casa\/"},"wordCount":464,"commentCount":0,"publisher":{"@id":"https:\/\/radioclanfm.com\/clanespectaculos\/#organization"},"image":{"@id":"https:\/\/radioclanfm.com\/clanespectaculos\/la-primera-foto-de-juana-repetto-con-sus-tres-hijos-juntos-en-su-casa\/#primaryimage"},"thumbnailUrl":"https:\/\/radioclanfm.com\/clanespectaculos\/wp-content\/uploads\/sites\/2\/2026\/02\/QWnznrQu.jpg","articleSection":["Espectaculos"],"inLanguage":"es-AR","potentialAction":[{"@type":"CommentAction","name":"Comment","target":["https:\/\/radioclanfm.com\/clanespectaculos\/la-primera-foto-de-juana-repetto-con-sus-tres-hijos-juntos-en-su-casa\/#respond"]}]},{"@type":"WebPage","@id":"https:\/\/radioclanfm.com\/clanespectaculos\/la-primera-foto-de-juana-repetto-con-sus-tres-hijos-juntos-en-su-casa\/","url":"https:\/\/radioclanfm.com\/clanespectaculos\/la-primera-foto-de-juana-repetto-con-sus-tres-hijos-juntos-en-su-casa\/","name":"La primera foto de Juana Repetto con sus tres hijos juntos en su casa - CLAN ESPECTACULOS","isPartOf":{"@id":"https:\/\/radioclanfm.com\/clanespectaculos\/#website"},"primaryImageOfPage":{"@id":"https:\/\/radioclanfm.com\/clanespectaculos\/la-primera-foto-de-juana-repetto-con-sus-tres-hijos-juntos-en-su-casa\/#primaryimage"},"image":{"@id":"https:\/\/radioclanfm.com\/clanespectaculos\/la-primera-foto-de-juana-repetto-con-sus-tres-hijos-juntos-en-su-casa\/#primaryimage"},"thumbnailUrl":"https:\/\/radioclanfm.com\/clanespectaculos\/wp-content\/uploads\/sites\/2\/2026\/02\/QWnznrQu.jpg","datePublished":"2026-02-17T00:36:17+00:00","breadcrumb":{"@id":"https:\/\/radioclanfm.com\/clanespectaculos\/la-primera-foto-de-juana-repetto-con-sus-tres-hijos-juntos-en-su-casa\/#breadcrumb"},"inLanguage":"es-AR","potentialAction":[{"@type":"ReadAction","target":["https:\/\/radioclanfm.com\/clanespectaculos\/la-primera-foto-de-juana-repetto-con-sus-tres-hijos-juntos-en-su-casa\/"]}]},{"@type":"ImageObject","inLanguage":"es-AR","@id":"https:\/\/radioclanfm.com\/clanespectaculos\/la-primera-foto-de-juana-repetto-con-sus-tres-hijos-juntos-en-su-casa\/#primaryimage","url":"https:\/\/radioclanfm.com\/clanespectaculos\/wp-content\/uploads\/sites\/2\/2026\/02\/QWnznrQu.jpg","contentUrl":"https:\/\/radioclanfm.com\/clanespectaculos\/wp-content\/uploads\/sites\/2\/2026\/02\/QWnznrQu.jpg","width":900,"height":505},{"@type":"BreadcrumbList","@id":"https:\/\/radioclanfm.com\/clanespectaculos\/la-primera-foto-de-juana-repetto-con-sus-tres-hijos-juntos-en-su-casa\/#breadcrumb","itemListElement":[{"@type":"ListItem","position":1,"name":"Inicio","item":"https:\/\/radioclanfm.com\/clanespectaculos\/"},{"@type":"ListItem","position":2,"name":"La primera foto de Juana Repetto con sus tres hijos juntos en su casa"}]},{"@type":"WebSite","@id":"https:\/\/radioclanfm.com\/clanespectaculos\/#website","url":"https:\/\/radioclanfm.com\/clanespectaculos\/","name":"CLAN ESPECTACULOS","description":"","publisher":{"@id":"https:\/\/radioclanfm.com\/clanespectaculos\/#organization"},"potentialAction":[{"@type":"SearchAction","target":{"@type":"EntryPoint","urlTemplate":"https:\/\/radioclanfm.com\/clanespectaculos\/?s={search_term_string}"},"query-input":{"@type":"PropertyValueSpecification","valueRequired":true,"valueName":"search_term_string"}}],"inLanguage":"es-AR"},{"@type":"Organization","@id":"https:\/\/radioclanfm.com\/clanespectaculos\/#organization","name":"CLAN ESPECTACULOS","url":"https:\/\/radioclanfm.com\/clanespectaculos\/","logo":{"@type":"ImageObject","inLanguage":"es-AR","@id":"https:\/\/radioclanfm.com\/clanespectaculos\/#\/schema\/logo\/image\/","url":"https:\/\/radioclanfm.com\/clanespectaculos\/wp-content\/uploads\/sites\/2\/2026\/04\/ChatGPT-Image-23-mar-2026-10_09_00.png","contentUrl":"https:\/\/radioclanfm.com\/clanespectaculos\/wp-content\/uploads\/sites\/2\/2026\/04\/ChatGPT-Image-23-mar-2026-10_09_00.png","width":1024,"height":1024,"caption":"CLAN ESPECTACULOS"},"image":{"@id":"https:\/\/radioclanfm.com\/clanespectaculos\/#\/schema\/logo\/image\/"},"sameAs":["https:\/\/www.facebook.com\/clanespectaculos\/","https:\/\/x.com\/clanespectok"]},{"@type":"Person","@id":"https:\/\/radioclanfm.com\/clanespectaculos\/#\/schema\/person\/9734813083303230f3ad84d99171b20c","name":"E-GRUPOCLAN","image":{"@type":"ImageObject","inLanguage":"es-AR","@id":"https:\/\/secure.gravatar.com\/avatar\/af6e19837c3d6a212034a48c7b3818d2ac1826f6025df0155da5a186ad321d79?s=96&d=mm&r=g","url":"https:\/\/secure.gravatar.com\/avatar\/af6e19837c3d6a212034a48c7b3818d2ac1826f6025df0155da5a186ad321d79?s=96&d=mm&r=g","contentUrl":"https:\/\/secure.gravatar.com\/avatar\/af6e19837c3d6a212034a48c7b3818d2ac1826f6025df0155da5a186ad321d79?s=96&d=mm&r=g","caption":"E-GRUPOCLAN"},"sameAs":["https:\/\/radioclanfm.com"],"url":"https:\/\/radioclanfm.com\/clanespectaculos\/author\/admin\/"}]}},"_links":{"self":[{"href":"https:\/\/radioclanfm.com\/clanespectaculos\/wp-json\/wp\/v2\/posts\/12373","targetHints":{"allow":["GET"]}}],"collection":[{"href":"https:\/\/radioclanfm.com\/clanespectaculos\/wp-json\/wp\/v2\/posts"}],"about":[{"href":"https:\/\/radioclanfm.com\/clanespectaculos\/wp-json\/wp\/v2\/types\/post"}],"author":[{"embeddable":true,"href":"https:\/\/radioclanfm.com\/clanespectaculos\/wp-json\/wp\/v2\/users\/1"}],"replies":[{"embeddable":true,"href":"https:\/\/radioclanfm.com\/clanespectaculos\/wp-json\/wp\/v2\/comments?post=12373"}],"version-history":[{"count":1,"href":"https:\/\/radioclanfm.com\/clanespectaculos\/wp-json\/wp\/v2\/posts\/12373\/revisions"}],"predecessor-version":[{"id":12377,"href":"https:\/\/radioclanfm.com\/clanespectaculos\/wp-json\/wp\/v2\/posts\/12373\/revisions\/12377"}],"wp:featuredmedia":[{"embeddable":true,"href":"https:\/\/radioclanfm.com\/clanespectaculos\/wp-json\/wp\/v2\/media\/12376"}],"wp:attachment":[{"href":"https:\/\/radioclanfm.com\/clanespectaculos\/wp-json\/wp\/v2\/media?parent=12373"}],"wp:term":[{"taxonomy":"category","embeddable":true,"href":"https:\/\/radioclanfm.com\/clanespectaculos\/wp-json\/wp\/v2\/categories?post=12373"},{"taxonomy":"post_tag","embeddable":true,"href":"https:\/\/radioclanfm.com\/clanespectaculos\/wp-json\/wp\/v2\/tags?post=12373"}],"curies":[{"name":"wp","href":"https:\/\/api.w.org\/{rel}","templated":true}]}}