{"id":12368,"date":"2026-02-16T21:34:28","date_gmt":"2026-02-17T00:34:28","guid":{"rendered":"https:\/\/radioclanfm.com\/clanespectaculos\/?p=12368"},"modified":"2026-02-16T21:34:28","modified_gmt":"2026-02-17T00:34:28","slug":"un-momento-durisimo-que-dijo-pablo-echarri-sobre-la-salud-de-luciano-castro-en-medio-de-la-internacion","status":"publish","type":"post","link":"https:\/\/radioclanfm.com\/clanespectaculos\/un-momento-durisimo-que-dijo-pablo-echarri-sobre-la-salud-de-luciano-castro-en-medio-de-la-internacion\/","title":{"rendered":"&#8220;Un momento dur\u00edsimo&#8221;: qu\u00e9 dijo Pablo Echarri sobre la salud de Luciano Castro en medio de la internaci\u00f3n"},"content":{"rendered":"<p>El actor sali\u00f3 a defender a su amigo en medio de la situaci\u00f3n que atraviesa tras la separaci\u00f3n de Griselda Siciliani.<\/p>\n<div class=\"col-content\"><main class=\"col-content\"><\/p>\n<div class=\"default-article-color article__body article__article\">\n<p class=\"paragraph font__body-regular\"><b>Pablo Echarri\u00a0<\/b>habl\u00f3 con<i>\u00a0Puro Show (eltrece)\u00a0<\/i>sobre la salud de<b>\u00a0<\/b><b>Luciano Castro<\/b>, en medio de la\u00a0<b>internaci\u00f3n\u00a0<\/b>que atraviesa en un centro terap\u00e9utico y tras la reciente separaci\u00f3n de\u00a0<b>Griselda Siciliani<\/b>.<\/p>\n<div class=\"AV6543bedcd858799fe90b5c47\">\n<div id=\"aniBox\">\n<div id=\"aniplayer_AV6543bedcd858799fe90b5c47-1771288437050\">\n<div id=\"aniplayer_AV6543bedcd858799fe90b5c47-1771288437050gui\">\n<div id=\"av-caption\">\n<div id=\"av-close-btn-overlay\" class=\"av-pos-top-left\"><\/div>\n<\/div>\n<\/div>\n<div id=\"anibid\"><\/div>\n<\/div>\n<\/div>\n<\/div>\n<p class=\"paragraph font__body-regular\">En su di\u00e1logo con el programa de espect\u00e1culos, el actor no solo cont\u00f3 que<b>\u00a0est\u00e1 en contacto<\/b>\u00a0con su amigo sino que adem\u00e1s cuestion\u00f3 el tratamiento medi\u00e1tico que recibi\u00f3 el tema.<\/p>\n<p class=\"paragraph font__body-regular\">\u201cLuciano es mi amigo y<b>\u00a0est\u00e1 atravesando un momento dur\u00edsimo<\/b>. Y yo estoy con \u00e9l\u201d, expres\u00f3 Echarri con firmeza. \u201cComo siempre que estuvimos cerca desde que nos conocimos all\u00e1 por 1992 o 1993\u2033, asegur\u00f3.<\/p>\n<figure class=\"\" data-testid=\"figure-testid\">\n<div class=\"aspect_ratio__container\"><picture class=\"responsive-image\"><source srcset=\"https:\/\/tn.com.ar\/resizer\/v2\/pablo-echarri-conto-que-lo-dejo-tranquilo-escuchar-un-audio-de-luciano-castro-foto-captura-eltrece-5XFFSXPHQBDDPCIPEXLNGUSENQ.jpg?auth=79dec3bda434b479bb68d2b7bad7ba3aa6f51d984fca27d07beeca4541293e31&amp;width=767\" type=\"image\/jpg\" media=\"(max-width: 728px)\" \/><source srcset=\"https:\/\/tn.com.ar\/resizer\/v2\/pablo-echarri-conto-que-lo-dejo-tranquilo-escuchar-un-audio-de-luciano-castro-foto-captura-eltrece-5XFFSXPHQBDDPCIPEXLNGUSENQ.jpg?auth=79dec3bda434b479bb68d2b7bad7ba3aa6f51d984fca27d07beeca4541293e31&amp;width=1023\" type=\"image\/jpg\" media=\"(max-width: 1023px)\" \/><source srcset=\"https:\/\/tn.com.ar\/resizer\/v2\/pablo-echarri-conto-que-lo-dejo-tranquilo-escuchar-un-audio-de-luciano-castro-foto-captura-eltrece-5XFFSXPHQBDDPCIPEXLNGUSENQ.jpg?auth=79dec3bda434b479bb68d2b7bad7ba3aa6f51d984fca27d07beeca4541293e31&amp;width=1440\" type=\"image\/jpg\" \/><img loading=\"lazy\" decoding=\"async\" class=\"image content-image image_placeholder\" src=\"https:\/\/tn.com.ar\/resizer\/v2\/pablo-echarri-conto-que-lo-dejo-tranquilo-escuchar-un-audio-de-luciano-castro-foto-captura-eltrece-5XFFSXPHQBDDPCIPEXLNGUSENQ.jpg?auth=79dec3bda434b479bb68d2b7bad7ba3aa6f51d984fca27d07beeca4541293e31&amp;width=767\" alt=\"Pablo Echarri cont\u00f3 que lo dej\u00f3 &quot;tranquilo&quot; escuchar un audio de Luciano Castro. (Foto: captura eltrece)\" width=\"767\" height=\"430\" data-testid=\"loading-testid\" \/><\/picture><\/div><figcaption class=\"caption_image\" data-testid=\"figcaption-testid\">\n<div class=\"image_caption \">Pablo Echarri cont\u00f3 que lo dej\u00f3 &#8220;tranquilo&#8221; escuchar un audio de Luciano Castro. (Foto: captura eltrece)<\/div>\n<\/figcaption><\/figure>\n<p class=\"paragraph font__body-regular\">Consultado sobre si volvi\u00f3 a hablar con Luciano o con su entorno, Pablo detall\u00f3: \u201cLe\u00a0<b>mand\u00e9 un mensaje<\/b>, pero \u00e9l est\u00e1 atravesando su realidad, como yo atravieso la m\u00eda todos los d\u00edas\u201d.<\/p>\n<p class=\"paragraph font__body-regular\">Luego revel\u00f3 que recibi\u00f3 una respuesta que lo tranquiliz\u00f3. \u201cMe mand\u00f3 hoy un mensaje por\u00a0<i><b>Dolly<\/b><\/i>. Me dijo que me quer\u00eda, que me amaba, y\u00a0<b>yo tambi\u00e9n te amo, gordo<\/b>\u201d, comparti\u00f3 emocionado sobre el mensaje que le lleg\u00f3 de Luciano por la obra de teatro.<\/p>\n<p class=\"paragraph font__body-regular\">Sobre esa misma l\u00ednea, Echarri asegur\u00f3 que le hizo bien<b>\u00a0escuchar la voz de Castro<\/b>. \u201cMe dej\u00f3 tranquilo. Espero que pueda atravesar este momento pronto y de la mejor manera posible\u201d, expres\u00f3.<\/p>\n<p class=\"paragraph font__body-regular\">Durante la nota, el actor tambi\u00e9n reflexion\u00f3 sobre la exposici\u00f3n medi\u00e1tica que tuvo Luciano tras separarse de Griselda: \u201cLa sociedad\u00a0<b>disfruta de ensa\u00f1arse\u00a0<\/b>con quien en un momento determinado es elegido por tal o cual cosa. Creo que se han ensa\u00f1ado con \u00e9l y se siguen ensa\u00f1ando. Se agarran de algo y no largan. Hay como\u00a0<b>un deseo, una sed de \u2018sed de sangre\u2019<\/b>, de lastimar gente\u201d.<\/p>\n<h2 class=\"font--primary font__display\">Qu\u00e9 dijo Griselda Siciliani sobre la internaci\u00f3n de Luciano Castro<\/h2>\n<p class=\"paragraph font__body-regular\">Luego de conocerse que Luciano Castro se intern\u00f3 por voluntad propia en un centro terap\u00e9utico, Moria Cas\u00e1n cont\u00f3 en su programa de televisi\u00f3n que pudo hablar con Griselda Siciliani.<\/p>\n<p class=\"paragraph font__body-regular\">La diva asegur\u00f3 en<i>\u00a0La ma\u00f1ana con Moria (eltrece)\u00a0<\/i>que la protagonista de\u00a0<i>Envidiosa\u00a0<\/i>le expres\u00f3 que<b>\u00a0ella est\u00e1 pendiente de lo que pasa con su expareja<\/b>, pero est\u00e1 focalizada en las grabaciones de su pr\u00f3xima ficci\u00f3n.<\/p>\n<figure class=\"\" data-testid=\"figure-testid\">\n<div class=\"aspect_ratio__container\"><picture class=\"responsive-image\"><source srcset=\"https:\/\/tn.com.ar\/resizer\/v2\/griselda-siciliani-ya-no-esta-con-luciano-castro-como-pareja-foto-movilpress-HARM2JZEXRFMJKIOAQKKZDPKEU.jpg?auth=18632da39293f29b7622d51455f04804e4b557e870d2a0315dd9ecc6887168f2&amp;width=767\" type=\"image\/jpg\" media=\"(max-width: 728px)\" \/><source srcset=\"https:\/\/tn.com.ar\/resizer\/v2\/griselda-siciliani-ya-no-esta-con-luciano-castro-como-pareja-foto-movilpress-HARM2JZEXRFMJKIOAQKKZDPKEU.jpg?auth=18632da39293f29b7622d51455f04804e4b557e870d2a0315dd9ecc6887168f2&amp;width=1023\" type=\"image\/jpg\" media=\"(max-width: 1023px)\" \/><source srcset=\"https:\/\/tn.com.ar\/resizer\/v2\/griselda-siciliani-ya-no-esta-con-luciano-castro-como-pareja-foto-movilpress-HARM2JZEXRFMJKIOAQKKZDPKEU.jpg?auth=18632da39293f29b7622d51455f04804e4b557e870d2a0315dd9ecc6887168f2&amp;width=1440\" type=\"image\/jpg\" \/><img loading=\"lazy\" decoding=\"async\" class=\"image content-image image_placeholder\" src=\"https:\/\/tn.com.ar\/resizer\/v2\/griselda-siciliani-ya-no-esta-con-luciano-castro-como-pareja-foto-movilpress-HARM2JZEXRFMJKIOAQKKZDPKEU.jpg?auth=18632da39293f29b7622d51455f04804e4b557e870d2a0315dd9ecc6887168f2&amp;width=767\" alt=\"Griselda Siciliani ya no est\u00e1 con Luciano Castro como pareja. (Foto: Movilpress)\n\" width=\"767\" height=\"430\" data-testid=\"loading-testid\" \/><\/picture><\/div><figcaption class=\"caption_image\" data-testid=\"figcaption-testid\">\n<div class=\"image_caption \">Griselda Siciliani ya no est\u00e1 con Luciano Castro como pareja. (Foto: Movilpress)<\/div>\n<\/figcaption><\/figure>\n<p class=\"paragraph font__body-regular\">\u201cElla est\u00e1, pero no tiene nada que ver con esto. Le desea absolutamente lo mejor y\u00a0<b>est\u00e1 enfocada absolutamente en su trabajo<\/b>\u201d, manifest\u00f3 Moria, acerca de la palabra que le dio la actriz.<\/p>\n<p class=\"paragraph font__body-regular\">El contacto de la conductora con Siciliani se dio debido a que en el \u00faltimo a\u00f1o\u00a0<b>forjaron una gran relaci\u00f3n de amistad<\/b>, al igual que con Castro.<\/p>\n<\/div>\n<p><\/main><\/div>\n<aside class=\"col-right-rail right-rail\">\n<div id=\"parent-ad-slot-caja\" class=\"ad-container caja_ad \">\n<div class=\"ad-content\"><\/div>\n<\/div>\n<\/aside>\n<p>&nbsp;<\/p>\n","protected":false},"excerpt":{"rendered":"<p>El actor sali\u00f3 a defender a su amigo en medio de la situaci\u00f3n que atraviesa tras la separaci\u00f3n de Griselda Siciliani. Pablo Echarri\u00a0habl\u00f3 con\u00a0Puro Show (eltrece)\u00a0sobre la salud de\u00a0Luciano Castro, en medio de la\u00a0internaci\u00f3n\u00a0que atraviesa en un centro terap\u00e9utico y tras la reciente separaci\u00f3n de\u00a0Griselda Siciliani. En su di\u00e1logo con el programa de espect\u00e1culos, el [&hellip;]<\/p>\n","protected":false},"author":1,"featured_media":12371,"comment_status":"open","ping_status":"open","sticky":false,"template":"","format":"standard","meta":{"rop_custom_images_group":[],"rop_custom_messages_group":[],"rop_publish_now":"initial","rop_publish_now_accounts":[],"rop_publish_now_history":[],"rop_publish_now_status":"pending","footnotes":"","jetpack_publicize_message":"","jetpack_publicize_feature_enabled":true,"jetpack_social_post_already_shared":true,"jetpack_social_options":{"image_generator_settings":{"template":"highway","enabled":false},"version":2}},"categories":[12],"tags":[],"class_list":{"0":"post-12368","1":"post","2":"type-post","3":"status-publish","4":"format-standard","5":"has-post-thumbnail","7":"category-espectaculos"},"jetpack_publicize_connections":[],"yoast_head":"<!-- This site is optimized with the Yoast SEO plugin v27.3 - https:\/\/yoast.com\/product\/yoast-seo-wordpress\/ -->\n<title>&quot;Un momento dur\u00edsimo&quot;: qu\u00e9 dijo Pablo Echarri sobre la salud de Luciano Castro en medio de la internaci\u00f3n - CLAN ESPECTACULOS<\/title>\n<meta name=\"robots\" content=\"index, follow, max-snippet:-1, max-image-preview:large, max-video-preview:-1\" \/>\n<link rel=\"canonical\" href=\"https:\/\/radioclanfm.com\/clanespectaculos\/un-momento-durisimo-que-dijo-pablo-echarri-sobre-la-salud-de-luciano-castro-en-medio-de-la-internacion\/\" \/>\n<meta property=\"og:locale\" content=\"es_ES\" \/>\n<meta property=\"og:type\" content=\"article\" \/>\n<meta property=\"og:title\" content=\"&quot;Un momento dur\u00edsimo&quot;: qu\u00e9 dijo Pablo Echarri sobre la salud de Luciano Castro en medio de la internaci\u00f3n - CLAN ESPECTACULOS\" \/>\n<meta property=\"og:description\" content=\"El actor sali\u00f3 a defender a su amigo en medio de la situaci\u00f3n que atraviesa tras la separaci\u00f3n de Griselda Siciliani. Pablo Echarri\u00a0habl\u00f3 con\u00a0Puro Show (eltrece)\u00a0sobre la salud de\u00a0Luciano Castro, en medio de la\u00a0internaci\u00f3n\u00a0que atraviesa en un centro terap\u00e9utico y tras la reciente separaci\u00f3n de\u00a0Griselda Siciliani. En su di\u00e1logo con el programa de espect\u00e1culos, el [&hellip;]\" \/>\n<meta property=\"og:url\" content=\"https:\/\/radioclanfm.com\/clanespectaculos\/un-momento-durisimo-que-dijo-pablo-echarri-sobre-la-salud-de-luciano-castro-en-medio-de-la-internacion\/\" \/>\n<meta property=\"og:site_name\" content=\"CLAN ESPECTACULOS\" \/>\n<meta property=\"article:publisher\" content=\"https:\/\/www.facebook.com\/clanespectaculos\/\" \/>\n<meta property=\"article:published_time\" content=\"2026-02-17T00:34:28+00:00\" \/>\n<meta property=\"og:image\" content=\"https:\/\/radioclanfm.com\/clanespectaculos\/wp-content\/uploads\/sites\/2\/2026\/02\/l5OEG_Pr.jpg\" \/>\n\t<meta property=\"og:image:width\" content=\"900\" \/>\n\t<meta property=\"og:image:height\" content=\"504\" \/>\n\t<meta property=\"og:image:type\" content=\"image\/jpeg\" \/>\n<meta name=\"author\" content=\"E-GRUPOCLAN\" \/>\n<meta name=\"twitter:card\" content=\"summary_large_image\" \/>\n<meta name=\"twitter:creator\" content=\"@clanespectok\" \/>\n<meta name=\"twitter:site\" content=\"@clanespectok\" \/>\n<meta name=\"twitter:label1\" content=\"Escrito por\" \/>\n\t<meta name=\"twitter:data1\" content=\"E-GRUPOCLAN\" \/>\n\t<meta name=\"twitter:label2\" content=\"Tiempo de lectura\" \/>\n\t<meta name=\"twitter:data2\" content=\"2 minutos\" \/>\n<script type=\"application\/ld+json\" class=\"yoast-schema-graph\">{\"@context\":\"https:\\\/\\\/schema.org\",\"@graph\":[{\"@type\":\"Article\",\"@id\":\"https:\\\/\\\/radioclanfm.com\\\/clanespectaculos\\\/un-momento-durisimo-que-dijo-pablo-echarri-sobre-la-salud-de-luciano-castro-en-medio-de-la-internacion\\\/#article\",\"isPartOf\":{\"@id\":\"https:\\\/\\\/radioclanfm.com\\\/clanespectaculos\\\/un-momento-durisimo-que-dijo-pablo-echarri-sobre-la-salud-de-luciano-castro-en-medio-de-la-internacion\\\/\"},\"author\":{\"name\":\"E-GRUPOCLAN\",\"@id\":\"https:\\\/\\\/radioclanfm.com\\\/clanespectaculos\\\/#\\\/schema\\\/person\\\/9734813083303230f3ad84d99171b20c\"},\"headline\":\"&#8220;Un momento dur\u00edsimo&#8221;: qu\u00e9 dijo Pablo Echarri sobre la salud de Luciano Castro en medio de la internaci\u00f3n\",\"datePublished\":\"2026-02-17T00:34:28+00:00\",\"mainEntityOfPage\":{\"@id\":\"https:\\\/\\\/radioclanfm.com\\\/clanespectaculos\\\/un-momento-durisimo-que-dijo-pablo-echarri-sobre-la-salud-de-luciano-castro-en-medio-de-la-internacion\\\/\"},\"wordCount\":507,\"commentCount\":0,\"publisher\":{\"@id\":\"https:\\\/\\\/radioclanfm.com\\\/clanespectaculos\\\/#organization\"},\"image\":{\"@id\":\"https:\\\/\\\/radioclanfm.com\\\/clanespectaculos\\\/un-momento-durisimo-que-dijo-pablo-echarri-sobre-la-salud-de-luciano-castro-en-medio-de-la-internacion\\\/#primaryimage\"},\"thumbnailUrl\":\"https:\\\/\\\/radioclanfm.com\\\/clanespectaculos\\\/wp-content\\\/uploads\\\/sites\\\/2\\\/2026\\\/02\\\/l5OEG_Pr.jpg\",\"articleSection\":[\"Espectaculos\"],\"inLanguage\":\"es-AR\",\"potentialAction\":[{\"@type\":\"CommentAction\",\"name\":\"Comment\",\"target\":[\"https:\\\/\\\/radioclanfm.com\\\/clanespectaculos\\\/un-momento-durisimo-que-dijo-pablo-echarri-sobre-la-salud-de-luciano-castro-en-medio-de-la-internacion\\\/#respond\"]}]},{\"@type\":\"WebPage\",\"@id\":\"https:\\\/\\\/radioclanfm.com\\\/clanespectaculos\\\/un-momento-durisimo-que-dijo-pablo-echarri-sobre-la-salud-de-luciano-castro-en-medio-de-la-internacion\\\/\",\"url\":\"https:\\\/\\\/radioclanfm.com\\\/clanespectaculos\\\/un-momento-durisimo-que-dijo-pablo-echarri-sobre-la-salud-de-luciano-castro-en-medio-de-la-internacion\\\/\",\"name\":\"\\\"Un momento dur\u00edsimo\\\": qu\u00e9 dijo Pablo Echarri sobre la salud de Luciano Castro en medio de la internaci\u00f3n - CLAN ESPECTACULOS\",\"isPartOf\":{\"@id\":\"https:\\\/\\\/radioclanfm.com\\\/clanespectaculos\\\/#website\"},\"primaryImageOfPage\":{\"@id\":\"https:\\\/\\\/radioclanfm.com\\\/clanespectaculos\\\/un-momento-durisimo-que-dijo-pablo-echarri-sobre-la-salud-de-luciano-castro-en-medio-de-la-internacion\\\/#primaryimage\"},\"image\":{\"@id\":\"https:\\\/\\\/radioclanfm.com\\\/clanespectaculos\\\/un-momento-durisimo-que-dijo-pablo-echarri-sobre-la-salud-de-luciano-castro-en-medio-de-la-internacion\\\/#primaryimage\"},\"thumbnailUrl\":\"https:\\\/\\\/radioclanfm.com\\\/clanespectaculos\\\/wp-content\\\/uploads\\\/sites\\\/2\\\/2026\\\/02\\\/l5OEG_Pr.jpg\",\"datePublished\":\"2026-02-17T00:34:28+00:00\",\"breadcrumb\":{\"@id\":\"https:\\\/\\\/radioclanfm.com\\\/clanespectaculos\\\/un-momento-durisimo-que-dijo-pablo-echarri-sobre-la-salud-de-luciano-castro-en-medio-de-la-internacion\\\/#breadcrumb\"},\"inLanguage\":\"es-AR\",\"potentialAction\":[{\"@type\":\"ReadAction\",\"target\":[\"https:\\\/\\\/radioclanfm.com\\\/clanespectaculos\\\/un-momento-durisimo-que-dijo-pablo-echarri-sobre-la-salud-de-luciano-castro-en-medio-de-la-internacion\\\/\"]}]},{\"@type\":\"ImageObject\",\"inLanguage\":\"es-AR\",\"@id\":\"https:\\\/\\\/radioclanfm.com\\\/clanespectaculos\\\/un-momento-durisimo-que-dijo-pablo-echarri-sobre-la-salud-de-luciano-castro-en-medio-de-la-internacion\\\/#primaryimage\",\"url\":\"https:\\\/\\\/radioclanfm.com\\\/clanespectaculos\\\/wp-content\\\/uploads\\\/sites\\\/2\\\/2026\\\/02\\\/l5OEG_Pr.jpg\",\"contentUrl\":\"https:\\\/\\\/radioclanfm.com\\\/clanespectaculos\\\/wp-content\\\/uploads\\\/sites\\\/2\\\/2026\\\/02\\\/l5OEG_Pr.jpg\",\"width\":900,\"height\":504},{\"@type\":\"BreadcrumbList\",\"@id\":\"https:\\\/\\\/radioclanfm.com\\\/clanespectaculos\\\/un-momento-durisimo-que-dijo-pablo-echarri-sobre-la-salud-de-luciano-castro-en-medio-de-la-internacion\\\/#breadcrumb\",\"itemListElement\":[{\"@type\":\"ListItem\",\"position\":1,\"name\":\"Inicio\",\"item\":\"https:\\\/\\\/radioclanfm.com\\\/clanespectaculos\\\/\"},{\"@type\":\"ListItem\",\"position\":2,\"name\":\"&#8220;Un momento dur\u00edsimo&#8221;: qu\u00e9 dijo Pablo Echarri sobre la salud de Luciano Castro en medio de la internaci\u00f3n\"}]},{\"@type\":\"WebSite\",\"@id\":\"https:\\\/\\\/radioclanfm.com\\\/clanespectaculos\\\/#website\",\"url\":\"https:\\\/\\\/radioclanfm.com\\\/clanespectaculos\\\/\",\"name\":\"CLAN ESPECTACULOS\",\"description\":\"\",\"publisher\":{\"@id\":\"https:\\\/\\\/radioclanfm.com\\\/clanespectaculos\\\/#organization\"},\"potentialAction\":[{\"@type\":\"SearchAction\",\"target\":{\"@type\":\"EntryPoint\",\"urlTemplate\":\"https:\\\/\\\/radioclanfm.com\\\/clanespectaculos\\\/?s={search_term_string}\"},\"query-input\":{\"@type\":\"PropertyValueSpecification\",\"valueRequired\":true,\"valueName\":\"search_term_string\"}}],\"inLanguage\":\"es-AR\"},{\"@type\":\"Organization\",\"@id\":\"https:\\\/\\\/radioclanfm.com\\\/clanespectaculos\\\/#organization\",\"name\":\"CLAN ESPECTACULOS\",\"url\":\"https:\\\/\\\/radioclanfm.com\\\/clanespectaculos\\\/\",\"logo\":{\"@type\":\"ImageObject\",\"inLanguage\":\"es-AR\",\"@id\":\"https:\\\/\\\/radioclanfm.com\\\/clanespectaculos\\\/#\\\/schema\\\/logo\\\/image\\\/\",\"url\":\"https:\\\/\\\/radioclanfm.com\\\/clanespectaculos\\\/wp-content\\\/uploads\\\/sites\\\/2\\\/2026\\\/04\\\/ChatGPT-Image-23-mar-2026-10_09_00.png\",\"contentUrl\":\"https:\\\/\\\/radioclanfm.com\\\/clanespectaculos\\\/wp-content\\\/uploads\\\/sites\\\/2\\\/2026\\\/04\\\/ChatGPT-Image-23-mar-2026-10_09_00.png\",\"width\":1024,\"height\":1024,\"caption\":\"CLAN ESPECTACULOS\"},\"image\":{\"@id\":\"https:\\\/\\\/radioclanfm.com\\\/clanespectaculos\\\/#\\\/schema\\\/logo\\\/image\\\/\"},\"sameAs\":[\"https:\\\/\\\/www.facebook.com\\\/clanespectaculos\\\/\",\"https:\\\/\\\/x.com\\\/clanespectok\"]},{\"@type\":\"Person\",\"@id\":\"https:\\\/\\\/radioclanfm.com\\\/clanespectaculos\\\/#\\\/schema\\\/person\\\/9734813083303230f3ad84d99171b20c\",\"name\":\"E-GRUPOCLAN\",\"image\":{\"@type\":\"ImageObject\",\"inLanguage\":\"es-AR\",\"@id\":\"https:\\\/\\\/secure.gravatar.com\\\/avatar\\\/af6e19837c3d6a212034a48c7b3818d2ac1826f6025df0155da5a186ad321d79?s=96&d=mm&r=g\",\"url\":\"https:\\\/\\\/secure.gravatar.com\\\/avatar\\\/af6e19837c3d6a212034a48c7b3818d2ac1826f6025df0155da5a186ad321d79?s=96&d=mm&r=g\",\"contentUrl\":\"https:\\\/\\\/secure.gravatar.com\\\/avatar\\\/af6e19837c3d6a212034a48c7b3818d2ac1826f6025df0155da5a186ad321d79?s=96&d=mm&r=g\",\"caption\":\"E-GRUPOCLAN\"},\"sameAs\":[\"https:\\\/\\\/radioclanfm.com\"],\"url\":\"https:\\\/\\\/radioclanfm.com\\\/clanespectaculos\\\/author\\\/admin\\\/\"}]}<\/script>\n<!-- \/ Yoast SEO plugin. -->","yoast_head_json":{"title":"\"Un momento dur\u00edsimo\": qu\u00e9 dijo Pablo Echarri sobre la salud de Luciano Castro en medio de la internaci\u00f3n - CLAN ESPECTACULOS","robots":{"index":"index","follow":"follow","max-snippet":"max-snippet:-1","max-image-preview":"max-image-preview:large","max-video-preview":"max-video-preview:-1"},"canonical":"https:\/\/radioclanfm.com\/clanespectaculos\/un-momento-durisimo-que-dijo-pablo-echarri-sobre-la-salud-de-luciano-castro-en-medio-de-la-internacion\/","og_locale":"es_ES","og_type":"article","og_title":"\"Un momento dur\u00edsimo\": qu\u00e9 dijo Pablo Echarri sobre la salud de Luciano Castro en medio de la internaci\u00f3n - CLAN ESPECTACULOS","og_description":"El actor sali\u00f3 a defender a su amigo en medio de la situaci\u00f3n que atraviesa tras la separaci\u00f3n de Griselda Siciliani. Pablo Echarri\u00a0habl\u00f3 con\u00a0Puro Show (eltrece)\u00a0sobre la salud de\u00a0Luciano Castro, en medio de la\u00a0internaci\u00f3n\u00a0que atraviesa en un centro terap\u00e9utico y tras la reciente separaci\u00f3n de\u00a0Griselda Siciliani. En su di\u00e1logo con el programa de espect\u00e1culos, el [&hellip;]","og_url":"https:\/\/radioclanfm.com\/clanespectaculos\/un-momento-durisimo-que-dijo-pablo-echarri-sobre-la-salud-de-luciano-castro-en-medio-de-la-internacion\/","og_site_name":"CLAN ESPECTACULOS","article_publisher":"https:\/\/www.facebook.com\/clanespectaculos\/","article_published_time":"2026-02-17T00:34:28+00:00","og_image":[{"width":900,"height":504,"url":"https:\/\/radioclanfm.com\/clanespectaculos\/wp-content\/uploads\/sites\/2\/2026\/02\/l5OEG_Pr.jpg","type":"image\/jpeg"}],"author":"E-GRUPOCLAN","twitter_card":"summary_large_image","twitter_creator":"@clanespectok","twitter_site":"@clanespectok","twitter_misc":{"Escrito por":"E-GRUPOCLAN","Tiempo de lectura":"2 minutos"},"schema":{"@context":"https:\/\/schema.org","@graph":[{"@type":"Article","@id":"https:\/\/radioclanfm.com\/clanespectaculos\/un-momento-durisimo-que-dijo-pablo-echarri-sobre-la-salud-de-luciano-castro-en-medio-de-la-internacion\/#article","isPartOf":{"@id":"https:\/\/radioclanfm.com\/clanespectaculos\/un-momento-durisimo-que-dijo-pablo-echarri-sobre-la-salud-de-luciano-castro-en-medio-de-la-internacion\/"},"author":{"name":"E-GRUPOCLAN","@id":"https:\/\/radioclanfm.com\/clanespectaculos\/#\/schema\/person\/9734813083303230f3ad84d99171b20c"},"headline":"&#8220;Un momento dur\u00edsimo&#8221;: qu\u00e9 dijo Pablo Echarri sobre la salud de Luciano Castro en medio de la internaci\u00f3n","datePublished":"2026-02-17T00:34:28+00:00","mainEntityOfPage":{"@id":"https:\/\/radioclanfm.com\/clanespectaculos\/un-momento-durisimo-que-dijo-pablo-echarri-sobre-la-salud-de-luciano-castro-en-medio-de-la-internacion\/"},"wordCount":507,"commentCount":0,"publisher":{"@id":"https:\/\/radioclanfm.com\/clanespectaculos\/#organization"},"image":{"@id":"https:\/\/radioclanfm.com\/clanespectaculos\/un-momento-durisimo-que-dijo-pablo-echarri-sobre-la-salud-de-luciano-castro-en-medio-de-la-internacion\/#primaryimage"},"thumbnailUrl":"https:\/\/radioclanfm.com\/clanespectaculos\/wp-content\/uploads\/sites\/2\/2026\/02\/l5OEG_Pr.jpg","articleSection":["Espectaculos"],"inLanguage":"es-AR","potentialAction":[{"@type":"CommentAction","name":"Comment","target":["https:\/\/radioclanfm.com\/clanespectaculos\/un-momento-durisimo-que-dijo-pablo-echarri-sobre-la-salud-de-luciano-castro-en-medio-de-la-internacion\/#respond"]}]},{"@type":"WebPage","@id":"https:\/\/radioclanfm.com\/clanespectaculos\/un-momento-durisimo-que-dijo-pablo-echarri-sobre-la-salud-de-luciano-castro-en-medio-de-la-internacion\/","url":"https:\/\/radioclanfm.com\/clanespectaculos\/un-momento-durisimo-que-dijo-pablo-echarri-sobre-la-salud-de-luciano-castro-en-medio-de-la-internacion\/","name":"\"Un momento dur\u00edsimo\": qu\u00e9 dijo Pablo Echarri sobre la salud de Luciano Castro en medio de la internaci\u00f3n - CLAN ESPECTACULOS","isPartOf":{"@id":"https:\/\/radioclanfm.com\/clanespectaculos\/#website"},"primaryImageOfPage":{"@id":"https:\/\/radioclanfm.com\/clanespectaculos\/un-momento-durisimo-que-dijo-pablo-echarri-sobre-la-salud-de-luciano-castro-en-medio-de-la-internacion\/#primaryimage"},"image":{"@id":"https:\/\/radioclanfm.com\/clanespectaculos\/un-momento-durisimo-que-dijo-pablo-echarri-sobre-la-salud-de-luciano-castro-en-medio-de-la-internacion\/#primaryimage"},"thumbnailUrl":"https:\/\/radioclanfm.com\/clanespectaculos\/wp-content\/uploads\/sites\/2\/2026\/02\/l5OEG_Pr.jpg","datePublished":"2026-02-17T00:34:28+00:00","breadcrumb":{"@id":"https:\/\/radioclanfm.com\/clanespectaculos\/un-momento-durisimo-que-dijo-pablo-echarri-sobre-la-salud-de-luciano-castro-en-medio-de-la-internacion\/#breadcrumb"},"inLanguage":"es-AR","potentialAction":[{"@type":"ReadAction","target":["https:\/\/radioclanfm.com\/clanespectaculos\/un-momento-durisimo-que-dijo-pablo-echarri-sobre-la-salud-de-luciano-castro-en-medio-de-la-internacion\/"]}]},{"@type":"ImageObject","inLanguage":"es-AR","@id":"https:\/\/radioclanfm.com\/clanespectaculos\/un-momento-durisimo-que-dijo-pablo-echarri-sobre-la-salud-de-luciano-castro-en-medio-de-la-internacion\/#primaryimage","url":"https:\/\/radioclanfm.com\/clanespectaculos\/wp-content\/uploads\/sites\/2\/2026\/02\/l5OEG_Pr.jpg","contentUrl":"https:\/\/radioclanfm.com\/clanespectaculos\/wp-content\/uploads\/sites\/2\/2026\/02\/l5OEG_Pr.jpg","width":900,"height":504},{"@type":"BreadcrumbList","@id":"https:\/\/radioclanfm.com\/clanespectaculos\/un-momento-durisimo-que-dijo-pablo-echarri-sobre-la-salud-de-luciano-castro-en-medio-de-la-internacion\/#breadcrumb","itemListElement":[{"@type":"ListItem","position":1,"name":"Inicio","item":"https:\/\/radioclanfm.com\/clanespectaculos\/"},{"@type":"ListItem","position":2,"name":"&#8220;Un momento dur\u00edsimo&#8221;: qu\u00e9 dijo Pablo Echarri sobre la salud de Luciano Castro en medio de la internaci\u00f3n"}]},{"@type":"WebSite","@id":"https:\/\/radioclanfm.com\/clanespectaculos\/#website","url":"https:\/\/radioclanfm.com\/clanespectaculos\/","name":"CLAN ESPECTACULOS","description":"","publisher":{"@id":"https:\/\/radioclanfm.com\/clanespectaculos\/#organization"},"potentialAction":[{"@type":"SearchAction","target":{"@type":"EntryPoint","urlTemplate":"https:\/\/radioclanfm.com\/clanespectaculos\/?s={search_term_string}"},"query-input":{"@type":"PropertyValueSpecification","valueRequired":true,"valueName":"search_term_string"}}],"inLanguage":"es-AR"},{"@type":"Organization","@id":"https:\/\/radioclanfm.com\/clanespectaculos\/#organization","name":"CLAN ESPECTACULOS","url":"https:\/\/radioclanfm.com\/clanespectaculos\/","logo":{"@type":"ImageObject","inLanguage":"es-AR","@id":"https:\/\/radioclanfm.com\/clanespectaculos\/#\/schema\/logo\/image\/","url":"https:\/\/radioclanfm.com\/clanespectaculos\/wp-content\/uploads\/sites\/2\/2026\/04\/ChatGPT-Image-23-mar-2026-10_09_00.png","contentUrl":"https:\/\/radioclanfm.com\/clanespectaculos\/wp-content\/uploads\/sites\/2\/2026\/04\/ChatGPT-Image-23-mar-2026-10_09_00.png","width":1024,"height":1024,"caption":"CLAN ESPECTACULOS"},"image":{"@id":"https:\/\/radioclanfm.com\/clanespectaculos\/#\/schema\/logo\/image\/"},"sameAs":["https:\/\/www.facebook.com\/clanespectaculos\/","https:\/\/x.com\/clanespectok"]},{"@type":"Person","@id":"https:\/\/radioclanfm.com\/clanespectaculos\/#\/schema\/person\/9734813083303230f3ad84d99171b20c","name":"E-GRUPOCLAN","image":{"@type":"ImageObject","inLanguage":"es-AR","@id":"https:\/\/secure.gravatar.com\/avatar\/af6e19837c3d6a212034a48c7b3818d2ac1826f6025df0155da5a186ad321d79?s=96&d=mm&r=g","url":"https:\/\/secure.gravatar.com\/avatar\/af6e19837c3d6a212034a48c7b3818d2ac1826f6025df0155da5a186ad321d79?s=96&d=mm&r=g","contentUrl":"https:\/\/secure.gravatar.com\/avatar\/af6e19837c3d6a212034a48c7b3818d2ac1826f6025df0155da5a186ad321d79?s=96&d=mm&r=g","caption":"E-GRUPOCLAN"},"sameAs":["https:\/\/radioclanfm.com"],"url":"https:\/\/radioclanfm.com\/clanespectaculos\/author\/admin\/"}]}},"_links":{"self":[{"href":"https:\/\/radioclanfm.com\/clanespectaculos\/wp-json\/wp\/v2\/posts\/12368","targetHints":{"allow":["GET"]}}],"collection":[{"href":"https:\/\/radioclanfm.com\/clanespectaculos\/wp-json\/wp\/v2\/posts"}],"about":[{"href":"https:\/\/radioclanfm.com\/clanespectaculos\/wp-json\/wp\/v2\/types\/post"}],"author":[{"embeddable":true,"href":"https:\/\/radioclanfm.com\/clanespectaculos\/wp-json\/wp\/v2\/users\/1"}],"replies":[{"embeddable":true,"href":"https:\/\/radioclanfm.com\/clanespectaculos\/wp-json\/wp\/v2\/comments?post=12368"}],"version-history":[{"count":1,"href":"https:\/\/radioclanfm.com\/clanespectaculos\/wp-json\/wp\/v2\/posts\/12368\/revisions"}],"predecessor-version":[{"id":12372,"href":"https:\/\/radioclanfm.com\/clanespectaculos\/wp-json\/wp\/v2\/posts\/12368\/revisions\/12372"}],"wp:featuredmedia":[{"embeddable":true,"href":"https:\/\/radioclanfm.com\/clanespectaculos\/wp-json\/wp\/v2\/media\/12371"}],"wp:attachment":[{"href":"https:\/\/radioclanfm.com\/clanespectaculos\/wp-json\/wp\/v2\/media?parent=12368"}],"wp:term":[{"taxonomy":"category","embeddable":true,"href":"https:\/\/radioclanfm.com\/clanespectaculos\/wp-json\/wp\/v2\/categories?post=12368"},{"taxonomy":"post_tag","embeddable":true,"href":"https:\/\/radioclanfm.com\/clanespectaculos\/wp-json\/wp\/v2\/tags?post=12368"}],"curies":[{"name":"wp","href":"https:\/\/api.w.org\/{rel}","templated":true}]}}