{"id":12353,"date":"2026-02-16T21:29:14","date_gmt":"2026-02-17T00:29:14","guid":{"rendered":"https:\/\/radioclanfm.com\/clanespectaculos\/?p=12353"},"modified":"2026-02-16T21:29:14","modified_gmt":"2026-02-17T00:29:14","slug":"sucia-la-furia-de-sofia-clerici-contra-una-periodista-que-critico-su-apariencia","status":"publish","type":"post","link":"https:\/\/radioclanfm.com\/clanespectaculos\/sucia-la-furia-de-sofia-clerici-contra-una-periodista-que-critico-su-apariencia\/","title":{"rendered":"&#8220;\u00a1Sucia!&#8221;: la furia de Sof\u00eda Clerici contra una periodista que critic\u00f3 su apariencia"},"content":{"rendered":"<p>La modelo fue letal contra una panelista de \u201cPuro Show\u201d que hizo un comentario sobre un video en el que aparece \u201cal natural\u201d.<\/p>\n<div class=\"col-content\"><main class=\"col-content\"><\/p>\n<div class=\"default-article-color article__body article__article\">\n<p class=\"paragraph font__body-regular\">Un simple comentario termin\u00f3 en una guerra medi\u00e1tica que explot\u00f3 en las redes y en la pantalla.\u00a0<b>Marcia Frisciotti<\/b>, m\u00e1s conocida como\u00a0<b>\u201cPochi\u201d\u00a0<\/b>del portal Gossipeame y panelista de\u00a0<i>Puro Show (eltrece)<\/i>, relat\u00f3 en vivo c\u00f3mo se desat\u00f3 el feroz cruce con\u00a0<b>Sof\u00eda Clerici<\/b>, conocida por su v\u00ednculo con\u00a0<b>Mart\u00edn Insaurralde<\/b>.<\/p>\n<div class=\"AV6543bedcd858799fe90b5c47\">\n<div id=\"aniBox\">\n<div id=\"aniplayer_AV6543bedcd858799fe90b5c47-1771288117589\">\n<div id=\"aniplayer_AV6543bedcd858799fe90b5c47-1771288117589gui\">\n<div id=\"av-caption\">\n<div id=\"av-close-btn-overlay\" class=\"av-pos-top-left\"><\/div>\n<\/div>\n<\/div>\n<div id=\"anibid\"><\/div>\n<\/div>\n<\/div>\n<\/div>\n<p class=\"paragraph font__body-regular\">Todo arranc\u00f3 cuando la periodista recibi\u00f3 un video de Clerici en el recital de\u00a0<b>Bad Bunny<\/b>. \u201cLa verdad que estaba un poquito irreconocible a lo que se la ve en las redes sociales\u201d, cont\u00f3 la panelista sobre el comentario que public\u00f3 en su cuenta\u00a0<b>Gossipeame<\/b>. Ese posteo fue el disparador del esc\u00e1ndalo.<\/p>\n<p class=\"paragraph font__body-regular\">Aunque Clerici la ten\u00eda bloqueada, alguien le hizo llegar el comentario. \u201cSe ve que alguien le mand\u00f3 ese video m\u00edo. Y ella escribi\u00f3 \u2018la envidia le brota por los poros\u2019\u201d, relat\u00f3 Pochi.<\/p>\n<figure class=\"\" data-testid=\"figure-testid\">\n<div class=\"aspect_ratio__container\"><picture class=\"responsive-image\"><source srcset=\"https:\/\/tn.com.ar\/resizer\/v2\/pochi-y-sofia-clerici-protagonizaron-un-fuerte-cruce-en-las-redes-sociales-foto-captura-eltrece-4YVP666TKVAUBAFSZSJZV6KWD4.jpeg?auth=b4c582f485dacd080e91ab856c2496389c2a52cb0bb53851e9ee277f4ec6167a&amp;width=767\" type=\"image\/jpg\" media=\"(max-width: 728px)\" \/><source srcset=\"https:\/\/tn.com.ar\/resizer\/v2\/pochi-y-sofia-clerici-protagonizaron-un-fuerte-cruce-en-las-redes-sociales-foto-captura-eltrece-4YVP666TKVAUBAFSZSJZV6KWD4.jpeg?auth=b4c582f485dacd080e91ab856c2496389c2a52cb0bb53851e9ee277f4ec6167a&amp;width=1023\" type=\"image\/jpg\" media=\"(max-width: 1023px)\" \/><source srcset=\"https:\/\/tn.com.ar\/resizer\/v2\/pochi-y-sofia-clerici-protagonizaron-un-fuerte-cruce-en-las-redes-sociales-foto-captura-eltrece-4YVP666TKVAUBAFSZSJZV6KWD4.jpeg?auth=b4c582f485dacd080e91ab856c2496389c2a52cb0bb53851e9ee277f4ec6167a&amp;width=1440\" type=\"image\/jpg\" \/><img loading=\"lazy\" decoding=\"async\" class=\"image content-image image_placeholder\" src=\"https:\/\/tn.com.ar\/resizer\/v2\/pochi-y-sofia-clerici-protagonizaron-un-fuerte-cruce-en-las-redes-sociales-foto-captura-eltrece-4YVP666TKVAUBAFSZSJZV6KWD4.jpeg?auth=b4c582f485dacd080e91ab856c2496389c2a52cb0bb53851e9ee277f4ec6167a&amp;width=767\" alt=\"Pochi y Sofia Clerici protagonizaron un fuerte cruce en las redes sociales. (Foto: Captura eltrece)\" width=\"767\" height=\"417\" data-testid=\"loading-testid\" \/><\/picture><\/div><figcaption class=\"caption_image\" data-testid=\"figcaption-testid\">\n<div class=\"image_caption \">Pochi y Sofia Clerici protagonizaron un fuerte cruce en las redes sociales. (Foto: Captura eltrece)<\/div>\n<\/figcaption><\/figure>\n<h2 class=\"font--primary font__display\">El mensaje explosivo de Sof\u00eda Clerici<\/h2>\n<p class=\"paragraph font__body-regular\">La medi\u00e1tica no se qued\u00f3 callada y<b>\u00a0le dedic\u00f3 un descargo directo a la panelista.<\/b>\u00a0\u201cDice Pochi, gronchi, ni s\u00e9 c\u00f3mo te llam\u00e1s o te dicen. Con esta cara, critic\u00e1s a la China Z\u201d, ley\u00f3 Pochi al aire, y no dud\u00f3 en remarcar los errores de ortograf\u00eda del mensaje. \u201cLa China Su\u00e1rez va con S. A esta le tir\u00e1s un libro en la casa, cae al piso directamente\u201d, dispar\u00f3.<\/p>\n<p class=\"paragraph font__body-regular\">Pero Clerici fue por m\u00e1s: \u201cPorfa, m\u00ednimo<b>\u00a0antes de criticar a otra mujer, si lo vas a hacer, mirate primero al espejo vos.\u00a0<\/b>As\u00ed que cerr\u00e1 la boquita\u201d, continu\u00f3 la panelista leyendo el mensaje.<\/p>\n<figure class=\"\" data-testid=\"figure-testid\">\n<div class=\"aspect_ratio__container\"><picture class=\"responsive-image\"><source srcset=\"https:\/\/tn.com.ar\/resizer\/v2\/el-descargo-de-sofia-clerici-contra-pochi-en-sus-redes-sociales-foto-captura-eltrece-XUPWU6Z24ZFPLML6NBILLJ3AVY.jpeg?auth=f7180face7390d3007b7c2b764780b163c272cb810f11b7693a4aa0835227efa&amp;width=767\" type=\"image\/jpg\" media=\"(max-width: 728px)\" \/><source srcset=\"https:\/\/tn.com.ar\/resizer\/v2\/el-descargo-de-sofia-clerici-contra-pochi-en-sus-redes-sociales-foto-captura-eltrece-XUPWU6Z24ZFPLML6NBILLJ3AVY.jpeg?auth=f7180face7390d3007b7c2b764780b163c272cb810f11b7693a4aa0835227efa&amp;width=1023\" type=\"image\/jpg\" media=\"(max-width: 1023px)\" \/><source srcset=\"https:\/\/tn.com.ar\/resizer\/v2\/el-descargo-de-sofia-clerici-contra-pochi-en-sus-redes-sociales-foto-captura-eltrece-XUPWU6Z24ZFPLML6NBILLJ3AVY.jpeg?auth=f7180face7390d3007b7c2b764780b163c272cb810f11b7693a4aa0835227efa&amp;width=1440\" type=\"image\/jpg\" \/><img loading=\"lazy\" decoding=\"async\" class=\"image content-image image_placeholder\" src=\"https:\/\/tn.com.ar\/resizer\/v2\/el-descargo-de-sofia-clerici-contra-pochi-en-sus-redes-sociales-foto-captura-eltrece-XUPWU6Z24ZFPLML6NBILLJ3AVY.jpeg?auth=f7180face7390d3007b7c2b764780b163c272cb810f11b7693a4aa0835227efa&amp;width=767\" alt=\"El descargo de Sofia Clerici contra Pochi en sus redes sociales. (Foto: Captura eltrece)\" width=\"767\" height=\"424\" data-testid=\"loading-testid\" \/><\/picture><\/div><figcaption class=\"caption_image\" data-testid=\"figcaption-testid\">\n<div class=\"image_caption \">El descargo de Sofia Clerici contra Pochi en sus redes sociales. (Foto: Captura eltrece)<\/div>\n<\/figcaption><\/figure>\n<p class=\"paragraph font__body-regular\">En otro fragmento, Clerici redobl\u00f3 la apuesta: \u201cPochi, Gronchi, o como te digan,\u00a0<b>ni me conoc\u00e9s ni tampoco yo te conozco ni s\u00e9 qui\u00e9n sos<\/b>, pero te contesto porque agredir a otra mujer por nada, porque se te canta, eso habla muy mal de vos, de lo triste que es tu vida. As\u00ed que\u00a0<b>no tengo problema de ubicarte.<\/b>\u00a0Hac\u00e9 una encuesta. Por suerte, todas las mujeres de este pa\u00eds que me siguen y que me cruzan la vida, me quieren porque saben distinguir una buena mina.<b>\u00a0And\u00e1 a lavarte la boca, sucia, antes de hablar de m\u00ed\u201d<\/b>.<\/p>\n<p class=\"paragraph font__body-regular\">Y cerr\u00f3 con una frase que encendi\u00f3 a\u00fan m\u00e1s la pol\u00e9mica:<b>\u00a0\u201cYa quisieras tener mi cara, nac\u00ed hermosa<\/b>, obvio que con retoques ya soy perfecta; eso te pesa a las caras de nada como sos vos\u201d.<\/p>\n<h2 class=\"font--primary font__display\">La respuesta sin filtro de Pochi en \u201cPuro Show\u201d<\/h2>\n<p class=\"paragraph font__body-regular\">Sin quedarse de brazos cruzados, Pochi respondi\u00f3 en vivo y tambi\u00e9n en sus redes. Public\u00f3 una foto al natural y ley\u00f3 su descargo: \u201cClerici,\u00a0<b>prefiero tener esa carita natural que tenerla retocadita con plata sucia del poder.<\/b>\u00a0Tener el alma livianita, lejos de oscuridades y cositas adictivas. Laburar dignamente y no ser c\u00f3mplice de gente chorra y caca, como lo fuiste vos o sos. Y podr\u00eda seguir, pero no bajo tan al subsuelo\u201d.<\/p>\n<figure class=\"\" data-testid=\"figure-testid\">\n<div class=\"aspect_ratio__container\"><picture class=\"responsive-image\"><source srcset=\"https:\/\/tn.com.ar\/resizer\/v2\/el-posteo-de-pochi-tras-el-descargo-de-sofia-clerici-foto-instagramgossipeame-27ZLWXJIGFHCFBXJLXK6DBHJ3Y.jpeg?auth=681e0571dd405cd9d354118b3996fb54abc3a97ef5a02f0db2550699ada6c417&amp;width=767\" type=\"image\/jpg\" media=\"(max-width: 728px)\" \/><source srcset=\"https:\/\/tn.com.ar\/resizer\/v2\/el-posteo-de-pochi-tras-el-descargo-de-sofia-clerici-foto-instagramgossipeame-27ZLWXJIGFHCFBXJLXK6DBHJ3Y.jpeg?auth=681e0571dd405cd9d354118b3996fb54abc3a97ef5a02f0db2550699ada6c417&amp;width=1023\" type=\"image\/jpg\" media=\"(max-width: 1023px)\" \/><source srcset=\"https:\/\/tn.com.ar\/resizer\/v2\/el-posteo-de-pochi-tras-el-descargo-de-sofia-clerici-foto-instagramgossipeame-27ZLWXJIGFHCFBXJLXK6DBHJ3Y.jpeg?auth=681e0571dd405cd9d354118b3996fb54abc3a97ef5a02f0db2550699ada6c417&amp;width=1440\" type=\"image\/jpg\" \/><img loading=\"lazy\" decoding=\"async\" class=\"image content-image image_placeholder\" src=\"https:\/\/tn.com.ar\/resizer\/v2\/el-posteo-de-pochi-tras-el-descargo-de-sofia-clerici-foto-instagramgossipeame-27ZLWXJIGFHCFBXJLXK6DBHJ3Y.jpeg?auth=681e0571dd405cd9d354118b3996fb54abc3a97ef5a02f0db2550699ada6c417&amp;width=767\" alt=\"El posteo de Pochi tras el descargo de Sof\u00eda Clerici. (Foto: Instagram\/gossipeame)\" width=\"767\" height=\"1356\" data-testid=\"loading-testid\" \/><\/picture><\/div><figcaption class=\"caption_image\" data-testid=\"figcaption-testid\">\n<div class=\"image_caption \">El posteo de Pochi tras el descargo de Sof\u00eda Clerici. (Foto: Instagram\/gossipeame)<\/div>\n<\/figcaption><\/figure>\n<p class=\"paragraph font__body-regular\">\u201cNo puedo ocuparme de vos, menos cuando tu fundamento es que soy gronchi.\u00a0<b>Ni una nena busca ofender con ese recurso tan berreta<\/b>\u201d, sum\u00f3 en otra historia.<\/p>\n<p class=\"paragraph font__body-regular\">Para cerrar, la panelista fue contundente: \u201cYo banco a todas las mujeres, ahora, las que<b>\u00a0salen con corruptos y tienen plata sucia<\/b>, no solo que no las banco, no las respeto\u201d.<\/p>\n<figure class=\"\" data-testid=\"figure-testid\">\n<div class=\"aspect_ratio__container\"><picture class=\"responsive-image\"><source srcset=\"https:\/\/tn.com.ar\/resizer\/v2\/pochi-contra-sofia-clerici-foto-instagramgossipeame-PEP2RNVONRAWZAUMP4WWCRVGCM.jpeg?auth=fa2e166e667b83d4d83567f805161adf2670917f2dcd59aea07a14d8207ad179&amp;width=767\" type=\"image\/jpg\" media=\"(max-width: 728px)\" \/><source srcset=\"https:\/\/tn.com.ar\/resizer\/v2\/pochi-contra-sofia-clerici-foto-instagramgossipeame-PEP2RNVONRAWZAUMP4WWCRVGCM.jpeg?auth=fa2e166e667b83d4d83567f805161adf2670917f2dcd59aea07a14d8207ad179&amp;width=1023\" type=\"image\/jpg\" media=\"(max-width: 1023px)\" \/><source srcset=\"https:\/\/tn.com.ar\/resizer\/v2\/pochi-contra-sofia-clerici-foto-instagramgossipeame-PEP2RNVONRAWZAUMP4WWCRVGCM.jpeg?auth=fa2e166e667b83d4d83567f805161adf2670917f2dcd59aea07a14d8207ad179&amp;width=1440\" type=\"image\/jpg\" \/><img loading=\"lazy\" decoding=\"async\" class=\"image content-image image_placeholder\" src=\"https:\/\/tn.com.ar\/resizer\/v2\/pochi-contra-sofia-clerici-foto-instagramgossipeame-PEP2RNVONRAWZAUMP4WWCRVGCM.jpeg?auth=fa2e166e667b83d4d83567f805161adf2670917f2dcd59aea07a14d8207ad179&amp;width=767\" alt=\"Pochi contra Sof\u00eda Clerici. (Foto: Instagram\/gossipeame)\" width=\"767\" height=\"1214\" data-testid=\"loading-testid\" \/><\/picture><\/div><figcaption class=\"caption_image\" data-testid=\"figcaption-testid\">\n<div class=\"image_caption \">Pochi contra Sof\u00eda Clerici. (Foto: Instagram\/gossipeame)<\/div>\n<\/figcaption><\/figure>\n<\/div>\n<p><\/main><\/div>\n<aside class=\"col-right-rail right-rail\">\n<div id=\"parent-ad-slot-caja\" class=\"ad-container caja_ad \">\n<div class=\"ad-content\"><\/div>\n<\/div>\n<\/aside>\n<p>&nbsp;<\/p>\n","protected":false},"excerpt":{"rendered":"<p>La modelo fue letal contra una panelista de \u201cPuro Show\u201d que hizo un comentario sobre un video en el que aparece \u201cal natural\u201d. Un simple comentario termin\u00f3 en una guerra medi\u00e1tica que explot\u00f3 en las redes y en la pantalla.\u00a0Marcia Frisciotti, m\u00e1s conocida como\u00a0\u201cPochi\u201d\u00a0del portal Gossipeame y panelista de\u00a0Puro Show (eltrece), relat\u00f3 en vivo c\u00f3mo [&hellip;]<\/p>\n","protected":false},"author":1,"featured_media":12356,"comment_status":"open","ping_status":"open","sticky":false,"template":"","format":"standard","meta":{"rop_custom_images_group":[],"rop_custom_messages_group":[],"rop_publish_now":"initial","rop_publish_now_accounts":[],"rop_publish_now_history":[],"rop_publish_now_status":"pending","footnotes":"","jetpack_publicize_message":"","jetpack_publicize_feature_enabled":true,"jetpack_social_post_already_shared":true,"jetpack_social_options":{"image_generator_settings":{"template":"highway","enabled":false},"version":2}},"categories":[12],"tags":[],"class_list":{"0":"post-12353","1":"post","2":"type-post","3":"status-publish","4":"format-standard","5":"has-post-thumbnail","7":"category-espectaculos"},"jetpack_publicize_connections":[],"yoast_head":"<!-- This site is optimized with the Yoast SEO plugin v27.3 - https:\/\/yoast.com\/product\/yoast-seo-wordpress\/ -->\n<title>&quot;\u00a1Sucia!&quot;: la furia de Sof\u00eda Clerici contra una periodista que critic\u00f3 su apariencia - CLAN ESPECTACULOS<\/title>\n<meta name=\"robots\" content=\"index, follow, max-snippet:-1, max-image-preview:large, max-video-preview:-1\" \/>\n<link rel=\"canonical\" href=\"https:\/\/radioclanfm.com\/clanespectaculos\/sucia-la-furia-de-sofia-clerici-contra-una-periodista-que-critico-su-apariencia\/\" \/>\n<meta property=\"og:locale\" content=\"es_ES\" \/>\n<meta property=\"og:type\" content=\"article\" \/>\n<meta property=\"og:title\" content=\"&quot;\u00a1Sucia!&quot;: la furia de Sof\u00eda Clerici contra una periodista que critic\u00f3 su apariencia - CLAN ESPECTACULOS\" \/>\n<meta property=\"og:description\" content=\"La modelo fue letal contra una panelista de \u201cPuro Show\u201d que hizo un comentario sobre un video en el que aparece \u201cal natural\u201d. Un simple comentario termin\u00f3 en una guerra medi\u00e1tica que explot\u00f3 en las redes y en la pantalla.\u00a0Marcia Frisciotti, m\u00e1s conocida como\u00a0\u201cPochi\u201d\u00a0del portal Gossipeame y panelista de\u00a0Puro Show (eltrece), relat\u00f3 en vivo c\u00f3mo [&hellip;]\" \/>\n<meta property=\"og:url\" content=\"https:\/\/radioclanfm.com\/clanespectaculos\/sucia-la-furia-de-sofia-clerici-contra-una-periodista-que-critico-su-apariencia\/\" \/>\n<meta property=\"og:site_name\" content=\"CLAN ESPECTACULOS\" \/>\n<meta property=\"article:publisher\" content=\"https:\/\/www.facebook.com\/clanespectaculos\/\" \/>\n<meta property=\"article:published_time\" content=\"2026-02-17T00:29:14+00:00\" \/>\n<meta property=\"og:image\" content=\"https:\/\/radioclanfm.com\/clanespectaculos\/wp-content\/uploads\/sites\/2\/2026\/02\/OE5K7Gh2.jpg\" \/>\n\t<meta property=\"og:image:width\" content=\"900\" \/>\n\t<meta property=\"og:image:height\" content=\"505\" \/>\n\t<meta property=\"og:image:type\" content=\"image\/jpeg\" \/>\n<meta name=\"author\" content=\"E-GRUPOCLAN\" \/>\n<meta name=\"twitter:card\" content=\"summary_large_image\" \/>\n<meta name=\"twitter:creator\" content=\"@clanespectok\" \/>\n<meta name=\"twitter:site\" content=\"@clanespectok\" \/>\n<meta name=\"twitter:label1\" content=\"Escrito por\" \/>\n\t<meta name=\"twitter:data1\" content=\"E-GRUPOCLAN\" \/>\n\t<meta name=\"twitter:label2\" content=\"Tiempo de lectura\" \/>\n\t<meta name=\"twitter:data2\" content=\"3 minutos\" \/>\n<script type=\"application\/ld+json\" class=\"yoast-schema-graph\">{\"@context\":\"https:\\\/\\\/schema.org\",\"@graph\":[{\"@type\":\"Article\",\"@id\":\"https:\\\/\\\/radioclanfm.com\\\/clanespectaculos\\\/sucia-la-furia-de-sofia-clerici-contra-una-periodista-que-critico-su-apariencia\\\/#article\",\"isPartOf\":{\"@id\":\"https:\\\/\\\/radioclanfm.com\\\/clanespectaculos\\\/sucia-la-furia-de-sofia-clerici-contra-una-periodista-que-critico-su-apariencia\\\/\"},\"author\":{\"name\":\"E-GRUPOCLAN\",\"@id\":\"https:\\\/\\\/radioclanfm.com\\\/clanespectaculos\\\/#\\\/schema\\\/person\\\/9734813083303230f3ad84d99171b20c\"},\"headline\":\"&#8220;\u00a1Sucia!&#8221;: la furia de Sof\u00eda Clerici contra una periodista que critic\u00f3 su apariencia\",\"datePublished\":\"2026-02-17T00:29:14+00:00\",\"mainEntityOfPage\":{\"@id\":\"https:\\\/\\\/radioclanfm.com\\\/clanespectaculos\\\/sucia-la-furia-de-sofia-clerici-contra-una-periodista-que-critico-su-apariencia\\\/\"},\"wordCount\":635,\"commentCount\":0,\"publisher\":{\"@id\":\"https:\\\/\\\/radioclanfm.com\\\/clanespectaculos\\\/#organization\"},\"image\":{\"@id\":\"https:\\\/\\\/radioclanfm.com\\\/clanespectaculos\\\/sucia-la-furia-de-sofia-clerici-contra-una-periodista-que-critico-su-apariencia\\\/#primaryimage\"},\"thumbnailUrl\":\"https:\\\/\\\/radioclanfm.com\\\/clanespectaculos\\\/wp-content\\\/uploads\\\/sites\\\/2\\\/2026\\\/02\\\/OE5K7Gh2.jpg\",\"articleSection\":[\"Espectaculos\"],\"inLanguage\":\"es-AR\",\"potentialAction\":[{\"@type\":\"CommentAction\",\"name\":\"Comment\",\"target\":[\"https:\\\/\\\/radioclanfm.com\\\/clanespectaculos\\\/sucia-la-furia-de-sofia-clerici-contra-una-periodista-que-critico-su-apariencia\\\/#respond\"]}]},{\"@type\":\"WebPage\",\"@id\":\"https:\\\/\\\/radioclanfm.com\\\/clanespectaculos\\\/sucia-la-furia-de-sofia-clerici-contra-una-periodista-que-critico-su-apariencia\\\/\",\"url\":\"https:\\\/\\\/radioclanfm.com\\\/clanespectaculos\\\/sucia-la-furia-de-sofia-clerici-contra-una-periodista-que-critico-su-apariencia\\\/\",\"name\":\"\\\"\u00a1Sucia!\\\": la furia de Sof\u00eda Clerici contra una periodista que critic\u00f3 su apariencia - CLAN ESPECTACULOS\",\"isPartOf\":{\"@id\":\"https:\\\/\\\/radioclanfm.com\\\/clanespectaculos\\\/#website\"},\"primaryImageOfPage\":{\"@id\":\"https:\\\/\\\/radioclanfm.com\\\/clanespectaculos\\\/sucia-la-furia-de-sofia-clerici-contra-una-periodista-que-critico-su-apariencia\\\/#primaryimage\"},\"image\":{\"@id\":\"https:\\\/\\\/radioclanfm.com\\\/clanespectaculos\\\/sucia-la-furia-de-sofia-clerici-contra-una-periodista-que-critico-su-apariencia\\\/#primaryimage\"},\"thumbnailUrl\":\"https:\\\/\\\/radioclanfm.com\\\/clanespectaculos\\\/wp-content\\\/uploads\\\/sites\\\/2\\\/2026\\\/02\\\/OE5K7Gh2.jpg\",\"datePublished\":\"2026-02-17T00:29:14+00:00\",\"breadcrumb\":{\"@id\":\"https:\\\/\\\/radioclanfm.com\\\/clanespectaculos\\\/sucia-la-furia-de-sofia-clerici-contra-una-periodista-que-critico-su-apariencia\\\/#breadcrumb\"},\"inLanguage\":\"es-AR\",\"potentialAction\":[{\"@type\":\"ReadAction\",\"target\":[\"https:\\\/\\\/radioclanfm.com\\\/clanespectaculos\\\/sucia-la-furia-de-sofia-clerici-contra-una-periodista-que-critico-su-apariencia\\\/\"]}]},{\"@type\":\"ImageObject\",\"inLanguage\":\"es-AR\",\"@id\":\"https:\\\/\\\/radioclanfm.com\\\/clanespectaculos\\\/sucia-la-furia-de-sofia-clerici-contra-una-periodista-que-critico-su-apariencia\\\/#primaryimage\",\"url\":\"https:\\\/\\\/radioclanfm.com\\\/clanespectaculos\\\/wp-content\\\/uploads\\\/sites\\\/2\\\/2026\\\/02\\\/OE5K7Gh2.jpg\",\"contentUrl\":\"https:\\\/\\\/radioclanfm.com\\\/clanespectaculos\\\/wp-content\\\/uploads\\\/sites\\\/2\\\/2026\\\/02\\\/OE5K7Gh2.jpg\",\"width\":900,\"height\":505},{\"@type\":\"BreadcrumbList\",\"@id\":\"https:\\\/\\\/radioclanfm.com\\\/clanespectaculos\\\/sucia-la-furia-de-sofia-clerici-contra-una-periodista-que-critico-su-apariencia\\\/#breadcrumb\",\"itemListElement\":[{\"@type\":\"ListItem\",\"position\":1,\"name\":\"Inicio\",\"item\":\"https:\\\/\\\/radioclanfm.com\\\/clanespectaculos\\\/\"},{\"@type\":\"ListItem\",\"position\":2,\"name\":\"&#8220;\u00a1Sucia!&#8221;: la furia de Sof\u00eda Clerici contra una periodista que critic\u00f3 su apariencia\"}]},{\"@type\":\"WebSite\",\"@id\":\"https:\\\/\\\/radioclanfm.com\\\/clanespectaculos\\\/#website\",\"url\":\"https:\\\/\\\/radioclanfm.com\\\/clanespectaculos\\\/\",\"name\":\"CLAN ESPECTACULOS\",\"description\":\"\",\"publisher\":{\"@id\":\"https:\\\/\\\/radioclanfm.com\\\/clanespectaculos\\\/#organization\"},\"potentialAction\":[{\"@type\":\"SearchAction\",\"target\":{\"@type\":\"EntryPoint\",\"urlTemplate\":\"https:\\\/\\\/radioclanfm.com\\\/clanespectaculos\\\/?s={search_term_string}\"},\"query-input\":{\"@type\":\"PropertyValueSpecification\",\"valueRequired\":true,\"valueName\":\"search_term_string\"}}],\"inLanguage\":\"es-AR\"},{\"@type\":\"Organization\",\"@id\":\"https:\\\/\\\/radioclanfm.com\\\/clanespectaculos\\\/#organization\",\"name\":\"CLAN ESPECTACULOS\",\"url\":\"https:\\\/\\\/radioclanfm.com\\\/clanespectaculos\\\/\",\"logo\":{\"@type\":\"ImageObject\",\"inLanguage\":\"es-AR\",\"@id\":\"https:\\\/\\\/radioclanfm.com\\\/clanespectaculos\\\/#\\\/schema\\\/logo\\\/image\\\/\",\"url\":\"https:\\\/\\\/radioclanfm.com\\\/clanespectaculos\\\/wp-content\\\/uploads\\\/sites\\\/2\\\/2026\\\/04\\\/ChatGPT-Image-23-mar-2026-10_09_00.png\",\"contentUrl\":\"https:\\\/\\\/radioclanfm.com\\\/clanespectaculos\\\/wp-content\\\/uploads\\\/sites\\\/2\\\/2026\\\/04\\\/ChatGPT-Image-23-mar-2026-10_09_00.png\",\"width\":1024,\"height\":1024,\"caption\":\"CLAN ESPECTACULOS\"},\"image\":{\"@id\":\"https:\\\/\\\/radioclanfm.com\\\/clanespectaculos\\\/#\\\/schema\\\/logo\\\/image\\\/\"},\"sameAs\":[\"https:\\\/\\\/www.facebook.com\\\/clanespectaculos\\\/\",\"https:\\\/\\\/x.com\\\/clanespectok\"]},{\"@type\":\"Person\",\"@id\":\"https:\\\/\\\/radioclanfm.com\\\/clanespectaculos\\\/#\\\/schema\\\/person\\\/9734813083303230f3ad84d99171b20c\",\"name\":\"E-GRUPOCLAN\",\"image\":{\"@type\":\"ImageObject\",\"inLanguage\":\"es-AR\",\"@id\":\"https:\\\/\\\/secure.gravatar.com\\\/avatar\\\/af6e19837c3d6a212034a48c7b3818d2ac1826f6025df0155da5a186ad321d79?s=96&d=mm&r=g\",\"url\":\"https:\\\/\\\/secure.gravatar.com\\\/avatar\\\/af6e19837c3d6a212034a48c7b3818d2ac1826f6025df0155da5a186ad321d79?s=96&d=mm&r=g\",\"contentUrl\":\"https:\\\/\\\/secure.gravatar.com\\\/avatar\\\/af6e19837c3d6a212034a48c7b3818d2ac1826f6025df0155da5a186ad321d79?s=96&d=mm&r=g\",\"caption\":\"E-GRUPOCLAN\"},\"sameAs\":[\"https:\\\/\\\/radioclanfm.com\"],\"url\":\"https:\\\/\\\/radioclanfm.com\\\/clanespectaculos\\\/author\\\/admin\\\/\"}]}<\/script>\n<!-- \/ Yoast SEO plugin. -->","yoast_head_json":{"title":"\"\u00a1Sucia!\": la furia de Sof\u00eda Clerici contra una periodista que critic\u00f3 su apariencia - CLAN ESPECTACULOS","robots":{"index":"index","follow":"follow","max-snippet":"max-snippet:-1","max-image-preview":"max-image-preview:large","max-video-preview":"max-video-preview:-1"},"canonical":"https:\/\/radioclanfm.com\/clanespectaculos\/sucia-la-furia-de-sofia-clerici-contra-una-periodista-que-critico-su-apariencia\/","og_locale":"es_ES","og_type":"article","og_title":"\"\u00a1Sucia!\": la furia de Sof\u00eda Clerici contra una periodista que critic\u00f3 su apariencia - CLAN ESPECTACULOS","og_description":"La modelo fue letal contra una panelista de \u201cPuro Show\u201d que hizo un comentario sobre un video en el que aparece \u201cal natural\u201d. Un simple comentario termin\u00f3 en una guerra medi\u00e1tica que explot\u00f3 en las redes y en la pantalla.\u00a0Marcia Frisciotti, m\u00e1s conocida como\u00a0\u201cPochi\u201d\u00a0del portal Gossipeame y panelista de\u00a0Puro Show (eltrece), relat\u00f3 en vivo c\u00f3mo [&hellip;]","og_url":"https:\/\/radioclanfm.com\/clanespectaculos\/sucia-la-furia-de-sofia-clerici-contra-una-periodista-que-critico-su-apariencia\/","og_site_name":"CLAN ESPECTACULOS","article_publisher":"https:\/\/www.facebook.com\/clanespectaculos\/","article_published_time":"2026-02-17T00:29:14+00:00","og_image":[{"width":900,"height":505,"url":"https:\/\/radioclanfm.com\/clanespectaculos\/wp-content\/uploads\/sites\/2\/2026\/02\/OE5K7Gh2.jpg","type":"image\/jpeg"}],"author":"E-GRUPOCLAN","twitter_card":"summary_large_image","twitter_creator":"@clanespectok","twitter_site":"@clanespectok","twitter_misc":{"Escrito por":"E-GRUPOCLAN","Tiempo de lectura":"3 minutos"},"schema":{"@context":"https:\/\/schema.org","@graph":[{"@type":"Article","@id":"https:\/\/radioclanfm.com\/clanespectaculos\/sucia-la-furia-de-sofia-clerici-contra-una-periodista-que-critico-su-apariencia\/#article","isPartOf":{"@id":"https:\/\/radioclanfm.com\/clanespectaculos\/sucia-la-furia-de-sofia-clerici-contra-una-periodista-que-critico-su-apariencia\/"},"author":{"name":"E-GRUPOCLAN","@id":"https:\/\/radioclanfm.com\/clanespectaculos\/#\/schema\/person\/9734813083303230f3ad84d99171b20c"},"headline":"&#8220;\u00a1Sucia!&#8221;: la furia de Sof\u00eda Clerici contra una periodista que critic\u00f3 su apariencia","datePublished":"2026-02-17T00:29:14+00:00","mainEntityOfPage":{"@id":"https:\/\/radioclanfm.com\/clanespectaculos\/sucia-la-furia-de-sofia-clerici-contra-una-periodista-que-critico-su-apariencia\/"},"wordCount":635,"commentCount":0,"publisher":{"@id":"https:\/\/radioclanfm.com\/clanespectaculos\/#organization"},"image":{"@id":"https:\/\/radioclanfm.com\/clanespectaculos\/sucia-la-furia-de-sofia-clerici-contra-una-periodista-que-critico-su-apariencia\/#primaryimage"},"thumbnailUrl":"https:\/\/radioclanfm.com\/clanespectaculos\/wp-content\/uploads\/sites\/2\/2026\/02\/OE5K7Gh2.jpg","articleSection":["Espectaculos"],"inLanguage":"es-AR","potentialAction":[{"@type":"CommentAction","name":"Comment","target":["https:\/\/radioclanfm.com\/clanespectaculos\/sucia-la-furia-de-sofia-clerici-contra-una-periodista-que-critico-su-apariencia\/#respond"]}]},{"@type":"WebPage","@id":"https:\/\/radioclanfm.com\/clanespectaculos\/sucia-la-furia-de-sofia-clerici-contra-una-periodista-que-critico-su-apariencia\/","url":"https:\/\/radioclanfm.com\/clanespectaculos\/sucia-la-furia-de-sofia-clerici-contra-una-periodista-que-critico-su-apariencia\/","name":"\"\u00a1Sucia!\": la furia de Sof\u00eda Clerici contra una periodista que critic\u00f3 su apariencia - CLAN ESPECTACULOS","isPartOf":{"@id":"https:\/\/radioclanfm.com\/clanespectaculos\/#website"},"primaryImageOfPage":{"@id":"https:\/\/radioclanfm.com\/clanespectaculos\/sucia-la-furia-de-sofia-clerici-contra-una-periodista-que-critico-su-apariencia\/#primaryimage"},"image":{"@id":"https:\/\/radioclanfm.com\/clanespectaculos\/sucia-la-furia-de-sofia-clerici-contra-una-periodista-que-critico-su-apariencia\/#primaryimage"},"thumbnailUrl":"https:\/\/radioclanfm.com\/clanespectaculos\/wp-content\/uploads\/sites\/2\/2026\/02\/OE5K7Gh2.jpg","datePublished":"2026-02-17T00:29:14+00:00","breadcrumb":{"@id":"https:\/\/radioclanfm.com\/clanespectaculos\/sucia-la-furia-de-sofia-clerici-contra-una-periodista-que-critico-su-apariencia\/#breadcrumb"},"inLanguage":"es-AR","potentialAction":[{"@type":"ReadAction","target":["https:\/\/radioclanfm.com\/clanespectaculos\/sucia-la-furia-de-sofia-clerici-contra-una-periodista-que-critico-su-apariencia\/"]}]},{"@type":"ImageObject","inLanguage":"es-AR","@id":"https:\/\/radioclanfm.com\/clanespectaculos\/sucia-la-furia-de-sofia-clerici-contra-una-periodista-que-critico-su-apariencia\/#primaryimage","url":"https:\/\/radioclanfm.com\/clanespectaculos\/wp-content\/uploads\/sites\/2\/2026\/02\/OE5K7Gh2.jpg","contentUrl":"https:\/\/radioclanfm.com\/clanespectaculos\/wp-content\/uploads\/sites\/2\/2026\/02\/OE5K7Gh2.jpg","width":900,"height":505},{"@type":"BreadcrumbList","@id":"https:\/\/radioclanfm.com\/clanespectaculos\/sucia-la-furia-de-sofia-clerici-contra-una-periodista-que-critico-su-apariencia\/#breadcrumb","itemListElement":[{"@type":"ListItem","position":1,"name":"Inicio","item":"https:\/\/radioclanfm.com\/clanespectaculos\/"},{"@type":"ListItem","position":2,"name":"&#8220;\u00a1Sucia!&#8221;: la furia de Sof\u00eda Clerici contra una periodista que critic\u00f3 su apariencia"}]},{"@type":"WebSite","@id":"https:\/\/radioclanfm.com\/clanespectaculos\/#website","url":"https:\/\/radioclanfm.com\/clanespectaculos\/","name":"CLAN ESPECTACULOS","description":"","publisher":{"@id":"https:\/\/radioclanfm.com\/clanespectaculos\/#organization"},"potentialAction":[{"@type":"SearchAction","target":{"@type":"EntryPoint","urlTemplate":"https:\/\/radioclanfm.com\/clanespectaculos\/?s={search_term_string}"},"query-input":{"@type":"PropertyValueSpecification","valueRequired":true,"valueName":"search_term_string"}}],"inLanguage":"es-AR"},{"@type":"Organization","@id":"https:\/\/radioclanfm.com\/clanespectaculos\/#organization","name":"CLAN ESPECTACULOS","url":"https:\/\/radioclanfm.com\/clanespectaculos\/","logo":{"@type":"ImageObject","inLanguage":"es-AR","@id":"https:\/\/radioclanfm.com\/clanespectaculos\/#\/schema\/logo\/image\/","url":"https:\/\/radioclanfm.com\/clanespectaculos\/wp-content\/uploads\/sites\/2\/2026\/04\/ChatGPT-Image-23-mar-2026-10_09_00.png","contentUrl":"https:\/\/radioclanfm.com\/clanespectaculos\/wp-content\/uploads\/sites\/2\/2026\/04\/ChatGPT-Image-23-mar-2026-10_09_00.png","width":1024,"height":1024,"caption":"CLAN ESPECTACULOS"},"image":{"@id":"https:\/\/radioclanfm.com\/clanespectaculos\/#\/schema\/logo\/image\/"},"sameAs":["https:\/\/www.facebook.com\/clanespectaculos\/","https:\/\/x.com\/clanespectok"]},{"@type":"Person","@id":"https:\/\/radioclanfm.com\/clanespectaculos\/#\/schema\/person\/9734813083303230f3ad84d99171b20c","name":"E-GRUPOCLAN","image":{"@type":"ImageObject","inLanguage":"es-AR","@id":"https:\/\/secure.gravatar.com\/avatar\/af6e19837c3d6a212034a48c7b3818d2ac1826f6025df0155da5a186ad321d79?s=96&d=mm&r=g","url":"https:\/\/secure.gravatar.com\/avatar\/af6e19837c3d6a212034a48c7b3818d2ac1826f6025df0155da5a186ad321d79?s=96&d=mm&r=g","contentUrl":"https:\/\/secure.gravatar.com\/avatar\/af6e19837c3d6a212034a48c7b3818d2ac1826f6025df0155da5a186ad321d79?s=96&d=mm&r=g","caption":"E-GRUPOCLAN"},"sameAs":["https:\/\/radioclanfm.com"],"url":"https:\/\/radioclanfm.com\/clanespectaculos\/author\/admin\/"}]}},"_links":{"self":[{"href":"https:\/\/radioclanfm.com\/clanespectaculos\/wp-json\/wp\/v2\/posts\/12353","targetHints":{"allow":["GET"]}}],"collection":[{"href":"https:\/\/radioclanfm.com\/clanespectaculos\/wp-json\/wp\/v2\/posts"}],"about":[{"href":"https:\/\/radioclanfm.com\/clanespectaculos\/wp-json\/wp\/v2\/types\/post"}],"author":[{"embeddable":true,"href":"https:\/\/radioclanfm.com\/clanespectaculos\/wp-json\/wp\/v2\/users\/1"}],"replies":[{"embeddable":true,"href":"https:\/\/radioclanfm.com\/clanespectaculos\/wp-json\/wp\/v2\/comments?post=12353"}],"version-history":[{"count":1,"href":"https:\/\/radioclanfm.com\/clanespectaculos\/wp-json\/wp\/v2\/posts\/12353\/revisions"}],"predecessor-version":[{"id":12357,"href":"https:\/\/radioclanfm.com\/clanespectaculos\/wp-json\/wp\/v2\/posts\/12353\/revisions\/12357"}],"wp:featuredmedia":[{"embeddable":true,"href":"https:\/\/radioclanfm.com\/clanespectaculos\/wp-json\/wp\/v2\/media\/12356"}],"wp:attachment":[{"href":"https:\/\/radioclanfm.com\/clanespectaculos\/wp-json\/wp\/v2\/media?parent=12353"}],"wp:term":[{"taxonomy":"category","embeddable":true,"href":"https:\/\/radioclanfm.com\/clanespectaculos\/wp-json\/wp\/v2\/categories?post=12353"},{"taxonomy":"post_tag","embeddable":true,"href":"https:\/\/radioclanfm.com\/clanespectaculos\/wp-json\/wp\/v2\/tags?post=12353"}],"curies":[{"name":"wp","href":"https:\/\/api.w.org\/{rel}","templated":true}]}}